{"id":33316,"date":"2022-08-18T12:49:33","date_gmt":"2022-08-18T15:49:33","guid":{"rendered":"https:\/\/jornalfatosenoticias.com.br\/?p=33316"},"modified":"2022-08-18T12:49:34","modified_gmt":"2022-08-18T15:49:34","slug":"como-cresce-uma-crianca-parte-vi","status":"publish","type":"post","link":"https:\/\/jornalfatosenoticias.com.br\/index.php\/2022\/08\/18\/como-cresce-uma-crianca-parte-vi\/","title":{"rendered":"Como cresce uma Crian\u00e7a? \u2014 Parte VI"},"content":{"rendered":"\n<p><em><span class=\"has-inline-color has-black-color\">Afago \u00e9 afeto. Cuidado \u00e9 afeto. Balan\u00e7o \u00e9 afeto. Limite \u00e9 afeto. Responsabilidade \u00e9 afeto. Estimular o crescimento \u00e9 afeto. Mas, com seguran\u00e7a<\/span><\/em><\/p>\n\n\n\n<div class=\"wp-block-image\"><figure class=\"aligncenter size-large\"><img loading=\"lazy\" decoding=\"async\" width=\"1024\" height=\"100\" src=\"https:\/\/jornalfatosenoticias.com.br\/wp-content\/uploads\/2022\/05\/NOVA-LOGO-CESCONETTO-1024x100.jpg\" alt=\"\" class=\"wp-image-30792\" srcset=\"https:\/\/jornalfatosenoticias.com.br\/wp-content\/uploads\/2022\/05\/NOVA-LOGO-CESCONETTO-1024x100.jpg 1024w, https:\/\/jornalfatosenoticias.com.br\/wp-content\/uploads\/2022\/05\/NOVA-LOGO-CESCONETTO-300x29.jpg 300w, https:\/\/jornalfatosenoticias.com.br\/wp-content\/uploads\/2022\/05\/NOVA-LOGO-CESCONETTO-768x75.jpg 768w, https:\/\/jornalfatosenoticias.com.br\/wp-content\/uploads\/2022\/05\/NOVA-LOGO-CESCONETTO.jpg 1280w\" sizes=\"auto, (max-width: 1024px) 100vw, 1024px\" \/><\/figure><\/div>\n\n\n\n<p>O afeto \u00e9, pois, o combust\u00edvel essencial para impulsionar o motor da aquisi\u00e7\u00e3o das compet\u00eancias que humanizam os beb\u00eas. \u00c9 o afeto, e, essencialmente, o afeto que torna o homem pass\u00edvel de socializa\u00e7\u00e3o e de civiliza\u00e7\u00e3o.<br>Observamos afetos in bruto em animais, em especial nos mam\u00edferos. \u00c9 um pr\u00f3ton afeto, em geral, relacionado \u00e0 preserva\u00e7\u00e3o da esp\u00e9cie. Um cuidado na amamenta\u00e7\u00e3o dos filhotes, na prote\u00e7\u00e3o diante de perigos para os pequenos. E, entre os animais humanizados, nossos pets, \u00e9 poss\u00edvel constatar um afeto, muitas vezes, at\u00e9 incondicional. Hist\u00f3rias bonitas chegam a afirmar que esse seria o melhor afeto do mundo, que supera qualquer afeto entre humanos. Se considerarmos a desigualdade de autonomia e liberdade entre homem e bicho de estima\u00e7\u00e3o, poder\u00edamos at\u00e9 concordar. No entanto, o afeto saud\u00e1vel \u00e9 bem mais amplo e prev\u00ea justas condi\u00e7\u00f5es.<\/p>\n\n\n\n<div class=\"wp-block-image\"><figure class=\"aligncenter size-large\"><img loading=\"lazy\" decoding=\"async\" width=\"1024\" height=\"103\" src=\"https:\/\/jornalfatosenoticias.com.br\/wp-content\/uploads\/2022\/02\/Arte-Autoescola-Galatas_endereco_portal-1024x103.png\" alt=\"\" class=\"wp-image-27869\" srcset=\"https:\/\/jornalfatosenoticias.com.br\/wp-content\/uploads\/2022\/02\/Arte-Autoescola-Galatas_endereco_portal-1024x103.png 1024w, https:\/\/jornalfatosenoticias.com.br\/wp-content\/uploads\/2022\/02\/Arte-Autoescola-Galatas_endereco_portal-300x30.png 300w, https:\/\/jornalfatosenoticias.com.br\/wp-content\/uploads\/2022\/02\/Arte-Autoescola-Galatas_endereco_portal-768x77.png 768w, https:\/\/jornalfatosenoticias.com.br\/wp-content\/uploads\/2022\/02\/Arte-Autoescola-Galatas_endereco_portal.png 1223w\" sizes=\"auto, (max-width: 1024px) 100vw, 1024px\" \/><\/figure><\/div>\n\n\n\n<p>A primeira rela\u00e7\u00e3o afetiva \u00e9 constru\u00edda na amamenta\u00e7\u00e3o. Como j\u00e1 dissemos, anteriormente, a necessidade de receber alimento est\u00e1 prevista em dois tipos de alimento: o nutriente, que \u00e9 o leite materno, e o afeto. Na \u00faltima semana, reportamos o experimento do fisiologista Harlow que constatou a import\u00e2ncia do afeto, no caso dos beb\u00eas chipanz\u00e9s \u00f3rf\u00e3os, chegando a contrariar o comportamento instintivo da preserva\u00e7\u00e3o da esp\u00e9cie ao comprometer a vida para permanecer no aconchego de um colo macio.<br>Spitz se inspirou nessa observa\u00e7\u00e3o e explicou o quadro de autoabandono em crian\u00e7as internadas e separadas de suas m\u00e3es. Denominou de Hospitalismo o mesmo comportamento depressivo em crian\u00e7as com desinvestimento no mundo e seus est\u00edmulos, motivado pela aus\u00eancia do cuidado materno, de tal ordem que comprometia, severamente, a sa\u00fade da crian\u00e7a. O corpo a corpo entre beb\u00ea e m\u00e3e \u00e9 o alicerce da estrutura psicol\u00f3gica das crian\u00e7as e, depois, das pessoas. E o in\u00edcio crucial \u00e9 a amamenta\u00e7\u00e3o.<\/p>\n\n\n\n<div class=\"wp-block-image\"><figure class=\"aligncenter size-large is-resized\"><img loading=\"lazy\" decoding=\"async\" src=\"https:\/\/jornalfatosenoticias.com.br\/wp-content\/uploads\/2022\/02\/Precisao-Contabilidade-1024x724.jpg\" alt=\"\" class=\"wp-image-28088\" width=\"355\" height=\"251\"\/><\/figure><\/div>\n\n\n\n<figure class=\"wp-block-image size-large\"><img loading=\"lazy\" decoding=\"async\" width=\"1000\" height=\"720\" src=\"https:\/\/jornalfatosenoticias.com.br\/wp-content\/uploads\/2022\/08\/Mae-amamentando-bebe_Foto_Getty-Images.jpg\" alt=\"\" class=\"wp-image-33317\" srcset=\"https:\/\/jornalfatosenoticias.com.br\/wp-content\/uploads\/2022\/08\/Mae-amamentando-bebe_Foto_Getty-Images.jpg 1000w, https:\/\/jornalfatosenoticias.com.br\/wp-content\/uploads\/2022\/08\/Mae-amamentando-bebe_Foto_Getty-Images-300x216.jpg 300w, https:\/\/jornalfatosenoticias.com.br\/wp-content\/uploads\/2022\/08\/Mae-amamentando-bebe_Foto_Getty-Images-768x553.jpg 768w\" sizes=\"auto, (max-width: 1000px) 100vw, 1000px\" \/><figcaption><em><span class=\"has-inline-color has-black-color\">A primeira rela\u00e7\u00e3o afetiva \u00e9 constru\u00edda na amamenta\u00e7\u00e3o (Foto: Getty Images)<\/span><\/em><\/figcaption><\/figure>\n\n\n\n<div class=\"wp-block-image\"><figure class=\"aligncenter size-large\"><img loading=\"lazy\" decoding=\"async\" width=\"1024\" height=\"99\" src=\"https:\/\/jornalfatosenoticias.com.br\/wp-content\/uploads\/2020\/02\/Logo-Mizu-segunda-2-1024x99.png\" alt=\"\" class=\"wp-image-2353\" srcset=\"https:\/\/jornalfatosenoticias.com.br\/wp-content\/uploads\/2020\/02\/Logo-Mizu-segunda-2-1024x99.png 1024w, https:\/\/jornalfatosenoticias.com.br\/wp-content\/uploads\/2020\/02\/Logo-Mizu-segunda-2-300x29.png 300w, https:\/\/jornalfatosenoticias.com.br\/wp-content\/uploads\/2020\/02\/Logo-Mizu-segunda-2-768x74.png 768w, https:\/\/jornalfatosenoticias.com.br\/wp-content\/uploads\/2020\/02\/Logo-Mizu-segunda-2.png 1240w\" sizes=\"auto, (max-width: 1024px) 100vw, 1024px\" \/><\/figure><\/div>\n\n\n\n<p>Fixar os olhos nos olhos da m\u00e3e enquanto mama, enquanto mant\u00e9m a m\u00e3ozinha pousada em seu seio, para algum tempo depois, segurar o indicador da m\u00e3e durante todo o ritmo coordenado entre o respirar, o sugar e o deglutir, constitui uma a\u00e7\u00e3o bem orquestrada quando a rela\u00e7\u00e3o m\u00e3e-beb\u00ea est\u00e1 sendo bem constru\u00edda. Esse olhar do beb\u00ea \u00e9 encantado e encantador. Movido pelo afeto, ele alimenta a interdepend\u00eancia da m\u00e3e e do filho, um depende do outro, afetivamente. A m\u00e3e se v\u00ea, cada vez mais, envolvida pela responsabilidade de sustentar aquele ser fr\u00e1gil. O beb\u00ea necessita do nutriente m\u00e3e. Ele n\u00e3o tem clareza de cogni\u00e7\u00e3o ainda, mas ele sente, momento precursor do pensamento, que est\u00e1 requerendo o cuidado necess\u00e1rio.<\/p>\n\n\n\n<div class=\"wp-block-image\"><figure class=\"aligncenter size-large is-resized\"><img loading=\"lazy\" decoding=\"async\" src=\"https:\/\/jornalfatosenoticias.com.br\/wp-content\/uploads\/2022\/03\/logo-Suinco-1024x390.jpg\" alt=\"\" class=\"wp-image-28785\" width=\"451\" height=\"171\"\/><\/figure><\/div>\n\n\n\n<p>Esta troca de olhares, com o acompanhamento da sensa\u00e7\u00e3o t\u00e1til do tocar a pele da m\u00e3e, assim como da sensa\u00e7\u00e3o olfativa de seu cheiro, fazem desses momentos de amamenta\u00e7\u00e3o tempos de crescimento seguro e prazeroso. \u00c9 um ato de v\u00e1rias m\u00fasicas. E precisa ser bem vivido para que cumpra sua fun\u00e7\u00e3o estrutural no desenvolvimento afetivo. Portanto, n\u00e3o \u00e9 dif\u00edcil pensar que esses tempos de conex\u00e3o m\u00e3e-beb\u00ea devem ser respeitados e esperados, para satisfa\u00e7\u00e3o. Uma fase mal preenchida, ir\u00e1 acarretar uma falha que ser\u00e1 rolada por todo o desenvolvimento, afetando tamb\u00e9m os outros vetores do desenvolvimento.<\/p>\n\n\n\n<div class=\"wp-block-image\"><figure class=\"aligncenter size-large\"><img loading=\"lazy\" decoding=\"async\" width=\"1024\" height=\"100\" src=\"https:\/\/jornalfatosenoticias.com.br\/wp-content\/uploads\/2020\/02\/banner_ferramentas-1024x100.jpg\" alt=\"\" class=\"wp-image-1258\" srcset=\"https:\/\/jornalfatosenoticias.com.br\/wp-content\/uploads\/2020\/02\/banner_ferramentas-1024x100.jpg 1024w, https:\/\/jornalfatosenoticias.com.br\/wp-content\/uploads\/2020\/02\/banner_ferramentas-300x29.jpg 300w, https:\/\/jornalfatosenoticias.com.br\/wp-content\/uploads\/2020\/02\/banner_ferramentas-768x75.jpg 768w, https:\/\/jornalfatosenoticias.com.br\/wp-content\/uploads\/2020\/02\/banner_ferramentas.jpg 1227w\" sizes=\"auto, (max-width: 1024px) 100vw, 1024px\" \/><\/figure><\/div>\n\n\n\n<figure class=\"wp-block-image size-large\"><img loading=\"lazy\" decoding=\"async\" width=\"1000\" height=\"533\" src=\"https:\/\/jornalfatosenoticias.com.br\/wp-content\/uploads\/2022\/08\/mae-bebe-campo.png\" alt=\"\" class=\"wp-image-33318\" srcset=\"https:\/\/jornalfatosenoticias.com.br\/wp-content\/uploads\/2022\/08\/mae-bebe-campo.png 1000w, https:\/\/jornalfatosenoticias.com.br\/wp-content\/uploads\/2022\/08\/mae-bebe-campo-300x160.png 300w, https:\/\/jornalfatosenoticias.com.br\/wp-content\/uploads\/2022\/08\/mae-bebe-campo-768x409.png 768w\" sizes=\"auto, (max-width: 1000px) 100vw, 1000px\" \/><figcaption><em><span class=\"has-inline-color has-black-color\">A troca de olhares, com o acompanhamento da sensa\u00e7\u00e3o t\u00e1til do tocar a pele da m\u00e3e, assim como da sensa\u00e7\u00e3o olfativa de seu cheiro (Foto: Getty Images\/iStockphoto)<\/span><\/em><\/figcaption><\/figure>\n\n\n\n<div class=\"wp-block-image\"><figure class=\"aligncenter size-large is-resized\"><img loading=\"lazy\" decoding=\"async\" src=\"https:\/\/jornalfatosenoticias.com.br\/wp-content\/uploads\/2022\/02\/Serra-Pack-459.png\" alt=\"\" class=\"wp-image-27471\" width=\"310\" height=\"124\"\/><\/figure><\/div>\n\n\n\n<p>Como j\u00e1 dissemos, o afeto \u00e9 o combust\u00edvel para toda a sa\u00fade de desenvolvimento. Assim, o que pode ser visto como falha n\u00e3o se esgota na aus\u00eancia total de um bom cuidado. A falta de afeto assim como a precipita\u00e7\u00e3o na interrup\u00e7\u00e3o de uma necessidade afetiva de um beb\u00ea, s\u00e3o danosas. Permitir que uma m\u00e3e cumpra essa primeira etapa de depend\u00eancia absoluta do beb\u00ea, dando-lhe suporte e acolhimento ao seu cansa\u00e7o, \u00e9 fundamental. Por vezes, a m\u00e3e \u00e9 criticada por algu\u00e9m daquele n\u00facleo familiar, for\u00e7ando a separa\u00e7\u00e3o da dupla, precocemente. Isto pode provocar uma falha, o beb\u00ea \u00e9 empurrado para uma fase que ele n\u00e3o est\u00e1 amadurecido para encarar, o que acaba por provocar uma certa cronicidade daquele est\u00e1gio de depend\u00eancia, desarmonizando seu desenvolvimento e atrasando suas aquisi\u00e7\u00f5es. <\/p>\n\n\n\n<div class=\"wp-block-image\"><figure class=\"alignleft size-large\"><img loading=\"lazy\" decoding=\"async\" width=\"300\" height=\"250\" src=\"https:\/\/jornalfatosenoticias.com.br\/wp-content\/uploads\/2022\/08\/arte-Casarao.jpg\" alt=\"\" class=\"wp-image-33178\"\/><\/figure><\/div>\n\n\n\n<p>Bowlby lan\u00e7ou um olhar sobre essa fase inicial do beb\u00ea, e nos ensina sobre a import\u00e2ncia do apego, a dor da separa\u00e7\u00e3o e a ang\u00fastia. Mahler, observou a depend\u00eancia absoluta se movendo para a depend\u00eancia relativa em busca da autonomia. Winnicott nos ofertou o conceito de objeto transicional, que nos d\u00e1 a compreens\u00e3o do processo que o beb\u00ea vive com seu ursinho de pel\u00facia, ou com seu paninho de dormir, um objeto que d\u00e1 seguran\u00e7a a ele porque tem parte da realidade, parte dele, e parte da m\u00e3e, em seu simbolismo, permitindo que se encoraje em se afastar da m\u00e3e com a seguran\u00e7a desse significado.<\/p>\n\n\n\n<div class=\"wp-block-image\"><figure class=\"aligncenter size-large is-resized\"><img loading=\"lazy\" decoding=\"async\" src=\"https:\/\/jornalfatosenoticias.com.br\/wp-content\/uploads\/2022\/07\/Logo-Grupo-SEI.jpg\" alt=\"\" class=\"wp-image-31973\" width=\"347\" height=\"182\" srcset=\"https:\/\/jornalfatosenoticias.com.br\/wp-content\/uploads\/2022\/07\/Logo-Grupo-SEI.jpg 713w, https:\/\/jornalfatosenoticias.com.br\/wp-content\/uploads\/2022\/07\/Logo-Grupo-SEI-300x158.jpg 300w\" sizes=\"auto, (max-width: 347px) 100vw, 347px\" \/><\/figure><\/div>\n\n\n\n<p>Se o afeto prim\u00e1rio precisa ser da m\u00e3e, n\u00e3o esque\u00e7amos que o v\u00ednculo afetivo com a m\u00e3e \u00e9 visceral, h\u00e1 um certo reconhecimento tranquilizador de impress\u00f5es corporais deixadas pelo per\u00edodo intrauterino, a plasticidade afetiva de um beb\u00ea vai dando permiss\u00e3o \u00e0 diversidade de pessoas constantes em seu mundo. E, todos esses outros afetos, aos poucos permitidos, s\u00e3o muito importantes em seus pap\u00e9is espec\u00edficos ou no papel de substitutos, tamb\u00e9m muito saud\u00e1vel.<br>Afago \u00e9 afeto. Cuidado \u00e9 afeto. Balan\u00e7o \u00e9 afeto. Limite \u00e9 afeto. Responsabilidade \u00e9 afeto. Estimular o crescimento \u00e9 afeto. Mas, com seguran\u00e7a.<\/p>\n\n\n\n<div class=\"wp-block-image\"><figure class=\"aligncenter size-large is-resized\"><img loading=\"lazy\" decoding=\"async\" src=\"https:\/\/jornalfatosenoticias.com.br\/wp-content\/uploads\/2022\/08\/logo-locau-veiculos-1024x573.png\" alt=\"\" class=\"wp-image-33078\" width=\"360\" height=\"201\"\/><\/figure><\/div>\n","protected":false},"excerpt":{"rendered":"<p>Afago \u00e9 afeto. Cuidado \u00e9 afeto. Balan\u00e7o \u00e9 afeto. Limite \u00e9 afeto. Responsabilidade \u00e9 afeto. Estimular o crescimento \u00e9 afeto. Mas, com seguran\u00e7a O afeto \u00e9, pois, o combust\u00edvel essencial para impulsionar o motor da aquisi\u00e7\u00e3o das compet\u00eancias que humanizam os beb\u00eas. \u00c9 o afeto, e, essencialmente, o afeto que torna o homem pass\u00edvel de [&hellip;]<\/p>\n","protected":false},"author":8,"featured_media":33319,"comment_status":"open","ping_status":"open","sticky":false,"template":"","format":"standard","meta":{"footnotes":""},"categories":[2522],"tags":[15684,1985,15685,1042,1033],"class_list":["post-33316","post","type-post","status-publish","format-standard","has-post-thumbnail","hentry","category-comportamento","tag-afago","tag-afeto","tag-como-cresce-uma-crianca","tag-desenvolvimento-infantil","tag-seguranca"],"yoast_head":"<!-- This site is optimized with the Yoast SEO plugin v26.5 - https:\/\/yoast.com\/wordpress\/plugins\/seo\/ -->\n<title>Como cresce uma Crian\u00e7a? \u2014 Parte VI - Jornal Fatos e Not\u00edcias<\/title>\n<meta name=\"robots\" content=\"index, follow, max-snippet:-1, max-image-preview:large, max-video-preview:-1\" \/>\n<link rel=\"canonical\" href=\"https:\/\/jornalfatosenoticias.com.br\/index.php\/2022\/08\/18\/como-cresce-uma-crianca-parte-vi\/\" \/>\n<meta property=\"og:locale\" content=\"pt_BR\" \/>\n<meta property=\"og:type\" content=\"article\" \/>\n<meta property=\"og:title\" content=\"Como cresce uma Crian\u00e7a? \u2014 Parte VI - Jornal Fatos e Not\u00edcias\" \/>\n<meta property=\"og:description\" content=\"Afago \u00e9 afeto. Cuidado \u00e9 afeto. Balan\u00e7o \u00e9 afeto. Limite \u00e9 afeto. Responsabilidade \u00e9 afeto. Estimular o crescimento \u00e9 afeto. Mas, com seguran\u00e7a O afeto \u00e9, pois, o combust\u00edvel essencial para impulsionar o motor da aquisi\u00e7\u00e3o das compet\u00eancias que humanizam os beb\u00eas. \u00c9 o afeto, e, essencialmente, o afeto que torna o homem pass\u00edvel de [&hellip;]\" \/>\n<meta property=\"og:url\" content=\"https:\/\/jornalfatosenoticias.com.br\/index.php\/2022\/08\/18\/como-cresce-uma-crianca-parte-vi\/\" \/>\n<meta property=\"og:site_name\" content=\"Jornal Fatos e Not\u00edcias\" \/>\n<meta property=\"article:published_time\" content=\"2022-08-18T15:49:33+00:00\" \/>\n<meta property=\"article:modified_time\" content=\"2022-08-18T15:49:34+00:00\" \/>\n<meta property=\"og:image\" content=\"https:\/\/jornalfatosenoticias.com.br\/wp-content\/uploads\/2022\/08\/afeto-mae-bebe_miramiska-shutterstock.jpg\" \/>\n\t<meta property=\"og:image:width\" content=\"1000\" \/>\n\t<meta property=\"og:image:height\" content=\"666\" \/>\n\t<meta property=\"og:image:type\" content=\"image\/jpeg\" \/>\n<meta name=\"author\" content=\"Ana Maria Iencarelli\" \/>\n<meta name=\"twitter:card\" content=\"summary_large_image\" \/>\n<meta name=\"twitter:label1\" content=\"Escrito por\" \/>\n\t<meta name=\"twitter:data1\" content=\"Ana Maria Iencarelli\" \/>\n\t<meta name=\"twitter:label2\" content=\"Est. tempo de leitura\" \/>\n\t<meta name=\"twitter:data2\" content=\"5 minutos\" \/>\n<script type=\"application\/ld+json\" class=\"yoast-schema-graph\">{\"@context\":\"https:\/\/schema.org\",\"@graph\":[{\"@type\":\"Article\",\"@id\":\"https:\/\/jornalfatosenoticias.com.br\/index.php\/2022\/08\/18\/como-cresce-uma-crianca-parte-vi\/#article\",\"isPartOf\":{\"@id\":\"https:\/\/jornalfatosenoticias.com.br\/index.php\/2022\/08\/18\/como-cresce-uma-crianca-parte-vi\/\"},\"author\":{\"name\":\"Ana Maria Iencarelli\",\"@id\":\"https:\/\/jornalfatosenoticias.com.br\/#\/schema\/person\/c33fcf5fb02d729d3fec92c6737a22d1\"},\"headline\":\"Como cresce uma Crian\u00e7a? \u2014 Parte VI\",\"datePublished\":\"2022-08-18T15:49:33+00:00\",\"dateModified\":\"2022-08-18T15:49:34+00:00\",\"mainEntityOfPage\":{\"@id\":\"https:\/\/jornalfatosenoticias.com.br\/index.php\/2022\/08\/18\/como-cresce-uma-crianca-parte-vi\/\"},\"wordCount\":995,\"commentCount\":0,\"publisher\":{\"@id\":\"https:\/\/jornalfatosenoticias.com.br\/#organization\"},\"image\":{\"@id\":\"https:\/\/jornalfatosenoticias.com.br\/index.php\/2022\/08\/18\/como-cresce-uma-crianca-parte-vi\/#primaryimage\"},\"thumbnailUrl\":\"https:\/\/jornalfatosenoticias.com.br\/wp-content\/uploads\/2022\/08\/afeto-mae-bebe_miramiska-shutterstock.jpg\",\"keywords\":[\"afago\",\"afeto\",\"como cresce uma crian\u00e7a\",\"desenvolvimento infantil\",\"seguran\u00e7a\"],\"articleSection\":[\"Comportamento &amp; Equil\u00edbrio\"],\"inLanguage\":\"pt-BR\",\"potentialAction\":[{\"@type\":\"CommentAction\",\"name\":\"Comment\",\"target\":[\"https:\/\/jornalfatosenoticias.com.br\/index.php\/2022\/08\/18\/como-cresce-uma-crianca-parte-vi\/#respond\"]}]},{\"@type\":\"WebPage\",\"@id\":\"https:\/\/jornalfatosenoticias.com.br\/index.php\/2022\/08\/18\/como-cresce-uma-crianca-parte-vi\/\",\"url\":\"https:\/\/jornalfatosenoticias.com.br\/index.php\/2022\/08\/18\/como-cresce-uma-crianca-parte-vi\/\",\"name\":\"Como cresce uma Crian\u00e7a? \u2014 Parte VI - Jornal Fatos e Not\u00edcias\",\"isPartOf\":{\"@id\":\"https:\/\/jornalfatosenoticias.com.br\/#website\"},\"primaryImageOfPage\":{\"@id\":\"https:\/\/jornalfatosenoticias.com.br\/index.php\/2022\/08\/18\/como-cresce-uma-crianca-parte-vi\/#primaryimage\"},\"image\":{\"@id\":\"https:\/\/jornalfatosenoticias.com.br\/index.php\/2022\/08\/18\/como-cresce-uma-crianca-parte-vi\/#primaryimage\"},\"thumbnailUrl\":\"https:\/\/jornalfatosenoticias.com.br\/wp-content\/uploads\/2022\/08\/afeto-mae-bebe_miramiska-shutterstock.jpg\",\"datePublished\":\"2022-08-18T15:49:33+00:00\",\"dateModified\":\"2022-08-18T15:49:34+00:00\",\"breadcrumb\":{\"@id\":\"https:\/\/jornalfatosenoticias.com.br\/index.php\/2022\/08\/18\/como-cresce-uma-crianca-parte-vi\/#breadcrumb\"},\"inLanguage\":\"pt-BR\",\"potentialAction\":[{\"@type\":\"ReadAction\",\"target\":[\"https:\/\/jornalfatosenoticias.com.br\/index.php\/2022\/08\/18\/como-cresce-uma-crianca-parte-vi\/\"]}]},{\"@type\":\"ImageObject\",\"inLanguage\":\"pt-BR\",\"@id\":\"https:\/\/jornalfatosenoticias.com.br\/index.php\/2022\/08\/18\/como-cresce-uma-crianca-parte-vi\/#primaryimage\",\"url\":\"https:\/\/jornalfatosenoticias.com.br\/wp-content\/uploads\/2022\/08\/afeto-mae-bebe_miramiska-shutterstock.jpg\",\"contentUrl\":\"https:\/\/jornalfatosenoticias.com.br\/wp-content\/uploads\/2022\/08\/afeto-mae-bebe_miramiska-shutterstock.jpg\",\"width\":1000,\"height\":666},{\"@type\":\"BreadcrumbList\",\"@id\":\"https:\/\/jornalfatosenoticias.com.br\/index.php\/2022\/08\/18\/como-cresce-uma-crianca-parte-vi\/#breadcrumb\",\"itemListElement\":[{\"@type\":\"ListItem\",\"position\":1,\"name\":\"In\u00edcio\",\"item\":\"https:\/\/jornalfatosenoticias.com.br\/\"},{\"@type\":\"ListItem\",\"position\":2,\"name\":\"Como cresce uma Crian\u00e7a? \u2014 Parte VI\"}]},{\"@type\":\"WebSite\",\"@id\":\"https:\/\/jornalfatosenoticias.com.br\/#website\",\"url\":\"https:\/\/jornalfatosenoticias.com.br\/\",\"name\":\"Jornal Fatos e Not\u00edcias\",\"description\":\"Not\u00edcias em geral\",\"publisher\":{\"@id\":\"https:\/\/jornalfatosenoticias.com.br\/#organization\"},\"potentialAction\":[{\"@type\":\"SearchAction\",\"target\":{\"@type\":\"EntryPoint\",\"urlTemplate\":\"https:\/\/jornalfatosenoticias.com.br\/?s={search_term_string}\"},\"query-input\":{\"@type\":\"PropertyValueSpecification\",\"valueRequired\":true,\"valueName\":\"search_term_string\"}}],\"inLanguage\":\"pt-BR\"},{\"@type\":\"Organization\",\"@id\":\"https:\/\/jornalfatosenoticias.com.br\/#organization\",\"name\":\"Jornal Fatos e Not\u00edcias\",\"url\":\"https:\/\/jornalfatosenoticias.com.br\/\",\"logo\":{\"@type\":\"ImageObject\",\"inLanguage\":\"pt-BR\",\"@id\":\"https:\/\/jornalfatosenoticias.com.br\/#\/schema\/logo\/image\/\",\"url\":\"https:\/\/jornalfatosenoticias.com.br\/wp-content\/uploads\/2020\/02\/logo120.png\",\"contentUrl\":\"https:\/\/jornalfatosenoticias.com.br\/wp-content\/uploads\/2020\/02\/logo120.png\",\"width\":1227,\"height\":120,\"caption\":\"Jornal Fatos e Not\u00edcias\"},\"image\":{\"@id\":\"https:\/\/jornalfatosenoticias.com.br\/#\/schema\/logo\/image\/\"}},{\"@type\":\"Person\",\"@id\":\"https:\/\/jornalfatosenoticias.com.br\/#\/schema\/person\/c33fcf5fb02d729d3fec92c6737a22d1\",\"name\":\"Ana Maria Iencarelli\",\"image\":{\"@type\":\"ImageObject\",\"inLanguage\":\"pt-BR\",\"@id\":\"https:\/\/jornalfatosenoticias.com.br\/#\/schema\/person\/image\/\",\"url\":\"https:\/\/jornalfatosenoticias.com.br\/wp-content\/uploads\/2020\/02\/Ana-Maria-Iencarelli-1-150x150.jpg\",\"contentUrl\":\"https:\/\/jornalfatosenoticias.com.br\/wp-content\/uploads\/2020\/02\/Ana-Maria-Iencarelli-1-150x150.jpg\",\"caption\":\"Ana Maria Iencarelli\"},\"description\":\"Psicanalista Cl\u00ednica, especializada no atendimento a Crian\u00e7as e Adolescentes. Presidente da ONG Vozes de Anjos.\",\"url\":\"https:\/\/jornalfatosenoticias.com.br\/index.php\/author\/anamaria\/\"}]}<\/script>\n<!-- \/ Yoast SEO plugin. -->","yoast_head_json":{"title":"Como cresce uma Crian\u00e7a? \u2014 Parte VI - Jornal Fatos e Not\u00edcias","robots":{"index":"index","follow":"follow","max-snippet":"max-snippet:-1","max-image-preview":"max-image-preview:large","max-video-preview":"max-video-preview:-1"},"canonical":"https:\/\/jornalfatosenoticias.com.br\/index.php\/2022\/08\/18\/como-cresce-uma-crianca-parte-vi\/","og_locale":"pt_BR","og_type":"article","og_title":"Como cresce uma Crian\u00e7a? \u2014 Parte VI - Jornal Fatos e Not\u00edcias","og_description":"Afago \u00e9 afeto. Cuidado \u00e9 afeto. Balan\u00e7o \u00e9 afeto. Limite \u00e9 afeto. Responsabilidade \u00e9 afeto. Estimular o crescimento \u00e9 afeto. Mas, com seguran\u00e7a O afeto \u00e9, pois, o combust\u00edvel essencial para impulsionar o motor da aquisi\u00e7\u00e3o das compet\u00eancias que humanizam os beb\u00eas. \u00c9 o afeto, e, essencialmente, o afeto que torna o homem pass\u00edvel de [&hellip;]","og_url":"https:\/\/jornalfatosenoticias.com.br\/index.php\/2022\/08\/18\/como-cresce-uma-crianca-parte-vi\/","og_site_name":"Jornal Fatos e Not\u00edcias","article_published_time":"2022-08-18T15:49:33+00:00","article_modified_time":"2022-08-18T15:49:34+00:00","og_image":[{"width":1000,"height":666,"url":"https:\/\/jornalfatosenoticias.com.br\/wp-content\/uploads\/2022\/08\/afeto-mae-bebe_miramiska-shutterstock.jpg","type":"image\/jpeg"}],"author":"Ana Maria Iencarelli","twitter_card":"summary_large_image","twitter_misc":{"Escrito por":"Ana Maria Iencarelli","Est. tempo de leitura":"5 minutos"},"schema":{"@context":"https:\/\/schema.org","@graph":[{"@type":"Article","@id":"https:\/\/jornalfatosenoticias.com.br\/index.php\/2022\/08\/18\/como-cresce-uma-crianca-parte-vi\/#article","isPartOf":{"@id":"https:\/\/jornalfatosenoticias.com.br\/index.php\/2022\/08\/18\/como-cresce-uma-crianca-parte-vi\/"},"author":{"name":"Ana Maria Iencarelli","@id":"https:\/\/jornalfatosenoticias.com.br\/#\/schema\/person\/c33fcf5fb02d729d3fec92c6737a22d1"},"headline":"Como cresce uma Crian\u00e7a? \u2014 Parte VI","datePublished":"2022-08-18T15:49:33+00:00","dateModified":"2022-08-18T15:49:34+00:00","mainEntityOfPage":{"@id":"https:\/\/jornalfatosenoticias.com.br\/index.php\/2022\/08\/18\/como-cresce-uma-crianca-parte-vi\/"},"wordCount":995,"commentCount":0,"publisher":{"@id":"https:\/\/jornalfatosenoticias.com.br\/#organization"},"image":{"@id":"https:\/\/jornalfatosenoticias.com.br\/index.php\/2022\/08\/18\/como-cresce-uma-crianca-parte-vi\/#primaryimage"},"thumbnailUrl":"https:\/\/jornalfatosenoticias.com.br\/wp-content\/uploads\/2022\/08\/afeto-mae-bebe_miramiska-shutterstock.jpg","keywords":["afago","afeto","como cresce uma crian\u00e7a","desenvolvimento infantil","seguran\u00e7a"],"articleSection":["Comportamento &amp; Equil\u00edbrio"],"inLanguage":"pt-BR","potentialAction":[{"@type":"CommentAction","name":"Comment","target":["https:\/\/jornalfatosenoticias.com.br\/index.php\/2022\/08\/18\/como-cresce-uma-crianca-parte-vi\/#respond"]}]},{"@type":"WebPage","@id":"https:\/\/jornalfatosenoticias.com.br\/index.php\/2022\/08\/18\/como-cresce-uma-crianca-parte-vi\/","url":"https:\/\/jornalfatosenoticias.com.br\/index.php\/2022\/08\/18\/como-cresce-uma-crianca-parte-vi\/","name":"Como cresce uma Crian\u00e7a? \u2014 Parte VI - Jornal Fatos e Not\u00edcias","isPartOf":{"@id":"https:\/\/jornalfatosenoticias.com.br\/#website"},"primaryImageOfPage":{"@id":"https:\/\/jornalfatosenoticias.com.br\/index.php\/2022\/08\/18\/como-cresce-uma-crianca-parte-vi\/#primaryimage"},"image":{"@id":"https:\/\/jornalfatosenoticias.com.br\/index.php\/2022\/08\/18\/como-cresce-uma-crianca-parte-vi\/#primaryimage"},"thumbnailUrl":"https:\/\/jornalfatosenoticias.com.br\/wp-content\/uploads\/2022\/08\/afeto-mae-bebe_miramiska-shutterstock.jpg","datePublished":"2022-08-18T15:49:33+00:00","dateModified":"2022-08-18T15:49:34+00:00","breadcrumb":{"@id":"https:\/\/jornalfatosenoticias.com.br\/index.php\/2022\/08\/18\/como-cresce-uma-crianca-parte-vi\/#breadcrumb"},"inLanguage":"pt-BR","potentialAction":[{"@type":"ReadAction","target":["https:\/\/jornalfatosenoticias.com.br\/index.php\/2022\/08\/18\/como-cresce-uma-crianca-parte-vi\/"]}]},{"@type":"ImageObject","inLanguage":"pt-BR","@id":"https:\/\/jornalfatosenoticias.com.br\/index.php\/2022\/08\/18\/como-cresce-uma-crianca-parte-vi\/#primaryimage","url":"https:\/\/jornalfatosenoticias.com.br\/wp-content\/uploads\/2022\/08\/afeto-mae-bebe_miramiska-shutterstock.jpg","contentUrl":"https:\/\/jornalfatosenoticias.com.br\/wp-content\/uploads\/2022\/08\/afeto-mae-bebe_miramiska-shutterstock.jpg","width":1000,"height":666},{"@type":"BreadcrumbList","@id":"https:\/\/jornalfatosenoticias.com.br\/index.php\/2022\/08\/18\/como-cresce-uma-crianca-parte-vi\/#breadcrumb","itemListElement":[{"@type":"ListItem","position":1,"name":"In\u00edcio","item":"https:\/\/jornalfatosenoticias.com.br\/"},{"@type":"ListItem","position":2,"name":"Como cresce uma Crian\u00e7a? \u2014 Parte VI"}]},{"@type":"WebSite","@id":"https:\/\/jornalfatosenoticias.com.br\/#website","url":"https:\/\/jornalfatosenoticias.com.br\/","name":"Jornal Fatos e Not\u00edcias","description":"Not\u00edcias em geral","publisher":{"@id":"https:\/\/jornalfatosenoticias.com.br\/#organization"},"potentialAction":[{"@type":"SearchAction","target":{"@type":"EntryPoint","urlTemplate":"https:\/\/jornalfatosenoticias.com.br\/?s={search_term_string}"},"query-input":{"@type":"PropertyValueSpecification","valueRequired":true,"valueName":"search_term_string"}}],"inLanguage":"pt-BR"},{"@type":"Organization","@id":"https:\/\/jornalfatosenoticias.com.br\/#organization","name":"Jornal Fatos e Not\u00edcias","url":"https:\/\/jornalfatosenoticias.com.br\/","logo":{"@type":"ImageObject","inLanguage":"pt-BR","@id":"https:\/\/jornalfatosenoticias.com.br\/#\/schema\/logo\/image\/","url":"https:\/\/jornalfatosenoticias.com.br\/wp-content\/uploads\/2020\/02\/logo120.png","contentUrl":"https:\/\/jornalfatosenoticias.com.br\/wp-content\/uploads\/2020\/02\/logo120.png","width":1227,"height":120,"caption":"Jornal Fatos e Not\u00edcias"},"image":{"@id":"https:\/\/jornalfatosenoticias.com.br\/#\/schema\/logo\/image\/"}},{"@type":"Person","@id":"https:\/\/jornalfatosenoticias.com.br\/#\/schema\/person\/c33fcf5fb02d729d3fec92c6737a22d1","name":"Ana Maria Iencarelli","image":{"@type":"ImageObject","inLanguage":"pt-BR","@id":"https:\/\/jornalfatosenoticias.com.br\/#\/schema\/person\/image\/","url":"https:\/\/jornalfatosenoticias.com.br\/wp-content\/uploads\/2020\/02\/Ana-Maria-Iencarelli-1-150x150.jpg","contentUrl":"https:\/\/jornalfatosenoticias.com.br\/wp-content\/uploads\/2020\/02\/Ana-Maria-Iencarelli-1-150x150.jpg","caption":"Ana Maria Iencarelli"},"description":"Psicanalista Cl\u00ednica, especializada no atendimento a Crian\u00e7as e Adolescentes. Presidente da ONG Vozes de Anjos.","url":"https:\/\/jornalfatosenoticias.com.br\/index.php\/author\/anamaria\/"}]}},"cc_featured_image_caption":{"caption_text":"(Foto: miramiska\/Shutterstock) ","source_text":"","source_url":""},"jetpack_featured_media_url":"https:\/\/jornalfatosenoticias.com.br\/wp-content\/uploads\/2022\/08\/afeto-mae-bebe_miramiska-shutterstock.jpg","_links":{"self":[{"href":"https:\/\/jornalfatosenoticias.com.br\/index.php\/wp-json\/wp\/v2\/posts\/33316","targetHints":{"allow":["GET"]}}],"collection":[{"href":"https:\/\/jornalfatosenoticias.com.br\/index.php\/wp-json\/wp\/v2\/posts"}],"about":[{"href":"https:\/\/jornalfatosenoticias.com.br\/index.php\/wp-json\/wp\/v2\/types\/post"}],"author":[{"embeddable":true,"href":"https:\/\/jornalfatosenoticias.com.br\/index.php\/wp-json\/wp\/v2\/users\/8"}],"replies":[{"embeddable":true,"href":"https:\/\/jornalfatosenoticias.com.br\/index.php\/wp-json\/wp\/v2\/comments?post=33316"}],"version-history":[{"count":0,"href":"https:\/\/jornalfatosenoticias.com.br\/index.php\/wp-json\/wp\/v2\/posts\/33316\/revisions"}],"wp:featuredmedia":[{"embeddable":true,"href":"https:\/\/jornalfatosenoticias.com.br\/index.php\/wp-json\/wp\/v2\/media\/33319"}],"wp:attachment":[{"href":"https:\/\/jornalfatosenoticias.com.br\/index.php\/wp-json\/wp\/v2\/media?parent=33316"}],"wp:term":[{"taxonomy":"category","embeddable":true,"href":"https:\/\/jornalfatosenoticias.com.br\/index.php\/wp-json\/wp\/v2\/categories?post=33316"},{"taxonomy":"post_tag","embeddable":true,"href":"https:\/\/jornalfatosenoticias.com.br\/index.php\/wp-json\/wp\/v2\/tags?post=33316"}],"curies":[{"name":"wp","href":"https:\/\/api.w.org\/{rel}","templated":true}]}}