{"id":33324,"date":"2022-08-18T13:07:00","date_gmt":"2022-08-18T16:07:00","guid":{"rendered":"https:\/\/jornalfatosenoticias.com.br\/?p=33324"},"modified":"2022-08-18T13:07:02","modified_gmt":"2022-08-18T16:07:02","slug":"escola-quilombola-recria-classicos-infantis-a-partir-da-identidade-da-comunidade","status":"publish","type":"post","link":"https:\/\/jornalfatosenoticias.com.br\/index.php\/2022\/08\/18\/escola-quilombola-recria-classicos-infantis-a-partir-da-identidade-da-comunidade\/","title":{"rendered":"Escola quilombola recria cl\u00e1ssicos infantis a partir da identidade da comunidade"},"content":{"rendered":"\n<p><em><span class=\"has-inline-color has-black-color\">Projeto &#8220;Historinhas do Quilombo&#8221; transforma Chapeuzinho Vermelho em Chapeuzinho Afro e reescreve outras hist\u00f3rias cl\u00e1ssicas valorizando as crian\u00e7as e os jovens do territ\u00f3rio quilombola de Mata Cavalo (MT)<\/span><\/em><\/p>\n\n\n\n<div class=\"wp-block-image\"><figure class=\"aligncenter size-large\"><img loading=\"lazy\" decoding=\"async\" width=\"1024\" height=\"100\" src=\"https:\/\/jornalfatosenoticias.com.br\/wp-content\/uploads\/2022\/05\/NOVA-LOGO-CESCONETTO-1024x100.jpg\" alt=\"\" class=\"wp-image-30792\" srcset=\"https:\/\/jornalfatosenoticias.com.br\/wp-content\/uploads\/2022\/05\/NOVA-LOGO-CESCONETTO-1024x100.jpg 1024w, https:\/\/jornalfatosenoticias.com.br\/wp-content\/uploads\/2022\/05\/NOVA-LOGO-CESCONETTO-300x29.jpg 300w, https:\/\/jornalfatosenoticias.com.br\/wp-content\/uploads\/2022\/05\/NOVA-LOGO-CESCONETTO-768x75.jpg 768w, https:\/\/jornalfatosenoticias.com.br\/wp-content\/uploads\/2022\/05\/NOVA-LOGO-CESCONETTO.jpg 1280w\" sizes=\"auto, (max-width: 1024px) 100vw, 1024px\" \/><\/figure><\/div>\n\n\n\n<p>O territ\u00f3rio quilombola de Mata Cavalo est\u00e1 localizado no munic\u00edpio de Nossa Senhora do Livramento, a 50 quil\u00f4metros da capital do Mato Grosso, Cuiab\u00e1. Nossa comunidade, que \u00e9 descendente de africanos escravizados, tem aproximadamente 500 fam\u00edlias. Juntos, lutamos para manter a cultura e as tradi\u00e7\u00f5es quilombolas.<br>A <strong><a href=\"https:\/\/novo.qedu.org.br\/escola\/51168804-ee-tereza-conceicao-de-arruda\" target=\"_blank\" rel=\"noreferrer noopener\">Escola Estadual Quilombola Tereza Concei\u00e7\u00e3o Arruda<\/a><\/strong> tem tido um papel importante nesse sentido. Ela passou a ser caracterizada pela Secretaria de Estado de Educa\u00e7\u00e3o de Mato Grosso como unidade de ensino de educa\u00e7\u00e3o escolar quilombola no ano de 2011, e recebeu esse nome em homenagem \u00e0 professora Tereza, primeira educadora quilombola da comunidade, e uma das precursoras da educa\u00e7\u00e3o formal em Mata Cavalo.<\/p>\n\n\n\n<div class=\"wp-block-image\"><figure class=\"aligncenter size-large\"><img loading=\"lazy\" decoding=\"async\" width=\"729\" height=\"90\" src=\"https:\/\/jornalfatosenoticias.com.br\/wp-content\/uploads\/2020\/02\/Logo_Mizu.png\" alt=\"\" class=\"wp-image-1441\" srcset=\"https:\/\/jornalfatosenoticias.com.br\/wp-content\/uploads\/2020\/02\/Logo_Mizu.png 729w, https:\/\/jornalfatosenoticias.com.br\/wp-content\/uploads\/2020\/02\/Logo_Mizu-300x37.png 300w\" sizes=\"auto, (max-width: 729px) 100vw, 729px\" \/><\/figure><\/div>\n\n\n\n<div class=\"wp-block-image\"><figure class=\"alignright size-large\"><img loading=\"lazy\" decoding=\"async\" width=\"300\" height=\"250\" src=\"https:\/\/jornalfatosenoticias.com.br\/wp-content\/uploads\/2022\/08\/arte-Casarao.jpg\" alt=\"\" class=\"wp-image-33178\"\/><\/figure><\/div>\n\n\n\n<p>O curr\u00edculo espelha o que preconiza a legisla\u00e7\u00e3o a respeito da educa\u00e7\u00e3o escolar quilombola: a escola deve se apresentar como a escola do lugar, n\u00e3o apenas no lugar. Ou seja, oferecendo atividades e metodologias que contemplam e valorizam os saberes e fazeres locais, a oralidade e a ancestralidade, fazendo com que os estudantes n\u00e3o se sintam invis\u00edveis e desconexos da sua realidade. Rompemos com os paradigmas euroc\u00eantricos, que sempre permearam a educa\u00e7\u00e3o p\u00fablica, inclusive nos territ\u00f3rios quilombolas.<br>Nosso foco est\u00e1 em trazer para dentro do espa\u00e7o escolar os saberes e fazeres da comunidade e articul\u00e1-los com os conhecimentos cient\u00edficos. Para levar esse discurso \u00e0 pr\u00e1tica, professores da escola realizaram uma forma\u00e7\u00e3o em <a href=\"https:\/\/drive.google.com\/file\/d\/1qSHfK5ExHARVV_oDZgV_CchmlarAuwgO\/view\" target=\"_blank\" rel=\"noreferrer noopener\"><strong>etnossaberes<\/strong><\/a>\u00a0gra\u00e7as a uma parceria com o\u00a0<a href=\"https:\/\/gepequfmt.blogspot.com\/\" target=\"_blank\" rel=\"noreferrer noopener\"><strong>Grupo de Estudos e Pesquisas em Educa\u00e7\u00e3o Escolar Quilombola, da UFMT (Universidade Federal do Mato Grosso), entre 2017 e 2021.<\/strong><\/a><\/p>\n\n\n\n<div class=\"wp-block-image\"><figure class=\"aligncenter size-large\"><img loading=\"lazy\" decoding=\"async\" width=\"1024\" height=\"100\" src=\"https:\/\/jornalfatosenoticias.com.br\/wp-content\/uploads\/2020\/02\/banner_ferramentas-1024x100.jpg\" alt=\"\" class=\"wp-image-1258\" srcset=\"https:\/\/jornalfatosenoticias.com.br\/wp-content\/uploads\/2020\/02\/banner_ferramentas-1024x100.jpg 1024w, https:\/\/jornalfatosenoticias.com.br\/wp-content\/uploads\/2020\/02\/banner_ferramentas-300x29.jpg 300w, https:\/\/jornalfatosenoticias.com.br\/wp-content\/uploads\/2020\/02\/banner_ferramentas-768x75.jpg 768w, https:\/\/jornalfatosenoticias.com.br\/wp-content\/uploads\/2020\/02\/banner_ferramentas.jpg 1227w\" sizes=\"auto, (max-width: 1024px) 100vw, 1024px\" \/><\/figure><\/div>\n\n\n\n<p><span class=\"has-inline-color has-black-color\"><strong><em>No v\u00eddeo abaixo, explico a defini\u00e7\u00e3o<\/em><\/strong><\/span><\/p>\n\n\n\n<figure class=\"wp-block-embed-youtube wp-block-embed is-type-video is-provider-youtube wp-embed-aspect-16-9 wp-has-aspect-ratio\"><div class=\"wp-block-embed__wrapper\">\n<iframe loading=\"lazy\" title=\"Partilha de Pr\u00e1ticas e Saberes Quilombolas - Gon\u00e7alina Almeida, quilombo Mata Cavalo- MT\" width=\"660\" height=\"371\" src=\"https:\/\/www.youtube.com\/embed\/VmIPVcgBCYw?feature=oembed\" frameborder=\"0\" allow=\"accelerometer; autoplay; clipboard-write; encrypted-media; gyroscope; picture-in-picture; web-share\" referrerpolicy=\"strict-origin-when-cross-origin\" allowfullscreen><\/iframe>\n<\/div><\/figure>\n\n\n\n<div class=\"wp-block-image\"><figure class=\"alignleft size-large is-resized\"><img loading=\"lazy\" decoding=\"async\" src=\"https:\/\/jornalfatosenoticias.com.br\/wp-content\/uploads\/2020\/02\/SEVENTUR-TURISMO.jpg\" alt=\"\" class=\"wp-image-32994\" width=\"240\" height=\"189\"\/><\/figure><\/div>\n\n\n\n<p><strong><span class=\"has-inline-color has-vivid-green-cyan-color\">\u201cHistorinhas do Quilombo\u201d<br><\/span><\/strong>Um dos projetos que est\u00e1 sendo realizado na escola neste ano de 2022, a partir da abordagem dos etnossaberes, \u00e9 a reescrita de cl\u00e1ssicos da literatura infantil. Cientes da car\u00eancia de acervo liter\u00e1rio que potencializassem o protagonismo de personagens quilombolas\/negros nos contos infantis e percebendo a necessidade de se trabalhar a melhoria da aprendizagem da leitura, escrita e interpreta\u00e7\u00e3o de texto, iniciamos o projeto \u201cHistorinhas do Quilombo\u201d com a reescrita de hist\u00f3rias como \u201cBranca de Neve e os Sete An\u00f5es\u201d, \u201cChapeuzinho Vermelho\u201d, dentre outros. Nossa proposta \u00e9 quebrar estere\u00f3tipos de base colonialistas, racistas, sexistas e machistas, presentes, historicamente, na maioria dos livros de literatura infantojuvenil trabalhados nas escolas, inclusive, nas escolas quilombolas.<\/p>\n\n\n\n<div class=\"wp-block-image\"><figure class=\"alignright size-large is-resized\"><img loading=\"lazy\" decoding=\"async\" src=\"https:\/\/jornalfatosenoticias.com.br\/wp-content\/uploads\/2022\/07\/Logo-Grupo-SEI.jpg\" alt=\"\" class=\"wp-image-31973\" width=\"327\" height=\"172\" srcset=\"https:\/\/jornalfatosenoticias.com.br\/wp-content\/uploads\/2022\/07\/Logo-Grupo-SEI.jpg 713w, https:\/\/jornalfatosenoticias.com.br\/wp-content\/uploads\/2022\/07\/Logo-Grupo-SEI-300x158.jpg 300w\" sizes=\"auto, (max-width: 327px) 100vw, 327px\" \/><\/figure><\/div>\n\n\n\n<p>As hist\u00f3rias dos cl\u00e1ssicos infantis est\u00e3o sendo reescritas com \u00eanfase nos tra\u00e7os espec\u00edficos das crian\u00e7as e jovens da comunidade, a fim de contribuir para a valoriza\u00e7\u00e3o das ideias de negritude, empoderamento e resist\u00eancia, da luta dos quilombolas e suas estrat\u00e9gias de liberta\u00e7\u00e3o em rela\u00e7\u00e3o aos processos de subalterniza\u00e7\u00e3o a que fomos submetidos historicamente.<br>A ideia principal \u00e9 possibilitar aos pequenos e pequenas a viv\u00eancia da pr\u00f3pria hist\u00f3ria, contribuindo dessa maneira para a constru\u00e7\u00e3o positiva de sua subjetividade, de sua autoestima, de sua forma\u00e7\u00e3o cr\u00edtica e reflexiva acerca da tem\u00e1tica \u00e9tnico-racial, cumprindo assim o que determinam as <strong><a href=\"http:\/\/etnicoracial.mec.gov.br\/images\/pdf\/diretrizes_curric_educ_quilombola.pdf\">Diretrizes Curriculares Nacionais para Educa\u00e7\u00e3o Escolar Quilombolas<\/a>.\u00a0<\/strong><\/p>\n\n\n\n<div class=\"wp-block-image\"><figure class=\"aligncenter size-large is-resized\"><img loading=\"lazy\" decoding=\"async\" src=\"https:\/\/jornalfatosenoticias.com.br\/wp-content\/uploads\/2020\/02\/Suinco-1024x389.jpg\" alt=\"\" class=\"wp-image-28883\" width=\"298\" height=\"113\" srcset=\"https:\/\/jornalfatosenoticias.com.br\/wp-content\/uploads\/2020\/02\/Suinco-1024x389.jpg 1024w, https:\/\/jornalfatosenoticias.com.br\/wp-content\/uploads\/2020\/02\/Suinco-300x114.jpg 300w, https:\/\/jornalfatosenoticias.com.br\/wp-content\/uploads\/2020\/02\/Suinco-768x292.jpg 768w, https:\/\/jornalfatosenoticias.com.br\/wp-content\/uploads\/2020\/02\/Suinco.jpg 1220w\" sizes=\"auto, (max-width: 298px) 100vw, 298px\" \/><\/figure><\/div>\n\n\n\n<p>O documento certifica que os discentes quilombolas devem ter acesso a hist\u00f3ria, cujo alicerce tenha refer\u00eancias nas viv\u00eancias e experi\u00eancias das\/dos estudantes da comunidade quilombola, mostrando a beleza negra, a reconstru\u00e7\u00e3o da cultura silenciada, a afirma\u00e7\u00e3o dos cabelos crespos\/cacheados, o respeito pela ancestralidade, a luta, a resist\u00eancia e o empoderamento das comunidades quilombolas e das popula\u00e7\u00f5es negras.<br>As personagens j\u00e1 reescritas e trabalhadas na escola foram \u201cNegra Bela e os sete Pantaneirinhos\u201d, escrita a partir da hist\u00f3ria de \u201cBranca de Neve e os Sete An\u00f5es\u201d e \u201cChapeuzinho Afro\u201d, escrita a partir do cl\u00e1ssico \u201cChapeuzinho Vermelho\u201d. Essas hist\u00f3rias trabalham a valoriza\u00e7\u00e3o do territ\u00f3rio quilombola, real\u00e7ando a beleza paisag\u00edstica do lugar, a est\u00e9tica da negra\/quilombola \u00e9 exaltada, e a luta quilombola ganha espa\u00e7o.<\/p>\n\n\n\n<div class=\"wp-block-image\"><figure class=\"aligncenter size-large is-resized\"><img loading=\"lazy\" decoding=\"async\" src=\"https:\/\/jornalfatosenoticias.com.br\/wp-content\/uploads\/2022\/08\/logo-locau-veiculos-1024x573.png\" alt=\"\" class=\"wp-image-33078\" width=\"278\" height=\"155\"\/><\/figure><\/div>\n\n\n\n<p>Para a leitura das hist\u00f3rias, as crian\u00e7as s\u00e3o convidadas a sentar em roda na sala toda decorada, e os contadores v\u00eam caracterizadas dos personagens, contando a hist\u00f3ria com entona\u00e7\u00e3o e muita criatividade. Os olhos dos estudantes brilham. Isso vem contribuindo bastante para a melhoria na leitura e escrita, pois tamb\u00e9m s\u00e3o trabalhados interpreta\u00e7\u00e3o de texto e atividades escritas a partir da hist\u00f3ria.<\/p>\n\n\n\n<div class=\"wp-block-image\"><figure class=\"aligncenter size-large is-resized\"><img loading=\"lazy\" decoding=\"async\" src=\"https:\/\/jornalfatosenoticias.com.br\/wp-content\/uploads\/2022\/02\/Serra-Pack-459.png\" alt=\"\" class=\"wp-image-27471\" width=\"288\" height=\"115\"\/><\/figure><\/div>\n\n\n\n<p><strong><em>Fonte: <a href=\"https:\/\/porvir.org\/escola-quilombola-recria-classicos-infantis-a-partir-da-identidade-da-comunidade\/\">Porvir<\/a><\/em><\/strong><\/p>\n","protected":false},"excerpt":{"rendered":"<p>Projeto &#8220;Historinhas do Quilombo&#8221; transforma Chapeuzinho Vermelho em Chapeuzinho Afro e reescreve outras hist\u00f3rias cl\u00e1ssicas valorizando as crian\u00e7as e os jovens do territ\u00f3rio quilombola de Mata Cavalo (MT) O territ\u00f3rio quilombola de Mata Cavalo est\u00e1 localizado no munic\u00edpio de Nossa Senhora do Livramento, a 50 quil\u00f4metros da capital do Mato Grosso, Cuiab\u00e1. Nossa comunidade, que [&hellip;]<\/p>\n","protected":false},"author":2,"featured_media":33325,"comment_status":"open","ping_status":"open","sticky":false,"template":"","format":"standard","meta":{"footnotes":""},"categories":[7],"tags":[11833,5851,2203,9651,15689],"class_list":["post-33324","post","type-post","status-publish","format-standard","has-post-thumbnail","hentry","category-educacao","tag-aprendizagem-colaborativa","tag-comunidade-quilombola","tag-ensino-fundamental","tag-ensino-medio","tag-uso-do-territorio"],"yoast_head":"<!-- This site is optimized with the Yoast SEO plugin v26.5 - https:\/\/yoast.com\/wordpress\/plugins\/seo\/ -->\n<title>Escola quilombola recria cl\u00e1ssicos infantis a partir da identidade da comunidade - Jornal Fatos e Not\u00edcias<\/title>\n<meta name=\"robots\" content=\"index, follow, max-snippet:-1, max-image-preview:large, max-video-preview:-1\" \/>\n<link rel=\"canonical\" href=\"https:\/\/jornalfatosenoticias.com.br\/index.php\/2022\/08\/18\/escola-quilombola-recria-classicos-infantis-a-partir-da-identidade-da-comunidade\/\" \/>\n<meta property=\"og:locale\" content=\"pt_BR\" \/>\n<meta property=\"og:type\" content=\"article\" \/>\n<meta property=\"og:title\" content=\"Escola quilombola recria cl\u00e1ssicos infantis a partir da identidade da comunidade - Jornal Fatos e Not\u00edcias\" \/>\n<meta property=\"og:description\" content=\"Projeto &#8220;Historinhas do Quilombo&#8221; transforma Chapeuzinho Vermelho em Chapeuzinho Afro e reescreve outras hist\u00f3rias cl\u00e1ssicas valorizando as crian\u00e7as e os jovens do territ\u00f3rio quilombola de Mata Cavalo (MT) O territ\u00f3rio quilombola de Mata Cavalo est\u00e1 localizado no munic\u00edpio de Nossa Senhora do Livramento, a 50 quil\u00f4metros da capital do Mato Grosso, Cuiab\u00e1. Nossa comunidade, que [&hellip;]\" \/>\n<meta property=\"og:url\" content=\"https:\/\/jornalfatosenoticias.com.br\/index.php\/2022\/08\/18\/escola-quilombola-recria-classicos-infantis-a-partir-da-identidade-da-comunidade\/\" \/>\n<meta property=\"og:site_name\" content=\"Jornal Fatos e Not\u00edcias\" \/>\n<meta property=\"article:published_time\" content=\"2022-08-18T16:07:00+00:00\" \/>\n<meta property=\"article:modified_time\" content=\"2022-08-18T16:07:02+00:00\" \/>\n<meta property=\"og:image\" content=\"https:\/\/jornalfatosenoticias.com.br\/wp-content\/uploads\/2022\/08\/escola-quilombola.jpg\" \/>\n\t<meta property=\"og:image:width\" content=\"1000\" \/>\n\t<meta property=\"og:image:height\" content=\"604\" \/>\n\t<meta property=\"og:image:type\" content=\"image\/jpeg\" \/>\n<meta name=\"author\" content=\"Luzimara Fernandes\" \/>\n<meta name=\"twitter:card\" content=\"summary_large_image\" \/>\n<meta name=\"twitter:label1\" content=\"Escrito por\" \/>\n\t<meta name=\"twitter:data1\" content=\"Luzimara Fernandes\" \/>\n\t<meta name=\"twitter:label2\" content=\"Est. tempo de leitura\" \/>\n\t<meta name=\"twitter:data2\" content=\"4 minutos\" \/>\n<script type=\"application\/ld+json\" class=\"yoast-schema-graph\">{\"@context\":\"https:\/\/schema.org\",\"@graph\":[{\"@type\":\"Article\",\"@id\":\"https:\/\/jornalfatosenoticias.com.br\/index.php\/2022\/08\/18\/escola-quilombola-recria-classicos-infantis-a-partir-da-identidade-da-comunidade\/#article\",\"isPartOf\":{\"@id\":\"https:\/\/jornalfatosenoticias.com.br\/index.php\/2022\/08\/18\/escola-quilombola-recria-classicos-infantis-a-partir-da-identidade-da-comunidade\/\"},\"author\":{\"name\":\"Luzimara Fernandes\",\"@id\":\"https:\/\/jornalfatosenoticias.com.br\/#\/schema\/person\/d63837fa13ac8666eb9e74e0985d6f81\"},\"headline\":\"Escola quilombola recria cl\u00e1ssicos infantis a partir da identidade da comunidade\",\"datePublished\":\"2022-08-18T16:07:00+00:00\",\"dateModified\":\"2022-08-18T16:07:02+00:00\",\"mainEntityOfPage\":{\"@id\":\"https:\/\/jornalfatosenoticias.com.br\/index.php\/2022\/08\/18\/escola-quilombola-recria-classicos-infantis-a-partir-da-identidade-da-comunidade\/\"},\"wordCount\":787,\"commentCount\":0,\"publisher\":{\"@id\":\"https:\/\/jornalfatosenoticias.com.br\/#organization\"},\"image\":{\"@id\":\"https:\/\/jornalfatosenoticias.com.br\/index.php\/2022\/08\/18\/escola-quilombola-recria-classicos-infantis-a-partir-da-identidade-da-comunidade\/#primaryimage\"},\"thumbnailUrl\":\"https:\/\/jornalfatosenoticias.com.br\/wp-content\/uploads\/2022\/08\/escola-quilombola.jpg\",\"keywords\":[\"aprendizagem colaborativa\",\"comunidade quilombola\",\"ensino fundamental\",\"ensino m\u00e9dio\",\"uso do territ\u00f3rio\"],\"articleSection\":[\"Educa\u00e7\u00e3o\"],\"inLanguage\":\"pt-BR\",\"potentialAction\":[{\"@type\":\"CommentAction\",\"name\":\"Comment\",\"target\":[\"https:\/\/jornalfatosenoticias.com.br\/index.php\/2022\/08\/18\/escola-quilombola-recria-classicos-infantis-a-partir-da-identidade-da-comunidade\/#respond\"]}]},{\"@type\":\"WebPage\",\"@id\":\"https:\/\/jornalfatosenoticias.com.br\/index.php\/2022\/08\/18\/escola-quilombola-recria-classicos-infantis-a-partir-da-identidade-da-comunidade\/\",\"url\":\"https:\/\/jornalfatosenoticias.com.br\/index.php\/2022\/08\/18\/escola-quilombola-recria-classicos-infantis-a-partir-da-identidade-da-comunidade\/\",\"name\":\"Escola quilombola recria cl\u00e1ssicos infantis a partir da identidade da comunidade - Jornal Fatos e Not\u00edcias\",\"isPartOf\":{\"@id\":\"https:\/\/jornalfatosenoticias.com.br\/#website\"},\"primaryImageOfPage\":{\"@id\":\"https:\/\/jornalfatosenoticias.com.br\/index.php\/2022\/08\/18\/escola-quilombola-recria-classicos-infantis-a-partir-da-identidade-da-comunidade\/#primaryimage\"},\"image\":{\"@id\":\"https:\/\/jornalfatosenoticias.com.br\/index.php\/2022\/08\/18\/escola-quilombola-recria-classicos-infantis-a-partir-da-identidade-da-comunidade\/#primaryimage\"},\"thumbnailUrl\":\"https:\/\/jornalfatosenoticias.com.br\/wp-content\/uploads\/2022\/08\/escola-quilombola.jpg\",\"datePublished\":\"2022-08-18T16:07:00+00:00\",\"dateModified\":\"2022-08-18T16:07:02+00:00\",\"breadcrumb\":{\"@id\":\"https:\/\/jornalfatosenoticias.com.br\/index.php\/2022\/08\/18\/escola-quilombola-recria-classicos-infantis-a-partir-da-identidade-da-comunidade\/#breadcrumb\"},\"inLanguage\":\"pt-BR\",\"potentialAction\":[{\"@type\":\"ReadAction\",\"target\":[\"https:\/\/jornalfatosenoticias.com.br\/index.php\/2022\/08\/18\/escola-quilombola-recria-classicos-infantis-a-partir-da-identidade-da-comunidade\/\"]}]},{\"@type\":\"ImageObject\",\"inLanguage\":\"pt-BR\",\"@id\":\"https:\/\/jornalfatosenoticias.com.br\/index.php\/2022\/08\/18\/escola-quilombola-recria-classicos-infantis-a-partir-da-identidade-da-comunidade\/#primaryimage\",\"url\":\"https:\/\/jornalfatosenoticias.com.br\/wp-content\/uploads\/2022\/08\/escola-quilombola.jpg\",\"contentUrl\":\"https:\/\/jornalfatosenoticias.com.br\/wp-content\/uploads\/2022\/08\/escola-quilombola.jpg\",\"width\":1000,\"height\":604},{\"@type\":\"BreadcrumbList\",\"@id\":\"https:\/\/jornalfatosenoticias.com.br\/index.php\/2022\/08\/18\/escola-quilombola-recria-classicos-infantis-a-partir-da-identidade-da-comunidade\/#breadcrumb\",\"itemListElement\":[{\"@type\":\"ListItem\",\"position\":1,\"name\":\"In\u00edcio\",\"item\":\"https:\/\/jornalfatosenoticias.com.br\/\"},{\"@type\":\"ListItem\",\"position\":2,\"name\":\"Escola quilombola recria cl\u00e1ssicos infantis a partir da identidade da comunidade\"}]},{\"@type\":\"WebSite\",\"@id\":\"https:\/\/jornalfatosenoticias.com.br\/#website\",\"url\":\"https:\/\/jornalfatosenoticias.com.br\/\",\"name\":\"Jornal Fatos e Not\u00edcias\",\"description\":\"Not\u00edcias em geral\",\"publisher\":{\"@id\":\"https:\/\/jornalfatosenoticias.com.br\/#organization\"},\"potentialAction\":[{\"@type\":\"SearchAction\",\"target\":{\"@type\":\"EntryPoint\",\"urlTemplate\":\"https:\/\/jornalfatosenoticias.com.br\/?s={search_term_string}\"},\"query-input\":{\"@type\":\"PropertyValueSpecification\",\"valueRequired\":true,\"valueName\":\"search_term_string\"}}],\"inLanguage\":\"pt-BR\"},{\"@type\":\"Organization\",\"@id\":\"https:\/\/jornalfatosenoticias.com.br\/#organization\",\"name\":\"Jornal Fatos e Not\u00edcias\",\"url\":\"https:\/\/jornalfatosenoticias.com.br\/\",\"logo\":{\"@type\":\"ImageObject\",\"inLanguage\":\"pt-BR\",\"@id\":\"https:\/\/jornalfatosenoticias.com.br\/#\/schema\/logo\/image\/\",\"url\":\"https:\/\/jornalfatosenoticias.com.br\/wp-content\/uploads\/2020\/02\/logo120.png\",\"contentUrl\":\"https:\/\/jornalfatosenoticias.com.br\/wp-content\/uploads\/2020\/02\/logo120.png\",\"width\":1227,\"height\":120,\"caption\":\"Jornal Fatos e Not\u00edcias\"},\"image\":{\"@id\":\"https:\/\/jornalfatosenoticias.com.br\/#\/schema\/logo\/image\/\"}},{\"@type\":\"Person\",\"@id\":\"https:\/\/jornalfatosenoticias.com.br\/#\/schema\/person\/d63837fa13ac8666eb9e74e0985d6f81\",\"name\":\"Luzimara Fernandes\",\"image\":{\"@type\":\"ImageObject\",\"inLanguage\":\"pt-BR\",\"@id\":\"https:\/\/jornalfatosenoticias.com.br\/#\/schema\/person\/image\/\",\"url\":\"https:\/\/jornalfatosenoticias.com.br\/wp-content\/uploads\/2025\/05\/EU_portal.jpg\",\"contentUrl\":\"https:\/\/jornalfatosenoticias.com.br\/wp-content\/uploads\/2025\/05\/EU_portal.jpg\",\"caption\":\"Luzimara Fernandes\"},\"description\":\"Jornalista MTB 2358-ES\",\"sameAs\":[\"https:\/\/jornalfatosenoticias.com.br\"],\"url\":\"https:\/\/jornalfatosenoticias.com.br\/index.php\/author\/luzimara\/\"}]}<\/script>\n<!-- \/ Yoast SEO plugin. -->","yoast_head_json":{"title":"Escola quilombola recria cl\u00e1ssicos infantis a partir da identidade da comunidade - Jornal Fatos e Not\u00edcias","robots":{"index":"index","follow":"follow","max-snippet":"max-snippet:-1","max-image-preview":"max-image-preview:large","max-video-preview":"max-video-preview:-1"},"canonical":"https:\/\/jornalfatosenoticias.com.br\/index.php\/2022\/08\/18\/escola-quilombola-recria-classicos-infantis-a-partir-da-identidade-da-comunidade\/","og_locale":"pt_BR","og_type":"article","og_title":"Escola quilombola recria cl\u00e1ssicos infantis a partir da identidade da comunidade - Jornal Fatos e Not\u00edcias","og_description":"Projeto &#8220;Historinhas do Quilombo&#8221; transforma Chapeuzinho Vermelho em Chapeuzinho Afro e reescreve outras hist\u00f3rias cl\u00e1ssicas valorizando as crian\u00e7as e os jovens do territ\u00f3rio quilombola de Mata Cavalo (MT) O territ\u00f3rio quilombola de Mata Cavalo est\u00e1 localizado no munic\u00edpio de Nossa Senhora do Livramento, a 50 quil\u00f4metros da capital do Mato Grosso, Cuiab\u00e1. Nossa comunidade, que [&hellip;]","og_url":"https:\/\/jornalfatosenoticias.com.br\/index.php\/2022\/08\/18\/escola-quilombola-recria-classicos-infantis-a-partir-da-identidade-da-comunidade\/","og_site_name":"Jornal Fatos e Not\u00edcias","article_published_time":"2022-08-18T16:07:00+00:00","article_modified_time":"2022-08-18T16:07:02+00:00","og_image":[{"width":1000,"height":604,"url":"https:\/\/jornalfatosenoticias.com.br\/wp-content\/uploads\/2022\/08\/escola-quilombola.jpg","type":"image\/jpeg"}],"author":"Luzimara Fernandes","twitter_card":"summary_large_image","twitter_misc":{"Escrito por":"Luzimara Fernandes","Est. tempo de leitura":"4 minutos"},"schema":{"@context":"https:\/\/schema.org","@graph":[{"@type":"Article","@id":"https:\/\/jornalfatosenoticias.com.br\/index.php\/2022\/08\/18\/escola-quilombola-recria-classicos-infantis-a-partir-da-identidade-da-comunidade\/#article","isPartOf":{"@id":"https:\/\/jornalfatosenoticias.com.br\/index.php\/2022\/08\/18\/escola-quilombola-recria-classicos-infantis-a-partir-da-identidade-da-comunidade\/"},"author":{"name":"Luzimara Fernandes","@id":"https:\/\/jornalfatosenoticias.com.br\/#\/schema\/person\/d63837fa13ac8666eb9e74e0985d6f81"},"headline":"Escola quilombola recria cl\u00e1ssicos infantis a partir da identidade da comunidade","datePublished":"2022-08-18T16:07:00+00:00","dateModified":"2022-08-18T16:07:02+00:00","mainEntityOfPage":{"@id":"https:\/\/jornalfatosenoticias.com.br\/index.php\/2022\/08\/18\/escola-quilombola-recria-classicos-infantis-a-partir-da-identidade-da-comunidade\/"},"wordCount":787,"commentCount":0,"publisher":{"@id":"https:\/\/jornalfatosenoticias.com.br\/#organization"},"image":{"@id":"https:\/\/jornalfatosenoticias.com.br\/index.php\/2022\/08\/18\/escola-quilombola-recria-classicos-infantis-a-partir-da-identidade-da-comunidade\/#primaryimage"},"thumbnailUrl":"https:\/\/jornalfatosenoticias.com.br\/wp-content\/uploads\/2022\/08\/escola-quilombola.jpg","keywords":["aprendizagem colaborativa","comunidade quilombola","ensino fundamental","ensino m\u00e9dio","uso do territ\u00f3rio"],"articleSection":["Educa\u00e7\u00e3o"],"inLanguage":"pt-BR","potentialAction":[{"@type":"CommentAction","name":"Comment","target":["https:\/\/jornalfatosenoticias.com.br\/index.php\/2022\/08\/18\/escola-quilombola-recria-classicos-infantis-a-partir-da-identidade-da-comunidade\/#respond"]}]},{"@type":"WebPage","@id":"https:\/\/jornalfatosenoticias.com.br\/index.php\/2022\/08\/18\/escola-quilombola-recria-classicos-infantis-a-partir-da-identidade-da-comunidade\/","url":"https:\/\/jornalfatosenoticias.com.br\/index.php\/2022\/08\/18\/escola-quilombola-recria-classicos-infantis-a-partir-da-identidade-da-comunidade\/","name":"Escola quilombola recria cl\u00e1ssicos infantis a partir da identidade da comunidade - Jornal Fatos e Not\u00edcias","isPartOf":{"@id":"https:\/\/jornalfatosenoticias.com.br\/#website"},"primaryImageOfPage":{"@id":"https:\/\/jornalfatosenoticias.com.br\/index.php\/2022\/08\/18\/escola-quilombola-recria-classicos-infantis-a-partir-da-identidade-da-comunidade\/#primaryimage"},"image":{"@id":"https:\/\/jornalfatosenoticias.com.br\/index.php\/2022\/08\/18\/escola-quilombola-recria-classicos-infantis-a-partir-da-identidade-da-comunidade\/#primaryimage"},"thumbnailUrl":"https:\/\/jornalfatosenoticias.com.br\/wp-content\/uploads\/2022\/08\/escola-quilombola.jpg","datePublished":"2022-08-18T16:07:00+00:00","dateModified":"2022-08-18T16:07:02+00:00","breadcrumb":{"@id":"https:\/\/jornalfatosenoticias.com.br\/index.php\/2022\/08\/18\/escola-quilombola-recria-classicos-infantis-a-partir-da-identidade-da-comunidade\/#breadcrumb"},"inLanguage":"pt-BR","potentialAction":[{"@type":"ReadAction","target":["https:\/\/jornalfatosenoticias.com.br\/index.php\/2022\/08\/18\/escola-quilombola-recria-classicos-infantis-a-partir-da-identidade-da-comunidade\/"]}]},{"@type":"ImageObject","inLanguage":"pt-BR","@id":"https:\/\/jornalfatosenoticias.com.br\/index.php\/2022\/08\/18\/escola-quilombola-recria-classicos-infantis-a-partir-da-identidade-da-comunidade\/#primaryimage","url":"https:\/\/jornalfatosenoticias.com.br\/wp-content\/uploads\/2022\/08\/escola-quilombola.jpg","contentUrl":"https:\/\/jornalfatosenoticias.com.br\/wp-content\/uploads\/2022\/08\/escola-quilombola.jpg","width":1000,"height":604},{"@type":"BreadcrumbList","@id":"https:\/\/jornalfatosenoticias.com.br\/index.php\/2022\/08\/18\/escola-quilombola-recria-classicos-infantis-a-partir-da-identidade-da-comunidade\/#breadcrumb","itemListElement":[{"@type":"ListItem","position":1,"name":"In\u00edcio","item":"https:\/\/jornalfatosenoticias.com.br\/"},{"@type":"ListItem","position":2,"name":"Escola quilombola recria cl\u00e1ssicos infantis a partir da identidade da comunidade"}]},{"@type":"WebSite","@id":"https:\/\/jornalfatosenoticias.com.br\/#website","url":"https:\/\/jornalfatosenoticias.com.br\/","name":"Jornal Fatos e Not\u00edcias","description":"Not\u00edcias em geral","publisher":{"@id":"https:\/\/jornalfatosenoticias.com.br\/#organization"},"potentialAction":[{"@type":"SearchAction","target":{"@type":"EntryPoint","urlTemplate":"https:\/\/jornalfatosenoticias.com.br\/?s={search_term_string}"},"query-input":{"@type":"PropertyValueSpecification","valueRequired":true,"valueName":"search_term_string"}}],"inLanguage":"pt-BR"},{"@type":"Organization","@id":"https:\/\/jornalfatosenoticias.com.br\/#organization","name":"Jornal Fatos e Not\u00edcias","url":"https:\/\/jornalfatosenoticias.com.br\/","logo":{"@type":"ImageObject","inLanguage":"pt-BR","@id":"https:\/\/jornalfatosenoticias.com.br\/#\/schema\/logo\/image\/","url":"https:\/\/jornalfatosenoticias.com.br\/wp-content\/uploads\/2020\/02\/logo120.png","contentUrl":"https:\/\/jornalfatosenoticias.com.br\/wp-content\/uploads\/2020\/02\/logo120.png","width":1227,"height":120,"caption":"Jornal Fatos e Not\u00edcias"},"image":{"@id":"https:\/\/jornalfatosenoticias.com.br\/#\/schema\/logo\/image\/"}},{"@type":"Person","@id":"https:\/\/jornalfatosenoticias.com.br\/#\/schema\/person\/d63837fa13ac8666eb9e74e0985d6f81","name":"Luzimara Fernandes","image":{"@type":"ImageObject","inLanguage":"pt-BR","@id":"https:\/\/jornalfatosenoticias.com.br\/#\/schema\/person\/image\/","url":"https:\/\/jornalfatosenoticias.com.br\/wp-content\/uploads\/2025\/05\/EU_portal.jpg","contentUrl":"https:\/\/jornalfatosenoticias.com.br\/wp-content\/uploads\/2025\/05\/EU_portal.jpg","caption":"Luzimara Fernandes"},"description":"Jornalista MTB 2358-ES","sameAs":["https:\/\/jornalfatosenoticias.com.br"],"url":"https:\/\/jornalfatosenoticias.com.br\/index.php\/author\/luzimara\/"}]}},"cc_featured_image_caption":{"caption_text":"","source_text":"","source_url":""},"jetpack_featured_media_url":"https:\/\/jornalfatosenoticias.com.br\/wp-content\/uploads\/2022\/08\/escola-quilombola.jpg","_links":{"self":[{"href":"https:\/\/jornalfatosenoticias.com.br\/index.php\/wp-json\/wp\/v2\/posts\/33324","targetHints":{"allow":["GET"]}}],"collection":[{"href":"https:\/\/jornalfatosenoticias.com.br\/index.php\/wp-json\/wp\/v2\/posts"}],"about":[{"href":"https:\/\/jornalfatosenoticias.com.br\/index.php\/wp-json\/wp\/v2\/types\/post"}],"author":[{"embeddable":true,"href":"https:\/\/jornalfatosenoticias.com.br\/index.php\/wp-json\/wp\/v2\/users\/2"}],"replies":[{"embeddable":true,"href":"https:\/\/jornalfatosenoticias.com.br\/index.php\/wp-json\/wp\/v2\/comments?post=33324"}],"version-history":[{"count":0,"href":"https:\/\/jornalfatosenoticias.com.br\/index.php\/wp-json\/wp\/v2\/posts\/33324\/revisions"}],"wp:featuredmedia":[{"embeddable":true,"href":"https:\/\/jornalfatosenoticias.com.br\/index.php\/wp-json\/wp\/v2\/media\/33325"}],"wp:attachment":[{"href":"https:\/\/jornalfatosenoticias.com.br\/index.php\/wp-json\/wp\/v2\/media?parent=33324"}],"wp:term":[{"taxonomy":"category","embeddable":true,"href":"https:\/\/jornalfatosenoticias.com.br\/index.php\/wp-json\/wp\/v2\/categories?post=33324"},{"taxonomy":"post_tag","embeddable":true,"href":"https:\/\/jornalfatosenoticias.com.br\/index.php\/wp-json\/wp\/v2\/tags?post=33324"}],"curies":[{"name":"wp","href":"https:\/\/api.w.org\/{rel}","templated":true}]}}