{"id":33346,"date":"2022-08-18T13:52:34","date_gmt":"2022-08-18T16:52:34","guid":{"rendered":"https:\/\/jornalfatosenoticias.com.br\/?p=33346"},"modified":"2022-08-18T13:52:37","modified_gmt":"2022-08-18T16:52:37","slug":"fontes-renovaveis-na-matriz-energetica-devem-aumentar-em-2022-diz-mme","status":"publish","type":"post","link":"https:\/\/jornalfatosenoticias.com.br\/index.php\/2022\/08\/18\/fontes-renovaveis-na-matriz-energetica-devem-aumentar-em-2022-diz-mme\/","title":{"rendered":"Fontes renov\u00e1veis na matriz energ\u00e9tica devem aumentar em 2022, diz MME"},"content":{"rendered":"\n<p><em><span class=\"has-inline-color has-black-color\">Previs\u00e3o consta do Boletim Mensal de Energia<\/span><\/em><\/p>\n\n\n\n<div class=\"wp-block-image\"><figure class=\"aligncenter size-large\"><img loading=\"lazy\" decoding=\"async\" width=\"1024\" height=\"100\" src=\"https:\/\/jornalfatosenoticias.com.br\/wp-content\/uploads\/2020\/02\/banner_ferramentas-1024x100.jpg\" alt=\"\" class=\"wp-image-1258\" srcset=\"https:\/\/jornalfatosenoticias.com.br\/wp-content\/uploads\/2020\/02\/banner_ferramentas-1024x100.jpg 1024w, https:\/\/jornalfatosenoticias.com.br\/wp-content\/uploads\/2020\/02\/banner_ferramentas-300x29.jpg 300w, https:\/\/jornalfatosenoticias.com.br\/wp-content\/uploads\/2020\/02\/banner_ferramentas-768x75.jpg 768w, https:\/\/jornalfatosenoticias.com.br\/wp-content\/uploads\/2020\/02\/banner_ferramentas.jpg 1227w\" sizes=\"auto, (max-width: 1024px) 100vw, 1024px\" \/><\/figure><\/div>\n\n\n\n<p>Levantamento divulgado pelo Minist\u00e9rio de Minas e Energia (MME) referente ao m\u00eas de maio informa que, em 2022, a Oferta Interna de Energia (OIE) dever\u00e1 crescer menos que o consumo final de energia nos setores econ\u00f4micos. Segundo o Boletim Mensal de Energia, isso ocorrer\u00e1 devido \u00e0 redu\u00e7\u00e3o das perdas de energia na gera\u00e7\u00e3o termel\u00e9trica, decorrente da \u201crecupera\u00e7\u00e3o da gera\u00e7\u00e3o hidr\u00e1ulica\u201d, ap\u00f3s apresentar recuo de 8,5% em 2021.<\/p>\n\n\n\n<div class=\"wp-block-image\"><figure class=\"alignleft size-large\"><img loading=\"lazy\" decoding=\"async\" width=\"300\" height=\"250\" src=\"https:\/\/jornalfatosenoticias.com.br\/wp-content\/uploads\/2022\/08\/arte-Casarao.jpg\" alt=\"\" class=\"wp-image-33178\"\/><\/figure><\/div>\n\n\n\n<p>Dessa forma, a expectativa \u00e9 que, este ano, as fontes renov\u00e1veis aumentem sua participa\u00e7\u00e3o na matriz el\u00e9trica. A estimativa projetada pelo MME \u00e9 que a OIE aumente em 1,3% (com 305,1 milh\u00f5es de toneladas equivalente de petr\u00f3leo) e 46,4% de fontes renov\u00e1veis, em rela\u00e7\u00e3o a 2021.<br>Segundo o boletim que, ao acompanhar vari\u00e1veis (energ\u00e9ticas e n\u00e3o energ\u00e9ticas) busca estimar o comportamento mensal e acumulado da demanda total de energia do Pa\u00eds \u2014 o consumo final de energia deve chegar a 2,5% devido a expans\u00e3o da participa\u00e7\u00e3o hidr\u00e1ulica.<\/p>\n\n\n\n<div class=\"wp-block-image\"><figure class=\"aligncenter size-large is-resized\"><img loading=\"lazy\" decoding=\"async\" src=\"https:\/\/jornalfatosenoticias.com.br\/wp-content\/uploads\/2020\/02\/SEVENTUR-TURISMO.jpg\" alt=\"\" class=\"wp-image-32994\" width=\"266\" height=\"210\"\/><\/figure><\/div>\n\n\n\n<blockquote class=\"wp-block-quote is-layout-flow wp-block-quote-is-layout-flow\"><p><span class=\"has-inline-color has-luminous-vivid-orange-color\">\u201cPara a Oferta Interna de Energia El\u00e9trica (OIEE), espera-se o aumento de 3% na matriz energ\u00e9tica brasileira, sendo as fontes de energia renov\u00e1veis respons\u00e1veis por mais de 84% da gera\u00e7\u00e3o el\u00e9trica\u201d, informou o MME, referindo-se aos dados espec\u00edficos para avalia\u00e7\u00e3o da oferta exclusivamente el\u00e9trica. Com rela\u00e7\u00e3o \u00e0 oferta de energia hidr\u00e1ulica no pa\u00eds, a alta \u00e9 de 8,9% no ano.<\/span><\/p><\/blockquote>\n\n\n\n<div class=\"wp-block-image\"><figure class=\"aligncenter size-large is-resized\"><img loading=\"lazy\" decoding=\"async\" src=\"https:\/\/jornalfatosenoticias.com.br\/wp-content\/uploads\/2022\/07\/Logo-Grupo-SEI.jpg\" alt=\"\" class=\"wp-image-31973\" width=\"288\" height=\"151\" srcset=\"https:\/\/jornalfatosenoticias.com.br\/wp-content\/uploads\/2022\/07\/Logo-Grupo-SEI.jpg 713w, https:\/\/jornalfatosenoticias.com.br\/wp-content\/uploads\/2022\/07\/Logo-Grupo-SEI-300x158.jpg 300w\" sizes=\"auto, (max-width: 288px) 100vw, 288px\" \/><\/figure><\/div>\n\n\n\n<p>De acordo com o levantamento, o consumo de eletricidade aumentou 4,2% na compara\u00e7\u00e3o com maio de 2021. \u201cO consumo comercial tamb\u00e9m segue em destaque, com alta de 13%; o residencial com 2,8%; e o industrial com 2,3%\u201d.<\/p>\n\n\n\n<div class=\"wp-block-image\"><figure class=\"aligncenter size-large is-resized\"><img loading=\"lazy\" decoding=\"async\" src=\"https:\/\/jornalfatosenoticias.com.br\/wp-content\/uploads\/2022\/08\/logo-locau-veiculos-1024x573.png\" alt=\"\" class=\"wp-image-33078\" width=\"287\" height=\"160\"\/><\/figure><\/div>\n\n\n\n<p><strong><span class=\"has-inline-color has-black-color\">Tarifas<br><\/span><\/strong>O boletim destaca, tamb\u00e9m, que as tarifas de energia el\u00e9trica apresentam altas \u201csignificativas\u201d no acumulado do ano, comparado a 2021, ficando \u201cacima de 20% para cada um dos setores residencial, comercial e industrial\u201d, ainda que tendo apresentado recuo em abril. A tend\u00eancia, no entanto, \u00e9, segundo o minist\u00e9rio, de \u201cbaixa gradativa\u201d para os pr\u00f3ximos meses de 2022.<\/p>\n\n\n\n<div class=\"wp-block-image\"><figure class=\"aligncenter size-large is-resized\"><img loading=\"lazy\" decoding=\"async\" src=\"https:\/\/jornalfatosenoticias.com.br\/wp-content\/uploads\/2020\/02\/Serra-Grande-1024x160.png\" alt=\"\" class=\"wp-image-7836\" width=\"382\" height=\"59\"\/><\/figure><\/div>\n\n\n\n<p><strong><em>Fonte: <a href=\"https:\/\/agenciabrasil.ebc.com.br\/economia\/noticia\/2022-08\/fontes-renovaveis-na-matriz-energetica-devem-aumentar-em-2022-diz-mme\">Ag\u00eancia Brasil<\/a><\/em><\/strong><\/p>\n","protected":false},"excerpt":{"rendered":"<p>Previs\u00e3o consta do Boletim Mensal de Energia Levantamento divulgado pelo Minist\u00e9rio de Minas e Energia (MME) referente ao m\u00eas de maio informa que, em 2022, a Oferta Interna de Energia (OIE) dever\u00e1 crescer menos que o consumo final de energia nos setores econ\u00f4micos. Segundo o Boletim Mensal de Energia, isso ocorrer\u00e1 devido \u00e0 redu\u00e7\u00e3o das [&hellip;]<\/p>\n","protected":false},"author":2,"featured_media":33347,"comment_status":"open","ping_status":"open","sticky":false,"template":"","format":"standard","meta":{"footnotes":""},"categories":[9],"tags":[15697,10662,15419,3899],"class_list":["post-33346","post","type-post","status-publish","format-standard","has-post-thumbnail","hentry","category-economia","tag-boletim-mensal-de-energia","tag-fontes-renovaveis","tag-matriz-energetica","tag-mme"],"yoast_head":"<!-- This site is optimized with the Yoast SEO plugin v26.5 - https:\/\/yoast.com\/wordpress\/plugins\/seo\/ -->\n<title>Fontes renov\u00e1veis na matriz energ\u00e9tica devem aumentar em 2022, diz MME - Jornal Fatos e Not\u00edcias<\/title>\n<meta name=\"robots\" content=\"index, follow, max-snippet:-1, max-image-preview:large, max-video-preview:-1\" \/>\n<link rel=\"canonical\" href=\"https:\/\/jornalfatosenoticias.com.br\/index.php\/2022\/08\/18\/fontes-renovaveis-na-matriz-energetica-devem-aumentar-em-2022-diz-mme\/\" \/>\n<meta property=\"og:locale\" content=\"pt_BR\" \/>\n<meta property=\"og:type\" content=\"article\" \/>\n<meta property=\"og:title\" content=\"Fontes renov\u00e1veis na matriz energ\u00e9tica devem aumentar em 2022, diz MME - Jornal Fatos e Not\u00edcias\" \/>\n<meta property=\"og:description\" content=\"Previs\u00e3o consta do Boletim Mensal de Energia Levantamento divulgado pelo Minist\u00e9rio de Minas e Energia (MME) referente ao m\u00eas de maio informa que, em 2022, a Oferta Interna de Energia (OIE) dever\u00e1 crescer menos que o consumo final de energia nos setores econ\u00f4micos. Segundo o Boletim Mensal de Energia, isso ocorrer\u00e1 devido \u00e0 redu\u00e7\u00e3o das [&hellip;]\" \/>\n<meta property=\"og:url\" content=\"https:\/\/jornalfatosenoticias.com.br\/index.php\/2022\/08\/18\/fontes-renovaveis-na-matriz-energetica-devem-aumentar-em-2022-diz-mme\/\" \/>\n<meta property=\"og:site_name\" content=\"Jornal Fatos e Not\u00edcias\" \/>\n<meta property=\"article:published_time\" content=\"2022-08-18T16:52:34+00:00\" \/>\n<meta property=\"article:modified_time\" content=\"2022-08-18T16:52:37+00:00\" \/>\n<meta property=\"og:image\" content=\"https:\/\/jornalfatosenoticias.com.br\/wp-content\/uploads\/2022\/08\/energia-eolica.jpg\" \/>\n\t<meta property=\"og:image:width\" content=\"1000\" \/>\n\t<meta property=\"og:image:height\" content=\"598\" \/>\n\t<meta property=\"og:image:type\" content=\"image\/jpeg\" \/>\n<meta name=\"author\" content=\"Luzimara Fernandes\" \/>\n<meta name=\"twitter:card\" content=\"summary_large_image\" \/>\n<meta name=\"twitter:label1\" content=\"Escrito por\" \/>\n\t<meta name=\"twitter:data1\" content=\"Luzimara Fernandes\" \/>\n\t<meta name=\"twitter:label2\" content=\"Est. tempo de leitura\" \/>\n\t<meta name=\"twitter:data2\" content=\"2 minutos\" \/>\n<script type=\"application\/ld+json\" class=\"yoast-schema-graph\">{\"@context\":\"https:\/\/schema.org\",\"@graph\":[{\"@type\":\"Article\",\"@id\":\"https:\/\/jornalfatosenoticias.com.br\/index.php\/2022\/08\/18\/fontes-renovaveis-na-matriz-energetica-devem-aumentar-em-2022-diz-mme\/#article\",\"isPartOf\":{\"@id\":\"https:\/\/jornalfatosenoticias.com.br\/index.php\/2022\/08\/18\/fontes-renovaveis-na-matriz-energetica-devem-aumentar-em-2022-diz-mme\/\"},\"author\":{\"name\":\"Luzimara Fernandes\",\"@id\":\"https:\/\/jornalfatosenoticias.com.br\/#\/schema\/person\/d63837fa13ac8666eb9e74e0985d6f81\"},\"headline\":\"Fontes renov\u00e1veis na matriz energ\u00e9tica devem aumentar em 2022, diz MME\",\"datePublished\":\"2022-08-18T16:52:34+00:00\",\"dateModified\":\"2022-08-18T16:52:37+00:00\",\"mainEntityOfPage\":{\"@id\":\"https:\/\/jornalfatosenoticias.com.br\/index.php\/2022\/08\/18\/fontes-renovaveis-na-matriz-energetica-devem-aumentar-em-2022-diz-mme\/\"},\"wordCount\":351,\"commentCount\":0,\"publisher\":{\"@id\":\"https:\/\/jornalfatosenoticias.com.br\/#organization\"},\"image\":{\"@id\":\"https:\/\/jornalfatosenoticias.com.br\/index.php\/2022\/08\/18\/fontes-renovaveis-na-matriz-energetica-devem-aumentar-em-2022-diz-mme\/#primaryimage\"},\"thumbnailUrl\":\"https:\/\/jornalfatosenoticias.com.br\/wp-content\/uploads\/2022\/08\/energia-eolica.jpg\",\"keywords\":[\"Boletim Mensal de Energia\",\"fontes renov\u00e1veis\",\"matriz energ\u00e9tica\",\"MME\"],\"articleSection\":[\"Economia\"],\"inLanguage\":\"pt-BR\",\"potentialAction\":[{\"@type\":\"CommentAction\",\"name\":\"Comment\",\"target\":[\"https:\/\/jornalfatosenoticias.com.br\/index.php\/2022\/08\/18\/fontes-renovaveis-na-matriz-energetica-devem-aumentar-em-2022-diz-mme\/#respond\"]}]},{\"@type\":\"WebPage\",\"@id\":\"https:\/\/jornalfatosenoticias.com.br\/index.php\/2022\/08\/18\/fontes-renovaveis-na-matriz-energetica-devem-aumentar-em-2022-diz-mme\/\",\"url\":\"https:\/\/jornalfatosenoticias.com.br\/index.php\/2022\/08\/18\/fontes-renovaveis-na-matriz-energetica-devem-aumentar-em-2022-diz-mme\/\",\"name\":\"Fontes renov\u00e1veis na matriz energ\u00e9tica devem aumentar em 2022, diz MME - Jornal Fatos e Not\u00edcias\",\"isPartOf\":{\"@id\":\"https:\/\/jornalfatosenoticias.com.br\/#website\"},\"primaryImageOfPage\":{\"@id\":\"https:\/\/jornalfatosenoticias.com.br\/index.php\/2022\/08\/18\/fontes-renovaveis-na-matriz-energetica-devem-aumentar-em-2022-diz-mme\/#primaryimage\"},\"image\":{\"@id\":\"https:\/\/jornalfatosenoticias.com.br\/index.php\/2022\/08\/18\/fontes-renovaveis-na-matriz-energetica-devem-aumentar-em-2022-diz-mme\/#primaryimage\"},\"thumbnailUrl\":\"https:\/\/jornalfatosenoticias.com.br\/wp-content\/uploads\/2022\/08\/energia-eolica.jpg\",\"datePublished\":\"2022-08-18T16:52:34+00:00\",\"dateModified\":\"2022-08-18T16:52:37+00:00\",\"breadcrumb\":{\"@id\":\"https:\/\/jornalfatosenoticias.com.br\/index.php\/2022\/08\/18\/fontes-renovaveis-na-matriz-energetica-devem-aumentar-em-2022-diz-mme\/#breadcrumb\"},\"inLanguage\":\"pt-BR\",\"potentialAction\":[{\"@type\":\"ReadAction\",\"target\":[\"https:\/\/jornalfatosenoticias.com.br\/index.php\/2022\/08\/18\/fontes-renovaveis-na-matriz-energetica-devem-aumentar-em-2022-diz-mme\/\"]}]},{\"@type\":\"ImageObject\",\"inLanguage\":\"pt-BR\",\"@id\":\"https:\/\/jornalfatosenoticias.com.br\/index.php\/2022\/08\/18\/fontes-renovaveis-na-matriz-energetica-devem-aumentar-em-2022-diz-mme\/#primaryimage\",\"url\":\"https:\/\/jornalfatosenoticias.com.br\/wp-content\/uploads\/2022\/08\/energia-eolica.jpg\",\"contentUrl\":\"https:\/\/jornalfatosenoticias.com.br\/wp-content\/uploads\/2022\/08\/energia-eolica.jpg\",\"width\":1000,\"height\":598},{\"@type\":\"BreadcrumbList\",\"@id\":\"https:\/\/jornalfatosenoticias.com.br\/index.php\/2022\/08\/18\/fontes-renovaveis-na-matriz-energetica-devem-aumentar-em-2022-diz-mme\/#breadcrumb\",\"itemListElement\":[{\"@type\":\"ListItem\",\"position\":1,\"name\":\"In\u00edcio\",\"item\":\"https:\/\/jornalfatosenoticias.com.br\/\"},{\"@type\":\"ListItem\",\"position\":2,\"name\":\"Fontes renov\u00e1veis na matriz energ\u00e9tica devem aumentar em 2022, diz MME\"}]},{\"@type\":\"WebSite\",\"@id\":\"https:\/\/jornalfatosenoticias.com.br\/#website\",\"url\":\"https:\/\/jornalfatosenoticias.com.br\/\",\"name\":\"Jornal Fatos e Not\u00edcias\",\"description\":\"Not\u00edcias em geral\",\"publisher\":{\"@id\":\"https:\/\/jornalfatosenoticias.com.br\/#organization\"},\"potentialAction\":[{\"@type\":\"SearchAction\",\"target\":{\"@type\":\"EntryPoint\",\"urlTemplate\":\"https:\/\/jornalfatosenoticias.com.br\/?s={search_term_string}\"},\"query-input\":{\"@type\":\"PropertyValueSpecification\",\"valueRequired\":true,\"valueName\":\"search_term_string\"}}],\"inLanguage\":\"pt-BR\"},{\"@type\":\"Organization\",\"@id\":\"https:\/\/jornalfatosenoticias.com.br\/#organization\",\"name\":\"Jornal Fatos e Not\u00edcias\",\"url\":\"https:\/\/jornalfatosenoticias.com.br\/\",\"logo\":{\"@type\":\"ImageObject\",\"inLanguage\":\"pt-BR\",\"@id\":\"https:\/\/jornalfatosenoticias.com.br\/#\/schema\/logo\/image\/\",\"url\":\"https:\/\/jornalfatosenoticias.com.br\/wp-content\/uploads\/2020\/02\/logo120.png\",\"contentUrl\":\"https:\/\/jornalfatosenoticias.com.br\/wp-content\/uploads\/2020\/02\/logo120.png\",\"width\":1227,\"height\":120,\"caption\":\"Jornal Fatos e Not\u00edcias\"},\"image\":{\"@id\":\"https:\/\/jornalfatosenoticias.com.br\/#\/schema\/logo\/image\/\"}},{\"@type\":\"Person\",\"@id\":\"https:\/\/jornalfatosenoticias.com.br\/#\/schema\/person\/d63837fa13ac8666eb9e74e0985d6f81\",\"name\":\"Luzimara Fernandes\",\"image\":{\"@type\":\"ImageObject\",\"inLanguage\":\"pt-BR\",\"@id\":\"https:\/\/jornalfatosenoticias.com.br\/#\/schema\/person\/image\/\",\"url\":\"https:\/\/jornalfatosenoticias.com.br\/wp-content\/uploads\/2025\/05\/EU_portal.jpg\",\"contentUrl\":\"https:\/\/jornalfatosenoticias.com.br\/wp-content\/uploads\/2025\/05\/EU_portal.jpg\",\"caption\":\"Luzimara Fernandes\"},\"description\":\"Jornalista MTB 2358-ES\",\"sameAs\":[\"https:\/\/jornalfatosenoticias.com.br\"],\"url\":\"https:\/\/jornalfatosenoticias.com.br\/index.php\/author\/luzimara\/\"}]}<\/script>\n<!-- \/ Yoast SEO plugin. -->","yoast_head_json":{"title":"Fontes renov\u00e1veis na matriz energ\u00e9tica devem aumentar em 2022, diz MME - Jornal Fatos e Not\u00edcias","robots":{"index":"index","follow":"follow","max-snippet":"max-snippet:-1","max-image-preview":"max-image-preview:large","max-video-preview":"max-video-preview:-1"},"canonical":"https:\/\/jornalfatosenoticias.com.br\/index.php\/2022\/08\/18\/fontes-renovaveis-na-matriz-energetica-devem-aumentar-em-2022-diz-mme\/","og_locale":"pt_BR","og_type":"article","og_title":"Fontes renov\u00e1veis na matriz energ\u00e9tica devem aumentar em 2022, diz MME - Jornal Fatos e Not\u00edcias","og_description":"Previs\u00e3o consta do Boletim Mensal de Energia Levantamento divulgado pelo Minist\u00e9rio de Minas e Energia (MME) referente ao m\u00eas de maio informa que, em 2022, a Oferta Interna de Energia (OIE) dever\u00e1 crescer menos que o consumo final de energia nos setores econ\u00f4micos. Segundo o Boletim Mensal de Energia, isso ocorrer\u00e1 devido \u00e0 redu\u00e7\u00e3o das [&hellip;]","og_url":"https:\/\/jornalfatosenoticias.com.br\/index.php\/2022\/08\/18\/fontes-renovaveis-na-matriz-energetica-devem-aumentar-em-2022-diz-mme\/","og_site_name":"Jornal Fatos e Not\u00edcias","article_published_time":"2022-08-18T16:52:34+00:00","article_modified_time":"2022-08-18T16:52:37+00:00","og_image":[{"width":1000,"height":598,"url":"https:\/\/jornalfatosenoticias.com.br\/wp-content\/uploads\/2022\/08\/energia-eolica.jpg","type":"image\/jpeg"}],"author":"Luzimara Fernandes","twitter_card":"summary_large_image","twitter_misc":{"Escrito por":"Luzimara Fernandes","Est. tempo de leitura":"2 minutos"},"schema":{"@context":"https:\/\/schema.org","@graph":[{"@type":"Article","@id":"https:\/\/jornalfatosenoticias.com.br\/index.php\/2022\/08\/18\/fontes-renovaveis-na-matriz-energetica-devem-aumentar-em-2022-diz-mme\/#article","isPartOf":{"@id":"https:\/\/jornalfatosenoticias.com.br\/index.php\/2022\/08\/18\/fontes-renovaveis-na-matriz-energetica-devem-aumentar-em-2022-diz-mme\/"},"author":{"name":"Luzimara Fernandes","@id":"https:\/\/jornalfatosenoticias.com.br\/#\/schema\/person\/d63837fa13ac8666eb9e74e0985d6f81"},"headline":"Fontes renov\u00e1veis na matriz energ\u00e9tica devem aumentar em 2022, diz MME","datePublished":"2022-08-18T16:52:34+00:00","dateModified":"2022-08-18T16:52:37+00:00","mainEntityOfPage":{"@id":"https:\/\/jornalfatosenoticias.com.br\/index.php\/2022\/08\/18\/fontes-renovaveis-na-matriz-energetica-devem-aumentar-em-2022-diz-mme\/"},"wordCount":351,"commentCount":0,"publisher":{"@id":"https:\/\/jornalfatosenoticias.com.br\/#organization"},"image":{"@id":"https:\/\/jornalfatosenoticias.com.br\/index.php\/2022\/08\/18\/fontes-renovaveis-na-matriz-energetica-devem-aumentar-em-2022-diz-mme\/#primaryimage"},"thumbnailUrl":"https:\/\/jornalfatosenoticias.com.br\/wp-content\/uploads\/2022\/08\/energia-eolica.jpg","keywords":["Boletim Mensal de Energia","fontes renov\u00e1veis","matriz energ\u00e9tica","MME"],"articleSection":["Economia"],"inLanguage":"pt-BR","potentialAction":[{"@type":"CommentAction","name":"Comment","target":["https:\/\/jornalfatosenoticias.com.br\/index.php\/2022\/08\/18\/fontes-renovaveis-na-matriz-energetica-devem-aumentar-em-2022-diz-mme\/#respond"]}]},{"@type":"WebPage","@id":"https:\/\/jornalfatosenoticias.com.br\/index.php\/2022\/08\/18\/fontes-renovaveis-na-matriz-energetica-devem-aumentar-em-2022-diz-mme\/","url":"https:\/\/jornalfatosenoticias.com.br\/index.php\/2022\/08\/18\/fontes-renovaveis-na-matriz-energetica-devem-aumentar-em-2022-diz-mme\/","name":"Fontes renov\u00e1veis na matriz energ\u00e9tica devem aumentar em 2022, diz MME - Jornal Fatos e Not\u00edcias","isPartOf":{"@id":"https:\/\/jornalfatosenoticias.com.br\/#website"},"primaryImageOfPage":{"@id":"https:\/\/jornalfatosenoticias.com.br\/index.php\/2022\/08\/18\/fontes-renovaveis-na-matriz-energetica-devem-aumentar-em-2022-diz-mme\/#primaryimage"},"image":{"@id":"https:\/\/jornalfatosenoticias.com.br\/index.php\/2022\/08\/18\/fontes-renovaveis-na-matriz-energetica-devem-aumentar-em-2022-diz-mme\/#primaryimage"},"thumbnailUrl":"https:\/\/jornalfatosenoticias.com.br\/wp-content\/uploads\/2022\/08\/energia-eolica.jpg","datePublished":"2022-08-18T16:52:34+00:00","dateModified":"2022-08-18T16:52:37+00:00","breadcrumb":{"@id":"https:\/\/jornalfatosenoticias.com.br\/index.php\/2022\/08\/18\/fontes-renovaveis-na-matriz-energetica-devem-aumentar-em-2022-diz-mme\/#breadcrumb"},"inLanguage":"pt-BR","potentialAction":[{"@type":"ReadAction","target":["https:\/\/jornalfatosenoticias.com.br\/index.php\/2022\/08\/18\/fontes-renovaveis-na-matriz-energetica-devem-aumentar-em-2022-diz-mme\/"]}]},{"@type":"ImageObject","inLanguage":"pt-BR","@id":"https:\/\/jornalfatosenoticias.com.br\/index.php\/2022\/08\/18\/fontes-renovaveis-na-matriz-energetica-devem-aumentar-em-2022-diz-mme\/#primaryimage","url":"https:\/\/jornalfatosenoticias.com.br\/wp-content\/uploads\/2022\/08\/energia-eolica.jpg","contentUrl":"https:\/\/jornalfatosenoticias.com.br\/wp-content\/uploads\/2022\/08\/energia-eolica.jpg","width":1000,"height":598},{"@type":"BreadcrumbList","@id":"https:\/\/jornalfatosenoticias.com.br\/index.php\/2022\/08\/18\/fontes-renovaveis-na-matriz-energetica-devem-aumentar-em-2022-diz-mme\/#breadcrumb","itemListElement":[{"@type":"ListItem","position":1,"name":"In\u00edcio","item":"https:\/\/jornalfatosenoticias.com.br\/"},{"@type":"ListItem","position":2,"name":"Fontes renov\u00e1veis na matriz energ\u00e9tica devem aumentar em 2022, diz MME"}]},{"@type":"WebSite","@id":"https:\/\/jornalfatosenoticias.com.br\/#website","url":"https:\/\/jornalfatosenoticias.com.br\/","name":"Jornal Fatos e Not\u00edcias","description":"Not\u00edcias em geral","publisher":{"@id":"https:\/\/jornalfatosenoticias.com.br\/#organization"},"potentialAction":[{"@type":"SearchAction","target":{"@type":"EntryPoint","urlTemplate":"https:\/\/jornalfatosenoticias.com.br\/?s={search_term_string}"},"query-input":{"@type":"PropertyValueSpecification","valueRequired":true,"valueName":"search_term_string"}}],"inLanguage":"pt-BR"},{"@type":"Organization","@id":"https:\/\/jornalfatosenoticias.com.br\/#organization","name":"Jornal Fatos e Not\u00edcias","url":"https:\/\/jornalfatosenoticias.com.br\/","logo":{"@type":"ImageObject","inLanguage":"pt-BR","@id":"https:\/\/jornalfatosenoticias.com.br\/#\/schema\/logo\/image\/","url":"https:\/\/jornalfatosenoticias.com.br\/wp-content\/uploads\/2020\/02\/logo120.png","contentUrl":"https:\/\/jornalfatosenoticias.com.br\/wp-content\/uploads\/2020\/02\/logo120.png","width":1227,"height":120,"caption":"Jornal Fatos e Not\u00edcias"},"image":{"@id":"https:\/\/jornalfatosenoticias.com.br\/#\/schema\/logo\/image\/"}},{"@type":"Person","@id":"https:\/\/jornalfatosenoticias.com.br\/#\/schema\/person\/d63837fa13ac8666eb9e74e0985d6f81","name":"Luzimara Fernandes","image":{"@type":"ImageObject","inLanguage":"pt-BR","@id":"https:\/\/jornalfatosenoticias.com.br\/#\/schema\/person\/image\/","url":"https:\/\/jornalfatosenoticias.com.br\/wp-content\/uploads\/2025\/05\/EU_portal.jpg","contentUrl":"https:\/\/jornalfatosenoticias.com.br\/wp-content\/uploads\/2025\/05\/EU_portal.jpg","caption":"Luzimara Fernandes"},"description":"Jornalista MTB 2358-ES","sameAs":["https:\/\/jornalfatosenoticias.com.br"],"url":"https:\/\/jornalfatosenoticias.com.br\/index.php\/author\/luzimara\/"}]}},"cc_featured_image_caption":{"caption_text":"(Foto: Jamil Bittar\/Direitos Reservados) ","source_text":"","source_url":""},"jetpack_featured_media_url":"https:\/\/jornalfatosenoticias.com.br\/wp-content\/uploads\/2022\/08\/energia-eolica.jpg","_links":{"self":[{"href":"https:\/\/jornalfatosenoticias.com.br\/index.php\/wp-json\/wp\/v2\/posts\/33346","targetHints":{"allow":["GET"]}}],"collection":[{"href":"https:\/\/jornalfatosenoticias.com.br\/index.php\/wp-json\/wp\/v2\/posts"}],"about":[{"href":"https:\/\/jornalfatosenoticias.com.br\/index.php\/wp-json\/wp\/v2\/types\/post"}],"author":[{"embeddable":true,"href":"https:\/\/jornalfatosenoticias.com.br\/index.php\/wp-json\/wp\/v2\/users\/2"}],"replies":[{"embeddable":true,"href":"https:\/\/jornalfatosenoticias.com.br\/index.php\/wp-json\/wp\/v2\/comments?post=33346"}],"version-history":[{"count":0,"href":"https:\/\/jornalfatosenoticias.com.br\/index.php\/wp-json\/wp\/v2\/posts\/33346\/revisions"}],"wp:featuredmedia":[{"embeddable":true,"href":"https:\/\/jornalfatosenoticias.com.br\/index.php\/wp-json\/wp\/v2\/media\/33347"}],"wp:attachment":[{"href":"https:\/\/jornalfatosenoticias.com.br\/index.php\/wp-json\/wp\/v2\/media?parent=33346"}],"wp:term":[{"taxonomy":"category","embeddable":true,"href":"https:\/\/jornalfatosenoticias.com.br\/index.php\/wp-json\/wp\/v2\/categories?post=33346"},{"taxonomy":"post_tag","embeddable":true,"href":"https:\/\/jornalfatosenoticias.com.br\/index.php\/wp-json\/wp\/v2\/tags?post=33346"}],"curies":[{"name":"wp","href":"https:\/\/api.w.org\/{rel}","templated":true}]}}