{"id":33349,"date":"2022-08-18T14:09:38","date_gmt":"2022-08-18T17:09:38","guid":{"rendered":"https:\/\/jornalfatosenoticias.com.br\/?p=33349"},"modified":"2022-08-18T14:09:39","modified_gmt":"2022-08-18T17:09:39","slug":"plantio-indiscriminado-de-arvores-descaracteriza-savanas-em-vez-de-restaura-las-alertam-cientistas","status":"publish","type":"post","link":"https:\/\/jornalfatosenoticias.com.br\/index.php\/2022\/08\/18\/plantio-indiscriminado-de-arvores-descaracteriza-savanas-em-vez-de-restaura-las-alertam-cientistas\/","title":{"rendered":"Plantio indiscriminado de \u00e1rvores descaracteriza savanas em vez de restaur\u00e1-las, alertam cientistas"},"content":{"rendered":"\n<p><em><span class=\"has-inline-color has-black-color\">Cerrado constitui a savana mais biodiversa do mundo, e est\u00e1 desaparecendo sob a press\u00e3o da agricultura de larga escala<\/span><\/em><\/p>\n\n\n\n<div class=\"wp-block-image\"><figure class=\"aligncenter size-large\"><img loading=\"lazy\" decoding=\"async\" width=\"1024\" height=\"100\" src=\"https:\/\/jornalfatosenoticias.com.br\/wp-content\/uploads\/2020\/02\/banner_ferramentas-1024x100.jpg\" alt=\"\" class=\"wp-image-1258\" srcset=\"https:\/\/jornalfatosenoticias.com.br\/wp-content\/uploads\/2020\/02\/banner_ferramentas-1024x100.jpg 1024w, https:\/\/jornalfatosenoticias.com.br\/wp-content\/uploads\/2020\/02\/banner_ferramentas-300x29.jpg 300w, https:\/\/jornalfatosenoticias.com.br\/wp-content\/uploads\/2020\/02\/banner_ferramentas-768x75.jpg 768w, https:\/\/jornalfatosenoticias.com.br\/wp-content\/uploads\/2020\/02\/banner_ferramentas.jpg 1227w\" sizes=\"auto, (max-width: 1024px) 100vw, 1024px\" \/><\/figure><\/div>\n\n\n\n<p>Savana n\u00e3o \u00e9 floresta degradada. E n\u00e3o se reconstr\u00f3i savana plantando \u00e1rvores. Essas afirma\u00e7\u00f5es, que t\u00eam sido feitas h\u00e1 tempos pelos principais pesquisadores do tema, foram reiteradas em <strong><a href=\"https:\/\/www.science.org\/doi\/10.1126\/science.abo4605\" target=\"_blank\" rel=\"noreferrer noopener\">artigo publicado na revista Science<\/a><\/strong> no in\u00edcio deste m\u00eas. O assunto tornou-se ainda mais relevante, uma vez que a Organiza\u00e7\u00e3o das Na\u00e7\u00f5es Unidas (ONU) definiu o per\u00edodo entre 2021 e 2030 como a \u201cD\u00e9cada das Na\u00e7\u00f5es Unidas da Restaura\u00e7\u00e3o de Ecossistemas\u201d. Por\u00e9m, alguns projetos com esse objetivo desconsideram as especificidades de biomas complexos como o das savanas e tentam fazer do plantio indiscriminado de \u00e1rvores uma esp\u00e9cie de rem\u00e9dio para todos os males.<br>\u201cExistem muitas florestas degradadas no mundo. Mas esse conceito n\u00e3o se aplica \u00e0s savanas. E a express\u00e3o \u2018savaniza\u00e7\u00e3o\u2019, quando utilizada, por exemplo, em refer\u00eancia a <strong><a href=\"https:\/\/umsoplaneta.globo.com\/biodiversidade\/noticia\/2021\/07\/15\/desmatamento-na-amazonia-as-causas-e-os-impactos-para-o-planeta.ghtml\">\u00e1reas desflorestadas da Amaz\u00f4nia<\/a><\/strong>, torna-se um termo indevido, que atrapalha ao inv\u00e9s de ajudar. Porque, ao contr\u00e1rio das florestas degradadas, as savanas s\u00e3o biomas muito antigos, complexos e ricos em biodiversidade\u201d, diz a ec\u00f3loga Alessandra Fidelis, professora da Universidade Estadual Paulista (Unesp) e coautora do artigo.<\/p>\n\n\n\n<div class=\"wp-block-image\"><figure class=\"aligncenter size-large\"><img loading=\"lazy\" decoding=\"async\" width=\"300\" height=\"250\" src=\"https:\/\/jornalfatosenoticias.com.br\/wp-content\/uploads\/2022\/08\/arte-Casarao.jpg\" alt=\"\" class=\"wp-image-33178\"\/><\/figure><\/div>\n\n\n\n<blockquote class=\"wp-block-quote is-layout-flow wp-block-quote-is-layout-flow\"><p><span class=\"has-inline-color has-luminous-vivid-orange-color\">\u201cEstamos na d\u00e9cada da restaura\u00e7\u00e3o e a preserva\u00e7\u00e3o e restaura\u00e7\u00e3o dos ecossistemas de tipo sav\u00e2nico \u00e9 urgente. Por\u00e9m, como restaur\u00e1-los? O plantio de \u00e1rvores n\u00e3o \u00e9 a solu\u00e7\u00e3o. Tem-se a impress\u00e3o de que esses ambientes s\u00e3o recentes e simples. Por\u00e9m, as savanas tropicais, por exemplo, existem h\u00e1 milh\u00f5es de anos. E possuem uma alta complexidade, tanto em seu componente a\u00e9reo, formado pelo estrato herb\u00e1ceo cont\u00ednuo, rico em esp\u00e9cies de gram\u00edneas e ervas, e por arbustos e \u00e1rvores esparsas, quanto, principalmente, pela grande diversidade funcional subterr\u00e2nea, formada pelas ra\u00edzes e \u00f3rg\u00e3os subterr\u00e2neos de reserva. Esses \u00f3rg\u00e3os s\u00e3o os que d\u00e3o resili\u00eancia ao sistema, pois possuem reservas e tamb\u00e9m armazenam as gemas, que se transformam em novos ramos depois que, por exemplo, a \u00e1rea pega fogo. N\u00e3o sabemos ainda como restaurar isso\u201d, acrescenta Fidelis.<\/span><\/p><\/blockquote>\n\n\n\n<div class=\"wp-block-image\"><figure class=\"alignleft size-large\"><img decoding=\"async\" src=\"https:\/\/jornalfatosenoticias.com.br\/wp-content\/uploads\/2020\/02\/logo_esteio.jpg\" alt=\"\" class=\"wp-image-1214\"\/><\/figure><\/div>\n\n\n\n<p>A pesquisadora informa que a gram\u00ednea C4, que participa do estrato herb\u00e1ceo, surgiu h\u00e1 25 milh\u00f5es de anos. E que as savanas se espalharam por vastas \u00e1reas do planeta h\u00e1 10 milh\u00f5es de anos. \u201cA maior parte das esp\u00e9cies que comp\u00f5em as savanas foi selecionada e evoluiu por meio de dist\u00farbios, como fogo e herbivoria. Isso n\u00e3o \u00e9 algo que se possa reconstruir com um estalar de dedos. Se essa vegeta\u00e7\u00e3o se queima, por exemplo, ela rapidamente volta a brotar. Mas, se os \u00f3rg\u00e3os subterr\u00e2neos e as ra\u00edzes s\u00e3o arrancados por m\u00e1quinas agr\u00edcolas, n\u00e3o h\u00e1 rebrota poss\u00edvel. H\u00e1 savanas que foram devastadas h\u00e1 mais de um s\u00e9culo e at\u00e9 agora n\u00e3o se recompuseram\u201d, afirma.<\/p>\n\n\n\n<div class=\"wp-block-image\"><figure class=\"aligncenter size-large\"><img loading=\"lazy\" decoding=\"async\" width=\"1024\" height=\"100\" src=\"https:\/\/jornalfatosenoticias.com.br\/wp-content\/uploads\/2022\/05\/NOVA-LOGO-CESCONETTO-1024x100.jpg\" alt=\"\" class=\"wp-image-30792\" srcset=\"https:\/\/jornalfatosenoticias.com.br\/wp-content\/uploads\/2022\/05\/NOVA-LOGO-CESCONETTO-1024x100.jpg 1024w, https:\/\/jornalfatosenoticias.com.br\/wp-content\/uploads\/2022\/05\/NOVA-LOGO-CESCONETTO-300x29.jpg 300w, https:\/\/jornalfatosenoticias.com.br\/wp-content\/uploads\/2022\/05\/NOVA-LOGO-CESCONETTO-768x75.jpg 768w, https:\/\/jornalfatosenoticias.com.br\/wp-content\/uploads\/2022\/05\/NOVA-LOGO-CESCONETTO.jpg 1280w\" sizes=\"auto, (max-width: 1024px) 100vw, 1024px\" \/><\/figure><\/div>\n\n\n\n<p><strong><span class=\"has-inline-color has-vivid-green-cyan-color\">Cerrado amea\u00e7ado<br><\/span><\/strong>Essa considera\u00e7\u00e3o \u00e9 especialmente importante no Brasil, porque o <strong><a href=\"https:\/\/umsoplaneta.globo.com\/biodiversidade\/noticia\/2021\/07\/09\/cerrado-caracteristicas-onde-fica-animais-e-vegetacao-tipica.ghtml\">Cerrado<\/a>,<\/strong> que constitui a savana mais biodiversa do mundo, est\u00e1 desaparecendo a cada dia, sob a press\u00e3o da agricultura de larga escala. Sua sobreviv\u00eancia \u00e9 ainda mais prec\u00e1ria do que a da<a href=\"https:\/\/umsoplaneta.globo.com\/biodiversidade\/noticia\/2021\/07\/26\/floresta-amazonica-caracteristicas-onde-fica-animais-e-vegetacao-tipica.ghtml\">\u00a0<\/a><strong><a href=\"https:\/\/umsoplaneta.globo.com\/biodiversidade\/noticia\/2021\/07\/26\/floresta-amazonica-caracteristicas-onde-fica-animais-e-vegetacao-tipica.ghtml\">floresta amaz\u00f4nica<\/a>.<\/strong><br>Fidelis conta que as forma\u00e7\u00f5es campestres e sav\u00e2nicas, que o artigo da Science chama genericamente de \u201ccampos prim\u00e1rios\u201d (old-growth grasslands), cobrem nada menos do que 40% da superf\u00edcie terrestre. S\u00e3o ecossistemas que formam paisagens abertas, compostas principalmente por gram\u00edneas, ervas, arbustos e \u00e1rvores de pequeno ou m\u00e9dio porte. Elas se espalham por 27% do territ\u00f3rio brasileiro e predominam em quatro dos seis biomas existentes no Pa\u00eds: o Cerrado, a <a href=\"https:\/\/umsoplaneta.globo.com\/biodiversidade\/noticia\/2021\/07\/13\/caatinga-caracteristicas-onde-fica-animais-e-vegetacao-tipica.ghtml\"><strong>Caatinga<\/strong><\/a>, o<a href=\"https:\/\/umsoplaneta.globo.com\/biodiversidade\/noticia\/2021\/07\/31\/pampas-caracteristicas-onde-fica-animais-e-vegetacao-tipica.ghtml\">\u00a0<strong>Pampa<\/strong><\/a>\u00a0e o\u00a0<a href=\"https:\/\/umsoplaneta.globo.com\/biodiversidade\/noticia\/2021\/07\/14\/pantanal-caracteristicas-onde-fica-animais-e-vegetacao-tipica.ghtml\"><strong>Pantanal<\/strong><\/a>. Mas tamb\u00e9m aparecem nos outros dois biomas: nas campinaranas, da Amaz\u00f4nia, e nos campos de cima da serra, da\u00a0<strong><a href=\"https:\/\/umsoplaneta.globo.com\/biodiversidade\/noticia\/2021\/07\/31\/mata-atlantica-caracteristicas-onde-fica-animais-e-vegetacao-tipica.ghtml\">Mata Atl\u00e2ntica<\/a>.<\/strong><\/p>\n\n\n\n<div class=\"wp-block-image\"><figure class=\"aligncenter size-large is-resized\"><img loading=\"lazy\" decoding=\"async\" src=\"https:\/\/jornalfatosenoticias.com.br\/wp-content\/uploads\/2022\/07\/Logo-Grupo-SEI.jpg\" alt=\"\" class=\"wp-image-31973\" width=\"347\" height=\"182\" srcset=\"https:\/\/jornalfatosenoticias.com.br\/wp-content\/uploads\/2022\/07\/Logo-Grupo-SEI.jpg 713w, https:\/\/jornalfatosenoticias.com.br\/wp-content\/uploads\/2022\/07\/Logo-Grupo-SEI-300x158.jpg 300w\" sizes=\"auto, (max-width: 347px) 100vw, 347px\" \/><\/figure><\/div>\n\n\n\n<p>Com sua rica biodiversidade, esses campos e savanas prestam \u201cservi\u00e7os ecol\u00f3gicos\u201d diretos a mais de um bilh\u00e3o de habitantes do planeta. Mas, no Brasil, sua import\u00e2ncia \u00e9 ainda maior, porque o Cerrado \u00e9 a \u00fanica savana do mundo dotada de rios perenes e o ber\u00e7o de alguns dos mais importantes rios do Pa\u00eds \u2014 o Xingu, o Tocantins, o Araguaia, o S\u00e3o Francisco, o Parna\u00edba, o Gurupi, o Jequitinhonha, o Paran\u00e1 e o Paraguai, dentre outros.<br>Nunca \u00e9 demais lembrar que 77,2% da matriz el\u00e9trica brasileira \u00e9 suprida pela hidroeletricidade. E que o pa\u00eds possui o terceiro maior potencial hidrel\u00e9trico tecnicamente aproveit\u00e1vel do mundo. A degrada\u00e7\u00e3o do Cerrado p\u00f5e em risco esse fabuloso recurso energ\u00e9tico e amea\u00e7a a oferta de \u00e1gua doce para o consumo da popula\u00e7\u00e3o e para as pr\u00f3prias atividades agr\u00edcolas, no momento em que, devido \u00e0 crise clim\u00e1tica, a \u00e1gua se torna um dos bens mais preciosos do planeta.<\/p>\n\n\n\n<div class=\"wp-block-image\"><figure class=\"aligncenter size-large is-resized\"><img loading=\"lazy\" decoding=\"async\" src=\"https:\/\/jornalfatosenoticias.com.br\/wp-content\/uploads\/2022\/08\/logo-locau-veiculos-1024x573.png\" alt=\"\" class=\"wp-image-33078\" width=\"364\" height=\"203\"\/><\/figure><\/div>\n\n\n\n<blockquote class=\"wp-block-quote is-layout-flow wp-block-quote-is-layout-flow\"><p><span class=\"has-inline-color has-luminous-vivid-orange-color\">\u201cDiante da escalada da destrui\u00e7\u00e3o, \u00e9 natural que as pessoas depositem suas esperan\u00e7as na restaura\u00e7\u00e3o. Mas precisamos ser bastante criteriosos em rela\u00e7\u00e3o a isso, porque v\u00e1rios projetos confundem restaura\u00e7\u00e3o com o mero plantio de \u00e1rvores. E esse plantio desajeitado constitui uma amea\u00e7a a mais, criando florestas artificiais em ecossistemas de savana. Por exemplo, quase um milh\u00e3o de quil\u00f4metros quadrados de campos e savanas da \u00c1frica foram definidos como alvos para o plantio de \u00e1rvores at\u00e9 2030, ignorando-se sua especificidade e seu valor em termos de biodiversidade e servi\u00e7os ecossist\u00eamicos\u201d, pondera Fidelis.<\/span><\/p><\/blockquote>\n\n\n\n<div class=\"wp-block-image\"><figure class=\"aligncenter size-large is-resized\"><img loading=\"lazy\" decoding=\"async\" src=\"https:\/\/jornalfatosenoticias.com.br\/wp-content\/uploads\/2020\/02\/Serra-Grande-1024x160.png\" alt=\"\" class=\"wp-image-7836\" width=\"453\" height=\"70\"\/><\/figure><\/div>\n\n\n\n<figure class=\"wp-block-image size-large\"><img loading=\"lazy\" decoding=\"async\" width=\"1000\" height=\"564\" src=\"https:\/\/jornalfatosenoticias.com.br\/wp-content\/uploads\/2022\/08\/cerrado.jpg\" alt=\"\" class=\"wp-image-33350\" srcset=\"https:\/\/jornalfatosenoticias.com.br\/wp-content\/uploads\/2022\/08\/cerrado.jpg 1000w, https:\/\/jornalfatosenoticias.com.br\/wp-content\/uploads\/2022\/08\/cerrado-300x169.jpg 300w, https:\/\/jornalfatosenoticias.com.br\/wp-content\/uploads\/2022\/08\/cerrado-768x433.jpg 768w\" sizes=\"auto, (max-width: 1000px) 100vw, 1000px\" \/><figcaption><em><span class=\"has-inline-color has-black-color\">(Foto: Marcelo Camargo\/Ag\u00eancia Brasil)<\/span><\/em><\/figcaption><\/figure>\n\n\n\n<div class=\"wp-block-image\"><figure class=\"alignright size-large is-resized\"><img loading=\"lazy\" decoding=\"async\" src=\"https:\/\/jornalfatosenoticias.com.br\/wp-content\/uploads\/2020\/02\/SEVENTUR-TURISMO.jpg\" alt=\"\" class=\"wp-image-32994\" width=\"270\" height=\"213\"\/><\/figure><\/div>\n\n\n\n<p>E prossegue: \u201cAs caracter\u00edsticas \u00fanicas desses ecossistemas, integrando alta complexidade, diversidade tanto da vegeta\u00e7\u00e3o a\u00e9rea como dos componentes subterr\u00e2neos, resili\u00eancia a dist\u00farbios como o fogo e a herbivoria, tudo isso, que se constituiu ao longo de milh\u00f5es de anos, torna a restaura\u00e7\u00e3o muito dif\u00edcil. Uma degrada\u00e7\u00e3o que destrua o banco de gemas e as estruturas subterr\u00e2neas pode levar a danos irrevers\u00edveis\u201d.<br>A pesquisadora destaca tr\u00eas pontos importantes que se deve ter em mente em projetos de restaura\u00e7\u00e3o desses sistemas em longo prazo. O primeiro \u00e9 que grande parte das esp\u00e9cies rebrota, ou seja, depende da presen\u00e7a de estruturas subterr\u00e2neas com reservas e de um banco de gemas vi\u00e1veis. N\u00e3o regenera por germina\u00e7\u00e3o. Por isso, a import\u00e2ncia do banco de gemas e das estruturas subterr\u00e2neas n\u00e3o pode ser subestimada.<\/p>\n\n\n\n<div class=\"wp-block-image\"><figure class=\"alignleft size-large is-resized\"><img loading=\"lazy\" decoding=\"async\" src=\"https:\/\/jornalfatosenoticias.com.br\/wp-content\/uploads\/2022\/02\/Precisao-Contabilidade-1024x724.jpg\" alt=\"\" class=\"wp-image-28088\" width=\"267\" height=\"188\"\/><\/figure><\/div>\n\n\n\n<p>O segundo \u00e9 que a restaura\u00e7\u00e3o desses ecossistemas n\u00e3o \u00e9 r\u00e1pida e deve ser cuidadosamente monitorada, pois h\u00e1 problemas com invas\u00f5es biol\u00f3gicas (por exemplo, de gram\u00edneas ex\u00f3ticas, de tipo braqui\u00e1ria) ou mesmo com o adensamento lenhoso, que podem mudar completamente o rumo da restaura\u00e7\u00e3o.<br>O terceiro, finalmente, \u00e9 que, nesses ecossistemas, existem feedbacks de extrema import\u00e2ncia entre solo, vegeta\u00e7\u00e3o, fogo e herbivoria. A rela\u00e7\u00e3o entre esses termos muda ao longo do tempo. E \u00e9 preciso entender como ela se d\u00e1, o que \u00e9 preciso fazer para mant\u00ea-la e quando promov\u00ea-la, se necess\u00e1rio. Por exemplo, por meio do manejo criterioso com o fogo.<\/p>\n\n\n\n<div class=\"wp-block-image\"><figure class=\"aligncenter size-large\"><img loading=\"lazy\" decoding=\"async\" width=\"729\" height=\"90\" src=\"https:\/\/jornalfatosenoticias.com.br\/wp-content\/uploads\/2020\/02\/Logo_Mizu.png\" alt=\"\" class=\"wp-image-1441\" srcset=\"https:\/\/jornalfatosenoticias.com.br\/wp-content\/uploads\/2020\/02\/Logo_Mizu.png 729w, https:\/\/jornalfatosenoticias.com.br\/wp-content\/uploads\/2020\/02\/Logo_Mizu-300x37.png 300w\" sizes=\"auto, (max-width: 729px) 100vw, 729px\" \/><\/figure><\/div>\n\n\n\n<blockquote class=\"wp-block-quote is-layout-flow wp-block-quote-is-layout-flow\"><p><span class=\"has-inline-color has-luminous-vivid-orange-color\">\u201cUma mensagem importante \u00e9 que temos de guiar a restaura\u00e7\u00e3o desses ecossistemas com base nas caracter\u00edsticas do que chamamos de old-growth grasslands, ou seja, dos campos e savanas prim\u00e1rios. Esses sistemas complexos, funcionalmente falando, foram produzidos pela natureza ao longo de milh\u00f5es de anos. \u00c9 preciso aprender com a natureza\u201d, conclui Fidelis.<\/span><\/p><\/blockquote>\n\n\n\n<div class=\"wp-block-image\"><figure class=\"alignright size-large is-resized\"><img loading=\"lazy\" decoding=\"async\" src=\"https:\/\/jornalfatosenoticias.com.br\/wp-content\/uploads\/2020\/02\/nova-logo-Marquetti.jpg\" alt=\"\" class=\"wp-image-22331\" width=\"277\" height=\"186\" srcset=\"https:\/\/jornalfatosenoticias.com.br\/wp-content\/uploads\/2020\/02\/nova-logo-Marquetti.jpg 643w, https:\/\/jornalfatosenoticias.com.br\/wp-content\/uploads\/2020\/02\/nova-logo-Marquetti-300x202.jpg 300w\" sizes=\"auto, (max-width: 277px) 100vw, 277px\" \/><\/figure><\/div>\n\n\n\n<p>A pesquisadora j\u00e1 coordenou v\u00e1rios projetos de manejo do Cerrado com apoio da Fapesp. E conduz, atualmente, o projeto \u201cUso do manejo adaptativo na otimiza\u00e7\u00e3o do manejo a longo prazo de esp\u00e9cies invasoras prejudiciais \u00e0 biodiversidade e economia rural\u201d.<br>O artigo\u00a0<em>Ancient grasslands guide ambitious goals in grassland restoration<\/em>\u00a0pode ser acessado\u00a0<a href=\"https:\/\/www.science.org\/doi\/10.1126\/science.abo4605\" target=\"_blank\" rel=\"noreferrer noopener\">aqui<\/a>.<\/p>\n\n\n\n<p><strong><em>Fonte: <a href=\"https:\/\/umsoplaneta.globo.com\/biodiversidade\/noticia\/2022\/08\/17\/plantio-indiscriminado-de-arvores-descaracteriza-savanas-em-vez-de-restaura-las-alertam-cientistas.ghtml\">Um S\u00f3 Planeta<\/a><\/em><\/strong><\/p>\n","protected":false},"excerpt":{"rendered":"<p>Cerrado constitui a savana mais biodiversa do mundo, e est\u00e1 desaparecendo sob a press\u00e3o da agricultura de larga escala Savana n\u00e3o \u00e9 floresta degradada. E n\u00e3o se reconstr\u00f3i savana plantando \u00e1rvores. Essas afirma\u00e7\u00f5es, que t\u00eam sido feitas h\u00e1 tempos pelos principais pesquisadores do tema, foram reiteradas em artigo publicado na revista Science no in\u00edcio deste [&hellip;]<\/p>\n","protected":false},"author":2,"featured_media":33351,"comment_status":"open","ping_status":"open","sticky":false,"template":"","format":"standard","meta":{"footnotes":""},"categories":[8],"tags":[334,257,1896,258,15698,778,5236],"class_list":["post-33349","post","type-post","status-publish","format-standard","has-post-thumbnail","hentry","category-meio-ambiente","tag-biodiversidade","tag-cerrado","tag-floresta-amazonica","tag-mata-atlantica","tag-pampa","tag-pantanal","tag-savana"],"yoast_head":"<!-- This site is optimized with the Yoast SEO plugin v26.5 - https:\/\/yoast.com\/wordpress\/plugins\/seo\/ -->\n<title>Plantio indiscriminado de \u00e1rvores descaracteriza savanas em vez de restaur\u00e1-las, alertam cientistas - Jornal Fatos e Not\u00edcias<\/title>\n<meta name=\"robots\" content=\"index, follow, max-snippet:-1, max-image-preview:large, max-video-preview:-1\" \/>\n<link rel=\"canonical\" href=\"https:\/\/jornalfatosenoticias.com.br\/index.php\/2022\/08\/18\/plantio-indiscriminado-de-arvores-descaracteriza-savanas-em-vez-de-restaura-las-alertam-cientistas\/\" \/>\n<meta property=\"og:locale\" content=\"pt_BR\" \/>\n<meta property=\"og:type\" content=\"article\" \/>\n<meta property=\"og:title\" content=\"Plantio indiscriminado de \u00e1rvores descaracteriza savanas em vez de restaur\u00e1-las, alertam cientistas - Jornal Fatos e Not\u00edcias\" \/>\n<meta property=\"og:description\" content=\"Cerrado constitui a savana mais biodiversa do mundo, e est\u00e1 desaparecendo sob a press\u00e3o da agricultura de larga escala Savana n\u00e3o \u00e9 floresta degradada. E n\u00e3o se reconstr\u00f3i savana plantando \u00e1rvores. Essas afirma\u00e7\u00f5es, que t\u00eam sido feitas h\u00e1 tempos pelos principais pesquisadores do tema, foram reiteradas em artigo publicado na revista Science no in\u00edcio deste [&hellip;]\" \/>\n<meta property=\"og:url\" content=\"https:\/\/jornalfatosenoticias.com.br\/index.php\/2022\/08\/18\/plantio-indiscriminado-de-arvores-descaracteriza-savanas-em-vez-de-restaura-las-alertam-cientistas\/\" \/>\n<meta property=\"og:site_name\" content=\"Jornal Fatos e Not\u00edcias\" \/>\n<meta property=\"article:published_time\" content=\"2022-08-18T17:09:38+00:00\" \/>\n<meta property=\"article:modified_time\" content=\"2022-08-18T17:09:39+00:00\" \/>\n<meta property=\"og:image\" content=\"https:\/\/jornalfatosenoticias.com.br\/wp-content\/uploads\/2022\/08\/savana_gettyimages.jpg\" \/>\n\t<meta property=\"og:image:width\" content=\"1000\" \/>\n\t<meta property=\"og:image:height\" content=\"670\" \/>\n\t<meta property=\"og:image:type\" content=\"image\/jpeg\" \/>\n<meta name=\"author\" content=\"Luzimara Fernandes\" \/>\n<meta name=\"twitter:card\" content=\"summary_large_image\" \/>\n<meta name=\"twitter:label1\" content=\"Escrito por\" \/>\n\t<meta name=\"twitter:data1\" content=\"Luzimara Fernandes\" \/>\n\t<meta name=\"twitter:label2\" content=\"Est. tempo de leitura\" \/>\n\t<meta name=\"twitter:data2\" content=\"7 minutos\" \/>\n<script type=\"application\/ld+json\" class=\"yoast-schema-graph\">{\"@context\":\"https:\/\/schema.org\",\"@graph\":[{\"@type\":\"Article\",\"@id\":\"https:\/\/jornalfatosenoticias.com.br\/index.php\/2022\/08\/18\/plantio-indiscriminado-de-arvores-descaracteriza-savanas-em-vez-de-restaura-las-alertam-cientistas\/#article\",\"isPartOf\":{\"@id\":\"https:\/\/jornalfatosenoticias.com.br\/index.php\/2022\/08\/18\/plantio-indiscriminado-de-arvores-descaracteriza-savanas-em-vez-de-restaura-las-alertam-cientistas\/\"},\"author\":{\"name\":\"Luzimara Fernandes\",\"@id\":\"https:\/\/jornalfatosenoticias.com.br\/#\/schema\/person\/d63837fa13ac8666eb9e74e0985d6f81\"},\"headline\":\"Plantio indiscriminado de \u00e1rvores descaracteriza savanas em vez de restaur\u00e1-las, alertam cientistas\",\"datePublished\":\"2022-08-18T17:09:38+00:00\",\"dateModified\":\"2022-08-18T17:09:39+00:00\",\"mainEntityOfPage\":{\"@id\":\"https:\/\/jornalfatosenoticias.com.br\/index.php\/2022\/08\/18\/plantio-indiscriminado-de-arvores-descaracteriza-savanas-em-vez-de-restaura-las-alertam-cientistas\/\"},\"wordCount\":1316,\"commentCount\":0,\"publisher\":{\"@id\":\"https:\/\/jornalfatosenoticias.com.br\/#organization\"},\"image\":{\"@id\":\"https:\/\/jornalfatosenoticias.com.br\/index.php\/2022\/08\/18\/plantio-indiscriminado-de-arvores-descaracteriza-savanas-em-vez-de-restaura-las-alertam-cientistas\/#primaryimage\"},\"thumbnailUrl\":\"https:\/\/jornalfatosenoticias.com.br\/wp-content\/uploads\/2022\/08\/savana_gettyimages.jpg\",\"keywords\":[\"biodiversidade\",\"cerrado\",\"floresta amaz\u00f4nica\",\"mata atl\u00e2ntica\",\"Pampa\",\"Pantanal\",\"savana\"],\"articleSection\":[\"Meio ambiente\"],\"inLanguage\":\"pt-BR\",\"potentialAction\":[{\"@type\":\"CommentAction\",\"name\":\"Comment\",\"target\":[\"https:\/\/jornalfatosenoticias.com.br\/index.php\/2022\/08\/18\/plantio-indiscriminado-de-arvores-descaracteriza-savanas-em-vez-de-restaura-las-alertam-cientistas\/#respond\"]}]},{\"@type\":\"WebPage\",\"@id\":\"https:\/\/jornalfatosenoticias.com.br\/index.php\/2022\/08\/18\/plantio-indiscriminado-de-arvores-descaracteriza-savanas-em-vez-de-restaura-las-alertam-cientistas\/\",\"url\":\"https:\/\/jornalfatosenoticias.com.br\/index.php\/2022\/08\/18\/plantio-indiscriminado-de-arvores-descaracteriza-savanas-em-vez-de-restaura-las-alertam-cientistas\/\",\"name\":\"Plantio indiscriminado de \u00e1rvores descaracteriza savanas em vez de restaur\u00e1-las, alertam cientistas - Jornal Fatos e Not\u00edcias\",\"isPartOf\":{\"@id\":\"https:\/\/jornalfatosenoticias.com.br\/#website\"},\"primaryImageOfPage\":{\"@id\":\"https:\/\/jornalfatosenoticias.com.br\/index.php\/2022\/08\/18\/plantio-indiscriminado-de-arvores-descaracteriza-savanas-em-vez-de-restaura-las-alertam-cientistas\/#primaryimage\"},\"image\":{\"@id\":\"https:\/\/jornalfatosenoticias.com.br\/index.php\/2022\/08\/18\/plantio-indiscriminado-de-arvores-descaracteriza-savanas-em-vez-de-restaura-las-alertam-cientistas\/#primaryimage\"},\"thumbnailUrl\":\"https:\/\/jornalfatosenoticias.com.br\/wp-content\/uploads\/2022\/08\/savana_gettyimages.jpg\",\"datePublished\":\"2022-08-18T17:09:38+00:00\",\"dateModified\":\"2022-08-18T17:09:39+00:00\",\"breadcrumb\":{\"@id\":\"https:\/\/jornalfatosenoticias.com.br\/index.php\/2022\/08\/18\/plantio-indiscriminado-de-arvores-descaracteriza-savanas-em-vez-de-restaura-las-alertam-cientistas\/#breadcrumb\"},\"inLanguage\":\"pt-BR\",\"potentialAction\":[{\"@type\":\"ReadAction\",\"target\":[\"https:\/\/jornalfatosenoticias.com.br\/index.php\/2022\/08\/18\/plantio-indiscriminado-de-arvores-descaracteriza-savanas-em-vez-de-restaura-las-alertam-cientistas\/\"]}]},{\"@type\":\"ImageObject\",\"inLanguage\":\"pt-BR\",\"@id\":\"https:\/\/jornalfatosenoticias.com.br\/index.php\/2022\/08\/18\/plantio-indiscriminado-de-arvores-descaracteriza-savanas-em-vez-de-restaura-las-alertam-cientistas\/#primaryimage\",\"url\":\"https:\/\/jornalfatosenoticias.com.br\/wp-content\/uploads\/2022\/08\/savana_gettyimages.jpg\",\"contentUrl\":\"https:\/\/jornalfatosenoticias.com.br\/wp-content\/uploads\/2022\/08\/savana_gettyimages.jpg\",\"width\":1000,\"height\":670},{\"@type\":\"BreadcrumbList\",\"@id\":\"https:\/\/jornalfatosenoticias.com.br\/index.php\/2022\/08\/18\/plantio-indiscriminado-de-arvores-descaracteriza-savanas-em-vez-de-restaura-las-alertam-cientistas\/#breadcrumb\",\"itemListElement\":[{\"@type\":\"ListItem\",\"position\":1,\"name\":\"In\u00edcio\",\"item\":\"https:\/\/jornalfatosenoticias.com.br\/\"},{\"@type\":\"ListItem\",\"position\":2,\"name\":\"Plantio indiscriminado de \u00e1rvores descaracteriza savanas em vez de restaur\u00e1-las, alertam cientistas\"}]},{\"@type\":\"WebSite\",\"@id\":\"https:\/\/jornalfatosenoticias.com.br\/#website\",\"url\":\"https:\/\/jornalfatosenoticias.com.br\/\",\"name\":\"Jornal Fatos e Not\u00edcias\",\"description\":\"Not\u00edcias em geral\",\"publisher\":{\"@id\":\"https:\/\/jornalfatosenoticias.com.br\/#organization\"},\"potentialAction\":[{\"@type\":\"SearchAction\",\"target\":{\"@type\":\"EntryPoint\",\"urlTemplate\":\"https:\/\/jornalfatosenoticias.com.br\/?s={search_term_string}\"},\"query-input\":{\"@type\":\"PropertyValueSpecification\",\"valueRequired\":true,\"valueName\":\"search_term_string\"}}],\"inLanguage\":\"pt-BR\"},{\"@type\":\"Organization\",\"@id\":\"https:\/\/jornalfatosenoticias.com.br\/#organization\",\"name\":\"Jornal Fatos e Not\u00edcias\",\"url\":\"https:\/\/jornalfatosenoticias.com.br\/\",\"logo\":{\"@type\":\"ImageObject\",\"inLanguage\":\"pt-BR\",\"@id\":\"https:\/\/jornalfatosenoticias.com.br\/#\/schema\/logo\/image\/\",\"url\":\"https:\/\/jornalfatosenoticias.com.br\/wp-content\/uploads\/2020\/02\/logo120.png\",\"contentUrl\":\"https:\/\/jornalfatosenoticias.com.br\/wp-content\/uploads\/2020\/02\/logo120.png\",\"width\":1227,\"height\":120,\"caption\":\"Jornal Fatos e Not\u00edcias\"},\"image\":{\"@id\":\"https:\/\/jornalfatosenoticias.com.br\/#\/schema\/logo\/image\/\"}},{\"@type\":\"Person\",\"@id\":\"https:\/\/jornalfatosenoticias.com.br\/#\/schema\/person\/d63837fa13ac8666eb9e74e0985d6f81\",\"name\":\"Luzimara Fernandes\",\"image\":{\"@type\":\"ImageObject\",\"inLanguage\":\"pt-BR\",\"@id\":\"https:\/\/jornalfatosenoticias.com.br\/#\/schema\/person\/image\/\",\"url\":\"https:\/\/jornalfatosenoticias.com.br\/wp-content\/uploads\/2025\/05\/EU_portal.jpg\",\"contentUrl\":\"https:\/\/jornalfatosenoticias.com.br\/wp-content\/uploads\/2025\/05\/EU_portal.jpg\",\"caption\":\"Luzimara Fernandes\"},\"description\":\"Jornalista MTB 2358-ES\",\"sameAs\":[\"https:\/\/jornalfatosenoticias.com.br\"],\"url\":\"https:\/\/jornalfatosenoticias.com.br\/index.php\/author\/luzimara\/\"}]}<\/script>\n<!-- \/ Yoast SEO plugin. -->","yoast_head_json":{"title":"Plantio indiscriminado de \u00e1rvores descaracteriza savanas em vez de restaur\u00e1-las, alertam cientistas - Jornal Fatos e Not\u00edcias","robots":{"index":"index","follow":"follow","max-snippet":"max-snippet:-1","max-image-preview":"max-image-preview:large","max-video-preview":"max-video-preview:-1"},"canonical":"https:\/\/jornalfatosenoticias.com.br\/index.php\/2022\/08\/18\/plantio-indiscriminado-de-arvores-descaracteriza-savanas-em-vez-de-restaura-las-alertam-cientistas\/","og_locale":"pt_BR","og_type":"article","og_title":"Plantio indiscriminado de \u00e1rvores descaracteriza savanas em vez de restaur\u00e1-las, alertam cientistas - Jornal Fatos e Not\u00edcias","og_description":"Cerrado constitui a savana mais biodiversa do mundo, e est\u00e1 desaparecendo sob a press\u00e3o da agricultura de larga escala Savana n\u00e3o \u00e9 floresta degradada. E n\u00e3o se reconstr\u00f3i savana plantando \u00e1rvores. Essas afirma\u00e7\u00f5es, que t\u00eam sido feitas h\u00e1 tempos pelos principais pesquisadores do tema, foram reiteradas em artigo publicado na revista Science no in\u00edcio deste [&hellip;]","og_url":"https:\/\/jornalfatosenoticias.com.br\/index.php\/2022\/08\/18\/plantio-indiscriminado-de-arvores-descaracteriza-savanas-em-vez-de-restaura-las-alertam-cientistas\/","og_site_name":"Jornal Fatos e Not\u00edcias","article_published_time":"2022-08-18T17:09:38+00:00","article_modified_time":"2022-08-18T17:09:39+00:00","og_image":[{"width":1000,"height":670,"url":"https:\/\/jornalfatosenoticias.com.br\/wp-content\/uploads\/2022\/08\/savana_gettyimages.jpg","type":"image\/jpeg"}],"author":"Luzimara Fernandes","twitter_card":"summary_large_image","twitter_misc":{"Escrito por":"Luzimara Fernandes","Est. tempo de leitura":"7 minutos"},"schema":{"@context":"https:\/\/schema.org","@graph":[{"@type":"Article","@id":"https:\/\/jornalfatosenoticias.com.br\/index.php\/2022\/08\/18\/plantio-indiscriminado-de-arvores-descaracteriza-savanas-em-vez-de-restaura-las-alertam-cientistas\/#article","isPartOf":{"@id":"https:\/\/jornalfatosenoticias.com.br\/index.php\/2022\/08\/18\/plantio-indiscriminado-de-arvores-descaracteriza-savanas-em-vez-de-restaura-las-alertam-cientistas\/"},"author":{"name":"Luzimara Fernandes","@id":"https:\/\/jornalfatosenoticias.com.br\/#\/schema\/person\/d63837fa13ac8666eb9e74e0985d6f81"},"headline":"Plantio indiscriminado de \u00e1rvores descaracteriza savanas em vez de restaur\u00e1-las, alertam cientistas","datePublished":"2022-08-18T17:09:38+00:00","dateModified":"2022-08-18T17:09:39+00:00","mainEntityOfPage":{"@id":"https:\/\/jornalfatosenoticias.com.br\/index.php\/2022\/08\/18\/plantio-indiscriminado-de-arvores-descaracteriza-savanas-em-vez-de-restaura-las-alertam-cientistas\/"},"wordCount":1316,"commentCount":0,"publisher":{"@id":"https:\/\/jornalfatosenoticias.com.br\/#organization"},"image":{"@id":"https:\/\/jornalfatosenoticias.com.br\/index.php\/2022\/08\/18\/plantio-indiscriminado-de-arvores-descaracteriza-savanas-em-vez-de-restaura-las-alertam-cientistas\/#primaryimage"},"thumbnailUrl":"https:\/\/jornalfatosenoticias.com.br\/wp-content\/uploads\/2022\/08\/savana_gettyimages.jpg","keywords":["biodiversidade","cerrado","floresta amaz\u00f4nica","mata atl\u00e2ntica","Pampa","Pantanal","savana"],"articleSection":["Meio ambiente"],"inLanguage":"pt-BR","potentialAction":[{"@type":"CommentAction","name":"Comment","target":["https:\/\/jornalfatosenoticias.com.br\/index.php\/2022\/08\/18\/plantio-indiscriminado-de-arvores-descaracteriza-savanas-em-vez-de-restaura-las-alertam-cientistas\/#respond"]}]},{"@type":"WebPage","@id":"https:\/\/jornalfatosenoticias.com.br\/index.php\/2022\/08\/18\/plantio-indiscriminado-de-arvores-descaracteriza-savanas-em-vez-de-restaura-las-alertam-cientistas\/","url":"https:\/\/jornalfatosenoticias.com.br\/index.php\/2022\/08\/18\/plantio-indiscriminado-de-arvores-descaracteriza-savanas-em-vez-de-restaura-las-alertam-cientistas\/","name":"Plantio indiscriminado de \u00e1rvores descaracteriza savanas em vez de restaur\u00e1-las, alertam cientistas - Jornal Fatos e Not\u00edcias","isPartOf":{"@id":"https:\/\/jornalfatosenoticias.com.br\/#website"},"primaryImageOfPage":{"@id":"https:\/\/jornalfatosenoticias.com.br\/index.php\/2022\/08\/18\/plantio-indiscriminado-de-arvores-descaracteriza-savanas-em-vez-de-restaura-las-alertam-cientistas\/#primaryimage"},"image":{"@id":"https:\/\/jornalfatosenoticias.com.br\/index.php\/2022\/08\/18\/plantio-indiscriminado-de-arvores-descaracteriza-savanas-em-vez-de-restaura-las-alertam-cientistas\/#primaryimage"},"thumbnailUrl":"https:\/\/jornalfatosenoticias.com.br\/wp-content\/uploads\/2022\/08\/savana_gettyimages.jpg","datePublished":"2022-08-18T17:09:38+00:00","dateModified":"2022-08-18T17:09:39+00:00","breadcrumb":{"@id":"https:\/\/jornalfatosenoticias.com.br\/index.php\/2022\/08\/18\/plantio-indiscriminado-de-arvores-descaracteriza-savanas-em-vez-de-restaura-las-alertam-cientistas\/#breadcrumb"},"inLanguage":"pt-BR","potentialAction":[{"@type":"ReadAction","target":["https:\/\/jornalfatosenoticias.com.br\/index.php\/2022\/08\/18\/plantio-indiscriminado-de-arvores-descaracteriza-savanas-em-vez-de-restaura-las-alertam-cientistas\/"]}]},{"@type":"ImageObject","inLanguage":"pt-BR","@id":"https:\/\/jornalfatosenoticias.com.br\/index.php\/2022\/08\/18\/plantio-indiscriminado-de-arvores-descaracteriza-savanas-em-vez-de-restaura-las-alertam-cientistas\/#primaryimage","url":"https:\/\/jornalfatosenoticias.com.br\/wp-content\/uploads\/2022\/08\/savana_gettyimages.jpg","contentUrl":"https:\/\/jornalfatosenoticias.com.br\/wp-content\/uploads\/2022\/08\/savana_gettyimages.jpg","width":1000,"height":670},{"@type":"BreadcrumbList","@id":"https:\/\/jornalfatosenoticias.com.br\/index.php\/2022\/08\/18\/plantio-indiscriminado-de-arvores-descaracteriza-savanas-em-vez-de-restaura-las-alertam-cientistas\/#breadcrumb","itemListElement":[{"@type":"ListItem","position":1,"name":"In\u00edcio","item":"https:\/\/jornalfatosenoticias.com.br\/"},{"@type":"ListItem","position":2,"name":"Plantio indiscriminado de \u00e1rvores descaracteriza savanas em vez de restaur\u00e1-las, alertam cientistas"}]},{"@type":"WebSite","@id":"https:\/\/jornalfatosenoticias.com.br\/#website","url":"https:\/\/jornalfatosenoticias.com.br\/","name":"Jornal Fatos e Not\u00edcias","description":"Not\u00edcias em geral","publisher":{"@id":"https:\/\/jornalfatosenoticias.com.br\/#organization"},"potentialAction":[{"@type":"SearchAction","target":{"@type":"EntryPoint","urlTemplate":"https:\/\/jornalfatosenoticias.com.br\/?s={search_term_string}"},"query-input":{"@type":"PropertyValueSpecification","valueRequired":true,"valueName":"search_term_string"}}],"inLanguage":"pt-BR"},{"@type":"Organization","@id":"https:\/\/jornalfatosenoticias.com.br\/#organization","name":"Jornal Fatos e Not\u00edcias","url":"https:\/\/jornalfatosenoticias.com.br\/","logo":{"@type":"ImageObject","inLanguage":"pt-BR","@id":"https:\/\/jornalfatosenoticias.com.br\/#\/schema\/logo\/image\/","url":"https:\/\/jornalfatosenoticias.com.br\/wp-content\/uploads\/2020\/02\/logo120.png","contentUrl":"https:\/\/jornalfatosenoticias.com.br\/wp-content\/uploads\/2020\/02\/logo120.png","width":1227,"height":120,"caption":"Jornal Fatos e Not\u00edcias"},"image":{"@id":"https:\/\/jornalfatosenoticias.com.br\/#\/schema\/logo\/image\/"}},{"@type":"Person","@id":"https:\/\/jornalfatosenoticias.com.br\/#\/schema\/person\/d63837fa13ac8666eb9e74e0985d6f81","name":"Luzimara Fernandes","image":{"@type":"ImageObject","inLanguage":"pt-BR","@id":"https:\/\/jornalfatosenoticias.com.br\/#\/schema\/person\/image\/","url":"https:\/\/jornalfatosenoticias.com.br\/wp-content\/uploads\/2025\/05\/EU_portal.jpg","contentUrl":"https:\/\/jornalfatosenoticias.com.br\/wp-content\/uploads\/2025\/05\/EU_portal.jpg","caption":"Luzimara Fernandes"},"description":"Jornalista MTB 2358-ES","sameAs":["https:\/\/jornalfatosenoticias.com.br"],"url":"https:\/\/jornalfatosenoticias.com.br\/index.php\/author\/luzimara\/"}]}},"cc_featured_image_caption":{"caption_text":"(Foto: Brazil Photos\/Getty Images) ","source_text":"","source_url":""},"jetpack_featured_media_url":"https:\/\/jornalfatosenoticias.com.br\/wp-content\/uploads\/2022\/08\/savana_gettyimages.jpg","_links":{"self":[{"href":"https:\/\/jornalfatosenoticias.com.br\/index.php\/wp-json\/wp\/v2\/posts\/33349","targetHints":{"allow":["GET"]}}],"collection":[{"href":"https:\/\/jornalfatosenoticias.com.br\/index.php\/wp-json\/wp\/v2\/posts"}],"about":[{"href":"https:\/\/jornalfatosenoticias.com.br\/index.php\/wp-json\/wp\/v2\/types\/post"}],"author":[{"embeddable":true,"href":"https:\/\/jornalfatosenoticias.com.br\/index.php\/wp-json\/wp\/v2\/users\/2"}],"replies":[{"embeddable":true,"href":"https:\/\/jornalfatosenoticias.com.br\/index.php\/wp-json\/wp\/v2\/comments?post=33349"}],"version-history":[{"count":0,"href":"https:\/\/jornalfatosenoticias.com.br\/index.php\/wp-json\/wp\/v2\/posts\/33349\/revisions"}],"wp:featuredmedia":[{"embeddable":true,"href":"https:\/\/jornalfatosenoticias.com.br\/index.php\/wp-json\/wp\/v2\/media\/33351"}],"wp:attachment":[{"href":"https:\/\/jornalfatosenoticias.com.br\/index.php\/wp-json\/wp\/v2\/media?parent=33349"}],"wp:term":[{"taxonomy":"category","embeddable":true,"href":"https:\/\/jornalfatosenoticias.com.br\/index.php\/wp-json\/wp\/v2\/categories?post=33349"},{"taxonomy":"post_tag","embeddable":true,"href":"https:\/\/jornalfatosenoticias.com.br\/index.php\/wp-json\/wp\/v2\/tags?post=33349"}],"curies":[{"name":"wp","href":"https:\/\/api.w.org\/{rel}","templated":true}]}}