{"id":33400,"date":"2022-08-19T13:56:49","date_gmt":"2022-08-19T16:56:49","guid":{"rendered":"https:\/\/jornalfatosenoticias.com.br\/?p=33400"},"modified":"2022-08-19T13:56:50","modified_gmt":"2022-08-19T16:56:50","slug":"marco-legal-para-producao-de-energia-em-alto-mar-e-aprovado-no-senado","status":"publish","type":"post","link":"https:\/\/jornalfatosenoticias.com.br\/index.php\/2022\/08\/19\/marco-legal-para-producao-de-energia-em-alto-mar-e-aprovado-no-senado\/","title":{"rendered":"Marco legal para produ\u00e7\u00e3o de energia em alto-mar \u00e9 aprovado no Senado"},"content":{"rendered":"\n<p><em><span class=\"has-inline-color has-black-color\">Energia pode ser e\u00f3lica, solar ou mesmo gerada pela for\u00e7a das mar\u00e9s; projeto segue agora para a C\u00e2mara<\/span><\/em><\/p>\n\n\n\n<div class=\"wp-block-image\"><figure class=\"aligncenter size-large\"><img loading=\"lazy\" decoding=\"async\" width=\"1024\" height=\"100\" src=\"https:\/\/jornalfatosenoticias.com.br\/wp-content\/uploads\/2020\/02\/banner_ferramentas-1024x100.jpg\" alt=\"\" class=\"wp-image-1258\" srcset=\"https:\/\/jornalfatosenoticias.com.br\/wp-content\/uploads\/2020\/02\/banner_ferramentas-1024x100.jpg 1024w, https:\/\/jornalfatosenoticias.com.br\/wp-content\/uploads\/2020\/02\/banner_ferramentas-300x29.jpg 300w, https:\/\/jornalfatosenoticias.com.br\/wp-content\/uploads\/2020\/02\/banner_ferramentas-768x75.jpg 768w, https:\/\/jornalfatosenoticias.com.br\/wp-content\/uploads\/2020\/02\/banner_ferramentas.jpg 1227w\" sizes=\"auto, (max-width: 1024px) 100vw, 1024px\" \/><\/figure><\/div>\n\n\n\n<p>A Comiss\u00e3o de Servi\u00e7os de Infraestrutura do Senado aprovou, na \u00faltima quarta-feira (17), o projeto do marco regulat\u00f3rio para a explora\u00e7\u00e3o de energia \u2014 seja e\u00f3lica, solar ou das mar\u00e9s \u2014 em alto-mar, lagoas e espelhos d\u2019\u00e1gua no Brasil.<br>O PL 576\/2021 regulamenta a autoriza\u00e7\u00e3o para aproveitamento do potencial energ\u00e9tico <a href=\"https:\/\/ciclovivo.com.br\/inovacao\/tecnologia\/bateria-oceanica-armazena-energia-renovavel-no-fundo-do-mar\/\" target=\"_blank\" rel=\"noreferrer noopener\">offshore<\/a>. Do senador Jean Paul Prates (PT-RN), o projeto foi aprovado em car\u00e1ter terminativo e, por isso, deve seguir para an\u00e1lise da C\u00e2mara dos Deputados.<br>O marco legal para offshore visa proporcionar seguran\u00e7a jur\u00eddica para permitir o investimento de longo prazo.<\/p>\n\n\n\n<div class=\"wp-block-image\"><figure class=\"alignright size-large is-resized\"><img loading=\"lazy\" decoding=\"async\" src=\"https:\/\/jornalfatosenoticias.com.br\/wp-content\/uploads\/2020\/02\/SEVENTUR-TURISMO.jpg\" alt=\"\" class=\"wp-image-32994\" width=\"224\" height=\"177\"\/><\/figure><\/div>\n\n\n\n<p><strong><span class=\"has-inline-color has-vivid-purple-color\">Potencial energ\u00e9tico<br><\/span><\/strong>A principal fonte de energia no Brasil \u00e9 a <a href=\"https:\/\/ciclovivo.com.br\/planeta\/energia\/aposentado-cria-hidreletrica-que-pode-abastecer-300-casas\/\" target=\"_blank\" rel=\"noreferrer noopener\">hidrel\u00e9trica<\/a>. Para Jean Paul Prates, a diversifica\u00e7\u00e3o da matriz energ\u00e9tica \u00e9 fundamental para o aumento da seguran\u00e7a energ\u00e9tica do sistema el\u00e9trico nacional. Al\u00e9m disso, salienta, o mercado de energia offshore pode trazer mais atratividade e competitividade ao Pa\u00eds nos pr\u00f3ximos anos, devido \u00e0s condi\u00e7\u00f5es favor\u00e1veis de clima e ambiente operacional de baixo custo.<\/p>\n\n\n\n<div class=\"wp-block-image\"><figure class=\"aligncenter size-large is-resized\"><img loading=\"lazy\" decoding=\"async\" src=\"https:\/\/jornalfatosenoticias.com.br\/wp-content\/uploads\/2022\/08\/LOGOBR.jpg\" alt=\"\" class=\"wp-image-33360\" width=\"362\" height=\"171\"\/><\/figure><\/div>\n\n\n\n<blockquote class=\"wp-block-quote is-layout-flow wp-block-quote-is-layout-flow\"><p><span class=\"has-inline-color has-luminous-vivid-orange-color\">\u201cEsse projeto n\u00e3o se resume \u00e0 energia e\u00f3lica no mar, ele trata da titularidade do mar territorial, plataforma continental, zona econ\u00f4mica exclusiva e outros corpos de \u00e1gua internos, inclusive: lagoas, lagos, espelhos d\u2019\u00e1gua, para uso de gera\u00e7\u00e3o de energia. Eu costumo dizer que esse projeto est\u00e1 pronto para qualquer coisa que ainda seja inventada usando a for\u00e7a do mar, <a href=\"https:\/\/ciclovivo.com.br\/inovacao\/tecnologia\/plataforma-flutuante-gera-energia-atraves-da-movimentacao-das-ondas\/\" target=\"_blank\" rel=\"noreferrer noopener\">as ondas<\/a>, o vento no mar\u201d, explica Prates.<\/span><\/p><\/blockquote>\n\n\n\n<div class=\"wp-block-image\"><figure class=\"aligncenter size-large is-resized\"><img loading=\"lazy\" decoding=\"async\" src=\"https:\/\/jornalfatosenoticias.com.br\/wp-content\/uploads\/2022\/07\/Logo-Grupo-SEI.jpg\" alt=\"\" class=\"wp-image-31973\" width=\"337\" height=\"177\" srcset=\"https:\/\/jornalfatosenoticias.com.br\/wp-content\/uploads\/2022\/07\/Logo-Grupo-SEI.jpg 713w, https:\/\/jornalfatosenoticias.com.br\/wp-content\/uploads\/2022\/07\/Logo-Grupo-SEI-300x158.jpg 300w\" sizes=\"auto, (max-width: 337px) 100vw, 337px\" \/><\/figure><\/div>\n\n\n\n<p>O senador destaca que o benef\u00edcio imediato \u00e9 para a energia e\u00f3lica offshore, ou seja, a gera\u00e7\u00e3o de energia a partir do vento dentro do mar.<\/p>\n\n\n\n<div class=\"wp-block-image\"><figure class=\"aligncenter size-large is-resized\"><img loading=\"lazy\" decoding=\"async\" src=\"https:\/\/jornalfatosenoticias.com.br\/wp-content\/uploads\/2022\/08\/logo-locau-veiculos-1024x573.png\" alt=\"\" class=\"wp-image-33078\" width=\"287\" height=\"160\"\/><\/figure><\/div>\n\n\n\n<blockquote class=\"wp-block-quote is-layout-flow wp-block-quote-is-layout-flow\"><p><span class=\"has-inline-color has-luminous-vivid-orange-color\">\u201cPara isso n\u00f3s precis\u00e1vamos de um marco legal, porque trata-se de todo um conjunto de bens p\u00fablicos em que h\u00e1 necessidade de seguran\u00e7a jur\u00eddica total para que os investidores fa\u00e7am seus investimentos\u201d, complementa.<\/span><\/p><\/blockquote>\n\n\n\n<div class=\"wp-block-image\"><figure class=\"alignleft size-large\"><img loading=\"lazy\" decoding=\"async\" width=\"300\" height=\"250\" src=\"https:\/\/jornalfatosenoticias.com.br\/wp-content\/uploads\/2022\/08\/arte-Casarao.jpg\" alt=\"\" class=\"wp-image-33178\"\/><\/figure><\/div>\n\n\n\n<p>Hoje j\u00e1 existem diversos projetos e\u00f3licos com estudos em curso, e os n\u00fameros s\u00e3o crescentes: em agosto de 2021, um informativo do Ibama relatou a exist\u00eancia de 23 projetos e\u00f3licos offshore em licenciamento, somando quase 50 GW de pot\u00eancia instalada. Desse total, ao menos 12 apresentavam alguma sobreposi\u00e7\u00e3o de \u00e1rea. Alguns meses depois, em janeiro de 2022, o Ibama atualizou os dados, indicando 37 projetos sob sua an\u00e1lise, com pot\u00eancia instalada total superior a 80 GW e ao menos 25 \u00e1reas com algum n\u00edvel de sobreposi\u00e7\u00e3o.<\/p>\n\n\n\n<div class=\"wp-block-image\"><figure class=\"aligncenter size-large\"><img loading=\"lazy\" decoding=\"async\" width=\"1024\" height=\"100\" src=\"https:\/\/jornalfatosenoticias.com.br\/wp-content\/uploads\/2022\/05\/NOVA-LOGO-CESCONETTO-1024x100.jpg\" alt=\"\" class=\"wp-image-30792\" srcset=\"https:\/\/jornalfatosenoticias.com.br\/wp-content\/uploads\/2022\/05\/NOVA-LOGO-CESCONETTO-1024x100.jpg 1024w, https:\/\/jornalfatosenoticias.com.br\/wp-content\/uploads\/2022\/05\/NOVA-LOGO-CESCONETTO-300x29.jpg 300w, https:\/\/jornalfatosenoticias.com.br\/wp-content\/uploads\/2022\/05\/NOVA-LOGO-CESCONETTO-768x75.jpg 768w, https:\/\/jornalfatosenoticias.com.br\/wp-content\/uploads\/2022\/05\/NOVA-LOGO-CESCONETTO.jpg 1280w\" sizes=\"auto, (max-width: 1024px) 100vw, 1024px\" \/><\/figure><\/div>\n\n\n\n<p><strong><em>Fonte: <a href=\"https:\/\/ciclovivo.com.br\/planeta\/energia\/marco-legal-para-producao-de-energia-em-alto-mar-e-aprovado-no-senado\/\">CicloVivo<\/a><\/em><\/strong><\/p>\n","protected":false},"excerpt":{"rendered":"<p>Energia pode ser e\u00f3lica, solar ou mesmo gerada pela for\u00e7a das mar\u00e9s; projeto segue agora para a C\u00e2mara A Comiss\u00e3o de Servi\u00e7os de Infraestrutura do Senado aprovou, na \u00faltima quarta-feira (17), o projeto do marco regulat\u00f3rio para a explora\u00e7\u00e3o de energia \u2014 seja e\u00f3lica, solar ou das mar\u00e9s \u2014 em alto-mar, lagoas e espelhos d\u2019\u00e1gua [&hellip;]<\/p>\n","protected":false},"author":2,"featured_media":33401,"comment_status":"open","ping_status":"open","sticky":false,"template":"","format":"standard","meta":{"footnotes":""},"categories":[9],"tags":[3663,1912,15710,599,15712,15711],"class_list":["post-33400","post","type-post","status-publish","format-standard","has-post-thumbnail","hentry","category-economia","tag-alto-mar","tag-energia-eolica","tag-energia-eolica-offshore","tag-energia-solar","tag-forca-das-mares","tag-offshore"],"yoast_head":"<!-- This site is optimized with the Yoast SEO plugin v26.5 - https:\/\/yoast.com\/wordpress\/plugins\/seo\/ -->\n<title>Marco legal para produ\u00e7\u00e3o de energia em alto-mar \u00e9 aprovado no Senado - Jornal Fatos e Not\u00edcias<\/title>\n<meta name=\"robots\" content=\"index, follow, max-snippet:-1, max-image-preview:large, max-video-preview:-1\" \/>\n<link rel=\"canonical\" href=\"https:\/\/jornalfatosenoticias.com.br\/index.php\/2022\/08\/19\/marco-legal-para-producao-de-energia-em-alto-mar-e-aprovado-no-senado\/\" \/>\n<meta property=\"og:locale\" content=\"pt_BR\" \/>\n<meta property=\"og:type\" content=\"article\" \/>\n<meta property=\"og:title\" content=\"Marco legal para produ\u00e7\u00e3o de energia em alto-mar \u00e9 aprovado no Senado - Jornal Fatos e Not\u00edcias\" \/>\n<meta property=\"og:description\" content=\"Energia pode ser e\u00f3lica, solar ou mesmo gerada pela for\u00e7a das mar\u00e9s; projeto segue agora para a C\u00e2mara A Comiss\u00e3o de Servi\u00e7os de Infraestrutura do Senado aprovou, na \u00faltima quarta-feira (17), o projeto do marco regulat\u00f3rio para a explora\u00e7\u00e3o de energia \u2014 seja e\u00f3lica, solar ou das mar\u00e9s \u2014 em alto-mar, lagoas e espelhos d\u2019\u00e1gua [&hellip;]\" \/>\n<meta property=\"og:url\" content=\"https:\/\/jornalfatosenoticias.com.br\/index.php\/2022\/08\/19\/marco-legal-para-producao-de-energia-em-alto-mar-e-aprovado-no-senado\/\" \/>\n<meta property=\"og:site_name\" content=\"Jornal Fatos e Not\u00edcias\" \/>\n<meta property=\"article:published_time\" content=\"2022-08-19T16:56:49+00:00\" \/>\n<meta property=\"article:modified_time\" content=\"2022-08-19T16:56:50+00:00\" \/>\n<meta property=\"og:image\" content=\"https:\/\/jornalfatosenoticias.com.br\/wp-content\/uploads\/2022\/08\/energia-em-alto-mar_iStock.jpg\" \/>\n\t<meta property=\"og:image:width\" content=\"1000\" \/>\n\t<meta property=\"og:image:height\" content=\"689\" \/>\n\t<meta property=\"og:image:type\" content=\"image\/jpeg\" \/>\n<meta name=\"author\" content=\"Luzimara Fernandes\" \/>\n<meta name=\"twitter:card\" content=\"summary_large_image\" \/>\n<meta name=\"twitter:label1\" content=\"Escrito por\" \/>\n\t<meta name=\"twitter:data1\" content=\"Luzimara Fernandes\" \/>\n\t<meta name=\"twitter:label2\" content=\"Est. tempo de leitura\" \/>\n\t<meta name=\"twitter:data2\" content=\"2 minutos\" \/>\n<script type=\"application\/ld+json\" class=\"yoast-schema-graph\">{\"@context\":\"https:\/\/schema.org\",\"@graph\":[{\"@type\":\"Article\",\"@id\":\"https:\/\/jornalfatosenoticias.com.br\/index.php\/2022\/08\/19\/marco-legal-para-producao-de-energia-em-alto-mar-e-aprovado-no-senado\/#article\",\"isPartOf\":{\"@id\":\"https:\/\/jornalfatosenoticias.com.br\/index.php\/2022\/08\/19\/marco-legal-para-producao-de-energia-em-alto-mar-e-aprovado-no-senado\/\"},\"author\":{\"name\":\"Luzimara Fernandes\",\"@id\":\"https:\/\/jornalfatosenoticias.com.br\/#\/schema\/person\/d63837fa13ac8666eb9e74e0985d6f81\"},\"headline\":\"Marco legal para produ\u00e7\u00e3o de energia em alto-mar \u00e9 aprovado no Senado\",\"datePublished\":\"2022-08-19T16:56:49+00:00\",\"dateModified\":\"2022-08-19T16:56:50+00:00\",\"mainEntityOfPage\":{\"@id\":\"https:\/\/jornalfatosenoticias.com.br\/index.php\/2022\/08\/19\/marco-legal-para-producao-de-energia-em-alto-mar-e-aprovado-no-senado\/\"},\"wordCount\":439,\"commentCount\":0,\"publisher\":{\"@id\":\"https:\/\/jornalfatosenoticias.com.br\/#organization\"},\"image\":{\"@id\":\"https:\/\/jornalfatosenoticias.com.br\/index.php\/2022\/08\/19\/marco-legal-para-producao-de-energia-em-alto-mar-e-aprovado-no-senado\/#primaryimage\"},\"thumbnailUrl\":\"https:\/\/jornalfatosenoticias.com.br\/wp-content\/uploads\/2022\/08\/energia-em-alto-mar_iStock.jpg\",\"keywords\":[\"alto-mar\",\"energia e\u00f3lica\",\"energia e\u00f3lica offshore\",\"energia solar\",\"for\u00e7a das mar\u00e9s\",\"offshore\"],\"articleSection\":[\"Economia\"],\"inLanguage\":\"pt-BR\",\"potentialAction\":[{\"@type\":\"CommentAction\",\"name\":\"Comment\",\"target\":[\"https:\/\/jornalfatosenoticias.com.br\/index.php\/2022\/08\/19\/marco-legal-para-producao-de-energia-em-alto-mar-e-aprovado-no-senado\/#respond\"]}]},{\"@type\":\"WebPage\",\"@id\":\"https:\/\/jornalfatosenoticias.com.br\/index.php\/2022\/08\/19\/marco-legal-para-producao-de-energia-em-alto-mar-e-aprovado-no-senado\/\",\"url\":\"https:\/\/jornalfatosenoticias.com.br\/index.php\/2022\/08\/19\/marco-legal-para-producao-de-energia-em-alto-mar-e-aprovado-no-senado\/\",\"name\":\"Marco legal para produ\u00e7\u00e3o de energia em alto-mar \u00e9 aprovado no Senado - Jornal Fatos e Not\u00edcias\",\"isPartOf\":{\"@id\":\"https:\/\/jornalfatosenoticias.com.br\/#website\"},\"primaryImageOfPage\":{\"@id\":\"https:\/\/jornalfatosenoticias.com.br\/index.php\/2022\/08\/19\/marco-legal-para-producao-de-energia-em-alto-mar-e-aprovado-no-senado\/#primaryimage\"},\"image\":{\"@id\":\"https:\/\/jornalfatosenoticias.com.br\/index.php\/2022\/08\/19\/marco-legal-para-producao-de-energia-em-alto-mar-e-aprovado-no-senado\/#primaryimage\"},\"thumbnailUrl\":\"https:\/\/jornalfatosenoticias.com.br\/wp-content\/uploads\/2022\/08\/energia-em-alto-mar_iStock.jpg\",\"datePublished\":\"2022-08-19T16:56:49+00:00\",\"dateModified\":\"2022-08-19T16:56:50+00:00\",\"breadcrumb\":{\"@id\":\"https:\/\/jornalfatosenoticias.com.br\/index.php\/2022\/08\/19\/marco-legal-para-producao-de-energia-em-alto-mar-e-aprovado-no-senado\/#breadcrumb\"},\"inLanguage\":\"pt-BR\",\"potentialAction\":[{\"@type\":\"ReadAction\",\"target\":[\"https:\/\/jornalfatosenoticias.com.br\/index.php\/2022\/08\/19\/marco-legal-para-producao-de-energia-em-alto-mar-e-aprovado-no-senado\/\"]}]},{\"@type\":\"ImageObject\",\"inLanguage\":\"pt-BR\",\"@id\":\"https:\/\/jornalfatosenoticias.com.br\/index.php\/2022\/08\/19\/marco-legal-para-producao-de-energia-em-alto-mar-e-aprovado-no-senado\/#primaryimage\",\"url\":\"https:\/\/jornalfatosenoticias.com.br\/wp-content\/uploads\/2022\/08\/energia-em-alto-mar_iStock.jpg\",\"contentUrl\":\"https:\/\/jornalfatosenoticias.com.br\/wp-content\/uploads\/2022\/08\/energia-em-alto-mar_iStock.jpg\",\"width\":1000,\"height\":689},{\"@type\":\"BreadcrumbList\",\"@id\":\"https:\/\/jornalfatosenoticias.com.br\/index.php\/2022\/08\/19\/marco-legal-para-producao-de-energia-em-alto-mar-e-aprovado-no-senado\/#breadcrumb\",\"itemListElement\":[{\"@type\":\"ListItem\",\"position\":1,\"name\":\"In\u00edcio\",\"item\":\"https:\/\/jornalfatosenoticias.com.br\/\"},{\"@type\":\"ListItem\",\"position\":2,\"name\":\"Marco legal para produ\u00e7\u00e3o de energia em alto-mar \u00e9 aprovado no Senado\"}]},{\"@type\":\"WebSite\",\"@id\":\"https:\/\/jornalfatosenoticias.com.br\/#website\",\"url\":\"https:\/\/jornalfatosenoticias.com.br\/\",\"name\":\"Jornal Fatos e Not\u00edcias\",\"description\":\"Not\u00edcias em geral\",\"publisher\":{\"@id\":\"https:\/\/jornalfatosenoticias.com.br\/#organization\"},\"potentialAction\":[{\"@type\":\"SearchAction\",\"target\":{\"@type\":\"EntryPoint\",\"urlTemplate\":\"https:\/\/jornalfatosenoticias.com.br\/?s={search_term_string}\"},\"query-input\":{\"@type\":\"PropertyValueSpecification\",\"valueRequired\":true,\"valueName\":\"search_term_string\"}}],\"inLanguage\":\"pt-BR\"},{\"@type\":\"Organization\",\"@id\":\"https:\/\/jornalfatosenoticias.com.br\/#organization\",\"name\":\"Jornal Fatos e Not\u00edcias\",\"url\":\"https:\/\/jornalfatosenoticias.com.br\/\",\"logo\":{\"@type\":\"ImageObject\",\"inLanguage\":\"pt-BR\",\"@id\":\"https:\/\/jornalfatosenoticias.com.br\/#\/schema\/logo\/image\/\",\"url\":\"https:\/\/jornalfatosenoticias.com.br\/wp-content\/uploads\/2020\/02\/logo120.png\",\"contentUrl\":\"https:\/\/jornalfatosenoticias.com.br\/wp-content\/uploads\/2020\/02\/logo120.png\",\"width\":1227,\"height\":120,\"caption\":\"Jornal Fatos e Not\u00edcias\"},\"image\":{\"@id\":\"https:\/\/jornalfatosenoticias.com.br\/#\/schema\/logo\/image\/\"}},{\"@type\":\"Person\",\"@id\":\"https:\/\/jornalfatosenoticias.com.br\/#\/schema\/person\/d63837fa13ac8666eb9e74e0985d6f81\",\"name\":\"Luzimara Fernandes\",\"image\":{\"@type\":\"ImageObject\",\"inLanguage\":\"pt-BR\",\"@id\":\"https:\/\/jornalfatosenoticias.com.br\/#\/schema\/person\/image\/\",\"url\":\"https:\/\/jornalfatosenoticias.com.br\/wp-content\/uploads\/2025\/05\/EU_portal.jpg\",\"contentUrl\":\"https:\/\/jornalfatosenoticias.com.br\/wp-content\/uploads\/2025\/05\/EU_portal.jpg\",\"caption\":\"Luzimara Fernandes\"},\"description\":\"Jornalista MTB 2358-ES\",\"sameAs\":[\"https:\/\/jornalfatosenoticias.com.br\"],\"url\":\"https:\/\/jornalfatosenoticias.com.br\/index.php\/author\/luzimara\/\"}]}<\/script>\n<!-- \/ Yoast SEO plugin. -->","yoast_head_json":{"title":"Marco legal para produ\u00e7\u00e3o de energia em alto-mar \u00e9 aprovado no Senado - Jornal Fatos e Not\u00edcias","robots":{"index":"index","follow":"follow","max-snippet":"max-snippet:-1","max-image-preview":"max-image-preview:large","max-video-preview":"max-video-preview:-1"},"canonical":"https:\/\/jornalfatosenoticias.com.br\/index.php\/2022\/08\/19\/marco-legal-para-producao-de-energia-em-alto-mar-e-aprovado-no-senado\/","og_locale":"pt_BR","og_type":"article","og_title":"Marco legal para produ\u00e7\u00e3o de energia em alto-mar \u00e9 aprovado no Senado - Jornal Fatos e Not\u00edcias","og_description":"Energia pode ser e\u00f3lica, solar ou mesmo gerada pela for\u00e7a das mar\u00e9s; projeto segue agora para a C\u00e2mara A Comiss\u00e3o de Servi\u00e7os de Infraestrutura do Senado aprovou, na \u00faltima quarta-feira (17), o projeto do marco regulat\u00f3rio para a explora\u00e7\u00e3o de energia \u2014 seja e\u00f3lica, solar ou das mar\u00e9s \u2014 em alto-mar, lagoas e espelhos d\u2019\u00e1gua [&hellip;]","og_url":"https:\/\/jornalfatosenoticias.com.br\/index.php\/2022\/08\/19\/marco-legal-para-producao-de-energia-em-alto-mar-e-aprovado-no-senado\/","og_site_name":"Jornal Fatos e Not\u00edcias","article_published_time":"2022-08-19T16:56:49+00:00","article_modified_time":"2022-08-19T16:56:50+00:00","og_image":[{"width":1000,"height":689,"url":"https:\/\/jornalfatosenoticias.com.br\/wp-content\/uploads\/2022\/08\/energia-em-alto-mar_iStock.jpg","type":"image\/jpeg"}],"author":"Luzimara Fernandes","twitter_card":"summary_large_image","twitter_misc":{"Escrito por":"Luzimara Fernandes","Est. tempo de leitura":"2 minutos"},"schema":{"@context":"https:\/\/schema.org","@graph":[{"@type":"Article","@id":"https:\/\/jornalfatosenoticias.com.br\/index.php\/2022\/08\/19\/marco-legal-para-producao-de-energia-em-alto-mar-e-aprovado-no-senado\/#article","isPartOf":{"@id":"https:\/\/jornalfatosenoticias.com.br\/index.php\/2022\/08\/19\/marco-legal-para-producao-de-energia-em-alto-mar-e-aprovado-no-senado\/"},"author":{"name":"Luzimara Fernandes","@id":"https:\/\/jornalfatosenoticias.com.br\/#\/schema\/person\/d63837fa13ac8666eb9e74e0985d6f81"},"headline":"Marco legal para produ\u00e7\u00e3o de energia em alto-mar \u00e9 aprovado no Senado","datePublished":"2022-08-19T16:56:49+00:00","dateModified":"2022-08-19T16:56:50+00:00","mainEntityOfPage":{"@id":"https:\/\/jornalfatosenoticias.com.br\/index.php\/2022\/08\/19\/marco-legal-para-producao-de-energia-em-alto-mar-e-aprovado-no-senado\/"},"wordCount":439,"commentCount":0,"publisher":{"@id":"https:\/\/jornalfatosenoticias.com.br\/#organization"},"image":{"@id":"https:\/\/jornalfatosenoticias.com.br\/index.php\/2022\/08\/19\/marco-legal-para-producao-de-energia-em-alto-mar-e-aprovado-no-senado\/#primaryimage"},"thumbnailUrl":"https:\/\/jornalfatosenoticias.com.br\/wp-content\/uploads\/2022\/08\/energia-em-alto-mar_iStock.jpg","keywords":["alto-mar","energia e\u00f3lica","energia e\u00f3lica offshore","energia solar","for\u00e7a das mar\u00e9s","offshore"],"articleSection":["Economia"],"inLanguage":"pt-BR","potentialAction":[{"@type":"CommentAction","name":"Comment","target":["https:\/\/jornalfatosenoticias.com.br\/index.php\/2022\/08\/19\/marco-legal-para-producao-de-energia-em-alto-mar-e-aprovado-no-senado\/#respond"]}]},{"@type":"WebPage","@id":"https:\/\/jornalfatosenoticias.com.br\/index.php\/2022\/08\/19\/marco-legal-para-producao-de-energia-em-alto-mar-e-aprovado-no-senado\/","url":"https:\/\/jornalfatosenoticias.com.br\/index.php\/2022\/08\/19\/marco-legal-para-producao-de-energia-em-alto-mar-e-aprovado-no-senado\/","name":"Marco legal para produ\u00e7\u00e3o de energia em alto-mar \u00e9 aprovado no Senado - Jornal Fatos e Not\u00edcias","isPartOf":{"@id":"https:\/\/jornalfatosenoticias.com.br\/#website"},"primaryImageOfPage":{"@id":"https:\/\/jornalfatosenoticias.com.br\/index.php\/2022\/08\/19\/marco-legal-para-producao-de-energia-em-alto-mar-e-aprovado-no-senado\/#primaryimage"},"image":{"@id":"https:\/\/jornalfatosenoticias.com.br\/index.php\/2022\/08\/19\/marco-legal-para-producao-de-energia-em-alto-mar-e-aprovado-no-senado\/#primaryimage"},"thumbnailUrl":"https:\/\/jornalfatosenoticias.com.br\/wp-content\/uploads\/2022\/08\/energia-em-alto-mar_iStock.jpg","datePublished":"2022-08-19T16:56:49+00:00","dateModified":"2022-08-19T16:56:50+00:00","breadcrumb":{"@id":"https:\/\/jornalfatosenoticias.com.br\/index.php\/2022\/08\/19\/marco-legal-para-producao-de-energia-em-alto-mar-e-aprovado-no-senado\/#breadcrumb"},"inLanguage":"pt-BR","potentialAction":[{"@type":"ReadAction","target":["https:\/\/jornalfatosenoticias.com.br\/index.php\/2022\/08\/19\/marco-legal-para-producao-de-energia-em-alto-mar-e-aprovado-no-senado\/"]}]},{"@type":"ImageObject","inLanguage":"pt-BR","@id":"https:\/\/jornalfatosenoticias.com.br\/index.php\/2022\/08\/19\/marco-legal-para-producao-de-energia-em-alto-mar-e-aprovado-no-senado\/#primaryimage","url":"https:\/\/jornalfatosenoticias.com.br\/wp-content\/uploads\/2022\/08\/energia-em-alto-mar_iStock.jpg","contentUrl":"https:\/\/jornalfatosenoticias.com.br\/wp-content\/uploads\/2022\/08\/energia-em-alto-mar_iStock.jpg","width":1000,"height":689},{"@type":"BreadcrumbList","@id":"https:\/\/jornalfatosenoticias.com.br\/index.php\/2022\/08\/19\/marco-legal-para-producao-de-energia-em-alto-mar-e-aprovado-no-senado\/#breadcrumb","itemListElement":[{"@type":"ListItem","position":1,"name":"In\u00edcio","item":"https:\/\/jornalfatosenoticias.com.br\/"},{"@type":"ListItem","position":2,"name":"Marco legal para produ\u00e7\u00e3o de energia em alto-mar \u00e9 aprovado no Senado"}]},{"@type":"WebSite","@id":"https:\/\/jornalfatosenoticias.com.br\/#website","url":"https:\/\/jornalfatosenoticias.com.br\/","name":"Jornal Fatos e Not\u00edcias","description":"Not\u00edcias em geral","publisher":{"@id":"https:\/\/jornalfatosenoticias.com.br\/#organization"},"potentialAction":[{"@type":"SearchAction","target":{"@type":"EntryPoint","urlTemplate":"https:\/\/jornalfatosenoticias.com.br\/?s={search_term_string}"},"query-input":{"@type":"PropertyValueSpecification","valueRequired":true,"valueName":"search_term_string"}}],"inLanguage":"pt-BR"},{"@type":"Organization","@id":"https:\/\/jornalfatosenoticias.com.br\/#organization","name":"Jornal Fatos e Not\u00edcias","url":"https:\/\/jornalfatosenoticias.com.br\/","logo":{"@type":"ImageObject","inLanguage":"pt-BR","@id":"https:\/\/jornalfatosenoticias.com.br\/#\/schema\/logo\/image\/","url":"https:\/\/jornalfatosenoticias.com.br\/wp-content\/uploads\/2020\/02\/logo120.png","contentUrl":"https:\/\/jornalfatosenoticias.com.br\/wp-content\/uploads\/2020\/02\/logo120.png","width":1227,"height":120,"caption":"Jornal Fatos e Not\u00edcias"},"image":{"@id":"https:\/\/jornalfatosenoticias.com.br\/#\/schema\/logo\/image\/"}},{"@type":"Person","@id":"https:\/\/jornalfatosenoticias.com.br\/#\/schema\/person\/d63837fa13ac8666eb9e74e0985d6f81","name":"Luzimara Fernandes","image":{"@type":"ImageObject","inLanguage":"pt-BR","@id":"https:\/\/jornalfatosenoticias.com.br\/#\/schema\/person\/image\/","url":"https:\/\/jornalfatosenoticias.com.br\/wp-content\/uploads\/2025\/05\/EU_portal.jpg","contentUrl":"https:\/\/jornalfatosenoticias.com.br\/wp-content\/uploads\/2025\/05\/EU_portal.jpg","caption":"Luzimara Fernandes"},"description":"Jornalista MTB 2358-ES","sameAs":["https:\/\/jornalfatosenoticias.com.br"],"url":"https:\/\/jornalfatosenoticias.com.br\/index.php\/author\/luzimara\/"}]}},"cc_featured_image_caption":{"caption_text":"(Foto: iStock) \r\n","source_text":"","source_url":""},"jetpack_featured_media_url":"https:\/\/jornalfatosenoticias.com.br\/wp-content\/uploads\/2022\/08\/energia-em-alto-mar_iStock.jpg","_links":{"self":[{"href":"https:\/\/jornalfatosenoticias.com.br\/index.php\/wp-json\/wp\/v2\/posts\/33400","targetHints":{"allow":["GET"]}}],"collection":[{"href":"https:\/\/jornalfatosenoticias.com.br\/index.php\/wp-json\/wp\/v2\/posts"}],"about":[{"href":"https:\/\/jornalfatosenoticias.com.br\/index.php\/wp-json\/wp\/v2\/types\/post"}],"author":[{"embeddable":true,"href":"https:\/\/jornalfatosenoticias.com.br\/index.php\/wp-json\/wp\/v2\/users\/2"}],"replies":[{"embeddable":true,"href":"https:\/\/jornalfatosenoticias.com.br\/index.php\/wp-json\/wp\/v2\/comments?post=33400"}],"version-history":[{"count":0,"href":"https:\/\/jornalfatosenoticias.com.br\/index.php\/wp-json\/wp\/v2\/posts\/33400\/revisions"}],"wp:featuredmedia":[{"embeddable":true,"href":"https:\/\/jornalfatosenoticias.com.br\/index.php\/wp-json\/wp\/v2\/media\/33401"}],"wp:attachment":[{"href":"https:\/\/jornalfatosenoticias.com.br\/index.php\/wp-json\/wp\/v2\/media?parent=33400"}],"wp:term":[{"taxonomy":"category","embeddable":true,"href":"https:\/\/jornalfatosenoticias.com.br\/index.php\/wp-json\/wp\/v2\/categories?post=33400"},{"taxonomy":"post_tag","embeddable":true,"href":"https:\/\/jornalfatosenoticias.com.br\/index.php\/wp-json\/wp\/v2\/tags?post=33400"}],"curies":[{"name":"wp","href":"https:\/\/api.w.org\/{rel}","templated":true}]}}