{"id":33471,"date":"2022-08-23T13:37:31","date_gmt":"2022-08-23T16:37:31","guid":{"rendered":"https:\/\/jornalfatosenoticias.com.br\/?p=33471"},"modified":"2022-08-23T13:37:34","modified_gmt":"2022-08-23T16:37:34","slug":"pensar-demais-pode-ampliar-as-taxas-de-substancia-toxica-diz-estudo","status":"publish","type":"post","link":"https:\/\/jornalfatosenoticias.com.br\/index.php\/2022\/08\/23\/pensar-demais-pode-ampliar-as-taxas-de-substancia-toxica-diz-estudo\/","title":{"rendered":"&#8216;Pensar demais&#8217; pode ampliar as taxas de subst\u00e2ncia t\u00f3xica, diz estudo"},"content":{"rendered":"\n<div class=\"wp-block-image\"><figure class=\"aligncenter size-large\"><img loading=\"lazy\" decoding=\"async\" width=\"1024\" height=\"100\" src=\"https:\/\/jornalfatosenoticias.com.br\/wp-content\/uploads\/2022\/05\/NOVA-LOGO-CESCONETTO-1024x100.jpg\" alt=\"\" class=\"wp-image-30792\" srcset=\"https:\/\/jornalfatosenoticias.com.br\/wp-content\/uploads\/2022\/05\/NOVA-LOGO-CESCONETTO-1024x100.jpg 1024w, https:\/\/jornalfatosenoticias.com.br\/wp-content\/uploads\/2022\/05\/NOVA-LOGO-CESCONETTO-300x29.jpg 300w, https:\/\/jornalfatosenoticias.com.br\/wp-content\/uploads\/2022\/05\/NOVA-LOGO-CESCONETTO-768x75.jpg 768w, https:\/\/jornalfatosenoticias.com.br\/wp-content\/uploads\/2022\/05\/NOVA-LOGO-CESCONETTO.jpg 1280w\" sizes=\"auto, (max-width: 1024px) 100vw, 1024px\" \/><\/figure><\/div>\n\n\n\n<p>Voc\u00ea provavelmente j\u00e1 se viu nessa situa\u00e7\u00e3o. Largado no sof\u00e1, ap\u00f3s um longo e cansativo dia de trabalho, no qual teve de &#8220;pensar demais&#8221;. N\u00e3o quer se concentrar em mais nada, namora o aplicativo de delivery ou navega sem rumo pelas redes sociais. Mas por qu\u00ea?<br>Em estudo publicado na revista cient\u00edfica <em>Current Biology<\/em>, pesquisadores franceses sugerem que isso est\u00e1 relacionado &#8220;\u00e0 necessidade de reciclagem de subst\u00e2ncias potencialmente t\u00f3xicas acumuladas durante o exerc\u00edcio do controle cognitivo&#8221;. A subst\u00e2ncia em quest\u00e3o se trata do glutamato, principal neurotransmissor excitativo do c\u00e9rebro, que desempenha papel importante em aprendizado e mem\u00f3ria.<\/p>\n\n\n\n<div class=\"wp-block-image\"><figure class=\"alignleft size-large is-resized\"><img loading=\"lazy\" decoding=\"async\" src=\"https:\/\/jornalfatosenoticias.com.br\/wp-content\/uploads\/2022\/02\/Precisao-Contabilidade-1024x724.jpg\" alt=\"\" class=\"wp-image-28088\" width=\"301\" height=\"212\"\/><\/figure><\/div>\n\n\n\n<p>Conforme a pesquisa, a subst\u00e2ncia se acumula em &#8220;condi\u00e7\u00f5es estressantes&#8221; ou &#8220;com demandas crescentes de tarefas&#8221;. &#8220;O problema com concentra\u00e7\u00f5es muito altas de glutamato extracelular (fora da c\u00e9lula) n\u00e3o \u00e9 apenas a ruptura do equil\u00edbrio excita\u00e7\u00e3o\/inibi\u00e7\u00e3o, mas tamb\u00e9m a indu\u00e7\u00e3o de bursts (explos\u00f5es) de ativa\u00e7\u00e3o, que podem prejudicar a transmiss\u00e3o de informa\u00e7\u00f5es e causar excitotoxicidade (que pode causar morte ou les\u00e3o neural) nos casos mais graves&#8221;, escrevem.<\/p>\n\n\n\n<div class=\"wp-block-image\"><figure class=\"aligncenter size-large\"><img loading=\"lazy\" decoding=\"async\" width=\"1024\" height=\"99\" src=\"https:\/\/jornalfatosenoticias.com.br\/wp-content\/uploads\/2020\/02\/Logo-Mizu-segunda-2-1024x99.png\" alt=\"\" class=\"wp-image-2353\" srcset=\"https:\/\/jornalfatosenoticias.com.br\/wp-content\/uploads\/2020\/02\/Logo-Mizu-segunda-2-1024x99.png 1024w, https:\/\/jornalfatosenoticias.com.br\/wp-content\/uploads\/2020\/02\/Logo-Mizu-segunda-2-300x29.png 300w, https:\/\/jornalfatosenoticias.com.br\/wp-content\/uploads\/2020\/02\/Logo-Mizu-segunda-2-768x74.png 768w, https:\/\/jornalfatosenoticias.com.br\/wp-content\/uploads\/2020\/02\/Logo-Mizu-segunda-2.png 1240w\" sizes=\"auto, (max-width: 1024px) 100vw, 1024px\" \/><\/figure><\/div>\n\n\n\n<p>Para a revista cient\u00edfica Science, o autor principal do estudo, Antonius Weihler, psiquiatra do GHU Paris Psychiatry and Neurosciences, falou que a ci\u00eancia ainda est\u00e1 longe de poder dizer que &#8220;trabalhar duro mentalmente causa um ac\u00famulo t\u00f3xico de glutamato no c\u00e9rebro&#8221;.<br>\u00c0 outra publica\u00e7\u00e3o cient\u00edfica, a Nature, ele explicou que quer usar os resultados para aprender como se recuperar da exaust\u00e3o mental. &#8220;O sono ajuda? De quanto tempo as pausas precisam ser para ter um efeito positivo?&#8221;.<\/p>\n\n\n\n<div class=\"wp-block-image\"><figure class=\"alignright size-large is-resized\"><img loading=\"lazy\" decoding=\"async\" src=\"https:\/\/jornalfatosenoticias.com.br\/wp-content\/uploads\/2020\/02\/nova-logo-Marquetti.jpg\" alt=\"\" class=\"wp-image-22331\" width=\"301\" height=\"202\" srcset=\"https:\/\/jornalfatosenoticias.com.br\/wp-content\/uploads\/2020\/02\/nova-logo-Marquetti.jpg 643w, https:\/\/jornalfatosenoticias.com.br\/wp-content\/uploads\/2020\/02\/nova-logo-Marquetti-300x202.jpg 300w\" sizes=\"auto, (max-width: 301px) 100vw, 301px\" \/><\/figure><\/div>\n\n\n\n<p><strong><span class=\"has-inline-color has-black-color\">Fadiga<br><\/span><\/strong>Para testar essa hip\u00f3tese metab\u00f3lica da fadiga cognitiva, os cientistas analisaram 40 pessoas divididas em dois grupos, executando tarefas cognitivas por cerca de seis horas. Parte fazia atividades mais complexas e os outros, tarefas consideradas mais simples.<br>Ap\u00f3s blocos de atividades, os participantes tinham de fazer quatro escolhas econ\u00f4micas, associadas a recompensas monet\u00e1rias. Elas serviram para an\u00e1lise da fadiga. Isso porque os maiores valores eram associados a demandas de alto esfor\u00e7o \u2014 pensar ou se exercitar fisicamente, por exemplo \u2014 e a um maior tempo para receb\u00ea-la \u2014 atraso no recebimento.<\/p>\n\n\n\n<div class=\"wp-block-image\"><figure class=\"aligncenter size-large is-resized\"><img loading=\"lazy\" decoding=\"async\" src=\"https:\/\/jornalfatosenoticias.com.br\/wp-content\/uploads\/2020\/02\/Serra-Grande-1024x160.png\" alt=\"\" class=\"wp-image-7836\" width=\"472\" height=\"73\"\/><\/figure><\/div>\n\n\n\n<p>Enquanto se faziam essas escolhas, os cientistas analisavam os n\u00edveis de glutamato no c\u00f3rtex pr\u00e9-frontal lateral, por meio de resson\u00e2ncia magn\u00e9tica. A regi\u00e3o cerebral est\u00e1 envolvida na tomada de decis\u00f5es e na regula\u00e7\u00e3o emocional \u2014 \u00e9 uma das \u00faltimas do c\u00e9rebro a se desenvolver e tem matura\u00e7\u00e3o importante na adolesc\u00eancia. E tamb\u00e9m faziam um rastreamento ocular para observar a dilata\u00e7\u00e3o da pupila, que, segundo eles, j\u00e1 &#8220;foi validada como um \u00edndice de esfor\u00e7o cognitivo&#8221;.<\/p>\n\n\n\n<div class=\"wp-block-image\"><figure class=\"alignleft size-large\"><img decoding=\"async\" src=\"https:\/\/jornalfatosenoticias.com.br\/wp-content\/uploads\/2020\/02\/logo_esteio.jpg\" alt=\"\" class=\"wp-image-1214\"\/><\/figure><\/div>\n\n\n\n<p>Os pesquisadores descobriram que o grupo que fez tarefas mais complexas apresentava &#8220;alto n\u00edvel&#8221; de glutamato no c\u00f3rtex pr\u00e9-frontal lateral, e uma redu\u00e7\u00e3o de dilata\u00e7\u00e3o da pupila na hora de fazer as escolhas econ\u00f4micas. Ao contr\u00e1rio daqueles que fizeram atividades mais simples, que preferiram op\u00e7\u00f5es imediatas de recompensa que envolviam menos esfor\u00e7o, mesmo que, no longo prazo, representassem ganho menor.<br>Segundo eles, os resultados replicam e estendem pesquisas que mostraram que exercer &#8220;intenso controle cognitivo&#8221;, em trabalho intelectual ou esporte de resist\u00eancia, induz uma forma de fadiga cognitiva que &#8220;se manifesta como uma maior prefer\u00eancia por op\u00e7\u00f5es imediatas&#8221;.<\/p>\n\n\n\n<div class=\"wp-block-image\"><figure class=\"aligncenter size-large is-resized\"><img loading=\"lazy\" decoding=\"async\" src=\"https:\/\/jornalfatosenoticias.com.br\/wp-content\/uploads\/2022\/03\/logo-Suinco-1024x390.jpg\" alt=\"\" class=\"wp-image-28785\" width=\"349\" height=\"132\"\/><\/figure><\/div>\n\n\n\n<p><strong><span class=\"has-inline-color has-black-color\">Limita\u00e7\u00f5es<br><\/span><\/strong>Mas o estudo apresenta limita\u00e7\u00f5es. <\/p>\n\n\n\n<blockquote class=\"wp-block-quote is-layout-flow wp-block-quote-is-layout-flow\"><p><span class=\"has-inline-color has-luminous-vivid-orange-color\">&#8220;Nossos resultados s\u00e3o apenas correlacionais e n\u00e3o podem ser tomados como prova de que o que limita o esfor\u00e7o do controle cognitivo \u00e9 a necessidade de prevenir o ac\u00famulo de glutamato&#8221;, advertem. <\/span><\/p><\/blockquote>\n\n\n\n<div class=\"wp-block-image\"><figure class=\"aligncenter size-large\"><img loading=\"lazy\" decoding=\"async\" width=\"1024\" height=\"103\" src=\"https:\/\/jornalfatosenoticias.com.br\/wp-content\/uploads\/2022\/02\/Arte-Autoescola-Galatas_endereco_portal-1024x103.png\" alt=\"\" class=\"wp-image-27869\" srcset=\"https:\/\/jornalfatosenoticias.com.br\/wp-content\/uploads\/2022\/02\/Arte-Autoescola-Galatas_endereco_portal-1024x103.png 1024w, https:\/\/jornalfatosenoticias.com.br\/wp-content\/uploads\/2022\/02\/Arte-Autoescola-Galatas_endereco_portal-300x30.png 300w, https:\/\/jornalfatosenoticias.com.br\/wp-content\/uploads\/2022\/02\/Arte-Autoescola-Galatas_endereco_portal-768x77.png 768w, https:\/\/jornalfatosenoticias.com.br\/wp-content\/uploads\/2022\/02\/Arte-Autoescola-Galatas_endereco_portal.png 1223w\" sizes=\"auto, (max-width: 1024px) 100vw, 1024px\" \/><\/figure><\/div>\n\n\n\n<p>Al\u00e9m disso, h\u00e1 limita\u00e7\u00f5es t\u00e9cnicas: os scanners usados n\u00e3o s\u00e3o capazes de quantificar a presen\u00e7a de outras subst\u00e2ncias.<\/p>\n\n\n\n<p><strong><em>Fonte: <a href=\"https:\/\/www.uol.com.br\/vivabem\/noticias\/agencia-estado\/2022\/08\/17\/pensar-demais-pode-ampliar-as-taxas-de-substancia-toxica-diz-estudo.htm\">UOL<\/a><\/em><\/strong><\/p>\n","protected":false},"excerpt":{"rendered":"<p>Voc\u00ea provavelmente j\u00e1 se viu nessa situa\u00e7\u00e3o. Largado no sof\u00e1, ap\u00f3s um longo e cansativo dia de trabalho, no qual teve de &#8220;pensar demais&#8221;. N\u00e3o quer se concentrar em mais nada, namora o aplicativo de delivery ou navega sem rumo pelas redes sociais. Mas por qu\u00ea?Em estudo publicado na revista cient\u00edfica Current Biology, pesquisadores franceses [&hellip;]<\/p>\n","protected":false},"author":2,"featured_media":33472,"comment_status":"open","ping_status":"open","sticky":false,"template":"","format":"standard","meta":{"footnotes":""},"categories":[2522],"tags":[15735,15736,14721],"class_list":["post-33471","post","type-post","status-publish","format-standard","has-post-thumbnail","hentry","category-comportamento","tag-pensar","tag-pensar-demais","tag-substancias-toxicas"],"yoast_head":"<!-- This site is optimized with the Yoast SEO plugin v26.5 - https:\/\/yoast.com\/wordpress\/plugins\/seo\/ -->\n<title>&#039;Pensar demais&#039; pode ampliar as taxas de subst\u00e2ncia t\u00f3xica, diz estudo - Jornal Fatos e Not\u00edcias<\/title>\n<meta name=\"robots\" content=\"index, follow, max-snippet:-1, max-image-preview:large, max-video-preview:-1\" \/>\n<link rel=\"canonical\" href=\"https:\/\/jornalfatosenoticias.com.br\/index.php\/2022\/08\/23\/pensar-demais-pode-ampliar-as-taxas-de-substancia-toxica-diz-estudo\/\" \/>\n<meta property=\"og:locale\" content=\"pt_BR\" \/>\n<meta property=\"og:type\" content=\"article\" \/>\n<meta property=\"og:title\" content=\"&#039;Pensar demais&#039; pode ampliar as taxas de subst\u00e2ncia t\u00f3xica, diz estudo - Jornal Fatos e Not\u00edcias\" \/>\n<meta property=\"og:description\" content=\"Voc\u00ea provavelmente j\u00e1 se viu nessa situa\u00e7\u00e3o. Largado no sof\u00e1, ap\u00f3s um longo e cansativo dia de trabalho, no qual teve de &#8220;pensar demais&#8221;. N\u00e3o quer se concentrar em mais nada, namora o aplicativo de delivery ou navega sem rumo pelas redes sociais. Mas por qu\u00ea?Em estudo publicado na revista cient\u00edfica Current Biology, pesquisadores franceses [&hellip;]\" \/>\n<meta property=\"og:url\" content=\"https:\/\/jornalfatosenoticias.com.br\/index.php\/2022\/08\/23\/pensar-demais-pode-ampliar-as-taxas-de-substancia-toxica-diz-estudo\/\" \/>\n<meta property=\"og:site_name\" content=\"Jornal Fatos e Not\u00edcias\" \/>\n<meta property=\"article:published_time\" content=\"2022-08-23T16:37:31+00:00\" \/>\n<meta property=\"article:modified_time\" content=\"2022-08-23T16:37:34+00:00\" \/>\n<meta property=\"og:image\" content=\"https:\/\/jornalfatosenoticias.com.br\/wp-content\/uploads\/2022\/08\/PENSAR-DEMAIS-TOXICIDADE.png\" \/>\n\t<meta property=\"og:image:width\" content=\"1000\" \/>\n\t<meta property=\"og:image:height\" content=\"585\" \/>\n\t<meta property=\"og:image:type\" content=\"image\/png\" \/>\n<meta name=\"author\" content=\"Luzimara Fernandes\" \/>\n<meta name=\"twitter:card\" content=\"summary_large_image\" \/>\n<meta name=\"twitter:label1\" content=\"Escrito por\" \/>\n\t<meta name=\"twitter:data1\" content=\"Luzimara Fernandes\" \/>\n\t<meta name=\"twitter:label2\" content=\"Est. tempo de leitura\" \/>\n\t<meta name=\"twitter:data2\" content=\"3 minutos\" \/>\n<script type=\"application\/ld+json\" class=\"yoast-schema-graph\">{\"@context\":\"https:\/\/schema.org\",\"@graph\":[{\"@type\":\"Article\",\"@id\":\"https:\/\/jornalfatosenoticias.com.br\/index.php\/2022\/08\/23\/pensar-demais-pode-ampliar-as-taxas-de-substancia-toxica-diz-estudo\/#article\",\"isPartOf\":{\"@id\":\"https:\/\/jornalfatosenoticias.com.br\/index.php\/2022\/08\/23\/pensar-demais-pode-ampliar-as-taxas-de-substancia-toxica-diz-estudo\/\"},\"author\":{\"name\":\"Luzimara Fernandes\",\"@id\":\"https:\/\/jornalfatosenoticias.com.br\/#\/schema\/person\/d63837fa13ac8666eb9e74e0985d6f81\"},\"headline\":\"&#8216;Pensar demais&#8217; pode ampliar as taxas de subst\u00e2ncia t\u00f3xica, diz estudo\",\"datePublished\":\"2022-08-23T16:37:31+00:00\",\"dateModified\":\"2022-08-23T16:37:34+00:00\",\"mainEntityOfPage\":{\"@id\":\"https:\/\/jornalfatosenoticias.com.br\/index.php\/2022\/08\/23\/pensar-demais-pode-ampliar-as-taxas-de-substancia-toxica-diz-estudo\/\"},\"wordCount\":648,\"commentCount\":0,\"publisher\":{\"@id\":\"https:\/\/jornalfatosenoticias.com.br\/#organization\"},\"image\":{\"@id\":\"https:\/\/jornalfatosenoticias.com.br\/index.php\/2022\/08\/23\/pensar-demais-pode-ampliar-as-taxas-de-substancia-toxica-diz-estudo\/#primaryimage\"},\"thumbnailUrl\":\"https:\/\/jornalfatosenoticias.com.br\/wp-content\/uploads\/2022\/08\/PENSAR-DEMAIS-TOXICIDADE.png\",\"keywords\":[\"pensar\",\"pensar demais\",\"subst\u00e2ncias t\u00f3xicas\"],\"articleSection\":[\"Comportamento &amp; Equil\u00edbrio\"],\"inLanguage\":\"pt-BR\",\"potentialAction\":[{\"@type\":\"CommentAction\",\"name\":\"Comment\",\"target\":[\"https:\/\/jornalfatosenoticias.com.br\/index.php\/2022\/08\/23\/pensar-demais-pode-ampliar-as-taxas-de-substancia-toxica-diz-estudo\/#respond\"]}]},{\"@type\":\"WebPage\",\"@id\":\"https:\/\/jornalfatosenoticias.com.br\/index.php\/2022\/08\/23\/pensar-demais-pode-ampliar-as-taxas-de-substancia-toxica-diz-estudo\/\",\"url\":\"https:\/\/jornalfatosenoticias.com.br\/index.php\/2022\/08\/23\/pensar-demais-pode-ampliar-as-taxas-de-substancia-toxica-diz-estudo\/\",\"name\":\"'Pensar demais' pode ampliar as taxas de subst\u00e2ncia t\u00f3xica, diz estudo - Jornal Fatos e Not\u00edcias\",\"isPartOf\":{\"@id\":\"https:\/\/jornalfatosenoticias.com.br\/#website\"},\"primaryImageOfPage\":{\"@id\":\"https:\/\/jornalfatosenoticias.com.br\/index.php\/2022\/08\/23\/pensar-demais-pode-ampliar-as-taxas-de-substancia-toxica-diz-estudo\/#primaryimage\"},\"image\":{\"@id\":\"https:\/\/jornalfatosenoticias.com.br\/index.php\/2022\/08\/23\/pensar-demais-pode-ampliar-as-taxas-de-substancia-toxica-diz-estudo\/#primaryimage\"},\"thumbnailUrl\":\"https:\/\/jornalfatosenoticias.com.br\/wp-content\/uploads\/2022\/08\/PENSAR-DEMAIS-TOXICIDADE.png\",\"datePublished\":\"2022-08-23T16:37:31+00:00\",\"dateModified\":\"2022-08-23T16:37:34+00:00\",\"breadcrumb\":{\"@id\":\"https:\/\/jornalfatosenoticias.com.br\/index.php\/2022\/08\/23\/pensar-demais-pode-ampliar-as-taxas-de-substancia-toxica-diz-estudo\/#breadcrumb\"},\"inLanguage\":\"pt-BR\",\"potentialAction\":[{\"@type\":\"ReadAction\",\"target\":[\"https:\/\/jornalfatosenoticias.com.br\/index.php\/2022\/08\/23\/pensar-demais-pode-ampliar-as-taxas-de-substancia-toxica-diz-estudo\/\"]}]},{\"@type\":\"ImageObject\",\"inLanguage\":\"pt-BR\",\"@id\":\"https:\/\/jornalfatosenoticias.com.br\/index.php\/2022\/08\/23\/pensar-demais-pode-ampliar-as-taxas-de-substancia-toxica-diz-estudo\/#primaryimage\",\"url\":\"https:\/\/jornalfatosenoticias.com.br\/wp-content\/uploads\/2022\/08\/PENSAR-DEMAIS-TOXICIDADE.png\",\"contentUrl\":\"https:\/\/jornalfatosenoticias.com.br\/wp-content\/uploads\/2022\/08\/PENSAR-DEMAIS-TOXICIDADE.png\",\"width\":1000,\"height\":585},{\"@type\":\"BreadcrumbList\",\"@id\":\"https:\/\/jornalfatosenoticias.com.br\/index.php\/2022\/08\/23\/pensar-demais-pode-ampliar-as-taxas-de-substancia-toxica-diz-estudo\/#breadcrumb\",\"itemListElement\":[{\"@type\":\"ListItem\",\"position\":1,\"name\":\"In\u00edcio\",\"item\":\"https:\/\/jornalfatosenoticias.com.br\/\"},{\"@type\":\"ListItem\",\"position\":2,\"name\":\"&#8216;Pensar demais&#8217; pode ampliar as taxas de subst\u00e2ncia t\u00f3xica, diz estudo\"}]},{\"@type\":\"WebSite\",\"@id\":\"https:\/\/jornalfatosenoticias.com.br\/#website\",\"url\":\"https:\/\/jornalfatosenoticias.com.br\/\",\"name\":\"Jornal Fatos e Not\u00edcias\",\"description\":\"Not\u00edcias em geral\",\"publisher\":{\"@id\":\"https:\/\/jornalfatosenoticias.com.br\/#organization\"},\"potentialAction\":[{\"@type\":\"SearchAction\",\"target\":{\"@type\":\"EntryPoint\",\"urlTemplate\":\"https:\/\/jornalfatosenoticias.com.br\/?s={search_term_string}\"},\"query-input\":{\"@type\":\"PropertyValueSpecification\",\"valueRequired\":true,\"valueName\":\"search_term_string\"}}],\"inLanguage\":\"pt-BR\"},{\"@type\":\"Organization\",\"@id\":\"https:\/\/jornalfatosenoticias.com.br\/#organization\",\"name\":\"Jornal Fatos e Not\u00edcias\",\"url\":\"https:\/\/jornalfatosenoticias.com.br\/\",\"logo\":{\"@type\":\"ImageObject\",\"inLanguage\":\"pt-BR\",\"@id\":\"https:\/\/jornalfatosenoticias.com.br\/#\/schema\/logo\/image\/\",\"url\":\"https:\/\/jornalfatosenoticias.com.br\/wp-content\/uploads\/2020\/02\/logo120.png\",\"contentUrl\":\"https:\/\/jornalfatosenoticias.com.br\/wp-content\/uploads\/2020\/02\/logo120.png\",\"width\":1227,\"height\":120,\"caption\":\"Jornal Fatos e Not\u00edcias\"},\"image\":{\"@id\":\"https:\/\/jornalfatosenoticias.com.br\/#\/schema\/logo\/image\/\"}},{\"@type\":\"Person\",\"@id\":\"https:\/\/jornalfatosenoticias.com.br\/#\/schema\/person\/d63837fa13ac8666eb9e74e0985d6f81\",\"name\":\"Luzimara Fernandes\",\"image\":{\"@type\":\"ImageObject\",\"inLanguage\":\"pt-BR\",\"@id\":\"https:\/\/jornalfatosenoticias.com.br\/#\/schema\/person\/image\/\",\"url\":\"https:\/\/jornalfatosenoticias.com.br\/wp-content\/uploads\/2025\/05\/EU_portal.jpg\",\"contentUrl\":\"https:\/\/jornalfatosenoticias.com.br\/wp-content\/uploads\/2025\/05\/EU_portal.jpg\",\"caption\":\"Luzimara Fernandes\"},\"description\":\"Jornalista MTB 2358-ES\",\"sameAs\":[\"https:\/\/jornalfatosenoticias.com.br\"],\"url\":\"https:\/\/jornalfatosenoticias.com.br\/index.php\/author\/luzimara\/\"}]}<\/script>\n<!-- \/ Yoast SEO plugin. -->","yoast_head_json":{"title":"'Pensar demais' pode ampliar as taxas de subst\u00e2ncia t\u00f3xica, diz estudo - Jornal Fatos e Not\u00edcias","robots":{"index":"index","follow":"follow","max-snippet":"max-snippet:-1","max-image-preview":"max-image-preview:large","max-video-preview":"max-video-preview:-1"},"canonical":"https:\/\/jornalfatosenoticias.com.br\/index.php\/2022\/08\/23\/pensar-demais-pode-ampliar-as-taxas-de-substancia-toxica-diz-estudo\/","og_locale":"pt_BR","og_type":"article","og_title":"'Pensar demais' pode ampliar as taxas de subst\u00e2ncia t\u00f3xica, diz estudo - Jornal Fatos e Not\u00edcias","og_description":"Voc\u00ea provavelmente j\u00e1 se viu nessa situa\u00e7\u00e3o. Largado no sof\u00e1, ap\u00f3s um longo e cansativo dia de trabalho, no qual teve de &#8220;pensar demais&#8221;. N\u00e3o quer se concentrar em mais nada, namora o aplicativo de delivery ou navega sem rumo pelas redes sociais. Mas por qu\u00ea?Em estudo publicado na revista cient\u00edfica Current Biology, pesquisadores franceses [&hellip;]","og_url":"https:\/\/jornalfatosenoticias.com.br\/index.php\/2022\/08\/23\/pensar-demais-pode-ampliar-as-taxas-de-substancia-toxica-diz-estudo\/","og_site_name":"Jornal Fatos e Not\u00edcias","article_published_time":"2022-08-23T16:37:31+00:00","article_modified_time":"2022-08-23T16:37:34+00:00","og_image":[{"width":1000,"height":585,"url":"https:\/\/jornalfatosenoticias.com.br\/wp-content\/uploads\/2022\/08\/PENSAR-DEMAIS-TOXICIDADE.png","type":"image\/png"}],"author":"Luzimara Fernandes","twitter_card":"summary_large_image","twitter_misc":{"Escrito por":"Luzimara Fernandes","Est. tempo de leitura":"3 minutos"},"schema":{"@context":"https:\/\/schema.org","@graph":[{"@type":"Article","@id":"https:\/\/jornalfatosenoticias.com.br\/index.php\/2022\/08\/23\/pensar-demais-pode-ampliar-as-taxas-de-substancia-toxica-diz-estudo\/#article","isPartOf":{"@id":"https:\/\/jornalfatosenoticias.com.br\/index.php\/2022\/08\/23\/pensar-demais-pode-ampliar-as-taxas-de-substancia-toxica-diz-estudo\/"},"author":{"name":"Luzimara Fernandes","@id":"https:\/\/jornalfatosenoticias.com.br\/#\/schema\/person\/d63837fa13ac8666eb9e74e0985d6f81"},"headline":"&#8216;Pensar demais&#8217; pode ampliar as taxas de subst\u00e2ncia t\u00f3xica, diz estudo","datePublished":"2022-08-23T16:37:31+00:00","dateModified":"2022-08-23T16:37:34+00:00","mainEntityOfPage":{"@id":"https:\/\/jornalfatosenoticias.com.br\/index.php\/2022\/08\/23\/pensar-demais-pode-ampliar-as-taxas-de-substancia-toxica-diz-estudo\/"},"wordCount":648,"commentCount":0,"publisher":{"@id":"https:\/\/jornalfatosenoticias.com.br\/#organization"},"image":{"@id":"https:\/\/jornalfatosenoticias.com.br\/index.php\/2022\/08\/23\/pensar-demais-pode-ampliar-as-taxas-de-substancia-toxica-diz-estudo\/#primaryimage"},"thumbnailUrl":"https:\/\/jornalfatosenoticias.com.br\/wp-content\/uploads\/2022\/08\/PENSAR-DEMAIS-TOXICIDADE.png","keywords":["pensar","pensar demais","subst\u00e2ncias t\u00f3xicas"],"articleSection":["Comportamento &amp; Equil\u00edbrio"],"inLanguage":"pt-BR","potentialAction":[{"@type":"CommentAction","name":"Comment","target":["https:\/\/jornalfatosenoticias.com.br\/index.php\/2022\/08\/23\/pensar-demais-pode-ampliar-as-taxas-de-substancia-toxica-diz-estudo\/#respond"]}]},{"@type":"WebPage","@id":"https:\/\/jornalfatosenoticias.com.br\/index.php\/2022\/08\/23\/pensar-demais-pode-ampliar-as-taxas-de-substancia-toxica-diz-estudo\/","url":"https:\/\/jornalfatosenoticias.com.br\/index.php\/2022\/08\/23\/pensar-demais-pode-ampliar-as-taxas-de-substancia-toxica-diz-estudo\/","name":"'Pensar demais' pode ampliar as taxas de subst\u00e2ncia t\u00f3xica, diz estudo - Jornal Fatos e Not\u00edcias","isPartOf":{"@id":"https:\/\/jornalfatosenoticias.com.br\/#website"},"primaryImageOfPage":{"@id":"https:\/\/jornalfatosenoticias.com.br\/index.php\/2022\/08\/23\/pensar-demais-pode-ampliar-as-taxas-de-substancia-toxica-diz-estudo\/#primaryimage"},"image":{"@id":"https:\/\/jornalfatosenoticias.com.br\/index.php\/2022\/08\/23\/pensar-demais-pode-ampliar-as-taxas-de-substancia-toxica-diz-estudo\/#primaryimage"},"thumbnailUrl":"https:\/\/jornalfatosenoticias.com.br\/wp-content\/uploads\/2022\/08\/PENSAR-DEMAIS-TOXICIDADE.png","datePublished":"2022-08-23T16:37:31+00:00","dateModified":"2022-08-23T16:37:34+00:00","breadcrumb":{"@id":"https:\/\/jornalfatosenoticias.com.br\/index.php\/2022\/08\/23\/pensar-demais-pode-ampliar-as-taxas-de-substancia-toxica-diz-estudo\/#breadcrumb"},"inLanguage":"pt-BR","potentialAction":[{"@type":"ReadAction","target":["https:\/\/jornalfatosenoticias.com.br\/index.php\/2022\/08\/23\/pensar-demais-pode-ampliar-as-taxas-de-substancia-toxica-diz-estudo\/"]}]},{"@type":"ImageObject","inLanguage":"pt-BR","@id":"https:\/\/jornalfatosenoticias.com.br\/index.php\/2022\/08\/23\/pensar-demais-pode-ampliar-as-taxas-de-substancia-toxica-diz-estudo\/#primaryimage","url":"https:\/\/jornalfatosenoticias.com.br\/wp-content\/uploads\/2022\/08\/PENSAR-DEMAIS-TOXICIDADE.png","contentUrl":"https:\/\/jornalfatosenoticias.com.br\/wp-content\/uploads\/2022\/08\/PENSAR-DEMAIS-TOXICIDADE.png","width":1000,"height":585},{"@type":"BreadcrumbList","@id":"https:\/\/jornalfatosenoticias.com.br\/index.php\/2022\/08\/23\/pensar-demais-pode-ampliar-as-taxas-de-substancia-toxica-diz-estudo\/#breadcrumb","itemListElement":[{"@type":"ListItem","position":1,"name":"In\u00edcio","item":"https:\/\/jornalfatosenoticias.com.br\/"},{"@type":"ListItem","position":2,"name":"&#8216;Pensar demais&#8217; pode ampliar as taxas de subst\u00e2ncia t\u00f3xica, diz estudo"}]},{"@type":"WebSite","@id":"https:\/\/jornalfatosenoticias.com.br\/#website","url":"https:\/\/jornalfatosenoticias.com.br\/","name":"Jornal Fatos e Not\u00edcias","description":"Not\u00edcias em geral","publisher":{"@id":"https:\/\/jornalfatosenoticias.com.br\/#organization"},"potentialAction":[{"@type":"SearchAction","target":{"@type":"EntryPoint","urlTemplate":"https:\/\/jornalfatosenoticias.com.br\/?s={search_term_string}"},"query-input":{"@type":"PropertyValueSpecification","valueRequired":true,"valueName":"search_term_string"}}],"inLanguage":"pt-BR"},{"@type":"Organization","@id":"https:\/\/jornalfatosenoticias.com.br\/#organization","name":"Jornal Fatos e Not\u00edcias","url":"https:\/\/jornalfatosenoticias.com.br\/","logo":{"@type":"ImageObject","inLanguage":"pt-BR","@id":"https:\/\/jornalfatosenoticias.com.br\/#\/schema\/logo\/image\/","url":"https:\/\/jornalfatosenoticias.com.br\/wp-content\/uploads\/2020\/02\/logo120.png","contentUrl":"https:\/\/jornalfatosenoticias.com.br\/wp-content\/uploads\/2020\/02\/logo120.png","width":1227,"height":120,"caption":"Jornal Fatos e Not\u00edcias"},"image":{"@id":"https:\/\/jornalfatosenoticias.com.br\/#\/schema\/logo\/image\/"}},{"@type":"Person","@id":"https:\/\/jornalfatosenoticias.com.br\/#\/schema\/person\/d63837fa13ac8666eb9e74e0985d6f81","name":"Luzimara Fernandes","image":{"@type":"ImageObject","inLanguage":"pt-BR","@id":"https:\/\/jornalfatosenoticias.com.br\/#\/schema\/person\/image\/","url":"https:\/\/jornalfatosenoticias.com.br\/wp-content\/uploads\/2025\/05\/EU_portal.jpg","contentUrl":"https:\/\/jornalfatosenoticias.com.br\/wp-content\/uploads\/2025\/05\/EU_portal.jpg","caption":"Luzimara Fernandes"},"description":"Jornalista MTB 2358-ES","sameAs":["https:\/\/jornalfatosenoticias.com.br"],"url":"https:\/\/jornalfatosenoticias.com.br\/index.php\/author\/luzimara\/"}]}},"cc_featured_image_caption":{"caption_text":"(Foto: iStock) ","source_text":"","source_url":""},"jetpack_featured_media_url":"https:\/\/jornalfatosenoticias.com.br\/wp-content\/uploads\/2022\/08\/PENSAR-DEMAIS-TOXICIDADE.png","_links":{"self":[{"href":"https:\/\/jornalfatosenoticias.com.br\/index.php\/wp-json\/wp\/v2\/posts\/33471","targetHints":{"allow":["GET"]}}],"collection":[{"href":"https:\/\/jornalfatosenoticias.com.br\/index.php\/wp-json\/wp\/v2\/posts"}],"about":[{"href":"https:\/\/jornalfatosenoticias.com.br\/index.php\/wp-json\/wp\/v2\/types\/post"}],"author":[{"embeddable":true,"href":"https:\/\/jornalfatosenoticias.com.br\/index.php\/wp-json\/wp\/v2\/users\/2"}],"replies":[{"embeddable":true,"href":"https:\/\/jornalfatosenoticias.com.br\/index.php\/wp-json\/wp\/v2\/comments?post=33471"}],"version-history":[{"count":0,"href":"https:\/\/jornalfatosenoticias.com.br\/index.php\/wp-json\/wp\/v2\/posts\/33471\/revisions"}],"wp:featuredmedia":[{"embeddable":true,"href":"https:\/\/jornalfatosenoticias.com.br\/index.php\/wp-json\/wp\/v2\/media\/33472"}],"wp:attachment":[{"href":"https:\/\/jornalfatosenoticias.com.br\/index.php\/wp-json\/wp\/v2\/media?parent=33471"}],"wp:term":[{"taxonomy":"category","embeddable":true,"href":"https:\/\/jornalfatosenoticias.com.br\/index.php\/wp-json\/wp\/v2\/categories?post=33471"},{"taxonomy":"post_tag","embeddable":true,"href":"https:\/\/jornalfatosenoticias.com.br\/index.php\/wp-json\/wp\/v2\/tags?post=33471"}],"curies":[{"name":"wp","href":"https:\/\/api.w.org\/{rel}","templated":true}]}}