{"id":33488,"date":"2022-08-24T14:44:56","date_gmt":"2022-08-24T17:44:56","guid":{"rendered":"https:\/\/jornalfatosenoticias.com.br\/?p=33488"},"modified":"2022-08-24T14:45:00","modified_gmt":"2022-08-24T17:45:00","slug":"ipca-15-tem-deflacao-de-073-em-agosto","status":"publish","type":"post","link":"https:\/\/jornalfatosenoticias.com.br\/index.php\/2022\/08\/24\/ipca-15-tem-deflacao-de-073-em-agosto\/","title":{"rendered":"IPCA-15 tem defla\u00e7\u00e3o de 0,73% em agosto"},"content":{"rendered":"\n<p><em><span class=\"has-inline-color has-black-color\">\u00c9 a menor taxa da s\u00e9rie hist\u00f3rica do \u00edndice, iniciada em 1991<\/span><\/em><\/p>\n\n\n\n<div class=\"wp-block-image\"><figure class=\"aligncenter size-large\"><img loading=\"lazy\" decoding=\"async\" width=\"1024\" height=\"99\" src=\"https:\/\/jornalfatosenoticias.com.br\/wp-content\/uploads\/2020\/02\/Logo-Mizu-segunda-2-1024x99.png\" alt=\"\" class=\"wp-image-2353\" srcset=\"https:\/\/jornalfatosenoticias.com.br\/wp-content\/uploads\/2020\/02\/Logo-Mizu-segunda-2-1024x99.png 1024w, https:\/\/jornalfatosenoticias.com.br\/wp-content\/uploads\/2020\/02\/Logo-Mizu-segunda-2-300x29.png 300w, https:\/\/jornalfatosenoticias.com.br\/wp-content\/uploads\/2020\/02\/Logo-Mizu-segunda-2-768x74.png 768w, https:\/\/jornalfatosenoticias.com.br\/wp-content\/uploads\/2020\/02\/Logo-Mizu-segunda-2.png 1240w\" sizes=\"auto, (max-width: 1024px) 100vw, 1024px\" \/><\/figure><\/div>\n\n\n\n<p>O \u00cdndice Nacional de Pre\u00e7os ao Consumidor Amplo 15 (IPCA-15), a pr\u00e9via da infla\u00e7\u00e3o oficial, registrou defla\u00e7\u00e3o (queda de pre\u00e7os) de 0,73% em agosto deste ano. \u00c9 a menor taxa da s\u00e9rie hist\u00f3rica do IPCA-15, iniciada em 1991, segundo o Instituto Brasileiro de Geografia e Estat\u00edstica (IBGE).<br>O IPCA-15 havia registrado taxas de infla\u00e7\u00e3o de 0,13% em julho deste ano e de 0,89% em agosto do ano passado. Com o resultado deste m\u00eas, o IPCA-15 acumula taxas de infla\u00e7\u00e3o de 5,02% no ano e de 9,60% em 12 meses.<br>A queda de pre\u00e7os observada na pr\u00e9via de agosto foi puxada principalmente pelos transportes, que registraram defla\u00e7\u00e3o de que 5,24%. O comportamento deste grupo de despesas foi influenciado pelo recuo dos pre\u00e7os dos combust\u00edveis (-15,33%).<\/p>\n\n\n\n<div class=\"wp-block-image\"><figure class=\"alignright size-large is-resized\"><img loading=\"lazy\" decoding=\"async\" src=\"https:\/\/jornalfatosenoticias.com.br\/wp-content\/uploads\/2022\/02\/Precisao-Contabilidade-1024x724.jpg\" alt=\"\" class=\"wp-image-28088\" width=\"330\" height=\"233\"\/><\/figure><\/div>\n\n\n\n<p>Entre os combust\u00edveis, foram observadas quedas de 16,80% na gasolina, de 10,78% no etanol, de 5,40% no g\u00e1s veicular e de 0,56% no \u00f3leo diesel.<br>Outros grupos de despesa com defla\u00e7\u00e3o foram habita\u00e7\u00e3o (-0,37%), com destaque para o recuo nos pre\u00e7os da energia el\u00e9trica residencial (-3,29%); e comunica\u00e7\u00e3o (-0,30%).<br>Por outro lado, os alimentos apresentaram a maior alta de pre\u00e7os do IPCA-15 no per\u00edodo (1,12%), taxa semelhante \u00e0 observada no m\u00eas anterior (1,16%), devido a produtos como o leite longa vida (14,21%), frutas (2,99%), queijo (4,18%) e frango em peda\u00e7os (3,08%).<\/p>\n\n\n\n<div class=\"wp-block-image\"><figure class=\"aligncenter size-large is-resized\"><img loading=\"lazy\" decoding=\"async\" src=\"https:\/\/jornalfatosenoticias.com.br\/wp-content\/uploads\/2020\/02\/Serra-Grande-1024x160.png\" alt=\"\" class=\"wp-image-7836\" width=\"446\" height=\"69\"\/><\/figure><\/div>\n\n\n\n<p>Tamb\u00e9m tiveram infla\u00e7\u00e3o os grupos de despesa sa\u00fade e cuidados pessoais (0,81%), despesas pessoais (0,81%), vestu\u00e1rio (0,76%), educa\u00e7\u00e3o (0,61%) e artigos de resid\u00eancia (0,08%).<\/p>\n\n\n\n<p><strong><em>Fonte: <a href=\"https:\/\/agenciabrasil.ebc.com.br\/economia\/noticia\/2022-08\/ipca15-tem-deflacao-em-agosto\">Ag\u00eancia Brasil<\/a><\/em><\/strong><\/p>\n","protected":false},"excerpt":{"rendered":"<p>\u00c9 a menor taxa da s\u00e9rie hist\u00f3rica do \u00edndice, iniciada em 1991 O \u00cdndice Nacional de Pre\u00e7os ao Consumidor Amplo 15 (IPCA-15), a pr\u00e9via da infla\u00e7\u00e3o oficial, registrou defla\u00e7\u00e3o (queda de pre\u00e7os) de 0,73% em agosto deste ano. \u00c9 a menor taxa da s\u00e9rie hist\u00f3rica do IPCA-15, iniciada em 1991, segundo o Instituto Brasileiro de [&hellip;]<\/p>\n","protected":false},"author":2,"featured_media":33489,"comment_status":"open","ping_status":"open","sticky":false,"template":"","format":"standard","meta":{"footnotes":""},"categories":[9],"tags":[15744,15746,15745],"class_list":["post-33488","post","type-post","status-publish","format-standard","has-post-thumbnail","hentry","category-economia","tag-deflacao","tag-inflacao-oficial","tag-ipca-15"],"yoast_head":"<!-- This site is optimized with the Yoast SEO plugin v26.5 - https:\/\/yoast.com\/wordpress\/plugins\/seo\/ -->\n<title>IPCA-15 tem defla\u00e7\u00e3o de 0,73% em agosto - Jornal Fatos e Not\u00edcias<\/title>\n<meta name=\"robots\" content=\"index, follow, max-snippet:-1, max-image-preview:large, max-video-preview:-1\" \/>\n<link rel=\"canonical\" href=\"https:\/\/jornalfatosenoticias.com.br\/index.php\/2022\/08\/24\/ipca-15-tem-deflacao-de-073-em-agosto\/\" \/>\n<meta property=\"og:locale\" content=\"pt_BR\" \/>\n<meta property=\"og:type\" content=\"article\" \/>\n<meta property=\"og:title\" content=\"IPCA-15 tem defla\u00e7\u00e3o de 0,73% em agosto - Jornal Fatos e Not\u00edcias\" \/>\n<meta property=\"og:description\" content=\"\u00c9 a menor taxa da s\u00e9rie hist\u00f3rica do \u00edndice, iniciada em 1991 O \u00cdndice Nacional de Pre\u00e7os ao Consumidor Amplo 15 (IPCA-15), a pr\u00e9via da infla\u00e7\u00e3o oficial, registrou defla\u00e7\u00e3o (queda de pre\u00e7os) de 0,73% em agosto deste ano. \u00c9 a menor taxa da s\u00e9rie hist\u00f3rica do IPCA-15, iniciada em 1991, segundo o Instituto Brasileiro de [&hellip;]\" \/>\n<meta property=\"og:url\" content=\"https:\/\/jornalfatosenoticias.com.br\/index.php\/2022\/08\/24\/ipca-15-tem-deflacao-de-073-em-agosto\/\" \/>\n<meta property=\"og:site_name\" content=\"Jornal Fatos e Not\u00edcias\" \/>\n<meta property=\"article:published_time\" content=\"2022-08-24T17:44:56+00:00\" \/>\n<meta property=\"article:modified_time\" content=\"2022-08-24T17:45:00+00:00\" \/>\n<meta property=\"og:image\" content=\"https:\/\/jornalfatosenoticias.com.br\/wp-content\/uploads\/2022\/08\/economia_deflacao.jpg\" \/>\n\t<meta property=\"og:image:width\" content=\"1000\" \/>\n\t<meta property=\"og:image:height\" content=\"598\" \/>\n\t<meta property=\"og:image:type\" content=\"image\/jpeg\" \/>\n<meta name=\"author\" content=\"Luzimara Fernandes\" \/>\n<meta name=\"twitter:card\" content=\"summary_large_image\" \/>\n<meta name=\"twitter:label1\" content=\"Escrito por\" \/>\n\t<meta name=\"twitter:data1\" content=\"Luzimara Fernandes\" \/>\n\t<meta name=\"twitter:label2\" content=\"Est. tempo de leitura\" \/>\n\t<meta name=\"twitter:data2\" content=\"1 minuto\" \/>\n<script type=\"application\/ld+json\" class=\"yoast-schema-graph\">{\"@context\":\"https:\/\/schema.org\",\"@graph\":[{\"@type\":\"Article\",\"@id\":\"https:\/\/jornalfatosenoticias.com.br\/index.php\/2022\/08\/24\/ipca-15-tem-deflacao-de-073-em-agosto\/#article\",\"isPartOf\":{\"@id\":\"https:\/\/jornalfatosenoticias.com.br\/index.php\/2022\/08\/24\/ipca-15-tem-deflacao-de-073-em-agosto\/\"},\"author\":{\"name\":\"Luzimara Fernandes\",\"@id\":\"https:\/\/jornalfatosenoticias.com.br\/#\/schema\/person\/d63837fa13ac8666eb9e74e0985d6f81\"},\"headline\":\"IPCA-15 tem defla\u00e7\u00e3o de 0,73% em agosto\",\"datePublished\":\"2022-08-24T17:44:56+00:00\",\"dateModified\":\"2022-08-24T17:45:00+00:00\",\"mainEntityOfPage\":{\"@id\":\"https:\/\/jornalfatosenoticias.com.br\/index.php\/2022\/08\/24\/ipca-15-tem-deflacao-de-073-em-agosto\/\"},\"wordCount\":269,\"commentCount\":0,\"publisher\":{\"@id\":\"https:\/\/jornalfatosenoticias.com.br\/#organization\"},\"image\":{\"@id\":\"https:\/\/jornalfatosenoticias.com.br\/index.php\/2022\/08\/24\/ipca-15-tem-deflacao-de-073-em-agosto\/#primaryimage\"},\"thumbnailUrl\":\"https:\/\/jornalfatosenoticias.com.br\/wp-content\/uploads\/2022\/08\/economia_deflacao.jpg\",\"keywords\":[\"defla\u00e7\u00e3o\",\"infla\u00e7\u00e3o oficial\",\"IPCA-15\"],\"articleSection\":[\"Economia\"],\"inLanguage\":\"pt-BR\",\"potentialAction\":[{\"@type\":\"CommentAction\",\"name\":\"Comment\",\"target\":[\"https:\/\/jornalfatosenoticias.com.br\/index.php\/2022\/08\/24\/ipca-15-tem-deflacao-de-073-em-agosto\/#respond\"]}]},{\"@type\":\"WebPage\",\"@id\":\"https:\/\/jornalfatosenoticias.com.br\/index.php\/2022\/08\/24\/ipca-15-tem-deflacao-de-073-em-agosto\/\",\"url\":\"https:\/\/jornalfatosenoticias.com.br\/index.php\/2022\/08\/24\/ipca-15-tem-deflacao-de-073-em-agosto\/\",\"name\":\"IPCA-15 tem defla\u00e7\u00e3o de 0,73% em agosto - Jornal Fatos e Not\u00edcias\",\"isPartOf\":{\"@id\":\"https:\/\/jornalfatosenoticias.com.br\/#website\"},\"primaryImageOfPage\":{\"@id\":\"https:\/\/jornalfatosenoticias.com.br\/index.php\/2022\/08\/24\/ipca-15-tem-deflacao-de-073-em-agosto\/#primaryimage\"},\"image\":{\"@id\":\"https:\/\/jornalfatosenoticias.com.br\/index.php\/2022\/08\/24\/ipca-15-tem-deflacao-de-073-em-agosto\/#primaryimage\"},\"thumbnailUrl\":\"https:\/\/jornalfatosenoticias.com.br\/wp-content\/uploads\/2022\/08\/economia_deflacao.jpg\",\"datePublished\":\"2022-08-24T17:44:56+00:00\",\"dateModified\":\"2022-08-24T17:45:00+00:00\",\"breadcrumb\":{\"@id\":\"https:\/\/jornalfatosenoticias.com.br\/index.php\/2022\/08\/24\/ipca-15-tem-deflacao-de-073-em-agosto\/#breadcrumb\"},\"inLanguage\":\"pt-BR\",\"potentialAction\":[{\"@type\":\"ReadAction\",\"target\":[\"https:\/\/jornalfatosenoticias.com.br\/index.php\/2022\/08\/24\/ipca-15-tem-deflacao-de-073-em-agosto\/\"]}]},{\"@type\":\"ImageObject\",\"inLanguage\":\"pt-BR\",\"@id\":\"https:\/\/jornalfatosenoticias.com.br\/index.php\/2022\/08\/24\/ipca-15-tem-deflacao-de-073-em-agosto\/#primaryimage\",\"url\":\"https:\/\/jornalfatosenoticias.com.br\/wp-content\/uploads\/2022\/08\/economia_deflacao.jpg\",\"contentUrl\":\"https:\/\/jornalfatosenoticias.com.br\/wp-content\/uploads\/2022\/08\/economia_deflacao.jpg\",\"width\":1000,\"height\":598,\"caption\":\"Economia, Moeda Real,Dinheiro, Calculadora\"},{\"@type\":\"BreadcrumbList\",\"@id\":\"https:\/\/jornalfatosenoticias.com.br\/index.php\/2022\/08\/24\/ipca-15-tem-deflacao-de-073-em-agosto\/#breadcrumb\",\"itemListElement\":[{\"@type\":\"ListItem\",\"position\":1,\"name\":\"In\u00edcio\",\"item\":\"https:\/\/jornalfatosenoticias.com.br\/\"},{\"@type\":\"ListItem\",\"position\":2,\"name\":\"IPCA-15 tem defla\u00e7\u00e3o de 0,73% em agosto\"}]},{\"@type\":\"WebSite\",\"@id\":\"https:\/\/jornalfatosenoticias.com.br\/#website\",\"url\":\"https:\/\/jornalfatosenoticias.com.br\/\",\"name\":\"Jornal Fatos e Not\u00edcias\",\"description\":\"Not\u00edcias em geral\",\"publisher\":{\"@id\":\"https:\/\/jornalfatosenoticias.com.br\/#organization\"},\"potentialAction\":[{\"@type\":\"SearchAction\",\"target\":{\"@type\":\"EntryPoint\",\"urlTemplate\":\"https:\/\/jornalfatosenoticias.com.br\/?s={search_term_string}\"},\"query-input\":{\"@type\":\"PropertyValueSpecification\",\"valueRequired\":true,\"valueName\":\"search_term_string\"}}],\"inLanguage\":\"pt-BR\"},{\"@type\":\"Organization\",\"@id\":\"https:\/\/jornalfatosenoticias.com.br\/#organization\",\"name\":\"Jornal Fatos e Not\u00edcias\",\"url\":\"https:\/\/jornalfatosenoticias.com.br\/\",\"logo\":{\"@type\":\"ImageObject\",\"inLanguage\":\"pt-BR\",\"@id\":\"https:\/\/jornalfatosenoticias.com.br\/#\/schema\/logo\/image\/\",\"url\":\"https:\/\/jornalfatosenoticias.com.br\/wp-content\/uploads\/2020\/02\/logo120.png\",\"contentUrl\":\"https:\/\/jornalfatosenoticias.com.br\/wp-content\/uploads\/2020\/02\/logo120.png\",\"width\":1227,\"height\":120,\"caption\":\"Jornal Fatos e Not\u00edcias\"},\"image\":{\"@id\":\"https:\/\/jornalfatosenoticias.com.br\/#\/schema\/logo\/image\/\"}},{\"@type\":\"Person\",\"@id\":\"https:\/\/jornalfatosenoticias.com.br\/#\/schema\/person\/d63837fa13ac8666eb9e74e0985d6f81\",\"name\":\"Luzimara Fernandes\",\"image\":{\"@type\":\"ImageObject\",\"inLanguage\":\"pt-BR\",\"@id\":\"https:\/\/jornalfatosenoticias.com.br\/#\/schema\/person\/image\/\",\"url\":\"https:\/\/jornalfatosenoticias.com.br\/wp-content\/uploads\/2025\/05\/EU_portal.jpg\",\"contentUrl\":\"https:\/\/jornalfatosenoticias.com.br\/wp-content\/uploads\/2025\/05\/EU_portal.jpg\",\"caption\":\"Luzimara Fernandes\"},\"description\":\"Jornalista MTB 2358-ES\",\"sameAs\":[\"https:\/\/jornalfatosenoticias.com.br\"],\"url\":\"https:\/\/jornalfatosenoticias.com.br\/index.php\/author\/luzimara\/\"}]}<\/script>\n<!-- \/ Yoast SEO plugin. -->","yoast_head_json":{"title":"IPCA-15 tem defla\u00e7\u00e3o de 0,73% em agosto - Jornal Fatos e Not\u00edcias","robots":{"index":"index","follow":"follow","max-snippet":"max-snippet:-1","max-image-preview":"max-image-preview:large","max-video-preview":"max-video-preview:-1"},"canonical":"https:\/\/jornalfatosenoticias.com.br\/index.php\/2022\/08\/24\/ipca-15-tem-deflacao-de-073-em-agosto\/","og_locale":"pt_BR","og_type":"article","og_title":"IPCA-15 tem defla\u00e7\u00e3o de 0,73% em agosto - Jornal Fatos e Not\u00edcias","og_description":"\u00c9 a menor taxa da s\u00e9rie hist\u00f3rica do \u00edndice, iniciada em 1991 O \u00cdndice Nacional de Pre\u00e7os ao Consumidor Amplo 15 (IPCA-15), a pr\u00e9via da infla\u00e7\u00e3o oficial, registrou defla\u00e7\u00e3o (queda de pre\u00e7os) de 0,73% em agosto deste ano. \u00c9 a menor taxa da s\u00e9rie hist\u00f3rica do IPCA-15, iniciada em 1991, segundo o Instituto Brasileiro de [&hellip;]","og_url":"https:\/\/jornalfatosenoticias.com.br\/index.php\/2022\/08\/24\/ipca-15-tem-deflacao-de-073-em-agosto\/","og_site_name":"Jornal Fatos e Not\u00edcias","article_published_time":"2022-08-24T17:44:56+00:00","article_modified_time":"2022-08-24T17:45:00+00:00","og_image":[{"width":1000,"height":598,"url":"https:\/\/jornalfatosenoticias.com.br\/wp-content\/uploads\/2022\/08\/economia_deflacao.jpg","type":"image\/jpeg"}],"author":"Luzimara Fernandes","twitter_card":"summary_large_image","twitter_misc":{"Escrito por":"Luzimara Fernandes","Est. tempo de leitura":"1 minuto"},"schema":{"@context":"https:\/\/schema.org","@graph":[{"@type":"Article","@id":"https:\/\/jornalfatosenoticias.com.br\/index.php\/2022\/08\/24\/ipca-15-tem-deflacao-de-073-em-agosto\/#article","isPartOf":{"@id":"https:\/\/jornalfatosenoticias.com.br\/index.php\/2022\/08\/24\/ipca-15-tem-deflacao-de-073-em-agosto\/"},"author":{"name":"Luzimara Fernandes","@id":"https:\/\/jornalfatosenoticias.com.br\/#\/schema\/person\/d63837fa13ac8666eb9e74e0985d6f81"},"headline":"IPCA-15 tem defla\u00e7\u00e3o de 0,73% em agosto","datePublished":"2022-08-24T17:44:56+00:00","dateModified":"2022-08-24T17:45:00+00:00","mainEntityOfPage":{"@id":"https:\/\/jornalfatosenoticias.com.br\/index.php\/2022\/08\/24\/ipca-15-tem-deflacao-de-073-em-agosto\/"},"wordCount":269,"commentCount":0,"publisher":{"@id":"https:\/\/jornalfatosenoticias.com.br\/#organization"},"image":{"@id":"https:\/\/jornalfatosenoticias.com.br\/index.php\/2022\/08\/24\/ipca-15-tem-deflacao-de-073-em-agosto\/#primaryimage"},"thumbnailUrl":"https:\/\/jornalfatosenoticias.com.br\/wp-content\/uploads\/2022\/08\/economia_deflacao.jpg","keywords":["defla\u00e7\u00e3o","infla\u00e7\u00e3o oficial","IPCA-15"],"articleSection":["Economia"],"inLanguage":"pt-BR","potentialAction":[{"@type":"CommentAction","name":"Comment","target":["https:\/\/jornalfatosenoticias.com.br\/index.php\/2022\/08\/24\/ipca-15-tem-deflacao-de-073-em-agosto\/#respond"]}]},{"@type":"WebPage","@id":"https:\/\/jornalfatosenoticias.com.br\/index.php\/2022\/08\/24\/ipca-15-tem-deflacao-de-073-em-agosto\/","url":"https:\/\/jornalfatosenoticias.com.br\/index.php\/2022\/08\/24\/ipca-15-tem-deflacao-de-073-em-agosto\/","name":"IPCA-15 tem defla\u00e7\u00e3o de 0,73% em agosto - Jornal Fatos e Not\u00edcias","isPartOf":{"@id":"https:\/\/jornalfatosenoticias.com.br\/#website"},"primaryImageOfPage":{"@id":"https:\/\/jornalfatosenoticias.com.br\/index.php\/2022\/08\/24\/ipca-15-tem-deflacao-de-073-em-agosto\/#primaryimage"},"image":{"@id":"https:\/\/jornalfatosenoticias.com.br\/index.php\/2022\/08\/24\/ipca-15-tem-deflacao-de-073-em-agosto\/#primaryimage"},"thumbnailUrl":"https:\/\/jornalfatosenoticias.com.br\/wp-content\/uploads\/2022\/08\/economia_deflacao.jpg","datePublished":"2022-08-24T17:44:56+00:00","dateModified":"2022-08-24T17:45:00+00:00","breadcrumb":{"@id":"https:\/\/jornalfatosenoticias.com.br\/index.php\/2022\/08\/24\/ipca-15-tem-deflacao-de-073-em-agosto\/#breadcrumb"},"inLanguage":"pt-BR","potentialAction":[{"@type":"ReadAction","target":["https:\/\/jornalfatosenoticias.com.br\/index.php\/2022\/08\/24\/ipca-15-tem-deflacao-de-073-em-agosto\/"]}]},{"@type":"ImageObject","inLanguage":"pt-BR","@id":"https:\/\/jornalfatosenoticias.com.br\/index.php\/2022\/08\/24\/ipca-15-tem-deflacao-de-073-em-agosto\/#primaryimage","url":"https:\/\/jornalfatosenoticias.com.br\/wp-content\/uploads\/2022\/08\/economia_deflacao.jpg","contentUrl":"https:\/\/jornalfatosenoticias.com.br\/wp-content\/uploads\/2022\/08\/economia_deflacao.jpg","width":1000,"height":598,"caption":"Economia, Moeda Real,Dinheiro, Calculadora"},{"@type":"BreadcrumbList","@id":"https:\/\/jornalfatosenoticias.com.br\/index.php\/2022\/08\/24\/ipca-15-tem-deflacao-de-073-em-agosto\/#breadcrumb","itemListElement":[{"@type":"ListItem","position":1,"name":"In\u00edcio","item":"https:\/\/jornalfatosenoticias.com.br\/"},{"@type":"ListItem","position":2,"name":"IPCA-15 tem defla\u00e7\u00e3o de 0,73% em agosto"}]},{"@type":"WebSite","@id":"https:\/\/jornalfatosenoticias.com.br\/#website","url":"https:\/\/jornalfatosenoticias.com.br\/","name":"Jornal Fatos e Not\u00edcias","description":"Not\u00edcias em geral","publisher":{"@id":"https:\/\/jornalfatosenoticias.com.br\/#organization"},"potentialAction":[{"@type":"SearchAction","target":{"@type":"EntryPoint","urlTemplate":"https:\/\/jornalfatosenoticias.com.br\/?s={search_term_string}"},"query-input":{"@type":"PropertyValueSpecification","valueRequired":true,"valueName":"search_term_string"}}],"inLanguage":"pt-BR"},{"@type":"Organization","@id":"https:\/\/jornalfatosenoticias.com.br\/#organization","name":"Jornal Fatos e Not\u00edcias","url":"https:\/\/jornalfatosenoticias.com.br\/","logo":{"@type":"ImageObject","inLanguage":"pt-BR","@id":"https:\/\/jornalfatosenoticias.com.br\/#\/schema\/logo\/image\/","url":"https:\/\/jornalfatosenoticias.com.br\/wp-content\/uploads\/2020\/02\/logo120.png","contentUrl":"https:\/\/jornalfatosenoticias.com.br\/wp-content\/uploads\/2020\/02\/logo120.png","width":1227,"height":120,"caption":"Jornal Fatos e Not\u00edcias"},"image":{"@id":"https:\/\/jornalfatosenoticias.com.br\/#\/schema\/logo\/image\/"}},{"@type":"Person","@id":"https:\/\/jornalfatosenoticias.com.br\/#\/schema\/person\/d63837fa13ac8666eb9e74e0985d6f81","name":"Luzimara Fernandes","image":{"@type":"ImageObject","inLanguage":"pt-BR","@id":"https:\/\/jornalfatosenoticias.com.br\/#\/schema\/person\/image\/","url":"https:\/\/jornalfatosenoticias.com.br\/wp-content\/uploads\/2025\/05\/EU_portal.jpg","contentUrl":"https:\/\/jornalfatosenoticias.com.br\/wp-content\/uploads\/2025\/05\/EU_portal.jpg","caption":"Luzimara Fernandes"},"description":"Jornalista MTB 2358-ES","sameAs":["https:\/\/jornalfatosenoticias.com.br"],"url":"https:\/\/jornalfatosenoticias.com.br\/index.php\/author\/luzimara\/"}]}},"cc_featured_image_caption":{"caption_text":"(Foto: Marcello Casal Jr\/Ag\u00eancia Brasil) ","source_text":"","source_url":""},"jetpack_featured_media_url":"https:\/\/jornalfatosenoticias.com.br\/wp-content\/uploads\/2022\/08\/economia_deflacao.jpg","_links":{"self":[{"href":"https:\/\/jornalfatosenoticias.com.br\/index.php\/wp-json\/wp\/v2\/posts\/33488","targetHints":{"allow":["GET"]}}],"collection":[{"href":"https:\/\/jornalfatosenoticias.com.br\/index.php\/wp-json\/wp\/v2\/posts"}],"about":[{"href":"https:\/\/jornalfatosenoticias.com.br\/index.php\/wp-json\/wp\/v2\/types\/post"}],"author":[{"embeddable":true,"href":"https:\/\/jornalfatosenoticias.com.br\/index.php\/wp-json\/wp\/v2\/users\/2"}],"replies":[{"embeddable":true,"href":"https:\/\/jornalfatosenoticias.com.br\/index.php\/wp-json\/wp\/v2\/comments?post=33488"}],"version-history":[{"count":0,"href":"https:\/\/jornalfatosenoticias.com.br\/index.php\/wp-json\/wp\/v2\/posts\/33488\/revisions"}],"wp:featuredmedia":[{"embeddable":true,"href":"https:\/\/jornalfatosenoticias.com.br\/index.php\/wp-json\/wp\/v2\/media\/33489"}],"wp:attachment":[{"href":"https:\/\/jornalfatosenoticias.com.br\/index.php\/wp-json\/wp\/v2\/media?parent=33488"}],"wp:term":[{"taxonomy":"category","embeddable":true,"href":"https:\/\/jornalfatosenoticias.com.br\/index.php\/wp-json\/wp\/v2\/categories?post=33488"},{"taxonomy":"post_tag","embeddable":true,"href":"https:\/\/jornalfatosenoticias.com.br\/index.php\/wp-json\/wp\/v2\/tags?post=33488"}],"curies":[{"name":"wp","href":"https:\/\/api.w.org\/{rel}","templated":true}]}}