{"id":33495,"date":"2022-08-24T15:10:57","date_gmt":"2022-08-24T18:10:57","guid":{"rendered":"https:\/\/jornalfatosenoticias.com.br\/?p=33495"},"modified":"2022-08-24T15:11:18","modified_gmt":"2022-08-24T18:11:18","slug":"gravidas-tem-direito-a-pensao-alimenticia","status":"publish","type":"post","link":"https:\/\/jornalfatosenoticias.com.br\/index.php\/2022\/08\/24\/gravidas-tem-direito-a-pensao-alimenticia\/","title":{"rendered":"Gr\u00e1vidas t\u00eam direito \u00e0 pens\u00e3o aliment\u00edcia"},"content":{"rendered":"\n<p><em><span class=\"has-inline-color has-luminous-vivid-orange-color\"><strong>Texto:<\/strong>\u00a0Adriana Vasconcellos Pereira<\/span><\/em><\/p>\n\n\n\n<div class=\"wp-block-image\"><figure class=\"aligncenter size-large\"><img loading=\"lazy\" decoding=\"async\" width=\"1024\" height=\"100\" src=\"https:\/\/jornalfatosenoticias.com.br\/wp-content\/uploads\/2022\/05\/NOVA-LOGO-CESCONETTO-1024x100.jpg\" alt=\"\" class=\"wp-image-30792\" srcset=\"https:\/\/jornalfatosenoticias.com.br\/wp-content\/uploads\/2022\/05\/NOVA-LOGO-CESCONETTO-1024x100.jpg 1024w, https:\/\/jornalfatosenoticias.com.br\/wp-content\/uploads\/2022\/05\/NOVA-LOGO-CESCONETTO-300x29.jpg 300w, https:\/\/jornalfatosenoticias.com.br\/wp-content\/uploads\/2022\/05\/NOVA-LOGO-CESCONETTO-768x75.jpg 768w, https:\/\/jornalfatosenoticias.com.br\/wp-content\/uploads\/2022\/05\/NOVA-LOGO-CESCONETTO.jpg 1280w\" sizes=\"auto, (max-width: 1024px) 100vw, 1024px\" \/><\/figure><\/div>\n\n\n\n<p>A <strong><a href=\"http:\/\/www.planalto.gov.br\/ccivil_03\/_ato2007-2010\/2008\/lei\/l11804.htm\">Lei n\u00ba 11.804\/2008<\/a><\/strong> estabelece que os pais da crian\u00e7a dividem as despesas de alimenta\u00e7\u00e3o especial, consultas m\u00e9dicas, assist\u00eancia psicol\u00f3gica, interna\u00e7\u00f5es e medicamentos decorrentes da gravidez. De acordo com o artigo 2\u00ba da <strong><strong><a href=\"http:\/\/www.planalto.gov.br\/ccivil_03\/_ato2007-2010\/2008\/lei\/l11804.htm\">Lei n\u00ba 11.804\/2008<\/a><\/strong><\/strong>, diz: Os alimentos de que trata esta Lei compreender\u00e3o os valores suficientes para cobrir as despesas adicionais do per\u00edodo de gravidez e que sejam dela decorrentes, da concep\u00e7\u00e3o ao parto, inclusive as referentes a alimenta\u00e7\u00e3o especial, assist\u00eancia m\u00e9dica e psicol\u00f3gica, exames complementares, interna\u00e7\u00f5es, parto, medicamentos e demais prescri\u00e7\u00f5es preventivas e terap\u00eauticas indispens\u00e1veis, a ju\u00edzo do m\u00e9dico, al\u00e9m de outras que o juiz considere pertinentes.<\/p>\n\n\n\n<div class=\"wp-block-image\"><figure class=\"alignleft size-large\"><img decoding=\"async\" src=\"https:\/\/jornalfatosenoticias.com.br\/wp-content\/uploads\/2020\/02\/CASA-DO-TORRESMO_PORTAL.jpg\" alt=\"\" class=\"wp-image-33487\"\/><\/figure><\/div>\n\n\n\n<p>Par\u00e1grafo \u00fanico. Os alimentos de que trata este artigo referem-se \u00e0 parte das despesas que dever\u00e1 ser custeada pelo futuro pai, considerando-se a contribui\u00e7\u00e3o que tamb\u00e9m dever\u00e1 ser dada pela mulher gr\u00e1vida, na propor\u00e7\u00e3o dos recursos de ambos.<br>No que tange a pens\u00e3o aliment\u00edcia para gestantes, esse \u00e9 um direito assegurado pela lei, existem muitos casos em que a gravidez acontece de forma inesperada e a mulher \u00e9 desamparada por seu companheiro.<\/p>\n\n\n\n<p><strong><span class=\"has-inline-color has-vivid-purple-color\">Alimentos grav\u00eddicos<br><\/span><\/strong>Contudo, os alimentos grav\u00eddicos concedem \u00e0 gestante o direito de buscar assist\u00eancia durante a gravidez, mesmo que n\u00e3o haja rela\u00e7\u00e3o parental entre ela e o pai da crian\u00e7a. Os alimentos grav\u00eddicos s\u00e3o uma esp\u00e9cie de pens\u00e3o aliment\u00edcia antes do nascimento do filho, que garantem a Gestante e ao nascituro (nome que se d\u00e1 ao feto antes do nascimento), o aux\u00edlio financeiro durante o per\u00edodo gestacional.<\/p>\n\n\n\n<div class=\"wp-block-image\"><figure class=\"alignright size-large is-resized\"><img loading=\"lazy\" decoding=\"async\" src=\"https:\/\/jornalfatosenoticias.com.br\/wp-content\/uploads\/2020\/02\/nova-logo-Marquetti.jpg\" alt=\"\" class=\"wp-image-22331\" width=\"298\" height=\"200\" srcset=\"https:\/\/jornalfatosenoticias.com.br\/wp-content\/uploads\/2020\/02\/nova-logo-Marquetti.jpg 643w, https:\/\/jornalfatosenoticias.com.br\/wp-content\/uploads\/2020\/02\/nova-logo-Marquetti-300x202.jpg 300w\" sizes=\"auto, (max-width: 298px) 100vw, 298px\" \/><\/figure><\/div>\n\n\n\n<p>A pens\u00e3o aliment\u00edcia durante a gesta\u00e7\u00e3o, refere-se \u00e0 parte das despesas que dever\u00e1 ser custeada pelo Suposto pai da crian\u00e7a, levando em considera\u00e7\u00e3o que a gestante tamb\u00e9m \u00e9 respons\u00e1vel por contribuir, cada um na propor\u00e7\u00e3o dos seus recursos. De acordo com o artigo 2\u00ba, par\u00e1grafo \u00fanico da 11.804\/2008.<br>Vale ressaltar, que as mulheres gr\u00e1vidas podem recorrer na justi\u00e7a para rever pens\u00e3o aliment\u00edcia, sendo que o benef\u00edcio deve ser pago pelo pai da crian\u00e7a, essa pens\u00e3o, compreende valores que s\u00e3o suficientes para cobrir despesas adicionais que decorrem do per\u00edodo gestacional at\u00e9 o parto.<\/p>\n\n\n\n<p><strong><span class=\"has-inline-color has-vivid-purple-color\">Quem tem direito aos alimentos grav\u00eddicos?<br><\/span><\/strong>Tem direito a esse benef\u00edcio, qualquer mulher gr\u00e1vida que n\u00e3o tenha o apoio do pai da crian\u00e7a e necessite de apoio financeiro durante a gesta\u00e7\u00e3o, pode procurar um advogado especialista em direito de fam\u00edlia ou advogado especialista em pens\u00e3o aliment\u00edcia para gestante para recorrer \u00e0 Justi\u00e7a.<\/p>\n\n\n\n<div class=\"wp-block-image\"><figure class=\"aligncenter size-large is-resized\"><img loading=\"lazy\" decoding=\"async\" src=\"https:\/\/jornalfatosenoticias.com.br\/wp-content\/uploads\/2022\/03\/logo-Suinco-1024x390.jpg\" alt=\"\" class=\"wp-image-28785\" width=\"354\" height=\"134\"\/><\/figure><\/div>\n\n\n\n<p><strong><span class=\"has-inline-color has-vivid-purple-color\">Como solicitar a pens\u00e3o gestacional?<br><\/span><\/strong>No entanto, para receber os alimentos grav\u00eddicos, n\u00e3o h\u00e1 necessidade de comprova\u00e7\u00e3o de paternidade por meio do teste de DNA, no entanto, \u00e9 necess\u00e1rio comprovar a paternidade do suposto pai da crian\u00e7a atrav\u00e9s da apresenta\u00e7\u00e3o de testemunhas, e-mails, mensagens por WhatsApp, fotos, redes sociais ou qualquer outro tipo de prova que d\u00ea ind\u00edcios da paternidade e que possa convencer o juiz, al\u00e9m do exame que comprova a gesta\u00e7\u00e3o.<\/p>\n\n\n\n<div class=\"wp-block-image\"><figure class=\"aligncenter size-large\"><img loading=\"lazy\" decoding=\"async\" width=\"1000\" height=\"1002\" src=\"https:\/\/jornalfatosenoticias.com.br\/wp-content\/uploads\/2022\/08\/pensao-alimenticia_gravida.jpg\" alt=\"\" class=\"wp-image-33496\" srcset=\"https:\/\/jornalfatosenoticias.com.br\/wp-content\/uploads\/2022\/08\/pensao-alimenticia_gravida.jpg 1000w, https:\/\/jornalfatosenoticias.com.br\/wp-content\/uploads\/2022\/08\/pensao-alimenticia_gravida-300x300.jpg 300w, https:\/\/jornalfatosenoticias.com.br\/wp-content\/uploads\/2022\/08\/pensao-alimenticia_gravida-150x150.jpg 150w, https:\/\/jornalfatosenoticias.com.br\/wp-content\/uploads\/2022\/08\/pensao-alimenticia_gravida-768x770.jpg 768w\" sizes=\"auto, (max-width: 1000px) 100vw, 1000px\" \/><\/figure><\/div>\n\n\n\n<p><strong><span class=\"has-inline-color has-vivid-purple-color\">Qual a abrang\u00eancia dos alimentos grav\u00eddicos?<br><\/span><\/strong>De acordo com o artigo 2\u00ba da <strong><a href=\"http:\/\/www.planalto.gov.br\/ccivil_03\/_ato2007-2010\/2008\/lei\/l11804.htm\">lei 11.804\/2008<\/a><\/strong> de alimentos grav\u00eddicos, o pagamento da pens\u00e3o aliment\u00edcia durante a gravidez refere-se a:<\/p>\n\n\n\n<ul class=\"wp-block-list\"><li>alimenta\u00e7\u00e3o especial,<\/li><li>assist\u00eancia m\u00e9dica e psicol\u00f3gica,<\/li><li>exames complementares,<\/li><li>medicamentos e prescri\u00e7\u00f5es m\u00e9dicas indispens\u00e1veis \u00e0 gestante,<\/li><li>parto,<\/li><li>entre outras necessidades consideradas pertinentes pelo juiz.<\/li><\/ul>\n\n\n\n<div class=\"wp-block-image\"><figure class=\"alignleft size-large\"><img decoding=\"async\" src=\"https:\/\/jornalfatosenoticias.com.br\/wp-content\/uploads\/2020\/02\/logo_esteio.jpg\" alt=\"\" class=\"wp-image-1214\"\/><\/figure><\/div>\n\n\n\n<p>Insta salientar, que \u00e9 poss\u00edvel, que o juiz estipule o pagamento dos alimentos grav\u00eddicos desde a concep\u00e7\u00e3o do nascituro at\u00e9 o nascimento da crian\u00e7a.<\/p>\n\n\n\n<p><strong><span class=\"has-inline-color has-vivid-purple-color\">Qual \u00e9 o prazo para requerer alimentos grav\u00eddicos?<br><\/span><\/strong>Logo que identificar a gesta\u00e7\u00e3o, se n\u00e3o h\u00e1 aux\u00edlio do suposto pai da crian\u00e7a para dividir as despesas durante este per\u00edodo, a mulher pode recorrer na justi\u00e7a para receber essa pens\u00e3o aliment\u00edcia, na a\u00e7\u00e3o o r\u00e9u ser\u00e1 citado para apresentar resposta no prazo de cinco dias.<\/p>\n\n\n\n<p><strong><span class=\"has-inline-color has-vivid-purple-color\">Quando se extingue a a\u00e7\u00e3o de alimentos grav\u00eddicos?<br><\/span><\/strong>Os alimentos grav\u00eddicos s\u00e3o pagos at\u00e9 o nascimento da crian\u00e7a. De acordo com o artigo 6\u00ba, ap\u00f3s o nascimento da crian\u00e7a (com vida), os alimentos grav\u00eddicos se tornam automaticamente em pens\u00e3o aliment\u00edcia.<br>Art. 6\u00ba \u2014 Convencido da exist\u00eancia de ind\u00edcios da paternidade, o juiz fixar\u00e1 alimentos grav\u00eddicos que perdurar\u00e3o at\u00e9 o nascimento da crian\u00e7a, sopesando as necessidades da parte autora e as possibilidades da parte r\u00e9.<\/p>\n\n\n\n<div class=\"wp-block-image\"><figure class=\"aligncenter size-large is-resized\"><img loading=\"lazy\" decoding=\"async\" src=\"https:\/\/jornalfatosenoticias.com.br\/wp-content\/uploads\/2022\/02\/Serra-Pack-459.png\" alt=\"\" class=\"wp-image-27471\" width=\"345\" height=\"138\"\/><\/figure><\/div>\n\n\n\n<p>Par\u00e1grafo \u00fanico \u2014 Ap\u00f3s o nascimento com vida, os alimentos grav\u00eddicos ficam convertidos em pens\u00e3o aliment\u00edcia em favor do menor at\u00e9 que uma das partes solicite a sua revis\u00e3o. Contudo, caso o suposto pai da crian\u00e7a n\u00e3o puder pagar pens\u00e3o aliment\u00edcia, se estiver desempregado, se for adolescente, ou n\u00e3o tiver condi\u00e7\u00f5es financeiras, os av\u00f3s paternos podem ser responsabilizados pelo pagamento de alimentos grav\u00eddicos.<br>Salienta-se, que em caso de relacionamento homoafetivo, \u00e9 poss\u00edvel considerar a possibilidade de uma mulher ser obrigada a pagar pens\u00e3o aliment\u00edcia \u00e0 outra mulher, caso a gravidez tenha sido realizada por meio de insemina\u00e7\u00e3o artificial.<br>Caso fique provado que aquele que pagou o benef\u00edcio n\u00e3o \u00e9, de fato, o verdadeiro pai da crian\u00e7a, ele poder\u00e1 pleitear o ressarcimento dos valores pagos a t\u00edtulo de alimentos grav\u00eddicos, o que poder\u00e1 ser deferido pelo juiz caso a gestante tenha agido com dolo ou culpa.<\/p>\n\n\n\n<div class=\"wp-block-image\"><figure class=\"alignleft size-large is-resized\"><img loading=\"lazy\" decoding=\"async\" src=\"https:\/\/jornalfatosenoticias.com.br\/wp-content\/uploads\/2022\/04\/ADRIANA_VASCONCELOS-removebg-preview.png\" alt=\"\" class=\"wp-image-29799\" width=\"244\" height=\"240\" srcset=\"https:\/\/jornalfatosenoticias.com.br\/wp-content\/uploads\/2022\/04\/ADRIANA_VASCONCELOS-removebg-preview.png 504w, https:\/\/jornalfatosenoticias.com.br\/wp-content\/uploads\/2022\/04\/ADRIANA_VASCONCELOS-removebg-preview-300x295.png 300w\" sizes=\"auto, (max-width: 244px) 100vw, 244px\" \/><figcaption><em><span class=\"has-inline-color has-black-color\"><strong>Adriana Vasconcellos Pereira<br><\/strong>Bacharela em Direito pela Faculdade Minas Gerais (Famig-MG)<br>P\u00f3s-graduanda na Escola de Magistratura do Esp\u00edrito Santo \u2014 Esmages<\/span><\/em><\/figcaption><\/figure><\/div>\n","protected":false},"excerpt":{"rendered":"<p>Texto:\u00a0Adriana Vasconcellos Pereira A Lei n\u00ba 11.804\/2008 estabelece que os pais da crian\u00e7a dividem as despesas de alimenta\u00e7\u00e3o especial, consultas m\u00e9dicas, assist\u00eancia psicol\u00f3gica, interna\u00e7\u00f5es e medicamentos decorrentes da gravidez. De acordo com o artigo 2\u00ba da Lei n\u00ba 11.804\/2008, diz: Os alimentos de que trata esta Lei compreender\u00e3o os valores suficientes para cobrir as despesas [&hellip;]<\/p>\n","protected":false},"author":2,"featured_media":33497,"comment_status":"open","ping_status":"open","sticky":false,"template":"","format":"standard","meta":{"footnotes":""},"categories":[5],"tags":[15749,15747,15514,1705,15748],"class_list":["post-33495","post","type-post","status-publish","format-standard","has-post-thumbnail","hentry","category-geral","tag-alimentacao-especial","tag-alimentos-gravidicos","tag-gravidas","tag-gravidez","tag-pensao-alimenticia-durante-a-gravidez"],"yoast_head":"<!-- This site is optimized with the Yoast SEO plugin v26.5 - https:\/\/yoast.com\/wordpress\/plugins\/seo\/ -->\n<title>Gr\u00e1vidas t\u00eam direito \u00e0 pens\u00e3o aliment\u00edcia - Jornal Fatos e Not\u00edcias<\/title>\n<meta name=\"robots\" content=\"index, follow, max-snippet:-1, max-image-preview:large, max-video-preview:-1\" \/>\n<link rel=\"canonical\" href=\"https:\/\/jornalfatosenoticias.com.br\/index.php\/2022\/08\/24\/gravidas-tem-direito-a-pensao-alimenticia\/\" \/>\n<meta property=\"og:locale\" content=\"pt_BR\" \/>\n<meta property=\"og:type\" content=\"article\" \/>\n<meta property=\"og:title\" content=\"Gr\u00e1vidas t\u00eam direito \u00e0 pens\u00e3o aliment\u00edcia - Jornal Fatos e Not\u00edcias\" \/>\n<meta property=\"og:description\" content=\"Texto:\u00a0Adriana Vasconcellos Pereira A Lei n\u00ba 11.804\/2008 estabelece que os pais da crian\u00e7a dividem as despesas de alimenta\u00e7\u00e3o especial, consultas m\u00e9dicas, assist\u00eancia psicol\u00f3gica, interna\u00e7\u00f5es e medicamentos decorrentes da gravidez. De acordo com o artigo 2\u00ba da Lei n\u00ba 11.804\/2008, diz: Os alimentos de que trata esta Lei compreender\u00e3o os valores suficientes para cobrir as despesas [&hellip;]\" \/>\n<meta property=\"og:url\" content=\"https:\/\/jornalfatosenoticias.com.br\/index.php\/2022\/08\/24\/gravidas-tem-direito-a-pensao-alimenticia\/\" \/>\n<meta property=\"og:site_name\" content=\"Jornal Fatos e Not\u00edcias\" \/>\n<meta property=\"article:published_time\" content=\"2022-08-24T18:10:57+00:00\" \/>\n<meta property=\"article:modified_time\" content=\"2022-08-24T18:11:18+00:00\" \/>\n<meta property=\"og:image\" content=\"https:\/\/jornalfatosenoticias.com.br\/wp-content\/uploads\/2022\/08\/alimentos-gravidicos-mulher-gravida.jpg\" \/>\n\t<meta property=\"og:image:width\" content=\"1000\" \/>\n\t<meta property=\"og:image:height\" content=\"750\" \/>\n\t<meta property=\"og:image:type\" content=\"image\/jpeg\" \/>\n<meta name=\"author\" content=\"Luzimara Fernandes\" \/>\n<meta name=\"twitter:card\" content=\"summary_large_image\" \/>\n<meta name=\"twitter:label1\" content=\"Escrito por\" \/>\n\t<meta name=\"twitter:data1\" content=\"Luzimara Fernandes\" \/>\n\t<meta name=\"twitter:label2\" content=\"Est. tempo de leitura\" \/>\n\t<meta name=\"twitter:data2\" content=\"5 minutos\" \/>\n<script type=\"application\/ld+json\" class=\"yoast-schema-graph\">{\"@context\":\"https:\/\/schema.org\",\"@graph\":[{\"@type\":\"Article\",\"@id\":\"https:\/\/jornalfatosenoticias.com.br\/index.php\/2022\/08\/24\/gravidas-tem-direito-a-pensao-alimenticia\/#article\",\"isPartOf\":{\"@id\":\"https:\/\/jornalfatosenoticias.com.br\/index.php\/2022\/08\/24\/gravidas-tem-direito-a-pensao-alimenticia\/\"},\"author\":{\"name\":\"Luzimara Fernandes\",\"@id\":\"https:\/\/jornalfatosenoticias.com.br\/#\/schema\/person\/d63837fa13ac8666eb9e74e0985d6f81\"},\"headline\":\"Gr\u00e1vidas t\u00eam direito \u00e0 pens\u00e3o aliment\u00edcia\",\"datePublished\":\"2022-08-24T18:10:57+00:00\",\"dateModified\":\"2022-08-24T18:11:18+00:00\",\"mainEntityOfPage\":{\"@id\":\"https:\/\/jornalfatosenoticias.com.br\/index.php\/2022\/08\/24\/gravidas-tem-direito-a-pensao-alimenticia\/\"},\"wordCount\":958,\"commentCount\":0,\"publisher\":{\"@id\":\"https:\/\/jornalfatosenoticias.com.br\/#organization\"},\"image\":{\"@id\":\"https:\/\/jornalfatosenoticias.com.br\/index.php\/2022\/08\/24\/gravidas-tem-direito-a-pensao-alimenticia\/#primaryimage\"},\"thumbnailUrl\":\"https:\/\/jornalfatosenoticias.com.br\/wp-content\/uploads\/2022\/08\/alimentos-gravidicos-mulher-gravida.jpg\",\"keywords\":[\"alimenta\u00e7\u00e3o especial\",\"alimentos grav\u00eddicos\",\"gr\u00e1vidas\",\"gravidez\",\"pens\u00e3o aliment\u00edcia durante a gravidez\"],\"articleSection\":[\"Geral\"],\"inLanguage\":\"pt-BR\",\"potentialAction\":[{\"@type\":\"CommentAction\",\"name\":\"Comment\",\"target\":[\"https:\/\/jornalfatosenoticias.com.br\/index.php\/2022\/08\/24\/gravidas-tem-direito-a-pensao-alimenticia\/#respond\"]}]},{\"@type\":\"WebPage\",\"@id\":\"https:\/\/jornalfatosenoticias.com.br\/index.php\/2022\/08\/24\/gravidas-tem-direito-a-pensao-alimenticia\/\",\"url\":\"https:\/\/jornalfatosenoticias.com.br\/index.php\/2022\/08\/24\/gravidas-tem-direito-a-pensao-alimenticia\/\",\"name\":\"Gr\u00e1vidas t\u00eam direito \u00e0 pens\u00e3o aliment\u00edcia - Jornal Fatos e Not\u00edcias\",\"isPartOf\":{\"@id\":\"https:\/\/jornalfatosenoticias.com.br\/#website\"},\"primaryImageOfPage\":{\"@id\":\"https:\/\/jornalfatosenoticias.com.br\/index.php\/2022\/08\/24\/gravidas-tem-direito-a-pensao-alimenticia\/#primaryimage\"},\"image\":{\"@id\":\"https:\/\/jornalfatosenoticias.com.br\/index.php\/2022\/08\/24\/gravidas-tem-direito-a-pensao-alimenticia\/#primaryimage\"},\"thumbnailUrl\":\"https:\/\/jornalfatosenoticias.com.br\/wp-content\/uploads\/2022\/08\/alimentos-gravidicos-mulher-gravida.jpg\",\"datePublished\":\"2022-08-24T18:10:57+00:00\",\"dateModified\":\"2022-08-24T18:11:18+00:00\",\"breadcrumb\":{\"@id\":\"https:\/\/jornalfatosenoticias.com.br\/index.php\/2022\/08\/24\/gravidas-tem-direito-a-pensao-alimenticia\/#breadcrumb\"},\"inLanguage\":\"pt-BR\",\"potentialAction\":[{\"@type\":\"ReadAction\",\"target\":[\"https:\/\/jornalfatosenoticias.com.br\/index.php\/2022\/08\/24\/gravidas-tem-direito-a-pensao-alimenticia\/\"]}]},{\"@type\":\"ImageObject\",\"inLanguage\":\"pt-BR\",\"@id\":\"https:\/\/jornalfatosenoticias.com.br\/index.php\/2022\/08\/24\/gravidas-tem-direito-a-pensao-alimenticia\/#primaryimage\",\"url\":\"https:\/\/jornalfatosenoticias.com.br\/wp-content\/uploads\/2022\/08\/alimentos-gravidicos-mulher-gravida.jpg\",\"contentUrl\":\"https:\/\/jornalfatosenoticias.com.br\/wp-content\/uploads\/2022\/08\/alimentos-gravidicos-mulher-gravida.jpg\",\"width\":1000,\"height\":750},{\"@type\":\"BreadcrumbList\",\"@id\":\"https:\/\/jornalfatosenoticias.com.br\/index.php\/2022\/08\/24\/gravidas-tem-direito-a-pensao-alimenticia\/#breadcrumb\",\"itemListElement\":[{\"@type\":\"ListItem\",\"position\":1,\"name\":\"In\u00edcio\",\"item\":\"https:\/\/jornalfatosenoticias.com.br\/\"},{\"@type\":\"ListItem\",\"position\":2,\"name\":\"Gr\u00e1vidas t\u00eam direito \u00e0 pens\u00e3o aliment\u00edcia\"}]},{\"@type\":\"WebSite\",\"@id\":\"https:\/\/jornalfatosenoticias.com.br\/#website\",\"url\":\"https:\/\/jornalfatosenoticias.com.br\/\",\"name\":\"Jornal Fatos e Not\u00edcias\",\"description\":\"Not\u00edcias em geral\",\"publisher\":{\"@id\":\"https:\/\/jornalfatosenoticias.com.br\/#organization\"},\"potentialAction\":[{\"@type\":\"SearchAction\",\"target\":{\"@type\":\"EntryPoint\",\"urlTemplate\":\"https:\/\/jornalfatosenoticias.com.br\/?s={search_term_string}\"},\"query-input\":{\"@type\":\"PropertyValueSpecification\",\"valueRequired\":true,\"valueName\":\"search_term_string\"}}],\"inLanguage\":\"pt-BR\"},{\"@type\":\"Organization\",\"@id\":\"https:\/\/jornalfatosenoticias.com.br\/#organization\",\"name\":\"Jornal Fatos e Not\u00edcias\",\"url\":\"https:\/\/jornalfatosenoticias.com.br\/\",\"logo\":{\"@type\":\"ImageObject\",\"inLanguage\":\"pt-BR\",\"@id\":\"https:\/\/jornalfatosenoticias.com.br\/#\/schema\/logo\/image\/\",\"url\":\"https:\/\/jornalfatosenoticias.com.br\/wp-content\/uploads\/2020\/02\/logo120.png\",\"contentUrl\":\"https:\/\/jornalfatosenoticias.com.br\/wp-content\/uploads\/2020\/02\/logo120.png\",\"width\":1227,\"height\":120,\"caption\":\"Jornal Fatos e Not\u00edcias\"},\"image\":{\"@id\":\"https:\/\/jornalfatosenoticias.com.br\/#\/schema\/logo\/image\/\"}},{\"@type\":\"Person\",\"@id\":\"https:\/\/jornalfatosenoticias.com.br\/#\/schema\/person\/d63837fa13ac8666eb9e74e0985d6f81\",\"name\":\"Luzimara Fernandes\",\"image\":{\"@type\":\"ImageObject\",\"inLanguage\":\"pt-BR\",\"@id\":\"https:\/\/jornalfatosenoticias.com.br\/#\/schema\/person\/image\/\",\"url\":\"https:\/\/jornalfatosenoticias.com.br\/wp-content\/uploads\/2025\/05\/EU_portal.jpg\",\"contentUrl\":\"https:\/\/jornalfatosenoticias.com.br\/wp-content\/uploads\/2025\/05\/EU_portal.jpg\",\"caption\":\"Luzimara Fernandes\"},\"description\":\"Jornalista MTB 2358-ES\",\"sameAs\":[\"https:\/\/jornalfatosenoticias.com.br\"],\"url\":\"https:\/\/jornalfatosenoticias.com.br\/index.php\/author\/luzimara\/\"}]}<\/script>\n<!-- \/ Yoast SEO plugin. -->","yoast_head_json":{"title":"Gr\u00e1vidas t\u00eam direito \u00e0 pens\u00e3o aliment\u00edcia - Jornal Fatos e Not\u00edcias","robots":{"index":"index","follow":"follow","max-snippet":"max-snippet:-1","max-image-preview":"max-image-preview:large","max-video-preview":"max-video-preview:-1"},"canonical":"https:\/\/jornalfatosenoticias.com.br\/index.php\/2022\/08\/24\/gravidas-tem-direito-a-pensao-alimenticia\/","og_locale":"pt_BR","og_type":"article","og_title":"Gr\u00e1vidas t\u00eam direito \u00e0 pens\u00e3o aliment\u00edcia - Jornal Fatos e Not\u00edcias","og_description":"Texto:\u00a0Adriana Vasconcellos Pereira A Lei n\u00ba 11.804\/2008 estabelece que os pais da crian\u00e7a dividem as despesas de alimenta\u00e7\u00e3o especial, consultas m\u00e9dicas, assist\u00eancia psicol\u00f3gica, interna\u00e7\u00f5es e medicamentos decorrentes da gravidez. De acordo com o artigo 2\u00ba da Lei n\u00ba 11.804\/2008, diz: Os alimentos de que trata esta Lei compreender\u00e3o os valores suficientes para cobrir as despesas [&hellip;]","og_url":"https:\/\/jornalfatosenoticias.com.br\/index.php\/2022\/08\/24\/gravidas-tem-direito-a-pensao-alimenticia\/","og_site_name":"Jornal Fatos e Not\u00edcias","article_published_time":"2022-08-24T18:10:57+00:00","article_modified_time":"2022-08-24T18:11:18+00:00","og_image":[{"width":1000,"height":750,"url":"https:\/\/jornalfatosenoticias.com.br\/wp-content\/uploads\/2022\/08\/alimentos-gravidicos-mulher-gravida.jpg","type":"image\/jpeg"}],"author":"Luzimara Fernandes","twitter_card":"summary_large_image","twitter_misc":{"Escrito por":"Luzimara Fernandes","Est. tempo de leitura":"5 minutos"},"schema":{"@context":"https:\/\/schema.org","@graph":[{"@type":"Article","@id":"https:\/\/jornalfatosenoticias.com.br\/index.php\/2022\/08\/24\/gravidas-tem-direito-a-pensao-alimenticia\/#article","isPartOf":{"@id":"https:\/\/jornalfatosenoticias.com.br\/index.php\/2022\/08\/24\/gravidas-tem-direito-a-pensao-alimenticia\/"},"author":{"name":"Luzimara Fernandes","@id":"https:\/\/jornalfatosenoticias.com.br\/#\/schema\/person\/d63837fa13ac8666eb9e74e0985d6f81"},"headline":"Gr\u00e1vidas t\u00eam direito \u00e0 pens\u00e3o aliment\u00edcia","datePublished":"2022-08-24T18:10:57+00:00","dateModified":"2022-08-24T18:11:18+00:00","mainEntityOfPage":{"@id":"https:\/\/jornalfatosenoticias.com.br\/index.php\/2022\/08\/24\/gravidas-tem-direito-a-pensao-alimenticia\/"},"wordCount":958,"commentCount":0,"publisher":{"@id":"https:\/\/jornalfatosenoticias.com.br\/#organization"},"image":{"@id":"https:\/\/jornalfatosenoticias.com.br\/index.php\/2022\/08\/24\/gravidas-tem-direito-a-pensao-alimenticia\/#primaryimage"},"thumbnailUrl":"https:\/\/jornalfatosenoticias.com.br\/wp-content\/uploads\/2022\/08\/alimentos-gravidicos-mulher-gravida.jpg","keywords":["alimenta\u00e7\u00e3o especial","alimentos grav\u00eddicos","gr\u00e1vidas","gravidez","pens\u00e3o aliment\u00edcia durante a gravidez"],"articleSection":["Geral"],"inLanguage":"pt-BR","potentialAction":[{"@type":"CommentAction","name":"Comment","target":["https:\/\/jornalfatosenoticias.com.br\/index.php\/2022\/08\/24\/gravidas-tem-direito-a-pensao-alimenticia\/#respond"]}]},{"@type":"WebPage","@id":"https:\/\/jornalfatosenoticias.com.br\/index.php\/2022\/08\/24\/gravidas-tem-direito-a-pensao-alimenticia\/","url":"https:\/\/jornalfatosenoticias.com.br\/index.php\/2022\/08\/24\/gravidas-tem-direito-a-pensao-alimenticia\/","name":"Gr\u00e1vidas t\u00eam direito \u00e0 pens\u00e3o aliment\u00edcia - Jornal Fatos e Not\u00edcias","isPartOf":{"@id":"https:\/\/jornalfatosenoticias.com.br\/#website"},"primaryImageOfPage":{"@id":"https:\/\/jornalfatosenoticias.com.br\/index.php\/2022\/08\/24\/gravidas-tem-direito-a-pensao-alimenticia\/#primaryimage"},"image":{"@id":"https:\/\/jornalfatosenoticias.com.br\/index.php\/2022\/08\/24\/gravidas-tem-direito-a-pensao-alimenticia\/#primaryimage"},"thumbnailUrl":"https:\/\/jornalfatosenoticias.com.br\/wp-content\/uploads\/2022\/08\/alimentos-gravidicos-mulher-gravida.jpg","datePublished":"2022-08-24T18:10:57+00:00","dateModified":"2022-08-24T18:11:18+00:00","breadcrumb":{"@id":"https:\/\/jornalfatosenoticias.com.br\/index.php\/2022\/08\/24\/gravidas-tem-direito-a-pensao-alimenticia\/#breadcrumb"},"inLanguage":"pt-BR","potentialAction":[{"@type":"ReadAction","target":["https:\/\/jornalfatosenoticias.com.br\/index.php\/2022\/08\/24\/gravidas-tem-direito-a-pensao-alimenticia\/"]}]},{"@type":"ImageObject","inLanguage":"pt-BR","@id":"https:\/\/jornalfatosenoticias.com.br\/index.php\/2022\/08\/24\/gravidas-tem-direito-a-pensao-alimenticia\/#primaryimage","url":"https:\/\/jornalfatosenoticias.com.br\/wp-content\/uploads\/2022\/08\/alimentos-gravidicos-mulher-gravida.jpg","contentUrl":"https:\/\/jornalfatosenoticias.com.br\/wp-content\/uploads\/2022\/08\/alimentos-gravidicos-mulher-gravida.jpg","width":1000,"height":750},{"@type":"BreadcrumbList","@id":"https:\/\/jornalfatosenoticias.com.br\/index.php\/2022\/08\/24\/gravidas-tem-direito-a-pensao-alimenticia\/#breadcrumb","itemListElement":[{"@type":"ListItem","position":1,"name":"In\u00edcio","item":"https:\/\/jornalfatosenoticias.com.br\/"},{"@type":"ListItem","position":2,"name":"Gr\u00e1vidas t\u00eam direito \u00e0 pens\u00e3o aliment\u00edcia"}]},{"@type":"WebSite","@id":"https:\/\/jornalfatosenoticias.com.br\/#website","url":"https:\/\/jornalfatosenoticias.com.br\/","name":"Jornal Fatos e Not\u00edcias","description":"Not\u00edcias em geral","publisher":{"@id":"https:\/\/jornalfatosenoticias.com.br\/#organization"},"potentialAction":[{"@type":"SearchAction","target":{"@type":"EntryPoint","urlTemplate":"https:\/\/jornalfatosenoticias.com.br\/?s={search_term_string}"},"query-input":{"@type":"PropertyValueSpecification","valueRequired":true,"valueName":"search_term_string"}}],"inLanguage":"pt-BR"},{"@type":"Organization","@id":"https:\/\/jornalfatosenoticias.com.br\/#organization","name":"Jornal Fatos e Not\u00edcias","url":"https:\/\/jornalfatosenoticias.com.br\/","logo":{"@type":"ImageObject","inLanguage":"pt-BR","@id":"https:\/\/jornalfatosenoticias.com.br\/#\/schema\/logo\/image\/","url":"https:\/\/jornalfatosenoticias.com.br\/wp-content\/uploads\/2020\/02\/logo120.png","contentUrl":"https:\/\/jornalfatosenoticias.com.br\/wp-content\/uploads\/2020\/02\/logo120.png","width":1227,"height":120,"caption":"Jornal Fatos e Not\u00edcias"},"image":{"@id":"https:\/\/jornalfatosenoticias.com.br\/#\/schema\/logo\/image\/"}},{"@type":"Person","@id":"https:\/\/jornalfatosenoticias.com.br\/#\/schema\/person\/d63837fa13ac8666eb9e74e0985d6f81","name":"Luzimara Fernandes","image":{"@type":"ImageObject","inLanguage":"pt-BR","@id":"https:\/\/jornalfatosenoticias.com.br\/#\/schema\/person\/image\/","url":"https:\/\/jornalfatosenoticias.com.br\/wp-content\/uploads\/2025\/05\/EU_portal.jpg","contentUrl":"https:\/\/jornalfatosenoticias.com.br\/wp-content\/uploads\/2025\/05\/EU_portal.jpg","caption":"Luzimara Fernandes"},"description":"Jornalista MTB 2358-ES","sameAs":["https:\/\/jornalfatosenoticias.com.br"],"url":"https:\/\/jornalfatosenoticias.com.br\/index.php\/author\/luzimara\/"}]}},"cc_featured_image_caption":{"caption_text":"Alimentos grav\u00eddicos (Foto: Dreamstime)","source_text":"","source_url":""},"jetpack_featured_media_url":"https:\/\/jornalfatosenoticias.com.br\/wp-content\/uploads\/2022\/08\/alimentos-gravidicos-mulher-gravida.jpg","_links":{"self":[{"href":"https:\/\/jornalfatosenoticias.com.br\/index.php\/wp-json\/wp\/v2\/posts\/33495","targetHints":{"allow":["GET"]}}],"collection":[{"href":"https:\/\/jornalfatosenoticias.com.br\/index.php\/wp-json\/wp\/v2\/posts"}],"about":[{"href":"https:\/\/jornalfatosenoticias.com.br\/index.php\/wp-json\/wp\/v2\/types\/post"}],"author":[{"embeddable":true,"href":"https:\/\/jornalfatosenoticias.com.br\/index.php\/wp-json\/wp\/v2\/users\/2"}],"replies":[{"embeddable":true,"href":"https:\/\/jornalfatosenoticias.com.br\/index.php\/wp-json\/wp\/v2\/comments?post=33495"}],"version-history":[{"count":0,"href":"https:\/\/jornalfatosenoticias.com.br\/index.php\/wp-json\/wp\/v2\/posts\/33495\/revisions"}],"wp:featuredmedia":[{"embeddable":true,"href":"https:\/\/jornalfatosenoticias.com.br\/index.php\/wp-json\/wp\/v2\/media\/33497"}],"wp:attachment":[{"href":"https:\/\/jornalfatosenoticias.com.br\/index.php\/wp-json\/wp\/v2\/media?parent=33495"}],"wp:term":[{"taxonomy":"category","embeddable":true,"href":"https:\/\/jornalfatosenoticias.com.br\/index.php\/wp-json\/wp\/v2\/categories?post=33495"},{"taxonomy":"post_tag","embeddable":true,"href":"https:\/\/jornalfatosenoticias.com.br\/index.php\/wp-json\/wp\/v2\/tags?post=33495"}],"curies":[{"name":"wp","href":"https:\/\/api.w.org\/{rel}","templated":true}]}}