{"id":33506,"date":"2022-08-24T16:01:51","date_gmt":"2022-08-24T19:01:51","guid":{"rendered":"https:\/\/jornalfatosenoticias.com.br\/?p=33506"},"modified":"2022-08-24T16:01:55","modified_gmt":"2022-08-24T19:01:55","slug":"whatsapp-instagram-e-tiktok-sao-as-redes-sociais-preferidas-de-criancas-e-adolescentes","status":"publish","type":"post","link":"https:\/\/jornalfatosenoticias.com.br\/index.php\/2022\/08\/24\/whatsapp-instagram-e-tiktok-sao-as-redes-sociais-preferidas-de-criancas-e-adolescentes\/","title":{"rendered":"WhatsApp, Instagram e TikTok s\u00e3o as redes sociais preferidas de crian\u00e7as e adolescentes"},"content":{"rendered":"\n<p><em><span class=\"has-inline-color has-black-color\">Edi\u00e7\u00e3o mais recente da pesquisa TIC Kids Online Brasil revela que 93% da popula\u00e7\u00e3o entre nove e 17 anos estava conectada \u00e0 internet em 2021<\/span><\/em><\/p>\n\n\n\n<div class=\"wp-block-image\"><figure class=\"aligncenter size-large\"><img loading=\"lazy\" decoding=\"async\" width=\"1024\" height=\"100\" src=\"https:\/\/jornalfatosenoticias.com.br\/wp-content\/uploads\/2022\/05\/NOVA-LOGO-CESCONETTO-1024x100.jpg\" alt=\"\" class=\"wp-image-30792\" srcset=\"https:\/\/jornalfatosenoticias.com.br\/wp-content\/uploads\/2022\/05\/NOVA-LOGO-CESCONETTO-1024x100.jpg 1024w, https:\/\/jornalfatosenoticias.com.br\/wp-content\/uploads\/2022\/05\/NOVA-LOGO-CESCONETTO-300x29.jpg 300w, https:\/\/jornalfatosenoticias.com.br\/wp-content\/uploads\/2022\/05\/NOVA-LOGO-CESCONETTO-768x75.jpg 768w, https:\/\/jornalfatosenoticias.com.br\/wp-content\/uploads\/2022\/05\/NOVA-LOGO-CESCONETTO.jpg 1280w\" sizes=\"auto, (max-width: 1024px) 100vw, 1024px\" \/><\/figure><\/div>\n\n\n\n<p>Em 2021, 22,3 milh\u00f5es de crian\u00e7as e adolescentes, entre nove e 17 anos, estavam conectados \u00e0 internet, o que corresponde a 93% do p\u00fablico desta faixa et\u00e1ria em todo o Brasil. Desse total, 78% usaram redes sociais e aqui estamos falando de (muito) WhatsApp, al\u00e9m de Instagram e TikTok (ambos em alta). Esses s\u00e3o os principais achados da <a href=\"https:\/\/cetic.br\/media\/analises\/tic_kids_online_brasil_2021_principais_resultados.pdf\" target=\"_blank\" rel=\"noreferrer noopener\">pesquisa TIC Kids Online<\/a>, lan\u00e7ada nesta ter\u00e7a-feira, 16, pelo\u00a0<a href=\"https:\/\/www.cgi.br\/\" target=\"_blank\" rel=\"noreferrer noopener\">Comit\u00ea Gestor da Internet no Brasil (CGI.br)<\/a>.\u00a0<br>\u201cN\u00e3o basta a vis\u00e3o dicot\u00f4mica de acesso, de sim ou n\u00e3o. Temos de investigar os fen\u00f4menos. Afinal, esse uso n\u00e3o \u00e9 igual entre os 93%\u201d, afirmou Lu\u00edsa Adib, do Cetic.br|NIC.br, na mesa de apresenta\u00e7\u00e3o da pesquisa, intitulada \u201cCaminhos para uma conectividade significativa: como novas din\u00e2micas de acesso \u00e0 internet impactam as pr\u00e1ticas on-line e o bem-estar de crian\u00e7as e adolescentes?\u201d.<\/p>\n\n\n\n<div class=\"wp-block-image\"><figure class=\"aligncenter size-large\"><img loading=\"lazy\" decoding=\"async\" width=\"300\" height=\"250\" src=\"https:\/\/jornalfatosenoticias.com.br\/wp-content\/uploads\/2022\/08\/arte-Casarao.jpg\" alt=\"\" class=\"wp-image-33178\"\/><\/figure><\/div>\n\n\n\n<blockquote class=\"wp-block-quote is-layout-flow wp-block-quote-is-layout-flow\"><p><span class=\"has-inline-color has-luminous-vivid-orange-color\">\u201cNem cabe mais perguntar quantas vezes acessamos a internet por semana. Mas sabemos que esse acesso n\u00e3o \u00e9 igual em qualidade de conex\u00e3o, tipos de dispositivo, ambiente familiar ou na escola. S\u00e3o muitas as dimens\u00f5es que devem ser levadas em conta\u201d, concordou Drica Guzzi, da Zeitgeist \u2014 Pesquisa, Tecnologias e Educa\u00e7\u00e3o, que tamb\u00e9m participou do debate. \u201c\u00c9 preciso, tamb\u00e9m, olhar para os 7% restantes, que somam quase dois milh\u00f5es de crian\u00e7as e adolescentes que ainda n\u00e3o utilizam a internet\u201d, refor\u00e7ou Lu\u00edsa.<\/span><\/p><\/blockquote>\n\n\n\n<div class=\"wp-block-image\"><figure class=\"aligncenter size-large is-resized\"><img loading=\"lazy\" decoding=\"async\" src=\"https:\/\/jornalfatosenoticias.com.br\/wp-content\/uploads\/2022\/08\/logo-locau-veiculos-1024x573.png\" alt=\"\" class=\"wp-image-33078\" width=\"311\" height=\"173\"\/><\/figure><\/div>\n\n\n\n<p>A pesquisa, conduzida pelo Centro Regional de Estudos para o Desenvolvimento da Sociedade da Informa\u00e7\u00e3o (Cetic.br) do N\u00facleo de Informa\u00e7\u00e3o e Coordena\u00e7\u00e3o do Ponto BR (NIC.br), foi um dos destaques do <a href=\"https:\/\/urldefense.com\/v3\/__https:\/criancaseadolescentesnainternet.nic.br\/__;!!N96JrnIq8IfO5w!jq6jMpPCaIN066ynG1bGifQ4p-KiOWzU55oZZaCysDwYvvEhLMQjo9_9C3e1Yg_TwPVXqMjX5QdYI1L8SHwxgOwNdGM$\" target=\"_blank\" rel=\"noreferrer noopener\">7\u00ba Simp\u00f3sio Crian\u00e7as e Adolescentes na Internet<\/a>. Confira, abaixo, a \u00edntegra do painel, que contou ainda com a presen\u00e7a de Renata Santoyo (Anatel) e Thais Santos (Unicef), com modera\u00e7\u00e3o de\u00a0<a href=\"https:\/\/porvir.org\/eca-uma-lei-que-protege-a-infancia-protege-a-sociedade-como-um-todo\/\">Maria Rebeca Otero Gomes (Unesco)<\/a>.\u00a0<\/p>\n\n\n\n<div class=\"wp-block-image\"><figure class=\"aligncenter size-large is-resized\"><img loading=\"lazy\" decoding=\"async\" src=\"https:\/\/jornalfatosenoticias.com.br\/wp-content\/uploads\/2022\/07\/Assinatura-Marketing-1024x300.png\" alt=\"\" class=\"wp-image-31962\" width=\"355\" height=\"103\" srcset=\"https:\/\/jornalfatosenoticias.com.br\/wp-content\/uploads\/2022\/07\/Assinatura-Marketing-1024x300.png 1024w, https:\/\/jornalfatosenoticias.com.br\/wp-content\/uploads\/2022\/07\/Assinatura-Marketing-300x88.png 300w, https:\/\/jornalfatosenoticias.com.br\/wp-content\/uploads\/2022\/07\/Assinatura-Marketing-768x225.png 768w, https:\/\/jornalfatosenoticias.com.br\/wp-content\/uploads\/2022\/07\/Assinatura-Marketing-1536x451.png 1536w, https:\/\/jornalfatosenoticias.com.br\/wp-content\/uploads\/2022\/07\/Assinatura-Marketing-2048x601.png 2048w\" sizes=\"auto, (max-width: 355px) 100vw, 355px\" \/><\/figure><\/div>\n\n\n\n<figure class=\"wp-block-embed-youtube wp-block-embed is-type-video is-provider-youtube wp-embed-aspect-16-9 wp-has-aspect-ratio\"><div class=\"wp-block-embed__wrapper\">\n<iframe loading=\"lazy\" title=\"[7\u00ba Simp\u00f3sio] Painel 2: Lan\u00e7amento TIC Kids Online Brasil 2021\" width=\"660\" height=\"371\" src=\"https:\/\/www.youtube.com\/embed\/_7JGOWQkzI8?feature=oembed\" frameborder=\"0\" allow=\"accelerometer; autoplay; clipboard-write; encrypted-media; gyroscope; picture-in-picture; web-share\" referrerpolicy=\"strict-origin-when-cross-origin\" allowfullscreen><\/iframe>\n<\/div><\/figure>\n\n\n\n<div class=\"wp-block-image\"><figure class=\"alignright size-large is-resized\"><img loading=\"lazy\" decoding=\"async\" src=\"https:\/\/jornalfatosenoticias.com.br\/wp-content\/uploads\/2020\/02\/SEVENTUR-TURISMO.jpg\" alt=\"\" class=\"wp-image-32994\" width=\"269\" height=\"213\"\/><\/figure><\/div>\n\n\n\n<p><strong><span class=\"has-inline-color has-black-color\">Dispositivos, redes sociais e locais de acesso<br><\/span><\/strong>No que se refere \u00e0 variedade dos dispositivos, o celular lidera a lista dos suportes utilizados para conex\u00e3o \u00e0 internet (93%), seguido pela televis\u00e3o (58%), computador (44%) e videogame (19%). Para 53% das crian\u00e7as e dos jovens, o celular foi o \u00fanico dispositivo usado, realidade que se verificou mais presente nas classes D e E (78%) e C (52%) do que nas classes A e B (18%).<br>O acesso, predominante nos pr\u00f3prios domic\u00edlios (97%) e na casa de outra pessoa (82%), tamb\u00e9m aconteceu em centros de acesso pago (42%) e na escola (39%). Assistir v\u00eddeos, programas, filmes ou s\u00e9ries (84%) e ouvir m\u00fasica (80%) foram as atividades mais realizadas pela popula\u00e7\u00e3o analisada.<\/p>\n\n\n\n<div class=\"wp-block-image\"><figure class=\"aligncenter size-large\"><img loading=\"lazy\" decoding=\"async\" width=\"1024\" height=\"103\" src=\"https:\/\/jornalfatosenoticias.com.br\/wp-content\/uploads\/2022\/02\/Arte-Autoescola-Galatas_endereco_portal-1024x103.png\" alt=\"\" class=\"wp-image-27869\" srcset=\"https:\/\/jornalfatosenoticias.com.br\/wp-content\/uploads\/2022\/02\/Arte-Autoescola-Galatas_endereco_portal-1024x103.png 1024w, https:\/\/jornalfatosenoticias.com.br\/wp-content\/uploads\/2022\/02\/Arte-Autoescola-Galatas_endereco_portal-300x30.png 300w, https:\/\/jornalfatosenoticias.com.br\/wp-content\/uploads\/2022\/02\/Arte-Autoescola-Galatas_endereco_portal-768x77.png 768w, https:\/\/jornalfatosenoticias.com.br\/wp-content\/uploads\/2022\/02\/Arte-Autoescola-Galatas_endereco_portal.png 1223w\" sizes=\"auto, (max-width: 1024px) 100vw, 1024px\" \/><\/figure><\/div>\n\n\n\n<p>Pela primeira vez, a pesquisa investigou dados do TikTok: 58% dos jovens ouvidos pelo levantamento contam com perfil na rede, sendo a maioria dos acessos feita pelos adolescentes entre 11 e 12 anos (48%). Prevalecem as classes A e B (79%) na compara\u00e7\u00e3o com as classes C (57%) e D e E (53%).<br>Em rela\u00e7\u00e3o ao levantamento de 2018, as contas no Instagram aumentaram de 45% para 62%. J\u00e1 o Facebook registrou queda no mesmo per\u00edodo comparativo: de 66% para 51%. Contudo, o WhatsApp concentra o maior n\u00famero de usu\u00e1rios: 80%, 10% a mais em rela\u00e7\u00e3o \u00e0 pesquisa anterior.<\/p>\n\n\n\n<div class=\"wp-block-image\"><figure class=\"aligncenter size-large is-resized\"><img loading=\"lazy\" decoding=\"async\" src=\"https:\/\/jornalfatosenoticias.com.br\/wp-content\/uploads\/2022\/07\/Logo-Grupo-SEI.jpg\" alt=\"\" class=\"wp-image-31973\" width=\"337\" height=\"177\" srcset=\"https:\/\/jornalfatosenoticias.com.br\/wp-content\/uploads\/2022\/07\/Logo-Grupo-SEI.jpg 713w, https:\/\/jornalfatosenoticias.com.br\/wp-content\/uploads\/2022\/07\/Logo-Grupo-SEI-300x158.jpg 300w\" sizes=\"auto, (max-width: 337px) 100vw, 337px\" \/><\/figure><\/div>\n\n\n\n<blockquote class=\"wp-block-quote is-layout-flow wp-block-quote-is-layout-flow\"><p><span class=\"has-inline-color has-luminous-vivid-orange-color\">\u201cUma das caracter\u00edsticas do TikTok apontada pelas crian\u00e7as e jovens que o usam \u00e9 que voc\u00ea consegue ser visto por muita gente, mesmo n\u00e3o sendo uma celebridade. Os v\u00eddeos tamb\u00e9m viralizam mais f\u00e1cil\u201d, comentou Drica. Por isso a sustentabilidade emocional para estar em rede \u00e9 algo que deve ser levado em considera\u00e7\u00e3o, disse a especialista. \u201cTudo \u00e9 muito imediato: ser mais visto, ter mais popularidade ou sofrer constrangimento. A pr\u00f3pria rede pode ser um canal de ajuda emocional, mas me preocupa quem n\u00e3o tem nenhum tipo de suporte\u201d.<\/span><\/p><\/blockquote>\n\n\n\n<div class=\"wp-block-image\"><figure class=\"alignleft size-large is-resized\"><img loading=\"lazy\" decoding=\"async\" src=\"https:\/\/jornalfatosenoticias.com.br\/wp-content\/uploads\/2020\/02\/CASA-DO-TORRESMO_PORTAL.jpg\" alt=\"\" class=\"wp-image-33487\" width=\"278\" height=\"210\"\/><\/figure><\/div>\n\n\n\n<p><strong><span class=\"has-inline-color has-black-color\">Sa\u00fade e apoio socioemocional<br><\/span><\/strong>A edi\u00e7\u00e3o de 2021 da TIC Kids Online Brasil tratou, pela primeira vez, do uso da internet na busca por informa\u00e7\u00f5es relacionadas \u00e0 sa\u00fade e ao bem-estar entre os jovens de 11 a 17 anos. Entre os entrevistados, 32% afirmaram ter usado a internet para buscar ajuda emocional. O uso da rede para falar sobre quando se sentiram tristes ou para lidar com algo ruim que vivenciaram foi reportado por 46% dos entrevistados entre 15 e 17 anos, 28% entre os de 13 e 14 anos e 15% para aqueles com idades de 11 a 12 anos. <\/p>\n\n\n\n<div class=\"wp-block-image\"><figure class=\"aligncenter size-large is-resized\"><img loading=\"lazy\" decoding=\"async\" src=\"https:\/\/jornalfatosenoticias.com.br\/wp-content\/uploads\/2020\/02\/Serra-Grande-1024x160.png\" alt=\"\" class=\"wp-image-7836\" width=\"472\" height=\"73\"\/><\/figure><\/div>\n\n\n\n<blockquote class=\"wp-block-quote is-layout-flow wp-block-quote-is-layout-flow\"><p><span class=\"has-inline-color has-luminous-vivid-orange-color\">\u201cA internet \u00e9 um espa\u00e7o no qual crian\u00e7as e adolescentes se sentem mais \u00e0 vontade para falar de emo\u00e7\u00f5es\u201d, pontua Lu\u00edsa.<\/span><\/p><\/blockquote>\n\n\n\n<div class=\"wp-block-image\"><figure class=\"aligncenter size-large is-resized\"><img loading=\"lazy\" decoding=\"async\" src=\"https:\/\/jornalfatosenoticias.com.br\/wp-content\/uploads\/2020\/02\/nova-logo-Marquetti.jpg\" alt=\"\" class=\"wp-image-22331\" width=\"266\" height=\"178\" srcset=\"https:\/\/jornalfatosenoticias.com.br\/wp-content\/uploads\/2020\/02\/nova-logo-Marquetti.jpg 643w, https:\/\/jornalfatosenoticias.com.br\/wp-content\/uploads\/2020\/02\/nova-logo-Marquetti-300x202.jpg 300w\" sizes=\"auto, (max-width: 266px) 100vw, 266px\" \/><\/figure><\/div>\n\n\n\n<p>Informa\u00e7\u00f5es sobre sentimentos, sa\u00fade mental e bem-estar foram acessadas por 29% dos entrevistados, e, no total, 38% deles acreditam que a internet os ajudou a lidar com um problema de sa\u00fade. Contudo, a pesquisa relatou que 7% dos entrevistados declararam ter tido algum tipo de inc\u00f4modo na rede e n\u00e3o compartilharam o sentimento com ningu\u00e9m. <\/p>\n\n\n\n<div class=\"wp-block-image\"><figure class=\"aligncenter size-large is-resized\"><img loading=\"lazy\" decoding=\"async\" src=\"https:\/\/jornalfatosenoticias.com.br\/wp-content\/uploads\/2022\/02\/Precisao-Contabilidade-1024x724.jpg\" alt=\"\" class=\"wp-image-28088\" width=\"298\" height=\"211\"\/><\/figure><\/div>\n\n\n\n<blockquote class=\"wp-block-quote is-layout-flow wp-block-quote-is-layout-flow\"><p><span class=\"has-inline-color has-luminous-vivid-orange-color\">\u201cS\u00e3o jovens e crian\u00e7as que est\u00e3o fermentando o sofrimento. Sabemos que a fala e a escuta s\u00e3o importantes processos nesse sentido. Fica um convite para os educadores e pais: quando essas crian\u00e7as e jovens n\u00e3o falam, n\u00e3o significa que nada est\u00e1 acontecendo\u201d, sugeriu Drica.<\/span><\/p><\/blockquote>\n\n\n\n<div class=\"wp-block-image\"><figure class=\"aligncenter size-large\"><img decoding=\"async\" src=\"https:\/\/jornalfatosenoticias.com.br\/wp-content\/uploads\/2020\/02\/logo_esteio.jpg\" alt=\"\" class=\"wp-image-1214\"\/><\/figure><\/div>\n\n\n\n<p><strong><em>Fonte: <a href=\"https:\/\/porvir.org\/whatsapp-instagram-e-tiktok-sao-as-redes-sociais-preferidas-de-criancas-e-adolescentes\/\">Porvir<\/a><\/em><\/strong><\/p>\n","protected":false},"excerpt":{"rendered":"<p>Edi\u00e7\u00e3o mais recente da pesquisa TIC Kids Online Brasil revela que 93% da popula\u00e7\u00e3o entre nove e 17 anos estava conectada \u00e0 internet em 2021 Em 2021, 22,3 milh\u00f5es de crian\u00e7as e adolescentes, entre nove e 17 anos, estavam conectados \u00e0 internet, o que corresponde a 93% do p\u00fablico desta faixa et\u00e1ria em todo o [&hellip;]<\/p>\n","protected":false},"author":2,"featured_media":33507,"comment_status":"open","ping_status":"open","sticky":false,"template":"","format":"standard","meta":{"footnotes":""},"categories":[7],"tags":[7477,876,1563,15752,6828,198],"class_list":["post-33506","post","type-post","status-publish","format-standard","has-post-thumbnail","hentry","category-educacao","tag-competencias-para-o-seculo-21","tag-pesquisas","tag-redes-sociais","tag-redes-sociais-preferidas-de-criancas-e-adolescentes","tag-socioemocionais","tag-tecnologia"],"yoast_head":"<!-- This site is optimized with the Yoast SEO plugin v26.5 - https:\/\/yoast.com\/wordpress\/plugins\/seo\/ -->\n<title>WhatsApp, Instagram e TikTok s\u00e3o as redes sociais preferidas de crian\u00e7as e adolescentes - Jornal Fatos e Not\u00edcias<\/title>\n<meta name=\"robots\" content=\"index, follow, max-snippet:-1, max-image-preview:large, max-video-preview:-1\" \/>\n<link rel=\"canonical\" href=\"https:\/\/jornalfatosenoticias.com.br\/index.php\/2022\/08\/24\/whatsapp-instagram-e-tiktok-sao-as-redes-sociais-preferidas-de-criancas-e-adolescentes\/\" \/>\n<meta property=\"og:locale\" content=\"pt_BR\" \/>\n<meta property=\"og:type\" content=\"article\" \/>\n<meta property=\"og:title\" content=\"WhatsApp, Instagram e TikTok s\u00e3o as redes sociais preferidas de crian\u00e7as e adolescentes - Jornal Fatos e Not\u00edcias\" \/>\n<meta property=\"og:description\" content=\"Edi\u00e7\u00e3o mais recente da pesquisa TIC Kids Online Brasil revela que 93% da popula\u00e7\u00e3o entre nove e 17 anos estava conectada \u00e0 internet em 2021 Em 2021, 22,3 milh\u00f5es de crian\u00e7as e adolescentes, entre nove e 17 anos, estavam conectados \u00e0 internet, o que corresponde a 93% do p\u00fablico desta faixa et\u00e1ria em todo o [&hellip;]\" \/>\n<meta property=\"og:url\" content=\"https:\/\/jornalfatosenoticias.com.br\/index.php\/2022\/08\/24\/whatsapp-instagram-e-tiktok-sao-as-redes-sociais-preferidas-de-criancas-e-adolescentes\/\" \/>\n<meta property=\"og:site_name\" content=\"Jornal Fatos e Not\u00edcias\" \/>\n<meta property=\"article:published_time\" content=\"2022-08-24T19:01:51+00:00\" \/>\n<meta property=\"article:modified_time\" content=\"2022-08-24T19:01:55+00:00\" \/>\n<meta property=\"og:image\" content=\"https:\/\/jornalfatosenoticias.com.br\/wp-content\/uploads\/2022\/08\/redes-sociais-preferidas-de-criancas-e-adolescentes.jpg\" \/>\n\t<meta property=\"og:image:width\" content=\"1000\" \/>\n\t<meta property=\"og:image:height\" content=\"633\" \/>\n\t<meta property=\"og:image:type\" content=\"image\/jpeg\" \/>\n<meta name=\"author\" content=\"Luzimara Fernandes\" \/>\n<meta name=\"twitter:card\" content=\"summary_large_image\" \/>\n<meta name=\"twitter:label1\" content=\"Escrito por\" \/>\n\t<meta name=\"twitter:data1\" content=\"Luzimara Fernandes\" \/>\n\t<meta name=\"twitter:label2\" content=\"Est. tempo de leitura\" \/>\n\t<meta name=\"twitter:data2\" content=\"4 minutos\" \/>\n<script type=\"application\/ld+json\" class=\"yoast-schema-graph\">{\"@context\":\"https:\/\/schema.org\",\"@graph\":[{\"@type\":\"Article\",\"@id\":\"https:\/\/jornalfatosenoticias.com.br\/index.php\/2022\/08\/24\/whatsapp-instagram-e-tiktok-sao-as-redes-sociais-preferidas-de-criancas-e-adolescentes\/#article\",\"isPartOf\":{\"@id\":\"https:\/\/jornalfatosenoticias.com.br\/index.php\/2022\/08\/24\/whatsapp-instagram-e-tiktok-sao-as-redes-sociais-preferidas-de-criancas-e-adolescentes\/\"},\"author\":{\"name\":\"Luzimara Fernandes\",\"@id\":\"https:\/\/jornalfatosenoticias.com.br\/#\/schema\/person\/d63837fa13ac8666eb9e74e0985d6f81\"},\"headline\":\"WhatsApp, Instagram e TikTok s\u00e3o as redes sociais preferidas de crian\u00e7as e adolescentes\",\"datePublished\":\"2022-08-24T19:01:51+00:00\",\"dateModified\":\"2022-08-24T19:01:55+00:00\",\"mainEntityOfPage\":{\"@id\":\"https:\/\/jornalfatosenoticias.com.br\/index.php\/2022\/08\/24\/whatsapp-instagram-e-tiktok-sao-as-redes-sociais-preferidas-de-criancas-e-adolescentes\/\"},\"wordCount\":882,\"commentCount\":0,\"publisher\":{\"@id\":\"https:\/\/jornalfatosenoticias.com.br\/#organization\"},\"image\":{\"@id\":\"https:\/\/jornalfatosenoticias.com.br\/index.php\/2022\/08\/24\/whatsapp-instagram-e-tiktok-sao-as-redes-sociais-preferidas-de-criancas-e-adolescentes\/#primaryimage\"},\"thumbnailUrl\":\"https:\/\/jornalfatosenoticias.com.br\/wp-content\/uploads\/2022\/08\/redes-sociais-preferidas-de-criancas-e-adolescentes.jpg\",\"keywords\":[\"compet\u00eancias para o s\u00e9culo 21\",\"pesquisas\",\"redes sociais\",\"redes sociais preferidas de crian\u00e7as e adolescentes\",\"socioemocionais\",\"tecnologia\"],\"articleSection\":[\"Educa\u00e7\u00e3o\"],\"inLanguage\":\"pt-BR\",\"potentialAction\":[{\"@type\":\"CommentAction\",\"name\":\"Comment\",\"target\":[\"https:\/\/jornalfatosenoticias.com.br\/index.php\/2022\/08\/24\/whatsapp-instagram-e-tiktok-sao-as-redes-sociais-preferidas-de-criancas-e-adolescentes\/#respond\"]}]},{\"@type\":\"WebPage\",\"@id\":\"https:\/\/jornalfatosenoticias.com.br\/index.php\/2022\/08\/24\/whatsapp-instagram-e-tiktok-sao-as-redes-sociais-preferidas-de-criancas-e-adolescentes\/\",\"url\":\"https:\/\/jornalfatosenoticias.com.br\/index.php\/2022\/08\/24\/whatsapp-instagram-e-tiktok-sao-as-redes-sociais-preferidas-de-criancas-e-adolescentes\/\",\"name\":\"WhatsApp, Instagram e TikTok s\u00e3o as redes sociais preferidas de crian\u00e7as e adolescentes - Jornal Fatos e Not\u00edcias\",\"isPartOf\":{\"@id\":\"https:\/\/jornalfatosenoticias.com.br\/#website\"},\"primaryImageOfPage\":{\"@id\":\"https:\/\/jornalfatosenoticias.com.br\/index.php\/2022\/08\/24\/whatsapp-instagram-e-tiktok-sao-as-redes-sociais-preferidas-de-criancas-e-adolescentes\/#primaryimage\"},\"image\":{\"@id\":\"https:\/\/jornalfatosenoticias.com.br\/index.php\/2022\/08\/24\/whatsapp-instagram-e-tiktok-sao-as-redes-sociais-preferidas-de-criancas-e-adolescentes\/#primaryimage\"},\"thumbnailUrl\":\"https:\/\/jornalfatosenoticias.com.br\/wp-content\/uploads\/2022\/08\/redes-sociais-preferidas-de-criancas-e-adolescentes.jpg\",\"datePublished\":\"2022-08-24T19:01:51+00:00\",\"dateModified\":\"2022-08-24T19:01:55+00:00\",\"breadcrumb\":{\"@id\":\"https:\/\/jornalfatosenoticias.com.br\/index.php\/2022\/08\/24\/whatsapp-instagram-e-tiktok-sao-as-redes-sociais-preferidas-de-criancas-e-adolescentes\/#breadcrumb\"},\"inLanguage\":\"pt-BR\",\"potentialAction\":[{\"@type\":\"ReadAction\",\"target\":[\"https:\/\/jornalfatosenoticias.com.br\/index.php\/2022\/08\/24\/whatsapp-instagram-e-tiktok-sao-as-redes-sociais-preferidas-de-criancas-e-adolescentes\/\"]}]},{\"@type\":\"ImageObject\",\"inLanguage\":\"pt-BR\",\"@id\":\"https:\/\/jornalfatosenoticias.com.br\/index.php\/2022\/08\/24\/whatsapp-instagram-e-tiktok-sao-as-redes-sociais-preferidas-de-criancas-e-adolescentes\/#primaryimage\",\"url\":\"https:\/\/jornalfatosenoticias.com.br\/wp-content\/uploads\/2022\/08\/redes-sociais-preferidas-de-criancas-e-adolescentes.jpg\",\"contentUrl\":\"https:\/\/jornalfatosenoticias.com.br\/wp-content\/uploads\/2022\/08\/redes-sociais-preferidas-de-criancas-e-adolescentes.jpg\",\"width\":1000,\"height\":633},{\"@type\":\"BreadcrumbList\",\"@id\":\"https:\/\/jornalfatosenoticias.com.br\/index.php\/2022\/08\/24\/whatsapp-instagram-e-tiktok-sao-as-redes-sociais-preferidas-de-criancas-e-adolescentes\/#breadcrumb\",\"itemListElement\":[{\"@type\":\"ListItem\",\"position\":1,\"name\":\"In\u00edcio\",\"item\":\"https:\/\/jornalfatosenoticias.com.br\/\"},{\"@type\":\"ListItem\",\"position\":2,\"name\":\"WhatsApp, Instagram e TikTok s\u00e3o as redes sociais preferidas de crian\u00e7as e adolescentes\"}]},{\"@type\":\"WebSite\",\"@id\":\"https:\/\/jornalfatosenoticias.com.br\/#website\",\"url\":\"https:\/\/jornalfatosenoticias.com.br\/\",\"name\":\"Jornal Fatos e Not\u00edcias\",\"description\":\"Not\u00edcias em geral\",\"publisher\":{\"@id\":\"https:\/\/jornalfatosenoticias.com.br\/#organization\"},\"potentialAction\":[{\"@type\":\"SearchAction\",\"target\":{\"@type\":\"EntryPoint\",\"urlTemplate\":\"https:\/\/jornalfatosenoticias.com.br\/?s={search_term_string}\"},\"query-input\":{\"@type\":\"PropertyValueSpecification\",\"valueRequired\":true,\"valueName\":\"search_term_string\"}}],\"inLanguage\":\"pt-BR\"},{\"@type\":\"Organization\",\"@id\":\"https:\/\/jornalfatosenoticias.com.br\/#organization\",\"name\":\"Jornal Fatos e Not\u00edcias\",\"url\":\"https:\/\/jornalfatosenoticias.com.br\/\",\"logo\":{\"@type\":\"ImageObject\",\"inLanguage\":\"pt-BR\",\"@id\":\"https:\/\/jornalfatosenoticias.com.br\/#\/schema\/logo\/image\/\",\"url\":\"https:\/\/jornalfatosenoticias.com.br\/wp-content\/uploads\/2020\/02\/logo120.png\",\"contentUrl\":\"https:\/\/jornalfatosenoticias.com.br\/wp-content\/uploads\/2020\/02\/logo120.png\",\"width\":1227,\"height\":120,\"caption\":\"Jornal Fatos e Not\u00edcias\"},\"image\":{\"@id\":\"https:\/\/jornalfatosenoticias.com.br\/#\/schema\/logo\/image\/\"}},{\"@type\":\"Person\",\"@id\":\"https:\/\/jornalfatosenoticias.com.br\/#\/schema\/person\/d63837fa13ac8666eb9e74e0985d6f81\",\"name\":\"Luzimara Fernandes\",\"image\":{\"@type\":\"ImageObject\",\"inLanguage\":\"pt-BR\",\"@id\":\"https:\/\/jornalfatosenoticias.com.br\/#\/schema\/person\/image\/\",\"url\":\"https:\/\/jornalfatosenoticias.com.br\/wp-content\/uploads\/2025\/05\/EU_portal.jpg\",\"contentUrl\":\"https:\/\/jornalfatosenoticias.com.br\/wp-content\/uploads\/2025\/05\/EU_portal.jpg\",\"caption\":\"Luzimara Fernandes\"},\"description\":\"Jornalista MTB 2358-ES\",\"sameAs\":[\"https:\/\/jornalfatosenoticias.com.br\"],\"url\":\"https:\/\/jornalfatosenoticias.com.br\/index.php\/author\/luzimara\/\"}]}<\/script>\n<!-- \/ Yoast SEO plugin. -->","yoast_head_json":{"title":"WhatsApp, Instagram e TikTok s\u00e3o as redes sociais preferidas de crian\u00e7as e adolescentes - Jornal Fatos e Not\u00edcias","robots":{"index":"index","follow":"follow","max-snippet":"max-snippet:-1","max-image-preview":"max-image-preview:large","max-video-preview":"max-video-preview:-1"},"canonical":"https:\/\/jornalfatosenoticias.com.br\/index.php\/2022\/08\/24\/whatsapp-instagram-e-tiktok-sao-as-redes-sociais-preferidas-de-criancas-e-adolescentes\/","og_locale":"pt_BR","og_type":"article","og_title":"WhatsApp, Instagram e TikTok s\u00e3o as redes sociais preferidas de crian\u00e7as e adolescentes - Jornal Fatos e Not\u00edcias","og_description":"Edi\u00e7\u00e3o mais recente da pesquisa TIC Kids Online Brasil revela que 93% da popula\u00e7\u00e3o entre nove e 17 anos estava conectada \u00e0 internet em 2021 Em 2021, 22,3 milh\u00f5es de crian\u00e7as e adolescentes, entre nove e 17 anos, estavam conectados \u00e0 internet, o que corresponde a 93% do p\u00fablico desta faixa et\u00e1ria em todo o [&hellip;]","og_url":"https:\/\/jornalfatosenoticias.com.br\/index.php\/2022\/08\/24\/whatsapp-instagram-e-tiktok-sao-as-redes-sociais-preferidas-de-criancas-e-adolescentes\/","og_site_name":"Jornal Fatos e Not\u00edcias","article_published_time":"2022-08-24T19:01:51+00:00","article_modified_time":"2022-08-24T19:01:55+00:00","og_image":[{"width":1000,"height":633,"url":"https:\/\/jornalfatosenoticias.com.br\/wp-content\/uploads\/2022\/08\/redes-sociais-preferidas-de-criancas-e-adolescentes.jpg","type":"image\/jpeg"}],"author":"Luzimara Fernandes","twitter_card":"summary_large_image","twitter_misc":{"Escrito por":"Luzimara Fernandes","Est. tempo de leitura":"4 minutos"},"schema":{"@context":"https:\/\/schema.org","@graph":[{"@type":"Article","@id":"https:\/\/jornalfatosenoticias.com.br\/index.php\/2022\/08\/24\/whatsapp-instagram-e-tiktok-sao-as-redes-sociais-preferidas-de-criancas-e-adolescentes\/#article","isPartOf":{"@id":"https:\/\/jornalfatosenoticias.com.br\/index.php\/2022\/08\/24\/whatsapp-instagram-e-tiktok-sao-as-redes-sociais-preferidas-de-criancas-e-adolescentes\/"},"author":{"name":"Luzimara Fernandes","@id":"https:\/\/jornalfatosenoticias.com.br\/#\/schema\/person\/d63837fa13ac8666eb9e74e0985d6f81"},"headline":"WhatsApp, Instagram e TikTok s\u00e3o as redes sociais preferidas de crian\u00e7as e adolescentes","datePublished":"2022-08-24T19:01:51+00:00","dateModified":"2022-08-24T19:01:55+00:00","mainEntityOfPage":{"@id":"https:\/\/jornalfatosenoticias.com.br\/index.php\/2022\/08\/24\/whatsapp-instagram-e-tiktok-sao-as-redes-sociais-preferidas-de-criancas-e-adolescentes\/"},"wordCount":882,"commentCount":0,"publisher":{"@id":"https:\/\/jornalfatosenoticias.com.br\/#organization"},"image":{"@id":"https:\/\/jornalfatosenoticias.com.br\/index.php\/2022\/08\/24\/whatsapp-instagram-e-tiktok-sao-as-redes-sociais-preferidas-de-criancas-e-adolescentes\/#primaryimage"},"thumbnailUrl":"https:\/\/jornalfatosenoticias.com.br\/wp-content\/uploads\/2022\/08\/redes-sociais-preferidas-de-criancas-e-adolescentes.jpg","keywords":["compet\u00eancias para o s\u00e9culo 21","pesquisas","redes sociais","redes sociais preferidas de crian\u00e7as e adolescentes","socioemocionais","tecnologia"],"articleSection":["Educa\u00e7\u00e3o"],"inLanguage":"pt-BR","potentialAction":[{"@type":"CommentAction","name":"Comment","target":["https:\/\/jornalfatosenoticias.com.br\/index.php\/2022\/08\/24\/whatsapp-instagram-e-tiktok-sao-as-redes-sociais-preferidas-de-criancas-e-adolescentes\/#respond"]}]},{"@type":"WebPage","@id":"https:\/\/jornalfatosenoticias.com.br\/index.php\/2022\/08\/24\/whatsapp-instagram-e-tiktok-sao-as-redes-sociais-preferidas-de-criancas-e-adolescentes\/","url":"https:\/\/jornalfatosenoticias.com.br\/index.php\/2022\/08\/24\/whatsapp-instagram-e-tiktok-sao-as-redes-sociais-preferidas-de-criancas-e-adolescentes\/","name":"WhatsApp, Instagram e TikTok s\u00e3o as redes sociais preferidas de crian\u00e7as e adolescentes - Jornal Fatos e Not\u00edcias","isPartOf":{"@id":"https:\/\/jornalfatosenoticias.com.br\/#website"},"primaryImageOfPage":{"@id":"https:\/\/jornalfatosenoticias.com.br\/index.php\/2022\/08\/24\/whatsapp-instagram-e-tiktok-sao-as-redes-sociais-preferidas-de-criancas-e-adolescentes\/#primaryimage"},"image":{"@id":"https:\/\/jornalfatosenoticias.com.br\/index.php\/2022\/08\/24\/whatsapp-instagram-e-tiktok-sao-as-redes-sociais-preferidas-de-criancas-e-adolescentes\/#primaryimage"},"thumbnailUrl":"https:\/\/jornalfatosenoticias.com.br\/wp-content\/uploads\/2022\/08\/redes-sociais-preferidas-de-criancas-e-adolescentes.jpg","datePublished":"2022-08-24T19:01:51+00:00","dateModified":"2022-08-24T19:01:55+00:00","breadcrumb":{"@id":"https:\/\/jornalfatosenoticias.com.br\/index.php\/2022\/08\/24\/whatsapp-instagram-e-tiktok-sao-as-redes-sociais-preferidas-de-criancas-e-adolescentes\/#breadcrumb"},"inLanguage":"pt-BR","potentialAction":[{"@type":"ReadAction","target":["https:\/\/jornalfatosenoticias.com.br\/index.php\/2022\/08\/24\/whatsapp-instagram-e-tiktok-sao-as-redes-sociais-preferidas-de-criancas-e-adolescentes\/"]}]},{"@type":"ImageObject","inLanguage":"pt-BR","@id":"https:\/\/jornalfatosenoticias.com.br\/index.php\/2022\/08\/24\/whatsapp-instagram-e-tiktok-sao-as-redes-sociais-preferidas-de-criancas-e-adolescentes\/#primaryimage","url":"https:\/\/jornalfatosenoticias.com.br\/wp-content\/uploads\/2022\/08\/redes-sociais-preferidas-de-criancas-e-adolescentes.jpg","contentUrl":"https:\/\/jornalfatosenoticias.com.br\/wp-content\/uploads\/2022\/08\/redes-sociais-preferidas-de-criancas-e-adolescentes.jpg","width":1000,"height":633},{"@type":"BreadcrumbList","@id":"https:\/\/jornalfatosenoticias.com.br\/index.php\/2022\/08\/24\/whatsapp-instagram-e-tiktok-sao-as-redes-sociais-preferidas-de-criancas-e-adolescentes\/#breadcrumb","itemListElement":[{"@type":"ListItem","position":1,"name":"In\u00edcio","item":"https:\/\/jornalfatosenoticias.com.br\/"},{"@type":"ListItem","position":2,"name":"WhatsApp, Instagram e TikTok s\u00e3o as redes sociais preferidas de crian\u00e7as e adolescentes"}]},{"@type":"WebSite","@id":"https:\/\/jornalfatosenoticias.com.br\/#website","url":"https:\/\/jornalfatosenoticias.com.br\/","name":"Jornal Fatos e Not\u00edcias","description":"Not\u00edcias em geral","publisher":{"@id":"https:\/\/jornalfatosenoticias.com.br\/#organization"},"potentialAction":[{"@type":"SearchAction","target":{"@type":"EntryPoint","urlTemplate":"https:\/\/jornalfatosenoticias.com.br\/?s={search_term_string}"},"query-input":{"@type":"PropertyValueSpecification","valueRequired":true,"valueName":"search_term_string"}}],"inLanguage":"pt-BR"},{"@type":"Organization","@id":"https:\/\/jornalfatosenoticias.com.br\/#organization","name":"Jornal Fatos e Not\u00edcias","url":"https:\/\/jornalfatosenoticias.com.br\/","logo":{"@type":"ImageObject","inLanguage":"pt-BR","@id":"https:\/\/jornalfatosenoticias.com.br\/#\/schema\/logo\/image\/","url":"https:\/\/jornalfatosenoticias.com.br\/wp-content\/uploads\/2020\/02\/logo120.png","contentUrl":"https:\/\/jornalfatosenoticias.com.br\/wp-content\/uploads\/2020\/02\/logo120.png","width":1227,"height":120,"caption":"Jornal Fatos e Not\u00edcias"},"image":{"@id":"https:\/\/jornalfatosenoticias.com.br\/#\/schema\/logo\/image\/"}},{"@type":"Person","@id":"https:\/\/jornalfatosenoticias.com.br\/#\/schema\/person\/d63837fa13ac8666eb9e74e0985d6f81","name":"Luzimara Fernandes","image":{"@type":"ImageObject","inLanguage":"pt-BR","@id":"https:\/\/jornalfatosenoticias.com.br\/#\/schema\/person\/image\/","url":"https:\/\/jornalfatosenoticias.com.br\/wp-content\/uploads\/2025\/05\/EU_portal.jpg","contentUrl":"https:\/\/jornalfatosenoticias.com.br\/wp-content\/uploads\/2025\/05\/EU_portal.jpg","caption":"Luzimara Fernandes"},"description":"Jornalista MTB 2358-ES","sameAs":["https:\/\/jornalfatosenoticias.com.br"],"url":"https:\/\/jornalfatosenoticias.com.br\/index.php\/author\/luzimara\/"}]}},"cc_featured_image_caption":{"caption_text":"(Foto: PeopleImages\/iStock)","source_text":"","source_url":""},"jetpack_featured_media_url":"https:\/\/jornalfatosenoticias.com.br\/wp-content\/uploads\/2022\/08\/redes-sociais-preferidas-de-criancas-e-adolescentes.jpg","_links":{"self":[{"href":"https:\/\/jornalfatosenoticias.com.br\/index.php\/wp-json\/wp\/v2\/posts\/33506","targetHints":{"allow":["GET"]}}],"collection":[{"href":"https:\/\/jornalfatosenoticias.com.br\/index.php\/wp-json\/wp\/v2\/posts"}],"about":[{"href":"https:\/\/jornalfatosenoticias.com.br\/index.php\/wp-json\/wp\/v2\/types\/post"}],"author":[{"embeddable":true,"href":"https:\/\/jornalfatosenoticias.com.br\/index.php\/wp-json\/wp\/v2\/users\/2"}],"replies":[{"embeddable":true,"href":"https:\/\/jornalfatosenoticias.com.br\/index.php\/wp-json\/wp\/v2\/comments?post=33506"}],"version-history":[{"count":0,"href":"https:\/\/jornalfatosenoticias.com.br\/index.php\/wp-json\/wp\/v2\/posts\/33506\/revisions"}],"wp:featuredmedia":[{"embeddable":true,"href":"https:\/\/jornalfatosenoticias.com.br\/index.php\/wp-json\/wp\/v2\/media\/33507"}],"wp:attachment":[{"href":"https:\/\/jornalfatosenoticias.com.br\/index.php\/wp-json\/wp\/v2\/media?parent=33506"}],"wp:term":[{"taxonomy":"category","embeddable":true,"href":"https:\/\/jornalfatosenoticias.com.br\/index.php\/wp-json\/wp\/v2\/categories?post=33506"},{"taxonomy":"post_tag","embeddable":true,"href":"https:\/\/jornalfatosenoticias.com.br\/index.php\/wp-json\/wp\/v2\/tags?post=33506"}],"curies":[{"name":"wp","href":"https:\/\/api.w.org\/{rel}","templated":true}]}}