{"id":33514,"date":"2022-08-24T16:46:58","date_gmt":"2022-08-24T19:46:58","guid":{"rendered":"https:\/\/jornalfatosenoticias.com.br\/?p=33514"},"modified":"2022-08-24T17:27:26","modified_gmt":"2022-08-24T20:27:26","slug":"3o-torneio-de-inverno-de-futevolei","status":"publish","type":"post","link":"https:\/\/jornalfatosenoticias.com.br\/index.php\/2022\/08\/24\/3o-torneio-de-inverno-de-futevolei\/","title":{"rendered":"3\u00ba Torneio de Inverno de Futev\u00f4lei"},"content":{"rendered":"\n<p><em><span class=\"has-inline-color has-black-color\">Evento acontece neste s\u00e1bado (27) na Arena Esportiva Espa\u00e7o 10, em Jacara\u00edpe<\/span><\/em> <\/p>\n\n\n\n<div class=\"wp-block-image\"><figure class=\"aligncenter size-large\"><img loading=\"lazy\" decoding=\"async\" width=\"1024\" height=\"100\" src=\"https:\/\/jornalfatosenoticias.com.br\/wp-content\/uploads\/2022\/05\/NOVA-LOGO-CESCONETTO-1024x100.jpg\" alt=\"\" class=\"wp-image-30792\" srcset=\"https:\/\/jornalfatosenoticias.com.br\/wp-content\/uploads\/2022\/05\/NOVA-LOGO-CESCONETTO-1024x100.jpg 1024w, https:\/\/jornalfatosenoticias.com.br\/wp-content\/uploads\/2022\/05\/NOVA-LOGO-CESCONETTO-300x29.jpg 300w, https:\/\/jornalfatosenoticias.com.br\/wp-content\/uploads\/2022\/05\/NOVA-LOGO-CESCONETTO-768x75.jpg 768w, https:\/\/jornalfatosenoticias.com.br\/wp-content\/uploads\/2022\/05\/NOVA-LOGO-CESCONETTO.jpg 1280w\" sizes=\"auto, (max-width: 1024px) 100vw, 1024px\" \/><\/figure><\/div>\n\n\n\n<p>Est\u00e1 chegando o Grande Dia! No pr\u00f3ximo s\u00e1bado, 27, acontecer\u00e1 o 3\u00ba Torneio de Inverno de Futev\u00f4lei \u201c20 anos da Casa do Torresmo, no Espa\u00e7o 10, em Jacara\u00edpe. Segundo o organizador, Cardoso, este \u00e9 um evento que conta com uma parceria muito especial entre a Associa\u00e7\u00e3o de futev\u00f4lei de Jacara\u00edpe (AFJ), a Casa do Torresmo e a Prefeitura Municipal da Serra, atrav\u00e9s da Secretaria de Turismo, Esporte, Cultura e Lazer.<\/p>\n\n\n\n<blockquote class=\"wp-block-quote is-layout-flow wp-block-quote-is-layout-flow\"><p><span class=\"has-inline-color has-luminous-vivid-orange-color\">\u201cNessa edi\u00e7\u00e3o, em especial, estaremos comemorando os 20 anos da casa do Torresmo, uma empresa capixaba, instalada em Jacara\u00edpe, que \u00e9 a primeira franquia de torresmos do Brasil. Uma empresa que \u00e9 motivo de orgulho de todos n\u00f3s, que moramos aqui em Jacara\u00edpe, e que conhecemos bem o trabalho realizado por Thiago e seus familiares, empreendedores de sucesso\u201d, elogiou Cardoso.<\/span><\/p><\/blockquote>\n\n\n\n<div class=\"wp-block-image\"><figure class=\"alignright size-large\"><img decoding=\"async\" src=\"https:\/\/jornalfatosenoticias.com.br\/wp-content\/uploads\/2020\/02\/CASA-DO-TORRESMO_PORTAL.jpg\" alt=\"\" class=\"wp-image-33487\"\/><\/figure><\/div>\n\n\n\n<p>O organizador espera contar com um n\u00famero muito grande de p\u00fablico no \u201cEspa\u00e7o 10\u201d para prestigiar essa modalidade que vem crescendo muito n\u00e3o s\u00f3 aqui no Brasil, mas no mundo. \u201cUm esporte que tem contribu\u00eddo muito para a sa\u00fade e o bem-estar das pessoas e, porque n\u00e3o dizer, tamb\u00e9m, para a seguran\u00e7a p\u00fablica, uma vez que o esporte ocupa os espa\u00e7os p\u00fablicos, impedindo que esses espa\u00e7os sejam ocupados e explorados por pessoas mal-intencionadas e por atividades que n\u00e3o somam para a sociedade. Ent\u00e3o, fica aqui o convite para todos e esperamos v\u00ea-los no \u201cEspa\u00e7o 10\u201d, no pr\u00f3ximo dia 27, para celebramos, todos juntos, os 20 anos da Casa do Torresmo e assistir a bons jogos de futev\u00f4lei\u201d, finalizou.<\/p>\n\n\n\n<div class=\"wp-block-image\"><figure class=\"aligncenter size-large\"><img loading=\"lazy\" decoding=\"async\" width=\"1024\" height=\"103\" src=\"https:\/\/jornalfatosenoticias.com.br\/wp-content\/uploads\/2022\/02\/Arte-Autoescola-Galatas_endereco_portal-1024x103.png\" alt=\"\" class=\"wp-image-27869\" srcset=\"https:\/\/jornalfatosenoticias.com.br\/wp-content\/uploads\/2022\/02\/Arte-Autoescola-Galatas_endereco_portal-1024x103.png 1024w, https:\/\/jornalfatosenoticias.com.br\/wp-content\/uploads\/2022\/02\/Arte-Autoescola-Galatas_endereco_portal-300x30.png 300w, https:\/\/jornalfatosenoticias.com.br\/wp-content\/uploads\/2022\/02\/Arte-Autoescola-Galatas_endereco_portal-768x77.png 768w, https:\/\/jornalfatosenoticias.com.br\/wp-content\/uploads\/2022\/02\/Arte-Autoescola-Galatas_endereco_portal.png 1223w\" sizes=\"auto, (max-width: 1024px) 100vw, 1024px\" \/><\/figure><\/div>\n\n\n\n<p>Para Thiago, propriet\u00e1rio da franquia Casa do Torresmo, o evento s\u00f3 engrandece o esporte e ajuda a movimentar a economia local. <\/p>\n\n\n\n<div class=\"wp-block-image\"><figure class=\"aligncenter size-large\"><img loading=\"lazy\" decoding=\"async\" width=\"300\" height=\"250\" src=\"https:\/\/jornalfatosenoticias.com.br\/wp-content\/uploads\/2022\/08\/arte-Casarao.jpg\" alt=\"\" class=\"wp-image-33178\"\/><\/figure><\/div>\n\n\n\n<blockquote class=\"wp-block-quote is-layout-flow wp-block-quote-is-layout-flow\"><p><span class=\"has-inline-color has-luminous-vivid-orange-color\">\u201cComo amante do futebol e, agora, conhecedor dessa modalidade \u2014 o futev\u00f4lei \u2014 vi uma grande oportunidade de estar agregando a marca nessa comemora\u00e7\u00e3o de 20 anos. A franquia, que j\u00e1 tem duas casas em S\u00e3o Paulo e em breve estar\u00e1 no Rio de Janeiro, \u00e9 a primeira de torresmo no Brasil. Quanto ao evento, vi oportunidade nessa uni\u00e3o Casa do Torresmo e Associa\u00e7\u00e3o de Futev\u00f4lei de Jacara\u00edpe (AFJ), pois atrair\u00e1 pessoas de fora. Mas, quero frisar que, t\u00e3o importante quanto a economia \u00e9 incentivar a pr\u00e1tica do esporte, que ajuda no bem-estar e sa\u00fade das pessoas. Por isso, eu e os outros patrocinadores, com o apoio da Prefeitura Municipal da Serra (PMS), nos sentimos honrados em participar desse evento. Esperamos casa cheia!\u201d, conclamou.<\/span><\/p><\/blockquote>\n\n\n\n<div class=\"wp-block-image\"><figure class=\"aligncenter size-large is-resized\"><img loading=\"lazy\" decoding=\"async\" src=\"https:\/\/jornalfatosenoticias.com.br\/wp-content\/uploads\/2022\/07\/Logo-Grupo-SEI.jpg\" alt=\"\" class=\"wp-image-31973\" width=\"326\" height=\"171\" srcset=\"https:\/\/jornalfatosenoticias.com.br\/wp-content\/uploads\/2022\/07\/Logo-Grupo-SEI.jpg 713w, https:\/\/jornalfatosenoticias.com.br\/wp-content\/uploads\/2022\/07\/Logo-Grupo-SEI-300x158.jpg 300w\" sizes=\"auto, (max-width: 326px) 100vw, 326px\" \/><\/figure><\/div>\n\n\n\n<p><strong>Patrocinadores:<\/strong> <em><span class=\"has-inline-color has-black-color\">Sicoob, Valente Publicidade, TLL Transporte Log\u00edstica, Centro de Treinamento Andr\u00e9 Gab\u00e9, HAGAR Material de Constru\u00e7\u00e3o, Restaurante Cabana do Luiz, Momentum Engenharia, Futeacademi, MM Imports, Mr. P\u00e3o Padaria e Confeitaria e Construfaz Construtora. Apoio: Prefeitura Municipal da Serra (PMS).<\/span><\/em><\/p>\n\n\n\n<div class=\"wp-block-image\"><figure class=\"aligncenter size-large\"><img loading=\"lazy\" decoding=\"async\" width=\"1000\" height=\"1000\" src=\"https:\/\/jornalfatosenoticias.com.br\/wp-content\/uploads\/2022\/08\/torneio-de-futevolei.jpg\" alt=\"\" class=\"wp-image-33516\" srcset=\"https:\/\/jornalfatosenoticias.com.br\/wp-content\/uploads\/2022\/08\/torneio-de-futevolei.jpg 1000w, https:\/\/jornalfatosenoticias.com.br\/wp-content\/uploads\/2022\/08\/torneio-de-futevolei-300x300.jpg 300w, https:\/\/jornalfatosenoticias.com.br\/wp-content\/uploads\/2022\/08\/torneio-de-futevolei-150x150.jpg 150w, https:\/\/jornalfatosenoticias.com.br\/wp-content\/uploads\/2022\/08\/torneio-de-futevolei-768x768.jpg 768w\" sizes=\"auto, (max-width: 1000px) 100vw, 1000px\" \/><\/figure><\/div>\n","protected":false},"excerpt":{"rendered":"<p>Evento acontece neste s\u00e1bado (27) na Arena Esportiva Espa\u00e7o 10, em Jacara\u00edpe Est\u00e1 chegando o Grande Dia! No pr\u00f3ximo s\u00e1bado, 27, acontecer\u00e1 o 3\u00ba Torneio de Inverno de Futev\u00f4lei \u201c20 anos da Casa do Torresmo, no Espa\u00e7o 10, em Jacara\u00edpe. Segundo o organizador, Cardoso, este \u00e9 um evento que conta com uma parceria muito especial [&hellip;]<\/p>\n","protected":false},"author":3,"featured_media":33515,"comment_status":"open","ping_status":"open","sticky":false,"template":"","format":"standard","meta":{"footnotes":""},"categories":[12],"tags":[15756,2988,15757],"class_list":["post-33514","post","type-post","status-publish","format-standard","has-post-thumbnail","hentry","category-esportes","tag-arena-esportiva-espaco-10","tag-jacaraipe","tag-torneio-de-inverno-de-futevolei"],"yoast_head":"<!-- This site is optimized with the Yoast SEO plugin v26.5 - https:\/\/yoast.com\/wordpress\/plugins\/seo\/ -->\n<title>3\u00ba Torneio de Inverno de Futev\u00f4lei - Jornal Fatos e Not\u00edcias<\/title>\n<meta name=\"robots\" content=\"index, follow, max-snippet:-1, max-image-preview:large, max-video-preview:-1\" \/>\n<link rel=\"canonical\" href=\"https:\/\/jornalfatosenoticias.com.br\/index.php\/2022\/08\/24\/3o-torneio-de-inverno-de-futevolei\/\" \/>\n<meta property=\"og:locale\" content=\"pt_BR\" \/>\n<meta property=\"og:type\" content=\"article\" \/>\n<meta property=\"og:title\" content=\"3\u00ba Torneio de Inverno de Futev\u00f4lei - Jornal Fatos e Not\u00edcias\" \/>\n<meta property=\"og:description\" content=\"Evento acontece neste s\u00e1bado (27) na Arena Esportiva Espa\u00e7o 10, em Jacara\u00edpe Est\u00e1 chegando o Grande Dia! No pr\u00f3ximo s\u00e1bado, 27, acontecer\u00e1 o 3\u00ba Torneio de Inverno de Futev\u00f4lei \u201c20 anos da Casa do Torresmo, no Espa\u00e7o 10, em Jacara\u00edpe. Segundo o organizador, Cardoso, este \u00e9 um evento que conta com uma parceria muito especial [&hellip;]\" \/>\n<meta property=\"og:url\" content=\"https:\/\/jornalfatosenoticias.com.br\/index.php\/2022\/08\/24\/3o-torneio-de-inverno-de-futevolei\/\" \/>\n<meta property=\"og:site_name\" content=\"Jornal Fatos e Not\u00edcias\" \/>\n<meta property=\"article:published_time\" content=\"2022-08-24T19:46:58+00:00\" \/>\n<meta property=\"article:modified_time\" content=\"2022-08-24T20:27:26+00:00\" \/>\n<meta property=\"og:image\" content=\"https:\/\/jornalfatosenoticias.com.br\/wp-content\/uploads\/2022\/08\/torneio-de-futevolei_capa.jpg\" \/>\n\t<meta property=\"og:image:width\" content=\"1000\" \/>\n\t<meta property=\"og:image:height\" content=\"595\" \/>\n\t<meta property=\"og:image:type\" content=\"image\/jpeg\" \/>\n<meta name=\"author\" content=\"Haroldo Filho\" \/>\n<meta name=\"twitter:card\" content=\"summary_large_image\" \/>\n<meta name=\"twitter:label1\" content=\"Escrito por\" \/>\n\t<meta name=\"twitter:data1\" content=\"Haroldo Filho\" \/>\n\t<meta name=\"twitter:label2\" content=\"Est. tempo de leitura\" \/>\n\t<meta name=\"twitter:data2\" content=\"2 minutos\" \/>\n<script type=\"application\/ld+json\" class=\"yoast-schema-graph\">{\"@context\":\"https:\/\/schema.org\",\"@graph\":[{\"@type\":\"Article\",\"@id\":\"https:\/\/jornalfatosenoticias.com.br\/index.php\/2022\/08\/24\/3o-torneio-de-inverno-de-futevolei\/#article\",\"isPartOf\":{\"@id\":\"https:\/\/jornalfatosenoticias.com.br\/index.php\/2022\/08\/24\/3o-torneio-de-inverno-de-futevolei\/\"},\"author\":{\"name\":\"Haroldo Filho\",\"@id\":\"https:\/\/jornalfatosenoticias.com.br\/#\/schema\/person\/05c46cc25b42a5c27e004fb0fa6b4965\"},\"headline\":\"3\u00ba Torneio de Inverno de Futev\u00f4lei\",\"datePublished\":\"2022-08-24T19:46:58+00:00\",\"dateModified\":\"2022-08-24T20:27:26+00:00\",\"mainEntityOfPage\":{\"@id\":\"https:\/\/jornalfatosenoticias.com.br\/index.php\/2022\/08\/24\/3o-torneio-de-inverno-de-futevolei\/\"},\"wordCount\":480,\"commentCount\":0,\"publisher\":{\"@id\":\"https:\/\/jornalfatosenoticias.com.br\/#organization\"},\"image\":{\"@id\":\"https:\/\/jornalfatosenoticias.com.br\/index.php\/2022\/08\/24\/3o-torneio-de-inverno-de-futevolei\/#primaryimage\"},\"thumbnailUrl\":\"https:\/\/jornalfatosenoticias.com.br\/wp-content\/uploads\/2022\/08\/torneio-de-futevolei_capa.jpg\",\"keywords\":[\"Arena Esportiva Espa\u00e7o 10\",\"Jacara\u00edpe\",\"Torneio de Inverno de Futev\u00f4lei\"],\"articleSection\":[\"Esportes\"],\"inLanguage\":\"pt-BR\",\"potentialAction\":[{\"@type\":\"CommentAction\",\"name\":\"Comment\",\"target\":[\"https:\/\/jornalfatosenoticias.com.br\/index.php\/2022\/08\/24\/3o-torneio-de-inverno-de-futevolei\/#respond\"]}]},{\"@type\":\"WebPage\",\"@id\":\"https:\/\/jornalfatosenoticias.com.br\/index.php\/2022\/08\/24\/3o-torneio-de-inverno-de-futevolei\/\",\"url\":\"https:\/\/jornalfatosenoticias.com.br\/index.php\/2022\/08\/24\/3o-torneio-de-inverno-de-futevolei\/\",\"name\":\"3\u00ba Torneio de Inverno de Futev\u00f4lei - Jornal Fatos e Not\u00edcias\",\"isPartOf\":{\"@id\":\"https:\/\/jornalfatosenoticias.com.br\/#website\"},\"primaryImageOfPage\":{\"@id\":\"https:\/\/jornalfatosenoticias.com.br\/index.php\/2022\/08\/24\/3o-torneio-de-inverno-de-futevolei\/#primaryimage\"},\"image\":{\"@id\":\"https:\/\/jornalfatosenoticias.com.br\/index.php\/2022\/08\/24\/3o-torneio-de-inverno-de-futevolei\/#primaryimage\"},\"thumbnailUrl\":\"https:\/\/jornalfatosenoticias.com.br\/wp-content\/uploads\/2022\/08\/torneio-de-futevolei_capa.jpg\",\"datePublished\":\"2022-08-24T19:46:58+00:00\",\"dateModified\":\"2022-08-24T20:27:26+00:00\",\"breadcrumb\":{\"@id\":\"https:\/\/jornalfatosenoticias.com.br\/index.php\/2022\/08\/24\/3o-torneio-de-inverno-de-futevolei\/#breadcrumb\"},\"inLanguage\":\"pt-BR\",\"potentialAction\":[{\"@type\":\"ReadAction\",\"target\":[\"https:\/\/jornalfatosenoticias.com.br\/index.php\/2022\/08\/24\/3o-torneio-de-inverno-de-futevolei\/\"]}]},{\"@type\":\"ImageObject\",\"inLanguage\":\"pt-BR\",\"@id\":\"https:\/\/jornalfatosenoticias.com.br\/index.php\/2022\/08\/24\/3o-torneio-de-inverno-de-futevolei\/#primaryimage\",\"url\":\"https:\/\/jornalfatosenoticias.com.br\/wp-content\/uploads\/2022\/08\/torneio-de-futevolei_capa.jpg\",\"contentUrl\":\"https:\/\/jornalfatosenoticias.com.br\/wp-content\/uploads\/2022\/08\/torneio-de-futevolei_capa.jpg\",\"width\":1000,\"height\":595},{\"@type\":\"BreadcrumbList\",\"@id\":\"https:\/\/jornalfatosenoticias.com.br\/index.php\/2022\/08\/24\/3o-torneio-de-inverno-de-futevolei\/#breadcrumb\",\"itemListElement\":[{\"@type\":\"ListItem\",\"position\":1,\"name\":\"In\u00edcio\",\"item\":\"https:\/\/jornalfatosenoticias.com.br\/\"},{\"@type\":\"ListItem\",\"position\":2,\"name\":\"3\u00ba Torneio de Inverno de Futev\u00f4lei\"}]},{\"@type\":\"WebSite\",\"@id\":\"https:\/\/jornalfatosenoticias.com.br\/#website\",\"url\":\"https:\/\/jornalfatosenoticias.com.br\/\",\"name\":\"Jornal Fatos e Not\u00edcias\",\"description\":\"Not\u00edcias em geral\",\"publisher\":{\"@id\":\"https:\/\/jornalfatosenoticias.com.br\/#organization\"},\"potentialAction\":[{\"@type\":\"SearchAction\",\"target\":{\"@type\":\"EntryPoint\",\"urlTemplate\":\"https:\/\/jornalfatosenoticias.com.br\/?s={search_term_string}\"},\"query-input\":{\"@type\":\"PropertyValueSpecification\",\"valueRequired\":true,\"valueName\":\"search_term_string\"}}],\"inLanguage\":\"pt-BR\"},{\"@type\":\"Organization\",\"@id\":\"https:\/\/jornalfatosenoticias.com.br\/#organization\",\"name\":\"Jornal Fatos e Not\u00edcias\",\"url\":\"https:\/\/jornalfatosenoticias.com.br\/\",\"logo\":{\"@type\":\"ImageObject\",\"inLanguage\":\"pt-BR\",\"@id\":\"https:\/\/jornalfatosenoticias.com.br\/#\/schema\/logo\/image\/\",\"url\":\"https:\/\/jornalfatosenoticias.com.br\/wp-content\/uploads\/2020\/02\/logo120.png\",\"contentUrl\":\"https:\/\/jornalfatosenoticias.com.br\/wp-content\/uploads\/2020\/02\/logo120.png\",\"width\":1227,\"height\":120,\"caption\":\"Jornal Fatos e Not\u00edcias\"},\"image\":{\"@id\":\"https:\/\/jornalfatosenoticias.com.br\/#\/schema\/logo\/image\/\"}},{\"@type\":\"Person\",\"@id\":\"https:\/\/jornalfatosenoticias.com.br\/#\/schema\/person\/05c46cc25b42a5c27e004fb0fa6b4965\",\"name\":\"Haroldo Filho\",\"image\":{\"@type\":\"ImageObject\",\"inLanguage\":\"pt-BR\",\"@id\":\"https:\/\/jornalfatosenoticias.com.br\/#\/schema\/person\/image\/\",\"url\":\"https:\/\/jornalfatosenoticias.com.br\/wp-content\/uploads\/2025\/08\/WhatsApp-Image-2025-08-18-at-15.30.28-150x150.jpeg\",\"contentUrl\":\"https:\/\/jornalfatosenoticias.com.br\/wp-content\/uploads\/2025\/08\/WhatsApp-Image-2025-08-18-at-15.30.28-150x150.jpeg\",\"caption\":\"Haroldo Filho\"},\"description\":\"Jornalista \u2013 DRT: 0003818\/ES Coordenador-geral da ONG Educar para Crescer\",\"url\":\"https:\/\/jornalfatosenoticias.com.br\/index.php\/author\/haroldo\/\"}]}<\/script>\n<!-- \/ Yoast SEO plugin. -->","yoast_head_json":{"title":"3\u00ba Torneio de Inverno de Futev\u00f4lei - Jornal Fatos e Not\u00edcias","robots":{"index":"index","follow":"follow","max-snippet":"max-snippet:-1","max-image-preview":"max-image-preview:large","max-video-preview":"max-video-preview:-1"},"canonical":"https:\/\/jornalfatosenoticias.com.br\/index.php\/2022\/08\/24\/3o-torneio-de-inverno-de-futevolei\/","og_locale":"pt_BR","og_type":"article","og_title":"3\u00ba Torneio de Inverno de Futev\u00f4lei - Jornal Fatos e Not\u00edcias","og_description":"Evento acontece neste s\u00e1bado (27) na Arena Esportiva Espa\u00e7o 10, em Jacara\u00edpe Est\u00e1 chegando o Grande Dia! No pr\u00f3ximo s\u00e1bado, 27, acontecer\u00e1 o 3\u00ba Torneio de Inverno de Futev\u00f4lei \u201c20 anos da Casa do Torresmo, no Espa\u00e7o 10, em Jacara\u00edpe. Segundo o organizador, Cardoso, este \u00e9 um evento que conta com uma parceria muito especial [&hellip;]","og_url":"https:\/\/jornalfatosenoticias.com.br\/index.php\/2022\/08\/24\/3o-torneio-de-inverno-de-futevolei\/","og_site_name":"Jornal Fatos e Not\u00edcias","article_published_time":"2022-08-24T19:46:58+00:00","article_modified_time":"2022-08-24T20:27:26+00:00","og_image":[{"width":1000,"height":595,"url":"https:\/\/jornalfatosenoticias.com.br\/wp-content\/uploads\/2022\/08\/torneio-de-futevolei_capa.jpg","type":"image\/jpeg"}],"author":"Haroldo Filho","twitter_card":"summary_large_image","twitter_misc":{"Escrito por":"Haroldo Filho","Est. tempo de leitura":"2 minutos"},"schema":{"@context":"https:\/\/schema.org","@graph":[{"@type":"Article","@id":"https:\/\/jornalfatosenoticias.com.br\/index.php\/2022\/08\/24\/3o-torneio-de-inverno-de-futevolei\/#article","isPartOf":{"@id":"https:\/\/jornalfatosenoticias.com.br\/index.php\/2022\/08\/24\/3o-torneio-de-inverno-de-futevolei\/"},"author":{"name":"Haroldo Filho","@id":"https:\/\/jornalfatosenoticias.com.br\/#\/schema\/person\/05c46cc25b42a5c27e004fb0fa6b4965"},"headline":"3\u00ba Torneio de Inverno de Futev\u00f4lei","datePublished":"2022-08-24T19:46:58+00:00","dateModified":"2022-08-24T20:27:26+00:00","mainEntityOfPage":{"@id":"https:\/\/jornalfatosenoticias.com.br\/index.php\/2022\/08\/24\/3o-torneio-de-inverno-de-futevolei\/"},"wordCount":480,"commentCount":0,"publisher":{"@id":"https:\/\/jornalfatosenoticias.com.br\/#organization"},"image":{"@id":"https:\/\/jornalfatosenoticias.com.br\/index.php\/2022\/08\/24\/3o-torneio-de-inverno-de-futevolei\/#primaryimage"},"thumbnailUrl":"https:\/\/jornalfatosenoticias.com.br\/wp-content\/uploads\/2022\/08\/torneio-de-futevolei_capa.jpg","keywords":["Arena Esportiva Espa\u00e7o 10","Jacara\u00edpe","Torneio de Inverno de Futev\u00f4lei"],"articleSection":["Esportes"],"inLanguage":"pt-BR","potentialAction":[{"@type":"CommentAction","name":"Comment","target":["https:\/\/jornalfatosenoticias.com.br\/index.php\/2022\/08\/24\/3o-torneio-de-inverno-de-futevolei\/#respond"]}]},{"@type":"WebPage","@id":"https:\/\/jornalfatosenoticias.com.br\/index.php\/2022\/08\/24\/3o-torneio-de-inverno-de-futevolei\/","url":"https:\/\/jornalfatosenoticias.com.br\/index.php\/2022\/08\/24\/3o-torneio-de-inverno-de-futevolei\/","name":"3\u00ba Torneio de Inverno de Futev\u00f4lei - Jornal Fatos e Not\u00edcias","isPartOf":{"@id":"https:\/\/jornalfatosenoticias.com.br\/#website"},"primaryImageOfPage":{"@id":"https:\/\/jornalfatosenoticias.com.br\/index.php\/2022\/08\/24\/3o-torneio-de-inverno-de-futevolei\/#primaryimage"},"image":{"@id":"https:\/\/jornalfatosenoticias.com.br\/index.php\/2022\/08\/24\/3o-torneio-de-inverno-de-futevolei\/#primaryimage"},"thumbnailUrl":"https:\/\/jornalfatosenoticias.com.br\/wp-content\/uploads\/2022\/08\/torneio-de-futevolei_capa.jpg","datePublished":"2022-08-24T19:46:58+00:00","dateModified":"2022-08-24T20:27:26+00:00","breadcrumb":{"@id":"https:\/\/jornalfatosenoticias.com.br\/index.php\/2022\/08\/24\/3o-torneio-de-inverno-de-futevolei\/#breadcrumb"},"inLanguage":"pt-BR","potentialAction":[{"@type":"ReadAction","target":["https:\/\/jornalfatosenoticias.com.br\/index.php\/2022\/08\/24\/3o-torneio-de-inverno-de-futevolei\/"]}]},{"@type":"ImageObject","inLanguage":"pt-BR","@id":"https:\/\/jornalfatosenoticias.com.br\/index.php\/2022\/08\/24\/3o-torneio-de-inverno-de-futevolei\/#primaryimage","url":"https:\/\/jornalfatosenoticias.com.br\/wp-content\/uploads\/2022\/08\/torneio-de-futevolei_capa.jpg","contentUrl":"https:\/\/jornalfatosenoticias.com.br\/wp-content\/uploads\/2022\/08\/torneio-de-futevolei_capa.jpg","width":1000,"height":595},{"@type":"BreadcrumbList","@id":"https:\/\/jornalfatosenoticias.com.br\/index.php\/2022\/08\/24\/3o-torneio-de-inverno-de-futevolei\/#breadcrumb","itemListElement":[{"@type":"ListItem","position":1,"name":"In\u00edcio","item":"https:\/\/jornalfatosenoticias.com.br\/"},{"@type":"ListItem","position":2,"name":"3\u00ba Torneio de Inverno de Futev\u00f4lei"}]},{"@type":"WebSite","@id":"https:\/\/jornalfatosenoticias.com.br\/#website","url":"https:\/\/jornalfatosenoticias.com.br\/","name":"Jornal Fatos e Not\u00edcias","description":"Not\u00edcias em geral","publisher":{"@id":"https:\/\/jornalfatosenoticias.com.br\/#organization"},"potentialAction":[{"@type":"SearchAction","target":{"@type":"EntryPoint","urlTemplate":"https:\/\/jornalfatosenoticias.com.br\/?s={search_term_string}"},"query-input":{"@type":"PropertyValueSpecification","valueRequired":true,"valueName":"search_term_string"}}],"inLanguage":"pt-BR"},{"@type":"Organization","@id":"https:\/\/jornalfatosenoticias.com.br\/#organization","name":"Jornal Fatos e Not\u00edcias","url":"https:\/\/jornalfatosenoticias.com.br\/","logo":{"@type":"ImageObject","inLanguage":"pt-BR","@id":"https:\/\/jornalfatosenoticias.com.br\/#\/schema\/logo\/image\/","url":"https:\/\/jornalfatosenoticias.com.br\/wp-content\/uploads\/2020\/02\/logo120.png","contentUrl":"https:\/\/jornalfatosenoticias.com.br\/wp-content\/uploads\/2020\/02\/logo120.png","width":1227,"height":120,"caption":"Jornal Fatos e Not\u00edcias"},"image":{"@id":"https:\/\/jornalfatosenoticias.com.br\/#\/schema\/logo\/image\/"}},{"@type":"Person","@id":"https:\/\/jornalfatosenoticias.com.br\/#\/schema\/person\/05c46cc25b42a5c27e004fb0fa6b4965","name":"Haroldo Filho","image":{"@type":"ImageObject","inLanguage":"pt-BR","@id":"https:\/\/jornalfatosenoticias.com.br\/#\/schema\/person\/image\/","url":"https:\/\/jornalfatosenoticias.com.br\/wp-content\/uploads\/2025\/08\/WhatsApp-Image-2025-08-18-at-15.30.28-150x150.jpeg","contentUrl":"https:\/\/jornalfatosenoticias.com.br\/wp-content\/uploads\/2025\/08\/WhatsApp-Image-2025-08-18-at-15.30.28-150x150.jpeg","caption":"Haroldo Filho"},"description":"Jornalista \u2013 DRT: 0003818\/ES Coordenador-geral da ONG Educar para Crescer","url":"https:\/\/jornalfatosenoticias.com.br\/index.php\/author\/haroldo\/"}]}},"cc_featured_image_caption":{"caption_text":"Banner: Divulga\u00e7\u00e3o","source_text":"","source_url":""},"jetpack_featured_media_url":"https:\/\/jornalfatosenoticias.com.br\/wp-content\/uploads\/2022\/08\/torneio-de-futevolei_capa.jpg","_links":{"self":[{"href":"https:\/\/jornalfatosenoticias.com.br\/index.php\/wp-json\/wp\/v2\/posts\/33514","targetHints":{"allow":["GET"]}}],"collection":[{"href":"https:\/\/jornalfatosenoticias.com.br\/index.php\/wp-json\/wp\/v2\/posts"}],"about":[{"href":"https:\/\/jornalfatosenoticias.com.br\/index.php\/wp-json\/wp\/v2\/types\/post"}],"author":[{"embeddable":true,"href":"https:\/\/jornalfatosenoticias.com.br\/index.php\/wp-json\/wp\/v2\/users\/3"}],"replies":[{"embeddable":true,"href":"https:\/\/jornalfatosenoticias.com.br\/index.php\/wp-json\/wp\/v2\/comments?post=33514"}],"version-history":[{"count":0,"href":"https:\/\/jornalfatosenoticias.com.br\/index.php\/wp-json\/wp\/v2\/posts\/33514\/revisions"}],"wp:featuredmedia":[{"embeddable":true,"href":"https:\/\/jornalfatosenoticias.com.br\/index.php\/wp-json\/wp\/v2\/media\/33515"}],"wp:attachment":[{"href":"https:\/\/jornalfatosenoticias.com.br\/index.php\/wp-json\/wp\/v2\/media?parent=33514"}],"wp:term":[{"taxonomy":"category","embeddable":true,"href":"https:\/\/jornalfatosenoticias.com.br\/index.php\/wp-json\/wp\/v2\/categories?post=33514"},{"taxonomy":"post_tag","embeddable":true,"href":"https:\/\/jornalfatosenoticias.com.br\/index.php\/wp-json\/wp\/v2\/tags?post=33514"}],"curies":[{"name":"wp","href":"https:\/\/api.w.org\/{rel}","templated":true}]}}