{"id":33518,"date":"2022-08-24T16:57:48","date_gmt":"2022-08-24T19:57:48","guid":{"rendered":"https:\/\/jornalfatosenoticias.com.br\/?p=33518"},"modified":"2022-08-24T16:57:49","modified_gmt":"2022-08-24T19:57:49","slug":"ledterapia-pode-ser-luz-no-fim-do-tunel-para-alzheimer-parkinson-e-avc","status":"publish","type":"post","link":"https:\/\/jornalfatosenoticias.com.br\/index.php\/2022\/08\/24\/ledterapia-pode-ser-luz-no-fim-do-tunel-para-alzheimer-parkinson-e-avc\/","title":{"rendered":"LEDterapia pode ser \u201cluz\u201d no fim do t\u00fanel para Alzheimer, Parkinson e AVC"},"content":{"rendered":"\n<div class=\"wp-block-image\"><figure class=\"aligncenter size-large\"><img loading=\"lazy\" decoding=\"async\" width=\"1024\" height=\"100\" src=\"https:\/\/jornalfatosenoticias.com.br\/wp-content\/uploads\/2020\/02\/banner_ferramentas-1024x100.jpg\" alt=\"\" class=\"wp-image-1258\" srcset=\"https:\/\/jornalfatosenoticias.com.br\/wp-content\/uploads\/2020\/02\/banner_ferramentas-1024x100.jpg 1024w, https:\/\/jornalfatosenoticias.com.br\/wp-content\/uploads\/2020\/02\/banner_ferramentas-300x29.jpg 300w, https:\/\/jornalfatosenoticias.com.br\/wp-content\/uploads\/2020\/02\/banner_ferramentas-768x75.jpg 768w, https:\/\/jornalfatosenoticias.com.br\/wp-content\/uploads\/2020\/02\/banner_ferramentas.jpg 1227w\" sizes=\"auto, (max-width: 1024px) 100vw, 1024px\" \/><\/figure><\/div>\n\n\n\n<p>O Parkinson, <a href=\"https:\/\/olhardigital.com.br\/tag\/demencia\/\" target=\"_blank\" rel=\"noreferrer noopener\">dem\u00eancia<\/a>\u00a0e derrame s\u00e3o as doen\u00e7as neurol\u00f3gicas mais comuns na popula\u00e7\u00e3o idosa, e tamb\u00e9m algumas das mais temidas. De acordo com um estudo publicado no peri\u00f3dico cient\u00edfico\u00a0<em>Journal of Neurology, Neurosurgery and Psychiatry<\/em>, quase metade (48,2%) das mulheres acima dos 45 anos vai desenvolver dem\u00eancia, Parkinson ou sofrer um acidente vascular cerebral (<a href=\"https:\/\/olhardigital.com.br\/tag\/avc\/\" target=\"_blank\" rel=\"noreferrer noopener\">AVC<\/a>). O alerta tamb\u00e9m serve para a popula\u00e7\u00e3o masculina: 36,2% dos homens na mesma faixa tendem a ser diagnosticados com alguma das tr\u00eas doen\u00e7as.<\/p>\n\n\n\n<div class=\"wp-block-image\"><figure class=\"alignleft size-large is-resized\"><img loading=\"lazy\" decoding=\"async\" src=\"https:\/\/jornalfatosenoticias.com.br\/wp-content\/uploads\/2022\/08\/logo-locau-veiculos-1024x573.png\" alt=\"\" class=\"wp-image-33078\" width=\"318\" height=\"177\"\/><\/figure><\/div>\n\n\n\n<p>Contudo, uma t\u00e9cnica apelidada de LEDterapia pode ser \u2014 quase que literalmente (por ser a base de luz) \u2014 a luz no fim do t\u00fanel para essa fase da vida. O processo, chamado tecnicamente de fotobiomodula\u00e7\u00e3o, \u00e9 baseado na aplica\u00e7\u00e3o de luz a um sistema biol\u00f3gico, sendo capaz de induzir um processo fotoqu\u00edmico que pode aumentar o metabolismo celular e produzir efeitos como a regenera\u00e7\u00e3o de tecidos e cicatriza\u00e7\u00e3o de feridas. O m\u00e9todo j\u00e1 \u00e9 muito utilizado para tratar a queda ou melhorar a qualidade dos fios de cabelo.<\/p>\n\n\n\n<div class=\"wp-block-image\"><figure class=\"aligncenter size-large is-resized\"><img loading=\"lazy\" decoding=\"async\" src=\"https:\/\/jornalfatosenoticias.com.br\/wp-content\/uploads\/2020\/02\/Serra-Grande-1024x160.png\" alt=\"\" class=\"wp-image-7836\" width=\"446\" height=\"69\"\/><\/figure><\/div>\n\n\n\n<p>Segundo o angiologista Dr. \u00c1lvaro Pereira, com o envelhecimento, as c\u00e9lulas trabalham mais lentamente, algumas literalmente \u201cmorrem\u201d e o tecido cerebral, com seus emaranhados de neur\u00f4nios que se comunicam entre si, come\u00e7a a perder a conex\u00e3o, gerando problemas de aprendizado, percep\u00e7\u00e3o, aten\u00e7\u00e3o, mem\u00f3ria, imagina\u00e7\u00e3o e racioc\u00ednio.<\/p>\n\n\n\n<div class=\"wp-block-image\"><figure class=\"aligncenter size-large\"><img decoding=\"async\" src=\"https:\/\/jornalfatosenoticias.com.br\/wp-content\/uploads\/2020\/02\/logo_esteio.jpg\" alt=\"\" class=\"wp-image-1214\"\/><\/figure><\/div>\n\n\n\n<blockquote class=\"wp-block-quote is-layout-flow wp-block-quote-is-layout-flow\"><p><span class=\"has-inline-color has-luminous-vivid-orange-color\">\u201cA fotobiomodula\u00e7\u00e3o pode vir a ajudar muito as pessoas no envelhecimento. Com a amplia\u00e7\u00e3o da expectativa de vida houve um aumento significativo no n\u00famero de pessoas com decl\u00ednios das fun\u00e7\u00f5es b\u00e1sicas c\u00e9rebro como dem\u00eancias senis, Alzheimer, Parkinson, ou mera diminui\u00e7\u00e3o da cogni\u00e7\u00e3o. Pode ser utilizada n\u00e3o s\u00f3 para les\u00f5es f\u00edsicas, mas comportamentais. Melhora a circula\u00e7\u00e3o e as atividades das c\u00e9lulas cerebrais dos neur\u00f4nios\u201d, explica o m\u00e9dico, um dos maiores especialistas do Brasil no m\u00e9todo.<\/span><\/p><\/blockquote>\n\n\n\n<div class=\"wp-block-image\"><figure class=\"alignright size-large is-resized\"><img loading=\"lazy\" decoding=\"async\" src=\"https:\/\/jornalfatosenoticias.com.br\/wp-content\/uploads\/2020\/02\/nova-logo-Marquetti.jpg\" alt=\"\" class=\"wp-image-22331\" width=\"279\" height=\"187\" srcset=\"https:\/\/jornalfatosenoticias.com.br\/wp-content\/uploads\/2020\/02\/nova-logo-Marquetti.jpg 643w, https:\/\/jornalfatosenoticias.com.br\/wp-content\/uploads\/2020\/02\/nova-logo-Marquetti-300x202.jpg 300w\" sizes=\"auto, (max-width: 279px) 100vw, 279px\" \/><\/figure><\/div>\n\n\n\n<p>A LEDterapia vem sendo estudada para diminuir o d\u00e9ficit cognitivo dos idosos, para atenuar depress\u00f5es, dist\u00farbios bipolares, transtornos de personalidade e melhorar habilidades motoras finas. Entre os dist\u00farbios avaliados pelos pesquisadores est\u00e3o a dem\u00eancias senis (ou senil), Alzheimer, Parkinson, ou mera diminui\u00e7\u00e3o da cogni\u00e7\u00e3o. Os estudos j\u00e1 demonstram resultados promissores na aten\u00e7\u00e3o, no aprendizado, na mem\u00f3ria, no humor, no sono, e na recupera\u00e7\u00e3o das sequelas do AVC.<br>Atualmente, existem alguns capacetes que emitem a radia\u00e7\u00e3o espec\u00edfica para estimular o tecido cerebral. Segundo o Dr. Pereira, estes artefatos est\u00e3o sendo testados nos Estados Unidos em esportes que frequentemente causam les\u00f5es cerebrais como o futebol americano e o boxe.<\/p>\n\n\n\n<div class=\"wp-block-image\"><figure class=\"aligncenter size-large is-resized\"><img loading=\"lazy\" decoding=\"async\" src=\"https:\/\/jornalfatosenoticias.com.br\/wp-content\/uploads\/2022\/02\/Precisao-Contabilidade-1024x724.jpg\" alt=\"\" class=\"wp-image-28088\" width=\"325\" height=\"230\"\/><\/figure><\/div>\n\n\n\n<blockquote class=\"wp-block-quote is-layout-flow wp-block-quote-is-layout-flow\"><p><span class=\"has-inline-color has-luminous-vivid-orange-color\">\u201cPara o tratamento dos idosos, estes capacetes objetivam melhorar a aten\u00e7\u00e3o, o aprendizado, a mem\u00f3ria, o humor, o sono, a recupera\u00e7\u00e3o das sequelas do AVC, diminui o d\u00e9ficit cognitivo dos idosos, al\u00e9m de atenuar depress\u00f5es, dist\u00farbios bipolares, transtornos de personalidade e habilidades motoras finas. Atualmente \u00e9 usado em cl\u00ednicas especializadas, mas no futuro poder\u00e1 ser usado em casa, com controle remoto pelo m\u00e9dico que acompanha\u201d, concluiu.<\/span><\/p><\/blockquote>\n\n\n\n<div class=\"wp-block-image\"><figure class=\"alignleft size-large is-resized\"><img loading=\"lazy\" decoding=\"async\" src=\"https:\/\/jornalfatosenoticias.com.br\/wp-content\/uploads\/2022\/03\/logo-Suinco-1024x390.jpg\" alt=\"\" class=\"wp-image-28785\" width=\"312\" height=\"118\"\/><\/figure><\/div>\n\n\n\n<p><strong><span class=\"has-inline-color has-black-color\">Envelhecimento populacional no Brasil<br><\/span><\/strong>Vale lembrar que, de acordo com dados do Instituto Brasileiro de Geografia e Estat\u00edstica (IBGE), em 2019, o Brasil contava com 28 milh\u00f5es de pessoas acima de 60 anos \u2014 idade que se considera uma pessoa idosa no Pa\u00eds \u2014 o que representa 13% da popula\u00e7\u00e3o brasileira. A estimativa da Organiza\u00e7\u00e3o Mundial da Sa\u00fade (OMS) \u00e9 que, at\u00e9 2050, esse n\u00famero chegue a triplicar.<\/p>\n\n\n\n<div class=\"wp-block-image\"><figure class=\"aligncenter size-large is-resized\"><img loading=\"lazy\" decoding=\"async\" src=\"https:\/\/jornalfatosenoticias.com.br\/wp-content\/uploads\/2022\/02\/Serra-Pack-459.png\" alt=\"\" class=\"wp-image-27471\" width=\"305\" height=\"122\"\/><\/figure><\/div>\n\n\n\n<p>Os n\u00fameros fazem um alerta para o nosso sistema de sa\u00fade, que pode n\u00e3o suportar a quantidade de doen\u00e7as decorrentes do envelhecimento. Uma outra recente pesquisa associou a diabetes ao decl\u00ednio cognitivo acelerado, neste caso, especialmente em homens com mais de 50 anos. <a href=\"https:\/\/olhardigital.com.br\/2022\/08\/03\/medicina-e-saude\/pesquisa-associa-diabetes-a-declinio-cognitivo-acelerado-em-idosos\/amp\/\" target=\"_blank\" rel=\"noreferrer noopener\">Veja os detalhes aqui<\/a>!<\/p>\n\n\n\n<p><strong><em>Fonte: <a href=\"https:\/\/olhardigital.com.br\/2022\/08\/19\/medicina-e-saude\/ledterapia-pode-ser-luz-no-fim-do-tunel-para-alzheimer-parkinson-e-avc\/amp\/\">Olhar Digital<\/a><\/em><\/strong><\/p>\n","protected":false},"excerpt":{"rendered":"<p>O Parkinson, dem\u00eancia\u00a0e derrame s\u00e3o as doen\u00e7as neurol\u00f3gicas mais comuns na popula\u00e7\u00e3o idosa, e tamb\u00e9m algumas das mais temidas. De acordo com um estudo publicado no peri\u00f3dico cient\u00edfico\u00a0Journal of Neurology, Neurosurgery and Psychiatry, quase metade (48,2%) das mulheres acima dos 45 anos vai desenvolver dem\u00eancia, Parkinson ou sofrer um acidente vascular cerebral (AVC). O alerta [&hellip;]<\/p>\n","protected":false},"author":2,"featured_media":33519,"comment_status":"open","ping_status":"open","sticky":false,"template":"","format":"standard","meta":{"footnotes":""},"categories":[11],"tags":[3402,2586,15758,7098,3709,2267],"class_list":["post-33518","post","type-post","status-publish","format-standard","has-post-thumbnail","hentry","category-saude","tag-demencia","tag-envelhecimento","tag-led","tag-ledterapia","tag-parkinson","tag-terapia"],"yoast_head":"<!-- This site is optimized with the Yoast SEO plugin v26.5 - https:\/\/yoast.com\/wordpress\/plugins\/seo\/ -->\n<title>LEDterapia pode ser \u201cluz\u201d no fim do t\u00fanel para Alzheimer, Parkinson e AVC - Jornal Fatos e Not\u00edcias<\/title>\n<meta name=\"robots\" content=\"index, follow, max-snippet:-1, max-image-preview:large, max-video-preview:-1\" \/>\n<link rel=\"canonical\" href=\"https:\/\/jornalfatosenoticias.com.br\/index.php\/2022\/08\/24\/ledterapia-pode-ser-luz-no-fim-do-tunel-para-alzheimer-parkinson-e-avc\/\" \/>\n<meta property=\"og:locale\" content=\"pt_BR\" \/>\n<meta property=\"og:type\" content=\"article\" \/>\n<meta property=\"og:title\" content=\"LEDterapia pode ser \u201cluz\u201d no fim do t\u00fanel para Alzheimer, Parkinson e AVC - Jornal Fatos e Not\u00edcias\" \/>\n<meta property=\"og:description\" content=\"O Parkinson, dem\u00eancia\u00a0e derrame s\u00e3o as doen\u00e7as neurol\u00f3gicas mais comuns na popula\u00e7\u00e3o idosa, e tamb\u00e9m algumas das mais temidas. De acordo com um estudo publicado no peri\u00f3dico cient\u00edfico\u00a0Journal of Neurology, Neurosurgery and Psychiatry, quase metade (48,2%) das mulheres acima dos 45 anos vai desenvolver dem\u00eancia, Parkinson ou sofrer um acidente vascular cerebral (AVC). O alerta [&hellip;]\" \/>\n<meta property=\"og:url\" content=\"https:\/\/jornalfatosenoticias.com.br\/index.php\/2022\/08\/24\/ledterapia-pode-ser-luz-no-fim-do-tunel-para-alzheimer-parkinson-e-avc\/\" \/>\n<meta property=\"og:site_name\" content=\"Jornal Fatos e Not\u00edcias\" \/>\n<meta property=\"article:published_time\" content=\"2022-08-24T19:57:48+00:00\" \/>\n<meta property=\"article:modified_time\" content=\"2022-08-24T19:57:49+00:00\" \/>\n<meta property=\"og:image\" content=\"https:\/\/jornalfatosenoticias.com.br\/wp-content\/uploads\/2022\/08\/ledterapia.jpg\" \/>\n\t<meta property=\"og:image:width\" content=\"1000\" \/>\n\t<meta property=\"og:image:height\" content=\"512\" \/>\n\t<meta property=\"og:image:type\" content=\"image\/jpeg\" \/>\n<meta name=\"author\" content=\"Luzimara Fernandes\" \/>\n<meta name=\"twitter:card\" content=\"summary_large_image\" \/>\n<meta name=\"twitter:label1\" content=\"Escrito por\" \/>\n\t<meta name=\"twitter:data1\" content=\"Luzimara Fernandes\" \/>\n\t<meta name=\"twitter:label2\" content=\"Est. tempo de leitura\" \/>\n\t<meta name=\"twitter:data2\" content=\"3 minutos\" \/>\n<script type=\"application\/ld+json\" class=\"yoast-schema-graph\">{\"@context\":\"https:\/\/schema.org\",\"@graph\":[{\"@type\":\"Article\",\"@id\":\"https:\/\/jornalfatosenoticias.com.br\/index.php\/2022\/08\/24\/ledterapia-pode-ser-luz-no-fim-do-tunel-para-alzheimer-parkinson-e-avc\/#article\",\"isPartOf\":{\"@id\":\"https:\/\/jornalfatosenoticias.com.br\/index.php\/2022\/08\/24\/ledterapia-pode-ser-luz-no-fim-do-tunel-para-alzheimer-parkinson-e-avc\/\"},\"author\":{\"name\":\"Luzimara Fernandes\",\"@id\":\"https:\/\/jornalfatosenoticias.com.br\/#\/schema\/person\/d63837fa13ac8666eb9e74e0985d6f81\"},\"headline\":\"LEDterapia pode ser \u201cluz\u201d no fim do t\u00fanel para Alzheimer, Parkinson e AVC\",\"datePublished\":\"2022-08-24T19:57:48+00:00\",\"dateModified\":\"2022-08-24T19:57:49+00:00\",\"mainEntityOfPage\":{\"@id\":\"https:\/\/jornalfatosenoticias.com.br\/index.php\/2022\/08\/24\/ledterapia-pode-ser-luz-no-fim-do-tunel-para-alzheimer-parkinson-e-avc\/\"},\"wordCount\":660,\"commentCount\":0,\"publisher\":{\"@id\":\"https:\/\/jornalfatosenoticias.com.br\/#organization\"},\"image\":{\"@id\":\"https:\/\/jornalfatosenoticias.com.br\/index.php\/2022\/08\/24\/ledterapia-pode-ser-luz-no-fim-do-tunel-para-alzheimer-parkinson-e-avc\/#primaryimage\"},\"thumbnailUrl\":\"https:\/\/jornalfatosenoticias.com.br\/wp-content\/uploads\/2022\/08\/ledterapia.jpg\",\"keywords\":[\"dem\u00eancia\",\"envelhecimento\",\"LED\",\"LEDterapia\",\"Parkinson\",\"terapia\"],\"articleSection\":[\"Sa\u00fade\"],\"inLanguage\":\"pt-BR\",\"potentialAction\":[{\"@type\":\"CommentAction\",\"name\":\"Comment\",\"target\":[\"https:\/\/jornalfatosenoticias.com.br\/index.php\/2022\/08\/24\/ledterapia-pode-ser-luz-no-fim-do-tunel-para-alzheimer-parkinson-e-avc\/#respond\"]}]},{\"@type\":\"WebPage\",\"@id\":\"https:\/\/jornalfatosenoticias.com.br\/index.php\/2022\/08\/24\/ledterapia-pode-ser-luz-no-fim-do-tunel-para-alzheimer-parkinson-e-avc\/\",\"url\":\"https:\/\/jornalfatosenoticias.com.br\/index.php\/2022\/08\/24\/ledterapia-pode-ser-luz-no-fim-do-tunel-para-alzheimer-parkinson-e-avc\/\",\"name\":\"LEDterapia pode ser \u201cluz\u201d no fim do t\u00fanel para Alzheimer, Parkinson e AVC - Jornal Fatos e Not\u00edcias\",\"isPartOf\":{\"@id\":\"https:\/\/jornalfatosenoticias.com.br\/#website\"},\"primaryImageOfPage\":{\"@id\":\"https:\/\/jornalfatosenoticias.com.br\/index.php\/2022\/08\/24\/ledterapia-pode-ser-luz-no-fim-do-tunel-para-alzheimer-parkinson-e-avc\/#primaryimage\"},\"image\":{\"@id\":\"https:\/\/jornalfatosenoticias.com.br\/index.php\/2022\/08\/24\/ledterapia-pode-ser-luz-no-fim-do-tunel-para-alzheimer-parkinson-e-avc\/#primaryimage\"},\"thumbnailUrl\":\"https:\/\/jornalfatosenoticias.com.br\/wp-content\/uploads\/2022\/08\/ledterapia.jpg\",\"datePublished\":\"2022-08-24T19:57:48+00:00\",\"dateModified\":\"2022-08-24T19:57:49+00:00\",\"breadcrumb\":{\"@id\":\"https:\/\/jornalfatosenoticias.com.br\/index.php\/2022\/08\/24\/ledterapia-pode-ser-luz-no-fim-do-tunel-para-alzheimer-parkinson-e-avc\/#breadcrumb\"},\"inLanguage\":\"pt-BR\",\"potentialAction\":[{\"@type\":\"ReadAction\",\"target\":[\"https:\/\/jornalfatosenoticias.com.br\/index.php\/2022\/08\/24\/ledterapia-pode-ser-luz-no-fim-do-tunel-para-alzheimer-parkinson-e-avc\/\"]}]},{\"@type\":\"ImageObject\",\"inLanguage\":\"pt-BR\",\"@id\":\"https:\/\/jornalfatosenoticias.com.br\/index.php\/2022\/08\/24\/ledterapia-pode-ser-luz-no-fim-do-tunel-para-alzheimer-parkinson-e-avc\/#primaryimage\",\"url\":\"https:\/\/jornalfatosenoticias.com.br\/wp-content\/uploads\/2022\/08\/ledterapia.jpg\",\"contentUrl\":\"https:\/\/jornalfatosenoticias.com.br\/wp-content\/uploads\/2022\/08\/ledterapia.jpg\",\"width\":1000,\"height\":512},{\"@type\":\"BreadcrumbList\",\"@id\":\"https:\/\/jornalfatosenoticias.com.br\/index.php\/2022\/08\/24\/ledterapia-pode-ser-luz-no-fim-do-tunel-para-alzheimer-parkinson-e-avc\/#breadcrumb\",\"itemListElement\":[{\"@type\":\"ListItem\",\"position\":1,\"name\":\"In\u00edcio\",\"item\":\"https:\/\/jornalfatosenoticias.com.br\/\"},{\"@type\":\"ListItem\",\"position\":2,\"name\":\"LEDterapia pode ser \u201cluz\u201d no fim do t\u00fanel para Alzheimer, Parkinson e AVC\"}]},{\"@type\":\"WebSite\",\"@id\":\"https:\/\/jornalfatosenoticias.com.br\/#website\",\"url\":\"https:\/\/jornalfatosenoticias.com.br\/\",\"name\":\"Jornal Fatos e Not\u00edcias\",\"description\":\"Not\u00edcias em geral\",\"publisher\":{\"@id\":\"https:\/\/jornalfatosenoticias.com.br\/#organization\"},\"potentialAction\":[{\"@type\":\"SearchAction\",\"target\":{\"@type\":\"EntryPoint\",\"urlTemplate\":\"https:\/\/jornalfatosenoticias.com.br\/?s={search_term_string}\"},\"query-input\":{\"@type\":\"PropertyValueSpecification\",\"valueRequired\":true,\"valueName\":\"search_term_string\"}}],\"inLanguage\":\"pt-BR\"},{\"@type\":\"Organization\",\"@id\":\"https:\/\/jornalfatosenoticias.com.br\/#organization\",\"name\":\"Jornal Fatos e Not\u00edcias\",\"url\":\"https:\/\/jornalfatosenoticias.com.br\/\",\"logo\":{\"@type\":\"ImageObject\",\"inLanguage\":\"pt-BR\",\"@id\":\"https:\/\/jornalfatosenoticias.com.br\/#\/schema\/logo\/image\/\",\"url\":\"https:\/\/jornalfatosenoticias.com.br\/wp-content\/uploads\/2020\/02\/logo120.png\",\"contentUrl\":\"https:\/\/jornalfatosenoticias.com.br\/wp-content\/uploads\/2020\/02\/logo120.png\",\"width\":1227,\"height\":120,\"caption\":\"Jornal Fatos e Not\u00edcias\"},\"image\":{\"@id\":\"https:\/\/jornalfatosenoticias.com.br\/#\/schema\/logo\/image\/\"}},{\"@type\":\"Person\",\"@id\":\"https:\/\/jornalfatosenoticias.com.br\/#\/schema\/person\/d63837fa13ac8666eb9e74e0985d6f81\",\"name\":\"Luzimara Fernandes\",\"image\":{\"@type\":\"ImageObject\",\"inLanguage\":\"pt-BR\",\"@id\":\"https:\/\/jornalfatosenoticias.com.br\/#\/schema\/person\/image\/\",\"url\":\"https:\/\/jornalfatosenoticias.com.br\/wp-content\/uploads\/2025\/05\/EU_portal.jpg\",\"contentUrl\":\"https:\/\/jornalfatosenoticias.com.br\/wp-content\/uploads\/2025\/05\/EU_portal.jpg\",\"caption\":\"Luzimara Fernandes\"},\"description\":\"Jornalista MTB 2358-ES\",\"sameAs\":[\"https:\/\/jornalfatosenoticias.com.br\"],\"url\":\"https:\/\/jornalfatosenoticias.com.br\/index.php\/author\/luzimara\/\"}]}<\/script>\n<!-- \/ Yoast SEO plugin. -->","yoast_head_json":{"title":"LEDterapia pode ser \u201cluz\u201d no fim do t\u00fanel para Alzheimer, Parkinson e AVC - Jornal Fatos e Not\u00edcias","robots":{"index":"index","follow":"follow","max-snippet":"max-snippet:-1","max-image-preview":"max-image-preview:large","max-video-preview":"max-video-preview:-1"},"canonical":"https:\/\/jornalfatosenoticias.com.br\/index.php\/2022\/08\/24\/ledterapia-pode-ser-luz-no-fim-do-tunel-para-alzheimer-parkinson-e-avc\/","og_locale":"pt_BR","og_type":"article","og_title":"LEDterapia pode ser \u201cluz\u201d no fim do t\u00fanel para Alzheimer, Parkinson e AVC - Jornal Fatos e Not\u00edcias","og_description":"O Parkinson, dem\u00eancia\u00a0e derrame s\u00e3o as doen\u00e7as neurol\u00f3gicas mais comuns na popula\u00e7\u00e3o idosa, e tamb\u00e9m algumas das mais temidas. De acordo com um estudo publicado no peri\u00f3dico cient\u00edfico\u00a0Journal of Neurology, Neurosurgery and Psychiatry, quase metade (48,2%) das mulheres acima dos 45 anos vai desenvolver dem\u00eancia, Parkinson ou sofrer um acidente vascular cerebral (AVC). O alerta [&hellip;]","og_url":"https:\/\/jornalfatosenoticias.com.br\/index.php\/2022\/08\/24\/ledterapia-pode-ser-luz-no-fim-do-tunel-para-alzheimer-parkinson-e-avc\/","og_site_name":"Jornal Fatos e Not\u00edcias","article_published_time":"2022-08-24T19:57:48+00:00","article_modified_time":"2022-08-24T19:57:49+00:00","og_image":[{"width":1000,"height":512,"url":"https:\/\/jornalfatosenoticias.com.br\/wp-content\/uploads\/2022\/08\/ledterapia.jpg","type":"image\/jpeg"}],"author":"Luzimara Fernandes","twitter_card":"summary_large_image","twitter_misc":{"Escrito por":"Luzimara Fernandes","Est. tempo de leitura":"3 minutos"},"schema":{"@context":"https:\/\/schema.org","@graph":[{"@type":"Article","@id":"https:\/\/jornalfatosenoticias.com.br\/index.php\/2022\/08\/24\/ledterapia-pode-ser-luz-no-fim-do-tunel-para-alzheimer-parkinson-e-avc\/#article","isPartOf":{"@id":"https:\/\/jornalfatosenoticias.com.br\/index.php\/2022\/08\/24\/ledterapia-pode-ser-luz-no-fim-do-tunel-para-alzheimer-parkinson-e-avc\/"},"author":{"name":"Luzimara Fernandes","@id":"https:\/\/jornalfatosenoticias.com.br\/#\/schema\/person\/d63837fa13ac8666eb9e74e0985d6f81"},"headline":"LEDterapia pode ser \u201cluz\u201d no fim do t\u00fanel para Alzheimer, Parkinson e AVC","datePublished":"2022-08-24T19:57:48+00:00","dateModified":"2022-08-24T19:57:49+00:00","mainEntityOfPage":{"@id":"https:\/\/jornalfatosenoticias.com.br\/index.php\/2022\/08\/24\/ledterapia-pode-ser-luz-no-fim-do-tunel-para-alzheimer-parkinson-e-avc\/"},"wordCount":660,"commentCount":0,"publisher":{"@id":"https:\/\/jornalfatosenoticias.com.br\/#organization"},"image":{"@id":"https:\/\/jornalfatosenoticias.com.br\/index.php\/2022\/08\/24\/ledterapia-pode-ser-luz-no-fim-do-tunel-para-alzheimer-parkinson-e-avc\/#primaryimage"},"thumbnailUrl":"https:\/\/jornalfatosenoticias.com.br\/wp-content\/uploads\/2022\/08\/ledterapia.jpg","keywords":["dem\u00eancia","envelhecimento","LED","LEDterapia","Parkinson","terapia"],"articleSection":["Sa\u00fade"],"inLanguage":"pt-BR","potentialAction":[{"@type":"CommentAction","name":"Comment","target":["https:\/\/jornalfatosenoticias.com.br\/index.php\/2022\/08\/24\/ledterapia-pode-ser-luz-no-fim-do-tunel-para-alzheimer-parkinson-e-avc\/#respond"]}]},{"@type":"WebPage","@id":"https:\/\/jornalfatosenoticias.com.br\/index.php\/2022\/08\/24\/ledterapia-pode-ser-luz-no-fim-do-tunel-para-alzheimer-parkinson-e-avc\/","url":"https:\/\/jornalfatosenoticias.com.br\/index.php\/2022\/08\/24\/ledterapia-pode-ser-luz-no-fim-do-tunel-para-alzheimer-parkinson-e-avc\/","name":"LEDterapia pode ser \u201cluz\u201d no fim do t\u00fanel para Alzheimer, Parkinson e AVC - Jornal Fatos e Not\u00edcias","isPartOf":{"@id":"https:\/\/jornalfatosenoticias.com.br\/#website"},"primaryImageOfPage":{"@id":"https:\/\/jornalfatosenoticias.com.br\/index.php\/2022\/08\/24\/ledterapia-pode-ser-luz-no-fim-do-tunel-para-alzheimer-parkinson-e-avc\/#primaryimage"},"image":{"@id":"https:\/\/jornalfatosenoticias.com.br\/index.php\/2022\/08\/24\/ledterapia-pode-ser-luz-no-fim-do-tunel-para-alzheimer-parkinson-e-avc\/#primaryimage"},"thumbnailUrl":"https:\/\/jornalfatosenoticias.com.br\/wp-content\/uploads\/2022\/08\/ledterapia.jpg","datePublished":"2022-08-24T19:57:48+00:00","dateModified":"2022-08-24T19:57:49+00:00","breadcrumb":{"@id":"https:\/\/jornalfatosenoticias.com.br\/index.php\/2022\/08\/24\/ledterapia-pode-ser-luz-no-fim-do-tunel-para-alzheimer-parkinson-e-avc\/#breadcrumb"},"inLanguage":"pt-BR","potentialAction":[{"@type":"ReadAction","target":["https:\/\/jornalfatosenoticias.com.br\/index.php\/2022\/08\/24\/ledterapia-pode-ser-luz-no-fim-do-tunel-para-alzheimer-parkinson-e-avc\/"]}]},{"@type":"ImageObject","inLanguage":"pt-BR","@id":"https:\/\/jornalfatosenoticias.com.br\/index.php\/2022\/08\/24\/ledterapia-pode-ser-luz-no-fim-do-tunel-para-alzheimer-parkinson-e-avc\/#primaryimage","url":"https:\/\/jornalfatosenoticias.com.br\/wp-content\/uploads\/2022\/08\/ledterapia.jpg","contentUrl":"https:\/\/jornalfatosenoticias.com.br\/wp-content\/uploads\/2022\/08\/ledterapia.jpg","width":1000,"height":512},{"@type":"BreadcrumbList","@id":"https:\/\/jornalfatosenoticias.com.br\/index.php\/2022\/08\/24\/ledterapia-pode-ser-luz-no-fim-do-tunel-para-alzheimer-parkinson-e-avc\/#breadcrumb","itemListElement":[{"@type":"ListItem","position":1,"name":"In\u00edcio","item":"https:\/\/jornalfatosenoticias.com.br\/"},{"@type":"ListItem","position":2,"name":"LEDterapia pode ser \u201cluz\u201d no fim do t\u00fanel para Alzheimer, Parkinson e AVC"}]},{"@type":"WebSite","@id":"https:\/\/jornalfatosenoticias.com.br\/#website","url":"https:\/\/jornalfatosenoticias.com.br\/","name":"Jornal Fatos e Not\u00edcias","description":"Not\u00edcias em geral","publisher":{"@id":"https:\/\/jornalfatosenoticias.com.br\/#organization"},"potentialAction":[{"@type":"SearchAction","target":{"@type":"EntryPoint","urlTemplate":"https:\/\/jornalfatosenoticias.com.br\/?s={search_term_string}"},"query-input":{"@type":"PropertyValueSpecification","valueRequired":true,"valueName":"search_term_string"}}],"inLanguage":"pt-BR"},{"@type":"Organization","@id":"https:\/\/jornalfatosenoticias.com.br\/#organization","name":"Jornal Fatos e Not\u00edcias","url":"https:\/\/jornalfatosenoticias.com.br\/","logo":{"@type":"ImageObject","inLanguage":"pt-BR","@id":"https:\/\/jornalfatosenoticias.com.br\/#\/schema\/logo\/image\/","url":"https:\/\/jornalfatosenoticias.com.br\/wp-content\/uploads\/2020\/02\/logo120.png","contentUrl":"https:\/\/jornalfatosenoticias.com.br\/wp-content\/uploads\/2020\/02\/logo120.png","width":1227,"height":120,"caption":"Jornal Fatos e Not\u00edcias"},"image":{"@id":"https:\/\/jornalfatosenoticias.com.br\/#\/schema\/logo\/image\/"}},{"@type":"Person","@id":"https:\/\/jornalfatosenoticias.com.br\/#\/schema\/person\/d63837fa13ac8666eb9e74e0985d6f81","name":"Luzimara Fernandes","image":{"@type":"ImageObject","inLanguage":"pt-BR","@id":"https:\/\/jornalfatosenoticias.com.br\/#\/schema\/person\/image\/","url":"https:\/\/jornalfatosenoticias.com.br\/wp-content\/uploads\/2025\/05\/EU_portal.jpg","contentUrl":"https:\/\/jornalfatosenoticias.com.br\/wp-content\/uploads\/2025\/05\/EU_portal.jpg","caption":"Luzimara Fernandes"},"description":"Jornalista MTB 2358-ES","sameAs":["https:\/\/jornalfatosenoticias.com.br"],"url":"https:\/\/jornalfatosenoticias.com.br\/index.php\/author\/luzimara\/"}]}},"cc_featured_image_caption":{"caption_text":"(Foto: Shutterstock\/Metamorworks) ","source_text":"","source_url":""},"jetpack_featured_media_url":"https:\/\/jornalfatosenoticias.com.br\/wp-content\/uploads\/2022\/08\/ledterapia.jpg","_links":{"self":[{"href":"https:\/\/jornalfatosenoticias.com.br\/index.php\/wp-json\/wp\/v2\/posts\/33518","targetHints":{"allow":["GET"]}}],"collection":[{"href":"https:\/\/jornalfatosenoticias.com.br\/index.php\/wp-json\/wp\/v2\/posts"}],"about":[{"href":"https:\/\/jornalfatosenoticias.com.br\/index.php\/wp-json\/wp\/v2\/types\/post"}],"author":[{"embeddable":true,"href":"https:\/\/jornalfatosenoticias.com.br\/index.php\/wp-json\/wp\/v2\/users\/2"}],"replies":[{"embeddable":true,"href":"https:\/\/jornalfatosenoticias.com.br\/index.php\/wp-json\/wp\/v2\/comments?post=33518"}],"version-history":[{"count":0,"href":"https:\/\/jornalfatosenoticias.com.br\/index.php\/wp-json\/wp\/v2\/posts\/33518\/revisions"}],"wp:featuredmedia":[{"embeddable":true,"href":"https:\/\/jornalfatosenoticias.com.br\/index.php\/wp-json\/wp\/v2\/media\/33519"}],"wp:attachment":[{"href":"https:\/\/jornalfatosenoticias.com.br\/index.php\/wp-json\/wp\/v2\/media?parent=33518"}],"wp:term":[{"taxonomy":"category","embeddable":true,"href":"https:\/\/jornalfatosenoticias.com.br\/index.php\/wp-json\/wp\/v2\/categories?post=33518"},{"taxonomy":"post_tag","embeddable":true,"href":"https:\/\/jornalfatosenoticias.com.br\/index.php\/wp-json\/wp\/v2\/tags?post=33518"}],"curies":[{"name":"wp","href":"https:\/\/api.w.org\/{rel}","templated":true}]}}