{"id":33555,"date":"2022-08-25T14:54:15","date_gmt":"2022-08-25T17:54:15","guid":{"rendered":"https:\/\/jornalfatosenoticias.com.br\/?p=33555"},"modified":"2022-08-25T14:54:19","modified_gmt":"2022-08-25T17:54:19","slug":"tse-volta-a-proibir-celular-mesmo-desligado-na-cabine-de-votacao","status":"publish","type":"post","link":"https:\/\/jornalfatosenoticias.com.br\/index.php\/2022\/08\/25\/tse-volta-a-proibir-celular-mesmo-desligado-na-cabine-de-votacao\/","title":{"rendered":"TSE volta a proibir celular, mesmo desligado, na cabine de vota\u00e7\u00e3o"},"content":{"rendered":"\n<p><em><span class=\"has-inline-color has-black-color\">Tribunal far\u00e1 campanha educativa para informar sobre proibi\u00e7\u00e3o<\/span><\/em><\/p>\n\n\n\n<div class=\"wp-block-image\"><figure class=\"aligncenter size-large\"><img loading=\"lazy\" decoding=\"async\" width=\"1024\" height=\"100\" src=\"https:\/\/jornalfatosenoticias.com.br\/wp-content\/uploads\/2020\/02\/banner_ferramentas-1024x100.jpg\" alt=\"\" class=\"wp-image-1258\" srcset=\"https:\/\/jornalfatosenoticias.com.br\/wp-content\/uploads\/2020\/02\/banner_ferramentas-1024x100.jpg 1024w, https:\/\/jornalfatosenoticias.com.br\/wp-content\/uploads\/2020\/02\/banner_ferramentas-300x29.jpg 300w, https:\/\/jornalfatosenoticias.com.br\/wp-content\/uploads\/2020\/02\/banner_ferramentas-768x75.jpg 768w, https:\/\/jornalfatosenoticias.com.br\/wp-content\/uploads\/2020\/02\/banner_ferramentas.jpg 1227w\" sizes=\"auto, (max-width: 1024px) 100vw, 1024px\" \/><\/figure><\/div>\n\n\n\n<p>O plen\u00e1rio do Tribunal Superior Eleitoral (TSE) reverteu hoje (25), por unanimidade, flexibiliza\u00e7\u00e3o anterior e decidiu que o eleitor n\u00e3o pode, em hip\u00f3tese alguma, levar o celular para dentro da cabine de vota\u00e7\u00e3o, sob pena de cometer crime eleitoral e de ser conduzido pela pol\u00edcia.<br>Tais aparelhos devem ser retidos pelo mes\u00e1rio antes que o eleitor chegue \u00e0 cabine, informou o TSE. Nesta quinta-feira, os ministros responderam a uma consulta feita pelo partido Uni\u00e3o Brasil sobre o assunto, em face de mudan\u00e7as na resolu\u00e7\u00e3o que trata a quest\u00e3o.<\/p>\n\n\n\n<div class=\"wp-block-image\"><figure class=\"alignleft size-large is-resized\"><img loading=\"lazy\" decoding=\"async\" src=\"https:\/\/jornalfatosenoticias.com.br\/wp-content\/uploads\/2022\/02\/Precisao-Contabilidade-1024x724.jpg\" alt=\"\" class=\"wp-image-28088\" width=\"298\" height=\"210\"\/><\/figure><\/div>\n\n\n\n<p>A consulta foi feita ap\u00f3s uma mudan\u00e7a na resolu\u00e7\u00e3o sobre as disposi\u00e7\u00f5es gerais das elei\u00e7\u00f5es. Na norma que disciplina o pleito deste ano, foi inclu\u00eddo trecho segundo o qual os celulares e outros aparelhos eletr\u00f4nicos \u201cdever\u00e3o ser desligados ou guardados, sem manuseio na cabine de vota\u00e7\u00e3o\u201d.<br>A reda\u00e7\u00e3o \u00e9 diferente da de resolu\u00e7\u00f5es dos pleitos anteriores, em 2018 e 2020, nas quais a previs\u00e3o era de que os aparelhos ficariam sob a guarda da mesa receptora ou seriam mantidos em outro local de escolha do eleitor.<br>Ao responder a consulta, os ministros seguiram o entendimento do presidente do TSE, ministro Alexandre de Moraes, que considerou ser imposs\u00edvel permitir que o eleitor mantenha o celular no bolso, por exemplo, uma vez que o mes\u00e1rio n\u00e3o poder\u00e1 entrar na cabine de vota\u00e7\u00e3o para conferir se o aparelho est\u00e1 ligado ou desligado.<\/p>\n\n\n\n<div class=\"wp-block-image\"><figure class=\"aligncenter size-large\"><img decoding=\"async\" src=\"https:\/\/jornalfatosenoticias.com.br\/wp-content\/uploads\/2020\/02\/logo_esteio.jpg\" alt=\"\" class=\"wp-image-1214\"\/><\/figure><\/div>\n\n\n\n<blockquote class=\"wp-block-quote is-layout-flow wp-block-quote-is-layout-flow\"><p><span class=\"has-inline-color has-luminous-vivid-orange-color\">\u201cHouve uma flexibiliza\u00e7\u00e3o do TSE em determinado momento, permitindo que se entrasse [com o celular na cabine], desde que desligado, que estivesse no bolso. Constatou-se que isso n\u00e3o \u00e9 satisfat\u00f3rio, uma vez que o mes\u00e1rio n\u00e3o pode ingressar na cabine de vota\u00e7\u00e3o, que \u00e9 indevass\u00e1vel, para verificar se o eleitor ligou ou n\u00e3o o celular\u201d, afirmou Moraes.<\/span><\/p><\/blockquote>\n\n\n\n<div class=\"wp-block-image\"><figure class=\"alignright size-large is-resized\"><img loading=\"lazy\" decoding=\"async\" src=\"https:\/\/jornalfatosenoticias.com.br\/wp-content\/uploads\/2022\/07\/Logo-Grupo-SEI.jpg\" alt=\"\" class=\"wp-image-31973\" width=\"319\" height=\"168\" srcset=\"https:\/\/jornalfatosenoticias.com.br\/wp-content\/uploads\/2022\/07\/Logo-Grupo-SEI.jpg 713w, https:\/\/jornalfatosenoticias.com.br\/wp-content\/uploads\/2022\/07\/Logo-Grupo-SEI-300x158.jpg 300w\" sizes=\"auto, (max-width: 319px) 100vw, 319px\" \/><\/figure><\/div>\n\n\n\n<p>A proibi\u00e7\u00e3o de uso de celulares, ou de qualquer outro equipamento capaz de registrar ou transmitir o ato de vota\u00e7\u00e3o, foi aprovada pelo Congresso em fun\u00e7\u00e3o do risco de quebra do sigilo do voto. Por essa raz\u00e3o, Moraes mencionou que o eleitor que desrespeitar a determina\u00e7\u00e3o e entrar na cabine com celular, poder\u00e1 ser enquadrado no Artigo 312 do C\u00f3digo Eleitoral, que prev\u00ea pena de at\u00e9 dois anos de deten\u00e7\u00e3o para quem &#8220;violar ou tentar violar o sigilo do voto&#8221;.<\/p>\n\n\n\n<div class=\"wp-block-image\"><figure class=\"alignleft size-large\"><img decoding=\"async\" src=\"https:\/\/jornalfatosenoticias.com.br\/wp-content\/uploads\/2020\/02\/CASA-DO-TORRESMO_PORTAL.jpg\" alt=\"\" class=\"wp-image-33487\"\/><\/figure><\/div>\n\n\n\n<p>De acordo com Moraes, <strong><a href=\"http:\/\/xn--tse%20volta%20a%20proibir%20celular%2C%20mesmo%20desligado%2C%20dentro%20da%20cabine%20de%20votao-78h90b\/\" target=\"_blank\" rel=\"noreferrer noopener\">comandantes das pol\u00edcias militares<\/a><\/strong> de alguns estados manifestaram ontem (24), em reuni\u00e3o na sede do TSE, preocupa\u00e7\u00e3o com a viola\u00e7\u00e3o do sigilo do voto, por exemplo, em regi\u00f5es de mil\u00edcias, onde o eleitor poderia ser obrigado a registrar se votou em quem os criminosos determinaram.<br>Ap\u00f3s a manifesta\u00e7\u00e3o de Moraes, os demais ministros seguiram integralmente o entendimento, incluindo o relator da consulta, Sergio Banhos. Uma campanha educativa dever\u00e1 ser elaborada de imediato pelo TSE para informar o eleitor sobre a proibi\u00e7\u00e3o, incluindo cartazes a serem afixados nas se\u00e7\u00f5es eleitorais.<br>Ficou determinado ainda que os mes\u00e1rios podem e devem reter celular ou qualquer outro aparelho capaz de registrar ou transmitir o voto. A resolu\u00e7\u00e3o sobre o assunto ser\u00e1 modificada na sess\u00e3o plen\u00e1ria da pr\u00f3xima ter\u00e7a-feira, de modo a n\u00e3o gerar d\u00favidas, decidiram os ministros.<\/p>\n\n\n\n<div class=\"wp-block-image\"><figure class=\"aligncenter size-large is-resized\"><img loading=\"lazy\" decoding=\"async\" src=\"https:\/\/jornalfatosenoticias.com.br\/wp-content\/uploads\/2022\/08\/logo-locau-veiculos-1024x573.png\" alt=\"\" class=\"wp-image-33078\" width=\"311\" height=\"173\"\/><\/figure><\/div>\n\n\n\n<p><strong><span class=\"has-inline-color has-black-color\">Detector de metais<br><\/span><\/strong>Tamb\u00e9m por unanimidade, os ministros do TSE decidiram ser poss\u00edvel o uso de detectores de metais nas se\u00e7\u00f5es eleitorais, desde que a medida seja justificada pelo juiz eleitoral diante de alguma situa\u00e7\u00e3o excepcional.<\/p>\n\n\n\n<div class=\"wp-block-image\"><figure class=\"aligncenter size-large\"><img loading=\"lazy\" decoding=\"async\" width=\"300\" height=\"250\" src=\"https:\/\/jornalfatosenoticias.com.br\/wp-content\/uploads\/2022\/08\/arte-Casarao.jpg\" alt=\"\" class=\"wp-image-33178\"\/><\/figure><\/div>\n\n\n\n<blockquote class=\"wp-block-quote is-layout-flow wp-block-quote-is-layout-flow\"><p><span class=\"has-inline-color has-luminous-vivid-orange-color\">\u201cSabemos que, no Brasil, n\u00f3s temos, em algumas jurisdi\u00e7\u00f5es eleitorais, situa\u00e7\u00f5es prec\u00e1rias, e n\u00e3o podemos deixar o juiz eleitoral sem essa ressalva necess\u00e1ria\u201d, disse a ministra C\u00e1rmen L\u00facia durante o julgamento.<\/span><\/p><\/blockquote>\n\n\n\n<p><strong><em>Fonte: <a href=\"https:\/\/agenciabrasil.ebc.com.br\/justica\/noticia\/2022-08\/tse-volta-proibir-celular-mesmo-desligado-na-cabine-de-votacao\">Ag\u00eancia Brasil<\/a><\/em><\/strong><\/p>\n","protected":false},"excerpt":{"rendered":"<p>Tribunal far\u00e1 campanha educativa para informar sobre proibi\u00e7\u00e3o O plen\u00e1rio do Tribunal Superior Eleitoral (TSE) reverteu hoje (25), por unanimidade, flexibiliza\u00e7\u00e3o anterior e decidiu que o eleitor n\u00e3o pode, em hip\u00f3tese alguma, levar o celular para dentro da cabine de vota\u00e7\u00e3o, sob pena de cometer crime eleitoral e de ser conduzido pela pol\u00edcia.Tais aparelhos devem [&hellip;]<\/p>\n","protected":false},"author":2,"featured_media":33556,"comment_status":"open","ping_status":"open","sticky":false,"template":"","format":"standard","meta":{"footnotes":""},"categories":[10],"tags":[15773,15774,10150,2543,15775,1514],"class_list":["post-33555","post","type-post","status-publish","format-standard","has-post-thumbnail","hentry","category-politica","tag-cabine-de-votacao","tag-celular-proibido","tag-eleicoes-2022","tag-justica-eleitoral","tag-sigilo-do-voto","tag-tse"],"yoast_head":"<!-- This site is optimized with the Yoast SEO plugin v26.5 - https:\/\/yoast.com\/wordpress\/plugins\/seo\/ -->\n<title>TSE volta a proibir celular, mesmo desligado, na cabine de vota\u00e7\u00e3o - Jornal Fatos e Not\u00edcias<\/title>\n<meta name=\"robots\" content=\"index, follow, max-snippet:-1, max-image-preview:large, max-video-preview:-1\" \/>\n<link rel=\"canonical\" href=\"https:\/\/jornalfatosenoticias.com.br\/index.php\/2022\/08\/25\/tse-volta-a-proibir-celular-mesmo-desligado-na-cabine-de-votacao\/\" \/>\n<meta property=\"og:locale\" content=\"pt_BR\" \/>\n<meta property=\"og:type\" content=\"article\" \/>\n<meta property=\"og:title\" content=\"TSE volta a proibir celular, mesmo desligado, na cabine de vota\u00e7\u00e3o - Jornal Fatos e Not\u00edcias\" \/>\n<meta property=\"og:description\" content=\"Tribunal far\u00e1 campanha educativa para informar sobre proibi\u00e7\u00e3o O plen\u00e1rio do Tribunal Superior Eleitoral (TSE) reverteu hoje (25), por unanimidade, flexibiliza\u00e7\u00e3o anterior e decidiu que o eleitor n\u00e3o pode, em hip\u00f3tese alguma, levar o celular para dentro da cabine de vota\u00e7\u00e3o, sob pena de cometer crime eleitoral e de ser conduzido pela pol\u00edcia.Tais aparelhos devem [&hellip;]\" \/>\n<meta property=\"og:url\" content=\"https:\/\/jornalfatosenoticias.com.br\/index.php\/2022\/08\/25\/tse-volta-a-proibir-celular-mesmo-desligado-na-cabine-de-votacao\/\" \/>\n<meta property=\"og:site_name\" content=\"Jornal Fatos e Not\u00edcias\" \/>\n<meta property=\"article:published_time\" content=\"2022-08-25T17:54:15+00:00\" \/>\n<meta property=\"article:modified_time\" content=\"2022-08-25T17:54:19+00:00\" \/>\n<meta property=\"og:image\" content=\"https:\/\/jornalfatosenoticias.com.br\/wp-content\/uploads\/2022\/08\/eleicoes.jpg\" \/>\n\t<meta property=\"og:image:width\" content=\"1000\" \/>\n\t<meta property=\"og:image:height\" content=\"598\" \/>\n\t<meta property=\"og:image:type\" content=\"image\/jpeg\" \/>\n<meta name=\"author\" content=\"Luzimara Fernandes\" \/>\n<meta name=\"twitter:card\" content=\"summary_large_image\" \/>\n<meta name=\"twitter:label1\" content=\"Escrito por\" \/>\n\t<meta name=\"twitter:data1\" content=\"Luzimara Fernandes\" \/>\n\t<meta name=\"twitter:label2\" content=\"Est. tempo de leitura\" \/>\n\t<meta name=\"twitter:data2\" content=\"3 minutos\" \/>\n<script type=\"application\/ld+json\" class=\"yoast-schema-graph\">{\"@context\":\"https:\/\/schema.org\",\"@graph\":[{\"@type\":\"Article\",\"@id\":\"https:\/\/jornalfatosenoticias.com.br\/index.php\/2022\/08\/25\/tse-volta-a-proibir-celular-mesmo-desligado-na-cabine-de-votacao\/#article\",\"isPartOf\":{\"@id\":\"https:\/\/jornalfatosenoticias.com.br\/index.php\/2022\/08\/25\/tse-volta-a-proibir-celular-mesmo-desligado-na-cabine-de-votacao\/\"},\"author\":{\"name\":\"Luzimara Fernandes\",\"@id\":\"https:\/\/jornalfatosenoticias.com.br\/#\/schema\/person\/d63837fa13ac8666eb9e74e0985d6f81\"},\"headline\":\"TSE volta a proibir celular, mesmo desligado, na cabine de vota\u00e7\u00e3o\",\"datePublished\":\"2022-08-25T17:54:15+00:00\",\"dateModified\":\"2022-08-25T17:54:19+00:00\",\"mainEntityOfPage\":{\"@id\":\"https:\/\/jornalfatosenoticias.com.br\/index.php\/2022\/08\/25\/tse-volta-a-proibir-celular-mesmo-desligado-na-cabine-de-votacao\/\"},\"wordCount\":656,\"commentCount\":0,\"publisher\":{\"@id\":\"https:\/\/jornalfatosenoticias.com.br\/#organization\"},\"image\":{\"@id\":\"https:\/\/jornalfatosenoticias.com.br\/index.php\/2022\/08\/25\/tse-volta-a-proibir-celular-mesmo-desligado-na-cabine-de-votacao\/#primaryimage\"},\"thumbnailUrl\":\"https:\/\/jornalfatosenoticias.com.br\/wp-content\/uploads\/2022\/08\/eleicoes.jpg\",\"keywords\":[\"cabine de vota\u00e7\u00e3o\",\"celular proibido\",\"elei\u00e7\u00f5es 2022\",\"Justi\u00e7a Eleitoral\",\"sigilo do voto\",\"TSE\"],\"articleSection\":[\"Pol\u00edtica\"],\"inLanguage\":\"pt-BR\",\"potentialAction\":[{\"@type\":\"CommentAction\",\"name\":\"Comment\",\"target\":[\"https:\/\/jornalfatosenoticias.com.br\/index.php\/2022\/08\/25\/tse-volta-a-proibir-celular-mesmo-desligado-na-cabine-de-votacao\/#respond\"]}]},{\"@type\":\"WebPage\",\"@id\":\"https:\/\/jornalfatosenoticias.com.br\/index.php\/2022\/08\/25\/tse-volta-a-proibir-celular-mesmo-desligado-na-cabine-de-votacao\/\",\"url\":\"https:\/\/jornalfatosenoticias.com.br\/index.php\/2022\/08\/25\/tse-volta-a-proibir-celular-mesmo-desligado-na-cabine-de-votacao\/\",\"name\":\"TSE volta a proibir celular, mesmo desligado, na cabine de vota\u00e7\u00e3o - Jornal Fatos e Not\u00edcias\",\"isPartOf\":{\"@id\":\"https:\/\/jornalfatosenoticias.com.br\/#website\"},\"primaryImageOfPage\":{\"@id\":\"https:\/\/jornalfatosenoticias.com.br\/index.php\/2022\/08\/25\/tse-volta-a-proibir-celular-mesmo-desligado-na-cabine-de-votacao\/#primaryimage\"},\"image\":{\"@id\":\"https:\/\/jornalfatosenoticias.com.br\/index.php\/2022\/08\/25\/tse-volta-a-proibir-celular-mesmo-desligado-na-cabine-de-votacao\/#primaryimage\"},\"thumbnailUrl\":\"https:\/\/jornalfatosenoticias.com.br\/wp-content\/uploads\/2022\/08\/eleicoes.jpg\",\"datePublished\":\"2022-08-25T17:54:15+00:00\",\"dateModified\":\"2022-08-25T17:54:19+00:00\",\"breadcrumb\":{\"@id\":\"https:\/\/jornalfatosenoticias.com.br\/index.php\/2022\/08\/25\/tse-volta-a-proibir-celular-mesmo-desligado-na-cabine-de-votacao\/#breadcrumb\"},\"inLanguage\":\"pt-BR\",\"potentialAction\":[{\"@type\":\"ReadAction\",\"target\":[\"https:\/\/jornalfatosenoticias.com.br\/index.php\/2022\/08\/25\/tse-volta-a-proibir-celular-mesmo-desligado-na-cabine-de-votacao\/\"]}]},{\"@type\":\"ImageObject\",\"inLanguage\":\"pt-BR\",\"@id\":\"https:\/\/jornalfatosenoticias.com.br\/index.php\/2022\/08\/25\/tse-volta-a-proibir-celular-mesmo-desligado-na-cabine-de-votacao\/#primaryimage\",\"url\":\"https:\/\/jornalfatosenoticias.com.br\/wp-content\/uploads\/2022\/08\/eleicoes.jpg\",\"contentUrl\":\"https:\/\/jornalfatosenoticias.com.br\/wp-content\/uploads\/2022\/08\/eleicoes.jpg\",\"width\":1000,\"height\":598,\"caption\":\"A man walks from a polling booth during municipal elections along the Negro River banks, where Ribeirinhos (forest dwellers) live, in Catalao, Brazil, November 15, 2020. REUTERS\/Bruno Kelly\"},{\"@type\":\"BreadcrumbList\",\"@id\":\"https:\/\/jornalfatosenoticias.com.br\/index.php\/2022\/08\/25\/tse-volta-a-proibir-celular-mesmo-desligado-na-cabine-de-votacao\/#breadcrumb\",\"itemListElement\":[{\"@type\":\"ListItem\",\"position\":1,\"name\":\"In\u00edcio\",\"item\":\"https:\/\/jornalfatosenoticias.com.br\/\"},{\"@type\":\"ListItem\",\"position\":2,\"name\":\"TSE volta a proibir celular, mesmo desligado, na cabine de vota\u00e7\u00e3o\"}]},{\"@type\":\"WebSite\",\"@id\":\"https:\/\/jornalfatosenoticias.com.br\/#website\",\"url\":\"https:\/\/jornalfatosenoticias.com.br\/\",\"name\":\"Jornal Fatos e Not\u00edcias\",\"description\":\"Not\u00edcias em geral\",\"publisher\":{\"@id\":\"https:\/\/jornalfatosenoticias.com.br\/#organization\"},\"potentialAction\":[{\"@type\":\"SearchAction\",\"target\":{\"@type\":\"EntryPoint\",\"urlTemplate\":\"https:\/\/jornalfatosenoticias.com.br\/?s={search_term_string}\"},\"query-input\":{\"@type\":\"PropertyValueSpecification\",\"valueRequired\":true,\"valueName\":\"search_term_string\"}}],\"inLanguage\":\"pt-BR\"},{\"@type\":\"Organization\",\"@id\":\"https:\/\/jornalfatosenoticias.com.br\/#organization\",\"name\":\"Jornal Fatos e Not\u00edcias\",\"url\":\"https:\/\/jornalfatosenoticias.com.br\/\",\"logo\":{\"@type\":\"ImageObject\",\"inLanguage\":\"pt-BR\",\"@id\":\"https:\/\/jornalfatosenoticias.com.br\/#\/schema\/logo\/image\/\",\"url\":\"https:\/\/jornalfatosenoticias.com.br\/wp-content\/uploads\/2020\/02\/logo120.png\",\"contentUrl\":\"https:\/\/jornalfatosenoticias.com.br\/wp-content\/uploads\/2020\/02\/logo120.png\",\"width\":1227,\"height\":120,\"caption\":\"Jornal Fatos e Not\u00edcias\"},\"image\":{\"@id\":\"https:\/\/jornalfatosenoticias.com.br\/#\/schema\/logo\/image\/\"}},{\"@type\":\"Person\",\"@id\":\"https:\/\/jornalfatosenoticias.com.br\/#\/schema\/person\/d63837fa13ac8666eb9e74e0985d6f81\",\"name\":\"Luzimara Fernandes\",\"image\":{\"@type\":\"ImageObject\",\"inLanguage\":\"pt-BR\",\"@id\":\"https:\/\/jornalfatosenoticias.com.br\/#\/schema\/person\/image\/\",\"url\":\"https:\/\/jornalfatosenoticias.com.br\/wp-content\/uploads\/2025\/05\/EU_portal.jpg\",\"contentUrl\":\"https:\/\/jornalfatosenoticias.com.br\/wp-content\/uploads\/2025\/05\/EU_portal.jpg\",\"caption\":\"Luzimara Fernandes\"},\"description\":\"Jornalista MTB 2358-ES\",\"sameAs\":[\"https:\/\/jornalfatosenoticias.com.br\"],\"url\":\"https:\/\/jornalfatosenoticias.com.br\/index.php\/author\/luzimara\/\"}]}<\/script>\n<!-- \/ Yoast SEO plugin. -->","yoast_head_json":{"title":"TSE volta a proibir celular, mesmo desligado, na cabine de vota\u00e7\u00e3o - Jornal Fatos e Not\u00edcias","robots":{"index":"index","follow":"follow","max-snippet":"max-snippet:-1","max-image-preview":"max-image-preview:large","max-video-preview":"max-video-preview:-1"},"canonical":"https:\/\/jornalfatosenoticias.com.br\/index.php\/2022\/08\/25\/tse-volta-a-proibir-celular-mesmo-desligado-na-cabine-de-votacao\/","og_locale":"pt_BR","og_type":"article","og_title":"TSE volta a proibir celular, mesmo desligado, na cabine de vota\u00e7\u00e3o - Jornal Fatos e Not\u00edcias","og_description":"Tribunal far\u00e1 campanha educativa para informar sobre proibi\u00e7\u00e3o O plen\u00e1rio do Tribunal Superior Eleitoral (TSE) reverteu hoje (25), por unanimidade, flexibiliza\u00e7\u00e3o anterior e decidiu que o eleitor n\u00e3o pode, em hip\u00f3tese alguma, levar o celular para dentro da cabine de vota\u00e7\u00e3o, sob pena de cometer crime eleitoral e de ser conduzido pela pol\u00edcia.Tais aparelhos devem [&hellip;]","og_url":"https:\/\/jornalfatosenoticias.com.br\/index.php\/2022\/08\/25\/tse-volta-a-proibir-celular-mesmo-desligado-na-cabine-de-votacao\/","og_site_name":"Jornal Fatos e Not\u00edcias","article_published_time":"2022-08-25T17:54:15+00:00","article_modified_time":"2022-08-25T17:54:19+00:00","og_image":[{"width":1000,"height":598,"url":"https:\/\/jornalfatosenoticias.com.br\/wp-content\/uploads\/2022\/08\/eleicoes.jpg","type":"image\/jpeg"}],"author":"Luzimara Fernandes","twitter_card":"summary_large_image","twitter_misc":{"Escrito por":"Luzimara Fernandes","Est. tempo de leitura":"3 minutos"},"schema":{"@context":"https:\/\/schema.org","@graph":[{"@type":"Article","@id":"https:\/\/jornalfatosenoticias.com.br\/index.php\/2022\/08\/25\/tse-volta-a-proibir-celular-mesmo-desligado-na-cabine-de-votacao\/#article","isPartOf":{"@id":"https:\/\/jornalfatosenoticias.com.br\/index.php\/2022\/08\/25\/tse-volta-a-proibir-celular-mesmo-desligado-na-cabine-de-votacao\/"},"author":{"name":"Luzimara Fernandes","@id":"https:\/\/jornalfatosenoticias.com.br\/#\/schema\/person\/d63837fa13ac8666eb9e74e0985d6f81"},"headline":"TSE volta a proibir celular, mesmo desligado, na cabine de vota\u00e7\u00e3o","datePublished":"2022-08-25T17:54:15+00:00","dateModified":"2022-08-25T17:54:19+00:00","mainEntityOfPage":{"@id":"https:\/\/jornalfatosenoticias.com.br\/index.php\/2022\/08\/25\/tse-volta-a-proibir-celular-mesmo-desligado-na-cabine-de-votacao\/"},"wordCount":656,"commentCount":0,"publisher":{"@id":"https:\/\/jornalfatosenoticias.com.br\/#organization"},"image":{"@id":"https:\/\/jornalfatosenoticias.com.br\/index.php\/2022\/08\/25\/tse-volta-a-proibir-celular-mesmo-desligado-na-cabine-de-votacao\/#primaryimage"},"thumbnailUrl":"https:\/\/jornalfatosenoticias.com.br\/wp-content\/uploads\/2022\/08\/eleicoes.jpg","keywords":["cabine de vota\u00e7\u00e3o","celular proibido","elei\u00e7\u00f5es 2022","Justi\u00e7a Eleitoral","sigilo do voto","TSE"],"articleSection":["Pol\u00edtica"],"inLanguage":"pt-BR","potentialAction":[{"@type":"CommentAction","name":"Comment","target":["https:\/\/jornalfatosenoticias.com.br\/index.php\/2022\/08\/25\/tse-volta-a-proibir-celular-mesmo-desligado-na-cabine-de-votacao\/#respond"]}]},{"@type":"WebPage","@id":"https:\/\/jornalfatosenoticias.com.br\/index.php\/2022\/08\/25\/tse-volta-a-proibir-celular-mesmo-desligado-na-cabine-de-votacao\/","url":"https:\/\/jornalfatosenoticias.com.br\/index.php\/2022\/08\/25\/tse-volta-a-proibir-celular-mesmo-desligado-na-cabine-de-votacao\/","name":"TSE volta a proibir celular, mesmo desligado, na cabine de vota\u00e7\u00e3o - Jornal Fatos e Not\u00edcias","isPartOf":{"@id":"https:\/\/jornalfatosenoticias.com.br\/#website"},"primaryImageOfPage":{"@id":"https:\/\/jornalfatosenoticias.com.br\/index.php\/2022\/08\/25\/tse-volta-a-proibir-celular-mesmo-desligado-na-cabine-de-votacao\/#primaryimage"},"image":{"@id":"https:\/\/jornalfatosenoticias.com.br\/index.php\/2022\/08\/25\/tse-volta-a-proibir-celular-mesmo-desligado-na-cabine-de-votacao\/#primaryimage"},"thumbnailUrl":"https:\/\/jornalfatosenoticias.com.br\/wp-content\/uploads\/2022\/08\/eleicoes.jpg","datePublished":"2022-08-25T17:54:15+00:00","dateModified":"2022-08-25T17:54:19+00:00","breadcrumb":{"@id":"https:\/\/jornalfatosenoticias.com.br\/index.php\/2022\/08\/25\/tse-volta-a-proibir-celular-mesmo-desligado-na-cabine-de-votacao\/#breadcrumb"},"inLanguage":"pt-BR","potentialAction":[{"@type":"ReadAction","target":["https:\/\/jornalfatosenoticias.com.br\/index.php\/2022\/08\/25\/tse-volta-a-proibir-celular-mesmo-desligado-na-cabine-de-votacao\/"]}]},{"@type":"ImageObject","inLanguage":"pt-BR","@id":"https:\/\/jornalfatosenoticias.com.br\/index.php\/2022\/08\/25\/tse-volta-a-proibir-celular-mesmo-desligado-na-cabine-de-votacao\/#primaryimage","url":"https:\/\/jornalfatosenoticias.com.br\/wp-content\/uploads\/2022\/08\/eleicoes.jpg","contentUrl":"https:\/\/jornalfatosenoticias.com.br\/wp-content\/uploads\/2022\/08\/eleicoes.jpg","width":1000,"height":598,"caption":"A man walks from a polling booth during municipal elections along the Negro River banks, where Ribeirinhos (forest dwellers) live, in Catalao, Brazil, November 15, 2020. REUTERS\/Bruno Kelly"},{"@type":"BreadcrumbList","@id":"https:\/\/jornalfatosenoticias.com.br\/index.php\/2022\/08\/25\/tse-volta-a-proibir-celular-mesmo-desligado-na-cabine-de-votacao\/#breadcrumb","itemListElement":[{"@type":"ListItem","position":1,"name":"In\u00edcio","item":"https:\/\/jornalfatosenoticias.com.br\/"},{"@type":"ListItem","position":2,"name":"TSE volta a proibir celular, mesmo desligado, na cabine de vota\u00e7\u00e3o"}]},{"@type":"WebSite","@id":"https:\/\/jornalfatosenoticias.com.br\/#website","url":"https:\/\/jornalfatosenoticias.com.br\/","name":"Jornal Fatos e Not\u00edcias","description":"Not\u00edcias em geral","publisher":{"@id":"https:\/\/jornalfatosenoticias.com.br\/#organization"},"potentialAction":[{"@type":"SearchAction","target":{"@type":"EntryPoint","urlTemplate":"https:\/\/jornalfatosenoticias.com.br\/?s={search_term_string}"},"query-input":{"@type":"PropertyValueSpecification","valueRequired":true,"valueName":"search_term_string"}}],"inLanguage":"pt-BR"},{"@type":"Organization","@id":"https:\/\/jornalfatosenoticias.com.br\/#organization","name":"Jornal Fatos e Not\u00edcias","url":"https:\/\/jornalfatosenoticias.com.br\/","logo":{"@type":"ImageObject","inLanguage":"pt-BR","@id":"https:\/\/jornalfatosenoticias.com.br\/#\/schema\/logo\/image\/","url":"https:\/\/jornalfatosenoticias.com.br\/wp-content\/uploads\/2020\/02\/logo120.png","contentUrl":"https:\/\/jornalfatosenoticias.com.br\/wp-content\/uploads\/2020\/02\/logo120.png","width":1227,"height":120,"caption":"Jornal Fatos e Not\u00edcias"},"image":{"@id":"https:\/\/jornalfatosenoticias.com.br\/#\/schema\/logo\/image\/"}},{"@type":"Person","@id":"https:\/\/jornalfatosenoticias.com.br\/#\/schema\/person\/d63837fa13ac8666eb9e74e0985d6f81","name":"Luzimara Fernandes","image":{"@type":"ImageObject","inLanguage":"pt-BR","@id":"https:\/\/jornalfatosenoticias.com.br\/#\/schema\/person\/image\/","url":"https:\/\/jornalfatosenoticias.com.br\/wp-content\/uploads\/2025\/05\/EU_portal.jpg","contentUrl":"https:\/\/jornalfatosenoticias.com.br\/wp-content\/uploads\/2025\/05\/EU_portal.jpg","caption":"Luzimara Fernandes"},"description":"Jornalista MTB 2358-ES","sameAs":["https:\/\/jornalfatosenoticias.com.br"],"url":"https:\/\/jornalfatosenoticias.com.br\/index.php\/author\/luzimara\/"}]}},"cc_featured_image_caption":{"caption_text":"(Foto: Reuters\/Bruno Kelly\/Direitos Reservados) ","source_text":"","source_url":""},"jetpack_featured_media_url":"https:\/\/jornalfatosenoticias.com.br\/wp-content\/uploads\/2022\/08\/eleicoes.jpg","_links":{"self":[{"href":"https:\/\/jornalfatosenoticias.com.br\/index.php\/wp-json\/wp\/v2\/posts\/33555","targetHints":{"allow":["GET"]}}],"collection":[{"href":"https:\/\/jornalfatosenoticias.com.br\/index.php\/wp-json\/wp\/v2\/posts"}],"about":[{"href":"https:\/\/jornalfatosenoticias.com.br\/index.php\/wp-json\/wp\/v2\/types\/post"}],"author":[{"embeddable":true,"href":"https:\/\/jornalfatosenoticias.com.br\/index.php\/wp-json\/wp\/v2\/users\/2"}],"replies":[{"embeddable":true,"href":"https:\/\/jornalfatosenoticias.com.br\/index.php\/wp-json\/wp\/v2\/comments?post=33555"}],"version-history":[{"count":0,"href":"https:\/\/jornalfatosenoticias.com.br\/index.php\/wp-json\/wp\/v2\/posts\/33555\/revisions"}],"wp:featuredmedia":[{"embeddable":true,"href":"https:\/\/jornalfatosenoticias.com.br\/index.php\/wp-json\/wp\/v2\/media\/33556"}],"wp:attachment":[{"href":"https:\/\/jornalfatosenoticias.com.br\/index.php\/wp-json\/wp\/v2\/media?parent=33555"}],"wp:term":[{"taxonomy":"category","embeddable":true,"href":"https:\/\/jornalfatosenoticias.com.br\/index.php\/wp-json\/wp\/v2\/categories?post=33555"},{"taxonomy":"post_tag","embeddable":true,"href":"https:\/\/jornalfatosenoticias.com.br\/index.php\/wp-json\/wp\/v2\/tags?post=33555"}],"curies":[{"name":"wp","href":"https:\/\/api.w.org\/{rel}","templated":true}]}}