{"id":33564,"date":"2022-08-25T15:19:27","date_gmt":"2022-08-25T18:19:27","guid":{"rendered":"https:\/\/jornalfatosenoticias.com.br\/?p=33564"},"modified":"2022-08-25T15:19:30","modified_gmt":"2022-08-25T18:19:30","slug":"japao-muda-de-rota-e-volta-a-apostar-em-centrais-nucleares","status":"publish","type":"post","link":"https:\/\/jornalfatosenoticias.com.br\/index.php\/2022\/08\/25\/japao-muda-de-rota-e-volta-a-apostar-em-centrais-nucleares\/","title":{"rendered":"Jap\u00e3o muda de rota e volta a apostar em centrais nucleares"},"content":{"rendered":"\n<p><em><span class=\"has-inline-color has-black-color\">Objetivo \u00e9 garantir fornecimento est\u00e1vel de energia<\/span><\/em><\/p>\n\n\n\n<div class=\"wp-block-image\"><figure class=\"aligncenter size-large\"><img loading=\"lazy\" decoding=\"async\" width=\"1024\" height=\"100\" src=\"https:\/\/jornalfatosenoticias.com.br\/wp-content\/uploads\/2020\/02\/banner_ferramentas-1024x100.jpg\" alt=\"\" class=\"wp-image-1258\" srcset=\"https:\/\/jornalfatosenoticias.com.br\/wp-content\/uploads\/2020\/02\/banner_ferramentas-1024x100.jpg 1024w, https:\/\/jornalfatosenoticias.com.br\/wp-content\/uploads\/2020\/02\/banner_ferramentas-300x29.jpg 300w, https:\/\/jornalfatosenoticias.com.br\/wp-content\/uploads\/2020\/02\/banner_ferramentas-768x75.jpg 768w, https:\/\/jornalfatosenoticias.com.br\/wp-content\/uploads\/2020\/02\/banner_ferramentas.jpg 1227w\" sizes=\"auto, (max-width: 1024px) 100vw, 1024px\" \/><\/figure><\/div>\n\n\n\n<p>O Governo japon\u00eas planeja investir na constru\u00e7\u00e3o de centrais nucleares modernas para garantir um fornecimento est\u00e1vel de energia, perante a crise energ\u00e9tica provocada pela guerra na Ucr\u00e2nia. Depois do desastre de Fukushima em 2011, o Jap\u00e3o havia abandonado a aposta neste tipo de energia, muito por press\u00e3o da opini\u00e3o p\u00fablica.<br>Onze anos depois do acidente na central nuclear de Fukushima Daiichi, provocado por um grande sismo, seguido de tsunami, o Jap\u00e3o prepara-se para reiniciar um investimento em equipamentos de produ\u00e7\u00e3o de energia nuclear.<\/p>\n\n\n\n<div class=\"wp-block-image\"><figure class=\"alignleft size-large is-resized\"><img loading=\"lazy\" decoding=\"async\" src=\"https:\/\/jornalfatosenoticias.com.br\/wp-content\/uploads\/2020\/02\/SEVENTUR-TURISMO.jpg\" alt=\"\" class=\"wp-image-32994\" width=\"246\" height=\"194\"\/><\/figure><\/div>\n\n\n\n<p>O primeiro-ministro, Fumio Kishida, liderou um grupo de trabalho que analisou a resposta de &#8220;reatores nucleares de \u00faltima gera\u00e7\u00e3o equipados com novos mecanismos de seguran\u00e7a&#8221; que podem ser usados para ajudar o Jap\u00e3o a atingir a meta de neutralidade de carbono at\u00e9 2050 e a &#8220;transforma\u00e7\u00e3o verde&#8221; do pa\u00eds. Este programa energ\u00e9tico pode incluir o prolongamento da vida \u00fatil dos reatores existentes.<br>Este s\u00fabito foco no retorno \u00e0s centrais nucleares est\u00e1 associado \u00e0 crise de fornecimento de energia e ao aumento dos pre\u00e7os provocada pela guerra na Ucr\u00e2nia.<\/p>\n\n\n\n<div class=\"wp-block-image\"><figure class=\"aligncenter size-large is-resized\"><img loading=\"lazy\" decoding=\"async\" src=\"https:\/\/jornalfatosenoticias.com.br\/wp-content\/uploads\/2020\/02\/nova-logo-Marquetti.jpg\" alt=\"\" class=\"wp-image-22331\" width=\"237\" height=\"159\" srcset=\"https:\/\/jornalfatosenoticias.com.br\/wp-content\/uploads\/2020\/02\/nova-logo-Marquetti.jpg 643w, https:\/\/jornalfatosenoticias.com.br\/wp-content\/uploads\/2020\/02\/nova-logo-Marquetti-300x202.jpg 300w\" sizes=\"auto, (max-width: 237px) 100vw, 237px\" \/><\/figure><\/div>\n\n\n\n<blockquote class=\"wp-block-quote is-layout-flow wp-block-quote-is-layout-flow\"><p><span class=\"has-inline-color has-luminous-vivid-orange-color\">&#8220;A invas\u00e3o da Ucr\u00e2nia pela R\u00fassia transformou enormemente o cen\u00e1rio energ\u00e9tico mundial. O Jap\u00e3o precisa de ter em mente poss\u00edveis cen\u00e1rios de crise&#8221;, sustentou Kishida depois de uma reuni\u00e3o sobre pol\u00edtica energ\u00e9tica, esta semana. &#8220;Para superar uma crise iminente causada por uma falha no fornecimento de energia, devemos tomar as medidas m\u00e1ximas para mobilizar todas as pol\u00edticas poss\u00edveis nos pr\u00f3ximos anos e nos preparar para qualquer emerg\u00eancia&#8221;, acrescentou.<\/span><\/p><\/blockquote>\n\n\n\n<div class=\"wp-block-image\"><figure class=\"aligncenter size-large is-resized\"><img loading=\"lazy\" decoding=\"async\" src=\"https:\/\/jornalfatosenoticias.com.br\/wp-content\/uploads\/2022\/02\/Serra-Pack-459.png\" alt=\"\" class=\"wp-image-27471\" width=\"285\" height=\"114\"\/><\/figure><\/div>\n\n\n\n<p>Durante a d\u00e9cada passada, devido ao desastre de mar\u00e7o de 2011, o Jap\u00e3o reduziu a depend\u00eancia da energia nuclear, mas aumentou o consumo de combust\u00edveis f\u00f3sseis. No contexto atual, o ministro da Economia e Ind\u00fastria, Yasutoshi Nishimura, afirma que \u00e9 &#8220;extremamente importante garantir todas as op\u00e7\u00f5es para redesenhar um fornecimento est\u00e1vel de energia para o nosso pa\u00eds&#8221;.<\/p>\n\n\n\n<div class=\"wp-block-image\"><figure class=\"aligncenter size-large is-resized\"><img loading=\"lazy\" decoding=\"async\" src=\"https:\/\/jornalfatosenoticias.com.br\/wp-content\/uploads\/2020\/02\/Serra-Grande-1024x160.png\" alt=\"\" class=\"wp-image-7836\" width=\"363\" height=\"56\"\/><\/figure><\/div>\n\n\n\n<blockquote class=\"wp-block-quote is-layout-flow wp-block-quote-is-layout-flow\"><p><span class=\"has-inline-color has-luminous-vivid-orange-color\">&#8220;A partir dessa perspectiva, tamb\u00e9m consideraremos todas as op\u00e7\u00f5es em rela\u00e7\u00e3o \u00e0 energia nuclear&#8221;, sublinha.<\/span><\/p><\/blockquote>\n\n\n\n<div class=\"wp-block-image\"><figure class=\"aligncenter size-large is-resized\"><img loading=\"lazy\" decoding=\"async\" src=\"https:\/\/jornalfatosenoticias.com.br\/wp-content\/uploads\/2022\/03\/logo-Suinco-1024x390.jpg\" alt=\"\" class=\"wp-image-28785\" width=\"331\" height=\"125\"\/><\/figure><\/div>\n\n\n\n<p>O Governo acredita que o aumento dos custos dos combust\u00edveis e a crise energ\u00e9tica em T\u00f3quio, durante a recente onda de calor, poder\u00e3o pesar na altera\u00e7\u00e3o de opini\u00e3o dos japoneses, que at\u00e9 agora se manifestavam contra a energia nuclear.<\/p>\n\n\n\n<div class=\"wp-block-image\"><figure class=\"aligncenter size-large\"><img loading=\"lazy\" decoding=\"async\" width=\"729\" height=\"90\" src=\"https:\/\/jornalfatosenoticias.com.br\/wp-content\/uploads\/2020\/02\/Logo_Mizu.png\" alt=\"\" class=\"wp-image-1441\" srcset=\"https:\/\/jornalfatosenoticias.com.br\/wp-content\/uploads\/2020\/02\/Logo_Mizu.png 729w, https:\/\/jornalfatosenoticias.com.br\/wp-content\/uploads\/2020\/02\/Logo_Mizu-300x37.png 300w\" sizes=\"auto, (max-width: 729px) 100vw, 729px\" \/><\/figure><\/div>\n\n\n\n<p><strong><span class=\"has-inline-color has-vivid-red-color\">Mais reatores<br><\/span><\/strong>O investimento nas fontes de energia at\u00f3mica como alternativa aos combust\u00edveis f\u00f3sseis importados deve passar pela instala\u00e7\u00e3o de sete reatores adicionais que possam ser reiniciados ap\u00f3s o pr\u00f3ximo ver\u00e3o, incluindo dois em Kashiwazaki-Kariwa, a maior central nuclear do mundo. O rein\u00edcio de atividade pode tornar-se controverso, uma vez que a central \u00e9 administrada pela Tokyo Electric Power, a mesma empresa que opera a Fukushima Daiichi.<\/p>\n\n\n\n<div class=\"wp-block-image\"><figure class=\"alignright size-large is-resized\"><img loading=\"lazy\" decoding=\"async\" src=\"https:\/\/jornalfatosenoticias.com.br\/wp-content\/uploads\/2020\/02\/CASA-DO-TORRESMO_PORTAL.jpg\" alt=\"\" class=\"wp-image-33487\" width=\"259\" height=\"196\"\/><\/figure><\/div>\n\n\n\n<p>A estes sete reatores somam-se outros sete que est\u00e3o atualmente em funcionamento e outros tr\u00eas em manuten\u00e7\u00e3o, mas estar\u00e3o em funcionamento para prevenir falhas energ\u00e9ticas no pr\u00f3ximo inverno. Dezenas de outros esperam por um processo de licenciamento que assenta em padr\u00f5es de seguran\u00e7a mais r\u00edgidos introduzidos ap\u00f3s o desastre de Fukushima.<br>As novas centrais nucleares podem operar durante 40 anos e ter\u00e3o capacidade de gerar eletricidade por mais 20 anos, se passarem por atualiza\u00e7\u00f5es de seguran\u00e7a e avalia\u00e7\u00f5es conduzidas pelos reguladores.<\/p>\n\n\n\n<div class=\"wp-block-image\"><figure class=\"aligncenter size-large is-resized\"><img loading=\"lazy\" decoding=\"async\" src=\"https:\/\/jornalfatosenoticias.com.br\/wp-content\/uploads\/2022\/07\/Logo-Grupo-SEI.jpg\" alt=\"\" class=\"wp-image-31973\" width=\"242\" height=\"127\" srcset=\"https:\/\/jornalfatosenoticias.com.br\/wp-content\/uploads\/2022\/07\/Logo-Grupo-SEI.jpg 713w, https:\/\/jornalfatosenoticias.com.br\/wp-content\/uploads\/2022\/07\/Logo-Grupo-SEI-300x158.jpg 300w\" sizes=\"auto, (max-width: 242px) 100vw, 242px\" \/><\/figure><\/div>\n\n\n\n<p>Jun Arima, professor de pol\u00edticas p\u00fablicas da Universidade de T\u00f3quio sustenta que o pa\u00eds necessita deste retorno \u00e0 energia nuclear porque n\u00e3o est\u00e1 ligado em rede com os Estados vizinhos. <\/p>\n\n\n\n<div class=\"wp-block-image\"><figure class=\"aligncenter size-large is-resized\"><img loading=\"lazy\" decoding=\"async\" src=\"https:\/\/jornalfatosenoticias.com.br\/wp-content\/uploads\/2022\/02\/Precisao-Contabilidade-1024x724.jpg\" alt=\"\" class=\"wp-image-28088\" width=\"243\" height=\"172\"\/><\/figure><\/div>\n\n\n\n<blockquote class=\"wp-block-quote is-layout-flow wp-block-quote-is-layout-flow\"><p><span class=\"has-inline-color has-luminous-vivid-orange-color\">&#8220;\u00c9 o primeiro passo para a normaliza\u00e7\u00e3o da pol\u00edtica energ\u00e9tica do Jap\u00e3o&#8221;, afirma.<\/span><\/p><\/blockquote>\n\n\n\n<div class=\"wp-block-image\"><figure class=\"aligncenter size-large\"><img loading=\"lazy\" decoding=\"async\" width=\"1024\" height=\"103\" src=\"https:\/\/jornalfatosenoticias.com.br\/wp-content\/uploads\/2022\/02\/Arte-Autoescola-Galatas_endereco_portal-1024x103.png\" alt=\"\" class=\"wp-image-27869\" srcset=\"https:\/\/jornalfatosenoticias.com.br\/wp-content\/uploads\/2022\/02\/Arte-Autoescola-Galatas_endereco_portal-1024x103.png 1024w, https:\/\/jornalfatosenoticias.com.br\/wp-content\/uploads\/2022\/02\/Arte-Autoescola-Galatas_endereco_portal-300x30.png 300w, https:\/\/jornalfatosenoticias.com.br\/wp-content\/uploads\/2022\/02\/Arte-Autoescola-Galatas_endereco_portal-768x77.png 768w, https:\/\/jornalfatosenoticias.com.br\/wp-content\/uploads\/2022\/02\/Arte-Autoescola-Galatas_endereco_portal.png 1223w\" sizes=\"auto, (max-width: 1024px) 100vw, 1024px\" \/><\/figure><\/div>\n\n\n\n<p>Antes do colapso de Fukushima, cerca de um ter\u00e7o de energia provinha de fonte nuclear. Em 2020 representava cinco por cento.<\/p>\n\n\n\n<p><strong><em>Fonte: <a href=\"https:\/\/www.rtp.pt\/noticias\/guerra-na-ucrania\/japao-muda-de-rota-e-volta-a-apostar-em-centrais-nucleares_n1428606\">RTP Not\u00edcias<\/a><\/em><\/strong><\/p>\n","protected":false},"excerpt":{"rendered":"<p>Objetivo \u00e9 garantir fornecimento est\u00e1vel de energia O Governo japon\u00eas planeja investir na constru\u00e7\u00e3o de centrais nucleares modernas para garantir um fornecimento est\u00e1vel de energia, perante a crise energ\u00e9tica provocada pela guerra na Ucr\u00e2nia. Depois do desastre de Fukushima em 2011, o Jap\u00e3o havia abandonado a aposta neste tipo de energia, muito por press\u00e3o da [&hellip;]<\/p>\n","protected":false},"author":2,"featured_media":33565,"comment_status":"open","ping_status":"open","sticky":false,"template":"","format":"standard","meta":{"footnotes":""},"categories":[41],"tags":[15780,15781,15049,233,322,15029],"class_list":["post-33564","post","type-post","status-publish","format-standard","has-post-thumbnail","hentry","category-internacional","tag-central-nuclear","tag-crise-energetica","tag-guerra-na-ucrania","tag-japao","tag-mundo","tag-preco"],"yoast_head":"<!-- This site is optimized with the Yoast SEO plugin v26.5 - https:\/\/yoast.com\/wordpress\/plugins\/seo\/ -->\n<title>Jap\u00e3o muda de rota e volta a apostar em centrais nucleares - Jornal Fatos e Not\u00edcias<\/title>\n<meta name=\"robots\" content=\"index, follow, max-snippet:-1, max-image-preview:large, max-video-preview:-1\" \/>\n<link rel=\"canonical\" href=\"https:\/\/jornalfatosenoticias.com.br\/index.php\/2022\/08\/25\/japao-muda-de-rota-e-volta-a-apostar-em-centrais-nucleares\/\" \/>\n<meta property=\"og:locale\" content=\"pt_BR\" \/>\n<meta property=\"og:type\" content=\"article\" \/>\n<meta property=\"og:title\" content=\"Jap\u00e3o muda de rota e volta a apostar em centrais nucleares - Jornal Fatos e Not\u00edcias\" \/>\n<meta property=\"og:description\" content=\"Objetivo \u00e9 garantir fornecimento est\u00e1vel de energia O Governo japon\u00eas planeja investir na constru\u00e7\u00e3o de centrais nucleares modernas para garantir um fornecimento est\u00e1vel de energia, perante a crise energ\u00e9tica provocada pela guerra na Ucr\u00e2nia. Depois do desastre de Fukushima em 2011, o Jap\u00e3o havia abandonado a aposta neste tipo de energia, muito por press\u00e3o da [&hellip;]\" \/>\n<meta property=\"og:url\" content=\"https:\/\/jornalfatosenoticias.com.br\/index.php\/2022\/08\/25\/japao-muda-de-rota-e-volta-a-apostar-em-centrais-nucleares\/\" \/>\n<meta property=\"og:site_name\" content=\"Jornal Fatos e Not\u00edcias\" \/>\n<meta property=\"article:published_time\" content=\"2022-08-25T18:19:27+00:00\" \/>\n<meta property=\"article:modified_time\" content=\"2022-08-25T18:19:30+00:00\" \/>\n<meta property=\"og:image\" content=\"https:\/\/jornalfatosenoticias.com.br\/wp-content\/uploads\/2022\/08\/japao-fukushima-agua-mar.jpg\" \/>\n\t<meta property=\"og:image:width\" content=\"1000\" \/>\n\t<meta property=\"og:image:height\" content=\"598\" \/>\n\t<meta property=\"og:image:type\" content=\"image\/jpeg\" \/>\n<meta name=\"author\" content=\"Luzimara Fernandes\" \/>\n<meta name=\"twitter:card\" content=\"summary_large_image\" \/>\n<meta name=\"twitter:label1\" content=\"Escrito por\" \/>\n\t<meta name=\"twitter:data1\" content=\"Luzimara Fernandes\" \/>\n\t<meta name=\"twitter:label2\" content=\"Est. tempo de leitura\" \/>\n\t<meta name=\"twitter:data2\" content=\"3 minutos\" \/>\n<script type=\"application\/ld+json\" class=\"yoast-schema-graph\">{\"@context\":\"https:\/\/schema.org\",\"@graph\":[{\"@type\":\"Article\",\"@id\":\"https:\/\/jornalfatosenoticias.com.br\/index.php\/2022\/08\/25\/japao-muda-de-rota-e-volta-a-apostar-em-centrais-nucleares\/#article\",\"isPartOf\":{\"@id\":\"https:\/\/jornalfatosenoticias.com.br\/index.php\/2022\/08\/25\/japao-muda-de-rota-e-volta-a-apostar-em-centrais-nucleares\/\"},\"author\":{\"name\":\"Luzimara Fernandes\",\"@id\":\"https:\/\/jornalfatosenoticias.com.br\/#\/schema\/person\/d63837fa13ac8666eb9e74e0985d6f81\"},\"headline\":\"Jap\u00e3o muda de rota e volta a apostar em centrais nucleares\",\"datePublished\":\"2022-08-25T18:19:27+00:00\",\"dateModified\":\"2022-08-25T18:19:30+00:00\",\"mainEntityOfPage\":{\"@id\":\"https:\/\/jornalfatosenoticias.com.br\/index.php\/2022\/08\/25\/japao-muda-de-rota-e-volta-a-apostar-em-centrais-nucleares\/\"},\"wordCount\":660,\"commentCount\":0,\"publisher\":{\"@id\":\"https:\/\/jornalfatosenoticias.com.br\/#organization\"},\"image\":{\"@id\":\"https:\/\/jornalfatosenoticias.com.br\/index.php\/2022\/08\/25\/japao-muda-de-rota-e-volta-a-apostar-em-centrais-nucleares\/#primaryimage\"},\"thumbnailUrl\":\"https:\/\/jornalfatosenoticias.com.br\/wp-content\/uploads\/2022\/08\/japao-fukushima-agua-mar.jpg\",\"keywords\":[\"central nuclear\",\"crise energ\u00e9tica\",\"Guerra na Ucr\u00e2nia\",\"jap\u00e3o\",\"mundo\",\"pre\u00e7o\"],\"articleSection\":[\"Internacional\"],\"inLanguage\":\"pt-BR\",\"potentialAction\":[{\"@type\":\"CommentAction\",\"name\":\"Comment\",\"target\":[\"https:\/\/jornalfatosenoticias.com.br\/index.php\/2022\/08\/25\/japao-muda-de-rota-e-volta-a-apostar-em-centrais-nucleares\/#respond\"]}]},{\"@type\":\"WebPage\",\"@id\":\"https:\/\/jornalfatosenoticias.com.br\/index.php\/2022\/08\/25\/japao-muda-de-rota-e-volta-a-apostar-em-centrais-nucleares\/\",\"url\":\"https:\/\/jornalfatosenoticias.com.br\/index.php\/2022\/08\/25\/japao-muda-de-rota-e-volta-a-apostar-em-centrais-nucleares\/\",\"name\":\"Jap\u00e3o muda de rota e volta a apostar em centrais nucleares - Jornal Fatos e Not\u00edcias\",\"isPartOf\":{\"@id\":\"https:\/\/jornalfatosenoticias.com.br\/#website\"},\"primaryImageOfPage\":{\"@id\":\"https:\/\/jornalfatosenoticias.com.br\/index.php\/2022\/08\/25\/japao-muda-de-rota-e-volta-a-apostar-em-centrais-nucleares\/#primaryimage\"},\"image\":{\"@id\":\"https:\/\/jornalfatosenoticias.com.br\/index.php\/2022\/08\/25\/japao-muda-de-rota-e-volta-a-apostar-em-centrais-nucleares\/#primaryimage\"},\"thumbnailUrl\":\"https:\/\/jornalfatosenoticias.com.br\/wp-content\/uploads\/2022\/08\/japao-fukushima-agua-mar.jpg\",\"datePublished\":\"2022-08-25T18:19:27+00:00\",\"dateModified\":\"2022-08-25T18:19:30+00:00\",\"breadcrumb\":{\"@id\":\"https:\/\/jornalfatosenoticias.com.br\/index.php\/2022\/08\/25\/japao-muda-de-rota-e-volta-a-apostar-em-centrais-nucleares\/#breadcrumb\"},\"inLanguage\":\"pt-BR\",\"potentialAction\":[{\"@type\":\"ReadAction\",\"target\":[\"https:\/\/jornalfatosenoticias.com.br\/index.php\/2022\/08\/25\/japao-muda-de-rota-e-volta-a-apostar-em-centrais-nucleares\/\"]}]},{\"@type\":\"ImageObject\",\"inLanguage\":\"pt-BR\",\"@id\":\"https:\/\/jornalfatosenoticias.com.br\/index.php\/2022\/08\/25\/japao-muda-de-rota-e-volta-a-apostar-em-centrais-nucleares\/#primaryimage\",\"url\":\"https:\/\/jornalfatosenoticias.com.br\/wp-content\/uploads\/2022\/08\/japao-fukushima-agua-mar.jpg\",\"contentUrl\":\"https:\/\/jornalfatosenoticias.com.br\/wp-content\/uploads\/2022\/08\/japao-fukushima-agua-mar.jpg\",\"width\":1000,\"height\":598},{\"@type\":\"BreadcrumbList\",\"@id\":\"https:\/\/jornalfatosenoticias.com.br\/index.php\/2022\/08\/25\/japao-muda-de-rota-e-volta-a-apostar-em-centrais-nucleares\/#breadcrumb\",\"itemListElement\":[{\"@type\":\"ListItem\",\"position\":1,\"name\":\"In\u00edcio\",\"item\":\"https:\/\/jornalfatosenoticias.com.br\/\"},{\"@type\":\"ListItem\",\"position\":2,\"name\":\"Jap\u00e3o muda de rota e volta a apostar em centrais nucleares\"}]},{\"@type\":\"WebSite\",\"@id\":\"https:\/\/jornalfatosenoticias.com.br\/#website\",\"url\":\"https:\/\/jornalfatosenoticias.com.br\/\",\"name\":\"Jornal Fatos e Not\u00edcias\",\"description\":\"Not\u00edcias em geral\",\"publisher\":{\"@id\":\"https:\/\/jornalfatosenoticias.com.br\/#organization\"},\"potentialAction\":[{\"@type\":\"SearchAction\",\"target\":{\"@type\":\"EntryPoint\",\"urlTemplate\":\"https:\/\/jornalfatosenoticias.com.br\/?s={search_term_string}\"},\"query-input\":{\"@type\":\"PropertyValueSpecification\",\"valueRequired\":true,\"valueName\":\"search_term_string\"}}],\"inLanguage\":\"pt-BR\"},{\"@type\":\"Organization\",\"@id\":\"https:\/\/jornalfatosenoticias.com.br\/#organization\",\"name\":\"Jornal Fatos e Not\u00edcias\",\"url\":\"https:\/\/jornalfatosenoticias.com.br\/\",\"logo\":{\"@type\":\"ImageObject\",\"inLanguage\":\"pt-BR\",\"@id\":\"https:\/\/jornalfatosenoticias.com.br\/#\/schema\/logo\/image\/\",\"url\":\"https:\/\/jornalfatosenoticias.com.br\/wp-content\/uploads\/2020\/02\/logo120.png\",\"contentUrl\":\"https:\/\/jornalfatosenoticias.com.br\/wp-content\/uploads\/2020\/02\/logo120.png\",\"width\":1227,\"height\":120,\"caption\":\"Jornal Fatos e Not\u00edcias\"},\"image\":{\"@id\":\"https:\/\/jornalfatosenoticias.com.br\/#\/schema\/logo\/image\/\"}},{\"@type\":\"Person\",\"@id\":\"https:\/\/jornalfatosenoticias.com.br\/#\/schema\/person\/d63837fa13ac8666eb9e74e0985d6f81\",\"name\":\"Luzimara Fernandes\",\"image\":{\"@type\":\"ImageObject\",\"inLanguage\":\"pt-BR\",\"@id\":\"https:\/\/jornalfatosenoticias.com.br\/#\/schema\/person\/image\/\",\"url\":\"https:\/\/jornalfatosenoticias.com.br\/wp-content\/uploads\/2025\/05\/EU_portal.jpg\",\"contentUrl\":\"https:\/\/jornalfatosenoticias.com.br\/wp-content\/uploads\/2025\/05\/EU_portal.jpg\",\"caption\":\"Luzimara Fernandes\"},\"description\":\"Jornalista MTB 2358-ES\",\"sameAs\":[\"https:\/\/jornalfatosenoticias.com.br\"],\"url\":\"https:\/\/jornalfatosenoticias.com.br\/index.php\/author\/luzimara\/\"}]}<\/script>\n<!-- \/ Yoast SEO plugin. -->","yoast_head_json":{"title":"Jap\u00e3o muda de rota e volta a apostar em centrais nucleares - Jornal Fatos e Not\u00edcias","robots":{"index":"index","follow":"follow","max-snippet":"max-snippet:-1","max-image-preview":"max-image-preview:large","max-video-preview":"max-video-preview:-1"},"canonical":"https:\/\/jornalfatosenoticias.com.br\/index.php\/2022\/08\/25\/japao-muda-de-rota-e-volta-a-apostar-em-centrais-nucleares\/","og_locale":"pt_BR","og_type":"article","og_title":"Jap\u00e3o muda de rota e volta a apostar em centrais nucleares - Jornal Fatos e Not\u00edcias","og_description":"Objetivo \u00e9 garantir fornecimento est\u00e1vel de energia O Governo japon\u00eas planeja investir na constru\u00e7\u00e3o de centrais nucleares modernas para garantir um fornecimento est\u00e1vel de energia, perante a crise energ\u00e9tica provocada pela guerra na Ucr\u00e2nia. Depois do desastre de Fukushima em 2011, o Jap\u00e3o havia abandonado a aposta neste tipo de energia, muito por press\u00e3o da [&hellip;]","og_url":"https:\/\/jornalfatosenoticias.com.br\/index.php\/2022\/08\/25\/japao-muda-de-rota-e-volta-a-apostar-em-centrais-nucleares\/","og_site_name":"Jornal Fatos e Not\u00edcias","article_published_time":"2022-08-25T18:19:27+00:00","article_modified_time":"2022-08-25T18:19:30+00:00","og_image":[{"width":1000,"height":598,"url":"https:\/\/jornalfatosenoticias.com.br\/wp-content\/uploads\/2022\/08\/japao-fukushima-agua-mar.jpg","type":"image\/jpeg"}],"author":"Luzimara Fernandes","twitter_card":"summary_large_image","twitter_misc":{"Escrito por":"Luzimara Fernandes","Est. tempo de leitura":"3 minutos"},"schema":{"@context":"https:\/\/schema.org","@graph":[{"@type":"Article","@id":"https:\/\/jornalfatosenoticias.com.br\/index.php\/2022\/08\/25\/japao-muda-de-rota-e-volta-a-apostar-em-centrais-nucleares\/#article","isPartOf":{"@id":"https:\/\/jornalfatosenoticias.com.br\/index.php\/2022\/08\/25\/japao-muda-de-rota-e-volta-a-apostar-em-centrais-nucleares\/"},"author":{"name":"Luzimara Fernandes","@id":"https:\/\/jornalfatosenoticias.com.br\/#\/schema\/person\/d63837fa13ac8666eb9e74e0985d6f81"},"headline":"Jap\u00e3o muda de rota e volta a apostar em centrais nucleares","datePublished":"2022-08-25T18:19:27+00:00","dateModified":"2022-08-25T18:19:30+00:00","mainEntityOfPage":{"@id":"https:\/\/jornalfatosenoticias.com.br\/index.php\/2022\/08\/25\/japao-muda-de-rota-e-volta-a-apostar-em-centrais-nucleares\/"},"wordCount":660,"commentCount":0,"publisher":{"@id":"https:\/\/jornalfatosenoticias.com.br\/#organization"},"image":{"@id":"https:\/\/jornalfatosenoticias.com.br\/index.php\/2022\/08\/25\/japao-muda-de-rota-e-volta-a-apostar-em-centrais-nucleares\/#primaryimage"},"thumbnailUrl":"https:\/\/jornalfatosenoticias.com.br\/wp-content\/uploads\/2022\/08\/japao-fukushima-agua-mar.jpg","keywords":["central nuclear","crise energ\u00e9tica","Guerra na Ucr\u00e2nia","jap\u00e3o","mundo","pre\u00e7o"],"articleSection":["Internacional"],"inLanguage":"pt-BR","potentialAction":[{"@type":"CommentAction","name":"Comment","target":["https:\/\/jornalfatosenoticias.com.br\/index.php\/2022\/08\/25\/japao-muda-de-rota-e-volta-a-apostar-em-centrais-nucleares\/#respond"]}]},{"@type":"WebPage","@id":"https:\/\/jornalfatosenoticias.com.br\/index.php\/2022\/08\/25\/japao-muda-de-rota-e-volta-a-apostar-em-centrais-nucleares\/","url":"https:\/\/jornalfatosenoticias.com.br\/index.php\/2022\/08\/25\/japao-muda-de-rota-e-volta-a-apostar-em-centrais-nucleares\/","name":"Jap\u00e3o muda de rota e volta a apostar em centrais nucleares - Jornal Fatos e Not\u00edcias","isPartOf":{"@id":"https:\/\/jornalfatosenoticias.com.br\/#website"},"primaryImageOfPage":{"@id":"https:\/\/jornalfatosenoticias.com.br\/index.php\/2022\/08\/25\/japao-muda-de-rota-e-volta-a-apostar-em-centrais-nucleares\/#primaryimage"},"image":{"@id":"https:\/\/jornalfatosenoticias.com.br\/index.php\/2022\/08\/25\/japao-muda-de-rota-e-volta-a-apostar-em-centrais-nucleares\/#primaryimage"},"thumbnailUrl":"https:\/\/jornalfatosenoticias.com.br\/wp-content\/uploads\/2022\/08\/japao-fukushima-agua-mar.jpg","datePublished":"2022-08-25T18:19:27+00:00","dateModified":"2022-08-25T18:19:30+00:00","breadcrumb":{"@id":"https:\/\/jornalfatosenoticias.com.br\/index.php\/2022\/08\/25\/japao-muda-de-rota-e-volta-a-apostar-em-centrais-nucleares\/#breadcrumb"},"inLanguage":"pt-BR","potentialAction":[{"@type":"ReadAction","target":["https:\/\/jornalfatosenoticias.com.br\/index.php\/2022\/08\/25\/japao-muda-de-rota-e-volta-a-apostar-em-centrais-nucleares\/"]}]},{"@type":"ImageObject","inLanguage":"pt-BR","@id":"https:\/\/jornalfatosenoticias.com.br\/index.php\/2022\/08\/25\/japao-muda-de-rota-e-volta-a-apostar-em-centrais-nucleares\/#primaryimage","url":"https:\/\/jornalfatosenoticias.com.br\/wp-content\/uploads\/2022\/08\/japao-fukushima-agua-mar.jpg","contentUrl":"https:\/\/jornalfatosenoticias.com.br\/wp-content\/uploads\/2022\/08\/japao-fukushima-agua-mar.jpg","width":1000,"height":598},{"@type":"BreadcrumbList","@id":"https:\/\/jornalfatosenoticias.com.br\/index.php\/2022\/08\/25\/japao-muda-de-rota-e-volta-a-apostar-em-centrais-nucleares\/#breadcrumb","itemListElement":[{"@type":"ListItem","position":1,"name":"In\u00edcio","item":"https:\/\/jornalfatosenoticias.com.br\/"},{"@type":"ListItem","position":2,"name":"Jap\u00e3o muda de rota e volta a apostar em centrais nucleares"}]},{"@type":"WebSite","@id":"https:\/\/jornalfatosenoticias.com.br\/#website","url":"https:\/\/jornalfatosenoticias.com.br\/","name":"Jornal Fatos e Not\u00edcias","description":"Not\u00edcias em geral","publisher":{"@id":"https:\/\/jornalfatosenoticias.com.br\/#organization"},"potentialAction":[{"@type":"SearchAction","target":{"@type":"EntryPoint","urlTemplate":"https:\/\/jornalfatosenoticias.com.br\/?s={search_term_string}"},"query-input":{"@type":"PropertyValueSpecification","valueRequired":true,"valueName":"search_term_string"}}],"inLanguage":"pt-BR"},{"@type":"Organization","@id":"https:\/\/jornalfatosenoticias.com.br\/#organization","name":"Jornal Fatos e Not\u00edcias","url":"https:\/\/jornalfatosenoticias.com.br\/","logo":{"@type":"ImageObject","inLanguage":"pt-BR","@id":"https:\/\/jornalfatosenoticias.com.br\/#\/schema\/logo\/image\/","url":"https:\/\/jornalfatosenoticias.com.br\/wp-content\/uploads\/2020\/02\/logo120.png","contentUrl":"https:\/\/jornalfatosenoticias.com.br\/wp-content\/uploads\/2020\/02\/logo120.png","width":1227,"height":120,"caption":"Jornal Fatos e Not\u00edcias"},"image":{"@id":"https:\/\/jornalfatosenoticias.com.br\/#\/schema\/logo\/image\/"}},{"@type":"Person","@id":"https:\/\/jornalfatosenoticias.com.br\/#\/schema\/person\/d63837fa13ac8666eb9e74e0985d6f81","name":"Luzimara Fernandes","image":{"@type":"ImageObject","inLanguage":"pt-BR","@id":"https:\/\/jornalfatosenoticias.com.br\/#\/schema\/person\/image\/","url":"https:\/\/jornalfatosenoticias.com.br\/wp-content\/uploads\/2025\/05\/EU_portal.jpg","contentUrl":"https:\/\/jornalfatosenoticias.com.br\/wp-content\/uploads\/2025\/05\/EU_portal.jpg","caption":"Luzimara Fernandes"},"description":"Jornalista MTB 2358-ES","sameAs":["https:\/\/jornalfatosenoticias.com.br"],"url":"https:\/\/jornalfatosenoticias.com.br\/index.php\/author\/luzimara\/"}]}},"cc_featured_image_caption":{"caption_text":"(Foto: Kyodo\/Reuters) ","source_text":"","source_url":""},"jetpack_featured_media_url":"https:\/\/jornalfatosenoticias.com.br\/wp-content\/uploads\/2022\/08\/japao-fukushima-agua-mar.jpg","_links":{"self":[{"href":"https:\/\/jornalfatosenoticias.com.br\/index.php\/wp-json\/wp\/v2\/posts\/33564","targetHints":{"allow":["GET"]}}],"collection":[{"href":"https:\/\/jornalfatosenoticias.com.br\/index.php\/wp-json\/wp\/v2\/posts"}],"about":[{"href":"https:\/\/jornalfatosenoticias.com.br\/index.php\/wp-json\/wp\/v2\/types\/post"}],"author":[{"embeddable":true,"href":"https:\/\/jornalfatosenoticias.com.br\/index.php\/wp-json\/wp\/v2\/users\/2"}],"replies":[{"embeddable":true,"href":"https:\/\/jornalfatosenoticias.com.br\/index.php\/wp-json\/wp\/v2\/comments?post=33564"}],"version-history":[{"count":0,"href":"https:\/\/jornalfatosenoticias.com.br\/index.php\/wp-json\/wp\/v2\/posts\/33564\/revisions"}],"wp:featuredmedia":[{"embeddable":true,"href":"https:\/\/jornalfatosenoticias.com.br\/index.php\/wp-json\/wp\/v2\/media\/33565"}],"wp:attachment":[{"href":"https:\/\/jornalfatosenoticias.com.br\/index.php\/wp-json\/wp\/v2\/media?parent=33564"}],"wp:term":[{"taxonomy":"category","embeddable":true,"href":"https:\/\/jornalfatosenoticias.com.br\/index.php\/wp-json\/wp\/v2\/categories?post=33564"},{"taxonomy":"post_tag","embeddable":true,"href":"https:\/\/jornalfatosenoticias.com.br\/index.php\/wp-json\/wp\/v2\/tags?post=33564"}],"curies":[{"name":"wp","href":"https:\/\/api.w.org\/{rel}","templated":true}]}}