{"id":33658,"date":"2022-08-29T13:54:22","date_gmt":"2022-08-29T16:54:22","guid":{"rendered":"https:\/\/jornalfatosenoticias.com.br\/?p=33658"},"modified":"2022-08-29T13:54:22","modified_gmt":"2022-08-29T16:54:22","slug":"bicentenario-da-independencia-como-a-data-comemorativa-foi-escolhida","status":"publish","type":"post","link":"https:\/\/jornalfatosenoticias.com.br\/index.php\/2022\/08\/29\/bicentenario-da-independencia-como-a-data-comemorativa-foi-escolhida\/","title":{"rendered":"Bicenten\u00e1rio da Independ\u00eancia: como a data comemorativa foi escolhida"},"content":{"rendered":"\n<p><em><span class=\"has-inline-color has-black-color\">Dificuldade em relatar a declara\u00e7\u00e3o de Independ\u00eancia alterou a data<\/span><\/em><\/p>\n\n\n\n<div class=\"wp-block-image\"><figure class=\"aligncenter size-large\"><img loading=\"lazy\" decoding=\"async\" width=\"1024\" height=\"100\" src=\"https:\/\/jornalfatosenoticias.com.br\/wp-content\/uploads\/2022\/05\/NOVA-LOGO-CESCONETTO-1024x100.jpg\" alt=\"\" class=\"wp-image-30792\" srcset=\"https:\/\/jornalfatosenoticias.com.br\/wp-content\/uploads\/2022\/05\/NOVA-LOGO-CESCONETTO-1024x100.jpg 1024w, https:\/\/jornalfatosenoticias.com.br\/wp-content\/uploads\/2022\/05\/NOVA-LOGO-CESCONETTO-300x29.jpg 300w, https:\/\/jornalfatosenoticias.com.br\/wp-content\/uploads\/2022\/05\/NOVA-LOGO-CESCONETTO-768x75.jpg 768w, https:\/\/jornalfatosenoticias.com.br\/wp-content\/uploads\/2022\/05\/NOVA-LOGO-CESCONETTO.jpg 1280w\" sizes=\"auto, (max-width: 1024px) 100vw, 1024px\" \/><\/figure><\/div>\n\n\n\n<p>Voc\u00ea sabia que j\u00e1 existiram duas datas para a comemora\u00e7\u00e3o da Independ\u00eancia do Brasil? O 7 de setembro, quando a independ\u00eancia foi de fato proclamada, e o 12 de outubro?<br>D. Pedro I proclamou a independ\u00eancia em 7 de setembro de 1822, isso todos os brasileiros j\u00e1 sabem. Mas, na \u00e9poca, n\u00e3o. Com a dificuldade de propaga\u00e7\u00e3o das informa\u00e7\u00f5es pelo gigantesco territ\u00f3rio nacional, a maioria das pessoas n\u00e3o ficou sabendo disso no dia, nem sequer no pr\u00f3prio m\u00eas de setembro.<\/p>\n\n\n\n<div class=\"wp-block-image\"><figure class=\"alignleft size-large is-resized\"><img loading=\"lazy\" decoding=\"async\" src=\"https:\/\/jornalfatosenoticias.com.br\/wp-content\/uploads\/2022\/07\/Logo-Grupo-SEI.jpg\" alt=\"\" class=\"wp-image-31973\" width=\"301\" height=\"159\" srcset=\"https:\/\/jornalfatosenoticias.com.br\/wp-content\/uploads\/2022\/07\/Logo-Grupo-SEI.jpg 713w, https:\/\/jornalfatosenoticias.com.br\/wp-content\/uploads\/2022\/07\/Logo-Grupo-SEI-300x158.jpg 300w\" sizes=\"auto, (max-width: 301px) 100vw, 301px\" \/><\/figure><\/div>\n\n\n\n<p>A popula\u00e7\u00e3o em geral s\u00f3 ficou a par das boas-novas em 12 de outubro do mesmo ano, data do come\u00e7o do reinado de Dom Pedro I como imperador do Brasil e tamb\u00e9m o dia do anivers\u00e1rio de 24 anos dele. Isso mesmo, quando proclamou a Independ\u00eancia, ele era muito jovem, tinha apenas 23 anos.<br>Quando Dom Pedro I abdicou do trono em nome do filho, em 1831, para voltar a Portugal, n\u00e3o fazia mais sentido comemorar sua coroa\u00e7\u00e3o de 12 de outubro. A ideia ent\u00e3o era passar a celebra\u00e7\u00e3o para o dia 2 de dezembro, data de nascimento de Dom Pedro II. Mas, como na \u00e9poca ele era um menino de apenas seis anos, que n\u00e3o assumiu o poder de fato, a data n\u00e3o pegou.<br>Foi s\u00f3 a\u00ed que o 7 de setembro retomou a for\u00e7a e se consolidou como o Dia da Independ\u00eancia do Brasil.<\/p>\n\n\n\n<div class=\"wp-block-image\"><figure class=\"aligncenter size-large is-resized\"><img loading=\"lazy\" decoding=\"async\" src=\"https:\/\/jornalfatosenoticias.com.br\/wp-content\/uploads\/2022\/08\/logo-locau-veiculos-1024x573.png\" alt=\"\" class=\"wp-image-33078\" width=\"280\" height=\"156\"\/><\/figure><\/div>\n\n\n\n<p><strong><em>Fonte:<a href=\"https:\/\/agenciabrasil.ebc.com.br\/geral\/noticia\/2022-08\/bicentenario-da-independencia-como-data-comemorativa-foi-escolhida\"> Ag\u00eancia Brasil<\/a><\/em><\/strong><\/p>\n","protected":false},"excerpt":{"rendered":"<p>Dificuldade em relatar a declara\u00e7\u00e3o de Independ\u00eancia alterou a data Voc\u00ea sabia que j\u00e1 existiram duas datas para a comemora\u00e7\u00e3o da Independ\u00eancia do Brasil? O 7 de setembro, quando a independ\u00eancia foi de fato proclamada, e o 12 de outubro?D. Pedro I proclamou a independ\u00eancia em 7 de setembro de 1822, isso todos os brasileiros [&hellip;]<\/p>\n","protected":false},"author":2,"featured_media":33659,"comment_status":"open","ping_status":"open","sticky":false,"template":"","format":"standard","meta":{"footnotes":""},"categories":[4],"tags":[4721,15215,8795,15816],"class_list":["post-33658","post","type-post","status-publish","format-standard","has-post-thumbnail","hentry","category-cultura","tag-7-de-setembro","tag-bicentenario-da-independencia","tag-datas-comemorativas","tag-datas-historicas"],"yoast_head":"<!-- This site is optimized with the Yoast SEO plugin v26.5 - https:\/\/yoast.com\/wordpress\/plugins\/seo\/ -->\n<title>Bicenten\u00e1rio da Independ\u00eancia: como a data comemorativa foi escolhida - Jornal Fatos e Not\u00edcias<\/title>\n<meta name=\"robots\" content=\"index, follow, max-snippet:-1, max-image-preview:large, max-video-preview:-1\" \/>\n<link rel=\"canonical\" href=\"https:\/\/jornalfatosenoticias.com.br\/index.php\/2022\/08\/29\/bicentenario-da-independencia-como-a-data-comemorativa-foi-escolhida\/\" \/>\n<meta property=\"og:locale\" content=\"pt_BR\" \/>\n<meta property=\"og:type\" content=\"article\" \/>\n<meta property=\"og:title\" content=\"Bicenten\u00e1rio da Independ\u00eancia: como a data comemorativa foi escolhida - Jornal Fatos e Not\u00edcias\" \/>\n<meta property=\"og:description\" content=\"Dificuldade em relatar a declara\u00e7\u00e3o de Independ\u00eancia alterou a data Voc\u00ea sabia que j\u00e1 existiram duas datas para a comemora\u00e7\u00e3o da Independ\u00eancia do Brasil? O 7 de setembro, quando a independ\u00eancia foi de fato proclamada, e o 12 de outubro?D. Pedro I proclamou a independ\u00eancia em 7 de setembro de 1822, isso todos os brasileiros [&hellip;]\" \/>\n<meta property=\"og:url\" content=\"https:\/\/jornalfatosenoticias.com.br\/index.php\/2022\/08\/29\/bicentenario-da-independencia-como-a-data-comemorativa-foi-escolhida\/\" \/>\n<meta property=\"og:site_name\" content=\"Jornal Fatos e Not\u00edcias\" \/>\n<meta property=\"article:published_time\" content=\"2022-08-29T16:54:22+00:00\" \/>\n<meta property=\"og:image\" content=\"https:\/\/jornalfatosenoticias.com.br\/wp-content\/uploads\/2022\/08\/bicentenario-da-indenpendencia.jpg\" \/>\n\t<meta property=\"og:image:width\" content=\"1000\" \/>\n\t<meta property=\"og:image:height\" content=\"598\" \/>\n\t<meta property=\"og:image:type\" content=\"image\/jpeg\" \/>\n<meta name=\"author\" content=\"Luzimara Fernandes\" \/>\n<meta name=\"twitter:card\" content=\"summary_large_image\" \/>\n<meta name=\"twitter:label1\" content=\"Escrito por\" \/>\n\t<meta name=\"twitter:data1\" content=\"Luzimara Fernandes\" \/>\n\t<meta name=\"twitter:label2\" content=\"Est. tempo de leitura\" \/>\n\t<meta name=\"twitter:data2\" content=\"1 minuto\" \/>\n<script type=\"application\/ld+json\" class=\"yoast-schema-graph\">{\"@context\":\"https:\/\/schema.org\",\"@graph\":[{\"@type\":\"Article\",\"@id\":\"https:\/\/jornalfatosenoticias.com.br\/index.php\/2022\/08\/29\/bicentenario-da-independencia-como-a-data-comemorativa-foi-escolhida\/#article\",\"isPartOf\":{\"@id\":\"https:\/\/jornalfatosenoticias.com.br\/index.php\/2022\/08\/29\/bicentenario-da-independencia-como-a-data-comemorativa-foi-escolhida\/\"},\"author\":{\"name\":\"Luzimara Fernandes\",\"@id\":\"https:\/\/jornalfatosenoticias.com.br\/#\/schema\/person\/d63837fa13ac8666eb9e74e0985d6f81\"},\"headline\":\"Bicenten\u00e1rio da Independ\u00eancia: como a data comemorativa foi escolhida\",\"datePublished\":\"2022-08-29T16:54:22+00:00\",\"mainEntityOfPage\":{\"@id\":\"https:\/\/jornalfatosenoticias.com.br\/index.php\/2022\/08\/29\/bicentenario-da-independencia-como-a-data-comemorativa-foi-escolhida\/\"},\"wordCount\":266,\"commentCount\":0,\"publisher\":{\"@id\":\"https:\/\/jornalfatosenoticias.com.br\/#organization\"},\"image\":{\"@id\":\"https:\/\/jornalfatosenoticias.com.br\/index.php\/2022\/08\/29\/bicentenario-da-independencia-como-a-data-comemorativa-foi-escolhida\/#primaryimage\"},\"thumbnailUrl\":\"https:\/\/jornalfatosenoticias.com.br\/wp-content\/uploads\/2022\/08\/bicentenario-da-indenpendencia.jpg\",\"keywords\":[\"7 de Setembro\",\"Bicenten\u00e1rio da Independ\u00eancia\",\"datas comemorativas\",\"datas hist\u00f3ricas\"],\"articleSection\":[\"Cultura\"],\"inLanguage\":\"pt-BR\",\"potentialAction\":[{\"@type\":\"CommentAction\",\"name\":\"Comment\",\"target\":[\"https:\/\/jornalfatosenoticias.com.br\/index.php\/2022\/08\/29\/bicentenario-da-independencia-como-a-data-comemorativa-foi-escolhida\/#respond\"]}]},{\"@type\":\"WebPage\",\"@id\":\"https:\/\/jornalfatosenoticias.com.br\/index.php\/2022\/08\/29\/bicentenario-da-independencia-como-a-data-comemorativa-foi-escolhida\/\",\"url\":\"https:\/\/jornalfatosenoticias.com.br\/index.php\/2022\/08\/29\/bicentenario-da-independencia-como-a-data-comemorativa-foi-escolhida\/\",\"name\":\"Bicenten\u00e1rio da Independ\u00eancia: como a data comemorativa foi escolhida - Jornal Fatos e Not\u00edcias\",\"isPartOf\":{\"@id\":\"https:\/\/jornalfatosenoticias.com.br\/#website\"},\"primaryImageOfPage\":{\"@id\":\"https:\/\/jornalfatosenoticias.com.br\/index.php\/2022\/08\/29\/bicentenario-da-independencia-como-a-data-comemorativa-foi-escolhida\/#primaryimage\"},\"image\":{\"@id\":\"https:\/\/jornalfatosenoticias.com.br\/index.php\/2022\/08\/29\/bicentenario-da-independencia-como-a-data-comemorativa-foi-escolhida\/#primaryimage\"},\"thumbnailUrl\":\"https:\/\/jornalfatosenoticias.com.br\/wp-content\/uploads\/2022\/08\/bicentenario-da-indenpendencia.jpg\",\"datePublished\":\"2022-08-29T16:54:22+00:00\",\"breadcrumb\":{\"@id\":\"https:\/\/jornalfatosenoticias.com.br\/index.php\/2022\/08\/29\/bicentenario-da-independencia-como-a-data-comemorativa-foi-escolhida\/#breadcrumb\"},\"inLanguage\":\"pt-BR\",\"potentialAction\":[{\"@type\":\"ReadAction\",\"target\":[\"https:\/\/jornalfatosenoticias.com.br\/index.php\/2022\/08\/29\/bicentenario-da-independencia-como-a-data-comemorativa-foi-escolhida\/\"]}]},{\"@type\":\"ImageObject\",\"inLanguage\":\"pt-BR\",\"@id\":\"https:\/\/jornalfatosenoticias.com.br\/index.php\/2022\/08\/29\/bicentenario-da-independencia-como-a-data-comemorativa-foi-escolhida\/#primaryimage\",\"url\":\"https:\/\/jornalfatosenoticias.com.br\/wp-content\/uploads\/2022\/08\/bicentenario-da-indenpendencia.jpg\",\"contentUrl\":\"https:\/\/jornalfatosenoticias.com.br\/wp-content\/uploads\/2022\/08\/bicentenario-da-indenpendencia.jpg\",\"width\":1000,\"height\":598},{\"@type\":\"BreadcrumbList\",\"@id\":\"https:\/\/jornalfatosenoticias.com.br\/index.php\/2022\/08\/29\/bicentenario-da-independencia-como-a-data-comemorativa-foi-escolhida\/#breadcrumb\",\"itemListElement\":[{\"@type\":\"ListItem\",\"position\":1,\"name\":\"In\u00edcio\",\"item\":\"https:\/\/jornalfatosenoticias.com.br\/\"},{\"@type\":\"ListItem\",\"position\":2,\"name\":\"Bicenten\u00e1rio da Independ\u00eancia: como a data comemorativa foi escolhida\"}]},{\"@type\":\"WebSite\",\"@id\":\"https:\/\/jornalfatosenoticias.com.br\/#website\",\"url\":\"https:\/\/jornalfatosenoticias.com.br\/\",\"name\":\"Jornal Fatos e Not\u00edcias\",\"description\":\"Not\u00edcias em geral\",\"publisher\":{\"@id\":\"https:\/\/jornalfatosenoticias.com.br\/#organization\"},\"potentialAction\":[{\"@type\":\"SearchAction\",\"target\":{\"@type\":\"EntryPoint\",\"urlTemplate\":\"https:\/\/jornalfatosenoticias.com.br\/?s={search_term_string}\"},\"query-input\":{\"@type\":\"PropertyValueSpecification\",\"valueRequired\":true,\"valueName\":\"search_term_string\"}}],\"inLanguage\":\"pt-BR\"},{\"@type\":\"Organization\",\"@id\":\"https:\/\/jornalfatosenoticias.com.br\/#organization\",\"name\":\"Jornal Fatos e Not\u00edcias\",\"url\":\"https:\/\/jornalfatosenoticias.com.br\/\",\"logo\":{\"@type\":\"ImageObject\",\"inLanguage\":\"pt-BR\",\"@id\":\"https:\/\/jornalfatosenoticias.com.br\/#\/schema\/logo\/image\/\",\"url\":\"https:\/\/jornalfatosenoticias.com.br\/wp-content\/uploads\/2020\/02\/logo120.png\",\"contentUrl\":\"https:\/\/jornalfatosenoticias.com.br\/wp-content\/uploads\/2020\/02\/logo120.png\",\"width\":1227,\"height\":120,\"caption\":\"Jornal Fatos e Not\u00edcias\"},\"image\":{\"@id\":\"https:\/\/jornalfatosenoticias.com.br\/#\/schema\/logo\/image\/\"}},{\"@type\":\"Person\",\"@id\":\"https:\/\/jornalfatosenoticias.com.br\/#\/schema\/person\/d63837fa13ac8666eb9e74e0985d6f81\",\"name\":\"Luzimara Fernandes\",\"image\":{\"@type\":\"ImageObject\",\"inLanguage\":\"pt-BR\",\"@id\":\"https:\/\/jornalfatosenoticias.com.br\/#\/schema\/person\/image\/\",\"url\":\"https:\/\/jornalfatosenoticias.com.br\/wp-content\/uploads\/2025\/05\/EU_portal.jpg\",\"contentUrl\":\"https:\/\/jornalfatosenoticias.com.br\/wp-content\/uploads\/2025\/05\/EU_portal.jpg\",\"caption\":\"Luzimara Fernandes\"},\"description\":\"Jornalista MTB 2358-ES\",\"sameAs\":[\"https:\/\/jornalfatosenoticias.com.br\"],\"url\":\"https:\/\/jornalfatosenoticias.com.br\/index.php\/author\/luzimara\/\"}]}<\/script>\n<!-- \/ Yoast SEO plugin. -->","yoast_head_json":{"title":"Bicenten\u00e1rio da Independ\u00eancia: como a data comemorativa foi escolhida - Jornal Fatos e Not\u00edcias","robots":{"index":"index","follow":"follow","max-snippet":"max-snippet:-1","max-image-preview":"max-image-preview:large","max-video-preview":"max-video-preview:-1"},"canonical":"https:\/\/jornalfatosenoticias.com.br\/index.php\/2022\/08\/29\/bicentenario-da-independencia-como-a-data-comemorativa-foi-escolhida\/","og_locale":"pt_BR","og_type":"article","og_title":"Bicenten\u00e1rio da Independ\u00eancia: como a data comemorativa foi escolhida - Jornal Fatos e Not\u00edcias","og_description":"Dificuldade em relatar a declara\u00e7\u00e3o de Independ\u00eancia alterou a data Voc\u00ea sabia que j\u00e1 existiram duas datas para a comemora\u00e7\u00e3o da Independ\u00eancia do Brasil? O 7 de setembro, quando a independ\u00eancia foi de fato proclamada, e o 12 de outubro?D. Pedro I proclamou a independ\u00eancia em 7 de setembro de 1822, isso todos os brasileiros [&hellip;]","og_url":"https:\/\/jornalfatosenoticias.com.br\/index.php\/2022\/08\/29\/bicentenario-da-independencia-como-a-data-comemorativa-foi-escolhida\/","og_site_name":"Jornal Fatos e Not\u00edcias","article_published_time":"2022-08-29T16:54:22+00:00","og_image":[{"width":1000,"height":598,"url":"https:\/\/jornalfatosenoticias.com.br\/wp-content\/uploads\/2022\/08\/bicentenario-da-indenpendencia.jpg","type":"image\/jpeg"}],"author":"Luzimara Fernandes","twitter_card":"summary_large_image","twitter_misc":{"Escrito por":"Luzimara Fernandes","Est. tempo de leitura":"1 minuto"},"schema":{"@context":"https:\/\/schema.org","@graph":[{"@type":"Article","@id":"https:\/\/jornalfatosenoticias.com.br\/index.php\/2022\/08\/29\/bicentenario-da-independencia-como-a-data-comemorativa-foi-escolhida\/#article","isPartOf":{"@id":"https:\/\/jornalfatosenoticias.com.br\/index.php\/2022\/08\/29\/bicentenario-da-independencia-como-a-data-comemorativa-foi-escolhida\/"},"author":{"name":"Luzimara Fernandes","@id":"https:\/\/jornalfatosenoticias.com.br\/#\/schema\/person\/d63837fa13ac8666eb9e74e0985d6f81"},"headline":"Bicenten\u00e1rio da Independ\u00eancia: como a data comemorativa foi escolhida","datePublished":"2022-08-29T16:54:22+00:00","mainEntityOfPage":{"@id":"https:\/\/jornalfatosenoticias.com.br\/index.php\/2022\/08\/29\/bicentenario-da-independencia-como-a-data-comemorativa-foi-escolhida\/"},"wordCount":266,"commentCount":0,"publisher":{"@id":"https:\/\/jornalfatosenoticias.com.br\/#organization"},"image":{"@id":"https:\/\/jornalfatosenoticias.com.br\/index.php\/2022\/08\/29\/bicentenario-da-independencia-como-a-data-comemorativa-foi-escolhida\/#primaryimage"},"thumbnailUrl":"https:\/\/jornalfatosenoticias.com.br\/wp-content\/uploads\/2022\/08\/bicentenario-da-indenpendencia.jpg","keywords":["7 de Setembro","Bicenten\u00e1rio da Independ\u00eancia","datas comemorativas","datas hist\u00f3ricas"],"articleSection":["Cultura"],"inLanguage":"pt-BR","potentialAction":[{"@type":"CommentAction","name":"Comment","target":["https:\/\/jornalfatosenoticias.com.br\/index.php\/2022\/08\/29\/bicentenario-da-independencia-como-a-data-comemorativa-foi-escolhida\/#respond"]}]},{"@type":"WebPage","@id":"https:\/\/jornalfatosenoticias.com.br\/index.php\/2022\/08\/29\/bicentenario-da-independencia-como-a-data-comemorativa-foi-escolhida\/","url":"https:\/\/jornalfatosenoticias.com.br\/index.php\/2022\/08\/29\/bicentenario-da-independencia-como-a-data-comemorativa-foi-escolhida\/","name":"Bicenten\u00e1rio da Independ\u00eancia: como a data comemorativa foi escolhida - Jornal Fatos e Not\u00edcias","isPartOf":{"@id":"https:\/\/jornalfatosenoticias.com.br\/#website"},"primaryImageOfPage":{"@id":"https:\/\/jornalfatosenoticias.com.br\/index.php\/2022\/08\/29\/bicentenario-da-independencia-como-a-data-comemorativa-foi-escolhida\/#primaryimage"},"image":{"@id":"https:\/\/jornalfatosenoticias.com.br\/index.php\/2022\/08\/29\/bicentenario-da-independencia-como-a-data-comemorativa-foi-escolhida\/#primaryimage"},"thumbnailUrl":"https:\/\/jornalfatosenoticias.com.br\/wp-content\/uploads\/2022\/08\/bicentenario-da-indenpendencia.jpg","datePublished":"2022-08-29T16:54:22+00:00","breadcrumb":{"@id":"https:\/\/jornalfatosenoticias.com.br\/index.php\/2022\/08\/29\/bicentenario-da-independencia-como-a-data-comemorativa-foi-escolhida\/#breadcrumb"},"inLanguage":"pt-BR","potentialAction":[{"@type":"ReadAction","target":["https:\/\/jornalfatosenoticias.com.br\/index.php\/2022\/08\/29\/bicentenario-da-independencia-como-a-data-comemorativa-foi-escolhida\/"]}]},{"@type":"ImageObject","inLanguage":"pt-BR","@id":"https:\/\/jornalfatosenoticias.com.br\/index.php\/2022\/08\/29\/bicentenario-da-independencia-como-a-data-comemorativa-foi-escolhida\/#primaryimage","url":"https:\/\/jornalfatosenoticias.com.br\/wp-content\/uploads\/2022\/08\/bicentenario-da-indenpendencia.jpg","contentUrl":"https:\/\/jornalfatosenoticias.com.br\/wp-content\/uploads\/2022\/08\/bicentenario-da-indenpendencia.jpg","width":1000,"height":598},{"@type":"BreadcrumbList","@id":"https:\/\/jornalfatosenoticias.com.br\/index.php\/2022\/08\/29\/bicentenario-da-independencia-como-a-data-comemorativa-foi-escolhida\/#breadcrumb","itemListElement":[{"@type":"ListItem","position":1,"name":"In\u00edcio","item":"https:\/\/jornalfatosenoticias.com.br\/"},{"@type":"ListItem","position":2,"name":"Bicenten\u00e1rio da Independ\u00eancia: como a data comemorativa foi escolhida"}]},{"@type":"WebSite","@id":"https:\/\/jornalfatosenoticias.com.br\/#website","url":"https:\/\/jornalfatosenoticias.com.br\/","name":"Jornal Fatos e Not\u00edcias","description":"Not\u00edcias em geral","publisher":{"@id":"https:\/\/jornalfatosenoticias.com.br\/#organization"},"potentialAction":[{"@type":"SearchAction","target":{"@type":"EntryPoint","urlTemplate":"https:\/\/jornalfatosenoticias.com.br\/?s={search_term_string}"},"query-input":{"@type":"PropertyValueSpecification","valueRequired":true,"valueName":"search_term_string"}}],"inLanguage":"pt-BR"},{"@type":"Organization","@id":"https:\/\/jornalfatosenoticias.com.br\/#organization","name":"Jornal Fatos e Not\u00edcias","url":"https:\/\/jornalfatosenoticias.com.br\/","logo":{"@type":"ImageObject","inLanguage":"pt-BR","@id":"https:\/\/jornalfatosenoticias.com.br\/#\/schema\/logo\/image\/","url":"https:\/\/jornalfatosenoticias.com.br\/wp-content\/uploads\/2020\/02\/logo120.png","contentUrl":"https:\/\/jornalfatosenoticias.com.br\/wp-content\/uploads\/2020\/02\/logo120.png","width":1227,"height":120,"caption":"Jornal Fatos e Not\u00edcias"},"image":{"@id":"https:\/\/jornalfatosenoticias.com.br\/#\/schema\/logo\/image\/"}},{"@type":"Person","@id":"https:\/\/jornalfatosenoticias.com.br\/#\/schema\/person\/d63837fa13ac8666eb9e74e0985d6f81","name":"Luzimara Fernandes","image":{"@type":"ImageObject","inLanguage":"pt-BR","@id":"https:\/\/jornalfatosenoticias.com.br\/#\/schema\/person\/image\/","url":"https:\/\/jornalfatosenoticias.com.br\/wp-content\/uploads\/2025\/05\/EU_portal.jpg","contentUrl":"https:\/\/jornalfatosenoticias.com.br\/wp-content\/uploads\/2025\/05\/EU_portal.jpg","caption":"Luzimara Fernandes"},"description":"Jornalista MTB 2358-ES","sameAs":["https:\/\/jornalfatosenoticias.com.br"],"url":"https:\/\/jornalfatosenoticias.com.br\/index.php\/author\/luzimara\/"}]}},"cc_featured_image_caption":{"caption_text":"(Foto: Ag\u00eancia Brasil)","source_text":"","source_url":""},"jetpack_featured_media_url":"https:\/\/jornalfatosenoticias.com.br\/wp-content\/uploads\/2022\/08\/bicentenario-da-indenpendencia.jpg","_links":{"self":[{"href":"https:\/\/jornalfatosenoticias.com.br\/index.php\/wp-json\/wp\/v2\/posts\/33658","targetHints":{"allow":["GET"]}}],"collection":[{"href":"https:\/\/jornalfatosenoticias.com.br\/index.php\/wp-json\/wp\/v2\/posts"}],"about":[{"href":"https:\/\/jornalfatosenoticias.com.br\/index.php\/wp-json\/wp\/v2\/types\/post"}],"author":[{"embeddable":true,"href":"https:\/\/jornalfatosenoticias.com.br\/index.php\/wp-json\/wp\/v2\/users\/2"}],"replies":[{"embeddable":true,"href":"https:\/\/jornalfatosenoticias.com.br\/index.php\/wp-json\/wp\/v2\/comments?post=33658"}],"version-history":[{"count":0,"href":"https:\/\/jornalfatosenoticias.com.br\/index.php\/wp-json\/wp\/v2\/posts\/33658\/revisions"}],"wp:featuredmedia":[{"embeddable":true,"href":"https:\/\/jornalfatosenoticias.com.br\/index.php\/wp-json\/wp\/v2\/media\/33659"}],"wp:attachment":[{"href":"https:\/\/jornalfatosenoticias.com.br\/index.php\/wp-json\/wp\/v2\/media?parent=33658"}],"wp:term":[{"taxonomy":"category","embeddable":true,"href":"https:\/\/jornalfatosenoticias.com.br\/index.php\/wp-json\/wp\/v2\/categories?post=33658"},{"taxonomy":"post_tag","embeddable":true,"href":"https:\/\/jornalfatosenoticias.com.br\/index.php\/wp-json\/wp\/v2\/tags?post=33658"}],"curies":[{"name":"wp","href":"https:\/\/api.w.org\/{rel}","templated":true}]}}