{"id":33673,"date":"2022-08-30T10:47:05","date_gmt":"2022-08-30T13:47:05","guid":{"rendered":"https:\/\/jornalfatosenoticias.com.br\/?p=33673"},"modified":"2022-08-30T10:47:07","modified_gmt":"2022-08-30T13:47:07","slug":"ue-doa-cinco-milhoes-de-comprimidos-para-proteger-ucranianos-de-radiacao","status":"publish","type":"post","link":"https:\/\/jornalfatosenoticias.com.br\/index.php\/2022\/08\/30\/ue-doa-cinco-milhoes-de-comprimidos-para-proteger-ucranianos-de-radiacao\/","title":{"rendered":"UE doa cinco milh\u00f5es de comprimidos para proteger ucranianos de radia\u00e7\u00e3o"},"content":{"rendered":"\n<p><em><span class=\"has-inline-color has-black-color\">Iodeto de pot\u00e1ssio aumenta n\u00edvel de prote\u00e7\u00e3o em torno da central nuclear de Zaporijia, ocupada pelas for\u00e7as russas<\/span><\/em><\/p>\n\n\n\n<div class=\"wp-block-image\"><figure class=\"aligncenter size-large\"><img loading=\"lazy\" decoding=\"async\" width=\"1024\" height=\"103\" src=\"https:\/\/jornalfatosenoticias.com.br\/wp-content\/uploads\/2022\/02\/Arte-Autoescola-Galatas_endereco_portal-1024x103.png\" alt=\"\" class=\"wp-image-27869\" srcset=\"https:\/\/jornalfatosenoticias.com.br\/wp-content\/uploads\/2022\/02\/Arte-Autoescola-Galatas_endereco_portal-1024x103.png 1024w, https:\/\/jornalfatosenoticias.com.br\/wp-content\/uploads\/2022\/02\/Arte-Autoescola-Galatas_endereco_portal-300x30.png 300w, https:\/\/jornalfatosenoticias.com.br\/wp-content\/uploads\/2022\/02\/Arte-Autoescola-Galatas_endereco_portal-768x77.png 768w, https:\/\/jornalfatosenoticias.com.br\/wp-content\/uploads\/2022\/02\/Arte-Autoescola-Galatas_endereco_portal.png 1223w\" sizes=\"auto, (max-width: 1024px) 100vw, 1024px\" \/><\/figure><\/div>\n\n\n\n<p>A Uni\u00e3o Europeia (UE) vai doar cinco milh\u00f5es de comprimidos de iodeto de pot\u00e1ssio para proteger os ucranianos da potencial exposi\u00e7\u00e3o \u00e0 radia\u00e7\u00e3o, numa altura em que a central nuclear ucraniana de Zaporijia est\u00e1 ocupada por for\u00e7as russas.<br>Em comunicado hoje divulgado, a Comiss\u00e3o Europeia aponta que, na passada sexta-feira, &#8220;a UE recebeu do governo da Ucr\u00e2nia uma solicita\u00e7\u00e3o [para envio] de comprimidos de iodeto de pot\u00e1ssio como medida preventiva de seguran\u00e7a para aumentar o n\u00edvel de prote\u00e7\u00e3o em torno da central nuclear de Zaporijia&#8221;.<\/p>\n\n\n\n<div class=\"wp-block-image\"><figure class=\"alignleft size-large is-resized\"><img loading=\"lazy\" decoding=\"async\" src=\"https:\/\/jornalfatosenoticias.com.br\/wp-content\/uploads\/2022\/02\/Precisao-Contabilidade-1024x724.jpg\" alt=\"\" class=\"wp-image-28088\" width=\"302\" height=\"213\"\/><\/figure><\/div>\n\n\n\n<p>Respondendo a tal solicita\u00e7\u00e3o, &#8220;o Centro Europeu de Coordena\u00e7\u00e3o de Resposta mobilizou rapidamente 5,5 milh\u00f5es de medicamentos de iodeto de pot\u00e1ssio atrav\u00e9s do Mecanismo de Prote\u00e7\u00e3o Civil da UE para a Ucr\u00e2nia, incluindo cinco milh\u00f5es das reservas de emerg\u00eancia e 500 mil da \u00c1ustria&#8221;, precisa o executivo comunit\u00e1rio.<br>O apoio tem um valor financeiro de mais de 500 mil euros e ser\u00e1 entregue \u00e0 Ucr\u00e2nia a partir das instala\u00e7\u00f5es log\u00edsticas instaladas na Alemanha.<\/p>\n\n\n\n<div class=\"wp-block-image\"><figure class=\"aligncenter size-large is-resized\"><img loading=\"lazy\" decoding=\"async\" src=\"https:\/\/jornalfatosenoticias.com.br\/wp-content\/uploads\/2022\/02\/Serra-Pack-459.png\" alt=\"\" class=\"wp-image-27471\" width=\"348\" height=\"139\"\/><\/figure><\/div>\n\n\n\n<p>A ideia \u00e9 que comprimidos de iodeto de pot\u00e1ssio sejam &#8220;utilizados em cen\u00e1rios limitados para evitar que o iodo radioativo inalado ou engolido fosse absorvido pela tiroide&#8221;, adianta a Comiss\u00e3o Europeia.<br>Citado pela nota, o comiss\u00e1rio europeu da Gest\u00e3o de Crises, Janez Lenarcic, vinca que &#8220;nenhuma central nuclear dever\u00e1 alguma vez ser utilizada como teatro de guerra&#8221;.<\/p>\n\n\n\n<div class=\"wp-block-image\"><figure class=\"aligncenter size-large is-resized\"><img loading=\"lazy\" decoding=\"async\" src=\"https:\/\/jornalfatosenoticias.com.br\/wp-content\/uploads\/2020\/02\/nova-logo-Marquetti.jpg\" alt=\"\" class=\"wp-image-22331\" width=\"311\" height=\"209\" srcset=\"https:\/\/jornalfatosenoticias.com.br\/wp-content\/uploads\/2020\/02\/nova-logo-Marquetti.jpg 643w, https:\/\/jornalfatosenoticias.com.br\/wp-content\/uploads\/2020\/02\/nova-logo-Marquetti-300x202.jpg 300w\" sizes=\"auto, (max-width: 311px) 100vw, 311px\" \/><\/figure><\/div>\n\n\n\n<blockquote class=\"wp-block-quote is-layout-flow wp-block-quote-is-layout-flow\"><p><span class=\"has-inline-color has-luminous-vivid-orange-color\">&#8220;\u00c9 inaceit\u00e1vel que vidas civis sejam postas em perigo. Toda a a\u00e7\u00e3o militar em torno da central nuclear de Zaporijia deve cessar imediatamente&#8221;, apela o respons\u00e1vel.<\/span><\/p><\/blockquote>\n\n\n\n<div class=\"wp-block-image\"><figure class=\"alignright size-large\"><img decoding=\"async\" src=\"https:\/\/jornalfatosenoticias.com.br\/wp-content\/uploads\/2020\/02\/logo_esteio.jpg\" alt=\"\" class=\"wp-image-1214\"\/><\/figure><\/div>\n\n\n\n<p>Na segunda-feira, a Ucr\u00e2nia e a R\u00fassia voltaram a acusar-se mutuamente de ataques contra Zaporijia, no dia da partida de uma miss\u00e3o de peritos internacionais para a central nuclear ucraniana ocupada por for\u00e7as russas.<br>As for\u00e7as russas assumiram o controlo da central nuclear de Zaporijia, no sudeste da Ucr\u00e2nia, cerca de duas semanas depois de terem invadido o pa\u00eds vizinho, em 24 de fevereiro.<\/p>\n\n\n\n<div class=\"wp-block-image\"><figure class=\"aligncenter size-large is-resized\"><img loading=\"lazy\" decoding=\"async\" src=\"https:\/\/jornalfatosenoticias.com.br\/wp-content\/uploads\/2020\/02\/Serra-Grande-1024x160.png\" alt=\"\" class=\"wp-image-7836\" width=\"446\" height=\"69\"\/><\/figure><\/div>\n\n\n\n<p>Uma s\u00e9rie de ataques nas \u00faltimas semanas, denunciados pelas duas partes como sendo da responsabilidade da outra, levaram ao receio de um acidente nuclear grave na central.<br>A Ucr\u00e2nia tem quatro centrais nucleares em funcionamento, com um total de 15 reatores, seis dos quais na de Zaporijia. O acidente nuclear mais grave de sempre ocorreu em solo ucraniano, em 1986, na central de Chernobyl, quando a Ucr\u00e2nia fazia parte da antiga Uni\u00e3o Sovi\u00e9tica.<\/p>\n\n\n\n<div class=\"wp-block-image\"><figure class=\"aligncenter size-large is-resized\"><img loading=\"lazy\" decoding=\"async\" src=\"https:\/\/jornalfatosenoticias.com.br\/wp-content\/uploads\/2022\/08\/logo-locau-veiculos-1024x573.png\" alt=\"\" class=\"wp-image-33078\" width=\"319\" height=\"178\"\/><\/figure><\/div>\n\n\n\n<p><strong><em>Fonte: <a href=\"https:\/\/www.rtp.pt\/noticias\/mundo\/ue-doa-cinco-milhoes-de-comprimidos-para-proteger-ucranianos-de-radiacao_n1429687\">RTP Not\u00edcias<\/a><\/em><\/strong><\/p>\n","protected":false},"excerpt":{"rendered":"<p>Iodeto de pot\u00e1ssio aumenta n\u00edvel de prote\u00e7\u00e3o em torno da central nuclear de Zaporijia, ocupada pelas for\u00e7as russas A Uni\u00e3o Europeia (UE) vai doar cinco milh\u00f5es de comprimidos de iodeto de pot\u00e1ssio para proteger os ucranianos da potencial exposi\u00e7\u00e3o \u00e0 radia\u00e7\u00e3o, numa altura em que a central nuclear ucraniana de Zaporijia est\u00e1 ocupada por for\u00e7as [&hellip;]<\/p>\n","protected":false},"author":2,"featured_media":33674,"comment_status":"open","ping_status":"open","sticky":false,"template":"","format":"standard","meta":{"footnotes":""},"categories":[41],"tags":[7038,4491,15553,13070,991,10577,14378,492,15820],"class_list":["post-33673","post","type-post","status-publish","format-standard","has-post-thumbnail","hentry","category-internacional","tag-comprimidos","tag-guerra","tag-operacao-militar-especial","tag-radiacao","tag-russia","tag-ucrania","tag-ue","tag-usina-nuclear","tag-zaporijia"],"yoast_head":"<!-- This site is optimized with the Yoast SEO plugin v26.5 - https:\/\/yoast.com\/wordpress\/plugins\/seo\/ -->\n<title>UE doa cinco milh\u00f5es de comprimidos para proteger ucranianos de radia\u00e7\u00e3o - Jornal Fatos e Not\u00edcias<\/title>\n<meta name=\"robots\" content=\"index, follow, max-snippet:-1, max-image-preview:large, max-video-preview:-1\" \/>\n<link rel=\"canonical\" href=\"https:\/\/jornalfatosenoticias.com.br\/index.php\/2022\/08\/30\/ue-doa-cinco-milhoes-de-comprimidos-para-proteger-ucranianos-de-radiacao\/\" \/>\n<meta property=\"og:locale\" content=\"pt_BR\" \/>\n<meta property=\"og:type\" content=\"article\" \/>\n<meta property=\"og:title\" content=\"UE doa cinco milh\u00f5es de comprimidos para proteger ucranianos de radia\u00e7\u00e3o - Jornal Fatos e Not\u00edcias\" \/>\n<meta property=\"og:description\" content=\"Iodeto de pot\u00e1ssio aumenta n\u00edvel de prote\u00e7\u00e3o em torno da central nuclear de Zaporijia, ocupada pelas for\u00e7as russas A Uni\u00e3o Europeia (UE) vai doar cinco milh\u00f5es de comprimidos de iodeto de pot\u00e1ssio para proteger os ucranianos da potencial exposi\u00e7\u00e3o \u00e0 radia\u00e7\u00e3o, numa altura em que a central nuclear ucraniana de Zaporijia est\u00e1 ocupada por for\u00e7as [&hellip;]\" \/>\n<meta property=\"og:url\" content=\"https:\/\/jornalfatosenoticias.com.br\/index.php\/2022\/08\/30\/ue-doa-cinco-milhoes-de-comprimidos-para-proteger-ucranianos-de-radiacao\/\" \/>\n<meta property=\"og:site_name\" content=\"Jornal Fatos e Not\u00edcias\" \/>\n<meta property=\"article:published_time\" content=\"2022-08-30T13:47:05+00:00\" \/>\n<meta property=\"article:modified_time\" content=\"2022-08-30T13:47:07+00:00\" \/>\n<meta property=\"og:image\" content=\"https:\/\/jornalfatosenoticias.com.br\/wp-content\/uploads\/2022\/08\/BANDEIRA-UE.jpg\" \/>\n\t<meta property=\"og:image:width\" content=\"1000\" \/>\n\t<meta property=\"og:image:height\" content=\"562\" \/>\n\t<meta property=\"og:image:type\" content=\"image\/jpeg\" \/>\n<meta name=\"author\" content=\"Luzimara Fernandes\" \/>\n<meta name=\"twitter:card\" content=\"summary_large_image\" \/>\n<meta name=\"twitter:label1\" content=\"Escrito por\" \/>\n\t<meta name=\"twitter:data1\" content=\"Luzimara Fernandes\" \/>\n\t<meta name=\"twitter:label2\" content=\"Est. tempo de leitura\" \/>\n\t<meta name=\"twitter:data2\" content=\"2 minutos\" \/>\n<script type=\"application\/ld+json\" class=\"yoast-schema-graph\">{\"@context\":\"https:\/\/schema.org\",\"@graph\":[{\"@type\":\"Article\",\"@id\":\"https:\/\/jornalfatosenoticias.com.br\/index.php\/2022\/08\/30\/ue-doa-cinco-milhoes-de-comprimidos-para-proteger-ucranianos-de-radiacao\/#article\",\"isPartOf\":{\"@id\":\"https:\/\/jornalfatosenoticias.com.br\/index.php\/2022\/08\/30\/ue-doa-cinco-milhoes-de-comprimidos-para-proteger-ucranianos-de-radiacao\/\"},\"author\":{\"name\":\"Luzimara Fernandes\",\"@id\":\"https:\/\/jornalfatosenoticias.com.br\/#\/schema\/person\/d63837fa13ac8666eb9e74e0985d6f81\"},\"headline\":\"UE doa cinco milh\u00f5es de comprimidos para proteger ucranianos de radia\u00e7\u00e3o\",\"datePublished\":\"2022-08-30T13:47:05+00:00\",\"dateModified\":\"2022-08-30T13:47:07+00:00\",\"mainEntityOfPage\":{\"@id\":\"https:\/\/jornalfatosenoticias.com.br\/index.php\/2022\/08\/30\/ue-doa-cinco-milhoes-de-comprimidos-para-proteger-ucranianos-de-radiacao\/\"},\"wordCount\":453,\"commentCount\":0,\"publisher\":{\"@id\":\"https:\/\/jornalfatosenoticias.com.br\/#organization\"},\"image\":{\"@id\":\"https:\/\/jornalfatosenoticias.com.br\/index.php\/2022\/08\/30\/ue-doa-cinco-milhoes-de-comprimidos-para-proteger-ucranianos-de-radiacao\/#primaryimage\"},\"thumbnailUrl\":\"https:\/\/jornalfatosenoticias.com.br\/wp-content\/uploads\/2022\/08\/BANDEIRA-UE.jpg\",\"keywords\":[\"comprimidos\",\"guerra\",\"opera\u00e7\u00e3o militar especial\",\"radia\u00e7\u00e3o\",\"R\u00fassia\",\"Ucr\u00e2nia\",\"UE\",\"usina nuclear\",\"Zaporijia\"],\"articleSection\":[\"Internacional\"],\"inLanguage\":\"pt-BR\",\"potentialAction\":[{\"@type\":\"CommentAction\",\"name\":\"Comment\",\"target\":[\"https:\/\/jornalfatosenoticias.com.br\/index.php\/2022\/08\/30\/ue-doa-cinco-milhoes-de-comprimidos-para-proteger-ucranianos-de-radiacao\/#respond\"]}]},{\"@type\":\"WebPage\",\"@id\":\"https:\/\/jornalfatosenoticias.com.br\/index.php\/2022\/08\/30\/ue-doa-cinco-milhoes-de-comprimidos-para-proteger-ucranianos-de-radiacao\/\",\"url\":\"https:\/\/jornalfatosenoticias.com.br\/index.php\/2022\/08\/30\/ue-doa-cinco-milhoes-de-comprimidos-para-proteger-ucranianos-de-radiacao\/\",\"name\":\"UE doa cinco milh\u00f5es de comprimidos para proteger ucranianos de radia\u00e7\u00e3o - Jornal Fatos e Not\u00edcias\",\"isPartOf\":{\"@id\":\"https:\/\/jornalfatosenoticias.com.br\/#website\"},\"primaryImageOfPage\":{\"@id\":\"https:\/\/jornalfatosenoticias.com.br\/index.php\/2022\/08\/30\/ue-doa-cinco-milhoes-de-comprimidos-para-proteger-ucranianos-de-radiacao\/#primaryimage\"},\"image\":{\"@id\":\"https:\/\/jornalfatosenoticias.com.br\/index.php\/2022\/08\/30\/ue-doa-cinco-milhoes-de-comprimidos-para-proteger-ucranianos-de-radiacao\/#primaryimage\"},\"thumbnailUrl\":\"https:\/\/jornalfatosenoticias.com.br\/wp-content\/uploads\/2022\/08\/BANDEIRA-UE.jpg\",\"datePublished\":\"2022-08-30T13:47:05+00:00\",\"dateModified\":\"2022-08-30T13:47:07+00:00\",\"breadcrumb\":{\"@id\":\"https:\/\/jornalfatosenoticias.com.br\/index.php\/2022\/08\/30\/ue-doa-cinco-milhoes-de-comprimidos-para-proteger-ucranianos-de-radiacao\/#breadcrumb\"},\"inLanguage\":\"pt-BR\",\"potentialAction\":[{\"@type\":\"ReadAction\",\"target\":[\"https:\/\/jornalfatosenoticias.com.br\/index.php\/2022\/08\/30\/ue-doa-cinco-milhoes-de-comprimidos-para-proteger-ucranianos-de-radiacao\/\"]}]},{\"@type\":\"ImageObject\",\"inLanguage\":\"pt-BR\",\"@id\":\"https:\/\/jornalfatosenoticias.com.br\/index.php\/2022\/08\/30\/ue-doa-cinco-milhoes-de-comprimidos-para-proteger-ucranianos-de-radiacao\/#primaryimage\",\"url\":\"https:\/\/jornalfatosenoticias.com.br\/wp-content\/uploads\/2022\/08\/BANDEIRA-UE.jpg\",\"contentUrl\":\"https:\/\/jornalfatosenoticias.com.br\/wp-content\/uploads\/2022\/08\/BANDEIRA-UE.jpg\",\"width\":1000,\"height\":562},{\"@type\":\"BreadcrumbList\",\"@id\":\"https:\/\/jornalfatosenoticias.com.br\/index.php\/2022\/08\/30\/ue-doa-cinco-milhoes-de-comprimidos-para-proteger-ucranianos-de-radiacao\/#breadcrumb\",\"itemListElement\":[{\"@type\":\"ListItem\",\"position\":1,\"name\":\"In\u00edcio\",\"item\":\"https:\/\/jornalfatosenoticias.com.br\/\"},{\"@type\":\"ListItem\",\"position\":2,\"name\":\"UE doa cinco milh\u00f5es de comprimidos para proteger ucranianos de radia\u00e7\u00e3o\"}]},{\"@type\":\"WebSite\",\"@id\":\"https:\/\/jornalfatosenoticias.com.br\/#website\",\"url\":\"https:\/\/jornalfatosenoticias.com.br\/\",\"name\":\"Jornal Fatos e Not\u00edcias\",\"description\":\"Not\u00edcias em geral\",\"publisher\":{\"@id\":\"https:\/\/jornalfatosenoticias.com.br\/#organization\"},\"potentialAction\":[{\"@type\":\"SearchAction\",\"target\":{\"@type\":\"EntryPoint\",\"urlTemplate\":\"https:\/\/jornalfatosenoticias.com.br\/?s={search_term_string}\"},\"query-input\":{\"@type\":\"PropertyValueSpecification\",\"valueRequired\":true,\"valueName\":\"search_term_string\"}}],\"inLanguage\":\"pt-BR\"},{\"@type\":\"Organization\",\"@id\":\"https:\/\/jornalfatosenoticias.com.br\/#organization\",\"name\":\"Jornal Fatos e Not\u00edcias\",\"url\":\"https:\/\/jornalfatosenoticias.com.br\/\",\"logo\":{\"@type\":\"ImageObject\",\"inLanguage\":\"pt-BR\",\"@id\":\"https:\/\/jornalfatosenoticias.com.br\/#\/schema\/logo\/image\/\",\"url\":\"https:\/\/jornalfatosenoticias.com.br\/wp-content\/uploads\/2020\/02\/logo120.png\",\"contentUrl\":\"https:\/\/jornalfatosenoticias.com.br\/wp-content\/uploads\/2020\/02\/logo120.png\",\"width\":1227,\"height\":120,\"caption\":\"Jornal Fatos e Not\u00edcias\"},\"image\":{\"@id\":\"https:\/\/jornalfatosenoticias.com.br\/#\/schema\/logo\/image\/\"}},{\"@type\":\"Person\",\"@id\":\"https:\/\/jornalfatosenoticias.com.br\/#\/schema\/person\/d63837fa13ac8666eb9e74e0985d6f81\",\"name\":\"Luzimara Fernandes\",\"image\":{\"@type\":\"ImageObject\",\"inLanguage\":\"pt-BR\",\"@id\":\"https:\/\/jornalfatosenoticias.com.br\/#\/schema\/person\/image\/\",\"url\":\"https:\/\/jornalfatosenoticias.com.br\/wp-content\/uploads\/2025\/05\/EU_portal.jpg\",\"contentUrl\":\"https:\/\/jornalfatosenoticias.com.br\/wp-content\/uploads\/2025\/05\/EU_portal.jpg\",\"caption\":\"Luzimara Fernandes\"},\"description\":\"Jornalista MTB 2358-ES\",\"sameAs\":[\"https:\/\/jornalfatosenoticias.com.br\"],\"url\":\"https:\/\/jornalfatosenoticias.com.br\/index.php\/author\/luzimara\/\"}]}<\/script>\n<!-- \/ Yoast SEO plugin. -->","yoast_head_json":{"title":"UE doa cinco milh\u00f5es de comprimidos para proteger ucranianos de radia\u00e7\u00e3o - Jornal Fatos e Not\u00edcias","robots":{"index":"index","follow":"follow","max-snippet":"max-snippet:-1","max-image-preview":"max-image-preview:large","max-video-preview":"max-video-preview:-1"},"canonical":"https:\/\/jornalfatosenoticias.com.br\/index.php\/2022\/08\/30\/ue-doa-cinco-milhoes-de-comprimidos-para-proteger-ucranianos-de-radiacao\/","og_locale":"pt_BR","og_type":"article","og_title":"UE doa cinco milh\u00f5es de comprimidos para proteger ucranianos de radia\u00e7\u00e3o - Jornal Fatos e Not\u00edcias","og_description":"Iodeto de pot\u00e1ssio aumenta n\u00edvel de prote\u00e7\u00e3o em torno da central nuclear de Zaporijia, ocupada pelas for\u00e7as russas A Uni\u00e3o Europeia (UE) vai doar cinco milh\u00f5es de comprimidos de iodeto de pot\u00e1ssio para proteger os ucranianos da potencial exposi\u00e7\u00e3o \u00e0 radia\u00e7\u00e3o, numa altura em que a central nuclear ucraniana de Zaporijia est\u00e1 ocupada por for\u00e7as [&hellip;]","og_url":"https:\/\/jornalfatosenoticias.com.br\/index.php\/2022\/08\/30\/ue-doa-cinco-milhoes-de-comprimidos-para-proteger-ucranianos-de-radiacao\/","og_site_name":"Jornal Fatos e Not\u00edcias","article_published_time":"2022-08-30T13:47:05+00:00","article_modified_time":"2022-08-30T13:47:07+00:00","og_image":[{"width":1000,"height":562,"url":"https:\/\/jornalfatosenoticias.com.br\/wp-content\/uploads\/2022\/08\/BANDEIRA-UE.jpg","type":"image\/jpeg"}],"author":"Luzimara Fernandes","twitter_card":"summary_large_image","twitter_misc":{"Escrito por":"Luzimara Fernandes","Est. tempo de leitura":"2 minutos"},"schema":{"@context":"https:\/\/schema.org","@graph":[{"@type":"Article","@id":"https:\/\/jornalfatosenoticias.com.br\/index.php\/2022\/08\/30\/ue-doa-cinco-milhoes-de-comprimidos-para-proteger-ucranianos-de-radiacao\/#article","isPartOf":{"@id":"https:\/\/jornalfatosenoticias.com.br\/index.php\/2022\/08\/30\/ue-doa-cinco-milhoes-de-comprimidos-para-proteger-ucranianos-de-radiacao\/"},"author":{"name":"Luzimara Fernandes","@id":"https:\/\/jornalfatosenoticias.com.br\/#\/schema\/person\/d63837fa13ac8666eb9e74e0985d6f81"},"headline":"UE doa cinco milh\u00f5es de comprimidos para proteger ucranianos de radia\u00e7\u00e3o","datePublished":"2022-08-30T13:47:05+00:00","dateModified":"2022-08-30T13:47:07+00:00","mainEntityOfPage":{"@id":"https:\/\/jornalfatosenoticias.com.br\/index.php\/2022\/08\/30\/ue-doa-cinco-milhoes-de-comprimidos-para-proteger-ucranianos-de-radiacao\/"},"wordCount":453,"commentCount":0,"publisher":{"@id":"https:\/\/jornalfatosenoticias.com.br\/#organization"},"image":{"@id":"https:\/\/jornalfatosenoticias.com.br\/index.php\/2022\/08\/30\/ue-doa-cinco-milhoes-de-comprimidos-para-proteger-ucranianos-de-radiacao\/#primaryimage"},"thumbnailUrl":"https:\/\/jornalfatosenoticias.com.br\/wp-content\/uploads\/2022\/08\/BANDEIRA-UE.jpg","keywords":["comprimidos","guerra","opera\u00e7\u00e3o militar especial","radia\u00e7\u00e3o","R\u00fassia","Ucr\u00e2nia","UE","usina nuclear","Zaporijia"],"articleSection":["Internacional"],"inLanguage":"pt-BR","potentialAction":[{"@type":"CommentAction","name":"Comment","target":["https:\/\/jornalfatosenoticias.com.br\/index.php\/2022\/08\/30\/ue-doa-cinco-milhoes-de-comprimidos-para-proteger-ucranianos-de-radiacao\/#respond"]}]},{"@type":"WebPage","@id":"https:\/\/jornalfatosenoticias.com.br\/index.php\/2022\/08\/30\/ue-doa-cinco-milhoes-de-comprimidos-para-proteger-ucranianos-de-radiacao\/","url":"https:\/\/jornalfatosenoticias.com.br\/index.php\/2022\/08\/30\/ue-doa-cinco-milhoes-de-comprimidos-para-proteger-ucranianos-de-radiacao\/","name":"UE doa cinco milh\u00f5es de comprimidos para proteger ucranianos de radia\u00e7\u00e3o - Jornal Fatos e Not\u00edcias","isPartOf":{"@id":"https:\/\/jornalfatosenoticias.com.br\/#website"},"primaryImageOfPage":{"@id":"https:\/\/jornalfatosenoticias.com.br\/index.php\/2022\/08\/30\/ue-doa-cinco-milhoes-de-comprimidos-para-proteger-ucranianos-de-radiacao\/#primaryimage"},"image":{"@id":"https:\/\/jornalfatosenoticias.com.br\/index.php\/2022\/08\/30\/ue-doa-cinco-milhoes-de-comprimidos-para-proteger-ucranianos-de-radiacao\/#primaryimage"},"thumbnailUrl":"https:\/\/jornalfatosenoticias.com.br\/wp-content\/uploads\/2022\/08\/BANDEIRA-UE.jpg","datePublished":"2022-08-30T13:47:05+00:00","dateModified":"2022-08-30T13:47:07+00:00","breadcrumb":{"@id":"https:\/\/jornalfatosenoticias.com.br\/index.php\/2022\/08\/30\/ue-doa-cinco-milhoes-de-comprimidos-para-proteger-ucranianos-de-radiacao\/#breadcrumb"},"inLanguage":"pt-BR","potentialAction":[{"@type":"ReadAction","target":["https:\/\/jornalfatosenoticias.com.br\/index.php\/2022\/08\/30\/ue-doa-cinco-milhoes-de-comprimidos-para-proteger-ucranianos-de-radiacao\/"]}]},{"@type":"ImageObject","inLanguage":"pt-BR","@id":"https:\/\/jornalfatosenoticias.com.br\/index.php\/2022\/08\/30\/ue-doa-cinco-milhoes-de-comprimidos-para-proteger-ucranianos-de-radiacao\/#primaryimage","url":"https:\/\/jornalfatosenoticias.com.br\/wp-content\/uploads\/2022\/08\/BANDEIRA-UE.jpg","contentUrl":"https:\/\/jornalfatosenoticias.com.br\/wp-content\/uploads\/2022\/08\/BANDEIRA-UE.jpg","width":1000,"height":562},{"@type":"BreadcrumbList","@id":"https:\/\/jornalfatosenoticias.com.br\/index.php\/2022\/08\/30\/ue-doa-cinco-milhoes-de-comprimidos-para-proteger-ucranianos-de-radiacao\/#breadcrumb","itemListElement":[{"@type":"ListItem","position":1,"name":"In\u00edcio","item":"https:\/\/jornalfatosenoticias.com.br\/"},{"@type":"ListItem","position":2,"name":"UE doa cinco milh\u00f5es de comprimidos para proteger ucranianos de radia\u00e7\u00e3o"}]},{"@type":"WebSite","@id":"https:\/\/jornalfatosenoticias.com.br\/#website","url":"https:\/\/jornalfatosenoticias.com.br\/","name":"Jornal Fatos e Not\u00edcias","description":"Not\u00edcias em geral","publisher":{"@id":"https:\/\/jornalfatosenoticias.com.br\/#organization"},"potentialAction":[{"@type":"SearchAction","target":{"@type":"EntryPoint","urlTemplate":"https:\/\/jornalfatosenoticias.com.br\/?s={search_term_string}"},"query-input":{"@type":"PropertyValueSpecification","valueRequired":true,"valueName":"search_term_string"}}],"inLanguage":"pt-BR"},{"@type":"Organization","@id":"https:\/\/jornalfatosenoticias.com.br\/#organization","name":"Jornal Fatos e Not\u00edcias","url":"https:\/\/jornalfatosenoticias.com.br\/","logo":{"@type":"ImageObject","inLanguage":"pt-BR","@id":"https:\/\/jornalfatosenoticias.com.br\/#\/schema\/logo\/image\/","url":"https:\/\/jornalfatosenoticias.com.br\/wp-content\/uploads\/2020\/02\/logo120.png","contentUrl":"https:\/\/jornalfatosenoticias.com.br\/wp-content\/uploads\/2020\/02\/logo120.png","width":1227,"height":120,"caption":"Jornal Fatos e Not\u00edcias"},"image":{"@id":"https:\/\/jornalfatosenoticias.com.br\/#\/schema\/logo\/image\/"}},{"@type":"Person","@id":"https:\/\/jornalfatosenoticias.com.br\/#\/schema\/person\/d63837fa13ac8666eb9e74e0985d6f81","name":"Luzimara Fernandes","image":{"@type":"ImageObject","inLanguage":"pt-BR","@id":"https:\/\/jornalfatosenoticias.com.br\/#\/schema\/person\/image\/","url":"https:\/\/jornalfatosenoticias.com.br\/wp-content\/uploads\/2025\/05\/EU_portal.jpg","contentUrl":"https:\/\/jornalfatosenoticias.com.br\/wp-content\/uploads\/2025\/05\/EU_portal.jpg","caption":"Luzimara Fernandes"},"description":"Jornalista MTB 2358-ES","sameAs":["https:\/\/jornalfatosenoticias.com.br"],"url":"https:\/\/jornalfatosenoticias.com.br\/index.php\/author\/luzimara\/"}]}},"cc_featured_image_caption":{"caption_text":"(Foto: Reuters) ","source_text":"","source_url":""},"jetpack_featured_media_url":"https:\/\/jornalfatosenoticias.com.br\/wp-content\/uploads\/2022\/08\/BANDEIRA-UE.jpg","_links":{"self":[{"href":"https:\/\/jornalfatosenoticias.com.br\/index.php\/wp-json\/wp\/v2\/posts\/33673","targetHints":{"allow":["GET"]}}],"collection":[{"href":"https:\/\/jornalfatosenoticias.com.br\/index.php\/wp-json\/wp\/v2\/posts"}],"about":[{"href":"https:\/\/jornalfatosenoticias.com.br\/index.php\/wp-json\/wp\/v2\/types\/post"}],"author":[{"embeddable":true,"href":"https:\/\/jornalfatosenoticias.com.br\/index.php\/wp-json\/wp\/v2\/users\/2"}],"replies":[{"embeddable":true,"href":"https:\/\/jornalfatosenoticias.com.br\/index.php\/wp-json\/wp\/v2\/comments?post=33673"}],"version-history":[{"count":0,"href":"https:\/\/jornalfatosenoticias.com.br\/index.php\/wp-json\/wp\/v2\/posts\/33673\/revisions"}],"wp:featuredmedia":[{"embeddable":true,"href":"https:\/\/jornalfatosenoticias.com.br\/index.php\/wp-json\/wp\/v2\/media\/33674"}],"wp:attachment":[{"href":"https:\/\/jornalfatosenoticias.com.br\/index.php\/wp-json\/wp\/v2\/media?parent=33673"}],"wp:term":[{"taxonomy":"category","embeddable":true,"href":"https:\/\/jornalfatosenoticias.com.br\/index.php\/wp-json\/wp\/v2\/categories?post=33673"},{"taxonomy":"post_tag","embeddable":true,"href":"https:\/\/jornalfatosenoticias.com.br\/index.php\/wp-json\/wp\/v2\/tags?post=33673"}],"curies":[{"name":"wp","href":"https:\/\/api.w.org\/{rel}","templated":true}]}}