{"id":33676,"date":"2022-08-30T11:01:33","date_gmt":"2022-08-30T14:01:33","guid":{"rendered":"https:\/\/jornalfatosenoticias.com.br\/?p=33676"},"modified":"2022-08-30T11:01:37","modified_gmt":"2022-08-30T14:01:37","slug":"mais-de-10-mil-artefatos-pre-coloniais-sao-descobertos-em-escavacao-no-para","status":"publish","type":"post","link":"https:\/\/jornalfatosenoticias.com.br\/index.php\/2022\/08\/30\/mais-de-10-mil-artefatos-pre-coloniais-sao-descobertos-em-escavacao-no-para\/","title":{"rendered":"Mais de 10 mil artefatos pr\u00e9-coloniais s\u00e3o descobertos em escava\u00e7\u00e3o no Par\u00e1"},"content":{"rendered":"\n<p><em><span class=\"has-inline-color has-black-color\">Objetos foram encontrados em S\u00e3o Geraldo do Araguaia e revelam detalhes sobre o passado da regi\u00e3o<\/span><\/em><\/p>\n\n\n\n<div class=\"wp-block-image\"><figure class=\"aligncenter size-large\"><img loading=\"lazy\" decoding=\"async\" width=\"1024\" height=\"100\" src=\"https:\/\/jornalfatosenoticias.com.br\/wp-content\/uploads\/2020\/02\/banner_ferramentas-1024x100.jpg\" alt=\"\" class=\"wp-image-1258\" srcset=\"https:\/\/jornalfatosenoticias.com.br\/wp-content\/uploads\/2020\/02\/banner_ferramentas-1024x100.jpg 1024w, https:\/\/jornalfatosenoticias.com.br\/wp-content\/uploads\/2020\/02\/banner_ferramentas-300x29.jpg 300w, https:\/\/jornalfatosenoticias.com.br\/wp-content\/uploads\/2020\/02\/banner_ferramentas-768x75.jpg 768w, https:\/\/jornalfatosenoticias.com.br\/wp-content\/uploads\/2020\/02\/banner_ferramentas.jpg 1227w\" sizes=\"auto, (max-width: 1024px) 100vw, 1024px\" \/><\/figure><\/div>\n\n\n\n<p>Cerca de 10,2 mil artefatos que datam do per\u00edodo pr\u00e9-colonial foram descobertos durante uma escava\u00e7\u00e3o realizada no Parque Estadual Serra das Andorinhas, em S\u00e3o Geraldo do Araguaia, <a href=\"https:\/\/aventurasnahistoria.uol.com.br\/noticias\/historia-hoje\/no-para-nasce-bezerro-de-duas-cabecas-e-dois-rabos.phtml\" rel=\"noreferrer noopener\" target=\"_blank\">no Par\u00e1.<\/a><br>O resultado do projeto, empreendido por estudantes e professores da especializa\u00e7\u00e3o em Cultura Material e Arqueologia da Universidade de Passo Fundo (UPF), foi divulgado em um comunicado da institui\u00e7\u00e3o na \u00faltima sexta-feira (26).<br>Segundo a nota da UPF, repercutida pela <em><span class=\"has-inline-color has-black-color\">revista Galileu<\/span><\/em>, as descobertas <a href=\"https:\/\/aventurasnahistoria.uol.com.br\/noticias\/historia-hoje\/maior-trairao-do-brasil-e-capturado-e-pescador-quer-entrar-para-o-recorde-mundial.phtml\" rel=\"noreferrer noopener\" target=\"_blank\">feitas na Vila de Santa Cruz<\/a>, \u201cum dos maiores s\u00edtios arqueol\u00f3gicos de arte rupestre a c\u00e9u aberto do mundo\u201d, incluem fragmentos de\u00a0<a href=\"https:\/\/aventurasnahistoria.uol.com.br\/noticias\/historia-hoje\/pecas-de-rara-espada-viking-sao-encaixadas-como-quebra-cabeca-apos-1200-anos.phtml\" rel=\"noreferrer noopener\" target=\"_blank\">poss\u00edveis utens\u00edlios<\/a>, como vasilhames cer\u00e2micos.<\/p>\n\n\n\n<div class=\"wp-block-image\"><figure class=\"aligncenter size-large is-resized\"><img loading=\"lazy\" decoding=\"async\" src=\"https:\/\/jornalfatosenoticias.com.br\/wp-content\/uploads\/2022\/07\/Logo-Grupo-SEI.jpg\" alt=\"\" class=\"wp-image-31973\" width=\"309\" height=\"162\" srcset=\"https:\/\/jornalfatosenoticias.com.br\/wp-content\/uploads\/2022\/07\/Logo-Grupo-SEI.jpg 713w, https:\/\/jornalfatosenoticias.com.br\/wp-content\/uploads\/2022\/07\/Logo-Grupo-SEI-300x158.jpg 300w\" sizes=\"auto, (max-width: 309px) 100vw, 309px\" \/><\/figure><\/div>\n\n\n\n<figure class=\"wp-block-image size-large\"><img loading=\"lazy\" decoding=\"async\" width=\"1000\" height=\"562\" src=\"https:\/\/jornalfatosenoticias.com.br\/wp-content\/uploads\/2022\/08\/arqueologia_Para.jpg\" alt=\"\" class=\"wp-image-33677\" srcset=\"https:\/\/jornalfatosenoticias.com.br\/wp-content\/uploads\/2022\/08\/arqueologia_Para.jpg 1000w, https:\/\/jornalfatosenoticias.com.br\/wp-content\/uploads\/2022\/08\/arqueologia_Para-300x169.jpg 300w, https:\/\/jornalfatosenoticias.com.br\/wp-content\/uploads\/2022\/08\/arqueologia_Para-768x432.jpg 768w\" sizes=\"auto, (max-width: 1000px) 100vw, 1000px\" \/><figcaption><em><span class=\"has-inline-color has-black-color\">Artefatos encontrados na escava\u00e7\u00e3o em S\u00e3o Geraldo do Araguaia, no Par\u00e1 (Foto: Divulga\u00e7\u00e3o\/Universidade de Passo Fundo)<\/span><\/em><\/figcaption><\/figure>\n\n\n\n<div class=\"wp-block-image\"><figure class=\"alignright size-large is-resized\"><img loading=\"lazy\" decoding=\"async\" src=\"https:\/\/jornalfatosenoticias.com.br\/wp-content\/uploads\/2020\/02\/CASA-DO-TORRESMO_PORTAL.jpg\" alt=\"\" class=\"wp-image-33487\" width=\"241\" height=\"183\"\/><\/figure><\/div>\n\n\n\n<p>A professora Dra. <strong>Jacqueline Ahlert <\/strong>explicou que o estudo, realizado por um grupo de 25 estudantes supervisionados por quatro docentes, teve o objetivo de mapear processos diferentes da hist\u00f3ria da regi\u00e3o.<br>Com isso, foi poss\u00edvel entender como ocorreram as ocupa\u00e7\u00f5es pr\u00e9-coloniais, que contam com muita presen\u00e7a de cer\u00e2mica e material l\u00edtico, at\u00e9 a ocupa\u00e7\u00e3o hist\u00f3rica mais recente, j\u00e1 que, atualmente, h\u00e1 uma pequena vila de moradores no <a href=\"https:\/\/aventurasnahistoria.uol.com.br\/noticias\/historia-hoje\/mulher-descobre-artefato-romano-de-18-mil-anos-em-estabulo.phtml\" rel=\"noreferrer noopener\" target=\"_blank\">s\u00edtio arqueol\u00f3gico<\/a>.<\/p>\n\n\n\n<div class=\"wp-block-image\"><figure class=\"aligncenter size-large is-resized\"><img loading=\"lazy\" decoding=\"async\" src=\"https:\/\/jornalfatosenoticias.com.br\/wp-content\/uploads\/2020\/02\/LOGO-EMBCIA-34-ANOS-1.jpg\" alt=\"\" class=\"wp-image-33579\" width=\"301\" height=\"168\"\/><\/figure><\/div>\n\n\n\n<p><strong><span class=\"has-inline-color has-black-color\">Potencial cient\u00edfico<br><\/span><\/strong>Para <strong>Ahlert,<\/strong> \u201cos processos hist\u00f3ricos pelos quais as pessoas passaram tamb\u00e9m s\u00e3o evidenciados na pesquisa arqueol\u00f3gica\u201d.<\/p>\n\n\n\n<div class=\"wp-block-image\"><figure class=\"aligncenter size-large\"><img loading=\"lazy\" decoding=\"async\" width=\"300\" height=\"250\" src=\"https:\/\/jornalfatosenoticias.com.br\/wp-content\/uploads\/2022\/08\/arte-Casarao.jpg\" alt=\"\" class=\"wp-image-33178\"\/><\/figure><\/div>\n\n\n\n<blockquote class=\"wp-block-quote is-layout-flow wp-block-quote-is-layout-flow\"><p><span class=\"has-inline-color has-luminous-vivid-orange-color\">\u201cBuscamos ampliar o levantamento arqueol\u00f3gico na \u00e1rea da Serra das Andorinhas e aprofundar os conhecimentos a respeito do registro arqueol\u00f3gico contido nessa \u00e1rea de estudo, que apresenta um alto potencial cient\u00edfico, de acordo com estudos preliminares desenvolvidos na \u00e1rea nas \u00faltimas d\u00e9cadas\u201d, acrescentou.<\/span><\/p><\/blockquote>\n\n\n\n<div class=\"wp-block-image\"><figure class=\"aligncenter size-large\"><img loading=\"lazy\" decoding=\"async\" width=\"1024\" height=\"99\" src=\"https:\/\/jornalfatosenoticias.com.br\/wp-content\/uploads\/2020\/02\/Logo-Mizu-segunda-2-1024x99.png\" alt=\"\" class=\"wp-image-2353\" srcset=\"https:\/\/jornalfatosenoticias.com.br\/wp-content\/uploads\/2020\/02\/Logo-Mizu-segunda-2-1024x99.png 1024w, https:\/\/jornalfatosenoticias.com.br\/wp-content\/uploads\/2020\/02\/Logo-Mizu-segunda-2-300x29.png 300w, https:\/\/jornalfatosenoticias.com.br\/wp-content\/uploads\/2020\/02\/Logo-Mizu-segunda-2-768x74.png 768w, https:\/\/jornalfatosenoticias.com.br\/wp-content\/uploads\/2020\/02\/Logo-Mizu-segunda-2.png 1240w\" sizes=\"auto, (max-width: 1024px) 100vw, 1024px\" \/><\/figure><\/div>\n\n\n\n<p><strong><em>Fonte: <a href=\"https:\/\/aventurasnahistoria.uol.com.br\/noticias\/historia-hoje\/mais-de-10-mil-artefatos-pre-coloniais-sao-descobertos-em-escavacao-no-para.phtml\">Aventuras na Hist\u00f3ria<\/a><\/em><\/strong><\/p>\n","protected":false},"excerpt":{"rendered":"<p>Objetos foram encontrados em S\u00e3o Geraldo do Araguaia e revelam detalhes sobre o passado da regi\u00e3o Cerca de 10,2 mil artefatos que datam do per\u00edodo pr\u00e9-colonial foram descobertos durante uma escava\u00e7\u00e3o realizada no Parque Estadual Serra das Andorinhas, em S\u00e3o Geraldo do Araguaia, no Par\u00e1.O resultado do projeto, empreendido por estudantes e professores da especializa\u00e7\u00e3o [&hellip;]<\/p>\n","protected":false},"author":2,"featured_media":33678,"comment_status":"open","ping_status":"open","sticky":false,"template":"","format":"standard","meta":{"footnotes":""},"categories":[9808],"tags":[1478,3789,249,940,15821],"class_list":["post-33676","post","type-post","status-publish","format-standard","has-post-thumbnail","hentry","category-paleo-arqueologia","tag-arqueologia","tag-escavacao","tag-historia","tag-para","tag-pre-colonial"],"yoast_head":"<!-- This site is optimized with the Yoast SEO plugin v26.5 - https:\/\/yoast.com\/wordpress\/plugins\/seo\/ -->\n<title>Mais de 10 mil artefatos pr\u00e9-coloniais s\u00e3o descobertos em escava\u00e7\u00e3o no Par\u00e1 - Jornal Fatos e Not\u00edcias<\/title>\n<meta name=\"robots\" content=\"index, follow, max-snippet:-1, max-image-preview:large, max-video-preview:-1\" \/>\n<link rel=\"canonical\" href=\"https:\/\/jornalfatosenoticias.com.br\/index.php\/2022\/08\/30\/mais-de-10-mil-artefatos-pre-coloniais-sao-descobertos-em-escavacao-no-para\/\" \/>\n<meta property=\"og:locale\" content=\"pt_BR\" \/>\n<meta property=\"og:type\" content=\"article\" \/>\n<meta property=\"og:title\" content=\"Mais de 10 mil artefatos pr\u00e9-coloniais s\u00e3o descobertos em escava\u00e7\u00e3o no Par\u00e1 - Jornal Fatos e Not\u00edcias\" \/>\n<meta property=\"og:description\" content=\"Objetos foram encontrados em S\u00e3o Geraldo do Araguaia e revelam detalhes sobre o passado da regi\u00e3o Cerca de 10,2 mil artefatos que datam do per\u00edodo pr\u00e9-colonial foram descobertos durante uma escava\u00e7\u00e3o realizada no Parque Estadual Serra das Andorinhas, em S\u00e3o Geraldo do Araguaia, no Par\u00e1.O resultado do projeto, empreendido por estudantes e professores da especializa\u00e7\u00e3o [&hellip;]\" \/>\n<meta property=\"og:url\" content=\"https:\/\/jornalfatosenoticias.com.br\/index.php\/2022\/08\/30\/mais-de-10-mil-artefatos-pre-coloniais-sao-descobertos-em-escavacao-no-para\/\" \/>\n<meta property=\"og:site_name\" content=\"Jornal Fatos e Not\u00edcias\" \/>\n<meta property=\"article:published_time\" content=\"2022-08-30T14:01:33+00:00\" \/>\n<meta property=\"article:modified_time\" content=\"2022-08-30T14:01:37+00:00\" \/>\n<meta property=\"og:image\" content=\"https:\/\/jornalfatosenoticias.com.br\/wp-content\/uploads\/2022\/08\/arqueologia_Para2.jpg\" \/>\n\t<meta property=\"og:image:width\" content=\"1000\" \/>\n\t<meta property=\"og:image:height\" content=\"562\" \/>\n\t<meta property=\"og:image:type\" content=\"image\/jpeg\" \/>\n<meta name=\"author\" content=\"Luzimara Fernandes\" \/>\n<meta name=\"twitter:card\" content=\"summary_large_image\" \/>\n<meta name=\"twitter:label1\" content=\"Escrito por\" \/>\n\t<meta name=\"twitter:data1\" content=\"Luzimara Fernandes\" \/>\n\t<meta name=\"twitter:label2\" content=\"Est. tempo de leitura\" \/>\n\t<meta name=\"twitter:data2\" content=\"2 minutos\" \/>\n<script type=\"application\/ld+json\" class=\"yoast-schema-graph\">{\"@context\":\"https:\/\/schema.org\",\"@graph\":[{\"@type\":\"Article\",\"@id\":\"https:\/\/jornalfatosenoticias.com.br\/index.php\/2022\/08\/30\/mais-de-10-mil-artefatos-pre-coloniais-sao-descobertos-em-escavacao-no-para\/#article\",\"isPartOf\":{\"@id\":\"https:\/\/jornalfatosenoticias.com.br\/index.php\/2022\/08\/30\/mais-de-10-mil-artefatos-pre-coloniais-sao-descobertos-em-escavacao-no-para\/\"},\"author\":{\"name\":\"Luzimara Fernandes\",\"@id\":\"https:\/\/jornalfatosenoticias.com.br\/#\/schema\/person\/d63837fa13ac8666eb9e74e0985d6f81\"},\"headline\":\"Mais de 10 mil artefatos pr\u00e9-coloniais s\u00e3o descobertos em escava\u00e7\u00e3o no Par\u00e1\",\"datePublished\":\"2022-08-30T14:01:33+00:00\",\"dateModified\":\"2022-08-30T14:01:37+00:00\",\"mainEntityOfPage\":{\"@id\":\"https:\/\/jornalfatosenoticias.com.br\/index.php\/2022\/08\/30\/mais-de-10-mil-artefatos-pre-coloniais-sao-descobertos-em-escavacao-no-para\/\"},\"wordCount\":317,\"commentCount\":0,\"publisher\":{\"@id\":\"https:\/\/jornalfatosenoticias.com.br\/#organization\"},\"image\":{\"@id\":\"https:\/\/jornalfatosenoticias.com.br\/index.php\/2022\/08\/30\/mais-de-10-mil-artefatos-pre-coloniais-sao-descobertos-em-escavacao-no-para\/#primaryimage\"},\"thumbnailUrl\":\"https:\/\/jornalfatosenoticias.com.br\/wp-content\/uploads\/2022\/08\/arqueologia_Para2.jpg\",\"keywords\":[\"arqueologia\",\"escava\u00e7\u00e3o\",\"hist\u00f3ria\",\"Par\u00e1\",\"Pr\u00e9-colonial\"],\"articleSection\":[\"Paleo &amp; Arqueologia\"],\"inLanguage\":\"pt-BR\",\"potentialAction\":[{\"@type\":\"CommentAction\",\"name\":\"Comment\",\"target\":[\"https:\/\/jornalfatosenoticias.com.br\/index.php\/2022\/08\/30\/mais-de-10-mil-artefatos-pre-coloniais-sao-descobertos-em-escavacao-no-para\/#respond\"]}]},{\"@type\":\"WebPage\",\"@id\":\"https:\/\/jornalfatosenoticias.com.br\/index.php\/2022\/08\/30\/mais-de-10-mil-artefatos-pre-coloniais-sao-descobertos-em-escavacao-no-para\/\",\"url\":\"https:\/\/jornalfatosenoticias.com.br\/index.php\/2022\/08\/30\/mais-de-10-mil-artefatos-pre-coloniais-sao-descobertos-em-escavacao-no-para\/\",\"name\":\"Mais de 10 mil artefatos pr\u00e9-coloniais s\u00e3o descobertos em escava\u00e7\u00e3o no Par\u00e1 - Jornal Fatos e Not\u00edcias\",\"isPartOf\":{\"@id\":\"https:\/\/jornalfatosenoticias.com.br\/#website\"},\"primaryImageOfPage\":{\"@id\":\"https:\/\/jornalfatosenoticias.com.br\/index.php\/2022\/08\/30\/mais-de-10-mil-artefatos-pre-coloniais-sao-descobertos-em-escavacao-no-para\/#primaryimage\"},\"image\":{\"@id\":\"https:\/\/jornalfatosenoticias.com.br\/index.php\/2022\/08\/30\/mais-de-10-mil-artefatos-pre-coloniais-sao-descobertos-em-escavacao-no-para\/#primaryimage\"},\"thumbnailUrl\":\"https:\/\/jornalfatosenoticias.com.br\/wp-content\/uploads\/2022\/08\/arqueologia_Para2.jpg\",\"datePublished\":\"2022-08-30T14:01:33+00:00\",\"dateModified\":\"2022-08-30T14:01:37+00:00\",\"breadcrumb\":{\"@id\":\"https:\/\/jornalfatosenoticias.com.br\/index.php\/2022\/08\/30\/mais-de-10-mil-artefatos-pre-coloniais-sao-descobertos-em-escavacao-no-para\/#breadcrumb\"},\"inLanguage\":\"pt-BR\",\"potentialAction\":[{\"@type\":\"ReadAction\",\"target\":[\"https:\/\/jornalfatosenoticias.com.br\/index.php\/2022\/08\/30\/mais-de-10-mil-artefatos-pre-coloniais-sao-descobertos-em-escavacao-no-para\/\"]}]},{\"@type\":\"ImageObject\",\"inLanguage\":\"pt-BR\",\"@id\":\"https:\/\/jornalfatosenoticias.com.br\/index.php\/2022\/08\/30\/mais-de-10-mil-artefatos-pre-coloniais-sao-descobertos-em-escavacao-no-para\/#primaryimage\",\"url\":\"https:\/\/jornalfatosenoticias.com.br\/wp-content\/uploads\/2022\/08\/arqueologia_Para2.jpg\",\"contentUrl\":\"https:\/\/jornalfatosenoticias.com.br\/wp-content\/uploads\/2022\/08\/arqueologia_Para2.jpg\",\"width\":1000,\"height\":562},{\"@type\":\"BreadcrumbList\",\"@id\":\"https:\/\/jornalfatosenoticias.com.br\/index.php\/2022\/08\/30\/mais-de-10-mil-artefatos-pre-coloniais-sao-descobertos-em-escavacao-no-para\/#breadcrumb\",\"itemListElement\":[{\"@type\":\"ListItem\",\"position\":1,\"name\":\"In\u00edcio\",\"item\":\"https:\/\/jornalfatosenoticias.com.br\/\"},{\"@type\":\"ListItem\",\"position\":2,\"name\":\"Mais de 10 mil artefatos pr\u00e9-coloniais s\u00e3o descobertos em escava\u00e7\u00e3o no Par\u00e1\"}]},{\"@type\":\"WebSite\",\"@id\":\"https:\/\/jornalfatosenoticias.com.br\/#website\",\"url\":\"https:\/\/jornalfatosenoticias.com.br\/\",\"name\":\"Jornal Fatos e Not\u00edcias\",\"description\":\"Not\u00edcias em geral\",\"publisher\":{\"@id\":\"https:\/\/jornalfatosenoticias.com.br\/#organization\"},\"potentialAction\":[{\"@type\":\"SearchAction\",\"target\":{\"@type\":\"EntryPoint\",\"urlTemplate\":\"https:\/\/jornalfatosenoticias.com.br\/?s={search_term_string}\"},\"query-input\":{\"@type\":\"PropertyValueSpecification\",\"valueRequired\":true,\"valueName\":\"search_term_string\"}}],\"inLanguage\":\"pt-BR\"},{\"@type\":\"Organization\",\"@id\":\"https:\/\/jornalfatosenoticias.com.br\/#organization\",\"name\":\"Jornal Fatos e Not\u00edcias\",\"url\":\"https:\/\/jornalfatosenoticias.com.br\/\",\"logo\":{\"@type\":\"ImageObject\",\"inLanguage\":\"pt-BR\",\"@id\":\"https:\/\/jornalfatosenoticias.com.br\/#\/schema\/logo\/image\/\",\"url\":\"https:\/\/jornalfatosenoticias.com.br\/wp-content\/uploads\/2020\/02\/logo120.png\",\"contentUrl\":\"https:\/\/jornalfatosenoticias.com.br\/wp-content\/uploads\/2020\/02\/logo120.png\",\"width\":1227,\"height\":120,\"caption\":\"Jornal Fatos e Not\u00edcias\"},\"image\":{\"@id\":\"https:\/\/jornalfatosenoticias.com.br\/#\/schema\/logo\/image\/\"}},{\"@type\":\"Person\",\"@id\":\"https:\/\/jornalfatosenoticias.com.br\/#\/schema\/person\/d63837fa13ac8666eb9e74e0985d6f81\",\"name\":\"Luzimara Fernandes\",\"image\":{\"@type\":\"ImageObject\",\"inLanguage\":\"pt-BR\",\"@id\":\"https:\/\/jornalfatosenoticias.com.br\/#\/schema\/person\/image\/\",\"url\":\"https:\/\/jornalfatosenoticias.com.br\/wp-content\/uploads\/2025\/05\/EU_portal.jpg\",\"contentUrl\":\"https:\/\/jornalfatosenoticias.com.br\/wp-content\/uploads\/2025\/05\/EU_portal.jpg\",\"caption\":\"Luzimara Fernandes\"},\"description\":\"Jornalista MTB 2358-ES\",\"sameAs\":[\"https:\/\/jornalfatosenoticias.com.br\"],\"url\":\"https:\/\/jornalfatosenoticias.com.br\/index.php\/author\/luzimara\/\"}]}<\/script>\n<!-- \/ Yoast SEO plugin. -->","yoast_head_json":{"title":"Mais de 10 mil artefatos pr\u00e9-coloniais s\u00e3o descobertos em escava\u00e7\u00e3o no Par\u00e1 - Jornal Fatos e Not\u00edcias","robots":{"index":"index","follow":"follow","max-snippet":"max-snippet:-1","max-image-preview":"max-image-preview:large","max-video-preview":"max-video-preview:-1"},"canonical":"https:\/\/jornalfatosenoticias.com.br\/index.php\/2022\/08\/30\/mais-de-10-mil-artefatos-pre-coloniais-sao-descobertos-em-escavacao-no-para\/","og_locale":"pt_BR","og_type":"article","og_title":"Mais de 10 mil artefatos pr\u00e9-coloniais s\u00e3o descobertos em escava\u00e7\u00e3o no Par\u00e1 - Jornal Fatos e Not\u00edcias","og_description":"Objetos foram encontrados em S\u00e3o Geraldo do Araguaia e revelam detalhes sobre o passado da regi\u00e3o Cerca de 10,2 mil artefatos que datam do per\u00edodo pr\u00e9-colonial foram descobertos durante uma escava\u00e7\u00e3o realizada no Parque Estadual Serra das Andorinhas, em S\u00e3o Geraldo do Araguaia, no Par\u00e1.O resultado do projeto, empreendido por estudantes e professores da especializa\u00e7\u00e3o [&hellip;]","og_url":"https:\/\/jornalfatosenoticias.com.br\/index.php\/2022\/08\/30\/mais-de-10-mil-artefatos-pre-coloniais-sao-descobertos-em-escavacao-no-para\/","og_site_name":"Jornal Fatos e Not\u00edcias","article_published_time":"2022-08-30T14:01:33+00:00","article_modified_time":"2022-08-30T14:01:37+00:00","og_image":[{"width":1000,"height":562,"url":"https:\/\/jornalfatosenoticias.com.br\/wp-content\/uploads\/2022\/08\/arqueologia_Para2.jpg","type":"image\/jpeg"}],"author":"Luzimara Fernandes","twitter_card":"summary_large_image","twitter_misc":{"Escrito por":"Luzimara Fernandes","Est. tempo de leitura":"2 minutos"},"schema":{"@context":"https:\/\/schema.org","@graph":[{"@type":"Article","@id":"https:\/\/jornalfatosenoticias.com.br\/index.php\/2022\/08\/30\/mais-de-10-mil-artefatos-pre-coloniais-sao-descobertos-em-escavacao-no-para\/#article","isPartOf":{"@id":"https:\/\/jornalfatosenoticias.com.br\/index.php\/2022\/08\/30\/mais-de-10-mil-artefatos-pre-coloniais-sao-descobertos-em-escavacao-no-para\/"},"author":{"name":"Luzimara Fernandes","@id":"https:\/\/jornalfatosenoticias.com.br\/#\/schema\/person\/d63837fa13ac8666eb9e74e0985d6f81"},"headline":"Mais de 10 mil artefatos pr\u00e9-coloniais s\u00e3o descobertos em escava\u00e7\u00e3o no Par\u00e1","datePublished":"2022-08-30T14:01:33+00:00","dateModified":"2022-08-30T14:01:37+00:00","mainEntityOfPage":{"@id":"https:\/\/jornalfatosenoticias.com.br\/index.php\/2022\/08\/30\/mais-de-10-mil-artefatos-pre-coloniais-sao-descobertos-em-escavacao-no-para\/"},"wordCount":317,"commentCount":0,"publisher":{"@id":"https:\/\/jornalfatosenoticias.com.br\/#organization"},"image":{"@id":"https:\/\/jornalfatosenoticias.com.br\/index.php\/2022\/08\/30\/mais-de-10-mil-artefatos-pre-coloniais-sao-descobertos-em-escavacao-no-para\/#primaryimage"},"thumbnailUrl":"https:\/\/jornalfatosenoticias.com.br\/wp-content\/uploads\/2022\/08\/arqueologia_Para2.jpg","keywords":["arqueologia","escava\u00e7\u00e3o","hist\u00f3ria","Par\u00e1","Pr\u00e9-colonial"],"articleSection":["Paleo &amp; Arqueologia"],"inLanguage":"pt-BR","potentialAction":[{"@type":"CommentAction","name":"Comment","target":["https:\/\/jornalfatosenoticias.com.br\/index.php\/2022\/08\/30\/mais-de-10-mil-artefatos-pre-coloniais-sao-descobertos-em-escavacao-no-para\/#respond"]}]},{"@type":"WebPage","@id":"https:\/\/jornalfatosenoticias.com.br\/index.php\/2022\/08\/30\/mais-de-10-mil-artefatos-pre-coloniais-sao-descobertos-em-escavacao-no-para\/","url":"https:\/\/jornalfatosenoticias.com.br\/index.php\/2022\/08\/30\/mais-de-10-mil-artefatos-pre-coloniais-sao-descobertos-em-escavacao-no-para\/","name":"Mais de 10 mil artefatos pr\u00e9-coloniais s\u00e3o descobertos em escava\u00e7\u00e3o no Par\u00e1 - Jornal Fatos e Not\u00edcias","isPartOf":{"@id":"https:\/\/jornalfatosenoticias.com.br\/#website"},"primaryImageOfPage":{"@id":"https:\/\/jornalfatosenoticias.com.br\/index.php\/2022\/08\/30\/mais-de-10-mil-artefatos-pre-coloniais-sao-descobertos-em-escavacao-no-para\/#primaryimage"},"image":{"@id":"https:\/\/jornalfatosenoticias.com.br\/index.php\/2022\/08\/30\/mais-de-10-mil-artefatos-pre-coloniais-sao-descobertos-em-escavacao-no-para\/#primaryimage"},"thumbnailUrl":"https:\/\/jornalfatosenoticias.com.br\/wp-content\/uploads\/2022\/08\/arqueologia_Para2.jpg","datePublished":"2022-08-30T14:01:33+00:00","dateModified":"2022-08-30T14:01:37+00:00","breadcrumb":{"@id":"https:\/\/jornalfatosenoticias.com.br\/index.php\/2022\/08\/30\/mais-de-10-mil-artefatos-pre-coloniais-sao-descobertos-em-escavacao-no-para\/#breadcrumb"},"inLanguage":"pt-BR","potentialAction":[{"@type":"ReadAction","target":["https:\/\/jornalfatosenoticias.com.br\/index.php\/2022\/08\/30\/mais-de-10-mil-artefatos-pre-coloniais-sao-descobertos-em-escavacao-no-para\/"]}]},{"@type":"ImageObject","inLanguage":"pt-BR","@id":"https:\/\/jornalfatosenoticias.com.br\/index.php\/2022\/08\/30\/mais-de-10-mil-artefatos-pre-coloniais-sao-descobertos-em-escavacao-no-para\/#primaryimage","url":"https:\/\/jornalfatosenoticias.com.br\/wp-content\/uploads\/2022\/08\/arqueologia_Para2.jpg","contentUrl":"https:\/\/jornalfatosenoticias.com.br\/wp-content\/uploads\/2022\/08\/arqueologia_Para2.jpg","width":1000,"height":562},{"@type":"BreadcrumbList","@id":"https:\/\/jornalfatosenoticias.com.br\/index.php\/2022\/08\/30\/mais-de-10-mil-artefatos-pre-coloniais-sao-descobertos-em-escavacao-no-para\/#breadcrumb","itemListElement":[{"@type":"ListItem","position":1,"name":"In\u00edcio","item":"https:\/\/jornalfatosenoticias.com.br\/"},{"@type":"ListItem","position":2,"name":"Mais de 10 mil artefatos pr\u00e9-coloniais s\u00e3o descobertos em escava\u00e7\u00e3o no Par\u00e1"}]},{"@type":"WebSite","@id":"https:\/\/jornalfatosenoticias.com.br\/#website","url":"https:\/\/jornalfatosenoticias.com.br\/","name":"Jornal Fatos e Not\u00edcias","description":"Not\u00edcias em geral","publisher":{"@id":"https:\/\/jornalfatosenoticias.com.br\/#organization"},"potentialAction":[{"@type":"SearchAction","target":{"@type":"EntryPoint","urlTemplate":"https:\/\/jornalfatosenoticias.com.br\/?s={search_term_string}"},"query-input":{"@type":"PropertyValueSpecification","valueRequired":true,"valueName":"search_term_string"}}],"inLanguage":"pt-BR"},{"@type":"Organization","@id":"https:\/\/jornalfatosenoticias.com.br\/#organization","name":"Jornal Fatos e Not\u00edcias","url":"https:\/\/jornalfatosenoticias.com.br\/","logo":{"@type":"ImageObject","inLanguage":"pt-BR","@id":"https:\/\/jornalfatosenoticias.com.br\/#\/schema\/logo\/image\/","url":"https:\/\/jornalfatosenoticias.com.br\/wp-content\/uploads\/2020\/02\/logo120.png","contentUrl":"https:\/\/jornalfatosenoticias.com.br\/wp-content\/uploads\/2020\/02\/logo120.png","width":1227,"height":120,"caption":"Jornal Fatos e Not\u00edcias"},"image":{"@id":"https:\/\/jornalfatosenoticias.com.br\/#\/schema\/logo\/image\/"}},{"@type":"Person","@id":"https:\/\/jornalfatosenoticias.com.br\/#\/schema\/person\/d63837fa13ac8666eb9e74e0985d6f81","name":"Luzimara Fernandes","image":{"@type":"ImageObject","inLanguage":"pt-BR","@id":"https:\/\/jornalfatosenoticias.com.br\/#\/schema\/person\/image\/","url":"https:\/\/jornalfatosenoticias.com.br\/wp-content\/uploads\/2025\/05\/EU_portal.jpg","contentUrl":"https:\/\/jornalfatosenoticias.com.br\/wp-content\/uploads\/2025\/05\/EU_portal.jpg","caption":"Luzimara Fernandes"},"description":"Jornalista MTB 2358-ES","sameAs":["https:\/\/jornalfatosenoticias.com.br"],"url":"https:\/\/jornalfatosenoticias.com.br\/index.php\/author\/luzimara\/"}]}},"cc_featured_image_caption":{"caption_text":"(Foto: Divulga\u00e7\u00e3o\/UPF) ","source_text":"","source_url":""},"jetpack_featured_media_url":"https:\/\/jornalfatosenoticias.com.br\/wp-content\/uploads\/2022\/08\/arqueologia_Para2.jpg","_links":{"self":[{"href":"https:\/\/jornalfatosenoticias.com.br\/index.php\/wp-json\/wp\/v2\/posts\/33676","targetHints":{"allow":["GET"]}}],"collection":[{"href":"https:\/\/jornalfatosenoticias.com.br\/index.php\/wp-json\/wp\/v2\/posts"}],"about":[{"href":"https:\/\/jornalfatosenoticias.com.br\/index.php\/wp-json\/wp\/v2\/types\/post"}],"author":[{"embeddable":true,"href":"https:\/\/jornalfatosenoticias.com.br\/index.php\/wp-json\/wp\/v2\/users\/2"}],"replies":[{"embeddable":true,"href":"https:\/\/jornalfatosenoticias.com.br\/index.php\/wp-json\/wp\/v2\/comments?post=33676"}],"version-history":[{"count":0,"href":"https:\/\/jornalfatosenoticias.com.br\/index.php\/wp-json\/wp\/v2\/posts\/33676\/revisions"}],"wp:featuredmedia":[{"embeddable":true,"href":"https:\/\/jornalfatosenoticias.com.br\/index.php\/wp-json\/wp\/v2\/media\/33678"}],"wp:attachment":[{"href":"https:\/\/jornalfatosenoticias.com.br\/index.php\/wp-json\/wp\/v2\/media?parent=33676"}],"wp:term":[{"taxonomy":"category","embeddable":true,"href":"https:\/\/jornalfatosenoticias.com.br\/index.php\/wp-json\/wp\/v2\/categories?post=33676"},{"taxonomy":"post_tag","embeddable":true,"href":"https:\/\/jornalfatosenoticias.com.br\/index.php\/wp-json\/wp\/v2\/tags?post=33676"}],"curies":[{"name":"wp","href":"https:\/\/api.w.org\/{rel}","templated":true}]}}