{"id":33709,"date":"2022-08-31T09:27:36","date_gmt":"2022-08-31T12:27:36","guid":{"rendered":"https:\/\/jornalfatosenoticias.com.br\/?p=33709"},"modified":"2022-08-31T09:27:37","modified_gmt":"2022-08-31T12:27:37","slug":"violencia-e-criminalidade-perda-do-fio-da-meada-parte-8","status":"publish","type":"post","link":"https:\/\/jornalfatosenoticias.com.br\/index.php\/2022\/08\/31\/violencia-e-criminalidade-perda-do-fio-da-meada-parte-8\/","title":{"rendered":"Viol\u00eancia e criminalidade: Perda do \u201cfio da meada\u201d\u2014 Parte 8"},"content":{"rendered":"\n<p><em><span class=\"has-inline-color has-black-color\">No abandono social, surge como alternativa para os \u201cfios da meada\u201d desconectados do grande tear, o ingresso no \u201cglamoroso\u201d universo das drogas il\u00edcitas, que come\u00e7am, na \u00e9poca, a ganhar for\u00e7a. E n\u00e3o para mais. E o poder p\u00fablico, por omiss\u00e3o, por incompreens\u00e3o, n\u00e3o se d\u00e1 conta da gravidade<\/span><\/em><\/p>\n\n\n\n<p><em><span class=\"has-inline-color has-luminous-vivid-orange-color\"><strong>Coluna\u00a0<\/strong>\u2014\u00a0<strong>Caf\u00e9 Coado,<\/strong>\u00a0com Jos\u00e9 Nivaldo Campos Vieira<\/span><\/em><\/p>\n\n\n\n<div class=\"wp-block-image\"><figure class=\"aligncenter size-large\"><img loading=\"lazy\" decoding=\"async\" width=\"1024\" height=\"100\" src=\"https:\/\/jornalfatosenoticias.com.br\/wp-content\/uploads\/2022\/05\/NOVA-LOGO-CESCONETTO-1024x100.jpg\" alt=\"\" class=\"wp-image-30792\" srcset=\"https:\/\/jornalfatosenoticias.com.br\/wp-content\/uploads\/2022\/05\/NOVA-LOGO-CESCONETTO-1024x100.jpg 1024w, https:\/\/jornalfatosenoticias.com.br\/wp-content\/uploads\/2022\/05\/NOVA-LOGO-CESCONETTO-300x29.jpg 300w, https:\/\/jornalfatosenoticias.com.br\/wp-content\/uploads\/2022\/05\/NOVA-LOGO-CESCONETTO-768x75.jpg 768w, https:\/\/jornalfatosenoticias.com.br\/wp-content\/uploads\/2022\/05\/NOVA-LOGO-CESCONETTO.jpg 1280w\" sizes=\"auto, (max-width: 1024px) 100vw, 1024px\" \/><\/figure><\/div>\n\n\n\n<p>Conforme falei no artigo anterior, vamos nos posicionar nos anos 80. Marcante para compreendermos o fen\u00f4meno da perda do \u201cfio da meada\u201d. Ainda muito jovem, h\u00e1 pouco mais de quatro d\u00e9cadas, no final da d\u00e9cada de 70 e in\u00edcio da de 80, passei, como integrante da estrutura policial, a acompanhar a quest\u00e3o da DEFESA SOCIAL, da viol\u00eancia e criminalidade.<br>Depois de ter conclu\u00eddo, em 1978, o curso de forma\u00e7\u00e3o de oficiais, na Academia de Pol\u00edcia Militar do Estado do Paran\u00e1, com dura\u00e7\u00e3o de tr\u00eas anos, passei a desenvolver atividades como policial militar do nosso Estado. Nessa \u00e9poca, e at\u00e9 o ano de 1992, os oficiais da PMES eram formados em outros Estados da Federa\u00e7\u00e3o. A maioria havia se preparado nas Academias do Rio de Janeiro e de Minas Gerais. A minha turma foi a primeira formada no Paran\u00e1. Excelente escola.<br>Enfim, formado, passei a integrar, como j\u00e1 mencionado, l\u00e1 nos idos da d\u00e9cada de 80, a estrutura do Estado cuja atribui\u00e7\u00e3o, nobre, \u00e9 a de prestar importante parcela de contribui\u00e7\u00e3o para a SEGURAN\u00c7A da sociedade.<\/p>\n\n\n\n<div class=\"wp-block-image\"><figure class=\"alignright size-large is-resized\"><img loading=\"lazy\" decoding=\"async\" src=\"https:\/\/jornalfatosenoticias.com.br\/wp-content\/uploads\/2022\/07\/Logo-Grupo-SEI.jpg\" alt=\"\" class=\"wp-image-31973\" width=\"357\" height=\"188\" srcset=\"https:\/\/jornalfatosenoticias.com.br\/wp-content\/uploads\/2022\/07\/Logo-Grupo-SEI.jpg 713w, https:\/\/jornalfatosenoticias.com.br\/wp-content\/uploads\/2022\/07\/Logo-Grupo-SEI-300x158.jpg 300w\" sizes=\"auto, (max-width: 357px) 100vw, 357px\" \/><\/figure><\/div>\n\n\n\n<p>Costuma-se comparar a \u00e1rdua atividade policial como sendo a de um sacerdote. H\u00e1 uma grande verdade nessa compara\u00e7\u00e3o. Ambos, policiais e sacerdotes, dedicam suas vidas em prol dos outros, as quais nem sempre conhecem, e s\u00e3o por esses reconhecidos. Os policiais v\u00e3o al\u00e9m. Juram que exercer\u00e3o as suas fun\u00e7\u00f5es, se preciso for, com sacrif\u00edcio de suas pr\u00f3prias vidas. E n\u00e3o s\u00e3o poucos os que a perdem.<br>A etimologia da palavra SEGURAN\u00c7A encerra em si mesma a sua import\u00e2ncia. Para nosso prop\u00f3sito aqui, do latim \u201csecurus\u201d, tem o sentido da aus\u00eancia da preocupa\u00e7\u00e3o (temor, medo) de que algo ruim possa acontecer. Est\u00e1 seguro (portanto sente-se protegido), quem tem a \u201csensa\u00e7\u00e3o\u201d de que tudo est\u00e1 bem, n\u00e3o se aventando a possibilidade de ser agredido, atacado, incomodado. \u00c9 a partir desse sentimento que se forma a desejada, clamada e esperada \u201cSENSA\u00c7\u00c3O DE SEGURAN\u00c7A\u201d.<\/p>\n\n\n\n<div class=\"wp-block-image\"><figure class=\"aligncenter size-large\"><img loading=\"lazy\" decoding=\"async\" width=\"1024\" height=\"100\" src=\"https:\/\/jornalfatosenoticias.com.br\/wp-content\/uploads\/2020\/02\/banner_ferramentas-1024x100.jpg\" alt=\"\" class=\"wp-image-1258\" srcset=\"https:\/\/jornalfatosenoticias.com.br\/wp-content\/uploads\/2020\/02\/banner_ferramentas-1024x100.jpg 1024w, https:\/\/jornalfatosenoticias.com.br\/wp-content\/uploads\/2020\/02\/banner_ferramentas-300x29.jpg 300w, https:\/\/jornalfatosenoticias.com.br\/wp-content\/uploads\/2020\/02\/banner_ferramentas-768x75.jpg 768w, https:\/\/jornalfatosenoticias.com.br\/wp-content\/uploads\/2020\/02\/banner_ferramentas.jpg 1227w\" sizes=\"auto, (max-width: 1024px) 100vw, 1024px\" \/><\/figure><\/div>\n\n\n\n<p>Na vida em sociedade, o fator SEGURAN\u00c7A proporciona condi\u00e7\u00f5es para que se preveja o futuro. Quanto menor o risco de que algo ruim possa acontecer, maior a \u201cSENSA\u00c7\u00c3O DE SEGURAN\u00c7A\u201d. Por outro lado (em seu oposto), qualquer fato (acontecimento, situa\u00e7\u00e3o) que comprometa, que ponha em risco a possibilidade de realiza\u00e7\u00e3o plena do futuro planejado, se constitui, na j\u00e1 conhecida dos brasileiros em geral, \u201cSENSA\u00c7\u00c3O DE INSEGURAN\u00c7A\u201d.<\/p>\n\n\n\n<div class=\"wp-block-image\"><figure class=\"aligncenter size-large is-resized\"><img loading=\"lazy\" decoding=\"async\" src=\"https:\/\/jornalfatosenoticias.com.br\/wp-content\/uploads\/2020\/02\/Serra-Grande-1024x160.png\" alt=\"\" class=\"wp-image-7836\" width=\"446\" height=\"69\"\/><\/figure><\/div>\n\n\n\n<p>No planejamento estrat\u00e9gico situacional, na an\u00e1lise prospectiva para a constru\u00e7\u00e3o de cen\u00e1rios, o tempo PASSADO e o tempo FUTURO, apesar das suas import\u00e2ncias, s\u00e3o apenas referenciais. O que existe, de fato, \u00e9 o tempo PRESENTE. O tempo PRESENTE hoje, j\u00e1 foi tempo FUTURO, no PASSADO. O tempo FUTURO de amanh\u00e3 est\u00e1 sendo constru\u00eddo hoje, portanto, no tempo PRESENTE.<\/p>\n\n\n\n<div class=\"wp-block-image\"><figure class=\"alignleft size-large is-resized\"><img loading=\"lazy\" decoding=\"async\" src=\"https:\/\/jornalfatosenoticias.com.br\/wp-content\/uploads\/2022\/08\/logo-locau-veiculos-1024x573.png\" alt=\"\" class=\"wp-image-33078\" width=\"343\" height=\"191\"\/><\/figure><\/div>\n\n\n\n<p>A quest\u00e3o da SEGURAN\u00c7A, ou mais especificamente, a falta dela HOJE, tem rela\u00e7\u00e3o com uma sucess\u00e3o de falhas acontecidas no passado. Decorrente de uma sequ\u00eancia acontecimentos que o sucederam, podemos situar a d\u00e9cada de 80 como marco para in\u00edcio do agravamento do problema. At\u00e9 ent\u00e3o, em nosso Estado, as quest\u00f5es relacionadas \u00e0 viol\u00eancia e criminalidade em rela\u00e7\u00e3o aos crimes contra o patrim\u00f4nio, eram pontuais, circunscrevendo-se, nos munic\u00edpios da Regi\u00e3o Metropolitana da Grande Vit\u00f3ria, a algumas poucas localidades.<\/p>\n\n\n\n<div class=\"wp-block-image\"><figure class=\"alignright size-large is-resized\"><img loading=\"lazy\" decoding=\"async\" src=\"https:\/\/jornalfatosenoticias.com.br\/wp-content\/uploads\/2020\/02\/CASA-DO-TORRESMO_PORTAL.jpg\" alt=\"\" class=\"wp-image-33487\" width=\"278\" height=\"210\"\/><\/figure><\/div>\n\n\n\n<p>Por quest\u00f5es hist\u00f3ricas, os crimes de homic\u00eddio sempre foram muito alto, em especial no interior do Estado, mas n\u00e3o tinham rela\u00e7\u00e3o com o flagelo de hoje: a quest\u00e3o do narcotr\u00e1fico. Os homic\u00eddios, praticados na modalidade de \u201cpistolagem\u201d, tinham por motiva\u00e7\u00f5es principais, a quest\u00e3o da posse de terras, as disputas de poder pol\u00edtico, e casos de desrespeitos familiares.<br>Com o crescimento desordenado na Regi\u00e3o Metropolitana p\u00f3s-d\u00e9cada de 60\/70, com forte reflexo na d\u00e9cada de 80, come\u00e7a a surgir a preocupa\u00e7\u00e3o em rela\u00e7\u00e3o aos crimes contra o patrim\u00f4nio, e com esta, de forma lenta e silenciosa, surge uma modalidade dram\u00e1tica para lidar com o problema: grupos de \u201cjusticeiros\u201d, identificados como integrantes do que passou a ser identificado como sendo um \u201cesquadr\u00e3o da morte\u201d.<\/p>\n\n\n\n<div class=\"wp-block-image\"><figure class=\"aligncenter size-large\"><img loading=\"lazy\" decoding=\"async\" width=\"729\" height=\"90\" src=\"https:\/\/jornalfatosenoticias.com.br\/wp-content\/uploads\/2020\/02\/Logo_Mizu.png\" alt=\"\" class=\"wp-image-1441\" srcset=\"https:\/\/jornalfatosenoticias.com.br\/wp-content\/uploads\/2020\/02\/Logo_Mizu.png 729w, https:\/\/jornalfatosenoticias.com.br\/wp-content\/uploads\/2020\/02\/Logo_Mizu-300x37.png 300w\" sizes=\"auto, (max-width: 729px) 100vw, 729px\" \/><\/figure><\/div>\n\n\n\n<p>Formados, ou com forte participa\u00e7\u00e3o de policiais, atuando como \u201crepresentantes\u201d de um \u201cestado paralelo\u201d, assumiam a tarefa de \u201cfazer justi\u00e7a\u201d com as pr\u00f3prias m\u00e3os. Assim, passaram a \u201celiminar\u201d, a partir de seus julgamentos, os \u201cbandidos\u201d; mas tamb\u00e9m, como n\u00e3o poderia deixar de ser, os inimigos pol\u00edticos, os desafetos por qualquer motivo. Ou seja, em nome de \u201ccombater\u201d o crime, o praticavam, de forma mais torpe.<\/p>\n\n\n\n<figure class=\"wp-block-image size-large\"><img loading=\"lazy\" decoding=\"async\" width=\"1000\" height=\"562\" src=\"https:\/\/jornalfatosenoticias.com.br\/wp-content\/uploads\/2022\/08\/scuderie-lecocq.jpg\" alt=\"\" class=\"wp-image-33710\" srcset=\"https:\/\/jornalfatosenoticias.com.br\/wp-content\/uploads\/2022\/08\/scuderie-lecocq.jpg 1000w, https:\/\/jornalfatosenoticias.com.br\/wp-content\/uploads\/2022\/08\/scuderie-lecocq-300x169.jpg 300w, https:\/\/jornalfatosenoticias.com.br\/wp-content\/uploads\/2022\/08\/scuderie-lecocq-768x432.jpg 768w\" sizes=\"auto, (max-width: 1000px) 100vw, 1000px\" \/><figcaption><em><span class=\"has-inline-color has-black-color\">A Scuderie Le Cocq foi considerada a primeira organiza\u00e7\u00e3o de justiceiros do Brasil (Foto: Reprodu\u00e7\u00e3o YouTube)<\/span><\/em><\/figcaption><\/figure>\n\n\n\n<div class=\"wp-block-image\"><figure class=\"aligncenter size-large is-resized\"><img loading=\"lazy\" decoding=\"async\" src=\"https:\/\/jornalfatosenoticias.com.br\/wp-content\/uploads\/2020\/02\/Suinco-1024x389.jpg\" alt=\"\" class=\"wp-image-28883\" width=\"335\" height=\"127\" srcset=\"https:\/\/jornalfatosenoticias.com.br\/wp-content\/uploads\/2020\/02\/Suinco-1024x389.jpg 1024w, https:\/\/jornalfatosenoticias.com.br\/wp-content\/uploads\/2020\/02\/Suinco-300x114.jpg 300w, https:\/\/jornalfatosenoticias.com.br\/wp-content\/uploads\/2020\/02\/Suinco-768x292.jpg 768w, https:\/\/jornalfatosenoticias.com.br\/wp-content\/uploads\/2020\/02\/Suinco.jpg 1220w\" sizes=\"auto, (max-width: 335px) 100vw, 335px\" \/><\/figure><\/div>\n\n\n\n<p>No Estado do Esp\u00edrito Santo, tal modalidade delitiva ganhou destaques no in\u00edcio dos anos 80, com a funda\u00e7\u00e3o aqui de uma \u201cfilial\u201d da Escuderie Le Cocq. A Le Cocq capixaba ganhou muito \u201cprest\u00edgio\u201d e for\u00e7a, at\u00e9 mais que em seu Estado de Origem, o Rio de Janeiro. Teve atua\u00e7\u00e3o em terras capixabas por quase duas d\u00e9cadas, sendo colocada na ilegalidade, por decis\u00e3o judicial, em 2004. Durante sua atua\u00e7\u00e3o, contribuiu de forma decisiva para o esgar\u00e7amento da estrutura de seguran\u00e7a p\u00fablica no Estado.<\/p>\n\n\n\n<div class=\"wp-block-image\"><figure class=\"alignleft size-large\"><img loading=\"lazy\" decoding=\"async\" width=\"300\" height=\"250\" src=\"https:\/\/jornalfatosenoticias.com.br\/wp-content\/uploads\/2022\/08\/arte-Casarao.jpg\" alt=\"\" class=\"wp-image-33178\"\/><\/figure><\/div>\n\n\n\n<p>Paralelamente ao conjunto de a\u00e7\u00f5es nefastas, perpetradas pelo que ficou conhecido como agentes do \u201ccrime organizado\u201d (que contaminavam as ag\u00eancias de seguran\u00e7a p\u00fablica capixabas e, claro, como um \u201cestado paralelo\u201d, agindo de forma criminosa para \u201ccombater o crime\u201d), tem-se o agravamento das a\u00e7\u00f5es delitivas, decorrentes da exclus\u00e3o social.<br>No abandono social, surge como alternativa para os \u201cfios da meada\u201d desconectados do grande tear, o ingresso no \u201cglamoroso\u201d universo das drogas il\u00edcitas, que come\u00e7am, na \u00e9poca, a ganhar for\u00e7a. E n\u00e3o para mais. E o poder p\u00fablico, por omiss\u00e3o, por incompreens\u00e3o, n\u00e3o se d\u00e1 conta da gravidade.<\/p>\n\n\n\n<div class=\"wp-block-image\"><figure class=\"aligncenter size-large is-resized\"><img loading=\"lazy\" decoding=\"async\" src=\"https:\/\/jornalfatosenoticias.com.br\/wp-content\/uploads\/2020\/02\/LOGO-EMBCIA-34-ANOS-1.jpg\" alt=\"\" class=\"wp-image-33579\" width=\"363\" height=\"203\"\/><\/figure><\/div>\n\n\n\n<p>A realidade que vivenciamos no presente (o HOJE), \u00e9 fruto, decorre, do que fizemos no passado (o ONTEM). \u201cColhe-se o que se planta\u201d. Debru\u00e7ar-se sobre o assunto, traz\u00ea-lo para o debate, para a discuss\u00e3o, certamente ir\u00e1 produzir resultados que contribuir\u00e3o para solu\u00e7\u00e3o deste grave entrave (que compromete a paz social), desde que, ap\u00f3s os debates e as discuss\u00f5es, os caminhos apresentados sejam colocados em pr\u00e1tica, sinalizando a partir da\u00ed a convic\u00e7\u00e3o de que o tema SEGURAN\u00c7A, no futuro (AMANH\u00c3), n\u00e3o venha ocupar tanto destaque como o que recebe hoje. Explica-se.<\/p>\n\n\n\n<div class=\"wp-block-image\"><figure class=\"aligncenter size-large\"><img loading=\"lazy\" decoding=\"async\" width=\"1024\" height=\"103\" src=\"https:\/\/jornalfatosenoticias.com.br\/wp-content\/uploads\/2022\/02\/Arte-Autoescola-Galatas_endereco_portal-1024x103.png\" alt=\"\" class=\"wp-image-27869\" srcset=\"https:\/\/jornalfatosenoticias.com.br\/wp-content\/uploads\/2022\/02\/Arte-Autoescola-Galatas_endereco_portal-1024x103.png 1024w, https:\/\/jornalfatosenoticias.com.br\/wp-content\/uploads\/2022\/02\/Arte-Autoescola-Galatas_endereco_portal-300x30.png 300w, https:\/\/jornalfatosenoticias.com.br\/wp-content\/uploads\/2022\/02\/Arte-Autoescola-Galatas_endereco_portal-768x77.png 768w, https:\/\/jornalfatosenoticias.com.br\/wp-content\/uploads\/2022\/02\/Arte-Autoescola-Galatas_endereco_portal.png 1223w\" sizes=\"auto, (max-width: 1024px) 100vw, 1024px\" \/><\/figure><\/div>\n\n\n\n<p>SEGURAN\u00c7A \u00e9 como o ar que respiramos. Ambos t\u00eam rela\u00e7\u00e3o com VIDA. Os dois constituem elementos determinantes para que um ser vivo permane\u00e7a como tal. Um ser vivo respira desde o momento da sua concep\u00e7\u00e3o, mas nem por isso precisa ficar pensando o tempo todo que est\u00e1 respirando. Assim \u00e9 a SEGURAN\u00c7A. Ela existindo, n\u00e3o se necessita ficar pensando nela. Claro que, como o ar, ela precisa ser cuidada, protegida, receber aten\u00e7\u00e3o, mas n\u00e3o \u00e9 necess\u00e1rio ficar pensando o tempo todo nela. Se isso acontece, tem-se o sentimento da sua aus\u00eancia, a indesej\u00e1vel e incomoda \u201cSENSA\u00c7\u00c3O DE INSEGURAN\u00c7A\u201d. A\u00ed, a condi\u00e7\u00e3o de VIDA est\u00e1 comprometida.<\/p>\n\n\n\n<div class=\"wp-block-image\"><figure class=\"alignright size-large is-resized\"><img loading=\"lazy\" decoding=\"async\" src=\"https:\/\/jornalfatosenoticias.com.br\/wp-content\/uploads\/2020\/02\/SEVENTUR-TURISMO.jpg\" alt=\"\" class=\"wp-image-32994\" width=\"253\" height=\"200\"\/><\/figure><\/div>\n\n\n\n<p>A humanidade, ao longo da sua exist\u00eancia vem se defrontando com a\u00e7\u00f5es (transforma\u00e7\u00f5es), produzidas de forma veementes, impetuosas, brutas. Ou seja, violentas. As transforma\u00e7\u00f5es com viol\u00eancia podem ser produzidas por for\u00e7a da natureza (maremotos, terremotos, furac\u00f5es, etc.), ou por a\u00e7\u00e3o humana (guerras, revolu\u00e7\u00f5es, torturas, conflitos sociais, roubos, furtos, homic\u00eddios, etc.).<br>A viol\u00eancia decorrente da a\u00e7\u00e3o da natureza \u00e9 imprevis\u00edvel ou de dif\u00edcil previsibilidade, e, portanto, incontrol\u00e1vel ou de dif\u00edcil controle. <\/p>\n\n\n\n<div class=\"wp-block-image\"><figure class=\"aligncenter size-large is-resized\"><img loading=\"lazy\" decoding=\"async\" src=\"https:\/\/jornalfatosenoticias.com.br\/wp-content\/uploads\/2022\/02\/Serra-Pack-459.png\" alt=\"\" class=\"wp-image-27471\" width=\"308\" height=\"123\"\/><\/figure><\/div>\n\n\n\n<p>Por sua vez, a viol\u00eancia produzida por a\u00e7\u00e3o humana, objeto de aten\u00e7\u00e3o da sequ\u00eancia de artigos que estamos escrevendo, \u00e9 previs\u00edvel, e, portanto, pass\u00edvel de ser controlada. Se assim n\u00e3o fosse, a humanidade j\u00e1 teria sido extinta do planeta terra (amea\u00e7as neste sentido j\u00e1 existiram, por exemplo, no auge da \u201cGuerra Fria\u201d envolvendo as duas \u201csuperpot\u00eancias\u201d de ent\u00e3o e seus artefatos nucleares), tal a gama de conflitos violentos em que se envolveu (e ainda hoje se envolve). Entretanto, felizmente, os conflitos sempre s\u00e3o resolvidos, ou, se o conflito \u00e9 atual, se est\u00e1 em busca de solu\u00e7\u00e3o para ele, a qual, mais uma vez, com certeza ser\u00e1 encontrada.<\/p>\n\n\n\n<div class=\"wp-block-image\"><figure class=\"alignleft size-large is-resized\"><img loading=\"lazy\" decoding=\"async\" src=\"https:\/\/jornalfatosenoticias.com.br\/wp-content\/uploads\/2022\/02\/Precisao-Contabilidade-1024x724.jpg\" alt=\"\" class=\"wp-image-28088\" width=\"297\" height=\"209\"\/><\/figure><\/div>\n\n\n\n<p>No ensaio \u201c\u00c9tica e viol\u00eancia\u201d, Marilena Chau\u00ed diz que violentar \u00e9 \u201cdesnaturar, coagir, constranger, torturar, brutalizar, transgredir\u201d. Neste sentido, ela define viol\u00eancia como sendo: \u201cbrutalidade, sev\u00edcia e abuso f\u00edsico e\/ou ps\u00edquico contra algu\u00e9m e caracteriza rela\u00e7\u00f5es intersubjetivas e sociais definidas pela opress\u00e3o, intimida\u00e7\u00e3o, pelo medo e pelo terror\u201d.<br>O descontrole, o desregramento, os desrespeitos vivenciados nas rela\u00e7\u00f5es sociais geram conflitos (atritos, agress\u00f5es, desentendimentos). A potencializa\u00e7\u00e3o, a exacerba\u00e7\u00e3o, as maximiza\u00e7\u00f5es destes conflitos t\u00eam como resultado certo (previs\u00edvel) a VIOL\u00caNCIA.<\/p>\n\n\n\n<div class=\"wp-block-image\"><figure class=\"alignright size-large is-resized\"><img loading=\"lazy\" decoding=\"async\" src=\"https:\/\/jornalfatosenoticias.com.br\/wp-content\/uploads\/2020\/02\/nova-logo-Marquetti.jpg\" alt=\"\" class=\"wp-image-22331\" width=\"297\" height=\"199\" srcset=\"https:\/\/jornalfatosenoticias.com.br\/wp-content\/uploads\/2020\/02\/nova-logo-Marquetti.jpg 643w, https:\/\/jornalfatosenoticias.com.br\/wp-content\/uploads\/2020\/02\/nova-logo-Marquetti-300x202.jpg 300w\" sizes=\"auto, (max-width: 297px) 100vw, 297px\" \/><\/figure><\/div>\n\n\n\n<p>A ocorr\u00eancia de pr\u00e1tica violenta de forma contumaz, desassossega, compromete a paz social, e, quando previsto em lei, se constitui CRIME (no Brasil, se o agente do ato violento for menor de 18 anos de idade, na condi\u00e7\u00e3o de inimput\u00e1vel, a lei denomina a pr\u00e1tica antissocial de ATO INFRACIONAL).<br>O progresso vivenciado pela sociedade ao longo, principalmente, dos \u00faltimos dois s\u00e9culos, decorrente do avan\u00e7o econ\u00f4mico, da ci\u00eancia, da tecnologia, n\u00e3o resultou em melhoria nas rela\u00e7\u00f5es sociais com a mesma pujan\u00e7a. O d\u00e9ficit em rela\u00e7\u00e3o a aten\u00e7\u00e3o social gestou o preocupante aumento da VIOL\u00caNCIA que produz CRIMINALIDADE, e por consequ\u00eancia a INSEGURAN\u00c7A, fen\u00f4meno observado no Brasil como um todo, e no contexto deste, de forma particular, insere-se o Estado do Esp\u00edrito Santo.<\/p>\n\n\n\n<div class=\"wp-block-image\"><figure class=\"alignleft size-large\"><img decoding=\"async\" src=\"https:\/\/jornalfatosenoticias.com.br\/wp-content\/uploads\/2020\/02\/logo_esteio.jpg\" alt=\"\" class=\"wp-image-1214\"\/><\/figure><\/div>\n\n\n\n<p>A criminalidade disseminada, perpetrada por a\u00e7\u00f5es cada vez mais violentas, desestabiliza, provoca em rela\u00e7\u00e3o a parte expressiva da sociedade sentimento de medo, pavor, como\u00e7\u00e3o, desespero, raiva, \u00f3dio, sede de vingan\u00e7a, ou, na melhor, saud\u00e1vel e mais branda das hip\u00f3teses, esperan\u00e7a e sede de justi\u00e7a. \u00c9 sobre este contexto, s\u00e9rio, que estamos tratando nessa sequ\u00eancia de artigos documento, o que, como j\u00e1 dissemos, mas n\u00e3o custa repetir, evidencia a sua import\u00e2ncia, a sua responsabilidade.<br>Continuemos, no pr\u00f3ximo artigo, contextualizando o assunto. Vamos dar sequ\u00eancia \u00e0 caminhada pela hist\u00f3rica d\u00e9cada de 80.<\/p>\n\n\n\n<div class=\"wp-block-image\"><figure class=\"alignleft size-large is-resized\"><img loading=\"lazy\" decoding=\"async\" src=\"https:\/\/jornalfatosenoticias.com.br\/wp-content\/uploads\/2022\/07\/jose-nivaldo_perfil-1.jpg\" alt=\"\" class=\"wp-image-31972\" width=\"254\" height=\"243\" srcset=\"https:\/\/jornalfatosenoticias.com.br\/wp-content\/uploads\/2022\/07\/jose-nivaldo_perfil-1.jpg 677w, https:\/\/jornalfatosenoticias.com.br\/wp-content\/uploads\/2022\/07\/jose-nivaldo_perfil-1-300x287.jpg 300w\" sizes=\"auto, (max-width: 254px) 100vw, 254px\" \/><figcaption><em><span class=\"has-inline-color has-black-color\"><strong>Jos\u00e9 Nivaldo Campos Vieira<br><\/strong>Advogado, formado em Filosofia,<br>coronel da Reserva da PMES e<br>empres\u00e1rio da \u00e1rea de seguran\u00e7a privada<br>nivaldo@seiinteligencia.com.br<\/span><\/em><\/figcaption><\/figure><\/div>\n\n\n\n<p><\/p>\n","protected":false},"excerpt":{"rendered":"<p>No abandono social, surge como alternativa para os \u201cfios da meada\u201d desconectados do grande tear, o ingresso no \u201cglamoroso\u201d universo das drogas il\u00edcitas, que come\u00e7am, na \u00e9poca, a ganhar for\u00e7a. E n\u00e3o para mais. E o poder p\u00fablico, por omiss\u00e3o, por incompreens\u00e3o, n\u00e3o se d\u00e1 conta da gravidade Coluna\u00a0\u2014\u00a0Caf\u00e9 Coado,\u00a0com Jos\u00e9 Nivaldo Campos Vieira Conforme [&hellip;]<\/p>\n","protected":false},"author":2,"featured_media":33711,"comment_status":"open","ping_status":"open","sticky":false,"template":"","format":"standard","meta":{"footnotes":""},"categories":[5],"tags":[15835,15075,13464,15834,15836,1033],"class_list":["post-33709","post","type-post","status-publish","format-standard","has-post-thumbnail","hentry","category-geral","tag-abandono-social","tag-fio-da-meada","tag-omissao-do-poder-publico","tag-pm-nas-ruas","tag-scuderie-le-cocq","tag-seguranca"],"yoast_head":"<!-- This site is optimized with the Yoast SEO plugin v26.5 - https:\/\/yoast.com\/wordpress\/plugins\/seo\/ -->\n<title>Viol\u00eancia e criminalidade: Perda do \u201cfio da meada\u201d\u2014 Parte 8 - Jornal Fatos e Not\u00edcias<\/title>\n<meta name=\"robots\" content=\"index, follow, max-snippet:-1, max-image-preview:large, max-video-preview:-1\" \/>\n<link rel=\"canonical\" href=\"https:\/\/jornalfatosenoticias.com.br\/index.php\/2022\/08\/31\/violencia-e-criminalidade-perda-do-fio-da-meada-parte-8\/\" \/>\n<meta property=\"og:locale\" content=\"pt_BR\" \/>\n<meta property=\"og:type\" content=\"article\" \/>\n<meta property=\"og:title\" content=\"Viol\u00eancia e criminalidade: Perda do \u201cfio da meada\u201d\u2014 Parte 8 - Jornal Fatos e Not\u00edcias\" \/>\n<meta property=\"og:description\" content=\"No abandono social, surge como alternativa para os \u201cfios da meada\u201d desconectados do grande tear, o ingresso no \u201cglamoroso\u201d universo das drogas il\u00edcitas, que come\u00e7am, na \u00e9poca, a ganhar for\u00e7a. E n\u00e3o para mais. E o poder p\u00fablico, por omiss\u00e3o, por incompreens\u00e3o, n\u00e3o se d\u00e1 conta da gravidade Coluna\u00a0\u2014\u00a0Caf\u00e9 Coado,\u00a0com Jos\u00e9 Nivaldo Campos Vieira Conforme [&hellip;]\" \/>\n<meta property=\"og:url\" content=\"https:\/\/jornalfatosenoticias.com.br\/index.php\/2022\/08\/31\/violencia-e-criminalidade-perda-do-fio-da-meada-parte-8\/\" \/>\n<meta property=\"og:site_name\" content=\"Jornal Fatos e Not\u00edcias\" \/>\n<meta property=\"article:published_time\" content=\"2022-08-31T12:27:36+00:00\" \/>\n<meta property=\"article:modified_time\" content=\"2022-08-31T12:27:37+00:00\" \/>\n<meta property=\"og:image\" content=\"https:\/\/jornalfatosenoticias.com.br\/wp-content\/uploads\/2022\/08\/seguranca-publica_pmes.jpg\" \/>\n\t<meta property=\"og:image:width\" content=\"1000\" \/>\n\t<meta property=\"og:image:height\" content=\"746\" \/>\n\t<meta property=\"og:image:type\" content=\"image\/jpeg\" \/>\n<meta name=\"author\" content=\"Luzimara Fernandes\" \/>\n<meta name=\"twitter:card\" content=\"summary_large_image\" \/>\n<meta name=\"twitter:label1\" content=\"Escrito por\" \/>\n\t<meta name=\"twitter:data1\" content=\"Luzimara Fernandes\" \/>\n\t<meta name=\"twitter:label2\" content=\"Est. tempo de leitura\" \/>\n\t<meta name=\"twitter:data2\" content=\"9 minutos\" \/>\n<script type=\"application\/ld+json\" class=\"yoast-schema-graph\">{\"@context\":\"https:\/\/schema.org\",\"@graph\":[{\"@type\":\"Article\",\"@id\":\"https:\/\/jornalfatosenoticias.com.br\/index.php\/2022\/08\/31\/violencia-e-criminalidade-perda-do-fio-da-meada-parte-8\/#article\",\"isPartOf\":{\"@id\":\"https:\/\/jornalfatosenoticias.com.br\/index.php\/2022\/08\/31\/violencia-e-criminalidade-perda-do-fio-da-meada-parte-8\/\"},\"author\":{\"name\":\"Luzimara Fernandes\",\"@id\":\"https:\/\/jornalfatosenoticias.com.br\/#\/schema\/person\/d63837fa13ac8666eb9e74e0985d6f81\"},\"headline\":\"Viol\u00eancia e criminalidade: Perda do \u201cfio da meada\u201d\u2014 Parte 8\",\"datePublished\":\"2022-08-31T12:27:36+00:00\",\"dateModified\":\"2022-08-31T12:27:37+00:00\",\"mainEntityOfPage\":{\"@id\":\"https:\/\/jornalfatosenoticias.com.br\/index.php\/2022\/08\/31\/violencia-e-criminalidade-perda-do-fio-da-meada-parte-8\/\"},\"wordCount\":1857,\"commentCount\":0,\"publisher\":{\"@id\":\"https:\/\/jornalfatosenoticias.com.br\/#organization\"},\"image\":{\"@id\":\"https:\/\/jornalfatosenoticias.com.br\/index.php\/2022\/08\/31\/violencia-e-criminalidade-perda-do-fio-da-meada-parte-8\/#primaryimage\"},\"thumbnailUrl\":\"https:\/\/jornalfatosenoticias.com.br\/wp-content\/uploads\/2022\/08\/seguranca-publica_pmes.jpg\",\"keywords\":[\"abandono social\",\"fio da meada\",\"omiss\u00e3o do poder p\u00fablico\",\"PM nas ruas\",\"Scuderie Le Cocq\",\"seguran\u00e7a\"],\"articleSection\":[\"Geral\"],\"inLanguage\":\"pt-BR\",\"potentialAction\":[{\"@type\":\"CommentAction\",\"name\":\"Comment\",\"target\":[\"https:\/\/jornalfatosenoticias.com.br\/index.php\/2022\/08\/31\/violencia-e-criminalidade-perda-do-fio-da-meada-parte-8\/#respond\"]}]},{\"@type\":\"WebPage\",\"@id\":\"https:\/\/jornalfatosenoticias.com.br\/index.php\/2022\/08\/31\/violencia-e-criminalidade-perda-do-fio-da-meada-parte-8\/\",\"url\":\"https:\/\/jornalfatosenoticias.com.br\/index.php\/2022\/08\/31\/violencia-e-criminalidade-perda-do-fio-da-meada-parte-8\/\",\"name\":\"Viol\u00eancia e criminalidade: Perda do \u201cfio da meada\u201d\u2014 Parte 8 - Jornal Fatos e Not\u00edcias\",\"isPartOf\":{\"@id\":\"https:\/\/jornalfatosenoticias.com.br\/#website\"},\"primaryImageOfPage\":{\"@id\":\"https:\/\/jornalfatosenoticias.com.br\/index.php\/2022\/08\/31\/violencia-e-criminalidade-perda-do-fio-da-meada-parte-8\/#primaryimage\"},\"image\":{\"@id\":\"https:\/\/jornalfatosenoticias.com.br\/index.php\/2022\/08\/31\/violencia-e-criminalidade-perda-do-fio-da-meada-parte-8\/#primaryimage\"},\"thumbnailUrl\":\"https:\/\/jornalfatosenoticias.com.br\/wp-content\/uploads\/2022\/08\/seguranca-publica_pmes.jpg\",\"datePublished\":\"2022-08-31T12:27:36+00:00\",\"dateModified\":\"2022-08-31T12:27:37+00:00\",\"breadcrumb\":{\"@id\":\"https:\/\/jornalfatosenoticias.com.br\/index.php\/2022\/08\/31\/violencia-e-criminalidade-perda-do-fio-da-meada-parte-8\/#breadcrumb\"},\"inLanguage\":\"pt-BR\",\"potentialAction\":[{\"@type\":\"ReadAction\",\"target\":[\"https:\/\/jornalfatosenoticias.com.br\/index.php\/2022\/08\/31\/violencia-e-criminalidade-perda-do-fio-da-meada-parte-8\/\"]}]},{\"@type\":\"ImageObject\",\"inLanguage\":\"pt-BR\",\"@id\":\"https:\/\/jornalfatosenoticias.com.br\/index.php\/2022\/08\/31\/violencia-e-criminalidade-perda-do-fio-da-meada-parte-8\/#primaryimage\",\"url\":\"https:\/\/jornalfatosenoticias.com.br\/wp-content\/uploads\/2022\/08\/seguranca-publica_pmes.jpg\",\"contentUrl\":\"https:\/\/jornalfatosenoticias.com.br\/wp-content\/uploads\/2022\/08\/seguranca-publica_pmes.jpg\",\"width\":1000,\"height\":746,\"caption\":\"????????????????????????????????????\"},{\"@type\":\"BreadcrumbList\",\"@id\":\"https:\/\/jornalfatosenoticias.com.br\/index.php\/2022\/08\/31\/violencia-e-criminalidade-perda-do-fio-da-meada-parte-8\/#breadcrumb\",\"itemListElement\":[{\"@type\":\"ListItem\",\"position\":1,\"name\":\"In\u00edcio\",\"item\":\"https:\/\/jornalfatosenoticias.com.br\/\"},{\"@type\":\"ListItem\",\"position\":2,\"name\":\"Viol\u00eancia e criminalidade: Perda do \u201cfio da meada\u201d\u2014 Parte 8\"}]},{\"@type\":\"WebSite\",\"@id\":\"https:\/\/jornalfatosenoticias.com.br\/#website\",\"url\":\"https:\/\/jornalfatosenoticias.com.br\/\",\"name\":\"Jornal Fatos e Not\u00edcias\",\"description\":\"Not\u00edcias em geral\",\"publisher\":{\"@id\":\"https:\/\/jornalfatosenoticias.com.br\/#organization\"},\"potentialAction\":[{\"@type\":\"SearchAction\",\"target\":{\"@type\":\"EntryPoint\",\"urlTemplate\":\"https:\/\/jornalfatosenoticias.com.br\/?s={search_term_string}\"},\"query-input\":{\"@type\":\"PropertyValueSpecification\",\"valueRequired\":true,\"valueName\":\"search_term_string\"}}],\"inLanguage\":\"pt-BR\"},{\"@type\":\"Organization\",\"@id\":\"https:\/\/jornalfatosenoticias.com.br\/#organization\",\"name\":\"Jornal Fatos e Not\u00edcias\",\"url\":\"https:\/\/jornalfatosenoticias.com.br\/\",\"logo\":{\"@type\":\"ImageObject\",\"inLanguage\":\"pt-BR\",\"@id\":\"https:\/\/jornalfatosenoticias.com.br\/#\/schema\/logo\/image\/\",\"url\":\"https:\/\/jornalfatosenoticias.com.br\/wp-content\/uploads\/2020\/02\/logo120.png\",\"contentUrl\":\"https:\/\/jornalfatosenoticias.com.br\/wp-content\/uploads\/2020\/02\/logo120.png\",\"width\":1227,\"height\":120,\"caption\":\"Jornal Fatos e Not\u00edcias\"},\"image\":{\"@id\":\"https:\/\/jornalfatosenoticias.com.br\/#\/schema\/logo\/image\/\"}},{\"@type\":\"Person\",\"@id\":\"https:\/\/jornalfatosenoticias.com.br\/#\/schema\/person\/d63837fa13ac8666eb9e74e0985d6f81\",\"name\":\"Luzimara Fernandes\",\"image\":{\"@type\":\"ImageObject\",\"inLanguage\":\"pt-BR\",\"@id\":\"https:\/\/jornalfatosenoticias.com.br\/#\/schema\/person\/image\/\",\"url\":\"https:\/\/jornalfatosenoticias.com.br\/wp-content\/uploads\/2025\/05\/EU_portal.jpg\",\"contentUrl\":\"https:\/\/jornalfatosenoticias.com.br\/wp-content\/uploads\/2025\/05\/EU_portal.jpg\",\"caption\":\"Luzimara Fernandes\"},\"description\":\"Jornalista MTB 2358-ES\",\"sameAs\":[\"https:\/\/jornalfatosenoticias.com.br\"],\"url\":\"https:\/\/jornalfatosenoticias.com.br\/index.php\/author\/luzimara\/\"}]}<\/script>\n<!-- \/ Yoast SEO plugin. -->","yoast_head_json":{"title":"Viol\u00eancia e criminalidade: Perda do \u201cfio da meada\u201d\u2014 Parte 8 - Jornal Fatos e Not\u00edcias","robots":{"index":"index","follow":"follow","max-snippet":"max-snippet:-1","max-image-preview":"max-image-preview:large","max-video-preview":"max-video-preview:-1"},"canonical":"https:\/\/jornalfatosenoticias.com.br\/index.php\/2022\/08\/31\/violencia-e-criminalidade-perda-do-fio-da-meada-parte-8\/","og_locale":"pt_BR","og_type":"article","og_title":"Viol\u00eancia e criminalidade: Perda do \u201cfio da meada\u201d\u2014 Parte 8 - Jornal Fatos e Not\u00edcias","og_description":"No abandono social, surge como alternativa para os \u201cfios da meada\u201d desconectados do grande tear, o ingresso no \u201cglamoroso\u201d universo das drogas il\u00edcitas, que come\u00e7am, na \u00e9poca, a ganhar for\u00e7a. E n\u00e3o para mais. E o poder p\u00fablico, por omiss\u00e3o, por incompreens\u00e3o, n\u00e3o se d\u00e1 conta da gravidade Coluna\u00a0\u2014\u00a0Caf\u00e9 Coado,\u00a0com Jos\u00e9 Nivaldo Campos Vieira Conforme [&hellip;]","og_url":"https:\/\/jornalfatosenoticias.com.br\/index.php\/2022\/08\/31\/violencia-e-criminalidade-perda-do-fio-da-meada-parte-8\/","og_site_name":"Jornal Fatos e Not\u00edcias","article_published_time":"2022-08-31T12:27:36+00:00","article_modified_time":"2022-08-31T12:27:37+00:00","og_image":[{"width":1000,"height":746,"url":"https:\/\/jornalfatosenoticias.com.br\/wp-content\/uploads\/2022\/08\/seguranca-publica_pmes.jpg","type":"image\/jpeg"}],"author":"Luzimara Fernandes","twitter_card":"summary_large_image","twitter_misc":{"Escrito por":"Luzimara Fernandes","Est. tempo de leitura":"9 minutos"},"schema":{"@context":"https:\/\/schema.org","@graph":[{"@type":"Article","@id":"https:\/\/jornalfatosenoticias.com.br\/index.php\/2022\/08\/31\/violencia-e-criminalidade-perda-do-fio-da-meada-parte-8\/#article","isPartOf":{"@id":"https:\/\/jornalfatosenoticias.com.br\/index.php\/2022\/08\/31\/violencia-e-criminalidade-perda-do-fio-da-meada-parte-8\/"},"author":{"name":"Luzimara Fernandes","@id":"https:\/\/jornalfatosenoticias.com.br\/#\/schema\/person\/d63837fa13ac8666eb9e74e0985d6f81"},"headline":"Viol\u00eancia e criminalidade: Perda do \u201cfio da meada\u201d\u2014 Parte 8","datePublished":"2022-08-31T12:27:36+00:00","dateModified":"2022-08-31T12:27:37+00:00","mainEntityOfPage":{"@id":"https:\/\/jornalfatosenoticias.com.br\/index.php\/2022\/08\/31\/violencia-e-criminalidade-perda-do-fio-da-meada-parte-8\/"},"wordCount":1857,"commentCount":0,"publisher":{"@id":"https:\/\/jornalfatosenoticias.com.br\/#organization"},"image":{"@id":"https:\/\/jornalfatosenoticias.com.br\/index.php\/2022\/08\/31\/violencia-e-criminalidade-perda-do-fio-da-meada-parte-8\/#primaryimage"},"thumbnailUrl":"https:\/\/jornalfatosenoticias.com.br\/wp-content\/uploads\/2022\/08\/seguranca-publica_pmes.jpg","keywords":["abandono social","fio da meada","omiss\u00e3o do poder p\u00fablico","PM nas ruas","Scuderie Le Cocq","seguran\u00e7a"],"articleSection":["Geral"],"inLanguage":"pt-BR","potentialAction":[{"@type":"CommentAction","name":"Comment","target":["https:\/\/jornalfatosenoticias.com.br\/index.php\/2022\/08\/31\/violencia-e-criminalidade-perda-do-fio-da-meada-parte-8\/#respond"]}]},{"@type":"WebPage","@id":"https:\/\/jornalfatosenoticias.com.br\/index.php\/2022\/08\/31\/violencia-e-criminalidade-perda-do-fio-da-meada-parte-8\/","url":"https:\/\/jornalfatosenoticias.com.br\/index.php\/2022\/08\/31\/violencia-e-criminalidade-perda-do-fio-da-meada-parte-8\/","name":"Viol\u00eancia e criminalidade: Perda do \u201cfio da meada\u201d\u2014 Parte 8 - Jornal Fatos e Not\u00edcias","isPartOf":{"@id":"https:\/\/jornalfatosenoticias.com.br\/#website"},"primaryImageOfPage":{"@id":"https:\/\/jornalfatosenoticias.com.br\/index.php\/2022\/08\/31\/violencia-e-criminalidade-perda-do-fio-da-meada-parte-8\/#primaryimage"},"image":{"@id":"https:\/\/jornalfatosenoticias.com.br\/index.php\/2022\/08\/31\/violencia-e-criminalidade-perda-do-fio-da-meada-parte-8\/#primaryimage"},"thumbnailUrl":"https:\/\/jornalfatosenoticias.com.br\/wp-content\/uploads\/2022\/08\/seguranca-publica_pmes.jpg","datePublished":"2022-08-31T12:27:36+00:00","dateModified":"2022-08-31T12:27:37+00:00","breadcrumb":{"@id":"https:\/\/jornalfatosenoticias.com.br\/index.php\/2022\/08\/31\/violencia-e-criminalidade-perda-do-fio-da-meada-parte-8\/#breadcrumb"},"inLanguage":"pt-BR","potentialAction":[{"@type":"ReadAction","target":["https:\/\/jornalfatosenoticias.com.br\/index.php\/2022\/08\/31\/violencia-e-criminalidade-perda-do-fio-da-meada-parte-8\/"]}]},{"@type":"ImageObject","inLanguage":"pt-BR","@id":"https:\/\/jornalfatosenoticias.com.br\/index.php\/2022\/08\/31\/violencia-e-criminalidade-perda-do-fio-da-meada-parte-8\/#primaryimage","url":"https:\/\/jornalfatosenoticias.com.br\/wp-content\/uploads\/2022\/08\/seguranca-publica_pmes.jpg","contentUrl":"https:\/\/jornalfatosenoticias.com.br\/wp-content\/uploads\/2022\/08\/seguranca-publica_pmes.jpg","width":1000,"height":746,"caption":"????????????????????????????????????"},{"@type":"BreadcrumbList","@id":"https:\/\/jornalfatosenoticias.com.br\/index.php\/2022\/08\/31\/violencia-e-criminalidade-perda-do-fio-da-meada-parte-8\/#breadcrumb","itemListElement":[{"@type":"ListItem","position":1,"name":"In\u00edcio","item":"https:\/\/jornalfatosenoticias.com.br\/"},{"@type":"ListItem","position":2,"name":"Viol\u00eancia e criminalidade: Perda do \u201cfio da meada\u201d\u2014 Parte 8"}]},{"@type":"WebSite","@id":"https:\/\/jornalfatosenoticias.com.br\/#website","url":"https:\/\/jornalfatosenoticias.com.br\/","name":"Jornal Fatos e Not\u00edcias","description":"Not\u00edcias em geral","publisher":{"@id":"https:\/\/jornalfatosenoticias.com.br\/#organization"},"potentialAction":[{"@type":"SearchAction","target":{"@type":"EntryPoint","urlTemplate":"https:\/\/jornalfatosenoticias.com.br\/?s={search_term_string}"},"query-input":{"@type":"PropertyValueSpecification","valueRequired":true,"valueName":"search_term_string"}}],"inLanguage":"pt-BR"},{"@type":"Organization","@id":"https:\/\/jornalfatosenoticias.com.br\/#organization","name":"Jornal Fatos e Not\u00edcias","url":"https:\/\/jornalfatosenoticias.com.br\/","logo":{"@type":"ImageObject","inLanguage":"pt-BR","@id":"https:\/\/jornalfatosenoticias.com.br\/#\/schema\/logo\/image\/","url":"https:\/\/jornalfatosenoticias.com.br\/wp-content\/uploads\/2020\/02\/logo120.png","contentUrl":"https:\/\/jornalfatosenoticias.com.br\/wp-content\/uploads\/2020\/02\/logo120.png","width":1227,"height":120,"caption":"Jornal Fatos e Not\u00edcias"},"image":{"@id":"https:\/\/jornalfatosenoticias.com.br\/#\/schema\/logo\/image\/"}},{"@type":"Person","@id":"https:\/\/jornalfatosenoticias.com.br\/#\/schema\/person\/d63837fa13ac8666eb9e74e0985d6f81","name":"Luzimara Fernandes","image":{"@type":"ImageObject","inLanguage":"pt-BR","@id":"https:\/\/jornalfatosenoticias.com.br\/#\/schema\/person\/image\/","url":"https:\/\/jornalfatosenoticias.com.br\/wp-content\/uploads\/2025\/05\/EU_portal.jpg","contentUrl":"https:\/\/jornalfatosenoticias.com.br\/wp-content\/uploads\/2025\/05\/EU_portal.jpg","caption":"Luzimara Fernandes"},"description":"Jornalista MTB 2358-ES","sameAs":["https:\/\/jornalfatosenoticias.com.br"],"url":"https:\/\/jornalfatosenoticias.com.br\/index.php\/author\/luzimara\/"}]}},"cc_featured_image_caption":{"caption_text":"(Foto: ACS\/PMBM\/ES)","source_text":"","source_url":""},"jetpack_featured_media_url":"https:\/\/jornalfatosenoticias.com.br\/wp-content\/uploads\/2022\/08\/seguranca-publica_pmes.jpg","_links":{"self":[{"href":"https:\/\/jornalfatosenoticias.com.br\/index.php\/wp-json\/wp\/v2\/posts\/33709","targetHints":{"allow":["GET"]}}],"collection":[{"href":"https:\/\/jornalfatosenoticias.com.br\/index.php\/wp-json\/wp\/v2\/posts"}],"about":[{"href":"https:\/\/jornalfatosenoticias.com.br\/index.php\/wp-json\/wp\/v2\/types\/post"}],"author":[{"embeddable":true,"href":"https:\/\/jornalfatosenoticias.com.br\/index.php\/wp-json\/wp\/v2\/users\/2"}],"replies":[{"embeddable":true,"href":"https:\/\/jornalfatosenoticias.com.br\/index.php\/wp-json\/wp\/v2\/comments?post=33709"}],"version-history":[{"count":0,"href":"https:\/\/jornalfatosenoticias.com.br\/index.php\/wp-json\/wp\/v2\/posts\/33709\/revisions"}],"wp:featuredmedia":[{"embeddable":true,"href":"https:\/\/jornalfatosenoticias.com.br\/index.php\/wp-json\/wp\/v2\/media\/33711"}],"wp:attachment":[{"href":"https:\/\/jornalfatosenoticias.com.br\/index.php\/wp-json\/wp\/v2\/media?parent=33709"}],"wp:term":[{"taxonomy":"category","embeddable":true,"href":"https:\/\/jornalfatosenoticias.com.br\/index.php\/wp-json\/wp\/v2\/categories?post=33709"},{"taxonomy":"post_tag","embeddable":true,"href":"https:\/\/jornalfatosenoticias.com.br\/index.php\/wp-json\/wp\/v2\/tags?post=33709"}],"curies":[{"name":"wp","href":"https:\/\/api.w.org\/{rel}","templated":true}]}}