{"id":33713,"date":"2022-08-31T09:35:00","date_gmt":"2022-08-31T12:35:00","guid":{"rendered":"https:\/\/jornalfatosenoticias.com.br\/?p=33713"},"modified":"2022-08-31T09:35:00","modified_gmt":"2022-08-31T12:35:00","slug":"mec-prorroga-prazos-de-2a-chamada-e-lista-de-espera-do-prouni","status":"publish","type":"post","link":"https:\/\/jornalfatosenoticias.com.br\/index.php\/2022\/08\/31\/mec-prorroga-prazos-de-2a-chamada-e-lista-de-espera-do-prouni\/","title":{"rendered":"MEC prorroga prazos de 2\u00aa chamada e lista de espera do Prouni"},"content":{"rendered":"\n<p><em><span class=\"has-inline-color has-black-color\">Novo calend\u00e1rio, que altera edital, ser\u00e1 publicado no Di\u00e1rio Oficial<\/span><\/em><\/p>\n\n\n\n<div class=\"wp-block-image\"><figure class=\"aligncenter size-large\"><img loading=\"lazy\" decoding=\"async\" width=\"1024\" height=\"100\" src=\"https:\/\/jornalfatosenoticias.com.br\/wp-content\/uploads\/2020\/02\/banner_ferramentas-1024x100.jpg\" alt=\"\" class=\"wp-image-1258\" srcset=\"https:\/\/jornalfatosenoticias.com.br\/wp-content\/uploads\/2020\/02\/banner_ferramentas-1024x100.jpg 1024w, https:\/\/jornalfatosenoticias.com.br\/wp-content\/uploads\/2020\/02\/banner_ferramentas-300x29.jpg 300w, https:\/\/jornalfatosenoticias.com.br\/wp-content\/uploads\/2020\/02\/banner_ferramentas-768x75.jpg 768w, https:\/\/jornalfatosenoticias.com.br\/wp-content\/uploads\/2020\/02\/banner_ferramentas.jpg 1227w\" sizes=\"auto, (max-width: 1024px) 100vw, 1024px\" \/><\/figure><\/div>\n\n\n\n<p>O Minist\u00e9rio da Educa\u00e7\u00e3o (MEC) informou nesta ter\u00e7a-feira (30) que o Programa Universidade para Todos (Prouni) ter\u00e1 novos prazos para comprova\u00e7\u00e3o de informa\u00e7\u00f5es por parte dos candidatos pr\u00e9-selecionados em segunda chamada, al\u00e9m das datas relacionadas \u00e0 lista de espera. Um novo edital ser\u00e1 publicado no Di\u00e1rio Oficial da Uni\u00e3o (DOU) amanh\u00e3 (31) com as altera\u00e7\u00f5es.<br>A partir de quinta-feira (1\u00ba), na p\u00e1gina do Acesso \u00danico, os estudantes poder\u00e3o conferir o resultado da segunda chamada. Nesta mesma data, tamb\u00e9m se inicia o prazo para que os estudantes pr\u00e9-selecionados fa\u00e7am a comprova\u00e7\u00e3o de informa\u00e7\u00f5es prestadas no momento da inscri\u00e7\u00e3o. Esse prazo se encerraria no dia 8 de setembro, mas foi prorrogado para o dia 13 de setembro, a fim de que os estudantes tenham mais tempo para organizar as informa\u00e7\u00f5es requeridas.<\/p>\n\n\n\n<div class=\"wp-block-image\"><figure class=\"alignleft size-large is-resized\"><img loading=\"lazy\" decoding=\"async\" src=\"https:\/\/jornalfatosenoticias.com.br\/wp-content\/uploads\/2022\/07\/Logo-Grupo-SEI.jpg\" alt=\"\" class=\"wp-image-31973\" width=\"305\" height=\"161\" srcset=\"https:\/\/jornalfatosenoticias.com.br\/wp-content\/uploads\/2022\/07\/Logo-Grupo-SEI.jpg 713w, https:\/\/jornalfatosenoticias.com.br\/wp-content\/uploads\/2022\/07\/Logo-Grupo-SEI-300x158.jpg 300w\" sizes=\"auto, (max-width: 305px) 100vw, 305px\" \/><\/figure><\/div>\n\n\n\n<p>A pasta ressalta que os estudantes devem comparecer, de forma virtual ou presencial, \u00e0s institui\u00e7\u00f5es de ensino para as quais foram pr\u00e9-selecionados para apresentarem toda a documenta\u00e7\u00e3o comprobat\u00f3ria.<br>Al\u00e9m do resultado da segunda chamada, o edital informar\u00e1 as novas datas para o aluno que quiser participar da lista de espera. Ele dever\u00e1 manifestar seu interesse nos dias 21 e 22 de setembro e aguardar a divulga\u00e7\u00e3o do resultado, que ser\u00e1 disponibilizado no dia em 26 de setembro. Quem for pr\u00e9-selecionado nesta fase, dever\u00e1 entregar toda a documenta\u00e7\u00e3o at\u00e9 30 de setembro.<\/p>\n\n\n\n<div class=\"wp-block-image\"><figure class=\"aligncenter size-large\"><img loading=\"lazy\" decoding=\"async\" width=\"1024\" height=\"100\" src=\"https:\/\/jornalfatosenoticias.com.br\/wp-content\/uploads\/2022\/05\/NOVA-LOGO-CESCONETTO-1024x100.jpg\" alt=\"\" class=\"wp-image-30792\" srcset=\"https:\/\/jornalfatosenoticias.com.br\/wp-content\/uploads\/2022\/05\/NOVA-LOGO-CESCONETTO-1024x100.jpg 1024w, https:\/\/jornalfatosenoticias.com.br\/wp-content\/uploads\/2022\/05\/NOVA-LOGO-CESCONETTO-300x29.jpg 300w, https:\/\/jornalfatosenoticias.com.br\/wp-content\/uploads\/2022\/05\/NOVA-LOGO-CESCONETTO-768x75.jpg 768w, https:\/\/jornalfatosenoticias.com.br\/wp-content\/uploads\/2022\/05\/NOVA-LOGO-CESCONETTO.jpg 1280w\" sizes=\"auto, (max-width: 1024px) 100vw, 1024px\" \/><\/figure><\/div>\n\n\n\n<h4 class=\"wp-block-heading\"><strong><span class=\"has-inline-color has-black-color\">Veja como ficou o novo calend\u00e1rio:<\/span><\/strong><\/h4>\n\n\n\n<ul class=\"wp-block-list\"><li>-Resultado dos candidatos pr\u00e9-selecionados (2\u00aa chamada): 1 de setembro;<\/li><li>Comprova\u00e7\u00e3o de informa\u00e7\u00f5es: 1 de setembro a 13 de setembro;<\/li><li>Manifesta\u00e7\u00e3o de interesse na lista de espera: 21 e 22 de setembro;<\/li><li>Divulga\u00e7\u00e3o do resultado da lista de espera: 26 de setembro;<\/li><li>Comparecimento dos candidatos para entrega da documenta\u00e7\u00e3o: 26 de setembro a 30 de setembro.<\/li><\/ul>\n\n\n\n<div class=\"wp-block-image\"><figure class=\"alignright size-large is-resized\"><img loading=\"lazy\" decoding=\"async\" src=\"https:\/\/jornalfatosenoticias.com.br\/wp-content\/uploads\/2022\/02\/Precisao-Contabilidade-1024x724.jpg\" alt=\"\" class=\"wp-image-28088\" width=\"307\" height=\"216\"\/><\/figure><\/div>\n\n\n\n<p><strong><span class=\"has-inline-color has-black-color\">O que \u00e9 o ProUni<br><\/span><\/strong>O ProUni \u00e9 o programa do governo federal que oferece bolsas de estudo, integrais e parciais (50%), em institui\u00e7\u00f5es particulares de educa\u00e7\u00e3o superior. Nesta edi\u00e7\u00e3o, mais de 190 mil bolsas ser\u00e3o ofertadas.<br>\u00c9 preciso que o candidato tenha feito as edi\u00e7\u00f5es de 2021 ou de 2020, ou ambas, do Exame Nacional do Ensino M\u00e9dio (Enem), e tenha alcan\u00e7ado, no m\u00ednimo, 450 pontos de m\u00e9dia das notas e n\u00e3o tenha tirado zero na reda\u00e7\u00e3o. Outra exig\u00eancia \u00e9 a de n\u00e3o ter participado do Enem na condi\u00e7\u00e3o de treineiro. Ser\u00e1 considerada a edi\u00e7\u00e3o do Enem com a melhor m\u00e9dia de notas.<\/p>\n\n\n\n<div class=\"wp-block-image\"><figure class=\"aligncenter size-large\"><img loading=\"lazy\" decoding=\"async\" width=\"1024\" height=\"103\" src=\"https:\/\/jornalfatosenoticias.com.br\/wp-content\/uploads\/2022\/02\/Arte-Autoescola-Galatas_endereco_portal-1024x103.png\" alt=\"\" class=\"wp-image-27869\" srcset=\"https:\/\/jornalfatosenoticias.com.br\/wp-content\/uploads\/2022\/02\/Arte-Autoescola-Galatas_endereco_portal-1024x103.png 1024w, https:\/\/jornalfatosenoticias.com.br\/wp-content\/uploads\/2022\/02\/Arte-Autoescola-Galatas_endereco_portal-300x30.png 300w, https:\/\/jornalfatosenoticias.com.br\/wp-content\/uploads\/2022\/02\/Arte-Autoescola-Galatas_endereco_portal-768x77.png 768w, https:\/\/jornalfatosenoticias.com.br\/wp-content\/uploads\/2022\/02\/Arte-Autoescola-Galatas_endereco_portal.png 1223w\" sizes=\"auto, (max-width: 1024px) 100vw, 1024px\" \/><\/figure><\/div>\n\n\n\n<p>Para ter acesso \u00e0 bolsa integral, o estudante deve comprovar renda familiar bruta mensal de at\u00e9 1,5 sal\u00e1rio m\u00ednimo por pessoa. Para a bolsa parcial, a renda familiar bruta mensal deve ser de at\u00e9 tr\u00eas sal\u00e1rios m\u00ednimos por pessoa.<br>O p\u00fablico-alvo do programa \u00e9 o estudante sem diploma de n\u00edvel superior. Professores da rede p\u00fablica de ensino tamb\u00e9m podem disputar uma bolsa exclusiva para os cursos de licenciatura e pedagogia, destinados \u00e0 forma\u00e7\u00e3o do magist\u00e9rio da educa\u00e7\u00e3o b\u00e1sica. Nesse caso, n\u00e3o se aplica o limite de renda exigido dos demais candidatos.<\/p>\n\n\n\n<div class=\"wp-block-image\"><figure class=\"aligncenter size-large is-resized\"><img loading=\"lazy\" decoding=\"async\" src=\"https:\/\/jornalfatosenoticias.com.br\/wp-content\/uploads\/2020\/02\/Suinco-1024x389.jpg\" alt=\"\" class=\"wp-image-28883\" width=\"366\" height=\"139\" srcset=\"https:\/\/jornalfatosenoticias.com.br\/wp-content\/uploads\/2020\/02\/Suinco-1024x389.jpg 1024w, https:\/\/jornalfatosenoticias.com.br\/wp-content\/uploads\/2020\/02\/Suinco-300x114.jpg 300w, https:\/\/jornalfatosenoticias.com.br\/wp-content\/uploads\/2020\/02\/Suinco-768x292.jpg 768w, https:\/\/jornalfatosenoticias.com.br\/wp-content\/uploads\/2020\/02\/Suinco.jpg 1220w\" sizes=\"auto, (max-width: 366px) 100vw, 366px\" \/><\/figure><\/div>\n\n\n\n<p><strong><em>Fonte: <a href=\"https:\/\/agenciabrasil.ebc.com.br\/educacao\/noticia\/2022-08\/mec-prorroga-prazos-de-2a-chamada-e-lista-de-espera-do-prouni\">Ag\u00eancia Brasil<\/a><\/em><\/strong><\/p>\n","protected":false},"excerpt":{"rendered":"<p>Novo calend\u00e1rio, que altera edital, ser\u00e1 publicado no Di\u00e1rio Oficial O Minist\u00e9rio da Educa\u00e7\u00e3o (MEC) informou nesta ter\u00e7a-feira (30) que o Programa Universidade para Todos (Prouni) ter\u00e1 novos prazos para comprova\u00e7\u00e3o de informa\u00e7\u00f5es por parte dos candidatos pr\u00e9-selecionados em segunda chamada, al\u00e9m das datas relacionadas \u00e0 lista de espera. Um novo edital ser\u00e1 publicado no [&hellip;]<\/p>\n","protected":false},"author":2,"featured_media":33714,"comment_status":"open","ping_status":"open","sticky":false,"template":"","format":"standard","meta":{"footnotes":""},"categories":[7],"tags":[326,283,920,3755],"class_list":["post-33713","post","type-post","status-publish","format-standard","has-post-thumbnail","hentry","category-educacao","tag-ensino-superior","tag-mec","tag-prorrogacao","tag-prouni"],"yoast_head":"<!-- This site is optimized with the Yoast SEO plugin v26.5 - https:\/\/yoast.com\/wordpress\/plugins\/seo\/ -->\n<title>MEC prorroga prazos de 2\u00aa chamada e lista de espera do Prouni - Jornal Fatos e Not\u00edcias<\/title>\n<meta name=\"robots\" content=\"index, follow, max-snippet:-1, max-image-preview:large, max-video-preview:-1\" \/>\n<link rel=\"canonical\" href=\"https:\/\/jornalfatosenoticias.com.br\/index.php\/2022\/08\/31\/mec-prorroga-prazos-de-2a-chamada-e-lista-de-espera-do-prouni\/\" \/>\n<meta property=\"og:locale\" content=\"pt_BR\" \/>\n<meta property=\"og:type\" content=\"article\" \/>\n<meta property=\"og:title\" content=\"MEC prorroga prazos de 2\u00aa chamada e lista de espera do Prouni - Jornal Fatos e Not\u00edcias\" \/>\n<meta property=\"og:description\" content=\"Novo calend\u00e1rio, que altera edital, ser\u00e1 publicado no Di\u00e1rio Oficial O Minist\u00e9rio da Educa\u00e7\u00e3o (MEC) informou nesta ter\u00e7a-feira (30) que o Programa Universidade para Todos (Prouni) ter\u00e1 novos prazos para comprova\u00e7\u00e3o de informa\u00e7\u00f5es por parte dos candidatos pr\u00e9-selecionados em segunda chamada, al\u00e9m das datas relacionadas \u00e0 lista de espera. Um novo edital ser\u00e1 publicado no [&hellip;]\" \/>\n<meta property=\"og:url\" content=\"https:\/\/jornalfatosenoticias.com.br\/index.php\/2022\/08\/31\/mec-prorroga-prazos-de-2a-chamada-e-lista-de-espera-do-prouni\/\" \/>\n<meta property=\"og:site_name\" content=\"Jornal Fatos e Not\u00edcias\" \/>\n<meta property=\"article:published_time\" content=\"2022-08-31T12:35:00+00:00\" \/>\n<meta property=\"og:image\" content=\"https:\/\/jornalfatosenoticias.com.br\/wp-content\/uploads\/2022\/08\/enem_vac_abr_prouni.jpg\" \/>\n\t<meta property=\"og:image:width\" content=\"1000\" \/>\n\t<meta property=\"og:image:height\" content=\"598\" \/>\n\t<meta property=\"og:image:type\" content=\"image\/jpeg\" \/>\n<meta name=\"author\" content=\"Luzimara Fernandes\" \/>\n<meta name=\"twitter:card\" content=\"summary_large_image\" \/>\n<meta name=\"twitter:label1\" content=\"Escrito por\" \/>\n\t<meta name=\"twitter:data1\" content=\"Luzimara Fernandes\" \/>\n\t<meta name=\"twitter:label2\" content=\"Est. tempo de leitura\" \/>\n\t<meta name=\"twitter:data2\" content=\"3 minutos\" \/>\n<script type=\"application\/ld+json\" class=\"yoast-schema-graph\">{\"@context\":\"https:\/\/schema.org\",\"@graph\":[{\"@type\":\"Article\",\"@id\":\"https:\/\/jornalfatosenoticias.com.br\/index.php\/2022\/08\/31\/mec-prorroga-prazos-de-2a-chamada-e-lista-de-espera-do-prouni\/#article\",\"isPartOf\":{\"@id\":\"https:\/\/jornalfatosenoticias.com.br\/index.php\/2022\/08\/31\/mec-prorroga-prazos-de-2a-chamada-e-lista-de-espera-do-prouni\/\"},\"author\":{\"name\":\"Luzimara Fernandes\",\"@id\":\"https:\/\/jornalfatosenoticias.com.br\/#\/schema\/person\/d63837fa13ac8666eb9e74e0985d6f81\"},\"headline\":\"MEC prorroga prazos de 2\u00aa chamada e lista de espera do Prouni\",\"datePublished\":\"2022-08-31T12:35:00+00:00\",\"mainEntityOfPage\":{\"@id\":\"https:\/\/jornalfatosenoticias.com.br\/index.php\/2022\/08\/31\/mec-prorroga-prazos-de-2a-chamada-e-lista-de-espera-do-prouni\/\"},\"wordCount\":535,\"commentCount\":0,\"publisher\":{\"@id\":\"https:\/\/jornalfatosenoticias.com.br\/#organization\"},\"image\":{\"@id\":\"https:\/\/jornalfatosenoticias.com.br\/index.php\/2022\/08\/31\/mec-prorroga-prazos-de-2a-chamada-e-lista-de-espera-do-prouni\/#primaryimage\"},\"thumbnailUrl\":\"https:\/\/jornalfatosenoticias.com.br\/wp-content\/uploads\/2022\/08\/enem_vac_abr_prouni.jpg\",\"keywords\":[\"ensino superior\",\"MEC\",\"prorroga\u00e7\u00e3o\",\"ProUni\"],\"articleSection\":[\"Educa\u00e7\u00e3o\"],\"inLanguage\":\"pt-BR\",\"potentialAction\":[{\"@type\":\"CommentAction\",\"name\":\"Comment\",\"target\":[\"https:\/\/jornalfatosenoticias.com.br\/index.php\/2022\/08\/31\/mec-prorroga-prazos-de-2a-chamada-e-lista-de-espera-do-prouni\/#respond\"]}]},{\"@type\":\"WebPage\",\"@id\":\"https:\/\/jornalfatosenoticias.com.br\/index.php\/2022\/08\/31\/mec-prorroga-prazos-de-2a-chamada-e-lista-de-espera-do-prouni\/\",\"url\":\"https:\/\/jornalfatosenoticias.com.br\/index.php\/2022\/08\/31\/mec-prorroga-prazos-de-2a-chamada-e-lista-de-espera-do-prouni\/\",\"name\":\"MEC prorroga prazos de 2\u00aa chamada e lista de espera do Prouni - Jornal Fatos e Not\u00edcias\",\"isPartOf\":{\"@id\":\"https:\/\/jornalfatosenoticias.com.br\/#website\"},\"primaryImageOfPage\":{\"@id\":\"https:\/\/jornalfatosenoticias.com.br\/index.php\/2022\/08\/31\/mec-prorroga-prazos-de-2a-chamada-e-lista-de-espera-do-prouni\/#primaryimage\"},\"image\":{\"@id\":\"https:\/\/jornalfatosenoticias.com.br\/index.php\/2022\/08\/31\/mec-prorroga-prazos-de-2a-chamada-e-lista-de-espera-do-prouni\/#primaryimage\"},\"thumbnailUrl\":\"https:\/\/jornalfatosenoticias.com.br\/wp-content\/uploads\/2022\/08\/enem_vac_abr_prouni.jpg\",\"datePublished\":\"2022-08-31T12:35:00+00:00\",\"breadcrumb\":{\"@id\":\"https:\/\/jornalfatosenoticias.com.br\/index.php\/2022\/08\/31\/mec-prorroga-prazos-de-2a-chamada-e-lista-de-espera-do-prouni\/#breadcrumb\"},\"inLanguage\":\"pt-BR\",\"potentialAction\":[{\"@type\":\"ReadAction\",\"target\":[\"https:\/\/jornalfatosenoticias.com.br\/index.php\/2022\/08\/31\/mec-prorroga-prazos-de-2a-chamada-e-lista-de-espera-do-prouni\/\"]}]},{\"@type\":\"ImageObject\",\"inLanguage\":\"pt-BR\",\"@id\":\"https:\/\/jornalfatosenoticias.com.br\/index.php\/2022\/08\/31\/mec-prorroga-prazos-de-2a-chamada-e-lista-de-espera-do-prouni\/#primaryimage\",\"url\":\"https:\/\/jornalfatosenoticias.com.br\/wp-content\/uploads\/2022\/08\/enem_vac_abr_prouni.jpg\",\"contentUrl\":\"https:\/\/jornalfatosenoticias.com.br\/wp-content\/uploads\/2022\/08\/enem_vac_abr_prouni.jpg\",\"width\":1000,\"height\":598,\"caption\":\"Participantes do Exame Nacional do Ensino M\u00e9dio (Enem) 2021 fazem, neste domingo (28), segundo dia de avalia\u00e7\u00e3o, provas de matem\u00e1tica e de ci\u00eancia da natureza.\"},{\"@type\":\"BreadcrumbList\",\"@id\":\"https:\/\/jornalfatosenoticias.com.br\/index.php\/2022\/08\/31\/mec-prorroga-prazos-de-2a-chamada-e-lista-de-espera-do-prouni\/#breadcrumb\",\"itemListElement\":[{\"@type\":\"ListItem\",\"position\":1,\"name\":\"In\u00edcio\",\"item\":\"https:\/\/jornalfatosenoticias.com.br\/\"},{\"@type\":\"ListItem\",\"position\":2,\"name\":\"MEC prorroga prazos de 2\u00aa chamada e lista de espera do Prouni\"}]},{\"@type\":\"WebSite\",\"@id\":\"https:\/\/jornalfatosenoticias.com.br\/#website\",\"url\":\"https:\/\/jornalfatosenoticias.com.br\/\",\"name\":\"Jornal Fatos e Not\u00edcias\",\"description\":\"Not\u00edcias em geral\",\"publisher\":{\"@id\":\"https:\/\/jornalfatosenoticias.com.br\/#organization\"},\"potentialAction\":[{\"@type\":\"SearchAction\",\"target\":{\"@type\":\"EntryPoint\",\"urlTemplate\":\"https:\/\/jornalfatosenoticias.com.br\/?s={search_term_string}\"},\"query-input\":{\"@type\":\"PropertyValueSpecification\",\"valueRequired\":true,\"valueName\":\"search_term_string\"}}],\"inLanguage\":\"pt-BR\"},{\"@type\":\"Organization\",\"@id\":\"https:\/\/jornalfatosenoticias.com.br\/#organization\",\"name\":\"Jornal Fatos e Not\u00edcias\",\"url\":\"https:\/\/jornalfatosenoticias.com.br\/\",\"logo\":{\"@type\":\"ImageObject\",\"inLanguage\":\"pt-BR\",\"@id\":\"https:\/\/jornalfatosenoticias.com.br\/#\/schema\/logo\/image\/\",\"url\":\"https:\/\/jornalfatosenoticias.com.br\/wp-content\/uploads\/2020\/02\/logo120.png\",\"contentUrl\":\"https:\/\/jornalfatosenoticias.com.br\/wp-content\/uploads\/2020\/02\/logo120.png\",\"width\":1227,\"height\":120,\"caption\":\"Jornal Fatos e Not\u00edcias\"},\"image\":{\"@id\":\"https:\/\/jornalfatosenoticias.com.br\/#\/schema\/logo\/image\/\"}},{\"@type\":\"Person\",\"@id\":\"https:\/\/jornalfatosenoticias.com.br\/#\/schema\/person\/d63837fa13ac8666eb9e74e0985d6f81\",\"name\":\"Luzimara Fernandes\",\"image\":{\"@type\":\"ImageObject\",\"inLanguage\":\"pt-BR\",\"@id\":\"https:\/\/jornalfatosenoticias.com.br\/#\/schema\/person\/image\/\",\"url\":\"https:\/\/jornalfatosenoticias.com.br\/wp-content\/uploads\/2025\/05\/EU_portal.jpg\",\"contentUrl\":\"https:\/\/jornalfatosenoticias.com.br\/wp-content\/uploads\/2025\/05\/EU_portal.jpg\",\"caption\":\"Luzimara Fernandes\"},\"description\":\"Jornalista MTB 2358-ES\",\"sameAs\":[\"https:\/\/jornalfatosenoticias.com.br\"],\"url\":\"https:\/\/jornalfatosenoticias.com.br\/index.php\/author\/luzimara\/\"}]}<\/script>\n<!-- \/ Yoast SEO plugin. -->","yoast_head_json":{"title":"MEC prorroga prazos de 2\u00aa chamada e lista de espera do Prouni - Jornal Fatos e Not\u00edcias","robots":{"index":"index","follow":"follow","max-snippet":"max-snippet:-1","max-image-preview":"max-image-preview:large","max-video-preview":"max-video-preview:-1"},"canonical":"https:\/\/jornalfatosenoticias.com.br\/index.php\/2022\/08\/31\/mec-prorroga-prazos-de-2a-chamada-e-lista-de-espera-do-prouni\/","og_locale":"pt_BR","og_type":"article","og_title":"MEC prorroga prazos de 2\u00aa chamada e lista de espera do Prouni - Jornal Fatos e Not\u00edcias","og_description":"Novo calend\u00e1rio, que altera edital, ser\u00e1 publicado no Di\u00e1rio Oficial O Minist\u00e9rio da Educa\u00e7\u00e3o (MEC) informou nesta ter\u00e7a-feira (30) que o Programa Universidade para Todos (Prouni) ter\u00e1 novos prazos para comprova\u00e7\u00e3o de informa\u00e7\u00f5es por parte dos candidatos pr\u00e9-selecionados em segunda chamada, al\u00e9m das datas relacionadas \u00e0 lista de espera. Um novo edital ser\u00e1 publicado no [&hellip;]","og_url":"https:\/\/jornalfatosenoticias.com.br\/index.php\/2022\/08\/31\/mec-prorroga-prazos-de-2a-chamada-e-lista-de-espera-do-prouni\/","og_site_name":"Jornal Fatos e Not\u00edcias","article_published_time":"2022-08-31T12:35:00+00:00","og_image":[{"width":1000,"height":598,"url":"https:\/\/jornalfatosenoticias.com.br\/wp-content\/uploads\/2022\/08\/enem_vac_abr_prouni.jpg","type":"image\/jpeg"}],"author":"Luzimara Fernandes","twitter_card":"summary_large_image","twitter_misc":{"Escrito por":"Luzimara Fernandes","Est. tempo de leitura":"3 minutos"},"schema":{"@context":"https:\/\/schema.org","@graph":[{"@type":"Article","@id":"https:\/\/jornalfatosenoticias.com.br\/index.php\/2022\/08\/31\/mec-prorroga-prazos-de-2a-chamada-e-lista-de-espera-do-prouni\/#article","isPartOf":{"@id":"https:\/\/jornalfatosenoticias.com.br\/index.php\/2022\/08\/31\/mec-prorroga-prazos-de-2a-chamada-e-lista-de-espera-do-prouni\/"},"author":{"name":"Luzimara Fernandes","@id":"https:\/\/jornalfatosenoticias.com.br\/#\/schema\/person\/d63837fa13ac8666eb9e74e0985d6f81"},"headline":"MEC prorroga prazos de 2\u00aa chamada e lista de espera do Prouni","datePublished":"2022-08-31T12:35:00+00:00","mainEntityOfPage":{"@id":"https:\/\/jornalfatosenoticias.com.br\/index.php\/2022\/08\/31\/mec-prorroga-prazos-de-2a-chamada-e-lista-de-espera-do-prouni\/"},"wordCount":535,"commentCount":0,"publisher":{"@id":"https:\/\/jornalfatosenoticias.com.br\/#organization"},"image":{"@id":"https:\/\/jornalfatosenoticias.com.br\/index.php\/2022\/08\/31\/mec-prorroga-prazos-de-2a-chamada-e-lista-de-espera-do-prouni\/#primaryimage"},"thumbnailUrl":"https:\/\/jornalfatosenoticias.com.br\/wp-content\/uploads\/2022\/08\/enem_vac_abr_prouni.jpg","keywords":["ensino superior","MEC","prorroga\u00e7\u00e3o","ProUni"],"articleSection":["Educa\u00e7\u00e3o"],"inLanguage":"pt-BR","potentialAction":[{"@type":"CommentAction","name":"Comment","target":["https:\/\/jornalfatosenoticias.com.br\/index.php\/2022\/08\/31\/mec-prorroga-prazos-de-2a-chamada-e-lista-de-espera-do-prouni\/#respond"]}]},{"@type":"WebPage","@id":"https:\/\/jornalfatosenoticias.com.br\/index.php\/2022\/08\/31\/mec-prorroga-prazos-de-2a-chamada-e-lista-de-espera-do-prouni\/","url":"https:\/\/jornalfatosenoticias.com.br\/index.php\/2022\/08\/31\/mec-prorroga-prazos-de-2a-chamada-e-lista-de-espera-do-prouni\/","name":"MEC prorroga prazos de 2\u00aa chamada e lista de espera do Prouni - Jornal Fatos e Not\u00edcias","isPartOf":{"@id":"https:\/\/jornalfatosenoticias.com.br\/#website"},"primaryImageOfPage":{"@id":"https:\/\/jornalfatosenoticias.com.br\/index.php\/2022\/08\/31\/mec-prorroga-prazos-de-2a-chamada-e-lista-de-espera-do-prouni\/#primaryimage"},"image":{"@id":"https:\/\/jornalfatosenoticias.com.br\/index.php\/2022\/08\/31\/mec-prorroga-prazos-de-2a-chamada-e-lista-de-espera-do-prouni\/#primaryimage"},"thumbnailUrl":"https:\/\/jornalfatosenoticias.com.br\/wp-content\/uploads\/2022\/08\/enem_vac_abr_prouni.jpg","datePublished":"2022-08-31T12:35:00+00:00","breadcrumb":{"@id":"https:\/\/jornalfatosenoticias.com.br\/index.php\/2022\/08\/31\/mec-prorroga-prazos-de-2a-chamada-e-lista-de-espera-do-prouni\/#breadcrumb"},"inLanguage":"pt-BR","potentialAction":[{"@type":"ReadAction","target":["https:\/\/jornalfatosenoticias.com.br\/index.php\/2022\/08\/31\/mec-prorroga-prazos-de-2a-chamada-e-lista-de-espera-do-prouni\/"]}]},{"@type":"ImageObject","inLanguage":"pt-BR","@id":"https:\/\/jornalfatosenoticias.com.br\/index.php\/2022\/08\/31\/mec-prorroga-prazos-de-2a-chamada-e-lista-de-espera-do-prouni\/#primaryimage","url":"https:\/\/jornalfatosenoticias.com.br\/wp-content\/uploads\/2022\/08\/enem_vac_abr_prouni.jpg","contentUrl":"https:\/\/jornalfatosenoticias.com.br\/wp-content\/uploads\/2022\/08\/enem_vac_abr_prouni.jpg","width":1000,"height":598,"caption":"Participantes do Exame Nacional do Ensino M\u00e9dio (Enem) 2021 fazem, neste domingo (28), segundo dia de avalia\u00e7\u00e3o, provas de matem\u00e1tica e de ci\u00eancia da natureza."},{"@type":"BreadcrumbList","@id":"https:\/\/jornalfatosenoticias.com.br\/index.php\/2022\/08\/31\/mec-prorroga-prazos-de-2a-chamada-e-lista-de-espera-do-prouni\/#breadcrumb","itemListElement":[{"@type":"ListItem","position":1,"name":"In\u00edcio","item":"https:\/\/jornalfatosenoticias.com.br\/"},{"@type":"ListItem","position":2,"name":"MEC prorroga prazos de 2\u00aa chamada e lista de espera do Prouni"}]},{"@type":"WebSite","@id":"https:\/\/jornalfatosenoticias.com.br\/#website","url":"https:\/\/jornalfatosenoticias.com.br\/","name":"Jornal Fatos e Not\u00edcias","description":"Not\u00edcias em geral","publisher":{"@id":"https:\/\/jornalfatosenoticias.com.br\/#organization"},"potentialAction":[{"@type":"SearchAction","target":{"@type":"EntryPoint","urlTemplate":"https:\/\/jornalfatosenoticias.com.br\/?s={search_term_string}"},"query-input":{"@type":"PropertyValueSpecification","valueRequired":true,"valueName":"search_term_string"}}],"inLanguage":"pt-BR"},{"@type":"Organization","@id":"https:\/\/jornalfatosenoticias.com.br\/#organization","name":"Jornal Fatos e Not\u00edcias","url":"https:\/\/jornalfatosenoticias.com.br\/","logo":{"@type":"ImageObject","inLanguage":"pt-BR","@id":"https:\/\/jornalfatosenoticias.com.br\/#\/schema\/logo\/image\/","url":"https:\/\/jornalfatosenoticias.com.br\/wp-content\/uploads\/2020\/02\/logo120.png","contentUrl":"https:\/\/jornalfatosenoticias.com.br\/wp-content\/uploads\/2020\/02\/logo120.png","width":1227,"height":120,"caption":"Jornal Fatos e Not\u00edcias"},"image":{"@id":"https:\/\/jornalfatosenoticias.com.br\/#\/schema\/logo\/image\/"}},{"@type":"Person","@id":"https:\/\/jornalfatosenoticias.com.br\/#\/schema\/person\/d63837fa13ac8666eb9e74e0985d6f81","name":"Luzimara Fernandes","image":{"@type":"ImageObject","inLanguage":"pt-BR","@id":"https:\/\/jornalfatosenoticias.com.br\/#\/schema\/person\/image\/","url":"https:\/\/jornalfatosenoticias.com.br\/wp-content\/uploads\/2025\/05\/EU_portal.jpg","contentUrl":"https:\/\/jornalfatosenoticias.com.br\/wp-content\/uploads\/2025\/05\/EU_portal.jpg","caption":"Luzimara Fernandes"},"description":"Jornalista MTB 2358-ES","sameAs":["https:\/\/jornalfatosenoticias.com.br"],"url":"https:\/\/jornalfatosenoticias.com.br\/index.php\/author\/luzimara\/"}]}},"cc_featured_image_caption":{"caption_text":"(Foto: Valter Campanato\/Ag\u00eancia Brasil) ","source_text":"","source_url":""},"jetpack_featured_media_url":"https:\/\/jornalfatosenoticias.com.br\/wp-content\/uploads\/2022\/08\/enem_vac_abr_prouni.jpg","_links":{"self":[{"href":"https:\/\/jornalfatosenoticias.com.br\/index.php\/wp-json\/wp\/v2\/posts\/33713","targetHints":{"allow":["GET"]}}],"collection":[{"href":"https:\/\/jornalfatosenoticias.com.br\/index.php\/wp-json\/wp\/v2\/posts"}],"about":[{"href":"https:\/\/jornalfatosenoticias.com.br\/index.php\/wp-json\/wp\/v2\/types\/post"}],"author":[{"embeddable":true,"href":"https:\/\/jornalfatosenoticias.com.br\/index.php\/wp-json\/wp\/v2\/users\/2"}],"replies":[{"embeddable":true,"href":"https:\/\/jornalfatosenoticias.com.br\/index.php\/wp-json\/wp\/v2\/comments?post=33713"}],"version-history":[{"count":0,"href":"https:\/\/jornalfatosenoticias.com.br\/index.php\/wp-json\/wp\/v2\/posts\/33713\/revisions"}],"wp:featuredmedia":[{"embeddable":true,"href":"https:\/\/jornalfatosenoticias.com.br\/index.php\/wp-json\/wp\/v2\/media\/33714"}],"wp:attachment":[{"href":"https:\/\/jornalfatosenoticias.com.br\/index.php\/wp-json\/wp\/v2\/media?parent=33713"}],"wp:term":[{"taxonomy":"category","embeddable":true,"href":"https:\/\/jornalfatosenoticias.com.br\/index.php\/wp-json\/wp\/v2\/categories?post=33713"},{"taxonomy":"post_tag","embeddable":true,"href":"https:\/\/jornalfatosenoticias.com.br\/index.php\/wp-json\/wp\/v2\/tags?post=33713"}],"curies":[{"name":"wp","href":"https:\/\/api.w.org\/{rel}","templated":true}]}}