{"id":33752,"date":"2022-09-01T13:20:44","date_gmt":"2022-09-01T16:20:44","guid":{"rendered":"https:\/\/jornalfatosenoticias.com.br\/?p=33752"},"modified":"2022-09-01T13:20:46","modified_gmt":"2022-09-01T16:20:46","slug":"como-cresce-uma-crianca-parte-viii","status":"publish","type":"post","link":"https:\/\/jornalfatosenoticias.com.br\/index.php\/2022\/09\/01\/como-cresce-uma-crianca-parte-viii\/","title":{"rendered":"Como cresce uma Crian\u00e7a? \u2014 Parte VIII"},"content":{"rendered":"\n<p><em><span class=\"has-inline-color has-black-color\">Quanto mais assegurada pelo ambiente afetivo, mais a Crian\u00e7a satisfaz sua tend\u00eancia pelo conhecimento<\/span><\/em><\/p>\n\n\n\n<div class=\"wp-block-image\"><figure class=\"aligncenter size-large\"><img loading=\"lazy\" decoding=\"async\" width=\"1024\" height=\"100\" src=\"https:\/\/jornalfatosenoticias.com.br\/wp-content\/uploads\/2022\/05\/NOVA-LOGO-CESCONETTO-1024x100.jpg\" alt=\"\" class=\"wp-image-30792\" srcset=\"https:\/\/jornalfatosenoticias.com.br\/wp-content\/uploads\/2022\/05\/NOVA-LOGO-CESCONETTO-1024x100.jpg 1024w, https:\/\/jornalfatosenoticias.com.br\/wp-content\/uploads\/2022\/05\/NOVA-LOGO-CESCONETTO-300x29.jpg 300w, https:\/\/jornalfatosenoticias.com.br\/wp-content\/uploads\/2022\/05\/NOVA-LOGO-CESCONETTO-768x75.jpg 768w, https:\/\/jornalfatosenoticias.com.br\/wp-content\/uploads\/2022\/05\/NOVA-LOGO-CESCONETTO.jpg 1280w\" sizes=\"auto, (max-width: 1024px) 100vw, 1024px\" \/><\/figure><\/div>\n\n\n\n<p>Crescer d\u00f3i. Cada nova aquisi\u00e7\u00e3o traz o abandono do conforto, da condi\u00e7\u00e3o anterior que tinha privil\u00e9gios pela maior depend\u00eancia de um adulto. A aten\u00e7\u00e3o especial, indispens\u00e1vel, que \u00e9 imprescind\u00edvel \u00e0 Primeira Inf\u00e2ncia, \u00e9 respons\u00e1vel pela sa\u00fade f\u00edsica e, principalmente, mental da Crian\u00e7a, e do posterior indiv\u00edduo adulto, competente para as rela\u00e7\u00f5es afetivas e sociais com os demais adultos. Da\u00ed a import\u00e2ncia da qualidade do afeto\/cuidado com o beb\u00ea\/crian\u00e7a, entre zero e seis anos. Iniciando pela sustenta\u00e7\u00e3o do beb\u00ea no colo seguro, passando pelo incentivo confiante a novas descobertas, tendo como meta a sustentabilidade maior da humanidade. \u00c9 preciso organizar e humanizar o montante de potencialidades que vem contido no ser incompleto que nasce, tudo, atrav\u00e9s desse processo continuado.<\/p>\n\n\n\n<div class=\"wp-block-image\"><figure class=\"aligncenter size-large is-resized\"><img loading=\"lazy\" decoding=\"async\" src=\"https:\/\/jornalfatosenoticias.com.br\/wp-content\/uploads\/2022\/07\/Assinatura-Marketing-1024x300.png\" alt=\"\" class=\"wp-image-31962\" width=\"423\" height=\"123\" srcset=\"https:\/\/jornalfatosenoticias.com.br\/wp-content\/uploads\/2022\/07\/Assinatura-Marketing-1024x300.png 1024w, https:\/\/jornalfatosenoticias.com.br\/wp-content\/uploads\/2022\/07\/Assinatura-Marketing-300x88.png 300w, https:\/\/jornalfatosenoticias.com.br\/wp-content\/uploads\/2022\/07\/Assinatura-Marketing-768x225.png 768w, https:\/\/jornalfatosenoticias.com.br\/wp-content\/uploads\/2022\/07\/Assinatura-Marketing-1536x451.png 1536w, https:\/\/jornalfatosenoticias.com.br\/wp-content\/uploads\/2022\/07\/Assinatura-Marketing-2048x601.png 2048w\" sizes=\"auto, (max-width: 423px) 100vw, 423px\" \/><\/figure><\/div>\n\n\n\n<figure class=\"wp-block-image size-large\"><img loading=\"lazy\" decoding=\"async\" width=\"1000\" height=\"562\" src=\"https:\/\/jornalfatosenoticias.com.br\/wp-content\/uploads\/2022\/09\/brincadeira-cade-com-bebe-achou.png\" alt=\"\" class=\"wp-image-33755\" srcset=\"https:\/\/jornalfatosenoticias.com.br\/wp-content\/uploads\/2022\/09\/brincadeira-cade-com-bebe-achou.png 1000w, https:\/\/jornalfatosenoticias.com.br\/wp-content\/uploads\/2022\/09\/brincadeira-cade-com-bebe-achou-300x169.png 300w, https:\/\/jornalfatosenoticias.com.br\/wp-content\/uploads\/2022\/09\/brincadeira-cade-com-bebe-achou-768x432.png 768w\" sizes=\"auto, (max-width: 1000px) 100vw, 1000px\" \/><figcaption><em><span class=\"has-inline-color has-black-color\">S\u00e3o os jogos corporais, que come\u00e7am com se esconder atr\u00e1s da fraldinha, brincadeira realizada por beb\u00eas quando adquirem a coordena\u00e7\u00e3o \u00f3culo-manual, e se expandem em movimentos por \u00e1reas maiores (Foto: Reprodu\u00e7\u00e3o Facebook)<\/span><\/em><\/figcaption><\/figure>\n\n\n\n<div class=\"wp-block-image\"><figure class=\"alignright size-large is-resized\"><img loading=\"lazy\" decoding=\"async\" src=\"https:\/\/jornalfatosenoticias.com.br\/wp-content\/uploads\/2022\/07\/Logo-Grupo-SEI.jpg\" alt=\"\" class=\"wp-image-31973\" width=\"327\" height=\"172\" srcset=\"https:\/\/jornalfatosenoticias.com.br\/wp-content\/uploads\/2022\/07\/Logo-Grupo-SEI.jpg 713w, https:\/\/jornalfatosenoticias.com.br\/wp-content\/uploads\/2022\/07\/Logo-Grupo-SEI-300x158.jpg 300w\" sizes=\"auto, (max-width: 327px) 100vw, 327px\" \/><\/figure><\/div>\n\n\n\n<p>Todo novo desaloja o estabelecido. A curiosidade pelo novo traz medo, inseguran\u00e7a, mas, tamb\u00e9m, prazer na gratifica\u00e7\u00e3o sentida quando do bom resultado. Uma aquisi\u00e7\u00e3o, de qualquer ordem dos vetores do desenvolvimento, sedimenta a autoconfian\u00e7a, a autoestima, a capacidade de empatia espelhada no adulto estimulador do movimento de conquista. \u00c9 um processo relacional por excel\u00eancia, como \u00e9 a caracter\u00edstica do humano. Relacional. H\u00e1 que se compreender a depend\u00eancia, t\u00e3o, frequentemente, vista como negativa, nessa dimens\u00e3o relacional, entre pessoas, um processo que traz crescimento para a Crian\u00e7a e para sua cuidadora ou seu cuidador. Ambos, crescem.<br>Se o M\u00e9todo M\u00e3e Canguru, MMC, para beb\u00eas prematuros, reduz a taxa de infec\u00e7\u00f5es, favorece a produ\u00e7\u00e3o de leite da m\u00e3e, faz com que o beb\u00ea aumente de peso mais rapidamente, e, tudo isso, favorecendo o fortalecimento do v\u00ednculo m\u00e3e-beb\u00ea, o sequenciamento relacional cont\u00ednuo, o afeto, \u00e9 a constru\u00e7\u00e3o dessa pessoinha.<\/p>\n\n\n\n<div class=\"wp-block-image\"><figure class=\"aligncenter size-large is-resized\"><img loading=\"lazy\" decoding=\"async\" src=\"https:\/\/jornalfatosenoticias.com.br\/wp-content\/uploads\/2020\/02\/Serra-Grande-1024x160.png\" alt=\"\" class=\"wp-image-7836\" width=\"427\" height=\"66\"\/><\/figure><\/div>\n\n\n\n<figure class=\"wp-block-image size-large\"><img loading=\"lazy\" decoding=\"async\" width=\"1000\" height=\"625\" src=\"https:\/\/jornalfatosenoticias.com.br\/wp-content\/uploads\/2022\/09\/bebe-espelho.jpg\" alt=\"\" class=\"wp-image-33753\" srcset=\"https:\/\/jornalfatosenoticias.com.br\/wp-content\/uploads\/2022\/09\/bebe-espelho.jpg 1000w, https:\/\/jornalfatosenoticias.com.br\/wp-content\/uploads\/2022\/09\/bebe-espelho-300x188.jpg 300w, https:\/\/jornalfatosenoticias.com.br\/wp-content\/uploads\/2022\/09\/bebe-espelho-768x480.jpg 768w, https:\/\/jornalfatosenoticias.com.br\/wp-content\/uploads\/2022\/09\/bebe-espelho-350x220.jpg 350w\" sizes=\"auto, (max-width: 1000px) 100vw, 1000px\" \/><figcaption><em><span class=\"has-inline-color has-black-color\">A forma\u00e7\u00e3o da identidade vai se estruturando neste espelhamento rec\u00edproco. O beb\u00ea olha e \u00e9 olhado (Foto: CanStock)<\/span><\/em><\/figcaption><\/figure>\n\n\n\n<div class=\"wp-block-image\"><figure class=\"alignleft size-large is-resized\"><img loading=\"lazy\" decoding=\"async\" src=\"https:\/\/jornalfatosenoticias.com.br\/wp-content\/uploads\/2022\/08\/logo-locau-veiculos-1024x573.png\" alt=\"\" class=\"wp-image-33078\" width=\"327\" height=\"182\"\/><\/figure><\/div>\n\n\n\n<p>Esse processo de troca cont\u00ednua ecoa o reconhecimento da pessoa beb\u00ea, quando nasce o sentimento de pertencimento \u00e0quele grupo familiar. A forma\u00e7\u00e3o da identidade vai se estruturando neste espelhamento rec\u00edproco. O beb\u00ea olha e \u00e9 olhado, nomeia e \u00e9 nomeado, identifica e \u00e9 identificado. \u00c9 um jogo de espelhos que refletem imagens em grande rapidez.<br>Considerando essa import\u00e2ncia essencial para a forma\u00e7\u00e3o integral da Crian\u00e7a, o CNJ, Conselho Nacional de Justi\u00e7a, promoveu, e prossegue, em 2019, o Pacto da Primeira Inf\u00e2ncia, do qual sou signat\u00e1ria, entre 300 pessoas e entidades sociais que se preocupam com a garantia do desenvolvimento integral da Crian\u00e7a.<\/p>\n\n\n\n<div class=\"wp-block-image\"><figure class=\"alignright size-large is-resized\"><img loading=\"lazy\" decoding=\"async\" src=\"https:\/\/jornalfatosenoticias.com.br\/wp-content\/uploads\/2020\/02\/LOGO-EMBCIA-34-ANOS-1.jpg\" alt=\"\" class=\"wp-image-33579\" width=\"351\" height=\"196\"\/><\/figure><\/div>\n\n\n\n<p>A segunda inf\u00e2ncia, fomenta a epistemologia dos c\u00f3digos, das regras. S\u00e3o os jogos corporais, que come\u00e7am com se esconder atr\u00e1s da fraldinha, brincadeira realizada por beb\u00eas quando adquirem a coordena\u00e7\u00e3o \u00f3culo-manual, e se expandem em movimentos por \u00e1reas maiores, seguidos dos jogos de tabuleiro, quando a conten\u00e7\u00e3o do corpo entra em cena. Brincar \u00e9 uma aprendizagem de regras, crit\u00e9rios, sensa\u00e7\u00f5es boas e ruins. Mesmo nos jogos mais simples, o exerc\u00edcio da mem\u00f3ria, das classifica\u00e7\u00f5es e sequ\u00eancias, da tentativa de antecipa\u00e7\u00e3o da atitude do oponente, desenvolve a organiza\u00e7\u00e3o cognitiva em coordena\u00e7\u00e3o com os movimentos. Jogos de a\u00e7\u00e3o corporal ou jogos de racioc\u00ednio acompanham o passo a passo da escolaridade. Quem estimula quem? Parece que andam juntos, insepar\u00e1veis.<\/p>\n\n\n\n<div class=\"wp-block-image\"><figure class=\"aligncenter size-large\"><img loading=\"lazy\" decoding=\"async\" width=\"729\" height=\"90\" src=\"https:\/\/jornalfatosenoticias.com.br\/wp-content\/uploads\/2020\/02\/Logo_Mizu.png\" alt=\"\" class=\"wp-image-1441\" srcset=\"https:\/\/jornalfatosenoticias.com.br\/wp-content\/uploads\/2020\/02\/Logo_Mizu.png 729w, https:\/\/jornalfatosenoticias.com.br\/wp-content\/uploads\/2020\/02\/Logo_Mizu-300x37.png 300w\" sizes=\"auto, (max-width: 729px) 100vw, 729px\" \/><\/figure><\/div>\n\n\n\n<figure class=\"wp-block-image size-large\"><img loading=\"lazy\" decoding=\"async\" width=\"1000\" height=\"666\" src=\"https:\/\/jornalfatosenoticias.com.br\/wp-content\/uploads\/2022\/09\/criancas-brincando-ar-livre.jpg\" alt=\"\" class=\"wp-image-33754\" srcset=\"https:\/\/jornalfatosenoticias.com.br\/wp-content\/uploads\/2022\/09\/criancas-brincando-ar-livre.jpg 1000w, https:\/\/jornalfatosenoticias.com.br\/wp-content\/uploads\/2022\/09\/criancas-brincando-ar-livre-300x200.jpg 300w, https:\/\/jornalfatosenoticias.com.br\/wp-content\/uploads\/2022\/09\/criancas-brincando-ar-livre-768x511.jpg 768w\" sizes=\"auto, (max-width: 1000px) 100vw, 1000px\" \/><figcaption><em><span class=\"has-inline-color has-black-color\">Brincar \u00e9 muito s\u00e9rio para a crian\u00e7a (Foto: Getty Images)<\/span><\/em><\/figcaption><\/figure>\n\n\n\n<div class=\"wp-block-image\"><figure class=\"alignleft size-large\"><img loading=\"lazy\" decoding=\"async\" width=\"300\" height=\"250\" src=\"https:\/\/jornalfatosenoticias.com.br\/wp-content\/uploads\/2022\/08\/arte-Casarao.jpg\" alt=\"\" class=\"wp-image-33178\"\/><\/figure><\/div>\n\n\n\n<p>Brincar, portanto, \u00e9 muito s\u00e9rio para a Crian\u00e7a. Como um pequeno cientista, toda a aprendizagem se faz em processo onde a organiza\u00e7\u00e3o das vari\u00e1veis a serem testadas, s\u00e3o rigorosamente localizadas e separadas. Pode parecer que a Crian\u00e7a n\u00e3o sabe o que est\u00e1 fazendo, ou n\u00e3o coordena nada no seu comportamento, ou que tudo tanto faz. Mas h\u00e1 uma l\u00f3gica, mesmo que rudimentar e falha pela sua imaturidade, em seu brincar, h\u00e1 uma regra sempre que ela segue.<br>Quanto mais assegurada pelo ambiente afetivo, mais a Crian\u00e7a satisfaz sua tend\u00eancia epistemof\u00edlica. Ou seja, a curiosidade, o interesse pelo conhecimento de tudo ao seu redor, depende, diretamente, da seguran\u00e7a afetiva que ela tem. A famosa car\u00eancia afetiva vivida por falta, ou inadequa\u00e7\u00e3o de afeto primordial, tanto quantitativa quanto qualitativamente, imprime na crian\u00e7a uma sensa\u00e7\u00e3o permanente de d\u00favida sobre si mesma. \u201cSe n\u00e3o sou gostada \u00e9 porque n\u00e3o presto\u201d, \u201cse n\u00e3o se importam comigo \u00e9 porque sou errada\u201d, s\u00e3o interpreta\u00e7\u00f5es feitas pelos pequenos quando o afeto n\u00e3o foi suficientemente bom. N\u00e3o falamos de perfei\u00e7\u00e3o, mas de processo de qualidade, predominantemente, boa. H\u00e1 lugar para erros, para faltas, mas que a padronagem seja firmemente de bom cuidado.<\/p>\n\n\n\n<div class=\"wp-block-image\"><figure class=\"aligncenter size-large is-resized\"><img loading=\"lazy\" decoding=\"async\" src=\"https:\/\/jornalfatosenoticias.com.br\/wp-content\/uploads\/2020\/02\/Suinco-1024x389.jpg\" alt=\"\" class=\"wp-image-28883\" width=\"403\" height=\"153\" srcset=\"https:\/\/jornalfatosenoticias.com.br\/wp-content\/uploads\/2020\/02\/Suinco-1024x389.jpg 1024w, https:\/\/jornalfatosenoticias.com.br\/wp-content\/uploads\/2020\/02\/Suinco-300x114.jpg 300w, https:\/\/jornalfatosenoticias.com.br\/wp-content\/uploads\/2020\/02\/Suinco-768x292.jpg 768w, https:\/\/jornalfatosenoticias.com.br\/wp-content\/uploads\/2020\/02\/Suinco.jpg 1220w\" sizes=\"auto, (max-width: 403px) 100vw, 403px\" \/><\/figure><\/div>\n\n\n\n<figure class=\"wp-block-image size-large\"><img loading=\"lazy\" decoding=\"async\" width=\"1000\" height=\"666\" src=\"https:\/\/jornalfatosenoticias.com.br\/wp-content\/uploads\/2022\/09\/PAI-E-BEBE.jpg\" alt=\"\" class=\"wp-image-33756\" srcset=\"https:\/\/jornalfatosenoticias.com.br\/wp-content\/uploads\/2022\/09\/PAI-E-BEBE.jpg 1000w, https:\/\/jornalfatosenoticias.com.br\/wp-content\/uploads\/2022\/09\/PAI-E-BEBE-300x200.jpg 300w, https:\/\/jornalfatosenoticias.com.br\/wp-content\/uploads\/2022\/09\/PAI-E-BEBE-768x511.jpg 768w\" sizes=\"auto, (max-width: 1000px) 100vw, 1000px\" \/><figcaption><em><span class=\"has-inline-color has-black-color\">Para a Crian\u00e7a, \u00e9 ela que interpreta os comportamentos e sente as suas emo\u00e7\u00f5es (Foto: iStockphoto\/monkeybusinessimages)<\/span><\/em><\/figcaption><\/figure>\n\n\n\n<div class=\"wp-block-image\"><figure class=\"alignright size-large\"><img decoding=\"async\" src=\"https:\/\/jornalfatosenoticias.com.br\/wp-content\/uploads\/2020\/02\/CASA-DO-TORRESMO_PORTAL.jpg\" alt=\"\" class=\"wp-image-33487\"\/><\/figure><\/div>\n\n\n\n<p>A car\u00eancia afetiva tem intensidades variadas. Para a Crian\u00e7a, \u00e9 ela que interpreta os comportamentos e sente as suas emo\u00e7\u00f5es, a repeti\u00e7\u00e3o parece empurr\u00e1-la para uma certeza de descuidado, de desafeto. \u00c9 um texto cont\u00ednuo, cuja leitura pode promover adoecimentos ps\u00edquicos, transit\u00f3rios, ou permanentes, leves, moderados ou severos. O tempo de dura\u00e7\u00e3o e a intensidade de uma falha afetiva, v\u00e3o desenhar o tamanho do estrago afetivo. E, se come\u00e7a no grupo familiar, essa falha segue para fora dos muros familiares. A escola, primeira micro sociedade, e as institui\u00e7\u00f5es que a Crian\u00e7a vai tendo contato, podem frustrar de tal maneira, que patologias se instalem nessa mente ainda muito vulner\u00e1vel. Quando a Escola cumpre sua fun\u00e7\u00e3o, isso \u00e9 afeto. Assim como, quando o Estado garante Direitos \u00e0 Crian\u00e7a, \u00e9 afeto.<\/p>\n\n\n\n<div class=\"wp-block-image\"><figure class=\"aligncenter size-large is-resized\"><img loading=\"lazy\" decoding=\"async\" src=\"https:\/\/jornalfatosenoticias.com.br\/wp-content\/uploads\/2020\/02\/SEVENTUR-TURISMO.jpg\" alt=\"\" class=\"wp-image-32994\" width=\"220\" height=\"174\"\/><\/figure><\/div>\n\n\n\n<p><\/p>\n","protected":false},"excerpt":{"rendered":"<p>Quanto mais assegurada pelo ambiente afetivo, mais a Crian\u00e7a satisfaz sua tend\u00eancia pelo conhecimento Crescer d\u00f3i. Cada nova aquisi\u00e7\u00e3o traz o abandono do conforto, da condi\u00e7\u00e3o anterior que tinha privil\u00e9gios pela maior depend\u00eancia de um adulto. A aten\u00e7\u00e3o especial, indispens\u00e1vel, que \u00e9 imprescind\u00edvel \u00e0 Primeira Inf\u00e2ncia, \u00e9 respons\u00e1vel pela sa\u00fade f\u00edsica e, principalmente, mental da [&hellip;]<\/p>\n","protected":false},"author":8,"featured_media":33753,"comment_status":"open","ping_status":"open","sticky":false,"template":"","format":"standard","meta":{"footnotes":""},"categories":[2522],"tags":[1985,546,15855,15856,1326,4553],"class_list":["post-33752","post","type-post","status-publish","format-standard","has-post-thumbnail","hentry","category-comportamento","tag-afeto","tag-bebe","tag-brincadeiras-bebe","tag-carencia-afetiva","tag-carinho","tag-maternidade"],"yoast_head":"<!-- This site is optimized with the Yoast SEO plugin v26.5 - https:\/\/yoast.com\/wordpress\/plugins\/seo\/ -->\n<title>Como cresce uma Crian\u00e7a? \u2014 Parte VIII - Jornal Fatos e Not\u00edcias<\/title>\n<meta name=\"robots\" content=\"index, follow, max-snippet:-1, max-image-preview:large, max-video-preview:-1\" \/>\n<link rel=\"canonical\" href=\"https:\/\/jornalfatosenoticias.com.br\/index.php\/2022\/09\/01\/como-cresce-uma-crianca-parte-viii\/\" \/>\n<meta property=\"og:locale\" content=\"pt_BR\" \/>\n<meta property=\"og:type\" content=\"article\" \/>\n<meta property=\"og:title\" content=\"Como cresce uma Crian\u00e7a? \u2014 Parte VIII - Jornal Fatos e Not\u00edcias\" \/>\n<meta property=\"og:description\" content=\"Quanto mais assegurada pelo ambiente afetivo, mais a Crian\u00e7a satisfaz sua tend\u00eancia pelo conhecimento Crescer d\u00f3i. Cada nova aquisi\u00e7\u00e3o traz o abandono do conforto, da condi\u00e7\u00e3o anterior que tinha privil\u00e9gios pela maior depend\u00eancia de um adulto. A aten\u00e7\u00e3o especial, indispens\u00e1vel, que \u00e9 imprescind\u00edvel \u00e0 Primeira Inf\u00e2ncia, \u00e9 respons\u00e1vel pela sa\u00fade f\u00edsica e, principalmente, mental da [&hellip;]\" \/>\n<meta property=\"og:url\" content=\"https:\/\/jornalfatosenoticias.com.br\/index.php\/2022\/09\/01\/como-cresce-uma-crianca-parte-viii\/\" \/>\n<meta property=\"og:site_name\" content=\"Jornal Fatos e Not\u00edcias\" \/>\n<meta property=\"article:published_time\" content=\"2022-09-01T16:20:44+00:00\" \/>\n<meta property=\"article:modified_time\" content=\"2022-09-01T16:20:46+00:00\" \/>\n<meta property=\"og:image\" content=\"https:\/\/jornalfatosenoticias.com.br\/wp-content\/uploads\/2022\/09\/bebe-espelho.jpg\" \/>\n\t<meta property=\"og:image:width\" content=\"1000\" \/>\n\t<meta property=\"og:image:height\" content=\"625\" \/>\n\t<meta property=\"og:image:type\" content=\"image\/jpeg\" \/>\n<meta name=\"author\" content=\"Ana Maria Iencarelli\" \/>\n<meta name=\"twitter:card\" content=\"summary_large_image\" \/>\n<meta name=\"twitter:label1\" content=\"Escrito por\" \/>\n\t<meta name=\"twitter:data1\" content=\"Ana Maria Iencarelli\" \/>\n\t<meta name=\"twitter:label2\" content=\"Est. tempo de leitura\" \/>\n\t<meta name=\"twitter:data2\" content=\"5 minutos\" \/>\n<script type=\"application\/ld+json\" class=\"yoast-schema-graph\">{\"@context\":\"https:\/\/schema.org\",\"@graph\":[{\"@type\":\"Article\",\"@id\":\"https:\/\/jornalfatosenoticias.com.br\/index.php\/2022\/09\/01\/como-cresce-uma-crianca-parte-viii\/#article\",\"isPartOf\":{\"@id\":\"https:\/\/jornalfatosenoticias.com.br\/index.php\/2022\/09\/01\/como-cresce-uma-crianca-parte-viii\/\"},\"author\":{\"name\":\"Ana Maria Iencarelli\",\"@id\":\"https:\/\/jornalfatosenoticias.com.br\/#\/schema\/person\/c33fcf5fb02d729d3fec92c6737a22d1\"},\"headline\":\"Como cresce uma Crian\u00e7a? \u2014 Parte VIII\",\"datePublished\":\"2022-09-01T16:20:44+00:00\",\"dateModified\":\"2022-09-01T16:20:46+00:00\",\"mainEntityOfPage\":{\"@id\":\"https:\/\/jornalfatosenoticias.com.br\/index.php\/2022\/09\/01\/como-cresce-uma-crianca-parte-viii\/\"},\"wordCount\":1003,\"commentCount\":0,\"publisher\":{\"@id\":\"https:\/\/jornalfatosenoticias.com.br\/#organization\"},\"image\":{\"@id\":\"https:\/\/jornalfatosenoticias.com.br\/index.php\/2022\/09\/01\/como-cresce-uma-crianca-parte-viii\/#primaryimage\"},\"thumbnailUrl\":\"https:\/\/jornalfatosenoticias.com.br\/wp-content\/uploads\/2022\/09\/bebe-espelho.jpg\",\"keywords\":[\"afeto\",\"beb\u00ea\",\"brincadeiras beb\u00ea\",\"car\u00eancia afetiva\",\"carinho\",\"maternidade\"],\"articleSection\":[\"Comportamento &amp; Equil\u00edbrio\"],\"inLanguage\":\"pt-BR\",\"potentialAction\":[{\"@type\":\"CommentAction\",\"name\":\"Comment\",\"target\":[\"https:\/\/jornalfatosenoticias.com.br\/index.php\/2022\/09\/01\/como-cresce-uma-crianca-parte-viii\/#respond\"]}]},{\"@type\":\"WebPage\",\"@id\":\"https:\/\/jornalfatosenoticias.com.br\/index.php\/2022\/09\/01\/como-cresce-uma-crianca-parte-viii\/\",\"url\":\"https:\/\/jornalfatosenoticias.com.br\/index.php\/2022\/09\/01\/como-cresce-uma-crianca-parte-viii\/\",\"name\":\"Como cresce uma Crian\u00e7a? \u2014 Parte VIII - Jornal Fatos e Not\u00edcias\",\"isPartOf\":{\"@id\":\"https:\/\/jornalfatosenoticias.com.br\/#website\"},\"primaryImageOfPage\":{\"@id\":\"https:\/\/jornalfatosenoticias.com.br\/index.php\/2022\/09\/01\/como-cresce-uma-crianca-parte-viii\/#primaryimage\"},\"image\":{\"@id\":\"https:\/\/jornalfatosenoticias.com.br\/index.php\/2022\/09\/01\/como-cresce-uma-crianca-parte-viii\/#primaryimage\"},\"thumbnailUrl\":\"https:\/\/jornalfatosenoticias.com.br\/wp-content\/uploads\/2022\/09\/bebe-espelho.jpg\",\"datePublished\":\"2022-09-01T16:20:44+00:00\",\"dateModified\":\"2022-09-01T16:20:46+00:00\",\"breadcrumb\":{\"@id\":\"https:\/\/jornalfatosenoticias.com.br\/index.php\/2022\/09\/01\/como-cresce-uma-crianca-parte-viii\/#breadcrumb\"},\"inLanguage\":\"pt-BR\",\"potentialAction\":[{\"@type\":\"ReadAction\",\"target\":[\"https:\/\/jornalfatosenoticias.com.br\/index.php\/2022\/09\/01\/como-cresce-uma-crianca-parte-viii\/\"]}]},{\"@type\":\"ImageObject\",\"inLanguage\":\"pt-BR\",\"@id\":\"https:\/\/jornalfatosenoticias.com.br\/index.php\/2022\/09\/01\/como-cresce-uma-crianca-parte-viii\/#primaryimage\",\"url\":\"https:\/\/jornalfatosenoticias.com.br\/wp-content\/uploads\/2022\/09\/bebe-espelho.jpg\",\"contentUrl\":\"https:\/\/jornalfatosenoticias.com.br\/wp-content\/uploads\/2022\/09\/bebe-espelho.jpg\",\"width\":1000,\"height\":625},{\"@type\":\"BreadcrumbList\",\"@id\":\"https:\/\/jornalfatosenoticias.com.br\/index.php\/2022\/09\/01\/como-cresce-uma-crianca-parte-viii\/#breadcrumb\",\"itemListElement\":[{\"@type\":\"ListItem\",\"position\":1,\"name\":\"In\u00edcio\",\"item\":\"https:\/\/jornalfatosenoticias.com.br\/\"},{\"@type\":\"ListItem\",\"position\":2,\"name\":\"Como cresce uma Crian\u00e7a? \u2014 Parte VIII\"}]},{\"@type\":\"WebSite\",\"@id\":\"https:\/\/jornalfatosenoticias.com.br\/#website\",\"url\":\"https:\/\/jornalfatosenoticias.com.br\/\",\"name\":\"Jornal Fatos e Not\u00edcias\",\"description\":\"Not\u00edcias em geral\",\"publisher\":{\"@id\":\"https:\/\/jornalfatosenoticias.com.br\/#organization\"},\"potentialAction\":[{\"@type\":\"SearchAction\",\"target\":{\"@type\":\"EntryPoint\",\"urlTemplate\":\"https:\/\/jornalfatosenoticias.com.br\/?s={search_term_string}\"},\"query-input\":{\"@type\":\"PropertyValueSpecification\",\"valueRequired\":true,\"valueName\":\"search_term_string\"}}],\"inLanguage\":\"pt-BR\"},{\"@type\":\"Organization\",\"@id\":\"https:\/\/jornalfatosenoticias.com.br\/#organization\",\"name\":\"Jornal Fatos e Not\u00edcias\",\"url\":\"https:\/\/jornalfatosenoticias.com.br\/\",\"logo\":{\"@type\":\"ImageObject\",\"inLanguage\":\"pt-BR\",\"@id\":\"https:\/\/jornalfatosenoticias.com.br\/#\/schema\/logo\/image\/\",\"url\":\"https:\/\/jornalfatosenoticias.com.br\/wp-content\/uploads\/2020\/02\/logo120.png\",\"contentUrl\":\"https:\/\/jornalfatosenoticias.com.br\/wp-content\/uploads\/2020\/02\/logo120.png\",\"width\":1227,\"height\":120,\"caption\":\"Jornal Fatos e Not\u00edcias\"},\"image\":{\"@id\":\"https:\/\/jornalfatosenoticias.com.br\/#\/schema\/logo\/image\/\"}},{\"@type\":\"Person\",\"@id\":\"https:\/\/jornalfatosenoticias.com.br\/#\/schema\/person\/c33fcf5fb02d729d3fec92c6737a22d1\",\"name\":\"Ana Maria Iencarelli\",\"image\":{\"@type\":\"ImageObject\",\"inLanguage\":\"pt-BR\",\"@id\":\"https:\/\/jornalfatosenoticias.com.br\/#\/schema\/person\/image\/\",\"url\":\"https:\/\/jornalfatosenoticias.com.br\/wp-content\/uploads\/2020\/02\/Ana-Maria-Iencarelli-1-150x150.jpg\",\"contentUrl\":\"https:\/\/jornalfatosenoticias.com.br\/wp-content\/uploads\/2020\/02\/Ana-Maria-Iencarelli-1-150x150.jpg\",\"caption\":\"Ana Maria Iencarelli\"},\"description\":\"Psicanalista Cl\u00ednica, especializada no atendimento a Crian\u00e7as e Adolescentes. Presidente da ONG Vozes de Anjos.\",\"url\":\"https:\/\/jornalfatosenoticias.com.br\/index.php\/author\/anamaria\/\"}]}<\/script>\n<!-- \/ Yoast SEO plugin. -->","yoast_head_json":{"title":"Como cresce uma Crian\u00e7a? \u2014 Parte VIII - Jornal Fatos e Not\u00edcias","robots":{"index":"index","follow":"follow","max-snippet":"max-snippet:-1","max-image-preview":"max-image-preview:large","max-video-preview":"max-video-preview:-1"},"canonical":"https:\/\/jornalfatosenoticias.com.br\/index.php\/2022\/09\/01\/como-cresce-uma-crianca-parte-viii\/","og_locale":"pt_BR","og_type":"article","og_title":"Como cresce uma Crian\u00e7a? \u2014 Parte VIII - Jornal Fatos e Not\u00edcias","og_description":"Quanto mais assegurada pelo ambiente afetivo, mais a Crian\u00e7a satisfaz sua tend\u00eancia pelo conhecimento Crescer d\u00f3i. Cada nova aquisi\u00e7\u00e3o traz o abandono do conforto, da condi\u00e7\u00e3o anterior que tinha privil\u00e9gios pela maior depend\u00eancia de um adulto. A aten\u00e7\u00e3o especial, indispens\u00e1vel, que \u00e9 imprescind\u00edvel \u00e0 Primeira Inf\u00e2ncia, \u00e9 respons\u00e1vel pela sa\u00fade f\u00edsica e, principalmente, mental da [&hellip;]","og_url":"https:\/\/jornalfatosenoticias.com.br\/index.php\/2022\/09\/01\/como-cresce-uma-crianca-parte-viii\/","og_site_name":"Jornal Fatos e Not\u00edcias","article_published_time":"2022-09-01T16:20:44+00:00","article_modified_time":"2022-09-01T16:20:46+00:00","og_image":[{"width":1000,"height":625,"url":"https:\/\/jornalfatosenoticias.com.br\/wp-content\/uploads\/2022\/09\/bebe-espelho.jpg","type":"image\/jpeg"}],"author":"Ana Maria Iencarelli","twitter_card":"summary_large_image","twitter_misc":{"Escrito por":"Ana Maria Iencarelli","Est. tempo de leitura":"5 minutos"},"schema":{"@context":"https:\/\/schema.org","@graph":[{"@type":"Article","@id":"https:\/\/jornalfatosenoticias.com.br\/index.php\/2022\/09\/01\/como-cresce-uma-crianca-parte-viii\/#article","isPartOf":{"@id":"https:\/\/jornalfatosenoticias.com.br\/index.php\/2022\/09\/01\/como-cresce-uma-crianca-parte-viii\/"},"author":{"name":"Ana Maria Iencarelli","@id":"https:\/\/jornalfatosenoticias.com.br\/#\/schema\/person\/c33fcf5fb02d729d3fec92c6737a22d1"},"headline":"Como cresce uma Crian\u00e7a? \u2014 Parte VIII","datePublished":"2022-09-01T16:20:44+00:00","dateModified":"2022-09-01T16:20:46+00:00","mainEntityOfPage":{"@id":"https:\/\/jornalfatosenoticias.com.br\/index.php\/2022\/09\/01\/como-cresce-uma-crianca-parte-viii\/"},"wordCount":1003,"commentCount":0,"publisher":{"@id":"https:\/\/jornalfatosenoticias.com.br\/#organization"},"image":{"@id":"https:\/\/jornalfatosenoticias.com.br\/index.php\/2022\/09\/01\/como-cresce-uma-crianca-parte-viii\/#primaryimage"},"thumbnailUrl":"https:\/\/jornalfatosenoticias.com.br\/wp-content\/uploads\/2022\/09\/bebe-espelho.jpg","keywords":["afeto","beb\u00ea","brincadeiras beb\u00ea","car\u00eancia afetiva","carinho","maternidade"],"articleSection":["Comportamento &amp; Equil\u00edbrio"],"inLanguage":"pt-BR","potentialAction":[{"@type":"CommentAction","name":"Comment","target":["https:\/\/jornalfatosenoticias.com.br\/index.php\/2022\/09\/01\/como-cresce-uma-crianca-parte-viii\/#respond"]}]},{"@type":"WebPage","@id":"https:\/\/jornalfatosenoticias.com.br\/index.php\/2022\/09\/01\/como-cresce-uma-crianca-parte-viii\/","url":"https:\/\/jornalfatosenoticias.com.br\/index.php\/2022\/09\/01\/como-cresce-uma-crianca-parte-viii\/","name":"Como cresce uma Crian\u00e7a? \u2014 Parte VIII - Jornal Fatos e Not\u00edcias","isPartOf":{"@id":"https:\/\/jornalfatosenoticias.com.br\/#website"},"primaryImageOfPage":{"@id":"https:\/\/jornalfatosenoticias.com.br\/index.php\/2022\/09\/01\/como-cresce-uma-crianca-parte-viii\/#primaryimage"},"image":{"@id":"https:\/\/jornalfatosenoticias.com.br\/index.php\/2022\/09\/01\/como-cresce-uma-crianca-parte-viii\/#primaryimage"},"thumbnailUrl":"https:\/\/jornalfatosenoticias.com.br\/wp-content\/uploads\/2022\/09\/bebe-espelho.jpg","datePublished":"2022-09-01T16:20:44+00:00","dateModified":"2022-09-01T16:20:46+00:00","breadcrumb":{"@id":"https:\/\/jornalfatosenoticias.com.br\/index.php\/2022\/09\/01\/como-cresce-uma-crianca-parte-viii\/#breadcrumb"},"inLanguage":"pt-BR","potentialAction":[{"@type":"ReadAction","target":["https:\/\/jornalfatosenoticias.com.br\/index.php\/2022\/09\/01\/como-cresce-uma-crianca-parte-viii\/"]}]},{"@type":"ImageObject","inLanguage":"pt-BR","@id":"https:\/\/jornalfatosenoticias.com.br\/index.php\/2022\/09\/01\/como-cresce-uma-crianca-parte-viii\/#primaryimage","url":"https:\/\/jornalfatosenoticias.com.br\/wp-content\/uploads\/2022\/09\/bebe-espelho.jpg","contentUrl":"https:\/\/jornalfatosenoticias.com.br\/wp-content\/uploads\/2022\/09\/bebe-espelho.jpg","width":1000,"height":625},{"@type":"BreadcrumbList","@id":"https:\/\/jornalfatosenoticias.com.br\/index.php\/2022\/09\/01\/como-cresce-uma-crianca-parte-viii\/#breadcrumb","itemListElement":[{"@type":"ListItem","position":1,"name":"In\u00edcio","item":"https:\/\/jornalfatosenoticias.com.br\/"},{"@type":"ListItem","position":2,"name":"Como cresce uma Crian\u00e7a? \u2014 Parte VIII"}]},{"@type":"WebSite","@id":"https:\/\/jornalfatosenoticias.com.br\/#website","url":"https:\/\/jornalfatosenoticias.com.br\/","name":"Jornal Fatos e Not\u00edcias","description":"Not\u00edcias em geral","publisher":{"@id":"https:\/\/jornalfatosenoticias.com.br\/#organization"},"potentialAction":[{"@type":"SearchAction","target":{"@type":"EntryPoint","urlTemplate":"https:\/\/jornalfatosenoticias.com.br\/?s={search_term_string}"},"query-input":{"@type":"PropertyValueSpecification","valueRequired":true,"valueName":"search_term_string"}}],"inLanguage":"pt-BR"},{"@type":"Organization","@id":"https:\/\/jornalfatosenoticias.com.br\/#organization","name":"Jornal Fatos e Not\u00edcias","url":"https:\/\/jornalfatosenoticias.com.br\/","logo":{"@type":"ImageObject","inLanguage":"pt-BR","@id":"https:\/\/jornalfatosenoticias.com.br\/#\/schema\/logo\/image\/","url":"https:\/\/jornalfatosenoticias.com.br\/wp-content\/uploads\/2020\/02\/logo120.png","contentUrl":"https:\/\/jornalfatosenoticias.com.br\/wp-content\/uploads\/2020\/02\/logo120.png","width":1227,"height":120,"caption":"Jornal Fatos e Not\u00edcias"},"image":{"@id":"https:\/\/jornalfatosenoticias.com.br\/#\/schema\/logo\/image\/"}},{"@type":"Person","@id":"https:\/\/jornalfatosenoticias.com.br\/#\/schema\/person\/c33fcf5fb02d729d3fec92c6737a22d1","name":"Ana Maria Iencarelli","image":{"@type":"ImageObject","inLanguage":"pt-BR","@id":"https:\/\/jornalfatosenoticias.com.br\/#\/schema\/person\/image\/","url":"https:\/\/jornalfatosenoticias.com.br\/wp-content\/uploads\/2020\/02\/Ana-Maria-Iencarelli-1-150x150.jpg","contentUrl":"https:\/\/jornalfatosenoticias.com.br\/wp-content\/uploads\/2020\/02\/Ana-Maria-Iencarelli-1-150x150.jpg","caption":"Ana Maria Iencarelli"},"description":"Psicanalista Cl\u00ednica, especializada no atendimento a Crian\u00e7as e Adolescentes. Presidente da ONG Vozes de Anjos.","url":"https:\/\/jornalfatosenoticias.com.br\/index.php\/author\/anamaria\/"}]}},"cc_featured_image_caption":{"caption_text":"","source_text":"","source_url":""},"jetpack_featured_media_url":"https:\/\/jornalfatosenoticias.com.br\/wp-content\/uploads\/2022\/09\/bebe-espelho.jpg","_links":{"self":[{"href":"https:\/\/jornalfatosenoticias.com.br\/index.php\/wp-json\/wp\/v2\/posts\/33752","targetHints":{"allow":["GET"]}}],"collection":[{"href":"https:\/\/jornalfatosenoticias.com.br\/index.php\/wp-json\/wp\/v2\/posts"}],"about":[{"href":"https:\/\/jornalfatosenoticias.com.br\/index.php\/wp-json\/wp\/v2\/types\/post"}],"author":[{"embeddable":true,"href":"https:\/\/jornalfatosenoticias.com.br\/index.php\/wp-json\/wp\/v2\/users\/8"}],"replies":[{"embeddable":true,"href":"https:\/\/jornalfatosenoticias.com.br\/index.php\/wp-json\/wp\/v2\/comments?post=33752"}],"version-history":[{"count":0,"href":"https:\/\/jornalfatosenoticias.com.br\/index.php\/wp-json\/wp\/v2\/posts\/33752\/revisions"}],"wp:featuredmedia":[{"embeddable":true,"href":"https:\/\/jornalfatosenoticias.com.br\/index.php\/wp-json\/wp\/v2\/media\/33753"}],"wp:attachment":[{"href":"https:\/\/jornalfatosenoticias.com.br\/index.php\/wp-json\/wp\/v2\/media?parent=33752"}],"wp:term":[{"taxonomy":"category","embeddable":true,"href":"https:\/\/jornalfatosenoticias.com.br\/index.php\/wp-json\/wp\/v2\/categories?post=33752"},{"taxonomy":"post_tag","embeddable":true,"href":"https:\/\/jornalfatosenoticias.com.br\/index.php\/wp-json\/wp\/v2\/tags?post=33752"}],"curies":[{"name":"wp","href":"https:\/\/api.w.org\/{rel}","templated":true}]}}