{"id":33773,"date":"2022-09-01T14:35:51","date_gmt":"2022-09-01T17:35:51","guid":{"rendered":"https:\/\/jornalfatosenoticias.com.br\/?p=33773"},"modified":"2022-09-01T14:35:52","modified_gmt":"2022-09-01T17:35:52","slug":"projeto-de-educacao-fisica-encanta-criancas-em-vitoria","status":"publish","type":"post","link":"https:\/\/jornalfatosenoticias.com.br\/index.php\/2022\/09\/01\/projeto-de-educacao-fisica-encanta-criancas-em-vitoria\/","title":{"rendered":"Projeto de educa\u00e7\u00e3o f\u00edsica encanta crian\u00e7as em Vit\u00f3ria"},"content":{"rendered":"\n<p><span class=\"has-inline-color has-black-color\"><em>Brincar e aprender: projeto encanta crian\u00e7as do Cmei Reinaldo Ridolfi, em Maria Ortiz<\/em><\/span><\/p>\n\n\n\n<div class=\"wp-block-image\"><figure class=\"aligncenter size-large\"><img loading=\"lazy\" decoding=\"async\" width=\"1024\" height=\"103\" src=\"https:\/\/jornalfatosenoticias.com.br\/wp-content\/uploads\/2022\/02\/Arte-Autoescola-Galatas_endereco_portal-1024x103.png\" alt=\"\" class=\"wp-image-27869\" srcset=\"https:\/\/jornalfatosenoticias.com.br\/wp-content\/uploads\/2022\/02\/Arte-Autoescola-Galatas_endereco_portal-1024x103.png 1024w, https:\/\/jornalfatosenoticias.com.br\/wp-content\/uploads\/2022\/02\/Arte-Autoescola-Galatas_endereco_portal-300x30.png 300w, https:\/\/jornalfatosenoticias.com.br\/wp-content\/uploads\/2022\/02\/Arte-Autoescola-Galatas_endereco_portal-768x77.png 768w, https:\/\/jornalfatosenoticias.com.br\/wp-content\/uploads\/2022\/02\/Arte-Autoescola-Galatas_endereco_portal.png 1223w\" sizes=\"auto, (max-width: 1024px) 100vw, 1024px\" \/><\/figure><\/div>\n\n\n\n<p>Por meio das brincadeiras, tamb\u00e9m, crian\u00e7as descobrem o mundo, se comunicam e desenvolvem habilidades motoras e cognitivas. Pensando nisso, as professoras de Educa\u00e7\u00e3o F\u00edsica, Dayselane Bianchini, D\u00e9bora Lopes e Fabiana Rodrigues, desenvolveram o projeto &#8220;Fogo, terra, \u00e1gua e ar: os elementos da natureza instigando a natureza do brincar&#8221;, com as crian\u00e7as do Centro Municipal de Educa\u00e7\u00e3o Infantil (Cmei) Reinaldo Ridolfi, que fica em Maria Ortiz.<br>O elemento &#8220;ar&#8221; foi o primeiro escolhido para iniciar as viv\u00eancias do projeto. A partir da tem\u00e1tica &#8220;Brinquedos no ar&#8221;, foram realizadas oficinas com as turmas que resultaram na cria\u00e7\u00e3o de brinquedos como avi\u00f5es de papel, balangand\u00e3s, pipas, foguetinhos e paraquedas feitos com sacolas pl\u00e1sticas. Al\u00e9m disso, as crian\u00e7as vivenciaram jogos a\u00e9reos como v\u00f4lei com bolas e bexigas, peteca e brincadeiras com bolhas de sab\u00e3o.<\/p>\n\n\n\n<div class=\"wp-block-image\"><figure class=\"alignleft size-large is-resized\"><img loading=\"lazy\" decoding=\"async\" src=\"https:\/\/jornalfatosenoticias.com.br\/wp-content\/uploads\/2022\/02\/Precisao-Contabilidade-1024x724.jpg\" alt=\"\" class=\"wp-image-28088\" width=\"253\" height=\"178\"\/><\/figure><\/div>\n\n\n\n<p>Esses brinquedos, brincadeiras e intera\u00e7\u00f5es proporcionam \u00e0s crian\u00e7as uma diversidade de experi\u00eancias corporais, como correr, saltar, girar e arremessar, desenvolvendo sua pr\u00f3pria rela\u00e7\u00e3o com a cultura do movimento e experimentando os seus diferentes sentidos e significados. Dessa forma, eles reelaboram, recriam e reinventam suas pr\u00f3prias express\u00f5es e a\u00e7\u00f5es de movimento.<\/p>\n\n\n\n<div class=\"wp-block-image\"><figure class=\"aligncenter size-large is-resized\"><img loading=\"lazy\" decoding=\"async\" src=\"https:\/\/jornalfatosenoticias.com.br\/wp-content\/uploads\/2020\/02\/LOGO-EMBCIA-34-ANOS-1.jpg\" alt=\"\" class=\"wp-image-33579\" width=\"290\" height=\"162\"\/><\/figure><\/div>\n\n\n\n<p>Para tornar a experi\u00eancia ainda mais atrativa e utilizar os espa\u00e7os p\u00fablicos da cidade de Vit\u00f3ria, as professoras levaram as turmas para um passeio pedag\u00f3gico na praia de Camburi, para que pudessem soltar as pipas feitas nas oficinas. De forma l\u00fadica, as crian\u00e7as perceberam que o vento \u00e9 o ar em movimento, e que \u00e9 um elemento essencial nessa brincadeira.<\/p>\n\n\n\n<div class=\"wp-block-image\"><figure class=\"alignright size-large is-resized\"><img loading=\"lazy\" decoding=\"async\" src=\"https:\/\/jornalfatosenoticias.com.br\/wp-content\/uploads\/2022\/08\/logo-locau-veiculos-1024x573.png\" alt=\"\" class=\"wp-image-33078\" width=\"266\" height=\"148\"\/><\/figure><\/div>\n\n\n\n<p>&#8220;Ao pensar em educa\u00e7\u00e3o f\u00edsica na educa\u00e7\u00e3o infantil, um leque de possibilidades pedag\u00f3gicas se abre no que se referem \u00e0s experi\u00eancias de movimento corporal e o nosso desafio, enquanto professores, \u00e9 nos adentrar na pesquisa e na inventividade para propormos viv\u00eancias que significam e ressignificam temas pertinentes \u00e0s culturas infantis de modo que haja apropria\u00e7\u00e3o e produ\u00e7\u00e3o de sentidos para as crian\u00e7as. Assim, podemos relatar que o passeio na praia para soltar as pipas foi uma experimenta\u00e7\u00e3o potente, rica de sentidos, significados, ludicidade e encantamento&#8221;, disse a professora Dayselane.<\/p>\n\n\n\n<div class=\"wp-block-image\"><figure class=\"aligncenter size-large is-resized\"><img loading=\"lazy\" decoding=\"async\" src=\"https:\/\/jornalfatosenoticias.com.br\/wp-content\/uploads\/2020\/02\/nova-logo-Marquetti.jpg\" alt=\"\" class=\"wp-image-22331\" width=\"255\" height=\"171\" srcset=\"https:\/\/jornalfatosenoticias.com.br\/wp-content\/uploads\/2020\/02\/nova-logo-Marquetti.jpg 643w, https:\/\/jornalfatosenoticias.com.br\/wp-content\/uploads\/2020\/02\/nova-logo-Marquetti-300x202.jpg 300w\" sizes=\"auto, (max-width: 255px) 100vw, 255px\" \/><\/figure><\/div>\n\n\n\n<figure class=\"wp-block-image size-large\"><img loading=\"lazy\" decoding=\"async\" width=\"1000\" height=\"666\" src=\"https:\/\/jornalfatosenoticias.com.br\/wp-content\/uploads\/2022\/09\/brincar-e-aprender-projeto2.jpg\" alt=\"\" class=\"wp-image-33774\" srcset=\"https:\/\/jornalfatosenoticias.com.br\/wp-content\/uploads\/2022\/09\/brincar-e-aprender-projeto2.jpg 1000w, https:\/\/jornalfatosenoticias.com.br\/wp-content\/uploads\/2022\/09\/brincar-e-aprender-projeto2-300x200.jpg 300w, https:\/\/jornalfatosenoticias.com.br\/wp-content\/uploads\/2022\/09\/brincar-e-aprender-projeto2-768x511.jpg 768w\" sizes=\"auto, (max-width: 1000px) 100vw, 1000px\" \/><figcaption><em><span class=\"has-inline-color has-black-color\">Brincar e aprender: projeto de Educa\u00e7\u00e3o F\u00edsica encanta crian\u00e7as em Maria Ortiz (Foto: Divulga\u00e7\u00e3o)<\/span><\/em><\/figcaption><\/figure>\n\n\n\n<div class=\"wp-block-image\"><figure class=\"alignleft size-large is-resized\"><img loading=\"lazy\" decoding=\"async\" src=\"https:\/\/jornalfatosenoticias.com.br\/wp-content\/uploads\/2020\/02\/CASA-DO-TORRESMO_PORTAL.jpg\" alt=\"\" class=\"wp-image-33487\" width=\"259\" height=\"196\"\/><\/figure><\/div>\n\n\n\n<p><strong><span class=\"has-inline-color has-black-color\">Vivenciando o aprendizado<br><\/span><\/strong>Em um segundo momento, as professoras planejaram uma brincadeira chamada &#8220;Falsa Baiana&#8221;, em que cada crian\u00e7a p\u00f4de experimentar andar sobre uma corda suspensa, ligadas de uma \u00e1rvore \u00e0 outra no Cmei, apoiando as m\u00e3os na corda superior. O objetivo era que os pequenos encontrassem o equil\u00edbrio de seu pr\u00f3prio corpo para conseguir atravessar de um lado ao outro.<br>&#8220;Apesar de algumas apresentarem medo ao perceberem seu corpo se soltar, todas conseguiram se equilibrar, superando a sensa\u00e7\u00e3o de inseguran\u00e7a, realizando a proposta com interesse e entusiasmo&#8221;, contou a professora.<\/p>\n\n\n\n<div class=\"wp-block-image\"><figure class=\"alignright size-large is-resized\"><img loading=\"lazy\" decoding=\"async\" src=\"https:\/\/jornalfatosenoticias.com.br\/wp-content\/uploads\/2020\/02\/SEVENTUR-TURISMO.jpg\" alt=\"\" class=\"wp-image-32994\" width=\"218\" height=\"172\"\/><\/figure><\/div>\n\n\n\n<p>Al\u00e9m disso, mais uma atividade do projeto encantou e divertiu ainda mais os pequenos. Desta vez, as professoras proporcionaram \u00e0s crian\u00e7as a experi\u00eancia de descerem em uma tirolesa que foi montada dentro da pr\u00f3pria unidade de ensino. Helysson Almeida, do grupo 6, falou com empolga\u00e7\u00e3o sobre a atividade. &#8220;Eu gostei porque subi e depois desci muito r\u00e1pido. Quando eu estava l\u00e1 em cima, eu at\u00e9 peguei uma folhinha da \u00e1rvore&#8221;, relatou.<br>A pedagoga Maria Aparecida Santos reitera a import\u00e2ncia dessas viv\u00eancias na Educa\u00e7\u00e3o Infantil. <\/p>\n\n\n\n<div class=\"wp-block-image\"><figure class=\"aligncenter size-large\"><img decoding=\"async\" src=\"https:\/\/jornalfatosenoticias.com.br\/wp-content\/uploads\/2020\/02\/logo_esteio.jpg\" alt=\"\" class=\"wp-image-1214\"\/><\/figure><\/div>\n\n\n\n<blockquote class=\"wp-block-quote is-layout-flow wp-block-quote-is-layout-flow\"><p><span class=\"has-inline-color has-luminous-vivid-orange-color\">&#8220;Essas atividades traduzem a ess\u00eancia e a necessidade das crian\u00e7as expressarem-se corporalmente no espa\u00e7o f\u00edsico do Cmei, um espa\u00e7o que precisa ser permanentemente praticado, vivido e transformado por quem o habita. S\u00e3o componentes do curr\u00edculo da educa\u00e7\u00e3o infantil e permeiam as especificidades do trabalho de Educa\u00e7\u00e3o F\u00edsica, um contexto que precisa ser permanentemente de cria\u00e7\u00e3o, participa\u00e7\u00e3o e inova\u00e7\u00e3o junto \u00e0s crian\u00e7as&#8221;, disse.<\/span><\/p><\/blockquote>\n\n\n\n<div class=\"wp-block-image\"><figure class=\"aligncenter size-large is-resized\"><img loading=\"lazy\" decoding=\"async\" src=\"https:\/\/jornalfatosenoticias.com.br\/wp-content\/uploads\/2020\/02\/Suinco-1024x389.jpg\" alt=\"\" class=\"wp-image-28883\" width=\"319\" height=\"121\" srcset=\"https:\/\/jornalfatosenoticias.com.br\/wp-content\/uploads\/2020\/02\/Suinco-1024x389.jpg 1024w, https:\/\/jornalfatosenoticias.com.br\/wp-content\/uploads\/2020\/02\/Suinco-300x114.jpg 300w, https:\/\/jornalfatosenoticias.com.br\/wp-content\/uploads\/2020\/02\/Suinco-768x292.jpg 768w, https:\/\/jornalfatosenoticias.com.br\/wp-content\/uploads\/2020\/02\/Suinco.jpg 1220w\" sizes=\"auto, (max-width: 319px) 100vw, 319px\" \/><\/figure><\/div>\n\n\n\n<p><strong><em>Fonte: <a href=\"https:\/\/www.vitoria.es.gov.br\/noticia\/brincar-e-aprender-projeto-de-educacao-fisica-encanta-criancas-em-maria-ortiz-45887\">PMV<\/a><\/em><\/strong><\/p>\n","protected":false},"excerpt":{"rendered":"<p>Brincar e aprender: projeto encanta crian\u00e7as do Cmei Reinaldo Ridolfi, em Maria Ortiz Por meio das brincadeiras, tamb\u00e9m, crian\u00e7as descobrem o mundo, se comunicam e desenvolvem habilidades motoras e cognitivas. Pensando nisso, as professoras de Educa\u00e7\u00e3o F\u00edsica, Dayselane Bianchini, D\u00e9bora Lopes e Fabiana Rodrigues, desenvolveram o projeto &#8220;Fogo, terra, \u00e1gua e ar: os elementos da [&hellip;]<\/p>\n","protected":false},"author":2,"featured_media":33775,"comment_status":"open","ping_status":"open","sticky":false,"template":"","format":"standard","meta":{"footnotes":""},"categories":[7],"tags":[15865,15867,15868,15866,882],"class_list":["post-33773","post","type-post","status-publish","format-standard","has-post-thumbnail","hentry","category-educacao","tag-brincar-e-aprender","tag-cmei-reinaldo-ridolfi","tag-ludico","tag-projeto-de-educacao-fisica","tag-vitoria"],"yoast_head":"<!-- This site is optimized with the Yoast SEO plugin v26.5 - https:\/\/yoast.com\/wordpress\/plugins\/seo\/ -->\n<title>Projeto de educa\u00e7\u00e3o f\u00edsica encanta crian\u00e7as em Vit\u00f3ria - Jornal Fatos e Not\u00edcias<\/title>\n<meta name=\"robots\" content=\"index, follow, max-snippet:-1, max-image-preview:large, max-video-preview:-1\" \/>\n<link rel=\"canonical\" href=\"https:\/\/jornalfatosenoticias.com.br\/index.php\/2022\/09\/01\/projeto-de-educacao-fisica-encanta-criancas-em-vitoria\/\" \/>\n<meta property=\"og:locale\" content=\"pt_BR\" \/>\n<meta property=\"og:type\" content=\"article\" \/>\n<meta property=\"og:title\" content=\"Projeto de educa\u00e7\u00e3o f\u00edsica encanta crian\u00e7as em Vit\u00f3ria - Jornal Fatos e Not\u00edcias\" \/>\n<meta property=\"og:description\" content=\"Brincar e aprender: projeto encanta crian\u00e7as do Cmei Reinaldo Ridolfi, em Maria Ortiz Por meio das brincadeiras, tamb\u00e9m, crian\u00e7as descobrem o mundo, se comunicam e desenvolvem habilidades motoras e cognitivas. Pensando nisso, as professoras de Educa\u00e7\u00e3o F\u00edsica, Dayselane Bianchini, D\u00e9bora Lopes e Fabiana Rodrigues, desenvolveram o projeto &#8220;Fogo, terra, \u00e1gua e ar: os elementos da [&hellip;]\" \/>\n<meta property=\"og:url\" content=\"https:\/\/jornalfatosenoticias.com.br\/index.php\/2022\/09\/01\/projeto-de-educacao-fisica-encanta-criancas-em-vitoria\/\" \/>\n<meta property=\"og:site_name\" content=\"Jornal Fatos e Not\u00edcias\" \/>\n<meta property=\"article:published_time\" content=\"2022-09-01T17:35:51+00:00\" \/>\n<meta property=\"article:modified_time\" content=\"2022-09-01T17:35:52+00:00\" \/>\n<meta property=\"og:image\" content=\"https:\/\/jornalfatosenoticias.com.br\/wp-content\/uploads\/2022\/09\/brincar-e-aprender-projeto1.jpg\" \/>\n\t<meta property=\"og:image:width\" content=\"1000\" \/>\n\t<meta property=\"og:image:height\" content=\"667\" \/>\n\t<meta property=\"og:image:type\" content=\"image\/jpeg\" \/>\n<meta name=\"author\" content=\"Luzimara Fernandes\" \/>\n<meta name=\"twitter:card\" content=\"summary_large_image\" \/>\n<meta name=\"twitter:label1\" content=\"Escrito por\" \/>\n\t<meta name=\"twitter:data1\" content=\"Luzimara Fernandes\" \/>\n\t<meta name=\"twitter:label2\" content=\"Est. tempo de leitura\" \/>\n\t<meta name=\"twitter:data2\" content=\"3 minutos\" \/>\n<script type=\"application\/ld+json\" class=\"yoast-schema-graph\">{\"@context\":\"https:\/\/schema.org\",\"@graph\":[{\"@type\":\"Article\",\"@id\":\"https:\/\/jornalfatosenoticias.com.br\/index.php\/2022\/09\/01\/projeto-de-educacao-fisica-encanta-criancas-em-vitoria\/#article\",\"isPartOf\":{\"@id\":\"https:\/\/jornalfatosenoticias.com.br\/index.php\/2022\/09\/01\/projeto-de-educacao-fisica-encanta-criancas-em-vitoria\/\"},\"author\":{\"name\":\"Luzimara Fernandes\",\"@id\":\"https:\/\/jornalfatosenoticias.com.br\/#\/schema\/person\/d63837fa13ac8666eb9e74e0985d6f81\"},\"headline\":\"Projeto de educa\u00e7\u00e3o f\u00edsica encanta crian\u00e7as em Vit\u00f3ria\",\"datePublished\":\"2022-09-01T17:35:51+00:00\",\"dateModified\":\"2022-09-01T17:35:52+00:00\",\"mainEntityOfPage\":{\"@id\":\"https:\/\/jornalfatosenoticias.com.br\/index.php\/2022\/09\/01\/projeto-de-educacao-fisica-encanta-criancas-em-vitoria\/\"},\"wordCount\":680,\"commentCount\":0,\"publisher\":{\"@id\":\"https:\/\/jornalfatosenoticias.com.br\/#organization\"},\"image\":{\"@id\":\"https:\/\/jornalfatosenoticias.com.br\/index.php\/2022\/09\/01\/projeto-de-educacao-fisica-encanta-criancas-em-vitoria\/#primaryimage\"},\"thumbnailUrl\":\"https:\/\/jornalfatosenoticias.com.br\/wp-content\/uploads\/2022\/09\/brincar-e-aprender-projeto1.jpg\",\"keywords\":[\"Brincar e Aprender\",\"Cmei Reinaldo Ridolfi\",\"l\u00fadico\",\"projeto de educa\u00e7\u00e3o f\u00edsica\",\"Vit\u00f3ria\"],\"articleSection\":[\"Educa\u00e7\u00e3o\"],\"inLanguage\":\"pt-BR\",\"potentialAction\":[{\"@type\":\"CommentAction\",\"name\":\"Comment\",\"target\":[\"https:\/\/jornalfatosenoticias.com.br\/index.php\/2022\/09\/01\/projeto-de-educacao-fisica-encanta-criancas-em-vitoria\/#respond\"]}]},{\"@type\":\"WebPage\",\"@id\":\"https:\/\/jornalfatosenoticias.com.br\/index.php\/2022\/09\/01\/projeto-de-educacao-fisica-encanta-criancas-em-vitoria\/\",\"url\":\"https:\/\/jornalfatosenoticias.com.br\/index.php\/2022\/09\/01\/projeto-de-educacao-fisica-encanta-criancas-em-vitoria\/\",\"name\":\"Projeto de educa\u00e7\u00e3o f\u00edsica encanta crian\u00e7as em Vit\u00f3ria - Jornal Fatos e Not\u00edcias\",\"isPartOf\":{\"@id\":\"https:\/\/jornalfatosenoticias.com.br\/#website\"},\"primaryImageOfPage\":{\"@id\":\"https:\/\/jornalfatosenoticias.com.br\/index.php\/2022\/09\/01\/projeto-de-educacao-fisica-encanta-criancas-em-vitoria\/#primaryimage\"},\"image\":{\"@id\":\"https:\/\/jornalfatosenoticias.com.br\/index.php\/2022\/09\/01\/projeto-de-educacao-fisica-encanta-criancas-em-vitoria\/#primaryimage\"},\"thumbnailUrl\":\"https:\/\/jornalfatosenoticias.com.br\/wp-content\/uploads\/2022\/09\/brincar-e-aprender-projeto1.jpg\",\"datePublished\":\"2022-09-01T17:35:51+00:00\",\"dateModified\":\"2022-09-01T17:35:52+00:00\",\"breadcrumb\":{\"@id\":\"https:\/\/jornalfatosenoticias.com.br\/index.php\/2022\/09\/01\/projeto-de-educacao-fisica-encanta-criancas-em-vitoria\/#breadcrumb\"},\"inLanguage\":\"pt-BR\",\"potentialAction\":[{\"@type\":\"ReadAction\",\"target\":[\"https:\/\/jornalfatosenoticias.com.br\/index.php\/2022\/09\/01\/projeto-de-educacao-fisica-encanta-criancas-em-vitoria\/\"]}]},{\"@type\":\"ImageObject\",\"inLanguage\":\"pt-BR\",\"@id\":\"https:\/\/jornalfatosenoticias.com.br\/index.php\/2022\/09\/01\/projeto-de-educacao-fisica-encanta-criancas-em-vitoria\/#primaryimage\",\"url\":\"https:\/\/jornalfatosenoticias.com.br\/wp-content\/uploads\/2022\/09\/brincar-e-aprender-projeto1.jpg\",\"contentUrl\":\"https:\/\/jornalfatosenoticias.com.br\/wp-content\/uploads\/2022\/09\/brincar-e-aprender-projeto1.jpg\",\"width\":1000,\"height\":667,\"caption\":\"Brincar e aprender: projeto de Educa\u00e7\u00e3o F\u00edsica encanta crian\u00e7as em Maria Ortiz\"},{\"@type\":\"BreadcrumbList\",\"@id\":\"https:\/\/jornalfatosenoticias.com.br\/index.php\/2022\/09\/01\/projeto-de-educacao-fisica-encanta-criancas-em-vitoria\/#breadcrumb\",\"itemListElement\":[{\"@type\":\"ListItem\",\"position\":1,\"name\":\"In\u00edcio\",\"item\":\"https:\/\/jornalfatosenoticias.com.br\/\"},{\"@type\":\"ListItem\",\"position\":2,\"name\":\"Projeto de educa\u00e7\u00e3o f\u00edsica encanta crian\u00e7as em Vit\u00f3ria\"}]},{\"@type\":\"WebSite\",\"@id\":\"https:\/\/jornalfatosenoticias.com.br\/#website\",\"url\":\"https:\/\/jornalfatosenoticias.com.br\/\",\"name\":\"Jornal Fatos e Not\u00edcias\",\"description\":\"Not\u00edcias em geral\",\"publisher\":{\"@id\":\"https:\/\/jornalfatosenoticias.com.br\/#organization\"},\"potentialAction\":[{\"@type\":\"SearchAction\",\"target\":{\"@type\":\"EntryPoint\",\"urlTemplate\":\"https:\/\/jornalfatosenoticias.com.br\/?s={search_term_string}\"},\"query-input\":{\"@type\":\"PropertyValueSpecification\",\"valueRequired\":true,\"valueName\":\"search_term_string\"}}],\"inLanguage\":\"pt-BR\"},{\"@type\":\"Organization\",\"@id\":\"https:\/\/jornalfatosenoticias.com.br\/#organization\",\"name\":\"Jornal Fatos e Not\u00edcias\",\"url\":\"https:\/\/jornalfatosenoticias.com.br\/\",\"logo\":{\"@type\":\"ImageObject\",\"inLanguage\":\"pt-BR\",\"@id\":\"https:\/\/jornalfatosenoticias.com.br\/#\/schema\/logo\/image\/\",\"url\":\"https:\/\/jornalfatosenoticias.com.br\/wp-content\/uploads\/2020\/02\/logo120.png\",\"contentUrl\":\"https:\/\/jornalfatosenoticias.com.br\/wp-content\/uploads\/2020\/02\/logo120.png\",\"width\":1227,\"height\":120,\"caption\":\"Jornal Fatos e Not\u00edcias\"},\"image\":{\"@id\":\"https:\/\/jornalfatosenoticias.com.br\/#\/schema\/logo\/image\/\"}},{\"@type\":\"Person\",\"@id\":\"https:\/\/jornalfatosenoticias.com.br\/#\/schema\/person\/d63837fa13ac8666eb9e74e0985d6f81\",\"name\":\"Luzimara Fernandes\",\"image\":{\"@type\":\"ImageObject\",\"inLanguage\":\"pt-BR\",\"@id\":\"https:\/\/jornalfatosenoticias.com.br\/#\/schema\/person\/image\/\",\"url\":\"https:\/\/jornalfatosenoticias.com.br\/wp-content\/uploads\/2025\/05\/EU_portal.jpg\",\"contentUrl\":\"https:\/\/jornalfatosenoticias.com.br\/wp-content\/uploads\/2025\/05\/EU_portal.jpg\",\"caption\":\"Luzimara Fernandes\"},\"description\":\"Jornalista MTB 2358-ES\",\"sameAs\":[\"https:\/\/jornalfatosenoticias.com.br\"],\"url\":\"https:\/\/jornalfatosenoticias.com.br\/index.php\/author\/luzimara\/\"}]}<\/script>\n<!-- \/ Yoast SEO plugin. -->","yoast_head_json":{"title":"Projeto de educa\u00e7\u00e3o f\u00edsica encanta crian\u00e7as em Vit\u00f3ria - Jornal Fatos e Not\u00edcias","robots":{"index":"index","follow":"follow","max-snippet":"max-snippet:-1","max-image-preview":"max-image-preview:large","max-video-preview":"max-video-preview:-1"},"canonical":"https:\/\/jornalfatosenoticias.com.br\/index.php\/2022\/09\/01\/projeto-de-educacao-fisica-encanta-criancas-em-vitoria\/","og_locale":"pt_BR","og_type":"article","og_title":"Projeto de educa\u00e7\u00e3o f\u00edsica encanta crian\u00e7as em Vit\u00f3ria - Jornal Fatos e Not\u00edcias","og_description":"Brincar e aprender: projeto encanta crian\u00e7as do Cmei Reinaldo Ridolfi, em Maria Ortiz Por meio das brincadeiras, tamb\u00e9m, crian\u00e7as descobrem o mundo, se comunicam e desenvolvem habilidades motoras e cognitivas. Pensando nisso, as professoras de Educa\u00e7\u00e3o F\u00edsica, Dayselane Bianchini, D\u00e9bora Lopes e Fabiana Rodrigues, desenvolveram o projeto &#8220;Fogo, terra, \u00e1gua e ar: os elementos da [&hellip;]","og_url":"https:\/\/jornalfatosenoticias.com.br\/index.php\/2022\/09\/01\/projeto-de-educacao-fisica-encanta-criancas-em-vitoria\/","og_site_name":"Jornal Fatos e Not\u00edcias","article_published_time":"2022-09-01T17:35:51+00:00","article_modified_time":"2022-09-01T17:35:52+00:00","og_image":[{"width":1000,"height":667,"url":"https:\/\/jornalfatosenoticias.com.br\/wp-content\/uploads\/2022\/09\/brincar-e-aprender-projeto1.jpg","type":"image\/jpeg"}],"author":"Luzimara Fernandes","twitter_card":"summary_large_image","twitter_misc":{"Escrito por":"Luzimara Fernandes","Est. tempo de leitura":"3 minutos"},"schema":{"@context":"https:\/\/schema.org","@graph":[{"@type":"Article","@id":"https:\/\/jornalfatosenoticias.com.br\/index.php\/2022\/09\/01\/projeto-de-educacao-fisica-encanta-criancas-em-vitoria\/#article","isPartOf":{"@id":"https:\/\/jornalfatosenoticias.com.br\/index.php\/2022\/09\/01\/projeto-de-educacao-fisica-encanta-criancas-em-vitoria\/"},"author":{"name":"Luzimara Fernandes","@id":"https:\/\/jornalfatosenoticias.com.br\/#\/schema\/person\/d63837fa13ac8666eb9e74e0985d6f81"},"headline":"Projeto de educa\u00e7\u00e3o f\u00edsica encanta crian\u00e7as em Vit\u00f3ria","datePublished":"2022-09-01T17:35:51+00:00","dateModified":"2022-09-01T17:35:52+00:00","mainEntityOfPage":{"@id":"https:\/\/jornalfatosenoticias.com.br\/index.php\/2022\/09\/01\/projeto-de-educacao-fisica-encanta-criancas-em-vitoria\/"},"wordCount":680,"commentCount":0,"publisher":{"@id":"https:\/\/jornalfatosenoticias.com.br\/#organization"},"image":{"@id":"https:\/\/jornalfatosenoticias.com.br\/index.php\/2022\/09\/01\/projeto-de-educacao-fisica-encanta-criancas-em-vitoria\/#primaryimage"},"thumbnailUrl":"https:\/\/jornalfatosenoticias.com.br\/wp-content\/uploads\/2022\/09\/brincar-e-aprender-projeto1.jpg","keywords":["Brincar e Aprender","Cmei Reinaldo Ridolfi","l\u00fadico","projeto de educa\u00e7\u00e3o f\u00edsica","Vit\u00f3ria"],"articleSection":["Educa\u00e7\u00e3o"],"inLanguage":"pt-BR","potentialAction":[{"@type":"CommentAction","name":"Comment","target":["https:\/\/jornalfatosenoticias.com.br\/index.php\/2022\/09\/01\/projeto-de-educacao-fisica-encanta-criancas-em-vitoria\/#respond"]}]},{"@type":"WebPage","@id":"https:\/\/jornalfatosenoticias.com.br\/index.php\/2022\/09\/01\/projeto-de-educacao-fisica-encanta-criancas-em-vitoria\/","url":"https:\/\/jornalfatosenoticias.com.br\/index.php\/2022\/09\/01\/projeto-de-educacao-fisica-encanta-criancas-em-vitoria\/","name":"Projeto de educa\u00e7\u00e3o f\u00edsica encanta crian\u00e7as em Vit\u00f3ria - Jornal Fatos e Not\u00edcias","isPartOf":{"@id":"https:\/\/jornalfatosenoticias.com.br\/#website"},"primaryImageOfPage":{"@id":"https:\/\/jornalfatosenoticias.com.br\/index.php\/2022\/09\/01\/projeto-de-educacao-fisica-encanta-criancas-em-vitoria\/#primaryimage"},"image":{"@id":"https:\/\/jornalfatosenoticias.com.br\/index.php\/2022\/09\/01\/projeto-de-educacao-fisica-encanta-criancas-em-vitoria\/#primaryimage"},"thumbnailUrl":"https:\/\/jornalfatosenoticias.com.br\/wp-content\/uploads\/2022\/09\/brincar-e-aprender-projeto1.jpg","datePublished":"2022-09-01T17:35:51+00:00","dateModified":"2022-09-01T17:35:52+00:00","breadcrumb":{"@id":"https:\/\/jornalfatosenoticias.com.br\/index.php\/2022\/09\/01\/projeto-de-educacao-fisica-encanta-criancas-em-vitoria\/#breadcrumb"},"inLanguage":"pt-BR","potentialAction":[{"@type":"ReadAction","target":["https:\/\/jornalfatosenoticias.com.br\/index.php\/2022\/09\/01\/projeto-de-educacao-fisica-encanta-criancas-em-vitoria\/"]}]},{"@type":"ImageObject","inLanguage":"pt-BR","@id":"https:\/\/jornalfatosenoticias.com.br\/index.php\/2022\/09\/01\/projeto-de-educacao-fisica-encanta-criancas-em-vitoria\/#primaryimage","url":"https:\/\/jornalfatosenoticias.com.br\/wp-content\/uploads\/2022\/09\/brincar-e-aprender-projeto1.jpg","contentUrl":"https:\/\/jornalfatosenoticias.com.br\/wp-content\/uploads\/2022\/09\/brincar-e-aprender-projeto1.jpg","width":1000,"height":667,"caption":"Brincar e aprender: projeto de Educa\u00e7\u00e3o F\u00edsica encanta crian\u00e7as em Maria Ortiz"},{"@type":"BreadcrumbList","@id":"https:\/\/jornalfatosenoticias.com.br\/index.php\/2022\/09\/01\/projeto-de-educacao-fisica-encanta-criancas-em-vitoria\/#breadcrumb","itemListElement":[{"@type":"ListItem","position":1,"name":"In\u00edcio","item":"https:\/\/jornalfatosenoticias.com.br\/"},{"@type":"ListItem","position":2,"name":"Projeto de educa\u00e7\u00e3o f\u00edsica encanta crian\u00e7as em Vit\u00f3ria"}]},{"@type":"WebSite","@id":"https:\/\/jornalfatosenoticias.com.br\/#website","url":"https:\/\/jornalfatosenoticias.com.br\/","name":"Jornal Fatos e Not\u00edcias","description":"Not\u00edcias em geral","publisher":{"@id":"https:\/\/jornalfatosenoticias.com.br\/#organization"},"potentialAction":[{"@type":"SearchAction","target":{"@type":"EntryPoint","urlTemplate":"https:\/\/jornalfatosenoticias.com.br\/?s={search_term_string}"},"query-input":{"@type":"PropertyValueSpecification","valueRequired":true,"valueName":"search_term_string"}}],"inLanguage":"pt-BR"},{"@type":"Organization","@id":"https:\/\/jornalfatosenoticias.com.br\/#organization","name":"Jornal Fatos e Not\u00edcias","url":"https:\/\/jornalfatosenoticias.com.br\/","logo":{"@type":"ImageObject","inLanguage":"pt-BR","@id":"https:\/\/jornalfatosenoticias.com.br\/#\/schema\/logo\/image\/","url":"https:\/\/jornalfatosenoticias.com.br\/wp-content\/uploads\/2020\/02\/logo120.png","contentUrl":"https:\/\/jornalfatosenoticias.com.br\/wp-content\/uploads\/2020\/02\/logo120.png","width":1227,"height":120,"caption":"Jornal Fatos e Not\u00edcias"},"image":{"@id":"https:\/\/jornalfatosenoticias.com.br\/#\/schema\/logo\/image\/"}},{"@type":"Person","@id":"https:\/\/jornalfatosenoticias.com.br\/#\/schema\/person\/d63837fa13ac8666eb9e74e0985d6f81","name":"Luzimara Fernandes","image":{"@type":"ImageObject","inLanguage":"pt-BR","@id":"https:\/\/jornalfatosenoticias.com.br\/#\/schema\/person\/image\/","url":"https:\/\/jornalfatosenoticias.com.br\/wp-content\/uploads\/2025\/05\/EU_portal.jpg","contentUrl":"https:\/\/jornalfatosenoticias.com.br\/wp-content\/uploads\/2025\/05\/EU_portal.jpg","caption":"Luzimara Fernandes"},"description":"Jornalista MTB 2358-ES","sameAs":["https:\/\/jornalfatosenoticias.com.br"],"url":"https:\/\/jornalfatosenoticias.com.br\/index.php\/author\/luzimara\/"}]}},"cc_featured_image_caption":{"caption_text":"(Foto: Divulga\u00e7\u00e3o) \r\n ","source_text":"","source_url":""},"jetpack_featured_media_url":"https:\/\/jornalfatosenoticias.com.br\/wp-content\/uploads\/2022\/09\/brincar-e-aprender-projeto1.jpg","_links":{"self":[{"href":"https:\/\/jornalfatosenoticias.com.br\/index.php\/wp-json\/wp\/v2\/posts\/33773","targetHints":{"allow":["GET"]}}],"collection":[{"href":"https:\/\/jornalfatosenoticias.com.br\/index.php\/wp-json\/wp\/v2\/posts"}],"about":[{"href":"https:\/\/jornalfatosenoticias.com.br\/index.php\/wp-json\/wp\/v2\/types\/post"}],"author":[{"embeddable":true,"href":"https:\/\/jornalfatosenoticias.com.br\/index.php\/wp-json\/wp\/v2\/users\/2"}],"replies":[{"embeddable":true,"href":"https:\/\/jornalfatosenoticias.com.br\/index.php\/wp-json\/wp\/v2\/comments?post=33773"}],"version-history":[{"count":0,"href":"https:\/\/jornalfatosenoticias.com.br\/index.php\/wp-json\/wp\/v2\/posts\/33773\/revisions"}],"wp:featuredmedia":[{"embeddable":true,"href":"https:\/\/jornalfatosenoticias.com.br\/index.php\/wp-json\/wp\/v2\/media\/33775"}],"wp:attachment":[{"href":"https:\/\/jornalfatosenoticias.com.br\/index.php\/wp-json\/wp\/v2\/media?parent=33773"}],"wp:term":[{"taxonomy":"category","embeddable":true,"href":"https:\/\/jornalfatosenoticias.com.br\/index.php\/wp-json\/wp\/v2\/categories?post=33773"},{"taxonomy":"post_tag","embeddable":true,"href":"https:\/\/jornalfatosenoticias.com.br\/index.php\/wp-json\/wp\/v2\/tags?post=33773"}],"curies":[{"name":"wp","href":"https:\/\/api.w.org\/{rel}","templated":true}]}}