{"id":3378,"date":"2020-04-20T09:53:06","date_gmt":"2020-04-20T12:53:06","guid":{"rendered":"https:\/\/jornalfatosenoticias.com.br\/?p=3378"},"modified":"2020-04-20T09:53:13","modified_gmt":"2020-04-20T12:53:13","slug":"brasilia-60-anos-a-identidade-de-uma-capital-madura","status":"publish","type":"post","link":"https:\/\/jornalfatosenoticias.com.br\/index.php\/2020\/04\/20\/brasilia-60-anos-a-identidade-de-uma-capital-madura\/","title":{"rendered":"Bras\u00edlia, 60 anos: a identidade de uma capital madura"},"content":{"rendered":"\n<h6 class=\"wp-block-heading\"><em>Veja a primeira edi\u00e7\u00e3o da webs\u00e9rie &#8220;Quem s\u00e3o os brasilienses?&#8221;<\/em><\/h6>\n\n\n\n<p>Os monumentos, os caminhos, o centro pol\u00edtico, um cen\u00e1rio privilegiado. Assim \u00e9 conhecida a capital do Pa\u00eds que chega aos 60 anos amanh\u00e3 (21) sem poder fazer a esperada festa com a idade nova. Tamb\u00e9m neste per\u00edodo de isolamento social, por causa da pandemia do coronav\u00edrus, a popula\u00e7\u00e3o demonstra que Bras\u00edlia j\u00e1 pode ser identificada como um lugar que se tornou maduro. O Distrito Federal tem hoje uma popula\u00e7\u00e3o de mais de tr\u00eas milh\u00f5es de pessoas. A maioria j\u00e1 \u00e9 formada por nascidos na capital. Com g\u00edrias, sotaques, gastronomia e identidade de caldeir\u00e3o cultural, que se revelam por entre as quadras do Plano Piloto e as ruas das regi\u00f5es administrativas que circundam o cora\u00e7\u00e3o do Brasil.<\/p>\n\n\n\n<h4 class=\"wp-block-heading\">O sotaque na capital<\/h4>\n\n\n\n<p>Uma popula\u00e7\u00e3o unida h\u00e1 60 anos j\u00e1 viveu o suficiente para se expressar em um \u00fanico sotaque? Para o professor e sociolinguista Newton Lima Neto, sim; mas ainda n\u00e3o \u00e9 poss\u00edvel dizer se h\u00e1 apenas um falar brasiliense ou muitos &#8220;falares&#8221;.<br>Ele explica que j\u00e1 d\u00e1 para identificar caracter\u00edsticas comuns no sotaque de diferentes indiv\u00edduos de Bras\u00edlia, o que n\u00e3o acontecia nas gera\u00e7\u00f5es anteriores, j\u00e1 que muitos ainda mantinham a forma de falar trazida por seus antecessores de outros estados. \u201cQuando a gente pensa na primeira gera\u00e7\u00e3o de Bras\u00edlia, voc\u00ea encontrava diversas formas, diversos falares. Na segunda, essas formas come\u00e7am a focalizar. E agora, se voc\u00ea for comparar isso tudo, gravar amostras de brasilienses voc\u00ea vai ver, por exemplo, que o \u2018e\u2019 tende a ser fechado, ent\u00e3o eu vou falar del\u00edcia e n\u00e3o \u2018d\u00e9licia\u2019\u2019\u2019, explica.<br>Para a PHD em lingu\u00edstica, Stella Maris Bortoni, essas s\u00e3o apenas tend\u00eancias ao que pode vir a ser o sotaque brasiliense. Mas por elas j\u00e1 \u00e9 poss\u00edvel perceber caracter\u00edsticas que devem permanecer no falar da popula\u00e7\u00e3o do Distrito Federal, como a aus\u00eancia de marcas que identificam o sotaque de outros estados e regi\u00f5es brasileiras.<br>\u201cEssa aus\u00eancia dever\u00e1 ser a nossa identidade, na medida em que as novas gera\u00e7\u00f5es de brasilienses falem de modo que a sua fala n\u00e3o seja associada imediatamente a nenhuma outra regi\u00e3o, \u00e9 um falar muito pr\u00f3ximo do da m\u00eddia, dos modos de articular e de pronunciar que os locutores da grande m\u00eddia usam\u201d, diz.<br>Segundo Stella, esse comportamento j\u00e1 foi observado em outras regi\u00f5es no mundo, onde houve uma converg\u00eancia de pessoas que trouxeram diferentes falares. \u201cQuem estuda essa tradi\u00e7\u00e3o lingu\u00edstica vai ver que aconteceu com a Alemanha. Por que na Alemanha? Porque l\u00e1, o pa\u00eds dividiu-se depois da Segunda Guerra, em Alemanha Oriental e Alemanha Ocidental e nas \u00e1reas de converg\u00eancia de alem\u00e3es de diversas regi\u00f5es, o falar ficou n\u00e3o marcado\u201d, explica.<br>Para Newton, essa converg\u00eancia se deu de forma diferente no Distrito Federal, j\u00e1 que as diferen\u00e7as sociais e culturais fizeram com que grupos de pessoas se organizassem em 31 regi\u00f5es administrativas, tamb\u00e9m chamadas de cidades sat\u00e9lites. \u201cEm Ceil\u00e2ndia, por exemplo, onde a gente tem o maior contingente de migrantes nordestinos, voc\u00ea vai encontrar a forma \u201cd\u00e9licia\u201d, mesmo na fala das novas gera\u00e7\u00f5es. Agora, o que n\u00e3o acontece \u00e9 voc\u00ea gravar indiv\u00edduos separados e ter uma mistura incaracter\u00edstica\u201d, diz.<br>Como as formas de pronunciar e a entona\u00e7\u00e3o do brasiliense j\u00e1 permitem que outras pessoas, que n\u00e3o vivem em Bras\u00edlia, consigam identificar o sotaque de quem \u00e9 da capital federal, segundo Newton, agora resta apenas saber se permanecer\u00e1 apenas uma ou mais formas de falar. \u201cDaqui h\u00e1 umas duas gera\u00e7\u00f5es, a gente vai come\u00e7ar a entender se j\u00e1 existe um \u00fanico sotaque tipicamente do Distrito Federal, ou se a desigualdade social entre essas regi\u00f5es \u00e9 tanta, que cada uma est\u00e1 come\u00e7ando a ter o seu pr\u00f3prio falar\u201d, conclui.<\/p>\n\n\n\n<p><strong>Confira a webs\u00e9rie\u00a0<a rel=\"noreferrer noopener\" href=\"http:\/\/www.ebc.com.br\/cultura\/2020\/04\/brasilia-60-anos-o-sotaque-da-capital-federal-assista-video\" target=\"_blank\"><em>Quem S\u00e3o os Brasilienses<\/em><\/a>\u00a0publicada a partir desta\u00a0quarta-feira, para conhecer essa capital por outra perspectiva.<\/strong><\/p>\n\n\n\n<figure class=\"wp-block-embed-youtube wp-block-embed is-type-video is-provider-youtube wp-embed-aspect-16-9 wp-has-aspect-ratio\"><div class=\"wp-block-embed__wrapper\">\n<iframe loading=\"lazy\" title=\"Quem s\u00e3o os Brasilienses | Sotaque\" width=\"660\" height=\"371\" src=\"https:\/\/www.youtube.com\/embed\/OuWJyezdemY?feature=oembed\" frameborder=\"0\" allow=\"accelerometer; autoplay; clipboard-write; encrypted-media; gyroscope; picture-in-picture; web-share\" referrerpolicy=\"strict-origin-when-cross-origin\" allowfullscreen><\/iframe>\n<\/div><\/figure>\n\n\n\n<p><strong><em>Fonte: <a href=\"https:\/\/agenciabrasil.ebc.com.br\/geral\/noticia\/2020-04\/brasilia-60-anos-identidade-de-uma-capital-madura\">Ag\u00eancia Brasil<\/a><\/em><\/strong><\/p>\n","protected":false},"excerpt":{"rendered":"<p>Veja a primeira edi\u00e7\u00e3o da webs\u00e9rie &#8220;Quem s\u00e3o os brasilienses?&#8221; Os monumentos, os caminhos, o centro pol\u00edtico, um cen\u00e1rio privilegiado. Assim \u00e9 conhecida a capital do Pa\u00eds que chega aos 60 anos amanh\u00e3 (21) sem poder fazer a esperada festa com a idade nova. Tamb\u00e9m neste per\u00edodo de isolamento social, por causa da pandemia do [&hellip;]<\/p>\n","protected":false},"author":2,"featured_media":3379,"comment_status":"open","ping_status":"open","sticky":false,"template":"","format":"standard","meta":{"footnotes":""},"categories":[4],"tags":[1864,1862,1863],"class_list":["post-3378","post","type-post","status-publish","format-standard","has-post-thumbnail","hentry","category-cultura","tag-aniversario-de-brasilia","tag-brasilia-60-anos","tag-capital-federal"],"yoast_head":"<!-- This site is optimized with the Yoast SEO plugin v26.5 - https:\/\/yoast.com\/wordpress\/plugins\/seo\/ -->\n<title>Bras\u00edlia, 60 anos: a identidade de uma capital madura - Jornal Fatos e Not\u00edcias<\/title>\n<meta name=\"robots\" content=\"index, follow, max-snippet:-1, max-image-preview:large, max-video-preview:-1\" \/>\n<link rel=\"canonical\" href=\"https:\/\/jornalfatosenoticias.com.br\/index.php\/2020\/04\/20\/brasilia-60-anos-a-identidade-de-uma-capital-madura\/\" \/>\n<meta property=\"og:locale\" content=\"pt_BR\" \/>\n<meta property=\"og:type\" content=\"article\" \/>\n<meta property=\"og:title\" content=\"Bras\u00edlia, 60 anos: a identidade de uma capital madura - Jornal Fatos e Not\u00edcias\" \/>\n<meta property=\"og:description\" content=\"Veja a primeira edi\u00e7\u00e3o da webs\u00e9rie &#8220;Quem s\u00e3o os brasilienses?&#8221; Os monumentos, os caminhos, o centro pol\u00edtico, um cen\u00e1rio privilegiado. Assim \u00e9 conhecida a capital do Pa\u00eds que chega aos 60 anos amanh\u00e3 (21) sem poder fazer a esperada festa com a idade nova. Tamb\u00e9m neste per\u00edodo de isolamento social, por causa da pandemia do [&hellip;]\" \/>\n<meta property=\"og:url\" content=\"https:\/\/jornalfatosenoticias.com.br\/index.php\/2020\/04\/20\/brasilia-60-anos-a-identidade-de-uma-capital-madura\/\" \/>\n<meta property=\"og:site_name\" content=\"Jornal Fatos e Not\u00edcias\" \/>\n<meta property=\"article:published_time\" content=\"2020-04-20T12:53:06+00:00\" \/>\n<meta property=\"article:modified_time\" content=\"2020-04-20T12:53:13+00:00\" \/>\n<meta property=\"og:image\" content=\"https:\/\/jornalfatosenoticias.com.br\/wp-content\/uploads\/2020\/04\/torre_de_tv_brasilia.jpg\" \/>\n\t<meta property=\"og:image:width\" content=\"1000\" \/>\n\t<meta property=\"og:image:height\" content=\"598\" \/>\n\t<meta property=\"og:image:type\" content=\"image\/jpeg\" \/>\n<meta name=\"author\" content=\"Luzimara Fernandes\" \/>\n<meta name=\"twitter:card\" content=\"summary_large_image\" \/>\n<meta name=\"twitter:label1\" content=\"Escrito por\" \/>\n\t<meta name=\"twitter:data1\" content=\"Luzimara Fernandes\" \/>\n\t<meta name=\"twitter:label2\" content=\"Est. tempo de leitura\" \/>\n\t<meta name=\"twitter:data2\" content=\"4 minutos\" \/>\n<script type=\"application\/ld+json\" class=\"yoast-schema-graph\">{\"@context\":\"https:\/\/schema.org\",\"@graph\":[{\"@type\":\"Article\",\"@id\":\"https:\/\/jornalfatosenoticias.com.br\/index.php\/2020\/04\/20\/brasilia-60-anos-a-identidade-de-uma-capital-madura\/#article\",\"isPartOf\":{\"@id\":\"https:\/\/jornalfatosenoticias.com.br\/index.php\/2020\/04\/20\/brasilia-60-anos-a-identidade-de-uma-capital-madura\/\"},\"author\":{\"name\":\"Luzimara Fernandes\",\"@id\":\"https:\/\/jornalfatosenoticias.com.br\/#\/schema\/person\/d63837fa13ac8666eb9e74e0985d6f81\"},\"headline\":\"Bras\u00edlia, 60 anos: a identidade de uma capital madura\",\"datePublished\":\"2020-04-20T12:53:06+00:00\",\"dateModified\":\"2020-04-20T12:53:13+00:00\",\"mainEntityOfPage\":{\"@id\":\"https:\/\/jornalfatosenoticias.com.br\/index.php\/2020\/04\/20\/brasilia-60-anos-a-identidade-de-uma-capital-madura\/\"},\"wordCount\":717,\"commentCount\":0,\"publisher\":{\"@id\":\"https:\/\/jornalfatosenoticias.com.br\/#organization\"},\"image\":{\"@id\":\"https:\/\/jornalfatosenoticias.com.br\/index.php\/2020\/04\/20\/brasilia-60-anos-a-identidade-de-uma-capital-madura\/#primaryimage\"},\"thumbnailUrl\":\"https:\/\/jornalfatosenoticias.com.br\/wp-content\/uploads\/2020\/04\/torre_de_tv_brasilia.jpg\",\"keywords\":[\"anivers\u00e1rio de Bras\u00edlia\",\"Bras\u00edlia 60 anos\",\"capital federal\"],\"articleSection\":[\"Cultura\"],\"inLanguage\":\"pt-BR\",\"potentialAction\":[{\"@type\":\"CommentAction\",\"name\":\"Comment\",\"target\":[\"https:\/\/jornalfatosenoticias.com.br\/index.php\/2020\/04\/20\/brasilia-60-anos-a-identidade-de-uma-capital-madura\/#respond\"]}]},{\"@type\":\"WebPage\",\"@id\":\"https:\/\/jornalfatosenoticias.com.br\/index.php\/2020\/04\/20\/brasilia-60-anos-a-identidade-de-uma-capital-madura\/\",\"url\":\"https:\/\/jornalfatosenoticias.com.br\/index.php\/2020\/04\/20\/brasilia-60-anos-a-identidade-de-uma-capital-madura\/\",\"name\":\"Bras\u00edlia, 60 anos: a identidade de uma capital madura - Jornal Fatos e Not\u00edcias\",\"isPartOf\":{\"@id\":\"https:\/\/jornalfatosenoticias.com.br\/#website\"},\"primaryImageOfPage\":{\"@id\":\"https:\/\/jornalfatosenoticias.com.br\/index.php\/2020\/04\/20\/brasilia-60-anos-a-identidade-de-uma-capital-madura\/#primaryimage\"},\"image\":{\"@id\":\"https:\/\/jornalfatosenoticias.com.br\/index.php\/2020\/04\/20\/brasilia-60-anos-a-identidade-de-uma-capital-madura\/#primaryimage\"},\"thumbnailUrl\":\"https:\/\/jornalfatosenoticias.com.br\/wp-content\/uploads\/2020\/04\/torre_de_tv_brasilia.jpg\",\"datePublished\":\"2020-04-20T12:53:06+00:00\",\"dateModified\":\"2020-04-20T12:53:13+00:00\",\"breadcrumb\":{\"@id\":\"https:\/\/jornalfatosenoticias.com.br\/index.php\/2020\/04\/20\/brasilia-60-anos-a-identidade-de-uma-capital-madura\/#breadcrumb\"},\"inLanguage\":\"pt-BR\",\"potentialAction\":[{\"@type\":\"ReadAction\",\"target\":[\"https:\/\/jornalfatosenoticias.com.br\/index.php\/2020\/04\/20\/brasilia-60-anos-a-identidade-de-uma-capital-madura\/\"]}]},{\"@type\":\"ImageObject\",\"inLanguage\":\"pt-BR\",\"@id\":\"https:\/\/jornalfatosenoticias.com.br\/index.php\/2020\/04\/20\/brasilia-60-anos-a-identidade-de-uma-capital-madura\/#primaryimage\",\"url\":\"https:\/\/jornalfatosenoticias.com.br\/wp-content\/uploads\/2020\/04\/torre_de_tv_brasilia.jpg\",\"contentUrl\":\"https:\/\/jornalfatosenoticias.com.br\/wp-content\/uploads\/2020\/04\/torre_de_tv_brasilia.jpg\",\"width\":1000,\"height\":598,\"caption\":\"Torre de televis\u00e3o\"},{\"@type\":\"BreadcrumbList\",\"@id\":\"https:\/\/jornalfatosenoticias.com.br\/index.php\/2020\/04\/20\/brasilia-60-anos-a-identidade-de-uma-capital-madura\/#breadcrumb\",\"itemListElement\":[{\"@type\":\"ListItem\",\"position\":1,\"name\":\"In\u00edcio\",\"item\":\"https:\/\/jornalfatosenoticias.com.br\/\"},{\"@type\":\"ListItem\",\"position\":2,\"name\":\"Bras\u00edlia, 60 anos: a identidade de uma capital madura\"}]},{\"@type\":\"WebSite\",\"@id\":\"https:\/\/jornalfatosenoticias.com.br\/#website\",\"url\":\"https:\/\/jornalfatosenoticias.com.br\/\",\"name\":\"Jornal Fatos e Not\u00edcias\",\"description\":\"Not\u00edcias em geral\",\"publisher\":{\"@id\":\"https:\/\/jornalfatosenoticias.com.br\/#organization\"},\"potentialAction\":[{\"@type\":\"SearchAction\",\"target\":{\"@type\":\"EntryPoint\",\"urlTemplate\":\"https:\/\/jornalfatosenoticias.com.br\/?s={search_term_string}\"},\"query-input\":{\"@type\":\"PropertyValueSpecification\",\"valueRequired\":true,\"valueName\":\"search_term_string\"}}],\"inLanguage\":\"pt-BR\"},{\"@type\":\"Organization\",\"@id\":\"https:\/\/jornalfatosenoticias.com.br\/#organization\",\"name\":\"Jornal Fatos e Not\u00edcias\",\"url\":\"https:\/\/jornalfatosenoticias.com.br\/\",\"logo\":{\"@type\":\"ImageObject\",\"inLanguage\":\"pt-BR\",\"@id\":\"https:\/\/jornalfatosenoticias.com.br\/#\/schema\/logo\/image\/\",\"url\":\"https:\/\/jornalfatosenoticias.com.br\/wp-content\/uploads\/2020\/02\/logo120.png\",\"contentUrl\":\"https:\/\/jornalfatosenoticias.com.br\/wp-content\/uploads\/2020\/02\/logo120.png\",\"width\":1227,\"height\":120,\"caption\":\"Jornal Fatos e Not\u00edcias\"},\"image\":{\"@id\":\"https:\/\/jornalfatosenoticias.com.br\/#\/schema\/logo\/image\/\"}},{\"@type\":\"Person\",\"@id\":\"https:\/\/jornalfatosenoticias.com.br\/#\/schema\/person\/d63837fa13ac8666eb9e74e0985d6f81\",\"name\":\"Luzimara Fernandes\",\"image\":{\"@type\":\"ImageObject\",\"inLanguage\":\"pt-BR\",\"@id\":\"https:\/\/jornalfatosenoticias.com.br\/#\/schema\/person\/image\/\",\"url\":\"https:\/\/jornalfatosenoticias.com.br\/wp-content\/uploads\/2025\/05\/EU_portal.jpg\",\"contentUrl\":\"https:\/\/jornalfatosenoticias.com.br\/wp-content\/uploads\/2025\/05\/EU_portal.jpg\",\"caption\":\"Luzimara Fernandes\"},\"description\":\"Jornalista MTB 2358-ES\",\"sameAs\":[\"https:\/\/jornalfatosenoticias.com.br\"],\"url\":\"https:\/\/jornalfatosenoticias.com.br\/index.php\/author\/luzimara\/\"}]}<\/script>\n<!-- \/ Yoast SEO plugin. -->","yoast_head_json":{"title":"Bras\u00edlia, 60 anos: a identidade de uma capital madura - Jornal Fatos e Not\u00edcias","robots":{"index":"index","follow":"follow","max-snippet":"max-snippet:-1","max-image-preview":"max-image-preview:large","max-video-preview":"max-video-preview:-1"},"canonical":"https:\/\/jornalfatosenoticias.com.br\/index.php\/2020\/04\/20\/brasilia-60-anos-a-identidade-de-uma-capital-madura\/","og_locale":"pt_BR","og_type":"article","og_title":"Bras\u00edlia, 60 anos: a identidade de uma capital madura - Jornal Fatos e Not\u00edcias","og_description":"Veja a primeira edi\u00e7\u00e3o da webs\u00e9rie &#8220;Quem s\u00e3o os brasilienses?&#8221; Os monumentos, os caminhos, o centro pol\u00edtico, um cen\u00e1rio privilegiado. Assim \u00e9 conhecida a capital do Pa\u00eds que chega aos 60 anos amanh\u00e3 (21) sem poder fazer a esperada festa com a idade nova. Tamb\u00e9m neste per\u00edodo de isolamento social, por causa da pandemia do [&hellip;]","og_url":"https:\/\/jornalfatosenoticias.com.br\/index.php\/2020\/04\/20\/brasilia-60-anos-a-identidade-de-uma-capital-madura\/","og_site_name":"Jornal Fatos e Not\u00edcias","article_published_time":"2020-04-20T12:53:06+00:00","article_modified_time":"2020-04-20T12:53:13+00:00","og_image":[{"width":1000,"height":598,"url":"https:\/\/jornalfatosenoticias.com.br\/wp-content\/uploads\/2020\/04\/torre_de_tv_brasilia.jpg","type":"image\/jpeg"}],"author":"Luzimara Fernandes","twitter_card":"summary_large_image","twitter_misc":{"Escrito por":"Luzimara Fernandes","Est. tempo de leitura":"4 minutos"},"schema":{"@context":"https:\/\/schema.org","@graph":[{"@type":"Article","@id":"https:\/\/jornalfatosenoticias.com.br\/index.php\/2020\/04\/20\/brasilia-60-anos-a-identidade-de-uma-capital-madura\/#article","isPartOf":{"@id":"https:\/\/jornalfatosenoticias.com.br\/index.php\/2020\/04\/20\/brasilia-60-anos-a-identidade-de-uma-capital-madura\/"},"author":{"name":"Luzimara Fernandes","@id":"https:\/\/jornalfatosenoticias.com.br\/#\/schema\/person\/d63837fa13ac8666eb9e74e0985d6f81"},"headline":"Bras\u00edlia, 60 anos: a identidade de uma capital madura","datePublished":"2020-04-20T12:53:06+00:00","dateModified":"2020-04-20T12:53:13+00:00","mainEntityOfPage":{"@id":"https:\/\/jornalfatosenoticias.com.br\/index.php\/2020\/04\/20\/brasilia-60-anos-a-identidade-de-uma-capital-madura\/"},"wordCount":717,"commentCount":0,"publisher":{"@id":"https:\/\/jornalfatosenoticias.com.br\/#organization"},"image":{"@id":"https:\/\/jornalfatosenoticias.com.br\/index.php\/2020\/04\/20\/brasilia-60-anos-a-identidade-de-uma-capital-madura\/#primaryimage"},"thumbnailUrl":"https:\/\/jornalfatosenoticias.com.br\/wp-content\/uploads\/2020\/04\/torre_de_tv_brasilia.jpg","keywords":["anivers\u00e1rio de Bras\u00edlia","Bras\u00edlia 60 anos","capital federal"],"articleSection":["Cultura"],"inLanguage":"pt-BR","potentialAction":[{"@type":"CommentAction","name":"Comment","target":["https:\/\/jornalfatosenoticias.com.br\/index.php\/2020\/04\/20\/brasilia-60-anos-a-identidade-de-uma-capital-madura\/#respond"]}]},{"@type":"WebPage","@id":"https:\/\/jornalfatosenoticias.com.br\/index.php\/2020\/04\/20\/brasilia-60-anos-a-identidade-de-uma-capital-madura\/","url":"https:\/\/jornalfatosenoticias.com.br\/index.php\/2020\/04\/20\/brasilia-60-anos-a-identidade-de-uma-capital-madura\/","name":"Bras\u00edlia, 60 anos: a identidade de uma capital madura - Jornal Fatos e Not\u00edcias","isPartOf":{"@id":"https:\/\/jornalfatosenoticias.com.br\/#website"},"primaryImageOfPage":{"@id":"https:\/\/jornalfatosenoticias.com.br\/index.php\/2020\/04\/20\/brasilia-60-anos-a-identidade-de-uma-capital-madura\/#primaryimage"},"image":{"@id":"https:\/\/jornalfatosenoticias.com.br\/index.php\/2020\/04\/20\/brasilia-60-anos-a-identidade-de-uma-capital-madura\/#primaryimage"},"thumbnailUrl":"https:\/\/jornalfatosenoticias.com.br\/wp-content\/uploads\/2020\/04\/torre_de_tv_brasilia.jpg","datePublished":"2020-04-20T12:53:06+00:00","dateModified":"2020-04-20T12:53:13+00:00","breadcrumb":{"@id":"https:\/\/jornalfatosenoticias.com.br\/index.php\/2020\/04\/20\/brasilia-60-anos-a-identidade-de-uma-capital-madura\/#breadcrumb"},"inLanguage":"pt-BR","potentialAction":[{"@type":"ReadAction","target":["https:\/\/jornalfatosenoticias.com.br\/index.php\/2020\/04\/20\/brasilia-60-anos-a-identidade-de-uma-capital-madura\/"]}]},{"@type":"ImageObject","inLanguage":"pt-BR","@id":"https:\/\/jornalfatosenoticias.com.br\/index.php\/2020\/04\/20\/brasilia-60-anos-a-identidade-de-uma-capital-madura\/#primaryimage","url":"https:\/\/jornalfatosenoticias.com.br\/wp-content\/uploads\/2020\/04\/torre_de_tv_brasilia.jpg","contentUrl":"https:\/\/jornalfatosenoticias.com.br\/wp-content\/uploads\/2020\/04\/torre_de_tv_brasilia.jpg","width":1000,"height":598,"caption":"Torre de televis\u00e3o"},{"@type":"BreadcrumbList","@id":"https:\/\/jornalfatosenoticias.com.br\/index.php\/2020\/04\/20\/brasilia-60-anos-a-identidade-de-uma-capital-madura\/#breadcrumb","itemListElement":[{"@type":"ListItem","position":1,"name":"In\u00edcio","item":"https:\/\/jornalfatosenoticias.com.br\/"},{"@type":"ListItem","position":2,"name":"Bras\u00edlia, 60 anos: a identidade de uma capital madura"}]},{"@type":"WebSite","@id":"https:\/\/jornalfatosenoticias.com.br\/#website","url":"https:\/\/jornalfatosenoticias.com.br\/","name":"Jornal Fatos e Not\u00edcias","description":"Not\u00edcias em geral","publisher":{"@id":"https:\/\/jornalfatosenoticias.com.br\/#organization"},"potentialAction":[{"@type":"SearchAction","target":{"@type":"EntryPoint","urlTemplate":"https:\/\/jornalfatosenoticias.com.br\/?s={search_term_string}"},"query-input":{"@type":"PropertyValueSpecification","valueRequired":true,"valueName":"search_term_string"}}],"inLanguage":"pt-BR"},{"@type":"Organization","@id":"https:\/\/jornalfatosenoticias.com.br\/#organization","name":"Jornal Fatos e Not\u00edcias","url":"https:\/\/jornalfatosenoticias.com.br\/","logo":{"@type":"ImageObject","inLanguage":"pt-BR","@id":"https:\/\/jornalfatosenoticias.com.br\/#\/schema\/logo\/image\/","url":"https:\/\/jornalfatosenoticias.com.br\/wp-content\/uploads\/2020\/02\/logo120.png","contentUrl":"https:\/\/jornalfatosenoticias.com.br\/wp-content\/uploads\/2020\/02\/logo120.png","width":1227,"height":120,"caption":"Jornal Fatos e Not\u00edcias"},"image":{"@id":"https:\/\/jornalfatosenoticias.com.br\/#\/schema\/logo\/image\/"}},{"@type":"Person","@id":"https:\/\/jornalfatosenoticias.com.br\/#\/schema\/person\/d63837fa13ac8666eb9e74e0985d6f81","name":"Luzimara Fernandes","image":{"@type":"ImageObject","inLanguage":"pt-BR","@id":"https:\/\/jornalfatosenoticias.com.br\/#\/schema\/person\/image\/","url":"https:\/\/jornalfatosenoticias.com.br\/wp-content\/uploads\/2025\/05\/EU_portal.jpg","contentUrl":"https:\/\/jornalfatosenoticias.com.br\/wp-content\/uploads\/2025\/05\/EU_portal.jpg","caption":"Luzimara Fernandes"},"description":"Jornalista MTB 2358-ES","sameAs":["https:\/\/jornalfatosenoticias.com.br"],"url":"https:\/\/jornalfatosenoticias.com.br\/index.php\/author\/luzimara\/"}]}},"cc_featured_image_caption":{"caption_text":"(Foto: Marcello Casal Jr\/Ag\u00eancia Brasil)","source_text":"","source_url":""},"jetpack_featured_media_url":"https:\/\/jornalfatosenoticias.com.br\/wp-content\/uploads\/2020\/04\/torre_de_tv_brasilia.jpg","_links":{"self":[{"href":"https:\/\/jornalfatosenoticias.com.br\/index.php\/wp-json\/wp\/v2\/posts\/3378","targetHints":{"allow":["GET"]}}],"collection":[{"href":"https:\/\/jornalfatosenoticias.com.br\/index.php\/wp-json\/wp\/v2\/posts"}],"about":[{"href":"https:\/\/jornalfatosenoticias.com.br\/index.php\/wp-json\/wp\/v2\/types\/post"}],"author":[{"embeddable":true,"href":"https:\/\/jornalfatosenoticias.com.br\/index.php\/wp-json\/wp\/v2\/users\/2"}],"replies":[{"embeddable":true,"href":"https:\/\/jornalfatosenoticias.com.br\/index.php\/wp-json\/wp\/v2\/comments?post=3378"}],"version-history":[{"count":0,"href":"https:\/\/jornalfatosenoticias.com.br\/index.php\/wp-json\/wp\/v2\/posts\/3378\/revisions"}],"wp:featuredmedia":[{"embeddable":true,"href":"https:\/\/jornalfatosenoticias.com.br\/index.php\/wp-json\/wp\/v2\/media\/3379"}],"wp:attachment":[{"href":"https:\/\/jornalfatosenoticias.com.br\/index.php\/wp-json\/wp\/v2\/media?parent=3378"}],"wp:term":[{"taxonomy":"category","embeddable":true,"href":"https:\/\/jornalfatosenoticias.com.br\/index.php\/wp-json\/wp\/v2\/categories?post=3378"},{"taxonomy":"post_tag","embeddable":true,"href":"https:\/\/jornalfatosenoticias.com.br\/index.php\/wp-json\/wp\/v2\/tags?post=3378"}],"curies":[{"name":"wp","href":"https:\/\/api.w.org\/{rel}","templated":true}]}}