{"id":33805,"date":"2022-09-02T11:56:27","date_gmt":"2022-09-02T14:56:27","guid":{"rendered":"https:\/\/jornalfatosenoticias.com.br\/?p=33805"},"modified":"2022-09-02T11:56:28","modified_gmt":"2022-09-02T14:56:28","slug":"alemanha-concorda-com-indenizacao-de-familias-de-vitimas-de-olimpiada","status":"publish","type":"post","link":"https:\/\/jornalfatosenoticias.com.br\/index.php\/2022\/09\/02\/alemanha-concorda-com-indenizacao-de-familias-de-vitimas-de-olimpiada\/","title":{"rendered":"Alemanha concorda com indeniza\u00e7\u00e3o de fam\u00edlias de v\u00edtimas de olimp\u00edada"},"content":{"rendered":"\n<p><em><span class=\"has-inline-color has-black-color\">Valor total \u00e9 de 28 milh\u00f5es de euros<\/span><\/em><\/p>\n\n\n\n<div class=\"wp-block-image\"><figure class=\"aligncenter size-large\"><img loading=\"lazy\" decoding=\"async\" width=\"1024\" height=\"99\" src=\"https:\/\/jornalfatosenoticias.com.br\/wp-content\/uploads\/2020\/02\/Logo-Mizu-segunda-2-1024x99.png\" alt=\"\" class=\"wp-image-2353\" srcset=\"https:\/\/jornalfatosenoticias.com.br\/wp-content\/uploads\/2020\/02\/Logo-Mizu-segunda-2-1024x99.png 1024w, https:\/\/jornalfatosenoticias.com.br\/wp-content\/uploads\/2020\/02\/Logo-Mizu-segunda-2-300x29.png 300w, https:\/\/jornalfatosenoticias.com.br\/wp-content\/uploads\/2020\/02\/Logo-Mizu-segunda-2-768x74.png 768w, https:\/\/jornalfatosenoticias.com.br\/wp-content\/uploads\/2020\/02\/Logo-Mizu-segunda-2.png 1240w\" sizes=\"auto, (max-width: 1024px) 100vw, 1024px\" \/><\/figure><\/div>\n\n\n\n<p>A Alemanha e as fam\u00edlias dos atletas israelenses assassinados nos Jogos Ol\u00edmpicos de Munique, em 1972, concordaram com uma oferta de compensa\u00e7\u00e3o totalizando 28 milh\u00f5es de euros, disse um porta-voz do Minist\u00e9rio do Interior nesta sexta-feira.<br>No m\u00eas passado, as fam\u00edlias disseram que estavam descontentes com as \u00faltimas ofertas de indeniza\u00e7\u00e3o alem\u00e3s e que planejavam boicotar uma cerim\u00f4nia na segunda-feira em Munique, marcando o 50\u00ba anivers\u00e1rio do ataque, em protesto.<\/p>\n\n\n\n<div class=\"wp-block-image\"><figure class=\"alignleft size-large\"><img loading=\"lazy\" decoding=\"async\" width=\"300\" height=\"250\" src=\"https:\/\/jornalfatosenoticias.com.br\/wp-content\/uploads\/2022\/08\/arte-Casarao.jpg\" alt=\"\" class=\"wp-image-33178\"\/><\/figure><\/div>\n\n\n\n<p>O governo federal contribuir\u00e1 com 22,5 milh\u00f5es de euros, enquanto cinco milh\u00f5es de euros vir\u00e3o do Estado da Baviera e 500 mil euros de Munique, segundo o porta-voz.<br>Em 5 de setembro de 1972, membros da equipe ol\u00edmpica israelense foram feitos ref\u00e9ns na vila dos atletas por homens armados palestinos do grupo radical Setembro Negro.<br>Dentro de 24 horas, 11 israelenses, cinco palestinos e um policial alem\u00e3o foram mortos ap\u00f3s um impasse e subsequente esfor\u00e7o de resgate irromper em tiroteio.<\/p>\n\n\n\n<div class=\"wp-block-image\"><figure class=\"aligncenter size-large is-resized\"><img loading=\"lazy\" decoding=\"async\" src=\"https:\/\/jornalfatosenoticias.com.br\/wp-content\/uploads\/2022\/07\/Assinatura-Marketing-1024x300.png\" alt=\"\" class=\"wp-image-31962\" width=\"413\" height=\"120\" srcset=\"https:\/\/jornalfatosenoticias.com.br\/wp-content\/uploads\/2022\/07\/Assinatura-Marketing-1024x300.png 1024w, https:\/\/jornalfatosenoticias.com.br\/wp-content\/uploads\/2022\/07\/Assinatura-Marketing-300x88.png 300w, https:\/\/jornalfatosenoticias.com.br\/wp-content\/uploads\/2022\/07\/Assinatura-Marketing-768x225.png 768w, https:\/\/jornalfatosenoticias.com.br\/wp-content\/uploads\/2022\/07\/Assinatura-Marketing-1536x451.png 1536w, https:\/\/jornalfatosenoticias.com.br\/wp-content\/uploads\/2022\/07\/Assinatura-Marketing-2048x601.png 2048w\" sizes=\"auto, (max-width: 413px) 100vw, 413px\" \/><\/figure><\/div>\n\n\n\n<p><strong><em>Fonte: <a href=\"https:\/\/www.terra.com.br\/esportes\/jogos-olimpicos\/alemanha-concorda-com-indenizacao-de-us28-mi-a-familias-de-vitimas-da-olimpiada-de-munique,cabc8e0fd966cec270b8f44f547bc415eebn3kqs.html\">Terra<\/a><\/em><\/strong><\/p>\n","protected":false},"excerpt":{"rendered":"<p>Valor total \u00e9 de 28 milh\u00f5es de euros A Alemanha e as fam\u00edlias dos atletas israelenses assassinados nos Jogos Ol\u00edmpicos de Munique, em 1972, concordaram com uma oferta de compensa\u00e7\u00e3o totalizando 28 milh\u00f5es de euros, disse um porta-voz do Minist\u00e9rio do Interior nesta sexta-feira.No m\u00eas passado, as fam\u00edlias disseram que estavam descontentes com as \u00faltimas [&hellip;]<\/p>\n","protected":false},"author":2,"featured_media":33806,"comment_status":"open","ping_status":"open","sticky":false,"template":"","format":"standard","meta":{"footnotes":""},"categories":[41],"tags":[417,15880,1407,9986,15881,651],"class_list":["post-33805","post","type-post","status-publish","format-standard","has-post-thumbnail","hentry","category-internacional","tag-alemanha","tag-atentados","tag-familias","tag-indenizacao","tag-munique","tag-olimpiada"],"yoast_head":"<!-- This site is optimized with the Yoast SEO plugin v26.5 - https:\/\/yoast.com\/wordpress\/plugins\/seo\/ -->\n<title>Alemanha concorda com indeniza\u00e7\u00e3o de fam\u00edlias de v\u00edtimas de olimp\u00edada - Jornal Fatos e Not\u00edcias<\/title>\n<meta name=\"robots\" content=\"index, follow, max-snippet:-1, max-image-preview:large, max-video-preview:-1\" \/>\n<link rel=\"canonical\" href=\"https:\/\/jornalfatosenoticias.com.br\/index.php\/2022\/09\/02\/alemanha-concorda-com-indenizacao-de-familias-de-vitimas-de-olimpiada\/\" \/>\n<meta property=\"og:locale\" content=\"pt_BR\" \/>\n<meta property=\"og:type\" content=\"article\" \/>\n<meta property=\"og:title\" content=\"Alemanha concorda com indeniza\u00e7\u00e3o de fam\u00edlias de v\u00edtimas de olimp\u00edada - Jornal Fatos e Not\u00edcias\" \/>\n<meta property=\"og:description\" content=\"Valor total \u00e9 de 28 milh\u00f5es de euros A Alemanha e as fam\u00edlias dos atletas israelenses assassinados nos Jogos Ol\u00edmpicos de Munique, em 1972, concordaram com uma oferta de compensa\u00e7\u00e3o totalizando 28 milh\u00f5es de euros, disse um porta-voz do Minist\u00e9rio do Interior nesta sexta-feira.No m\u00eas passado, as fam\u00edlias disseram que estavam descontentes com as \u00faltimas [&hellip;]\" \/>\n<meta property=\"og:url\" content=\"https:\/\/jornalfatosenoticias.com.br\/index.php\/2022\/09\/02\/alemanha-concorda-com-indenizacao-de-familias-de-vitimas-de-olimpiada\/\" \/>\n<meta property=\"og:site_name\" content=\"Jornal Fatos e Not\u00edcias\" \/>\n<meta property=\"article:published_time\" content=\"2022-09-02T14:56:27+00:00\" \/>\n<meta property=\"article:modified_time\" content=\"2022-09-02T14:56:28+00:00\" \/>\n<meta property=\"og:image\" content=\"https:\/\/jornalfatosenoticias.com.br\/wp-content\/uploads\/2022\/09\/alemanha.jpg\" \/>\n\t<meta property=\"og:image:width\" content=\"1000\" \/>\n\t<meta property=\"og:image:height\" content=\"598\" \/>\n\t<meta property=\"og:image:type\" content=\"image\/jpeg\" \/>\n<meta name=\"author\" content=\"Luzimara Fernandes\" \/>\n<meta name=\"twitter:card\" content=\"summary_large_image\" \/>\n<meta name=\"twitter:label1\" content=\"Escrito por\" \/>\n\t<meta name=\"twitter:data1\" content=\"Luzimara Fernandes\" \/>\n\t<meta name=\"twitter:label2\" content=\"Est. tempo de leitura\" \/>\n\t<meta name=\"twitter:data2\" content=\"1 minuto\" \/>\n<script type=\"application\/ld+json\" class=\"yoast-schema-graph\">{\"@context\":\"https:\/\/schema.org\",\"@graph\":[{\"@type\":\"Article\",\"@id\":\"https:\/\/jornalfatosenoticias.com.br\/index.php\/2022\/09\/02\/alemanha-concorda-com-indenizacao-de-familias-de-vitimas-de-olimpiada\/#article\",\"isPartOf\":{\"@id\":\"https:\/\/jornalfatosenoticias.com.br\/index.php\/2022\/09\/02\/alemanha-concorda-com-indenizacao-de-familias-de-vitimas-de-olimpiada\/\"},\"author\":{\"name\":\"Luzimara Fernandes\",\"@id\":\"https:\/\/jornalfatosenoticias.com.br\/#\/schema\/person\/d63837fa13ac8666eb9e74e0985d6f81\"},\"headline\":\"Alemanha concorda com indeniza\u00e7\u00e3o de fam\u00edlias de v\u00edtimas de olimp\u00edada\",\"datePublished\":\"2022-09-02T14:56:27+00:00\",\"dateModified\":\"2022-09-02T14:56:28+00:00\",\"mainEntityOfPage\":{\"@id\":\"https:\/\/jornalfatosenoticias.com.br\/index.php\/2022\/09\/02\/alemanha-concorda-com-indenizacao-de-familias-de-vitimas-de-olimpiada\/\"},\"wordCount\":183,\"commentCount\":0,\"publisher\":{\"@id\":\"https:\/\/jornalfatosenoticias.com.br\/#organization\"},\"image\":{\"@id\":\"https:\/\/jornalfatosenoticias.com.br\/index.php\/2022\/09\/02\/alemanha-concorda-com-indenizacao-de-familias-de-vitimas-de-olimpiada\/#primaryimage\"},\"thumbnailUrl\":\"https:\/\/jornalfatosenoticias.com.br\/wp-content\/uploads\/2022\/09\/alemanha.jpg\",\"keywords\":[\"Alemanha\",\"atentados\",\"fam\u00edlias\",\"indeniza\u00e7\u00e3o\",\"Munique\",\"Olimp\u00edada\"],\"articleSection\":[\"Internacional\"],\"inLanguage\":\"pt-BR\",\"potentialAction\":[{\"@type\":\"CommentAction\",\"name\":\"Comment\",\"target\":[\"https:\/\/jornalfatosenoticias.com.br\/index.php\/2022\/09\/02\/alemanha-concorda-com-indenizacao-de-familias-de-vitimas-de-olimpiada\/#respond\"]}]},{\"@type\":\"WebPage\",\"@id\":\"https:\/\/jornalfatosenoticias.com.br\/index.php\/2022\/09\/02\/alemanha-concorda-com-indenizacao-de-familias-de-vitimas-de-olimpiada\/\",\"url\":\"https:\/\/jornalfatosenoticias.com.br\/index.php\/2022\/09\/02\/alemanha-concorda-com-indenizacao-de-familias-de-vitimas-de-olimpiada\/\",\"name\":\"Alemanha concorda com indeniza\u00e7\u00e3o de fam\u00edlias de v\u00edtimas de olimp\u00edada - Jornal Fatos e Not\u00edcias\",\"isPartOf\":{\"@id\":\"https:\/\/jornalfatosenoticias.com.br\/#website\"},\"primaryImageOfPage\":{\"@id\":\"https:\/\/jornalfatosenoticias.com.br\/index.php\/2022\/09\/02\/alemanha-concorda-com-indenizacao-de-familias-de-vitimas-de-olimpiada\/#primaryimage\"},\"image\":{\"@id\":\"https:\/\/jornalfatosenoticias.com.br\/index.php\/2022\/09\/02\/alemanha-concorda-com-indenizacao-de-familias-de-vitimas-de-olimpiada\/#primaryimage\"},\"thumbnailUrl\":\"https:\/\/jornalfatosenoticias.com.br\/wp-content\/uploads\/2022\/09\/alemanha.jpg\",\"datePublished\":\"2022-09-02T14:56:27+00:00\",\"dateModified\":\"2022-09-02T14:56:28+00:00\",\"breadcrumb\":{\"@id\":\"https:\/\/jornalfatosenoticias.com.br\/index.php\/2022\/09\/02\/alemanha-concorda-com-indenizacao-de-familias-de-vitimas-de-olimpiada\/#breadcrumb\"},\"inLanguage\":\"pt-BR\",\"potentialAction\":[{\"@type\":\"ReadAction\",\"target\":[\"https:\/\/jornalfatosenoticias.com.br\/index.php\/2022\/09\/02\/alemanha-concorda-com-indenizacao-de-familias-de-vitimas-de-olimpiada\/\"]}]},{\"@type\":\"ImageObject\",\"inLanguage\":\"pt-BR\",\"@id\":\"https:\/\/jornalfatosenoticias.com.br\/index.php\/2022\/09\/02\/alemanha-concorda-com-indenizacao-de-familias-de-vitimas-de-olimpiada\/#primaryimage\",\"url\":\"https:\/\/jornalfatosenoticias.com.br\/wp-content\/uploads\/2022\/09\/alemanha.jpg\",\"contentUrl\":\"https:\/\/jornalfatosenoticias.com.br\/wp-content\/uploads\/2022\/09\/alemanha.jpg\",\"width\":1000,\"height\":598},{\"@type\":\"BreadcrumbList\",\"@id\":\"https:\/\/jornalfatosenoticias.com.br\/index.php\/2022\/09\/02\/alemanha-concorda-com-indenizacao-de-familias-de-vitimas-de-olimpiada\/#breadcrumb\",\"itemListElement\":[{\"@type\":\"ListItem\",\"position\":1,\"name\":\"In\u00edcio\",\"item\":\"https:\/\/jornalfatosenoticias.com.br\/\"},{\"@type\":\"ListItem\",\"position\":2,\"name\":\"Alemanha concorda com indeniza\u00e7\u00e3o de fam\u00edlias de v\u00edtimas de olimp\u00edada\"}]},{\"@type\":\"WebSite\",\"@id\":\"https:\/\/jornalfatosenoticias.com.br\/#website\",\"url\":\"https:\/\/jornalfatosenoticias.com.br\/\",\"name\":\"Jornal Fatos e Not\u00edcias\",\"description\":\"Not\u00edcias em geral\",\"publisher\":{\"@id\":\"https:\/\/jornalfatosenoticias.com.br\/#organization\"},\"potentialAction\":[{\"@type\":\"SearchAction\",\"target\":{\"@type\":\"EntryPoint\",\"urlTemplate\":\"https:\/\/jornalfatosenoticias.com.br\/?s={search_term_string}\"},\"query-input\":{\"@type\":\"PropertyValueSpecification\",\"valueRequired\":true,\"valueName\":\"search_term_string\"}}],\"inLanguage\":\"pt-BR\"},{\"@type\":\"Organization\",\"@id\":\"https:\/\/jornalfatosenoticias.com.br\/#organization\",\"name\":\"Jornal Fatos e Not\u00edcias\",\"url\":\"https:\/\/jornalfatosenoticias.com.br\/\",\"logo\":{\"@type\":\"ImageObject\",\"inLanguage\":\"pt-BR\",\"@id\":\"https:\/\/jornalfatosenoticias.com.br\/#\/schema\/logo\/image\/\",\"url\":\"https:\/\/jornalfatosenoticias.com.br\/wp-content\/uploads\/2020\/02\/logo120.png\",\"contentUrl\":\"https:\/\/jornalfatosenoticias.com.br\/wp-content\/uploads\/2020\/02\/logo120.png\",\"width\":1227,\"height\":120,\"caption\":\"Jornal Fatos e Not\u00edcias\"},\"image\":{\"@id\":\"https:\/\/jornalfatosenoticias.com.br\/#\/schema\/logo\/image\/\"}},{\"@type\":\"Person\",\"@id\":\"https:\/\/jornalfatosenoticias.com.br\/#\/schema\/person\/d63837fa13ac8666eb9e74e0985d6f81\",\"name\":\"Luzimara Fernandes\",\"image\":{\"@type\":\"ImageObject\",\"inLanguage\":\"pt-BR\",\"@id\":\"https:\/\/jornalfatosenoticias.com.br\/#\/schema\/person\/image\/\",\"url\":\"https:\/\/jornalfatosenoticias.com.br\/wp-content\/uploads\/2025\/05\/EU_portal.jpg\",\"contentUrl\":\"https:\/\/jornalfatosenoticias.com.br\/wp-content\/uploads\/2025\/05\/EU_portal.jpg\",\"caption\":\"Luzimara Fernandes\"},\"description\":\"Jornalista MTB 2358-ES\",\"sameAs\":[\"https:\/\/jornalfatosenoticias.com.br\"],\"url\":\"https:\/\/jornalfatosenoticias.com.br\/index.php\/author\/luzimara\/\"}]}<\/script>\n<!-- \/ Yoast SEO plugin. -->","yoast_head_json":{"title":"Alemanha concorda com indeniza\u00e7\u00e3o de fam\u00edlias de v\u00edtimas de olimp\u00edada - Jornal Fatos e Not\u00edcias","robots":{"index":"index","follow":"follow","max-snippet":"max-snippet:-1","max-image-preview":"max-image-preview:large","max-video-preview":"max-video-preview:-1"},"canonical":"https:\/\/jornalfatosenoticias.com.br\/index.php\/2022\/09\/02\/alemanha-concorda-com-indenizacao-de-familias-de-vitimas-de-olimpiada\/","og_locale":"pt_BR","og_type":"article","og_title":"Alemanha concorda com indeniza\u00e7\u00e3o de fam\u00edlias de v\u00edtimas de olimp\u00edada - Jornal Fatos e Not\u00edcias","og_description":"Valor total \u00e9 de 28 milh\u00f5es de euros A Alemanha e as fam\u00edlias dos atletas israelenses assassinados nos Jogos Ol\u00edmpicos de Munique, em 1972, concordaram com uma oferta de compensa\u00e7\u00e3o totalizando 28 milh\u00f5es de euros, disse um porta-voz do Minist\u00e9rio do Interior nesta sexta-feira.No m\u00eas passado, as fam\u00edlias disseram que estavam descontentes com as \u00faltimas [&hellip;]","og_url":"https:\/\/jornalfatosenoticias.com.br\/index.php\/2022\/09\/02\/alemanha-concorda-com-indenizacao-de-familias-de-vitimas-de-olimpiada\/","og_site_name":"Jornal Fatos e Not\u00edcias","article_published_time":"2022-09-02T14:56:27+00:00","article_modified_time":"2022-09-02T14:56:28+00:00","og_image":[{"width":1000,"height":598,"url":"https:\/\/jornalfatosenoticias.com.br\/wp-content\/uploads\/2022\/09\/alemanha.jpg","type":"image\/jpeg"}],"author":"Luzimara Fernandes","twitter_card":"summary_large_image","twitter_misc":{"Escrito por":"Luzimara Fernandes","Est. tempo de leitura":"1 minuto"},"schema":{"@context":"https:\/\/schema.org","@graph":[{"@type":"Article","@id":"https:\/\/jornalfatosenoticias.com.br\/index.php\/2022\/09\/02\/alemanha-concorda-com-indenizacao-de-familias-de-vitimas-de-olimpiada\/#article","isPartOf":{"@id":"https:\/\/jornalfatosenoticias.com.br\/index.php\/2022\/09\/02\/alemanha-concorda-com-indenizacao-de-familias-de-vitimas-de-olimpiada\/"},"author":{"name":"Luzimara Fernandes","@id":"https:\/\/jornalfatosenoticias.com.br\/#\/schema\/person\/d63837fa13ac8666eb9e74e0985d6f81"},"headline":"Alemanha concorda com indeniza\u00e7\u00e3o de fam\u00edlias de v\u00edtimas de olimp\u00edada","datePublished":"2022-09-02T14:56:27+00:00","dateModified":"2022-09-02T14:56:28+00:00","mainEntityOfPage":{"@id":"https:\/\/jornalfatosenoticias.com.br\/index.php\/2022\/09\/02\/alemanha-concorda-com-indenizacao-de-familias-de-vitimas-de-olimpiada\/"},"wordCount":183,"commentCount":0,"publisher":{"@id":"https:\/\/jornalfatosenoticias.com.br\/#organization"},"image":{"@id":"https:\/\/jornalfatosenoticias.com.br\/index.php\/2022\/09\/02\/alemanha-concorda-com-indenizacao-de-familias-de-vitimas-de-olimpiada\/#primaryimage"},"thumbnailUrl":"https:\/\/jornalfatosenoticias.com.br\/wp-content\/uploads\/2022\/09\/alemanha.jpg","keywords":["Alemanha","atentados","fam\u00edlias","indeniza\u00e7\u00e3o","Munique","Olimp\u00edada"],"articleSection":["Internacional"],"inLanguage":"pt-BR","potentialAction":[{"@type":"CommentAction","name":"Comment","target":["https:\/\/jornalfatosenoticias.com.br\/index.php\/2022\/09\/02\/alemanha-concorda-com-indenizacao-de-familias-de-vitimas-de-olimpiada\/#respond"]}]},{"@type":"WebPage","@id":"https:\/\/jornalfatosenoticias.com.br\/index.php\/2022\/09\/02\/alemanha-concorda-com-indenizacao-de-familias-de-vitimas-de-olimpiada\/","url":"https:\/\/jornalfatosenoticias.com.br\/index.php\/2022\/09\/02\/alemanha-concorda-com-indenizacao-de-familias-de-vitimas-de-olimpiada\/","name":"Alemanha concorda com indeniza\u00e7\u00e3o de fam\u00edlias de v\u00edtimas de olimp\u00edada - Jornal Fatos e Not\u00edcias","isPartOf":{"@id":"https:\/\/jornalfatosenoticias.com.br\/#website"},"primaryImageOfPage":{"@id":"https:\/\/jornalfatosenoticias.com.br\/index.php\/2022\/09\/02\/alemanha-concorda-com-indenizacao-de-familias-de-vitimas-de-olimpiada\/#primaryimage"},"image":{"@id":"https:\/\/jornalfatosenoticias.com.br\/index.php\/2022\/09\/02\/alemanha-concorda-com-indenizacao-de-familias-de-vitimas-de-olimpiada\/#primaryimage"},"thumbnailUrl":"https:\/\/jornalfatosenoticias.com.br\/wp-content\/uploads\/2022\/09\/alemanha.jpg","datePublished":"2022-09-02T14:56:27+00:00","dateModified":"2022-09-02T14:56:28+00:00","breadcrumb":{"@id":"https:\/\/jornalfatosenoticias.com.br\/index.php\/2022\/09\/02\/alemanha-concorda-com-indenizacao-de-familias-de-vitimas-de-olimpiada\/#breadcrumb"},"inLanguage":"pt-BR","potentialAction":[{"@type":"ReadAction","target":["https:\/\/jornalfatosenoticias.com.br\/index.php\/2022\/09\/02\/alemanha-concorda-com-indenizacao-de-familias-de-vitimas-de-olimpiada\/"]}]},{"@type":"ImageObject","inLanguage":"pt-BR","@id":"https:\/\/jornalfatosenoticias.com.br\/index.php\/2022\/09\/02\/alemanha-concorda-com-indenizacao-de-familias-de-vitimas-de-olimpiada\/#primaryimage","url":"https:\/\/jornalfatosenoticias.com.br\/wp-content\/uploads\/2022\/09\/alemanha.jpg","contentUrl":"https:\/\/jornalfatosenoticias.com.br\/wp-content\/uploads\/2022\/09\/alemanha.jpg","width":1000,"height":598},{"@type":"BreadcrumbList","@id":"https:\/\/jornalfatosenoticias.com.br\/index.php\/2022\/09\/02\/alemanha-concorda-com-indenizacao-de-familias-de-vitimas-de-olimpiada\/#breadcrumb","itemListElement":[{"@type":"ListItem","position":1,"name":"In\u00edcio","item":"https:\/\/jornalfatosenoticias.com.br\/"},{"@type":"ListItem","position":2,"name":"Alemanha concorda com indeniza\u00e7\u00e3o de fam\u00edlias de v\u00edtimas de olimp\u00edada"}]},{"@type":"WebSite","@id":"https:\/\/jornalfatosenoticias.com.br\/#website","url":"https:\/\/jornalfatosenoticias.com.br\/","name":"Jornal Fatos e Not\u00edcias","description":"Not\u00edcias em geral","publisher":{"@id":"https:\/\/jornalfatosenoticias.com.br\/#organization"},"potentialAction":[{"@type":"SearchAction","target":{"@type":"EntryPoint","urlTemplate":"https:\/\/jornalfatosenoticias.com.br\/?s={search_term_string}"},"query-input":{"@type":"PropertyValueSpecification","valueRequired":true,"valueName":"search_term_string"}}],"inLanguage":"pt-BR"},{"@type":"Organization","@id":"https:\/\/jornalfatosenoticias.com.br\/#organization","name":"Jornal Fatos e Not\u00edcias","url":"https:\/\/jornalfatosenoticias.com.br\/","logo":{"@type":"ImageObject","inLanguage":"pt-BR","@id":"https:\/\/jornalfatosenoticias.com.br\/#\/schema\/logo\/image\/","url":"https:\/\/jornalfatosenoticias.com.br\/wp-content\/uploads\/2020\/02\/logo120.png","contentUrl":"https:\/\/jornalfatosenoticias.com.br\/wp-content\/uploads\/2020\/02\/logo120.png","width":1227,"height":120,"caption":"Jornal Fatos e Not\u00edcias"},"image":{"@id":"https:\/\/jornalfatosenoticias.com.br\/#\/schema\/logo\/image\/"}},{"@type":"Person","@id":"https:\/\/jornalfatosenoticias.com.br\/#\/schema\/person\/d63837fa13ac8666eb9e74e0985d6f81","name":"Luzimara Fernandes","image":{"@type":"ImageObject","inLanguage":"pt-BR","@id":"https:\/\/jornalfatosenoticias.com.br\/#\/schema\/person\/image\/","url":"https:\/\/jornalfatosenoticias.com.br\/wp-content\/uploads\/2025\/05\/EU_portal.jpg","contentUrl":"https:\/\/jornalfatosenoticias.com.br\/wp-content\/uploads\/2025\/05\/EU_portal.jpg","caption":"Luzimara Fernandes"},"description":"Jornalista MTB 2358-ES","sameAs":["https:\/\/jornalfatosenoticias.com.br"],"url":"https:\/\/jornalfatosenoticias.com.br\/index.php\/author\/luzimara\/"}]}},"cc_featured_image_caption":{"caption_text":"(Foto: Reuters\/Michael Dalder\/Direitos Reservados)  ","source_text":"","source_url":""},"jetpack_featured_media_url":"https:\/\/jornalfatosenoticias.com.br\/wp-content\/uploads\/2022\/09\/alemanha.jpg","_links":{"self":[{"href":"https:\/\/jornalfatosenoticias.com.br\/index.php\/wp-json\/wp\/v2\/posts\/33805","targetHints":{"allow":["GET"]}}],"collection":[{"href":"https:\/\/jornalfatosenoticias.com.br\/index.php\/wp-json\/wp\/v2\/posts"}],"about":[{"href":"https:\/\/jornalfatosenoticias.com.br\/index.php\/wp-json\/wp\/v2\/types\/post"}],"author":[{"embeddable":true,"href":"https:\/\/jornalfatosenoticias.com.br\/index.php\/wp-json\/wp\/v2\/users\/2"}],"replies":[{"embeddable":true,"href":"https:\/\/jornalfatosenoticias.com.br\/index.php\/wp-json\/wp\/v2\/comments?post=33805"}],"version-history":[{"count":0,"href":"https:\/\/jornalfatosenoticias.com.br\/index.php\/wp-json\/wp\/v2\/posts\/33805\/revisions"}],"wp:featuredmedia":[{"embeddable":true,"href":"https:\/\/jornalfatosenoticias.com.br\/index.php\/wp-json\/wp\/v2\/media\/33806"}],"wp:attachment":[{"href":"https:\/\/jornalfatosenoticias.com.br\/index.php\/wp-json\/wp\/v2\/media?parent=33805"}],"wp:term":[{"taxonomy":"category","embeddable":true,"href":"https:\/\/jornalfatosenoticias.com.br\/index.php\/wp-json\/wp\/v2\/categories?post=33805"},{"taxonomy":"post_tag","embeddable":true,"href":"https:\/\/jornalfatosenoticias.com.br\/index.php\/wp-json\/wp\/v2\/tags?post=33805"}],"curies":[{"name":"wp","href":"https:\/\/api.w.org\/{rel}","templated":true}]}}