{"id":33808,"date":"2022-09-02T12:02:53","date_gmt":"2022-09-02T15:02:53","guid":{"rendered":"https:\/\/jornalfatosenoticias.com.br\/?p=33808"},"modified":"2022-09-02T12:02:57","modified_gmt":"2022-09-02T15:02:57","slug":"forca-nacional-vai-apoiar-a-funai-em-acoes-na-terra-indigena-apyterewa","status":"publish","type":"post","link":"https:\/\/jornalfatosenoticias.com.br\/index.php\/2022\/09\/02\/forca-nacional-vai-apoiar-a-funai-em-acoes-na-terra-indigena-apyterewa\/","title":{"rendered":"For\u00e7a Nacional vai apoiar a Funai em a\u00e7\u00f5es na Terra Ind\u00edgena Apyterewa"},"content":{"rendered":"\n<p><em><span class=\"has-inline-color has-black-color\">Localizada em S\u00e3o F\u00e9lix do Xingu, no Par\u00e1, ela abriga o Povo Parakan\u00e3<\/span><\/em><\/p>\n\n\n\n<div class=\"wp-block-image\"><figure class=\"aligncenter size-large\"><img loading=\"lazy\" decoding=\"async\" width=\"1024\" height=\"103\" src=\"https:\/\/jornalfatosenoticias.com.br\/wp-content\/uploads\/2022\/02\/Arte-Autoescola-Galatas_endereco_portal-1024x103.png\" alt=\"\" class=\"wp-image-27869\" srcset=\"https:\/\/jornalfatosenoticias.com.br\/wp-content\/uploads\/2022\/02\/Arte-Autoescola-Galatas_endereco_portal-1024x103.png 1024w, https:\/\/jornalfatosenoticias.com.br\/wp-content\/uploads\/2022\/02\/Arte-Autoescola-Galatas_endereco_portal-300x30.png 300w, https:\/\/jornalfatosenoticias.com.br\/wp-content\/uploads\/2022\/02\/Arte-Autoescola-Galatas_endereco_portal-768x77.png 768w, https:\/\/jornalfatosenoticias.com.br\/wp-content\/uploads\/2022\/02\/Arte-Autoescola-Galatas_endereco_portal.png 1223w\" sizes=\"auto, (max-width: 1024px) 100vw, 1024px\" \/><\/figure><\/div>\n\n\n\n<p>O Di\u00e1rio <em>Oficial da Uni\u00e3o<\/em>\u00a0publica, nesta sexta-feira (2),<a href=\"https:\/\/www.in.gov.br\/en\/web\/dou\/-\/portaria-mjsp-n-168-de-1-de-setembro-de-2022-426606052\" target=\"_blank\" rel=\"noreferrer noopener\">\u00a0<\/a><strong><a href=\"https:\/\/www.in.gov.br\/en\/web\/dou\/-\/portaria-mjsp-n-168-de-1-de-setembro-de-2022-426606052\" target=\"_blank\" rel=\"noreferrer noopener\">portaria do Minist\u00e9rio da Justi\u00e7a e Seguran\u00e7a P\u00fablica<\/a>,<\/strong> que autoriza o emprego da For\u00e7a Nacional em apoio da Funda\u00e7\u00e3o Nacional do \u00cdndio (Funai) na Terra Ind\u00edgena Apyterewa, no Par\u00e1.<br>Os militares v\u00e3o atuar nos servi\u00e7os de preserva\u00e7\u00e3o da ordem p\u00fablica e da seguran\u00e7a das pessoas e do patrim\u00f4nio, em car\u00e1ter epis\u00f3dico e planejado, por 90 dias, no per\u00edodo de 2 de setembro at\u00e9 30 de novembro de 2022.<\/p>\n\n\n\n<div class=\"wp-block-image\"><figure class=\"aligncenter size-large is-resized\"><img loading=\"lazy\" decoding=\"async\" src=\"https:\/\/jornalfatosenoticias.com.br\/wp-content\/uploads\/2022\/02\/Precisao-Contabilidade-1024x724.jpg\" alt=\"\" class=\"wp-image-28088\" width=\"272\" height=\"192\"\/><\/figure><\/div>\n\n\n\n<blockquote class=\"wp-block-quote is-layout-flow wp-block-quote-is-layout-flow\"><p><span class=\"has-inline-color has-luminous-vivid-orange-color\">\u201cO contingente a ser disponibilizado obedecer\u00e1 ao planejamento definido pela Diretoria da For\u00e7a Nacional de Seguran\u00e7a P\u00fablica, da Secretaria Nacional de Seguran\u00e7a P\u00fablica, do Minist\u00e9rio da Justi\u00e7a e Seguran\u00e7a P\u00fablica\u201d, diz ainda a portaria assinada pelo ministro Anderson Torres.<\/span><\/p><\/blockquote>\n\n\n\n<div class=\"wp-block-image\"><figure class=\"alignleft size-large is-resized\"><img loading=\"lazy\" decoding=\"async\" src=\"https:\/\/jornalfatosenoticias.com.br\/wp-content\/uploads\/2020\/02\/nova-logo-Marquetti.jpg\" alt=\"\" class=\"wp-image-22331\" width=\"292\" height=\"196\" srcset=\"https:\/\/jornalfatosenoticias.com.br\/wp-content\/uploads\/2020\/02\/nova-logo-Marquetti.jpg 643w, https:\/\/jornalfatosenoticias.com.br\/wp-content\/uploads\/2020\/02\/nova-logo-Marquetti-300x202.jpg 300w\" sizes=\"auto, (max-width: 292px) 100vw, 292px\" \/><\/figure><\/div>\n\n\n\n<p>A Terra Ind\u00edgena Apyterewa, situada no munic\u00edpio de S\u00e3o F\u00e9lix do Xingu, abriga o Povo Parakan\u00e3. A terra ind\u00edgena est\u00e1 homologada desde 2007, mas tem sido <strong><a href=\"https:\/\/agenciabrasil.ebc.com.br\/radioagencia-nacional\/direitos-humanos\/audio\/2022-05\/apos-mortes-forca-nacional-vai-atuar-em-terra-indigena-no-para\" target=\"_blank\" rel=\"noreferrer noopener\">alvo de invasores<\/a>.<\/strong> Este ano, duas decis\u00f5es do Supremo Tribunal Federal (STF) encerraram as pretens\u00f5es dos grileiros: em mar\u00e7o, a 2\u00aa turma do STF negou pedido da prefeitura de S\u00e3o F\u00e9lix do Xingu para anular a demarca\u00e7\u00e3o da reserva. Em abril, uma decis\u00e3o da presid\u00eancia do STF acolheu pedido da Procuradoria-Geral da Rep\u00fablica e proibiu, definitivamente, a perman\u00eancia de n\u00e3o ind\u00edgenas na terra ind\u00edgena.<\/p>\n\n\n\n<div class=\"wp-block-image\"><figure class=\"aligncenter size-large\"><img decoding=\"async\" src=\"https:\/\/jornalfatosenoticias.com.br\/wp-content\/uploads\/2020\/02\/CASA-DO-TORRESMO_PORTAL.jpg\" alt=\"\" class=\"wp-image-33487\"\/><\/figure><\/div>\n\n\n\n<p><strong><em>Fonte: <a href=\"https:\/\/agenciabrasil.ebc.com.br\/geral\/noticia\/2022-09\/forca-nacional-vai-apoiar-funai-em-acoes-na-terra-indigena-apyterewa\">Ag\u00eancia Brasil<\/a><\/em><\/strong><\/p>\n","protected":false},"excerpt":{"rendered":"<p>Localizada em S\u00e3o F\u00e9lix do Xingu, no Par\u00e1, ela abriga o Povo Parakan\u00e3 O Di\u00e1rio Oficial da Uni\u00e3o\u00a0publica, nesta sexta-feira (2),\u00a0portaria do Minist\u00e9rio da Justi\u00e7a e Seguran\u00e7a P\u00fablica, que autoriza o emprego da For\u00e7a Nacional em apoio da Funda\u00e7\u00e3o Nacional do \u00cdndio (Funai) na Terra Ind\u00edgena Apyterewa, no Par\u00e1.Os militares v\u00e3o atuar nos servi\u00e7os de [&hellip;]<\/p>\n","protected":false},"author":2,"featured_media":33809,"comment_status":"open","ping_status":"open","sticky":false,"template":"","format":"standard","meta":{"footnotes":""},"categories":[5],"tags":[5228,941,15882,15883],"class_list":["post-33808","post","type-post","status-publish","format-standard","has-post-thumbnail","hentry","category-geral","tag-forca-nacional","tag-funai","tag-mjsp","tag-terra-indigena-apyterewa"],"yoast_head":"<!-- This site is optimized with the Yoast SEO plugin v26.5 - https:\/\/yoast.com\/wordpress\/plugins\/seo\/ -->\n<title>For\u00e7a Nacional vai apoiar a Funai em a\u00e7\u00f5es na Terra Ind\u00edgena Apyterewa - Jornal Fatos e Not\u00edcias<\/title>\n<meta name=\"robots\" content=\"index, follow, max-snippet:-1, max-image-preview:large, max-video-preview:-1\" \/>\n<link rel=\"canonical\" href=\"https:\/\/jornalfatosenoticias.com.br\/index.php\/2022\/09\/02\/forca-nacional-vai-apoiar-a-funai-em-acoes-na-terra-indigena-apyterewa\/\" \/>\n<meta property=\"og:locale\" content=\"pt_BR\" \/>\n<meta property=\"og:type\" content=\"article\" \/>\n<meta property=\"og:title\" content=\"For\u00e7a Nacional vai apoiar a Funai em a\u00e7\u00f5es na Terra Ind\u00edgena Apyterewa - Jornal Fatos e Not\u00edcias\" \/>\n<meta property=\"og:description\" content=\"Localizada em S\u00e3o F\u00e9lix do Xingu, no Par\u00e1, ela abriga o Povo Parakan\u00e3 O Di\u00e1rio Oficial da Uni\u00e3o\u00a0publica, nesta sexta-feira (2),\u00a0portaria do Minist\u00e9rio da Justi\u00e7a e Seguran\u00e7a P\u00fablica, que autoriza o emprego da For\u00e7a Nacional em apoio da Funda\u00e7\u00e3o Nacional do \u00cdndio (Funai) na Terra Ind\u00edgena Apyterewa, no Par\u00e1.Os militares v\u00e3o atuar nos servi\u00e7os de [&hellip;]\" \/>\n<meta property=\"og:url\" content=\"https:\/\/jornalfatosenoticias.com.br\/index.php\/2022\/09\/02\/forca-nacional-vai-apoiar-a-funai-em-acoes-na-terra-indigena-apyterewa\/\" \/>\n<meta property=\"og:site_name\" content=\"Jornal Fatos e Not\u00edcias\" \/>\n<meta property=\"article:published_time\" content=\"2022-09-02T15:02:53+00:00\" \/>\n<meta property=\"article:modified_time\" content=\"2022-09-02T15:02:57+00:00\" \/>\n<meta property=\"og:image\" content=\"https:\/\/jornalfatosenoticias.com.br\/wp-content\/uploads\/2022\/09\/doacoes-forca-nacional_mcamgo_abr.jpg\" \/>\n\t<meta property=\"og:image:width\" content=\"1000\" \/>\n\t<meta property=\"og:image:height\" content=\"598\" \/>\n\t<meta property=\"og:image:type\" content=\"image\/jpeg\" \/>\n<meta name=\"author\" content=\"Luzimara Fernandes\" \/>\n<meta name=\"twitter:card\" content=\"summary_large_image\" \/>\n<meta name=\"twitter:label1\" content=\"Escrito por\" \/>\n\t<meta name=\"twitter:data1\" content=\"Luzimara Fernandes\" \/>\n\t<meta name=\"twitter:label2\" content=\"Est. tempo de leitura\" \/>\n\t<meta name=\"twitter:data2\" content=\"1 minuto\" \/>\n<script type=\"application\/ld+json\" class=\"yoast-schema-graph\">{\"@context\":\"https:\/\/schema.org\",\"@graph\":[{\"@type\":\"Article\",\"@id\":\"https:\/\/jornalfatosenoticias.com.br\/index.php\/2022\/09\/02\/forca-nacional-vai-apoiar-a-funai-em-acoes-na-terra-indigena-apyterewa\/#article\",\"isPartOf\":{\"@id\":\"https:\/\/jornalfatosenoticias.com.br\/index.php\/2022\/09\/02\/forca-nacional-vai-apoiar-a-funai-em-acoes-na-terra-indigena-apyterewa\/\"},\"author\":{\"name\":\"Luzimara Fernandes\",\"@id\":\"https:\/\/jornalfatosenoticias.com.br\/#\/schema\/person\/d63837fa13ac8666eb9e74e0985d6f81\"},\"headline\":\"For\u00e7a Nacional vai apoiar a Funai em a\u00e7\u00f5es na Terra Ind\u00edgena Apyterewa\",\"datePublished\":\"2022-09-02T15:02:53+00:00\",\"dateModified\":\"2022-09-02T15:02:57+00:00\",\"mainEntityOfPage\":{\"@id\":\"https:\/\/jornalfatosenoticias.com.br\/index.php\/2022\/09\/02\/forca-nacional-vai-apoiar-a-funai-em-acoes-na-terra-indigena-apyterewa\/\"},\"wordCount\":278,\"commentCount\":0,\"publisher\":{\"@id\":\"https:\/\/jornalfatosenoticias.com.br\/#organization\"},\"image\":{\"@id\":\"https:\/\/jornalfatosenoticias.com.br\/index.php\/2022\/09\/02\/forca-nacional-vai-apoiar-a-funai-em-acoes-na-terra-indigena-apyterewa\/#primaryimage\"},\"thumbnailUrl\":\"https:\/\/jornalfatosenoticias.com.br\/wp-content\/uploads\/2022\/09\/doacoes-forca-nacional_mcamgo_abr.jpg\",\"keywords\":[\"For\u00e7a Nacional\",\"Funai\",\"MJSP\",\"Terra Ind\u00edgena Apyterewa\"],\"articleSection\":[\"Geral\"],\"inLanguage\":\"pt-BR\",\"potentialAction\":[{\"@type\":\"CommentAction\",\"name\":\"Comment\",\"target\":[\"https:\/\/jornalfatosenoticias.com.br\/index.php\/2022\/09\/02\/forca-nacional-vai-apoiar-a-funai-em-acoes-na-terra-indigena-apyterewa\/#respond\"]}]},{\"@type\":\"WebPage\",\"@id\":\"https:\/\/jornalfatosenoticias.com.br\/index.php\/2022\/09\/02\/forca-nacional-vai-apoiar-a-funai-em-acoes-na-terra-indigena-apyterewa\/\",\"url\":\"https:\/\/jornalfatosenoticias.com.br\/index.php\/2022\/09\/02\/forca-nacional-vai-apoiar-a-funai-em-acoes-na-terra-indigena-apyterewa\/\",\"name\":\"For\u00e7a Nacional vai apoiar a Funai em a\u00e7\u00f5es na Terra Ind\u00edgena Apyterewa - Jornal Fatos e Not\u00edcias\",\"isPartOf\":{\"@id\":\"https:\/\/jornalfatosenoticias.com.br\/#website\"},\"primaryImageOfPage\":{\"@id\":\"https:\/\/jornalfatosenoticias.com.br\/index.php\/2022\/09\/02\/forca-nacional-vai-apoiar-a-funai-em-acoes-na-terra-indigena-apyterewa\/#primaryimage\"},\"image\":{\"@id\":\"https:\/\/jornalfatosenoticias.com.br\/index.php\/2022\/09\/02\/forca-nacional-vai-apoiar-a-funai-em-acoes-na-terra-indigena-apyterewa\/#primaryimage\"},\"thumbnailUrl\":\"https:\/\/jornalfatosenoticias.com.br\/wp-content\/uploads\/2022\/09\/doacoes-forca-nacional_mcamgo_abr.jpg\",\"datePublished\":\"2022-09-02T15:02:53+00:00\",\"dateModified\":\"2022-09-02T15:02:57+00:00\",\"breadcrumb\":{\"@id\":\"https:\/\/jornalfatosenoticias.com.br\/index.php\/2022\/09\/02\/forca-nacional-vai-apoiar-a-funai-em-acoes-na-terra-indigena-apyterewa\/#breadcrumb\"},\"inLanguage\":\"pt-BR\",\"potentialAction\":[{\"@type\":\"ReadAction\",\"target\":[\"https:\/\/jornalfatosenoticias.com.br\/index.php\/2022\/09\/02\/forca-nacional-vai-apoiar-a-funai-em-acoes-na-terra-indigena-apyterewa\/\"]}]},{\"@type\":\"ImageObject\",\"inLanguage\":\"pt-BR\",\"@id\":\"https:\/\/jornalfatosenoticias.com.br\/index.php\/2022\/09\/02\/forca-nacional-vai-apoiar-a-funai-em-acoes-na-terra-indigena-apyterewa\/#primaryimage\",\"url\":\"https:\/\/jornalfatosenoticias.com.br\/wp-content\/uploads\/2022\/09\/doacoes-forca-nacional_mcamgo_abr.jpg\",\"contentUrl\":\"https:\/\/jornalfatosenoticias.com.br\/wp-content\/uploads\/2022\/09\/doacoes-forca-nacional_mcamgo_abr.jpg\",\"width\":1000,\"height\":598,\"caption\":\"Cerim\u00f4nia de entrega de itens de seguran\u00e7a para 23 estados e o Distrito Federal. Os bens, que fazem parte do acervo da For\u00e7a Nacional de Seguran\u00e7a P\u00fablica.\"},{\"@type\":\"BreadcrumbList\",\"@id\":\"https:\/\/jornalfatosenoticias.com.br\/index.php\/2022\/09\/02\/forca-nacional-vai-apoiar-a-funai-em-acoes-na-terra-indigena-apyterewa\/#breadcrumb\",\"itemListElement\":[{\"@type\":\"ListItem\",\"position\":1,\"name\":\"In\u00edcio\",\"item\":\"https:\/\/jornalfatosenoticias.com.br\/\"},{\"@type\":\"ListItem\",\"position\":2,\"name\":\"For\u00e7a Nacional vai apoiar a Funai em a\u00e7\u00f5es na Terra Ind\u00edgena Apyterewa\"}]},{\"@type\":\"WebSite\",\"@id\":\"https:\/\/jornalfatosenoticias.com.br\/#website\",\"url\":\"https:\/\/jornalfatosenoticias.com.br\/\",\"name\":\"Jornal Fatos e Not\u00edcias\",\"description\":\"Not\u00edcias em geral\",\"publisher\":{\"@id\":\"https:\/\/jornalfatosenoticias.com.br\/#organization\"},\"potentialAction\":[{\"@type\":\"SearchAction\",\"target\":{\"@type\":\"EntryPoint\",\"urlTemplate\":\"https:\/\/jornalfatosenoticias.com.br\/?s={search_term_string}\"},\"query-input\":{\"@type\":\"PropertyValueSpecification\",\"valueRequired\":true,\"valueName\":\"search_term_string\"}}],\"inLanguage\":\"pt-BR\"},{\"@type\":\"Organization\",\"@id\":\"https:\/\/jornalfatosenoticias.com.br\/#organization\",\"name\":\"Jornal Fatos e Not\u00edcias\",\"url\":\"https:\/\/jornalfatosenoticias.com.br\/\",\"logo\":{\"@type\":\"ImageObject\",\"inLanguage\":\"pt-BR\",\"@id\":\"https:\/\/jornalfatosenoticias.com.br\/#\/schema\/logo\/image\/\",\"url\":\"https:\/\/jornalfatosenoticias.com.br\/wp-content\/uploads\/2020\/02\/logo120.png\",\"contentUrl\":\"https:\/\/jornalfatosenoticias.com.br\/wp-content\/uploads\/2020\/02\/logo120.png\",\"width\":1227,\"height\":120,\"caption\":\"Jornal Fatos e Not\u00edcias\"},\"image\":{\"@id\":\"https:\/\/jornalfatosenoticias.com.br\/#\/schema\/logo\/image\/\"}},{\"@type\":\"Person\",\"@id\":\"https:\/\/jornalfatosenoticias.com.br\/#\/schema\/person\/d63837fa13ac8666eb9e74e0985d6f81\",\"name\":\"Luzimara Fernandes\",\"image\":{\"@type\":\"ImageObject\",\"inLanguage\":\"pt-BR\",\"@id\":\"https:\/\/jornalfatosenoticias.com.br\/#\/schema\/person\/image\/\",\"url\":\"https:\/\/jornalfatosenoticias.com.br\/wp-content\/uploads\/2025\/05\/EU_portal.jpg\",\"contentUrl\":\"https:\/\/jornalfatosenoticias.com.br\/wp-content\/uploads\/2025\/05\/EU_portal.jpg\",\"caption\":\"Luzimara Fernandes\"},\"description\":\"Jornalista MTB 2358-ES\",\"sameAs\":[\"https:\/\/jornalfatosenoticias.com.br\"],\"url\":\"https:\/\/jornalfatosenoticias.com.br\/index.php\/author\/luzimara\/\"}]}<\/script>\n<!-- \/ Yoast SEO plugin. -->","yoast_head_json":{"title":"For\u00e7a Nacional vai apoiar a Funai em a\u00e7\u00f5es na Terra Ind\u00edgena Apyterewa - Jornal Fatos e Not\u00edcias","robots":{"index":"index","follow":"follow","max-snippet":"max-snippet:-1","max-image-preview":"max-image-preview:large","max-video-preview":"max-video-preview:-1"},"canonical":"https:\/\/jornalfatosenoticias.com.br\/index.php\/2022\/09\/02\/forca-nacional-vai-apoiar-a-funai-em-acoes-na-terra-indigena-apyterewa\/","og_locale":"pt_BR","og_type":"article","og_title":"For\u00e7a Nacional vai apoiar a Funai em a\u00e7\u00f5es na Terra Ind\u00edgena Apyterewa - Jornal Fatos e Not\u00edcias","og_description":"Localizada em S\u00e3o F\u00e9lix do Xingu, no Par\u00e1, ela abriga o Povo Parakan\u00e3 O Di\u00e1rio Oficial da Uni\u00e3o\u00a0publica, nesta sexta-feira (2),\u00a0portaria do Minist\u00e9rio da Justi\u00e7a e Seguran\u00e7a P\u00fablica, que autoriza o emprego da For\u00e7a Nacional em apoio da Funda\u00e7\u00e3o Nacional do \u00cdndio (Funai) na Terra Ind\u00edgena Apyterewa, no Par\u00e1.Os militares v\u00e3o atuar nos servi\u00e7os de [&hellip;]","og_url":"https:\/\/jornalfatosenoticias.com.br\/index.php\/2022\/09\/02\/forca-nacional-vai-apoiar-a-funai-em-acoes-na-terra-indigena-apyterewa\/","og_site_name":"Jornal Fatos e Not\u00edcias","article_published_time":"2022-09-02T15:02:53+00:00","article_modified_time":"2022-09-02T15:02:57+00:00","og_image":[{"width":1000,"height":598,"url":"https:\/\/jornalfatosenoticias.com.br\/wp-content\/uploads\/2022\/09\/doacoes-forca-nacional_mcamgo_abr.jpg","type":"image\/jpeg"}],"author":"Luzimara Fernandes","twitter_card":"summary_large_image","twitter_misc":{"Escrito por":"Luzimara Fernandes","Est. tempo de leitura":"1 minuto"},"schema":{"@context":"https:\/\/schema.org","@graph":[{"@type":"Article","@id":"https:\/\/jornalfatosenoticias.com.br\/index.php\/2022\/09\/02\/forca-nacional-vai-apoiar-a-funai-em-acoes-na-terra-indigena-apyterewa\/#article","isPartOf":{"@id":"https:\/\/jornalfatosenoticias.com.br\/index.php\/2022\/09\/02\/forca-nacional-vai-apoiar-a-funai-em-acoes-na-terra-indigena-apyterewa\/"},"author":{"name":"Luzimara Fernandes","@id":"https:\/\/jornalfatosenoticias.com.br\/#\/schema\/person\/d63837fa13ac8666eb9e74e0985d6f81"},"headline":"For\u00e7a Nacional vai apoiar a Funai em a\u00e7\u00f5es na Terra Ind\u00edgena Apyterewa","datePublished":"2022-09-02T15:02:53+00:00","dateModified":"2022-09-02T15:02:57+00:00","mainEntityOfPage":{"@id":"https:\/\/jornalfatosenoticias.com.br\/index.php\/2022\/09\/02\/forca-nacional-vai-apoiar-a-funai-em-acoes-na-terra-indigena-apyterewa\/"},"wordCount":278,"commentCount":0,"publisher":{"@id":"https:\/\/jornalfatosenoticias.com.br\/#organization"},"image":{"@id":"https:\/\/jornalfatosenoticias.com.br\/index.php\/2022\/09\/02\/forca-nacional-vai-apoiar-a-funai-em-acoes-na-terra-indigena-apyterewa\/#primaryimage"},"thumbnailUrl":"https:\/\/jornalfatosenoticias.com.br\/wp-content\/uploads\/2022\/09\/doacoes-forca-nacional_mcamgo_abr.jpg","keywords":["For\u00e7a Nacional","Funai","MJSP","Terra Ind\u00edgena Apyterewa"],"articleSection":["Geral"],"inLanguage":"pt-BR","potentialAction":[{"@type":"CommentAction","name":"Comment","target":["https:\/\/jornalfatosenoticias.com.br\/index.php\/2022\/09\/02\/forca-nacional-vai-apoiar-a-funai-em-acoes-na-terra-indigena-apyterewa\/#respond"]}]},{"@type":"WebPage","@id":"https:\/\/jornalfatosenoticias.com.br\/index.php\/2022\/09\/02\/forca-nacional-vai-apoiar-a-funai-em-acoes-na-terra-indigena-apyterewa\/","url":"https:\/\/jornalfatosenoticias.com.br\/index.php\/2022\/09\/02\/forca-nacional-vai-apoiar-a-funai-em-acoes-na-terra-indigena-apyterewa\/","name":"For\u00e7a Nacional vai apoiar a Funai em a\u00e7\u00f5es na Terra Ind\u00edgena Apyterewa - Jornal Fatos e Not\u00edcias","isPartOf":{"@id":"https:\/\/jornalfatosenoticias.com.br\/#website"},"primaryImageOfPage":{"@id":"https:\/\/jornalfatosenoticias.com.br\/index.php\/2022\/09\/02\/forca-nacional-vai-apoiar-a-funai-em-acoes-na-terra-indigena-apyterewa\/#primaryimage"},"image":{"@id":"https:\/\/jornalfatosenoticias.com.br\/index.php\/2022\/09\/02\/forca-nacional-vai-apoiar-a-funai-em-acoes-na-terra-indigena-apyterewa\/#primaryimage"},"thumbnailUrl":"https:\/\/jornalfatosenoticias.com.br\/wp-content\/uploads\/2022\/09\/doacoes-forca-nacional_mcamgo_abr.jpg","datePublished":"2022-09-02T15:02:53+00:00","dateModified":"2022-09-02T15:02:57+00:00","breadcrumb":{"@id":"https:\/\/jornalfatosenoticias.com.br\/index.php\/2022\/09\/02\/forca-nacional-vai-apoiar-a-funai-em-acoes-na-terra-indigena-apyterewa\/#breadcrumb"},"inLanguage":"pt-BR","potentialAction":[{"@type":"ReadAction","target":["https:\/\/jornalfatosenoticias.com.br\/index.php\/2022\/09\/02\/forca-nacional-vai-apoiar-a-funai-em-acoes-na-terra-indigena-apyterewa\/"]}]},{"@type":"ImageObject","inLanguage":"pt-BR","@id":"https:\/\/jornalfatosenoticias.com.br\/index.php\/2022\/09\/02\/forca-nacional-vai-apoiar-a-funai-em-acoes-na-terra-indigena-apyterewa\/#primaryimage","url":"https:\/\/jornalfatosenoticias.com.br\/wp-content\/uploads\/2022\/09\/doacoes-forca-nacional_mcamgo_abr.jpg","contentUrl":"https:\/\/jornalfatosenoticias.com.br\/wp-content\/uploads\/2022\/09\/doacoes-forca-nacional_mcamgo_abr.jpg","width":1000,"height":598,"caption":"Cerim\u00f4nia de entrega de itens de seguran\u00e7a para 23 estados e o Distrito Federal. Os bens, que fazem parte do acervo da For\u00e7a Nacional de Seguran\u00e7a P\u00fablica."},{"@type":"BreadcrumbList","@id":"https:\/\/jornalfatosenoticias.com.br\/index.php\/2022\/09\/02\/forca-nacional-vai-apoiar-a-funai-em-acoes-na-terra-indigena-apyterewa\/#breadcrumb","itemListElement":[{"@type":"ListItem","position":1,"name":"In\u00edcio","item":"https:\/\/jornalfatosenoticias.com.br\/"},{"@type":"ListItem","position":2,"name":"For\u00e7a Nacional vai apoiar a Funai em a\u00e7\u00f5es na Terra Ind\u00edgena Apyterewa"}]},{"@type":"WebSite","@id":"https:\/\/jornalfatosenoticias.com.br\/#website","url":"https:\/\/jornalfatosenoticias.com.br\/","name":"Jornal Fatos e Not\u00edcias","description":"Not\u00edcias em geral","publisher":{"@id":"https:\/\/jornalfatosenoticias.com.br\/#organization"},"potentialAction":[{"@type":"SearchAction","target":{"@type":"EntryPoint","urlTemplate":"https:\/\/jornalfatosenoticias.com.br\/?s={search_term_string}"},"query-input":{"@type":"PropertyValueSpecification","valueRequired":true,"valueName":"search_term_string"}}],"inLanguage":"pt-BR"},{"@type":"Organization","@id":"https:\/\/jornalfatosenoticias.com.br\/#organization","name":"Jornal Fatos e Not\u00edcias","url":"https:\/\/jornalfatosenoticias.com.br\/","logo":{"@type":"ImageObject","inLanguage":"pt-BR","@id":"https:\/\/jornalfatosenoticias.com.br\/#\/schema\/logo\/image\/","url":"https:\/\/jornalfatosenoticias.com.br\/wp-content\/uploads\/2020\/02\/logo120.png","contentUrl":"https:\/\/jornalfatosenoticias.com.br\/wp-content\/uploads\/2020\/02\/logo120.png","width":1227,"height":120,"caption":"Jornal Fatos e Not\u00edcias"},"image":{"@id":"https:\/\/jornalfatosenoticias.com.br\/#\/schema\/logo\/image\/"}},{"@type":"Person","@id":"https:\/\/jornalfatosenoticias.com.br\/#\/schema\/person\/d63837fa13ac8666eb9e74e0985d6f81","name":"Luzimara Fernandes","image":{"@type":"ImageObject","inLanguage":"pt-BR","@id":"https:\/\/jornalfatosenoticias.com.br\/#\/schema\/person\/image\/","url":"https:\/\/jornalfatosenoticias.com.br\/wp-content\/uploads\/2025\/05\/EU_portal.jpg","contentUrl":"https:\/\/jornalfatosenoticias.com.br\/wp-content\/uploads\/2025\/05\/EU_portal.jpg","caption":"Luzimara Fernandes"},"description":"Jornalista MTB 2358-ES","sameAs":["https:\/\/jornalfatosenoticias.com.br"],"url":"https:\/\/jornalfatosenoticias.com.br\/index.php\/author\/luzimara\/"}]}},"cc_featured_image_caption":{"caption_text":"(Foto: Marcelo Camargo\/Ag\u00eancia Brasil) ","source_text":"","source_url":""},"jetpack_featured_media_url":"https:\/\/jornalfatosenoticias.com.br\/wp-content\/uploads\/2022\/09\/doacoes-forca-nacional_mcamgo_abr.jpg","_links":{"self":[{"href":"https:\/\/jornalfatosenoticias.com.br\/index.php\/wp-json\/wp\/v2\/posts\/33808","targetHints":{"allow":["GET"]}}],"collection":[{"href":"https:\/\/jornalfatosenoticias.com.br\/index.php\/wp-json\/wp\/v2\/posts"}],"about":[{"href":"https:\/\/jornalfatosenoticias.com.br\/index.php\/wp-json\/wp\/v2\/types\/post"}],"author":[{"embeddable":true,"href":"https:\/\/jornalfatosenoticias.com.br\/index.php\/wp-json\/wp\/v2\/users\/2"}],"replies":[{"embeddable":true,"href":"https:\/\/jornalfatosenoticias.com.br\/index.php\/wp-json\/wp\/v2\/comments?post=33808"}],"version-history":[{"count":0,"href":"https:\/\/jornalfatosenoticias.com.br\/index.php\/wp-json\/wp\/v2\/posts\/33808\/revisions"}],"wp:featuredmedia":[{"embeddable":true,"href":"https:\/\/jornalfatosenoticias.com.br\/index.php\/wp-json\/wp\/v2\/media\/33809"}],"wp:attachment":[{"href":"https:\/\/jornalfatosenoticias.com.br\/index.php\/wp-json\/wp\/v2\/media?parent=33808"}],"wp:term":[{"taxonomy":"category","embeddable":true,"href":"https:\/\/jornalfatosenoticias.com.br\/index.php\/wp-json\/wp\/v2\/categories?post=33808"},{"taxonomy":"post_tag","embeddable":true,"href":"https:\/\/jornalfatosenoticias.com.br\/index.php\/wp-json\/wp\/v2\/tags?post=33808"}],"curies":[{"name":"wp","href":"https:\/\/api.w.org\/{rel}","templated":true}]}}