{"id":33818,"date":"2022-09-02T12:39:33","date_gmt":"2022-09-02T15:39:33","guid":{"rendered":"https:\/\/jornalfatosenoticias.com.br\/?p=33818"},"modified":"2022-09-02T14:48:08","modified_gmt":"2022-09-02T17:48:08","slug":"plataforma-flutuante-gera-energia-com-movimento-das-ondas","status":"publish","type":"post","link":"https:\/\/jornalfatosenoticias.com.br\/index.php\/2022\/09\/02\/plataforma-flutuante-gera-energia-com-movimento-das-ondas\/","title":{"rendered":"Plataforma flutuante gera energia com movimento das ondas"},"content":{"rendered":"\n<p><em><span class=\"has-inline-color has-black-color\">Produzida com pl\u00e1stico recicl\u00e1vel, estrutura promete ser eficiente e impactar minimamente a vida marinha<\/span><\/em><\/p>\n\n\n\n<div class=\"wp-block-image\"><figure class=\"aligncenter size-large\"><img loading=\"lazy\" decoding=\"async\" width=\"729\" height=\"90\" src=\"https:\/\/jornalfatosenoticias.com.br\/wp-content\/uploads\/2020\/02\/Logo_Mizu.png\" alt=\"\" class=\"wp-image-1441\" srcset=\"https:\/\/jornalfatosenoticias.com.br\/wp-content\/uploads\/2020\/02\/Logo_Mizu.png 729w, https:\/\/jornalfatosenoticias.com.br\/wp-content\/uploads\/2020\/02\/Logo_Mizu-300x37.png 300w\" sizes=\"auto, (max-width: 729px) 100vw, 729px\" \/><\/figure><\/div>\n\n\n\n<p>A produ\u00e7\u00e3o de energia limpa \u00e9 um dos desafios mais urgentes na constru\u00e7\u00e3o de um futuro mais sustent\u00e1vel e muitas tecnologias e pesquisas est\u00e3o se desenvolvendo para substituir o uso de combust\u00edveis f\u00f3sseis. As energias solar e e\u00f3lica ganham cada vez mais espa\u00e7o e, em cidades litor\u00e2neas, a for\u00e7a das ondas tamb\u00e9m est\u00e1 sendo usada para gerar eletricidade.<br>\u00c9 o caso de uma empresa brit\u00e2nica chamada SWEL, sigla para Sea Wave Energy Limited, que desenvolveu um projeto-piloto que converte a energia das ondas em eletricidade, a plataforma ganhou o nome de Waveline Magnet.<\/p>\n\n\n\n<div class=\"wp-block-image\"><figure class=\"alignright size-large\"><img loading=\"lazy\" decoding=\"async\" width=\"300\" height=\"250\" src=\"https:\/\/jornalfatosenoticias.com.br\/wp-content\/uploads\/2022\/08\/arte-Casarao.jpg\" alt=\"\" class=\"wp-image-33178\"\/><\/figure><\/div>\n\n\n\n<p>O equipamento \u00e9 uma plataforma flutuante composta de v\u00e1rias partes em um sistema interligado por uma coluna. Projetada para ser leve e modular, a estrutura \u00e9, ao mesmo tempo, robusta para sobreviver a qualquer ambiente aqu\u00e1tico, at\u00e9 mesmo oceanos com ondas fortes.<br>O design \u00e9 bastante simples e tamb\u00e9m deve ser facilmente reparado e mantido. \u00c9 feito de materiais recicl\u00e1veis, como pl\u00e1stico refor\u00e7ado, o que realmente contribui para a sustentabilidade do dispositivo. Uma \u00fanica plataforma pode produzir 100 MW de energia, de acordo com os testes iniciais. O equipamento j\u00e1 foi testado em ambientes controlados e \u00e1guas abertas e, de acordo com a mar\u00e9 e a for\u00e7a das ondas, a gera\u00e7\u00e3o de eletricidade pode aumentar.<\/p>\n\n\n\n<div class=\"wp-block-image\"><figure class=\"aligncenter size-large is-resized\"><img loading=\"lazy\" decoding=\"async\" src=\"https:\/\/jornalfatosenoticias.com.br\/wp-content\/uploads\/2020\/02\/Serra-Grande-1024x160.png\" alt=\"\" class=\"wp-image-7836\" width=\"523\" height=\"81\"\/><\/figure><\/div>\n\n\n\n<p><strong><span class=\"has-inline-color has-black-color\">Como funciona?<br><\/span><\/strong>As ondas movimentam as boias, criando um movimento em cada uma das partes, que est\u00e1 presa a uma coluna central por bra\u00e7os de alavancas. A movimenta\u00e7\u00e3o dos flutuadores aciona as alavancas que est\u00e3o ligadas \u00e0 uma coluna relativamente fixa e os movimentos verticais acionam geradores individuais, ligados a cada uma das boias.<br>Quando uma onda atinge o Waveline Magnet, o sistema obt\u00e9m uma leitura do tamanho e da velocidade da onda, permitindo ajustar a extra\u00e7\u00e3o de energia em cada gerador \u00e0 medida que a onda se move pela linha. <\/p>\n\n\n\n<div class=\"wp-block-image\"><figure class=\"aligncenter size-large\"><img decoding=\"async\" src=\"https:\/\/jornalfatosenoticias.com.br\/wp-content\/uploads\/2020\/02\/CASA-DO-TORRESMO_PORTAL.jpg\" alt=\"\" class=\"wp-image-33487\"\/><\/figure><\/div>\n\n\n\n<blockquote class=\"wp-block-quote is-layout-flow wp-block-quote-is-layout-flow\"><p><span class=\"has-inline-color has-luminous-vivid-orange-color\">Com isso, a SWEL garante que a m\u00e1quina pode funcionar em \u201ctodas as alturas de onda\u201d e que \u201ccondi\u00e7\u00f5es de ondas severas n\u00e3o afetam negativamente o desempenho do dispositivo, mas, em contraste, o melhoram, sem complica\u00e7\u00f5es de sobreviv\u00eancia\u201d.<\/span><\/p><\/blockquote>\n\n\n\n<div class=\"wp-block-image\"><figure class=\"aligncenter size-large is-resized\"><img loading=\"lazy\" decoding=\"async\" src=\"https:\/\/jornalfatosenoticias.com.br\/wp-content\/uploads\/2022\/09\/Logo-Zucchi-1024x1024.jpg\" alt=\"\" class=\"wp-image-33778\" width=\"360\" height=\"360\"\/><\/figure><\/div>\n\n\n\n<figure class=\"wp-block-image size-large\"><img loading=\"lazy\" decoding=\"async\" width=\"1000\" height=\"584\" src=\"https:\/\/jornalfatosenoticias.com.br\/wp-content\/uploads\/2022\/09\/plataforma-flutuante2.jpg\" alt=\"\" class=\"wp-image-33819\" srcset=\"https:\/\/jornalfatosenoticias.com.br\/wp-content\/uploads\/2022\/09\/plataforma-flutuante2.jpg 1000w, https:\/\/jornalfatosenoticias.com.br\/wp-content\/uploads\/2022\/09\/plataforma-flutuante2-300x175.jpg 300w, https:\/\/jornalfatosenoticias.com.br\/wp-content\/uploads\/2022\/09\/plataforma-flutuante2-768x449.jpg 768w\" sizes=\"auto, (max-width: 1000px) 100vw, 1000px\" \/><figcaption><em><span class=\"has-inline-color has-black-color\">(Foto: Sea Wave Energy Limited (SWEL))<\/span><\/em><\/figcaption><\/figure>\n\n\n\n<p>A energia cont\u00ednua gerada pelo equipamento pode ser enviada de volta \u00e0 costa via cabo ou usada diretamente por consumidores de energia offshore.<\/p>\n\n\n\n<div class=\"wp-block-image\"><figure class=\"aligncenter size-large\"><img loading=\"lazy\" decoding=\"async\" width=\"1024\" height=\"100\" src=\"https:\/\/jornalfatosenoticias.com.br\/wp-content\/uploads\/2020\/02\/banner_ferramentas-1024x100.jpg\" alt=\"\" class=\"wp-image-1258\" srcset=\"https:\/\/jornalfatosenoticias.com.br\/wp-content\/uploads\/2020\/02\/banner_ferramentas-1024x100.jpg 1024w, https:\/\/jornalfatosenoticias.com.br\/wp-content\/uploads\/2020\/02\/banner_ferramentas-300x29.jpg 300w, https:\/\/jornalfatosenoticias.com.br\/wp-content\/uploads\/2020\/02\/banner_ferramentas-768x75.jpg 768w, https:\/\/jornalfatosenoticias.com.br\/wp-content\/uploads\/2020\/02\/banner_ferramentas.jpg 1227w\" sizes=\"auto, (max-width: 1024px) 100vw, 1024px\" \/><\/figure><\/div>\n\n\n\n<div class=\"wp-block-image\"><figure class=\"alignleft size-large\"><img loading=\"lazy\" decoding=\"async\" width=\"300\" height=\"237\" src=\"https:\/\/jornalfatosenoticias.com.br\/wp-content\/uploads\/2020\/02\/SEVENTUR-TURISMO.jpg\" alt=\"\" class=\"wp-image-32994\"\/><\/figure><\/div>\n\n\n\n<p><strong><span class=\"has-inline-color has-black-color\">Pr\u00f3ximos passos<br><\/span><\/strong>Para chegar at\u00e9 esta plataforma, foram mais de 10 aos de pesquisa e testes. O resultado \u00e9 um produto que pode gerar energia a um \u201ccusto ultra baixo\u201d, segundo a empresa. A SWEL afirma que ainda est\u00e1 reunindo os resultados, com informa\u00e7\u00f5es de \u201cdesempenho e proje\u00e7\u00f5es de escala, modelagem num\u00e9rica e t\u00e9cnico-financeira, estudos de viabilidade e n\u00edvel de desempenho da tecnologia\u201d ainda a serem divulgadas.<br>Para que as plataformas sejam produzidas em grande escala, s\u00e3o necess\u00e1rios mais testes, al\u00e9m de empresas e consumidores que queiram experimentar essa tecnologia sustent\u00e1vel.<\/p>\n\n\n\n<div class=\"wp-block-image\"><figure class=\"aligncenter size-large is-resized\"><img loading=\"lazy\" decoding=\"async\" src=\"https:\/\/jornalfatosenoticias.com.br\/wp-content\/uploads\/2020\/02\/Suinco-1024x389.jpg\" alt=\"\" class=\"wp-image-28883\" width=\"369\" height=\"140\" srcset=\"https:\/\/jornalfatosenoticias.com.br\/wp-content\/uploads\/2020\/02\/Suinco-1024x389.jpg 1024w, https:\/\/jornalfatosenoticias.com.br\/wp-content\/uploads\/2020\/02\/Suinco-300x114.jpg 300w, https:\/\/jornalfatosenoticias.com.br\/wp-content\/uploads\/2020\/02\/Suinco-768x292.jpg 768w, https:\/\/jornalfatosenoticias.com.br\/wp-content\/uploads\/2020\/02\/Suinco.jpg 1220w\" sizes=\"auto, (max-width: 369px) 100vw, 369px\" \/><\/figure><\/div>\n\n\n\n<p><strong><em>Fonte: <a href=\"https:\/\/ciclovivo.com.br\/planeta\/energia\/plataforma-flutuante-gera-energia-com-movimento-das-ondas\/\">CicloVivo<\/a><\/em><\/strong><\/p>\n","protected":false},"excerpt":{"rendered":"<p>Produzida com pl\u00e1stico recicl\u00e1vel, estrutura promete ser eficiente e impactar minimamente a vida marinha A produ\u00e7\u00e3o de energia limpa \u00e9 um dos desafios mais urgentes na constru\u00e7\u00e3o de um futuro mais sustent\u00e1vel e muitas tecnologias e pesquisas est\u00e3o se desenvolvendo para substituir o uso de combust\u00edveis f\u00f3sseis. As energias solar e e\u00f3lica ganham cada vez [&hellip;]<\/p>\n","protected":false},"author":2,"featured_media":33820,"comment_status":"open","ping_status":"open","sticky":false,"template":"","format":"standard","meta":{"footnotes":""},"categories":[3],"tags":[15885,1094,2938,15888,15887,15886],"class_list":["post-33818","post","type-post","status-publish","format-standard","has-post-thumbnail","hentry","category-tecnologia","tag-energia-a-partir-das-ondas","tag-energia-limpa","tag-energia-renovavel","tag-movimento-das-ondas","tag-plataforma-flutuante","tag-sea-wave-energy-limited"],"yoast_head":"<!-- This site is optimized with the Yoast SEO plugin v26.5 - https:\/\/yoast.com\/wordpress\/plugins\/seo\/ -->\n<title>Plataforma flutuante gera energia com movimento das ondas - Jornal Fatos e Not\u00edcias<\/title>\n<meta name=\"robots\" content=\"index, follow, max-snippet:-1, max-image-preview:large, max-video-preview:-1\" \/>\n<link rel=\"canonical\" href=\"https:\/\/jornalfatosenoticias.com.br\/index.php\/2022\/09\/02\/plataforma-flutuante-gera-energia-com-movimento-das-ondas\/\" \/>\n<meta property=\"og:locale\" content=\"pt_BR\" \/>\n<meta property=\"og:type\" content=\"article\" \/>\n<meta property=\"og:title\" content=\"Plataforma flutuante gera energia com movimento das ondas - Jornal Fatos e Not\u00edcias\" \/>\n<meta property=\"og:description\" content=\"Produzida com pl\u00e1stico recicl\u00e1vel, estrutura promete ser eficiente e impactar minimamente a vida marinha A produ\u00e7\u00e3o de energia limpa \u00e9 um dos desafios mais urgentes na constru\u00e7\u00e3o de um futuro mais sustent\u00e1vel e muitas tecnologias e pesquisas est\u00e3o se desenvolvendo para substituir o uso de combust\u00edveis f\u00f3sseis. As energias solar e e\u00f3lica ganham cada vez [&hellip;]\" \/>\n<meta property=\"og:url\" content=\"https:\/\/jornalfatosenoticias.com.br\/index.php\/2022\/09\/02\/plataforma-flutuante-gera-energia-com-movimento-das-ondas\/\" \/>\n<meta property=\"og:site_name\" content=\"Jornal Fatos e Not\u00edcias\" \/>\n<meta property=\"article:published_time\" content=\"2022-09-02T15:39:33+00:00\" \/>\n<meta property=\"article:modified_time\" content=\"2022-09-02T17:48:08+00:00\" \/>\n<meta property=\"og:image\" content=\"https:\/\/jornalfatosenoticias.com.br\/wp-content\/uploads\/2022\/09\/plataforma-flutuante1.jpg\" \/>\n\t<meta property=\"og:image:width\" content=\"1000\" \/>\n\t<meta property=\"og:image:height\" content=\"574\" \/>\n\t<meta property=\"og:image:type\" content=\"image\/jpeg\" \/>\n<meta name=\"author\" content=\"Luzimara Fernandes\" \/>\n<meta name=\"twitter:card\" content=\"summary_large_image\" \/>\n<meta name=\"twitter:label1\" content=\"Escrito por\" \/>\n\t<meta name=\"twitter:data1\" content=\"Luzimara Fernandes\" \/>\n\t<meta name=\"twitter:label2\" content=\"Est. tempo de leitura\" \/>\n\t<meta name=\"twitter:data2\" content=\"3 minutos\" \/>\n<script type=\"application\/ld+json\" class=\"yoast-schema-graph\">{\"@context\":\"https:\/\/schema.org\",\"@graph\":[{\"@type\":\"Article\",\"@id\":\"https:\/\/jornalfatosenoticias.com.br\/index.php\/2022\/09\/02\/plataforma-flutuante-gera-energia-com-movimento-das-ondas\/#article\",\"isPartOf\":{\"@id\":\"https:\/\/jornalfatosenoticias.com.br\/index.php\/2022\/09\/02\/plataforma-flutuante-gera-energia-com-movimento-das-ondas\/\"},\"author\":{\"name\":\"Luzimara Fernandes\",\"@id\":\"https:\/\/jornalfatosenoticias.com.br\/#\/schema\/person\/d63837fa13ac8666eb9e74e0985d6f81\"},\"headline\":\"Plataforma flutuante gera energia com movimento das ondas\",\"datePublished\":\"2022-09-02T15:39:33+00:00\",\"dateModified\":\"2022-09-02T17:48:08+00:00\",\"mainEntityOfPage\":{\"@id\":\"https:\/\/jornalfatosenoticias.com.br\/index.php\/2022\/09\/02\/plataforma-flutuante-gera-energia-com-movimento-das-ondas\/\"},\"wordCount\":512,\"commentCount\":0,\"publisher\":{\"@id\":\"https:\/\/jornalfatosenoticias.com.br\/#organization\"},\"image\":{\"@id\":\"https:\/\/jornalfatosenoticias.com.br\/index.php\/2022\/09\/02\/plataforma-flutuante-gera-energia-com-movimento-das-ondas\/#primaryimage\"},\"thumbnailUrl\":\"https:\/\/jornalfatosenoticias.com.br\/wp-content\/uploads\/2022\/09\/plataforma-flutuante1.jpg\",\"keywords\":[\"energia a partir das ondas\",\"energia limpa\",\"energia renov\u00e1vel\",\"movimento das ondas\",\"plataforma flutuante\",\"Sea Wave Energy Limited\"],\"articleSection\":[\"Tecnologia &amp; Inova\u00e7\u00e3o\"],\"inLanguage\":\"pt-BR\",\"potentialAction\":[{\"@type\":\"CommentAction\",\"name\":\"Comment\",\"target\":[\"https:\/\/jornalfatosenoticias.com.br\/index.php\/2022\/09\/02\/plataforma-flutuante-gera-energia-com-movimento-das-ondas\/#respond\"]}]},{\"@type\":\"WebPage\",\"@id\":\"https:\/\/jornalfatosenoticias.com.br\/index.php\/2022\/09\/02\/plataforma-flutuante-gera-energia-com-movimento-das-ondas\/\",\"url\":\"https:\/\/jornalfatosenoticias.com.br\/index.php\/2022\/09\/02\/plataforma-flutuante-gera-energia-com-movimento-das-ondas\/\",\"name\":\"Plataforma flutuante gera energia com movimento das ondas - Jornal Fatos e Not\u00edcias\",\"isPartOf\":{\"@id\":\"https:\/\/jornalfatosenoticias.com.br\/#website\"},\"primaryImageOfPage\":{\"@id\":\"https:\/\/jornalfatosenoticias.com.br\/index.php\/2022\/09\/02\/plataforma-flutuante-gera-energia-com-movimento-das-ondas\/#primaryimage\"},\"image\":{\"@id\":\"https:\/\/jornalfatosenoticias.com.br\/index.php\/2022\/09\/02\/plataforma-flutuante-gera-energia-com-movimento-das-ondas\/#primaryimage\"},\"thumbnailUrl\":\"https:\/\/jornalfatosenoticias.com.br\/wp-content\/uploads\/2022\/09\/plataforma-flutuante1.jpg\",\"datePublished\":\"2022-09-02T15:39:33+00:00\",\"dateModified\":\"2022-09-02T17:48:08+00:00\",\"breadcrumb\":{\"@id\":\"https:\/\/jornalfatosenoticias.com.br\/index.php\/2022\/09\/02\/plataforma-flutuante-gera-energia-com-movimento-das-ondas\/#breadcrumb\"},\"inLanguage\":\"pt-BR\",\"potentialAction\":[{\"@type\":\"ReadAction\",\"target\":[\"https:\/\/jornalfatosenoticias.com.br\/index.php\/2022\/09\/02\/plataforma-flutuante-gera-energia-com-movimento-das-ondas\/\"]}]},{\"@type\":\"ImageObject\",\"inLanguage\":\"pt-BR\",\"@id\":\"https:\/\/jornalfatosenoticias.com.br\/index.php\/2022\/09\/02\/plataforma-flutuante-gera-energia-com-movimento-das-ondas\/#primaryimage\",\"url\":\"https:\/\/jornalfatosenoticias.com.br\/wp-content\/uploads\/2022\/09\/plataforma-flutuante1.jpg\",\"contentUrl\":\"https:\/\/jornalfatosenoticias.com.br\/wp-content\/uploads\/2022\/09\/plataforma-flutuante1.jpg\",\"width\":1000,\"height\":574},{\"@type\":\"BreadcrumbList\",\"@id\":\"https:\/\/jornalfatosenoticias.com.br\/index.php\/2022\/09\/02\/plataforma-flutuante-gera-energia-com-movimento-das-ondas\/#breadcrumb\",\"itemListElement\":[{\"@type\":\"ListItem\",\"position\":1,\"name\":\"In\u00edcio\",\"item\":\"https:\/\/jornalfatosenoticias.com.br\/\"},{\"@type\":\"ListItem\",\"position\":2,\"name\":\"Plataforma flutuante gera energia com movimento das ondas\"}]},{\"@type\":\"WebSite\",\"@id\":\"https:\/\/jornalfatosenoticias.com.br\/#website\",\"url\":\"https:\/\/jornalfatosenoticias.com.br\/\",\"name\":\"Jornal Fatos e Not\u00edcias\",\"description\":\"Not\u00edcias em geral\",\"publisher\":{\"@id\":\"https:\/\/jornalfatosenoticias.com.br\/#organization\"},\"potentialAction\":[{\"@type\":\"SearchAction\",\"target\":{\"@type\":\"EntryPoint\",\"urlTemplate\":\"https:\/\/jornalfatosenoticias.com.br\/?s={search_term_string}\"},\"query-input\":{\"@type\":\"PropertyValueSpecification\",\"valueRequired\":true,\"valueName\":\"search_term_string\"}}],\"inLanguage\":\"pt-BR\"},{\"@type\":\"Organization\",\"@id\":\"https:\/\/jornalfatosenoticias.com.br\/#organization\",\"name\":\"Jornal Fatos e Not\u00edcias\",\"url\":\"https:\/\/jornalfatosenoticias.com.br\/\",\"logo\":{\"@type\":\"ImageObject\",\"inLanguage\":\"pt-BR\",\"@id\":\"https:\/\/jornalfatosenoticias.com.br\/#\/schema\/logo\/image\/\",\"url\":\"https:\/\/jornalfatosenoticias.com.br\/wp-content\/uploads\/2020\/02\/logo120.png\",\"contentUrl\":\"https:\/\/jornalfatosenoticias.com.br\/wp-content\/uploads\/2020\/02\/logo120.png\",\"width\":1227,\"height\":120,\"caption\":\"Jornal Fatos e Not\u00edcias\"},\"image\":{\"@id\":\"https:\/\/jornalfatosenoticias.com.br\/#\/schema\/logo\/image\/\"}},{\"@type\":\"Person\",\"@id\":\"https:\/\/jornalfatosenoticias.com.br\/#\/schema\/person\/d63837fa13ac8666eb9e74e0985d6f81\",\"name\":\"Luzimara Fernandes\",\"image\":{\"@type\":\"ImageObject\",\"inLanguage\":\"pt-BR\",\"@id\":\"https:\/\/jornalfatosenoticias.com.br\/#\/schema\/person\/image\/\",\"url\":\"https:\/\/jornalfatosenoticias.com.br\/wp-content\/uploads\/2025\/05\/EU_portal.jpg\",\"contentUrl\":\"https:\/\/jornalfatosenoticias.com.br\/wp-content\/uploads\/2025\/05\/EU_portal.jpg\",\"caption\":\"Luzimara Fernandes\"},\"description\":\"Jornalista MTB 2358-ES\",\"sameAs\":[\"https:\/\/jornalfatosenoticias.com.br\"],\"url\":\"https:\/\/jornalfatosenoticias.com.br\/index.php\/author\/luzimara\/\"}]}<\/script>\n<!-- \/ Yoast SEO plugin. -->","yoast_head_json":{"title":"Plataforma flutuante gera energia com movimento das ondas - Jornal Fatos e Not\u00edcias","robots":{"index":"index","follow":"follow","max-snippet":"max-snippet:-1","max-image-preview":"max-image-preview:large","max-video-preview":"max-video-preview:-1"},"canonical":"https:\/\/jornalfatosenoticias.com.br\/index.php\/2022\/09\/02\/plataforma-flutuante-gera-energia-com-movimento-das-ondas\/","og_locale":"pt_BR","og_type":"article","og_title":"Plataforma flutuante gera energia com movimento das ondas - Jornal Fatos e Not\u00edcias","og_description":"Produzida com pl\u00e1stico recicl\u00e1vel, estrutura promete ser eficiente e impactar minimamente a vida marinha A produ\u00e7\u00e3o de energia limpa \u00e9 um dos desafios mais urgentes na constru\u00e7\u00e3o de um futuro mais sustent\u00e1vel e muitas tecnologias e pesquisas est\u00e3o se desenvolvendo para substituir o uso de combust\u00edveis f\u00f3sseis. As energias solar e e\u00f3lica ganham cada vez [&hellip;]","og_url":"https:\/\/jornalfatosenoticias.com.br\/index.php\/2022\/09\/02\/plataforma-flutuante-gera-energia-com-movimento-das-ondas\/","og_site_name":"Jornal Fatos e Not\u00edcias","article_published_time":"2022-09-02T15:39:33+00:00","article_modified_time":"2022-09-02T17:48:08+00:00","og_image":[{"width":1000,"height":574,"url":"https:\/\/jornalfatosenoticias.com.br\/wp-content\/uploads\/2022\/09\/plataforma-flutuante1.jpg","type":"image\/jpeg"}],"author":"Luzimara Fernandes","twitter_card":"summary_large_image","twitter_misc":{"Escrito por":"Luzimara Fernandes","Est. tempo de leitura":"3 minutos"},"schema":{"@context":"https:\/\/schema.org","@graph":[{"@type":"Article","@id":"https:\/\/jornalfatosenoticias.com.br\/index.php\/2022\/09\/02\/plataforma-flutuante-gera-energia-com-movimento-das-ondas\/#article","isPartOf":{"@id":"https:\/\/jornalfatosenoticias.com.br\/index.php\/2022\/09\/02\/plataforma-flutuante-gera-energia-com-movimento-das-ondas\/"},"author":{"name":"Luzimara Fernandes","@id":"https:\/\/jornalfatosenoticias.com.br\/#\/schema\/person\/d63837fa13ac8666eb9e74e0985d6f81"},"headline":"Plataforma flutuante gera energia com movimento das ondas","datePublished":"2022-09-02T15:39:33+00:00","dateModified":"2022-09-02T17:48:08+00:00","mainEntityOfPage":{"@id":"https:\/\/jornalfatosenoticias.com.br\/index.php\/2022\/09\/02\/plataforma-flutuante-gera-energia-com-movimento-das-ondas\/"},"wordCount":512,"commentCount":0,"publisher":{"@id":"https:\/\/jornalfatosenoticias.com.br\/#organization"},"image":{"@id":"https:\/\/jornalfatosenoticias.com.br\/index.php\/2022\/09\/02\/plataforma-flutuante-gera-energia-com-movimento-das-ondas\/#primaryimage"},"thumbnailUrl":"https:\/\/jornalfatosenoticias.com.br\/wp-content\/uploads\/2022\/09\/plataforma-flutuante1.jpg","keywords":["energia a partir das ondas","energia limpa","energia renov\u00e1vel","movimento das ondas","plataforma flutuante","Sea Wave Energy Limited"],"articleSection":["Tecnologia &amp; Inova\u00e7\u00e3o"],"inLanguage":"pt-BR","potentialAction":[{"@type":"CommentAction","name":"Comment","target":["https:\/\/jornalfatosenoticias.com.br\/index.php\/2022\/09\/02\/plataforma-flutuante-gera-energia-com-movimento-das-ondas\/#respond"]}]},{"@type":"WebPage","@id":"https:\/\/jornalfatosenoticias.com.br\/index.php\/2022\/09\/02\/plataforma-flutuante-gera-energia-com-movimento-das-ondas\/","url":"https:\/\/jornalfatosenoticias.com.br\/index.php\/2022\/09\/02\/plataforma-flutuante-gera-energia-com-movimento-das-ondas\/","name":"Plataforma flutuante gera energia com movimento das ondas - Jornal Fatos e Not\u00edcias","isPartOf":{"@id":"https:\/\/jornalfatosenoticias.com.br\/#website"},"primaryImageOfPage":{"@id":"https:\/\/jornalfatosenoticias.com.br\/index.php\/2022\/09\/02\/plataforma-flutuante-gera-energia-com-movimento-das-ondas\/#primaryimage"},"image":{"@id":"https:\/\/jornalfatosenoticias.com.br\/index.php\/2022\/09\/02\/plataforma-flutuante-gera-energia-com-movimento-das-ondas\/#primaryimage"},"thumbnailUrl":"https:\/\/jornalfatosenoticias.com.br\/wp-content\/uploads\/2022\/09\/plataforma-flutuante1.jpg","datePublished":"2022-09-02T15:39:33+00:00","dateModified":"2022-09-02T17:48:08+00:00","breadcrumb":{"@id":"https:\/\/jornalfatosenoticias.com.br\/index.php\/2022\/09\/02\/plataforma-flutuante-gera-energia-com-movimento-das-ondas\/#breadcrumb"},"inLanguage":"pt-BR","potentialAction":[{"@type":"ReadAction","target":["https:\/\/jornalfatosenoticias.com.br\/index.php\/2022\/09\/02\/plataforma-flutuante-gera-energia-com-movimento-das-ondas\/"]}]},{"@type":"ImageObject","inLanguage":"pt-BR","@id":"https:\/\/jornalfatosenoticias.com.br\/index.php\/2022\/09\/02\/plataforma-flutuante-gera-energia-com-movimento-das-ondas\/#primaryimage","url":"https:\/\/jornalfatosenoticias.com.br\/wp-content\/uploads\/2022\/09\/plataforma-flutuante1.jpg","contentUrl":"https:\/\/jornalfatosenoticias.com.br\/wp-content\/uploads\/2022\/09\/plataforma-flutuante1.jpg","width":1000,"height":574},{"@type":"BreadcrumbList","@id":"https:\/\/jornalfatosenoticias.com.br\/index.php\/2022\/09\/02\/plataforma-flutuante-gera-energia-com-movimento-das-ondas\/#breadcrumb","itemListElement":[{"@type":"ListItem","position":1,"name":"In\u00edcio","item":"https:\/\/jornalfatosenoticias.com.br\/"},{"@type":"ListItem","position":2,"name":"Plataforma flutuante gera energia com movimento das ondas"}]},{"@type":"WebSite","@id":"https:\/\/jornalfatosenoticias.com.br\/#website","url":"https:\/\/jornalfatosenoticias.com.br\/","name":"Jornal Fatos e Not\u00edcias","description":"Not\u00edcias em geral","publisher":{"@id":"https:\/\/jornalfatosenoticias.com.br\/#organization"},"potentialAction":[{"@type":"SearchAction","target":{"@type":"EntryPoint","urlTemplate":"https:\/\/jornalfatosenoticias.com.br\/?s={search_term_string}"},"query-input":{"@type":"PropertyValueSpecification","valueRequired":true,"valueName":"search_term_string"}}],"inLanguage":"pt-BR"},{"@type":"Organization","@id":"https:\/\/jornalfatosenoticias.com.br\/#organization","name":"Jornal Fatos e Not\u00edcias","url":"https:\/\/jornalfatosenoticias.com.br\/","logo":{"@type":"ImageObject","inLanguage":"pt-BR","@id":"https:\/\/jornalfatosenoticias.com.br\/#\/schema\/logo\/image\/","url":"https:\/\/jornalfatosenoticias.com.br\/wp-content\/uploads\/2020\/02\/logo120.png","contentUrl":"https:\/\/jornalfatosenoticias.com.br\/wp-content\/uploads\/2020\/02\/logo120.png","width":1227,"height":120,"caption":"Jornal Fatos e Not\u00edcias"},"image":{"@id":"https:\/\/jornalfatosenoticias.com.br\/#\/schema\/logo\/image\/"}},{"@type":"Person","@id":"https:\/\/jornalfatosenoticias.com.br\/#\/schema\/person\/d63837fa13ac8666eb9e74e0985d6f81","name":"Luzimara Fernandes","image":{"@type":"ImageObject","inLanguage":"pt-BR","@id":"https:\/\/jornalfatosenoticias.com.br\/#\/schema\/person\/image\/","url":"https:\/\/jornalfatosenoticias.com.br\/wp-content\/uploads\/2025\/05\/EU_portal.jpg","contentUrl":"https:\/\/jornalfatosenoticias.com.br\/wp-content\/uploads\/2025\/05\/EU_portal.jpg","caption":"Luzimara Fernandes"},"description":"Jornalista MTB 2358-ES","sameAs":["https:\/\/jornalfatosenoticias.com.br"],"url":"https:\/\/jornalfatosenoticias.com.br\/index.php\/author\/luzimara\/"}]}},"cc_featured_image_caption":{"caption_text":"(Foto: Sea Wave Energy Limited (SWEL))","source_text":"","source_url":""},"jetpack_featured_media_url":"https:\/\/jornalfatosenoticias.com.br\/wp-content\/uploads\/2022\/09\/plataforma-flutuante1.jpg","_links":{"self":[{"href":"https:\/\/jornalfatosenoticias.com.br\/index.php\/wp-json\/wp\/v2\/posts\/33818","targetHints":{"allow":["GET"]}}],"collection":[{"href":"https:\/\/jornalfatosenoticias.com.br\/index.php\/wp-json\/wp\/v2\/posts"}],"about":[{"href":"https:\/\/jornalfatosenoticias.com.br\/index.php\/wp-json\/wp\/v2\/types\/post"}],"author":[{"embeddable":true,"href":"https:\/\/jornalfatosenoticias.com.br\/index.php\/wp-json\/wp\/v2\/users\/2"}],"replies":[{"embeddable":true,"href":"https:\/\/jornalfatosenoticias.com.br\/index.php\/wp-json\/wp\/v2\/comments?post=33818"}],"version-history":[{"count":0,"href":"https:\/\/jornalfatosenoticias.com.br\/index.php\/wp-json\/wp\/v2\/posts\/33818\/revisions"}],"wp:featuredmedia":[{"embeddable":true,"href":"https:\/\/jornalfatosenoticias.com.br\/index.php\/wp-json\/wp\/v2\/media\/33820"}],"wp:attachment":[{"href":"https:\/\/jornalfatosenoticias.com.br\/index.php\/wp-json\/wp\/v2\/media?parent=33818"}],"wp:term":[{"taxonomy":"category","embeddable":true,"href":"https:\/\/jornalfatosenoticias.com.br\/index.php\/wp-json\/wp\/v2\/categories?post=33818"},{"taxonomy":"post_tag","embeddable":true,"href":"https:\/\/jornalfatosenoticias.com.br\/index.php\/wp-json\/wp\/v2\/tags?post=33818"}],"curies":[{"name":"wp","href":"https:\/\/api.w.org\/{rel}","templated":true}]}}