{"id":33822,"date":"2022-09-02T13:16:26","date_gmt":"2022-09-02T16:16:26","guid":{"rendered":"https:\/\/jornalfatosenoticias.com.br\/?p=33822"},"modified":"2022-09-02T13:16:30","modified_gmt":"2022-09-02T16:16:30","slug":"jovens-criam-o-primeiro-teclado-digital-para-linguas-indigenas-amazonicas","status":"publish","type":"post","link":"https:\/\/jornalfatosenoticias.com.br\/index.php\/2022\/09\/02\/jovens-criam-o-primeiro-teclado-digital-para-linguas-indigenas-amazonicas\/","title":{"rendered":"Jovens criam o primeiro teclado digital para l\u00ednguas ind\u00edgenas amaz\u00f4nicas"},"content":{"rendered":"\n<p><em><span class=\"has-inline-color has-black-color\">Software contempla caracteres especiais e diacr\u00edticos de mais de 40 l\u00ednguas ind\u00edgenas da regi\u00e3o<\/span><\/em><\/p>\n\n\n\n<div class=\"wp-block-image\"><figure class=\"aligncenter size-large\"><img loading=\"lazy\" decoding=\"async\" width=\"1024\" height=\"103\" src=\"https:\/\/jornalfatosenoticias.com.br\/wp-content\/uploads\/2022\/02\/Arte-Autoescola-Galatas_endereco_portal-1024x103.png\" alt=\"\" class=\"wp-image-27869\" srcset=\"https:\/\/jornalfatosenoticias.com.br\/wp-content\/uploads\/2022\/02\/Arte-Autoescola-Galatas_endereco_portal-1024x103.png 1024w, https:\/\/jornalfatosenoticias.com.br\/wp-content\/uploads\/2022\/02\/Arte-Autoescola-Galatas_endereco_portal-300x30.png 300w, https:\/\/jornalfatosenoticias.com.br\/wp-content\/uploads\/2022\/02\/Arte-Autoescola-Galatas_endereco_portal-768x77.png 768w, https:\/\/jornalfatosenoticias.com.br\/wp-content\/uploads\/2022\/02\/Arte-Autoescola-Galatas_endereco_portal.png 1223w\" sizes=\"auto, (max-width: 1024px) 100vw, 1024px\" \/><\/figure><\/div>\n\n\n\n<p>Dois estudantes amazonenses de 18 e 17 anos assumiram um compromisso e tanto: criar do zero o primeiro e \u00fanico software que re\u00fane caracteres especiais e diacr\u00edticos de mais de 40 l\u00ednguas ind\u00edgenas da <strong><a href=\"https:\/\/umsoplaneta.globo.com\/biodiversidade\/noticia\/2021\/07\/26\/floresta-amazonica-caracteristicas-onde-fica-animais-e-vegetacao-tipica.ghtml\"><strong>Amaz\u00f4nia<\/strong><\/a>.<\/strong><br>Batizado de <strong><a href=\"https:\/\/www.linklado.com\/\" target=\"_blank\" rel=\"noreferrer noopener\"><strong>Linklado<\/strong><\/a><\/strong>, o teclado digital \u00e9 um projeto independente de Samuel Benzecry e Juliano Portela, que perceberam a dificuldade de escrever um artigo em l\u00edngua ind\u00edgena ao representarem a escola na Olimp\u00edada Internacional de Lingu\u00edstica.<\/p>\n\n\n\n<div class=\"wp-block-image\"><figure class=\"alignleft size-large is-resized\"><img loading=\"lazy\" decoding=\"async\" src=\"https:\/\/jornalfatosenoticias.com.br\/wp-content\/uploads\/2022\/02\/Precisao-Contabilidade-1024x724.jpg\" alt=\"\" class=\"wp-image-28088\" width=\"308\" height=\"217\"\/><\/figure><\/div>\n\n\n\n<p>Diante da dificuldade de transcreverem do papel para o digital, os jovens prod\u00edgios de Manaus (AM) desenvolveram um prot\u00f3tipo de teclado inclusivo em apenas um dia. E n\u00e3o demorou muito para que chamassem a aten\u00e7\u00e3o de pesquisadores. O Instituto Nacional de Pesquisas da Amaz\u00f4nia (Inpa), por exemplo, assumiu a consultoria t\u00e9cnica e mapeou as l\u00ednguas nativas mais amea\u00e7adas na regi\u00e3o.<br>Dispon\u00edvel para o Windows e dispositivos androides, o Linklado abra\u00e7a diversas l\u00ednguas ind\u00edgenas, mas especialmente a T\u00efcuna (ou T\u00efkuna), que \u00e9 falada por aproximadamente 40 mil pessoas no Brasil, Peru e Col\u00f4mbia.<\/p>\n\n\n\n<div class=\"wp-block-image\"><figure class=\"aligncenter size-large\"><img decoding=\"async\" src=\"https:\/\/jornalfatosenoticias.com.br\/wp-content\/uploads\/2020\/02\/logo_esteio.jpg\" alt=\"\" class=\"wp-image-1214\"\/><\/figure><\/div>\n\n\n\n<blockquote class=\"wp-block-quote is-layout-flow wp-block-quote-is-layout-flow\"><p><span class=\"has-inline-color has-luminous-vivid-orange-color\">\u201cAparelhos androides podem ser postos na l\u00edngua Kaingang ou Nheengatu, mas isso n\u00e3o resolve o problema de l\u00ednguas que utilizam sinais diacr\u00edticos como \u00fc\u0303, muito usado na Tikunal\u201d, afirma Samuel, que agora cursa estudos da terra na Universidade de Stanford, nos Estados Unidos.<\/span><\/p><\/blockquote>\n\n\n\n<div class=\"wp-block-image\"><figure class=\"aligncenter size-large is-resized\"><img loading=\"lazy\" decoding=\"async\" src=\"https:\/\/jornalfatosenoticias.com.br\/wp-content\/uploads\/2022\/07\/Logo-Grupo-SEI.jpg\" alt=\"\" class=\"wp-image-31973\" width=\"406\" height=\"213\" srcset=\"https:\/\/jornalfatosenoticias.com.br\/wp-content\/uploads\/2022\/07\/Logo-Grupo-SEI.jpg 713w, https:\/\/jornalfatosenoticias.com.br\/wp-content\/uploads\/2022\/07\/Logo-Grupo-SEI-300x158.jpg 300w\" sizes=\"auto, (max-width: 406px) 100vw, 406px\" \/><\/figure><\/div>\n\n\n\n<figure class=\"wp-block-image size-large\"><img loading=\"lazy\" decoding=\"async\" width=\"1000\" height=\"500\" src=\"https:\/\/jornalfatosenoticias.com.br\/wp-content\/uploads\/2022\/09\/teclado-indigena.jpg\" alt=\"\" class=\"wp-image-33823\" srcset=\"https:\/\/jornalfatosenoticias.com.br\/wp-content\/uploads\/2022\/09\/teclado-indigena.jpg 1000w, https:\/\/jornalfatosenoticias.com.br\/wp-content\/uploads\/2022\/09\/teclado-indigena-300x150.jpg 300w, https:\/\/jornalfatosenoticias.com.br\/wp-content\/uploads\/2022\/09\/teclado-indigena-768x384.jpg 768w\" sizes=\"auto, (max-width: 1000px) 100vw, 1000px\" \/><figcaption><em><span class=\"has-inline-color has-black-color\">Software que re\u00fane caracteres especiais e diacr\u00edticos de mais de 40 l\u00ednguas ind\u00edgenas da Amaz\u00f4nia (Foto: Divulga\u00e7\u00e3o\/Apps Microsoft)<\/span><\/em><\/figcaption><\/figure>\n\n\n\n<div class=\"wp-block-image\"><figure class=\"alignright size-large is-resized\"><img loading=\"lazy\" decoding=\"async\" src=\"https:\/\/jornalfatosenoticias.com.br\/wp-content\/uploads\/2022\/02\/Serra-Pack-459.png\" alt=\"\" class=\"wp-image-27471\" width=\"333\" height=\"133\"\/><\/figure><\/div>\n\n\n\n<p>O projeto inovador de Samuel e Juliano surpreendeu a bi\u00f3loga, doutora em recursos naturais e tamb\u00e9m professora Noemia Kazue Ishikawa, que j\u00e1 h\u00e1 alguns anos vinha tentando mudar o cen\u00e1rio de inclus\u00e3o e educa\u00e7\u00e3o dos povos ind\u00edgenas amazonenses. Noemia fez a ponte dos alunos com o Instituto e a colega pesquisadora Ana Carla Bruno, que acabou abra\u00e7ando o projeto.<\/p>\n\n\n\n<div class=\"wp-block-image\"><figure class=\"aligncenter size-large is-resized\"><img loading=\"lazy\" decoding=\"async\" src=\"https:\/\/jornalfatosenoticias.com.br\/wp-content\/uploads\/2020\/02\/LOGO-EMBCIA-34-ANOS-1.jpg\" alt=\"\" class=\"wp-image-33579\" width=\"442\" height=\"247\"\/><\/figure><\/div>\n\n\n\n<blockquote class=\"wp-block-quote is-layout-flow wp-block-quote-is-layout-flow\"><p><span class=\"has-inline-color has-luminous-vivid-orange-color\">\u201c\u00c9 um instrumento de poder nas m\u00e3os dos povos ind\u00edgenas, tendo em vista que agora eles poder\u00e3o produzir seus pr\u00f3prios textos, hist\u00f3rias e narrativas\u201d, explica a antrop\u00f3loga e linguista.<\/span><\/p><\/blockquote>\n\n\n\n<div class=\"wp-block-image\"><figure class=\"aligncenter size-large\"><img loading=\"lazy\" decoding=\"async\" width=\"1024\" height=\"100\" src=\"https:\/\/jornalfatosenoticias.com.br\/wp-content\/uploads\/2022\/05\/NOVA-LOGO-CESCONETTO-1024x100.jpg\" alt=\"\" class=\"wp-image-30792\" srcset=\"https:\/\/jornalfatosenoticias.com.br\/wp-content\/uploads\/2022\/05\/NOVA-LOGO-CESCONETTO-1024x100.jpg 1024w, https:\/\/jornalfatosenoticias.com.br\/wp-content\/uploads\/2022\/05\/NOVA-LOGO-CESCONETTO-300x29.jpg 300w, https:\/\/jornalfatosenoticias.com.br\/wp-content\/uploads\/2022\/05\/NOVA-LOGO-CESCONETTO-768x75.jpg 768w, https:\/\/jornalfatosenoticias.com.br\/wp-content\/uploads\/2022\/05\/NOVA-LOGO-CESCONETTO.jpg 1280w\" sizes=\"auto, (max-width: 1024px) 100vw, 1024px\" \/><\/figure><\/div>\n\n\n\n<p>Samuel Benzecry refor\u00e7a que no Amazonas existem mais de 52 l\u00ednguas vivas e elas fazem parte de uma riqueza lingu\u00edstica que sofre graves amea\u00e7as.<\/p>\n\n\n\n<div class=\"wp-block-image\"><figure class=\"aligncenter size-large is-resized\"><img loading=\"lazy\" decoding=\"async\" src=\"https:\/\/jornalfatosenoticias.com.br\/wp-content\/uploads\/2022\/09\/Logo-Zucchi-1024x1024.jpg\" alt=\"\" class=\"wp-image-33778\" width=\"335\" height=\"335\"\/><\/figure><\/div>\n\n\n\n<blockquote class=\"wp-block-quote is-layout-flow wp-block-quote-is-layout-flow\"><p><span class=\"has-inline-color has-luminous-vivid-orange-color\">\u201cA lenta morte de v\u00e1rias dessas l\u00ednguas causada por glotoc\u00eddio [marginaliza\u00e7\u00e3o de uma l\u00edngua em favor de outra] resulta no desaparecimento gradual e genoc\u00eddio\u201d.<\/span><\/p><\/blockquote>\n\n\n\n<div class=\"wp-block-image\"><figure class=\"aligncenter size-large\"><img decoding=\"async\" src=\"https:\/\/jornalfatosenoticias.com.br\/wp-content\/uploads\/2020\/02\/Serra-Grande-1024x160.png\" alt=\"\" class=\"wp-image-7836\"\/><\/figure><\/div>\n\n\n\n<figure class=\"wp-block-image size-large\"><img loading=\"lazy\" decoding=\"async\" width=\"1000\" height=\"750\" src=\"https:\/\/jornalfatosenoticias.com.br\/wp-content\/uploads\/2022\/09\/teclado-indigena1.jpg\" alt=\"\" class=\"wp-image-33824\" srcset=\"https:\/\/jornalfatosenoticias.com.br\/wp-content\/uploads\/2022\/09\/teclado-indigena1.jpg 1000w, https:\/\/jornalfatosenoticias.com.br\/wp-content\/uploads\/2022\/09\/teclado-indigena1-300x225.jpg 300w, https:\/\/jornalfatosenoticias.com.br\/wp-content\/uploads\/2022\/09\/teclado-indigena1-768x576.jpg 768w\" sizes=\"auto, (max-width: 1000px) 100vw, 1000px\" \/><figcaption><em><span class=\"has-inline-color has-black-color\">Os idealizadores s\u00e3o o estudante da Universidade de Stanford (EUA), Samuel Benzecry, e o estudante do ensino m\u00e9dio em Manaus, Juliano Portela. Juntos eles desenharam o layout e desenvolveram o prot\u00f3tipo do teclado digital para o Windows e androides (Foto: Divulga\u00e7\u00e3o)<\/span><\/em><\/figcaption><\/figure>\n\n\n\n<div class=\"wp-block-image\"><figure class=\"alignleft size-large is-resized\"><img loading=\"lazy\" decoding=\"async\" src=\"https:\/\/jornalfatosenoticias.com.br\/wp-content\/uploads\/2020\/02\/nova-logo-Marquetti.jpg\" alt=\"\" class=\"wp-image-22331\" width=\"311\" height=\"209\" srcset=\"https:\/\/jornalfatosenoticias.com.br\/wp-content\/uploads\/2020\/02\/nova-logo-Marquetti.jpg 643w, https:\/\/jornalfatosenoticias.com.br\/wp-content\/uploads\/2020\/02\/nova-logo-Marquetti-300x202.jpg 300w\" sizes=\"auto, (max-width: 311px) 100vw, 311px\" \/><\/figure><\/div>\n\n\n\n<p><strong><span class=\"has-inline-color has-vivid-purple-color\">Como funciona<br><\/span><\/strong>Nos aparelhos Android, o Linklado substitui o teclado padr\u00e3o do dispositivo com uma vers\u00e3o alterada que inclui os caracteres especiais, al\u00e9m de uma tecla que cont\u00e9m todos os diacr\u00edticos, que podem ser adicionados \u00e0 letra anterior. Por exemplo, primeiro digita-se a letra \u0289, depois clica-se sobre a tecla com o diacr\u00edtico, produzindo, ent\u00e3o, \u0289\u0300.<br>J\u00e1 no Windows, o sistema introduz uma pequena janela que permanece sobre a tela, somente com os caracteres especiais e os diacr\u00edticos. Dessa maneira, o usu\u00e1rio consegue utilizar o teclado comum junto com o software do Linklado.<\/p>\n\n\n\n<div class=\"wp-block-image\"><figure class=\"aligncenter size-large is-resized\"><img loading=\"lazy\" decoding=\"async\" src=\"https:\/\/jornalfatosenoticias.com.br\/wp-content\/uploads\/2020\/02\/SEVENTUR-TURISMO.jpg\" alt=\"\" class=\"wp-image-32994\" width=\"261\" height=\"206\"\/><\/figure><\/div>\n\n\n\n<p><strong><em>Fonte: <a href=\"https:\/\/umsoplaneta.globo.com\/sociedade\/noticia\/2022\/09\/01\/jovens-criam-o-primeiro-teclado-digital-para-linguas-indigenas-amazonicas.ghtml\">Um S\u00f3 Planeta<\/a><\/em><\/strong><\/p>\n","protected":false},"excerpt":{"rendered":"<p>Software contempla caracteres especiais e diacr\u00edticos de mais de 40 l\u00ednguas ind\u00edgenas da regi\u00e3o Dois estudantes amazonenses de 18 e 17 anos assumiram um compromisso e tanto: criar do zero o primeiro e \u00fanico software que re\u00fane caracteres especiais e diacr\u00edticos de mais de 40 l\u00ednguas ind\u00edgenas da Amaz\u00f4nia.Batizado de Linklado, o teclado digital \u00e9 [&hellip;]<\/p>\n","protected":false},"author":2,"featured_media":33825,"comment_status":"open","ping_status":"open","sticky":false,"template":"","format":"standard","meta":{"footnotes":""},"categories":[7,3],"tags":[3498,15891,15890,30,15889],"class_list":["post-33822","post","type-post","status-publish","format-standard","has-post-thumbnail","hentry","category-educacao","category-tecnologia","tag-jovens","tag-linguas-indigenas","tag-linguas-indigenas-amazonicas","tag-software","tag-teclado-digital"],"yoast_head":"<!-- This site is optimized with the Yoast SEO plugin v26.5 - https:\/\/yoast.com\/wordpress\/plugins\/seo\/ -->\n<title>Jovens criam o primeiro teclado digital para l\u00ednguas ind\u00edgenas amaz\u00f4nicas - Jornal Fatos e Not\u00edcias<\/title>\n<meta name=\"robots\" content=\"index, follow, max-snippet:-1, max-image-preview:large, max-video-preview:-1\" \/>\n<link rel=\"canonical\" href=\"https:\/\/jornalfatosenoticias.com.br\/index.php\/2022\/09\/02\/jovens-criam-o-primeiro-teclado-digital-para-linguas-indigenas-amazonicas\/\" \/>\n<meta property=\"og:locale\" content=\"pt_BR\" \/>\n<meta property=\"og:type\" content=\"article\" \/>\n<meta property=\"og:title\" content=\"Jovens criam o primeiro teclado digital para l\u00ednguas ind\u00edgenas amaz\u00f4nicas - Jornal Fatos e Not\u00edcias\" \/>\n<meta property=\"og:description\" content=\"Software contempla caracteres especiais e diacr\u00edticos de mais de 40 l\u00ednguas ind\u00edgenas da regi\u00e3o Dois estudantes amazonenses de 18 e 17 anos assumiram um compromisso e tanto: criar do zero o primeiro e \u00fanico software que re\u00fane caracteres especiais e diacr\u00edticos de mais de 40 l\u00ednguas ind\u00edgenas da Amaz\u00f4nia.Batizado de Linklado, o teclado digital \u00e9 [&hellip;]\" \/>\n<meta property=\"og:url\" content=\"https:\/\/jornalfatosenoticias.com.br\/index.php\/2022\/09\/02\/jovens-criam-o-primeiro-teclado-digital-para-linguas-indigenas-amazonicas\/\" \/>\n<meta property=\"og:site_name\" content=\"Jornal Fatos e Not\u00edcias\" \/>\n<meta property=\"article:published_time\" content=\"2022-09-02T16:16:26+00:00\" \/>\n<meta property=\"article:modified_time\" content=\"2022-09-02T16:16:30+00:00\" \/>\n<meta property=\"og:image\" content=\"https:\/\/jornalfatosenoticias.com.br\/wp-content\/uploads\/2022\/09\/teclado-indigena3.jpg\" \/>\n\t<meta property=\"og:image:width\" content=\"1000\" \/>\n\t<meta property=\"og:image:height\" content=\"618\" \/>\n\t<meta property=\"og:image:type\" content=\"image\/jpeg\" \/>\n<meta name=\"author\" content=\"Luzimara Fernandes\" \/>\n<meta name=\"twitter:card\" content=\"summary_large_image\" \/>\n<meta name=\"twitter:label1\" content=\"Escrito por\" \/>\n\t<meta name=\"twitter:data1\" content=\"Luzimara Fernandes\" \/>\n\t<meta name=\"twitter:label2\" content=\"Est. tempo de leitura\" \/>\n\t<meta name=\"twitter:data2\" content=\"3 minutos\" \/>\n<script type=\"application\/ld+json\" class=\"yoast-schema-graph\">{\"@context\":\"https:\/\/schema.org\",\"@graph\":[{\"@type\":\"Article\",\"@id\":\"https:\/\/jornalfatosenoticias.com.br\/index.php\/2022\/09\/02\/jovens-criam-o-primeiro-teclado-digital-para-linguas-indigenas-amazonicas\/#article\",\"isPartOf\":{\"@id\":\"https:\/\/jornalfatosenoticias.com.br\/index.php\/2022\/09\/02\/jovens-criam-o-primeiro-teclado-digital-para-linguas-indigenas-amazonicas\/\"},\"author\":{\"name\":\"Luzimara Fernandes\",\"@id\":\"https:\/\/jornalfatosenoticias.com.br\/#\/schema\/person\/d63837fa13ac8666eb9e74e0985d6f81\"},\"headline\":\"Jovens criam o primeiro teclado digital para l\u00ednguas ind\u00edgenas amaz\u00f4nicas\",\"datePublished\":\"2022-09-02T16:16:26+00:00\",\"dateModified\":\"2022-09-02T16:16:30+00:00\",\"mainEntityOfPage\":{\"@id\":\"https:\/\/jornalfatosenoticias.com.br\/index.php\/2022\/09\/02\/jovens-criam-o-primeiro-teclado-digital-para-linguas-indigenas-amazonicas\/\"},\"wordCount\":587,\"commentCount\":0,\"publisher\":{\"@id\":\"https:\/\/jornalfatosenoticias.com.br\/#organization\"},\"image\":{\"@id\":\"https:\/\/jornalfatosenoticias.com.br\/index.php\/2022\/09\/02\/jovens-criam-o-primeiro-teclado-digital-para-linguas-indigenas-amazonicas\/#primaryimage\"},\"thumbnailUrl\":\"https:\/\/jornalfatosenoticias.com.br\/wp-content\/uploads\/2022\/09\/teclado-indigena3.jpg\",\"keywords\":[\"jovens\",\"l\u00ednguas ind\u00edgenas\",\"l\u00ednguas ind\u00edgenas amaz\u00f4nicas\",\"software\",\"teclado digital\"],\"articleSection\":[\"Educa\u00e7\u00e3o\",\"Tecnologia &amp; Inova\u00e7\u00e3o\"],\"inLanguage\":\"pt-BR\",\"potentialAction\":[{\"@type\":\"CommentAction\",\"name\":\"Comment\",\"target\":[\"https:\/\/jornalfatosenoticias.com.br\/index.php\/2022\/09\/02\/jovens-criam-o-primeiro-teclado-digital-para-linguas-indigenas-amazonicas\/#respond\"]}]},{\"@type\":\"WebPage\",\"@id\":\"https:\/\/jornalfatosenoticias.com.br\/index.php\/2022\/09\/02\/jovens-criam-o-primeiro-teclado-digital-para-linguas-indigenas-amazonicas\/\",\"url\":\"https:\/\/jornalfatosenoticias.com.br\/index.php\/2022\/09\/02\/jovens-criam-o-primeiro-teclado-digital-para-linguas-indigenas-amazonicas\/\",\"name\":\"Jovens criam o primeiro teclado digital para l\u00ednguas ind\u00edgenas amaz\u00f4nicas - Jornal Fatos e Not\u00edcias\",\"isPartOf\":{\"@id\":\"https:\/\/jornalfatosenoticias.com.br\/#website\"},\"primaryImageOfPage\":{\"@id\":\"https:\/\/jornalfatosenoticias.com.br\/index.php\/2022\/09\/02\/jovens-criam-o-primeiro-teclado-digital-para-linguas-indigenas-amazonicas\/#primaryimage\"},\"image\":{\"@id\":\"https:\/\/jornalfatosenoticias.com.br\/index.php\/2022\/09\/02\/jovens-criam-o-primeiro-teclado-digital-para-linguas-indigenas-amazonicas\/#primaryimage\"},\"thumbnailUrl\":\"https:\/\/jornalfatosenoticias.com.br\/wp-content\/uploads\/2022\/09\/teclado-indigena3.jpg\",\"datePublished\":\"2022-09-02T16:16:26+00:00\",\"dateModified\":\"2022-09-02T16:16:30+00:00\",\"breadcrumb\":{\"@id\":\"https:\/\/jornalfatosenoticias.com.br\/index.php\/2022\/09\/02\/jovens-criam-o-primeiro-teclado-digital-para-linguas-indigenas-amazonicas\/#breadcrumb\"},\"inLanguage\":\"pt-BR\",\"potentialAction\":[{\"@type\":\"ReadAction\",\"target\":[\"https:\/\/jornalfatosenoticias.com.br\/index.php\/2022\/09\/02\/jovens-criam-o-primeiro-teclado-digital-para-linguas-indigenas-amazonicas\/\"]}]},{\"@type\":\"ImageObject\",\"inLanguage\":\"pt-BR\",\"@id\":\"https:\/\/jornalfatosenoticias.com.br\/index.php\/2022\/09\/02\/jovens-criam-o-primeiro-teclado-digital-para-linguas-indigenas-amazonicas\/#primaryimage\",\"url\":\"https:\/\/jornalfatosenoticias.com.br\/wp-content\/uploads\/2022\/09\/teclado-indigena3.jpg\",\"contentUrl\":\"https:\/\/jornalfatosenoticias.com.br\/wp-content\/uploads\/2022\/09\/teclado-indigena3.jpg\",\"width\":1000,\"height\":618},{\"@type\":\"BreadcrumbList\",\"@id\":\"https:\/\/jornalfatosenoticias.com.br\/index.php\/2022\/09\/02\/jovens-criam-o-primeiro-teclado-digital-para-linguas-indigenas-amazonicas\/#breadcrumb\",\"itemListElement\":[{\"@type\":\"ListItem\",\"position\":1,\"name\":\"In\u00edcio\",\"item\":\"https:\/\/jornalfatosenoticias.com.br\/\"},{\"@type\":\"ListItem\",\"position\":2,\"name\":\"Jovens criam o primeiro teclado digital para l\u00ednguas ind\u00edgenas amaz\u00f4nicas\"}]},{\"@type\":\"WebSite\",\"@id\":\"https:\/\/jornalfatosenoticias.com.br\/#website\",\"url\":\"https:\/\/jornalfatosenoticias.com.br\/\",\"name\":\"Jornal Fatos e Not\u00edcias\",\"description\":\"Not\u00edcias em geral\",\"publisher\":{\"@id\":\"https:\/\/jornalfatosenoticias.com.br\/#organization\"},\"potentialAction\":[{\"@type\":\"SearchAction\",\"target\":{\"@type\":\"EntryPoint\",\"urlTemplate\":\"https:\/\/jornalfatosenoticias.com.br\/?s={search_term_string}\"},\"query-input\":{\"@type\":\"PropertyValueSpecification\",\"valueRequired\":true,\"valueName\":\"search_term_string\"}}],\"inLanguage\":\"pt-BR\"},{\"@type\":\"Organization\",\"@id\":\"https:\/\/jornalfatosenoticias.com.br\/#organization\",\"name\":\"Jornal Fatos e Not\u00edcias\",\"url\":\"https:\/\/jornalfatosenoticias.com.br\/\",\"logo\":{\"@type\":\"ImageObject\",\"inLanguage\":\"pt-BR\",\"@id\":\"https:\/\/jornalfatosenoticias.com.br\/#\/schema\/logo\/image\/\",\"url\":\"https:\/\/jornalfatosenoticias.com.br\/wp-content\/uploads\/2020\/02\/logo120.png\",\"contentUrl\":\"https:\/\/jornalfatosenoticias.com.br\/wp-content\/uploads\/2020\/02\/logo120.png\",\"width\":1227,\"height\":120,\"caption\":\"Jornal Fatos e Not\u00edcias\"},\"image\":{\"@id\":\"https:\/\/jornalfatosenoticias.com.br\/#\/schema\/logo\/image\/\"}},{\"@type\":\"Person\",\"@id\":\"https:\/\/jornalfatosenoticias.com.br\/#\/schema\/person\/d63837fa13ac8666eb9e74e0985d6f81\",\"name\":\"Luzimara Fernandes\",\"image\":{\"@type\":\"ImageObject\",\"inLanguage\":\"pt-BR\",\"@id\":\"https:\/\/jornalfatosenoticias.com.br\/#\/schema\/person\/image\/\",\"url\":\"https:\/\/jornalfatosenoticias.com.br\/wp-content\/uploads\/2025\/05\/EU_portal.jpg\",\"contentUrl\":\"https:\/\/jornalfatosenoticias.com.br\/wp-content\/uploads\/2025\/05\/EU_portal.jpg\",\"caption\":\"Luzimara Fernandes\"},\"description\":\"Jornalista MTB 2358-ES\",\"sameAs\":[\"https:\/\/jornalfatosenoticias.com.br\"],\"url\":\"https:\/\/jornalfatosenoticias.com.br\/index.php\/author\/luzimara\/\"}]}<\/script>\n<!-- \/ Yoast SEO plugin. -->","yoast_head_json":{"title":"Jovens criam o primeiro teclado digital para l\u00ednguas ind\u00edgenas amaz\u00f4nicas - Jornal Fatos e Not\u00edcias","robots":{"index":"index","follow":"follow","max-snippet":"max-snippet:-1","max-image-preview":"max-image-preview:large","max-video-preview":"max-video-preview:-1"},"canonical":"https:\/\/jornalfatosenoticias.com.br\/index.php\/2022\/09\/02\/jovens-criam-o-primeiro-teclado-digital-para-linguas-indigenas-amazonicas\/","og_locale":"pt_BR","og_type":"article","og_title":"Jovens criam o primeiro teclado digital para l\u00ednguas ind\u00edgenas amaz\u00f4nicas - Jornal Fatos e Not\u00edcias","og_description":"Software contempla caracteres especiais e diacr\u00edticos de mais de 40 l\u00ednguas ind\u00edgenas da regi\u00e3o Dois estudantes amazonenses de 18 e 17 anos assumiram um compromisso e tanto: criar do zero o primeiro e \u00fanico software que re\u00fane caracteres especiais e diacr\u00edticos de mais de 40 l\u00ednguas ind\u00edgenas da Amaz\u00f4nia.Batizado de Linklado, o teclado digital \u00e9 [&hellip;]","og_url":"https:\/\/jornalfatosenoticias.com.br\/index.php\/2022\/09\/02\/jovens-criam-o-primeiro-teclado-digital-para-linguas-indigenas-amazonicas\/","og_site_name":"Jornal Fatos e Not\u00edcias","article_published_time":"2022-09-02T16:16:26+00:00","article_modified_time":"2022-09-02T16:16:30+00:00","og_image":[{"width":1000,"height":618,"url":"https:\/\/jornalfatosenoticias.com.br\/wp-content\/uploads\/2022\/09\/teclado-indigena3.jpg","type":"image\/jpeg"}],"author":"Luzimara Fernandes","twitter_card":"summary_large_image","twitter_misc":{"Escrito por":"Luzimara Fernandes","Est. tempo de leitura":"3 minutos"},"schema":{"@context":"https:\/\/schema.org","@graph":[{"@type":"Article","@id":"https:\/\/jornalfatosenoticias.com.br\/index.php\/2022\/09\/02\/jovens-criam-o-primeiro-teclado-digital-para-linguas-indigenas-amazonicas\/#article","isPartOf":{"@id":"https:\/\/jornalfatosenoticias.com.br\/index.php\/2022\/09\/02\/jovens-criam-o-primeiro-teclado-digital-para-linguas-indigenas-amazonicas\/"},"author":{"name":"Luzimara Fernandes","@id":"https:\/\/jornalfatosenoticias.com.br\/#\/schema\/person\/d63837fa13ac8666eb9e74e0985d6f81"},"headline":"Jovens criam o primeiro teclado digital para l\u00ednguas ind\u00edgenas amaz\u00f4nicas","datePublished":"2022-09-02T16:16:26+00:00","dateModified":"2022-09-02T16:16:30+00:00","mainEntityOfPage":{"@id":"https:\/\/jornalfatosenoticias.com.br\/index.php\/2022\/09\/02\/jovens-criam-o-primeiro-teclado-digital-para-linguas-indigenas-amazonicas\/"},"wordCount":587,"commentCount":0,"publisher":{"@id":"https:\/\/jornalfatosenoticias.com.br\/#organization"},"image":{"@id":"https:\/\/jornalfatosenoticias.com.br\/index.php\/2022\/09\/02\/jovens-criam-o-primeiro-teclado-digital-para-linguas-indigenas-amazonicas\/#primaryimage"},"thumbnailUrl":"https:\/\/jornalfatosenoticias.com.br\/wp-content\/uploads\/2022\/09\/teclado-indigena3.jpg","keywords":["jovens","l\u00ednguas ind\u00edgenas","l\u00ednguas ind\u00edgenas amaz\u00f4nicas","software","teclado digital"],"articleSection":["Educa\u00e7\u00e3o","Tecnologia &amp; Inova\u00e7\u00e3o"],"inLanguage":"pt-BR","potentialAction":[{"@type":"CommentAction","name":"Comment","target":["https:\/\/jornalfatosenoticias.com.br\/index.php\/2022\/09\/02\/jovens-criam-o-primeiro-teclado-digital-para-linguas-indigenas-amazonicas\/#respond"]}]},{"@type":"WebPage","@id":"https:\/\/jornalfatosenoticias.com.br\/index.php\/2022\/09\/02\/jovens-criam-o-primeiro-teclado-digital-para-linguas-indigenas-amazonicas\/","url":"https:\/\/jornalfatosenoticias.com.br\/index.php\/2022\/09\/02\/jovens-criam-o-primeiro-teclado-digital-para-linguas-indigenas-amazonicas\/","name":"Jovens criam o primeiro teclado digital para l\u00ednguas ind\u00edgenas amaz\u00f4nicas - Jornal Fatos e Not\u00edcias","isPartOf":{"@id":"https:\/\/jornalfatosenoticias.com.br\/#website"},"primaryImageOfPage":{"@id":"https:\/\/jornalfatosenoticias.com.br\/index.php\/2022\/09\/02\/jovens-criam-o-primeiro-teclado-digital-para-linguas-indigenas-amazonicas\/#primaryimage"},"image":{"@id":"https:\/\/jornalfatosenoticias.com.br\/index.php\/2022\/09\/02\/jovens-criam-o-primeiro-teclado-digital-para-linguas-indigenas-amazonicas\/#primaryimage"},"thumbnailUrl":"https:\/\/jornalfatosenoticias.com.br\/wp-content\/uploads\/2022\/09\/teclado-indigena3.jpg","datePublished":"2022-09-02T16:16:26+00:00","dateModified":"2022-09-02T16:16:30+00:00","breadcrumb":{"@id":"https:\/\/jornalfatosenoticias.com.br\/index.php\/2022\/09\/02\/jovens-criam-o-primeiro-teclado-digital-para-linguas-indigenas-amazonicas\/#breadcrumb"},"inLanguage":"pt-BR","potentialAction":[{"@type":"ReadAction","target":["https:\/\/jornalfatosenoticias.com.br\/index.php\/2022\/09\/02\/jovens-criam-o-primeiro-teclado-digital-para-linguas-indigenas-amazonicas\/"]}]},{"@type":"ImageObject","inLanguage":"pt-BR","@id":"https:\/\/jornalfatosenoticias.com.br\/index.php\/2022\/09\/02\/jovens-criam-o-primeiro-teclado-digital-para-linguas-indigenas-amazonicas\/#primaryimage","url":"https:\/\/jornalfatosenoticias.com.br\/wp-content\/uploads\/2022\/09\/teclado-indigena3.jpg","contentUrl":"https:\/\/jornalfatosenoticias.com.br\/wp-content\/uploads\/2022\/09\/teclado-indigena3.jpg","width":1000,"height":618},{"@type":"BreadcrumbList","@id":"https:\/\/jornalfatosenoticias.com.br\/index.php\/2022\/09\/02\/jovens-criam-o-primeiro-teclado-digital-para-linguas-indigenas-amazonicas\/#breadcrumb","itemListElement":[{"@type":"ListItem","position":1,"name":"In\u00edcio","item":"https:\/\/jornalfatosenoticias.com.br\/"},{"@type":"ListItem","position":2,"name":"Jovens criam o primeiro teclado digital para l\u00ednguas ind\u00edgenas amaz\u00f4nicas"}]},{"@type":"WebSite","@id":"https:\/\/jornalfatosenoticias.com.br\/#website","url":"https:\/\/jornalfatosenoticias.com.br\/","name":"Jornal Fatos e Not\u00edcias","description":"Not\u00edcias em geral","publisher":{"@id":"https:\/\/jornalfatosenoticias.com.br\/#organization"},"potentialAction":[{"@type":"SearchAction","target":{"@type":"EntryPoint","urlTemplate":"https:\/\/jornalfatosenoticias.com.br\/?s={search_term_string}"},"query-input":{"@type":"PropertyValueSpecification","valueRequired":true,"valueName":"search_term_string"}}],"inLanguage":"pt-BR"},{"@type":"Organization","@id":"https:\/\/jornalfatosenoticias.com.br\/#organization","name":"Jornal Fatos e Not\u00edcias","url":"https:\/\/jornalfatosenoticias.com.br\/","logo":{"@type":"ImageObject","inLanguage":"pt-BR","@id":"https:\/\/jornalfatosenoticias.com.br\/#\/schema\/logo\/image\/","url":"https:\/\/jornalfatosenoticias.com.br\/wp-content\/uploads\/2020\/02\/logo120.png","contentUrl":"https:\/\/jornalfatosenoticias.com.br\/wp-content\/uploads\/2020\/02\/logo120.png","width":1227,"height":120,"caption":"Jornal Fatos e Not\u00edcias"},"image":{"@id":"https:\/\/jornalfatosenoticias.com.br\/#\/schema\/logo\/image\/"}},{"@type":"Person","@id":"https:\/\/jornalfatosenoticias.com.br\/#\/schema\/person\/d63837fa13ac8666eb9e74e0985d6f81","name":"Luzimara Fernandes","image":{"@type":"ImageObject","inLanguage":"pt-BR","@id":"https:\/\/jornalfatosenoticias.com.br\/#\/schema\/person\/image\/","url":"https:\/\/jornalfatosenoticias.com.br\/wp-content\/uploads\/2025\/05\/EU_portal.jpg","contentUrl":"https:\/\/jornalfatosenoticias.com.br\/wp-content\/uploads\/2025\/05\/EU_portal.jpg","caption":"Luzimara Fernandes"},"description":"Jornalista MTB 2358-ES","sameAs":["https:\/\/jornalfatosenoticias.com.br"],"url":"https:\/\/jornalfatosenoticias.com.br\/index.php\/author\/luzimara\/"}]}},"cc_featured_image_caption":{"caption_text":"(Foto: Divulga\u00e7\u00e3o) ","source_text":"","source_url":""},"jetpack_featured_media_url":"https:\/\/jornalfatosenoticias.com.br\/wp-content\/uploads\/2022\/09\/teclado-indigena3.jpg","_links":{"self":[{"href":"https:\/\/jornalfatosenoticias.com.br\/index.php\/wp-json\/wp\/v2\/posts\/33822","targetHints":{"allow":["GET"]}}],"collection":[{"href":"https:\/\/jornalfatosenoticias.com.br\/index.php\/wp-json\/wp\/v2\/posts"}],"about":[{"href":"https:\/\/jornalfatosenoticias.com.br\/index.php\/wp-json\/wp\/v2\/types\/post"}],"author":[{"embeddable":true,"href":"https:\/\/jornalfatosenoticias.com.br\/index.php\/wp-json\/wp\/v2\/users\/2"}],"replies":[{"embeddable":true,"href":"https:\/\/jornalfatosenoticias.com.br\/index.php\/wp-json\/wp\/v2\/comments?post=33822"}],"version-history":[{"count":0,"href":"https:\/\/jornalfatosenoticias.com.br\/index.php\/wp-json\/wp\/v2\/posts\/33822\/revisions"}],"wp:featuredmedia":[{"embeddable":true,"href":"https:\/\/jornalfatosenoticias.com.br\/index.php\/wp-json\/wp\/v2\/media\/33825"}],"wp:attachment":[{"href":"https:\/\/jornalfatosenoticias.com.br\/index.php\/wp-json\/wp\/v2\/media?parent=33822"}],"wp:term":[{"taxonomy":"category","embeddable":true,"href":"https:\/\/jornalfatosenoticias.com.br\/index.php\/wp-json\/wp\/v2\/categories?post=33822"},{"taxonomy":"post_tag","embeddable":true,"href":"https:\/\/jornalfatosenoticias.com.br\/index.php\/wp-json\/wp\/v2\/tags?post=33822"}],"curies":[{"name":"wp","href":"https:\/\/api.w.org\/{rel}","templated":true}]}}