{"id":33862,"date":"2022-09-05T09:49:22","date_gmt":"2022-09-05T12:49:22","guid":{"rendered":"https:\/\/jornalfatosenoticias.com.br\/?p=33862"},"modified":"2022-09-05T09:49:24","modified_gmt":"2022-09-05T12:49:24","slug":"turismo-de-base-comunitaria-movimenta-r-4-milhoes-na-amazonia","status":"publish","type":"post","link":"https:\/\/jornalfatosenoticias.com.br\/index.php\/2022\/09\/05\/turismo-de-base-comunitaria-movimenta-r-4-milhoes-na-amazonia\/","title":{"rendered":"Turismo de base comunit\u00e1ria movimenta R$ 4 milh\u00f5es na Amaz\u00f4nia"},"content":{"rendered":"\n<p><em><span class=\"has-inline-color has-black-color\">Empreendimentos de turismo unem preserva\u00e7\u00e3o da Amaz\u00f4nia e gera\u00e7\u00e3o de renda para comunidades locais<\/span><\/em><\/p>\n\n\n\n<div class=\"wp-block-image\"><figure class=\"aligncenter size-large\"><img loading=\"lazy\" decoding=\"async\" width=\"1024\" height=\"100\" src=\"https:\/\/jornalfatosenoticias.com.br\/wp-content\/uploads\/2020\/02\/banner_ferramentas-1024x100.jpg\" alt=\"\" class=\"wp-image-1258\" srcset=\"https:\/\/jornalfatosenoticias.com.br\/wp-content\/uploads\/2020\/02\/banner_ferramentas-1024x100.jpg 1024w, https:\/\/jornalfatosenoticias.com.br\/wp-content\/uploads\/2020\/02\/banner_ferramentas-300x29.jpg 300w, https:\/\/jornalfatosenoticias.com.br\/wp-content\/uploads\/2020\/02\/banner_ferramentas-768x75.jpg 768w, https:\/\/jornalfatosenoticias.com.br\/wp-content\/uploads\/2020\/02\/banner_ferramentas.jpg 1227w\" sizes=\"auto, (max-width: 1024px) 100vw, 1024px\" \/><\/figure><\/div>\n\n\n\n<p>Com faturamento de R$ 4 milh\u00f5es no \u00faltimo ano, os empreendimentos de <a href=\"https:\/\/ciclovivo.com.br\/vida-sustentavel\/equilibrio\/airbnb-lanca-rotas-especiais-para-apoiar-o-turismo-sustentavel\/\" target=\"_blank\" rel=\"noreferrer noopener\">turismo<\/a> de base comunit\u00e1ria t\u00eam se mostrado uma alternativa para a recupera\u00e7\u00e3o econ\u00f4mica verde da Amaz\u00f4nia, combinando a preserva\u00e7\u00e3o da floresta e o bem-estar e qualidade de vida das comunidades locais.<br>O setor tem o apoio da Funda\u00e7\u00e3o Amaz\u00f4nia Sustent\u00e1vel (FAS) que realiza uma s\u00e9rie de a\u00e7\u00f5es de capacita\u00e7\u00e3o e fomento, como o Laborat\u00f3rio de Turismo, em parceria com a Accor Hotels, um curso digital voltado para empreendedores, com aulas que abordam conceitos de ecoturismo, desenvolvimento de roteiros, gest\u00e3o empreendedora e jornada do turista. Tamb\u00e9m foram desenvolvidas a cria\u00e7\u00e3o de modelos de neg\u00f3cio e o uso de ferramentas digitais para venda.<br>Atualmente, a FAS apoia 24 empreendimentos de <a href=\"https:\/\/ciclovivo.com.br\/vida-sustentavel\/equilibrio\/turismo-de-natureza-conheca-destinos-perto-de-5-capitais-brasileiras\/\" target=\"_blank\" rel=\"noreferrer noopener\">turismo<\/a>. Segundo Wildney Mour\u00e3o, gerente do Programa de Empreendedorismo e Neg\u00f3cios Sustent\u00e1veis da Amaz\u00f4nia (Pensa) da FAS, o apoio da institui\u00e7\u00e3o para a cadeia traz impactos socioecon\u00f4micos para que estes empreendimentos contribuam de forma consistente na retomada econ\u00f4mica.<\/p>\n\n\n\n<div class=\"wp-block-image\"><figure class=\"aligncenter size-large\"><img decoding=\"async\" src=\"https:\/\/jornalfatosenoticias.com.br\/wp-content\/uploads\/2020\/02\/logo_esteio.jpg\" alt=\"\" class=\"wp-image-1214\"\/><\/figure><\/div>\n\n\n\n<blockquote class=\"wp-block-quote is-layout-flow wp-block-quote-is-layout-flow\"><p><span class=\"has-inline-color has-luminous-vivid-orange-color\">\u201cA gente desenvolveu um programa de capacita\u00e7\u00e3o empreendedora, gest\u00e3o de neg\u00f3cios, elabora\u00e7\u00e3o de produtos tur\u00edsticos, a\u00e7\u00f5es de cr\u00e9dito e acesso ao mercado. Atuamos tamb\u00e9m no desenvolvimento tamb\u00e9m da parte que envolve marketing, comercializa\u00e7\u00e3o, articula\u00e7\u00e3o com ag\u00eancias e operadoras de turismo. Nosso objetivo \u00e9 fazer com que os empreendedores possam cada vez mais amadurecer a atividade tur\u00edstica e ter servi\u00e7os mais inovadores com agrega\u00e7\u00e3o de valor\u201d, explica.<\/span><\/p><\/blockquote>\n\n\n\n<div class=\"wp-block-image\"><figure class=\"aligncenter size-large is-resized\"><img loading=\"lazy\" decoding=\"async\" src=\"https:\/\/jornalfatosenoticias.com.br\/wp-content\/uploads\/2020\/02\/Suinco-1024x389.jpg\" alt=\"\" class=\"wp-image-28883\" width=\"422\" height=\"160\" srcset=\"https:\/\/jornalfatosenoticias.com.br\/wp-content\/uploads\/2020\/02\/Suinco-1024x389.jpg 1024w, https:\/\/jornalfatosenoticias.com.br\/wp-content\/uploads\/2020\/02\/Suinco-300x114.jpg 300w, https:\/\/jornalfatosenoticias.com.br\/wp-content\/uploads\/2020\/02\/Suinco-768x292.jpg 768w, https:\/\/jornalfatosenoticias.com.br\/wp-content\/uploads\/2020\/02\/Suinco.jpg 1220w\" sizes=\"auto, (max-width: 422px) 100vw, 422px\" \/><\/figure><\/div>\n\n\n\n<h4 class=\"wp-block-heading\"><span class=\"has-inline-color has-vivid-green-cyan-color\">Turismo que preserva a Amaz\u00f4nia<\/span><\/h4>\n\n\n\n<figure class=\"wp-block-image size-large\"><img loading=\"lazy\" decoding=\"async\" width=\"1000\" height=\"666\" src=\"https:\/\/jornalfatosenoticias.com.br\/wp-content\/uploads\/2022\/09\/turismo-amazonia-Dirce-Quintino-2.jpg\" alt=\"\" class=\"wp-image-33863\" srcset=\"https:\/\/jornalfatosenoticias.com.br\/wp-content\/uploads\/2022\/09\/turismo-amazonia-Dirce-Quintino-2.jpg 1000w, https:\/\/jornalfatosenoticias.com.br\/wp-content\/uploads\/2022\/09\/turismo-amazonia-Dirce-Quintino-2-300x200.jpg 300w, https:\/\/jornalfatosenoticias.com.br\/wp-content\/uploads\/2022\/09\/turismo-amazonia-Dirce-Quintino-2-768x511.jpg 768w\" sizes=\"auto, (max-width: 1000px) 100vw, 1000px\" \/><figcaption><em><span class=\"has-inline-color has-black-color\">(Foto: Dirce Quintino)<\/span><\/em><\/figcaption><\/figure>\n\n\n\n<div class=\"wp-block-image\"><figure class=\"alignright size-large is-resized\"><img loading=\"lazy\" decoding=\"async\" src=\"https:\/\/jornalfatosenoticias.com.br\/wp-content\/uploads\/2020\/02\/nova-logo-Marquetti.jpg\" alt=\"\" class=\"wp-image-22331\" width=\"317\" height=\"213\" srcset=\"https:\/\/jornalfatosenoticias.com.br\/wp-content\/uploads\/2020\/02\/nova-logo-Marquetti.jpg 643w, https:\/\/jornalfatosenoticias.com.br\/wp-content\/uploads\/2020\/02\/nova-logo-Marquetti-300x202.jpg 300w\" sizes=\"auto, (max-width: 317px) 100vw, 317px\" \/><\/figure><\/div>\n\n\n\n<p>A Reserva de Desenvolvimento Sustent\u00e1vel (RDS) do Uatum\u00e3 \u00e9 considerada um grande potencial para o ecoturismo. A pesca esportiva do tucunar\u00e9, esp\u00e9cie que vive nos rios da regi\u00e3o, atrai turistas que desejam capturar o peixe que pode pesar at\u00e9 10kg. A alta temporada acontece entre os meses de agosto e dezembro.<br>A comunit\u00e1ria Jov\u00e2nia Queiroz \u00e9 propriet\u00e1ria da Pousada El Shadai, na Reserva de Desenvolvimento Sustent\u00e1vel (RDS) do Uatum\u00e3. Ao lado do marido, que j\u00e1 trabalhava como guia tur\u00edstico na regi\u00e3o, o casal realizou o desejo de ter uma pousada na regi\u00e3o. Ele j\u00e1 atuava com barqueiros que levam os visitantes aos rios e lagos de pesca esportiva atendeu \u00e0s demandas dos turistas que frequentam o local e pediam por instala\u00e7\u00f5es.<br>Eles contam que, no in\u00edcio do empreendimento, criaram um perfil nas redes sociais para postar v\u00eddeos e fotos da <a href=\"https:\/\/ciclovivo.com.br\/arq-urb\/arquitetura\/em-ubatuba-pousada-une-brasilidade-e-sustentabilidade\/\" target=\"_blank\" rel=\"noreferrer noopener\">pousada<\/a>. Com o impulso digital e investimento na expans\u00e3o do espa\u00e7o, hoje a pousada traz a jun\u00e7\u00e3o entre conforto e integra\u00e7\u00e3o com a natureza.<\/p>\n\n\n\n<div class=\"wp-block-image\"><figure class=\"aligncenter size-large is-resized\"><img loading=\"lazy\" decoding=\"async\" src=\"https:\/\/jornalfatosenoticias.com.br\/wp-content\/uploads\/2022\/02\/Serra-Pack-459.png\" alt=\"\" class=\"wp-image-27471\" width=\"363\" height=\"145\"\/><\/figure><\/div>\n\n\n\n<figure class=\"wp-block-image size-large\"><img loading=\"lazy\" decoding=\"async\" width=\"1000\" height=\"610\" src=\"https:\/\/jornalfatosenoticias.com.br\/wp-content\/uploads\/2022\/09\/turismo-amazonia-Dirce-Quintino-1.jpg\" alt=\"\" class=\"wp-image-33864\" srcset=\"https:\/\/jornalfatosenoticias.com.br\/wp-content\/uploads\/2022\/09\/turismo-amazonia-Dirce-Quintino-1.jpg 1000w, https:\/\/jornalfatosenoticias.com.br\/wp-content\/uploads\/2022\/09\/turismo-amazonia-Dirce-Quintino-1-300x183.jpg 300w, https:\/\/jornalfatosenoticias.com.br\/wp-content\/uploads\/2022\/09\/turismo-amazonia-Dirce-Quintino-1-768x468.jpg 768w\" sizes=\"auto, (max-width: 1000px) 100vw, 1000px\" \/><figcaption><em><span class=\"has-inline-color has-black-color\">(Foto: Dirce Quintino)<\/span><\/em><\/figcaption><\/figure>\n\n\n\n<blockquote class=\"wp-block-quote is-layout-flow wp-block-quote-is-layout-flow\"><p><span class=\"has-inline-color has-luminous-vivid-orange-color\">\u201cCada cantinho que eu olho, vejo nosso trabalho, nosso suor. As plantas que a gente tem, aqui tudo foi feito com muita dedica\u00e7\u00e3o, muito esfor\u00e7o. Hoje a gente tem clientes fora do Brasil, dos Estados Unidos e de todos os estados do Pa\u00eds. \u00c9 muito bom e muito gratificante. N\u00f3s estamos muito felizes\u201d, comemora Jov\u00e2nia.<\/span><\/p><\/blockquote>\n\n\n\n<div class=\"wp-block-image\"><figure class=\"aligncenter size-large is-resized\"><img loading=\"lazy\" decoding=\"async\" src=\"https:\/\/jornalfatosenoticias.com.br\/wp-content\/uploads\/2022\/08\/logo-locau-veiculos-1024x573.png\" alt=\"\" class=\"wp-image-33078\" width=\"373\" height=\"208\"\/><\/figure><\/div>\n\n\n\n<p><strong><em>Fonte: <a href=\"https:\/\/ciclovivo.com.br\/planeta\/desenvolvimento\/turismo-de-base-comunitaria-movimenta-r-4-milhoes-na-amazonia\/\">CicloVivo<\/a><\/em><\/strong><\/p>\n","protected":false},"excerpt":{"rendered":"<p>Empreendimentos de turismo unem preserva\u00e7\u00e3o da Amaz\u00f4nia e gera\u00e7\u00e3o de renda para comunidades locais Com faturamento de R$ 4 milh\u00f5es no \u00faltimo ano, os empreendimentos de turismo de base comunit\u00e1ria t\u00eam se mostrado uma alternativa para a recupera\u00e7\u00e3o econ\u00f4mica verde da Amaz\u00f4nia, combinando a preserva\u00e7\u00e3o da floresta e o bem-estar e qualidade de vida das [&hellip;]<\/p>\n","protected":false},"author":2,"featured_media":33865,"comment_status":"open","ping_status":"open","sticky":false,"template":"","format":"standard","meta":{"footnotes":""},"categories":[746],"tags":[123,3752,6944,15910,11431],"class_list":["post-33862","post","type-post","status-publish","format-standard","has-post-thumbnail","hentry","category-turismo","tag-amazonia","tag-desenvolvimento-sustentavel","tag-ecoturismo","tag-turismo-de-base-comunitaria","tag-turismo-de-natureza"],"yoast_head":"<!-- This site is optimized with the Yoast SEO plugin v26.5 - https:\/\/yoast.com\/wordpress\/plugins\/seo\/ -->\n<title>Turismo de base comunit\u00e1ria movimenta R$ 4 milh\u00f5es na Amaz\u00f4nia - Jornal Fatos e Not\u00edcias<\/title>\n<meta name=\"robots\" content=\"index, follow, max-snippet:-1, max-image-preview:large, max-video-preview:-1\" \/>\n<link rel=\"canonical\" href=\"https:\/\/jornalfatosenoticias.com.br\/index.php\/2022\/09\/05\/turismo-de-base-comunitaria-movimenta-r-4-milhoes-na-amazonia\/\" \/>\n<meta property=\"og:locale\" content=\"pt_BR\" \/>\n<meta property=\"og:type\" content=\"article\" \/>\n<meta property=\"og:title\" content=\"Turismo de base comunit\u00e1ria movimenta R$ 4 milh\u00f5es na Amaz\u00f4nia - Jornal Fatos e Not\u00edcias\" \/>\n<meta property=\"og:description\" content=\"Empreendimentos de turismo unem preserva\u00e7\u00e3o da Amaz\u00f4nia e gera\u00e7\u00e3o de renda para comunidades locais Com faturamento de R$ 4 milh\u00f5es no \u00faltimo ano, os empreendimentos de turismo de base comunit\u00e1ria t\u00eam se mostrado uma alternativa para a recupera\u00e7\u00e3o econ\u00f4mica verde da Amaz\u00f4nia, combinando a preserva\u00e7\u00e3o da floresta e o bem-estar e qualidade de vida das [&hellip;]\" \/>\n<meta property=\"og:url\" content=\"https:\/\/jornalfatosenoticias.com.br\/index.php\/2022\/09\/05\/turismo-de-base-comunitaria-movimenta-r-4-milhoes-na-amazonia\/\" \/>\n<meta property=\"og:site_name\" content=\"Jornal Fatos e Not\u00edcias\" \/>\n<meta property=\"article:published_time\" content=\"2022-09-05T12:49:22+00:00\" \/>\n<meta property=\"article:modified_time\" content=\"2022-09-05T12:49:24+00:00\" \/>\n<meta property=\"og:image\" content=\"https:\/\/jornalfatosenoticias.com.br\/wp-content\/uploads\/2022\/09\/turismo-amazonia-Dirce-Quintino-3.jpg\" \/>\n\t<meta property=\"og:image:width\" content=\"1000\" \/>\n\t<meta property=\"og:image:height\" content=\"613\" \/>\n\t<meta property=\"og:image:type\" content=\"image\/jpeg\" \/>\n<meta name=\"author\" content=\"Luzimara Fernandes\" \/>\n<meta name=\"twitter:card\" content=\"summary_large_image\" \/>\n<meta name=\"twitter:label1\" content=\"Escrito por\" \/>\n\t<meta name=\"twitter:data1\" content=\"Luzimara Fernandes\" \/>\n\t<meta name=\"twitter:label2\" content=\"Est. tempo de leitura\" \/>\n\t<meta name=\"twitter:data2\" content=\"3 minutos\" \/>\n<script type=\"application\/ld+json\" class=\"yoast-schema-graph\">{\"@context\":\"https:\/\/schema.org\",\"@graph\":[{\"@type\":\"Article\",\"@id\":\"https:\/\/jornalfatosenoticias.com.br\/index.php\/2022\/09\/05\/turismo-de-base-comunitaria-movimenta-r-4-milhoes-na-amazonia\/#article\",\"isPartOf\":{\"@id\":\"https:\/\/jornalfatosenoticias.com.br\/index.php\/2022\/09\/05\/turismo-de-base-comunitaria-movimenta-r-4-milhoes-na-amazonia\/\"},\"author\":{\"name\":\"Luzimara Fernandes\",\"@id\":\"https:\/\/jornalfatosenoticias.com.br\/#\/schema\/person\/d63837fa13ac8666eb9e74e0985d6f81\"},\"headline\":\"Turismo de base comunit\u00e1ria movimenta R$ 4 milh\u00f5es na Amaz\u00f4nia\",\"datePublished\":\"2022-09-05T12:49:22+00:00\",\"dateModified\":\"2022-09-05T12:49:24+00:00\",\"mainEntityOfPage\":{\"@id\":\"https:\/\/jornalfatosenoticias.com.br\/index.php\/2022\/09\/05\/turismo-de-base-comunitaria-movimenta-r-4-milhoes-na-amazonia\/\"},\"wordCount\":542,\"commentCount\":0,\"publisher\":{\"@id\":\"https:\/\/jornalfatosenoticias.com.br\/#organization\"},\"image\":{\"@id\":\"https:\/\/jornalfatosenoticias.com.br\/index.php\/2022\/09\/05\/turismo-de-base-comunitaria-movimenta-r-4-milhoes-na-amazonia\/#primaryimage\"},\"thumbnailUrl\":\"https:\/\/jornalfatosenoticias.com.br\/wp-content\/uploads\/2022\/09\/turismo-amazonia-Dirce-Quintino-3.jpg\",\"keywords\":[\"amaz\u00f4nia\",\"desenvolvimento sustent\u00e1vel\",\"ecoturismo\",\"turismo de base comunit\u00e1ria\",\"turismo de natureza\"],\"articleSection\":[\"Turismo\"],\"inLanguage\":\"pt-BR\",\"potentialAction\":[{\"@type\":\"CommentAction\",\"name\":\"Comment\",\"target\":[\"https:\/\/jornalfatosenoticias.com.br\/index.php\/2022\/09\/05\/turismo-de-base-comunitaria-movimenta-r-4-milhoes-na-amazonia\/#respond\"]}]},{\"@type\":\"WebPage\",\"@id\":\"https:\/\/jornalfatosenoticias.com.br\/index.php\/2022\/09\/05\/turismo-de-base-comunitaria-movimenta-r-4-milhoes-na-amazonia\/\",\"url\":\"https:\/\/jornalfatosenoticias.com.br\/index.php\/2022\/09\/05\/turismo-de-base-comunitaria-movimenta-r-4-milhoes-na-amazonia\/\",\"name\":\"Turismo de base comunit\u00e1ria movimenta R$ 4 milh\u00f5es na Amaz\u00f4nia - Jornal Fatos e Not\u00edcias\",\"isPartOf\":{\"@id\":\"https:\/\/jornalfatosenoticias.com.br\/#website\"},\"primaryImageOfPage\":{\"@id\":\"https:\/\/jornalfatosenoticias.com.br\/index.php\/2022\/09\/05\/turismo-de-base-comunitaria-movimenta-r-4-milhoes-na-amazonia\/#primaryimage\"},\"image\":{\"@id\":\"https:\/\/jornalfatosenoticias.com.br\/index.php\/2022\/09\/05\/turismo-de-base-comunitaria-movimenta-r-4-milhoes-na-amazonia\/#primaryimage\"},\"thumbnailUrl\":\"https:\/\/jornalfatosenoticias.com.br\/wp-content\/uploads\/2022\/09\/turismo-amazonia-Dirce-Quintino-3.jpg\",\"datePublished\":\"2022-09-05T12:49:22+00:00\",\"dateModified\":\"2022-09-05T12:49:24+00:00\",\"breadcrumb\":{\"@id\":\"https:\/\/jornalfatosenoticias.com.br\/index.php\/2022\/09\/05\/turismo-de-base-comunitaria-movimenta-r-4-milhoes-na-amazonia\/#breadcrumb\"},\"inLanguage\":\"pt-BR\",\"potentialAction\":[{\"@type\":\"ReadAction\",\"target\":[\"https:\/\/jornalfatosenoticias.com.br\/index.php\/2022\/09\/05\/turismo-de-base-comunitaria-movimenta-r-4-milhoes-na-amazonia\/\"]}]},{\"@type\":\"ImageObject\",\"inLanguage\":\"pt-BR\",\"@id\":\"https:\/\/jornalfatosenoticias.com.br\/index.php\/2022\/09\/05\/turismo-de-base-comunitaria-movimenta-r-4-milhoes-na-amazonia\/#primaryimage\",\"url\":\"https:\/\/jornalfatosenoticias.com.br\/wp-content\/uploads\/2022\/09\/turismo-amazonia-Dirce-Quintino-3.jpg\",\"contentUrl\":\"https:\/\/jornalfatosenoticias.com.br\/wp-content\/uploads\/2022\/09\/turismo-amazonia-Dirce-Quintino-3.jpg\",\"width\":1000,\"height\":613},{\"@type\":\"BreadcrumbList\",\"@id\":\"https:\/\/jornalfatosenoticias.com.br\/index.php\/2022\/09\/05\/turismo-de-base-comunitaria-movimenta-r-4-milhoes-na-amazonia\/#breadcrumb\",\"itemListElement\":[{\"@type\":\"ListItem\",\"position\":1,\"name\":\"In\u00edcio\",\"item\":\"https:\/\/jornalfatosenoticias.com.br\/\"},{\"@type\":\"ListItem\",\"position\":2,\"name\":\"Turismo de base comunit\u00e1ria movimenta R$ 4 milh\u00f5es na Amaz\u00f4nia\"}]},{\"@type\":\"WebSite\",\"@id\":\"https:\/\/jornalfatosenoticias.com.br\/#website\",\"url\":\"https:\/\/jornalfatosenoticias.com.br\/\",\"name\":\"Jornal Fatos e Not\u00edcias\",\"description\":\"Not\u00edcias em geral\",\"publisher\":{\"@id\":\"https:\/\/jornalfatosenoticias.com.br\/#organization\"},\"potentialAction\":[{\"@type\":\"SearchAction\",\"target\":{\"@type\":\"EntryPoint\",\"urlTemplate\":\"https:\/\/jornalfatosenoticias.com.br\/?s={search_term_string}\"},\"query-input\":{\"@type\":\"PropertyValueSpecification\",\"valueRequired\":true,\"valueName\":\"search_term_string\"}}],\"inLanguage\":\"pt-BR\"},{\"@type\":\"Organization\",\"@id\":\"https:\/\/jornalfatosenoticias.com.br\/#organization\",\"name\":\"Jornal Fatos e Not\u00edcias\",\"url\":\"https:\/\/jornalfatosenoticias.com.br\/\",\"logo\":{\"@type\":\"ImageObject\",\"inLanguage\":\"pt-BR\",\"@id\":\"https:\/\/jornalfatosenoticias.com.br\/#\/schema\/logo\/image\/\",\"url\":\"https:\/\/jornalfatosenoticias.com.br\/wp-content\/uploads\/2020\/02\/logo120.png\",\"contentUrl\":\"https:\/\/jornalfatosenoticias.com.br\/wp-content\/uploads\/2020\/02\/logo120.png\",\"width\":1227,\"height\":120,\"caption\":\"Jornal Fatos e Not\u00edcias\"},\"image\":{\"@id\":\"https:\/\/jornalfatosenoticias.com.br\/#\/schema\/logo\/image\/\"}},{\"@type\":\"Person\",\"@id\":\"https:\/\/jornalfatosenoticias.com.br\/#\/schema\/person\/d63837fa13ac8666eb9e74e0985d6f81\",\"name\":\"Luzimara Fernandes\",\"image\":{\"@type\":\"ImageObject\",\"inLanguage\":\"pt-BR\",\"@id\":\"https:\/\/jornalfatosenoticias.com.br\/#\/schema\/person\/image\/\",\"url\":\"https:\/\/jornalfatosenoticias.com.br\/wp-content\/uploads\/2025\/05\/EU_portal.jpg\",\"contentUrl\":\"https:\/\/jornalfatosenoticias.com.br\/wp-content\/uploads\/2025\/05\/EU_portal.jpg\",\"caption\":\"Luzimara Fernandes\"},\"description\":\"Jornalista MTB 2358-ES\",\"sameAs\":[\"https:\/\/jornalfatosenoticias.com.br\"],\"url\":\"https:\/\/jornalfatosenoticias.com.br\/index.php\/author\/luzimara\/\"}]}<\/script>\n<!-- \/ Yoast SEO plugin. -->","yoast_head_json":{"title":"Turismo de base comunit\u00e1ria movimenta R$ 4 milh\u00f5es na Amaz\u00f4nia - Jornal Fatos e Not\u00edcias","robots":{"index":"index","follow":"follow","max-snippet":"max-snippet:-1","max-image-preview":"max-image-preview:large","max-video-preview":"max-video-preview:-1"},"canonical":"https:\/\/jornalfatosenoticias.com.br\/index.php\/2022\/09\/05\/turismo-de-base-comunitaria-movimenta-r-4-milhoes-na-amazonia\/","og_locale":"pt_BR","og_type":"article","og_title":"Turismo de base comunit\u00e1ria movimenta R$ 4 milh\u00f5es na Amaz\u00f4nia - Jornal Fatos e Not\u00edcias","og_description":"Empreendimentos de turismo unem preserva\u00e7\u00e3o da Amaz\u00f4nia e gera\u00e7\u00e3o de renda para comunidades locais Com faturamento de R$ 4 milh\u00f5es no \u00faltimo ano, os empreendimentos de turismo de base comunit\u00e1ria t\u00eam se mostrado uma alternativa para a recupera\u00e7\u00e3o econ\u00f4mica verde da Amaz\u00f4nia, combinando a preserva\u00e7\u00e3o da floresta e o bem-estar e qualidade de vida das [&hellip;]","og_url":"https:\/\/jornalfatosenoticias.com.br\/index.php\/2022\/09\/05\/turismo-de-base-comunitaria-movimenta-r-4-milhoes-na-amazonia\/","og_site_name":"Jornal Fatos e Not\u00edcias","article_published_time":"2022-09-05T12:49:22+00:00","article_modified_time":"2022-09-05T12:49:24+00:00","og_image":[{"width":1000,"height":613,"url":"https:\/\/jornalfatosenoticias.com.br\/wp-content\/uploads\/2022\/09\/turismo-amazonia-Dirce-Quintino-3.jpg","type":"image\/jpeg"}],"author":"Luzimara Fernandes","twitter_card":"summary_large_image","twitter_misc":{"Escrito por":"Luzimara Fernandes","Est. tempo de leitura":"3 minutos"},"schema":{"@context":"https:\/\/schema.org","@graph":[{"@type":"Article","@id":"https:\/\/jornalfatosenoticias.com.br\/index.php\/2022\/09\/05\/turismo-de-base-comunitaria-movimenta-r-4-milhoes-na-amazonia\/#article","isPartOf":{"@id":"https:\/\/jornalfatosenoticias.com.br\/index.php\/2022\/09\/05\/turismo-de-base-comunitaria-movimenta-r-4-milhoes-na-amazonia\/"},"author":{"name":"Luzimara Fernandes","@id":"https:\/\/jornalfatosenoticias.com.br\/#\/schema\/person\/d63837fa13ac8666eb9e74e0985d6f81"},"headline":"Turismo de base comunit\u00e1ria movimenta R$ 4 milh\u00f5es na Amaz\u00f4nia","datePublished":"2022-09-05T12:49:22+00:00","dateModified":"2022-09-05T12:49:24+00:00","mainEntityOfPage":{"@id":"https:\/\/jornalfatosenoticias.com.br\/index.php\/2022\/09\/05\/turismo-de-base-comunitaria-movimenta-r-4-milhoes-na-amazonia\/"},"wordCount":542,"commentCount":0,"publisher":{"@id":"https:\/\/jornalfatosenoticias.com.br\/#organization"},"image":{"@id":"https:\/\/jornalfatosenoticias.com.br\/index.php\/2022\/09\/05\/turismo-de-base-comunitaria-movimenta-r-4-milhoes-na-amazonia\/#primaryimage"},"thumbnailUrl":"https:\/\/jornalfatosenoticias.com.br\/wp-content\/uploads\/2022\/09\/turismo-amazonia-Dirce-Quintino-3.jpg","keywords":["amaz\u00f4nia","desenvolvimento sustent\u00e1vel","ecoturismo","turismo de base comunit\u00e1ria","turismo de natureza"],"articleSection":["Turismo"],"inLanguage":"pt-BR","potentialAction":[{"@type":"CommentAction","name":"Comment","target":["https:\/\/jornalfatosenoticias.com.br\/index.php\/2022\/09\/05\/turismo-de-base-comunitaria-movimenta-r-4-milhoes-na-amazonia\/#respond"]}]},{"@type":"WebPage","@id":"https:\/\/jornalfatosenoticias.com.br\/index.php\/2022\/09\/05\/turismo-de-base-comunitaria-movimenta-r-4-milhoes-na-amazonia\/","url":"https:\/\/jornalfatosenoticias.com.br\/index.php\/2022\/09\/05\/turismo-de-base-comunitaria-movimenta-r-4-milhoes-na-amazonia\/","name":"Turismo de base comunit\u00e1ria movimenta R$ 4 milh\u00f5es na Amaz\u00f4nia - Jornal Fatos e Not\u00edcias","isPartOf":{"@id":"https:\/\/jornalfatosenoticias.com.br\/#website"},"primaryImageOfPage":{"@id":"https:\/\/jornalfatosenoticias.com.br\/index.php\/2022\/09\/05\/turismo-de-base-comunitaria-movimenta-r-4-milhoes-na-amazonia\/#primaryimage"},"image":{"@id":"https:\/\/jornalfatosenoticias.com.br\/index.php\/2022\/09\/05\/turismo-de-base-comunitaria-movimenta-r-4-milhoes-na-amazonia\/#primaryimage"},"thumbnailUrl":"https:\/\/jornalfatosenoticias.com.br\/wp-content\/uploads\/2022\/09\/turismo-amazonia-Dirce-Quintino-3.jpg","datePublished":"2022-09-05T12:49:22+00:00","dateModified":"2022-09-05T12:49:24+00:00","breadcrumb":{"@id":"https:\/\/jornalfatosenoticias.com.br\/index.php\/2022\/09\/05\/turismo-de-base-comunitaria-movimenta-r-4-milhoes-na-amazonia\/#breadcrumb"},"inLanguage":"pt-BR","potentialAction":[{"@type":"ReadAction","target":["https:\/\/jornalfatosenoticias.com.br\/index.php\/2022\/09\/05\/turismo-de-base-comunitaria-movimenta-r-4-milhoes-na-amazonia\/"]}]},{"@type":"ImageObject","inLanguage":"pt-BR","@id":"https:\/\/jornalfatosenoticias.com.br\/index.php\/2022\/09\/05\/turismo-de-base-comunitaria-movimenta-r-4-milhoes-na-amazonia\/#primaryimage","url":"https:\/\/jornalfatosenoticias.com.br\/wp-content\/uploads\/2022\/09\/turismo-amazonia-Dirce-Quintino-3.jpg","contentUrl":"https:\/\/jornalfatosenoticias.com.br\/wp-content\/uploads\/2022\/09\/turismo-amazonia-Dirce-Quintino-3.jpg","width":1000,"height":613},{"@type":"BreadcrumbList","@id":"https:\/\/jornalfatosenoticias.com.br\/index.php\/2022\/09\/05\/turismo-de-base-comunitaria-movimenta-r-4-milhoes-na-amazonia\/#breadcrumb","itemListElement":[{"@type":"ListItem","position":1,"name":"In\u00edcio","item":"https:\/\/jornalfatosenoticias.com.br\/"},{"@type":"ListItem","position":2,"name":"Turismo de base comunit\u00e1ria movimenta R$ 4 milh\u00f5es na Amaz\u00f4nia"}]},{"@type":"WebSite","@id":"https:\/\/jornalfatosenoticias.com.br\/#website","url":"https:\/\/jornalfatosenoticias.com.br\/","name":"Jornal Fatos e Not\u00edcias","description":"Not\u00edcias em geral","publisher":{"@id":"https:\/\/jornalfatosenoticias.com.br\/#organization"},"potentialAction":[{"@type":"SearchAction","target":{"@type":"EntryPoint","urlTemplate":"https:\/\/jornalfatosenoticias.com.br\/?s={search_term_string}"},"query-input":{"@type":"PropertyValueSpecification","valueRequired":true,"valueName":"search_term_string"}}],"inLanguage":"pt-BR"},{"@type":"Organization","@id":"https:\/\/jornalfatosenoticias.com.br\/#organization","name":"Jornal Fatos e Not\u00edcias","url":"https:\/\/jornalfatosenoticias.com.br\/","logo":{"@type":"ImageObject","inLanguage":"pt-BR","@id":"https:\/\/jornalfatosenoticias.com.br\/#\/schema\/logo\/image\/","url":"https:\/\/jornalfatosenoticias.com.br\/wp-content\/uploads\/2020\/02\/logo120.png","contentUrl":"https:\/\/jornalfatosenoticias.com.br\/wp-content\/uploads\/2020\/02\/logo120.png","width":1227,"height":120,"caption":"Jornal Fatos e Not\u00edcias"},"image":{"@id":"https:\/\/jornalfatosenoticias.com.br\/#\/schema\/logo\/image\/"}},{"@type":"Person","@id":"https:\/\/jornalfatosenoticias.com.br\/#\/schema\/person\/d63837fa13ac8666eb9e74e0985d6f81","name":"Luzimara Fernandes","image":{"@type":"ImageObject","inLanguage":"pt-BR","@id":"https:\/\/jornalfatosenoticias.com.br\/#\/schema\/person\/image\/","url":"https:\/\/jornalfatosenoticias.com.br\/wp-content\/uploads\/2025\/05\/EU_portal.jpg","contentUrl":"https:\/\/jornalfatosenoticias.com.br\/wp-content\/uploads\/2025\/05\/EU_portal.jpg","caption":"Luzimara Fernandes"},"description":"Jornalista MTB 2358-ES","sameAs":["https:\/\/jornalfatosenoticias.com.br"],"url":"https:\/\/jornalfatosenoticias.com.br\/index.php\/author\/luzimara\/"}]}},"cc_featured_image_caption":{"caption_text":"(Foto: Dirce Quintino) ","source_text":"","source_url":""},"jetpack_featured_media_url":"https:\/\/jornalfatosenoticias.com.br\/wp-content\/uploads\/2022\/09\/turismo-amazonia-Dirce-Quintino-3.jpg","_links":{"self":[{"href":"https:\/\/jornalfatosenoticias.com.br\/index.php\/wp-json\/wp\/v2\/posts\/33862","targetHints":{"allow":["GET"]}}],"collection":[{"href":"https:\/\/jornalfatosenoticias.com.br\/index.php\/wp-json\/wp\/v2\/posts"}],"about":[{"href":"https:\/\/jornalfatosenoticias.com.br\/index.php\/wp-json\/wp\/v2\/types\/post"}],"author":[{"embeddable":true,"href":"https:\/\/jornalfatosenoticias.com.br\/index.php\/wp-json\/wp\/v2\/users\/2"}],"replies":[{"embeddable":true,"href":"https:\/\/jornalfatosenoticias.com.br\/index.php\/wp-json\/wp\/v2\/comments?post=33862"}],"version-history":[{"count":0,"href":"https:\/\/jornalfatosenoticias.com.br\/index.php\/wp-json\/wp\/v2\/posts\/33862\/revisions"}],"wp:featuredmedia":[{"embeddable":true,"href":"https:\/\/jornalfatosenoticias.com.br\/index.php\/wp-json\/wp\/v2\/media\/33865"}],"wp:attachment":[{"href":"https:\/\/jornalfatosenoticias.com.br\/index.php\/wp-json\/wp\/v2\/media?parent=33862"}],"wp:term":[{"taxonomy":"category","embeddable":true,"href":"https:\/\/jornalfatosenoticias.com.br\/index.php\/wp-json\/wp\/v2\/categories?post=33862"},{"taxonomy":"post_tag","embeddable":true,"href":"https:\/\/jornalfatosenoticias.com.br\/index.php\/wp-json\/wp\/v2\/tags?post=33862"}],"curies":[{"name":"wp","href":"https:\/\/api.w.org\/{rel}","templated":true}]}}