{"id":33891,"date":"2022-09-05T12:47:58","date_gmt":"2022-09-05T15:47:58","guid":{"rendered":"https:\/\/jornalfatosenoticias.com.br\/?p=33891"},"modified":"2022-09-05T12:48:01","modified_gmt":"2022-09-05T15:48:01","slug":"dia-da-amazonia-da-biodiversidade-ao-aquecimento-global","status":"publish","type":"post","link":"https:\/\/jornalfatosenoticias.com.br\/index.php\/2022\/09\/05\/dia-da-amazonia-da-biodiversidade-ao-aquecimento-global\/","title":{"rendered":"Dia da Amaz\u00f4nia: da biodiversidade ao aquecimento global"},"content":{"rendered":"\n<p><em><span class=\"has-inline-color has-black-color\">Neste Dia da Amaz\u00f4nia, para muito al\u00e9m do vasto territ\u00f3rio, em todos os aspectos de sua biodiversidade amea\u00e7ada, o bioma deve ser tema de primeira ordem na pol\u00edtica<\/span><\/em><\/p>\n\n\n\n<div class=\"wp-block-image\"><figure class=\"aligncenter size-large\"><img loading=\"lazy\" decoding=\"async\" width=\"1024\" height=\"100\" src=\"https:\/\/jornalfatosenoticias.com.br\/wp-content\/uploads\/2020\/02\/banner_ferramentas-1024x100.jpg\" alt=\"\" class=\"wp-image-1258\" srcset=\"https:\/\/jornalfatosenoticias.com.br\/wp-content\/uploads\/2020\/02\/banner_ferramentas-1024x100.jpg 1024w, https:\/\/jornalfatosenoticias.com.br\/wp-content\/uploads\/2020\/02\/banner_ferramentas-300x29.jpg 300w, https:\/\/jornalfatosenoticias.com.br\/wp-content\/uploads\/2020\/02\/banner_ferramentas-768x75.jpg 768w, https:\/\/jornalfatosenoticias.com.br\/wp-content\/uploads\/2020\/02\/banner_ferramentas.jpg 1227w\" sizes=\"auto, (max-width: 1024px) 100vw, 1024px\" \/><\/figure><\/div>\n\n\n\n<p>A <strong><a href=\"https:\/\/umsoplaneta.globo.com\/biodiversidade\/noticia\/2021\/07\/26\/floresta-amazonica-caracteristicas-onde-fica-animais-e-vegetacao-tipica.ghtml\"><strong>Floresta Amaz\u00f4nica<\/strong><\/a><\/strong> \u00e9 reconhecida h\u00e1 muito tempo como um grande reposit\u00f3rio de fauna, flora, conhecimento tradicional e cultura, n\u00e3o apenas para tribos e comunidades locais, mas para o mundo inteiro. N\u00e3o h\u00e1 nada que se compare \u00e0 maior e mais diversa floresta tropical do mundo em termos de tamanho e diversidade.<br>Embora a crise na Amaz\u00f4nia seja uma preocupa\u00e7\u00e3o primordial para as comunidades dos pa\u00edses cujo territ\u00f3rio o bioma abrange \u2014 distribu\u00eddo entre Peru, Bol\u00edvia, Col\u00f4mbia, Equador, Venezuela e Brasil \u2014 a preocupa\u00e7\u00e3o com sua prote\u00e7\u00e3o, cuidado e bem-estar tamb\u00e9m s\u00e3o, ou deveriam ser, motivo de interesse global priorit\u00e1rio. Afinal, conservar a Amaz\u00f4nia \u00e9 preservar uma parte crucial do apoio da natureza \u00e0 vida no Planeta.<\/p>\n\n\n\n<div class=\"wp-block-image\"><figure class=\"alignright size-large is-resized\"><img loading=\"lazy\" decoding=\"async\" src=\"https:\/\/jornalfatosenoticias.com.br\/wp-content\/uploads\/2022\/02\/Precisao-Contabilidade-1024x724.jpg\" alt=\"\" class=\"wp-image-28088\" width=\"300\" height=\"212\"\/><\/figure><\/div>\n\n\n\n<p>Talvez o papel secund\u00e1rio relegado \u00e0 prote\u00e7\u00e3o da Amaz\u00f4nia nos discursos de candidatos que disputam cargos para as elei\u00e7\u00f5es que se avizinham no Brasil transpare\u00e7a outra no\u00e7\u00e3o. Mas a realidade \u00e9 que a luta contra o <a href=\"https:\/\/umsoplaneta.globo.com\/indicadores\/desmatamento-no-brasil\/\"><strong>desmatamento<\/strong><\/a>, a degrada\u00e7\u00e3o e a perda de\u00a0<a href=\"https:\/\/umsoplaneta.globo.com\/biodiversidade\/noticia\/2021\/05\/21\/biodiversidade-o-que-e-e-quais-ameacas-enfrenta.ghtml\"><strong>biodiversidade<\/strong><\/a>, que podem ter efeitos irrevers\u00edveis, deveriam despertar profundo interesse nacional.<br>\u00c9 igualmente importante que a pol\u00edtica nacional contribua para a promo\u00e7\u00e3o de uma economia baseada em conhecimento e servi\u00e7os, em vez de expandir o modelo extrativista. Valorizar os servi\u00e7os ecossist\u00eamicos alinhados \u00e0 inova\u00e7\u00e3o tecnol\u00f3gica e ao conhecimento tradicional deveriam ser grandes focos do Brasil, para que pud\u00e9ssemos estabelecer novos neg\u00f3cios que promovam a sociobiodiversidade da Amaz\u00f4nia.<\/p>\n\n\n\n<div class=\"wp-block-image\"><figure class=\"aligncenter size-large is-resized\"><img loading=\"lazy\" decoding=\"async\" src=\"https:\/\/jornalfatosenoticias.com.br\/wp-content\/uploads\/2020\/02\/Suinco-1024x389.jpg\" alt=\"\" class=\"wp-image-28883\" width=\"330\" height=\"125\" srcset=\"https:\/\/jornalfatosenoticias.com.br\/wp-content\/uploads\/2020\/02\/Suinco-1024x389.jpg 1024w, https:\/\/jornalfatosenoticias.com.br\/wp-content\/uploads\/2020\/02\/Suinco-300x114.jpg 300w, https:\/\/jornalfatosenoticias.com.br\/wp-content\/uploads\/2020\/02\/Suinco-768x292.jpg 768w, https:\/\/jornalfatosenoticias.com.br\/wp-content\/uploads\/2020\/02\/Suinco.jpg 1220w\" sizes=\"auto, (max-width: 330px) 100vw, 330px\" \/><\/figure><\/div>\n\n\n\n<p>A biodiversidade amaz\u00f4nica tamb\u00e9m desempenha um papel cr\u00edtico como parte dos sistemas globais, influenciando o ciclo global do carbono e, portanto, as <a href=\"https:\/\/umsoplaneta.globo.com\/clima\/noticia\/2021\/04\/04\/o-que-sao-as-mudancas-climaticas.ghtml\"><strong>mudan\u00e7as clim\u00e1ticas<\/strong><\/a>, bem como os sistemas hidrol\u00f3gicos hemisf\u00e9ricos, servindo como uma \u00e2ncora importante para o clima e as chuvas da Am\u00e9rica do Sul.<\/p>\n\n\n\n<div class=\"wp-block-image\"><figure class=\"aligncenter size-large\"><img loading=\"lazy\" decoding=\"async\" width=\"1024\" height=\"100\" src=\"https:\/\/jornalfatosenoticias.com.br\/wp-content\/uploads\/2022\/05\/NOVA-LOGO-CESCONETTO-1024x100.jpg\" alt=\"\" class=\"wp-image-30792\" srcset=\"https:\/\/jornalfatosenoticias.com.br\/wp-content\/uploads\/2022\/05\/NOVA-LOGO-CESCONETTO-1024x100.jpg 1024w, https:\/\/jornalfatosenoticias.com.br\/wp-content\/uploads\/2022\/05\/NOVA-LOGO-CESCONETTO-300x29.jpg 300w, https:\/\/jornalfatosenoticias.com.br\/wp-content\/uploads\/2022\/05\/NOVA-LOGO-CESCONETTO-768x75.jpg 768w, https:\/\/jornalfatosenoticias.com.br\/wp-content\/uploads\/2022\/05\/NOVA-LOGO-CESCONETTO.jpg 1280w\" sizes=\"auto, (max-width: 1024px) 100vw, 1024px\" \/><\/figure><\/div>\n\n\n\n<p><strong><span class=\"has-inline-color has-vivid-green-cyan-color\">Protagonista contra o aquecimento global<br><\/span><\/strong>\u00c0 medida em que as florestas queimam e o <a href=\"https:\/\/umsoplaneta.globo.com\/clima\/noticia\/2021\/04\/04\/bloco-1-o-que-e-o-aquecimento-global.ghtml\"><strong>aquecimento global<\/strong><\/a>\u00a0piora, o impacto do\u00a0<a href=\"https:\/\/umsoplaneta.globo.com\/biodiversidade\/noticia\/2021\/07\/15\/desmatamento-na-amazonia-as-causas-e-os-impactos-para-o-planeta.ghtml\"><strong>desmatamento da Amaz\u00f4nia<\/strong><\/a> continua a desfazer gradualmente os fr\u00e1geis processos ecol\u00f3gicos que foram refinados ao longo de milh\u00f5es de anos. Ironicamente, \u00e0 medida que a floresta tropical continua a ser devastada, com maior impacto nos \u00faltimos anos, o trabalho de cientistas ganha refor\u00e7o, lan\u00e7ando luz sobre os la\u00e7os cr\u00edticos que ligam a prote\u00e7\u00e3o do bioma \u00e0 preserva\u00e7\u00e3o do restante do mundo.<\/p>\n\n\n\n<div class=\"wp-block-image\"><figure class=\"alignleft size-large is-resized\"><img loading=\"lazy\" decoding=\"async\" src=\"https:\/\/jornalfatosenoticias.com.br\/wp-content\/uploads\/2020\/02\/nova-logo-Marquetti.jpg\" alt=\"\" class=\"wp-image-22331\" width=\"351\" height=\"235\" srcset=\"https:\/\/jornalfatosenoticias.com.br\/wp-content\/uploads\/2020\/02\/nova-logo-Marquetti.jpg 643w, https:\/\/jornalfatosenoticias.com.br\/wp-content\/uploads\/2020\/02\/nova-logo-Marquetti-300x202.jpg 300w\" sizes=\"auto, (max-width: 351px) 100vw, 351px\" \/><\/figure><\/div>\n\n\n\n<p>As \u00e1rvores t\u00eam atributos ocultos que desempenham um papel fundamental na redu\u00e7\u00e3o dos n\u00edveis de poluentes: por exemplo, o di\u00f3xido de carbono (CO\u2082), um g\u00e1s emitido por fontes naturais e humanas. Ao longo dos \u00faltimos 150 anos, os humanos t\u00eam bombeado grandes quantidades de CO\u2082 para o ar por meio da queima de combust\u00edveis f\u00f3sseis, carv\u00e3o, petr\u00f3leo e g\u00e1s natural \u2014 este \u00e9 um dos principais impulsionadores da crise clim\u00e1tica global.<br>Embora a Amaz\u00f4nia n\u00e3o seja o pulm\u00e3o do mundo, como tanto se difunde \u2014 j\u00e1 que, na verdade, consome quase todo o oxig\u00eanio que produz \u2014 sua import\u00e2ncia para nossa qualidade de vida n\u00e3o pode ser subestimada. Em condi\u00e7\u00f5es naturais, as plantas removem o CO\u2082 da atmosfera e o absorvem para a fotoss\u00edntese, um processo de cria\u00e7\u00e3o de energia que produz oxig\u00eanio, que \u00e9 liberado de volta no ar, e carbono, que permite que a planta cres\u00e7a.<\/p>\n\n\n\n<div class=\"wp-block-image\"><figure class=\"aligncenter size-large is-resized\"><img loading=\"lazy\" decoding=\"async\" src=\"https:\/\/jornalfatosenoticias.com.br\/wp-content\/uploads\/2020\/02\/LOGO-EMBCIA-34-ANOS-1.jpg\" alt=\"\" class=\"wp-image-33579\" width=\"430\" height=\"240\"\/><\/figure><\/div>\n\n\n\n<p>O que as florestas tiram do ar tamb\u00e9m podem devolver. Quando \u00e1rvores e vegeta\u00e7\u00e3o queimam, o carbono das \u00e1rvores \u00e9 liberado na forma de CO\u2082, que polui a atmosfera e que j\u00e1 existe em excesso. Assim, sem florestas tropicais, o <a href=\"https:\/\/umsoplaneta.globo.com\/clima\/noticia\/2021\/04\/04\/o-que-e-efeito-estufa.ghtml\"><strong>efeito estufa<\/strong><\/a> provavelmente seria ainda mais pronunciado, e as mudan\u00e7as clim\u00e1ticas podem piorar ainda mais no futuro. O avan\u00e7o da destrui\u00e7\u00e3o da floresta Amaz\u00f4nica \u00e9 uma amea\u00e7a \u00e0 biodiversidade do Planeta, agravando ainda mais o aquecimento global. Manter esse bioma afastado das pol\u00edticas p\u00fablicas \u00e9 ignorar a necessidade, urgente, de mais a\u00e7\u00e3o para preservar a vida que pulsa na Amaz\u00f4nia.<\/p>\n\n\n\n<div class=\"wp-block-image\"><figure class=\"aligncenter size-large is-resized\"><img loading=\"lazy\" decoding=\"async\" src=\"https:\/\/jornalfatosenoticias.com.br\/wp-content\/uploads\/2022\/02\/Serra-Pack-459.png\" alt=\"\" class=\"wp-image-27471\" width=\"350\" height=\"140\"\/><\/figure><\/div>\n\n\n\n<figure class=\"wp-block-image size-large\"><img loading=\"lazy\" decoding=\"async\" width=\"1000\" height=\"511\" src=\"https:\/\/jornalfatosenoticias.com.br\/wp-content\/uploads\/2022\/09\/DIA-DA-AMAZONIA_gettyimages2.jpg\" alt=\"\" class=\"wp-image-33893\" srcset=\"https:\/\/jornalfatosenoticias.com.br\/wp-content\/uploads\/2022\/09\/DIA-DA-AMAZONIA_gettyimages2.jpg 1000w, https:\/\/jornalfatosenoticias.com.br\/wp-content\/uploads\/2022\/09\/DIA-DA-AMAZONIA_gettyimages2-300x153.jpg 300w, https:\/\/jornalfatosenoticias.com.br\/wp-content\/uploads\/2022\/09\/DIA-DA-AMAZONIA_gettyimages2-768x392.jpg 768w\" sizes=\"auto, (max-width: 1000px) 100vw, 1000px\" \/><figcaption><em><span class=\"has-inline-color has-black-color\">Rio Amazonas (Foto: Silvestre Garcia\/Getty Images)<\/span><\/em><\/figcaption><\/figure>\n\n\n\n<div class=\"wp-block-image\"><figure class=\"alignright size-large\"><img loading=\"lazy\" decoding=\"async\" width=\"300\" height=\"237\" src=\"https:\/\/jornalfatosenoticias.com.br\/wp-content\/uploads\/2020\/02\/SEVENTUR-TURISMO.jpg\" alt=\"\" class=\"wp-image-32994\"\/><\/figure><\/div>\n\n\n\n<p><strong><span class=\"has-inline-color has-vivid-green-cyan-color\">Rumo ao desenvolvimento sustent\u00e1vel<br><\/span><\/strong>Durante o Congresso Mundial de Conserva\u00e7\u00e3o, promovido pela Uni\u00e3o Internacional para a Conserva\u00e7\u00e3o da Natureza (IUCN, na sigla em ingl\u00eas), realizado em outubro de 2021 em Marselha, na Fran\u00e7a, os pa\u00edses participantes propuseram uma <strong><a href=\"https:\/\/www.iucncongress2020.org\/motion\/043\" target=\"_blank\" rel=\"noreferrer noopener\">declara\u00e7\u00e3o de prioridade global para a conserva\u00e7\u00e3o da Amaz\u00f4nia<\/a>.<\/strong> No documento, explicam que, considerando que o bioma abriga 10% da biodiversidade mundial e armazena 86 bilh\u00f5es de toneladas de carbono \u2014 que, se liberadas para a atmosfera, representariam 315 pentagramas (Pg) de CO\u2082, ou equivalente a 10 anos de emiss\u00f5es globais atuais \u2014 a Amaz\u00f4nia est\u00e1 severamente amea\u00e7ada.<br>A IUCN prop\u00f4s uma declara\u00e7\u00e3o global atestando que a regi\u00e3o precisa de aten\u00e7\u00e3o priorit\u00e1ria para conserva\u00e7\u00e3o e preven\u00e7\u00e3o de inc\u00eandios, devido aos benef\u00edcios globais e locais que proporciona no combate \u00e0s mudan\u00e7as clim\u00e1ticas, prote\u00e7\u00e3o da biodiversidade e garantia do <a href=\"https:\/\/umsoplaneta.globo.com\/financas\/negocios\/noticia\/2021\/07\/21\/desenvolvimento-sustentavel-o-que-e-quando-surgiu-o-termo-e-quais-seus-objetivos.ghtml\"><strong>desenvolvimento sustent\u00e1vel<\/strong><\/a>.<\/p>\n\n\n\n<div class=\"wp-block-image\"><figure class=\"aligncenter size-large\"><img decoding=\"async\" src=\"https:\/\/jornalfatosenoticias.com.br\/wp-content\/uploads\/2020\/02\/CASA-DO-TORRESMO_PORTAL.jpg\" alt=\"\" class=\"wp-image-33487\"\/><\/figure><\/div>\n\n\n\n<blockquote class=\"wp-block-quote is-layout-flow wp-block-quote-is-layout-flow\"><p><span class=\"has-inline-color has-luminous-vivid-orange-color\">&#8220;Solicitamos que os pa\u00edses que compartilham a Bacia Amaz\u00f4nica tomem as medidas necess\u00e1rias e criem pol\u00edticas p\u00fablicas compartilhadas para que as florestas e os ecossistemas aqu\u00e1ticos da Amaz\u00f4nia e os bens e servi\u00e7os por eles fornecidos sejam resguardados al\u00e9m das fronteiras dos pa\u00edses abrangidos, incluindo pol\u00edticas que incorporem a\u00e7\u00f5es espec\u00edficas e urgentes para a preven\u00e7\u00e3o de inc\u00eandios, bem como para a conserva\u00e7\u00e3o efetiva e <strong><a href=\"https:\/\/umsoplaneta.globo.com\/sociedade\/noticia\/2021\/05\/20\/sustentabilidade-o-que-e-tipos-e-para-que-serve.ghtml\">uso sustent\u00e1vel<\/a>\u00a0<\/strong>dos recursos de forma integral e com enfoque territorial, incluindo o conhecimento tradicional dos povos ind\u00edgenas&#8221;, destacou o documento.<\/span><\/p><\/blockquote>\n\n\n\n<div class=\"wp-block-image\"><figure class=\"aligncenter size-large\"><img decoding=\"async\" src=\"https:\/\/jornalfatosenoticias.com.br\/wp-content\/uploads\/2020\/02\/nova-logo-zucchi-1024x110.jpeg\" alt=\"\" class=\"wp-image-33846\"\/><\/figure><\/div>\n\n\n\n<h4 class=\"wp-block-heading\"><span class=\"has-inline-color has-vivid-green-cyan-color\">Povos ind\u00edgenas e a Floresta Amaz\u00f4nica<\/span><\/h4>\n\n\n\n<figure class=\"wp-block-image size-large\"><img loading=\"lazy\" decoding=\"async\" width=\"1000\" height=\"667\" src=\"https:\/\/jornalfatosenoticias.com.br\/wp-content\/uploads\/2022\/09\/DIA-DA-AMAZONIA_3.jpg\" alt=\"\" class=\"wp-image-33892\" srcset=\"https:\/\/jornalfatosenoticias.com.br\/wp-content\/uploads\/2022\/09\/DIA-DA-AMAZONIA_3.jpg 1000w, https:\/\/jornalfatosenoticias.com.br\/wp-content\/uploads\/2022\/09\/DIA-DA-AMAZONIA_3-300x200.jpg 300w, https:\/\/jornalfatosenoticias.com.br\/wp-content\/uploads\/2022\/09\/DIA-DA-AMAZONIA_3-768x512.jpg 768w\" sizes=\"auto, (max-width: 1000px) 100vw, 1000px\" \/><figcaption><em><span class=\"has-inline-color has-black-color\">Ind\u00edgena do povo Yawanaw\u00e1 na Aldeia Sagrada (Foto: Alexandre Noronha\/Governo do Acre)<\/span><\/em><\/figcaption><\/figure>\n\n\n\n<div class=\"wp-block-image\"><figure class=\"aligncenter size-large is-resized\"><img loading=\"lazy\" decoding=\"async\" src=\"https:\/\/jornalfatosenoticias.com.br\/wp-content\/uploads\/2022\/07\/Logo-Grupo-SEI.jpg\" alt=\"\" class=\"wp-image-31973\" width=\"370\" height=\"194\" srcset=\"https:\/\/jornalfatosenoticias.com.br\/wp-content\/uploads\/2022\/07\/Logo-Grupo-SEI.jpg 713w, https:\/\/jornalfatosenoticias.com.br\/wp-content\/uploads\/2022\/07\/Logo-Grupo-SEI-300x158.jpg 300w\" sizes=\"auto, (max-width: 370px) 100vw, 370px\" \/><\/figure><\/div>\n\n\n\n<p>Esse mosaico de paisagens ricas e diversificadas, afetado por um cen\u00e1rio desolador de descaso, tamb\u00e9m abriga mais de 30 milh\u00f5es de pessoas, incluindo 2,7 milh\u00f5es de ind\u00edgenas representando aproximadamente 400 etnias ind\u00edgenas diferentes, conforme o Ipam, com cerca de 60 grupos conhecidos vivendo em isolamento volunt\u00e1rio.<br>Para especialistas, \u00e9 essencial garantir e proteger os direitos fundamentais dos povos ind\u00edgenas e comunidades tradicionais na Amaz\u00f4nia, bem como proteger as florestas e outros ecossistemas naturais, designando-os para conserva\u00e7\u00e3o e uso sustent\u00e1vel.<\/p>\n\n\n\n<div class=\"wp-block-image\"><figure class=\"aligncenter size-large is-resized\"><img loading=\"lazy\" decoding=\"async\" src=\"https:\/\/jornalfatosenoticias.com.br\/wp-content\/uploads\/2022\/08\/logo-locau-veiculos-1024x573.png\" alt=\"\" class=\"wp-image-33078\" width=\"369\" height=\"206\"\/><\/figure><\/div>\n\n\n\n<p>Tamb\u00e9m \u00e9 fundamental fornecer meios e recursos para que as comunidades locais fortale\u00e7am a capacidade de gest\u00e3o de suas terras e do meio ambiente em geral, para garantir meios de subsist\u00eancia dignos e sustent\u00e1veis \u200b\u200be, ao mesmo tempo, promover sua participa\u00e7\u00e3o no processo de tomada de decis\u00f5es de estrat\u00e9gias e solu\u00e7\u00f5es para o desenvolvimento da Amaz\u00f4nia.<br>Ao ajudar a evitar o desmatamento, os povos ind\u00edgenas desempenham um papel fundamental na prote\u00e7\u00e3o da biodiversidade e na luta global contra as mudan\u00e7as clim\u00e1ticas.<\/p>\n\n\n\n<div class=\"wp-block-image\"><figure class=\"aligncenter size-large\"><img loading=\"lazy\" decoding=\"async\" width=\"300\" height=\"250\" src=\"https:\/\/jornalfatosenoticias.com.br\/wp-content\/uploads\/2022\/08\/arte-Casarao.jpg\" alt=\"\" class=\"wp-image-33178\"\/><\/figure><\/div>\n\n\n\n<p><strong><em>Fonte: <a href=\"https:\/\/umsoplaneta.globo.com\/biodiversidade\/noticia\/2022\/09\/05\/dia-da-amazonia-da-biodiversidade-ao-aquecimento-global-a-importancia-de-incluir-a-floresta-na-politica.ghtml\">Um S\u00f3 Planeta<\/a><\/em><\/strong><\/p>\n","protected":false},"excerpt":{"rendered":"<p>Neste Dia da Amaz\u00f4nia, para muito al\u00e9m do vasto territ\u00f3rio, em todos os aspectos de sua biodiversidade amea\u00e7ada, o bioma deve ser tema de primeira ordem na pol\u00edtica A Floresta Amaz\u00f4nica \u00e9 reconhecida h\u00e1 muito tempo como um grande reposit\u00f3rio de fauna, flora, conhecimento tradicional e cultura, n\u00e3o apenas para tribos e comunidades locais, mas [&hellip;]<\/p>\n","protected":false},"author":2,"featured_media":33894,"comment_status":"open","ping_status":"open","sticky":false,"template":"","format":"standard","meta":{"footnotes":""},"categories":[8],"tags":[362,334,15923,1064,15922,1065,11127],"class_list":["post-33891","post","type-post","status-publish","format-standard","has-post-thumbnail","hentry","category-meio-ambiente","tag-aquecimento-global","tag-biodiversidade","tag-biodiversidade-ameacada","tag-bioma","tag-dia-da-amazonia","tag-floresta","tag-gases-de-efeito-estufa"],"yoast_head":"<!-- This site is optimized with the Yoast SEO plugin v26.5 - https:\/\/yoast.com\/wordpress\/plugins\/seo\/ -->\n<title>Dia da Amaz\u00f4nia: da biodiversidade ao aquecimento global - Jornal Fatos e Not\u00edcias<\/title>\n<meta name=\"robots\" content=\"index, follow, max-snippet:-1, max-image-preview:large, max-video-preview:-1\" \/>\n<link rel=\"canonical\" href=\"https:\/\/jornalfatosenoticias.com.br\/index.php\/2022\/09\/05\/dia-da-amazonia-da-biodiversidade-ao-aquecimento-global\/\" \/>\n<meta property=\"og:locale\" content=\"pt_BR\" \/>\n<meta property=\"og:type\" content=\"article\" \/>\n<meta property=\"og:title\" content=\"Dia da Amaz\u00f4nia: da biodiversidade ao aquecimento global - Jornal Fatos e Not\u00edcias\" \/>\n<meta property=\"og:description\" content=\"Neste Dia da Amaz\u00f4nia, para muito al\u00e9m do vasto territ\u00f3rio, em todos os aspectos de sua biodiversidade amea\u00e7ada, o bioma deve ser tema de primeira ordem na pol\u00edtica A Floresta Amaz\u00f4nica \u00e9 reconhecida h\u00e1 muito tempo como um grande reposit\u00f3rio de fauna, flora, conhecimento tradicional e cultura, n\u00e3o apenas para tribos e comunidades locais, mas [&hellip;]\" \/>\n<meta property=\"og:url\" content=\"https:\/\/jornalfatosenoticias.com.br\/index.php\/2022\/09\/05\/dia-da-amazonia-da-biodiversidade-ao-aquecimento-global\/\" \/>\n<meta property=\"og:site_name\" content=\"Jornal Fatos e Not\u00edcias\" \/>\n<meta property=\"article:published_time\" content=\"2022-09-05T15:47:58+00:00\" \/>\n<meta property=\"article:modified_time\" content=\"2022-09-05T15:48:01+00:00\" \/>\n<meta property=\"og:image\" content=\"https:\/\/jornalfatosenoticias.com.br\/wp-content\/uploads\/2022\/09\/DIA-DA-AMAZONIA_gettyimages.jpg\" \/>\n\t<meta property=\"og:image:width\" content=\"1000\" \/>\n\t<meta property=\"og:image:height\" content=\"653\" \/>\n\t<meta property=\"og:image:type\" content=\"image\/jpeg\" \/>\n<meta name=\"author\" content=\"Luzimara Fernandes\" \/>\n<meta name=\"twitter:card\" content=\"summary_large_image\" \/>\n<meta name=\"twitter:label1\" content=\"Escrito por\" \/>\n\t<meta name=\"twitter:data1\" content=\"Luzimara Fernandes\" \/>\n\t<meta name=\"twitter:label2\" content=\"Est. tempo de leitura\" \/>\n\t<meta name=\"twitter:data2\" content=\"6 minutos\" \/>\n<script type=\"application\/ld+json\" class=\"yoast-schema-graph\">{\"@context\":\"https:\/\/schema.org\",\"@graph\":[{\"@type\":\"Article\",\"@id\":\"https:\/\/jornalfatosenoticias.com.br\/index.php\/2022\/09\/05\/dia-da-amazonia-da-biodiversidade-ao-aquecimento-global\/#article\",\"isPartOf\":{\"@id\":\"https:\/\/jornalfatosenoticias.com.br\/index.php\/2022\/09\/05\/dia-da-amazonia-da-biodiversidade-ao-aquecimento-global\/\"},\"author\":{\"name\":\"Luzimara Fernandes\",\"@id\":\"https:\/\/jornalfatosenoticias.com.br\/#\/schema\/person\/d63837fa13ac8666eb9e74e0985d6f81\"},\"headline\":\"Dia da Amaz\u00f4nia: da biodiversidade ao aquecimento global\",\"datePublished\":\"2022-09-05T15:47:58+00:00\",\"dateModified\":\"2022-09-05T15:48:01+00:00\",\"mainEntityOfPage\":{\"@id\":\"https:\/\/jornalfatosenoticias.com.br\/index.php\/2022\/09\/05\/dia-da-amazonia-da-biodiversidade-ao-aquecimento-global\/\"},\"wordCount\":1180,\"commentCount\":0,\"publisher\":{\"@id\":\"https:\/\/jornalfatosenoticias.com.br\/#organization\"},\"image\":{\"@id\":\"https:\/\/jornalfatosenoticias.com.br\/index.php\/2022\/09\/05\/dia-da-amazonia-da-biodiversidade-ao-aquecimento-global\/#primaryimage\"},\"thumbnailUrl\":\"https:\/\/jornalfatosenoticias.com.br\/wp-content\/uploads\/2022\/09\/DIA-DA-AMAZONIA_gettyimages.jpg\",\"keywords\":[\"aquecimento global\",\"biodiversidade\",\"biodiversidade amea\u00e7ada\",\"bioma\",\"Dia da Amaz\u00f4nia\",\"floresta\",\"gases de efeito estufa\"],\"articleSection\":[\"Meio ambiente\"],\"inLanguage\":\"pt-BR\",\"potentialAction\":[{\"@type\":\"CommentAction\",\"name\":\"Comment\",\"target\":[\"https:\/\/jornalfatosenoticias.com.br\/index.php\/2022\/09\/05\/dia-da-amazonia-da-biodiversidade-ao-aquecimento-global\/#respond\"]}]},{\"@type\":\"WebPage\",\"@id\":\"https:\/\/jornalfatosenoticias.com.br\/index.php\/2022\/09\/05\/dia-da-amazonia-da-biodiversidade-ao-aquecimento-global\/\",\"url\":\"https:\/\/jornalfatosenoticias.com.br\/index.php\/2022\/09\/05\/dia-da-amazonia-da-biodiversidade-ao-aquecimento-global\/\",\"name\":\"Dia da Amaz\u00f4nia: da biodiversidade ao aquecimento global - Jornal Fatos e Not\u00edcias\",\"isPartOf\":{\"@id\":\"https:\/\/jornalfatosenoticias.com.br\/#website\"},\"primaryImageOfPage\":{\"@id\":\"https:\/\/jornalfatosenoticias.com.br\/index.php\/2022\/09\/05\/dia-da-amazonia-da-biodiversidade-ao-aquecimento-global\/#primaryimage\"},\"image\":{\"@id\":\"https:\/\/jornalfatosenoticias.com.br\/index.php\/2022\/09\/05\/dia-da-amazonia-da-biodiversidade-ao-aquecimento-global\/#primaryimage\"},\"thumbnailUrl\":\"https:\/\/jornalfatosenoticias.com.br\/wp-content\/uploads\/2022\/09\/DIA-DA-AMAZONIA_gettyimages.jpg\",\"datePublished\":\"2022-09-05T15:47:58+00:00\",\"dateModified\":\"2022-09-05T15:48:01+00:00\",\"breadcrumb\":{\"@id\":\"https:\/\/jornalfatosenoticias.com.br\/index.php\/2022\/09\/05\/dia-da-amazonia-da-biodiversidade-ao-aquecimento-global\/#breadcrumb\"},\"inLanguage\":\"pt-BR\",\"potentialAction\":[{\"@type\":\"ReadAction\",\"target\":[\"https:\/\/jornalfatosenoticias.com.br\/index.php\/2022\/09\/05\/dia-da-amazonia-da-biodiversidade-ao-aquecimento-global\/\"]}]},{\"@type\":\"ImageObject\",\"inLanguage\":\"pt-BR\",\"@id\":\"https:\/\/jornalfatosenoticias.com.br\/index.php\/2022\/09\/05\/dia-da-amazonia-da-biodiversidade-ao-aquecimento-global\/#primaryimage\",\"url\":\"https:\/\/jornalfatosenoticias.com.br\/wp-content\/uploads\/2022\/09\/DIA-DA-AMAZONIA_gettyimages.jpg\",\"contentUrl\":\"https:\/\/jornalfatosenoticias.com.br\/wp-content\/uploads\/2022\/09\/DIA-DA-AMAZONIA_gettyimages.jpg\",\"width\":1000,\"height\":653},{\"@type\":\"BreadcrumbList\",\"@id\":\"https:\/\/jornalfatosenoticias.com.br\/index.php\/2022\/09\/05\/dia-da-amazonia-da-biodiversidade-ao-aquecimento-global\/#breadcrumb\",\"itemListElement\":[{\"@type\":\"ListItem\",\"position\":1,\"name\":\"In\u00edcio\",\"item\":\"https:\/\/jornalfatosenoticias.com.br\/\"},{\"@type\":\"ListItem\",\"position\":2,\"name\":\"Dia da Amaz\u00f4nia: da biodiversidade ao aquecimento global\"}]},{\"@type\":\"WebSite\",\"@id\":\"https:\/\/jornalfatosenoticias.com.br\/#website\",\"url\":\"https:\/\/jornalfatosenoticias.com.br\/\",\"name\":\"Jornal Fatos e Not\u00edcias\",\"description\":\"Not\u00edcias em geral\",\"publisher\":{\"@id\":\"https:\/\/jornalfatosenoticias.com.br\/#organization\"},\"potentialAction\":[{\"@type\":\"SearchAction\",\"target\":{\"@type\":\"EntryPoint\",\"urlTemplate\":\"https:\/\/jornalfatosenoticias.com.br\/?s={search_term_string}\"},\"query-input\":{\"@type\":\"PropertyValueSpecification\",\"valueRequired\":true,\"valueName\":\"search_term_string\"}}],\"inLanguage\":\"pt-BR\"},{\"@type\":\"Organization\",\"@id\":\"https:\/\/jornalfatosenoticias.com.br\/#organization\",\"name\":\"Jornal Fatos e Not\u00edcias\",\"url\":\"https:\/\/jornalfatosenoticias.com.br\/\",\"logo\":{\"@type\":\"ImageObject\",\"inLanguage\":\"pt-BR\",\"@id\":\"https:\/\/jornalfatosenoticias.com.br\/#\/schema\/logo\/image\/\",\"url\":\"https:\/\/jornalfatosenoticias.com.br\/wp-content\/uploads\/2020\/02\/logo120.png\",\"contentUrl\":\"https:\/\/jornalfatosenoticias.com.br\/wp-content\/uploads\/2020\/02\/logo120.png\",\"width\":1227,\"height\":120,\"caption\":\"Jornal Fatos e Not\u00edcias\"},\"image\":{\"@id\":\"https:\/\/jornalfatosenoticias.com.br\/#\/schema\/logo\/image\/\"}},{\"@type\":\"Person\",\"@id\":\"https:\/\/jornalfatosenoticias.com.br\/#\/schema\/person\/d63837fa13ac8666eb9e74e0985d6f81\",\"name\":\"Luzimara Fernandes\",\"image\":{\"@type\":\"ImageObject\",\"inLanguage\":\"pt-BR\",\"@id\":\"https:\/\/jornalfatosenoticias.com.br\/#\/schema\/person\/image\/\",\"url\":\"https:\/\/jornalfatosenoticias.com.br\/wp-content\/uploads\/2025\/05\/EU_portal.jpg\",\"contentUrl\":\"https:\/\/jornalfatosenoticias.com.br\/wp-content\/uploads\/2025\/05\/EU_portal.jpg\",\"caption\":\"Luzimara Fernandes\"},\"description\":\"Jornalista MTB 2358-ES\",\"sameAs\":[\"https:\/\/jornalfatosenoticias.com.br\"],\"url\":\"https:\/\/jornalfatosenoticias.com.br\/index.php\/author\/luzimara\/\"}]}<\/script>\n<!-- \/ Yoast SEO plugin. -->","yoast_head_json":{"title":"Dia da Amaz\u00f4nia: da biodiversidade ao aquecimento global - Jornal Fatos e Not\u00edcias","robots":{"index":"index","follow":"follow","max-snippet":"max-snippet:-1","max-image-preview":"max-image-preview:large","max-video-preview":"max-video-preview:-1"},"canonical":"https:\/\/jornalfatosenoticias.com.br\/index.php\/2022\/09\/05\/dia-da-amazonia-da-biodiversidade-ao-aquecimento-global\/","og_locale":"pt_BR","og_type":"article","og_title":"Dia da Amaz\u00f4nia: da biodiversidade ao aquecimento global - Jornal Fatos e Not\u00edcias","og_description":"Neste Dia da Amaz\u00f4nia, para muito al\u00e9m do vasto territ\u00f3rio, em todos os aspectos de sua biodiversidade amea\u00e7ada, o bioma deve ser tema de primeira ordem na pol\u00edtica A Floresta Amaz\u00f4nica \u00e9 reconhecida h\u00e1 muito tempo como um grande reposit\u00f3rio de fauna, flora, conhecimento tradicional e cultura, n\u00e3o apenas para tribos e comunidades locais, mas [&hellip;]","og_url":"https:\/\/jornalfatosenoticias.com.br\/index.php\/2022\/09\/05\/dia-da-amazonia-da-biodiversidade-ao-aquecimento-global\/","og_site_name":"Jornal Fatos e Not\u00edcias","article_published_time":"2022-09-05T15:47:58+00:00","article_modified_time":"2022-09-05T15:48:01+00:00","og_image":[{"width":1000,"height":653,"url":"https:\/\/jornalfatosenoticias.com.br\/wp-content\/uploads\/2022\/09\/DIA-DA-AMAZONIA_gettyimages.jpg","type":"image\/jpeg"}],"author":"Luzimara Fernandes","twitter_card":"summary_large_image","twitter_misc":{"Escrito por":"Luzimara Fernandes","Est. tempo de leitura":"6 minutos"},"schema":{"@context":"https:\/\/schema.org","@graph":[{"@type":"Article","@id":"https:\/\/jornalfatosenoticias.com.br\/index.php\/2022\/09\/05\/dia-da-amazonia-da-biodiversidade-ao-aquecimento-global\/#article","isPartOf":{"@id":"https:\/\/jornalfatosenoticias.com.br\/index.php\/2022\/09\/05\/dia-da-amazonia-da-biodiversidade-ao-aquecimento-global\/"},"author":{"name":"Luzimara Fernandes","@id":"https:\/\/jornalfatosenoticias.com.br\/#\/schema\/person\/d63837fa13ac8666eb9e74e0985d6f81"},"headline":"Dia da Amaz\u00f4nia: da biodiversidade ao aquecimento global","datePublished":"2022-09-05T15:47:58+00:00","dateModified":"2022-09-05T15:48:01+00:00","mainEntityOfPage":{"@id":"https:\/\/jornalfatosenoticias.com.br\/index.php\/2022\/09\/05\/dia-da-amazonia-da-biodiversidade-ao-aquecimento-global\/"},"wordCount":1180,"commentCount":0,"publisher":{"@id":"https:\/\/jornalfatosenoticias.com.br\/#organization"},"image":{"@id":"https:\/\/jornalfatosenoticias.com.br\/index.php\/2022\/09\/05\/dia-da-amazonia-da-biodiversidade-ao-aquecimento-global\/#primaryimage"},"thumbnailUrl":"https:\/\/jornalfatosenoticias.com.br\/wp-content\/uploads\/2022\/09\/DIA-DA-AMAZONIA_gettyimages.jpg","keywords":["aquecimento global","biodiversidade","biodiversidade amea\u00e7ada","bioma","Dia da Amaz\u00f4nia","floresta","gases de efeito estufa"],"articleSection":["Meio ambiente"],"inLanguage":"pt-BR","potentialAction":[{"@type":"CommentAction","name":"Comment","target":["https:\/\/jornalfatosenoticias.com.br\/index.php\/2022\/09\/05\/dia-da-amazonia-da-biodiversidade-ao-aquecimento-global\/#respond"]}]},{"@type":"WebPage","@id":"https:\/\/jornalfatosenoticias.com.br\/index.php\/2022\/09\/05\/dia-da-amazonia-da-biodiversidade-ao-aquecimento-global\/","url":"https:\/\/jornalfatosenoticias.com.br\/index.php\/2022\/09\/05\/dia-da-amazonia-da-biodiversidade-ao-aquecimento-global\/","name":"Dia da Amaz\u00f4nia: da biodiversidade ao aquecimento global - Jornal Fatos e Not\u00edcias","isPartOf":{"@id":"https:\/\/jornalfatosenoticias.com.br\/#website"},"primaryImageOfPage":{"@id":"https:\/\/jornalfatosenoticias.com.br\/index.php\/2022\/09\/05\/dia-da-amazonia-da-biodiversidade-ao-aquecimento-global\/#primaryimage"},"image":{"@id":"https:\/\/jornalfatosenoticias.com.br\/index.php\/2022\/09\/05\/dia-da-amazonia-da-biodiversidade-ao-aquecimento-global\/#primaryimage"},"thumbnailUrl":"https:\/\/jornalfatosenoticias.com.br\/wp-content\/uploads\/2022\/09\/DIA-DA-AMAZONIA_gettyimages.jpg","datePublished":"2022-09-05T15:47:58+00:00","dateModified":"2022-09-05T15:48:01+00:00","breadcrumb":{"@id":"https:\/\/jornalfatosenoticias.com.br\/index.php\/2022\/09\/05\/dia-da-amazonia-da-biodiversidade-ao-aquecimento-global\/#breadcrumb"},"inLanguage":"pt-BR","potentialAction":[{"@type":"ReadAction","target":["https:\/\/jornalfatosenoticias.com.br\/index.php\/2022\/09\/05\/dia-da-amazonia-da-biodiversidade-ao-aquecimento-global\/"]}]},{"@type":"ImageObject","inLanguage":"pt-BR","@id":"https:\/\/jornalfatosenoticias.com.br\/index.php\/2022\/09\/05\/dia-da-amazonia-da-biodiversidade-ao-aquecimento-global\/#primaryimage","url":"https:\/\/jornalfatosenoticias.com.br\/wp-content\/uploads\/2022\/09\/DIA-DA-AMAZONIA_gettyimages.jpg","contentUrl":"https:\/\/jornalfatosenoticias.com.br\/wp-content\/uploads\/2022\/09\/DIA-DA-AMAZONIA_gettyimages.jpg","width":1000,"height":653},{"@type":"BreadcrumbList","@id":"https:\/\/jornalfatosenoticias.com.br\/index.php\/2022\/09\/05\/dia-da-amazonia-da-biodiversidade-ao-aquecimento-global\/#breadcrumb","itemListElement":[{"@type":"ListItem","position":1,"name":"In\u00edcio","item":"https:\/\/jornalfatosenoticias.com.br\/"},{"@type":"ListItem","position":2,"name":"Dia da Amaz\u00f4nia: da biodiversidade ao aquecimento global"}]},{"@type":"WebSite","@id":"https:\/\/jornalfatosenoticias.com.br\/#website","url":"https:\/\/jornalfatosenoticias.com.br\/","name":"Jornal Fatos e Not\u00edcias","description":"Not\u00edcias em geral","publisher":{"@id":"https:\/\/jornalfatosenoticias.com.br\/#organization"},"potentialAction":[{"@type":"SearchAction","target":{"@type":"EntryPoint","urlTemplate":"https:\/\/jornalfatosenoticias.com.br\/?s={search_term_string}"},"query-input":{"@type":"PropertyValueSpecification","valueRequired":true,"valueName":"search_term_string"}}],"inLanguage":"pt-BR"},{"@type":"Organization","@id":"https:\/\/jornalfatosenoticias.com.br\/#organization","name":"Jornal Fatos e Not\u00edcias","url":"https:\/\/jornalfatosenoticias.com.br\/","logo":{"@type":"ImageObject","inLanguage":"pt-BR","@id":"https:\/\/jornalfatosenoticias.com.br\/#\/schema\/logo\/image\/","url":"https:\/\/jornalfatosenoticias.com.br\/wp-content\/uploads\/2020\/02\/logo120.png","contentUrl":"https:\/\/jornalfatosenoticias.com.br\/wp-content\/uploads\/2020\/02\/logo120.png","width":1227,"height":120,"caption":"Jornal Fatos e Not\u00edcias"},"image":{"@id":"https:\/\/jornalfatosenoticias.com.br\/#\/schema\/logo\/image\/"}},{"@type":"Person","@id":"https:\/\/jornalfatosenoticias.com.br\/#\/schema\/person\/d63837fa13ac8666eb9e74e0985d6f81","name":"Luzimara Fernandes","image":{"@type":"ImageObject","inLanguage":"pt-BR","@id":"https:\/\/jornalfatosenoticias.com.br\/#\/schema\/person\/image\/","url":"https:\/\/jornalfatosenoticias.com.br\/wp-content\/uploads\/2025\/05\/EU_portal.jpg","contentUrl":"https:\/\/jornalfatosenoticias.com.br\/wp-content\/uploads\/2025\/05\/EU_portal.jpg","caption":"Luzimara Fernandes"},"description":"Jornalista MTB 2358-ES","sameAs":["https:\/\/jornalfatosenoticias.com.br"],"url":"https:\/\/jornalfatosenoticias.com.br\/index.php\/author\/luzimara\/"}]}},"cc_featured_image_caption":{"caption_text":"(Foto: Collart Herv\u00e9\/Sygma\/Getty Images)","source_text":"","source_url":""},"jetpack_featured_media_url":"https:\/\/jornalfatosenoticias.com.br\/wp-content\/uploads\/2022\/09\/DIA-DA-AMAZONIA_gettyimages.jpg","_links":{"self":[{"href":"https:\/\/jornalfatosenoticias.com.br\/index.php\/wp-json\/wp\/v2\/posts\/33891","targetHints":{"allow":["GET"]}}],"collection":[{"href":"https:\/\/jornalfatosenoticias.com.br\/index.php\/wp-json\/wp\/v2\/posts"}],"about":[{"href":"https:\/\/jornalfatosenoticias.com.br\/index.php\/wp-json\/wp\/v2\/types\/post"}],"author":[{"embeddable":true,"href":"https:\/\/jornalfatosenoticias.com.br\/index.php\/wp-json\/wp\/v2\/users\/2"}],"replies":[{"embeddable":true,"href":"https:\/\/jornalfatosenoticias.com.br\/index.php\/wp-json\/wp\/v2\/comments?post=33891"}],"version-history":[{"count":0,"href":"https:\/\/jornalfatosenoticias.com.br\/index.php\/wp-json\/wp\/v2\/posts\/33891\/revisions"}],"wp:featuredmedia":[{"embeddable":true,"href":"https:\/\/jornalfatosenoticias.com.br\/index.php\/wp-json\/wp\/v2\/media\/33894"}],"wp:attachment":[{"href":"https:\/\/jornalfatosenoticias.com.br\/index.php\/wp-json\/wp\/v2\/media?parent=33891"}],"wp:term":[{"taxonomy":"category","embeddable":true,"href":"https:\/\/jornalfatosenoticias.com.br\/index.php\/wp-json\/wp\/v2\/categories?post=33891"},{"taxonomy":"post_tag","embeddable":true,"href":"https:\/\/jornalfatosenoticias.com.br\/index.php\/wp-json\/wp\/v2\/tags?post=33891"}],"curies":[{"name":"wp","href":"https:\/\/api.w.org\/{rel}","templated":true}]}}