{"id":33906,"date":"2022-09-06T11:11:42","date_gmt":"2022-09-06T14:11:42","guid":{"rendered":"https:\/\/jornalfatosenoticias.com.br\/?p=33906"},"modified":"2022-09-06T11:11:44","modified_gmt":"2022-09-06T14:11:44","slug":"indicador-antecedente-de-emprego-sobe-12-ponto-em-agosto","status":"publish","type":"post","link":"https:\/\/jornalfatosenoticias.com.br\/index.php\/2022\/09\/06\/indicador-antecedente-de-emprego-sobe-12-ponto-em-agosto\/","title":{"rendered":"Indicador Antecedente de Emprego sobe 1,2 ponto em agosto"},"content":{"rendered":"\n<p><em><span class=\"has-inline-color has-black-color\">An\u00fancio foi feito pela Funda\u00e7\u00e3o Get\u00falio Vargas<\/span><\/em><\/p>\n\n\n\n<div class=\"wp-block-image\"><figure class=\"aligncenter size-large\"><img loading=\"lazy\" decoding=\"async\" width=\"1024\" height=\"100\" src=\"https:\/\/jornalfatosenoticias.com.br\/wp-content\/uploads\/2020\/02\/banner_ferramentas-1024x100.jpg\" alt=\"\" class=\"wp-image-1258\" srcset=\"https:\/\/jornalfatosenoticias.com.br\/wp-content\/uploads\/2020\/02\/banner_ferramentas-1024x100.jpg 1024w, https:\/\/jornalfatosenoticias.com.br\/wp-content\/uploads\/2020\/02\/banner_ferramentas-300x29.jpg 300w, https:\/\/jornalfatosenoticias.com.br\/wp-content\/uploads\/2020\/02\/banner_ferramentas-768x75.jpg 768w, https:\/\/jornalfatosenoticias.com.br\/wp-content\/uploads\/2020\/02\/banner_ferramentas.jpg 1227w\" sizes=\"auto, (max-width: 1024px) 100vw, 1024px\" \/><\/figure><\/div>\n\n\n\n<p>O Indicador Antecedente de Emprego (IAEmp), calculado pelo Instituto Brasileiro de Economia da Funda\u00e7\u00e3o Get\u00falio Vargas (FGV Ibre), avan\u00e7ou 1,2 ponto em agosto, passando para 82,3 pontos. \u00c9 o maior n\u00edvel desde novembro de 2021, quando ficou em 83 pontos. Em m\u00e9dias m\u00f3veis trimestrais, o IAEmp cresceu 0,5 ponto chegando a 81,8 pontos. Os n\u00fameros foram divulgados hoje (6), no Rio de Janeiro.<\/p>\n\n\n\n<div class=\"wp-block-image\"><figure class=\"aligncenter size-large\"><img decoding=\"async\" src=\"https:\/\/jornalfatosenoticias.com.br\/wp-content\/uploads\/2020\/02\/Serra-Grande-1024x160.png\" alt=\"\" class=\"wp-image-7836\"\/><\/figure><\/div>\n\n\n\n<p>O economista Rodolpho Tobler, da FGV, disse que a volta da ascens\u00e3o do IAEmp compensa a queda ocorrida em julho. Segundo ele, o movimento sugere continuidade de recupera\u00e7\u00e3o do mercado de trabalho, mas ainda \u00e9 preciso ter cautela por causa do patamar baixo em que o indicador se encontra. A sinaliza\u00e7\u00e3o para os pr\u00f3ximos meses \u00e9 positiva, embora em ritmo mais lento provocado pelo desempenho da economia.<\/p>\n\n\n\n<div class=\"wp-block-image\"><figure class=\"aligncenter size-large\"><img loading=\"lazy\" decoding=\"async\" width=\"300\" height=\"250\" src=\"https:\/\/jornalfatosenoticias.com.br\/wp-content\/uploads\/2022\/08\/arte-Casarao.jpg\" alt=\"\" class=\"wp-image-33178\"\/><\/figure><\/div>\n\n\n\n<blockquote class=\"wp-block-quote is-layout-flow wp-block-quote-is-layout-flow\"><p><span class=\"has-inline-color has-luminous-vivid-orange-color\">\u201cPode ter ainda uma melhora do mercado de trabalho, mas vai ser mais lenta do que a gente observou nos \u00faltimos meses. O pr\u00f3prio Indicador Antecedente de Emprego vinha subindo em alguns meses consecutivos, teve queda no m\u00eas anterior e agora voltou a subir, ent\u00e3o, a nossa observa\u00e7\u00e3o \u00e9 que deve manter a trajet\u00f3ria positiva, s\u00f3 que agora j\u00e1 sujeita a oscila\u00e7\u00f5es como teve no m\u00eas passado com altas mais firmes como foi este m\u00eas. Acho que a tend\u00eancia \u00e9 um pouco essa. O mercado de trabalho deve evoluir favoravelmente at\u00e9 o fim do ano, mas em ritmo muito menos intenso do que a gente viu nessa primeira metade\u201d, afirmou em entrevista \u00e0 Ag\u00eancia Brasil.<\/span><\/p><\/blockquote>\n\n\n\n<div class=\"wp-block-image\"><figure class=\"aligncenter size-large\"><img decoding=\"async\" src=\"https:\/\/jornalfatosenoticias.com.br\/wp-content\/uploads\/2020\/02\/nova-logo-zucchi-1024x110.jpeg\" alt=\"\" class=\"wp-image-33846\"\/><\/figure><\/div>\n\n\n\n<p>Tobler acrescentou que ainda \u00e9 poss\u00edvel observar alta no indicador em setembro, principalmente porque no terceiro trimestre ainda h\u00e1 reflexo de medidas de est\u00edmulos do governo como aumento do Aux\u00edlio Brasil e libera\u00e7\u00e3o de alguns vales e, por isso, a economia ainda continuaria aquecida no per\u00edodo.<\/p>\n\n\n\n<div class=\"wp-block-image\"><figure class=\"aligncenter size-large is-resized\"><img loading=\"lazy\" decoding=\"async\" src=\"https:\/\/jornalfatosenoticias.com.br\/wp-content\/uploads\/2022\/07\/Logo-Grupo-SEI.jpg\" alt=\"\" class=\"wp-image-31973\" width=\"415\" height=\"218\" srcset=\"https:\/\/jornalfatosenoticias.com.br\/wp-content\/uploads\/2022\/07\/Logo-Grupo-SEI.jpg 713w, https:\/\/jornalfatosenoticias.com.br\/wp-content\/uploads\/2022\/07\/Logo-Grupo-SEI-300x158.jpg 300w\" sizes=\"auto, (max-width: 415px) 100vw, 415px\" \/><\/figure><\/div>\n\n\n\n<blockquote class=\"wp-block-quote is-layout-flow wp-block-quote-is-layout-flow\"><p><span class=\"has-inline-color has-luminous-vivid-orange-color\">\u201cAcho que ainda h\u00e1 uma perspectiva favor\u00e1vel, mas deve ser uma recupera\u00e7\u00e3o mais t\u00edmida, manter mais ou menos esse ritmo visto em agosto. \u00c9 dif\u00edcil imaginar que a gente volte a ter saltos muito grandes como vimos na primeira metade do ano\u201d, destacou.<\/span><\/p><\/blockquote>\n\n\n\n<div class=\"wp-block-image\"><figure class=\"aligncenter size-large is-resized\"><img loading=\"lazy\" decoding=\"async\" src=\"https:\/\/jornalfatosenoticias.com.br\/wp-content\/uploads\/2022\/09\/logo-embacia-1024x238.jpeg\" alt=\"\" class=\"wp-image-33907\" width=\"524\" height=\"121\"\/><\/figure><\/div>\n\n\n\n<p><strong><span class=\"has-inline-color has-black-color\">Componente de incerteza<br><\/span><\/strong>Para o economista, a proximidade das elei\u00e7\u00f5es tamb\u00e9m adiciona o componente de incerteza que aqui no Brasil \u00e9 at\u00e9 maior do que seria normal, e provoca cautela nos empres\u00e1rios quanto a novas contrata\u00e7\u00f5es.<\/p>\n\n\n\n<div class=\"wp-block-image\"><figure class=\"aligncenter size-large is-resized\"><img loading=\"lazy\" decoding=\"async\" src=\"https:\/\/jornalfatosenoticias.com.br\/wp-content\/uploads\/2020\/02\/nova-logo-Marquetti.jpg\" alt=\"\" class=\"wp-image-22331\" width=\"353\" height=\"237\" srcset=\"https:\/\/jornalfatosenoticias.com.br\/wp-content\/uploads\/2020\/02\/nova-logo-Marquetti.jpg 643w, https:\/\/jornalfatosenoticias.com.br\/wp-content\/uploads\/2020\/02\/nova-logo-Marquetti-300x202.jpg 300w\" sizes=\"auto, (max-width: 353px) 100vw, 353px\" \/><\/figure><\/div>\n\n\n\n<blockquote class=\"wp-block-quote is-layout-flow wp-block-quote-is-layout-flow\"><p><span class=\"has-inline-color has-luminous-vivid-orange-color\">\u201cIsso pode fazer com que tenha alguma oscila\u00e7\u00e3o por causa da elei\u00e7\u00e3o e tamb\u00e9m porque, no fim do ano, a gente j\u00e1 espera uma economia com sinais mais lentos de recupera\u00e7\u00e3o, porque a antecipa\u00e7\u00e3o do 13\u00ba sal\u00e1rio [que ocorreu em junho] vai faltar no fim do ano e o pr\u00f3prio cen\u00e1rio macroecon\u00f4mico sugere uma redu\u00e7\u00e3o do ritmo da economia com juros ainda altos. A tend\u00eancia \u00e9 que a gente veja no final de 2022, na virada para 2023, uma economia mais fraca e a\u00ed o mercado de trabalho vai acompanhar nesse sentido\u201d, disse.<\/span><\/p><\/blockquote>\n\n\n\n<div class=\"wp-block-image\"><figure class=\"aligncenter size-large\"><img loading=\"lazy\" decoding=\"async\" width=\"1024\" height=\"100\" src=\"https:\/\/jornalfatosenoticias.com.br\/wp-content\/uploads\/2022\/05\/NOVA-LOGO-CESCONETTO-1024x100.jpg\" alt=\"\" class=\"wp-image-30792\" srcset=\"https:\/\/jornalfatosenoticias.com.br\/wp-content\/uploads\/2022\/05\/NOVA-LOGO-CESCONETTO-1024x100.jpg 1024w, https:\/\/jornalfatosenoticias.com.br\/wp-content\/uploads\/2022\/05\/NOVA-LOGO-CESCONETTO-300x29.jpg 300w, https:\/\/jornalfatosenoticias.com.br\/wp-content\/uploads\/2022\/05\/NOVA-LOGO-CESCONETTO-768x75.jpg 768w, https:\/\/jornalfatosenoticias.com.br\/wp-content\/uploads\/2022\/05\/NOVA-LOGO-CESCONETTO.jpg 1280w\" sizes=\"auto, (max-width: 1024px) 100vw, 1024px\" \/><\/figure><\/div>\n\n\n\n<p>Para Tobler, a trajet\u00f3ria mais lenta da economia vai come\u00e7ar a ser sentida no terceiro trimestre diminuindo ainda mais o ritmo no \u00faltimo trimestre do ano. Para 2023, fica o desafio de manter a trajet\u00f3ria positiva, porque deve se acentuar o desempenho lento. Segundo o economista, depois de definido quem estar\u00e1 \u00e0 frente do pr\u00f3ximo governo, os poss\u00edveis an\u00fancios de medidas podem influenciar o comportamento dos empres\u00e1rios.<\/p>\n\n\n\n<div class=\"wp-block-image\"><figure class=\"aligncenter size-large is-resized\"><img loading=\"lazy\" decoding=\"async\" src=\"https:\/\/jornalfatosenoticias.com.br\/wp-content\/uploads\/2022\/08\/logo-locau-veiculos-1024x573.png\" alt=\"\" class=\"wp-image-33078\" width=\"364\" height=\"203\"\/><\/figure><\/div>\n\n\n\n<blockquote class=\"wp-block-quote is-layout-flow wp-block-quote-is-layout-flow\"><p><span class=\"has-inline-color has-luminous-vivid-orange-color\">\u201cPode ter um efeito positivo que a gente chama de efeito lua de mel. Se o candidato que ganhar anunciar um pacote positivo, os empres\u00e1rios podem ficar mais animados e reduzir as incertezas, s\u00f3 que mesmo assim 2023 tende a ser um ano com muitos desafios, porque ser\u00e1 um ano que vamos viver com juros ainda muito altos para reduzir a infla\u00e7\u00e3o para chegar pr\u00f3ximo da meta. H\u00e1 problemas fiscais para o ano que vem e o pr\u00f3ximo governo vai ter que enfrentar para poder equilibrar as contas p\u00fablicas. A tend\u00eancia \u00e9 que o primeiro ano de governo ainda seja um ano dif\u00edcil\u201d, concluiu.<\/span><\/p><\/blockquote>\n\n\n\n<div class=\"wp-block-image\"><figure class=\"alignright size-large is-resized\"><img loading=\"lazy\" decoding=\"async\" src=\"https:\/\/jornalfatosenoticias.com.br\/wp-content\/uploads\/2020\/02\/SEVENTUR-TURISMO.jpg\" alt=\"\" class=\"wp-image-32994\" width=\"273\" height=\"216\"\/><\/figure><\/div>\n\n\n\n<p><strong><span class=\"has-inline-color has-black-color\">Destaques<br><\/span><\/strong>Em agosto, quatro dos sete componentes do IAEmp acompanharam o avan\u00e7o. Conforme o Ibre, os destaques foram os indicadores de Tend\u00eancia dos Neg\u00f3cios e de Situa\u00e7\u00e3o Atual dos Neg\u00f3cios da Ind\u00fastria, que contribu\u00edram positivamente com 0,9 e 0,3 ponto, e do indicador de Emprego Previsto de Servi\u00e7os, que ajudou com 0,3 ponto. O principal destaque negativo ficou com o indicador de Emprego Previsto da Ind\u00fastria, que variou -0,3 ponto.<\/p>\n\n\n\n<div class=\"wp-block-image\"><figure class=\"aligncenter size-large\"><img loading=\"lazy\" decoding=\"async\" width=\"729\" height=\"90\" src=\"https:\/\/jornalfatosenoticias.com.br\/wp-content\/uploads\/2020\/02\/Logo_Mizu.png\" alt=\"\" class=\"wp-image-1441\" srcset=\"https:\/\/jornalfatosenoticias.com.br\/wp-content\/uploads\/2020\/02\/Logo_Mizu.png 729w, https:\/\/jornalfatosenoticias.com.br\/wp-content\/uploads\/2020\/02\/Logo_Mizu-300x37.png 300w\" sizes=\"auto, (max-width: 729px) 100vw, 729px\" \/><\/figure><\/div>\n\n\n\n<p><strong><em>Fonte: <a href=\"https:\/\/agenciabrasil.ebc.com.br\/economia\/noticia\/2022-09\/indicador-antecedente-de-emprego-sobe-12-ponto-em-agosto\">Ag\u00eancia Brasil<\/a><\/em><\/strong><\/p>\n","protected":false},"excerpt":{"rendered":"<p>An\u00fancio foi feito pela Funda\u00e7\u00e3o Get\u00falio Vargas O Indicador Antecedente de Emprego (IAEmp), calculado pelo Instituto Brasileiro de Economia da Funda\u00e7\u00e3o Get\u00falio Vargas (FGV Ibre), avan\u00e7ou 1,2 ponto em agosto, passando para 82,3 pontos. \u00c9 o maior n\u00edvel desde novembro de 2021, quando ficou em 83 pontos. Em m\u00e9dias m\u00f3veis trimestrais, o IAEmp cresceu 0,5 [&hellip;]<\/p>\n","protected":false},"author":2,"featured_media":33908,"comment_status":"open","ping_status":"open","sticky":false,"template":"","format":"standard","meta":{"footnotes":""},"categories":[9],"tags":[15924,15925,15926],"class_list":["post-33906","post","type-post","status-publish","format-standard","has-post-thumbnail","hentry","category-economia","tag-fgv-ibre","tag-fundacao-getulio-vargas","tag-indicador-antecedente-de-emprego"],"yoast_head":"<!-- This site is optimized with the Yoast SEO plugin v26.5 - https:\/\/yoast.com\/wordpress\/plugins\/seo\/ -->\n<title>Indicador Antecedente de Emprego sobe 1,2 ponto em agosto - Jornal Fatos e Not\u00edcias<\/title>\n<meta name=\"robots\" content=\"index, follow, max-snippet:-1, max-image-preview:large, max-video-preview:-1\" \/>\n<link rel=\"canonical\" href=\"https:\/\/jornalfatosenoticias.com.br\/index.php\/2022\/09\/06\/indicador-antecedente-de-emprego-sobe-12-ponto-em-agosto\/\" \/>\n<meta property=\"og:locale\" content=\"pt_BR\" \/>\n<meta property=\"og:type\" content=\"article\" \/>\n<meta property=\"og:title\" content=\"Indicador Antecedente de Emprego sobe 1,2 ponto em agosto - Jornal Fatos e Not\u00edcias\" \/>\n<meta property=\"og:description\" content=\"An\u00fancio foi feito pela Funda\u00e7\u00e3o Get\u00falio Vargas O Indicador Antecedente de Emprego (IAEmp), calculado pelo Instituto Brasileiro de Economia da Funda\u00e7\u00e3o Get\u00falio Vargas (FGV Ibre), avan\u00e7ou 1,2 ponto em agosto, passando para 82,3 pontos. \u00c9 o maior n\u00edvel desde novembro de 2021, quando ficou em 83 pontos. Em m\u00e9dias m\u00f3veis trimestrais, o IAEmp cresceu 0,5 [&hellip;]\" \/>\n<meta property=\"og:url\" content=\"https:\/\/jornalfatosenoticias.com.br\/index.php\/2022\/09\/06\/indicador-antecedente-de-emprego-sobe-12-ponto-em-agosto\/\" \/>\n<meta property=\"og:site_name\" content=\"Jornal Fatos e Not\u00edcias\" \/>\n<meta property=\"article:published_time\" content=\"2022-09-06T14:11:42+00:00\" \/>\n<meta property=\"article:modified_time\" content=\"2022-09-06T14:11:44+00:00\" \/>\n<meta property=\"og:image\" content=\"https:\/\/jornalfatosenoticias.com.br\/wp-content\/uploads\/2022\/09\/emprego.jpg\" \/>\n\t<meta property=\"og:image:width\" content=\"1000\" \/>\n\t<meta property=\"og:image:height\" content=\"598\" \/>\n\t<meta property=\"og:image:type\" content=\"image\/jpeg\" \/>\n<meta name=\"author\" content=\"Luzimara Fernandes\" \/>\n<meta name=\"twitter:card\" content=\"summary_large_image\" \/>\n<meta name=\"twitter:label1\" content=\"Escrito por\" \/>\n\t<meta name=\"twitter:data1\" content=\"Luzimara Fernandes\" \/>\n\t<meta name=\"twitter:label2\" content=\"Est. tempo de leitura\" \/>\n\t<meta name=\"twitter:data2\" content=\"4 minutos\" \/>\n<script type=\"application\/ld+json\" class=\"yoast-schema-graph\">{\"@context\":\"https:\/\/schema.org\",\"@graph\":[{\"@type\":\"Article\",\"@id\":\"https:\/\/jornalfatosenoticias.com.br\/index.php\/2022\/09\/06\/indicador-antecedente-de-emprego-sobe-12-ponto-em-agosto\/#article\",\"isPartOf\":{\"@id\":\"https:\/\/jornalfatosenoticias.com.br\/index.php\/2022\/09\/06\/indicador-antecedente-de-emprego-sobe-12-ponto-em-agosto\/\"},\"author\":{\"name\":\"Luzimara Fernandes\",\"@id\":\"https:\/\/jornalfatosenoticias.com.br\/#\/schema\/person\/d63837fa13ac8666eb9e74e0985d6f81\"},\"headline\":\"Indicador Antecedente de Emprego sobe 1,2 ponto em agosto\",\"datePublished\":\"2022-09-06T14:11:42+00:00\",\"dateModified\":\"2022-09-06T14:11:44+00:00\",\"mainEntityOfPage\":{\"@id\":\"https:\/\/jornalfatosenoticias.com.br\/index.php\/2022\/09\/06\/indicador-antecedente-de-emprego-sobe-12-ponto-em-agosto\/\"},\"wordCount\":767,\"commentCount\":0,\"publisher\":{\"@id\":\"https:\/\/jornalfatosenoticias.com.br\/#organization\"},\"image\":{\"@id\":\"https:\/\/jornalfatosenoticias.com.br\/index.php\/2022\/09\/06\/indicador-antecedente-de-emprego-sobe-12-ponto-em-agosto\/#primaryimage\"},\"thumbnailUrl\":\"https:\/\/jornalfatosenoticias.com.br\/wp-content\/uploads\/2022\/09\/emprego.jpg\",\"keywords\":[\"FGV Ibre\",\"Funda\u00e7\u00e3o Get\u00falio Vargas\",\"Indicador Antecedente de Emprego\"],\"articleSection\":[\"Economia\"],\"inLanguage\":\"pt-BR\",\"potentialAction\":[{\"@type\":\"CommentAction\",\"name\":\"Comment\",\"target\":[\"https:\/\/jornalfatosenoticias.com.br\/index.php\/2022\/09\/06\/indicador-antecedente-de-emprego-sobe-12-ponto-em-agosto\/#respond\"]}]},{\"@type\":\"WebPage\",\"@id\":\"https:\/\/jornalfatosenoticias.com.br\/index.php\/2022\/09\/06\/indicador-antecedente-de-emprego-sobe-12-ponto-em-agosto\/\",\"url\":\"https:\/\/jornalfatosenoticias.com.br\/index.php\/2022\/09\/06\/indicador-antecedente-de-emprego-sobe-12-ponto-em-agosto\/\",\"name\":\"Indicador Antecedente de Emprego sobe 1,2 ponto em agosto - Jornal Fatos e Not\u00edcias\",\"isPartOf\":{\"@id\":\"https:\/\/jornalfatosenoticias.com.br\/#website\"},\"primaryImageOfPage\":{\"@id\":\"https:\/\/jornalfatosenoticias.com.br\/index.php\/2022\/09\/06\/indicador-antecedente-de-emprego-sobe-12-ponto-em-agosto\/#primaryimage\"},\"image\":{\"@id\":\"https:\/\/jornalfatosenoticias.com.br\/index.php\/2022\/09\/06\/indicador-antecedente-de-emprego-sobe-12-ponto-em-agosto\/#primaryimage\"},\"thumbnailUrl\":\"https:\/\/jornalfatosenoticias.com.br\/wp-content\/uploads\/2022\/09\/emprego.jpg\",\"datePublished\":\"2022-09-06T14:11:42+00:00\",\"dateModified\":\"2022-09-06T14:11:44+00:00\",\"breadcrumb\":{\"@id\":\"https:\/\/jornalfatosenoticias.com.br\/index.php\/2022\/09\/06\/indicador-antecedente-de-emprego-sobe-12-ponto-em-agosto\/#breadcrumb\"},\"inLanguage\":\"pt-BR\",\"potentialAction\":[{\"@type\":\"ReadAction\",\"target\":[\"https:\/\/jornalfatosenoticias.com.br\/index.php\/2022\/09\/06\/indicador-antecedente-de-emprego-sobe-12-ponto-em-agosto\/\"]}]},{\"@type\":\"ImageObject\",\"inLanguage\":\"pt-BR\",\"@id\":\"https:\/\/jornalfatosenoticias.com.br\/index.php\/2022\/09\/06\/indicador-antecedente-de-emprego-sobe-12-ponto-em-agosto\/#primaryimage\",\"url\":\"https:\/\/jornalfatosenoticias.com.br\/wp-content\/uploads\/2022\/09\/emprego.jpg\",\"contentUrl\":\"https:\/\/jornalfatosenoticias.com.br\/wp-content\/uploads\/2022\/09\/emprego.jpg\",\"width\":1000,\"height\":598,\"caption\":\"Usina de Cana Estivas. Natal (RN) 20.04.06 - Foto:Jos\u00e9 Paulo Lacerda\"},{\"@type\":\"BreadcrumbList\",\"@id\":\"https:\/\/jornalfatosenoticias.com.br\/index.php\/2022\/09\/06\/indicador-antecedente-de-emprego-sobe-12-ponto-em-agosto\/#breadcrumb\",\"itemListElement\":[{\"@type\":\"ListItem\",\"position\":1,\"name\":\"In\u00edcio\",\"item\":\"https:\/\/jornalfatosenoticias.com.br\/\"},{\"@type\":\"ListItem\",\"position\":2,\"name\":\"Indicador Antecedente de Emprego sobe 1,2 ponto em agosto\"}]},{\"@type\":\"WebSite\",\"@id\":\"https:\/\/jornalfatosenoticias.com.br\/#website\",\"url\":\"https:\/\/jornalfatosenoticias.com.br\/\",\"name\":\"Jornal Fatos e Not\u00edcias\",\"description\":\"Not\u00edcias em geral\",\"publisher\":{\"@id\":\"https:\/\/jornalfatosenoticias.com.br\/#organization\"},\"potentialAction\":[{\"@type\":\"SearchAction\",\"target\":{\"@type\":\"EntryPoint\",\"urlTemplate\":\"https:\/\/jornalfatosenoticias.com.br\/?s={search_term_string}\"},\"query-input\":{\"@type\":\"PropertyValueSpecification\",\"valueRequired\":true,\"valueName\":\"search_term_string\"}}],\"inLanguage\":\"pt-BR\"},{\"@type\":\"Organization\",\"@id\":\"https:\/\/jornalfatosenoticias.com.br\/#organization\",\"name\":\"Jornal Fatos e Not\u00edcias\",\"url\":\"https:\/\/jornalfatosenoticias.com.br\/\",\"logo\":{\"@type\":\"ImageObject\",\"inLanguage\":\"pt-BR\",\"@id\":\"https:\/\/jornalfatosenoticias.com.br\/#\/schema\/logo\/image\/\",\"url\":\"https:\/\/jornalfatosenoticias.com.br\/wp-content\/uploads\/2020\/02\/logo120.png\",\"contentUrl\":\"https:\/\/jornalfatosenoticias.com.br\/wp-content\/uploads\/2020\/02\/logo120.png\",\"width\":1227,\"height\":120,\"caption\":\"Jornal Fatos e Not\u00edcias\"},\"image\":{\"@id\":\"https:\/\/jornalfatosenoticias.com.br\/#\/schema\/logo\/image\/\"}},{\"@type\":\"Person\",\"@id\":\"https:\/\/jornalfatosenoticias.com.br\/#\/schema\/person\/d63837fa13ac8666eb9e74e0985d6f81\",\"name\":\"Luzimara Fernandes\",\"image\":{\"@type\":\"ImageObject\",\"inLanguage\":\"pt-BR\",\"@id\":\"https:\/\/jornalfatosenoticias.com.br\/#\/schema\/person\/image\/\",\"url\":\"https:\/\/jornalfatosenoticias.com.br\/wp-content\/uploads\/2025\/05\/EU_portal.jpg\",\"contentUrl\":\"https:\/\/jornalfatosenoticias.com.br\/wp-content\/uploads\/2025\/05\/EU_portal.jpg\",\"caption\":\"Luzimara Fernandes\"},\"description\":\"Jornalista MTB 2358-ES\",\"sameAs\":[\"https:\/\/jornalfatosenoticias.com.br\"],\"url\":\"https:\/\/jornalfatosenoticias.com.br\/index.php\/author\/luzimara\/\"}]}<\/script>\n<!-- \/ Yoast SEO plugin. -->","yoast_head_json":{"title":"Indicador Antecedente de Emprego sobe 1,2 ponto em agosto - Jornal Fatos e Not\u00edcias","robots":{"index":"index","follow":"follow","max-snippet":"max-snippet:-1","max-image-preview":"max-image-preview:large","max-video-preview":"max-video-preview:-1"},"canonical":"https:\/\/jornalfatosenoticias.com.br\/index.php\/2022\/09\/06\/indicador-antecedente-de-emprego-sobe-12-ponto-em-agosto\/","og_locale":"pt_BR","og_type":"article","og_title":"Indicador Antecedente de Emprego sobe 1,2 ponto em agosto - Jornal Fatos e Not\u00edcias","og_description":"An\u00fancio foi feito pela Funda\u00e7\u00e3o Get\u00falio Vargas O Indicador Antecedente de Emprego (IAEmp), calculado pelo Instituto Brasileiro de Economia da Funda\u00e7\u00e3o Get\u00falio Vargas (FGV Ibre), avan\u00e7ou 1,2 ponto em agosto, passando para 82,3 pontos. \u00c9 o maior n\u00edvel desde novembro de 2021, quando ficou em 83 pontos. Em m\u00e9dias m\u00f3veis trimestrais, o IAEmp cresceu 0,5 [&hellip;]","og_url":"https:\/\/jornalfatosenoticias.com.br\/index.php\/2022\/09\/06\/indicador-antecedente-de-emprego-sobe-12-ponto-em-agosto\/","og_site_name":"Jornal Fatos e Not\u00edcias","article_published_time":"2022-09-06T14:11:42+00:00","article_modified_time":"2022-09-06T14:11:44+00:00","og_image":[{"width":1000,"height":598,"url":"https:\/\/jornalfatosenoticias.com.br\/wp-content\/uploads\/2022\/09\/emprego.jpg","type":"image\/jpeg"}],"author":"Luzimara Fernandes","twitter_card":"summary_large_image","twitter_misc":{"Escrito por":"Luzimara Fernandes","Est. tempo de leitura":"4 minutos"},"schema":{"@context":"https:\/\/schema.org","@graph":[{"@type":"Article","@id":"https:\/\/jornalfatosenoticias.com.br\/index.php\/2022\/09\/06\/indicador-antecedente-de-emprego-sobe-12-ponto-em-agosto\/#article","isPartOf":{"@id":"https:\/\/jornalfatosenoticias.com.br\/index.php\/2022\/09\/06\/indicador-antecedente-de-emprego-sobe-12-ponto-em-agosto\/"},"author":{"name":"Luzimara Fernandes","@id":"https:\/\/jornalfatosenoticias.com.br\/#\/schema\/person\/d63837fa13ac8666eb9e74e0985d6f81"},"headline":"Indicador Antecedente de Emprego sobe 1,2 ponto em agosto","datePublished":"2022-09-06T14:11:42+00:00","dateModified":"2022-09-06T14:11:44+00:00","mainEntityOfPage":{"@id":"https:\/\/jornalfatosenoticias.com.br\/index.php\/2022\/09\/06\/indicador-antecedente-de-emprego-sobe-12-ponto-em-agosto\/"},"wordCount":767,"commentCount":0,"publisher":{"@id":"https:\/\/jornalfatosenoticias.com.br\/#organization"},"image":{"@id":"https:\/\/jornalfatosenoticias.com.br\/index.php\/2022\/09\/06\/indicador-antecedente-de-emprego-sobe-12-ponto-em-agosto\/#primaryimage"},"thumbnailUrl":"https:\/\/jornalfatosenoticias.com.br\/wp-content\/uploads\/2022\/09\/emprego.jpg","keywords":["FGV Ibre","Funda\u00e7\u00e3o Get\u00falio Vargas","Indicador Antecedente de Emprego"],"articleSection":["Economia"],"inLanguage":"pt-BR","potentialAction":[{"@type":"CommentAction","name":"Comment","target":["https:\/\/jornalfatosenoticias.com.br\/index.php\/2022\/09\/06\/indicador-antecedente-de-emprego-sobe-12-ponto-em-agosto\/#respond"]}]},{"@type":"WebPage","@id":"https:\/\/jornalfatosenoticias.com.br\/index.php\/2022\/09\/06\/indicador-antecedente-de-emprego-sobe-12-ponto-em-agosto\/","url":"https:\/\/jornalfatosenoticias.com.br\/index.php\/2022\/09\/06\/indicador-antecedente-de-emprego-sobe-12-ponto-em-agosto\/","name":"Indicador Antecedente de Emprego sobe 1,2 ponto em agosto - Jornal Fatos e Not\u00edcias","isPartOf":{"@id":"https:\/\/jornalfatosenoticias.com.br\/#website"},"primaryImageOfPage":{"@id":"https:\/\/jornalfatosenoticias.com.br\/index.php\/2022\/09\/06\/indicador-antecedente-de-emprego-sobe-12-ponto-em-agosto\/#primaryimage"},"image":{"@id":"https:\/\/jornalfatosenoticias.com.br\/index.php\/2022\/09\/06\/indicador-antecedente-de-emprego-sobe-12-ponto-em-agosto\/#primaryimage"},"thumbnailUrl":"https:\/\/jornalfatosenoticias.com.br\/wp-content\/uploads\/2022\/09\/emprego.jpg","datePublished":"2022-09-06T14:11:42+00:00","dateModified":"2022-09-06T14:11:44+00:00","breadcrumb":{"@id":"https:\/\/jornalfatosenoticias.com.br\/index.php\/2022\/09\/06\/indicador-antecedente-de-emprego-sobe-12-ponto-em-agosto\/#breadcrumb"},"inLanguage":"pt-BR","potentialAction":[{"@type":"ReadAction","target":["https:\/\/jornalfatosenoticias.com.br\/index.php\/2022\/09\/06\/indicador-antecedente-de-emprego-sobe-12-ponto-em-agosto\/"]}]},{"@type":"ImageObject","inLanguage":"pt-BR","@id":"https:\/\/jornalfatosenoticias.com.br\/index.php\/2022\/09\/06\/indicador-antecedente-de-emprego-sobe-12-ponto-em-agosto\/#primaryimage","url":"https:\/\/jornalfatosenoticias.com.br\/wp-content\/uploads\/2022\/09\/emprego.jpg","contentUrl":"https:\/\/jornalfatosenoticias.com.br\/wp-content\/uploads\/2022\/09\/emprego.jpg","width":1000,"height":598,"caption":"Usina de Cana Estivas. Natal (RN) 20.04.06 - Foto:Jos\u00e9 Paulo Lacerda"},{"@type":"BreadcrumbList","@id":"https:\/\/jornalfatosenoticias.com.br\/index.php\/2022\/09\/06\/indicador-antecedente-de-emprego-sobe-12-ponto-em-agosto\/#breadcrumb","itemListElement":[{"@type":"ListItem","position":1,"name":"In\u00edcio","item":"https:\/\/jornalfatosenoticias.com.br\/"},{"@type":"ListItem","position":2,"name":"Indicador Antecedente de Emprego sobe 1,2 ponto em agosto"}]},{"@type":"WebSite","@id":"https:\/\/jornalfatosenoticias.com.br\/#website","url":"https:\/\/jornalfatosenoticias.com.br\/","name":"Jornal Fatos e Not\u00edcias","description":"Not\u00edcias em geral","publisher":{"@id":"https:\/\/jornalfatosenoticias.com.br\/#organization"},"potentialAction":[{"@type":"SearchAction","target":{"@type":"EntryPoint","urlTemplate":"https:\/\/jornalfatosenoticias.com.br\/?s={search_term_string}"},"query-input":{"@type":"PropertyValueSpecification","valueRequired":true,"valueName":"search_term_string"}}],"inLanguage":"pt-BR"},{"@type":"Organization","@id":"https:\/\/jornalfatosenoticias.com.br\/#organization","name":"Jornal Fatos e Not\u00edcias","url":"https:\/\/jornalfatosenoticias.com.br\/","logo":{"@type":"ImageObject","inLanguage":"pt-BR","@id":"https:\/\/jornalfatosenoticias.com.br\/#\/schema\/logo\/image\/","url":"https:\/\/jornalfatosenoticias.com.br\/wp-content\/uploads\/2020\/02\/logo120.png","contentUrl":"https:\/\/jornalfatosenoticias.com.br\/wp-content\/uploads\/2020\/02\/logo120.png","width":1227,"height":120,"caption":"Jornal Fatos e Not\u00edcias"},"image":{"@id":"https:\/\/jornalfatosenoticias.com.br\/#\/schema\/logo\/image\/"}},{"@type":"Person","@id":"https:\/\/jornalfatosenoticias.com.br\/#\/schema\/person\/d63837fa13ac8666eb9e74e0985d6f81","name":"Luzimara Fernandes","image":{"@type":"ImageObject","inLanguage":"pt-BR","@id":"https:\/\/jornalfatosenoticias.com.br\/#\/schema\/person\/image\/","url":"https:\/\/jornalfatosenoticias.com.br\/wp-content\/uploads\/2025\/05\/EU_portal.jpg","contentUrl":"https:\/\/jornalfatosenoticias.com.br\/wp-content\/uploads\/2025\/05\/EU_portal.jpg","caption":"Luzimara Fernandes"},"description":"Jornalista MTB 2358-ES","sameAs":["https:\/\/jornalfatosenoticias.com.br"],"url":"https:\/\/jornalfatosenoticias.com.br\/index.php\/author\/luzimara\/"}]}},"cc_featured_image_caption":{"caption_text":"(Foto: CNI\/Jos\u00e9 Paulo Lacerda\/Direitos Reservados)","source_text":"","source_url":""},"jetpack_featured_media_url":"https:\/\/jornalfatosenoticias.com.br\/wp-content\/uploads\/2022\/09\/emprego.jpg","_links":{"self":[{"href":"https:\/\/jornalfatosenoticias.com.br\/index.php\/wp-json\/wp\/v2\/posts\/33906","targetHints":{"allow":["GET"]}}],"collection":[{"href":"https:\/\/jornalfatosenoticias.com.br\/index.php\/wp-json\/wp\/v2\/posts"}],"about":[{"href":"https:\/\/jornalfatosenoticias.com.br\/index.php\/wp-json\/wp\/v2\/types\/post"}],"author":[{"embeddable":true,"href":"https:\/\/jornalfatosenoticias.com.br\/index.php\/wp-json\/wp\/v2\/users\/2"}],"replies":[{"embeddable":true,"href":"https:\/\/jornalfatosenoticias.com.br\/index.php\/wp-json\/wp\/v2\/comments?post=33906"}],"version-history":[{"count":0,"href":"https:\/\/jornalfatosenoticias.com.br\/index.php\/wp-json\/wp\/v2\/posts\/33906\/revisions"}],"wp:featuredmedia":[{"embeddable":true,"href":"https:\/\/jornalfatosenoticias.com.br\/index.php\/wp-json\/wp\/v2\/media\/33908"}],"wp:attachment":[{"href":"https:\/\/jornalfatosenoticias.com.br\/index.php\/wp-json\/wp\/v2\/media?parent=33906"}],"wp:term":[{"taxonomy":"category","embeddable":true,"href":"https:\/\/jornalfatosenoticias.com.br\/index.php\/wp-json\/wp\/v2\/categories?post=33906"},{"taxonomy":"post_tag","embeddable":true,"href":"https:\/\/jornalfatosenoticias.com.br\/index.php\/wp-json\/wp\/v2\/tags?post=33906"}],"curies":[{"name":"wp","href":"https:\/\/api.w.org\/{rel}","templated":true}]}}