{"id":33933,"date":"2022-09-06T13:30:05","date_gmt":"2022-09-06T16:30:05","guid":{"rendered":"https:\/\/jornalfatosenoticias.com.br\/?p=33933"},"modified":"2022-09-06T13:30:07","modified_gmt":"2022-09-06T16:30:07","slug":"bicicleta-eletrica-acessivel-e-inspirada-no-surfe-e-apresentada-pela-electra","status":"publish","type":"post","link":"https:\/\/jornalfatosenoticias.com.br\/index.php\/2022\/09\/06\/bicicleta-eletrica-acessivel-e-inspirada-no-surfe-e-apresentada-pela-electra\/","title":{"rendered":"Bicicleta el\u00e9trica acess\u00edvel e inspirada no surfe \u00e9 apresentada pela Electra"},"content":{"rendered":"\n<div class=\"wp-block-image\"><figure class=\"aligncenter size-large\"><img loading=\"lazy\" decoding=\"async\" width=\"1024\" height=\"103\" src=\"https:\/\/jornalfatosenoticias.com.br\/wp-content\/uploads\/2022\/02\/Arte-Autoescola-Galatas_endereco_portal-1024x103.png\" alt=\"\" class=\"wp-image-27869\" srcset=\"https:\/\/jornalfatosenoticias.com.br\/wp-content\/uploads\/2022\/02\/Arte-Autoescola-Galatas_endereco_portal-1024x103.png 1024w, https:\/\/jornalfatosenoticias.com.br\/wp-content\/uploads\/2022\/02\/Arte-Autoescola-Galatas_endereco_portal-300x30.png 300w, https:\/\/jornalfatosenoticias.com.br\/wp-content\/uploads\/2022\/02\/Arte-Autoescola-Galatas_endereco_portal-768x77.png 768w, https:\/\/jornalfatosenoticias.com.br\/wp-content\/uploads\/2022\/02\/Arte-Autoescola-Galatas_endereco_portal.png 1223w\" sizes=\"auto, (max-width: 1024px) 100vw, 1024px\" \/><\/figure><\/div>\n\n\n\n<p>A Electra \u00e9 uma marca de bicicletas que ficou conhecida por trazer uma pitada de modernidade em modelos com visual mais cl\u00e1ssico. A novidade da vez apresentada pela empresa em agosto \u00e9 a <a href=\"https:\/\/olhardigital.com.br\/tag\/e-bike\/\" target=\"_blank\" rel=\"noreferrer noopener\">e-bike<\/a>\u00a0Kakau Go!<br>De in\u00edcio, a <a href=\"https:\/\/olhardigital.com.br\/2022\/08\/31\/carros-e-tecnologia\/bicicleta-eletrica-com-cara-de-scooter-e-lancada-por-menos-de-r-10-mil\/amp\/\" target=\"_blank\" rel=\"noreferrer noopener\">bike el\u00e9trica<\/a> se destaca pelo pre\u00e7o abaixo da m\u00e9dia no exterior. A Kakau sai por US$ 1.800, pouco mais de R$ 9.300 na cota\u00e7\u00e3o atual.<br>Por esse valor, o comprador leva para casa um quadro constru\u00eddo em alum\u00ednio desenhado pensando em seguran\u00e7a e conforte, ressalta a fabricante. A ideia \u00e9 permitir que os ciclistas consigam montar, desmontar ou colocar os p\u00e9s no ch\u00e3o com mais facilidade.<\/p>\n\n\n\n<div class=\"wp-block-image\"><figure class=\"aligncenter size-large is-resized\"><img loading=\"lazy\" decoding=\"async\" src=\"https:\/\/jornalfatosenoticias.com.br\/wp-content\/uploads\/2022\/02\/Precisao-Contabilidade-1024x724.jpg\" alt=\"\" class=\"wp-image-28088\" width=\"321\" height=\"227\"\/><\/figure><\/div>\n\n\n\n<h4 class=\"wp-block-heading\"><strong><span class=\"has-inline-color has-black-color\">Inspirada no \u2018ber\u00e7o do surfe\u2019<\/span><\/strong><\/h4>\n\n\n\n<div class=\"wp-block-jetpack-slideshow aligncenter\" data-effect=\"slide\"><div class=\"wp-block-jetpack-slideshow_container swiper-container\"><ul class=\"wp-block-jetpack-slideshow_swiper-wrapper swiper-wrapper\"><li class=\"wp-block-jetpack-slideshow_slide swiper-slide\"><figure><img loading=\"lazy\" decoding=\"async\" width=\"1000\" height=\"603\" alt=\"\" class=\"wp-block-jetpack-slideshow_image wp-image-33934\" data-id=\"33934\" src=\"https:\/\/jornalfatosenoticias.com.br\/wp-content\/uploads\/2022\/09\/electra-bicileta-eletrica.jpg\" srcset=\"https:\/\/jornalfatosenoticias.com.br\/wp-content\/uploads\/2022\/09\/electra-bicileta-eletrica.jpg 1000w, https:\/\/jornalfatosenoticias.com.br\/wp-content\/uploads\/2022\/09\/electra-bicileta-eletrica-300x181.jpg 300w, https:\/\/jornalfatosenoticias.com.br\/wp-content\/uploads\/2022\/09\/electra-bicileta-eletrica-768x463.jpg 768w\" sizes=\"auto, (max-width: 1000px) 100vw, 1000px\" \/><figcaption class=\"wp-block-jetpack-slideshow_caption gallery-caption\">Kakau Go! (Foto: Electra\/Divulga\u00e7\u00e3o)<\/figcaption><\/figure><\/li><li class=\"wp-block-jetpack-slideshow_slide swiper-slide\"><figure><img loading=\"lazy\" decoding=\"async\" width=\"1000\" height=\"682\" alt=\"\" class=\"wp-block-jetpack-slideshow_image wp-image-33935\" data-id=\"33935\" src=\"https:\/\/jornalfatosenoticias.com.br\/wp-content\/uploads\/2022\/09\/electra-s-kakau-go-2.jpg\" srcset=\"https:\/\/jornalfatosenoticias.com.br\/wp-content\/uploads\/2022\/09\/electra-s-kakau-go-2.jpg 1000w, https:\/\/jornalfatosenoticias.com.br\/wp-content\/uploads\/2022\/09\/electra-s-kakau-go-2-300x205.jpg 300w, https:\/\/jornalfatosenoticias.com.br\/wp-content\/uploads\/2022\/09\/electra-s-kakau-go-2-768x524.jpg 768w\" sizes=\"auto, (max-width: 1000px) 100vw, 1000px\" \/><figcaption class=\"wp-block-jetpack-slideshow_caption gallery-caption\">Kakau Go! (Foto: Electra\/Divulga\u00e7\u00e3o)<\/figcaption><\/figure><\/li><\/ul><a class=\"wp-block-jetpack-slideshow_button-prev swiper-button-prev swiper-button-white\" role=\"button\"><\/a><a class=\"wp-block-jetpack-slideshow_button-next swiper-button-next swiper-button-white\" role=\"button\"><\/a><a aria-label=\"Pause Slideshow\" class=\"wp-block-jetpack-slideshow_button-pause\" role=\"button\"><\/a><div class=\"wp-block-jetpack-slideshow_pagination swiper-pagination swiper-pagination-white\"><\/div><\/div><\/div>\n\n\n\n<div class=\"wp-block-image\"><figure class=\"alignright size-large is-resized\"><img loading=\"lazy\" decoding=\"async\" src=\"https:\/\/jornalfatosenoticias.com.br\/wp-content\/uploads\/2020\/02\/logo_esteio.jpg\" alt=\"\" class=\"wp-image-1214\" width=\"290\" height=\"242\"\/><\/figure><\/div>\n\n\n\n<p>Vale ressaltar que o modelo faz parte de uma s\u00e9rie especial da Electra, a Artist. A linha presta homenagem a algumas regi\u00f5es do planeta. No caso da Kakau, a inspira\u00e7\u00e3o s\u00e3o as ilhas da Polin\u00e9sia, muito conhecidas como um dos ber\u00e7os do surfe.<br>A pintura, por exemplo, imita brasa fosca, enquanto os padr\u00f5es tribais no corpo da bike tamb\u00e9m remetem a regi\u00e3o. At\u00e9 a base do guid\u00e3o \u00e9 feita Koa, mesma madeira utilizada nas primeiras pranchas de surf.<\/p>\n\n\n\n<div class=\"wp-block-image\"><figure class=\"aligncenter size-large is-resized\"><img loading=\"lazy\" decoding=\"async\" src=\"https:\/\/jornalfatosenoticias.com.br\/wp-content\/uploads\/2020\/02\/nova-logo-Marquetti.jpg\" alt=\"\" class=\"wp-image-22331\" width=\"349\" height=\"234\" srcset=\"https:\/\/jornalfatosenoticias.com.br\/wp-content\/uploads\/2020\/02\/nova-logo-Marquetti.jpg 643w, https:\/\/jornalfatosenoticias.com.br\/wp-content\/uploads\/2020\/02\/nova-logo-Marquetti-300x202.jpg 300w\" sizes=\"auto, (max-width: 349px) 100vw, 349px\" \/><\/figure><\/div>\n\n\n\n<p>Quando o assunto \u00e9 pot\u00eancia e alcance, o que se sabe \u00e9 que a bicicleta possui um \u00fanico motor el\u00e9trico instalado no cubo traseiro. No tubo inferior do quadro, h\u00e1 uma bateria de 250 watts-hora que entrega uma autonomia de 65 km por carga.<br>Caso isso n\u00e3o seja o suficiente para as jornadas di\u00e1rias, a empresa oferece um extensor de alcance que dobra a autonomia para 130 km.<\/p>\n\n\n\n<div class=\"wp-block-image\"><figure class=\"aligncenter size-large\"><img loading=\"lazy\" decoding=\"async\" width=\"300\" height=\"237\" src=\"https:\/\/jornalfatosenoticias.com.br\/wp-content\/uploads\/2020\/02\/SEVENTUR-TURISMO.jpg\" alt=\"\" class=\"wp-image-32994\"\/><\/figure><\/div>\n\n\n\n<p><strong><em>Fonte: <a href=\"https:\/\/olhardigital.com.br\/2022\/09\/05\/carros-e-tecnologia\/bicicleta-eletrica-acessivel-e-inspirada-no-surfe-e-apresentada-pela-electra\/amp\/\">Olhar Digital<\/a><\/em><\/strong><\/p>\n","protected":false},"excerpt":{"rendered":"<p>A Electra \u00e9 uma marca de bicicletas que ficou conhecida por trazer uma pitada de modernidade em modelos com visual mais cl\u00e1ssico. A novidade da vez apresentada pela empresa em agosto \u00e9 a e-bike\u00a0Kakau Go!De in\u00edcio, a bike el\u00e9trica se destaca pelo pre\u00e7o abaixo da m\u00e9dia no exterior. A Kakau sai por US$ 1.800, pouco [&hellip;]<\/p>\n","protected":false},"author":2,"featured_media":33936,"comment_status":"open","ping_status":"open","sticky":false,"template":"","format":"standard","meta":{"footnotes":""},"categories":[9923],"tags":[4739,3704,11673,15938,15939],"class_list":["post-33933","post","type-post","status-publish","format-standard","has-post-thumbnail","hentry","category-mobilidade","tag-bicicleta-eletrica","tag-bicicletas","tag-e-bike","tag-electra","tag-kakau-go"],"yoast_head":"<!-- This site is optimized with the Yoast SEO plugin v26.5 - https:\/\/yoast.com\/wordpress\/plugins\/seo\/ -->\n<title>Bicicleta el\u00e9trica acess\u00edvel e inspirada no surfe \u00e9 apresentada pela Electra - Jornal Fatos e Not\u00edcias<\/title>\n<meta name=\"robots\" content=\"index, follow, max-snippet:-1, max-image-preview:large, max-video-preview:-1\" \/>\n<link rel=\"canonical\" href=\"https:\/\/jornalfatosenoticias.com.br\/index.php\/2022\/09\/06\/bicicleta-eletrica-acessivel-e-inspirada-no-surfe-e-apresentada-pela-electra\/\" \/>\n<meta property=\"og:locale\" content=\"pt_BR\" \/>\n<meta property=\"og:type\" content=\"article\" \/>\n<meta property=\"og:title\" content=\"Bicicleta el\u00e9trica acess\u00edvel e inspirada no surfe \u00e9 apresentada pela Electra - Jornal Fatos e Not\u00edcias\" \/>\n<meta property=\"og:description\" content=\"A Electra \u00e9 uma marca de bicicletas que ficou conhecida por trazer uma pitada de modernidade em modelos com visual mais cl\u00e1ssico. A novidade da vez apresentada pela empresa em agosto \u00e9 a e-bike\u00a0Kakau Go!De in\u00edcio, a bike el\u00e9trica se destaca pelo pre\u00e7o abaixo da m\u00e9dia no exterior. A Kakau sai por US$ 1.800, pouco [&hellip;]\" \/>\n<meta property=\"og:url\" content=\"https:\/\/jornalfatosenoticias.com.br\/index.php\/2022\/09\/06\/bicicleta-eletrica-acessivel-e-inspirada-no-surfe-e-apresentada-pela-electra\/\" \/>\n<meta property=\"og:site_name\" content=\"Jornal Fatos e Not\u00edcias\" \/>\n<meta property=\"article:published_time\" content=\"2022-09-06T16:30:05+00:00\" \/>\n<meta property=\"article:modified_time\" content=\"2022-09-06T16:30:07+00:00\" \/>\n<meta property=\"og:image\" content=\"https:\/\/jornalfatosenoticias.com.br\/wp-content\/uploads\/2022\/09\/electra-03.jpg\" \/>\n\t<meta property=\"og:image:width\" content=\"1000\" \/>\n\t<meta property=\"og:image:height\" content=\"630\" \/>\n\t<meta property=\"og:image:type\" content=\"image\/jpeg\" \/>\n<meta name=\"author\" content=\"Luzimara Fernandes\" \/>\n<meta name=\"twitter:card\" content=\"summary_large_image\" \/>\n<meta name=\"twitter:label1\" content=\"Escrito por\" \/>\n\t<meta name=\"twitter:data1\" content=\"Luzimara Fernandes\" \/>\n\t<meta name=\"twitter:label2\" content=\"Est. tempo de leitura\" \/>\n\t<meta name=\"twitter:data2\" content=\"1 minuto\" \/>\n<script type=\"application\/ld+json\" class=\"yoast-schema-graph\">{\"@context\":\"https:\/\/schema.org\",\"@graph\":[{\"@type\":\"Article\",\"@id\":\"https:\/\/jornalfatosenoticias.com.br\/index.php\/2022\/09\/06\/bicicleta-eletrica-acessivel-e-inspirada-no-surfe-e-apresentada-pela-electra\/#article\",\"isPartOf\":{\"@id\":\"https:\/\/jornalfatosenoticias.com.br\/index.php\/2022\/09\/06\/bicicleta-eletrica-acessivel-e-inspirada-no-surfe-e-apresentada-pela-electra\/\"},\"author\":{\"name\":\"Luzimara Fernandes\",\"@id\":\"https:\/\/jornalfatosenoticias.com.br\/#\/schema\/person\/d63837fa13ac8666eb9e74e0985d6f81\"},\"headline\":\"Bicicleta el\u00e9trica acess\u00edvel e inspirada no surfe \u00e9 apresentada pela Electra\",\"datePublished\":\"2022-09-06T16:30:05+00:00\",\"dateModified\":\"2022-09-06T16:30:07+00:00\",\"mainEntityOfPage\":{\"@id\":\"https:\/\/jornalfatosenoticias.com.br\/index.php\/2022\/09\/06\/bicicleta-eletrica-acessivel-e-inspirada-no-surfe-e-apresentada-pela-electra\/\"},\"wordCount\":298,\"commentCount\":0,\"publisher\":{\"@id\":\"https:\/\/jornalfatosenoticias.com.br\/#organization\"},\"image\":{\"@id\":\"https:\/\/jornalfatosenoticias.com.br\/index.php\/2022\/09\/06\/bicicleta-eletrica-acessivel-e-inspirada-no-surfe-e-apresentada-pela-electra\/#primaryimage\"},\"thumbnailUrl\":\"https:\/\/jornalfatosenoticias.com.br\/wp-content\/uploads\/2022\/09\/electra-03.jpg\",\"keywords\":[\"bicicleta el\u00e9trica\",\"bicicletas\",\"e-bike\",\"Electra\",\"Kakau Go!\"],\"articleSection\":[\"Mobilidade\"],\"inLanguage\":\"pt-BR\",\"potentialAction\":[{\"@type\":\"CommentAction\",\"name\":\"Comment\",\"target\":[\"https:\/\/jornalfatosenoticias.com.br\/index.php\/2022\/09\/06\/bicicleta-eletrica-acessivel-e-inspirada-no-surfe-e-apresentada-pela-electra\/#respond\"]}]},{\"@type\":\"WebPage\",\"@id\":\"https:\/\/jornalfatosenoticias.com.br\/index.php\/2022\/09\/06\/bicicleta-eletrica-acessivel-e-inspirada-no-surfe-e-apresentada-pela-electra\/\",\"url\":\"https:\/\/jornalfatosenoticias.com.br\/index.php\/2022\/09\/06\/bicicleta-eletrica-acessivel-e-inspirada-no-surfe-e-apresentada-pela-electra\/\",\"name\":\"Bicicleta el\u00e9trica acess\u00edvel e inspirada no surfe \u00e9 apresentada pela Electra - Jornal Fatos e Not\u00edcias\",\"isPartOf\":{\"@id\":\"https:\/\/jornalfatosenoticias.com.br\/#website\"},\"primaryImageOfPage\":{\"@id\":\"https:\/\/jornalfatosenoticias.com.br\/index.php\/2022\/09\/06\/bicicleta-eletrica-acessivel-e-inspirada-no-surfe-e-apresentada-pela-electra\/#primaryimage\"},\"image\":{\"@id\":\"https:\/\/jornalfatosenoticias.com.br\/index.php\/2022\/09\/06\/bicicleta-eletrica-acessivel-e-inspirada-no-surfe-e-apresentada-pela-electra\/#primaryimage\"},\"thumbnailUrl\":\"https:\/\/jornalfatosenoticias.com.br\/wp-content\/uploads\/2022\/09\/electra-03.jpg\",\"datePublished\":\"2022-09-06T16:30:05+00:00\",\"dateModified\":\"2022-09-06T16:30:07+00:00\",\"breadcrumb\":{\"@id\":\"https:\/\/jornalfatosenoticias.com.br\/index.php\/2022\/09\/06\/bicicleta-eletrica-acessivel-e-inspirada-no-surfe-e-apresentada-pela-electra\/#breadcrumb\"},\"inLanguage\":\"pt-BR\",\"potentialAction\":[{\"@type\":\"ReadAction\",\"target\":[\"https:\/\/jornalfatosenoticias.com.br\/index.php\/2022\/09\/06\/bicicleta-eletrica-acessivel-e-inspirada-no-surfe-e-apresentada-pela-electra\/\"]}]},{\"@type\":\"ImageObject\",\"inLanguage\":\"pt-BR\",\"@id\":\"https:\/\/jornalfatosenoticias.com.br\/index.php\/2022\/09\/06\/bicicleta-eletrica-acessivel-e-inspirada-no-surfe-e-apresentada-pela-electra\/#primaryimage\",\"url\":\"https:\/\/jornalfatosenoticias.com.br\/wp-content\/uploads\/2022\/09\/electra-03.jpg\",\"contentUrl\":\"https:\/\/jornalfatosenoticias.com.br\/wp-content\/uploads\/2022\/09\/electra-03.jpg\",\"width\":1000,\"height\":630},{\"@type\":\"BreadcrumbList\",\"@id\":\"https:\/\/jornalfatosenoticias.com.br\/index.php\/2022\/09\/06\/bicicleta-eletrica-acessivel-e-inspirada-no-surfe-e-apresentada-pela-electra\/#breadcrumb\",\"itemListElement\":[{\"@type\":\"ListItem\",\"position\":1,\"name\":\"In\u00edcio\",\"item\":\"https:\/\/jornalfatosenoticias.com.br\/\"},{\"@type\":\"ListItem\",\"position\":2,\"name\":\"Bicicleta el\u00e9trica acess\u00edvel e inspirada no surfe \u00e9 apresentada pela Electra\"}]},{\"@type\":\"WebSite\",\"@id\":\"https:\/\/jornalfatosenoticias.com.br\/#website\",\"url\":\"https:\/\/jornalfatosenoticias.com.br\/\",\"name\":\"Jornal Fatos e Not\u00edcias\",\"description\":\"Not\u00edcias em geral\",\"publisher\":{\"@id\":\"https:\/\/jornalfatosenoticias.com.br\/#organization\"},\"potentialAction\":[{\"@type\":\"SearchAction\",\"target\":{\"@type\":\"EntryPoint\",\"urlTemplate\":\"https:\/\/jornalfatosenoticias.com.br\/?s={search_term_string}\"},\"query-input\":{\"@type\":\"PropertyValueSpecification\",\"valueRequired\":true,\"valueName\":\"search_term_string\"}}],\"inLanguage\":\"pt-BR\"},{\"@type\":\"Organization\",\"@id\":\"https:\/\/jornalfatosenoticias.com.br\/#organization\",\"name\":\"Jornal Fatos e Not\u00edcias\",\"url\":\"https:\/\/jornalfatosenoticias.com.br\/\",\"logo\":{\"@type\":\"ImageObject\",\"inLanguage\":\"pt-BR\",\"@id\":\"https:\/\/jornalfatosenoticias.com.br\/#\/schema\/logo\/image\/\",\"url\":\"https:\/\/jornalfatosenoticias.com.br\/wp-content\/uploads\/2020\/02\/logo120.png\",\"contentUrl\":\"https:\/\/jornalfatosenoticias.com.br\/wp-content\/uploads\/2020\/02\/logo120.png\",\"width\":1227,\"height\":120,\"caption\":\"Jornal Fatos e Not\u00edcias\"},\"image\":{\"@id\":\"https:\/\/jornalfatosenoticias.com.br\/#\/schema\/logo\/image\/\"}},{\"@type\":\"Person\",\"@id\":\"https:\/\/jornalfatosenoticias.com.br\/#\/schema\/person\/d63837fa13ac8666eb9e74e0985d6f81\",\"name\":\"Luzimara Fernandes\",\"image\":{\"@type\":\"ImageObject\",\"inLanguage\":\"pt-BR\",\"@id\":\"https:\/\/jornalfatosenoticias.com.br\/#\/schema\/person\/image\/\",\"url\":\"https:\/\/jornalfatosenoticias.com.br\/wp-content\/uploads\/2025\/05\/EU_portal.jpg\",\"contentUrl\":\"https:\/\/jornalfatosenoticias.com.br\/wp-content\/uploads\/2025\/05\/EU_portal.jpg\",\"caption\":\"Luzimara Fernandes\"},\"description\":\"Jornalista MTB 2358-ES\",\"sameAs\":[\"https:\/\/jornalfatosenoticias.com.br\"],\"url\":\"https:\/\/jornalfatosenoticias.com.br\/index.php\/author\/luzimara\/\"}]}<\/script>\n<!-- \/ Yoast SEO plugin. -->","yoast_head_json":{"title":"Bicicleta el\u00e9trica acess\u00edvel e inspirada no surfe \u00e9 apresentada pela Electra - Jornal Fatos e Not\u00edcias","robots":{"index":"index","follow":"follow","max-snippet":"max-snippet:-1","max-image-preview":"max-image-preview:large","max-video-preview":"max-video-preview:-1"},"canonical":"https:\/\/jornalfatosenoticias.com.br\/index.php\/2022\/09\/06\/bicicleta-eletrica-acessivel-e-inspirada-no-surfe-e-apresentada-pela-electra\/","og_locale":"pt_BR","og_type":"article","og_title":"Bicicleta el\u00e9trica acess\u00edvel e inspirada no surfe \u00e9 apresentada pela Electra - Jornal Fatos e Not\u00edcias","og_description":"A Electra \u00e9 uma marca de bicicletas que ficou conhecida por trazer uma pitada de modernidade em modelos com visual mais cl\u00e1ssico. A novidade da vez apresentada pela empresa em agosto \u00e9 a e-bike\u00a0Kakau Go!De in\u00edcio, a bike el\u00e9trica se destaca pelo pre\u00e7o abaixo da m\u00e9dia no exterior. A Kakau sai por US$ 1.800, pouco [&hellip;]","og_url":"https:\/\/jornalfatosenoticias.com.br\/index.php\/2022\/09\/06\/bicicleta-eletrica-acessivel-e-inspirada-no-surfe-e-apresentada-pela-electra\/","og_site_name":"Jornal Fatos e Not\u00edcias","article_published_time":"2022-09-06T16:30:05+00:00","article_modified_time":"2022-09-06T16:30:07+00:00","og_image":[{"width":1000,"height":630,"url":"https:\/\/jornalfatosenoticias.com.br\/wp-content\/uploads\/2022\/09\/electra-03.jpg","type":"image\/jpeg"}],"author":"Luzimara Fernandes","twitter_card":"summary_large_image","twitter_misc":{"Escrito por":"Luzimara Fernandes","Est. tempo de leitura":"1 minuto"},"schema":{"@context":"https:\/\/schema.org","@graph":[{"@type":"Article","@id":"https:\/\/jornalfatosenoticias.com.br\/index.php\/2022\/09\/06\/bicicleta-eletrica-acessivel-e-inspirada-no-surfe-e-apresentada-pela-electra\/#article","isPartOf":{"@id":"https:\/\/jornalfatosenoticias.com.br\/index.php\/2022\/09\/06\/bicicleta-eletrica-acessivel-e-inspirada-no-surfe-e-apresentada-pela-electra\/"},"author":{"name":"Luzimara Fernandes","@id":"https:\/\/jornalfatosenoticias.com.br\/#\/schema\/person\/d63837fa13ac8666eb9e74e0985d6f81"},"headline":"Bicicleta el\u00e9trica acess\u00edvel e inspirada no surfe \u00e9 apresentada pela Electra","datePublished":"2022-09-06T16:30:05+00:00","dateModified":"2022-09-06T16:30:07+00:00","mainEntityOfPage":{"@id":"https:\/\/jornalfatosenoticias.com.br\/index.php\/2022\/09\/06\/bicicleta-eletrica-acessivel-e-inspirada-no-surfe-e-apresentada-pela-electra\/"},"wordCount":298,"commentCount":0,"publisher":{"@id":"https:\/\/jornalfatosenoticias.com.br\/#organization"},"image":{"@id":"https:\/\/jornalfatosenoticias.com.br\/index.php\/2022\/09\/06\/bicicleta-eletrica-acessivel-e-inspirada-no-surfe-e-apresentada-pela-electra\/#primaryimage"},"thumbnailUrl":"https:\/\/jornalfatosenoticias.com.br\/wp-content\/uploads\/2022\/09\/electra-03.jpg","keywords":["bicicleta el\u00e9trica","bicicletas","e-bike","Electra","Kakau Go!"],"articleSection":["Mobilidade"],"inLanguage":"pt-BR","potentialAction":[{"@type":"CommentAction","name":"Comment","target":["https:\/\/jornalfatosenoticias.com.br\/index.php\/2022\/09\/06\/bicicleta-eletrica-acessivel-e-inspirada-no-surfe-e-apresentada-pela-electra\/#respond"]}]},{"@type":"WebPage","@id":"https:\/\/jornalfatosenoticias.com.br\/index.php\/2022\/09\/06\/bicicleta-eletrica-acessivel-e-inspirada-no-surfe-e-apresentada-pela-electra\/","url":"https:\/\/jornalfatosenoticias.com.br\/index.php\/2022\/09\/06\/bicicleta-eletrica-acessivel-e-inspirada-no-surfe-e-apresentada-pela-electra\/","name":"Bicicleta el\u00e9trica acess\u00edvel e inspirada no surfe \u00e9 apresentada pela Electra - Jornal Fatos e Not\u00edcias","isPartOf":{"@id":"https:\/\/jornalfatosenoticias.com.br\/#website"},"primaryImageOfPage":{"@id":"https:\/\/jornalfatosenoticias.com.br\/index.php\/2022\/09\/06\/bicicleta-eletrica-acessivel-e-inspirada-no-surfe-e-apresentada-pela-electra\/#primaryimage"},"image":{"@id":"https:\/\/jornalfatosenoticias.com.br\/index.php\/2022\/09\/06\/bicicleta-eletrica-acessivel-e-inspirada-no-surfe-e-apresentada-pela-electra\/#primaryimage"},"thumbnailUrl":"https:\/\/jornalfatosenoticias.com.br\/wp-content\/uploads\/2022\/09\/electra-03.jpg","datePublished":"2022-09-06T16:30:05+00:00","dateModified":"2022-09-06T16:30:07+00:00","breadcrumb":{"@id":"https:\/\/jornalfatosenoticias.com.br\/index.php\/2022\/09\/06\/bicicleta-eletrica-acessivel-e-inspirada-no-surfe-e-apresentada-pela-electra\/#breadcrumb"},"inLanguage":"pt-BR","potentialAction":[{"@type":"ReadAction","target":["https:\/\/jornalfatosenoticias.com.br\/index.php\/2022\/09\/06\/bicicleta-eletrica-acessivel-e-inspirada-no-surfe-e-apresentada-pela-electra\/"]}]},{"@type":"ImageObject","inLanguage":"pt-BR","@id":"https:\/\/jornalfatosenoticias.com.br\/index.php\/2022\/09\/06\/bicicleta-eletrica-acessivel-e-inspirada-no-surfe-e-apresentada-pela-electra\/#primaryimage","url":"https:\/\/jornalfatosenoticias.com.br\/wp-content\/uploads\/2022\/09\/electra-03.jpg","contentUrl":"https:\/\/jornalfatosenoticias.com.br\/wp-content\/uploads\/2022\/09\/electra-03.jpg","width":1000,"height":630},{"@type":"BreadcrumbList","@id":"https:\/\/jornalfatosenoticias.com.br\/index.php\/2022\/09\/06\/bicicleta-eletrica-acessivel-e-inspirada-no-surfe-e-apresentada-pela-electra\/#breadcrumb","itemListElement":[{"@type":"ListItem","position":1,"name":"In\u00edcio","item":"https:\/\/jornalfatosenoticias.com.br\/"},{"@type":"ListItem","position":2,"name":"Bicicleta el\u00e9trica acess\u00edvel e inspirada no surfe \u00e9 apresentada pela Electra"}]},{"@type":"WebSite","@id":"https:\/\/jornalfatosenoticias.com.br\/#website","url":"https:\/\/jornalfatosenoticias.com.br\/","name":"Jornal Fatos e Not\u00edcias","description":"Not\u00edcias em geral","publisher":{"@id":"https:\/\/jornalfatosenoticias.com.br\/#organization"},"potentialAction":[{"@type":"SearchAction","target":{"@type":"EntryPoint","urlTemplate":"https:\/\/jornalfatosenoticias.com.br\/?s={search_term_string}"},"query-input":{"@type":"PropertyValueSpecification","valueRequired":true,"valueName":"search_term_string"}}],"inLanguage":"pt-BR"},{"@type":"Organization","@id":"https:\/\/jornalfatosenoticias.com.br\/#organization","name":"Jornal Fatos e Not\u00edcias","url":"https:\/\/jornalfatosenoticias.com.br\/","logo":{"@type":"ImageObject","inLanguage":"pt-BR","@id":"https:\/\/jornalfatosenoticias.com.br\/#\/schema\/logo\/image\/","url":"https:\/\/jornalfatosenoticias.com.br\/wp-content\/uploads\/2020\/02\/logo120.png","contentUrl":"https:\/\/jornalfatosenoticias.com.br\/wp-content\/uploads\/2020\/02\/logo120.png","width":1227,"height":120,"caption":"Jornal Fatos e Not\u00edcias"},"image":{"@id":"https:\/\/jornalfatosenoticias.com.br\/#\/schema\/logo\/image\/"}},{"@type":"Person","@id":"https:\/\/jornalfatosenoticias.com.br\/#\/schema\/person\/d63837fa13ac8666eb9e74e0985d6f81","name":"Luzimara Fernandes","image":{"@type":"ImageObject","inLanguage":"pt-BR","@id":"https:\/\/jornalfatosenoticias.com.br\/#\/schema\/person\/image\/","url":"https:\/\/jornalfatosenoticias.com.br\/wp-content\/uploads\/2025\/05\/EU_portal.jpg","contentUrl":"https:\/\/jornalfatosenoticias.com.br\/wp-content\/uploads\/2025\/05\/EU_portal.jpg","caption":"Luzimara Fernandes"},"description":"Jornalista MTB 2358-ES","sameAs":["https:\/\/jornalfatosenoticias.com.br"],"url":"https:\/\/jornalfatosenoticias.com.br\/index.php\/author\/luzimara\/"}]}},"cc_featured_image_caption":{"caption_text":"Kakau Go! (Foto: Electra\/Divulga\u00e7\u00e3o)","source_text":"","source_url":""},"jetpack_featured_media_url":"https:\/\/jornalfatosenoticias.com.br\/wp-content\/uploads\/2022\/09\/electra-03.jpg","_links":{"self":[{"href":"https:\/\/jornalfatosenoticias.com.br\/index.php\/wp-json\/wp\/v2\/posts\/33933","targetHints":{"allow":["GET"]}}],"collection":[{"href":"https:\/\/jornalfatosenoticias.com.br\/index.php\/wp-json\/wp\/v2\/posts"}],"about":[{"href":"https:\/\/jornalfatosenoticias.com.br\/index.php\/wp-json\/wp\/v2\/types\/post"}],"author":[{"embeddable":true,"href":"https:\/\/jornalfatosenoticias.com.br\/index.php\/wp-json\/wp\/v2\/users\/2"}],"replies":[{"embeddable":true,"href":"https:\/\/jornalfatosenoticias.com.br\/index.php\/wp-json\/wp\/v2\/comments?post=33933"}],"version-history":[{"count":0,"href":"https:\/\/jornalfatosenoticias.com.br\/index.php\/wp-json\/wp\/v2\/posts\/33933\/revisions"}],"wp:featuredmedia":[{"embeddable":true,"href":"https:\/\/jornalfatosenoticias.com.br\/index.php\/wp-json\/wp\/v2\/media\/33936"}],"wp:attachment":[{"href":"https:\/\/jornalfatosenoticias.com.br\/index.php\/wp-json\/wp\/v2\/media?parent=33933"}],"wp:term":[{"taxonomy":"category","embeddable":true,"href":"https:\/\/jornalfatosenoticias.com.br\/index.php\/wp-json\/wp\/v2\/categories?post=33933"},{"taxonomy":"post_tag","embeddable":true,"href":"https:\/\/jornalfatosenoticias.com.br\/index.php\/wp-json\/wp\/v2\/tags?post=33933"}],"curies":[{"name":"wp","href":"https:\/\/api.w.org\/{rel}","templated":true}]}}