{"id":33971,"date":"2022-09-07T12:29:36","date_gmt":"2022-09-07T15:29:36","guid":{"rendered":"https:\/\/jornalfatosenoticias.com.br\/?p=33971"},"modified":"2022-09-07T12:29:38","modified_gmt":"2022-09-07T15:29:38","slug":"brasileiro-e-anunciado-entre-os-10-melhores-estudantes-do-mundo","status":"publish","type":"post","link":"https:\/\/jornalfatosenoticias.com.br\/index.php\/2022\/09\/07\/brasileiro-e-anunciado-entre-os-10-melhores-estudantes-do-mundo\/","title":{"rendered":"Brasileiro \u00e9 anunciado entre os 10 melhores estudantes do mundo"},"content":{"rendered":"\n<p><em><span class=\"has-inline-color has-black-color\">\u00danico brasileiro da lista de 2022, Lucas Tejedor est\u00e1 na final do Global Student Prize. O vencedor ser\u00e1 anunciado no final de setembro, em Nova York<\/span><\/em><\/p>\n\n\n\n<div class=\"wp-block-image\"><figure class=\"aligncenter size-large\"><img loading=\"lazy\" decoding=\"async\" width=\"1024\" height=\"103\" src=\"https:\/\/jornalfatosenoticias.com.br\/wp-content\/uploads\/2022\/02\/Arte-Autoescola-Galatas_endereco_portal-1024x103.png\" alt=\"\" class=\"wp-image-27869\" srcset=\"https:\/\/jornalfatosenoticias.com.br\/wp-content\/uploads\/2022\/02\/Arte-Autoescola-Galatas_endereco_portal-1024x103.png 1024w, https:\/\/jornalfatosenoticias.com.br\/wp-content\/uploads\/2022\/02\/Arte-Autoescola-Galatas_endereco_portal-300x30.png 300w, https:\/\/jornalfatosenoticias.com.br\/wp-content\/uploads\/2022\/02\/Arte-Autoescola-Galatas_endereco_portal-768x77.png 768w, https:\/\/jornalfatosenoticias.com.br\/wp-content\/uploads\/2022\/02\/Arte-Autoescola-Galatas_endereco_portal.png 1223w\" sizes=\"auto, (max-width: 1024px) 100vw, 1024px\" \/><\/figure><\/div>\n\n\n\n<p>Em agosto deste ano, o Porvir contou como o estudante <strong><a href=\"https:\/\/porvir.org\/estudante-carioca-de-18-anos-entra-em-lista-de-50-melhores-do-mundo\/\">Lucas Tejedor, de 18 anos, chegou aos 50 selecionados do Global Student Prize 2022<\/a><\/strong>. Figurar entre a seleta lista de classificados finais era uma de suas expectativas, que acabou se tornando realidade. Lucas \u00e9 o \u00fanico brasileiro entre os 10 classificados do <a href=\"https:\/\/www.globalteacherprize.org\/global-student-prize\/about-the-global-student-prize\"><strong>pr\u00eamio que seleciona os \u201cmelhores estudantes do mundo\u201d, promovido pela Varkey Foundation<\/strong><\/a> \u2014 institui\u00e7\u00e3o filantr\u00f3pica com sede em Londres \u2014 em parceria com a <strong><a href=\"https:\/\/www.chegg.org\/\">Chegg.org<\/a>.<\/strong> O vencedor deve ser anunciado no final do m\u00eas, durante a semana da Assembleia Geral da ONU (Organiza\u00e7\u00e3o das Na\u00e7\u00f5es Unidas), em Nova York, e ganhar\u00e1 US$ 100 mil.<\/p>\n\n\n\n<div class=\"wp-block-image\"><figure class=\"aligncenter size-large\"><img loading=\"lazy\" decoding=\"async\" width=\"1024\" height=\"100\" src=\"https:\/\/jornalfatosenoticias.com.br\/wp-content\/uploads\/2020\/02\/banner_ferramentas-1024x100.jpg\" alt=\"\" class=\"wp-image-1258\" srcset=\"https:\/\/jornalfatosenoticias.com.br\/wp-content\/uploads\/2020\/02\/banner_ferramentas-1024x100.jpg 1024w, https:\/\/jornalfatosenoticias.com.br\/wp-content\/uploads\/2020\/02\/banner_ferramentas-300x29.jpg 300w, https:\/\/jornalfatosenoticias.com.br\/wp-content\/uploads\/2020\/02\/banner_ferramentas-768x75.jpg 768w, https:\/\/jornalfatosenoticias.com.br\/wp-content\/uploads\/2020\/02\/banner_ferramentas.jpg 1227w\" sizes=\"auto, (max-width: 1024px) 100vw, 1024px\" \/><\/figure><\/div>\n\n\n\n<p>Aluno do Centro Federal de Educa\u00e7\u00e3o Tecnol\u00f3gica do Rio de Janeiro, Lucas foi selecionado entre mais de sete mil indica\u00e7\u00f5es e inscri\u00e7\u00f5es de 150 pa\u00edses ao redor do mundo. O estudante, que mant\u00e9m um <strong><a href=\"https:\/\/lucastejedor.com\/\">site com atualiza\u00e7\u00f5es frequentes<\/a>,<\/strong> est\u00e1 envolvido em diversos projetos: desde o uso de intelig\u00eancia artificial para detectar derramamento de \u00f3leo e para combater inc\u00eandios a um aplicativo sobre reciclagem de lixo eletr\u00f4nico.<\/p>\n\n\n\n<div class=\"wp-block-image\"><figure class=\"aligncenter size-large is-resized\"><img loading=\"lazy\" decoding=\"async\" src=\"https:\/\/jornalfatosenoticias.com.br\/wp-content\/uploads\/2022\/08\/logo-locau-veiculos-1024x573.png\" alt=\"\" class=\"wp-image-33078\" width=\"330\" height=\"184\"\/><\/figure><\/div>\n\n\n\n<blockquote class=\"wp-block-quote is-layout-flow wp-block-quote-is-layout-flow\"><p><span class=\"has-inline-color has-luminous-vivid-orange-color\">\u201cEu estendo meus mais calorosos parab\u00e9ns ao Lucas. Sua hist\u00f3ria \u00e9 uma prova do papel crucial que a educa\u00e7\u00e3o desempenha na constru\u00e7\u00e3o de um amanh\u00e3 melhor para todos n\u00f3s. \u00c9 a chave para resolver os maiores desafios da humanidade, desde a guerra e o conflito at\u00e9 as mudan\u00e7as clim\u00e1ticas at\u00e9 a crescente desigualdade\u201d, afirma Sunny Varkey, fundadora da Funda\u00e7\u00e3o Varkey. <\/span><\/p><\/blockquote>\n\n\n\n<div class=\"wp-block-image\"><figure class=\"aligncenter size-large is-resized\"><img loading=\"lazy\" decoding=\"async\" src=\"https:\/\/jornalfatosenoticias.com.br\/wp-content\/uploads\/2022\/02\/Serra-Pack-459.png\" alt=\"\" class=\"wp-image-27471\" width=\"335\" height=\"134\"\/><\/figure><\/div>\n\n\n\n<p>\u201c\u00c0 medida que o tempo se esgota para alcan\u00e7ar os <strong><a href=\"https:\/\/brasil.un.org\/pt-br\/sdgs\">Objetivos de Desenvolvimento Sustent\u00e1vel<\/a>,<\/strong> \u00e9 mais importante do que nunca priorizar a educa\u00e7\u00e3o para que possamos enfrentar o futuro com confian\u00e7a\u201d.<\/p>\n\n\n\n<p><strong><em>Fonte: <a href=\"https:\/\/porvir.org\/brasileiro-e-anunciado-entre-os-10-melhores-estudantes-do-mundo\/\">Porvir<\/a><\/em><\/strong><\/p>\n","protected":false},"excerpt":{"rendered":"<p>\u00danico brasileiro da lista de 2022, Lucas Tejedor est\u00e1 na final do Global Student Prize. O vencedor ser\u00e1 anunciado no final de setembro, em Nova York Em agosto deste ano, o Porvir contou como o estudante Lucas Tejedor, de 18 anos, chegou aos 50 selecionados do Global Student Prize 2022. Figurar entre a seleta lista [&hellip;]<\/p>\n","protected":false},"author":2,"featured_media":33972,"comment_status":"open","ping_status":"open","sticky":false,"template":"","format":"standard","meta":{"footnotes":""},"categories":[7],"tags":[15957,7459,15956,15955,15954],"class_list":["post-33971","post","type-post","status-publish","format-standard","has-post-thumbnail","hentry","category-educacao","tag-estudante-brasileiro","tag-global-student-prize","tag-lucas-tejedor","tag-premio-internacional","tag-protagonismo-jovem"],"yoast_head":"<!-- This site is optimized with the Yoast SEO plugin v26.5 - https:\/\/yoast.com\/wordpress\/plugins\/seo\/ -->\n<title>Brasileiro \u00e9 anunciado entre os 10 melhores estudantes do mundo - Jornal Fatos e Not\u00edcias<\/title>\n<meta name=\"robots\" content=\"index, follow, max-snippet:-1, max-image-preview:large, max-video-preview:-1\" \/>\n<link rel=\"canonical\" href=\"https:\/\/jornalfatosenoticias.com.br\/index.php\/2022\/09\/07\/brasileiro-e-anunciado-entre-os-10-melhores-estudantes-do-mundo\/\" \/>\n<meta property=\"og:locale\" content=\"pt_BR\" \/>\n<meta property=\"og:type\" content=\"article\" \/>\n<meta property=\"og:title\" content=\"Brasileiro \u00e9 anunciado entre os 10 melhores estudantes do mundo - Jornal Fatos e Not\u00edcias\" \/>\n<meta property=\"og:description\" content=\"\u00danico brasileiro da lista de 2022, Lucas Tejedor est\u00e1 na final do Global Student Prize. O vencedor ser\u00e1 anunciado no final de setembro, em Nova York Em agosto deste ano, o Porvir contou como o estudante Lucas Tejedor, de 18 anos, chegou aos 50 selecionados do Global Student Prize 2022. Figurar entre a seleta lista [&hellip;]\" \/>\n<meta property=\"og:url\" content=\"https:\/\/jornalfatosenoticias.com.br\/index.php\/2022\/09\/07\/brasileiro-e-anunciado-entre-os-10-melhores-estudantes-do-mundo\/\" \/>\n<meta property=\"og:site_name\" content=\"Jornal Fatos e Not\u00edcias\" \/>\n<meta property=\"article:published_time\" content=\"2022-09-07T15:29:36+00:00\" \/>\n<meta property=\"article:modified_time\" content=\"2022-09-07T15:29:38+00:00\" \/>\n<meta property=\"og:image\" content=\"https:\/\/jornalfatosenoticias.com.br\/wp-content\/uploads\/2022\/09\/lucas-tejedor-10-melhores-estudantes-do-mundo.jpg\" \/>\n\t<meta property=\"og:image:width\" content=\"1000\" \/>\n\t<meta property=\"og:image:height\" content=\"448\" \/>\n\t<meta property=\"og:image:type\" content=\"image\/jpeg\" \/>\n<meta name=\"author\" content=\"Luzimara Fernandes\" \/>\n<meta name=\"twitter:card\" content=\"summary_large_image\" \/>\n<meta name=\"twitter:label1\" content=\"Escrito por\" \/>\n\t<meta name=\"twitter:data1\" content=\"Luzimara Fernandes\" \/>\n\t<meta name=\"twitter:label2\" content=\"Est. tempo de leitura\" \/>\n\t<meta name=\"twitter:data2\" content=\"2 minutos\" \/>\n<script type=\"application\/ld+json\" class=\"yoast-schema-graph\">{\"@context\":\"https:\/\/schema.org\",\"@graph\":[{\"@type\":\"Article\",\"@id\":\"https:\/\/jornalfatosenoticias.com.br\/index.php\/2022\/09\/07\/brasileiro-e-anunciado-entre-os-10-melhores-estudantes-do-mundo\/#article\",\"isPartOf\":{\"@id\":\"https:\/\/jornalfatosenoticias.com.br\/index.php\/2022\/09\/07\/brasileiro-e-anunciado-entre-os-10-melhores-estudantes-do-mundo\/\"},\"author\":{\"name\":\"Luzimara Fernandes\",\"@id\":\"https:\/\/jornalfatosenoticias.com.br\/#\/schema\/person\/d63837fa13ac8666eb9e74e0985d6f81\"},\"headline\":\"Brasileiro \u00e9 anunciado entre os 10 melhores estudantes do mundo\",\"datePublished\":\"2022-09-07T15:29:36+00:00\",\"dateModified\":\"2022-09-07T15:29:38+00:00\",\"mainEntityOfPage\":{\"@id\":\"https:\/\/jornalfatosenoticias.com.br\/index.php\/2022\/09\/07\/brasileiro-e-anunciado-entre-os-10-melhores-estudantes-do-mundo\/\"},\"wordCount\":314,\"commentCount\":0,\"publisher\":{\"@id\":\"https:\/\/jornalfatosenoticias.com.br\/#organization\"},\"image\":{\"@id\":\"https:\/\/jornalfatosenoticias.com.br\/index.php\/2022\/09\/07\/brasileiro-e-anunciado-entre-os-10-melhores-estudantes-do-mundo\/#primaryimage\"},\"thumbnailUrl\":\"https:\/\/jornalfatosenoticias.com.br\/wp-content\/uploads\/2022\/09\/lucas-tejedor-10-melhores-estudantes-do-mundo.jpg\",\"keywords\":[\"estudante brasileiro\",\"Global Student Prize\",\"Lucas Tejedor\",\"pr\u00eamio internacional\",\"protagonismo jovem\"],\"articleSection\":[\"Educa\u00e7\u00e3o\"],\"inLanguage\":\"pt-BR\",\"potentialAction\":[{\"@type\":\"CommentAction\",\"name\":\"Comment\",\"target\":[\"https:\/\/jornalfatosenoticias.com.br\/index.php\/2022\/09\/07\/brasileiro-e-anunciado-entre-os-10-melhores-estudantes-do-mundo\/#respond\"]}]},{\"@type\":\"WebPage\",\"@id\":\"https:\/\/jornalfatosenoticias.com.br\/index.php\/2022\/09\/07\/brasileiro-e-anunciado-entre-os-10-melhores-estudantes-do-mundo\/\",\"url\":\"https:\/\/jornalfatosenoticias.com.br\/index.php\/2022\/09\/07\/brasileiro-e-anunciado-entre-os-10-melhores-estudantes-do-mundo\/\",\"name\":\"Brasileiro \u00e9 anunciado entre os 10 melhores estudantes do mundo - Jornal Fatos e Not\u00edcias\",\"isPartOf\":{\"@id\":\"https:\/\/jornalfatosenoticias.com.br\/#website\"},\"primaryImageOfPage\":{\"@id\":\"https:\/\/jornalfatosenoticias.com.br\/index.php\/2022\/09\/07\/brasileiro-e-anunciado-entre-os-10-melhores-estudantes-do-mundo\/#primaryimage\"},\"image\":{\"@id\":\"https:\/\/jornalfatosenoticias.com.br\/index.php\/2022\/09\/07\/brasileiro-e-anunciado-entre-os-10-melhores-estudantes-do-mundo\/#primaryimage\"},\"thumbnailUrl\":\"https:\/\/jornalfatosenoticias.com.br\/wp-content\/uploads\/2022\/09\/lucas-tejedor-10-melhores-estudantes-do-mundo.jpg\",\"datePublished\":\"2022-09-07T15:29:36+00:00\",\"dateModified\":\"2022-09-07T15:29:38+00:00\",\"breadcrumb\":{\"@id\":\"https:\/\/jornalfatosenoticias.com.br\/index.php\/2022\/09\/07\/brasileiro-e-anunciado-entre-os-10-melhores-estudantes-do-mundo\/#breadcrumb\"},\"inLanguage\":\"pt-BR\",\"potentialAction\":[{\"@type\":\"ReadAction\",\"target\":[\"https:\/\/jornalfatosenoticias.com.br\/index.php\/2022\/09\/07\/brasileiro-e-anunciado-entre-os-10-melhores-estudantes-do-mundo\/\"]}]},{\"@type\":\"ImageObject\",\"inLanguage\":\"pt-BR\",\"@id\":\"https:\/\/jornalfatosenoticias.com.br\/index.php\/2022\/09\/07\/brasileiro-e-anunciado-entre-os-10-melhores-estudantes-do-mundo\/#primaryimage\",\"url\":\"https:\/\/jornalfatosenoticias.com.br\/wp-content\/uploads\/2022\/09\/lucas-tejedor-10-melhores-estudantes-do-mundo.jpg\",\"contentUrl\":\"https:\/\/jornalfatosenoticias.com.br\/wp-content\/uploads\/2022\/09\/lucas-tejedor-10-melhores-estudantes-do-mundo.jpg\",\"width\":1000,\"height\":448},{\"@type\":\"BreadcrumbList\",\"@id\":\"https:\/\/jornalfatosenoticias.com.br\/index.php\/2022\/09\/07\/brasileiro-e-anunciado-entre-os-10-melhores-estudantes-do-mundo\/#breadcrumb\",\"itemListElement\":[{\"@type\":\"ListItem\",\"position\":1,\"name\":\"In\u00edcio\",\"item\":\"https:\/\/jornalfatosenoticias.com.br\/\"},{\"@type\":\"ListItem\",\"position\":2,\"name\":\"Brasileiro \u00e9 anunciado entre os 10 melhores estudantes do mundo\"}]},{\"@type\":\"WebSite\",\"@id\":\"https:\/\/jornalfatosenoticias.com.br\/#website\",\"url\":\"https:\/\/jornalfatosenoticias.com.br\/\",\"name\":\"Jornal Fatos e Not\u00edcias\",\"description\":\"Not\u00edcias em geral\",\"publisher\":{\"@id\":\"https:\/\/jornalfatosenoticias.com.br\/#organization\"},\"potentialAction\":[{\"@type\":\"SearchAction\",\"target\":{\"@type\":\"EntryPoint\",\"urlTemplate\":\"https:\/\/jornalfatosenoticias.com.br\/?s={search_term_string}\"},\"query-input\":{\"@type\":\"PropertyValueSpecification\",\"valueRequired\":true,\"valueName\":\"search_term_string\"}}],\"inLanguage\":\"pt-BR\"},{\"@type\":\"Organization\",\"@id\":\"https:\/\/jornalfatosenoticias.com.br\/#organization\",\"name\":\"Jornal Fatos e Not\u00edcias\",\"url\":\"https:\/\/jornalfatosenoticias.com.br\/\",\"logo\":{\"@type\":\"ImageObject\",\"inLanguage\":\"pt-BR\",\"@id\":\"https:\/\/jornalfatosenoticias.com.br\/#\/schema\/logo\/image\/\",\"url\":\"https:\/\/jornalfatosenoticias.com.br\/wp-content\/uploads\/2020\/02\/logo120.png\",\"contentUrl\":\"https:\/\/jornalfatosenoticias.com.br\/wp-content\/uploads\/2020\/02\/logo120.png\",\"width\":1227,\"height\":120,\"caption\":\"Jornal Fatos e Not\u00edcias\"},\"image\":{\"@id\":\"https:\/\/jornalfatosenoticias.com.br\/#\/schema\/logo\/image\/\"}},{\"@type\":\"Person\",\"@id\":\"https:\/\/jornalfatosenoticias.com.br\/#\/schema\/person\/d63837fa13ac8666eb9e74e0985d6f81\",\"name\":\"Luzimara Fernandes\",\"image\":{\"@type\":\"ImageObject\",\"inLanguage\":\"pt-BR\",\"@id\":\"https:\/\/jornalfatosenoticias.com.br\/#\/schema\/person\/image\/\",\"url\":\"https:\/\/jornalfatosenoticias.com.br\/wp-content\/uploads\/2025\/05\/EU_portal.jpg\",\"contentUrl\":\"https:\/\/jornalfatosenoticias.com.br\/wp-content\/uploads\/2025\/05\/EU_portal.jpg\",\"caption\":\"Luzimara Fernandes\"},\"description\":\"Jornalista MTB 2358-ES\",\"sameAs\":[\"https:\/\/jornalfatosenoticias.com.br\"],\"url\":\"https:\/\/jornalfatosenoticias.com.br\/index.php\/author\/luzimara\/\"}]}<\/script>\n<!-- \/ Yoast SEO plugin. -->","yoast_head_json":{"title":"Brasileiro \u00e9 anunciado entre os 10 melhores estudantes do mundo - Jornal Fatos e Not\u00edcias","robots":{"index":"index","follow":"follow","max-snippet":"max-snippet:-1","max-image-preview":"max-image-preview:large","max-video-preview":"max-video-preview:-1"},"canonical":"https:\/\/jornalfatosenoticias.com.br\/index.php\/2022\/09\/07\/brasileiro-e-anunciado-entre-os-10-melhores-estudantes-do-mundo\/","og_locale":"pt_BR","og_type":"article","og_title":"Brasileiro \u00e9 anunciado entre os 10 melhores estudantes do mundo - Jornal Fatos e Not\u00edcias","og_description":"\u00danico brasileiro da lista de 2022, Lucas Tejedor est\u00e1 na final do Global Student Prize. O vencedor ser\u00e1 anunciado no final de setembro, em Nova York Em agosto deste ano, o Porvir contou como o estudante Lucas Tejedor, de 18 anos, chegou aos 50 selecionados do Global Student Prize 2022. Figurar entre a seleta lista [&hellip;]","og_url":"https:\/\/jornalfatosenoticias.com.br\/index.php\/2022\/09\/07\/brasileiro-e-anunciado-entre-os-10-melhores-estudantes-do-mundo\/","og_site_name":"Jornal Fatos e Not\u00edcias","article_published_time":"2022-09-07T15:29:36+00:00","article_modified_time":"2022-09-07T15:29:38+00:00","og_image":[{"width":1000,"height":448,"url":"https:\/\/jornalfatosenoticias.com.br\/wp-content\/uploads\/2022\/09\/lucas-tejedor-10-melhores-estudantes-do-mundo.jpg","type":"image\/jpeg"}],"author":"Luzimara Fernandes","twitter_card":"summary_large_image","twitter_misc":{"Escrito por":"Luzimara Fernandes","Est. tempo de leitura":"2 minutos"},"schema":{"@context":"https:\/\/schema.org","@graph":[{"@type":"Article","@id":"https:\/\/jornalfatosenoticias.com.br\/index.php\/2022\/09\/07\/brasileiro-e-anunciado-entre-os-10-melhores-estudantes-do-mundo\/#article","isPartOf":{"@id":"https:\/\/jornalfatosenoticias.com.br\/index.php\/2022\/09\/07\/brasileiro-e-anunciado-entre-os-10-melhores-estudantes-do-mundo\/"},"author":{"name":"Luzimara Fernandes","@id":"https:\/\/jornalfatosenoticias.com.br\/#\/schema\/person\/d63837fa13ac8666eb9e74e0985d6f81"},"headline":"Brasileiro \u00e9 anunciado entre os 10 melhores estudantes do mundo","datePublished":"2022-09-07T15:29:36+00:00","dateModified":"2022-09-07T15:29:38+00:00","mainEntityOfPage":{"@id":"https:\/\/jornalfatosenoticias.com.br\/index.php\/2022\/09\/07\/brasileiro-e-anunciado-entre-os-10-melhores-estudantes-do-mundo\/"},"wordCount":314,"commentCount":0,"publisher":{"@id":"https:\/\/jornalfatosenoticias.com.br\/#organization"},"image":{"@id":"https:\/\/jornalfatosenoticias.com.br\/index.php\/2022\/09\/07\/brasileiro-e-anunciado-entre-os-10-melhores-estudantes-do-mundo\/#primaryimage"},"thumbnailUrl":"https:\/\/jornalfatosenoticias.com.br\/wp-content\/uploads\/2022\/09\/lucas-tejedor-10-melhores-estudantes-do-mundo.jpg","keywords":["estudante brasileiro","Global Student Prize","Lucas Tejedor","pr\u00eamio internacional","protagonismo jovem"],"articleSection":["Educa\u00e7\u00e3o"],"inLanguage":"pt-BR","potentialAction":[{"@type":"CommentAction","name":"Comment","target":["https:\/\/jornalfatosenoticias.com.br\/index.php\/2022\/09\/07\/brasileiro-e-anunciado-entre-os-10-melhores-estudantes-do-mundo\/#respond"]}]},{"@type":"WebPage","@id":"https:\/\/jornalfatosenoticias.com.br\/index.php\/2022\/09\/07\/brasileiro-e-anunciado-entre-os-10-melhores-estudantes-do-mundo\/","url":"https:\/\/jornalfatosenoticias.com.br\/index.php\/2022\/09\/07\/brasileiro-e-anunciado-entre-os-10-melhores-estudantes-do-mundo\/","name":"Brasileiro \u00e9 anunciado entre os 10 melhores estudantes do mundo - Jornal Fatos e Not\u00edcias","isPartOf":{"@id":"https:\/\/jornalfatosenoticias.com.br\/#website"},"primaryImageOfPage":{"@id":"https:\/\/jornalfatosenoticias.com.br\/index.php\/2022\/09\/07\/brasileiro-e-anunciado-entre-os-10-melhores-estudantes-do-mundo\/#primaryimage"},"image":{"@id":"https:\/\/jornalfatosenoticias.com.br\/index.php\/2022\/09\/07\/brasileiro-e-anunciado-entre-os-10-melhores-estudantes-do-mundo\/#primaryimage"},"thumbnailUrl":"https:\/\/jornalfatosenoticias.com.br\/wp-content\/uploads\/2022\/09\/lucas-tejedor-10-melhores-estudantes-do-mundo.jpg","datePublished":"2022-09-07T15:29:36+00:00","dateModified":"2022-09-07T15:29:38+00:00","breadcrumb":{"@id":"https:\/\/jornalfatosenoticias.com.br\/index.php\/2022\/09\/07\/brasileiro-e-anunciado-entre-os-10-melhores-estudantes-do-mundo\/#breadcrumb"},"inLanguage":"pt-BR","potentialAction":[{"@type":"ReadAction","target":["https:\/\/jornalfatosenoticias.com.br\/index.php\/2022\/09\/07\/brasileiro-e-anunciado-entre-os-10-melhores-estudantes-do-mundo\/"]}]},{"@type":"ImageObject","inLanguage":"pt-BR","@id":"https:\/\/jornalfatosenoticias.com.br\/index.php\/2022\/09\/07\/brasileiro-e-anunciado-entre-os-10-melhores-estudantes-do-mundo\/#primaryimage","url":"https:\/\/jornalfatosenoticias.com.br\/wp-content\/uploads\/2022\/09\/lucas-tejedor-10-melhores-estudantes-do-mundo.jpg","contentUrl":"https:\/\/jornalfatosenoticias.com.br\/wp-content\/uploads\/2022\/09\/lucas-tejedor-10-melhores-estudantes-do-mundo.jpg","width":1000,"height":448},{"@type":"BreadcrumbList","@id":"https:\/\/jornalfatosenoticias.com.br\/index.php\/2022\/09\/07\/brasileiro-e-anunciado-entre-os-10-melhores-estudantes-do-mundo\/#breadcrumb","itemListElement":[{"@type":"ListItem","position":1,"name":"In\u00edcio","item":"https:\/\/jornalfatosenoticias.com.br\/"},{"@type":"ListItem","position":2,"name":"Brasileiro \u00e9 anunciado entre os 10 melhores estudantes do mundo"}]},{"@type":"WebSite","@id":"https:\/\/jornalfatosenoticias.com.br\/#website","url":"https:\/\/jornalfatosenoticias.com.br\/","name":"Jornal Fatos e Not\u00edcias","description":"Not\u00edcias em geral","publisher":{"@id":"https:\/\/jornalfatosenoticias.com.br\/#organization"},"potentialAction":[{"@type":"SearchAction","target":{"@type":"EntryPoint","urlTemplate":"https:\/\/jornalfatosenoticias.com.br\/?s={search_term_string}"},"query-input":{"@type":"PropertyValueSpecification","valueRequired":true,"valueName":"search_term_string"}}],"inLanguage":"pt-BR"},{"@type":"Organization","@id":"https:\/\/jornalfatosenoticias.com.br\/#organization","name":"Jornal Fatos e Not\u00edcias","url":"https:\/\/jornalfatosenoticias.com.br\/","logo":{"@type":"ImageObject","inLanguage":"pt-BR","@id":"https:\/\/jornalfatosenoticias.com.br\/#\/schema\/logo\/image\/","url":"https:\/\/jornalfatosenoticias.com.br\/wp-content\/uploads\/2020\/02\/logo120.png","contentUrl":"https:\/\/jornalfatosenoticias.com.br\/wp-content\/uploads\/2020\/02\/logo120.png","width":1227,"height":120,"caption":"Jornal Fatos e Not\u00edcias"},"image":{"@id":"https:\/\/jornalfatosenoticias.com.br\/#\/schema\/logo\/image\/"}},{"@type":"Person","@id":"https:\/\/jornalfatosenoticias.com.br\/#\/schema\/person\/d63837fa13ac8666eb9e74e0985d6f81","name":"Luzimara Fernandes","image":{"@type":"ImageObject","inLanguage":"pt-BR","@id":"https:\/\/jornalfatosenoticias.com.br\/#\/schema\/person\/image\/","url":"https:\/\/jornalfatosenoticias.com.br\/wp-content\/uploads\/2025\/05\/EU_portal.jpg","contentUrl":"https:\/\/jornalfatosenoticias.com.br\/wp-content\/uploads\/2025\/05\/EU_portal.jpg","caption":"Luzimara Fernandes"},"description":"Jornalista MTB 2358-ES","sameAs":["https:\/\/jornalfatosenoticias.com.br"],"url":"https:\/\/jornalfatosenoticias.com.br\/index.php\/author\/luzimara\/"}]}},"cc_featured_image_caption":{"caption_text":"(Foto: Arquivo pessoal) ","source_text":"","source_url":""},"jetpack_featured_media_url":"https:\/\/jornalfatosenoticias.com.br\/wp-content\/uploads\/2022\/09\/lucas-tejedor-10-melhores-estudantes-do-mundo.jpg","_links":{"self":[{"href":"https:\/\/jornalfatosenoticias.com.br\/index.php\/wp-json\/wp\/v2\/posts\/33971","targetHints":{"allow":["GET"]}}],"collection":[{"href":"https:\/\/jornalfatosenoticias.com.br\/index.php\/wp-json\/wp\/v2\/posts"}],"about":[{"href":"https:\/\/jornalfatosenoticias.com.br\/index.php\/wp-json\/wp\/v2\/types\/post"}],"author":[{"embeddable":true,"href":"https:\/\/jornalfatosenoticias.com.br\/index.php\/wp-json\/wp\/v2\/users\/2"}],"replies":[{"embeddable":true,"href":"https:\/\/jornalfatosenoticias.com.br\/index.php\/wp-json\/wp\/v2\/comments?post=33971"}],"version-history":[{"count":0,"href":"https:\/\/jornalfatosenoticias.com.br\/index.php\/wp-json\/wp\/v2\/posts\/33971\/revisions"}],"wp:featuredmedia":[{"embeddable":true,"href":"https:\/\/jornalfatosenoticias.com.br\/index.php\/wp-json\/wp\/v2\/media\/33972"}],"wp:attachment":[{"href":"https:\/\/jornalfatosenoticias.com.br\/index.php\/wp-json\/wp\/v2\/media?parent=33971"}],"wp:term":[{"taxonomy":"category","embeddable":true,"href":"https:\/\/jornalfatosenoticias.com.br\/index.php\/wp-json\/wp\/v2\/categories?post=33971"},{"taxonomy":"post_tag","embeddable":true,"href":"https:\/\/jornalfatosenoticias.com.br\/index.php\/wp-json\/wp\/v2\/tags?post=33971"}],"curies":[{"name":"wp","href":"https:\/\/api.w.org\/{rel}","templated":true}]}}