{"id":33974,"date":"2022-09-07T12:37:48","date_gmt":"2022-09-07T15:37:48","guid":{"rendered":"https:\/\/jornalfatosenoticias.com.br\/?p=33974"},"modified":"2022-09-07T12:37:50","modified_gmt":"2022-09-07T15:37:50","slug":"empresa-cria-conceito-de-base-espacial-inflavel-para-ser-usada-na-lua","status":"publish","type":"post","link":"https:\/\/jornalfatosenoticias.com.br\/index.php\/2022\/09\/07\/empresa-cria-conceito-de-base-espacial-inflavel-para-ser-usada-na-lua\/","title":{"rendered":"Empresa cria conceito de base espacial infl\u00e1vel para ser usada na Lua"},"content":{"rendered":"\n<div class=\"wp-block-image\"><figure class=\"aligncenter size-large\"><img loading=\"lazy\" decoding=\"async\" width=\"729\" height=\"90\" src=\"https:\/\/jornalfatosenoticias.com.br\/wp-content\/uploads\/2020\/02\/Logo_Mizu.png\" alt=\"\" class=\"wp-image-1441\" srcset=\"https:\/\/jornalfatosenoticias.com.br\/wp-content\/uploads\/2020\/02\/Logo_Mizu.png 729w, https:\/\/jornalfatosenoticias.com.br\/wp-content\/uploads\/2020\/02\/Logo_Mizu-300x37.png 300w\" sizes=\"auto, (max-width: 729px) 100vw, 729px\" \/><\/figure><\/div>\n\n\n\n<p>Com lan\u00e7amento originalmente programado para <a href=\"https:\/\/olhardigital.com.br\/2022\/09\/03\/ciencia-e-espaco\/entenda-o-que-impediu-o-lancamento-da-artemis-1-na-segunda-feira\/amp\/\">29 de agosto<\/a>, remarcado para o \u00faltimo s\u00e1bado (3) e, atualmente, <a href=\"https:\/\/olhardigital.com.br\/2022\/09\/03\/ciencia-e-espaco\/artemis-1-pode-nao-ser-lancada-esse-ano\/amp\/\" target=\"_blank\" rel=\"noreferrer noopener\">suspenso por tempo indeterminado<\/a>, o voo Artemis 1, em dire\u00e7\u00e3o \u00e0 Lua, ser\u00e1 a miss\u00e3o de estreia do novo programa da explora\u00e7\u00e3o lunar da Nasa, que conta com o apoio da Ag\u00eancia Espacial Europeia (ESA), entre outras entidades internacionais.<br>Um dos objetivos \u00e9 estabelecer uma base permanente para os seres humanos no nosso sat\u00e9lite natural, servindo, futuramente, como um ponto de acesso para outros corpos do espa\u00e7o profundo \u2014 <a href=\"https:\/\/olhardigital.com.br\/2022\/08\/24\/ciencia-e-espaco\/nasa-ve-a-lua-como-um-trampolim-para-marte-entenda-o-porque\/amp\/\" target=\"_blank\" rel=\"noreferrer noopener\">sendo Marte o primeiro alvo<\/a>.<\/p>\n\n\n\n<div class=\"wp-block-image\"><figure class=\"aligncenter size-large is-resized\"><img loading=\"lazy\" decoding=\"async\" src=\"https:\/\/jornalfatosenoticias.com.br\/wp-content\/uploads\/2022\/02\/Precisao-Contabilidade-1024x724.jpg\" alt=\"\" class=\"wp-image-28088\" width=\"320\" height=\"226\"\/><\/figure><\/div>\n\n\n\n<p>Para isso, v\u00e1rios projetos est\u00e3o em an\u00e1lise para serem usados pelo programa. Entre eles, merece destaque um que prop\u00f5e a cria\u00e7\u00e3o de uma base lunar infl\u00e1vel. Conforme destaca o site brit\u00e2nico <em>Express.co,<\/em> a ideia pode parecer um pouco improv\u00e1vel, mas a natureza pr\u00e9-fabricada e ultraleve de tal conceito o tornaria adequado para embarque e instala\u00e7\u00e3o na Lua.<\/p>\n\n\n\n<div class=\"wp-block-image\"><figure class=\"aligncenter size-large\"><img decoding=\"async\" src=\"https:\/\/jornalfatosenoticias.com.br\/wp-content\/uploads\/2020\/02\/logo-embacia-1-1024x110.jpg\" alt=\"\" class=\"wp-image-33954\"\/><\/figure><\/div>\n\n\n\n<figure class=\"wp-block-embed-youtube wp-block-embed is-type-video is-provider-youtube wp-embed-aspect-16-9 wp-has-aspect-ratio\"><div class=\"wp-block-embed__wrapper\">\n<iframe loading=\"lazy\" title=\"Base espacial infl\u00e1vel pode ser usada na Lua\" width=\"660\" height=\"371\" src=\"https:\/\/www.youtube.com\/embed\/RJwysDis5Gc?feature=oembed\" frameborder=\"0\" allow=\"accelerometer; autoplay; clipboard-write; encrypted-media; gyroscope; picture-in-picture; web-share\" referrerpolicy=\"strict-origin-when-cross-origin\" allowfullscreen><\/iframe>\n<\/div><\/figure>\n\n\n\n<div class=\"wp-block-image\"><figure class=\"alignleft size-large\"><img loading=\"lazy\" decoding=\"async\" width=\"300\" height=\"250\" src=\"https:\/\/jornalfatosenoticias.com.br\/wp-content\/uploads\/2022\/08\/arte-Casarao.jpg\" alt=\"\" class=\"wp-image-33178\"\/><\/figure><\/div>\n\n\n\n<p>Essa proposta \u00e9 fruto de um estudo feito por Thomas Herzig e seus colegas da <em>Pneumocell,<\/em> uma empresa especialista em estruturas infl\u00e1veis com sede em Viena, na \u00c1ustria. O projeto foi selecionado pela ESA para fazer parte de sua \u201cPlataforma de Inova\u00e7\u00e3o no Espa\u00e7o Aberto\u201d.<br>De acordo com a ag\u00eancia, as bases infl\u00e1veis seriam compostas por uma cole\u00e7\u00e3o de habitats em formato de \u201crosquinha\u201d, e ficariam situadas ao lado dos polos lunares, em regi\u00f5es de ilumina\u00e7\u00e3o solar quase em tempo integral. \u201cUma vez inflados, esses habitats seriam enterrados sob quatro a cinco metros no solo lunar para prote\u00e7\u00e3o contra radia\u00e7\u00e3o e micrometeoritos\u201d, diz um comunicado da ESA.<\/p>\n\n\n\n<div class=\"wp-block-image\"><figure class=\"aligncenter size-large\"><img loading=\"lazy\" decoding=\"async\" width=\"1024\" height=\"100\" src=\"https:\/\/jornalfatosenoticias.com.br\/wp-content\/uploads\/2020\/02\/banner_ferramentas-1024x100.jpg\" alt=\"\" class=\"wp-image-1258\" srcset=\"https:\/\/jornalfatosenoticias.com.br\/wp-content\/uploads\/2020\/02\/banner_ferramentas-1024x100.jpg 1024w, https:\/\/jornalfatosenoticias.com.br\/wp-content\/uploads\/2020\/02\/banner_ferramentas-300x29.jpg 300w, https:\/\/jornalfatosenoticias.com.br\/wp-content\/uploads\/2020\/02\/banner_ferramentas-768x75.jpg 768w, https:\/\/jornalfatosenoticias.com.br\/wp-content\/uploads\/2020\/02\/banner_ferramentas.jpg 1227w\" sizes=\"auto, (max-width: 1024px) 100vw, 1024px\" \/><\/figure><\/div>\n\n\n\n<p>Acima de cada habitat, seria erguida uma treli\u00e7a segurando uma membrana espelhada, projetada para girar acompanhando o <a href=\"https:\/\/olhardigital.com.br\/2022\/08\/23\/ciencia-e-espaco\/astrofotografo-captura-imagem-inedita-do-sol-entenda-o-que-ela-tem-de-especial\/amp\/\" target=\"_blank\" rel=\"noreferrer noopener\">Sol<\/a> atrav\u00e9s do c\u00e9u. A luz solar do espelho seria direcionada atrav\u00e9s de uma cratera artificial, da qual outro espelho, em forma de cone, o refletiria na estufa circundante.<br>Segundo a <em>Pneumocell<\/em>, a estrutura poderia ser entregue facilmente \u00e0 Lua. \u201cVerificamos qual das espa\u00e7onaves existentes ou planejadas poderia ser usada para transportar o material e os astronautas para o local lunar\u201d, explicou a empresa, revelando que o ve\u00edculo mais adequado seria a Starship, da SpaceX.<br>Mas, outros foguetes n\u00e3o est\u00e3o descartados. <\/p>\n\n\n\n<div class=\"wp-block-image\"><figure class=\"aligncenter size-large is-resized\"><img loading=\"lazy\" decoding=\"async\" src=\"https:\/\/jornalfatosenoticias.com.br\/wp-content\/uploads\/2022\/07\/Logo-Grupo-SEI.jpg\" alt=\"\" class=\"wp-image-31973\" width=\"368\" height=\"193\" srcset=\"https:\/\/jornalfatosenoticias.com.br\/wp-content\/uploads\/2022\/07\/Logo-Grupo-SEI.jpg 713w, https:\/\/jornalfatosenoticias.com.br\/wp-content\/uploads\/2022\/07\/Logo-Grupo-SEI-300x158.jpg 300w\" sizes=\"auto, (max-width: 368px) 100vw, 368px\" \/><\/figure><\/div>\n\n\n\n<blockquote class=\"wp-block-quote is-layout-flow wp-block-quote-is-layout-flow\"><p><span class=\"has-inline-color has-luminous-vivid-orange-color\">\u201cNosso conceito tamb\u00e9m poderia ser realizado com a ajuda de ve\u00edculos menores como o Ariane-6, em combina\u00e7\u00e3o com o planejado Lander Europeu de Grande Log\u00edstica\u201d.<\/span><\/p><\/blockquote>\n\n\n\n<div class=\"wp-block-image\"><figure class=\"aligncenter size-large\"><img decoding=\"async\" src=\"https:\/\/jornalfatosenoticias.com.br\/wp-content\/uploads\/2020\/02\/Serra-Grande-1024x160.png\" alt=\"\" class=\"wp-image-7836\"\/><\/figure><\/div>\n\n\n\n<p><strong><em>Fonte: <a href=\"https:\/\/olhardigital.com.br\/2022\/09\/05\/ciencia-e-espaco\/esa-apresenta-base-espacial-inflavel-para-ser-enterrada-na-lua\/amp\/\">Olhar Digital<\/a><\/em><\/strong><\/p>\n","protected":false},"excerpt":{"rendered":"<p>Com lan\u00e7amento originalmente programado para 29 de agosto, remarcado para o \u00faltimo s\u00e1bado (3) e, atualmente, suspenso por tempo indeterminado, o voo Artemis 1, em dire\u00e7\u00e3o \u00e0 Lua, ser\u00e1 a miss\u00e3o de estreia do novo programa da explora\u00e7\u00e3o lunar da Nasa, que conta com o apoio da Ag\u00eancia Espacial Europeia (ESA), entre outras entidades internacionais.Um [&hellip;]<\/p>\n","protected":false},"author":2,"featured_media":33975,"comment_status":"open","ping_status":"open","sticky":false,"template":"","format":"standard","meta":{"footnotes":""},"categories":[2],"tags":[4520,15958,6652,84,164,15959],"class_list":["post-33974","post","type-post","status-publish","format-standard","has-post-thumbnail","hentry","category-ciencia","tag-artemis","tag-base-espacial-inflavel","tag-base-lunar","tag-lua","tag-nasa","tag-pneumocell"],"yoast_head":"<!-- This site is optimized with the Yoast SEO plugin v26.5 - https:\/\/yoast.com\/wordpress\/plugins\/seo\/ -->\n<title>Empresa cria conceito de base espacial infl\u00e1vel para ser usada na Lua - Jornal Fatos e Not\u00edcias<\/title>\n<meta name=\"robots\" content=\"index, follow, max-snippet:-1, max-image-preview:large, max-video-preview:-1\" \/>\n<link rel=\"canonical\" href=\"https:\/\/jornalfatosenoticias.com.br\/index.php\/2022\/09\/07\/empresa-cria-conceito-de-base-espacial-inflavel-para-ser-usada-na-lua\/\" \/>\n<meta property=\"og:locale\" content=\"pt_BR\" \/>\n<meta property=\"og:type\" content=\"article\" \/>\n<meta property=\"og:title\" content=\"Empresa cria conceito de base espacial infl\u00e1vel para ser usada na Lua - Jornal Fatos e Not\u00edcias\" \/>\n<meta property=\"og:description\" content=\"Com lan\u00e7amento originalmente programado para 29 de agosto, remarcado para o \u00faltimo s\u00e1bado (3) e, atualmente, suspenso por tempo indeterminado, o voo Artemis 1, em dire\u00e7\u00e3o \u00e0 Lua, ser\u00e1 a miss\u00e3o de estreia do novo programa da explora\u00e7\u00e3o lunar da Nasa, que conta com o apoio da Ag\u00eancia Espacial Europeia (ESA), entre outras entidades internacionais.Um [&hellip;]\" \/>\n<meta property=\"og:url\" content=\"https:\/\/jornalfatosenoticias.com.br\/index.php\/2022\/09\/07\/empresa-cria-conceito-de-base-espacial-inflavel-para-ser-usada-na-lua\/\" \/>\n<meta property=\"og:site_name\" content=\"Jornal Fatos e Not\u00edcias\" \/>\n<meta property=\"article:published_time\" content=\"2022-09-07T15:37:48+00:00\" \/>\n<meta property=\"article:modified_time\" content=\"2022-09-07T15:37:50+00:00\" \/>\n<meta property=\"og:image\" content=\"https:\/\/jornalfatosenoticias.com.br\/wp-content\/uploads\/2022\/09\/base-lunar-inflavel.jpg\" \/>\n\t<meta property=\"og:image:width\" content=\"1000\" \/>\n\t<meta property=\"og:image:height\" content=\"562\" \/>\n\t<meta property=\"og:image:type\" content=\"image\/jpeg\" \/>\n<meta name=\"author\" content=\"Luzimara Fernandes\" \/>\n<meta name=\"twitter:card\" content=\"summary_large_image\" \/>\n<meta name=\"twitter:label1\" content=\"Escrito por\" \/>\n\t<meta name=\"twitter:data1\" content=\"Luzimara Fernandes\" \/>\n\t<meta name=\"twitter:label2\" content=\"Est. tempo de leitura\" \/>\n\t<meta name=\"twitter:data2\" content=\"2 minutos\" \/>\n<script type=\"application\/ld+json\" class=\"yoast-schema-graph\">{\"@context\":\"https:\/\/schema.org\",\"@graph\":[{\"@type\":\"Article\",\"@id\":\"https:\/\/jornalfatosenoticias.com.br\/index.php\/2022\/09\/07\/empresa-cria-conceito-de-base-espacial-inflavel-para-ser-usada-na-lua\/#article\",\"isPartOf\":{\"@id\":\"https:\/\/jornalfatosenoticias.com.br\/index.php\/2022\/09\/07\/empresa-cria-conceito-de-base-espacial-inflavel-para-ser-usada-na-lua\/\"},\"author\":{\"name\":\"Luzimara Fernandes\",\"@id\":\"https:\/\/jornalfatosenoticias.com.br\/#\/schema\/person\/d63837fa13ac8666eb9e74e0985d6f81\"},\"headline\":\"Empresa cria conceito de base espacial infl\u00e1vel para ser usada na Lua\",\"datePublished\":\"2022-09-07T15:37:48+00:00\",\"dateModified\":\"2022-09-07T15:37:50+00:00\",\"mainEntityOfPage\":{\"@id\":\"https:\/\/jornalfatosenoticias.com.br\/index.php\/2022\/09\/07\/empresa-cria-conceito-de-base-espacial-inflavel-para-ser-usada-na-lua\/\"},\"wordCount\":439,\"commentCount\":0,\"publisher\":{\"@id\":\"https:\/\/jornalfatosenoticias.com.br\/#organization\"},\"image\":{\"@id\":\"https:\/\/jornalfatosenoticias.com.br\/index.php\/2022\/09\/07\/empresa-cria-conceito-de-base-espacial-inflavel-para-ser-usada-na-lua\/#primaryimage\"},\"thumbnailUrl\":\"https:\/\/jornalfatosenoticias.com.br\/wp-content\/uploads\/2022\/09\/base-lunar-inflavel.jpg\",\"keywords\":[\"Artemis\",\"base espacial infl\u00e1vel\",\"base lunar\",\"lua\",\"Nasa\",\"Pneumocell\"],\"articleSection\":[\"Ci\u00eancia\"],\"inLanguage\":\"pt-BR\",\"potentialAction\":[{\"@type\":\"CommentAction\",\"name\":\"Comment\",\"target\":[\"https:\/\/jornalfatosenoticias.com.br\/index.php\/2022\/09\/07\/empresa-cria-conceito-de-base-espacial-inflavel-para-ser-usada-na-lua\/#respond\"]}]},{\"@type\":\"WebPage\",\"@id\":\"https:\/\/jornalfatosenoticias.com.br\/index.php\/2022\/09\/07\/empresa-cria-conceito-de-base-espacial-inflavel-para-ser-usada-na-lua\/\",\"url\":\"https:\/\/jornalfatosenoticias.com.br\/index.php\/2022\/09\/07\/empresa-cria-conceito-de-base-espacial-inflavel-para-ser-usada-na-lua\/\",\"name\":\"Empresa cria conceito de base espacial infl\u00e1vel para ser usada na Lua - Jornal Fatos e Not\u00edcias\",\"isPartOf\":{\"@id\":\"https:\/\/jornalfatosenoticias.com.br\/#website\"},\"primaryImageOfPage\":{\"@id\":\"https:\/\/jornalfatosenoticias.com.br\/index.php\/2022\/09\/07\/empresa-cria-conceito-de-base-espacial-inflavel-para-ser-usada-na-lua\/#primaryimage\"},\"image\":{\"@id\":\"https:\/\/jornalfatosenoticias.com.br\/index.php\/2022\/09\/07\/empresa-cria-conceito-de-base-espacial-inflavel-para-ser-usada-na-lua\/#primaryimage\"},\"thumbnailUrl\":\"https:\/\/jornalfatosenoticias.com.br\/wp-content\/uploads\/2022\/09\/base-lunar-inflavel.jpg\",\"datePublished\":\"2022-09-07T15:37:48+00:00\",\"dateModified\":\"2022-09-07T15:37:50+00:00\",\"breadcrumb\":{\"@id\":\"https:\/\/jornalfatosenoticias.com.br\/index.php\/2022\/09\/07\/empresa-cria-conceito-de-base-espacial-inflavel-para-ser-usada-na-lua\/#breadcrumb\"},\"inLanguage\":\"pt-BR\",\"potentialAction\":[{\"@type\":\"ReadAction\",\"target\":[\"https:\/\/jornalfatosenoticias.com.br\/index.php\/2022\/09\/07\/empresa-cria-conceito-de-base-espacial-inflavel-para-ser-usada-na-lua\/\"]}]},{\"@type\":\"ImageObject\",\"inLanguage\":\"pt-BR\",\"@id\":\"https:\/\/jornalfatosenoticias.com.br\/index.php\/2022\/09\/07\/empresa-cria-conceito-de-base-espacial-inflavel-para-ser-usada-na-lua\/#primaryimage\",\"url\":\"https:\/\/jornalfatosenoticias.com.br\/wp-content\/uploads\/2022\/09\/base-lunar-inflavel.jpg\",\"contentUrl\":\"https:\/\/jornalfatosenoticias.com.br\/wp-content\/uploads\/2022\/09\/base-lunar-inflavel.jpg\",\"width\":1000,\"height\":562},{\"@type\":\"BreadcrumbList\",\"@id\":\"https:\/\/jornalfatosenoticias.com.br\/index.php\/2022\/09\/07\/empresa-cria-conceito-de-base-espacial-inflavel-para-ser-usada-na-lua\/#breadcrumb\",\"itemListElement\":[{\"@type\":\"ListItem\",\"position\":1,\"name\":\"In\u00edcio\",\"item\":\"https:\/\/jornalfatosenoticias.com.br\/\"},{\"@type\":\"ListItem\",\"position\":2,\"name\":\"Empresa cria conceito de base espacial infl\u00e1vel para ser usada na Lua\"}]},{\"@type\":\"WebSite\",\"@id\":\"https:\/\/jornalfatosenoticias.com.br\/#website\",\"url\":\"https:\/\/jornalfatosenoticias.com.br\/\",\"name\":\"Jornal Fatos e Not\u00edcias\",\"description\":\"Not\u00edcias em geral\",\"publisher\":{\"@id\":\"https:\/\/jornalfatosenoticias.com.br\/#organization\"},\"potentialAction\":[{\"@type\":\"SearchAction\",\"target\":{\"@type\":\"EntryPoint\",\"urlTemplate\":\"https:\/\/jornalfatosenoticias.com.br\/?s={search_term_string}\"},\"query-input\":{\"@type\":\"PropertyValueSpecification\",\"valueRequired\":true,\"valueName\":\"search_term_string\"}}],\"inLanguage\":\"pt-BR\"},{\"@type\":\"Organization\",\"@id\":\"https:\/\/jornalfatosenoticias.com.br\/#organization\",\"name\":\"Jornal Fatos e Not\u00edcias\",\"url\":\"https:\/\/jornalfatosenoticias.com.br\/\",\"logo\":{\"@type\":\"ImageObject\",\"inLanguage\":\"pt-BR\",\"@id\":\"https:\/\/jornalfatosenoticias.com.br\/#\/schema\/logo\/image\/\",\"url\":\"https:\/\/jornalfatosenoticias.com.br\/wp-content\/uploads\/2020\/02\/logo120.png\",\"contentUrl\":\"https:\/\/jornalfatosenoticias.com.br\/wp-content\/uploads\/2020\/02\/logo120.png\",\"width\":1227,\"height\":120,\"caption\":\"Jornal Fatos e Not\u00edcias\"},\"image\":{\"@id\":\"https:\/\/jornalfatosenoticias.com.br\/#\/schema\/logo\/image\/\"}},{\"@type\":\"Person\",\"@id\":\"https:\/\/jornalfatosenoticias.com.br\/#\/schema\/person\/d63837fa13ac8666eb9e74e0985d6f81\",\"name\":\"Luzimara Fernandes\",\"image\":{\"@type\":\"ImageObject\",\"inLanguage\":\"pt-BR\",\"@id\":\"https:\/\/jornalfatosenoticias.com.br\/#\/schema\/person\/image\/\",\"url\":\"https:\/\/jornalfatosenoticias.com.br\/wp-content\/uploads\/2025\/05\/EU_portal.jpg\",\"contentUrl\":\"https:\/\/jornalfatosenoticias.com.br\/wp-content\/uploads\/2025\/05\/EU_portal.jpg\",\"caption\":\"Luzimara Fernandes\"},\"description\":\"Jornalista MTB 2358-ES\",\"sameAs\":[\"https:\/\/jornalfatosenoticias.com.br\"],\"url\":\"https:\/\/jornalfatosenoticias.com.br\/index.php\/author\/luzimara\/\"}]}<\/script>\n<!-- \/ Yoast SEO plugin. -->","yoast_head_json":{"title":"Empresa cria conceito de base espacial infl\u00e1vel para ser usada na Lua - Jornal Fatos e Not\u00edcias","robots":{"index":"index","follow":"follow","max-snippet":"max-snippet:-1","max-image-preview":"max-image-preview:large","max-video-preview":"max-video-preview:-1"},"canonical":"https:\/\/jornalfatosenoticias.com.br\/index.php\/2022\/09\/07\/empresa-cria-conceito-de-base-espacial-inflavel-para-ser-usada-na-lua\/","og_locale":"pt_BR","og_type":"article","og_title":"Empresa cria conceito de base espacial infl\u00e1vel para ser usada na Lua - Jornal Fatos e Not\u00edcias","og_description":"Com lan\u00e7amento originalmente programado para 29 de agosto, remarcado para o \u00faltimo s\u00e1bado (3) e, atualmente, suspenso por tempo indeterminado, o voo Artemis 1, em dire\u00e7\u00e3o \u00e0 Lua, ser\u00e1 a miss\u00e3o de estreia do novo programa da explora\u00e7\u00e3o lunar da Nasa, que conta com o apoio da Ag\u00eancia Espacial Europeia (ESA), entre outras entidades internacionais.Um [&hellip;]","og_url":"https:\/\/jornalfatosenoticias.com.br\/index.php\/2022\/09\/07\/empresa-cria-conceito-de-base-espacial-inflavel-para-ser-usada-na-lua\/","og_site_name":"Jornal Fatos e Not\u00edcias","article_published_time":"2022-09-07T15:37:48+00:00","article_modified_time":"2022-09-07T15:37:50+00:00","og_image":[{"width":1000,"height":562,"url":"https:\/\/jornalfatosenoticias.com.br\/wp-content\/uploads\/2022\/09\/base-lunar-inflavel.jpg","type":"image\/jpeg"}],"author":"Luzimara Fernandes","twitter_card":"summary_large_image","twitter_misc":{"Escrito por":"Luzimara Fernandes","Est. tempo de leitura":"2 minutos"},"schema":{"@context":"https:\/\/schema.org","@graph":[{"@type":"Article","@id":"https:\/\/jornalfatosenoticias.com.br\/index.php\/2022\/09\/07\/empresa-cria-conceito-de-base-espacial-inflavel-para-ser-usada-na-lua\/#article","isPartOf":{"@id":"https:\/\/jornalfatosenoticias.com.br\/index.php\/2022\/09\/07\/empresa-cria-conceito-de-base-espacial-inflavel-para-ser-usada-na-lua\/"},"author":{"name":"Luzimara Fernandes","@id":"https:\/\/jornalfatosenoticias.com.br\/#\/schema\/person\/d63837fa13ac8666eb9e74e0985d6f81"},"headline":"Empresa cria conceito de base espacial infl\u00e1vel para ser usada na Lua","datePublished":"2022-09-07T15:37:48+00:00","dateModified":"2022-09-07T15:37:50+00:00","mainEntityOfPage":{"@id":"https:\/\/jornalfatosenoticias.com.br\/index.php\/2022\/09\/07\/empresa-cria-conceito-de-base-espacial-inflavel-para-ser-usada-na-lua\/"},"wordCount":439,"commentCount":0,"publisher":{"@id":"https:\/\/jornalfatosenoticias.com.br\/#organization"},"image":{"@id":"https:\/\/jornalfatosenoticias.com.br\/index.php\/2022\/09\/07\/empresa-cria-conceito-de-base-espacial-inflavel-para-ser-usada-na-lua\/#primaryimage"},"thumbnailUrl":"https:\/\/jornalfatosenoticias.com.br\/wp-content\/uploads\/2022\/09\/base-lunar-inflavel.jpg","keywords":["Artemis","base espacial infl\u00e1vel","base lunar","lua","Nasa","Pneumocell"],"articleSection":["Ci\u00eancia"],"inLanguage":"pt-BR","potentialAction":[{"@type":"CommentAction","name":"Comment","target":["https:\/\/jornalfatosenoticias.com.br\/index.php\/2022\/09\/07\/empresa-cria-conceito-de-base-espacial-inflavel-para-ser-usada-na-lua\/#respond"]}]},{"@type":"WebPage","@id":"https:\/\/jornalfatosenoticias.com.br\/index.php\/2022\/09\/07\/empresa-cria-conceito-de-base-espacial-inflavel-para-ser-usada-na-lua\/","url":"https:\/\/jornalfatosenoticias.com.br\/index.php\/2022\/09\/07\/empresa-cria-conceito-de-base-espacial-inflavel-para-ser-usada-na-lua\/","name":"Empresa cria conceito de base espacial infl\u00e1vel para ser usada na Lua - Jornal Fatos e Not\u00edcias","isPartOf":{"@id":"https:\/\/jornalfatosenoticias.com.br\/#website"},"primaryImageOfPage":{"@id":"https:\/\/jornalfatosenoticias.com.br\/index.php\/2022\/09\/07\/empresa-cria-conceito-de-base-espacial-inflavel-para-ser-usada-na-lua\/#primaryimage"},"image":{"@id":"https:\/\/jornalfatosenoticias.com.br\/index.php\/2022\/09\/07\/empresa-cria-conceito-de-base-espacial-inflavel-para-ser-usada-na-lua\/#primaryimage"},"thumbnailUrl":"https:\/\/jornalfatosenoticias.com.br\/wp-content\/uploads\/2022\/09\/base-lunar-inflavel.jpg","datePublished":"2022-09-07T15:37:48+00:00","dateModified":"2022-09-07T15:37:50+00:00","breadcrumb":{"@id":"https:\/\/jornalfatosenoticias.com.br\/index.php\/2022\/09\/07\/empresa-cria-conceito-de-base-espacial-inflavel-para-ser-usada-na-lua\/#breadcrumb"},"inLanguage":"pt-BR","potentialAction":[{"@type":"ReadAction","target":["https:\/\/jornalfatosenoticias.com.br\/index.php\/2022\/09\/07\/empresa-cria-conceito-de-base-espacial-inflavel-para-ser-usada-na-lua\/"]}]},{"@type":"ImageObject","inLanguage":"pt-BR","@id":"https:\/\/jornalfatosenoticias.com.br\/index.php\/2022\/09\/07\/empresa-cria-conceito-de-base-espacial-inflavel-para-ser-usada-na-lua\/#primaryimage","url":"https:\/\/jornalfatosenoticias.com.br\/wp-content\/uploads\/2022\/09\/base-lunar-inflavel.jpg","contentUrl":"https:\/\/jornalfatosenoticias.com.br\/wp-content\/uploads\/2022\/09\/base-lunar-inflavel.jpg","width":1000,"height":562},{"@type":"BreadcrumbList","@id":"https:\/\/jornalfatosenoticias.com.br\/index.php\/2022\/09\/07\/empresa-cria-conceito-de-base-espacial-inflavel-para-ser-usada-na-lua\/#breadcrumb","itemListElement":[{"@type":"ListItem","position":1,"name":"In\u00edcio","item":"https:\/\/jornalfatosenoticias.com.br\/"},{"@type":"ListItem","position":2,"name":"Empresa cria conceito de base espacial infl\u00e1vel para ser usada na Lua"}]},{"@type":"WebSite","@id":"https:\/\/jornalfatosenoticias.com.br\/#website","url":"https:\/\/jornalfatosenoticias.com.br\/","name":"Jornal Fatos e Not\u00edcias","description":"Not\u00edcias em geral","publisher":{"@id":"https:\/\/jornalfatosenoticias.com.br\/#organization"},"potentialAction":[{"@type":"SearchAction","target":{"@type":"EntryPoint","urlTemplate":"https:\/\/jornalfatosenoticias.com.br\/?s={search_term_string}"},"query-input":{"@type":"PropertyValueSpecification","valueRequired":true,"valueName":"search_term_string"}}],"inLanguage":"pt-BR"},{"@type":"Organization","@id":"https:\/\/jornalfatosenoticias.com.br\/#organization","name":"Jornal Fatos e Not\u00edcias","url":"https:\/\/jornalfatosenoticias.com.br\/","logo":{"@type":"ImageObject","inLanguage":"pt-BR","@id":"https:\/\/jornalfatosenoticias.com.br\/#\/schema\/logo\/image\/","url":"https:\/\/jornalfatosenoticias.com.br\/wp-content\/uploads\/2020\/02\/logo120.png","contentUrl":"https:\/\/jornalfatosenoticias.com.br\/wp-content\/uploads\/2020\/02\/logo120.png","width":1227,"height":120,"caption":"Jornal Fatos e Not\u00edcias"},"image":{"@id":"https:\/\/jornalfatosenoticias.com.br\/#\/schema\/logo\/image\/"}},{"@type":"Person","@id":"https:\/\/jornalfatosenoticias.com.br\/#\/schema\/person\/d63837fa13ac8666eb9e74e0985d6f81","name":"Luzimara Fernandes","image":{"@type":"ImageObject","inLanguage":"pt-BR","@id":"https:\/\/jornalfatosenoticias.com.br\/#\/schema\/person\/image\/","url":"https:\/\/jornalfatosenoticias.com.br\/wp-content\/uploads\/2025\/05\/EU_portal.jpg","contentUrl":"https:\/\/jornalfatosenoticias.com.br\/wp-content\/uploads\/2025\/05\/EU_portal.jpg","caption":"Luzimara Fernandes"},"description":"Jornalista MTB 2358-ES","sameAs":["https:\/\/jornalfatosenoticias.com.br"],"url":"https:\/\/jornalfatosenoticias.com.br\/index.php\/author\/luzimara\/"}]}},"cc_featured_image_caption":{"caption_text":"(Foto: Thomas Herzig\/Pneumocell)","source_text":"","source_url":""},"jetpack_featured_media_url":"https:\/\/jornalfatosenoticias.com.br\/wp-content\/uploads\/2022\/09\/base-lunar-inflavel.jpg","_links":{"self":[{"href":"https:\/\/jornalfatosenoticias.com.br\/index.php\/wp-json\/wp\/v2\/posts\/33974","targetHints":{"allow":["GET"]}}],"collection":[{"href":"https:\/\/jornalfatosenoticias.com.br\/index.php\/wp-json\/wp\/v2\/posts"}],"about":[{"href":"https:\/\/jornalfatosenoticias.com.br\/index.php\/wp-json\/wp\/v2\/types\/post"}],"author":[{"embeddable":true,"href":"https:\/\/jornalfatosenoticias.com.br\/index.php\/wp-json\/wp\/v2\/users\/2"}],"replies":[{"embeddable":true,"href":"https:\/\/jornalfatosenoticias.com.br\/index.php\/wp-json\/wp\/v2\/comments?post=33974"}],"version-history":[{"count":0,"href":"https:\/\/jornalfatosenoticias.com.br\/index.php\/wp-json\/wp\/v2\/posts\/33974\/revisions"}],"wp:featuredmedia":[{"embeddable":true,"href":"https:\/\/jornalfatosenoticias.com.br\/index.php\/wp-json\/wp\/v2\/media\/33975"}],"wp:attachment":[{"href":"https:\/\/jornalfatosenoticias.com.br\/index.php\/wp-json\/wp\/v2\/media?parent=33974"}],"wp:term":[{"taxonomy":"category","embeddable":true,"href":"https:\/\/jornalfatosenoticias.com.br\/index.php\/wp-json\/wp\/v2\/categories?post=33974"},{"taxonomy":"post_tag","embeddable":true,"href":"https:\/\/jornalfatosenoticias.com.br\/index.php\/wp-json\/wp\/v2\/tags?post=33974"}],"curies":[{"name":"wp","href":"https:\/\/api.w.org\/{rel}","templated":true}]}}