{"id":33978,"date":"2022-09-07T13:34:20","date_gmt":"2022-09-07T16:34:20","guid":{"rendered":"https:\/\/jornalfatosenoticias.com.br\/?p=33978"},"modified":"2022-09-07T13:34:21","modified_gmt":"2022-09-07T16:34:21","slug":"enorme-presa-de-elefante-de-meio-milhao-de-anos-e-encontrada-em-israel","status":"publish","type":"post","link":"https:\/\/jornalfatosenoticias.com.br\/index.php\/2022\/09\/07\/enorme-presa-de-elefante-de-meio-milhao-de-anos-e-encontrada-em-israel\/","title":{"rendered":"Enorme presa de elefante de meio milh\u00e3o de anos \u00e9 encontrada em Israel"},"content":{"rendered":"\n<div class=\"wp-block-image\"><figure class=\"aligncenter size-large\"><img loading=\"lazy\" decoding=\"async\" width=\"1024\" height=\"99\" src=\"https:\/\/jornalfatosenoticias.com.br\/wp-content\/uploads\/2020\/02\/Logo-Mizu-segunda-2-1024x99.png\" alt=\"\" class=\"wp-image-2353\" srcset=\"https:\/\/jornalfatosenoticias.com.br\/wp-content\/uploads\/2020\/02\/Logo-Mizu-segunda-2-1024x99.png 1024w, https:\/\/jornalfatosenoticias.com.br\/wp-content\/uploads\/2020\/02\/Logo-Mizu-segunda-2-300x29.png 300w, https:\/\/jornalfatosenoticias.com.br\/wp-content\/uploads\/2020\/02\/Logo-Mizu-segunda-2-768x74.png 768w, https:\/\/jornalfatosenoticias.com.br\/wp-content\/uploads\/2020\/02\/Logo-Mizu-segunda-2.png 1240w\" sizes=\"auto, (max-width: 1024px) 100vw, 1024px\" \/><\/figure><\/div>\n\n\n\n<p>Uma presa de 2,5 metros de comprimento, que pertenceu a um elefante extinto, foi encontrada no sul de Israel durante escava\u00e7\u00f5es conjuntas entre pesquisadores da Universidade de Tel Aviv e da Universidade Ben-Gurion.<br>A descoberta do f\u00f3ssil de aproximadamente meio milh\u00e3o de anos foi divulgada na \u00faltima quarta-feira (31) pela ag\u00eancia <a href=\"https:\/\/phys.org\/news\/2022-08-israeli-archaeologists-large-tusk-ancient.html\" target=\"_blank\" rel=\"noreferrer noopener\"><em>Associated Press (AP)<\/em>.<\/a> O achado ocorreu pr\u00f3ximo ao kibutz de Revadim, uma comunidade de propriedades coletivas.<br>Os pesquisadores acreditam que o achado venha de um elefante da antiga esp\u00e9cie <em>Palaeoloxodon antiquus,<\/em> possivelmente ca\u00e7ado por humanos. Segundo Avi Levy, l\u00edder da escava\u00e7\u00e3o, a nova descoberta \u00e9 \u201ca maior presa f\u00f3ssil completa j\u00e1 encontrada em um s\u00edtio pr\u00e9-hist\u00f3rico em Israel ou no Oriente Pr\u00f3ximo\u201d.<\/p>\n\n\n\n<div class=\"wp-block-image\"><figure class=\"aligncenter size-large\"><img decoding=\"async\" src=\"https:\/\/jornalfatosenoticias.com.br\/wp-content\/uploads\/2020\/02\/logo_esteio.jpg\" alt=\"\" class=\"wp-image-1214\"\/><\/figure><\/div>\n\n\n\n<figure class=\"wp-block-image size-large\"><img loading=\"lazy\" decoding=\"async\" width=\"1000\" height=\"666\" src=\"https:\/\/jornalfatosenoticias.com.br\/wp-content\/uploads\/2022\/09\/presa-de-elefante2.jpg\" alt=\"\" class=\"wp-image-33979\" srcset=\"https:\/\/jornalfatosenoticias.com.br\/wp-content\/uploads\/2022\/09\/presa-de-elefante2.jpg 1000w, https:\/\/jornalfatosenoticias.com.br\/wp-content\/uploads\/2022\/09\/presa-de-elefante2-300x200.jpg 300w, https:\/\/jornalfatosenoticias.com.br\/wp-content\/uploads\/2022\/09\/presa-de-elefante2-768x511.jpg 768w\" sizes=\"auto, (max-width: 1000px) 100vw, 1000px\" \/><figcaption><em><span class=\"has-inline-color has-black-color\">Presa de elefante escavada em Israel tem 2,5 metros de comprimento (Foto: Autoridade de Antiguidades de Israel)<\/span><\/em><\/figcaption><\/figure>\n\n\n\n<blockquote class=\"wp-block-quote is-layout-flow wp-block-quote-is-layout-flow\"><p><span class=\"has-inline-color has-luminous-vivid-orange-color\">\u201cDe nossas escava\u00e7\u00f5es arqueol\u00f3gicas anteriores em Revadim, sab\u00edamos que o local foi colonizado no final do per\u00edodo Paleol\u00edtico Inferior\u201d, disse Levy, em um comunicado enviado ao site IFLScience. \u201cMas encontrar esta presa de elefante completa de meio milh\u00e3o de anos em t\u00e3o boas condi\u00e7\u00f5es \u00e9 outra coisa!\u201d.<\/span><\/p><\/blockquote>\n\n\n\n<div class=\"wp-block-image\"><figure class=\"aligncenter size-large\"><img decoding=\"async\" src=\"https:\/\/jornalfatosenoticias.com.br\/wp-content\/uploads\/2020\/02\/logo-embacia-1-1024x110.jpg\" alt=\"\" class=\"wp-image-33954\"\/><\/figure><\/div>\n\n\n\n<p>Apesar de gigantesco, o f\u00f3ssil \u00e9 extremamente fr\u00e1gil: o toque humano, ou apenas a exposi\u00e7\u00e3o ao ar e \u00e0 luz solar, pode j\u00e1 faz\u00ea-lo se desintegrar. Por isso, de acordo com Israel Hershkovitz, um dos pesquisadores envolvidos na escava\u00e7\u00e3o, o objeto foi submetido a um tratamento inicial de conserva\u00e7\u00e3o.<\/p>\n\n\n\n<div class=\"wp-block-image\"><figure class=\"aligncenter size-large is-resized\"><img loading=\"lazy\" decoding=\"async\" src=\"https:\/\/jornalfatosenoticias.com.br\/wp-content\/uploads\/2020\/02\/SEVENTUR-TURISMO.jpg\" alt=\"\" class=\"wp-image-32994\" width=\"270\" height=\"213\"\/><\/figure><\/div>\n\n\n\n<blockquote class=\"wp-block-quote is-layout-flow wp-block-quote-is-layout-flow\"><p><span class=\"has-inline-color has-luminous-vivid-orange-color\">\u201cAgora estamos averiguando a presa dentro de seu contexto arqueol\u00f3gico, antes de transferi-la para o Laborat\u00f3rio de Conserva\u00e7\u00e3o da Autoridade de Antiguidades de Israel (IAA), onde ser\u00e1 estudada e conservada\u201d, o especialista contou ao <a href=\"https:\/\/www.iflscience.com\/colossal-half-million-year-old-elephant-tusk-discovered-in-southern-israel-65126\" target=\"_blank\" rel=\"noreferrer noopener\"><em>IFLScience<\/em><\/a>.<\/span><\/p><\/blockquote>\n\n\n\n<div class=\"wp-block-image\"><figure class=\"aligncenter size-large is-resized\"><img loading=\"lazy\" decoding=\"async\" src=\"https:\/\/jornalfatosenoticias.com.br\/wp-content\/uploads\/2022\/08\/logo-locau-veiculos-1024x573.png\" alt=\"\" class=\"wp-image-33078\" width=\"409\" height=\"228\"\/><\/figure><\/div>\n\n\n\n<p>Omry Barzilai, um arque\u00f3logo da IAA, disse \u00e0 AFP que a descoberta foi \u201cmuito intrigante, muito enigm\u00e1tica\u201d porque n\u00e3o ficou claro se os povos antigos ca\u00e7aram o elefante gigante no local ou se apenas trouxeram a presa do animal abatido at\u00e9 a \u00e1rea.<br>A presen\u00e7a de artefatos, principalmente de ferramentas de pedra, indicou que havia um n\u00famero substancial de pessoas no lugar justo quando os elefantes eram ca\u00e7ados. Mas h\u00e1 meio milh\u00e3o de anos, quando o antigo elefante morreu, o atual terreno \u00e1rido era provavelmente um p\u00e2ntano ou lago raso.<\/p>\n\n\n\n<div class=\"wp-block-image\"><figure class=\"aligncenter size-large is-resized\"><img loading=\"lazy\" decoding=\"async\" src=\"https:\/\/jornalfatosenoticias.com.br\/wp-content\/uploads\/2022\/02\/Serra-Pack-459.png\" alt=\"\" class=\"wp-image-27471\" width=\"365\" height=\"146\"\/><\/figure><\/div>\n\n\n\n<p>O <em>Palaeoloxodon antiquus <\/em>crescia at\u00e9 4,5 metros e pesava mais de 14 toneladas, sendo maior e mais pesado do que os elefantes-africanos de hoje. A altura dos animais atuais \u00e9 de at\u00e9 3,3 metros e seu peso \u00e9 de no m\u00e1ximo seis toneladas, segundo a <a href=\"https:\/\/www.worldwildlife.org\/species\/african-elephant\" target=\"_blank\" rel=\"noreferrer noopener\"><em>World Wide Fund for Nature.<\/em><\/a><\/p>\n\n\n\n<div class=\"wp-block-image\"><figure class=\"aligncenter size-large\"><img decoding=\"async\" src=\"https:\/\/jornalfatosenoticias.com.br\/wp-content\/uploads\/2020\/02\/nova-logo-zucchi-1024x110.jpeg\" alt=\"\" class=\"wp-image-33846\"\/><\/figure><\/div>\n\n\n\n<p><strong><em>Fonte: <a href=\"https:\/\/territoriosecreto.com.br\/enorme-presa-de-elefante-de-meio-milhao-de-anos-e-encontrada-em-israel\/\">Territ\u00f3rio Secreto<\/a><\/em><\/strong><\/p>\n","protected":false},"excerpt":{"rendered":"<p>Uma presa de 2,5 metros de comprimento, que pertenceu a um elefante extinto, foi encontrada no sul de Israel durante escava\u00e7\u00f5es conjuntas entre pesquisadores da Universidade de Tel Aviv e da Universidade Ben-Gurion.A descoberta do f\u00f3ssil de aproximadamente meio milh\u00e3o de anos foi divulgada na \u00faltima quarta-feira (31) pela ag\u00eancia Associated Press (AP). O achado [&hellip;]<\/p>\n","protected":false},"author":2,"featured_media":33980,"comment_status":"open","ping_status":"open","sticky":false,"template":"","format":"standard","meta":{"footnotes":""},"categories":[9808],"tags":[15960,1666,15962,162,15961],"class_list":["post-33978","post","type-post","status-publish","format-standard","has-post-thumbnail","hentry","category-paleo-arqueologia","tag-autoridade-de-antiguidades-de-israel","tag-descoberta","tag-fossil-de-presa-de-elefante","tag-israel","tag-presa-de-elefante"],"yoast_head":"<!-- This site is optimized with the Yoast SEO plugin v26.5 - https:\/\/yoast.com\/wordpress\/plugins\/seo\/ -->\n<title>Enorme presa de elefante de meio milh\u00e3o de anos \u00e9 encontrada em Israel - Jornal Fatos e Not\u00edcias<\/title>\n<meta name=\"robots\" content=\"index, follow, max-snippet:-1, max-image-preview:large, max-video-preview:-1\" \/>\n<link rel=\"canonical\" href=\"https:\/\/jornalfatosenoticias.com.br\/index.php\/2022\/09\/07\/enorme-presa-de-elefante-de-meio-milhao-de-anos-e-encontrada-em-israel\/\" \/>\n<meta property=\"og:locale\" content=\"pt_BR\" \/>\n<meta property=\"og:type\" content=\"article\" \/>\n<meta property=\"og:title\" content=\"Enorme presa de elefante de meio milh\u00e3o de anos \u00e9 encontrada em Israel - Jornal Fatos e Not\u00edcias\" \/>\n<meta property=\"og:description\" content=\"Uma presa de 2,5 metros de comprimento, que pertenceu a um elefante extinto, foi encontrada no sul de Israel durante escava\u00e7\u00f5es conjuntas entre pesquisadores da Universidade de Tel Aviv e da Universidade Ben-Gurion.A descoberta do f\u00f3ssil de aproximadamente meio milh\u00e3o de anos foi divulgada na \u00faltima quarta-feira (31) pela ag\u00eancia Associated Press (AP). O achado [&hellip;]\" \/>\n<meta property=\"og:url\" content=\"https:\/\/jornalfatosenoticias.com.br\/index.php\/2022\/09\/07\/enorme-presa-de-elefante-de-meio-milhao-de-anos-e-encontrada-em-israel\/\" \/>\n<meta property=\"og:site_name\" content=\"Jornal Fatos e Not\u00edcias\" \/>\n<meta property=\"article:published_time\" content=\"2022-09-07T16:34:20+00:00\" \/>\n<meta property=\"article:modified_time\" content=\"2022-09-07T16:34:21+00:00\" \/>\n<meta property=\"og:image\" content=\"https:\/\/jornalfatosenoticias.com.br\/wp-content\/uploads\/2022\/09\/presa-de-elefante.jpg\" \/>\n\t<meta property=\"og:image:width\" content=\"1000\" \/>\n\t<meta property=\"og:image:height\" content=\"642\" \/>\n\t<meta property=\"og:image:type\" content=\"image\/jpeg\" \/>\n<meta name=\"author\" content=\"Luzimara Fernandes\" \/>\n<meta name=\"twitter:card\" content=\"summary_large_image\" \/>\n<meta name=\"twitter:label1\" content=\"Escrito por\" \/>\n\t<meta name=\"twitter:data1\" content=\"Luzimara Fernandes\" \/>\n\t<meta name=\"twitter:label2\" content=\"Est. tempo de leitura\" \/>\n\t<meta name=\"twitter:data2\" content=\"2 minutos\" \/>\n<script type=\"application\/ld+json\" class=\"yoast-schema-graph\">{\"@context\":\"https:\/\/schema.org\",\"@graph\":[{\"@type\":\"Article\",\"@id\":\"https:\/\/jornalfatosenoticias.com.br\/index.php\/2022\/09\/07\/enorme-presa-de-elefante-de-meio-milhao-de-anos-e-encontrada-em-israel\/#article\",\"isPartOf\":{\"@id\":\"https:\/\/jornalfatosenoticias.com.br\/index.php\/2022\/09\/07\/enorme-presa-de-elefante-de-meio-milhao-de-anos-e-encontrada-em-israel\/\"},\"author\":{\"name\":\"Luzimara Fernandes\",\"@id\":\"https:\/\/jornalfatosenoticias.com.br\/#\/schema\/person\/d63837fa13ac8666eb9e74e0985d6f81\"},\"headline\":\"Enorme presa de elefante de meio milh\u00e3o de anos \u00e9 encontrada em Israel\",\"datePublished\":\"2022-09-07T16:34:20+00:00\",\"dateModified\":\"2022-09-07T16:34:21+00:00\",\"mainEntityOfPage\":{\"@id\":\"https:\/\/jornalfatosenoticias.com.br\/index.php\/2022\/09\/07\/enorme-presa-de-elefante-de-meio-milhao-de-anos-e-encontrada-em-israel\/\"},\"wordCount\":446,\"commentCount\":0,\"publisher\":{\"@id\":\"https:\/\/jornalfatosenoticias.com.br\/#organization\"},\"image\":{\"@id\":\"https:\/\/jornalfatosenoticias.com.br\/index.php\/2022\/09\/07\/enorme-presa-de-elefante-de-meio-milhao-de-anos-e-encontrada-em-israel\/#primaryimage\"},\"thumbnailUrl\":\"https:\/\/jornalfatosenoticias.com.br\/wp-content\/uploads\/2022\/09\/presa-de-elefante.jpg\",\"keywords\":[\"Autoridade de Antiguidades de Israel\",\"descoberta\",\"f\u00f3ssil de presa de elefante\",\"Israel\",\"presa de elefante\"],\"articleSection\":[\"Paleo &amp; Arqueologia\"],\"inLanguage\":\"pt-BR\",\"potentialAction\":[{\"@type\":\"CommentAction\",\"name\":\"Comment\",\"target\":[\"https:\/\/jornalfatosenoticias.com.br\/index.php\/2022\/09\/07\/enorme-presa-de-elefante-de-meio-milhao-de-anos-e-encontrada-em-israel\/#respond\"]}]},{\"@type\":\"WebPage\",\"@id\":\"https:\/\/jornalfatosenoticias.com.br\/index.php\/2022\/09\/07\/enorme-presa-de-elefante-de-meio-milhao-de-anos-e-encontrada-em-israel\/\",\"url\":\"https:\/\/jornalfatosenoticias.com.br\/index.php\/2022\/09\/07\/enorme-presa-de-elefante-de-meio-milhao-de-anos-e-encontrada-em-israel\/\",\"name\":\"Enorme presa de elefante de meio milh\u00e3o de anos \u00e9 encontrada em Israel - Jornal Fatos e Not\u00edcias\",\"isPartOf\":{\"@id\":\"https:\/\/jornalfatosenoticias.com.br\/#website\"},\"primaryImageOfPage\":{\"@id\":\"https:\/\/jornalfatosenoticias.com.br\/index.php\/2022\/09\/07\/enorme-presa-de-elefante-de-meio-milhao-de-anos-e-encontrada-em-israel\/#primaryimage\"},\"image\":{\"@id\":\"https:\/\/jornalfatosenoticias.com.br\/index.php\/2022\/09\/07\/enorme-presa-de-elefante-de-meio-milhao-de-anos-e-encontrada-em-israel\/#primaryimage\"},\"thumbnailUrl\":\"https:\/\/jornalfatosenoticias.com.br\/wp-content\/uploads\/2022\/09\/presa-de-elefante.jpg\",\"datePublished\":\"2022-09-07T16:34:20+00:00\",\"dateModified\":\"2022-09-07T16:34:21+00:00\",\"breadcrumb\":{\"@id\":\"https:\/\/jornalfatosenoticias.com.br\/index.php\/2022\/09\/07\/enorme-presa-de-elefante-de-meio-milhao-de-anos-e-encontrada-em-israel\/#breadcrumb\"},\"inLanguage\":\"pt-BR\",\"potentialAction\":[{\"@type\":\"ReadAction\",\"target\":[\"https:\/\/jornalfatosenoticias.com.br\/index.php\/2022\/09\/07\/enorme-presa-de-elefante-de-meio-milhao-de-anos-e-encontrada-em-israel\/\"]}]},{\"@type\":\"ImageObject\",\"inLanguage\":\"pt-BR\",\"@id\":\"https:\/\/jornalfatosenoticias.com.br\/index.php\/2022\/09\/07\/enorme-presa-de-elefante-de-meio-milhao-de-anos-e-encontrada-em-israel\/#primaryimage\",\"url\":\"https:\/\/jornalfatosenoticias.com.br\/wp-content\/uploads\/2022\/09\/presa-de-elefante.jpg\",\"contentUrl\":\"https:\/\/jornalfatosenoticias.com.br\/wp-content\/uploads\/2022\/09\/presa-de-elefante.jpg\",\"width\":1000,\"height\":642},{\"@type\":\"BreadcrumbList\",\"@id\":\"https:\/\/jornalfatosenoticias.com.br\/index.php\/2022\/09\/07\/enorme-presa-de-elefante-de-meio-milhao-de-anos-e-encontrada-em-israel\/#breadcrumb\",\"itemListElement\":[{\"@type\":\"ListItem\",\"position\":1,\"name\":\"In\u00edcio\",\"item\":\"https:\/\/jornalfatosenoticias.com.br\/\"},{\"@type\":\"ListItem\",\"position\":2,\"name\":\"Enorme presa de elefante de meio milh\u00e3o de anos \u00e9 encontrada em Israel\"}]},{\"@type\":\"WebSite\",\"@id\":\"https:\/\/jornalfatosenoticias.com.br\/#website\",\"url\":\"https:\/\/jornalfatosenoticias.com.br\/\",\"name\":\"Jornal Fatos e Not\u00edcias\",\"description\":\"Not\u00edcias em geral\",\"publisher\":{\"@id\":\"https:\/\/jornalfatosenoticias.com.br\/#organization\"},\"potentialAction\":[{\"@type\":\"SearchAction\",\"target\":{\"@type\":\"EntryPoint\",\"urlTemplate\":\"https:\/\/jornalfatosenoticias.com.br\/?s={search_term_string}\"},\"query-input\":{\"@type\":\"PropertyValueSpecification\",\"valueRequired\":true,\"valueName\":\"search_term_string\"}}],\"inLanguage\":\"pt-BR\"},{\"@type\":\"Organization\",\"@id\":\"https:\/\/jornalfatosenoticias.com.br\/#organization\",\"name\":\"Jornal Fatos e Not\u00edcias\",\"url\":\"https:\/\/jornalfatosenoticias.com.br\/\",\"logo\":{\"@type\":\"ImageObject\",\"inLanguage\":\"pt-BR\",\"@id\":\"https:\/\/jornalfatosenoticias.com.br\/#\/schema\/logo\/image\/\",\"url\":\"https:\/\/jornalfatosenoticias.com.br\/wp-content\/uploads\/2020\/02\/logo120.png\",\"contentUrl\":\"https:\/\/jornalfatosenoticias.com.br\/wp-content\/uploads\/2020\/02\/logo120.png\",\"width\":1227,\"height\":120,\"caption\":\"Jornal Fatos e Not\u00edcias\"},\"image\":{\"@id\":\"https:\/\/jornalfatosenoticias.com.br\/#\/schema\/logo\/image\/\"}},{\"@type\":\"Person\",\"@id\":\"https:\/\/jornalfatosenoticias.com.br\/#\/schema\/person\/d63837fa13ac8666eb9e74e0985d6f81\",\"name\":\"Luzimara Fernandes\",\"image\":{\"@type\":\"ImageObject\",\"inLanguage\":\"pt-BR\",\"@id\":\"https:\/\/jornalfatosenoticias.com.br\/#\/schema\/person\/image\/\",\"url\":\"https:\/\/jornalfatosenoticias.com.br\/wp-content\/uploads\/2025\/05\/EU_portal.jpg\",\"contentUrl\":\"https:\/\/jornalfatosenoticias.com.br\/wp-content\/uploads\/2025\/05\/EU_portal.jpg\",\"caption\":\"Luzimara Fernandes\"},\"description\":\"Jornalista MTB 2358-ES\",\"sameAs\":[\"https:\/\/jornalfatosenoticias.com.br\"],\"url\":\"https:\/\/jornalfatosenoticias.com.br\/index.php\/author\/luzimara\/\"}]}<\/script>\n<!-- \/ Yoast SEO plugin. -->","yoast_head_json":{"title":"Enorme presa de elefante de meio milh\u00e3o de anos \u00e9 encontrada em Israel - Jornal Fatos e Not\u00edcias","robots":{"index":"index","follow":"follow","max-snippet":"max-snippet:-1","max-image-preview":"max-image-preview:large","max-video-preview":"max-video-preview:-1"},"canonical":"https:\/\/jornalfatosenoticias.com.br\/index.php\/2022\/09\/07\/enorme-presa-de-elefante-de-meio-milhao-de-anos-e-encontrada-em-israel\/","og_locale":"pt_BR","og_type":"article","og_title":"Enorme presa de elefante de meio milh\u00e3o de anos \u00e9 encontrada em Israel - Jornal Fatos e Not\u00edcias","og_description":"Uma presa de 2,5 metros de comprimento, que pertenceu a um elefante extinto, foi encontrada no sul de Israel durante escava\u00e7\u00f5es conjuntas entre pesquisadores da Universidade de Tel Aviv e da Universidade Ben-Gurion.A descoberta do f\u00f3ssil de aproximadamente meio milh\u00e3o de anos foi divulgada na \u00faltima quarta-feira (31) pela ag\u00eancia Associated Press (AP). O achado [&hellip;]","og_url":"https:\/\/jornalfatosenoticias.com.br\/index.php\/2022\/09\/07\/enorme-presa-de-elefante-de-meio-milhao-de-anos-e-encontrada-em-israel\/","og_site_name":"Jornal Fatos e Not\u00edcias","article_published_time":"2022-09-07T16:34:20+00:00","article_modified_time":"2022-09-07T16:34:21+00:00","og_image":[{"width":1000,"height":642,"url":"https:\/\/jornalfatosenoticias.com.br\/wp-content\/uploads\/2022\/09\/presa-de-elefante.jpg","type":"image\/jpeg"}],"author":"Luzimara Fernandes","twitter_card":"summary_large_image","twitter_misc":{"Escrito por":"Luzimara Fernandes","Est. tempo de leitura":"2 minutos"},"schema":{"@context":"https:\/\/schema.org","@graph":[{"@type":"Article","@id":"https:\/\/jornalfatosenoticias.com.br\/index.php\/2022\/09\/07\/enorme-presa-de-elefante-de-meio-milhao-de-anos-e-encontrada-em-israel\/#article","isPartOf":{"@id":"https:\/\/jornalfatosenoticias.com.br\/index.php\/2022\/09\/07\/enorme-presa-de-elefante-de-meio-milhao-de-anos-e-encontrada-em-israel\/"},"author":{"name":"Luzimara Fernandes","@id":"https:\/\/jornalfatosenoticias.com.br\/#\/schema\/person\/d63837fa13ac8666eb9e74e0985d6f81"},"headline":"Enorme presa de elefante de meio milh\u00e3o de anos \u00e9 encontrada em Israel","datePublished":"2022-09-07T16:34:20+00:00","dateModified":"2022-09-07T16:34:21+00:00","mainEntityOfPage":{"@id":"https:\/\/jornalfatosenoticias.com.br\/index.php\/2022\/09\/07\/enorme-presa-de-elefante-de-meio-milhao-de-anos-e-encontrada-em-israel\/"},"wordCount":446,"commentCount":0,"publisher":{"@id":"https:\/\/jornalfatosenoticias.com.br\/#organization"},"image":{"@id":"https:\/\/jornalfatosenoticias.com.br\/index.php\/2022\/09\/07\/enorme-presa-de-elefante-de-meio-milhao-de-anos-e-encontrada-em-israel\/#primaryimage"},"thumbnailUrl":"https:\/\/jornalfatosenoticias.com.br\/wp-content\/uploads\/2022\/09\/presa-de-elefante.jpg","keywords":["Autoridade de Antiguidades de Israel","descoberta","f\u00f3ssil de presa de elefante","Israel","presa de elefante"],"articleSection":["Paleo &amp; Arqueologia"],"inLanguage":"pt-BR","potentialAction":[{"@type":"CommentAction","name":"Comment","target":["https:\/\/jornalfatosenoticias.com.br\/index.php\/2022\/09\/07\/enorme-presa-de-elefante-de-meio-milhao-de-anos-e-encontrada-em-israel\/#respond"]}]},{"@type":"WebPage","@id":"https:\/\/jornalfatosenoticias.com.br\/index.php\/2022\/09\/07\/enorme-presa-de-elefante-de-meio-milhao-de-anos-e-encontrada-em-israel\/","url":"https:\/\/jornalfatosenoticias.com.br\/index.php\/2022\/09\/07\/enorme-presa-de-elefante-de-meio-milhao-de-anos-e-encontrada-em-israel\/","name":"Enorme presa de elefante de meio milh\u00e3o de anos \u00e9 encontrada em Israel - Jornal Fatos e Not\u00edcias","isPartOf":{"@id":"https:\/\/jornalfatosenoticias.com.br\/#website"},"primaryImageOfPage":{"@id":"https:\/\/jornalfatosenoticias.com.br\/index.php\/2022\/09\/07\/enorme-presa-de-elefante-de-meio-milhao-de-anos-e-encontrada-em-israel\/#primaryimage"},"image":{"@id":"https:\/\/jornalfatosenoticias.com.br\/index.php\/2022\/09\/07\/enorme-presa-de-elefante-de-meio-milhao-de-anos-e-encontrada-em-israel\/#primaryimage"},"thumbnailUrl":"https:\/\/jornalfatosenoticias.com.br\/wp-content\/uploads\/2022\/09\/presa-de-elefante.jpg","datePublished":"2022-09-07T16:34:20+00:00","dateModified":"2022-09-07T16:34:21+00:00","breadcrumb":{"@id":"https:\/\/jornalfatosenoticias.com.br\/index.php\/2022\/09\/07\/enorme-presa-de-elefante-de-meio-milhao-de-anos-e-encontrada-em-israel\/#breadcrumb"},"inLanguage":"pt-BR","potentialAction":[{"@type":"ReadAction","target":["https:\/\/jornalfatosenoticias.com.br\/index.php\/2022\/09\/07\/enorme-presa-de-elefante-de-meio-milhao-de-anos-e-encontrada-em-israel\/"]}]},{"@type":"ImageObject","inLanguage":"pt-BR","@id":"https:\/\/jornalfatosenoticias.com.br\/index.php\/2022\/09\/07\/enorme-presa-de-elefante-de-meio-milhao-de-anos-e-encontrada-em-israel\/#primaryimage","url":"https:\/\/jornalfatosenoticias.com.br\/wp-content\/uploads\/2022\/09\/presa-de-elefante.jpg","contentUrl":"https:\/\/jornalfatosenoticias.com.br\/wp-content\/uploads\/2022\/09\/presa-de-elefante.jpg","width":1000,"height":642},{"@type":"BreadcrumbList","@id":"https:\/\/jornalfatosenoticias.com.br\/index.php\/2022\/09\/07\/enorme-presa-de-elefante-de-meio-milhao-de-anos-e-encontrada-em-israel\/#breadcrumb","itemListElement":[{"@type":"ListItem","position":1,"name":"In\u00edcio","item":"https:\/\/jornalfatosenoticias.com.br\/"},{"@type":"ListItem","position":2,"name":"Enorme presa de elefante de meio milh\u00e3o de anos \u00e9 encontrada em Israel"}]},{"@type":"WebSite","@id":"https:\/\/jornalfatosenoticias.com.br\/#website","url":"https:\/\/jornalfatosenoticias.com.br\/","name":"Jornal Fatos e Not\u00edcias","description":"Not\u00edcias em geral","publisher":{"@id":"https:\/\/jornalfatosenoticias.com.br\/#organization"},"potentialAction":[{"@type":"SearchAction","target":{"@type":"EntryPoint","urlTemplate":"https:\/\/jornalfatosenoticias.com.br\/?s={search_term_string}"},"query-input":{"@type":"PropertyValueSpecification","valueRequired":true,"valueName":"search_term_string"}}],"inLanguage":"pt-BR"},{"@type":"Organization","@id":"https:\/\/jornalfatosenoticias.com.br\/#organization","name":"Jornal Fatos e Not\u00edcias","url":"https:\/\/jornalfatosenoticias.com.br\/","logo":{"@type":"ImageObject","inLanguage":"pt-BR","@id":"https:\/\/jornalfatosenoticias.com.br\/#\/schema\/logo\/image\/","url":"https:\/\/jornalfatosenoticias.com.br\/wp-content\/uploads\/2020\/02\/logo120.png","contentUrl":"https:\/\/jornalfatosenoticias.com.br\/wp-content\/uploads\/2020\/02\/logo120.png","width":1227,"height":120,"caption":"Jornal Fatos e Not\u00edcias"},"image":{"@id":"https:\/\/jornalfatosenoticias.com.br\/#\/schema\/logo\/image\/"}},{"@type":"Person","@id":"https:\/\/jornalfatosenoticias.com.br\/#\/schema\/person\/d63837fa13ac8666eb9e74e0985d6f81","name":"Luzimara Fernandes","image":{"@type":"ImageObject","inLanguage":"pt-BR","@id":"https:\/\/jornalfatosenoticias.com.br\/#\/schema\/person\/image\/","url":"https:\/\/jornalfatosenoticias.com.br\/wp-content\/uploads\/2025\/05\/EU_portal.jpg","contentUrl":"https:\/\/jornalfatosenoticias.com.br\/wp-content\/uploads\/2025\/05\/EU_portal.jpg","caption":"Luzimara Fernandes"},"description":"Jornalista MTB 2358-ES","sameAs":["https:\/\/jornalfatosenoticias.com.br"],"url":"https:\/\/jornalfatosenoticias.com.br\/index.php\/author\/luzimara\/"}]}},"cc_featured_image_caption":{"caption_text":"(Foto: Autoridade de Antiguidades de Israel)","source_text":"","source_url":""},"jetpack_featured_media_url":"https:\/\/jornalfatosenoticias.com.br\/wp-content\/uploads\/2022\/09\/presa-de-elefante.jpg","_links":{"self":[{"href":"https:\/\/jornalfatosenoticias.com.br\/index.php\/wp-json\/wp\/v2\/posts\/33978","targetHints":{"allow":["GET"]}}],"collection":[{"href":"https:\/\/jornalfatosenoticias.com.br\/index.php\/wp-json\/wp\/v2\/posts"}],"about":[{"href":"https:\/\/jornalfatosenoticias.com.br\/index.php\/wp-json\/wp\/v2\/types\/post"}],"author":[{"embeddable":true,"href":"https:\/\/jornalfatosenoticias.com.br\/index.php\/wp-json\/wp\/v2\/users\/2"}],"replies":[{"embeddable":true,"href":"https:\/\/jornalfatosenoticias.com.br\/index.php\/wp-json\/wp\/v2\/comments?post=33978"}],"version-history":[{"count":0,"href":"https:\/\/jornalfatosenoticias.com.br\/index.php\/wp-json\/wp\/v2\/posts\/33978\/revisions"}],"wp:featuredmedia":[{"embeddable":true,"href":"https:\/\/jornalfatosenoticias.com.br\/index.php\/wp-json\/wp\/v2\/media\/33980"}],"wp:attachment":[{"href":"https:\/\/jornalfatosenoticias.com.br\/index.php\/wp-json\/wp\/v2\/media?parent=33978"}],"wp:term":[{"taxonomy":"category","embeddable":true,"href":"https:\/\/jornalfatosenoticias.com.br\/index.php\/wp-json\/wp\/v2\/categories?post=33978"},{"taxonomy":"post_tag","embeddable":true,"href":"https:\/\/jornalfatosenoticias.com.br\/index.php\/wp-json\/wp\/v2\/tags?post=33978"}],"curies":[{"name":"wp","href":"https:\/\/api.w.org\/{rel}","templated":true}]}}