{"id":33991,"date":"2022-09-07T14:11:46","date_gmt":"2022-09-07T17:11:46","guid":{"rendered":"https:\/\/jornalfatosenoticias.com.br\/?p=33991"},"modified":"2022-09-07T14:11:48","modified_gmt":"2022-09-07T17:11:48","slug":"frio-e-fome-entenda-por-que-o-apetite-aumenta-em-temperaturas-mais-baixas","status":"publish","type":"post","link":"https:\/\/jornalfatosenoticias.com.br\/index.php\/2022\/09\/07\/frio-e-fome-entenda-por-que-o-apetite-aumenta-em-temperaturas-mais-baixas\/","title":{"rendered":"Frio e fome: entenda por que o apetite aumenta em temperaturas mais baixas"},"content":{"rendered":"\n<div class=\"wp-block-image\"><figure class=\"aligncenter size-large\"><img loading=\"lazy\" decoding=\"async\" width=\"1024\" height=\"100\" src=\"https:\/\/jornalfatosenoticias.com.br\/wp-content\/uploads\/2022\/05\/NOVA-LOGO-CESCONETTO-1024x100.jpg\" alt=\"\" class=\"wp-image-30792\" srcset=\"https:\/\/jornalfatosenoticias.com.br\/wp-content\/uploads\/2022\/05\/NOVA-LOGO-CESCONETTO-1024x100.jpg 1024w, https:\/\/jornalfatosenoticias.com.br\/wp-content\/uploads\/2022\/05\/NOVA-LOGO-CESCONETTO-300x29.jpg 300w, https:\/\/jornalfatosenoticias.com.br\/wp-content\/uploads\/2022\/05\/NOVA-LOGO-CESCONETTO-768x75.jpg 768w, https:\/\/jornalfatosenoticias.com.br\/wp-content\/uploads\/2022\/05\/NOVA-LOGO-CESCONETTO.jpg 1280w\" sizes=\"auto, (max-width: 1024px) 100vw, 1024px\" \/><\/figure><\/div>\n\n\n\n<p>\u00c9, esfriou bastante, e a grande maioria das pessoas n\u00e3o aguenta mais as temperaturas baix\u00edssimas desta primeira semana de <a href=\"https:\/\/olhardigital.com.br\/tag\/setembro\/\" target=\"_blank\" rel=\"noreferrer noopener\">setembro<\/a>, algo incomum para a \u00e9poca \u2014 embora ainda seja inverno. Fora o frio, outro ponto que nos pega de jeito no inverno \u00e9 o aumento de apetite; sim, n\u00e3o \u00e9 impress\u00e3o, dias mais gelados s\u00e3o os per\u00edodos em que mais podemos sentir fome.<br>Na verdade, isso n\u00e3o \u00e9 segredo para ningu\u00e9m, e muitos j\u00e1 conhecem o motivo; comer \u00e9 a maneira que o corpo tem para se aquecer. Portanto, se voc\u00ea estiver exposto a um clima mais frio (mesmo que apenas por alguns minutos), sua temperatura central ir\u00e1 cair, desencadeando o mecanismo do apetite.<\/p>\n\n\n\n<div class=\"wp-block-image\"><figure class=\"alignleft size-large is-resized\"><img loading=\"lazy\" decoding=\"async\" src=\"https:\/\/jornalfatosenoticias.com.br\/wp-content\/uploads\/2022\/02\/Precisao-Contabilidade-1024x724.jpg\" alt=\"\" class=\"wp-image-28088\" width=\"312\" height=\"220\"\/><\/figure><\/div>\n\n\n\n<p>Por\u00e9m, isso n\u00e3o significa necessariamente que voc\u00ea precisa de mais comida. E mais, h\u00e1 ainda diferen\u00e7as entre a fome e s\u00f3 a vontade de comer. Segundo o professor Dr. Guilherme Renke, endocrinologista e m\u00e9dico do esporte, sentir frio desencadeia um modo de autopreserva\u00e7\u00e3o que envia ao corpo uma mensagem para se aquecer rapidamente. Essa mensagem \u00e9 muitas vezes representada como um desejo por alimentos ricos em a\u00e7\u00facares e amidos que fornecem o impulso instant\u00e2neo de \u201ccalor\u201d que seu corpo precisa no momento.<br>Assim, \u00e9 comum aquela vontade de comer algo espec\u00edfico, como uma sopa ou macarr\u00e3o, alimentos ricos em calorias e carboidratos e que nos deixam quentinhos e \u2018aconchegantes\u2019.<\/p>\n\n\n\n<div class=\"wp-block-image\"><figure class=\"aligncenter size-large\"><img loading=\"lazy\" decoding=\"async\" width=\"1024\" height=\"103\" src=\"https:\/\/jornalfatosenoticias.com.br\/wp-content\/uploads\/2022\/02\/Arte-Autoescola-Galatas_endereco_portal-1024x103.png\" alt=\"\" class=\"wp-image-27869\" srcset=\"https:\/\/jornalfatosenoticias.com.br\/wp-content\/uploads\/2022\/02\/Arte-Autoescola-Galatas_endereco_portal-1024x103.png 1024w, https:\/\/jornalfatosenoticias.com.br\/wp-content\/uploads\/2022\/02\/Arte-Autoescola-Galatas_endereco_portal-300x30.png 300w, https:\/\/jornalfatosenoticias.com.br\/wp-content\/uploads\/2022\/02\/Arte-Autoescola-Galatas_endereco_portal-768x77.png 768w, https:\/\/jornalfatosenoticias.com.br\/wp-content\/uploads\/2022\/02\/Arte-Autoescola-Galatas_endereco_portal.png 1223w\" sizes=\"auto, (max-width: 1024px) 100vw, 1024px\" \/><\/figure><\/div>\n\n\n\n<h4 class=\"wp-block-heading\"><strong><span class=\"has-inline-color has-vivid-purple-color\">Op\u00e7\u00f5es saud\u00e1veis de alimenta\u00e7\u00e3o no inverno<\/span><\/strong><\/h4>\n\n\n\n<figure class=\"wp-block-image size-large\"><img loading=\"lazy\" decoding=\"async\" width=\"1000\" height=\"667\" src=\"https:\/\/jornalfatosenoticias.com.br\/wp-content\/uploads\/2022\/09\/apetite-e-inverno2.jpg\" alt=\"\" class=\"wp-image-33992\" srcset=\"https:\/\/jornalfatosenoticias.com.br\/wp-content\/uploads\/2022\/09\/apetite-e-inverno2.jpg 1000w, https:\/\/jornalfatosenoticias.com.br\/wp-content\/uploads\/2022\/09\/apetite-e-inverno2-300x200.jpg 300w, https:\/\/jornalfatosenoticias.com.br\/wp-content\/uploads\/2022\/09\/apetite-e-inverno2-768x512.jpg 768w\" sizes=\"auto, (max-width: 1000px) 100vw, 1000px\" \/><figcaption><em><span class=\"has-inline-color has-black-color\">Sopa (Foto: shutterstock\/Oksana Mizina)<\/span><\/em><\/figcaption><\/figure>\n\n\n\n<p>No mesmo n\u00edvel em que o inverno pode ser o cen\u00e1rio ideal para ganhar peso [caso n\u00e3o tenha um controle ou gasto necess\u00e1rio de calorias], ele tamb\u00e9m pode ser o melhor para perder. <\/p>\n\n\n\n<div class=\"wp-block-image\"><figure class=\"aligncenter size-large is-resized\"><img loading=\"lazy\" decoding=\"async\" src=\"https:\/\/jornalfatosenoticias.com.br\/wp-content\/uploads\/2020\/02\/nova-logo-Marquetti.jpg\" alt=\"\" class=\"wp-image-22331\" width=\"390\" height=\"262\" srcset=\"https:\/\/jornalfatosenoticias.com.br\/wp-content\/uploads\/2020\/02\/nova-logo-Marquetti.jpg 643w, https:\/\/jornalfatosenoticias.com.br\/wp-content\/uploads\/2020\/02\/nova-logo-Marquetti-300x202.jpg 300w\" sizes=\"auto, (max-width: 390px) 100vw, 390px\" \/><\/figure><\/div>\n\n\n\n<blockquote class=\"wp-block-quote is-layout-flow wp-block-quote-is-layout-flow\"><p><span class=\"has-inline-color has-luminous-vivid-orange-color\">\u201cO inverno \u00e9 a melhor \u00e9poca para emagrecer, pois o corpo gasta bastante calorias para equilibrar a temperatura corporal, e isso consome gordura\u201d. A verdade \u00e9 que se soubermos controlar a alimenta\u00e7\u00e3o, o frio ser\u00e1 um aliado no emagrecimento.<\/span><\/p><\/blockquote>\n\n\n\n<div class=\"wp-block-image\"><figure class=\"alignright size-large is-resized\"><img loading=\"lazy\" decoding=\"async\" src=\"https:\/\/jornalfatosenoticias.com.br\/wp-content\/uploads\/2020\/02\/SEVENTUR-TURISMO.jpg\" alt=\"\" class=\"wp-image-32994\" width=\"282\" height=\"223\"\/><\/figure><\/div>\n\n\n\n<p>Para Fabiana Albuquerque, nutricionista da equipe Nutrindo Ideais e especialista em nutri\u00e7\u00e3o esportiva e funcional, se alimentar de caldos e sopas com bastante legumes, sempre adicionando uma fonte de prote\u00edna, pode ser a op\u00e7\u00e3o mais saud\u00e1vel. Uma outra dica \u00e9 salpicar na sopa sementes e gr\u00e3os (como chia ou semente de ab\u00f3bora), pois s\u00e3o \u00f3timas fontes de gordura, dando mais saciedade.<br>Outra op\u00e7\u00e3o \u00e9 o consumo de frutas aquecidas no forno (ex.: ma\u00e7\u00e3, banana ou pera com canela) ou em shakes (com leite vegetal). Eles funcionam como \u201ccomfort food\u201d, alimento que fornece um valor nost\u00e1lgico ou sentimental. Vale lembrar que a canela \u00e9 termog\u00eanica, o que colabora ainda mais para a queima de gordura. Opte tamb\u00e9m por mais folhas refogadas em vez de saladas cruas; mas n\u00e3o use molhos gordurosos.<\/p>\n\n\n\n<div class=\"wp-block-image\"><figure class=\"aligncenter size-large is-resized\"><img loading=\"lazy\" decoding=\"async\" src=\"https:\/\/jornalfatosenoticias.com.br\/wp-content\/uploads\/2022\/02\/Serra-Pack-459.png\" alt=\"\" class=\"wp-image-27471\" width=\"365\" height=\"146\"\/><\/figure><\/div>\n\n\n\n<p>Os ch\u00e1s tamb\u00e9m s\u00e3o uma \u00f3tima pedida, j\u00e1 que nos ajuda no consumo de l\u00edquidos. No caso dos doces, a dica \u00e9 apostar em cappuccinos proteicos: 150ml de leite vegetal + canela + 1 dose de caf\u00e9 + \u00bd dose de whey protein de chocolate.<\/p>\n\n\n\n<p><strong><em>Fonte: <a href=\"https:\/\/olhardigital.com.br\/2022\/09\/05\/medicina-e-saude\/frio-e-fome-entenda-por-que-o-apetite-aumenta-em-temperaturas-mais-baixas\/\">Olhar Digital<\/a><\/em><\/strong><\/p>\n","protected":false},"excerpt":{"rendered":"<p>\u00c9, esfriou bastante, e a grande maioria das pessoas n\u00e3o aguenta mais as temperaturas baix\u00edssimas desta primeira semana de setembro, algo incomum para a \u00e9poca \u2014 embora ainda seja inverno. Fora o frio, outro ponto que nos pega de jeito no inverno \u00e9 o aumento de apetite; sim, n\u00e3o \u00e9 impress\u00e3o, dias mais gelados s\u00e3o [&hellip;]<\/p>\n","protected":false},"author":2,"featured_media":33993,"comment_status":"open","ping_status":"open","sticky":false,"template":"","format":"standard","meta":{"footnotes":""},"categories":[42],"tags":[11283,1203,2877,3453],"class_list":["post-33991","post","type-post","status-publish","format-standard","has-post-thumbnail","hentry","category-bem-estar","tag-apetite","tag-fome","tag-frio","tag-inverno"],"yoast_head":"<!-- This site is optimized with the Yoast SEO plugin v26.5 - https:\/\/yoast.com\/wordpress\/plugins\/seo\/ -->\n<title>Frio e fome: entenda por que o apetite aumenta em temperaturas mais baixas - Jornal Fatos e Not\u00edcias<\/title>\n<meta name=\"robots\" content=\"index, follow, max-snippet:-1, max-image-preview:large, max-video-preview:-1\" \/>\n<link rel=\"canonical\" href=\"https:\/\/jornalfatosenoticias.com.br\/index.php\/2022\/09\/07\/frio-e-fome-entenda-por-que-o-apetite-aumenta-em-temperaturas-mais-baixas\/\" \/>\n<meta property=\"og:locale\" content=\"pt_BR\" \/>\n<meta property=\"og:type\" content=\"article\" \/>\n<meta property=\"og:title\" content=\"Frio e fome: entenda por que o apetite aumenta em temperaturas mais baixas - Jornal Fatos e Not\u00edcias\" \/>\n<meta property=\"og:description\" content=\"\u00c9, esfriou bastante, e a grande maioria das pessoas n\u00e3o aguenta mais as temperaturas baix\u00edssimas desta primeira semana de setembro, algo incomum para a \u00e9poca \u2014 embora ainda seja inverno. Fora o frio, outro ponto que nos pega de jeito no inverno \u00e9 o aumento de apetite; sim, n\u00e3o \u00e9 impress\u00e3o, dias mais gelados s\u00e3o [&hellip;]\" \/>\n<meta property=\"og:url\" content=\"https:\/\/jornalfatosenoticias.com.br\/index.php\/2022\/09\/07\/frio-e-fome-entenda-por-que-o-apetite-aumenta-em-temperaturas-mais-baixas\/\" \/>\n<meta property=\"og:site_name\" content=\"Jornal Fatos e Not\u00edcias\" \/>\n<meta property=\"article:published_time\" content=\"2022-09-07T17:11:46+00:00\" \/>\n<meta property=\"article:modified_time\" content=\"2022-09-07T17:11:48+00:00\" \/>\n<meta property=\"og:image\" content=\"https:\/\/jornalfatosenoticias.com.br\/wp-content\/uploads\/2022\/09\/apetite-e-inverno.jpg\" \/>\n\t<meta property=\"og:image:width\" content=\"1000\" \/>\n\t<meta property=\"og:image:height\" content=\"558\" \/>\n\t<meta property=\"og:image:type\" content=\"image\/jpeg\" \/>\n<meta name=\"author\" content=\"Luzimara Fernandes\" \/>\n<meta name=\"twitter:card\" content=\"summary_large_image\" \/>\n<meta name=\"twitter:label1\" content=\"Escrito por\" \/>\n\t<meta name=\"twitter:data1\" content=\"Luzimara Fernandes\" \/>\n\t<meta name=\"twitter:label2\" content=\"Est. tempo de leitura\" \/>\n\t<meta name=\"twitter:data2\" content=\"3 minutos\" \/>\n<script type=\"application\/ld+json\" class=\"yoast-schema-graph\">{\"@context\":\"https:\/\/schema.org\",\"@graph\":[{\"@type\":\"Article\",\"@id\":\"https:\/\/jornalfatosenoticias.com.br\/index.php\/2022\/09\/07\/frio-e-fome-entenda-por-que-o-apetite-aumenta-em-temperaturas-mais-baixas\/#article\",\"isPartOf\":{\"@id\":\"https:\/\/jornalfatosenoticias.com.br\/index.php\/2022\/09\/07\/frio-e-fome-entenda-por-que-o-apetite-aumenta-em-temperaturas-mais-baixas\/\"},\"author\":{\"name\":\"Luzimara Fernandes\",\"@id\":\"https:\/\/jornalfatosenoticias.com.br\/#\/schema\/person\/d63837fa13ac8666eb9e74e0985d6f81\"},\"headline\":\"Frio e fome: entenda por que o apetite aumenta em temperaturas mais baixas\",\"datePublished\":\"2022-09-07T17:11:46+00:00\",\"dateModified\":\"2022-09-07T17:11:48+00:00\",\"mainEntityOfPage\":{\"@id\":\"https:\/\/jornalfatosenoticias.com.br\/index.php\/2022\/09\/07\/frio-e-fome-entenda-por-que-o-apetite-aumenta-em-temperaturas-mais-baixas\/\"},\"wordCount\":520,\"commentCount\":0,\"publisher\":{\"@id\":\"https:\/\/jornalfatosenoticias.com.br\/#organization\"},\"image\":{\"@id\":\"https:\/\/jornalfatosenoticias.com.br\/index.php\/2022\/09\/07\/frio-e-fome-entenda-por-que-o-apetite-aumenta-em-temperaturas-mais-baixas\/#primaryimage\"},\"thumbnailUrl\":\"https:\/\/jornalfatosenoticias.com.br\/wp-content\/uploads\/2022\/09\/apetite-e-inverno.jpg\",\"keywords\":[\"apetite\",\"fome\",\"frio\",\"inverno\"],\"articleSection\":[\"Bem-estar\"],\"inLanguage\":\"pt-BR\",\"potentialAction\":[{\"@type\":\"CommentAction\",\"name\":\"Comment\",\"target\":[\"https:\/\/jornalfatosenoticias.com.br\/index.php\/2022\/09\/07\/frio-e-fome-entenda-por-que-o-apetite-aumenta-em-temperaturas-mais-baixas\/#respond\"]}]},{\"@type\":\"WebPage\",\"@id\":\"https:\/\/jornalfatosenoticias.com.br\/index.php\/2022\/09\/07\/frio-e-fome-entenda-por-que-o-apetite-aumenta-em-temperaturas-mais-baixas\/\",\"url\":\"https:\/\/jornalfatosenoticias.com.br\/index.php\/2022\/09\/07\/frio-e-fome-entenda-por-que-o-apetite-aumenta-em-temperaturas-mais-baixas\/\",\"name\":\"Frio e fome: entenda por que o apetite aumenta em temperaturas mais baixas - Jornal Fatos e Not\u00edcias\",\"isPartOf\":{\"@id\":\"https:\/\/jornalfatosenoticias.com.br\/#website\"},\"primaryImageOfPage\":{\"@id\":\"https:\/\/jornalfatosenoticias.com.br\/index.php\/2022\/09\/07\/frio-e-fome-entenda-por-que-o-apetite-aumenta-em-temperaturas-mais-baixas\/#primaryimage\"},\"image\":{\"@id\":\"https:\/\/jornalfatosenoticias.com.br\/index.php\/2022\/09\/07\/frio-e-fome-entenda-por-que-o-apetite-aumenta-em-temperaturas-mais-baixas\/#primaryimage\"},\"thumbnailUrl\":\"https:\/\/jornalfatosenoticias.com.br\/wp-content\/uploads\/2022\/09\/apetite-e-inverno.jpg\",\"datePublished\":\"2022-09-07T17:11:46+00:00\",\"dateModified\":\"2022-09-07T17:11:48+00:00\",\"breadcrumb\":{\"@id\":\"https:\/\/jornalfatosenoticias.com.br\/index.php\/2022\/09\/07\/frio-e-fome-entenda-por-que-o-apetite-aumenta-em-temperaturas-mais-baixas\/#breadcrumb\"},\"inLanguage\":\"pt-BR\",\"potentialAction\":[{\"@type\":\"ReadAction\",\"target\":[\"https:\/\/jornalfatosenoticias.com.br\/index.php\/2022\/09\/07\/frio-e-fome-entenda-por-que-o-apetite-aumenta-em-temperaturas-mais-baixas\/\"]}]},{\"@type\":\"ImageObject\",\"inLanguage\":\"pt-BR\",\"@id\":\"https:\/\/jornalfatosenoticias.com.br\/index.php\/2022\/09\/07\/frio-e-fome-entenda-por-que-o-apetite-aumenta-em-temperaturas-mais-baixas\/#primaryimage\",\"url\":\"https:\/\/jornalfatosenoticias.com.br\/wp-content\/uploads\/2022\/09\/apetite-e-inverno.jpg\",\"contentUrl\":\"https:\/\/jornalfatosenoticias.com.br\/wp-content\/uploads\/2022\/09\/apetite-e-inverno.jpg\",\"width\":1000,\"height\":558},{\"@type\":\"BreadcrumbList\",\"@id\":\"https:\/\/jornalfatosenoticias.com.br\/index.php\/2022\/09\/07\/frio-e-fome-entenda-por-que-o-apetite-aumenta-em-temperaturas-mais-baixas\/#breadcrumb\",\"itemListElement\":[{\"@type\":\"ListItem\",\"position\":1,\"name\":\"In\u00edcio\",\"item\":\"https:\/\/jornalfatosenoticias.com.br\/\"},{\"@type\":\"ListItem\",\"position\":2,\"name\":\"Frio e fome: entenda por que o apetite aumenta em temperaturas mais baixas\"}]},{\"@type\":\"WebSite\",\"@id\":\"https:\/\/jornalfatosenoticias.com.br\/#website\",\"url\":\"https:\/\/jornalfatosenoticias.com.br\/\",\"name\":\"Jornal Fatos e Not\u00edcias\",\"description\":\"Not\u00edcias em geral\",\"publisher\":{\"@id\":\"https:\/\/jornalfatosenoticias.com.br\/#organization\"},\"potentialAction\":[{\"@type\":\"SearchAction\",\"target\":{\"@type\":\"EntryPoint\",\"urlTemplate\":\"https:\/\/jornalfatosenoticias.com.br\/?s={search_term_string}\"},\"query-input\":{\"@type\":\"PropertyValueSpecification\",\"valueRequired\":true,\"valueName\":\"search_term_string\"}}],\"inLanguage\":\"pt-BR\"},{\"@type\":\"Organization\",\"@id\":\"https:\/\/jornalfatosenoticias.com.br\/#organization\",\"name\":\"Jornal Fatos e Not\u00edcias\",\"url\":\"https:\/\/jornalfatosenoticias.com.br\/\",\"logo\":{\"@type\":\"ImageObject\",\"inLanguage\":\"pt-BR\",\"@id\":\"https:\/\/jornalfatosenoticias.com.br\/#\/schema\/logo\/image\/\",\"url\":\"https:\/\/jornalfatosenoticias.com.br\/wp-content\/uploads\/2020\/02\/logo120.png\",\"contentUrl\":\"https:\/\/jornalfatosenoticias.com.br\/wp-content\/uploads\/2020\/02\/logo120.png\",\"width\":1227,\"height\":120,\"caption\":\"Jornal Fatos e Not\u00edcias\"},\"image\":{\"@id\":\"https:\/\/jornalfatosenoticias.com.br\/#\/schema\/logo\/image\/\"}},{\"@type\":\"Person\",\"@id\":\"https:\/\/jornalfatosenoticias.com.br\/#\/schema\/person\/d63837fa13ac8666eb9e74e0985d6f81\",\"name\":\"Luzimara Fernandes\",\"image\":{\"@type\":\"ImageObject\",\"inLanguage\":\"pt-BR\",\"@id\":\"https:\/\/jornalfatosenoticias.com.br\/#\/schema\/person\/image\/\",\"url\":\"https:\/\/jornalfatosenoticias.com.br\/wp-content\/uploads\/2025\/05\/EU_portal.jpg\",\"contentUrl\":\"https:\/\/jornalfatosenoticias.com.br\/wp-content\/uploads\/2025\/05\/EU_portal.jpg\",\"caption\":\"Luzimara Fernandes\"},\"description\":\"Jornalista MTB 2358-ES\",\"sameAs\":[\"https:\/\/jornalfatosenoticias.com.br\"],\"url\":\"https:\/\/jornalfatosenoticias.com.br\/index.php\/author\/luzimara\/\"}]}<\/script>\n<!-- \/ Yoast SEO plugin. -->","yoast_head_json":{"title":"Frio e fome: entenda por que o apetite aumenta em temperaturas mais baixas - Jornal Fatos e Not\u00edcias","robots":{"index":"index","follow":"follow","max-snippet":"max-snippet:-1","max-image-preview":"max-image-preview:large","max-video-preview":"max-video-preview:-1"},"canonical":"https:\/\/jornalfatosenoticias.com.br\/index.php\/2022\/09\/07\/frio-e-fome-entenda-por-que-o-apetite-aumenta-em-temperaturas-mais-baixas\/","og_locale":"pt_BR","og_type":"article","og_title":"Frio e fome: entenda por que o apetite aumenta em temperaturas mais baixas - Jornal Fatos e Not\u00edcias","og_description":"\u00c9, esfriou bastante, e a grande maioria das pessoas n\u00e3o aguenta mais as temperaturas baix\u00edssimas desta primeira semana de setembro, algo incomum para a \u00e9poca \u2014 embora ainda seja inverno. Fora o frio, outro ponto que nos pega de jeito no inverno \u00e9 o aumento de apetite; sim, n\u00e3o \u00e9 impress\u00e3o, dias mais gelados s\u00e3o [&hellip;]","og_url":"https:\/\/jornalfatosenoticias.com.br\/index.php\/2022\/09\/07\/frio-e-fome-entenda-por-que-o-apetite-aumenta-em-temperaturas-mais-baixas\/","og_site_name":"Jornal Fatos e Not\u00edcias","article_published_time":"2022-09-07T17:11:46+00:00","article_modified_time":"2022-09-07T17:11:48+00:00","og_image":[{"width":1000,"height":558,"url":"https:\/\/jornalfatosenoticias.com.br\/wp-content\/uploads\/2022\/09\/apetite-e-inverno.jpg","type":"image\/jpeg"}],"author":"Luzimara Fernandes","twitter_card":"summary_large_image","twitter_misc":{"Escrito por":"Luzimara Fernandes","Est. tempo de leitura":"3 minutos"},"schema":{"@context":"https:\/\/schema.org","@graph":[{"@type":"Article","@id":"https:\/\/jornalfatosenoticias.com.br\/index.php\/2022\/09\/07\/frio-e-fome-entenda-por-que-o-apetite-aumenta-em-temperaturas-mais-baixas\/#article","isPartOf":{"@id":"https:\/\/jornalfatosenoticias.com.br\/index.php\/2022\/09\/07\/frio-e-fome-entenda-por-que-o-apetite-aumenta-em-temperaturas-mais-baixas\/"},"author":{"name":"Luzimara Fernandes","@id":"https:\/\/jornalfatosenoticias.com.br\/#\/schema\/person\/d63837fa13ac8666eb9e74e0985d6f81"},"headline":"Frio e fome: entenda por que o apetite aumenta em temperaturas mais baixas","datePublished":"2022-09-07T17:11:46+00:00","dateModified":"2022-09-07T17:11:48+00:00","mainEntityOfPage":{"@id":"https:\/\/jornalfatosenoticias.com.br\/index.php\/2022\/09\/07\/frio-e-fome-entenda-por-que-o-apetite-aumenta-em-temperaturas-mais-baixas\/"},"wordCount":520,"commentCount":0,"publisher":{"@id":"https:\/\/jornalfatosenoticias.com.br\/#organization"},"image":{"@id":"https:\/\/jornalfatosenoticias.com.br\/index.php\/2022\/09\/07\/frio-e-fome-entenda-por-que-o-apetite-aumenta-em-temperaturas-mais-baixas\/#primaryimage"},"thumbnailUrl":"https:\/\/jornalfatosenoticias.com.br\/wp-content\/uploads\/2022\/09\/apetite-e-inverno.jpg","keywords":["apetite","fome","frio","inverno"],"articleSection":["Bem-estar"],"inLanguage":"pt-BR","potentialAction":[{"@type":"CommentAction","name":"Comment","target":["https:\/\/jornalfatosenoticias.com.br\/index.php\/2022\/09\/07\/frio-e-fome-entenda-por-que-o-apetite-aumenta-em-temperaturas-mais-baixas\/#respond"]}]},{"@type":"WebPage","@id":"https:\/\/jornalfatosenoticias.com.br\/index.php\/2022\/09\/07\/frio-e-fome-entenda-por-que-o-apetite-aumenta-em-temperaturas-mais-baixas\/","url":"https:\/\/jornalfatosenoticias.com.br\/index.php\/2022\/09\/07\/frio-e-fome-entenda-por-que-o-apetite-aumenta-em-temperaturas-mais-baixas\/","name":"Frio e fome: entenda por que o apetite aumenta em temperaturas mais baixas - Jornal Fatos e Not\u00edcias","isPartOf":{"@id":"https:\/\/jornalfatosenoticias.com.br\/#website"},"primaryImageOfPage":{"@id":"https:\/\/jornalfatosenoticias.com.br\/index.php\/2022\/09\/07\/frio-e-fome-entenda-por-que-o-apetite-aumenta-em-temperaturas-mais-baixas\/#primaryimage"},"image":{"@id":"https:\/\/jornalfatosenoticias.com.br\/index.php\/2022\/09\/07\/frio-e-fome-entenda-por-que-o-apetite-aumenta-em-temperaturas-mais-baixas\/#primaryimage"},"thumbnailUrl":"https:\/\/jornalfatosenoticias.com.br\/wp-content\/uploads\/2022\/09\/apetite-e-inverno.jpg","datePublished":"2022-09-07T17:11:46+00:00","dateModified":"2022-09-07T17:11:48+00:00","breadcrumb":{"@id":"https:\/\/jornalfatosenoticias.com.br\/index.php\/2022\/09\/07\/frio-e-fome-entenda-por-que-o-apetite-aumenta-em-temperaturas-mais-baixas\/#breadcrumb"},"inLanguage":"pt-BR","potentialAction":[{"@type":"ReadAction","target":["https:\/\/jornalfatosenoticias.com.br\/index.php\/2022\/09\/07\/frio-e-fome-entenda-por-que-o-apetite-aumenta-em-temperaturas-mais-baixas\/"]}]},{"@type":"ImageObject","inLanguage":"pt-BR","@id":"https:\/\/jornalfatosenoticias.com.br\/index.php\/2022\/09\/07\/frio-e-fome-entenda-por-que-o-apetite-aumenta-em-temperaturas-mais-baixas\/#primaryimage","url":"https:\/\/jornalfatosenoticias.com.br\/wp-content\/uploads\/2022\/09\/apetite-e-inverno.jpg","contentUrl":"https:\/\/jornalfatosenoticias.com.br\/wp-content\/uploads\/2022\/09\/apetite-e-inverno.jpg","width":1000,"height":558},{"@type":"BreadcrumbList","@id":"https:\/\/jornalfatosenoticias.com.br\/index.php\/2022\/09\/07\/frio-e-fome-entenda-por-que-o-apetite-aumenta-em-temperaturas-mais-baixas\/#breadcrumb","itemListElement":[{"@type":"ListItem","position":1,"name":"In\u00edcio","item":"https:\/\/jornalfatosenoticias.com.br\/"},{"@type":"ListItem","position":2,"name":"Frio e fome: entenda por que o apetite aumenta em temperaturas mais baixas"}]},{"@type":"WebSite","@id":"https:\/\/jornalfatosenoticias.com.br\/#website","url":"https:\/\/jornalfatosenoticias.com.br\/","name":"Jornal Fatos e Not\u00edcias","description":"Not\u00edcias em geral","publisher":{"@id":"https:\/\/jornalfatosenoticias.com.br\/#organization"},"potentialAction":[{"@type":"SearchAction","target":{"@type":"EntryPoint","urlTemplate":"https:\/\/jornalfatosenoticias.com.br\/?s={search_term_string}"},"query-input":{"@type":"PropertyValueSpecification","valueRequired":true,"valueName":"search_term_string"}}],"inLanguage":"pt-BR"},{"@type":"Organization","@id":"https:\/\/jornalfatosenoticias.com.br\/#organization","name":"Jornal Fatos e Not\u00edcias","url":"https:\/\/jornalfatosenoticias.com.br\/","logo":{"@type":"ImageObject","inLanguage":"pt-BR","@id":"https:\/\/jornalfatosenoticias.com.br\/#\/schema\/logo\/image\/","url":"https:\/\/jornalfatosenoticias.com.br\/wp-content\/uploads\/2020\/02\/logo120.png","contentUrl":"https:\/\/jornalfatosenoticias.com.br\/wp-content\/uploads\/2020\/02\/logo120.png","width":1227,"height":120,"caption":"Jornal Fatos e Not\u00edcias"},"image":{"@id":"https:\/\/jornalfatosenoticias.com.br\/#\/schema\/logo\/image\/"}},{"@type":"Person","@id":"https:\/\/jornalfatosenoticias.com.br\/#\/schema\/person\/d63837fa13ac8666eb9e74e0985d6f81","name":"Luzimara Fernandes","image":{"@type":"ImageObject","inLanguage":"pt-BR","@id":"https:\/\/jornalfatosenoticias.com.br\/#\/schema\/person\/image\/","url":"https:\/\/jornalfatosenoticias.com.br\/wp-content\/uploads\/2025\/05\/EU_portal.jpg","contentUrl":"https:\/\/jornalfatosenoticias.com.br\/wp-content\/uploads\/2025\/05\/EU_portal.jpg","caption":"Luzimara Fernandes"},"description":"Jornalista MTB 2358-ES","sameAs":["https:\/\/jornalfatosenoticias.com.br"],"url":"https:\/\/jornalfatosenoticias.com.br\/index.php\/author\/luzimara\/"}]}},"cc_featured_image_caption":{"caption_text":"(Foto: Shutterstock\/Inside Creative House)","source_text":"","source_url":""},"jetpack_featured_media_url":"https:\/\/jornalfatosenoticias.com.br\/wp-content\/uploads\/2022\/09\/apetite-e-inverno.jpg","_links":{"self":[{"href":"https:\/\/jornalfatosenoticias.com.br\/index.php\/wp-json\/wp\/v2\/posts\/33991","targetHints":{"allow":["GET"]}}],"collection":[{"href":"https:\/\/jornalfatosenoticias.com.br\/index.php\/wp-json\/wp\/v2\/posts"}],"about":[{"href":"https:\/\/jornalfatosenoticias.com.br\/index.php\/wp-json\/wp\/v2\/types\/post"}],"author":[{"embeddable":true,"href":"https:\/\/jornalfatosenoticias.com.br\/index.php\/wp-json\/wp\/v2\/users\/2"}],"replies":[{"embeddable":true,"href":"https:\/\/jornalfatosenoticias.com.br\/index.php\/wp-json\/wp\/v2\/comments?post=33991"}],"version-history":[{"count":0,"href":"https:\/\/jornalfatosenoticias.com.br\/index.php\/wp-json\/wp\/v2\/posts\/33991\/revisions"}],"wp:featuredmedia":[{"embeddable":true,"href":"https:\/\/jornalfatosenoticias.com.br\/index.php\/wp-json\/wp\/v2\/media\/33993"}],"wp:attachment":[{"href":"https:\/\/jornalfatosenoticias.com.br\/index.php\/wp-json\/wp\/v2\/media?parent=33991"}],"wp:term":[{"taxonomy":"category","embeddable":true,"href":"https:\/\/jornalfatosenoticias.com.br\/index.php\/wp-json\/wp\/v2\/categories?post=33991"},{"taxonomy":"post_tag","embeddable":true,"href":"https:\/\/jornalfatosenoticias.com.br\/index.php\/wp-json\/wp\/v2\/tags?post=33991"}],"curies":[{"name":"wp","href":"https:\/\/api.w.org\/{rel}","templated":true}]}}