{"id":33998,"date":"2022-09-07T14:40:33","date_gmt":"2022-09-07T17:40:33","guid":{"rendered":"https:\/\/jornalfatosenoticias.com.br\/?p=33998"},"modified":"2022-09-07T14:40:35","modified_gmt":"2022-09-07T17:40:35","slug":"planta-em-extincao-e-reencontrada-no-rio-apos-50-anos-desaparecida","status":"publish","type":"post","link":"https:\/\/jornalfatosenoticias.com.br\/index.php\/2022\/09\/07\/planta-em-extincao-e-reencontrada-no-rio-apos-50-anos-desaparecida\/","title":{"rendered":"Planta em extin\u00e7\u00e3o \u00e9 reencontrada no Rio ap\u00f3s 50 anos desaparecida"},"content":{"rendered":"\n<p><em><span class=\"has-inline-color has-black-color\">Outras esp\u00e9cies que estavam sumidas h\u00e1 20 anos foram avistadas; pesquisadores tamb\u00e9m celebraram o retorno das on\u00e7as-pardas no munic\u00edpio<\/span><\/em><\/p>\n\n\n\n<div class=\"wp-block-image\"><figure class=\"aligncenter size-large is-resized\"><img loading=\"lazy\" decoding=\"async\" src=\"https:\/\/jornalfatosenoticias.com.br\/wp-content\/uploads\/2020\/02\/Serra-Grande-1024x160.png\" alt=\"\" class=\"wp-image-7836\" width=\"459\" height=\"71\"\/><\/figure><\/div>\n\n\n\n<p>Na vegeta\u00e7\u00e3o da Estrada Graja\u00fa-Jacarepagu\u00e1, que liga os bairros do Graja\u00fa, na Zona Norte do Rio, e Jacarepagu\u00e1, na Zona Oeste, uma esp\u00e9cie de planta voltou a aparecer depois de mais de cinquenta anos desaparecida. O <strong>inhame,<\/strong> tamb\u00e9m conhecido como <strong>car\u00e1,<\/strong> foi descrito ainda na d\u00e9cada de 1970 pela bot\u00e2nica brasileira Graziela Barroso e era uma esp\u00e9cie em extin\u00e7\u00e3o. No ano passado, uma esp\u00e9cie foi encontrada por agentes da Secretaria Municipal do Ambiente e Clima, um volunt\u00e1rio e um pesquisador volunt\u00e1rio do Parque Jardim Bot\u00e2nico. Ricardo Couto, gerente de Gest\u00e3o de Unidades de Conserva\u00e7\u00e3o da Secretaria municipal do Ambiente e Clima, explica que essa planta \u00e9 exclusiva da regi\u00e3o do Maci\u00e7o da Tijuca.<\/p>\n\n\n\n<div class=\"wp-block-image\"><figure class=\"aligncenter size-large is-resized\"><img loading=\"lazy\" decoding=\"async\" src=\"https:\/\/jornalfatosenoticias.com.br\/wp-content\/uploads\/2020\/02\/nova-logo-Marquetti.jpg\" alt=\"\" class=\"wp-image-22331\" width=\"301\" height=\"202\" srcset=\"https:\/\/jornalfatosenoticias.com.br\/wp-content\/uploads\/2020\/02\/nova-logo-Marquetti.jpg 643w, https:\/\/jornalfatosenoticias.com.br\/wp-content\/uploads\/2020\/02\/nova-logo-Marquetti-300x202.jpg 300w\" sizes=\"auto, (max-width: 301px) 100vw, 301px\" \/><\/figure><\/div>\n\n\n\n<blockquote class=\"wp-block-quote is-layout-flow wp-block-quote-is-layout-flow\"><p><span class=\"has-inline-color has-luminous-vivid-orange-color\">&#8220;Eu tenho uma liga\u00e7\u00e3o especial com o inhame porque sempre foi meu objeto de pesquisa, procuro essa planta h\u00e1 10 anos e nunca tinha encontrado. Ela foi descrita na d\u00e9cada de 1970 e passamos 50 anos sem encontrar a planta, que \u00e9 superamea\u00e7ada&#8221;, explicou Couto.<\/span><\/p><\/blockquote>\n\n\n\n<div class=\"wp-block-image\"><figure class=\"aligncenter size-large\"><img decoding=\"async\" src=\"https:\/\/jornalfatosenoticias.com.br\/wp-content\/uploads\/2020\/02\/nova-logo-zucchi-1024x110.jpeg\" alt=\"\" class=\"wp-image-33846\"\/><\/figure><\/div>\n\n\n\n<p>Origin\u00e1ria e end\u00eamica \u2014 restrita a uma localidade ou regi\u00e3o \u2014 o fruto do car\u00e1 \u00e9 levado pelo vento, o que a torna ainda mais restrita. Atrav\u00e9s de programas novos criados pela pasta, h\u00e1 a previs\u00e3o de a\u00e7\u00f5es que ajudem essa esp\u00e9cie a sair da situa\u00e7\u00e3o de amea\u00e7a. Couto ressaltou que apesar de encontrarem a esp\u00e9cie, a reinser\u00e7\u00e3o e o plantio de novas mudas \u00e9 um processo lento, que pode demorar mais de dois anos.<\/p>\n\n\n\n<div class=\"wp-block-image\"><figure class=\"aligncenter size-large is-resized\"><img loading=\"lazy\" decoding=\"async\" src=\"https:\/\/jornalfatosenoticias.com.br\/wp-content\/uploads\/2022\/07\/Logo-Grupo-SEI.jpg\" alt=\"\" class=\"wp-image-31973\" width=\"350\" height=\"184\" srcset=\"https:\/\/jornalfatosenoticias.com.br\/wp-content\/uploads\/2022\/07\/Logo-Grupo-SEI.jpg 713w, https:\/\/jornalfatosenoticias.com.br\/wp-content\/uploads\/2022\/07\/Logo-Grupo-SEI-300x158.jpg 300w\" sizes=\"auto, (max-width: 350px) 100vw, 350px\" \/><\/figure><\/div>\n\n\n\n<blockquote class=\"wp-block-quote is-layout-flow wp-block-quote-is-layout-flow\"><p><span class=\"has-inline-color has-luminous-vivid-orange-color\">&#8220;Quando ela d\u00e1 fruto, a gente pega o fruto e tenta fazer mudas. N\u00e3o necessariamente \u00e9 um processo simples, exige pesquisa, mas a produ\u00e7\u00e3o de mudas gera uma seguran\u00e7a porque voc\u00ea ajuda a produzir mais da esp\u00e9cie&#8221;, contou ele.<\/span><\/p><\/blockquote>\n\n\n\n<div class=\"wp-block-image\"><figure class=\"aligncenter size-large\"><img decoding=\"async\" src=\"https:\/\/jornalfatosenoticias.com.br\/wp-content\/uploads\/2020\/02\/logo-embacia-1-1024x110.jpg\" alt=\"\" class=\"wp-image-33954\"\/><\/figure><\/div>\n\n\n\n<p>Al\u00e9m do car\u00e1, os pesquisadores tamb\u00e9m comemoraram o encontro de outra esp\u00e9cie, exclusiva da Ilha de Paquet\u00e1, a esp\u00e9cie <em>Funifera Insulae Nevling.<\/em> O gerente de gest\u00e3o ressaltou que a planta n\u00e3o possui um nome popular, mas estava h\u00e1 20 anos sem nenhum registro. A planta foi encontrada em um terreno particular, que vem sendo estudado pela prefeitura, para se tornar Unidade de Conserva\u00e7\u00e3o.<\/p>\n\n\n\n<div class=\"wp-block-image\"><figure class=\"aligncenter size-large is-resized\"><img loading=\"lazy\" decoding=\"async\" src=\"https:\/\/jornalfatosenoticias.com.br\/wp-content\/uploads\/2022\/02\/Precisao-Contabilidade-1024x724.jpg\" alt=\"\" class=\"wp-image-28088\" width=\"314\" height=\"222\"\/><\/figure><\/div>\n\n\n\n<blockquote class=\"wp-block-quote is-layout-flow wp-block-quote-is-layout-flow\"><p><span class=\"has-inline-color has-luminous-vivid-orange-color\">&#8220;Ela foi encontrada em um esfor\u00e7o da secretaria para buscar essa esp\u00e9cie. A <strong>Funifera<\/strong> foi descrita na d\u00e9cada de 1950, e desde 1997 n\u00e3o tinha registros. N\u00f3s j\u00e1 imagin\u00e1vamos que ela acontecia em Paquet\u00e1, n\u00e3o acontece em nenhum outro lugar do mundo, mas a vegeta\u00e7\u00e3o diminuiu&#8221;, explicou.<\/span><\/p><\/blockquote>\n\n\n\n<p>A esp\u00e9cie foi levada para a exsicata do Parque Jardim Bot\u00e2nico, que funciona para preservar plantas secas por longos per\u00edodos. <\/p>\n\n\n\n<div class=\"wp-block-image\"><figure class=\"aligncenter size-large\"><img loading=\"lazy\" decoding=\"async\" width=\"729\" height=\"90\" src=\"https:\/\/jornalfatosenoticias.com.br\/wp-content\/uploads\/2020\/02\/Logo_Mizu.png\" alt=\"\" class=\"wp-image-1441\" srcset=\"https:\/\/jornalfatosenoticias.com.br\/wp-content\/uploads\/2020\/02\/Logo_Mizu.png 729w, https:\/\/jornalfatosenoticias.com.br\/wp-content\/uploads\/2020\/02\/Logo_Mizu-300x37.png 300w\" sizes=\"auto, (max-width: 729px) 100vw, 729px\" \/><\/figure><\/div>\n\n\n\n<figure class=\"wp-block-image size-large\"><img loading=\"lazy\" decoding=\"async\" width=\"666\" height=\"1000\" src=\"https:\/\/jornalfatosenoticias.com.br\/wp-content\/uploads\/2022\/09\/pesquisador_cara_2.jpg\" alt=\"\" class=\"wp-image-33999\" srcset=\"https:\/\/jornalfatosenoticias.com.br\/wp-content\/uploads\/2022\/09\/pesquisador_cara_2.jpg 666w, https:\/\/jornalfatosenoticias.com.br\/wp-content\/uploads\/2022\/09\/pesquisador_cara_2-200x300.jpg 200w\" sizes=\"auto, (max-width: 666px) 100vw, 666px\" \/><figcaption><em><span class=\"has-inline-color has-black-color\">Pesquisador posa com &#8220;car\u00e1&#8221;, a esp\u00e9cie de planta em extin\u00e7\u00e3o h\u00e1 50 anos (Foto: Divulga\u00e7\u00e3o)<\/span><\/em><\/figcaption><\/figure>\n\n\n\n<div class=\"wp-block-image\"><figure class=\"aligncenter size-large\"><img loading=\"lazy\" decoding=\"async\" width=\"1024\" height=\"100\" src=\"https:\/\/jornalfatosenoticias.com.br\/wp-content\/uploads\/2022\/05\/NOVA-LOGO-CESCONETTO-1024x100.jpg\" alt=\"\" class=\"wp-image-30792\" srcset=\"https:\/\/jornalfatosenoticias.com.br\/wp-content\/uploads\/2022\/05\/NOVA-LOGO-CESCONETTO-1024x100.jpg 1024w, https:\/\/jornalfatosenoticias.com.br\/wp-content\/uploads\/2022\/05\/NOVA-LOGO-CESCONETTO-300x29.jpg 300w, https:\/\/jornalfatosenoticias.com.br\/wp-content\/uploads\/2022\/05\/NOVA-LOGO-CESCONETTO-768x75.jpg 768w, https:\/\/jornalfatosenoticias.com.br\/wp-content\/uploads\/2022\/05\/NOVA-LOGO-CESCONETTO.jpg 1280w\" sizes=\"auto, (max-width: 1024px) 100vw, 1024px\" \/><\/figure><\/div>\n\n\n\n<p>Couto tamb\u00e9m celebrou o retorno das on\u00e7as pardas na cidade do Rio. O gerente explicou que o animal ficou quase um s\u00e9culo sem registro na capital, mas nos \u00faltimos dois anos, os pesquisadores encontraram a esp\u00e9cie em regi\u00f5es pr\u00f3ximas \u00e0 Estrada do Mendanha, em Campo Grande, e em Guaratiba, ambos na Zona Oeste. Contudo, ele tamb\u00e9m tranquilizou essa aproxima\u00e7\u00e3o das on\u00e7as no per\u00edmetro urbano.<\/p>\n\n\n\n<div class=\"wp-block-image\"><figure class=\"aligncenter size-large\"><img loading=\"lazy\" decoding=\"async\" width=\"300\" height=\"250\" src=\"https:\/\/jornalfatosenoticias.com.br\/wp-content\/uploads\/2022\/08\/arte-Casarao.jpg\" alt=\"\" class=\"wp-image-33178\"\/><\/figure><\/div>\n\n\n\n<blockquote class=\"wp-block-quote is-layout-flow wp-block-quote-is-layout-flow\"><p><span class=\"has-inline-color has-luminous-vivid-orange-color\">&#8220;N\u00e3o vejo riscos \u00e0 sociedade. O animal silvestre \u00e9 muito assustado, tem mais medo de gente do que a gente deles. Essa aproxima\u00e7\u00e3o traz mais riscos \u00e0 pr\u00f3pria esp\u00e9cie, fica mais vulner\u00e1vel a acidentes, por exemplo, a atropelamentos, e a doen\u00e7as tamb\u00e9m&#8221;, explicou.<\/span><\/p><\/blockquote>\n\n\n\n<div class=\"wp-block-image\"><figure class=\"aligncenter size-large\"><img loading=\"lazy\" decoding=\"async\" width=\"1024\" height=\"103\" src=\"https:\/\/jornalfatosenoticias.com.br\/wp-content\/uploads\/2022\/02\/Arte-Autoescola-Galatas_endereco_portal-1024x103.png\" alt=\"\" class=\"wp-image-27869\" srcset=\"https:\/\/jornalfatosenoticias.com.br\/wp-content\/uploads\/2022\/02\/Arte-Autoescola-Galatas_endereco_portal-1024x103.png 1024w, https:\/\/jornalfatosenoticias.com.br\/wp-content\/uploads\/2022\/02\/Arte-Autoescola-Galatas_endereco_portal-300x30.png 300w, https:\/\/jornalfatosenoticias.com.br\/wp-content\/uploads\/2022\/02\/Arte-Autoescola-Galatas_endereco_portal-768x77.png 768w, https:\/\/jornalfatosenoticias.com.br\/wp-content\/uploads\/2022\/02\/Arte-Autoescola-Galatas_endereco_portal.png 1223w\" sizes=\"auto, (max-width: 1024px) 100vw, 1024px\" \/><\/figure><\/div>\n\n\n\n<p>Depois de 22 anos sem atualiza\u00e7\u00f5es, a prefeitura do Rio voltou a divulgar a lista de esp\u00e9cies de fauna e flora amea\u00e7adas de extin\u00e7\u00e3o no munic\u00edpio. Couto compreende que essa lista \u00e9 um marco importante, principalmente porque o pr\u00f3prio licenciamento da cidade necessita monitorar as esp\u00e9cies de fauna e flora.<\/p>\n\n\n\n<div class=\"wp-block-image\"><figure class=\"aligncenter size-large\"><img decoding=\"async\" src=\"https:\/\/jornalfatosenoticias.com.br\/wp-content\/uploads\/2020\/02\/logo_esteio.jpg\" alt=\"\" class=\"wp-image-1214\"\/><\/figure><\/div>\n\n\n\n<blockquote class=\"wp-block-quote is-layout-flow wp-block-quote-is-layout-flow\"><p><span class=\"has-inline-color has-luminous-vivid-orange-color\">&#8220;A an\u00e1lise tem que ser feita periodicamente, principalmente, para que a gente trabalhe e melhore baseado no atual. A lista \u00e9 um retrato atual do que est\u00e1 acontecendo e ser\u00e1 revista a cada cinco anos. Dessa forma, n\u00e3o perdemos o que est\u00e1 acontecendo naquele momento e tamb\u00e9m conseguimos ver se os planos de a\u00e7\u00e3o est\u00e3o funcionando&#8221;, explicou.<\/span><\/p><\/blockquote>\n\n\n\n<div class=\"wp-block-image\"><figure class=\"aligncenter size-large is-resized\"><img loading=\"lazy\" decoding=\"async\" src=\"https:\/\/jornalfatosenoticias.com.br\/wp-content\/uploads\/2022\/08\/logo-locau-veiculos-1024x573.png\" alt=\"\" class=\"wp-image-33078\" width=\"339\" height=\"189\"\/><\/figure><\/div>\n\n\n\n<figure class=\"wp-block-image size-large\"><img loading=\"lazy\" decoding=\"async\" width=\"750\" height=\"1000\" src=\"https:\/\/jornalfatosenoticias.com.br\/wp-content\/uploads\/2022\/09\/cara_3.jpg\" alt=\"\" class=\"wp-image-34000\" srcset=\"https:\/\/jornalfatosenoticias.com.br\/wp-content\/uploads\/2022\/09\/cara_3.jpg 750w, https:\/\/jornalfatosenoticias.com.br\/wp-content\/uploads\/2022\/09\/cara_3-225x300.jpg 225w\" sizes=\"auto, (max-width: 750px) 100vw, 750px\" \/><figcaption><em><span class=\"has-inline-color has-black-color\">Funifera Insulae Nevling, desaparecida h\u00e1 20 anos, \u00e9 outra esp\u00e9cie encontrada pelos pesquisadores (Foto: Jorge Pontes)<\/span><\/em><\/figcaption><\/figure>\n\n\n\n<div class=\"wp-block-image\"><figure class=\"alignleft size-large\"><img loading=\"lazy\" decoding=\"async\" width=\"300\" height=\"237\" src=\"https:\/\/jornalfatosenoticias.com.br\/wp-content\/uploads\/2020\/02\/SEVENTUR-TURISMO.jpg\" alt=\"\" class=\"wp-image-32994\"\/><\/figure><\/div>\n\n\n\n<p>Em 1997, a Prefeitura do Rio lan\u00e7ou o programa Rio Diversidade, e a \u00faltima listagem do tipo foi divulgada no ano 2000. Em 2021, os programas de Prote\u00e7\u00e3o e Conserva\u00e7\u00e3o da Fauna Silvestre e Conserva\u00e7\u00e3o da Flora Nativa foram criados, com o objetivo de elaborar a\u00e7\u00f5es para a conserva\u00e7\u00e3o de popula\u00e7\u00f5es de esp\u00e9cies nativas da fauna e da flora do munic\u00edpio, incluindo a publica\u00e7\u00e3o de listas peri\u00f3dicas, com <em>checklists<\/em> que incluam as esp\u00e9cies nativas, ex\u00f3ticas, raras e as amea\u00e7adas de extin\u00e7\u00e3o, al\u00e9m da elabora\u00e7\u00e3o de planos de a\u00e7\u00e3o municipais (PAM) para recupera\u00e7\u00e3o e conserva\u00e7\u00e3o da fauna e da flora amea\u00e7adas de extin\u00e7\u00e3o na cidade, bem como dos habitats a que est\u00e3o associadas.<\/p>\n\n\n\n<div class=\"wp-block-image\"><figure class=\"aligncenter size-large is-resized\"><img loading=\"lazy\" decoding=\"async\" src=\"https:\/\/jornalfatosenoticias.com.br\/wp-content\/uploads\/2022\/07\/Assinatura-Marketing-1024x300.png\" alt=\"\" class=\"wp-image-31962\" width=\"457\" height=\"133\" srcset=\"https:\/\/jornalfatosenoticias.com.br\/wp-content\/uploads\/2022\/07\/Assinatura-Marketing-1024x300.png 1024w, https:\/\/jornalfatosenoticias.com.br\/wp-content\/uploads\/2022\/07\/Assinatura-Marketing-300x88.png 300w, https:\/\/jornalfatosenoticias.com.br\/wp-content\/uploads\/2022\/07\/Assinatura-Marketing-768x225.png 768w, https:\/\/jornalfatosenoticias.com.br\/wp-content\/uploads\/2022\/07\/Assinatura-Marketing-1536x451.png 1536w, https:\/\/jornalfatosenoticias.com.br\/wp-content\/uploads\/2022\/07\/Assinatura-Marketing-2048x601.png 2048w\" sizes=\"auto, (max-width: 457px) 100vw, 457px\" \/><\/figure><\/div>\n\n\n\n<p>Para acompanhar a execu\u00e7\u00e3o dos programas, uma comiss\u00e3o foi criada com participa\u00e7\u00e3o de pesquisadores e especialistas da \u00e1rea em outros \u00f3rg\u00e3os, como a Secretaria municipal de Prote\u00e7\u00e3o e Defesa dos Animais, as universidades Uerj, UFRJ e Est\u00e1cio de S\u00e1, e o Instituto de Pesquisas Jardim Bot\u00e2nico.<br>As listas, desenvolvidas pelas ger\u00eancias de Gest\u00e3o de Unidades de Conserva\u00e7\u00e3o e de Planejamento e Prote\u00e7\u00e3o Ambiental da SMAC, seguem os crit\u00e9rios de avalia\u00e7\u00e3o da International Union for Conservation of Nature \u2014 IUCN (Uni\u00e3o Internacional para Conserva\u00e7\u00e3o da Natureza) e abrangem mais de 520 esp\u00e9cies de fauna e flora. As esp\u00e9cies s\u00e3o classificadas a partir das seguintes categorias: extintas da natureza, criticamente em perigo, em perigo e vulner\u00e1vel.<\/p>\n\n\n\n<div class=\"wp-block-image\"><figure class=\"aligncenter size-large is-resized\"><img loading=\"lazy\" decoding=\"async\" src=\"https:\/\/jornalfatosenoticias.com.br\/wp-content\/uploads\/2022\/02\/Serra-Pack-459.png\" alt=\"\" class=\"wp-image-27471\" width=\"358\" height=\"143\"\/><\/figure><\/div>\n\n\n\n<p>Entre as 348 esp\u00e9cies de flora amea\u00e7adas de extin\u00e7\u00e3o, o levantamento apontou as conhecidas como: Car\u00e1 \u2014 Dioscorea, Margarethia, Peroba Rosa, Palmito Jussara, Pau-Brasil, Pau de Tamanco, Jequitib\u00e1, Cedros e Jacarand\u00e1 Preto.<br>J\u00e1 entre as 174 esp\u00e9cies da fauna amea\u00e7adas de extin\u00e7\u00e3o est\u00e3o: jacar\u00e9-de-papo-amarelo, jabuti-piranga, lagartixa-da-praia, on\u00e7a-parda, peixe das nuvens, borboleta-da-praia, mico-le\u00e3o-dourado, bugio-ruivo e paca.<br>O Rio possui mais de seis mil esp\u00e9cies nativas registradas, dentre fauna e flora, e, de acordo com a secretaria municipal de Ambiente e Clima, pode estar entre as cidades mais ricas em n\u00famero de esp\u00e9cies no Brasil e no mundo.<\/p>\n\n\n\n<p><em><span class=\"has-inline-color has-black-color\"><strong>Capa \u2014<\/strong> Inhama ou &#8220;car\u00e1&#8221;. Planta foi reencontrada no Rio depois de 50 anos desaparecida (Foto: Divulga\u00e7\u00e3o)<\/span><\/em><\/p>\n\n\n\n<p><strong><em>Fonte: <a href=\"https:\/\/umsoplaneta.globo.com\/biodiversidade\/noticia\/2022\/09\/07\/planta-em-extincao-e-reencontrada-no-rio-apos-50-anos-desaparecida.ghtml\">Um s\u00f3 Planeta<\/a><\/em><\/strong><\/p>\n","protected":false},"excerpt":{"rendered":"<p>Outras esp\u00e9cies que estavam sumidas h\u00e1 20 anos foram avistadas; pesquisadores tamb\u00e9m celebraram o retorno das on\u00e7as-pardas no munic\u00edpio Na vegeta\u00e7\u00e3o da Estrada Graja\u00fa-Jacarepagu\u00e1, que liga os bairros do Graja\u00fa, na Zona Norte do Rio, e Jacarepagu\u00e1, na Zona Oeste, uma esp\u00e9cie de planta voltou a aparecer depois de mais de cinquenta anos desaparecida. O [&hellip;]<\/p>\n","protected":false},"author":2,"featured_media":34001,"comment_status":"open","ping_status":"open","sticky":false,"template":"","format":"standard","meta":{"footnotes":""},"categories":[8],"tags":[15975,15972,15976,15974,1380,15973,15971,289],"class_list":["post-33998","post","type-post","status-publish","format-standard","has-post-thumbnail","hentry","category-meio-ambiente","tag-cara","tag-especie-reencontrada","tag-inhama","tag-oncas-pardas","tag-pesquisadores","tag-planta-desaparecida","tag-planta-em-extincao","tag-rio-de-janeiro"],"yoast_head":"<!-- This site is optimized with the Yoast SEO plugin v26.5 - https:\/\/yoast.com\/wordpress\/plugins\/seo\/ -->\n<title>Planta em extin\u00e7\u00e3o \u00e9 reencontrada no Rio ap\u00f3s 50 anos desaparecida - Jornal Fatos e Not\u00edcias<\/title>\n<meta name=\"robots\" content=\"index, follow, max-snippet:-1, max-image-preview:large, max-video-preview:-1\" \/>\n<link rel=\"canonical\" href=\"https:\/\/jornalfatosenoticias.com.br\/index.php\/2022\/09\/07\/planta-em-extincao-e-reencontrada-no-rio-apos-50-anos-desaparecida\/\" \/>\n<meta property=\"og:locale\" content=\"pt_BR\" \/>\n<meta property=\"og:type\" content=\"article\" \/>\n<meta property=\"og:title\" content=\"Planta em extin\u00e7\u00e3o \u00e9 reencontrada no Rio ap\u00f3s 50 anos desaparecida - Jornal Fatos e Not\u00edcias\" \/>\n<meta property=\"og:description\" content=\"Outras esp\u00e9cies que estavam sumidas h\u00e1 20 anos foram avistadas; pesquisadores tamb\u00e9m celebraram o retorno das on\u00e7as-pardas no munic\u00edpio Na vegeta\u00e7\u00e3o da Estrada Graja\u00fa-Jacarepagu\u00e1, que liga os bairros do Graja\u00fa, na Zona Norte do Rio, e Jacarepagu\u00e1, na Zona Oeste, uma esp\u00e9cie de planta voltou a aparecer depois de mais de cinquenta anos desaparecida. O [&hellip;]\" \/>\n<meta property=\"og:url\" content=\"https:\/\/jornalfatosenoticias.com.br\/index.php\/2022\/09\/07\/planta-em-extincao-e-reencontrada-no-rio-apos-50-anos-desaparecida\/\" \/>\n<meta property=\"og:site_name\" content=\"Jornal Fatos e Not\u00edcias\" \/>\n<meta property=\"article:published_time\" content=\"2022-09-07T17:40:33+00:00\" \/>\n<meta property=\"article:modified_time\" content=\"2022-09-07T17:40:35+00:00\" \/>\n<meta property=\"og:image\" content=\"https:\/\/jornalfatosenoticias.com.br\/wp-content\/uploads\/2022\/09\/planta-cara_1.jpg\" \/>\n\t<meta property=\"og:image:width\" content=\"1000\" \/>\n\t<meta property=\"og:image:height\" content=\"460\" \/>\n\t<meta property=\"og:image:type\" content=\"image\/jpeg\" \/>\n<meta name=\"author\" content=\"Luzimara Fernandes\" \/>\n<meta name=\"twitter:card\" content=\"summary_large_image\" \/>\n<meta name=\"twitter:label1\" content=\"Escrito por\" \/>\n\t<meta name=\"twitter:data1\" content=\"Luzimara Fernandes\" \/>\n\t<meta name=\"twitter:label2\" content=\"Est. tempo de leitura\" \/>\n\t<meta name=\"twitter:data2\" content=\"6 minutos\" \/>\n<script type=\"application\/ld+json\" class=\"yoast-schema-graph\">{\"@context\":\"https:\/\/schema.org\",\"@graph\":[{\"@type\":\"Article\",\"@id\":\"https:\/\/jornalfatosenoticias.com.br\/index.php\/2022\/09\/07\/planta-em-extincao-e-reencontrada-no-rio-apos-50-anos-desaparecida\/#article\",\"isPartOf\":{\"@id\":\"https:\/\/jornalfatosenoticias.com.br\/index.php\/2022\/09\/07\/planta-em-extincao-e-reencontrada-no-rio-apos-50-anos-desaparecida\/\"},\"author\":{\"name\":\"Luzimara Fernandes\",\"@id\":\"https:\/\/jornalfatosenoticias.com.br\/#\/schema\/person\/d63837fa13ac8666eb9e74e0985d6f81\"},\"headline\":\"Planta em extin\u00e7\u00e3o \u00e9 reencontrada no Rio ap\u00f3s 50 anos desaparecida\",\"datePublished\":\"2022-09-07T17:40:33+00:00\",\"dateModified\":\"2022-09-07T17:40:35+00:00\",\"mainEntityOfPage\":{\"@id\":\"https:\/\/jornalfatosenoticias.com.br\/index.php\/2022\/09\/07\/planta-em-extincao-e-reencontrada-no-rio-apos-50-anos-desaparecida\/\"},\"wordCount\":1130,\"commentCount\":0,\"publisher\":{\"@id\":\"https:\/\/jornalfatosenoticias.com.br\/#organization\"},\"image\":{\"@id\":\"https:\/\/jornalfatosenoticias.com.br\/index.php\/2022\/09\/07\/planta-em-extincao-e-reencontrada-no-rio-apos-50-anos-desaparecida\/#primaryimage\"},\"thumbnailUrl\":\"https:\/\/jornalfatosenoticias.com.br\/wp-content\/uploads\/2022\/09\/planta-cara_1.jpg\",\"keywords\":[\"car\u00e1\",\"esp\u00e9cie reencontrada\",\"inhama\",\"on\u00e7as-pardas\",\"pesquisadores\",\"planta desaparecida\",\"planta em extin\u00e7\u00e3o\",\"Rio de Janeiro\"],\"articleSection\":[\"Meio ambiente\"],\"inLanguage\":\"pt-BR\",\"potentialAction\":[{\"@type\":\"CommentAction\",\"name\":\"Comment\",\"target\":[\"https:\/\/jornalfatosenoticias.com.br\/index.php\/2022\/09\/07\/planta-em-extincao-e-reencontrada-no-rio-apos-50-anos-desaparecida\/#respond\"]}]},{\"@type\":\"WebPage\",\"@id\":\"https:\/\/jornalfatosenoticias.com.br\/index.php\/2022\/09\/07\/planta-em-extincao-e-reencontrada-no-rio-apos-50-anos-desaparecida\/\",\"url\":\"https:\/\/jornalfatosenoticias.com.br\/index.php\/2022\/09\/07\/planta-em-extincao-e-reencontrada-no-rio-apos-50-anos-desaparecida\/\",\"name\":\"Planta em extin\u00e7\u00e3o \u00e9 reencontrada no Rio ap\u00f3s 50 anos desaparecida - Jornal Fatos e Not\u00edcias\",\"isPartOf\":{\"@id\":\"https:\/\/jornalfatosenoticias.com.br\/#website\"},\"primaryImageOfPage\":{\"@id\":\"https:\/\/jornalfatosenoticias.com.br\/index.php\/2022\/09\/07\/planta-em-extincao-e-reencontrada-no-rio-apos-50-anos-desaparecida\/#primaryimage\"},\"image\":{\"@id\":\"https:\/\/jornalfatosenoticias.com.br\/index.php\/2022\/09\/07\/planta-em-extincao-e-reencontrada-no-rio-apos-50-anos-desaparecida\/#primaryimage\"},\"thumbnailUrl\":\"https:\/\/jornalfatosenoticias.com.br\/wp-content\/uploads\/2022\/09\/planta-cara_1.jpg\",\"datePublished\":\"2022-09-07T17:40:33+00:00\",\"dateModified\":\"2022-09-07T17:40:35+00:00\",\"breadcrumb\":{\"@id\":\"https:\/\/jornalfatosenoticias.com.br\/index.php\/2022\/09\/07\/planta-em-extincao-e-reencontrada-no-rio-apos-50-anos-desaparecida\/#breadcrumb\"},\"inLanguage\":\"pt-BR\",\"potentialAction\":[{\"@type\":\"ReadAction\",\"target\":[\"https:\/\/jornalfatosenoticias.com.br\/index.php\/2022\/09\/07\/planta-em-extincao-e-reencontrada-no-rio-apos-50-anos-desaparecida\/\"]}]},{\"@type\":\"ImageObject\",\"inLanguage\":\"pt-BR\",\"@id\":\"https:\/\/jornalfatosenoticias.com.br\/index.php\/2022\/09\/07\/planta-em-extincao-e-reencontrada-no-rio-apos-50-anos-desaparecida\/#primaryimage\",\"url\":\"https:\/\/jornalfatosenoticias.com.br\/wp-content\/uploads\/2022\/09\/planta-cara_1.jpg\",\"contentUrl\":\"https:\/\/jornalfatosenoticias.com.br\/wp-content\/uploads\/2022\/09\/planta-cara_1.jpg\",\"width\":1000,\"height\":460},{\"@type\":\"BreadcrumbList\",\"@id\":\"https:\/\/jornalfatosenoticias.com.br\/index.php\/2022\/09\/07\/planta-em-extincao-e-reencontrada-no-rio-apos-50-anos-desaparecida\/#breadcrumb\",\"itemListElement\":[{\"@type\":\"ListItem\",\"position\":1,\"name\":\"In\u00edcio\",\"item\":\"https:\/\/jornalfatosenoticias.com.br\/\"},{\"@type\":\"ListItem\",\"position\":2,\"name\":\"Planta em extin\u00e7\u00e3o \u00e9 reencontrada no Rio ap\u00f3s 50 anos desaparecida\"}]},{\"@type\":\"WebSite\",\"@id\":\"https:\/\/jornalfatosenoticias.com.br\/#website\",\"url\":\"https:\/\/jornalfatosenoticias.com.br\/\",\"name\":\"Jornal Fatos e Not\u00edcias\",\"description\":\"Not\u00edcias em geral\",\"publisher\":{\"@id\":\"https:\/\/jornalfatosenoticias.com.br\/#organization\"},\"potentialAction\":[{\"@type\":\"SearchAction\",\"target\":{\"@type\":\"EntryPoint\",\"urlTemplate\":\"https:\/\/jornalfatosenoticias.com.br\/?s={search_term_string}\"},\"query-input\":{\"@type\":\"PropertyValueSpecification\",\"valueRequired\":true,\"valueName\":\"search_term_string\"}}],\"inLanguage\":\"pt-BR\"},{\"@type\":\"Organization\",\"@id\":\"https:\/\/jornalfatosenoticias.com.br\/#organization\",\"name\":\"Jornal Fatos e Not\u00edcias\",\"url\":\"https:\/\/jornalfatosenoticias.com.br\/\",\"logo\":{\"@type\":\"ImageObject\",\"inLanguage\":\"pt-BR\",\"@id\":\"https:\/\/jornalfatosenoticias.com.br\/#\/schema\/logo\/image\/\",\"url\":\"https:\/\/jornalfatosenoticias.com.br\/wp-content\/uploads\/2020\/02\/logo120.png\",\"contentUrl\":\"https:\/\/jornalfatosenoticias.com.br\/wp-content\/uploads\/2020\/02\/logo120.png\",\"width\":1227,\"height\":120,\"caption\":\"Jornal Fatos e Not\u00edcias\"},\"image\":{\"@id\":\"https:\/\/jornalfatosenoticias.com.br\/#\/schema\/logo\/image\/\"}},{\"@type\":\"Person\",\"@id\":\"https:\/\/jornalfatosenoticias.com.br\/#\/schema\/person\/d63837fa13ac8666eb9e74e0985d6f81\",\"name\":\"Luzimara Fernandes\",\"image\":{\"@type\":\"ImageObject\",\"inLanguage\":\"pt-BR\",\"@id\":\"https:\/\/jornalfatosenoticias.com.br\/#\/schema\/person\/image\/\",\"url\":\"https:\/\/jornalfatosenoticias.com.br\/wp-content\/uploads\/2025\/05\/EU_portal.jpg\",\"contentUrl\":\"https:\/\/jornalfatosenoticias.com.br\/wp-content\/uploads\/2025\/05\/EU_portal.jpg\",\"caption\":\"Luzimara Fernandes\"},\"description\":\"Jornalista MTB 2358-ES\",\"sameAs\":[\"https:\/\/jornalfatosenoticias.com.br\"],\"url\":\"https:\/\/jornalfatosenoticias.com.br\/index.php\/author\/luzimara\/\"}]}<\/script>\n<!-- \/ Yoast SEO plugin. -->","yoast_head_json":{"title":"Planta em extin\u00e7\u00e3o \u00e9 reencontrada no Rio ap\u00f3s 50 anos desaparecida - Jornal Fatos e Not\u00edcias","robots":{"index":"index","follow":"follow","max-snippet":"max-snippet:-1","max-image-preview":"max-image-preview:large","max-video-preview":"max-video-preview:-1"},"canonical":"https:\/\/jornalfatosenoticias.com.br\/index.php\/2022\/09\/07\/planta-em-extincao-e-reencontrada-no-rio-apos-50-anos-desaparecida\/","og_locale":"pt_BR","og_type":"article","og_title":"Planta em extin\u00e7\u00e3o \u00e9 reencontrada no Rio ap\u00f3s 50 anos desaparecida - Jornal Fatos e Not\u00edcias","og_description":"Outras esp\u00e9cies que estavam sumidas h\u00e1 20 anos foram avistadas; pesquisadores tamb\u00e9m celebraram o retorno das on\u00e7as-pardas no munic\u00edpio Na vegeta\u00e7\u00e3o da Estrada Graja\u00fa-Jacarepagu\u00e1, que liga os bairros do Graja\u00fa, na Zona Norte do Rio, e Jacarepagu\u00e1, na Zona Oeste, uma esp\u00e9cie de planta voltou a aparecer depois de mais de cinquenta anos desaparecida. O [&hellip;]","og_url":"https:\/\/jornalfatosenoticias.com.br\/index.php\/2022\/09\/07\/planta-em-extincao-e-reencontrada-no-rio-apos-50-anos-desaparecida\/","og_site_name":"Jornal Fatos e Not\u00edcias","article_published_time":"2022-09-07T17:40:33+00:00","article_modified_time":"2022-09-07T17:40:35+00:00","og_image":[{"width":1000,"height":460,"url":"https:\/\/jornalfatosenoticias.com.br\/wp-content\/uploads\/2022\/09\/planta-cara_1.jpg","type":"image\/jpeg"}],"author":"Luzimara Fernandes","twitter_card":"summary_large_image","twitter_misc":{"Escrito por":"Luzimara Fernandes","Est. tempo de leitura":"6 minutos"},"schema":{"@context":"https:\/\/schema.org","@graph":[{"@type":"Article","@id":"https:\/\/jornalfatosenoticias.com.br\/index.php\/2022\/09\/07\/planta-em-extincao-e-reencontrada-no-rio-apos-50-anos-desaparecida\/#article","isPartOf":{"@id":"https:\/\/jornalfatosenoticias.com.br\/index.php\/2022\/09\/07\/planta-em-extincao-e-reencontrada-no-rio-apos-50-anos-desaparecida\/"},"author":{"name":"Luzimara Fernandes","@id":"https:\/\/jornalfatosenoticias.com.br\/#\/schema\/person\/d63837fa13ac8666eb9e74e0985d6f81"},"headline":"Planta em extin\u00e7\u00e3o \u00e9 reencontrada no Rio ap\u00f3s 50 anos desaparecida","datePublished":"2022-09-07T17:40:33+00:00","dateModified":"2022-09-07T17:40:35+00:00","mainEntityOfPage":{"@id":"https:\/\/jornalfatosenoticias.com.br\/index.php\/2022\/09\/07\/planta-em-extincao-e-reencontrada-no-rio-apos-50-anos-desaparecida\/"},"wordCount":1130,"commentCount":0,"publisher":{"@id":"https:\/\/jornalfatosenoticias.com.br\/#organization"},"image":{"@id":"https:\/\/jornalfatosenoticias.com.br\/index.php\/2022\/09\/07\/planta-em-extincao-e-reencontrada-no-rio-apos-50-anos-desaparecida\/#primaryimage"},"thumbnailUrl":"https:\/\/jornalfatosenoticias.com.br\/wp-content\/uploads\/2022\/09\/planta-cara_1.jpg","keywords":["car\u00e1","esp\u00e9cie reencontrada","inhama","on\u00e7as-pardas","pesquisadores","planta desaparecida","planta em extin\u00e7\u00e3o","Rio de Janeiro"],"articleSection":["Meio ambiente"],"inLanguage":"pt-BR","potentialAction":[{"@type":"CommentAction","name":"Comment","target":["https:\/\/jornalfatosenoticias.com.br\/index.php\/2022\/09\/07\/planta-em-extincao-e-reencontrada-no-rio-apos-50-anos-desaparecida\/#respond"]}]},{"@type":"WebPage","@id":"https:\/\/jornalfatosenoticias.com.br\/index.php\/2022\/09\/07\/planta-em-extincao-e-reencontrada-no-rio-apos-50-anos-desaparecida\/","url":"https:\/\/jornalfatosenoticias.com.br\/index.php\/2022\/09\/07\/planta-em-extincao-e-reencontrada-no-rio-apos-50-anos-desaparecida\/","name":"Planta em extin\u00e7\u00e3o \u00e9 reencontrada no Rio ap\u00f3s 50 anos desaparecida - Jornal Fatos e Not\u00edcias","isPartOf":{"@id":"https:\/\/jornalfatosenoticias.com.br\/#website"},"primaryImageOfPage":{"@id":"https:\/\/jornalfatosenoticias.com.br\/index.php\/2022\/09\/07\/planta-em-extincao-e-reencontrada-no-rio-apos-50-anos-desaparecida\/#primaryimage"},"image":{"@id":"https:\/\/jornalfatosenoticias.com.br\/index.php\/2022\/09\/07\/planta-em-extincao-e-reencontrada-no-rio-apos-50-anos-desaparecida\/#primaryimage"},"thumbnailUrl":"https:\/\/jornalfatosenoticias.com.br\/wp-content\/uploads\/2022\/09\/planta-cara_1.jpg","datePublished":"2022-09-07T17:40:33+00:00","dateModified":"2022-09-07T17:40:35+00:00","breadcrumb":{"@id":"https:\/\/jornalfatosenoticias.com.br\/index.php\/2022\/09\/07\/planta-em-extincao-e-reencontrada-no-rio-apos-50-anos-desaparecida\/#breadcrumb"},"inLanguage":"pt-BR","potentialAction":[{"@type":"ReadAction","target":["https:\/\/jornalfatosenoticias.com.br\/index.php\/2022\/09\/07\/planta-em-extincao-e-reencontrada-no-rio-apos-50-anos-desaparecida\/"]}]},{"@type":"ImageObject","inLanguage":"pt-BR","@id":"https:\/\/jornalfatosenoticias.com.br\/index.php\/2022\/09\/07\/planta-em-extincao-e-reencontrada-no-rio-apos-50-anos-desaparecida\/#primaryimage","url":"https:\/\/jornalfatosenoticias.com.br\/wp-content\/uploads\/2022\/09\/planta-cara_1.jpg","contentUrl":"https:\/\/jornalfatosenoticias.com.br\/wp-content\/uploads\/2022\/09\/planta-cara_1.jpg","width":1000,"height":460},{"@type":"BreadcrumbList","@id":"https:\/\/jornalfatosenoticias.com.br\/index.php\/2022\/09\/07\/planta-em-extincao-e-reencontrada-no-rio-apos-50-anos-desaparecida\/#breadcrumb","itemListElement":[{"@type":"ListItem","position":1,"name":"In\u00edcio","item":"https:\/\/jornalfatosenoticias.com.br\/"},{"@type":"ListItem","position":2,"name":"Planta em extin\u00e7\u00e3o \u00e9 reencontrada no Rio ap\u00f3s 50 anos desaparecida"}]},{"@type":"WebSite","@id":"https:\/\/jornalfatosenoticias.com.br\/#website","url":"https:\/\/jornalfatosenoticias.com.br\/","name":"Jornal Fatos e Not\u00edcias","description":"Not\u00edcias em geral","publisher":{"@id":"https:\/\/jornalfatosenoticias.com.br\/#organization"},"potentialAction":[{"@type":"SearchAction","target":{"@type":"EntryPoint","urlTemplate":"https:\/\/jornalfatosenoticias.com.br\/?s={search_term_string}"},"query-input":{"@type":"PropertyValueSpecification","valueRequired":true,"valueName":"search_term_string"}}],"inLanguage":"pt-BR"},{"@type":"Organization","@id":"https:\/\/jornalfatosenoticias.com.br\/#organization","name":"Jornal Fatos e Not\u00edcias","url":"https:\/\/jornalfatosenoticias.com.br\/","logo":{"@type":"ImageObject","inLanguage":"pt-BR","@id":"https:\/\/jornalfatosenoticias.com.br\/#\/schema\/logo\/image\/","url":"https:\/\/jornalfatosenoticias.com.br\/wp-content\/uploads\/2020\/02\/logo120.png","contentUrl":"https:\/\/jornalfatosenoticias.com.br\/wp-content\/uploads\/2020\/02\/logo120.png","width":1227,"height":120,"caption":"Jornal Fatos e Not\u00edcias"},"image":{"@id":"https:\/\/jornalfatosenoticias.com.br\/#\/schema\/logo\/image\/"}},{"@type":"Person","@id":"https:\/\/jornalfatosenoticias.com.br\/#\/schema\/person\/d63837fa13ac8666eb9e74e0985d6f81","name":"Luzimara Fernandes","image":{"@type":"ImageObject","inLanguage":"pt-BR","@id":"https:\/\/jornalfatosenoticias.com.br\/#\/schema\/person\/image\/","url":"https:\/\/jornalfatosenoticias.com.br\/wp-content\/uploads\/2025\/05\/EU_portal.jpg","contentUrl":"https:\/\/jornalfatosenoticias.com.br\/wp-content\/uploads\/2025\/05\/EU_portal.jpg","caption":"Luzimara Fernandes"},"description":"Jornalista MTB 2358-ES","sameAs":["https:\/\/jornalfatosenoticias.com.br"],"url":"https:\/\/jornalfatosenoticias.com.br\/index.php\/author\/luzimara\/"}]}},"cc_featured_image_caption":{"caption_text":"","source_text":"","source_url":""},"jetpack_featured_media_url":"https:\/\/jornalfatosenoticias.com.br\/wp-content\/uploads\/2022\/09\/planta-cara_1.jpg","_links":{"self":[{"href":"https:\/\/jornalfatosenoticias.com.br\/index.php\/wp-json\/wp\/v2\/posts\/33998","targetHints":{"allow":["GET"]}}],"collection":[{"href":"https:\/\/jornalfatosenoticias.com.br\/index.php\/wp-json\/wp\/v2\/posts"}],"about":[{"href":"https:\/\/jornalfatosenoticias.com.br\/index.php\/wp-json\/wp\/v2\/types\/post"}],"author":[{"embeddable":true,"href":"https:\/\/jornalfatosenoticias.com.br\/index.php\/wp-json\/wp\/v2\/users\/2"}],"replies":[{"embeddable":true,"href":"https:\/\/jornalfatosenoticias.com.br\/index.php\/wp-json\/wp\/v2\/comments?post=33998"}],"version-history":[{"count":0,"href":"https:\/\/jornalfatosenoticias.com.br\/index.php\/wp-json\/wp\/v2\/posts\/33998\/revisions"}],"wp:featuredmedia":[{"embeddable":true,"href":"https:\/\/jornalfatosenoticias.com.br\/index.php\/wp-json\/wp\/v2\/media\/34001"}],"wp:attachment":[{"href":"https:\/\/jornalfatosenoticias.com.br\/index.php\/wp-json\/wp\/v2\/media?parent=33998"}],"wp:term":[{"taxonomy":"category","embeddable":true,"href":"https:\/\/jornalfatosenoticias.com.br\/index.php\/wp-json\/wp\/v2\/categories?post=33998"},{"taxonomy":"post_tag","embeddable":true,"href":"https:\/\/jornalfatosenoticias.com.br\/index.php\/wp-json\/wp\/v2\/tags?post=33998"}],"curies":[{"name":"wp","href":"https:\/\/api.w.org\/{rel}","templated":true}]}}