{"id":34003,"date":"2022-09-08T15:05:06","date_gmt":"2022-09-08T18:05:06","guid":{"rendered":"https:\/\/jornalfatosenoticias.com.br\/?p=34003"},"modified":"2022-09-08T15:05:07","modified_gmt":"2022-09-08T18:05:07","slug":"7-de-setembro-viva-a-nossa-independencia","status":"publish","type":"post","link":"https:\/\/jornalfatosenoticias.com.br\/index.php\/2022\/09\/08\/7-de-setembro-viva-a-nossa-independencia\/","title":{"rendered":"7 de Setembro \u2014 viva a nossa independ\u00eancia!"},"content":{"rendered":"\n<p><span class=\"has-inline-color has-black-color\"><em>O brasileiro mostrou que soberano \u00e9 o povo e que a nossa liberdade, no amplo sentido da palavra, n\u00e3o tem pre\u00e7o. O recado foi dado<\/em><\/span><\/p>\n\n\n\n<div class=\"wp-block-image\"><figure class=\"aligncenter size-large\"><img loading=\"lazy\" decoding=\"async\" width=\"1024\" height=\"100\" src=\"https:\/\/jornalfatosenoticias.com.br\/wp-content\/uploads\/2020\/02\/banner_ferramentas-1024x100.jpg\" alt=\"\" class=\"wp-image-1258\" srcset=\"https:\/\/jornalfatosenoticias.com.br\/wp-content\/uploads\/2020\/02\/banner_ferramentas-1024x100.jpg 1024w, https:\/\/jornalfatosenoticias.com.br\/wp-content\/uploads\/2020\/02\/banner_ferramentas-300x29.jpg 300w, https:\/\/jornalfatosenoticias.com.br\/wp-content\/uploads\/2020\/02\/banner_ferramentas-768x75.jpg 768w, https:\/\/jornalfatosenoticias.com.br\/wp-content\/uploads\/2020\/02\/banner_ferramentas.jpg 1227w\" sizes=\"auto, (max-width: 1024px) 100vw, 1024px\" \/><\/figure><\/div>\n\n\n\n<p>O 7 de Setembro foi uma gigantesca festa patri\u00f3tica nos quatro cantos do Brasil o que j\u00e1 era de se esperar, uma vez que v\u00edamos no olhar de todos, nos dias que antecediam a data, uma certa ansiedade de se fazer presente e mostrar que, al\u00e9m da homenagem ao dia da Independ\u00eancia, aproveitariam para mandar um recado aos que det\u00eam a caneta nos Poderes institucionais, aos ministros do Supremo Tribunal Federal e aos parlamentares do Congresso Nacional, em especial ao inerte senador Rodrigo Pacheco.<\/p>\n\n\n\n<div class=\"wp-block-image\"><figure class=\"aligncenter size-large is-resized\"><img loading=\"lazy\" decoding=\"async\" src=\"https:\/\/jornalfatosenoticias.com.br\/wp-content\/uploads\/2022\/07\/Logo-Grupo-SEI.jpg\" alt=\"\" class=\"wp-image-31973\" width=\"417\" height=\"219\" srcset=\"https:\/\/jornalfatosenoticias.com.br\/wp-content\/uploads\/2022\/07\/Logo-Grupo-SEI.jpg 713w, https:\/\/jornalfatosenoticias.com.br\/wp-content\/uploads\/2022\/07\/Logo-Grupo-SEI-300x158.jpg 300w\" sizes=\"auto, (max-width: 417px) 100vw, 417px\" \/><\/figure><\/div>\n\n\n\n<p>A popula\u00e7\u00e3o brasileira mostrou-se bem atenta e, h\u00e1 tempos, vem tentando encontrar uma forma de exigir mais respeito \u00e0 Constitui\u00e7\u00e3o Federal (CF), rasgada a todo instante por advogados, ministros e congressistas, que n\u00e3o cumprem com sua principal atribui\u00e7\u00e3o: a de representar verdadeiramente o cidad\u00e3o verde e amarelo, fazendo valer seus anseios e clamor. O povo encontrou, na comemora\u00e7\u00e3o dos 200 anos de independ\u00eancia, e em outras datas c\u00edvicas, o meio de mandar o recado de basta \u2014 que por sinal foi muito bem-sucedido \u2014 aos detentores do poder. Afinal, o poder emana de quem?<\/p>\n\n\n\n<div class=\"wp-block-image\"><figure class=\"aligncenter size-large\"><img decoding=\"async\" src=\"https:\/\/jornalfatosenoticias.com.br\/wp-content\/uploads\/2020\/02\/logo-embacia-1-1024x110.jpg\" alt=\"\" class=\"wp-image-33954\"\/><\/figure><\/div>\n\n\n\n<div class=\"wp-block-jetpack-slideshow aligncenter\" data-effect=\"slide\"><div class=\"wp-block-jetpack-slideshow_container swiper-container\"><ul class=\"wp-block-jetpack-slideshow_swiper-wrapper swiper-wrapper\"><li class=\"wp-block-jetpack-slideshow_slide swiper-slide\"><figure><img loading=\"lazy\" decoding=\"async\" width=\"1000\" height=\"666\" alt=\"\" class=\"wp-block-jetpack-slideshow_image wp-image-34004\" data-id=\"34004\" src=\"https:\/\/jornalfatosenoticias.com.br\/wp-content\/uploads\/2022\/09\/Alice.jpg\" srcset=\"https:\/\/jornalfatosenoticias.com.br\/wp-content\/uploads\/2022\/09\/Alice.jpg 1000w, https:\/\/jornalfatosenoticias.com.br\/wp-content\/uploads\/2022\/09\/Alice-300x200.jpg 300w, https:\/\/jornalfatosenoticias.com.br\/wp-content\/uploads\/2022\/09\/Alice-768x511.jpg 768w\" sizes=\"auto, (max-width: 1000px) 100vw, 1000px\" \/><figcaption class=\"wp-block-jetpack-slideshow_caption gallery-caption\">Alice Oliveira Amaral (\u00e0 direita) com o marido, a filha e parentes (Foto: Wellington Costa\/F&#038;N)<\/figcaption><\/figure><\/li><li class=\"wp-block-jetpack-slideshow_slide swiper-slide\"><figure><img loading=\"lazy\" decoding=\"async\" width=\"1000\" height=\"666\" alt=\"\" class=\"wp-block-jetpack-slideshow_image wp-image-34005\" data-id=\"34005\" src=\"https:\/\/jornalfatosenoticias.com.br\/wp-content\/uploads\/2022\/09\/Capa_7-Setembro.jpg\" srcset=\"https:\/\/jornalfatosenoticias.com.br\/wp-content\/uploads\/2022\/09\/Capa_7-Setembro.jpg 1000w, https:\/\/jornalfatosenoticias.com.br\/wp-content\/uploads\/2022\/09\/Capa_7-Setembro-300x200.jpg 300w, https:\/\/jornalfatosenoticias.com.br\/wp-content\/uploads\/2022\/09\/Capa_7-Setembro-768x511.jpg 768w\" sizes=\"auto, (max-width: 1000px) 100vw, 1000px\" \/><figcaption class=\"wp-block-jetpack-slideshow_caption gallery-caption\">Participa\u00e7\u00e3o de idosos no 7 de Setembro (Foto: Wellington Costa\/F&#038;N)<\/figcaption><\/figure><\/li><li class=\"wp-block-jetpack-slideshow_slide swiper-slide\"><figure><img loading=\"lazy\" decoding=\"async\" width=\"1000\" height=\"666\" alt=\"\" class=\"wp-block-jetpack-slideshow_image wp-image-34006\" data-id=\"34006\" src=\"https:\/\/jornalfatosenoticias.com.br\/wp-content\/uploads\/2022\/09\/ciclistas_7-de-setembro.jpg\" srcset=\"https:\/\/jornalfatosenoticias.com.br\/wp-content\/uploads\/2022\/09\/ciclistas_7-de-setembro.jpg 1000w, https:\/\/jornalfatosenoticias.com.br\/wp-content\/uploads\/2022\/09\/ciclistas_7-de-setembro-300x200.jpg 300w, https:\/\/jornalfatosenoticias.com.br\/wp-content\/uploads\/2022\/09\/ciclistas_7-de-setembro-768x511.jpg 768w\" sizes=\"auto, (max-width: 1000px) 100vw, 1000px\" \/><figcaption class=\"wp-block-jetpack-slideshow_caption gallery-caption\">No Esp\u00edrito Santo, concentra\u00e7\u00e3o do povo aconteceu na Pra\u00e7a do Papa, em Vit\u00f3ria-ES (Foto: Wellington Costa\/F&#038;N)<\/figcaption><\/figure><\/li><\/ul><a class=\"wp-block-jetpack-slideshow_button-prev swiper-button-prev swiper-button-white\" role=\"button\"><\/a><a class=\"wp-block-jetpack-slideshow_button-next swiper-button-next swiper-button-white\" role=\"button\"><\/a><a aria-label=\"Pause Slideshow\" class=\"wp-block-jetpack-slideshow_button-pause\" role=\"button\"><\/a><div class=\"wp-block-jetpack-slideshow_pagination swiper-pagination swiper-pagination-white\"><\/div><\/div><\/div>\n\n\n\n<div class=\"wp-block-image\"><figure class=\"alignleft size-large\"><img loading=\"lazy\" decoding=\"async\" width=\"300\" height=\"250\" src=\"https:\/\/jornalfatosenoticias.com.br\/wp-content\/uploads\/2022\/08\/arte-Casarao.jpg\" alt=\"\" class=\"wp-image-33178\"\/><\/figure><\/div>\n\n\n\n<p>Estamos fartos de ver advogados, hoje, ministros da Alta Corte, simplesmente por mera indica\u00e7\u00e3o, mesmo que sem nenhuma compet\u00eancia, conhecimento e compromisso em manter a import\u00e2ncia do STF, institui\u00e7\u00e3o imprescind\u00edvel para manter a verdadeira democracia, hoje abalada e corro\u00edda pela atual composi\u00e7\u00e3o, que dispara canetadas com medidas sem nenhum respaldo jur\u00eddico, criando e modificando leis a torto e a direito, somente para favorecimentos de A ou B, como foi o caso do ex-presidi\u00e1rio, Luiz In\u00e1cio Lula da Silva, que hoje, inacreditavelmente, concorre \u00e0 presid\u00eancia da Rep\u00fablica, com a cara mais lavada, gra\u00e7as a uma manobra vergonhosa do Edson Fachin e endossada pelos demais ministros, tornando-o eleg\u00edvel.<\/p>\n\n\n\n<div class=\"wp-block-image\"><figure class=\"aligncenter size-large\"><img decoding=\"async\" src=\"https:\/\/jornalfatosenoticias.com.br\/wp-content\/uploads\/2020\/02\/nova-logo-zucchi-1024x110.jpeg\" alt=\"\" class=\"wp-image-33846\"\/><\/figure><\/div>\n\n\n\n<p>Um personagem que deu um preju\u00edzo de mais R$ 4,3 trilh\u00f5es aos cofres p\u00fablicos e agora quer voltar \u00e0 cena do crime, como disse, l\u00e1 atr\u00e1s, seu atual candidato a vice, Geraldo Alckmin. Somente no Banco Nacional de Desenvolvimento Econ\u00f4mico e Social (BNDES), o rombo foi de mais de R$ 900 bilh\u00f5es, com desvios e superfaturamentos em investimentos em pa\u00edses de regime ditatoriais e autorit\u00e1rios, como Cuba, Venezuela, Nicar\u00e1gua, sistema do qual Lula \u00e9 simpatizante.<\/p>\n\n\n\n<div class=\"wp-block-image\"><figure class=\"aligncenter size-large is-resized\"><img loading=\"lazy\" decoding=\"async\" src=\"https:\/\/jornalfatosenoticias.com.br\/wp-content\/uploads\/2020\/02\/Serra-Grande-1024x160.png\" alt=\"\" class=\"wp-image-7836\" width=\"516\" height=\"80\"\/><\/figure><\/div>\n\n\n\n<div class=\"wp-block-jetpack-slideshow aligncenter\" data-effect=\"slide\"><div class=\"wp-block-jetpack-slideshow_container swiper-container\"><ul class=\"wp-block-jetpack-slideshow_swiper-wrapper swiper-wrapper\"><li class=\"wp-block-jetpack-slideshow_slide swiper-slide\"><figure><img loading=\"lazy\" decoding=\"async\" width=\"1000\" height=\"666\" alt=\"\" class=\"wp-block-jetpack-slideshow_image wp-image-34007\" data-id=\"34007\" src=\"https:\/\/jornalfatosenoticias.com.br\/wp-content\/uploads\/2022\/09\/criancas.jpg\" srcset=\"https:\/\/jornalfatosenoticias.com.br\/wp-content\/uploads\/2022\/09\/criancas.jpg 1000w, https:\/\/jornalfatosenoticias.com.br\/wp-content\/uploads\/2022\/09\/criancas-300x200.jpg 300w, https:\/\/jornalfatosenoticias.com.br\/wp-content\/uploads\/2022\/09\/criancas-768x511.jpg 768w\" sizes=\"auto, (max-width: 1000px) 100vw, 1000px\" \/><figcaption class=\"wp-block-jetpack-slideshow_caption gallery-caption\">Evento contou com participa\u00e7\u00e3o de crian\u00e7as e jovens (Foto: Wellington Costa\/F&#038;N)<\/figcaption><\/figure><\/li><li class=\"wp-block-jetpack-slideshow_slide swiper-slide\"><figure><img loading=\"lazy\" decoding=\"async\" width=\"1000\" height=\"666\" alt=\"\" class=\"wp-block-jetpack-slideshow_image wp-image-34008\" data-id=\"34008\" src=\"https:\/\/jornalfatosenoticias.com.br\/wp-content\/uploads\/2022\/09\/Praca-do-Papa.jpg\" srcset=\"https:\/\/jornalfatosenoticias.com.br\/wp-content\/uploads\/2022\/09\/Praca-do-Papa.jpg 1000w, https:\/\/jornalfatosenoticias.com.br\/wp-content\/uploads\/2022\/09\/Praca-do-Papa-300x200.jpg 300w, https:\/\/jornalfatosenoticias.com.br\/wp-content\/uploads\/2022\/09\/Praca-do-Papa-768x511.jpg 768w\" sizes=\"auto, (max-width: 1000px) 100vw, 1000px\" \/><figcaption class=\"wp-block-jetpack-slideshow_caption gallery-caption\">No Esp\u00edrito Santo, concentra\u00e7\u00e3o do povo aconteceu na Pra\u00e7a do Papa, em Vit\u00f3ria-ES (Foto: Wellington Costa\/F&#038;N)<\/figcaption><\/figure><\/li><li class=\"wp-block-jetpack-slideshow_slide swiper-slide\"><figure><img loading=\"lazy\" decoding=\"async\" width=\"1000\" height=\"666\" alt=\"\" class=\"wp-block-jetpack-slideshow_image wp-image-34009\" data-id=\"34009\" src=\"https:\/\/jornalfatosenoticias.com.br\/wp-content\/uploads\/2022\/09\/Veronica.jpg\" srcset=\"https:\/\/jornalfatosenoticias.com.br\/wp-content\/uploads\/2022\/09\/Veronica.jpg 1000w, https:\/\/jornalfatosenoticias.com.br\/wp-content\/uploads\/2022\/09\/Veronica-300x200.jpg 300w, https:\/\/jornalfatosenoticias.com.br\/wp-content\/uploads\/2022\/09\/Veronica-768x511.jpg 768w\" sizes=\"auto, (max-width: 1000px) 100vw, 1000px\" \/><figcaption class=\"wp-block-jetpack-slideshow_caption gallery-caption\">Ver\u00f4nica Trindade, C\u00edntia Amaral e Sheyla Pontes (Foto: Wellington Costa\/F&#038;N)<\/figcaption><\/figure><\/li><\/ul><a class=\"wp-block-jetpack-slideshow_button-prev swiper-button-prev swiper-button-white\" role=\"button\"><\/a><a class=\"wp-block-jetpack-slideshow_button-next swiper-button-next swiper-button-white\" role=\"button\"><\/a><a aria-label=\"Pause Slideshow\" class=\"wp-block-jetpack-slideshow_button-pause\" role=\"button\"><\/a><div class=\"wp-block-jetpack-slideshow_pagination swiper-pagination swiper-pagination-white\"><\/div><\/div><\/div>\n\n\n\n<div class=\"wp-block-image\"><figure class=\"alignright size-large is-resized\"><img loading=\"lazy\" decoding=\"async\" src=\"https:\/\/jornalfatosenoticias.com.br\/wp-content\/uploads\/2020\/02\/SEVENTUR-TURISMO.jpg\" alt=\"\" class=\"wp-image-32994\" width=\"273\" height=\"216\"\/><\/figure><\/div>\n\n\n\n<p>Mas, voltando \u00e0 grande festa dos 200 anos de Independ\u00eancia do Brasil, os capixabas, mais uma vez, deram um verdadeiro show de patriotismo e democracia. Para a microempres\u00e1ria Alice Oliveira Amaral, moradora de Vila Velha, o momento \u00e9 \u00edmpar e, por isso, fez quest\u00e3o de participar com toda fam\u00edlia.<\/p>\n\n\n\n<blockquote class=\"wp-block-quote is-layout-flow wp-block-quote-is-layout-flow\"><p><br><span class=\"has-inline-color has-luminous-vivid-orange-color\">\u201cO momento \u00e9 singular, porque n\u00f3s precisamos resgatar nossos princ\u00edpios e valores morais que, nos \u00faltimos anos, v\u00eam se perdendo. Nossos filhos precisam ter liberdade e valores, nossa filha deve usar o banheiro de meninas, nossos filhos, os banheiros pr\u00f3prios para meninos, ent\u00e3o, acredito eu que o momento \u00e9 de fazer a escolha e decidir o que queremos para nossas futuras gera\u00e7\u00f5es. N\u00e3o quero um regime ditatorial como a popula\u00e7\u00e3o venezuelana se submeteu ao votar errado, n\u00e3o queremos um regime com ideias esquerdistas aqui no Brasil\u201d, frisou.<\/span><\/p><\/blockquote>\n\n\n\n<div class=\"wp-block-image\"><figure class=\"aligncenter size-large is-resized\"><img loading=\"lazy\" decoding=\"async\" src=\"https:\/\/jornalfatosenoticias.com.br\/wp-content\/uploads\/2022\/08\/logo-locau-veiculos-1024x573.png\" alt=\"\" class=\"wp-image-33078\" width=\"348\" height=\"194\"\/><\/figure><\/div>\n\n\n\n<p>De acordo com Ver\u00f4nica Trindade, o evento \u00e9 muito importante para que as pessoas acreditem mais no Brasil. \u201cTodos que est\u00e3o presentes nessa linda festa em homenagem aos 200 anos de independ\u00eancia do nosso Pa\u00eds, est\u00e3o lutando por um Brasil melhor e, querendo ou n\u00e3o, quem est\u00e1 trazendo esse sinal de esperan\u00e7a para n\u00f3s, brasileiros, \u00e9 o candidato Jair Messias Bolsonaro, por isso temos que valoriz\u00e1-lo e apoi\u00e1-lo\u201d, pediu.<\/p>\n\n\n\n<div class=\"wp-block-image\"><figure class=\"aligncenter size-large\"><img loading=\"lazy\" decoding=\"async\" width=\"1024\" height=\"100\" src=\"https:\/\/jornalfatosenoticias.com.br\/wp-content\/uploads\/2022\/05\/NOVA-LOGO-CESCONETTO-1024x100.jpg\" alt=\"\" class=\"wp-image-30792\" srcset=\"https:\/\/jornalfatosenoticias.com.br\/wp-content\/uploads\/2022\/05\/NOVA-LOGO-CESCONETTO-1024x100.jpg 1024w, https:\/\/jornalfatosenoticias.com.br\/wp-content\/uploads\/2022\/05\/NOVA-LOGO-CESCONETTO-300x29.jpg 300w, https:\/\/jornalfatosenoticias.com.br\/wp-content\/uploads\/2022\/05\/NOVA-LOGO-CESCONETTO-768x75.jpg 768w, https:\/\/jornalfatosenoticias.com.br\/wp-content\/uploads\/2022\/05\/NOVA-LOGO-CESCONETTO.jpg 1280w\" sizes=\"auto, (max-width: 1024px) 100vw, 1024px\" \/><\/figure><\/div>\n\n\n\n<p>Para Sheyla Pontes, a esquerda vem introduzindo sua ideologia a passos lentos. <\/p>\n\n\n\n<blockquote class=\"wp-block-quote is-layout-flow wp-block-quote-is-layout-flow\"><p><span class=\"has-inline-color has-luminous-vivid-orange-color\">\u201cEles invertem os valores, qual o trabalho da esquerda?\u201d, questiona. E continua, \u201ctemos que respeitar, mas o trabalho deles \u00e9 o de suprimir os valores \u00e9ticos fundamentais desde a inf\u00e2ncia e tudo se torna relativo. Voc\u00ea pode fazer o que quiser, voc\u00ea pode qualquer coisa. Ok, voc\u00ea pode, mas eles deturpam as verdades. Hoje, n\u00e3o vimos respeito dos filhos aos pais e isso \u00e9 grave\u201d.<\/span><\/p><\/blockquote>\n\n\n\n<div class=\"wp-block-image\"><figure class=\"aligncenter size-large is-resized\"><img loading=\"lazy\" decoding=\"async\" src=\"https:\/\/jornalfatosenoticias.com.br\/wp-content\/uploads\/2020\/02\/nova-logo-Marquetti.jpg\" alt=\"\" class=\"wp-image-22331\" width=\"322\" height=\"216\" srcset=\"https:\/\/jornalfatosenoticias.com.br\/wp-content\/uploads\/2020\/02\/nova-logo-Marquetti.jpg 643w, https:\/\/jornalfatosenoticias.com.br\/wp-content\/uploads\/2020\/02\/nova-logo-Marquetti-300x202.jpg 300w\" sizes=\"auto, (max-width: 322px) 100vw, 322px\" \/><\/figure><\/div>\n\n\n\n<p>J\u00e1 para C\u00edntia Amaral, da \u00e1rea de Com\u00e9rcio Exterior, o Estado precisa ser menos inchado, e citou como exemplo a privatiza\u00e7\u00e3o do Porto de Vit\u00f3ria, \u201cque foi um ganho para o Estado capixaba. A esquerda gosta de fazer barulho e quem vai contra o seu programa, \u00e9 genocida. Sou contra o aborto e a legaliza\u00e7\u00e3o de drogas. Respeito as diferen\u00e7as, mas, a verdade \u00e9 que, s\u00e3o velhas t\u00e1ticas do socialismo a igualdade e a pobreza para o povo e capitalismo para a minoria, que sempre se perpetua no poder\u201d, explicou.<\/p>\n\n\n\n<div class=\"wp-block-image\"><figure class=\"aligncenter size-large\"><img loading=\"lazy\" decoding=\"async\" width=\"729\" height=\"90\" src=\"https:\/\/jornalfatosenoticias.com.br\/wp-content\/uploads\/2020\/02\/Logo_Mizu.png\" alt=\"\" class=\"wp-image-1441\" srcset=\"https:\/\/jornalfatosenoticias.com.br\/wp-content\/uploads\/2020\/02\/Logo_Mizu.png 729w, https:\/\/jornalfatosenoticias.com.br\/wp-content\/uploads\/2020\/02\/Logo_Mizu-300x37.png 300w\" sizes=\"auto, (max-width: 729px) 100vw, 729px\" \/><\/figure><\/div>\n\n\n\n<figure class=\"wp-block-image size-large\"><img loading=\"lazy\" decoding=\"async\" width=\"698\" height=\"1000\" src=\"https:\/\/jornalfatosenoticias.com.br\/wp-content\/uploads\/2022\/09\/Jorge-Luiz.jpg\" alt=\"\" class=\"wp-image-34010\" srcset=\"https:\/\/jornalfatosenoticias.com.br\/wp-content\/uploads\/2022\/09\/Jorge-Luiz.jpg 698w, https:\/\/jornalfatosenoticias.com.br\/wp-content\/uploads\/2022\/09\/Jorge-Luiz-209x300.jpg 209w\" sizes=\"auto, (max-width: 698px) 100vw, 698px\" \/><figcaption><em><span class=\"has-inline-color has-black-color\">Militar reformado Jorge Luiz Carvalho (Foto: Wellington Costa\/F&amp;N)<\/span><\/em><\/figcaption><\/figure>\n\n\n\n<div class=\"wp-block-image\"><figure class=\"alignleft size-large\"><img decoding=\"async\" src=\"https:\/\/jornalfatosenoticias.com.br\/wp-content\/uploads\/2020\/02\/logo_esteio.jpg\" alt=\"\" class=\"wp-image-1214\"\/><\/figure><\/div>\n\n\n\n<p>O militar reformado, Jorge Luiz Carvalho, disse que o evento simplifica e retrata os nossos sentimentos. \u201cN\u00f3s, brasileiros, estamos perdendo a nossa liberdade em v\u00e1rios per\u00edodos da hist\u00f3ria, acho muito bom que o povo tenha acordado. Estava em letargia, lento, e, a\u00ed, veio o movimento que despertou o gigante. Temos, no Brasil, a \u2018bandidolatria\u2019 institucionalizada em conluio com a grande m\u00eddia, hoje, sem nenhuma credibilidade. Ainda bem que estamos separando aos poucos o joio do trigo, a popula\u00e7\u00e3o acordou!\u201d, apontou.<\/p>\n\n\n\n<div class=\"wp-block-image is-style-default\"><figure class=\"aligncenter size-large is-resized\"><img loading=\"lazy\" decoding=\"async\" src=\"https:\/\/jornalfatosenoticias.com.br\/wp-content\/uploads\/2022\/02\/Precisao-Contabilidade-1024x724.jpg\" alt=\"\" class=\"wp-image-28088\" width=\"288\" height=\"203\"\/><\/figure><\/div>\n","protected":false},"excerpt":{"rendered":"<p>O brasileiro mostrou que soberano \u00e9 o povo e que a nossa liberdade, no amplo sentido da palavra, n\u00e3o tem pre\u00e7o. O recado foi dado O 7 de Setembro foi uma gigantesca festa patri\u00f3tica nos quatro cantos do Brasil o que j\u00e1 era de se esperar, uma vez que v\u00edamos no olhar de todos, nos [&hellip;]<\/p>\n","protected":false},"author":3,"featured_media":34011,"comment_status":"open","ping_status":"open","sticky":false,"template":"","format":"standard","meta":{"footnotes":""},"categories":[10],"tags":[4721,15977,4722,12728,15978],"class_list":["post-34003","post","type-post","status-publish","format-standard","has-post-thumbnail","hentry","category-politica","tag-7-de-setembro","tag-evento-patriotico","tag-independencia-do-brasil","tag-patriotismo","tag-povo-nas-ruas"],"yoast_head":"<!-- This site is optimized with the Yoast SEO plugin v26.5 - https:\/\/yoast.com\/wordpress\/plugins\/seo\/ -->\n<title>7 de Setembro \u2014 viva a nossa independ\u00eancia! - Jornal Fatos e Not\u00edcias<\/title>\n<meta name=\"robots\" content=\"index, follow, max-snippet:-1, max-image-preview:large, max-video-preview:-1\" \/>\n<link rel=\"canonical\" href=\"https:\/\/jornalfatosenoticias.com.br\/index.php\/2022\/09\/08\/7-de-setembro-viva-a-nossa-independencia\/\" \/>\n<meta property=\"og:locale\" content=\"pt_BR\" \/>\n<meta property=\"og:type\" content=\"article\" \/>\n<meta property=\"og:title\" content=\"7 de Setembro \u2014 viva a nossa independ\u00eancia! - Jornal Fatos e Not\u00edcias\" \/>\n<meta property=\"og:description\" content=\"O brasileiro mostrou que soberano \u00e9 o povo e que a nossa liberdade, no amplo sentido da palavra, n\u00e3o tem pre\u00e7o. O recado foi dado O 7 de Setembro foi uma gigantesca festa patri\u00f3tica nos quatro cantos do Brasil o que j\u00e1 era de se esperar, uma vez que v\u00edamos no olhar de todos, nos [&hellip;]\" \/>\n<meta property=\"og:url\" content=\"https:\/\/jornalfatosenoticias.com.br\/index.php\/2022\/09\/08\/7-de-setembro-viva-a-nossa-independencia\/\" \/>\n<meta property=\"og:site_name\" content=\"Jornal Fatos e Not\u00edcias\" \/>\n<meta property=\"article:published_time\" content=\"2022-09-08T18:05:06+00:00\" \/>\n<meta property=\"article:modified_time\" content=\"2022-09-08T18:05:07+00:00\" \/>\n<meta property=\"og:image\" content=\"https:\/\/jornalfatosenoticias.com.br\/wp-content\/uploads\/2022\/09\/7-de-setembro.jpg\" \/>\n\t<meta property=\"og:image:width\" content=\"1000\" \/>\n\t<meta property=\"og:image:height\" content=\"666\" \/>\n\t<meta property=\"og:image:type\" content=\"image\/jpeg\" \/>\n<meta name=\"author\" content=\"Haroldo Filho\" \/>\n<meta name=\"twitter:card\" content=\"summary_large_image\" \/>\n<meta name=\"twitter:label1\" content=\"Escrito por\" \/>\n\t<meta name=\"twitter:data1\" content=\"Haroldo Filho\" \/>\n\t<meta name=\"twitter:label2\" content=\"Est. tempo de leitura\" \/>\n\t<meta name=\"twitter:data2\" content=\"5 minutos\" \/>\n<script type=\"application\/ld+json\" class=\"yoast-schema-graph\">{\"@context\":\"https:\/\/schema.org\",\"@graph\":[{\"@type\":\"Article\",\"@id\":\"https:\/\/jornalfatosenoticias.com.br\/index.php\/2022\/09\/08\/7-de-setembro-viva-a-nossa-independencia\/#article\",\"isPartOf\":{\"@id\":\"https:\/\/jornalfatosenoticias.com.br\/index.php\/2022\/09\/08\/7-de-setembro-viva-a-nossa-independencia\/\"},\"author\":{\"name\":\"Haroldo Filho\",\"@id\":\"https:\/\/jornalfatosenoticias.com.br\/#\/schema\/person\/05c46cc25b42a5c27e004fb0fa6b4965\"},\"headline\":\"7 de Setembro \u2014 viva a nossa independ\u00eancia!\",\"datePublished\":\"2022-09-08T18:05:06+00:00\",\"dateModified\":\"2022-09-08T18:05:07+00:00\",\"mainEntityOfPage\":{\"@id\":\"https:\/\/jornalfatosenoticias.com.br\/index.php\/2022\/09\/08\/7-de-setembro-viva-a-nossa-independencia\/\"},\"wordCount\":1009,\"commentCount\":0,\"publisher\":{\"@id\":\"https:\/\/jornalfatosenoticias.com.br\/#organization\"},\"image\":{\"@id\":\"https:\/\/jornalfatosenoticias.com.br\/index.php\/2022\/09\/08\/7-de-setembro-viva-a-nossa-independencia\/#primaryimage\"},\"thumbnailUrl\":\"https:\/\/jornalfatosenoticias.com.br\/wp-content\/uploads\/2022\/09\/7-de-setembro.jpg\",\"keywords\":[\"7 de Setembro\",\"evento patri\u00f3tico\",\"Independ\u00eancia do Brasil\",\"patriotismo\",\"povo nas ruas\"],\"articleSection\":[\"Pol\u00edtica\"],\"inLanguage\":\"pt-BR\",\"potentialAction\":[{\"@type\":\"CommentAction\",\"name\":\"Comment\",\"target\":[\"https:\/\/jornalfatosenoticias.com.br\/index.php\/2022\/09\/08\/7-de-setembro-viva-a-nossa-independencia\/#respond\"]}]},{\"@type\":\"WebPage\",\"@id\":\"https:\/\/jornalfatosenoticias.com.br\/index.php\/2022\/09\/08\/7-de-setembro-viva-a-nossa-independencia\/\",\"url\":\"https:\/\/jornalfatosenoticias.com.br\/index.php\/2022\/09\/08\/7-de-setembro-viva-a-nossa-independencia\/\",\"name\":\"7 de Setembro \u2014 viva a nossa independ\u00eancia! - Jornal Fatos e Not\u00edcias\",\"isPartOf\":{\"@id\":\"https:\/\/jornalfatosenoticias.com.br\/#website\"},\"primaryImageOfPage\":{\"@id\":\"https:\/\/jornalfatosenoticias.com.br\/index.php\/2022\/09\/08\/7-de-setembro-viva-a-nossa-independencia\/#primaryimage\"},\"image\":{\"@id\":\"https:\/\/jornalfatosenoticias.com.br\/index.php\/2022\/09\/08\/7-de-setembro-viva-a-nossa-independencia\/#primaryimage\"},\"thumbnailUrl\":\"https:\/\/jornalfatosenoticias.com.br\/wp-content\/uploads\/2022\/09\/7-de-setembro.jpg\",\"datePublished\":\"2022-09-08T18:05:06+00:00\",\"dateModified\":\"2022-09-08T18:05:07+00:00\",\"breadcrumb\":{\"@id\":\"https:\/\/jornalfatosenoticias.com.br\/index.php\/2022\/09\/08\/7-de-setembro-viva-a-nossa-independencia\/#breadcrumb\"},\"inLanguage\":\"pt-BR\",\"potentialAction\":[{\"@type\":\"ReadAction\",\"target\":[\"https:\/\/jornalfatosenoticias.com.br\/index.php\/2022\/09\/08\/7-de-setembro-viva-a-nossa-independencia\/\"]}]},{\"@type\":\"ImageObject\",\"inLanguage\":\"pt-BR\",\"@id\":\"https:\/\/jornalfatosenoticias.com.br\/index.php\/2022\/09\/08\/7-de-setembro-viva-a-nossa-independencia\/#primaryimage\",\"url\":\"https:\/\/jornalfatosenoticias.com.br\/wp-content\/uploads\/2022\/09\/7-de-setembro.jpg\",\"contentUrl\":\"https:\/\/jornalfatosenoticias.com.br\/wp-content\/uploads\/2022\/09\/7-de-setembro.jpg\",\"width\":1000,\"height\":666},{\"@type\":\"BreadcrumbList\",\"@id\":\"https:\/\/jornalfatosenoticias.com.br\/index.php\/2022\/09\/08\/7-de-setembro-viva-a-nossa-independencia\/#breadcrumb\",\"itemListElement\":[{\"@type\":\"ListItem\",\"position\":1,\"name\":\"In\u00edcio\",\"item\":\"https:\/\/jornalfatosenoticias.com.br\/\"},{\"@type\":\"ListItem\",\"position\":2,\"name\":\"7 de Setembro \u2014 viva a nossa independ\u00eancia!\"}]},{\"@type\":\"WebSite\",\"@id\":\"https:\/\/jornalfatosenoticias.com.br\/#website\",\"url\":\"https:\/\/jornalfatosenoticias.com.br\/\",\"name\":\"Jornal Fatos e Not\u00edcias\",\"description\":\"Not\u00edcias em geral\",\"publisher\":{\"@id\":\"https:\/\/jornalfatosenoticias.com.br\/#organization\"},\"potentialAction\":[{\"@type\":\"SearchAction\",\"target\":{\"@type\":\"EntryPoint\",\"urlTemplate\":\"https:\/\/jornalfatosenoticias.com.br\/?s={search_term_string}\"},\"query-input\":{\"@type\":\"PropertyValueSpecification\",\"valueRequired\":true,\"valueName\":\"search_term_string\"}}],\"inLanguage\":\"pt-BR\"},{\"@type\":\"Organization\",\"@id\":\"https:\/\/jornalfatosenoticias.com.br\/#organization\",\"name\":\"Jornal Fatos e Not\u00edcias\",\"url\":\"https:\/\/jornalfatosenoticias.com.br\/\",\"logo\":{\"@type\":\"ImageObject\",\"inLanguage\":\"pt-BR\",\"@id\":\"https:\/\/jornalfatosenoticias.com.br\/#\/schema\/logo\/image\/\",\"url\":\"https:\/\/jornalfatosenoticias.com.br\/wp-content\/uploads\/2020\/02\/logo120.png\",\"contentUrl\":\"https:\/\/jornalfatosenoticias.com.br\/wp-content\/uploads\/2020\/02\/logo120.png\",\"width\":1227,\"height\":120,\"caption\":\"Jornal Fatos e Not\u00edcias\"},\"image\":{\"@id\":\"https:\/\/jornalfatosenoticias.com.br\/#\/schema\/logo\/image\/\"}},{\"@type\":\"Person\",\"@id\":\"https:\/\/jornalfatosenoticias.com.br\/#\/schema\/person\/05c46cc25b42a5c27e004fb0fa6b4965\",\"name\":\"Haroldo Filho\",\"image\":{\"@type\":\"ImageObject\",\"inLanguage\":\"pt-BR\",\"@id\":\"https:\/\/jornalfatosenoticias.com.br\/#\/schema\/person\/image\/\",\"url\":\"https:\/\/jornalfatosenoticias.com.br\/wp-content\/uploads\/2025\/08\/WhatsApp-Image-2025-08-18-at-15.30.28-150x150.jpeg\",\"contentUrl\":\"https:\/\/jornalfatosenoticias.com.br\/wp-content\/uploads\/2025\/08\/WhatsApp-Image-2025-08-18-at-15.30.28-150x150.jpeg\",\"caption\":\"Haroldo Filho\"},\"description\":\"Jornalista \u2013 DRT: 0003818\/ES Coordenador-geral da ONG Educar para Crescer\",\"url\":\"https:\/\/jornalfatosenoticias.com.br\/index.php\/author\/haroldo\/\"}]}<\/script>\n<!-- \/ Yoast SEO plugin. -->","yoast_head_json":{"title":"7 de Setembro \u2014 viva a nossa independ\u00eancia! - Jornal Fatos e Not\u00edcias","robots":{"index":"index","follow":"follow","max-snippet":"max-snippet:-1","max-image-preview":"max-image-preview:large","max-video-preview":"max-video-preview:-1"},"canonical":"https:\/\/jornalfatosenoticias.com.br\/index.php\/2022\/09\/08\/7-de-setembro-viva-a-nossa-independencia\/","og_locale":"pt_BR","og_type":"article","og_title":"7 de Setembro \u2014 viva a nossa independ\u00eancia! - Jornal Fatos e Not\u00edcias","og_description":"O brasileiro mostrou que soberano \u00e9 o povo e que a nossa liberdade, no amplo sentido da palavra, n\u00e3o tem pre\u00e7o. O recado foi dado O 7 de Setembro foi uma gigantesca festa patri\u00f3tica nos quatro cantos do Brasil o que j\u00e1 era de se esperar, uma vez que v\u00edamos no olhar de todos, nos [&hellip;]","og_url":"https:\/\/jornalfatosenoticias.com.br\/index.php\/2022\/09\/08\/7-de-setembro-viva-a-nossa-independencia\/","og_site_name":"Jornal Fatos e Not\u00edcias","article_published_time":"2022-09-08T18:05:06+00:00","article_modified_time":"2022-09-08T18:05:07+00:00","og_image":[{"width":1000,"height":666,"url":"https:\/\/jornalfatosenoticias.com.br\/wp-content\/uploads\/2022\/09\/7-de-setembro.jpg","type":"image\/jpeg"}],"author":"Haroldo Filho","twitter_card":"summary_large_image","twitter_misc":{"Escrito por":"Haroldo Filho","Est. tempo de leitura":"5 minutos"},"schema":{"@context":"https:\/\/schema.org","@graph":[{"@type":"Article","@id":"https:\/\/jornalfatosenoticias.com.br\/index.php\/2022\/09\/08\/7-de-setembro-viva-a-nossa-independencia\/#article","isPartOf":{"@id":"https:\/\/jornalfatosenoticias.com.br\/index.php\/2022\/09\/08\/7-de-setembro-viva-a-nossa-independencia\/"},"author":{"name":"Haroldo Filho","@id":"https:\/\/jornalfatosenoticias.com.br\/#\/schema\/person\/05c46cc25b42a5c27e004fb0fa6b4965"},"headline":"7 de Setembro \u2014 viva a nossa independ\u00eancia!","datePublished":"2022-09-08T18:05:06+00:00","dateModified":"2022-09-08T18:05:07+00:00","mainEntityOfPage":{"@id":"https:\/\/jornalfatosenoticias.com.br\/index.php\/2022\/09\/08\/7-de-setembro-viva-a-nossa-independencia\/"},"wordCount":1009,"commentCount":0,"publisher":{"@id":"https:\/\/jornalfatosenoticias.com.br\/#organization"},"image":{"@id":"https:\/\/jornalfatosenoticias.com.br\/index.php\/2022\/09\/08\/7-de-setembro-viva-a-nossa-independencia\/#primaryimage"},"thumbnailUrl":"https:\/\/jornalfatosenoticias.com.br\/wp-content\/uploads\/2022\/09\/7-de-setembro.jpg","keywords":["7 de Setembro","evento patri\u00f3tico","Independ\u00eancia do Brasil","patriotismo","povo nas ruas"],"articleSection":["Pol\u00edtica"],"inLanguage":"pt-BR","potentialAction":[{"@type":"CommentAction","name":"Comment","target":["https:\/\/jornalfatosenoticias.com.br\/index.php\/2022\/09\/08\/7-de-setembro-viva-a-nossa-independencia\/#respond"]}]},{"@type":"WebPage","@id":"https:\/\/jornalfatosenoticias.com.br\/index.php\/2022\/09\/08\/7-de-setembro-viva-a-nossa-independencia\/","url":"https:\/\/jornalfatosenoticias.com.br\/index.php\/2022\/09\/08\/7-de-setembro-viva-a-nossa-independencia\/","name":"7 de Setembro \u2014 viva a nossa independ\u00eancia! - Jornal Fatos e Not\u00edcias","isPartOf":{"@id":"https:\/\/jornalfatosenoticias.com.br\/#website"},"primaryImageOfPage":{"@id":"https:\/\/jornalfatosenoticias.com.br\/index.php\/2022\/09\/08\/7-de-setembro-viva-a-nossa-independencia\/#primaryimage"},"image":{"@id":"https:\/\/jornalfatosenoticias.com.br\/index.php\/2022\/09\/08\/7-de-setembro-viva-a-nossa-independencia\/#primaryimage"},"thumbnailUrl":"https:\/\/jornalfatosenoticias.com.br\/wp-content\/uploads\/2022\/09\/7-de-setembro.jpg","datePublished":"2022-09-08T18:05:06+00:00","dateModified":"2022-09-08T18:05:07+00:00","breadcrumb":{"@id":"https:\/\/jornalfatosenoticias.com.br\/index.php\/2022\/09\/08\/7-de-setembro-viva-a-nossa-independencia\/#breadcrumb"},"inLanguage":"pt-BR","potentialAction":[{"@type":"ReadAction","target":["https:\/\/jornalfatosenoticias.com.br\/index.php\/2022\/09\/08\/7-de-setembro-viva-a-nossa-independencia\/"]}]},{"@type":"ImageObject","inLanguage":"pt-BR","@id":"https:\/\/jornalfatosenoticias.com.br\/index.php\/2022\/09\/08\/7-de-setembro-viva-a-nossa-independencia\/#primaryimage","url":"https:\/\/jornalfatosenoticias.com.br\/wp-content\/uploads\/2022\/09\/7-de-setembro.jpg","contentUrl":"https:\/\/jornalfatosenoticias.com.br\/wp-content\/uploads\/2022\/09\/7-de-setembro.jpg","width":1000,"height":666},{"@type":"BreadcrumbList","@id":"https:\/\/jornalfatosenoticias.com.br\/index.php\/2022\/09\/08\/7-de-setembro-viva-a-nossa-independencia\/#breadcrumb","itemListElement":[{"@type":"ListItem","position":1,"name":"In\u00edcio","item":"https:\/\/jornalfatosenoticias.com.br\/"},{"@type":"ListItem","position":2,"name":"7 de Setembro \u2014 viva a nossa independ\u00eancia!"}]},{"@type":"WebSite","@id":"https:\/\/jornalfatosenoticias.com.br\/#website","url":"https:\/\/jornalfatosenoticias.com.br\/","name":"Jornal Fatos e Not\u00edcias","description":"Not\u00edcias em geral","publisher":{"@id":"https:\/\/jornalfatosenoticias.com.br\/#organization"},"potentialAction":[{"@type":"SearchAction","target":{"@type":"EntryPoint","urlTemplate":"https:\/\/jornalfatosenoticias.com.br\/?s={search_term_string}"},"query-input":{"@type":"PropertyValueSpecification","valueRequired":true,"valueName":"search_term_string"}}],"inLanguage":"pt-BR"},{"@type":"Organization","@id":"https:\/\/jornalfatosenoticias.com.br\/#organization","name":"Jornal Fatos e Not\u00edcias","url":"https:\/\/jornalfatosenoticias.com.br\/","logo":{"@type":"ImageObject","inLanguage":"pt-BR","@id":"https:\/\/jornalfatosenoticias.com.br\/#\/schema\/logo\/image\/","url":"https:\/\/jornalfatosenoticias.com.br\/wp-content\/uploads\/2020\/02\/logo120.png","contentUrl":"https:\/\/jornalfatosenoticias.com.br\/wp-content\/uploads\/2020\/02\/logo120.png","width":1227,"height":120,"caption":"Jornal Fatos e Not\u00edcias"},"image":{"@id":"https:\/\/jornalfatosenoticias.com.br\/#\/schema\/logo\/image\/"}},{"@type":"Person","@id":"https:\/\/jornalfatosenoticias.com.br\/#\/schema\/person\/05c46cc25b42a5c27e004fb0fa6b4965","name":"Haroldo Filho","image":{"@type":"ImageObject","inLanguage":"pt-BR","@id":"https:\/\/jornalfatosenoticias.com.br\/#\/schema\/person\/image\/","url":"https:\/\/jornalfatosenoticias.com.br\/wp-content\/uploads\/2025\/08\/WhatsApp-Image-2025-08-18-at-15.30.28-150x150.jpeg","contentUrl":"https:\/\/jornalfatosenoticias.com.br\/wp-content\/uploads\/2025\/08\/WhatsApp-Image-2025-08-18-at-15.30.28-150x150.jpeg","caption":"Haroldo Filho"},"description":"Jornalista \u2013 DRT: 0003818\/ES Coordenador-geral da ONG Educar para Crescer","url":"https:\/\/jornalfatosenoticias.com.br\/index.php\/author\/haroldo\/"}]}},"cc_featured_image_caption":{"caption_text":"(Foto: Wellington Costa\/F&N)","source_text":"","source_url":""},"jetpack_featured_media_url":"https:\/\/jornalfatosenoticias.com.br\/wp-content\/uploads\/2022\/09\/7-de-setembro.jpg","_links":{"self":[{"href":"https:\/\/jornalfatosenoticias.com.br\/index.php\/wp-json\/wp\/v2\/posts\/34003","targetHints":{"allow":["GET"]}}],"collection":[{"href":"https:\/\/jornalfatosenoticias.com.br\/index.php\/wp-json\/wp\/v2\/posts"}],"about":[{"href":"https:\/\/jornalfatosenoticias.com.br\/index.php\/wp-json\/wp\/v2\/types\/post"}],"author":[{"embeddable":true,"href":"https:\/\/jornalfatosenoticias.com.br\/index.php\/wp-json\/wp\/v2\/users\/3"}],"replies":[{"embeddable":true,"href":"https:\/\/jornalfatosenoticias.com.br\/index.php\/wp-json\/wp\/v2\/comments?post=34003"}],"version-history":[{"count":0,"href":"https:\/\/jornalfatosenoticias.com.br\/index.php\/wp-json\/wp\/v2\/posts\/34003\/revisions"}],"wp:featuredmedia":[{"embeddable":true,"href":"https:\/\/jornalfatosenoticias.com.br\/index.php\/wp-json\/wp\/v2\/media\/34011"}],"wp:attachment":[{"href":"https:\/\/jornalfatosenoticias.com.br\/index.php\/wp-json\/wp\/v2\/media?parent=34003"}],"wp:term":[{"taxonomy":"category","embeddable":true,"href":"https:\/\/jornalfatosenoticias.com.br\/index.php\/wp-json\/wp\/v2\/categories?post=34003"},{"taxonomy":"post_tag","embeddable":true,"href":"https:\/\/jornalfatosenoticias.com.br\/index.php\/wp-json\/wp\/v2\/tags?post=34003"}],"curies":[{"name":"wp","href":"https:\/\/api.w.org\/{rel}","templated":true}]}}