{"id":34013,"date":"2022-09-08T15:16:15","date_gmt":"2022-09-08T18:16:15","guid":{"rendered":"https:\/\/jornalfatosenoticias.com.br\/?p=34013"},"modified":"2022-09-08T15:16:17","modified_gmt":"2022-09-08T18:16:17","slug":"como-cresce-uma-crianca-parte-ix","status":"publish","type":"post","link":"https:\/\/jornalfatosenoticias.com.br\/index.php\/2022\/09\/08\/como-cresce-uma-crianca-parte-ix\/","title":{"rendered":"Como cresce uma Crian\u00e7a? \u2014 Parte IX"},"content":{"rendered":"\n<p><em><span class=\"has-inline-color has-black-color\">Ningu\u00e9m ensina ao menino, mas, como a brincadeira dos beb\u00eas de se esconder atr\u00e1s da fraldinha, ele arranca a cabe\u00e7a das bonecas<\/span><\/em><\/p>\n\n\n\n<div class=\"wp-block-image\"><figure class=\"aligncenter size-large\"><img loading=\"lazy\" decoding=\"async\" width=\"1024\" height=\"103\" src=\"https:\/\/jornalfatosenoticias.com.br\/wp-content\/uploads\/2022\/02\/Arte-Autoescola-Galatas_endereco_portal-1024x103.png\" alt=\"\" class=\"wp-image-27869\" srcset=\"https:\/\/jornalfatosenoticias.com.br\/wp-content\/uploads\/2022\/02\/Arte-Autoescola-Galatas_endereco_portal-1024x103.png 1024w, https:\/\/jornalfatosenoticias.com.br\/wp-content\/uploads\/2022\/02\/Arte-Autoescola-Galatas_endereco_portal-300x30.png 300w, https:\/\/jornalfatosenoticias.com.br\/wp-content\/uploads\/2022\/02\/Arte-Autoescola-Galatas_endereco_portal-768x77.png 768w, https:\/\/jornalfatosenoticias.com.br\/wp-content\/uploads\/2022\/02\/Arte-Autoescola-Galatas_endereco_portal.png 1223w\" sizes=\"auto, (max-width: 1024px) 100vw, 1024px\" \/><\/figure><\/div>\n\n\n\n<p>Durante a inf\u00e2ncia, as aquisi\u00e7\u00f5es de novas compet\u00eancias nos diversos campos, s\u00e3o vis\u00edveis. De tal ordem de volume, que temos escalas e curvas de faixas de \u201cnormalidade\u201d, para criar um par\u00e2metro, e que s\u00e3o muito usadas na Pediatria. Mesmo assim, temos um fator do imponder\u00e1vel apontado por algumas Crian\u00e7as que fogem dessas faixas desenhadas em estat\u00edsticas.<br>Nas \u00faltimas semanas, me dediquei a trazer alguns aspectos do desenvolvimento da Crian\u00e7a, o desenvolvimento psicomotor, o cognitivo, o lingu\u00edstico e o afetivo. Descobertas de solu\u00e7\u00f5es simples feitas por observadores atentos e emp\u00e1ticos com as dificuldades e, por vezes, com as dores e o sofrimento da Crian\u00e7a, muito nos esclareceram e colaboraram para a sa\u00fade integral da Crian\u00e7a. A import\u00e2ncia para os prematuros do pele a pele, em contato cont\u00ednuo, formatou o M\u00e9todo da M\u00e3e Canguru. O cuidado personalizado por uma \u00fanica enfermeira nas interna\u00e7\u00f5es longas mostrou que a S\u00edndrome do Hospitalismo pode ser evitada em suas formas mais graves, s\u00e3o duas situa\u00e7\u00f5es afetivas que atingem a sobreviv\u00eancia de beb\u00eas e Crian\u00e7as. O colo como alimento.<\/p>\n\n\n\n<div class=\"wp-block-image\"><figure class=\"aligncenter size-large is-resized\"><img loading=\"lazy\" decoding=\"async\" src=\"https:\/\/jornalfatosenoticias.com.br\/wp-content\/uploads\/2022\/02\/Serra-Pack-459.png\" alt=\"\" class=\"wp-image-27471\" width=\"325\" height=\"130\"\/><\/figure><\/div>\n\n\n\n<p>Faz-se necess\u00e1rio compreender o conceito de m\u00e3e canguru para al\u00e9m da bolsa usada para a efetiva\u00e7\u00e3o desse importante m\u00e9todo. O colo \u00e9 aconchego e \u00e9 prote\u00e7\u00e3o. \u00c9 sustenta\u00e7\u00e3o e sustentabilidade.<br>Como vimos, as falhas no componente afeto s\u00e3o muito danosas, posto que o afeto \u00e9 o combust\u00edvel da forma\u00e7\u00e3o de um indiv\u00edduo. Ent\u00e3o, a sua falta ou a sua m\u00e1 qualidade t\u00eam efeitos distintos. Quando falta, provoca uma busca incessante, vista nas car\u00eancias afetivas que v\u00e3o acompanhar essa Crian\u00e7a por longo tempo. <\/p>\n\n\n\n<div class=\"wp-block-image\"><figure class=\"aligncenter size-large\"><img decoding=\"async\" src=\"https:\/\/jornalfatosenoticias.com.br\/wp-content\/uploads\/2020\/02\/logo-embacia-1-1024x110.jpg\" alt=\"\" class=\"wp-image-33954\"\/><\/figure><\/div>\n\n\n\n<p>Por vezes, pela vida toda. O abandono efetivado por uma m\u00e3e, seguido de abrigamento, marca no beb\u00ea\/Crian\u00e7a essa falha inscrita em camadas profundas, dificilmente, modific\u00e1vel. Por outro lado, a m\u00e1 qualidade desse afeto recebido durante a inf\u00e2ncia ser\u00e1 respons\u00e1vel por um autossentimento de desprezo, de raiva. Se aquela pessoa preferencial a tratava com agressividade, a Crian\u00e7a conclui que ela \u00e9 errada, ela n\u00e3o \u00e9 gost\u00e1vel. Os tempos e as intensidades das falhas afetivas provocam efeitos distintos. Mas, sabemos que elas s\u00e3o promotoras de psicopatologias v\u00e1rias que v\u00e3o influenciar no conv\u00edvio social e na cidadania.<\/p>\n\n\n\n<div class=\"wp-block-image\"><figure class=\"aligncenter size-large is-resized\"><img loading=\"lazy\" decoding=\"async\" src=\"https:\/\/jornalfatosenoticias.com.br\/wp-content\/uploads\/2022\/07\/Logo-Grupo-SEI.jpg\" alt=\"\" class=\"wp-image-31973\" width=\"353\" height=\"185\" srcset=\"https:\/\/jornalfatosenoticias.com.br\/wp-content\/uploads\/2022\/07\/Logo-Grupo-SEI.jpg 713w, https:\/\/jornalfatosenoticias.com.br\/wp-content\/uploads\/2022\/07\/Logo-Grupo-SEI-300x158.jpg 300w\" sizes=\"auto, (max-width: 353px) 100vw, 353px\" \/><\/figure><\/div>\n\n\n\n<figure class=\"wp-block-image size-large\"><img loading=\"lazy\" decoding=\"async\" width=\"1000\" height=\"525\" src=\"https:\/\/jornalfatosenoticias.com.br\/wp-content\/uploads\/2022\/09\/como-melhorar-o-comportamento-das-criancas.jpg\" alt=\"\" class=\"wp-image-34014\" srcset=\"https:\/\/jornalfatosenoticias.com.br\/wp-content\/uploads\/2022\/09\/como-melhorar-o-comportamento-das-criancas.jpg 1000w, https:\/\/jornalfatosenoticias.com.br\/wp-content\/uploads\/2022\/09\/como-melhorar-o-comportamento-das-criancas-300x158.jpg 300w, https:\/\/jornalfatosenoticias.com.br\/wp-content\/uploads\/2022\/09\/como-melhorar-o-comportamento-das-criancas-768x403.jpg 768w\" sizes=\"auto, (max-width: 1000px) 100vw, 1000px\" \/><figcaption><em><span class=\"has-inline-color has-black-color\">Os tempos e as intensidades das falhas afetivas provocam efeitos distintos. Mas, sabemos que elas s\u00e3o promotoras de psicopatologias v\u00e1rias que v\u00e3o influenciar no conv\u00edvio social e na cidadania (Foto: Shutterstock)<\/span><\/em><\/figcaption><\/figure>\n\n\n\n<div class=\"wp-block-image\"><figure class=\"alignright size-large\"><img loading=\"lazy\" decoding=\"async\" width=\"300\" height=\"250\" src=\"https:\/\/jornalfatosenoticias.com.br\/wp-content\/uploads\/2022\/08\/arte-Casarao.jpg\" alt=\"\" class=\"wp-image-33178\"\/><\/figure><\/div>\n\n\n\n<p>Se a Crian\u00e7a aprende as regras e os c\u00f3digos humanos atrav\u00e9s dos jogos e brincadeiras, precisamos lembrar que ainda sofremos de preconceitos educacionais ligados \u00e0 quest\u00e3o de g\u00eanero, muito arraigados, que refor\u00e7am sobremaneira comportamentos de desigualdade entre meninas e meninos, que ir\u00e3o se cristalizar em mulheres e homens mais tarde.<\/p>\n\n\n\n<div class=\"wp-block-image\"><figure class=\"aligncenter size-large\"><img decoding=\"async\" src=\"https:\/\/jornalfatosenoticias.com.br\/wp-content\/uploads\/2020\/02\/nova-logo-zucchi-1024x110.jpeg\" alt=\"\" class=\"wp-image-33846\"\/><\/figure><\/div>\n\n\n\n<p>Dever\u00edamos nos perguntar por que os meninos t\u00eam frequente comportamento de agressividade em rela\u00e7\u00e3o \u00e0s bonecas das meninas? Por que arrancar a cabe\u00e7a de bonecas \u00e9 t\u00e3o repetitivo? Haveria alguma rela\u00e7\u00e3o com a viol\u00eancia dom\u00e9stica posterior? E, como tratamos esse comportamento na inf\u00e2ncia? Ningu\u00e9m ensina ao menino, mas, como a brincadeira dos beb\u00eas de se esconder atr\u00e1s da fraldinha, ele arranca a cabe\u00e7a das bonecas.<\/p>\n\n\n\n<div class=\"wp-block-image\"><figure class=\"alignleft size-large is-resized\"><img loading=\"lazy\" decoding=\"async\" src=\"https:\/\/jornalfatosenoticias.com.br\/wp-content\/uploads\/2022\/02\/Precisao-Contabilidade-1024x724.jpg\" alt=\"\" class=\"wp-image-28088\" width=\"277\" height=\"195\"\/><\/figure><\/div>\n\n\n\n<p>A quest\u00e3o de g\u00eanero merece uma reflex\u00e3o maior, voltaremos em breve. Mas, tamb\u00e9m nas situa\u00e7\u00f5es de abuso sexual intrafamiliar, ela atrapalha e desprotege, aqui, os meninos. Por preconceito e falta de conhecimento, temos a tend\u00eancia a atribuir uma esp\u00e9cie de \u201ccompanheirismo\u201d entre pai e filho, padrasto e enteado, av\u00f4 e neto, e, assim, nos desviamos dos sinais de abuso sexual que esse adulto est\u00e1 praticando com o menino. O comportamento de nega\u00e7\u00e3o de \u201cmacaquinho n\u00e3o v\u00ea, macaquinho n\u00e3o ouve, macaquinho n\u00e3o fala\u201d, dos adultos do entorno \u00e9 o mecanismo de defesa que abandona a Crian\u00e7a nas m\u00e3os de seu agressor.<\/p>\n\n\n\n<div class=\"wp-block-image\"><figure class=\"aligncenter size-large is-resized\"><img loading=\"lazy\" decoding=\"async\" src=\"https:\/\/jornalfatosenoticias.com.br\/wp-content\/uploads\/2022\/08\/logo-locau-veiculos-1024x573.png\" alt=\"\" class=\"wp-image-33078\" width=\"342\" height=\"191\"\/><\/figure><\/div>\n\n\n\n<figure class=\"wp-block-image size-large\"><img loading=\"lazy\" decoding=\"async\" width=\"1000\" height=\"666\" src=\"https:\/\/jornalfatosenoticias.com.br\/wp-content\/uploads\/2022\/09\/meninos-boneca.jpg\" alt=\"\" class=\"wp-image-34015\" srcset=\"https:\/\/jornalfatosenoticias.com.br\/wp-content\/uploads\/2022\/09\/meninos-boneca.jpg 1000w, https:\/\/jornalfatosenoticias.com.br\/wp-content\/uploads\/2022\/09\/meninos-boneca-300x200.jpg 300w, https:\/\/jornalfatosenoticias.com.br\/wp-content\/uploads\/2022\/09\/meninos-boneca-768x511.jpg 768w\" sizes=\"auto, (max-width: 1000px) 100vw, 1000px\" \/><figcaption><em><span class=\"has-inline-color has-black-color\">Ao brincar de boneca, o menino pode desenvolver capacidades e compet\u00eancias afetivas para cuidar de crian\u00e7as e se tornar um \u00f3timo pai (Foto: Getty Images)<\/span><\/em><\/figcaption><\/figure>\n\n\n\n<div class=\"wp-block-image\"><figure class=\"alignright size-large\"><img decoding=\"async\" src=\"https:\/\/jornalfatosenoticias.com.br\/wp-content\/uploads\/2020\/02\/logo_esteio.jpg\" alt=\"\" class=\"wp-image-1214\"\/><\/figure><\/div>\n\n\n\n<p>Precisamos nos debru\u00e7ar nesse ponto para que possamos dimensionar melhor os estragos causados pelo abuso sexual e pela viol\u00eancia f\u00edsica, as duas formas de viol\u00eancia consideradas no conceito que vem sendo estudado como <em>impacto de extremo estresse<\/em>. E, mais ainda, os estragos causados nas diferentes faixas et\u00e1rias, em rela\u00e7\u00e3o \u00e0s defici\u00eancias de percep\u00e7\u00e3o, de resson\u00e2ncia no corpo, de culpa, de decep\u00e7\u00e3o pelo afeto existente em rela\u00e7\u00e3o \u00e0quele adulto.<\/p>\n\n\n\n<div class=\"wp-block-image\"><figure class=\"aligncenter size-large\"><img loading=\"lazy\" decoding=\"async\" width=\"1024\" height=\"100\" src=\"https:\/\/jornalfatosenoticias.com.br\/wp-content\/uploads\/2020\/02\/banner_ferramentas-1024x100.jpg\" alt=\"\" class=\"wp-image-1258\" srcset=\"https:\/\/jornalfatosenoticias.com.br\/wp-content\/uploads\/2020\/02\/banner_ferramentas-1024x100.jpg 1024w, https:\/\/jornalfatosenoticias.com.br\/wp-content\/uploads\/2020\/02\/banner_ferramentas-300x29.jpg 300w, https:\/\/jornalfatosenoticias.com.br\/wp-content\/uploads\/2020\/02\/banner_ferramentas-768x75.jpg 768w, https:\/\/jornalfatosenoticias.com.br\/wp-content\/uploads\/2020\/02\/banner_ferramentas.jpg 1227w\" sizes=\"auto, (max-width: 1024px) 100vw, 1024px\" \/><\/figure><\/div>\n\n\n\n<p>O<em> impacto de extremo estresse,<\/em> em suas duas formas de viol\u00eancia imprime marca compat\u00edvel com a idade, mas, sempre, causa uma desestabiliza\u00e7\u00e3o do que poder\u00edamos, usando uma met\u00e1fora, chamar das placas tect\u00f4nicas da mente humana. Esse abalo n\u00e3o \u00e9 de f\u00e1cil posterior acomoda\u00e7\u00e3o. Mesmo que n\u00e3o haja ainda uma capacidade de armazenamento mn\u00eamico, como quando ocorre com beb\u00eas, o registro assume o formato do comportamento aqui descrito, de resposta de corpo inteiro, como no choro ou no sorriso. Impress\u00f5es, sensa\u00e7\u00f5es difusas, ou bem contornadas nas Crian\u00e7as maiores, n\u00e3o s\u00e3o esquecidas. E causar\u00e3o preju\u00edzos que ser\u00e3o objeto do nosso pr\u00f3ximo artigo.<\/p>\n\n\n\n<div class=\"wp-block-image\"><figure class=\"aligncenter size-large\"><img loading=\"lazy\" decoding=\"async\" width=\"1024\" height=\"100\" src=\"https:\/\/jornalfatosenoticias.com.br\/wp-content\/uploads\/2022\/05\/NOVA-LOGO-CESCONETTO-1024x100.jpg\" alt=\"\" class=\"wp-image-30792\" srcset=\"https:\/\/jornalfatosenoticias.com.br\/wp-content\/uploads\/2022\/05\/NOVA-LOGO-CESCONETTO-1024x100.jpg 1024w, https:\/\/jornalfatosenoticias.com.br\/wp-content\/uploads\/2022\/05\/NOVA-LOGO-CESCONETTO-300x29.jpg 300w, https:\/\/jornalfatosenoticias.com.br\/wp-content\/uploads\/2022\/05\/NOVA-LOGO-CESCONETTO-768x75.jpg 768w, https:\/\/jornalfatosenoticias.com.br\/wp-content\/uploads\/2022\/05\/NOVA-LOGO-CESCONETTO.jpg 1280w\" sizes=\"auto, (max-width: 1024px) 100vw, 1024px\" \/><\/figure><\/div>\n","protected":false},"excerpt":{"rendered":"<p>Ningu\u00e9m ensina ao menino, mas, como a brincadeira dos beb\u00eas de se esconder atr\u00e1s da fraldinha, ele arranca a cabe\u00e7a das bonecas Durante a inf\u00e2ncia, as aquisi\u00e7\u00f5es de novas compet\u00eancias nos diversos campos, s\u00e3o vis\u00edveis. De tal ordem de volume, que temos escalas e curvas de faixas de \u201cnormalidade\u201d, para criar um par\u00e2metro, e que [&hellip;]<\/p>\n","protected":false},"author":8,"featured_media":34016,"comment_status":"open","ping_status":"open","sticky":false,"template":"","format":"standard","meta":{"footnotes":""},"categories":[2522],"tags":[15980,15685,15979,1779,1042],"class_list":["post-34013","post","type-post","status-publish","format-standard","has-post-thumbnail","hentry","category-comportamento","tag-colo-de-mae","tag-como-cresce-uma-crianca","tag-competencias-afetivas","tag-comportamento-infantil","tag-desenvolvimento-infantil"],"yoast_head":"<!-- This site is optimized with the Yoast SEO plugin v26.5 - https:\/\/yoast.com\/wordpress\/plugins\/seo\/ -->\n<title>Como cresce uma Crian\u00e7a? \u2014 Parte IX - Jornal Fatos e Not\u00edcias<\/title>\n<meta name=\"robots\" content=\"index, follow, max-snippet:-1, max-image-preview:large, max-video-preview:-1\" \/>\n<link rel=\"canonical\" href=\"https:\/\/jornalfatosenoticias.com.br\/index.php\/2022\/09\/08\/como-cresce-uma-crianca-parte-ix\/\" \/>\n<meta property=\"og:locale\" content=\"pt_BR\" \/>\n<meta property=\"og:type\" content=\"article\" \/>\n<meta property=\"og:title\" content=\"Como cresce uma Crian\u00e7a? \u2014 Parte IX - Jornal Fatos e Not\u00edcias\" \/>\n<meta property=\"og:description\" content=\"Ningu\u00e9m ensina ao menino, mas, como a brincadeira dos beb\u00eas de se esconder atr\u00e1s da fraldinha, ele arranca a cabe\u00e7a das bonecas Durante a inf\u00e2ncia, as aquisi\u00e7\u00f5es de novas compet\u00eancias nos diversos campos, s\u00e3o vis\u00edveis. De tal ordem de volume, que temos escalas e curvas de faixas de \u201cnormalidade\u201d, para criar um par\u00e2metro, e que [&hellip;]\" \/>\n<meta property=\"og:url\" content=\"https:\/\/jornalfatosenoticias.com.br\/index.php\/2022\/09\/08\/como-cresce-uma-crianca-parte-ix\/\" \/>\n<meta property=\"og:site_name\" content=\"Jornal Fatos e Not\u00edcias\" \/>\n<meta property=\"article:published_time\" content=\"2022-09-08T18:16:15+00:00\" \/>\n<meta property=\"article:modified_time\" content=\"2022-09-08T18:16:17+00:00\" \/>\n<meta property=\"og:image\" content=\"https:\/\/jornalfatosenoticias.com.br\/wp-content\/uploads\/2022\/09\/COLO-DE-MAE.jpg\" \/>\n\t<meta property=\"og:image:width\" content=\"1000\" \/>\n\t<meta property=\"og:image:height\" content=\"666\" \/>\n\t<meta property=\"og:image:type\" content=\"image\/jpeg\" \/>\n<meta name=\"author\" content=\"Ana Maria Iencarelli\" \/>\n<meta name=\"twitter:card\" content=\"summary_large_image\" \/>\n<meta name=\"twitter:label1\" content=\"Escrito por\" \/>\n\t<meta name=\"twitter:data1\" content=\"Ana Maria Iencarelli\" \/>\n\t<meta name=\"twitter:label2\" content=\"Est. tempo de leitura\" \/>\n\t<meta name=\"twitter:data2\" content=\"5 minutos\" \/>\n<script type=\"application\/ld+json\" class=\"yoast-schema-graph\">{\"@context\":\"https:\/\/schema.org\",\"@graph\":[{\"@type\":\"Article\",\"@id\":\"https:\/\/jornalfatosenoticias.com.br\/index.php\/2022\/09\/08\/como-cresce-uma-crianca-parte-ix\/#article\",\"isPartOf\":{\"@id\":\"https:\/\/jornalfatosenoticias.com.br\/index.php\/2022\/09\/08\/como-cresce-uma-crianca-parte-ix\/\"},\"author\":{\"name\":\"Ana Maria Iencarelli\",\"@id\":\"https:\/\/jornalfatosenoticias.com.br\/#\/schema\/person\/c33fcf5fb02d729d3fec92c6737a22d1\"},\"headline\":\"Como cresce uma Crian\u00e7a? \u2014 Parte IX\",\"datePublished\":\"2022-09-08T18:16:15+00:00\",\"dateModified\":\"2022-09-08T18:16:17+00:00\",\"mainEntityOfPage\":{\"@id\":\"https:\/\/jornalfatosenoticias.com.br\/index.php\/2022\/09\/08\/como-cresce-uma-crianca-parte-ix\/\"},\"wordCount\":938,\"commentCount\":0,\"publisher\":{\"@id\":\"https:\/\/jornalfatosenoticias.com.br\/#organization\"},\"image\":{\"@id\":\"https:\/\/jornalfatosenoticias.com.br\/index.php\/2022\/09\/08\/como-cresce-uma-crianca-parte-ix\/#primaryimage\"},\"thumbnailUrl\":\"https:\/\/jornalfatosenoticias.com.br\/wp-content\/uploads\/2022\/09\/COLO-DE-MAE.jpg\",\"keywords\":[\"colo de m\u00e3e\",\"como cresce uma crian\u00e7a\",\"compet\u00eancias afetivas\",\"comportamento infantil\",\"desenvolvimento infantil\"],\"articleSection\":[\"Comportamento &amp; Equil\u00edbrio\"],\"inLanguage\":\"pt-BR\",\"potentialAction\":[{\"@type\":\"CommentAction\",\"name\":\"Comment\",\"target\":[\"https:\/\/jornalfatosenoticias.com.br\/index.php\/2022\/09\/08\/como-cresce-uma-crianca-parte-ix\/#respond\"]}]},{\"@type\":\"WebPage\",\"@id\":\"https:\/\/jornalfatosenoticias.com.br\/index.php\/2022\/09\/08\/como-cresce-uma-crianca-parte-ix\/\",\"url\":\"https:\/\/jornalfatosenoticias.com.br\/index.php\/2022\/09\/08\/como-cresce-uma-crianca-parte-ix\/\",\"name\":\"Como cresce uma Crian\u00e7a? \u2014 Parte IX - Jornal Fatos e Not\u00edcias\",\"isPartOf\":{\"@id\":\"https:\/\/jornalfatosenoticias.com.br\/#website\"},\"primaryImageOfPage\":{\"@id\":\"https:\/\/jornalfatosenoticias.com.br\/index.php\/2022\/09\/08\/como-cresce-uma-crianca-parte-ix\/#primaryimage\"},\"image\":{\"@id\":\"https:\/\/jornalfatosenoticias.com.br\/index.php\/2022\/09\/08\/como-cresce-uma-crianca-parte-ix\/#primaryimage\"},\"thumbnailUrl\":\"https:\/\/jornalfatosenoticias.com.br\/wp-content\/uploads\/2022\/09\/COLO-DE-MAE.jpg\",\"datePublished\":\"2022-09-08T18:16:15+00:00\",\"dateModified\":\"2022-09-08T18:16:17+00:00\",\"breadcrumb\":{\"@id\":\"https:\/\/jornalfatosenoticias.com.br\/index.php\/2022\/09\/08\/como-cresce-uma-crianca-parte-ix\/#breadcrumb\"},\"inLanguage\":\"pt-BR\",\"potentialAction\":[{\"@type\":\"ReadAction\",\"target\":[\"https:\/\/jornalfatosenoticias.com.br\/index.php\/2022\/09\/08\/como-cresce-uma-crianca-parte-ix\/\"]}]},{\"@type\":\"ImageObject\",\"inLanguage\":\"pt-BR\",\"@id\":\"https:\/\/jornalfatosenoticias.com.br\/index.php\/2022\/09\/08\/como-cresce-uma-crianca-parte-ix\/#primaryimage\",\"url\":\"https:\/\/jornalfatosenoticias.com.br\/wp-content\/uploads\/2022\/09\/COLO-DE-MAE.jpg\",\"contentUrl\":\"https:\/\/jornalfatosenoticias.com.br\/wp-content\/uploads\/2022\/09\/COLO-DE-MAE.jpg\",\"width\":1000,\"height\":666,\"caption\":\"Happy family mother and child daughter play and laughing in bed\"},{\"@type\":\"BreadcrumbList\",\"@id\":\"https:\/\/jornalfatosenoticias.com.br\/index.php\/2022\/09\/08\/como-cresce-uma-crianca-parte-ix\/#breadcrumb\",\"itemListElement\":[{\"@type\":\"ListItem\",\"position\":1,\"name\":\"In\u00edcio\",\"item\":\"https:\/\/jornalfatosenoticias.com.br\/\"},{\"@type\":\"ListItem\",\"position\":2,\"name\":\"Como cresce uma Crian\u00e7a? \u2014 Parte IX\"}]},{\"@type\":\"WebSite\",\"@id\":\"https:\/\/jornalfatosenoticias.com.br\/#website\",\"url\":\"https:\/\/jornalfatosenoticias.com.br\/\",\"name\":\"Jornal Fatos e Not\u00edcias\",\"description\":\"Not\u00edcias em geral\",\"publisher\":{\"@id\":\"https:\/\/jornalfatosenoticias.com.br\/#organization\"},\"potentialAction\":[{\"@type\":\"SearchAction\",\"target\":{\"@type\":\"EntryPoint\",\"urlTemplate\":\"https:\/\/jornalfatosenoticias.com.br\/?s={search_term_string}\"},\"query-input\":{\"@type\":\"PropertyValueSpecification\",\"valueRequired\":true,\"valueName\":\"search_term_string\"}}],\"inLanguage\":\"pt-BR\"},{\"@type\":\"Organization\",\"@id\":\"https:\/\/jornalfatosenoticias.com.br\/#organization\",\"name\":\"Jornal Fatos e Not\u00edcias\",\"url\":\"https:\/\/jornalfatosenoticias.com.br\/\",\"logo\":{\"@type\":\"ImageObject\",\"inLanguage\":\"pt-BR\",\"@id\":\"https:\/\/jornalfatosenoticias.com.br\/#\/schema\/logo\/image\/\",\"url\":\"https:\/\/jornalfatosenoticias.com.br\/wp-content\/uploads\/2020\/02\/logo120.png\",\"contentUrl\":\"https:\/\/jornalfatosenoticias.com.br\/wp-content\/uploads\/2020\/02\/logo120.png\",\"width\":1227,\"height\":120,\"caption\":\"Jornal Fatos e Not\u00edcias\"},\"image\":{\"@id\":\"https:\/\/jornalfatosenoticias.com.br\/#\/schema\/logo\/image\/\"}},{\"@type\":\"Person\",\"@id\":\"https:\/\/jornalfatosenoticias.com.br\/#\/schema\/person\/c33fcf5fb02d729d3fec92c6737a22d1\",\"name\":\"Ana Maria Iencarelli\",\"image\":{\"@type\":\"ImageObject\",\"inLanguage\":\"pt-BR\",\"@id\":\"https:\/\/jornalfatosenoticias.com.br\/#\/schema\/person\/image\/\",\"url\":\"https:\/\/jornalfatosenoticias.com.br\/wp-content\/uploads\/2020\/02\/Ana-Maria-Iencarelli-1-150x150.jpg\",\"contentUrl\":\"https:\/\/jornalfatosenoticias.com.br\/wp-content\/uploads\/2020\/02\/Ana-Maria-Iencarelli-1-150x150.jpg\",\"caption\":\"Ana Maria Iencarelli\"},\"description\":\"Psicanalista Cl\u00ednica, especializada no atendimento a Crian\u00e7as e Adolescentes. Presidente da ONG Vozes de Anjos.\",\"url\":\"https:\/\/jornalfatosenoticias.com.br\/index.php\/author\/anamaria\/\"}]}<\/script>\n<!-- \/ Yoast SEO plugin. -->","yoast_head_json":{"title":"Como cresce uma Crian\u00e7a? \u2014 Parte IX - Jornal Fatos e Not\u00edcias","robots":{"index":"index","follow":"follow","max-snippet":"max-snippet:-1","max-image-preview":"max-image-preview:large","max-video-preview":"max-video-preview:-1"},"canonical":"https:\/\/jornalfatosenoticias.com.br\/index.php\/2022\/09\/08\/como-cresce-uma-crianca-parte-ix\/","og_locale":"pt_BR","og_type":"article","og_title":"Como cresce uma Crian\u00e7a? \u2014 Parte IX - Jornal Fatos e Not\u00edcias","og_description":"Ningu\u00e9m ensina ao menino, mas, como a brincadeira dos beb\u00eas de se esconder atr\u00e1s da fraldinha, ele arranca a cabe\u00e7a das bonecas Durante a inf\u00e2ncia, as aquisi\u00e7\u00f5es de novas compet\u00eancias nos diversos campos, s\u00e3o vis\u00edveis. De tal ordem de volume, que temos escalas e curvas de faixas de \u201cnormalidade\u201d, para criar um par\u00e2metro, e que [&hellip;]","og_url":"https:\/\/jornalfatosenoticias.com.br\/index.php\/2022\/09\/08\/como-cresce-uma-crianca-parte-ix\/","og_site_name":"Jornal Fatos e Not\u00edcias","article_published_time":"2022-09-08T18:16:15+00:00","article_modified_time":"2022-09-08T18:16:17+00:00","og_image":[{"width":1000,"height":666,"url":"https:\/\/jornalfatosenoticias.com.br\/wp-content\/uploads\/2022\/09\/COLO-DE-MAE.jpg","type":"image\/jpeg"}],"author":"Ana Maria Iencarelli","twitter_card":"summary_large_image","twitter_misc":{"Escrito por":"Ana Maria Iencarelli","Est. tempo de leitura":"5 minutos"},"schema":{"@context":"https:\/\/schema.org","@graph":[{"@type":"Article","@id":"https:\/\/jornalfatosenoticias.com.br\/index.php\/2022\/09\/08\/como-cresce-uma-crianca-parte-ix\/#article","isPartOf":{"@id":"https:\/\/jornalfatosenoticias.com.br\/index.php\/2022\/09\/08\/como-cresce-uma-crianca-parte-ix\/"},"author":{"name":"Ana Maria Iencarelli","@id":"https:\/\/jornalfatosenoticias.com.br\/#\/schema\/person\/c33fcf5fb02d729d3fec92c6737a22d1"},"headline":"Como cresce uma Crian\u00e7a? \u2014 Parte IX","datePublished":"2022-09-08T18:16:15+00:00","dateModified":"2022-09-08T18:16:17+00:00","mainEntityOfPage":{"@id":"https:\/\/jornalfatosenoticias.com.br\/index.php\/2022\/09\/08\/como-cresce-uma-crianca-parte-ix\/"},"wordCount":938,"commentCount":0,"publisher":{"@id":"https:\/\/jornalfatosenoticias.com.br\/#organization"},"image":{"@id":"https:\/\/jornalfatosenoticias.com.br\/index.php\/2022\/09\/08\/como-cresce-uma-crianca-parte-ix\/#primaryimage"},"thumbnailUrl":"https:\/\/jornalfatosenoticias.com.br\/wp-content\/uploads\/2022\/09\/COLO-DE-MAE.jpg","keywords":["colo de m\u00e3e","como cresce uma crian\u00e7a","compet\u00eancias afetivas","comportamento infantil","desenvolvimento infantil"],"articleSection":["Comportamento &amp; Equil\u00edbrio"],"inLanguage":"pt-BR","potentialAction":[{"@type":"CommentAction","name":"Comment","target":["https:\/\/jornalfatosenoticias.com.br\/index.php\/2022\/09\/08\/como-cresce-uma-crianca-parte-ix\/#respond"]}]},{"@type":"WebPage","@id":"https:\/\/jornalfatosenoticias.com.br\/index.php\/2022\/09\/08\/como-cresce-uma-crianca-parte-ix\/","url":"https:\/\/jornalfatosenoticias.com.br\/index.php\/2022\/09\/08\/como-cresce-uma-crianca-parte-ix\/","name":"Como cresce uma Crian\u00e7a? \u2014 Parte IX - Jornal Fatos e Not\u00edcias","isPartOf":{"@id":"https:\/\/jornalfatosenoticias.com.br\/#website"},"primaryImageOfPage":{"@id":"https:\/\/jornalfatosenoticias.com.br\/index.php\/2022\/09\/08\/como-cresce-uma-crianca-parte-ix\/#primaryimage"},"image":{"@id":"https:\/\/jornalfatosenoticias.com.br\/index.php\/2022\/09\/08\/como-cresce-uma-crianca-parte-ix\/#primaryimage"},"thumbnailUrl":"https:\/\/jornalfatosenoticias.com.br\/wp-content\/uploads\/2022\/09\/COLO-DE-MAE.jpg","datePublished":"2022-09-08T18:16:15+00:00","dateModified":"2022-09-08T18:16:17+00:00","breadcrumb":{"@id":"https:\/\/jornalfatosenoticias.com.br\/index.php\/2022\/09\/08\/como-cresce-uma-crianca-parte-ix\/#breadcrumb"},"inLanguage":"pt-BR","potentialAction":[{"@type":"ReadAction","target":["https:\/\/jornalfatosenoticias.com.br\/index.php\/2022\/09\/08\/como-cresce-uma-crianca-parte-ix\/"]}]},{"@type":"ImageObject","inLanguage":"pt-BR","@id":"https:\/\/jornalfatosenoticias.com.br\/index.php\/2022\/09\/08\/como-cresce-uma-crianca-parte-ix\/#primaryimage","url":"https:\/\/jornalfatosenoticias.com.br\/wp-content\/uploads\/2022\/09\/COLO-DE-MAE.jpg","contentUrl":"https:\/\/jornalfatosenoticias.com.br\/wp-content\/uploads\/2022\/09\/COLO-DE-MAE.jpg","width":1000,"height":666,"caption":"Happy family mother and child daughter play and laughing in bed"},{"@type":"BreadcrumbList","@id":"https:\/\/jornalfatosenoticias.com.br\/index.php\/2022\/09\/08\/como-cresce-uma-crianca-parte-ix\/#breadcrumb","itemListElement":[{"@type":"ListItem","position":1,"name":"In\u00edcio","item":"https:\/\/jornalfatosenoticias.com.br\/"},{"@type":"ListItem","position":2,"name":"Como cresce uma Crian\u00e7a? \u2014 Parte IX"}]},{"@type":"WebSite","@id":"https:\/\/jornalfatosenoticias.com.br\/#website","url":"https:\/\/jornalfatosenoticias.com.br\/","name":"Jornal Fatos e Not\u00edcias","description":"Not\u00edcias em geral","publisher":{"@id":"https:\/\/jornalfatosenoticias.com.br\/#organization"},"potentialAction":[{"@type":"SearchAction","target":{"@type":"EntryPoint","urlTemplate":"https:\/\/jornalfatosenoticias.com.br\/?s={search_term_string}"},"query-input":{"@type":"PropertyValueSpecification","valueRequired":true,"valueName":"search_term_string"}}],"inLanguage":"pt-BR"},{"@type":"Organization","@id":"https:\/\/jornalfatosenoticias.com.br\/#organization","name":"Jornal Fatos e Not\u00edcias","url":"https:\/\/jornalfatosenoticias.com.br\/","logo":{"@type":"ImageObject","inLanguage":"pt-BR","@id":"https:\/\/jornalfatosenoticias.com.br\/#\/schema\/logo\/image\/","url":"https:\/\/jornalfatosenoticias.com.br\/wp-content\/uploads\/2020\/02\/logo120.png","contentUrl":"https:\/\/jornalfatosenoticias.com.br\/wp-content\/uploads\/2020\/02\/logo120.png","width":1227,"height":120,"caption":"Jornal Fatos e Not\u00edcias"},"image":{"@id":"https:\/\/jornalfatosenoticias.com.br\/#\/schema\/logo\/image\/"}},{"@type":"Person","@id":"https:\/\/jornalfatosenoticias.com.br\/#\/schema\/person\/c33fcf5fb02d729d3fec92c6737a22d1","name":"Ana Maria Iencarelli","image":{"@type":"ImageObject","inLanguage":"pt-BR","@id":"https:\/\/jornalfatosenoticias.com.br\/#\/schema\/person\/image\/","url":"https:\/\/jornalfatosenoticias.com.br\/wp-content\/uploads\/2020\/02\/Ana-Maria-Iencarelli-1-150x150.jpg","contentUrl":"https:\/\/jornalfatosenoticias.com.br\/wp-content\/uploads\/2020\/02\/Ana-Maria-Iencarelli-1-150x150.jpg","caption":"Ana Maria Iencarelli"},"description":"Psicanalista Cl\u00ednica, especializada no atendimento a Crian\u00e7as e Adolescentes. Presidente da ONG Vozes de Anjos.","url":"https:\/\/jornalfatosenoticias.com.br\/index.php\/author\/anamaria\/"}]}},"cc_featured_image_caption":{"caption_text":"(Foto: Getty Images\/iStockphoto) ","source_text":"","source_url":""},"jetpack_featured_media_url":"https:\/\/jornalfatosenoticias.com.br\/wp-content\/uploads\/2022\/09\/COLO-DE-MAE.jpg","_links":{"self":[{"href":"https:\/\/jornalfatosenoticias.com.br\/index.php\/wp-json\/wp\/v2\/posts\/34013","targetHints":{"allow":["GET"]}}],"collection":[{"href":"https:\/\/jornalfatosenoticias.com.br\/index.php\/wp-json\/wp\/v2\/posts"}],"about":[{"href":"https:\/\/jornalfatosenoticias.com.br\/index.php\/wp-json\/wp\/v2\/types\/post"}],"author":[{"embeddable":true,"href":"https:\/\/jornalfatosenoticias.com.br\/index.php\/wp-json\/wp\/v2\/users\/8"}],"replies":[{"embeddable":true,"href":"https:\/\/jornalfatosenoticias.com.br\/index.php\/wp-json\/wp\/v2\/comments?post=34013"}],"version-history":[{"count":0,"href":"https:\/\/jornalfatosenoticias.com.br\/index.php\/wp-json\/wp\/v2\/posts\/34013\/revisions"}],"wp:featuredmedia":[{"embeddable":true,"href":"https:\/\/jornalfatosenoticias.com.br\/index.php\/wp-json\/wp\/v2\/media\/34016"}],"wp:attachment":[{"href":"https:\/\/jornalfatosenoticias.com.br\/index.php\/wp-json\/wp\/v2\/media?parent=34013"}],"wp:term":[{"taxonomy":"category","embeddable":true,"href":"https:\/\/jornalfatosenoticias.com.br\/index.php\/wp-json\/wp\/v2\/categories?post=34013"},{"taxonomy":"post_tag","embeddable":true,"href":"https:\/\/jornalfatosenoticias.com.br\/index.php\/wp-json\/wp\/v2\/tags?post=34013"}],"curies":[{"name":"wp","href":"https:\/\/api.w.org\/{rel}","templated":true}]}}