{"id":34034,"date":"2022-09-08T18:26:16","date_gmt":"2022-09-08T21:26:16","guid":{"rendered":"https:\/\/jornalfatosenoticias.com.br\/?p=34034"},"modified":"2022-09-08T18:26:18","modified_gmt":"2022-09-08T21:26:18","slug":"colher-feita-de-papel-cartao-biodegradavel-e-lancada-no-brasil","status":"publish","type":"post","link":"https:\/\/jornalfatosenoticias.com.br\/index.php\/2022\/09\/08\/colher-feita-de-papel-cartao-biodegradavel-e-lancada-no-brasil\/","title":{"rendered":"Colher feita de papel-cart\u00e3o biodegrad\u00e1vel \u00e9 lan\u00e7ada no Brasil"},"content":{"rendered":"\n<p><em><span class=\"has-inline-color has-black-color\">A colher Biohz se degrada em 12 a 18 meses e pode ser usada em todos os tipos de alimentos e temperaturas<\/span><\/em><\/p>\n\n\n\n<div class=\"wp-block-image\"><figure class=\"aligncenter size-large\"><img loading=\"lazy\" decoding=\"async\" width=\"1024\" height=\"99\" src=\"https:\/\/jornalfatosenoticias.com.br\/wp-content\/uploads\/2020\/02\/Logo-Mizu-segunda-2-1024x99.png\" alt=\"\" class=\"wp-image-2353\" srcset=\"https:\/\/jornalfatosenoticias.com.br\/wp-content\/uploads\/2020\/02\/Logo-Mizu-segunda-2-1024x99.png 1024w, https:\/\/jornalfatosenoticias.com.br\/wp-content\/uploads\/2020\/02\/Logo-Mizu-segunda-2-300x29.png 300w, https:\/\/jornalfatosenoticias.com.br\/wp-content\/uploads\/2020\/02\/Logo-Mizu-segunda-2-768x74.png 768w, https:\/\/jornalfatosenoticias.com.br\/wp-content\/uploads\/2020\/02\/Logo-Mizu-segunda-2.png 1240w\" sizes=\"auto, (max-width: 1024px) 100vw, 1024px\" \/><\/figure><\/div>\n\n\n\n<p>Com a pandemia, o n\u00famero de <a href=\"https:\/\/www.ciclovivo.com.br\/planeta\/meio-ambiente\/consumo-de-plastico-em-delivery-de-comida-aumentou-46\/\" target=\"_blank\" rel=\"noreferrer noopener\">pedidos em delivery<\/a> aumentou significativamente. E junto com as milh\u00f5es de entregas, vieram muitas toneladas de pl\u00e1stico de uso \u00fanico \u2014 itens que s\u00e3o usados por alguns minutos (as vezes segundos) e ficam no planeta por s\u00e9culos. Encontrar solu\u00e7\u00f5es para que as entregas de refei\u00e7\u00f5es, e tamb\u00e9m as refei\u00e7\u00f5es fora de casa, sejam mais sustent\u00e1veis \u00e9 urgente.<br>Para substituir o talher descart\u00e1vel mais comum, a Innovapack lan\u00e7ou no Brasil uma colher feita de papel-cart\u00e3o recicl\u00e1vel e biodegrad\u00e1vel. O utens\u00edlio \u00e9 indicado para contato direto com todos os tipos de alimentos e temperaturas, tendo estrutura resistente, aliada a tratamento antiumidade e antigordura.<br>Segundo Cl\u00e1udio Gon\u00e7alves, diretor comercial da empresa, a colher Biohz \u00e9 o primeiro lan\u00e7amento de uma linha de <a href=\"https:\/\/www.ciclovivo.com.br\/inovacao\/negocios\/mapeei-reabre-em-nova-loja-que-reune-marcas-sustentaveis\/\" target=\"_blank\" rel=\"noreferrer noopener\">produtos sustent\u00e1veis<\/a> e foi o item pioneiro justamente porque a colher, entre os outros talheres descart\u00e1veis, \u00e9 o que mais tem uso e consumo na via p\u00fablica.<\/p>\n\n\n\n<div class=\"wp-block-image\"><figure class=\"aligncenter size-large\"><img decoding=\"async\" src=\"https:\/\/jornalfatosenoticias.com.br\/wp-content\/uploads\/2020\/02\/logo-embacia-1-1024x110.jpg\" alt=\"\" class=\"wp-image-33954\"\/><\/figure><\/div>\n\n\n\n<figure class=\"wp-block-image size-large\"><img loading=\"lazy\" decoding=\"async\" width=\"1000\" height=\"666\" src=\"https:\/\/jornalfatosenoticias.com.br\/wp-content\/uploads\/2022\/09\/colher-papel-2.jpg\" alt=\"\" class=\"wp-image-34035\" srcset=\"https:\/\/jornalfatosenoticias.com.br\/wp-content\/uploads\/2022\/09\/colher-papel-2.jpg 1000w, https:\/\/jornalfatosenoticias.com.br\/wp-content\/uploads\/2022\/09\/colher-papel-2-300x200.jpg 300w, https:\/\/jornalfatosenoticias.com.br\/wp-content\/uploads\/2022\/09\/colher-papel-2-768x511.jpg 768w\" sizes=\"auto, (max-width: 1000px) 100vw, 1000px\" \/><figcaption><em><span class=\"has-inline-color has-black-color\">(Foto: Divulga\u00e7\u00e3o)<\/span><\/em><\/figcaption><\/figure>\n\n\n\n<div class=\"wp-block-image\"><figure class=\"aligncenter size-large\"><img loading=\"lazy\" decoding=\"async\" width=\"300\" height=\"250\" src=\"https:\/\/jornalfatosenoticias.com.br\/wp-content\/uploads\/2022\/08\/arte-Casarao.jpg\" alt=\"\" class=\"wp-image-33178\"\/><\/figure><\/div>\n\n\n\n<blockquote class=\"wp-block-quote is-layout-flow wp-block-quote-is-layout-flow\"><p><span class=\"has-inline-color has-luminous-vivid-orange-color\">\u201cQuer\u00edamos come\u00e7ar com um produto massivo e reinvent\u00e1-lo de uma forma mais sustent\u00e1vel. V\u00e1rios designs foram testados at\u00e9 chegar ao ideal. A Biohz possui um cabo ergon\u00f4mico e resistente, macio e duradouro. Mais importante ainda, \u00e9 uma alternativa conveniente e sustent\u00e1vel \u00e0s colheres de pl\u00e1stico que vemos em todos os lugares\u201d, diz Gon\u00e7alves.<\/span><\/p><\/blockquote>\n\n\n\n<div class=\"wp-block-image\"><figure class=\"alignleft size-large is-resized\"><img loading=\"lazy\" decoding=\"async\" src=\"https:\/\/jornalfatosenoticias.com.br\/wp-content\/uploads\/2022\/07\/Logo-Grupo-SEI.jpg\" alt=\"\" class=\"wp-image-31973\" width=\"365\" height=\"192\" srcset=\"https:\/\/jornalfatosenoticias.com.br\/wp-content\/uploads\/2022\/07\/Logo-Grupo-SEI.jpg 713w, https:\/\/jornalfatosenoticias.com.br\/wp-content\/uploads\/2022\/07\/Logo-Grupo-SEI-300x158.jpg 300w\" sizes=\"auto, (max-width: 365px) 100vw, 365px\" \/><\/figure><\/div>\n\n\n\n<p>A expectativa da Innovapack \u00e9 produzir cerca de 35 milh\u00f5es de colheres durante o primeiro ano, apenas para o estado de S\u00e3o Paulo. O pre\u00e7o sugerido, de acordo com a empresa, ser\u00e1 competitivo com as op\u00e7\u00f5es dispon\u00edveis no mercado, sejam colheres de pl\u00e1stico convencionais ou outras alternativas, como colheres de <a href=\"https:\/\/www.ciclovivo.com.br\/arq-urb\/arquitetura\/por-que-o-bambu-materia-prima-do-futuro\/\" target=\"_blank\" rel=\"noreferrer noopener\">bambu<\/a>.<\/p>\n\n\n\n<div class=\"wp-block-image\"><figure class=\"aligncenter size-large\"><img decoding=\"async\" src=\"https:\/\/jornalfatosenoticias.com.br\/wp-content\/uploads\/2020\/02\/nova-logo-zucchi-1024x110.jpeg\" alt=\"\" class=\"wp-image-33846\"\/><\/figure><\/div>\n\n\n\n<p>A Colher Biohz j\u00e1 foi lan\u00e7ada na Argentina em 2021 com alto n\u00edvel de aceita\u00e7\u00e3o dos consumidores e recebeu o \u201cRed Dot Award\u201d na Alemanha, um dos maiores concursos de design no mundo que premia os melhores produtos a cada ano.<br>Para o desenvolvimento deste produto, foram utilizados recursos e tecnologia dispon\u00edveis internamente, o que incluiu o desenvolvimento de maquin\u00e1rio, com uma m\u00e1quina autom\u00e1tica especial para formar e colar a colher. Foi um trabalho de quase um ano para chegar ao projeto ideal da ca\u00e7amba e ao desenvolvimento do maquin\u00e1rio, ambos pendentes de patentes nacionais e internacionais.<\/p>\n\n\n\n<div class=\"wp-block-image\"><figure class=\"aligncenter size-large is-resized\"><img loading=\"lazy\" decoding=\"async\" src=\"https:\/\/jornalfatosenoticias.com.br\/wp-content\/uploads\/2022\/08\/logo-locau-veiculos-1024x573.png\" alt=\"\" class=\"wp-image-33078\" width=\"391\" height=\"218\"\/><\/figure><\/div>\n\n\n\n<p><strong><em>Fonte: <a href=\"https:\/\/ciclovivo.com.br\/arq-urb\/design\/colher-feita-de-papel-cartao-biodegradavel-e-lancada-no-brasil\/\">CicloVivo<\/a><\/em><\/strong><\/p>\n","protected":false},"excerpt":{"rendered":"<p>A colher Biohz se degrada em 12 a 18 meses e pode ser usada em todos os tipos de alimentos e temperaturas Com a pandemia, o n\u00famero de pedidos em delivery aumentou significativamente. E junto com as milh\u00f5es de entregas, vieram muitas toneladas de pl\u00e1stico de uso \u00fanico \u2014 itens que s\u00e3o usados por alguns [&hellip;]<\/p>\n","protected":false},"author":2,"featured_media":34036,"comment_status":"open","ping_status":"open","sticky":false,"template":"","format":"standard","meta":{"footnotes":""},"categories":[3],"tags":[15990,15989,9014,11836,15441],"class_list":["post-34034","post","type-post","status-publish","format-standard","has-post-thumbnail","hentry","category-tecnologia","tag-colher-biohz","tag-colher-de-papel","tag-delivery","tag-plastico-descartavel","tag-produtos-sustentaveis"],"yoast_head":"<!-- This site is optimized with the Yoast SEO plugin v26.5 - https:\/\/yoast.com\/wordpress\/plugins\/seo\/ -->\n<title>Colher feita de papel-cart\u00e3o biodegrad\u00e1vel \u00e9 lan\u00e7ada no Brasil - Jornal Fatos e Not\u00edcias<\/title>\n<meta name=\"robots\" content=\"index, follow, max-snippet:-1, max-image-preview:large, max-video-preview:-1\" \/>\n<link rel=\"canonical\" href=\"https:\/\/jornalfatosenoticias.com.br\/index.php\/2022\/09\/08\/colher-feita-de-papel-cartao-biodegradavel-e-lancada-no-brasil\/\" \/>\n<meta property=\"og:locale\" content=\"pt_BR\" \/>\n<meta property=\"og:type\" content=\"article\" \/>\n<meta property=\"og:title\" content=\"Colher feita de papel-cart\u00e3o biodegrad\u00e1vel \u00e9 lan\u00e7ada no Brasil - Jornal Fatos e Not\u00edcias\" \/>\n<meta property=\"og:description\" content=\"A colher Biohz se degrada em 12 a 18 meses e pode ser usada em todos os tipos de alimentos e temperaturas Com a pandemia, o n\u00famero de pedidos em delivery aumentou significativamente. E junto com as milh\u00f5es de entregas, vieram muitas toneladas de pl\u00e1stico de uso \u00fanico \u2014 itens que s\u00e3o usados por alguns [&hellip;]\" \/>\n<meta property=\"og:url\" content=\"https:\/\/jornalfatosenoticias.com.br\/index.php\/2022\/09\/08\/colher-feita-de-papel-cartao-biodegradavel-e-lancada-no-brasil\/\" \/>\n<meta property=\"og:site_name\" content=\"Jornal Fatos e Not\u00edcias\" \/>\n<meta property=\"article:published_time\" content=\"2022-09-08T21:26:16+00:00\" \/>\n<meta property=\"article:modified_time\" content=\"2022-09-08T21:26:18+00:00\" \/>\n<meta property=\"og:image\" content=\"https:\/\/jornalfatosenoticias.com.br\/wp-content\/uploads\/2022\/09\/colher-papel-1.jpg\" \/>\n\t<meta property=\"og:image:width\" content=\"1000\" \/>\n\t<meta property=\"og:image:height\" content=\"700\" \/>\n\t<meta property=\"og:image:type\" content=\"image\/jpeg\" \/>\n<meta name=\"author\" content=\"Luzimara Fernandes\" \/>\n<meta name=\"twitter:card\" content=\"summary_large_image\" \/>\n<meta name=\"twitter:label1\" content=\"Escrito por\" \/>\n\t<meta name=\"twitter:data1\" content=\"Luzimara Fernandes\" \/>\n\t<meta name=\"twitter:label2\" content=\"Est. tempo de leitura\" \/>\n\t<meta name=\"twitter:data2\" content=\"2 minutos\" \/>\n<script type=\"application\/ld+json\" class=\"yoast-schema-graph\">{\"@context\":\"https:\/\/schema.org\",\"@graph\":[{\"@type\":\"Article\",\"@id\":\"https:\/\/jornalfatosenoticias.com.br\/index.php\/2022\/09\/08\/colher-feita-de-papel-cartao-biodegradavel-e-lancada-no-brasil\/#article\",\"isPartOf\":{\"@id\":\"https:\/\/jornalfatosenoticias.com.br\/index.php\/2022\/09\/08\/colher-feita-de-papel-cartao-biodegradavel-e-lancada-no-brasil\/\"},\"author\":{\"name\":\"Luzimara Fernandes\",\"@id\":\"https:\/\/jornalfatosenoticias.com.br\/#\/schema\/person\/d63837fa13ac8666eb9e74e0985d6f81\"},\"headline\":\"Colher feita de papel-cart\u00e3o biodegrad\u00e1vel \u00e9 lan\u00e7ada no Brasil\",\"datePublished\":\"2022-09-08T21:26:16+00:00\",\"dateModified\":\"2022-09-08T21:26:18+00:00\",\"mainEntityOfPage\":{\"@id\":\"https:\/\/jornalfatosenoticias.com.br\/index.php\/2022\/09\/08\/colher-feita-de-papel-cartao-biodegradavel-e-lancada-no-brasil\/\"},\"wordCount\":426,\"commentCount\":0,\"publisher\":{\"@id\":\"https:\/\/jornalfatosenoticias.com.br\/#organization\"},\"image\":{\"@id\":\"https:\/\/jornalfatosenoticias.com.br\/index.php\/2022\/09\/08\/colher-feita-de-papel-cartao-biodegradavel-e-lancada-no-brasil\/#primaryimage\"},\"thumbnailUrl\":\"https:\/\/jornalfatosenoticias.com.br\/wp-content\/uploads\/2022\/09\/colher-papel-1.jpg\",\"keywords\":[\"colher Biohz\",\"colher de papel\",\"delivery\",\"pl\u00e1stico descart\u00e1vel\",\"produtos sustent\u00e1veis\"],\"articleSection\":[\"Tecnologia &amp; Inova\u00e7\u00e3o\"],\"inLanguage\":\"pt-BR\",\"potentialAction\":[{\"@type\":\"CommentAction\",\"name\":\"Comment\",\"target\":[\"https:\/\/jornalfatosenoticias.com.br\/index.php\/2022\/09\/08\/colher-feita-de-papel-cartao-biodegradavel-e-lancada-no-brasil\/#respond\"]}]},{\"@type\":\"WebPage\",\"@id\":\"https:\/\/jornalfatosenoticias.com.br\/index.php\/2022\/09\/08\/colher-feita-de-papel-cartao-biodegradavel-e-lancada-no-brasil\/\",\"url\":\"https:\/\/jornalfatosenoticias.com.br\/index.php\/2022\/09\/08\/colher-feita-de-papel-cartao-biodegradavel-e-lancada-no-brasil\/\",\"name\":\"Colher feita de papel-cart\u00e3o biodegrad\u00e1vel \u00e9 lan\u00e7ada no Brasil - Jornal Fatos e Not\u00edcias\",\"isPartOf\":{\"@id\":\"https:\/\/jornalfatosenoticias.com.br\/#website\"},\"primaryImageOfPage\":{\"@id\":\"https:\/\/jornalfatosenoticias.com.br\/index.php\/2022\/09\/08\/colher-feita-de-papel-cartao-biodegradavel-e-lancada-no-brasil\/#primaryimage\"},\"image\":{\"@id\":\"https:\/\/jornalfatosenoticias.com.br\/index.php\/2022\/09\/08\/colher-feita-de-papel-cartao-biodegradavel-e-lancada-no-brasil\/#primaryimage\"},\"thumbnailUrl\":\"https:\/\/jornalfatosenoticias.com.br\/wp-content\/uploads\/2022\/09\/colher-papel-1.jpg\",\"datePublished\":\"2022-09-08T21:26:16+00:00\",\"dateModified\":\"2022-09-08T21:26:18+00:00\",\"breadcrumb\":{\"@id\":\"https:\/\/jornalfatosenoticias.com.br\/index.php\/2022\/09\/08\/colher-feita-de-papel-cartao-biodegradavel-e-lancada-no-brasil\/#breadcrumb\"},\"inLanguage\":\"pt-BR\",\"potentialAction\":[{\"@type\":\"ReadAction\",\"target\":[\"https:\/\/jornalfatosenoticias.com.br\/index.php\/2022\/09\/08\/colher-feita-de-papel-cartao-biodegradavel-e-lancada-no-brasil\/\"]}]},{\"@type\":\"ImageObject\",\"inLanguage\":\"pt-BR\",\"@id\":\"https:\/\/jornalfatosenoticias.com.br\/index.php\/2022\/09\/08\/colher-feita-de-papel-cartao-biodegradavel-e-lancada-no-brasil\/#primaryimage\",\"url\":\"https:\/\/jornalfatosenoticias.com.br\/wp-content\/uploads\/2022\/09\/colher-papel-1.jpg\",\"contentUrl\":\"https:\/\/jornalfatosenoticias.com.br\/wp-content\/uploads\/2022\/09\/colher-papel-1.jpg\",\"width\":1000,\"height\":700},{\"@type\":\"BreadcrumbList\",\"@id\":\"https:\/\/jornalfatosenoticias.com.br\/index.php\/2022\/09\/08\/colher-feita-de-papel-cartao-biodegradavel-e-lancada-no-brasil\/#breadcrumb\",\"itemListElement\":[{\"@type\":\"ListItem\",\"position\":1,\"name\":\"In\u00edcio\",\"item\":\"https:\/\/jornalfatosenoticias.com.br\/\"},{\"@type\":\"ListItem\",\"position\":2,\"name\":\"Colher feita de papel-cart\u00e3o biodegrad\u00e1vel \u00e9 lan\u00e7ada no Brasil\"}]},{\"@type\":\"WebSite\",\"@id\":\"https:\/\/jornalfatosenoticias.com.br\/#website\",\"url\":\"https:\/\/jornalfatosenoticias.com.br\/\",\"name\":\"Jornal Fatos e Not\u00edcias\",\"description\":\"Not\u00edcias em geral\",\"publisher\":{\"@id\":\"https:\/\/jornalfatosenoticias.com.br\/#organization\"},\"potentialAction\":[{\"@type\":\"SearchAction\",\"target\":{\"@type\":\"EntryPoint\",\"urlTemplate\":\"https:\/\/jornalfatosenoticias.com.br\/?s={search_term_string}\"},\"query-input\":{\"@type\":\"PropertyValueSpecification\",\"valueRequired\":true,\"valueName\":\"search_term_string\"}}],\"inLanguage\":\"pt-BR\"},{\"@type\":\"Organization\",\"@id\":\"https:\/\/jornalfatosenoticias.com.br\/#organization\",\"name\":\"Jornal Fatos e Not\u00edcias\",\"url\":\"https:\/\/jornalfatosenoticias.com.br\/\",\"logo\":{\"@type\":\"ImageObject\",\"inLanguage\":\"pt-BR\",\"@id\":\"https:\/\/jornalfatosenoticias.com.br\/#\/schema\/logo\/image\/\",\"url\":\"https:\/\/jornalfatosenoticias.com.br\/wp-content\/uploads\/2020\/02\/logo120.png\",\"contentUrl\":\"https:\/\/jornalfatosenoticias.com.br\/wp-content\/uploads\/2020\/02\/logo120.png\",\"width\":1227,\"height\":120,\"caption\":\"Jornal Fatos e Not\u00edcias\"},\"image\":{\"@id\":\"https:\/\/jornalfatosenoticias.com.br\/#\/schema\/logo\/image\/\"}},{\"@type\":\"Person\",\"@id\":\"https:\/\/jornalfatosenoticias.com.br\/#\/schema\/person\/d63837fa13ac8666eb9e74e0985d6f81\",\"name\":\"Luzimara Fernandes\",\"image\":{\"@type\":\"ImageObject\",\"inLanguage\":\"pt-BR\",\"@id\":\"https:\/\/jornalfatosenoticias.com.br\/#\/schema\/person\/image\/\",\"url\":\"https:\/\/jornalfatosenoticias.com.br\/wp-content\/uploads\/2025\/05\/EU_portal.jpg\",\"contentUrl\":\"https:\/\/jornalfatosenoticias.com.br\/wp-content\/uploads\/2025\/05\/EU_portal.jpg\",\"caption\":\"Luzimara Fernandes\"},\"description\":\"Jornalista MTB 2358-ES\",\"sameAs\":[\"https:\/\/jornalfatosenoticias.com.br\"],\"url\":\"https:\/\/jornalfatosenoticias.com.br\/index.php\/author\/luzimara\/\"}]}<\/script>\n<!-- \/ Yoast SEO plugin. -->","yoast_head_json":{"title":"Colher feita de papel-cart\u00e3o biodegrad\u00e1vel \u00e9 lan\u00e7ada no Brasil - Jornal Fatos e Not\u00edcias","robots":{"index":"index","follow":"follow","max-snippet":"max-snippet:-1","max-image-preview":"max-image-preview:large","max-video-preview":"max-video-preview:-1"},"canonical":"https:\/\/jornalfatosenoticias.com.br\/index.php\/2022\/09\/08\/colher-feita-de-papel-cartao-biodegradavel-e-lancada-no-brasil\/","og_locale":"pt_BR","og_type":"article","og_title":"Colher feita de papel-cart\u00e3o biodegrad\u00e1vel \u00e9 lan\u00e7ada no Brasil - Jornal Fatos e Not\u00edcias","og_description":"A colher Biohz se degrada em 12 a 18 meses e pode ser usada em todos os tipos de alimentos e temperaturas Com a pandemia, o n\u00famero de pedidos em delivery aumentou significativamente. E junto com as milh\u00f5es de entregas, vieram muitas toneladas de pl\u00e1stico de uso \u00fanico \u2014 itens que s\u00e3o usados por alguns [&hellip;]","og_url":"https:\/\/jornalfatosenoticias.com.br\/index.php\/2022\/09\/08\/colher-feita-de-papel-cartao-biodegradavel-e-lancada-no-brasil\/","og_site_name":"Jornal Fatos e Not\u00edcias","article_published_time":"2022-09-08T21:26:16+00:00","article_modified_time":"2022-09-08T21:26:18+00:00","og_image":[{"width":1000,"height":700,"url":"https:\/\/jornalfatosenoticias.com.br\/wp-content\/uploads\/2022\/09\/colher-papel-1.jpg","type":"image\/jpeg"}],"author":"Luzimara Fernandes","twitter_card":"summary_large_image","twitter_misc":{"Escrito por":"Luzimara Fernandes","Est. tempo de leitura":"2 minutos"},"schema":{"@context":"https:\/\/schema.org","@graph":[{"@type":"Article","@id":"https:\/\/jornalfatosenoticias.com.br\/index.php\/2022\/09\/08\/colher-feita-de-papel-cartao-biodegradavel-e-lancada-no-brasil\/#article","isPartOf":{"@id":"https:\/\/jornalfatosenoticias.com.br\/index.php\/2022\/09\/08\/colher-feita-de-papel-cartao-biodegradavel-e-lancada-no-brasil\/"},"author":{"name":"Luzimara Fernandes","@id":"https:\/\/jornalfatosenoticias.com.br\/#\/schema\/person\/d63837fa13ac8666eb9e74e0985d6f81"},"headline":"Colher feita de papel-cart\u00e3o biodegrad\u00e1vel \u00e9 lan\u00e7ada no Brasil","datePublished":"2022-09-08T21:26:16+00:00","dateModified":"2022-09-08T21:26:18+00:00","mainEntityOfPage":{"@id":"https:\/\/jornalfatosenoticias.com.br\/index.php\/2022\/09\/08\/colher-feita-de-papel-cartao-biodegradavel-e-lancada-no-brasil\/"},"wordCount":426,"commentCount":0,"publisher":{"@id":"https:\/\/jornalfatosenoticias.com.br\/#organization"},"image":{"@id":"https:\/\/jornalfatosenoticias.com.br\/index.php\/2022\/09\/08\/colher-feita-de-papel-cartao-biodegradavel-e-lancada-no-brasil\/#primaryimage"},"thumbnailUrl":"https:\/\/jornalfatosenoticias.com.br\/wp-content\/uploads\/2022\/09\/colher-papel-1.jpg","keywords":["colher Biohz","colher de papel","delivery","pl\u00e1stico descart\u00e1vel","produtos sustent\u00e1veis"],"articleSection":["Tecnologia &amp; Inova\u00e7\u00e3o"],"inLanguage":"pt-BR","potentialAction":[{"@type":"CommentAction","name":"Comment","target":["https:\/\/jornalfatosenoticias.com.br\/index.php\/2022\/09\/08\/colher-feita-de-papel-cartao-biodegradavel-e-lancada-no-brasil\/#respond"]}]},{"@type":"WebPage","@id":"https:\/\/jornalfatosenoticias.com.br\/index.php\/2022\/09\/08\/colher-feita-de-papel-cartao-biodegradavel-e-lancada-no-brasil\/","url":"https:\/\/jornalfatosenoticias.com.br\/index.php\/2022\/09\/08\/colher-feita-de-papel-cartao-biodegradavel-e-lancada-no-brasil\/","name":"Colher feita de papel-cart\u00e3o biodegrad\u00e1vel \u00e9 lan\u00e7ada no Brasil - Jornal Fatos e Not\u00edcias","isPartOf":{"@id":"https:\/\/jornalfatosenoticias.com.br\/#website"},"primaryImageOfPage":{"@id":"https:\/\/jornalfatosenoticias.com.br\/index.php\/2022\/09\/08\/colher-feita-de-papel-cartao-biodegradavel-e-lancada-no-brasil\/#primaryimage"},"image":{"@id":"https:\/\/jornalfatosenoticias.com.br\/index.php\/2022\/09\/08\/colher-feita-de-papel-cartao-biodegradavel-e-lancada-no-brasil\/#primaryimage"},"thumbnailUrl":"https:\/\/jornalfatosenoticias.com.br\/wp-content\/uploads\/2022\/09\/colher-papel-1.jpg","datePublished":"2022-09-08T21:26:16+00:00","dateModified":"2022-09-08T21:26:18+00:00","breadcrumb":{"@id":"https:\/\/jornalfatosenoticias.com.br\/index.php\/2022\/09\/08\/colher-feita-de-papel-cartao-biodegradavel-e-lancada-no-brasil\/#breadcrumb"},"inLanguage":"pt-BR","potentialAction":[{"@type":"ReadAction","target":["https:\/\/jornalfatosenoticias.com.br\/index.php\/2022\/09\/08\/colher-feita-de-papel-cartao-biodegradavel-e-lancada-no-brasil\/"]}]},{"@type":"ImageObject","inLanguage":"pt-BR","@id":"https:\/\/jornalfatosenoticias.com.br\/index.php\/2022\/09\/08\/colher-feita-de-papel-cartao-biodegradavel-e-lancada-no-brasil\/#primaryimage","url":"https:\/\/jornalfatosenoticias.com.br\/wp-content\/uploads\/2022\/09\/colher-papel-1.jpg","contentUrl":"https:\/\/jornalfatosenoticias.com.br\/wp-content\/uploads\/2022\/09\/colher-papel-1.jpg","width":1000,"height":700},{"@type":"BreadcrumbList","@id":"https:\/\/jornalfatosenoticias.com.br\/index.php\/2022\/09\/08\/colher-feita-de-papel-cartao-biodegradavel-e-lancada-no-brasil\/#breadcrumb","itemListElement":[{"@type":"ListItem","position":1,"name":"In\u00edcio","item":"https:\/\/jornalfatosenoticias.com.br\/"},{"@type":"ListItem","position":2,"name":"Colher feita de papel-cart\u00e3o biodegrad\u00e1vel \u00e9 lan\u00e7ada no Brasil"}]},{"@type":"WebSite","@id":"https:\/\/jornalfatosenoticias.com.br\/#website","url":"https:\/\/jornalfatosenoticias.com.br\/","name":"Jornal Fatos e Not\u00edcias","description":"Not\u00edcias em geral","publisher":{"@id":"https:\/\/jornalfatosenoticias.com.br\/#organization"},"potentialAction":[{"@type":"SearchAction","target":{"@type":"EntryPoint","urlTemplate":"https:\/\/jornalfatosenoticias.com.br\/?s={search_term_string}"},"query-input":{"@type":"PropertyValueSpecification","valueRequired":true,"valueName":"search_term_string"}}],"inLanguage":"pt-BR"},{"@type":"Organization","@id":"https:\/\/jornalfatosenoticias.com.br\/#organization","name":"Jornal Fatos e Not\u00edcias","url":"https:\/\/jornalfatosenoticias.com.br\/","logo":{"@type":"ImageObject","inLanguage":"pt-BR","@id":"https:\/\/jornalfatosenoticias.com.br\/#\/schema\/logo\/image\/","url":"https:\/\/jornalfatosenoticias.com.br\/wp-content\/uploads\/2020\/02\/logo120.png","contentUrl":"https:\/\/jornalfatosenoticias.com.br\/wp-content\/uploads\/2020\/02\/logo120.png","width":1227,"height":120,"caption":"Jornal Fatos e Not\u00edcias"},"image":{"@id":"https:\/\/jornalfatosenoticias.com.br\/#\/schema\/logo\/image\/"}},{"@type":"Person","@id":"https:\/\/jornalfatosenoticias.com.br\/#\/schema\/person\/d63837fa13ac8666eb9e74e0985d6f81","name":"Luzimara Fernandes","image":{"@type":"ImageObject","inLanguage":"pt-BR","@id":"https:\/\/jornalfatosenoticias.com.br\/#\/schema\/person\/image\/","url":"https:\/\/jornalfatosenoticias.com.br\/wp-content\/uploads\/2025\/05\/EU_portal.jpg","contentUrl":"https:\/\/jornalfatosenoticias.com.br\/wp-content\/uploads\/2025\/05\/EU_portal.jpg","caption":"Luzimara Fernandes"},"description":"Jornalista MTB 2358-ES","sameAs":["https:\/\/jornalfatosenoticias.com.br"],"url":"https:\/\/jornalfatosenoticias.com.br\/index.php\/author\/luzimara\/"}]}},"cc_featured_image_caption":{"caption_text":"(Foto: Divulga\u00e7\u00e3o)","source_text":"","source_url":""},"jetpack_featured_media_url":"https:\/\/jornalfatosenoticias.com.br\/wp-content\/uploads\/2022\/09\/colher-papel-1.jpg","_links":{"self":[{"href":"https:\/\/jornalfatosenoticias.com.br\/index.php\/wp-json\/wp\/v2\/posts\/34034","targetHints":{"allow":["GET"]}}],"collection":[{"href":"https:\/\/jornalfatosenoticias.com.br\/index.php\/wp-json\/wp\/v2\/posts"}],"about":[{"href":"https:\/\/jornalfatosenoticias.com.br\/index.php\/wp-json\/wp\/v2\/types\/post"}],"author":[{"embeddable":true,"href":"https:\/\/jornalfatosenoticias.com.br\/index.php\/wp-json\/wp\/v2\/users\/2"}],"replies":[{"embeddable":true,"href":"https:\/\/jornalfatosenoticias.com.br\/index.php\/wp-json\/wp\/v2\/comments?post=34034"}],"version-history":[{"count":0,"href":"https:\/\/jornalfatosenoticias.com.br\/index.php\/wp-json\/wp\/v2\/posts\/34034\/revisions"}],"wp:featuredmedia":[{"embeddable":true,"href":"https:\/\/jornalfatosenoticias.com.br\/index.php\/wp-json\/wp\/v2\/media\/34036"}],"wp:attachment":[{"href":"https:\/\/jornalfatosenoticias.com.br\/index.php\/wp-json\/wp\/v2\/media?parent=34034"}],"wp:term":[{"taxonomy":"category","embeddable":true,"href":"https:\/\/jornalfatosenoticias.com.br\/index.php\/wp-json\/wp\/v2\/categories?post=34034"},{"taxonomy":"post_tag","embeddable":true,"href":"https:\/\/jornalfatosenoticias.com.br\/index.php\/wp-json\/wp\/v2\/tags?post=34034"}],"curies":[{"name":"wp","href":"https:\/\/api.w.org\/{rel}","templated":true}]}}