{"id":34038,"date":"2022-09-08T18:36:07","date_gmt":"2022-09-08T21:36:07","guid":{"rendered":"https:\/\/jornalfatosenoticias.com.br\/?p=34038"},"modified":"2022-09-08T18:36:09","modified_gmt":"2022-09-08T21:36:09","slug":"mausoleu-e-larapio-pessoas-que-viraram-palavras","status":"publish","type":"post","link":"https:\/\/jornalfatosenoticias.com.br\/index.php\/2022\/09\/08\/mausoleu-e-larapio-pessoas-que-viraram-palavras\/","title":{"rendered":"Mausol\u00e9u e lar\u00e1pio: pessoas que viraram palavras"},"content":{"rendered":"\n<p><em><span class=\"has-inline-color has-black-color\">Grandes obras e mentiras criaram alguns palavras do dicion\u00e1rio<\/span><\/em><\/p>\n\n\n\n<div class=\"wp-block-image\"><figure class=\"aligncenter size-large\"><img loading=\"lazy\" decoding=\"async\" width=\"1024\" height=\"100\" src=\"https:\/\/jornalfatosenoticias.com.br\/wp-content\/uploads\/2022\/05\/NOVA-LOGO-CESCONETTO-1024x100.jpg\" alt=\"\" class=\"wp-image-30792\" srcset=\"https:\/\/jornalfatosenoticias.com.br\/wp-content\/uploads\/2022\/05\/NOVA-LOGO-CESCONETTO-1024x100.jpg 1024w, https:\/\/jornalfatosenoticias.com.br\/wp-content\/uploads\/2022\/05\/NOVA-LOGO-CESCONETTO-300x29.jpg 300w, https:\/\/jornalfatosenoticias.com.br\/wp-content\/uploads\/2022\/05\/NOVA-LOGO-CESCONETTO-768x75.jpg 768w, https:\/\/jornalfatosenoticias.com.br\/wp-content\/uploads\/2022\/05\/NOVA-LOGO-CESCONETTO.jpg 1280w\" sizes=\"auto, (max-width: 1024px) 100vw, 1024px\" \/><\/figure><\/div>\n\n\n\n<p>J\u00e1 imaginou se voc\u00ea deixasse \u00e0 humanidade uma <a href=\"https:\/\/aventurasnahistoria.uol.com.br\/noticias\/reportagem\/ultimas-palavras-da-mae-de-amy-winehouse-para-filha.phtml\" rel=\"noreferrer noopener\" target=\"_blank\">palavra<\/a> derivada de si mesmo? S\u00f3 em portugu\u00eas existem quase mil palavras derivadas do nome de pessoas \u2014 denominadas ep\u00f4nimos. <\/p>\n\n\n\n<blockquote class=\"wp-block-quote is-layout-flow wp-block-quote-is-layout-flow\"><p><span class=\"has-inline-color has-luminous-vivid-orange-color\">\u201cA maioria concentrada no <a href=\"https:\/\/aventurasnahistoria.uol.com.br\/noticias\/reportagem\/amo-meus-filhos-ate-a-morte-a-emocionante-carta-deixada-por-diana-para-william-e-harry.phtml\" rel=\"noreferrer noopener\" target=\"_blank\">vocabul\u00e1rio<\/a>\u00a0m\u00e9dico e cient\u00edfico, como \u2018mal de Parkinson\u2019, ou em avan\u00e7os tecnol\u00f3gicos\u201d, dizia o linguista\u00a0<strong>John Schmitz<\/strong>\u00a0 (1936-2017). <\/span><\/p><\/blockquote>\n\n\n\n<div class=\"wp-block-image\"><figure class=\"aligncenter size-large\"><img loading=\"lazy\" decoding=\"async\" width=\"1024\" height=\"103\" src=\"https:\/\/jornalfatosenoticias.com.br\/wp-content\/uploads\/2022\/02\/Arte-Autoescola-Galatas_endereco_portal-1024x103.png\" alt=\"\" class=\"wp-image-27869\" srcset=\"https:\/\/jornalfatosenoticias.com.br\/wp-content\/uploads\/2022\/02\/Arte-Autoescola-Galatas_endereco_portal-1024x103.png 1024w, https:\/\/jornalfatosenoticias.com.br\/wp-content\/uploads\/2022\/02\/Arte-Autoescola-Galatas_endereco_portal-300x30.png 300w, https:\/\/jornalfatosenoticias.com.br\/wp-content\/uploads\/2022\/02\/Arte-Autoescola-Galatas_endereco_portal-768x77.png 768w, https:\/\/jornalfatosenoticias.com.br\/wp-content\/uploads\/2022\/02\/Arte-Autoescola-Galatas_endereco_portal.png 1223w\" sizes=\"auto, (max-width: 1024px) 100vw, 1024px\" \/><\/figure><\/div>\n\n\n\n<p><span class=\"has-inline-color has-black-color\"><em>Abaixo, veja algumas marcas que figuras hist\u00f3ricas deixaram em nossa l\u00edngua.<\/em><\/span><\/p>\n\n\n\n<p><strong><span class=\"has-inline-color has-black-color\">Filipeta na cadeia<br><\/span><\/strong>Esse panfleto sofisticado surgiu de um estelionato. Em 1952, o capit\u00e3o de reserva <strong>Lu\u00eds Felipe,<\/strong> espalhou an\u00fancios por todo o Rio de Janeiro anunciando: \u201cDobro seu dinheiro em tr\u00eas meses\u201d. Quem lhe desse uma quantia a receberia em dobro meses depois. Quando a pol\u00edcia descobriu que se tratava de pura tramoia, acabou como neg\u00f3cio e levou Felipe preso, difundindo seu nome pela cidade.<\/p>\n\n\n\n<div class=\"wp-block-image\"><figure class=\"alignright size-large is-resized\"><img loading=\"lazy\" decoding=\"async\" src=\"https:\/\/jornalfatosenoticias.com.br\/wp-content\/uploads\/2022\/02\/Precisao-Contabilidade-1024x724.jpg\" alt=\"\" class=\"wp-image-28088\" width=\"293\" height=\"206\"\/><\/figure><\/div>\n\n\n\n<p><strong><span class=\"has-inline-color has-black-color\">Gumercindo \u00e0 be\u00e7a<br><\/span><\/strong>Em 1903, depois que o Acre foi reincorporado ao Brasil, seus habitantes lutavam para que ele n\u00e3o fosse anexado ao estado do Amazonas. Para defender os interesses dos acreanos, foi chamado o advogado alagoano <strong>Gumercindo Bessa.<\/strong> \u201cEle apresentou argumentos t\u00e3o esmagadores e numerosos em favor da separa\u00e7\u00e3o que logo se tornou figura respeitada nos meios forenses\u201d, descreve <strong>Raimundo Magalh\u00e3es J\u00fanior<\/strong>, em seu\u00a0<a href=\"https:\/\/aventurasnahistoria.uol.com.br\/noticias\/almanaque\/dito-e-feito-sinistro.phtml\" rel=\"noreferrer noopener\" target=\"_blank\">Dicion\u00e1rio<\/a> de Prov\u00e9rbios.<br>O Acre acabou independente e o sobrenome de <strong>Gumercindo <\/strong>virou sin\u00f4nimo de fartura.<\/p>\n\n\n\n<div class=\"wp-block-image\"><figure class=\"alignleft size-large\"><img decoding=\"async\" src=\"https:\/\/jornalfatosenoticias.com.br\/wp-content\/uploads\/2020\/02\/logo_esteio.jpg\" alt=\"\" class=\"wp-image-1214\"\/><\/figure><\/div>\n\n\n\n<p><strong><span class=\"has-inline-color has-black-color\">Juiz L.A.R.\u00c1pio<br><\/span><\/strong>Uma das hip\u00f3teses para o surgimento dessa palavra vem da Rep\u00fablica romana (509-31 a.C.). Na \u00e9poca, os pretores eram os magistrados com mais poder em m\u00e3os. Reza a lenda que um deles, <strong>Lucius Antonius Rufus Appius,<\/strong> decidia suas senten\u00e7as a favor de quem melhor o subornasse. O juiz acabou cunhando a palavra \u201clar\u00e1pio\u201d, derivada de sua assinatura: L. A. R. Appius.<\/p>\n\n\n\n<div class=\"wp-block-image\"><figure class=\"aligncenter size-large\"><img loading=\"lazy\" decoding=\"async\" width=\"1024\" height=\"100\" src=\"https:\/\/jornalfatosenoticias.com.br\/wp-content\/uploads\/2020\/02\/banner_ferramentas-1024x100.jpg\" alt=\"\" class=\"wp-image-1258\" srcset=\"https:\/\/jornalfatosenoticias.com.br\/wp-content\/uploads\/2020\/02\/banner_ferramentas-1024x100.jpg 1024w, https:\/\/jornalfatosenoticias.com.br\/wp-content\/uploads\/2020\/02\/banner_ferramentas-300x29.jpg 300w, https:\/\/jornalfatosenoticias.com.br\/wp-content\/uploads\/2020\/02\/banner_ferramentas-768x75.jpg 768w, https:\/\/jornalfatosenoticias.com.br\/wp-content\/uploads\/2020\/02\/banner_ferramentas.jpg 1227w\" sizes=\"auto, (max-width: 1024px) 100vw, 1024px\" \/><\/figure><\/div>\n\n\n\n<p><strong><span class=\"has-inline-color has-black-color\">Algarismo mu\u00e7ulmano<br><\/span><\/strong>Durante o esplendor cultural e cient\u00edfico de Bagd\u00e1 nos s\u00e9culos 8 e 9, o matem\u00e1tico e astr\u00f4nomo <strong>AbuJa\u2019far Mohamed ibn Musa al-Khwarizmi<\/strong> (780-850) criou nada menos que o sistema de numera\u00e7\u00e3o decimal e os dez s\u00edmbolos num\u00e9ricos que s\u00e3o usados at\u00e9 hoje. O sobrenome do grande s\u00e1bio mu\u00e7ulmano \u2014 <strong>Al-Khwarizmi <\/strong>\u2014 resultou no <a href=\"https:\/\/aventurasnahistoria.uol.com.br\/noticias\/historia-hoje\/pronome-neutro-deve-entrar-em-dicionarios-noruegueses.phtml\" rel=\"noreferrer noopener\" target=\"_blank\">substantivo<\/a> para designar os s\u00edmbolos num\u00e9ricos: \u201calgarismo\u201d. E a pen\u00faltima palavra do t\u00edtulo de sua obra-prima, o livro Al-Kitab al-mukhtasar fi hisabal-jabr wa\u2019l muqabala, originou a palavra \u201c\u00e1lgebra\u201d.<\/p>\n\n\n\n<div class=\"wp-block-image\"><figure class=\"alignright size-large is-resized\"><img loading=\"lazy\" decoding=\"async\" src=\"https:\/\/jornalfatosenoticias.com.br\/wp-content\/uploads\/2020\/02\/nova-logo-Marquetti.jpg\" alt=\"\" class=\"wp-image-22331\" width=\"319\" height=\"214\" srcset=\"https:\/\/jornalfatosenoticias.com.br\/wp-content\/uploads\/2020\/02\/nova-logo-Marquetti.jpg 643w, https:\/\/jornalfatosenoticias.com.br\/wp-content\/uploads\/2020\/02\/nova-logo-Marquetti-300x202.jpg 300w\" sizes=\"auto, (max-width: 319px) 100vw, 319px\" \/><\/figure><\/div>\n\n\n\n<p><strong><span class=\"has-inline-color has-black-color\">Boicotem o Charles<br><\/span><\/strong>A primeira v\u00edtima de um ato coletivo de nega\u00e7\u00e3o foi <strong>Charles Cunningham Boycott<\/strong> (1832-1897). Administrador de terras irlandesas, ele era t\u00e3o r\u00edgido com os camponeses que eles resolveram se unir e recusar suas ofertas de trabalho. <strong>Boycott <\/strong>acabou demitido e seu nome passou a designar o protesto que virou moda em todo o mundo a partir do fim do s\u00e9culo 19.<\/p>\n\n\n\n<div class=\"wp-block-image\"><figure class=\"aligncenter size-large\"><img decoding=\"async\" src=\"https:\/\/jornalfatosenoticias.com.br\/wp-content\/uploads\/2020\/02\/Serra-Grande-1024x160.png\" alt=\"\" class=\"wp-image-7836\"\/><\/figure><\/div>\n\n\n\n<p><strong><span class=\"has-inline-color has-black-color\">O mausol\u00e9u do mausolus<br><\/span><\/strong>A palavra \u201cmausol\u00e9u\u201d surgiu com o soberano <strong>Mausolus<\/strong>, governador da C\u00e1ria, parte do imp\u00e9rio persa e atual sudoeste da Turquia. Pouco antes de morrer, ele mandou construir um monumento f\u00fanebre para si mesmo. A obra s\u00f3 foi terminada depois de sua morte, em 353 a.C., sob o comando de sua mulher, <strong>Artemisa.<\/strong> Com quatro andares e dezenas de colunas e esculturas de m\u00e1rmore, foi considerada uma das Sete Maravilhas do Mundo, recebendo o nome da cidade onde foi erguida: Mausol\u00e9u de Halicarnasso.<\/p>\n\n\n\n<div class=\"wp-block-image\"><figure class=\"aligncenter size-large is-resized\"><img loading=\"lazy\" decoding=\"async\" src=\"https:\/\/jornalfatosenoticias.com.br\/wp-content\/uploads\/2020\/02\/SEVENTUR-TURISMO.jpg\" alt=\"\" class=\"wp-image-32994\" width=\"266\" height=\"210\"\/><\/figure><\/div>\n\n\n\n<p><strong><em>Fonte: <a href=\"https:\/\/aventurasnahistoria.uol.com.br\/noticias\/reportagem\/mausoleu-e-larapio-pessoas-que-viraram-palavras.phtml\">Aventuras na Hist\u00f3ria<\/a><\/em><\/strong><\/p>\n","protected":false},"excerpt":{"rendered":"<p>Grandes obras e mentiras criaram alguns palavras do dicion\u00e1rio J\u00e1 imaginou se voc\u00ea deixasse \u00e0 humanidade uma palavra derivada de si mesmo? S\u00f3 em portugu\u00eas existem quase mil palavras derivadas do nome de pessoas \u2014 denominadas ep\u00f4nimos. \u201cA maioria concentrada no vocabul\u00e1rio\u00a0m\u00e9dico e cient\u00edfico, como \u2018mal de Parkinson\u2019, ou em avan\u00e7os tecnol\u00f3gicos\u201d, dizia o linguista\u00a0John [&hellip;]<\/p>\n","protected":false},"author":2,"featured_media":34039,"comment_status":"open","ping_status":"open","sticky":false,"template":"","format":"standard","meta":{"footnotes":""},"categories":[5],"tags":[1850,15991,6458,6491,2254],"class_list":["post-34038","post","type-post","status-publish","format-standard","has-post-thumbnail","hentry","category-geral","tag-curiosidades","tag-dicionario","tag-origem","tag-palavras","tag-pessoas"],"yoast_head":"<!-- This site is optimized with the Yoast SEO plugin v26.5 - https:\/\/yoast.com\/wordpress\/plugins\/seo\/ -->\n<title>Mausol\u00e9u e lar\u00e1pio: pessoas que viraram palavras - Jornal Fatos e Not\u00edcias<\/title>\n<meta name=\"robots\" content=\"index, follow, max-snippet:-1, max-image-preview:large, max-video-preview:-1\" \/>\n<link rel=\"canonical\" href=\"https:\/\/jornalfatosenoticias.com.br\/index.php\/2022\/09\/08\/mausoleu-e-larapio-pessoas-que-viraram-palavras\/\" \/>\n<meta property=\"og:locale\" content=\"pt_BR\" \/>\n<meta property=\"og:type\" content=\"article\" \/>\n<meta property=\"og:title\" content=\"Mausol\u00e9u e lar\u00e1pio: pessoas que viraram palavras - Jornal Fatos e Not\u00edcias\" \/>\n<meta property=\"og:description\" content=\"Grandes obras e mentiras criaram alguns palavras do dicion\u00e1rio J\u00e1 imaginou se voc\u00ea deixasse \u00e0 humanidade uma palavra derivada de si mesmo? S\u00f3 em portugu\u00eas existem quase mil palavras derivadas do nome de pessoas \u2014 denominadas ep\u00f4nimos. \u201cA maioria concentrada no vocabul\u00e1rio\u00a0m\u00e9dico e cient\u00edfico, como \u2018mal de Parkinson\u2019, ou em avan\u00e7os tecnol\u00f3gicos\u201d, dizia o linguista\u00a0John [&hellip;]\" \/>\n<meta property=\"og:url\" content=\"https:\/\/jornalfatosenoticias.com.br\/index.php\/2022\/09\/08\/mausoleu-e-larapio-pessoas-que-viraram-palavras\/\" \/>\n<meta property=\"og:site_name\" content=\"Jornal Fatos e Not\u00edcias\" \/>\n<meta property=\"article:published_time\" content=\"2022-09-08T21:36:07+00:00\" \/>\n<meta property=\"article:modified_time\" content=\"2022-09-08T21:36:09+00:00\" \/>\n<meta property=\"og:image\" content=\"https:\/\/jornalfatosenoticias.com.br\/wp-content\/uploads\/2022\/09\/CURIOSIDADE.jpg\" \/>\n\t<meta property=\"og:image:width\" content=\"1000\" \/>\n\t<meta property=\"og:image:height\" content=\"562\" \/>\n\t<meta property=\"og:image:type\" content=\"image\/jpeg\" \/>\n<meta name=\"author\" content=\"Luzimara Fernandes\" \/>\n<meta name=\"twitter:card\" content=\"summary_large_image\" \/>\n<meta name=\"twitter:label1\" content=\"Escrito por\" \/>\n\t<meta name=\"twitter:data1\" content=\"Luzimara Fernandes\" \/>\n\t<meta name=\"twitter:label2\" content=\"Est. tempo de leitura\" \/>\n\t<meta name=\"twitter:data2\" content=\"3 minutos\" \/>\n<script type=\"application\/ld+json\" class=\"yoast-schema-graph\">{\"@context\":\"https:\/\/schema.org\",\"@graph\":[{\"@type\":\"Article\",\"@id\":\"https:\/\/jornalfatosenoticias.com.br\/index.php\/2022\/09\/08\/mausoleu-e-larapio-pessoas-que-viraram-palavras\/#article\",\"isPartOf\":{\"@id\":\"https:\/\/jornalfatosenoticias.com.br\/index.php\/2022\/09\/08\/mausoleu-e-larapio-pessoas-que-viraram-palavras\/\"},\"author\":{\"name\":\"Luzimara Fernandes\",\"@id\":\"https:\/\/jornalfatosenoticias.com.br\/#\/schema\/person\/d63837fa13ac8666eb9e74e0985d6f81\"},\"headline\":\"Mausol\u00e9u e lar\u00e1pio: pessoas que viraram palavras\",\"datePublished\":\"2022-09-08T21:36:07+00:00\",\"dateModified\":\"2022-09-08T21:36:09+00:00\",\"mainEntityOfPage\":{\"@id\":\"https:\/\/jornalfatosenoticias.com.br\/index.php\/2022\/09\/08\/mausoleu-e-larapio-pessoas-que-viraram-palavras\/\"},\"wordCount\":580,\"commentCount\":0,\"publisher\":{\"@id\":\"https:\/\/jornalfatosenoticias.com.br\/#organization\"},\"image\":{\"@id\":\"https:\/\/jornalfatosenoticias.com.br\/index.php\/2022\/09\/08\/mausoleu-e-larapio-pessoas-que-viraram-palavras\/#primaryimage\"},\"thumbnailUrl\":\"https:\/\/jornalfatosenoticias.com.br\/wp-content\/uploads\/2022\/09\/CURIOSIDADE.jpg\",\"keywords\":[\"curiosidades\",\"Dicion\u00e1rio\",\"origem\",\"palavras\",\"pessoas\"],\"articleSection\":[\"Geral\"],\"inLanguage\":\"pt-BR\",\"potentialAction\":[{\"@type\":\"CommentAction\",\"name\":\"Comment\",\"target\":[\"https:\/\/jornalfatosenoticias.com.br\/index.php\/2022\/09\/08\/mausoleu-e-larapio-pessoas-que-viraram-palavras\/#respond\"]}]},{\"@type\":\"WebPage\",\"@id\":\"https:\/\/jornalfatosenoticias.com.br\/index.php\/2022\/09\/08\/mausoleu-e-larapio-pessoas-que-viraram-palavras\/\",\"url\":\"https:\/\/jornalfatosenoticias.com.br\/index.php\/2022\/09\/08\/mausoleu-e-larapio-pessoas-que-viraram-palavras\/\",\"name\":\"Mausol\u00e9u e lar\u00e1pio: pessoas que viraram palavras - Jornal Fatos e Not\u00edcias\",\"isPartOf\":{\"@id\":\"https:\/\/jornalfatosenoticias.com.br\/#website\"},\"primaryImageOfPage\":{\"@id\":\"https:\/\/jornalfatosenoticias.com.br\/index.php\/2022\/09\/08\/mausoleu-e-larapio-pessoas-que-viraram-palavras\/#primaryimage\"},\"image\":{\"@id\":\"https:\/\/jornalfatosenoticias.com.br\/index.php\/2022\/09\/08\/mausoleu-e-larapio-pessoas-que-viraram-palavras\/#primaryimage\"},\"thumbnailUrl\":\"https:\/\/jornalfatosenoticias.com.br\/wp-content\/uploads\/2022\/09\/CURIOSIDADE.jpg\",\"datePublished\":\"2022-09-08T21:36:07+00:00\",\"dateModified\":\"2022-09-08T21:36:09+00:00\",\"breadcrumb\":{\"@id\":\"https:\/\/jornalfatosenoticias.com.br\/index.php\/2022\/09\/08\/mausoleu-e-larapio-pessoas-que-viraram-palavras\/#breadcrumb\"},\"inLanguage\":\"pt-BR\",\"potentialAction\":[{\"@type\":\"ReadAction\",\"target\":[\"https:\/\/jornalfatosenoticias.com.br\/index.php\/2022\/09\/08\/mausoleu-e-larapio-pessoas-que-viraram-palavras\/\"]}]},{\"@type\":\"ImageObject\",\"inLanguage\":\"pt-BR\",\"@id\":\"https:\/\/jornalfatosenoticias.com.br\/index.php\/2022\/09\/08\/mausoleu-e-larapio-pessoas-que-viraram-palavras\/#primaryimage\",\"url\":\"https:\/\/jornalfatosenoticias.com.br\/wp-content\/uploads\/2022\/09\/CURIOSIDADE.jpg\",\"contentUrl\":\"https:\/\/jornalfatosenoticias.com.br\/wp-content\/uploads\/2022\/09\/CURIOSIDADE.jpg\",\"width\":1000,\"height\":562},{\"@type\":\"BreadcrumbList\",\"@id\":\"https:\/\/jornalfatosenoticias.com.br\/index.php\/2022\/09\/08\/mausoleu-e-larapio-pessoas-que-viraram-palavras\/#breadcrumb\",\"itemListElement\":[{\"@type\":\"ListItem\",\"position\":1,\"name\":\"In\u00edcio\",\"item\":\"https:\/\/jornalfatosenoticias.com.br\/\"},{\"@type\":\"ListItem\",\"position\":2,\"name\":\"Mausol\u00e9u e lar\u00e1pio: pessoas que viraram palavras\"}]},{\"@type\":\"WebSite\",\"@id\":\"https:\/\/jornalfatosenoticias.com.br\/#website\",\"url\":\"https:\/\/jornalfatosenoticias.com.br\/\",\"name\":\"Jornal Fatos e Not\u00edcias\",\"description\":\"Not\u00edcias em geral\",\"publisher\":{\"@id\":\"https:\/\/jornalfatosenoticias.com.br\/#organization\"},\"potentialAction\":[{\"@type\":\"SearchAction\",\"target\":{\"@type\":\"EntryPoint\",\"urlTemplate\":\"https:\/\/jornalfatosenoticias.com.br\/?s={search_term_string}\"},\"query-input\":{\"@type\":\"PropertyValueSpecification\",\"valueRequired\":true,\"valueName\":\"search_term_string\"}}],\"inLanguage\":\"pt-BR\"},{\"@type\":\"Organization\",\"@id\":\"https:\/\/jornalfatosenoticias.com.br\/#organization\",\"name\":\"Jornal Fatos e Not\u00edcias\",\"url\":\"https:\/\/jornalfatosenoticias.com.br\/\",\"logo\":{\"@type\":\"ImageObject\",\"inLanguage\":\"pt-BR\",\"@id\":\"https:\/\/jornalfatosenoticias.com.br\/#\/schema\/logo\/image\/\",\"url\":\"https:\/\/jornalfatosenoticias.com.br\/wp-content\/uploads\/2020\/02\/logo120.png\",\"contentUrl\":\"https:\/\/jornalfatosenoticias.com.br\/wp-content\/uploads\/2020\/02\/logo120.png\",\"width\":1227,\"height\":120,\"caption\":\"Jornal Fatos e Not\u00edcias\"},\"image\":{\"@id\":\"https:\/\/jornalfatosenoticias.com.br\/#\/schema\/logo\/image\/\"}},{\"@type\":\"Person\",\"@id\":\"https:\/\/jornalfatosenoticias.com.br\/#\/schema\/person\/d63837fa13ac8666eb9e74e0985d6f81\",\"name\":\"Luzimara Fernandes\",\"image\":{\"@type\":\"ImageObject\",\"inLanguage\":\"pt-BR\",\"@id\":\"https:\/\/jornalfatosenoticias.com.br\/#\/schema\/person\/image\/\",\"url\":\"https:\/\/jornalfatosenoticias.com.br\/wp-content\/uploads\/2025\/05\/EU_portal.jpg\",\"contentUrl\":\"https:\/\/jornalfatosenoticias.com.br\/wp-content\/uploads\/2025\/05\/EU_portal.jpg\",\"caption\":\"Luzimara Fernandes\"},\"description\":\"Jornalista MTB 2358-ES\",\"sameAs\":[\"https:\/\/jornalfatosenoticias.com.br\"],\"url\":\"https:\/\/jornalfatosenoticias.com.br\/index.php\/author\/luzimara\/\"}]}<\/script>\n<!-- \/ Yoast SEO plugin. -->","yoast_head_json":{"title":"Mausol\u00e9u e lar\u00e1pio: pessoas que viraram palavras - Jornal Fatos e Not\u00edcias","robots":{"index":"index","follow":"follow","max-snippet":"max-snippet:-1","max-image-preview":"max-image-preview:large","max-video-preview":"max-video-preview:-1"},"canonical":"https:\/\/jornalfatosenoticias.com.br\/index.php\/2022\/09\/08\/mausoleu-e-larapio-pessoas-que-viraram-palavras\/","og_locale":"pt_BR","og_type":"article","og_title":"Mausol\u00e9u e lar\u00e1pio: pessoas que viraram palavras - Jornal Fatos e Not\u00edcias","og_description":"Grandes obras e mentiras criaram alguns palavras do dicion\u00e1rio J\u00e1 imaginou se voc\u00ea deixasse \u00e0 humanidade uma palavra derivada de si mesmo? S\u00f3 em portugu\u00eas existem quase mil palavras derivadas do nome de pessoas \u2014 denominadas ep\u00f4nimos. \u201cA maioria concentrada no vocabul\u00e1rio\u00a0m\u00e9dico e cient\u00edfico, como \u2018mal de Parkinson\u2019, ou em avan\u00e7os tecnol\u00f3gicos\u201d, dizia o linguista\u00a0John [&hellip;]","og_url":"https:\/\/jornalfatosenoticias.com.br\/index.php\/2022\/09\/08\/mausoleu-e-larapio-pessoas-que-viraram-palavras\/","og_site_name":"Jornal Fatos e Not\u00edcias","article_published_time":"2022-09-08T21:36:07+00:00","article_modified_time":"2022-09-08T21:36:09+00:00","og_image":[{"width":1000,"height":562,"url":"https:\/\/jornalfatosenoticias.com.br\/wp-content\/uploads\/2022\/09\/CURIOSIDADE.jpg","type":"image\/jpeg"}],"author":"Luzimara Fernandes","twitter_card":"summary_large_image","twitter_misc":{"Escrito por":"Luzimara Fernandes","Est. tempo de leitura":"3 minutos"},"schema":{"@context":"https:\/\/schema.org","@graph":[{"@type":"Article","@id":"https:\/\/jornalfatosenoticias.com.br\/index.php\/2022\/09\/08\/mausoleu-e-larapio-pessoas-que-viraram-palavras\/#article","isPartOf":{"@id":"https:\/\/jornalfatosenoticias.com.br\/index.php\/2022\/09\/08\/mausoleu-e-larapio-pessoas-que-viraram-palavras\/"},"author":{"name":"Luzimara Fernandes","@id":"https:\/\/jornalfatosenoticias.com.br\/#\/schema\/person\/d63837fa13ac8666eb9e74e0985d6f81"},"headline":"Mausol\u00e9u e lar\u00e1pio: pessoas que viraram palavras","datePublished":"2022-09-08T21:36:07+00:00","dateModified":"2022-09-08T21:36:09+00:00","mainEntityOfPage":{"@id":"https:\/\/jornalfatosenoticias.com.br\/index.php\/2022\/09\/08\/mausoleu-e-larapio-pessoas-que-viraram-palavras\/"},"wordCount":580,"commentCount":0,"publisher":{"@id":"https:\/\/jornalfatosenoticias.com.br\/#organization"},"image":{"@id":"https:\/\/jornalfatosenoticias.com.br\/index.php\/2022\/09\/08\/mausoleu-e-larapio-pessoas-que-viraram-palavras\/#primaryimage"},"thumbnailUrl":"https:\/\/jornalfatosenoticias.com.br\/wp-content\/uploads\/2022\/09\/CURIOSIDADE.jpg","keywords":["curiosidades","Dicion\u00e1rio","origem","palavras","pessoas"],"articleSection":["Geral"],"inLanguage":"pt-BR","potentialAction":[{"@type":"CommentAction","name":"Comment","target":["https:\/\/jornalfatosenoticias.com.br\/index.php\/2022\/09\/08\/mausoleu-e-larapio-pessoas-que-viraram-palavras\/#respond"]}]},{"@type":"WebPage","@id":"https:\/\/jornalfatosenoticias.com.br\/index.php\/2022\/09\/08\/mausoleu-e-larapio-pessoas-que-viraram-palavras\/","url":"https:\/\/jornalfatosenoticias.com.br\/index.php\/2022\/09\/08\/mausoleu-e-larapio-pessoas-que-viraram-palavras\/","name":"Mausol\u00e9u e lar\u00e1pio: pessoas que viraram palavras - Jornal Fatos e Not\u00edcias","isPartOf":{"@id":"https:\/\/jornalfatosenoticias.com.br\/#website"},"primaryImageOfPage":{"@id":"https:\/\/jornalfatosenoticias.com.br\/index.php\/2022\/09\/08\/mausoleu-e-larapio-pessoas-que-viraram-palavras\/#primaryimage"},"image":{"@id":"https:\/\/jornalfatosenoticias.com.br\/index.php\/2022\/09\/08\/mausoleu-e-larapio-pessoas-que-viraram-palavras\/#primaryimage"},"thumbnailUrl":"https:\/\/jornalfatosenoticias.com.br\/wp-content\/uploads\/2022\/09\/CURIOSIDADE.jpg","datePublished":"2022-09-08T21:36:07+00:00","dateModified":"2022-09-08T21:36:09+00:00","breadcrumb":{"@id":"https:\/\/jornalfatosenoticias.com.br\/index.php\/2022\/09\/08\/mausoleu-e-larapio-pessoas-que-viraram-palavras\/#breadcrumb"},"inLanguage":"pt-BR","potentialAction":[{"@type":"ReadAction","target":["https:\/\/jornalfatosenoticias.com.br\/index.php\/2022\/09\/08\/mausoleu-e-larapio-pessoas-que-viraram-palavras\/"]}]},{"@type":"ImageObject","inLanguage":"pt-BR","@id":"https:\/\/jornalfatosenoticias.com.br\/index.php\/2022\/09\/08\/mausoleu-e-larapio-pessoas-que-viraram-palavras\/#primaryimage","url":"https:\/\/jornalfatosenoticias.com.br\/wp-content\/uploads\/2022\/09\/CURIOSIDADE.jpg","contentUrl":"https:\/\/jornalfatosenoticias.com.br\/wp-content\/uploads\/2022\/09\/CURIOSIDADE.jpg","width":1000,"height":562},{"@type":"BreadcrumbList","@id":"https:\/\/jornalfatosenoticias.com.br\/index.php\/2022\/09\/08\/mausoleu-e-larapio-pessoas-que-viraram-palavras\/#breadcrumb","itemListElement":[{"@type":"ListItem","position":1,"name":"In\u00edcio","item":"https:\/\/jornalfatosenoticias.com.br\/"},{"@type":"ListItem","position":2,"name":"Mausol\u00e9u e lar\u00e1pio: pessoas que viraram palavras"}]},{"@type":"WebSite","@id":"https:\/\/jornalfatosenoticias.com.br\/#website","url":"https:\/\/jornalfatosenoticias.com.br\/","name":"Jornal Fatos e Not\u00edcias","description":"Not\u00edcias em geral","publisher":{"@id":"https:\/\/jornalfatosenoticias.com.br\/#organization"},"potentialAction":[{"@type":"SearchAction","target":{"@type":"EntryPoint","urlTemplate":"https:\/\/jornalfatosenoticias.com.br\/?s={search_term_string}"},"query-input":{"@type":"PropertyValueSpecification","valueRequired":true,"valueName":"search_term_string"}}],"inLanguage":"pt-BR"},{"@type":"Organization","@id":"https:\/\/jornalfatosenoticias.com.br\/#organization","name":"Jornal Fatos e Not\u00edcias","url":"https:\/\/jornalfatosenoticias.com.br\/","logo":{"@type":"ImageObject","inLanguage":"pt-BR","@id":"https:\/\/jornalfatosenoticias.com.br\/#\/schema\/logo\/image\/","url":"https:\/\/jornalfatosenoticias.com.br\/wp-content\/uploads\/2020\/02\/logo120.png","contentUrl":"https:\/\/jornalfatosenoticias.com.br\/wp-content\/uploads\/2020\/02\/logo120.png","width":1227,"height":120,"caption":"Jornal Fatos e Not\u00edcias"},"image":{"@id":"https:\/\/jornalfatosenoticias.com.br\/#\/schema\/logo\/image\/"}},{"@type":"Person","@id":"https:\/\/jornalfatosenoticias.com.br\/#\/schema\/person\/d63837fa13ac8666eb9e74e0985d6f81","name":"Luzimara Fernandes","image":{"@type":"ImageObject","inLanguage":"pt-BR","@id":"https:\/\/jornalfatosenoticias.com.br\/#\/schema\/person\/image\/","url":"https:\/\/jornalfatosenoticias.com.br\/wp-content\/uploads\/2025\/05\/EU_portal.jpg","contentUrl":"https:\/\/jornalfatosenoticias.com.br\/wp-content\/uploads\/2025\/05\/EU_portal.jpg","caption":"Luzimara Fernandes"},"description":"Jornalista MTB 2358-ES","sameAs":["https:\/\/jornalfatosenoticias.com.br"],"url":"https:\/\/jornalfatosenoticias.com.br\/index.php\/author\/luzimara\/"}]}},"cc_featured_image_caption":{"caption_text":"(Foto: Thorsten Frenzel\/Pixabay) ","source_text":"","source_url":""},"jetpack_featured_media_url":"https:\/\/jornalfatosenoticias.com.br\/wp-content\/uploads\/2022\/09\/CURIOSIDADE.jpg","_links":{"self":[{"href":"https:\/\/jornalfatosenoticias.com.br\/index.php\/wp-json\/wp\/v2\/posts\/34038","targetHints":{"allow":["GET"]}}],"collection":[{"href":"https:\/\/jornalfatosenoticias.com.br\/index.php\/wp-json\/wp\/v2\/posts"}],"about":[{"href":"https:\/\/jornalfatosenoticias.com.br\/index.php\/wp-json\/wp\/v2\/types\/post"}],"author":[{"embeddable":true,"href":"https:\/\/jornalfatosenoticias.com.br\/index.php\/wp-json\/wp\/v2\/users\/2"}],"replies":[{"embeddable":true,"href":"https:\/\/jornalfatosenoticias.com.br\/index.php\/wp-json\/wp\/v2\/comments?post=34038"}],"version-history":[{"count":0,"href":"https:\/\/jornalfatosenoticias.com.br\/index.php\/wp-json\/wp\/v2\/posts\/34038\/revisions"}],"wp:featuredmedia":[{"embeddable":true,"href":"https:\/\/jornalfatosenoticias.com.br\/index.php\/wp-json\/wp\/v2\/media\/34039"}],"wp:attachment":[{"href":"https:\/\/jornalfatosenoticias.com.br\/index.php\/wp-json\/wp\/v2\/media?parent=34038"}],"wp:term":[{"taxonomy":"category","embeddable":true,"href":"https:\/\/jornalfatosenoticias.com.br\/index.php\/wp-json\/wp\/v2\/categories?post=34038"},{"taxonomy":"post_tag","embeddable":true,"href":"https:\/\/jornalfatosenoticias.com.br\/index.php\/wp-json\/wp\/v2\/tags?post=34038"}],"curies":[{"name":"wp","href":"https:\/\/api.w.org\/{rel}","templated":true}]}}