{"id":34047,"date":"2022-09-08T18:59:02","date_gmt":"2022-09-08T21:59:02","guid":{"rendered":"https:\/\/jornalfatosenoticias.com.br\/?p=34047"},"modified":"2022-09-08T18:59:02","modified_gmt":"2022-09-08T21:59:02","slug":"espaconave-privada-vai-transportar-carga-para-iss-a-partir-de-2024","status":"publish","type":"post","link":"https:\/\/jornalfatosenoticias.com.br\/index.php\/2022\/09\/08\/espaconave-privada-vai-transportar-carga-para-iss-a-partir-de-2024\/","title":{"rendered":"Espa\u00e7onave privada vai transportar carga para ISS a partir de 2024"},"content":{"rendered":"\n<p>A espa\u00e7onave Dream Chaser, da empresa Sierra Space, que faz parte da Sierra Nevada Corporation (SNC), participar\u00e1 de uma <a href=\"https:\/\/olhardigital.com.br\/2022\/08\/05\/ciencia-e-espaco\/nasa-confirma-data-de-lancamento-da-artemis-1-grande-missao-para-lua\/\" target=\"_blank\" rel=\"noreferrer noopener\">miss\u00e3o<\/a>, em 2024, que vai transportar \u201cuma variedade de experimentos de ci\u00eancias da vida\u201d at\u00e9 a\u00a0<a href=\"https:\/\/olhardigital.com.br\/tag\/estacao-espacial-internacional\/\" target=\"_blank\" rel=\"noreferrer noopener\">Esta\u00e7\u00e3o Espacial Internacional<\/a> (ISS). Esses experimentos s\u00e3o da empresa alem\u00e3 de biotecnologia espacial, Yuri.<\/p>\n","protected":false},"excerpt":{"rendered":"<p>A espa\u00e7onave Dream Chaser, da empresa Sierra Space, que faz parte da Sierra Nevada Corporation (SNC), participar\u00e1 de uma miss\u00e3o, em 2024, que vai transportar \u201cuma variedade de experimentos de ci\u00eancias da vida\u201d at\u00e9 a\u00a0Esta\u00e7\u00e3o Espacial Internacional (ISS). Esses experimentos s\u00e3o da empresa alem\u00e3 de biotecnologia espacial, Yuri.<\/p>\n","protected":false},"author":2,"featured_media":34048,"comment_status":"open","ping_status":"open","sticky":false,"template":"","format":"video","meta":{"footnotes":""},"categories":[6],"tags":[3410,2423,15304,4270,15993],"class_list":["post-34047","post","type-post","status-publish","format-video","has-post-thumbnail","hentry","category-tw-video","tag-espaconave","tag-exercito","tag-iss","tag-missao-espacial","tag-transporte-de-carga","post_format-post-format-video"],"yoast_head":"<!-- This site is optimized with the Yoast SEO plugin v26.5 - https:\/\/yoast.com\/wordpress\/plugins\/seo\/ -->\n<title>Espa\u00e7onave privada vai transportar carga para ISS a partir de 2024 - Jornal Fatos e Not\u00edcias<\/title>\n<meta name=\"robots\" content=\"index, follow, max-snippet:-1, max-image-preview:large, max-video-preview:-1\" \/>\n<link rel=\"canonical\" href=\"https:\/\/jornalfatosenoticias.com.br\/index.php\/2022\/09\/08\/espaconave-privada-vai-transportar-carga-para-iss-a-partir-de-2024\/\" \/>\n<meta property=\"og:locale\" content=\"pt_BR\" \/>\n<meta property=\"og:type\" content=\"article\" \/>\n<meta property=\"og:title\" content=\"Espa\u00e7onave privada vai transportar carga para ISS a partir de 2024 - Jornal Fatos e Not\u00edcias\" \/>\n<meta property=\"og:description\" content=\"A espa\u00e7onave Dream Chaser, da empresa Sierra Space, que faz parte da Sierra Nevada Corporation (SNC), participar\u00e1 de uma miss\u00e3o, em 2024, que vai transportar \u201cuma variedade de experimentos de ci\u00eancias da vida\u201d at\u00e9 a\u00a0Esta\u00e7\u00e3o Espacial Internacional (ISS). Esses experimentos s\u00e3o da empresa alem\u00e3 de biotecnologia espacial, Yuri.\" \/>\n<meta property=\"og:url\" content=\"https:\/\/jornalfatosenoticias.com.br\/index.php\/2022\/09\/08\/espaconave-privada-vai-transportar-carga-para-iss-a-partir-de-2024\/\" \/>\n<meta property=\"og:site_name\" content=\"Jornal Fatos e Not\u00edcias\" \/>\n<meta property=\"article:published_time\" content=\"2022-09-08T21:59:02+00:00\" \/>\n<meta property=\"og:image\" content=\"https:\/\/jornalfatosenoticias.com.br\/wp-content\/uploads\/2022\/09\/espaconave-dream-chaser.jpg\" \/>\n\t<meta property=\"og:image:width\" content=\"924\" \/>\n\t<meta property=\"og:image:height\" content=\"517\" \/>\n\t<meta property=\"og:image:type\" content=\"image\/jpeg\" \/>\n<meta name=\"author\" content=\"Luzimara Fernandes\" \/>\n<meta name=\"twitter:card\" content=\"summary_large_image\" \/>\n<meta name=\"twitter:label1\" content=\"Escrito por\" \/>\n\t<meta name=\"twitter:data1\" content=\"Luzimara Fernandes\" \/>\n<script type=\"application\/ld+json\" class=\"yoast-schema-graph\">{\"@context\":\"https:\/\/schema.org\",\"@graph\":[{\"@type\":\"Article\",\"@id\":\"https:\/\/jornalfatosenoticias.com.br\/index.php\/2022\/09\/08\/espaconave-privada-vai-transportar-carga-para-iss-a-partir-de-2024\/#article\",\"isPartOf\":{\"@id\":\"https:\/\/jornalfatosenoticias.com.br\/index.php\/2022\/09\/08\/espaconave-privada-vai-transportar-carga-para-iss-a-partir-de-2024\/\"},\"author\":{\"name\":\"Luzimara Fernandes\",\"@id\":\"https:\/\/jornalfatosenoticias.com.br\/#\/schema\/person\/d63837fa13ac8666eb9e74e0985d6f81\"},\"headline\":\"Espa\u00e7onave privada vai transportar carga para ISS a partir de 2024\",\"datePublished\":\"2022-09-08T21:59:02+00:00\",\"mainEntityOfPage\":{\"@id\":\"https:\/\/jornalfatosenoticias.com.br\/index.php\/2022\/09\/08\/espaconave-privada-vai-transportar-carga-para-iss-a-partir-de-2024\/\"},\"wordCount\":64,\"commentCount\":0,\"publisher\":{\"@id\":\"https:\/\/jornalfatosenoticias.com.br\/#organization\"},\"image\":{\"@id\":\"https:\/\/jornalfatosenoticias.com.br\/index.php\/2022\/09\/08\/espaconave-privada-vai-transportar-carga-para-iss-a-partir-de-2024\/#primaryimage\"},\"thumbnailUrl\":\"https:\/\/jornalfatosenoticias.com.br\/wp-content\/uploads\/2022\/09\/espaconave-dream-chaser.jpg\",\"keywords\":[\"espa\u00e7onave\",\"ex\u00e9rcito\",\"ISS\",\"miss\u00e3o espacial\",\"transporte de carga\"],\"articleSection\":[\"V\u00eddeo\"],\"inLanguage\":\"pt-BR\",\"potentialAction\":[{\"@type\":\"CommentAction\",\"name\":\"Comment\",\"target\":[\"https:\/\/jornalfatosenoticias.com.br\/index.php\/2022\/09\/08\/espaconave-privada-vai-transportar-carga-para-iss-a-partir-de-2024\/#respond\"]}]},{\"@type\":\"WebPage\",\"@id\":\"https:\/\/jornalfatosenoticias.com.br\/index.php\/2022\/09\/08\/espaconave-privada-vai-transportar-carga-para-iss-a-partir-de-2024\/\",\"url\":\"https:\/\/jornalfatosenoticias.com.br\/index.php\/2022\/09\/08\/espaconave-privada-vai-transportar-carga-para-iss-a-partir-de-2024\/\",\"name\":\"Espa\u00e7onave privada vai transportar carga para ISS a partir de 2024 - Jornal Fatos e Not\u00edcias\",\"isPartOf\":{\"@id\":\"https:\/\/jornalfatosenoticias.com.br\/#website\"},\"primaryImageOfPage\":{\"@id\":\"https:\/\/jornalfatosenoticias.com.br\/index.php\/2022\/09\/08\/espaconave-privada-vai-transportar-carga-para-iss-a-partir-de-2024\/#primaryimage\"},\"image\":{\"@id\":\"https:\/\/jornalfatosenoticias.com.br\/index.php\/2022\/09\/08\/espaconave-privada-vai-transportar-carga-para-iss-a-partir-de-2024\/#primaryimage\"},\"thumbnailUrl\":\"https:\/\/jornalfatosenoticias.com.br\/wp-content\/uploads\/2022\/09\/espaconave-dream-chaser.jpg\",\"datePublished\":\"2022-09-08T21:59:02+00:00\",\"breadcrumb\":{\"@id\":\"https:\/\/jornalfatosenoticias.com.br\/index.php\/2022\/09\/08\/espaconave-privada-vai-transportar-carga-para-iss-a-partir-de-2024\/#breadcrumb\"},\"inLanguage\":\"pt-BR\",\"potentialAction\":[{\"@type\":\"ReadAction\",\"target\":[\"https:\/\/jornalfatosenoticias.com.br\/index.php\/2022\/09\/08\/espaconave-privada-vai-transportar-carga-para-iss-a-partir-de-2024\/\"]}]},{\"@type\":\"ImageObject\",\"inLanguage\":\"pt-BR\",\"@id\":\"https:\/\/jornalfatosenoticias.com.br\/index.php\/2022\/09\/08\/espaconave-privada-vai-transportar-carga-para-iss-a-partir-de-2024\/#primaryimage\",\"url\":\"https:\/\/jornalfatosenoticias.com.br\/wp-content\/uploads\/2022\/09\/espaconave-dream-chaser.jpg\",\"contentUrl\":\"https:\/\/jornalfatosenoticias.com.br\/wp-content\/uploads\/2022\/09\/espaconave-dream-chaser.jpg\",\"width\":924,\"height\":517},{\"@type\":\"BreadcrumbList\",\"@id\":\"https:\/\/jornalfatosenoticias.com.br\/index.php\/2022\/09\/08\/espaconave-privada-vai-transportar-carga-para-iss-a-partir-de-2024\/#breadcrumb\",\"itemListElement\":[{\"@type\":\"ListItem\",\"position\":1,\"name\":\"In\u00edcio\",\"item\":\"https:\/\/jornalfatosenoticias.com.br\/\"},{\"@type\":\"ListItem\",\"position\":2,\"name\":\"Espa\u00e7onave privada vai transportar carga para ISS a partir de 2024\"}]},{\"@type\":\"WebSite\",\"@id\":\"https:\/\/jornalfatosenoticias.com.br\/#website\",\"url\":\"https:\/\/jornalfatosenoticias.com.br\/\",\"name\":\"Jornal Fatos e Not\u00edcias\",\"description\":\"Not\u00edcias em geral\",\"publisher\":{\"@id\":\"https:\/\/jornalfatosenoticias.com.br\/#organization\"},\"potentialAction\":[{\"@type\":\"SearchAction\",\"target\":{\"@type\":\"EntryPoint\",\"urlTemplate\":\"https:\/\/jornalfatosenoticias.com.br\/?s={search_term_string}\"},\"query-input\":{\"@type\":\"PropertyValueSpecification\",\"valueRequired\":true,\"valueName\":\"search_term_string\"}}],\"inLanguage\":\"pt-BR\"},{\"@type\":\"Organization\",\"@id\":\"https:\/\/jornalfatosenoticias.com.br\/#organization\",\"name\":\"Jornal Fatos e Not\u00edcias\",\"url\":\"https:\/\/jornalfatosenoticias.com.br\/\",\"logo\":{\"@type\":\"ImageObject\",\"inLanguage\":\"pt-BR\",\"@id\":\"https:\/\/jornalfatosenoticias.com.br\/#\/schema\/logo\/image\/\",\"url\":\"https:\/\/jornalfatosenoticias.com.br\/wp-content\/uploads\/2020\/02\/logo120.png\",\"contentUrl\":\"https:\/\/jornalfatosenoticias.com.br\/wp-content\/uploads\/2020\/02\/logo120.png\",\"width\":1227,\"height\":120,\"caption\":\"Jornal Fatos e Not\u00edcias\"},\"image\":{\"@id\":\"https:\/\/jornalfatosenoticias.com.br\/#\/schema\/logo\/image\/\"}},{\"@type\":\"Person\",\"@id\":\"https:\/\/jornalfatosenoticias.com.br\/#\/schema\/person\/d63837fa13ac8666eb9e74e0985d6f81\",\"name\":\"Luzimara Fernandes\",\"image\":{\"@type\":\"ImageObject\",\"inLanguage\":\"pt-BR\",\"@id\":\"https:\/\/jornalfatosenoticias.com.br\/#\/schema\/person\/image\/\",\"url\":\"https:\/\/jornalfatosenoticias.com.br\/wp-content\/uploads\/2025\/05\/EU_portal.jpg\",\"contentUrl\":\"https:\/\/jornalfatosenoticias.com.br\/wp-content\/uploads\/2025\/05\/EU_portal.jpg\",\"caption\":\"Luzimara Fernandes\"},\"description\":\"Jornalista MTB 2358-ES\",\"sameAs\":[\"https:\/\/jornalfatosenoticias.com.br\"],\"url\":\"https:\/\/jornalfatosenoticias.com.br\/index.php\/author\/luzimara\/\"}]}<\/script>\n<!-- \/ Yoast SEO plugin. -->","yoast_head_json":{"title":"Espa\u00e7onave privada vai transportar carga para ISS a partir de 2024 - Jornal Fatos e Not\u00edcias","robots":{"index":"index","follow":"follow","max-snippet":"max-snippet:-1","max-image-preview":"max-image-preview:large","max-video-preview":"max-video-preview:-1"},"canonical":"https:\/\/jornalfatosenoticias.com.br\/index.php\/2022\/09\/08\/espaconave-privada-vai-transportar-carga-para-iss-a-partir-de-2024\/","og_locale":"pt_BR","og_type":"article","og_title":"Espa\u00e7onave privada vai transportar carga para ISS a partir de 2024 - Jornal Fatos e Not\u00edcias","og_description":"A espa\u00e7onave Dream Chaser, da empresa Sierra Space, que faz parte da Sierra Nevada Corporation (SNC), participar\u00e1 de uma miss\u00e3o, em 2024, que vai transportar \u201cuma variedade de experimentos de ci\u00eancias da vida\u201d at\u00e9 a\u00a0Esta\u00e7\u00e3o Espacial Internacional (ISS). Esses experimentos s\u00e3o da empresa alem\u00e3 de biotecnologia espacial, Yuri.","og_url":"https:\/\/jornalfatosenoticias.com.br\/index.php\/2022\/09\/08\/espaconave-privada-vai-transportar-carga-para-iss-a-partir-de-2024\/","og_site_name":"Jornal Fatos e Not\u00edcias","article_published_time":"2022-09-08T21:59:02+00:00","og_image":[{"width":924,"height":517,"url":"https:\/\/jornalfatosenoticias.com.br\/wp-content\/uploads\/2022\/09\/espaconave-dream-chaser.jpg","type":"image\/jpeg"}],"author":"Luzimara Fernandes","twitter_card":"summary_large_image","twitter_misc":{"Escrito por":"Luzimara Fernandes"},"schema":{"@context":"https:\/\/schema.org","@graph":[{"@type":"Article","@id":"https:\/\/jornalfatosenoticias.com.br\/index.php\/2022\/09\/08\/espaconave-privada-vai-transportar-carga-para-iss-a-partir-de-2024\/#article","isPartOf":{"@id":"https:\/\/jornalfatosenoticias.com.br\/index.php\/2022\/09\/08\/espaconave-privada-vai-transportar-carga-para-iss-a-partir-de-2024\/"},"author":{"name":"Luzimara Fernandes","@id":"https:\/\/jornalfatosenoticias.com.br\/#\/schema\/person\/d63837fa13ac8666eb9e74e0985d6f81"},"headline":"Espa\u00e7onave privada vai transportar carga para ISS a partir de 2024","datePublished":"2022-09-08T21:59:02+00:00","mainEntityOfPage":{"@id":"https:\/\/jornalfatosenoticias.com.br\/index.php\/2022\/09\/08\/espaconave-privada-vai-transportar-carga-para-iss-a-partir-de-2024\/"},"wordCount":64,"commentCount":0,"publisher":{"@id":"https:\/\/jornalfatosenoticias.com.br\/#organization"},"image":{"@id":"https:\/\/jornalfatosenoticias.com.br\/index.php\/2022\/09\/08\/espaconave-privada-vai-transportar-carga-para-iss-a-partir-de-2024\/#primaryimage"},"thumbnailUrl":"https:\/\/jornalfatosenoticias.com.br\/wp-content\/uploads\/2022\/09\/espaconave-dream-chaser.jpg","keywords":["espa\u00e7onave","ex\u00e9rcito","ISS","miss\u00e3o espacial","transporte de carga"],"articleSection":["V\u00eddeo"],"inLanguage":"pt-BR","potentialAction":[{"@type":"CommentAction","name":"Comment","target":["https:\/\/jornalfatosenoticias.com.br\/index.php\/2022\/09\/08\/espaconave-privada-vai-transportar-carga-para-iss-a-partir-de-2024\/#respond"]}]},{"@type":"WebPage","@id":"https:\/\/jornalfatosenoticias.com.br\/index.php\/2022\/09\/08\/espaconave-privada-vai-transportar-carga-para-iss-a-partir-de-2024\/","url":"https:\/\/jornalfatosenoticias.com.br\/index.php\/2022\/09\/08\/espaconave-privada-vai-transportar-carga-para-iss-a-partir-de-2024\/","name":"Espa\u00e7onave privada vai transportar carga para ISS a partir de 2024 - Jornal Fatos e Not\u00edcias","isPartOf":{"@id":"https:\/\/jornalfatosenoticias.com.br\/#website"},"primaryImageOfPage":{"@id":"https:\/\/jornalfatosenoticias.com.br\/index.php\/2022\/09\/08\/espaconave-privada-vai-transportar-carga-para-iss-a-partir-de-2024\/#primaryimage"},"image":{"@id":"https:\/\/jornalfatosenoticias.com.br\/index.php\/2022\/09\/08\/espaconave-privada-vai-transportar-carga-para-iss-a-partir-de-2024\/#primaryimage"},"thumbnailUrl":"https:\/\/jornalfatosenoticias.com.br\/wp-content\/uploads\/2022\/09\/espaconave-dream-chaser.jpg","datePublished":"2022-09-08T21:59:02+00:00","breadcrumb":{"@id":"https:\/\/jornalfatosenoticias.com.br\/index.php\/2022\/09\/08\/espaconave-privada-vai-transportar-carga-para-iss-a-partir-de-2024\/#breadcrumb"},"inLanguage":"pt-BR","potentialAction":[{"@type":"ReadAction","target":["https:\/\/jornalfatosenoticias.com.br\/index.php\/2022\/09\/08\/espaconave-privada-vai-transportar-carga-para-iss-a-partir-de-2024\/"]}]},{"@type":"ImageObject","inLanguage":"pt-BR","@id":"https:\/\/jornalfatosenoticias.com.br\/index.php\/2022\/09\/08\/espaconave-privada-vai-transportar-carga-para-iss-a-partir-de-2024\/#primaryimage","url":"https:\/\/jornalfatosenoticias.com.br\/wp-content\/uploads\/2022\/09\/espaconave-dream-chaser.jpg","contentUrl":"https:\/\/jornalfatosenoticias.com.br\/wp-content\/uploads\/2022\/09\/espaconave-dream-chaser.jpg","width":924,"height":517},{"@type":"BreadcrumbList","@id":"https:\/\/jornalfatosenoticias.com.br\/index.php\/2022\/09\/08\/espaconave-privada-vai-transportar-carga-para-iss-a-partir-de-2024\/#breadcrumb","itemListElement":[{"@type":"ListItem","position":1,"name":"In\u00edcio","item":"https:\/\/jornalfatosenoticias.com.br\/"},{"@type":"ListItem","position":2,"name":"Espa\u00e7onave privada vai transportar carga para ISS a partir de 2024"}]},{"@type":"WebSite","@id":"https:\/\/jornalfatosenoticias.com.br\/#website","url":"https:\/\/jornalfatosenoticias.com.br\/","name":"Jornal Fatos e Not\u00edcias","description":"Not\u00edcias em geral","publisher":{"@id":"https:\/\/jornalfatosenoticias.com.br\/#organization"},"potentialAction":[{"@type":"SearchAction","target":{"@type":"EntryPoint","urlTemplate":"https:\/\/jornalfatosenoticias.com.br\/?s={search_term_string}"},"query-input":{"@type":"PropertyValueSpecification","valueRequired":true,"valueName":"search_term_string"}}],"inLanguage":"pt-BR"},{"@type":"Organization","@id":"https:\/\/jornalfatosenoticias.com.br\/#organization","name":"Jornal Fatos e Not\u00edcias","url":"https:\/\/jornalfatosenoticias.com.br\/","logo":{"@type":"ImageObject","inLanguage":"pt-BR","@id":"https:\/\/jornalfatosenoticias.com.br\/#\/schema\/logo\/image\/","url":"https:\/\/jornalfatosenoticias.com.br\/wp-content\/uploads\/2020\/02\/logo120.png","contentUrl":"https:\/\/jornalfatosenoticias.com.br\/wp-content\/uploads\/2020\/02\/logo120.png","width":1227,"height":120,"caption":"Jornal Fatos e Not\u00edcias"},"image":{"@id":"https:\/\/jornalfatosenoticias.com.br\/#\/schema\/logo\/image\/"}},{"@type":"Person","@id":"https:\/\/jornalfatosenoticias.com.br\/#\/schema\/person\/d63837fa13ac8666eb9e74e0985d6f81","name":"Luzimara Fernandes","image":{"@type":"ImageObject","inLanguage":"pt-BR","@id":"https:\/\/jornalfatosenoticias.com.br\/#\/schema\/person\/image\/","url":"https:\/\/jornalfatosenoticias.com.br\/wp-content\/uploads\/2025\/05\/EU_portal.jpg","contentUrl":"https:\/\/jornalfatosenoticias.com.br\/wp-content\/uploads\/2025\/05\/EU_portal.jpg","caption":"Luzimara Fernandes"},"description":"Jornalista MTB 2358-ES","sameAs":["https:\/\/jornalfatosenoticias.com.br"],"url":"https:\/\/jornalfatosenoticias.com.br\/index.php\/author\/luzimara\/"}]}},"cc_featured_image_caption":{"caption_text":"","source_text":"","source_url":""},"jetpack_featured_media_url":"https:\/\/jornalfatosenoticias.com.br\/wp-content\/uploads\/2022\/09\/espaconave-dream-chaser.jpg","_links":{"self":[{"href":"https:\/\/jornalfatosenoticias.com.br\/index.php\/wp-json\/wp\/v2\/posts\/34047","targetHints":{"allow":["GET"]}}],"collection":[{"href":"https:\/\/jornalfatosenoticias.com.br\/index.php\/wp-json\/wp\/v2\/posts"}],"about":[{"href":"https:\/\/jornalfatosenoticias.com.br\/index.php\/wp-json\/wp\/v2\/types\/post"}],"author":[{"embeddable":true,"href":"https:\/\/jornalfatosenoticias.com.br\/index.php\/wp-json\/wp\/v2\/users\/2"}],"replies":[{"embeddable":true,"href":"https:\/\/jornalfatosenoticias.com.br\/index.php\/wp-json\/wp\/v2\/comments?post=34047"}],"version-history":[{"count":0,"href":"https:\/\/jornalfatosenoticias.com.br\/index.php\/wp-json\/wp\/v2\/posts\/34047\/revisions"}],"wp:featuredmedia":[{"embeddable":true,"href":"https:\/\/jornalfatosenoticias.com.br\/index.php\/wp-json\/wp\/v2\/media\/34048"}],"wp:attachment":[{"href":"https:\/\/jornalfatosenoticias.com.br\/index.php\/wp-json\/wp\/v2\/media?parent=34047"}],"wp:term":[{"taxonomy":"category","embeddable":true,"href":"https:\/\/jornalfatosenoticias.com.br\/index.php\/wp-json\/wp\/v2\/categories?post=34047"},{"taxonomy":"post_tag","embeddable":true,"href":"https:\/\/jornalfatosenoticias.com.br\/index.php\/wp-json\/wp\/v2\/tags?post=34047"}],"curies":[{"name":"wp","href":"https:\/\/api.w.org\/{rel}","templated":true}]}}