{"id":34125,"date":"2022-09-13T10:31:28","date_gmt":"2022-09-13T13:31:28","guid":{"rendered":"https:\/\/jornalfatosenoticias.com.br\/?p=34125"},"modified":"2022-09-13T10:31:29","modified_gmt":"2022-09-13T13:31:29","slug":"areas-dominadas-por-grupos-armados-no-rj-cresceram-131-em-16-anos","status":"publish","type":"post","link":"https:\/\/jornalfatosenoticias.com.br\/index.php\/2022\/09\/13\/areas-dominadas-por-grupos-armados-no-rj-cresceram-131-em-16-anos\/","title":{"rendered":"\u00c1reas dominadas por grupos armados no RJ cresceram 131% em 16 anos"},"content":{"rendered":"\n<p><em><span class=\"has-inline-color has-black-color\">Pesquisa \u00e9 do Instituto Fogo Cruzado e Geni-UFF<\/span><\/em><\/p>\n\n\n\n<div class=\"wp-block-image\"><figure class=\"aligncenter size-large\"><img loading=\"lazy\" decoding=\"async\" width=\"1024\" height=\"100\" src=\"https:\/\/jornalfatosenoticias.com.br\/wp-content\/uploads\/2020\/02\/banner_ferramentas-1024x100.jpg\" alt=\"\" class=\"wp-image-1258\" srcset=\"https:\/\/jornalfatosenoticias.com.br\/wp-content\/uploads\/2020\/02\/banner_ferramentas-1024x100.jpg 1024w, https:\/\/jornalfatosenoticias.com.br\/wp-content\/uploads\/2020\/02\/banner_ferramentas-300x29.jpg 300w, https:\/\/jornalfatosenoticias.com.br\/wp-content\/uploads\/2020\/02\/banner_ferramentas-768x75.jpg 768w, https:\/\/jornalfatosenoticias.com.br\/wp-content\/uploads\/2020\/02\/banner_ferramentas.jpg 1227w\" sizes=\"auto, (max-width: 1024px) 100vw, 1024px\" \/><\/figure><\/div>\n\n\n\n<p>Em 16 anos, as \u00e1reas urbanas sob influ\u00eancia de grupos armados na regi\u00e3o metropolitana do Rio de Janeiro passaram de 8,7% para 20% do territ\u00f3rio, aumento de 131% entre os tri\u00eanios 2006-2008 e 2019-2021.<br>O dom\u00ednio da mil\u00edcia passou de 23,7% para 49,9% dessas \u00e1reas no mesmo per\u00edodo, o que corresponde atualmente a 38,8% da popula\u00e7\u00e3o sob influ\u00eancia de grupos armados, contra 22,5% em 2008. Considerando a \u00e1rea total sob influ\u00eancia da mil\u00edcia, o crescimento no per\u00edodo foi de 387,3%, passando de 52,6 quil\u00f4metros quadrados (km\u00b2) para 256,28 km\u00b2, o que corresponde a 10% de toda a \u00e1rea territorial do Grande Rio.<\/p>\n\n\n\n<div class=\"wp-block-image\"><figure class=\"aligncenter size-large is-resized\"><img loading=\"lazy\" decoding=\"async\" src=\"https:\/\/jornalfatosenoticias.com.br\/wp-content\/uploads\/2022\/07\/Logo-Grupo-SEI.jpg\" alt=\"\" class=\"wp-image-31973\" width=\"430\" height=\"226\" srcset=\"https:\/\/jornalfatosenoticias.com.br\/wp-content\/uploads\/2022\/07\/Logo-Grupo-SEI.jpg 713w, https:\/\/jornalfatosenoticias.com.br\/wp-content\/uploads\/2022\/07\/Logo-Grupo-SEI-300x158.jpg 300w\" sizes=\"auto, (max-width: 430px) 100vw, 430px\" \/><\/figure><\/div>\n\n\n\n<p>\u00c9 o que mostra o <strong><a href=\"https:\/\/fogocruz.github.io\/mapafc\/\" target=\"_blank\" rel=\"noreferrer noopener\">Mapa dos Grupos Armados<\/a>,<\/strong> lan\u00e7ado hoje (13) pelo Instituto Fogo Cruzado e pelo Grupo de Estudos dos Novos Ilegalismos, da Universidade Federal Fluminense (Geni-UFF). Na ferramenta, \u00e9 poss\u00edvel verificar quais \u00e1reas s\u00e3o dominadas por cada grupo criminoso, com a evolu\u00e7\u00e3o hist\u00f3rica separada por tri\u00eanio.<br>De acordo com o coordenador do Geni-UFF, Daniel Hirata, o levantamento, o primeiro do tipo, encontrou elementos importantes para a constru\u00e7\u00e3o de pol\u00edticas p\u00fablicas na \u00e1rea de seguran\u00e7a. Ele explica que a principal quest\u00e3o \u00e9 a expans\u00e3o da mil\u00edcia, que ocorreu em \u00e1reas que n\u00e3o eram dominadas anteriormente por nenhuma fac\u00e7\u00e3o.<\/p>\n\n\n\n<div class=\"wp-block-image\"><figure class=\"aligncenter size-large is-resized\"><img loading=\"lazy\" decoding=\"async\" src=\"https:\/\/jornalfatosenoticias.com.br\/wp-content\/uploads\/2022\/02\/Precisao-Contabilidade-1024x724.jpg\" alt=\"\" class=\"wp-image-28088\" width=\"348\" height=\"246\"\/><\/figure><\/div>\n\n\n\n<blockquote class=\"wp-block-quote is-layout-flow wp-block-quote-is-layout-flow\"><p><span class=\"has-inline-color has-luminous-vivid-orange-color\">\u201cAs mil\u00edcias foram o grupo que mais cresceu ao longo desse per\u00edodo, quase 400%. Ao longo desses anos as mil\u00edcias se tornaram grupos hegem\u00f4nicos, sobretudo nos sub-bairros, mais do que em favelas e conjuntos habitacionais, onde as fac\u00e7\u00f5es do tr\u00e1fico de droga ainda t\u00eam maior dom\u00ednio. Ou seja, isso chega a mais de 80% em cada um dos casos\u201d.<\/span><\/p><\/blockquote>\n\n\n\n<div class=\"wp-block-image\"><figure class=\"aligncenter size-large\"><img decoding=\"async\" src=\"https:\/\/jornalfatosenoticias.com.br\/wp-content\/uploads\/2020\/02\/logo-embacia-1-1024x110.jpg\" alt=\"\" class=\"wp-image-33954\"\/><\/figure><\/div>\n\n\n\n<p>Os grupos armados que controlam os territ\u00f3rios no Rio de Janeiro est\u00e3o envolvidos em atividades econ\u00f4micas il\u00edcitas como tr\u00e1fico de drogas, transporte coletivo irregular e tamb\u00e9m a oferta clandestina de servi\u00e7os como venda de g\u00e1s, TV a cabo e seguran\u00e7a.<br>Historicamente, o tr\u00e1fico ocupa favelas e outros espa\u00e7os pobres desde a d\u00e9cada de 1970, onde as vielas, becos e ruas estreitas dificultam o acesso dos carros de pol\u00edcia.<\/p>\n\n\n\n<div class=\"wp-block-image\"><figure class=\"aligncenter size-large\"><img decoding=\"async\" src=\"https:\/\/jornalfatosenoticias.com.br\/wp-content\/uploads\/2020\/02\/nova-logo-zucchi-1024x110.jpeg\" alt=\"\" class=\"wp-image-33846\"\/><\/figure><\/div>\n\n\n\n<p><strong><span class=\"has-inline-color has-vivid-red-color\">Mil\u00edcias<br><\/span><\/strong>De acordo com diretora-executiva do Instituto Fogo Cruzado, Maria Isabel Couto, 90,3% do crescimento das mil\u00edcias ocorreu sobre novas \u00e1reas, onde n\u00e3o havia controle de nenhuma fac\u00e7\u00e3o armada.<\/p>\n\n\n\n<blockquote class=\"wp-block-quote is-layout-flow wp-block-quote-is-layout-flow\"><p><span class=\"has-inline-color has-luminous-vivid-orange-color\">\u201cEm termos de cobertura territorial, as mil\u00edcias se expandiram em um ritmo exponencial, chegando a quase que duplicar a \u00e1rea que possu\u00eda em 2008. Esse ritmo foi mais acelerado que as fac\u00e7\u00f5es do tr\u00e1fico, de tal forma que em 2021, das \u00e1reas dominadas por algum grupo armado no Grande Rio, metade estava nas m\u00e3os das mil\u00edcias, 49,9%. Do ponto de vista populacional ainda n\u00e3o apresenta uma hegemonia clara, mas isso parece uma quest\u00e3o de tempo, e de pouco tempo, mantida a velocidade com que as mil\u00edcias incorporam grandes contingentes de pessoas sob o seu dom\u00ednio\u201d.<\/span><\/p><\/blockquote>\n\n\n\n<div class=\"wp-block-image\"><figure class=\"aligncenter size-large\"><img loading=\"lazy\" decoding=\"async\" width=\"1024\" height=\"100\" src=\"https:\/\/jornalfatosenoticias.com.br\/wp-content\/uploads\/2022\/05\/NOVA-LOGO-CESCONETTO-1024x100.jpg\" alt=\"\" class=\"wp-image-30792\" srcset=\"https:\/\/jornalfatosenoticias.com.br\/wp-content\/uploads\/2022\/05\/NOVA-LOGO-CESCONETTO-1024x100.jpg 1024w, https:\/\/jornalfatosenoticias.com.br\/wp-content\/uploads\/2022\/05\/NOVA-LOGO-CESCONETTO-300x29.jpg 300w, https:\/\/jornalfatosenoticias.com.br\/wp-content\/uploads\/2022\/05\/NOVA-LOGO-CESCONETTO-768x75.jpg 768w, https:\/\/jornalfatosenoticias.com.br\/wp-content\/uploads\/2022\/05\/NOVA-LOGO-CESCONETTO.jpg 1280w\" sizes=\"auto, (max-width: 1024px) 100vw, 1024px\" \/><\/figure><\/div>\n\n\n\n<p>Para ela, hoje esses grupos s\u00e3o a principal amea\u00e7a \u00e0 seguran\u00e7a p\u00fablica no Grande Rio, com o grande crescimento apresentado nos \u00faltimos cinco anos.<\/p>\n\n\n\n<blockquote class=\"wp-block-quote is-layout-flow wp-block-quote-is-layout-flow\"><p><span class=\"has-inline-color has-luminous-vivid-orange-color\">\u201cAp\u00f3s a CPI das mil\u00edcias de 2008, vemos um momento de estabilidade e mesmo de decl\u00ednio das \u00e1reas dominadas pelas mil\u00edcias. Essa tend\u00eancia se encerra, no entanto, em 2017. E nos cinco anos finais da s\u00e9rie hist\u00f3rica, as mil\u00edcias apresentam seu maior per\u00edodo de crescimento, somando mais de 138 km\u00b2, onde habitam mais de 750 mil pessoas\u201d.<\/span><\/p><\/blockquote>\n\n\n\n<div class=\"wp-block-image\"><figure class=\"aligncenter size-large\"><img decoding=\"async\" src=\"https:\/\/jornalfatosenoticias.com.br\/wp-content\/uploads\/2020\/02\/logo-Ana_portal.jpg\" alt=\"\" class=\"wp-image-34101\"\/><\/figure><\/div>\n\n\n\n<p>Entre os fatores que influenciaram na din\u00e2mica dos territ\u00f3rios dominados por grupos armados, a pesquisa aponta a Comiss\u00e3o Parlamentar de Inqu\u00e9rito (CPI) das mil\u00edcias em 2008, na Assembleia Legislativa do Estado do Rio de Janeiro (Alerj); as Unidades de Pol\u00edcia Pacificadora, programa que durou de 2008 a 2016; a crise socioecon\u00f4mica, pol\u00edtica e fiscal no estado de 2014 a 2017; e crise da gest\u00e3o da seguran\u00e7a p\u00fablica que levou ao fim da secretaria espec\u00edfica e \u00e0 autonomia das pol\u00edcias civil e militar em 2019.<\/p>\n\n\n\n<div class=\"wp-block-image\"><figure class=\"aligncenter size-large is-resized\"><img loading=\"lazy\" decoding=\"async\" src=\"https:\/\/jornalfatosenoticias.com.br\/wp-content\/uploads\/2022\/08\/logo-locau-veiculos-1024x573.png\" alt=\"\" class=\"wp-image-33078\" width=\"382\" height=\"213\"\/><\/figure><\/div>\n\n\n\n<p><strong><span class=\"has-inline-color has-vivid-red-color\">Regi\u00f5es<br><\/span><\/strong>O estudo abrangeu toda a regi\u00e3o metropolitana do Rio de Janeiro, incluindo a capital, onde moram quase sete milh\u00f5es de pessoas; o leste metropolitano com Niter\u00f3i, S\u00e3o Gon\u00e7alo, Itabora\u00ed, Tangu\u00e1 e Maric\u00e1, com cerca de dois milh\u00f5es de habitantes; e a baixada fluminense, regi\u00e3o que engloba os munic\u00edpios de Guapimirim, Mag\u00e9, Duque de Caxias, Nova Igua\u00e7u, S\u00e3o Jo\u00e3o de Meriti, Nil\u00f3polis, Belford Roxo, Mesquita, Queimados, Japeri, Paracambi, Serop\u00e9dica e Itagua\u00ed, com cerca de quatro milh\u00f5es de pessoas.<\/p>\n\n\n\n<div class=\"wp-block-image\"><figure class=\"alignright size-large\"><img loading=\"lazy\" decoding=\"async\" width=\"300\" height=\"237\" src=\"https:\/\/jornalfatosenoticias.com.br\/wp-content\/uploads\/2020\/02\/SEVENTUR-TURISMO.jpg\" alt=\"\" class=\"wp-image-32994\"\/><\/figure><\/div>\n\n\n\n<p>O Mapa dos Grupos Armados aponta que o Comando Vermelho expandiu seu territ\u00f3rio de influ\u00eancia na baixada fluminense e manteve a hegemonia no leste metropolitano, que engloba munic\u00edpios como Niter\u00f3i e S\u00e3o Gon\u00e7alo.<br>De acordo com o levantamento, em 2021 a \u00e1rea da baixada fluminense dominada por esses grupos estava dividida em 39,7% do Comando Vermelho, 48,6% das mil\u00edcias e 10,9% do Terceiro Comando Puro. No leste metropolitano, 88,2% das \u00e1reas s\u00e3o dominadas pelo Comando Vermelho, 9,1%, pelas mil\u00edcias e 2,6% pelo Terceiro Comando Puro.<br>Na Capital, as mil\u00edcias assumiram a primeira posi\u00e7\u00e3o e controlam 74,2% das \u00e1reas ocupadas por grupos armados, que correspondem a 29,8% da \u00e1rea da cidade. A hegemonia se concentra na zona oeste e avan\u00e7a na zona norte, com pouca influ\u00eancia na zona sul e no centro.<\/p>\n\n\n\n<div class=\"wp-block-image\"><figure class=\"aligncenter size-large\"><img loading=\"lazy\" decoding=\"async\" width=\"1024\" height=\"103\" src=\"https:\/\/jornalfatosenoticias.com.br\/wp-content\/uploads\/2022\/02\/Arte-Autoescola-Galatas_endereco_portal-1024x103.png\" alt=\"\" class=\"wp-image-27869\" srcset=\"https:\/\/jornalfatosenoticias.com.br\/wp-content\/uploads\/2022\/02\/Arte-Autoescola-Galatas_endereco_portal-1024x103.png 1024w, https:\/\/jornalfatosenoticias.com.br\/wp-content\/uploads\/2022\/02\/Arte-Autoescola-Galatas_endereco_portal-300x30.png 300w, https:\/\/jornalfatosenoticias.com.br\/wp-content\/uploads\/2022\/02\/Arte-Autoescola-Galatas_endereco_portal-768x77.png 768w, https:\/\/jornalfatosenoticias.com.br\/wp-content\/uploads\/2022\/02\/Arte-Autoescola-Galatas_endereco_portal.png 1223w\" sizes=\"auto, (max-width: 1024px) 100vw, 1024px\" \/><\/figure><\/div>\n\n\n\n<p>O estudo analisou 690 mil registros do portal do Disque Den\u00fancia que mencionavam mil\u00edcias ou tr\u00e1fico de drogas, entre 2006 e 2021. Com isso, foi levantar o hist\u00f3rico do dom\u00ednio das fac\u00e7\u00f5es e mil\u00edcias em 13.308 sub-bairros, favelas e conjuntos habitacionais da regi\u00e3o metropolitana do Rio de Janeiro.<br>O Fogo Cruzado \u00e9 um Instituto que usa tecnologia para produzir e divulgar dados abertos e colaborativos sobre viol\u00eancia armada nas regi\u00f5es metropolitanas do Rio, Recife e Salvador, com informa\u00e7\u00f5es sobre tiroteios checadas em tempo real.<br>O Grupo de Estudos dos Novos Ilegalismos da Universidade Federal Fluminense (Geni-UFF) \u00e9 especializado em diferentes formas de viol\u00eancias e conflitos sociais.<\/p>\n\n\n\n<div class=\"wp-block-image\"><figure class=\"aligncenter size-large\"><img loading=\"lazy\" decoding=\"async\" width=\"729\" height=\"90\" src=\"https:\/\/jornalfatosenoticias.com.br\/wp-content\/uploads\/2020\/02\/Logo_Mizu.png\" alt=\"\" class=\"wp-image-1441\" srcset=\"https:\/\/jornalfatosenoticias.com.br\/wp-content\/uploads\/2020\/02\/Logo_Mizu.png 729w, https:\/\/jornalfatosenoticias.com.br\/wp-content\/uploads\/2020\/02\/Logo_Mizu-300x37.png 300w\" sizes=\"auto, (max-width: 729px) 100vw, 729px\" \/><\/figure><\/div>\n\n\n\n<p><strong><span class=\"has-inline-color has-vivid-red-color\">Pol\u00edcias<br><\/span><\/strong>Questionada pela reportagem sobre o levantamento, a Pol\u00edcia Militar informou que a corpora\u00e7\u00e3o age no combate ao crime organizado a partir de informa\u00e7\u00f5es do setor de intelig\u00eancia e de \u00f3rg\u00e3os oficiais, como o Instituto de Seguran\u00e7a P\u00fablica (ISP), \u201csendo executadas com base em protocolos t\u00e9cnicos e definidos pelas legisla\u00e7\u00f5es e determina\u00e7\u00f5es judiciais vigentes\u201d.<\/p>\n\n\n\n<div class=\"wp-block-image\"><figure class=\"aligncenter size-large is-resized\"><img loading=\"lazy\" decoding=\"async\" src=\"https:\/\/jornalfatosenoticias.com.br\/wp-content\/uploads\/2020\/02\/nova-logo-Marquetti.jpg\" alt=\"\" class=\"wp-image-22331\" width=\"355\" height=\"238\" srcset=\"https:\/\/jornalfatosenoticias.com.br\/wp-content\/uploads\/2020\/02\/nova-logo-Marquetti.jpg 643w, https:\/\/jornalfatosenoticias.com.br\/wp-content\/uploads\/2020\/02\/nova-logo-Marquetti-300x202.jpg 300w\" sizes=\"auto, (max-width: 355px) 100vw, 355px\" \/><\/figure><\/div>\n\n\n\n<blockquote class=\"wp-block-quote is-layout-flow wp-block-quote-is-layout-flow\"><p><span class=\"has-inline-color has-luminous-vivid-orange-color\">\u201cA Pol\u00edcia Militar acrescenta que, somente neste ano de 2022, a corpora\u00e7\u00e3o j\u00e1 prendeu mais de 23,9 mil criminosos, apreendeu mais de 2,5 mil adolescentes infratores e retirou das ruas mais de 4,35 mil armas de fogo, sendo 247 fuzis\u201d, informou a corpora\u00e7\u00e3o em nota.<\/span><\/p><\/blockquote>\n\n\n\n<p>A Pol\u00edcia Civil informou que n\u00e3o vai comentar a pesquisa por n\u00e3o ter conhecimento sobre a metodologia utilizada e que possui departamento pr\u00f3prio de intelig\u00eancia.<\/p>\n\n\n\n<div class=\"wp-block-image\"><figure class=\"aligncenter size-large\"><img decoding=\"async\" src=\"https:\/\/jornalfatosenoticias.com.br\/wp-content\/uploads\/2020\/02\/logo_esteio.jpg\" alt=\"\" class=\"wp-image-1214\"\/><\/figure><\/div>\n\n\n\n<blockquote class=\"wp-block-quote is-layout-flow wp-block-quote-is-layout-flow\"><p><span class=\"has-inline-color has-luminous-vivid-orange-color\">\u201cVale refor\u00e7ar que a Secretaria de Estado de Pol\u00edcia Civil (Sepol) possui a maior Ag\u00eancia Central de Intelig\u00eancia do ramo da seguran\u00e7a p\u00fablica estadual do pa\u00eds, onde est\u00e3o concentrados todos os setores que buscam e produzem conhecimentos para assessorar na tomada de decis\u00f5es estrat\u00e9gicas e operacionais de combate ao crime\u201d.<\/span><\/p><\/blockquote>\n\n\n\n<div class=\"wp-block-image\"><figure class=\"aligncenter size-large is-resized\"><img loading=\"lazy\" decoding=\"async\" src=\"https:\/\/jornalfatosenoticias.com.br\/wp-content\/uploads\/2022\/02\/Serra-Pack-459.png\" alt=\"\" class=\"wp-image-27471\" width=\"363\" height=\"145\"\/><\/figure><\/div>\n\n\n\n<p><strong><em>Fonte: <a href=\"https:\/\/agenciabrasil.ebc.com.br\/geral\/noticia\/2022-09\/areas-dominadas-por-grupos-armados-no-rj-cresceram-131-em-16-anos\">Ag\u00eancia Brasil<\/a><\/em><\/strong><\/p>\n","protected":false},"excerpt":{"rendered":"<p>Pesquisa \u00e9 do Instituto Fogo Cruzado e Geni-UFF Em 16 anos, as \u00e1reas urbanas sob influ\u00eancia de grupos armados na regi\u00e3o metropolitana do Rio de Janeiro passaram de 8,7% para 20% do territ\u00f3rio, aumento de 131% entre os tri\u00eanios 2006-2008 e 2019-2021.O dom\u00ednio da mil\u00edcia passou de 23,7% para 49,9% dessas \u00e1reas no mesmo per\u00edodo, [&hellip;]<\/p>\n","protected":false},"author":2,"featured_media":34126,"comment_status":"open","ping_status":"open","sticky":false,"template":"","format":"standard","meta":{"footnotes":""},"categories":[5],"tags":[16017,7270,16016,16015,289,4101],"class_list":["post-34125","post","type-post","status-publish","format-standard","has-post-thumbnail","hentry","category-geral","tag-grupos-armados","tag-inseguranca","tag-instituto-fogo-cruzado","tag-milicias","tag-rio-de-janeiro","tag-seguranca-publica"],"yoast_head":"<!-- This site is optimized with the Yoast SEO plugin v26.5 - https:\/\/yoast.com\/wordpress\/plugins\/seo\/ -->\n<title>\u00c1reas dominadas por grupos armados no RJ cresceram 131% em 16 anos - Jornal Fatos e Not\u00edcias<\/title>\n<meta name=\"robots\" content=\"index, follow, max-snippet:-1, max-image-preview:large, max-video-preview:-1\" \/>\n<link rel=\"canonical\" href=\"https:\/\/jornalfatosenoticias.com.br\/index.php\/2022\/09\/13\/areas-dominadas-por-grupos-armados-no-rj-cresceram-131-em-16-anos\/\" \/>\n<meta property=\"og:locale\" content=\"pt_BR\" \/>\n<meta property=\"og:type\" content=\"article\" \/>\n<meta property=\"og:title\" content=\"\u00c1reas dominadas por grupos armados no RJ cresceram 131% em 16 anos - Jornal Fatos e Not\u00edcias\" \/>\n<meta property=\"og:description\" content=\"Pesquisa \u00e9 do Instituto Fogo Cruzado e Geni-UFF Em 16 anos, as \u00e1reas urbanas sob influ\u00eancia de grupos armados na regi\u00e3o metropolitana do Rio de Janeiro passaram de 8,7% para 20% do territ\u00f3rio, aumento de 131% entre os tri\u00eanios 2006-2008 e 2019-2021.O dom\u00ednio da mil\u00edcia passou de 23,7% para 49,9% dessas \u00e1reas no mesmo per\u00edodo, [&hellip;]\" \/>\n<meta property=\"og:url\" content=\"https:\/\/jornalfatosenoticias.com.br\/index.php\/2022\/09\/13\/areas-dominadas-por-grupos-armados-no-rj-cresceram-131-em-16-anos\/\" \/>\n<meta property=\"og:site_name\" content=\"Jornal Fatos e Not\u00edcias\" \/>\n<meta property=\"article:published_time\" content=\"2022-09-13T13:31:28+00:00\" \/>\n<meta property=\"article:modified_time\" content=\"2022-09-13T13:31:29+00:00\" \/>\n<meta property=\"og:image\" content=\"https:\/\/jornalfatosenoticias.com.br\/wp-content\/uploads\/2022\/09\/armas-operacao-pfexercito.jpg\" \/>\n\t<meta property=\"og:image:width\" content=\"1000\" \/>\n\t<meta property=\"og:image:height\" content=\"598\" \/>\n\t<meta property=\"og:image:type\" content=\"image\/jpeg\" \/>\n<meta name=\"author\" content=\"Luzimara Fernandes\" \/>\n<meta name=\"twitter:card\" content=\"summary_large_image\" \/>\n<meta name=\"twitter:label1\" content=\"Escrito por\" \/>\n\t<meta name=\"twitter:data1\" content=\"Luzimara Fernandes\" \/>\n\t<meta name=\"twitter:label2\" content=\"Est. tempo de leitura\" \/>\n\t<meta name=\"twitter:data2\" content=\"6 minutos\" \/>\n<script type=\"application\/ld+json\" class=\"yoast-schema-graph\">{\"@context\":\"https:\/\/schema.org\",\"@graph\":[{\"@type\":\"Article\",\"@id\":\"https:\/\/jornalfatosenoticias.com.br\/index.php\/2022\/09\/13\/areas-dominadas-por-grupos-armados-no-rj-cresceram-131-em-16-anos\/#article\",\"isPartOf\":{\"@id\":\"https:\/\/jornalfatosenoticias.com.br\/index.php\/2022\/09\/13\/areas-dominadas-por-grupos-armados-no-rj-cresceram-131-em-16-anos\/\"},\"author\":{\"name\":\"Luzimara Fernandes\",\"@id\":\"https:\/\/jornalfatosenoticias.com.br\/#\/schema\/person\/d63837fa13ac8666eb9e74e0985d6f81\"},\"headline\":\"\u00c1reas dominadas por grupos armados no RJ cresceram 131% em 16 anos\",\"datePublished\":\"2022-09-13T13:31:28+00:00\",\"dateModified\":\"2022-09-13T13:31:29+00:00\",\"mainEntityOfPage\":{\"@id\":\"https:\/\/jornalfatosenoticias.com.br\/index.php\/2022\/09\/13\/areas-dominadas-por-grupos-armados-no-rj-cresceram-131-em-16-anos\/\"},\"wordCount\":1230,\"commentCount\":0,\"publisher\":{\"@id\":\"https:\/\/jornalfatosenoticias.com.br\/#organization\"},\"image\":{\"@id\":\"https:\/\/jornalfatosenoticias.com.br\/index.php\/2022\/09\/13\/areas-dominadas-por-grupos-armados-no-rj-cresceram-131-em-16-anos\/#primaryimage\"},\"thumbnailUrl\":\"https:\/\/jornalfatosenoticias.com.br\/wp-content\/uploads\/2022\/09\/armas-operacao-pfexercito.jpg\",\"keywords\":[\"grupos armados\",\"inseguran\u00e7a\",\"Instituto Fogo Cruzado\",\"mil\u00edcias\",\"Rio de Janeiro\",\"seguran\u00e7a p\u00fablica\"],\"articleSection\":[\"Geral\"],\"inLanguage\":\"pt-BR\",\"potentialAction\":[{\"@type\":\"CommentAction\",\"name\":\"Comment\",\"target\":[\"https:\/\/jornalfatosenoticias.com.br\/index.php\/2022\/09\/13\/areas-dominadas-por-grupos-armados-no-rj-cresceram-131-em-16-anos\/#respond\"]}]},{\"@type\":\"WebPage\",\"@id\":\"https:\/\/jornalfatosenoticias.com.br\/index.php\/2022\/09\/13\/areas-dominadas-por-grupos-armados-no-rj-cresceram-131-em-16-anos\/\",\"url\":\"https:\/\/jornalfatosenoticias.com.br\/index.php\/2022\/09\/13\/areas-dominadas-por-grupos-armados-no-rj-cresceram-131-em-16-anos\/\",\"name\":\"\u00c1reas dominadas por grupos armados no RJ cresceram 131% em 16 anos - Jornal Fatos e Not\u00edcias\",\"isPartOf\":{\"@id\":\"https:\/\/jornalfatosenoticias.com.br\/#website\"},\"primaryImageOfPage\":{\"@id\":\"https:\/\/jornalfatosenoticias.com.br\/index.php\/2022\/09\/13\/areas-dominadas-por-grupos-armados-no-rj-cresceram-131-em-16-anos\/#primaryimage\"},\"image\":{\"@id\":\"https:\/\/jornalfatosenoticias.com.br\/index.php\/2022\/09\/13\/areas-dominadas-por-grupos-armados-no-rj-cresceram-131-em-16-anos\/#primaryimage\"},\"thumbnailUrl\":\"https:\/\/jornalfatosenoticias.com.br\/wp-content\/uploads\/2022\/09\/armas-operacao-pfexercito.jpg\",\"datePublished\":\"2022-09-13T13:31:28+00:00\",\"dateModified\":\"2022-09-13T13:31:29+00:00\",\"breadcrumb\":{\"@id\":\"https:\/\/jornalfatosenoticias.com.br\/index.php\/2022\/09\/13\/areas-dominadas-por-grupos-armados-no-rj-cresceram-131-em-16-anos\/#breadcrumb\"},\"inLanguage\":\"pt-BR\",\"potentialAction\":[{\"@type\":\"ReadAction\",\"target\":[\"https:\/\/jornalfatosenoticias.com.br\/index.php\/2022\/09\/13\/areas-dominadas-por-grupos-armados-no-rj-cresceram-131-em-16-anos\/\"]}]},{\"@type\":\"ImageObject\",\"inLanguage\":\"pt-BR\",\"@id\":\"https:\/\/jornalfatosenoticias.com.br\/index.php\/2022\/09\/13\/areas-dominadas-por-grupos-armados-no-rj-cresceram-131-em-16-anos\/#primaryimage\",\"url\":\"https:\/\/jornalfatosenoticias.com.br\/wp-content\/uploads\/2022\/09\/armas-operacao-pfexercito.jpg\",\"contentUrl\":\"https:\/\/jornalfatosenoticias.com.br\/wp-content\/uploads\/2022\/09\/armas-operacao-pfexercito.jpg\",\"width\":1000,\"height\":598,\"caption\":\"Arma em f\u00e1brica de armamentos em S\u00e3o Leopoldo 15\/01\/2019 REUTERS\/Diego Vara\"},{\"@type\":\"BreadcrumbList\",\"@id\":\"https:\/\/jornalfatosenoticias.com.br\/index.php\/2022\/09\/13\/areas-dominadas-por-grupos-armados-no-rj-cresceram-131-em-16-anos\/#breadcrumb\",\"itemListElement\":[{\"@type\":\"ListItem\",\"position\":1,\"name\":\"In\u00edcio\",\"item\":\"https:\/\/jornalfatosenoticias.com.br\/\"},{\"@type\":\"ListItem\",\"position\":2,\"name\":\"\u00c1reas dominadas por grupos armados no RJ cresceram 131% em 16 anos\"}]},{\"@type\":\"WebSite\",\"@id\":\"https:\/\/jornalfatosenoticias.com.br\/#website\",\"url\":\"https:\/\/jornalfatosenoticias.com.br\/\",\"name\":\"Jornal Fatos e Not\u00edcias\",\"description\":\"Not\u00edcias em geral\",\"publisher\":{\"@id\":\"https:\/\/jornalfatosenoticias.com.br\/#organization\"},\"potentialAction\":[{\"@type\":\"SearchAction\",\"target\":{\"@type\":\"EntryPoint\",\"urlTemplate\":\"https:\/\/jornalfatosenoticias.com.br\/?s={search_term_string}\"},\"query-input\":{\"@type\":\"PropertyValueSpecification\",\"valueRequired\":true,\"valueName\":\"search_term_string\"}}],\"inLanguage\":\"pt-BR\"},{\"@type\":\"Organization\",\"@id\":\"https:\/\/jornalfatosenoticias.com.br\/#organization\",\"name\":\"Jornal Fatos e Not\u00edcias\",\"url\":\"https:\/\/jornalfatosenoticias.com.br\/\",\"logo\":{\"@type\":\"ImageObject\",\"inLanguage\":\"pt-BR\",\"@id\":\"https:\/\/jornalfatosenoticias.com.br\/#\/schema\/logo\/image\/\",\"url\":\"https:\/\/jornalfatosenoticias.com.br\/wp-content\/uploads\/2020\/02\/logo120.png\",\"contentUrl\":\"https:\/\/jornalfatosenoticias.com.br\/wp-content\/uploads\/2020\/02\/logo120.png\",\"width\":1227,\"height\":120,\"caption\":\"Jornal Fatos e Not\u00edcias\"},\"image\":{\"@id\":\"https:\/\/jornalfatosenoticias.com.br\/#\/schema\/logo\/image\/\"}},{\"@type\":\"Person\",\"@id\":\"https:\/\/jornalfatosenoticias.com.br\/#\/schema\/person\/d63837fa13ac8666eb9e74e0985d6f81\",\"name\":\"Luzimara Fernandes\",\"image\":{\"@type\":\"ImageObject\",\"inLanguage\":\"pt-BR\",\"@id\":\"https:\/\/jornalfatosenoticias.com.br\/#\/schema\/person\/image\/\",\"url\":\"https:\/\/jornalfatosenoticias.com.br\/wp-content\/uploads\/2025\/05\/EU_portal.jpg\",\"contentUrl\":\"https:\/\/jornalfatosenoticias.com.br\/wp-content\/uploads\/2025\/05\/EU_portal.jpg\",\"caption\":\"Luzimara Fernandes\"},\"description\":\"Jornalista MTB 2358-ES\",\"sameAs\":[\"https:\/\/jornalfatosenoticias.com.br\"],\"url\":\"https:\/\/jornalfatosenoticias.com.br\/index.php\/author\/luzimara\/\"}]}<\/script>\n<!-- \/ Yoast SEO plugin. -->","yoast_head_json":{"title":"\u00c1reas dominadas por grupos armados no RJ cresceram 131% em 16 anos - Jornal Fatos e Not\u00edcias","robots":{"index":"index","follow":"follow","max-snippet":"max-snippet:-1","max-image-preview":"max-image-preview:large","max-video-preview":"max-video-preview:-1"},"canonical":"https:\/\/jornalfatosenoticias.com.br\/index.php\/2022\/09\/13\/areas-dominadas-por-grupos-armados-no-rj-cresceram-131-em-16-anos\/","og_locale":"pt_BR","og_type":"article","og_title":"\u00c1reas dominadas por grupos armados no RJ cresceram 131% em 16 anos - Jornal Fatos e Not\u00edcias","og_description":"Pesquisa \u00e9 do Instituto Fogo Cruzado e Geni-UFF Em 16 anos, as \u00e1reas urbanas sob influ\u00eancia de grupos armados na regi\u00e3o metropolitana do Rio de Janeiro passaram de 8,7% para 20% do territ\u00f3rio, aumento de 131% entre os tri\u00eanios 2006-2008 e 2019-2021.O dom\u00ednio da mil\u00edcia passou de 23,7% para 49,9% dessas \u00e1reas no mesmo per\u00edodo, [&hellip;]","og_url":"https:\/\/jornalfatosenoticias.com.br\/index.php\/2022\/09\/13\/areas-dominadas-por-grupos-armados-no-rj-cresceram-131-em-16-anos\/","og_site_name":"Jornal Fatos e Not\u00edcias","article_published_time":"2022-09-13T13:31:28+00:00","article_modified_time":"2022-09-13T13:31:29+00:00","og_image":[{"width":1000,"height":598,"url":"https:\/\/jornalfatosenoticias.com.br\/wp-content\/uploads\/2022\/09\/armas-operacao-pfexercito.jpg","type":"image\/jpeg"}],"author":"Luzimara Fernandes","twitter_card":"summary_large_image","twitter_misc":{"Escrito por":"Luzimara Fernandes","Est. tempo de leitura":"6 minutos"},"schema":{"@context":"https:\/\/schema.org","@graph":[{"@type":"Article","@id":"https:\/\/jornalfatosenoticias.com.br\/index.php\/2022\/09\/13\/areas-dominadas-por-grupos-armados-no-rj-cresceram-131-em-16-anos\/#article","isPartOf":{"@id":"https:\/\/jornalfatosenoticias.com.br\/index.php\/2022\/09\/13\/areas-dominadas-por-grupos-armados-no-rj-cresceram-131-em-16-anos\/"},"author":{"name":"Luzimara Fernandes","@id":"https:\/\/jornalfatosenoticias.com.br\/#\/schema\/person\/d63837fa13ac8666eb9e74e0985d6f81"},"headline":"\u00c1reas dominadas por grupos armados no RJ cresceram 131% em 16 anos","datePublished":"2022-09-13T13:31:28+00:00","dateModified":"2022-09-13T13:31:29+00:00","mainEntityOfPage":{"@id":"https:\/\/jornalfatosenoticias.com.br\/index.php\/2022\/09\/13\/areas-dominadas-por-grupos-armados-no-rj-cresceram-131-em-16-anos\/"},"wordCount":1230,"commentCount":0,"publisher":{"@id":"https:\/\/jornalfatosenoticias.com.br\/#organization"},"image":{"@id":"https:\/\/jornalfatosenoticias.com.br\/index.php\/2022\/09\/13\/areas-dominadas-por-grupos-armados-no-rj-cresceram-131-em-16-anos\/#primaryimage"},"thumbnailUrl":"https:\/\/jornalfatosenoticias.com.br\/wp-content\/uploads\/2022\/09\/armas-operacao-pfexercito.jpg","keywords":["grupos armados","inseguran\u00e7a","Instituto Fogo Cruzado","mil\u00edcias","Rio de Janeiro","seguran\u00e7a p\u00fablica"],"articleSection":["Geral"],"inLanguage":"pt-BR","potentialAction":[{"@type":"CommentAction","name":"Comment","target":["https:\/\/jornalfatosenoticias.com.br\/index.php\/2022\/09\/13\/areas-dominadas-por-grupos-armados-no-rj-cresceram-131-em-16-anos\/#respond"]}]},{"@type":"WebPage","@id":"https:\/\/jornalfatosenoticias.com.br\/index.php\/2022\/09\/13\/areas-dominadas-por-grupos-armados-no-rj-cresceram-131-em-16-anos\/","url":"https:\/\/jornalfatosenoticias.com.br\/index.php\/2022\/09\/13\/areas-dominadas-por-grupos-armados-no-rj-cresceram-131-em-16-anos\/","name":"\u00c1reas dominadas por grupos armados no RJ cresceram 131% em 16 anos - Jornal Fatos e Not\u00edcias","isPartOf":{"@id":"https:\/\/jornalfatosenoticias.com.br\/#website"},"primaryImageOfPage":{"@id":"https:\/\/jornalfatosenoticias.com.br\/index.php\/2022\/09\/13\/areas-dominadas-por-grupos-armados-no-rj-cresceram-131-em-16-anos\/#primaryimage"},"image":{"@id":"https:\/\/jornalfatosenoticias.com.br\/index.php\/2022\/09\/13\/areas-dominadas-por-grupos-armados-no-rj-cresceram-131-em-16-anos\/#primaryimage"},"thumbnailUrl":"https:\/\/jornalfatosenoticias.com.br\/wp-content\/uploads\/2022\/09\/armas-operacao-pfexercito.jpg","datePublished":"2022-09-13T13:31:28+00:00","dateModified":"2022-09-13T13:31:29+00:00","breadcrumb":{"@id":"https:\/\/jornalfatosenoticias.com.br\/index.php\/2022\/09\/13\/areas-dominadas-por-grupos-armados-no-rj-cresceram-131-em-16-anos\/#breadcrumb"},"inLanguage":"pt-BR","potentialAction":[{"@type":"ReadAction","target":["https:\/\/jornalfatosenoticias.com.br\/index.php\/2022\/09\/13\/areas-dominadas-por-grupos-armados-no-rj-cresceram-131-em-16-anos\/"]}]},{"@type":"ImageObject","inLanguage":"pt-BR","@id":"https:\/\/jornalfatosenoticias.com.br\/index.php\/2022\/09\/13\/areas-dominadas-por-grupos-armados-no-rj-cresceram-131-em-16-anos\/#primaryimage","url":"https:\/\/jornalfatosenoticias.com.br\/wp-content\/uploads\/2022\/09\/armas-operacao-pfexercito.jpg","contentUrl":"https:\/\/jornalfatosenoticias.com.br\/wp-content\/uploads\/2022\/09\/armas-operacao-pfexercito.jpg","width":1000,"height":598,"caption":"Arma em f\u00e1brica de armamentos em S\u00e3o Leopoldo 15\/01\/2019 REUTERS\/Diego Vara"},{"@type":"BreadcrumbList","@id":"https:\/\/jornalfatosenoticias.com.br\/index.php\/2022\/09\/13\/areas-dominadas-por-grupos-armados-no-rj-cresceram-131-em-16-anos\/#breadcrumb","itemListElement":[{"@type":"ListItem","position":1,"name":"In\u00edcio","item":"https:\/\/jornalfatosenoticias.com.br\/"},{"@type":"ListItem","position":2,"name":"\u00c1reas dominadas por grupos armados no RJ cresceram 131% em 16 anos"}]},{"@type":"WebSite","@id":"https:\/\/jornalfatosenoticias.com.br\/#website","url":"https:\/\/jornalfatosenoticias.com.br\/","name":"Jornal Fatos e Not\u00edcias","description":"Not\u00edcias em geral","publisher":{"@id":"https:\/\/jornalfatosenoticias.com.br\/#organization"},"potentialAction":[{"@type":"SearchAction","target":{"@type":"EntryPoint","urlTemplate":"https:\/\/jornalfatosenoticias.com.br\/?s={search_term_string}"},"query-input":{"@type":"PropertyValueSpecification","valueRequired":true,"valueName":"search_term_string"}}],"inLanguage":"pt-BR"},{"@type":"Organization","@id":"https:\/\/jornalfatosenoticias.com.br\/#organization","name":"Jornal Fatos e Not\u00edcias","url":"https:\/\/jornalfatosenoticias.com.br\/","logo":{"@type":"ImageObject","inLanguage":"pt-BR","@id":"https:\/\/jornalfatosenoticias.com.br\/#\/schema\/logo\/image\/","url":"https:\/\/jornalfatosenoticias.com.br\/wp-content\/uploads\/2020\/02\/logo120.png","contentUrl":"https:\/\/jornalfatosenoticias.com.br\/wp-content\/uploads\/2020\/02\/logo120.png","width":1227,"height":120,"caption":"Jornal Fatos e Not\u00edcias"},"image":{"@id":"https:\/\/jornalfatosenoticias.com.br\/#\/schema\/logo\/image\/"}},{"@type":"Person","@id":"https:\/\/jornalfatosenoticias.com.br\/#\/schema\/person\/d63837fa13ac8666eb9e74e0985d6f81","name":"Luzimara Fernandes","image":{"@type":"ImageObject","inLanguage":"pt-BR","@id":"https:\/\/jornalfatosenoticias.com.br\/#\/schema\/person\/image\/","url":"https:\/\/jornalfatosenoticias.com.br\/wp-content\/uploads\/2025\/05\/EU_portal.jpg","contentUrl":"https:\/\/jornalfatosenoticias.com.br\/wp-content\/uploads\/2025\/05\/EU_portal.jpg","caption":"Luzimara Fernandes"},"description":"Jornalista MTB 2358-ES","sameAs":["https:\/\/jornalfatosenoticias.com.br"],"url":"https:\/\/jornalfatosenoticias.com.br\/index.php\/author\/luzimara\/"}]}},"cc_featured_image_caption":{"caption_text":"(Foto: Reuters\/Diego Vara\/Direitos Reservados)","source_text":"","source_url":""},"jetpack_featured_media_url":"https:\/\/jornalfatosenoticias.com.br\/wp-content\/uploads\/2022\/09\/armas-operacao-pfexercito.jpg","_links":{"self":[{"href":"https:\/\/jornalfatosenoticias.com.br\/index.php\/wp-json\/wp\/v2\/posts\/34125","targetHints":{"allow":["GET"]}}],"collection":[{"href":"https:\/\/jornalfatosenoticias.com.br\/index.php\/wp-json\/wp\/v2\/posts"}],"about":[{"href":"https:\/\/jornalfatosenoticias.com.br\/index.php\/wp-json\/wp\/v2\/types\/post"}],"author":[{"embeddable":true,"href":"https:\/\/jornalfatosenoticias.com.br\/index.php\/wp-json\/wp\/v2\/users\/2"}],"replies":[{"embeddable":true,"href":"https:\/\/jornalfatosenoticias.com.br\/index.php\/wp-json\/wp\/v2\/comments?post=34125"}],"version-history":[{"count":0,"href":"https:\/\/jornalfatosenoticias.com.br\/index.php\/wp-json\/wp\/v2\/posts\/34125\/revisions"}],"wp:featuredmedia":[{"embeddable":true,"href":"https:\/\/jornalfatosenoticias.com.br\/index.php\/wp-json\/wp\/v2\/media\/34126"}],"wp:attachment":[{"href":"https:\/\/jornalfatosenoticias.com.br\/index.php\/wp-json\/wp\/v2\/media?parent=34125"}],"wp:term":[{"taxonomy":"category","embeddable":true,"href":"https:\/\/jornalfatosenoticias.com.br\/index.php\/wp-json\/wp\/v2\/categories?post=34125"},{"taxonomy":"post_tag","embeddable":true,"href":"https:\/\/jornalfatosenoticias.com.br\/index.php\/wp-json\/wp\/v2\/tags?post=34125"}],"curies":[{"name":"wp","href":"https:\/\/api.w.org\/{rel}","templated":true}]}}