{"id":34128,"date":"2022-09-13T10:49:05","date_gmt":"2022-09-13T13:49:05","guid":{"rendered":"https:\/\/jornalfatosenoticias.com.br\/?p=34128"},"modified":"2022-09-13T10:49:06","modified_gmt":"2022-09-13T13:49:06","slug":"exposicao-em-sao-paulo-mostra-fotografias-da-primeira-republica","status":"publish","type":"post","link":"https:\/\/jornalfatosenoticias.com.br\/index.php\/2022\/09\/13\/exposicao-em-sao-paulo-mostra-fotografias-da-primeira-republica\/","title":{"rendered":"Exposi\u00e7\u00e3o em S\u00e3o Paulo mostra fotografias da Primeira Rep\u00fablica"},"content":{"rendered":"\n<p><em><span class=\"has-inline-color has-black-color\">Moderna pelo Avesso \u00e9 o nome da mostra que come\u00e7a hoje<\/span><\/em><\/p>\n\n\n\n<div class=\"wp-block-image\"><figure class=\"aligncenter size-large\"><img loading=\"lazy\" decoding=\"async\" width=\"1024\" height=\"100\" src=\"https:\/\/jornalfatosenoticias.com.br\/wp-content\/uploads\/2022\/05\/NOVA-LOGO-CESCONETTO-1024x100.jpg\" alt=\"\" class=\"wp-image-30792\" srcset=\"https:\/\/jornalfatosenoticias.com.br\/wp-content\/uploads\/2022\/05\/NOVA-LOGO-CESCONETTO-1024x100.jpg 1024w, https:\/\/jornalfatosenoticias.com.br\/wp-content\/uploads\/2022\/05\/NOVA-LOGO-CESCONETTO-300x29.jpg 300w, https:\/\/jornalfatosenoticias.com.br\/wp-content\/uploads\/2022\/05\/NOVA-LOGO-CESCONETTO-768x75.jpg 768w, https:\/\/jornalfatosenoticias.com.br\/wp-content\/uploads\/2022\/05\/NOVA-LOGO-CESCONETTO.jpg 1280w\" sizes=\"auto, (max-width: 1024px) 100vw, 1024px\" \/><\/figure><\/div>\n\n\n\n<p>Uma nova exposi\u00e7\u00e3o em cartaz a partir de hoje (13) no Instituto Moreira Salles (IMS), na Avenida Paulista, em S\u00e3o Paulo, apresenta fotos e filmes pouco conhecidos, produzidos no Brasil entre os anos de 1890 e 1930, no per\u00edodo conhecido como Primeira Rep\u00fablica. A mostra chamada <em><span class=\"has-inline-color has-black-color\">Moderna pelo Avesso: fotografia e cidade, Brasil, 1890-1930<\/span><\/em>, tem entrada gratuita e fica em cartaz at\u00e9 26 de fevereiro de 2023.<\/p>\n\n\n\n<div class=\"wp-block-image\"><figure class=\"aligncenter size-large\"><img decoding=\"async\" src=\"https:\/\/jornalfatosenoticias.com.br\/wp-content\/uploads\/2020\/02\/logo-embacia-1-1024x110.jpg\" alt=\"\" class=\"wp-image-33954\"\/><\/figure><\/div>\n\n\n\n<p>Naquele per\u00edodo, poucos profissionais e amadores tinham c\u00e2meras fotogr\u00e1ficas. Mesmo assim, a curadoria da mostra, feita por Heloisa Espada com assist\u00eancia de Beatriz Matuck, conseguiu encontrar um vasto material produzido em capitais como Rio de Janeiro, S\u00e3o Paulo, Porto Alegre, Belo Horizonte, Recife e Bel\u00e9m. As fotos, muitas delas tiradas nas ruas, apresentam n\u00e3o s\u00f3 imagens dessas capitais se modernizando, mas s\u00e3o tamb\u00e9m registros da expans\u00e3o da fotografia e do cinema, duas express\u00f5es art\u00edsticas que foram deixadas de lado na Semana de Arte Moderna de 1922.<\/p>\n\n\n\n<div class=\"wp-block-image\"><figure class=\"aligncenter size-large\"><img decoding=\"async\" src=\"https:\/\/jornalfatosenoticias.com.br\/wp-content\/uploads\/2020\/02\/logo-Ana_portal.jpg\" alt=\"\" class=\"wp-image-34101\"\/><\/figure><\/div>\n\n\n\n<blockquote class=\"wp-block-quote is-layout-flow wp-block-quote-is-layout-flow\"><p><span class=\"has-inline-color has-luminous-vivid-orange-color\">\u201cA Semana de 22 n\u00e3o foi suficiente para pensar a arte brasileira moderna. Ela foi um evento important\u00edssimo, mas que n\u00e3o falou de tudo. Deixou muita coisa de fora, inclusive a fotografia e o cinema\u201d, disse Heloisa Espada. \u201cOs vanguardistas ainda tinham muito preconceito em rela\u00e7\u00e3o \u00e0 fotografia na d\u00e9cada de 20. A fotografia era vista como um registro mec\u00e2nico e cient\u00edfico, n\u00e3o como uma possibilidade de se refletir sobre o mundo\u201d, acrescentou.<\/span><\/p><\/blockquote>\n\n\n\n<div class=\"wp-block-image\"><figure class=\"aligncenter size-large is-resized\"><img loading=\"lazy\" decoding=\"async\" src=\"https:\/\/jornalfatosenoticias.com.br\/wp-content\/uploads\/2022\/08\/logo-locau-veiculos-1024x573.png\" alt=\"\" class=\"wp-image-33078\" width=\"380\" height=\"212\"\/><\/figure><\/div>\n\n\n\n<p>Para a mostra, foram selecionados quase 320 itens que apresentam, por exemplo, imagens da derrubada do Morro do Castelo no Rio de Janeiro, a transforma\u00e7\u00e3o do Recife Velho, as ressacas no Rio, o C\u00edrio de Nazar\u00e9 em Bel\u00e9m, a festa do Centen\u00e1rio da Independ\u00eancia e cenas de trabalho infantil no cinema silencioso.<br>A ideia da exposi\u00e7\u00e3o \u00e9 buscar um contraponto entre as imagens oficiais das reformas urbanas, associadas \u00e0 <em>belle \u00e9poque<\/em> e \u00e0 moderniza\u00e7\u00e3o da Rep\u00fablica, e o que se tentou esconder, destruir, apagar ou deixar de lado sobre esse per\u00edodo. <\/p>\n\n\n\n<div class=\"wp-block-image\"><figure class=\"aligncenter size-large\"><img loading=\"lazy\" decoding=\"async\" width=\"300\" height=\"237\" src=\"https:\/\/jornalfatosenoticias.com.br\/wp-content\/uploads\/2020\/02\/SEVENTUR-TURISMO.jpg\" alt=\"\" class=\"wp-image-32994\"\/><\/figure><\/div>\n\n\n\n<blockquote class=\"wp-block-quote is-layout-flow wp-block-quote-is-layout-flow\"><p><span class=\"has-inline-color has-luminous-vivid-orange-color\">\u201cA ideia foi trazer coisas pouco conhecidas, misturando fotografia e cinema e colocar tamb\u00e9m coisas conhecidas, lado a lado, para a gente poder pensar sobre esse per\u00edodo de maneira mais ampla\u201d, afirmou Helo\u00edsa.<\/span><\/p><\/blockquote>\n\n\n\n<div class=\"wp-block-image\"><figure class=\"alignleft size-large\"><img loading=\"lazy\" decoding=\"async\" width=\"300\" height=\"250\" src=\"https:\/\/jornalfatosenoticias.com.br\/wp-content\/uploads\/2022\/08\/arte-Casarao.jpg\" alt=\"\" class=\"wp-image-33178\"\/><\/figure><\/div>\n\n\n\n<p>\u201cQuando se fala em moderno, a primeira coisa que vem \u00e0 cabe\u00e7a \u00e9 algo que \u00e9 atual, que \u00e9 desenvolvido, que representa o progresso. Mas o moderno tamb\u00e9m pressup\u00f5e a destrui\u00e7\u00e3o do passado. Moderno pelo Avesso \u00e9 um pouco a ideia de se pensar, por meio da fotografia e um pouco do cinema, o que significa essa modernidade no Brasil, que foi um processo amb\u00edguo e contradit\u00f3rio. Ao mesmo tempo em que [as fotos] mostram sofistica\u00e7\u00e3o t\u00e9cnica e tecnol\u00f3gica, elas mostram pessoas descal\u00e7as nas ruas, uma vida muito prec\u00e1ria e uma popula\u00e7\u00e3o que n\u00e3o foi incorporada a essa sociedade moderna\u201d, ressaltou a curadora.<\/p>\n\n\n\n<div class=\"wp-block-image\"><figure class=\"aligncenter size-large\"><img decoding=\"async\" src=\"https:\/\/jornalfatosenoticias.com.br\/wp-content\/uploads\/2020\/02\/nova-logo-zucchi-1024x110.jpeg\" alt=\"\" class=\"wp-image-33846\"\/><\/figure><\/div>\n\n\n\n<p>A sele\u00e7\u00e3o para a mostra inclui revistas ilustradas, proje\u00e7\u00f5es em lanterna m\u00e1gica, estereosc\u00f3pios e fotografias em diferentes formatos, como cart\u00f5es-postais. Ser\u00e3o exibidos tamb\u00e9m filmes silenciosos. <\/p>\n\n\n\n<div class=\"wp-block-image\"><figure class=\"aligncenter size-large is-resized\"><img loading=\"lazy\" decoding=\"async\" src=\"https:\/\/jornalfatosenoticias.com.br\/wp-content\/uploads\/2022\/07\/Logo-Grupo-SEI.jpg\" alt=\"\" class=\"wp-image-31973\" width=\"409\" height=\"215\" srcset=\"https:\/\/jornalfatosenoticias.com.br\/wp-content\/uploads\/2022\/07\/Logo-Grupo-SEI.jpg 713w, https:\/\/jornalfatosenoticias.com.br\/wp-content\/uploads\/2022\/07\/Logo-Grupo-SEI-300x158.jpg 300w\" sizes=\"auto, (max-width: 409px) 100vw, 409px\" \/><\/figure><\/div>\n\n\n\n<blockquote class=\"wp-block-quote is-layout-flow wp-block-quote-is-layout-flow\"><p><span class=\"has-inline-color has-luminous-vivid-orange-color\">\u201cA maior parte da fotografia nesse per\u00edodo era oficiosa. O Poder P\u00fablico no Brasil imediatamente notou o poder de persuas\u00e3o na fotografia e no cinema. No caso do cinema brasileiro, a maior parte da produ\u00e7\u00e3o da \u00e9poca que sobreviveu \u00e9 de filmes encomendados pelo Poder P\u00fablico estatal, como os eventos sociais, que eram passados no cinema antes ou depois dos filmes de fic\u00e7\u00e3o. Essa era uma forma de demonstra\u00e7\u00e3o de poder\u201d, contou a curadora.<\/span><\/p><\/blockquote>\n\n\n\n<div class=\"wp-block-image\"><figure class=\"aligncenter size-large\"><img loading=\"lazy\" decoding=\"async\" width=\"1024\" height=\"100\" src=\"https:\/\/jornalfatosenoticias.com.br\/wp-content\/uploads\/2020\/02\/banner_ferramentas-1024x100.jpg\" alt=\"\" class=\"wp-image-1258\" srcset=\"https:\/\/jornalfatosenoticias.com.br\/wp-content\/uploads\/2020\/02\/banner_ferramentas-1024x100.jpg 1024w, https:\/\/jornalfatosenoticias.com.br\/wp-content\/uploads\/2020\/02\/banner_ferramentas-300x29.jpg 300w, https:\/\/jornalfatosenoticias.com.br\/wp-content\/uploads\/2020\/02\/banner_ferramentas-768x75.jpg 768w, https:\/\/jornalfatosenoticias.com.br\/wp-content\/uploads\/2020\/02\/banner_ferramentas.jpg 1227w\" sizes=\"auto, (max-width: 1024px) 100vw, 1024px\" \/><\/figure><\/div>\n\n\n\n<p>Os materiais exibidos prov\u00eam do acervo do IMS e de mais 28 cole\u00e7\u00f5es, entre privadas e institucionais, como da Funda\u00e7\u00e3o Joaquim Nabuco, Biblioteca Nacional, Museu Paraense Em\u00edlio Goeldi e Museu de Porto Alegre Joaquim Felizardo.<br>O conjunto inclui desde imagens produzidas por fot\u00f3grafos j\u00e1 reconhecidos, como Vincenzo Pastore, Alberto de Sampaio e Augusto Malta, at\u00e9 nomes menos conhecidos, como Francisco Rebello, que registrou a vida nas ruas e o Carnaval do Recife nos anos 1920; e Olindo Bel\u00e9m, autor de uma vista panor\u00e2mica de 527 cent\u00edmetros de largura de Belo Horizonte, feita em 1908.<\/p>\n\n\n\n<div class=\"wp-block-image\"><figure class=\"aligncenter size-large is-resized\"><img loading=\"lazy\" decoding=\"async\" src=\"https:\/\/jornalfatosenoticias.com.br\/wp-content\/uploads\/2020\/02\/Serra-Grande-1024x160.png\" alt=\"\" class=\"wp-image-7836\" width=\"484\" height=\"75\"\/><\/figure><\/div>\n\n\n\n<p>A sele\u00e7\u00e3o tamb\u00e9m apresenta produ\u00e7\u00f5es cinematogr\u00e1ficas, como os filmes silenciosos <em>L\u00e1bios sem beijos <\/em>(1929) e <em>Limite <\/em>(1931), que trazem closes e enquadramentos distorcidos, t\u00edpicos das vanguardas europeias, realizados por Edgar Brasil, diretor de fotografia de ambos.<\/p>\n\n\n\n<div class=\"wp-block-image\"><figure class=\"aligncenter size-large is-resized\"><img loading=\"lazy\" decoding=\"async\" src=\"https:\/\/jornalfatosenoticias.com.br\/wp-content\/uploads\/2022\/02\/Precisao-Contabilidade-1024x724.jpg\" alt=\"\" class=\"wp-image-28088\" width=\"351\" height=\"248\"\/><\/figure><\/div>\n\n\n\n<blockquote class=\"wp-block-quote is-layout-flow wp-block-quote-is-layout-flow\"><p><span class=\"has-inline-color has-luminous-vivid-orange-color\">\u201cEspero que a mostra seja uma maneira de refletirmos sobre essas estruturas, o que nos faz, aqui no Brasil, estarmos presos ao passado e nunca sermos esse Pa\u00eds do futuro que se prometeu e nunca chega\u201d, disse a curadora.<\/span><\/p><\/blockquote>\n\n\n\n<div class=\"wp-block-image\"><figure class=\"aligncenter size-large\"><img loading=\"lazy\" decoding=\"async\" width=\"1024\" height=\"103\" src=\"https:\/\/jornalfatosenoticias.com.br\/wp-content\/uploads\/2022\/02\/Arte-Autoescola-Galatas_endereco_portal-1024x103.png\" alt=\"\" class=\"wp-image-27869\" srcset=\"https:\/\/jornalfatosenoticias.com.br\/wp-content\/uploads\/2022\/02\/Arte-Autoescola-Galatas_endereco_portal-1024x103.png 1024w, https:\/\/jornalfatosenoticias.com.br\/wp-content\/uploads\/2022\/02\/Arte-Autoescola-Galatas_endereco_portal-300x30.png 300w, https:\/\/jornalfatosenoticias.com.br\/wp-content\/uploads\/2022\/02\/Arte-Autoescola-Galatas_endereco_portal-768x77.png 768w, https:\/\/jornalfatosenoticias.com.br\/wp-content\/uploads\/2022\/02\/Arte-Autoescola-Galatas_endereco_portal.png 1223w\" sizes=\"auto, (max-width: 1024px) 100vw, 1024px\" \/><\/figure><\/div>\n\n\n\n<p>Como parte da programa\u00e7\u00e3o paralela, a exposi\u00e7\u00e3o contar\u00e1 ainda com uma s\u00e9rie de atividades, como um curso sobre lanternas m\u00e1gicas. A programa\u00e7\u00e3o tamb\u00e9m incluir\u00e1 uma sess\u00e3o do filme <em>Tormenta<\/em>, com trilha sonora ao vivo. Mais informa\u00e7\u00f5es\u00a0podem ser obtidas no\u00a0<strong><a href=\"https:\/\/ims.com.br\/exposicao\/moderna-pelo-avesso_ims-paulista\/\" target=\"_blank\" rel=\"noreferrer noopener\"><em>site<\/em>\u00a0do IMS<\/a>.<\/strong><\/p>\n\n\n\n<div class=\"wp-block-image\"><figure class=\"aligncenter size-large\"><img loading=\"lazy\" decoding=\"async\" width=\"729\" height=\"90\" src=\"https:\/\/jornalfatosenoticias.com.br\/wp-content\/uploads\/2020\/02\/Logo_Mizu.png\" alt=\"\" class=\"wp-image-1441\" srcset=\"https:\/\/jornalfatosenoticias.com.br\/wp-content\/uploads\/2020\/02\/Logo_Mizu.png 729w, https:\/\/jornalfatosenoticias.com.br\/wp-content\/uploads\/2020\/02\/Logo_Mizu-300x37.png 300w\" sizes=\"auto, (max-width: 729px) 100vw, 729px\" \/><\/figure><\/div>\n\n\n\n<p><strong><em>Fonte: <a href=\"https:\/\/agenciabrasil.ebc.com.br\/geral\/noticia\/2022-09\/exposicao-em-sao-paulo-mostra-fotografias-da-primeira-republica\">Ag\u00eancia Brasil<\/a><\/em><\/strong><\/p>\n","protected":false},"excerpt":{"rendered":"<p>Moderna pelo Avesso \u00e9 o nome da mostra que come\u00e7a hoje Uma nova exposi\u00e7\u00e3o em cartaz a partir de hoje (13) no Instituto Moreira Salles (IMS), na Avenida Paulista, em S\u00e3o Paulo, apresenta fotos e filmes pouco conhecidos, produzidos no Brasil entre os anos de 1890 e 1930, no per\u00edodo conhecido como Primeira Rep\u00fablica. A [&hellip;]<\/p>\n","protected":false},"author":2,"featured_media":34129,"comment_status":"open","ping_status":"open","sticky":false,"template":"","format":"standard","meta":{"footnotes":""},"categories":[4],"tags":[499,3133,6383,16018,305],"class_list":["post-34128","post","type-post","status-publish","format-standard","has-post-thumbnail","hentry","category-cultura","tag-exposicao","tag-fotografia","tag-ims","tag-primeira-republica","tag-sao-paulo"],"yoast_head":"<!-- This site is optimized with the Yoast SEO plugin v26.5 - https:\/\/yoast.com\/wordpress\/plugins\/seo\/ -->\n<title>Exposi\u00e7\u00e3o em S\u00e3o Paulo mostra fotografias da Primeira Rep\u00fablica - Jornal Fatos e Not\u00edcias<\/title>\n<meta name=\"robots\" content=\"index, follow, max-snippet:-1, max-image-preview:large, max-video-preview:-1\" \/>\n<link rel=\"canonical\" href=\"https:\/\/jornalfatosenoticias.com.br\/index.php\/2022\/09\/13\/exposicao-em-sao-paulo-mostra-fotografias-da-primeira-republica\/\" \/>\n<meta property=\"og:locale\" content=\"pt_BR\" \/>\n<meta property=\"og:type\" content=\"article\" \/>\n<meta property=\"og:title\" content=\"Exposi\u00e7\u00e3o em S\u00e3o Paulo mostra fotografias da Primeira Rep\u00fablica - Jornal Fatos e Not\u00edcias\" \/>\n<meta property=\"og:description\" content=\"Moderna pelo Avesso \u00e9 o nome da mostra que come\u00e7a hoje Uma nova exposi\u00e7\u00e3o em cartaz a partir de hoje (13) no Instituto Moreira Salles (IMS), na Avenida Paulista, em S\u00e3o Paulo, apresenta fotos e filmes pouco conhecidos, produzidos no Brasil entre os anos de 1890 e 1930, no per\u00edodo conhecido como Primeira Rep\u00fablica. A [&hellip;]\" \/>\n<meta property=\"og:url\" content=\"https:\/\/jornalfatosenoticias.com.br\/index.php\/2022\/09\/13\/exposicao-em-sao-paulo-mostra-fotografias-da-primeira-republica\/\" \/>\n<meta property=\"og:site_name\" content=\"Jornal Fatos e Not\u00edcias\" \/>\n<meta property=\"article:published_time\" content=\"2022-09-13T13:49:05+00:00\" \/>\n<meta property=\"article:modified_time\" content=\"2022-09-13T13:49:06+00:00\" \/>\n<meta property=\"og:image\" content=\"https:\/\/jornalfatosenoticias.com.br\/wp-content\/uploads\/2022\/09\/Exposicao-em-Sao-Paulo-mostra-fotografias-da-Primeira-Republica.jpg\" \/>\n\t<meta property=\"og:image:width\" content=\"1000\" \/>\n\t<meta property=\"og:image:height\" content=\"598\" \/>\n\t<meta property=\"og:image:type\" content=\"image\/jpeg\" \/>\n<meta name=\"author\" content=\"Luzimara Fernandes\" \/>\n<meta name=\"twitter:card\" content=\"summary_large_image\" \/>\n<meta name=\"twitter:label1\" content=\"Escrito por\" \/>\n\t<meta name=\"twitter:data1\" content=\"Luzimara Fernandes\" \/>\n\t<meta name=\"twitter:label2\" content=\"Est. tempo de leitura\" \/>\n\t<meta name=\"twitter:data2\" content=\"4 minutos\" \/>\n<script type=\"application\/ld+json\" class=\"yoast-schema-graph\">{\"@context\":\"https:\/\/schema.org\",\"@graph\":[{\"@type\":\"Article\",\"@id\":\"https:\/\/jornalfatosenoticias.com.br\/index.php\/2022\/09\/13\/exposicao-em-sao-paulo-mostra-fotografias-da-primeira-republica\/#article\",\"isPartOf\":{\"@id\":\"https:\/\/jornalfatosenoticias.com.br\/index.php\/2022\/09\/13\/exposicao-em-sao-paulo-mostra-fotografias-da-primeira-republica\/\"},\"author\":{\"name\":\"Luzimara Fernandes\",\"@id\":\"https:\/\/jornalfatosenoticias.com.br\/#\/schema\/person\/d63837fa13ac8666eb9e74e0985d6f81\"},\"headline\":\"Exposi\u00e7\u00e3o em S\u00e3o Paulo mostra fotografias da Primeira Rep\u00fablica\",\"datePublished\":\"2022-09-13T13:49:05+00:00\",\"dateModified\":\"2022-09-13T13:49:06+00:00\",\"mainEntityOfPage\":{\"@id\":\"https:\/\/jornalfatosenoticias.com.br\/index.php\/2022\/09\/13\/exposicao-em-sao-paulo-mostra-fotografias-da-primeira-republica\/\"},\"wordCount\":852,\"commentCount\":0,\"publisher\":{\"@id\":\"https:\/\/jornalfatosenoticias.com.br\/#organization\"},\"image\":{\"@id\":\"https:\/\/jornalfatosenoticias.com.br\/index.php\/2022\/09\/13\/exposicao-em-sao-paulo-mostra-fotografias-da-primeira-republica\/#primaryimage\"},\"thumbnailUrl\":\"https:\/\/jornalfatosenoticias.com.br\/wp-content\/uploads\/2022\/09\/Exposicao-em-Sao-Paulo-mostra-fotografias-da-Primeira-Republica.jpg\",\"keywords\":[\"exposi\u00e7\u00e3o\",\"fotografia\",\"IMS\",\"Primeira Rep\u00fablica\",\"S\u00e3o Paulo\"],\"articleSection\":[\"Cultura\"],\"inLanguage\":\"pt-BR\",\"potentialAction\":[{\"@type\":\"CommentAction\",\"name\":\"Comment\",\"target\":[\"https:\/\/jornalfatosenoticias.com.br\/index.php\/2022\/09\/13\/exposicao-em-sao-paulo-mostra-fotografias-da-primeira-republica\/#respond\"]}]},{\"@type\":\"WebPage\",\"@id\":\"https:\/\/jornalfatosenoticias.com.br\/index.php\/2022\/09\/13\/exposicao-em-sao-paulo-mostra-fotografias-da-primeira-republica\/\",\"url\":\"https:\/\/jornalfatosenoticias.com.br\/index.php\/2022\/09\/13\/exposicao-em-sao-paulo-mostra-fotografias-da-primeira-republica\/\",\"name\":\"Exposi\u00e7\u00e3o em S\u00e3o Paulo mostra fotografias da Primeira Rep\u00fablica - Jornal Fatos e Not\u00edcias\",\"isPartOf\":{\"@id\":\"https:\/\/jornalfatosenoticias.com.br\/#website\"},\"primaryImageOfPage\":{\"@id\":\"https:\/\/jornalfatosenoticias.com.br\/index.php\/2022\/09\/13\/exposicao-em-sao-paulo-mostra-fotografias-da-primeira-republica\/#primaryimage\"},\"image\":{\"@id\":\"https:\/\/jornalfatosenoticias.com.br\/index.php\/2022\/09\/13\/exposicao-em-sao-paulo-mostra-fotografias-da-primeira-republica\/#primaryimage\"},\"thumbnailUrl\":\"https:\/\/jornalfatosenoticias.com.br\/wp-content\/uploads\/2022\/09\/Exposicao-em-Sao-Paulo-mostra-fotografias-da-Primeira-Republica.jpg\",\"datePublished\":\"2022-09-13T13:49:05+00:00\",\"dateModified\":\"2022-09-13T13:49:06+00:00\",\"breadcrumb\":{\"@id\":\"https:\/\/jornalfatosenoticias.com.br\/index.php\/2022\/09\/13\/exposicao-em-sao-paulo-mostra-fotografias-da-primeira-republica\/#breadcrumb\"},\"inLanguage\":\"pt-BR\",\"potentialAction\":[{\"@type\":\"ReadAction\",\"target\":[\"https:\/\/jornalfatosenoticias.com.br\/index.php\/2022\/09\/13\/exposicao-em-sao-paulo-mostra-fotografias-da-primeira-republica\/\"]}]},{\"@type\":\"ImageObject\",\"inLanguage\":\"pt-BR\",\"@id\":\"https:\/\/jornalfatosenoticias.com.br\/index.php\/2022\/09\/13\/exposicao-em-sao-paulo-mostra-fotografias-da-primeira-republica\/#primaryimage\",\"url\":\"https:\/\/jornalfatosenoticias.com.br\/wp-content\/uploads\/2022\/09\/Exposicao-em-Sao-Paulo-mostra-fotografias-da-Primeira-Republica.jpg\",\"contentUrl\":\"https:\/\/jornalfatosenoticias.com.br\/wp-content\/uploads\/2022\/09\/Exposicao-em-Sao-Paulo-mostra-fotografias-da-Primeira-Republica.jpg\",\"width\":1000,\"height\":598},{\"@type\":\"BreadcrumbList\",\"@id\":\"https:\/\/jornalfatosenoticias.com.br\/index.php\/2022\/09\/13\/exposicao-em-sao-paulo-mostra-fotografias-da-primeira-republica\/#breadcrumb\",\"itemListElement\":[{\"@type\":\"ListItem\",\"position\":1,\"name\":\"In\u00edcio\",\"item\":\"https:\/\/jornalfatosenoticias.com.br\/\"},{\"@type\":\"ListItem\",\"position\":2,\"name\":\"Exposi\u00e7\u00e3o em S\u00e3o Paulo mostra fotografias da Primeira Rep\u00fablica\"}]},{\"@type\":\"WebSite\",\"@id\":\"https:\/\/jornalfatosenoticias.com.br\/#website\",\"url\":\"https:\/\/jornalfatosenoticias.com.br\/\",\"name\":\"Jornal Fatos e Not\u00edcias\",\"description\":\"Not\u00edcias em geral\",\"publisher\":{\"@id\":\"https:\/\/jornalfatosenoticias.com.br\/#organization\"},\"potentialAction\":[{\"@type\":\"SearchAction\",\"target\":{\"@type\":\"EntryPoint\",\"urlTemplate\":\"https:\/\/jornalfatosenoticias.com.br\/?s={search_term_string}\"},\"query-input\":{\"@type\":\"PropertyValueSpecification\",\"valueRequired\":true,\"valueName\":\"search_term_string\"}}],\"inLanguage\":\"pt-BR\"},{\"@type\":\"Organization\",\"@id\":\"https:\/\/jornalfatosenoticias.com.br\/#organization\",\"name\":\"Jornal Fatos e Not\u00edcias\",\"url\":\"https:\/\/jornalfatosenoticias.com.br\/\",\"logo\":{\"@type\":\"ImageObject\",\"inLanguage\":\"pt-BR\",\"@id\":\"https:\/\/jornalfatosenoticias.com.br\/#\/schema\/logo\/image\/\",\"url\":\"https:\/\/jornalfatosenoticias.com.br\/wp-content\/uploads\/2020\/02\/logo120.png\",\"contentUrl\":\"https:\/\/jornalfatosenoticias.com.br\/wp-content\/uploads\/2020\/02\/logo120.png\",\"width\":1227,\"height\":120,\"caption\":\"Jornal Fatos e Not\u00edcias\"},\"image\":{\"@id\":\"https:\/\/jornalfatosenoticias.com.br\/#\/schema\/logo\/image\/\"}},{\"@type\":\"Person\",\"@id\":\"https:\/\/jornalfatosenoticias.com.br\/#\/schema\/person\/d63837fa13ac8666eb9e74e0985d6f81\",\"name\":\"Luzimara Fernandes\",\"image\":{\"@type\":\"ImageObject\",\"inLanguage\":\"pt-BR\",\"@id\":\"https:\/\/jornalfatosenoticias.com.br\/#\/schema\/person\/image\/\",\"url\":\"https:\/\/jornalfatosenoticias.com.br\/wp-content\/uploads\/2025\/05\/EU_portal.jpg\",\"contentUrl\":\"https:\/\/jornalfatosenoticias.com.br\/wp-content\/uploads\/2025\/05\/EU_portal.jpg\",\"caption\":\"Luzimara Fernandes\"},\"description\":\"Jornalista MTB 2358-ES\",\"sameAs\":[\"https:\/\/jornalfatosenoticias.com.br\"],\"url\":\"https:\/\/jornalfatosenoticias.com.br\/index.php\/author\/luzimara\/\"}]}<\/script>\n<!-- \/ Yoast SEO plugin. -->","yoast_head_json":{"title":"Exposi\u00e7\u00e3o em S\u00e3o Paulo mostra fotografias da Primeira Rep\u00fablica - Jornal Fatos e Not\u00edcias","robots":{"index":"index","follow":"follow","max-snippet":"max-snippet:-1","max-image-preview":"max-image-preview:large","max-video-preview":"max-video-preview:-1"},"canonical":"https:\/\/jornalfatosenoticias.com.br\/index.php\/2022\/09\/13\/exposicao-em-sao-paulo-mostra-fotografias-da-primeira-republica\/","og_locale":"pt_BR","og_type":"article","og_title":"Exposi\u00e7\u00e3o em S\u00e3o Paulo mostra fotografias da Primeira Rep\u00fablica - Jornal Fatos e Not\u00edcias","og_description":"Moderna pelo Avesso \u00e9 o nome da mostra que come\u00e7a hoje Uma nova exposi\u00e7\u00e3o em cartaz a partir de hoje (13) no Instituto Moreira Salles (IMS), na Avenida Paulista, em S\u00e3o Paulo, apresenta fotos e filmes pouco conhecidos, produzidos no Brasil entre os anos de 1890 e 1930, no per\u00edodo conhecido como Primeira Rep\u00fablica. A [&hellip;]","og_url":"https:\/\/jornalfatosenoticias.com.br\/index.php\/2022\/09\/13\/exposicao-em-sao-paulo-mostra-fotografias-da-primeira-republica\/","og_site_name":"Jornal Fatos e Not\u00edcias","article_published_time":"2022-09-13T13:49:05+00:00","article_modified_time":"2022-09-13T13:49:06+00:00","og_image":[{"width":1000,"height":598,"url":"https:\/\/jornalfatosenoticias.com.br\/wp-content\/uploads\/2022\/09\/Exposicao-em-Sao-Paulo-mostra-fotografias-da-Primeira-Republica.jpg","type":"image\/jpeg"}],"author":"Luzimara Fernandes","twitter_card":"summary_large_image","twitter_misc":{"Escrito por":"Luzimara Fernandes","Est. tempo de leitura":"4 minutos"},"schema":{"@context":"https:\/\/schema.org","@graph":[{"@type":"Article","@id":"https:\/\/jornalfatosenoticias.com.br\/index.php\/2022\/09\/13\/exposicao-em-sao-paulo-mostra-fotografias-da-primeira-republica\/#article","isPartOf":{"@id":"https:\/\/jornalfatosenoticias.com.br\/index.php\/2022\/09\/13\/exposicao-em-sao-paulo-mostra-fotografias-da-primeira-republica\/"},"author":{"name":"Luzimara Fernandes","@id":"https:\/\/jornalfatosenoticias.com.br\/#\/schema\/person\/d63837fa13ac8666eb9e74e0985d6f81"},"headline":"Exposi\u00e7\u00e3o em S\u00e3o Paulo mostra fotografias da Primeira Rep\u00fablica","datePublished":"2022-09-13T13:49:05+00:00","dateModified":"2022-09-13T13:49:06+00:00","mainEntityOfPage":{"@id":"https:\/\/jornalfatosenoticias.com.br\/index.php\/2022\/09\/13\/exposicao-em-sao-paulo-mostra-fotografias-da-primeira-republica\/"},"wordCount":852,"commentCount":0,"publisher":{"@id":"https:\/\/jornalfatosenoticias.com.br\/#organization"},"image":{"@id":"https:\/\/jornalfatosenoticias.com.br\/index.php\/2022\/09\/13\/exposicao-em-sao-paulo-mostra-fotografias-da-primeira-republica\/#primaryimage"},"thumbnailUrl":"https:\/\/jornalfatosenoticias.com.br\/wp-content\/uploads\/2022\/09\/Exposicao-em-Sao-Paulo-mostra-fotografias-da-Primeira-Republica.jpg","keywords":["exposi\u00e7\u00e3o","fotografia","IMS","Primeira Rep\u00fablica","S\u00e3o Paulo"],"articleSection":["Cultura"],"inLanguage":"pt-BR","potentialAction":[{"@type":"CommentAction","name":"Comment","target":["https:\/\/jornalfatosenoticias.com.br\/index.php\/2022\/09\/13\/exposicao-em-sao-paulo-mostra-fotografias-da-primeira-republica\/#respond"]}]},{"@type":"WebPage","@id":"https:\/\/jornalfatosenoticias.com.br\/index.php\/2022\/09\/13\/exposicao-em-sao-paulo-mostra-fotografias-da-primeira-republica\/","url":"https:\/\/jornalfatosenoticias.com.br\/index.php\/2022\/09\/13\/exposicao-em-sao-paulo-mostra-fotografias-da-primeira-republica\/","name":"Exposi\u00e7\u00e3o em S\u00e3o Paulo mostra fotografias da Primeira Rep\u00fablica - Jornal Fatos e Not\u00edcias","isPartOf":{"@id":"https:\/\/jornalfatosenoticias.com.br\/#website"},"primaryImageOfPage":{"@id":"https:\/\/jornalfatosenoticias.com.br\/index.php\/2022\/09\/13\/exposicao-em-sao-paulo-mostra-fotografias-da-primeira-republica\/#primaryimage"},"image":{"@id":"https:\/\/jornalfatosenoticias.com.br\/index.php\/2022\/09\/13\/exposicao-em-sao-paulo-mostra-fotografias-da-primeira-republica\/#primaryimage"},"thumbnailUrl":"https:\/\/jornalfatosenoticias.com.br\/wp-content\/uploads\/2022\/09\/Exposicao-em-Sao-Paulo-mostra-fotografias-da-Primeira-Republica.jpg","datePublished":"2022-09-13T13:49:05+00:00","dateModified":"2022-09-13T13:49:06+00:00","breadcrumb":{"@id":"https:\/\/jornalfatosenoticias.com.br\/index.php\/2022\/09\/13\/exposicao-em-sao-paulo-mostra-fotografias-da-primeira-republica\/#breadcrumb"},"inLanguage":"pt-BR","potentialAction":[{"@type":"ReadAction","target":["https:\/\/jornalfatosenoticias.com.br\/index.php\/2022\/09\/13\/exposicao-em-sao-paulo-mostra-fotografias-da-primeira-republica\/"]}]},{"@type":"ImageObject","inLanguage":"pt-BR","@id":"https:\/\/jornalfatosenoticias.com.br\/index.php\/2022\/09\/13\/exposicao-em-sao-paulo-mostra-fotografias-da-primeira-republica\/#primaryimage","url":"https:\/\/jornalfatosenoticias.com.br\/wp-content\/uploads\/2022\/09\/Exposicao-em-Sao-Paulo-mostra-fotografias-da-Primeira-Republica.jpg","contentUrl":"https:\/\/jornalfatosenoticias.com.br\/wp-content\/uploads\/2022\/09\/Exposicao-em-Sao-Paulo-mostra-fotografias-da-Primeira-Republica.jpg","width":1000,"height":598},{"@type":"BreadcrumbList","@id":"https:\/\/jornalfatosenoticias.com.br\/index.php\/2022\/09\/13\/exposicao-em-sao-paulo-mostra-fotografias-da-primeira-republica\/#breadcrumb","itemListElement":[{"@type":"ListItem","position":1,"name":"In\u00edcio","item":"https:\/\/jornalfatosenoticias.com.br\/"},{"@type":"ListItem","position":2,"name":"Exposi\u00e7\u00e3o em S\u00e3o Paulo mostra fotografias da Primeira Rep\u00fablica"}]},{"@type":"WebSite","@id":"https:\/\/jornalfatosenoticias.com.br\/#website","url":"https:\/\/jornalfatosenoticias.com.br\/","name":"Jornal Fatos e Not\u00edcias","description":"Not\u00edcias em geral","publisher":{"@id":"https:\/\/jornalfatosenoticias.com.br\/#organization"},"potentialAction":[{"@type":"SearchAction","target":{"@type":"EntryPoint","urlTemplate":"https:\/\/jornalfatosenoticias.com.br\/?s={search_term_string}"},"query-input":{"@type":"PropertyValueSpecification","valueRequired":true,"valueName":"search_term_string"}}],"inLanguage":"pt-BR"},{"@type":"Organization","@id":"https:\/\/jornalfatosenoticias.com.br\/#organization","name":"Jornal Fatos e Not\u00edcias","url":"https:\/\/jornalfatosenoticias.com.br\/","logo":{"@type":"ImageObject","inLanguage":"pt-BR","@id":"https:\/\/jornalfatosenoticias.com.br\/#\/schema\/logo\/image\/","url":"https:\/\/jornalfatosenoticias.com.br\/wp-content\/uploads\/2020\/02\/logo120.png","contentUrl":"https:\/\/jornalfatosenoticias.com.br\/wp-content\/uploads\/2020\/02\/logo120.png","width":1227,"height":120,"caption":"Jornal Fatos e Not\u00edcias"},"image":{"@id":"https:\/\/jornalfatosenoticias.com.br\/#\/schema\/logo\/image\/"}},{"@type":"Person","@id":"https:\/\/jornalfatosenoticias.com.br\/#\/schema\/person\/d63837fa13ac8666eb9e74e0985d6f81","name":"Luzimara Fernandes","image":{"@type":"ImageObject","inLanguage":"pt-BR","@id":"https:\/\/jornalfatosenoticias.com.br\/#\/schema\/person\/image\/","url":"https:\/\/jornalfatosenoticias.com.br\/wp-content\/uploads\/2025\/05\/EU_portal.jpg","contentUrl":"https:\/\/jornalfatosenoticias.com.br\/wp-content\/uploads\/2025\/05\/EU_portal.jpg","caption":"Luzimara Fernandes"},"description":"Jornalista MTB 2358-ES","sameAs":["https:\/\/jornalfatosenoticias.com.br"],"url":"https:\/\/jornalfatosenoticias.com.br\/index.php\/author\/luzimara\/"}]}},"cc_featured_image_caption":{"caption_text":"(Foto: Divulga\u00e7\u00e3o\/IMS)","source_text":"","source_url":""},"jetpack_featured_media_url":"https:\/\/jornalfatosenoticias.com.br\/wp-content\/uploads\/2022\/09\/Exposicao-em-Sao-Paulo-mostra-fotografias-da-Primeira-Republica.jpg","_links":{"self":[{"href":"https:\/\/jornalfatosenoticias.com.br\/index.php\/wp-json\/wp\/v2\/posts\/34128","targetHints":{"allow":["GET"]}}],"collection":[{"href":"https:\/\/jornalfatosenoticias.com.br\/index.php\/wp-json\/wp\/v2\/posts"}],"about":[{"href":"https:\/\/jornalfatosenoticias.com.br\/index.php\/wp-json\/wp\/v2\/types\/post"}],"author":[{"embeddable":true,"href":"https:\/\/jornalfatosenoticias.com.br\/index.php\/wp-json\/wp\/v2\/users\/2"}],"replies":[{"embeddable":true,"href":"https:\/\/jornalfatosenoticias.com.br\/index.php\/wp-json\/wp\/v2\/comments?post=34128"}],"version-history":[{"count":0,"href":"https:\/\/jornalfatosenoticias.com.br\/index.php\/wp-json\/wp\/v2\/posts\/34128\/revisions"}],"wp:featuredmedia":[{"embeddable":true,"href":"https:\/\/jornalfatosenoticias.com.br\/index.php\/wp-json\/wp\/v2\/media\/34129"}],"wp:attachment":[{"href":"https:\/\/jornalfatosenoticias.com.br\/index.php\/wp-json\/wp\/v2\/media?parent=34128"}],"wp:term":[{"taxonomy":"category","embeddable":true,"href":"https:\/\/jornalfatosenoticias.com.br\/index.php\/wp-json\/wp\/v2\/categories?post=34128"},{"taxonomy":"post_tag","embeddable":true,"href":"https:\/\/jornalfatosenoticias.com.br\/index.php\/wp-json\/wp\/v2\/tags?post=34128"}],"curies":[{"name":"wp","href":"https:\/\/api.w.org\/{rel}","templated":true}]}}