{"id":34131,"date":"2022-09-13T10:59:19","date_gmt":"2022-09-13T13:59:19","guid":{"rendered":"https:\/\/jornalfatosenoticias.com.br\/?p=34131"},"modified":"2022-09-13T10:59:20","modified_gmt":"2022-09-13T13:59:20","slug":"secretaria-de-educacao-de-vitoria-promove-coloquio-bilingue-de-letras-e-libras","status":"publish","type":"post","link":"https:\/\/jornalfatosenoticias.com.br\/index.php\/2022\/09\/13\/secretaria-de-educacao-de-vitoria-promove-coloquio-bilingue-de-letras-e-libras\/","title":{"rendered":"Secretaria de Educa\u00e7\u00e3o de Vit\u00f3ria promove col\u00f3quio bil\u00edngue de Letras e Libras"},"content":{"rendered":"\n<div class=\"wp-block-image\"><figure class=\"aligncenter size-large\"><img loading=\"lazy\" decoding=\"async\" width=\"1024\" height=\"100\" src=\"https:\/\/jornalfatosenoticias.com.br\/wp-content\/uploads\/2022\/05\/NOVA-LOGO-CESCONETTO-1024x100.jpg\" alt=\"\" class=\"wp-image-30792\" srcset=\"https:\/\/jornalfatosenoticias.com.br\/wp-content\/uploads\/2022\/05\/NOVA-LOGO-CESCONETTO-1024x100.jpg 1024w, https:\/\/jornalfatosenoticias.com.br\/wp-content\/uploads\/2022\/05\/NOVA-LOGO-CESCONETTO-300x29.jpg 300w, https:\/\/jornalfatosenoticias.com.br\/wp-content\/uploads\/2022\/05\/NOVA-LOGO-CESCONETTO-768x75.jpg 768w, https:\/\/jornalfatosenoticias.com.br\/wp-content\/uploads\/2022\/05\/NOVA-LOGO-CESCONETTO.jpg 1280w\" sizes=\"auto, (max-width: 1024px) 100vw, 1024px\" \/><\/figure><\/div>\n\n\n\n<p>O m\u00eas de setembro \u00e9 considerado, pela comunidade surda, um m\u00eas significativo devido a v\u00e1rios acontecimentos relacionados \u00e0s pessoas surdas. Entre esses eventos est\u00e1 a oficializa\u00e7\u00e3o do Dia do Surdo, comemorado em 26 de setembro, atrav\u00e9s do decreto de Lei 11.796\/2008.<br>Nesse contexto, a Secretaria de Educa\u00e7\u00e3o de Vit\u00f3ria realiza, nesta ter\u00e7a-feira (13), o &#8220;Col\u00f3quio Bil\u00edngue: redes colaborativas e educa\u00e7\u00e3o de surdos na Rede Municipal de Vit\u00f3ria&#8221;, voltado aos profissionais que comp\u00f5em a equipe bil\u00edngue das unidades de ensino, al\u00e9m de pedagogos.<\/p>\n\n\n\n<div class=\"wp-block-image\"><figure class=\"aligncenter size-large\"><img loading=\"lazy\" decoding=\"async\" width=\"1024\" height=\"103\" src=\"https:\/\/jornalfatosenoticias.com.br\/wp-content\/uploads\/2022\/02\/Arte-Autoescola-Galatas_endereco_portal-1024x103.png\" alt=\"\" class=\"wp-image-27869\" srcset=\"https:\/\/jornalfatosenoticias.com.br\/wp-content\/uploads\/2022\/02\/Arte-Autoescola-Galatas_endereco_portal-1024x103.png 1024w, https:\/\/jornalfatosenoticias.com.br\/wp-content\/uploads\/2022\/02\/Arte-Autoescola-Galatas_endereco_portal-300x30.png 300w, https:\/\/jornalfatosenoticias.com.br\/wp-content\/uploads\/2022\/02\/Arte-Autoescola-Galatas_endereco_portal-768x77.png 768w, https:\/\/jornalfatosenoticias.com.br\/wp-content\/uploads\/2022\/02\/Arte-Autoescola-Galatas_endereco_portal.png 1223w\" sizes=\"auto, (max-width: 1024px) 100vw, 1024px\" \/><\/figure><\/div>\n\n\n\n<p>O Col\u00f3quio visa a possibilitar o di\u00e1logo sobre metodologias e ferramentas pedag\u00f3gicas para enriquecimento curricular dos estudantes surdos no contexto escolar. A programa\u00e7\u00e3o ocorre das 8h \u00e0s 12h e das 13h30 \u00e0s 17h30, no audit\u00f3rio da Seme, em Itarar\u00e9. Ser\u00e3o, ao todo, seis palestrantes convidados, ligados \u00e0 Universidade Federal do Esp\u00edrito Santo.<\/p>\n\n\n\n<div class=\"wp-block-image\"><figure class=\"aligncenter size-large\"><img loading=\"lazy\" decoding=\"async\" width=\"300\" height=\"237\" src=\"https:\/\/jornalfatosenoticias.com.br\/wp-content\/uploads\/2020\/02\/SEVENTUR-TURISMO.jpg\" alt=\"\" class=\"wp-image-32994\"\/><\/figure><\/div>\n\n\n\n<h4 class=\"wp-block-heading\"><strong><span class=\"has-inline-color has-black-color\">Palestrantes<\/span><\/strong><\/h4>\n\n\n\n<figure class=\"wp-block-image size-large\"><img loading=\"lazy\" decoding=\"async\" width=\"1000\" height=\"1000\" src=\"https:\/\/jornalfatosenoticias.com.br\/wp-content\/uploads\/2022\/09\/COLOQUIO-BILINGUE_VITORIA.jpg\" alt=\"\" class=\"wp-image-34133\" srcset=\"https:\/\/jornalfatosenoticias.com.br\/wp-content\/uploads\/2022\/09\/COLOQUIO-BILINGUE_VITORIA.jpg 1000w, https:\/\/jornalfatosenoticias.com.br\/wp-content\/uploads\/2022\/09\/COLOQUIO-BILINGUE_VITORIA-300x300.jpg 300w, https:\/\/jornalfatosenoticias.com.br\/wp-content\/uploads\/2022\/09\/COLOQUIO-BILINGUE_VITORIA-150x150.jpg 150w, https:\/\/jornalfatosenoticias.com.br\/wp-content\/uploads\/2022\/09\/COLOQUIO-BILINGUE_VITORIA-768x768.jpg 768w\" sizes=\"auto, (max-width: 1000px) 100vw, 1000px\" \/><figcaption><em><span class=\"has-inline-color has-black-color\">Col\u00f3quio Bil\u00edngue (Foto: Divulga\u00e7\u00e3o\/PMV)<\/span><\/em><\/figcaption><\/figure>\n\n\n\n<p><strong><span class=\"has-inline-color has-vivid-purple-color\">Manh\u00e3<\/span><\/strong><\/p>\n\n\n\n<ul class=\"wp-block-list\"><li>Joaquim C\u00e9sar da Cunha dos Santos, &#8220;A \u00e9tica em tradu\u00e7\u00e3o e interpreta\u00e7\u00e3o e a educa\u00e7\u00e3o&#8221;<\/li><li>Daniel Junqueira Carvalho, &#8220;O papel do professor surdo no contexto da educa\u00e7\u00e3o bil\u00edngue&#8221;<\/li><li>Arlene Batista da Silva, &#8220;Elabora\u00e7\u00e3o de materiais audiovisuais&#8221;<\/li><\/ul>\n\n\n\n<div class=\"wp-block-image\"><figure class=\"aligncenter size-large\"><img decoding=\"async\" src=\"https:\/\/jornalfatosenoticias.com.br\/wp-content\/uploads\/2020\/02\/logo-embacia-1-1024x110.jpg\" alt=\"\" class=\"wp-image-33954\"\/><\/figure><\/div>\n\n\n\n<p><strong><span class=\"has-inline-color has-vivid-purple-color\">Tarde<\/span><\/strong><\/p>\n\n\n\n<ul class=\"wp-block-list\"><li>Keila Cardoso Teixeira, &#8220;A crian\u00e7a surda na educa\u00e7\u00e3o infantil&#8221;<\/li><li>Ednalva Gutierrez Rodrigues, &#8220;A educa\u00e7\u00e3o Bil\u00edngue e o curr\u00edculo&#8221;<\/li><li>Ericler Oliveira Gutierrez Quedraogo, &#8220;Produ\u00e7\u00e3o audiovisual e a educa\u00e7\u00e3o de surdos&#8221;<\/li><\/ul>\n\n\n\n<div class=\"wp-block-image\"><figure class=\"aligncenter size-large is-resized\"><img loading=\"lazy\" decoding=\"async\" src=\"https:\/\/jornalfatosenoticias.com.br\/wp-content\/uploads\/2022\/02\/Precisao-Contabilidade-1024x724.jpg\" alt=\"\" class=\"wp-image-28088\" width=\"315\" height=\"223\"\/><\/figure><\/div>\n\n\n\n<p><strong><em>Fonte: <a href=\"https:\/\/m.vitoria.es.gov.br\/noticia\/secretaria-de-educacao-promove-coloquio-bilingue-de-letras-e-libras-45973\">PMV<\/a><\/em><\/strong><\/p>\n","protected":false},"excerpt":{"rendered":"<p>O m\u00eas de setembro \u00e9 considerado, pela comunidade surda, um m\u00eas significativo devido a v\u00e1rios acontecimentos relacionados \u00e0s pessoas surdas. Entre esses eventos est\u00e1 a oficializa\u00e7\u00e3o do Dia do Surdo, comemorado em 26 de setembro, atrav\u00e9s do decreto de Lei 11.796\/2008.Nesse contexto, a Secretaria de Educa\u00e7\u00e3o de Vit\u00f3ria realiza, nesta ter\u00e7a-feira (13), o &#8220;Col\u00f3quio Bil\u00edngue: [&hellip;]<\/p>\n","protected":false},"author":2,"featured_media":34132,"comment_status":"open","ping_status":"open","sticky":false,"template":"","format":"standard","meta":{"footnotes":""},"categories":[7],"tags":[16019,16021,1336,16020],"class_list":["post-34131","post","type-post","status-publish","format-standard","has-post-thumbnail","hentry","category-educacao","tag-coloquio-bilingue-de-letras-e-libras","tag-dia-do-surdo","tag-inclusao","tag-surdos"],"yoast_head":"<!-- This site is optimized with the Yoast SEO plugin v26.5 - https:\/\/yoast.com\/wordpress\/plugins\/seo\/ -->\n<title>Secretaria de Educa\u00e7\u00e3o de Vit\u00f3ria promove col\u00f3quio bil\u00edngue de Letras e Libras - Jornal Fatos e Not\u00edcias<\/title>\n<meta name=\"robots\" content=\"index, follow, max-snippet:-1, max-image-preview:large, max-video-preview:-1\" \/>\n<link rel=\"canonical\" href=\"https:\/\/jornalfatosenoticias.com.br\/index.php\/2022\/09\/13\/secretaria-de-educacao-de-vitoria-promove-coloquio-bilingue-de-letras-e-libras\/\" \/>\n<meta property=\"og:locale\" content=\"pt_BR\" \/>\n<meta property=\"og:type\" content=\"article\" \/>\n<meta property=\"og:title\" content=\"Secretaria de Educa\u00e7\u00e3o de Vit\u00f3ria promove col\u00f3quio bil\u00edngue de Letras e Libras - Jornal Fatos e Not\u00edcias\" \/>\n<meta property=\"og:description\" content=\"O m\u00eas de setembro \u00e9 considerado, pela comunidade surda, um m\u00eas significativo devido a v\u00e1rios acontecimentos relacionados \u00e0s pessoas surdas. Entre esses eventos est\u00e1 a oficializa\u00e7\u00e3o do Dia do Surdo, comemorado em 26 de setembro, atrav\u00e9s do decreto de Lei 11.796\/2008.Nesse contexto, a Secretaria de Educa\u00e7\u00e3o de Vit\u00f3ria realiza, nesta ter\u00e7a-feira (13), o &#8220;Col\u00f3quio Bil\u00edngue: [&hellip;]\" \/>\n<meta property=\"og:url\" content=\"https:\/\/jornalfatosenoticias.com.br\/index.php\/2022\/09\/13\/secretaria-de-educacao-de-vitoria-promove-coloquio-bilingue-de-letras-e-libras\/\" \/>\n<meta property=\"og:site_name\" content=\"Jornal Fatos e Not\u00edcias\" \/>\n<meta property=\"article:published_time\" content=\"2022-09-13T13:59:19+00:00\" \/>\n<meta property=\"article:modified_time\" content=\"2022-09-13T13:59:20+00:00\" \/>\n<meta property=\"og:image\" content=\"https:\/\/jornalfatosenoticias.com.br\/wp-content\/uploads\/2022\/09\/COLOQUIO-BILINGUE_VITORIA_CAPA.jpg\" \/>\n\t<meta property=\"og:image:width\" content=\"1000\" \/>\n\t<meta property=\"og:image:height\" content=\"309\" \/>\n\t<meta property=\"og:image:type\" content=\"image\/jpeg\" \/>\n<meta name=\"author\" content=\"Luzimara Fernandes\" \/>\n<meta name=\"twitter:card\" content=\"summary_large_image\" \/>\n<meta name=\"twitter:label1\" content=\"Escrito por\" \/>\n\t<meta name=\"twitter:data1\" content=\"Luzimara Fernandes\" \/>\n\t<meta name=\"twitter:label2\" content=\"Est. tempo de leitura\" \/>\n\t<meta name=\"twitter:data2\" content=\"1 minuto\" \/>\n<script type=\"application\/ld+json\" class=\"yoast-schema-graph\">{\"@context\":\"https:\/\/schema.org\",\"@graph\":[{\"@type\":\"Article\",\"@id\":\"https:\/\/jornalfatosenoticias.com.br\/index.php\/2022\/09\/13\/secretaria-de-educacao-de-vitoria-promove-coloquio-bilingue-de-letras-e-libras\/#article\",\"isPartOf\":{\"@id\":\"https:\/\/jornalfatosenoticias.com.br\/index.php\/2022\/09\/13\/secretaria-de-educacao-de-vitoria-promove-coloquio-bilingue-de-letras-e-libras\/\"},\"author\":{\"name\":\"Luzimara Fernandes\",\"@id\":\"https:\/\/jornalfatosenoticias.com.br\/#\/schema\/person\/d63837fa13ac8666eb9e74e0985d6f81\"},\"headline\":\"Secretaria de Educa\u00e7\u00e3o de Vit\u00f3ria promove col\u00f3quio bil\u00edngue de Letras e Libras\",\"datePublished\":\"2022-09-13T13:59:19+00:00\",\"dateModified\":\"2022-09-13T13:59:20+00:00\",\"mainEntityOfPage\":{\"@id\":\"https:\/\/jornalfatosenoticias.com.br\/index.php\/2022\/09\/13\/secretaria-de-educacao-de-vitoria-promove-coloquio-bilingue-de-letras-e-libras\/\"},\"wordCount\":259,\"commentCount\":0,\"publisher\":{\"@id\":\"https:\/\/jornalfatosenoticias.com.br\/#organization\"},\"image\":{\"@id\":\"https:\/\/jornalfatosenoticias.com.br\/index.php\/2022\/09\/13\/secretaria-de-educacao-de-vitoria-promove-coloquio-bilingue-de-letras-e-libras\/#primaryimage\"},\"thumbnailUrl\":\"https:\/\/jornalfatosenoticias.com.br\/wp-content\/uploads\/2022\/09\/COLOQUIO-BILINGUE_VITORIA_CAPA.jpg\",\"keywords\":[\"Col\u00f3quio Bil\u00edngue de Letras e Libras\",\"Dia do Surdo\",\"inclus\u00e3o\",\"surdos\"],\"articleSection\":[\"Educa\u00e7\u00e3o\"],\"inLanguage\":\"pt-BR\",\"potentialAction\":[{\"@type\":\"CommentAction\",\"name\":\"Comment\",\"target\":[\"https:\/\/jornalfatosenoticias.com.br\/index.php\/2022\/09\/13\/secretaria-de-educacao-de-vitoria-promove-coloquio-bilingue-de-letras-e-libras\/#respond\"]}]},{\"@type\":\"WebPage\",\"@id\":\"https:\/\/jornalfatosenoticias.com.br\/index.php\/2022\/09\/13\/secretaria-de-educacao-de-vitoria-promove-coloquio-bilingue-de-letras-e-libras\/\",\"url\":\"https:\/\/jornalfatosenoticias.com.br\/index.php\/2022\/09\/13\/secretaria-de-educacao-de-vitoria-promove-coloquio-bilingue-de-letras-e-libras\/\",\"name\":\"Secretaria de Educa\u00e7\u00e3o de Vit\u00f3ria promove col\u00f3quio bil\u00edngue de Letras e Libras - Jornal Fatos e Not\u00edcias\",\"isPartOf\":{\"@id\":\"https:\/\/jornalfatosenoticias.com.br\/#website\"},\"primaryImageOfPage\":{\"@id\":\"https:\/\/jornalfatosenoticias.com.br\/index.php\/2022\/09\/13\/secretaria-de-educacao-de-vitoria-promove-coloquio-bilingue-de-letras-e-libras\/#primaryimage\"},\"image\":{\"@id\":\"https:\/\/jornalfatosenoticias.com.br\/index.php\/2022\/09\/13\/secretaria-de-educacao-de-vitoria-promove-coloquio-bilingue-de-letras-e-libras\/#primaryimage\"},\"thumbnailUrl\":\"https:\/\/jornalfatosenoticias.com.br\/wp-content\/uploads\/2022\/09\/COLOQUIO-BILINGUE_VITORIA_CAPA.jpg\",\"datePublished\":\"2022-09-13T13:59:19+00:00\",\"dateModified\":\"2022-09-13T13:59:20+00:00\",\"breadcrumb\":{\"@id\":\"https:\/\/jornalfatosenoticias.com.br\/index.php\/2022\/09\/13\/secretaria-de-educacao-de-vitoria-promove-coloquio-bilingue-de-letras-e-libras\/#breadcrumb\"},\"inLanguage\":\"pt-BR\",\"potentialAction\":[{\"@type\":\"ReadAction\",\"target\":[\"https:\/\/jornalfatosenoticias.com.br\/index.php\/2022\/09\/13\/secretaria-de-educacao-de-vitoria-promove-coloquio-bilingue-de-letras-e-libras\/\"]}]},{\"@type\":\"ImageObject\",\"inLanguage\":\"pt-BR\",\"@id\":\"https:\/\/jornalfatosenoticias.com.br\/index.php\/2022\/09\/13\/secretaria-de-educacao-de-vitoria-promove-coloquio-bilingue-de-letras-e-libras\/#primaryimage\",\"url\":\"https:\/\/jornalfatosenoticias.com.br\/wp-content\/uploads\/2022\/09\/COLOQUIO-BILINGUE_VITORIA_CAPA.jpg\",\"contentUrl\":\"https:\/\/jornalfatosenoticias.com.br\/wp-content\/uploads\/2022\/09\/COLOQUIO-BILINGUE_VITORIA_CAPA.jpg\",\"width\":1000,\"height\":309,\"caption\":\"Col\u00f3quio Bil\u00edngue\"},{\"@type\":\"BreadcrumbList\",\"@id\":\"https:\/\/jornalfatosenoticias.com.br\/index.php\/2022\/09\/13\/secretaria-de-educacao-de-vitoria-promove-coloquio-bilingue-de-letras-e-libras\/#breadcrumb\",\"itemListElement\":[{\"@type\":\"ListItem\",\"position\":1,\"name\":\"In\u00edcio\",\"item\":\"https:\/\/jornalfatosenoticias.com.br\/\"},{\"@type\":\"ListItem\",\"position\":2,\"name\":\"Secretaria de Educa\u00e7\u00e3o de Vit\u00f3ria promove col\u00f3quio bil\u00edngue de Letras e Libras\"}]},{\"@type\":\"WebSite\",\"@id\":\"https:\/\/jornalfatosenoticias.com.br\/#website\",\"url\":\"https:\/\/jornalfatosenoticias.com.br\/\",\"name\":\"Jornal Fatos e Not\u00edcias\",\"description\":\"Not\u00edcias em geral\",\"publisher\":{\"@id\":\"https:\/\/jornalfatosenoticias.com.br\/#organization\"},\"potentialAction\":[{\"@type\":\"SearchAction\",\"target\":{\"@type\":\"EntryPoint\",\"urlTemplate\":\"https:\/\/jornalfatosenoticias.com.br\/?s={search_term_string}\"},\"query-input\":{\"@type\":\"PropertyValueSpecification\",\"valueRequired\":true,\"valueName\":\"search_term_string\"}}],\"inLanguage\":\"pt-BR\"},{\"@type\":\"Organization\",\"@id\":\"https:\/\/jornalfatosenoticias.com.br\/#organization\",\"name\":\"Jornal Fatos e Not\u00edcias\",\"url\":\"https:\/\/jornalfatosenoticias.com.br\/\",\"logo\":{\"@type\":\"ImageObject\",\"inLanguage\":\"pt-BR\",\"@id\":\"https:\/\/jornalfatosenoticias.com.br\/#\/schema\/logo\/image\/\",\"url\":\"https:\/\/jornalfatosenoticias.com.br\/wp-content\/uploads\/2020\/02\/logo120.png\",\"contentUrl\":\"https:\/\/jornalfatosenoticias.com.br\/wp-content\/uploads\/2020\/02\/logo120.png\",\"width\":1227,\"height\":120,\"caption\":\"Jornal Fatos e Not\u00edcias\"},\"image\":{\"@id\":\"https:\/\/jornalfatosenoticias.com.br\/#\/schema\/logo\/image\/\"}},{\"@type\":\"Person\",\"@id\":\"https:\/\/jornalfatosenoticias.com.br\/#\/schema\/person\/d63837fa13ac8666eb9e74e0985d6f81\",\"name\":\"Luzimara Fernandes\",\"image\":{\"@type\":\"ImageObject\",\"inLanguage\":\"pt-BR\",\"@id\":\"https:\/\/jornalfatosenoticias.com.br\/#\/schema\/person\/image\/\",\"url\":\"https:\/\/jornalfatosenoticias.com.br\/wp-content\/uploads\/2025\/05\/EU_portal.jpg\",\"contentUrl\":\"https:\/\/jornalfatosenoticias.com.br\/wp-content\/uploads\/2025\/05\/EU_portal.jpg\",\"caption\":\"Luzimara Fernandes\"},\"description\":\"Jornalista MTB 2358-ES\",\"sameAs\":[\"https:\/\/jornalfatosenoticias.com.br\"],\"url\":\"https:\/\/jornalfatosenoticias.com.br\/index.php\/author\/luzimara\/\"}]}<\/script>\n<!-- \/ Yoast SEO plugin. -->","yoast_head_json":{"title":"Secretaria de Educa\u00e7\u00e3o de Vit\u00f3ria promove col\u00f3quio bil\u00edngue de Letras e Libras - Jornal Fatos e Not\u00edcias","robots":{"index":"index","follow":"follow","max-snippet":"max-snippet:-1","max-image-preview":"max-image-preview:large","max-video-preview":"max-video-preview:-1"},"canonical":"https:\/\/jornalfatosenoticias.com.br\/index.php\/2022\/09\/13\/secretaria-de-educacao-de-vitoria-promove-coloquio-bilingue-de-letras-e-libras\/","og_locale":"pt_BR","og_type":"article","og_title":"Secretaria de Educa\u00e7\u00e3o de Vit\u00f3ria promove col\u00f3quio bil\u00edngue de Letras e Libras - Jornal Fatos e Not\u00edcias","og_description":"O m\u00eas de setembro \u00e9 considerado, pela comunidade surda, um m\u00eas significativo devido a v\u00e1rios acontecimentos relacionados \u00e0s pessoas surdas. Entre esses eventos est\u00e1 a oficializa\u00e7\u00e3o do Dia do Surdo, comemorado em 26 de setembro, atrav\u00e9s do decreto de Lei 11.796\/2008.Nesse contexto, a Secretaria de Educa\u00e7\u00e3o de Vit\u00f3ria realiza, nesta ter\u00e7a-feira (13), o &#8220;Col\u00f3quio Bil\u00edngue: [&hellip;]","og_url":"https:\/\/jornalfatosenoticias.com.br\/index.php\/2022\/09\/13\/secretaria-de-educacao-de-vitoria-promove-coloquio-bilingue-de-letras-e-libras\/","og_site_name":"Jornal Fatos e Not\u00edcias","article_published_time":"2022-09-13T13:59:19+00:00","article_modified_time":"2022-09-13T13:59:20+00:00","og_image":[{"width":1000,"height":309,"url":"https:\/\/jornalfatosenoticias.com.br\/wp-content\/uploads\/2022\/09\/COLOQUIO-BILINGUE_VITORIA_CAPA.jpg","type":"image\/jpeg"}],"author":"Luzimara Fernandes","twitter_card":"summary_large_image","twitter_misc":{"Escrito por":"Luzimara Fernandes","Est. tempo de leitura":"1 minuto"},"schema":{"@context":"https:\/\/schema.org","@graph":[{"@type":"Article","@id":"https:\/\/jornalfatosenoticias.com.br\/index.php\/2022\/09\/13\/secretaria-de-educacao-de-vitoria-promove-coloquio-bilingue-de-letras-e-libras\/#article","isPartOf":{"@id":"https:\/\/jornalfatosenoticias.com.br\/index.php\/2022\/09\/13\/secretaria-de-educacao-de-vitoria-promove-coloquio-bilingue-de-letras-e-libras\/"},"author":{"name":"Luzimara Fernandes","@id":"https:\/\/jornalfatosenoticias.com.br\/#\/schema\/person\/d63837fa13ac8666eb9e74e0985d6f81"},"headline":"Secretaria de Educa\u00e7\u00e3o de Vit\u00f3ria promove col\u00f3quio bil\u00edngue de Letras e Libras","datePublished":"2022-09-13T13:59:19+00:00","dateModified":"2022-09-13T13:59:20+00:00","mainEntityOfPage":{"@id":"https:\/\/jornalfatosenoticias.com.br\/index.php\/2022\/09\/13\/secretaria-de-educacao-de-vitoria-promove-coloquio-bilingue-de-letras-e-libras\/"},"wordCount":259,"commentCount":0,"publisher":{"@id":"https:\/\/jornalfatosenoticias.com.br\/#organization"},"image":{"@id":"https:\/\/jornalfatosenoticias.com.br\/index.php\/2022\/09\/13\/secretaria-de-educacao-de-vitoria-promove-coloquio-bilingue-de-letras-e-libras\/#primaryimage"},"thumbnailUrl":"https:\/\/jornalfatosenoticias.com.br\/wp-content\/uploads\/2022\/09\/COLOQUIO-BILINGUE_VITORIA_CAPA.jpg","keywords":["Col\u00f3quio Bil\u00edngue de Letras e Libras","Dia do Surdo","inclus\u00e3o","surdos"],"articleSection":["Educa\u00e7\u00e3o"],"inLanguage":"pt-BR","potentialAction":[{"@type":"CommentAction","name":"Comment","target":["https:\/\/jornalfatosenoticias.com.br\/index.php\/2022\/09\/13\/secretaria-de-educacao-de-vitoria-promove-coloquio-bilingue-de-letras-e-libras\/#respond"]}]},{"@type":"WebPage","@id":"https:\/\/jornalfatosenoticias.com.br\/index.php\/2022\/09\/13\/secretaria-de-educacao-de-vitoria-promove-coloquio-bilingue-de-letras-e-libras\/","url":"https:\/\/jornalfatosenoticias.com.br\/index.php\/2022\/09\/13\/secretaria-de-educacao-de-vitoria-promove-coloquio-bilingue-de-letras-e-libras\/","name":"Secretaria de Educa\u00e7\u00e3o de Vit\u00f3ria promove col\u00f3quio bil\u00edngue de Letras e Libras - Jornal Fatos e Not\u00edcias","isPartOf":{"@id":"https:\/\/jornalfatosenoticias.com.br\/#website"},"primaryImageOfPage":{"@id":"https:\/\/jornalfatosenoticias.com.br\/index.php\/2022\/09\/13\/secretaria-de-educacao-de-vitoria-promove-coloquio-bilingue-de-letras-e-libras\/#primaryimage"},"image":{"@id":"https:\/\/jornalfatosenoticias.com.br\/index.php\/2022\/09\/13\/secretaria-de-educacao-de-vitoria-promove-coloquio-bilingue-de-letras-e-libras\/#primaryimage"},"thumbnailUrl":"https:\/\/jornalfatosenoticias.com.br\/wp-content\/uploads\/2022\/09\/COLOQUIO-BILINGUE_VITORIA_CAPA.jpg","datePublished":"2022-09-13T13:59:19+00:00","dateModified":"2022-09-13T13:59:20+00:00","breadcrumb":{"@id":"https:\/\/jornalfatosenoticias.com.br\/index.php\/2022\/09\/13\/secretaria-de-educacao-de-vitoria-promove-coloquio-bilingue-de-letras-e-libras\/#breadcrumb"},"inLanguage":"pt-BR","potentialAction":[{"@type":"ReadAction","target":["https:\/\/jornalfatosenoticias.com.br\/index.php\/2022\/09\/13\/secretaria-de-educacao-de-vitoria-promove-coloquio-bilingue-de-letras-e-libras\/"]}]},{"@type":"ImageObject","inLanguage":"pt-BR","@id":"https:\/\/jornalfatosenoticias.com.br\/index.php\/2022\/09\/13\/secretaria-de-educacao-de-vitoria-promove-coloquio-bilingue-de-letras-e-libras\/#primaryimage","url":"https:\/\/jornalfatosenoticias.com.br\/wp-content\/uploads\/2022\/09\/COLOQUIO-BILINGUE_VITORIA_CAPA.jpg","contentUrl":"https:\/\/jornalfatosenoticias.com.br\/wp-content\/uploads\/2022\/09\/COLOQUIO-BILINGUE_VITORIA_CAPA.jpg","width":1000,"height":309,"caption":"Col\u00f3quio Bil\u00edngue"},{"@type":"BreadcrumbList","@id":"https:\/\/jornalfatosenoticias.com.br\/index.php\/2022\/09\/13\/secretaria-de-educacao-de-vitoria-promove-coloquio-bilingue-de-letras-e-libras\/#breadcrumb","itemListElement":[{"@type":"ListItem","position":1,"name":"In\u00edcio","item":"https:\/\/jornalfatosenoticias.com.br\/"},{"@type":"ListItem","position":2,"name":"Secretaria de Educa\u00e7\u00e3o de Vit\u00f3ria promove col\u00f3quio bil\u00edngue de Letras e Libras"}]},{"@type":"WebSite","@id":"https:\/\/jornalfatosenoticias.com.br\/#website","url":"https:\/\/jornalfatosenoticias.com.br\/","name":"Jornal Fatos e Not\u00edcias","description":"Not\u00edcias em geral","publisher":{"@id":"https:\/\/jornalfatosenoticias.com.br\/#organization"},"potentialAction":[{"@type":"SearchAction","target":{"@type":"EntryPoint","urlTemplate":"https:\/\/jornalfatosenoticias.com.br\/?s={search_term_string}"},"query-input":{"@type":"PropertyValueSpecification","valueRequired":true,"valueName":"search_term_string"}}],"inLanguage":"pt-BR"},{"@type":"Organization","@id":"https:\/\/jornalfatosenoticias.com.br\/#organization","name":"Jornal Fatos e Not\u00edcias","url":"https:\/\/jornalfatosenoticias.com.br\/","logo":{"@type":"ImageObject","inLanguage":"pt-BR","@id":"https:\/\/jornalfatosenoticias.com.br\/#\/schema\/logo\/image\/","url":"https:\/\/jornalfatosenoticias.com.br\/wp-content\/uploads\/2020\/02\/logo120.png","contentUrl":"https:\/\/jornalfatosenoticias.com.br\/wp-content\/uploads\/2020\/02\/logo120.png","width":1227,"height":120,"caption":"Jornal Fatos e Not\u00edcias"},"image":{"@id":"https:\/\/jornalfatosenoticias.com.br\/#\/schema\/logo\/image\/"}},{"@type":"Person","@id":"https:\/\/jornalfatosenoticias.com.br\/#\/schema\/person\/d63837fa13ac8666eb9e74e0985d6f81","name":"Luzimara Fernandes","image":{"@type":"ImageObject","inLanguage":"pt-BR","@id":"https:\/\/jornalfatosenoticias.com.br\/#\/schema\/person\/image\/","url":"https:\/\/jornalfatosenoticias.com.br\/wp-content\/uploads\/2025\/05\/EU_portal.jpg","contentUrl":"https:\/\/jornalfatosenoticias.com.br\/wp-content\/uploads\/2025\/05\/EU_portal.jpg","caption":"Luzimara Fernandes"},"description":"Jornalista MTB 2358-ES","sameAs":["https:\/\/jornalfatosenoticias.com.br"],"url":"https:\/\/jornalfatosenoticias.com.br\/index.php\/author\/luzimara\/"}]}},"cc_featured_image_caption":{"caption_text":"(Foto: Divulga\u00e7\u00e3o\/PMV)","source_text":"","source_url":""},"jetpack_featured_media_url":"https:\/\/jornalfatosenoticias.com.br\/wp-content\/uploads\/2022\/09\/COLOQUIO-BILINGUE_VITORIA_CAPA.jpg","_links":{"self":[{"href":"https:\/\/jornalfatosenoticias.com.br\/index.php\/wp-json\/wp\/v2\/posts\/34131","targetHints":{"allow":["GET"]}}],"collection":[{"href":"https:\/\/jornalfatosenoticias.com.br\/index.php\/wp-json\/wp\/v2\/posts"}],"about":[{"href":"https:\/\/jornalfatosenoticias.com.br\/index.php\/wp-json\/wp\/v2\/types\/post"}],"author":[{"embeddable":true,"href":"https:\/\/jornalfatosenoticias.com.br\/index.php\/wp-json\/wp\/v2\/users\/2"}],"replies":[{"embeddable":true,"href":"https:\/\/jornalfatosenoticias.com.br\/index.php\/wp-json\/wp\/v2\/comments?post=34131"}],"version-history":[{"count":0,"href":"https:\/\/jornalfatosenoticias.com.br\/index.php\/wp-json\/wp\/v2\/posts\/34131\/revisions"}],"wp:featuredmedia":[{"embeddable":true,"href":"https:\/\/jornalfatosenoticias.com.br\/index.php\/wp-json\/wp\/v2\/media\/34132"}],"wp:attachment":[{"href":"https:\/\/jornalfatosenoticias.com.br\/index.php\/wp-json\/wp\/v2\/media?parent=34131"}],"wp:term":[{"taxonomy":"category","embeddable":true,"href":"https:\/\/jornalfatosenoticias.com.br\/index.php\/wp-json\/wp\/v2\/categories?post=34131"},{"taxonomy":"post_tag","embeddable":true,"href":"https:\/\/jornalfatosenoticias.com.br\/index.php\/wp-json\/wp\/v2\/tags?post=34131"}],"curies":[{"name":"wp","href":"https:\/\/api.w.org\/{rel}","templated":true}]}}