{"id":34168,"date":"2022-09-14T10:51:15","date_gmt":"2022-09-14T13:51:15","guid":{"rendered":"https:\/\/jornalfatosenoticias.com.br\/?p=34168"},"modified":"2022-09-14T10:51:18","modified_gmt":"2022-09-14T13:51:18","slug":"flip-chega-a-20a-edicao-e-homenageia-escritora-maria-firmina-dos-reis","status":"publish","type":"post","link":"https:\/\/jornalfatosenoticias.com.br\/index.php\/2022\/09\/14\/flip-chega-a-20a-edicao-e-homenageia-escritora-maria-firmina-dos-reis\/","title":{"rendered":"Flip chega \u00e0 20\u00aa edi\u00e7\u00e3o e homenageia escritora Maria Firmina dos Reis"},"content":{"rendered":"\n<p><span class=\"has-inline-color has-black-color\"><em>Festa liter\u00e1ria retoma ruas de Paraty ap\u00f3s dois anos em formato on-line<\/em><\/span><\/p>\n\n\n\n<div class=\"wp-block-image\"><figure class=\"aligncenter size-large\"><img loading=\"lazy\" decoding=\"async\" width=\"1024\" height=\"100\" src=\"https:\/\/jornalfatosenoticias.com.br\/wp-content\/uploads\/2022\/05\/NOVA-LOGO-CESCONETTO-1024x100.jpg\" alt=\"\" class=\"wp-image-30792\" srcset=\"https:\/\/jornalfatosenoticias.com.br\/wp-content\/uploads\/2022\/05\/NOVA-LOGO-CESCONETTO-1024x100.jpg 1024w, https:\/\/jornalfatosenoticias.com.br\/wp-content\/uploads\/2022\/05\/NOVA-LOGO-CESCONETTO-300x29.jpg 300w, https:\/\/jornalfatosenoticias.com.br\/wp-content\/uploads\/2022\/05\/NOVA-LOGO-CESCONETTO-768x75.jpg 768w, https:\/\/jornalfatosenoticias.com.br\/wp-content\/uploads\/2022\/05\/NOVA-LOGO-CESCONETTO.jpg 1280w\" sizes=\"auto, (max-width: 1024px) 100vw, 1024px\" \/><\/figure><\/div>\n\n\n\n<p>Com o desafio de trazer para o centro da cena escritores e artistas colocados \u00e0 margem, a Festa Liter\u00e1ria Internacional de Paraty (Flip) chega \u00e0 20\u00aa edi\u00e7\u00e3o com o tema <em>Ver o Invis\u00edvel<\/em> e homenagem \u00e0 escritora Maria Firmina dos Reis. O evento tamb\u00e9m traz como novidade a artista homenageada, a fot\u00f3grafa Claudia Andujar.<br>A festa liter\u00e1ria, que retorna \u00e0 cidade de Paraty, na costa verde fluminense, entre os dias 23 e 27 de novembro, depois de dois anos em formato<em> on-line <\/em>por causa da pandemia de covid-19, teve sua programa\u00e7\u00e3o anunciada na \u00faltima ter\u00e7a-feira (13). A curadoria do evento foi coletiva, feita pela jornalista, tradutora e editora ga\u00facha Fernanda Bastos, a professora da Universidade Federal da Bahia Milena Britto e o professor da Universidade de Princeton Pedro Meira Monteiro.<\/p>\n\n\n\n<div class=\"wp-block-image\"><figure class=\"alignright size-large\"><img decoding=\"async\" src=\"https:\/\/jornalfatosenoticias.com.br\/wp-content\/uploads\/2020\/02\/logo-Ana_portal.jpg\" alt=\"\" class=\"wp-image-34101\"\/><\/figure><\/div>\n\n\n\n<p>A 20\u00aa Flip \u00e9 realizada no ano do Bicenten\u00e1rio da Independ\u00eancia, do centen\u00e1rio da Semana de Arte Moderna e do bicenten\u00e1rio de Maria Firmina dos Reis e representa o trabalho pela palavra e por um ambiente cultural e educacional mais acolhedor. Para os curadores da festa, falar de Maria Firmina dos Reis \u00e9 conectar o Brasil consigo mesmo, trazendo hist\u00f3rias e trajet\u00f3rias diversas e marginalizadas.<\/p>\n\n\n\n<div class=\"wp-block-image\"><figure class=\"aligncenter size-large\"><img decoding=\"async\" src=\"https:\/\/jornalfatosenoticias.com.br\/wp-content\/uploads\/2020\/02\/nova-logo-zucchi-1024x110.jpeg\" alt=\"\" class=\"wp-image-33846\"\/><\/figure><\/div>\n\n\n\n<p>De acordo com Fernanda Basctos, a escritora, uma mulher negra que viveu nas bordas do Pa\u00eds no s\u00e9culo 19, criou personagens e narrativas que t\u00eam inspirado coletivos de leitura, professoras e autoras contempor\u00e2neas com sua abordagem de um Brasil real e ficcional que atravessa 200 anos de uma independ\u00eancia controversa.<\/p>\n\n\n\n<div class=\"wp-block-image\"><figure class=\"aligncenter size-large\"><img decoding=\"async\" src=\"https:\/\/jornalfatosenoticias.com.br\/wp-content\/uploads\/2020\/02\/logo-embacia-1-1024x110.jpg\" alt=\"\" class=\"wp-image-33954\"\/><\/figure><\/div>\n\n\n\n<p>Fernanda disse que a inten\u00e7\u00e3o \u00e9 \u201cdar o recado\u201d a partir da homenagem a Maria Firmina, uma autora negra maranhense, de cuja imagem n\u00e3o se disp\u00f5e. <\/p>\n\n\n\n<div class=\"wp-block-image\"><figure class=\"aligncenter size-large\"><img loading=\"lazy\" decoding=\"async\" width=\"300\" height=\"250\" src=\"https:\/\/jornalfatosenoticias.com.br\/wp-content\/uploads\/2022\/08\/arte-Casarao.jpg\" alt=\"\" class=\"wp-image-33178\"\/><\/figure><\/div>\n\n\n\n<blockquote class=\"wp-block-quote is-layout-flow wp-block-quote-is-layout-flow\"><p><span class=\"has-inline-color has-luminous-vivid-orange-color\">\u201cTemos apenas aproxima\u00e7\u00f5es, mas achamos importante mexer com isso, em um momento em que a imagem \u00e9 t\u00e3o importante. Trabalhamos com uma autora que foi ignorada por muito tempo e agora tem sido trabalhada por pesquisadores, mulheres, principalmente, que tamb\u00e9m s\u00e3o marginalizados, assim como foi Maria Firmina\u201d.<\/span><\/p><\/blockquote>\n\n\n\n<div class=\"wp-block-image\"><figure class=\"aligncenter size-large\"><img decoding=\"async\" src=\"https:\/\/jornalfatosenoticias.com.br\/wp-content\/uploads\/2020\/02\/Serra-Grande-1024x160.png\" alt=\"\" class=\"wp-image-7836\"\/><\/figure><\/div>\n\n\n\n<p>Com pouca informa\u00e7\u00e3o sobre a escritora, estima-se que Maria Firmina tenha nascido em 1822, sendo autora do primeiro romance abolicionista do Pa\u00eds, <em>\u00darsula,<\/em> lan\u00e7ado em 1859. Escritora e educadora, sofreu com o &#8220;apagamento&#8221; hist\u00f3rico e vem sendo redescoberta no Brasil e no exterior. Publicou contos e poemas em jornais, comp\u00f4s o <em>Hino da Liberta\u00e7\u00e3o dos Escravos<\/em> e fundou uma escola gratuita para crian\u00e7as. Maria Firmina morreu em 1917, sem qualquer prest\u00edgio.<\/p>\n\n\n\n<div class=\"wp-block-image\"><figure class=\"aligncenter size-large is-resized\"><img loading=\"lazy\" decoding=\"async\" src=\"https:\/\/jornalfatosenoticias.com.br\/wp-content\/uploads\/2020\/02\/nova-logo-Marquetti.jpg\" alt=\"\" class=\"wp-image-22331\" width=\"356\" height=\"239\" srcset=\"https:\/\/jornalfatosenoticias.com.br\/wp-content\/uploads\/2020\/02\/nova-logo-Marquetti.jpg 643w, https:\/\/jornalfatosenoticias.com.br\/wp-content\/uploads\/2020\/02\/nova-logo-Marquetti-300x202.jpg 300w\" sizes=\"auto, (max-width: 356px) 100vw, 356px\" \/><\/figure><\/div>\n\n\n\n<h4 class=\"wp-block-heading\"><strong><span class=\"has-inline-color has-vivid-purple-color\">Fot\u00f3grafa homenageada<\/span><\/strong><\/h4>\n\n\n\n<div class=\"wp-block-image\"><figure class=\"alignleft size-large is-resized\"><img loading=\"lazy\" decoding=\"async\" src=\"https:\/\/jornalfatosenoticias.com.br\/wp-content\/uploads\/2022\/09\/flip_paraty_rj_CLAUDIA-ANDUJAR.jpg\" alt=\"\" class=\"wp-image-34169\" width=\"354\" height=\"235\" srcset=\"https:\/\/jornalfatosenoticias.com.br\/wp-content\/uploads\/2022\/09\/flip_paraty_rj_CLAUDIA-ANDUJAR.jpg 463w, https:\/\/jornalfatosenoticias.com.br\/wp-content\/uploads\/2022\/09\/flip_paraty_rj_CLAUDIA-ANDUJAR-300x199.jpg 300w\" sizes=\"auto, (max-width: 354px) 100vw, 354px\" \/><figcaption><em><span class=\"has-inline-color has-black-color\">A fot\u00f3grafa su\u00ed\u00e7a Claudia Andujar e o xam\u00e3 ind\u00edgena Davi Kopenawa, paj\u00e9 e presidente da Hutukara Associa\u00e7\u00e3o Yanomami, participam de mesa que a Flip dedicada aos \u00edndios e \u00e0 Amaz\u00f4nia (Fernando Fraz\u00e3o\/Ag\u00eancia Brasil)<\/span><\/em><\/figcaption><\/figure><\/div>\n\n\n\n<p>Como artista homenageada, a Flip deste ano joga luz sobre a obra de Claudia Andujar, fot\u00f3grafa nascida na Su\u00ed\u00e7a em 1931, que se estabeleceu no Brasil em 1955, depois de passar por alguns pa\u00edses fugindo da persegui\u00e7\u00e3o aos judeus durante a Segunda Guerra Mundial. Por d\u00e9cadas, percorreu o pa\u00eds trabalhando para revistas como <em>Life, Aperture, Look, Cl\u00e1udia, Quatro Rodas e Setenta e, <\/em>como <em>freelancer, <\/em>para a<em> <\/em>revista<em> Realidade.<\/em><\/p>\n\n\n\n<div class=\"wp-block-image\"><figure class=\"aligncenter size-large\"><img loading=\"lazy\" decoding=\"async\" width=\"1024\" height=\"100\" src=\"https:\/\/jornalfatosenoticias.com.br\/wp-content\/uploads\/2020\/02\/banner_ferramentas-1024x100.jpg\" alt=\"\" class=\"wp-image-1258\" srcset=\"https:\/\/jornalfatosenoticias.com.br\/wp-content\/uploads\/2020\/02\/banner_ferramentas-1024x100.jpg 1024w, https:\/\/jornalfatosenoticias.com.br\/wp-content\/uploads\/2020\/02\/banner_ferramentas-300x29.jpg 300w, https:\/\/jornalfatosenoticias.com.br\/wp-content\/uploads\/2020\/02\/banner_ferramentas-768x75.jpg 768w, https:\/\/jornalfatosenoticias.com.br\/wp-content\/uploads\/2020\/02\/banner_ferramentas.jpg 1227w\" sizes=\"auto, (max-width: 1024px) 100vw, 1024px\" \/><\/figure><\/div>\n\n\n\n<p>A partir da d\u00e9cada de 1970, Claudia participou de exposi\u00e7\u00f5es no Brasil e no exterior, com destaque para a 27\u00aa Bienal de S\u00e3o Paulo e para a exposi\u00e7\u00e3o <em>Yanomami<\/em>, na Funda\u00e7\u00e3o Cartier de Arte Contempor\u00e2nea, em Paris, no ano de 2002. De acordo com o curador Pedro Meira Monteiro, a sensibilidade no olhar da fot\u00f3grafa dialoga com o tema dos <em>invis\u00edveis<\/em> proposto pela Flip.<\/p>\n\n\n\n<div class=\"wp-block-image\"><figure class=\"aligncenter size-large\"><img decoding=\"async\" src=\"https:\/\/jornalfatosenoticias.com.br\/wp-content\/uploads\/2020\/02\/logo_esteio.jpg\" alt=\"\" class=\"wp-image-1214\"\/><\/figure><\/div>\n\n\n\n<blockquote class=\"wp-block-quote is-layout-flow wp-block-quote-is-layout-flow\"><p><span class=\"has-inline-color has-luminous-vivid-orange-color\">\u201cO trabalho da Claudia Andujar \u00e9 um tributo \u00e0 sensibilidade diante daqueles que est\u00e3o \u00e0 margem. A pr\u00f3pria produ\u00e7\u00e3o fotogr\u00e1fica dela tem muito a ver com a literatura, a fotografia \u00e9 muito narrativa, \u00e9 sobre essa aproxima\u00e7\u00e3o, a constru\u00e7\u00e3o de uma rela\u00e7\u00e3o com o outro e, ao mesmo tempo, \u00e9 uma produ\u00e7\u00e3o que nunca apaga esse outro. A fotografia da Claudia \u00e9 o pr\u00f3prio exerc\u00edcio de ensina a ver o invis\u00edvel\u201d, afirmou.<\/span><\/p><\/blockquote>\n\n\n\n<div class=\"wp-block-image\"><figure class=\"aligncenter size-large\"><img loading=\"lazy\" decoding=\"async\" width=\"1024\" height=\"103\" src=\"https:\/\/jornalfatosenoticias.com.br\/wp-content\/uploads\/2022\/02\/Arte-Autoescola-Galatas_endereco_portal-1024x103.png\" alt=\"\" class=\"wp-image-27869\" srcset=\"https:\/\/jornalfatosenoticias.com.br\/wp-content\/uploads\/2022\/02\/Arte-Autoescola-Galatas_endereco_portal-1024x103.png 1024w, https:\/\/jornalfatosenoticias.com.br\/wp-content\/uploads\/2022\/02\/Arte-Autoescola-Galatas_endereco_portal-300x30.png 300w, https:\/\/jornalfatosenoticias.com.br\/wp-content\/uploads\/2022\/02\/Arte-Autoescola-Galatas_endereco_portal-768x77.png 768w, https:\/\/jornalfatosenoticias.com.br\/wp-content\/uploads\/2022\/02\/Arte-Autoescola-Galatas_endereco_portal.png 1223w\" sizes=\"auto, (max-width: 1024px) 100vw, 1024px\" \/><\/figure><\/div>\n\n\n\n<p><strong><span class=\"has-inline-color has-vivid-purple-color\">Curadoria coletiva<br><\/span><\/strong>Pela segunda vez, a Flip tem curadoria coletiva e se posiciona como um laborat\u00f3rio de reflex\u00e3o, com encontros e atividades que buscam pensar sa\u00eddas para as crises contempor\u00e2neas. Segundo a professora Milena Britto, a curadoria buscou trabalhar a literatura em seu conceito expandido, incluindo todas as manifesta\u00e7\u00f5es art\u00edsticas para alavancar narrativas que inspiram a cooperar e seguir em frente.<\/p>\n\n\n\n<div class=\"wp-block-image\"><figure class=\"aligncenter size-large\"><img loading=\"lazy\" decoding=\"async\" width=\"300\" height=\"237\" src=\"https:\/\/jornalfatosenoticias.com.br\/wp-content\/uploads\/2020\/02\/SEVENTUR-TURISMO.jpg\" alt=\"\" class=\"wp-image-32994\"\/><\/figure><\/div>\n\n\n\n<blockquote class=\"wp-block-quote is-layout-flow wp-block-quote-is-layout-flow\"><p><span class=\"has-inline-color has-luminous-vivid-orange-color\">\u201cComo conciliar tantas diferen\u00e7as, em um Pa\u00eds t\u00e3o caudaloso, t\u00e3o complexo? Como colocar linguagens que s\u00e3o vis\u00edveis para poucos? \u00c9 imposs\u00edvel tentar traduzir o Pa\u00eds. Ver o invis\u00edvel \u00e9, de alguma forma, colocar em conversa algumas manifesta\u00e7\u00f5es, propostas, cria\u00e7\u00f5es, linguagens que talvez sejam vis\u00edveis para poucos, mas, quando se juntam com algo que \u00e9 diferente e de alguma forma se encontram na fronteira, seja no suporte, em linguagens polif\u00f4nicas, em linguagens variadas\u201d, questionou a curadora.<\/span><\/p><\/blockquote>\n\n\n\n<div class=\"wp-block-image\"><figure class=\"alignright size-large is-resized\"><img loading=\"lazy\" decoding=\"async\" src=\"https:\/\/jornalfatosenoticias.com.br\/wp-content\/uploads\/2022\/02\/Precisao-Contabilidade-1024x724.jpg\" alt=\"\" class=\"wp-image-28088\" width=\"314\" height=\"221\"\/><\/figure><\/div>\n\n\n\n<p>A Flip ter\u00e1 17 mesas no evento principal, com convidados como Teresa C\u00e1rdenas, Patr\u00edcia Lino, Ricardo Aleixo e Benjamin Labatut. Maria Firmina Reis ter\u00e1 duas mesas em sua homenagem: <em>P\u00e1trios Lares,<\/em> com Ana Fl\u00e1via Magalh\u00e3es Pinto (Unicamp e Selo Negro Edi\u00e7\u00f5es), Fernanda Miranda (Mal\u00ea) e Midria (Janda\u00edra); e <em>Minha Liberdade<\/em>, com Lilia Schwarcz (Companhia das Letras e Cobog\u00f3) e Eduardo de Assis Duarte (Editora Mal\u00ea, Pallas e UFMG).<\/p>\n\n\n\n<div class=\"wp-block-image\"><figure class=\"aligncenter size-large\"><img loading=\"lazy\" decoding=\"async\" width=\"1024\" height=\"99\" src=\"https:\/\/jornalfatosenoticias.com.br\/wp-content\/uploads\/2020\/02\/Logo-Mizu-segunda-2-1024x99.png\" alt=\"\" class=\"wp-image-2353\" srcset=\"https:\/\/jornalfatosenoticias.com.br\/wp-content\/uploads\/2020\/02\/Logo-Mizu-segunda-2-1024x99.png 1024w, https:\/\/jornalfatosenoticias.com.br\/wp-content\/uploads\/2020\/02\/Logo-Mizu-segunda-2-300x29.png 300w, https:\/\/jornalfatosenoticias.com.br\/wp-content\/uploads\/2020\/02\/Logo-Mizu-segunda-2-768x74.png 768w, https:\/\/jornalfatosenoticias.com.br\/wp-content\/uploads\/2020\/02\/Logo-Mizu-segunda-2.png 1240w\" sizes=\"auto, (max-width: 1024px) 100vw, 1024px\" \/><\/figure><\/div>\n\n\n\n<p>A homenagem \u00e0 fot\u00f3grafa Claudia Andujar ser\u00e1 na mesa <em>Livre e infinito,<\/em> com Nay Jinknss.<\/p>\n\n\n\n<p><strong><em>Fonte: <a href=\"https:\/\/agenciabrasil.ebc.com.br\/geral\/noticia\/2022-09\/flip-chega-20a-edicao-e-homenageia-escritora-maria-firmina-dos-reis\">Ag\u00eancia Brasil<\/a><\/em><\/strong><\/p>\n","protected":false},"excerpt":{"rendered":"<p>Festa liter\u00e1ria retoma ruas de Paraty ap\u00f3s dois anos em formato on-line Com o desafio de trazer para o centro da cena escritores e artistas colocados \u00e0 margem, a Festa Liter\u00e1ria Internacional de Paraty (Flip) chega \u00e0 20\u00aa edi\u00e7\u00e3o com o tema Ver o Invis\u00edvel e homenagem \u00e0 escritora Maria Firmina dos Reis. O evento [&hellip;]<\/p>\n","protected":false},"author":2,"featured_media":34170,"comment_status":"open","ping_status":"open","sticky":false,"template":"","format":"standard","meta":{"footnotes":""},"categories":[4],"tags":[15215,16045,713,16046,16044,16043,16047,914],"class_list":["post-34168","post","type-post","status-publish","format-standard","has-post-thumbnail","hentry","category-cultura","tag-bicentenario-da-independencia","tag-centenario-da-semana-de-arte-moderna","tag-cultura","tag-escritora-maria-firmina-dos-reis","tag-festa-literaria-internacional-de-paraty","tag-flip-2022","tag-fotografa-claudia-andujar","tag-literatura"],"yoast_head":"<!-- This site is optimized with the Yoast SEO plugin v26.5 - https:\/\/yoast.com\/wordpress\/plugins\/seo\/ -->\n<title>Flip chega \u00e0 20\u00aa edi\u00e7\u00e3o e homenageia escritora Maria Firmina dos Reis - Jornal Fatos e Not\u00edcias<\/title>\n<meta name=\"robots\" content=\"index, follow, max-snippet:-1, max-image-preview:large, max-video-preview:-1\" \/>\n<link rel=\"canonical\" href=\"https:\/\/jornalfatosenoticias.com.br\/index.php\/2022\/09\/14\/flip-chega-a-20a-edicao-e-homenageia-escritora-maria-firmina-dos-reis\/\" \/>\n<meta property=\"og:locale\" content=\"pt_BR\" \/>\n<meta property=\"og:type\" content=\"article\" \/>\n<meta property=\"og:title\" content=\"Flip chega \u00e0 20\u00aa edi\u00e7\u00e3o e homenageia escritora Maria Firmina dos Reis - Jornal Fatos e Not\u00edcias\" \/>\n<meta property=\"og:description\" content=\"Festa liter\u00e1ria retoma ruas de Paraty ap\u00f3s dois anos em formato on-line Com o desafio de trazer para o centro da cena escritores e artistas colocados \u00e0 margem, a Festa Liter\u00e1ria Internacional de Paraty (Flip) chega \u00e0 20\u00aa edi\u00e7\u00e3o com o tema Ver o Invis\u00edvel e homenagem \u00e0 escritora Maria Firmina dos Reis. O evento [&hellip;]\" \/>\n<meta property=\"og:url\" content=\"https:\/\/jornalfatosenoticias.com.br\/index.php\/2022\/09\/14\/flip-chega-a-20a-edicao-e-homenageia-escritora-maria-firmina-dos-reis\/\" \/>\n<meta property=\"og:site_name\" content=\"Jornal Fatos e Not\u00edcias\" \/>\n<meta property=\"article:published_time\" content=\"2022-09-14T13:51:15+00:00\" \/>\n<meta property=\"article:modified_time\" content=\"2022-09-14T13:51:18+00:00\" \/>\n<meta property=\"og:image\" content=\"https:\/\/jornalfatosenoticias.com.br\/wp-content\/uploads\/2022\/09\/flip_paraty.jpg\" \/>\n\t<meta property=\"og:image:width\" content=\"1000\" \/>\n\t<meta property=\"og:image:height\" content=\"598\" \/>\n\t<meta property=\"og:image:type\" content=\"image\/jpeg\" \/>\n<meta name=\"author\" content=\"Luzimara Fernandes\" \/>\n<meta name=\"twitter:card\" content=\"summary_large_image\" \/>\n<meta name=\"twitter:label1\" content=\"Escrito por\" \/>\n\t<meta name=\"twitter:data1\" content=\"Luzimara Fernandes\" \/>\n\t<meta name=\"twitter:label2\" content=\"Est. tempo de leitura\" \/>\n\t<meta name=\"twitter:data2\" content=\"5 minutos\" \/>\n<script type=\"application\/ld+json\" class=\"yoast-schema-graph\">{\"@context\":\"https:\/\/schema.org\",\"@graph\":[{\"@type\":\"Article\",\"@id\":\"https:\/\/jornalfatosenoticias.com.br\/index.php\/2022\/09\/14\/flip-chega-a-20a-edicao-e-homenageia-escritora-maria-firmina-dos-reis\/#article\",\"isPartOf\":{\"@id\":\"https:\/\/jornalfatosenoticias.com.br\/index.php\/2022\/09\/14\/flip-chega-a-20a-edicao-e-homenageia-escritora-maria-firmina-dos-reis\/\"},\"author\":{\"name\":\"Luzimara Fernandes\",\"@id\":\"https:\/\/jornalfatosenoticias.com.br\/#\/schema\/person\/d63837fa13ac8666eb9e74e0985d6f81\"},\"headline\":\"Flip chega \u00e0 20\u00aa edi\u00e7\u00e3o e homenageia escritora Maria Firmina dos Reis\",\"datePublished\":\"2022-09-14T13:51:15+00:00\",\"dateModified\":\"2022-09-14T13:51:18+00:00\",\"mainEntityOfPage\":{\"@id\":\"https:\/\/jornalfatosenoticias.com.br\/index.php\/2022\/09\/14\/flip-chega-a-20a-edicao-e-homenageia-escritora-maria-firmina-dos-reis\/\"},\"wordCount\":937,\"commentCount\":0,\"publisher\":{\"@id\":\"https:\/\/jornalfatosenoticias.com.br\/#organization\"},\"image\":{\"@id\":\"https:\/\/jornalfatosenoticias.com.br\/index.php\/2022\/09\/14\/flip-chega-a-20a-edicao-e-homenageia-escritora-maria-firmina-dos-reis\/#primaryimage\"},\"thumbnailUrl\":\"https:\/\/jornalfatosenoticias.com.br\/wp-content\/uploads\/2022\/09\/flip_paraty.jpg\",\"keywords\":[\"Bicenten\u00e1rio da Independ\u00eancia\",\"Centen\u00e1rio da Semana de Arte Moderna\",\"cultura\",\"escritora Maria Firmina dos Reis\",\"Festa Liter\u00e1ria Internacional de Paraty\",\"Flip 2022\",\"fot\u00f3grafa Claudia Andujar\",\"literatura\"],\"articleSection\":[\"Cultura\"],\"inLanguage\":\"pt-BR\",\"potentialAction\":[{\"@type\":\"CommentAction\",\"name\":\"Comment\",\"target\":[\"https:\/\/jornalfatosenoticias.com.br\/index.php\/2022\/09\/14\/flip-chega-a-20a-edicao-e-homenageia-escritora-maria-firmina-dos-reis\/#respond\"]}]},{\"@type\":\"WebPage\",\"@id\":\"https:\/\/jornalfatosenoticias.com.br\/index.php\/2022\/09\/14\/flip-chega-a-20a-edicao-e-homenageia-escritora-maria-firmina-dos-reis\/\",\"url\":\"https:\/\/jornalfatosenoticias.com.br\/index.php\/2022\/09\/14\/flip-chega-a-20a-edicao-e-homenageia-escritora-maria-firmina-dos-reis\/\",\"name\":\"Flip chega \u00e0 20\u00aa edi\u00e7\u00e3o e homenageia escritora Maria Firmina dos Reis - Jornal Fatos e Not\u00edcias\",\"isPartOf\":{\"@id\":\"https:\/\/jornalfatosenoticias.com.br\/#website\"},\"primaryImageOfPage\":{\"@id\":\"https:\/\/jornalfatosenoticias.com.br\/index.php\/2022\/09\/14\/flip-chega-a-20a-edicao-e-homenageia-escritora-maria-firmina-dos-reis\/#primaryimage\"},\"image\":{\"@id\":\"https:\/\/jornalfatosenoticias.com.br\/index.php\/2022\/09\/14\/flip-chega-a-20a-edicao-e-homenageia-escritora-maria-firmina-dos-reis\/#primaryimage\"},\"thumbnailUrl\":\"https:\/\/jornalfatosenoticias.com.br\/wp-content\/uploads\/2022\/09\/flip_paraty.jpg\",\"datePublished\":\"2022-09-14T13:51:15+00:00\",\"dateModified\":\"2022-09-14T13:51:18+00:00\",\"breadcrumb\":{\"@id\":\"https:\/\/jornalfatosenoticias.com.br\/index.php\/2022\/09\/14\/flip-chega-a-20a-edicao-e-homenageia-escritora-maria-firmina-dos-reis\/#breadcrumb\"},\"inLanguage\":\"pt-BR\",\"potentialAction\":[{\"@type\":\"ReadAction\",\"target\":[\"https:\/\/jornalfatosenoticias.com.br\/index.php\/2022\/09\/14\/flip-chega-a-20a-edicao-e-homenageia-escritora-maria-firmina-dos-reis\/\"]}]},{\"@type\":\"ImageObject\",\"inLanguage\":\"pt-BR\",\"@id\":\"https:\/\/jornalfatosenoticias.com.br\/index.php\/2022\/09\/14\/flip-chega-a-20a-edicao-e-homenageia-escritora-maria-firmina-dos-reis\/#primaryimage\",\"url\":\"https:\/\/jornalfatosenoticias.com.br\/wp-content\/uploads\/2022\/09\/flip_paraty.jpg\",\"contentUrl\":\"https:\/\/jornalfatosenoticias.com.br\/wp-content\/uploads\/2022\/09\/flip_paraty.jpg\",\"width\":1000,\"height\":598,\"caption\":\"Mesa Barco Com Asas, na Festa Liter\u00e1ria Internacional de Paraty (Flip)\"},{\"@type\":\"BreadcrumbList\",\"@id\":\"https:\/\/jornalfatosenoticias.com.br\/index.php\/2022\/09\/14\/flip-chega-a-20a-edicao-e-homenageia-escritora-maria-firmina-dos-reis\/#breadcrumb\",\"itemListElement\":[{\"@type\":\"ListItem\",\"position\":1,\"name\":\"In\u00edcio\",\"item\":\"https:\/\/jornalfatosenoticias.com.br\/\"},{\"@type\":\"ListItem\",\"position\":2,\"name\":\"Flip chega \u00e0 20\u00aa edi\u00e7\u00e3o e homenageia escritora Maria Firmina dos Reis\"}]},{\"@type\":\"WebSite\",\"@id\":\"https:\/\/jornalfatosenoticias.com.br\/#website\",\"url\":\"https:\/\/jornalfatosenoticias.com.br\/\",\"name\":\"Jornal Fatos e Not\u00edcias\",\"description\":\"Not\u00edcias em geral\",\"publisher\":{\"@id\":\"https:\/\/jornalfatosenoticias.com.br\/#organization\"},\"potentialAction\":[{\"@type\":\"SearchAction\",\"target\":{\"@type\":\"EntryPoint\",\"urlTemplate\":\"https:\/\/jornalfatosenoticias.com.br\/?s={search_term_string}\"},\"query-input\":{\"@type\":\"PropertyValueSpecification\",\"valueRequired\":true,\"valueName\":\"search_term_string\"}}],\"inLanguage\":\"pt-BR\"},{\"@type\":\"Organization\",\"@id\":\"https:\/\/jornalfatosenoticias.com.br\/#organization\",\"name\":\"Jornal Fatos e Not\u00edcias\",\"url\":\"https:\/\/jornalfatosenoticias.com.br\/\",\"logo\":{\"@type\":\"ImageObject\",\"inLanguage\":\"pt-BR\",\"@id\":\"https:\/\/jornalfatosenoticias.com.br\/#\/schema\/logo\/image\/\",\"url\":\"https:\/\/jornalfatosenoticias.com.br\/wp-content\/uploads\/2020\/02\/logo120.png\",\"contentUrl\":\"https:\/\/jornalfatosenoticias.com.br\/wp-content\/uploads\/2020\/02\/logo120.png\",\"width\":1227,\"height\":120,\"caption\":\"Jornal Fatos e Not\u00edcias\"},\"image\":{\"@id\":\"https:\/\/jornalfatosenoticias.com.br\/#\/schema\/logo\/image\/\"}},{\"@type\":\"Person\",\"@id\":\"https:\/\/jornalfatosenoticias.com.br\/#\/schema\/person\/d63837fa13ac8666eb9e74e0985d6f81\",\"name\":\"Luzimara Fernandes\",\"image\":{\"@type\":\"ImageObject\",\"inLanguage\":\"pt-BR\",\"@id\":\"https:\/\/jornalfatosenoticias.com.br\/#\/schema\/person\/image\/\",\"url\":\"https:\/\/jornalfatosenoticias.com.br\/wp-content\/uploads\/2025\/05\/EU_portal.jpg\",\"contentUrl\":\"https:\/\/jornalfatosenoticias.com.br\/wp-content\/uploads\/2025\/05\/EU_portal.jpg\",\"caption\":\"Luzimara Fernandes\"},\"description\":\"Jornalista MTB 2358-ES\",\"sameAs\":[\"https:\/\/jornalfatosenoticias.com.br\"],\"url\":\"https:\/\/jornalfatosenoticias.com.br\/index.php\/author\/luzimara\/\"}]}<\/script>\n<!-- \/ Yoast SEO plugin. -->","yoast_head_json":{"title":"Flip chega \u00e0 20\u00aa edi\u00e7\u00e3o e homenageia escritora Maria Firmina dos Reis - Jornal Fatos e Not\u00edcias","robots":{"index":"index","follow":"follow","max-snippet":"max-snippet:-1","max-image-preview":"max-image-preview:large","max-video-preview":"max-video-preview:-1"},"canonical":"https:\/\/jornalfatosenoticias.com.br\/index.php\/2022\/09\/14\/flip-chega-a-20a-edicao-e-homenageia-escritora-maria-firmina-dos-reis\/","og_locale":"pt_BR","og_type":"article","og_title":"Flip chega \u00e0 20\u00aa edi\u00e7\u00e3o e homenageia escritora Maria Firmina dos Reis - Jornal Fatos e Not\u00edcias","og_description":"Festa liter\u00e1ria retoma ruas de Paraty ap\u00f3s dois anos em formato on-line Com o desafio de trazer para o centro da cena escritores e artistas colocados \u00e0 margem, a Festa Liter\u00e1ria Internacional de Paraty (Flip) chega \u00e0 20\u00aa edi\u00e7\u00e3o com o tema Ver o Invis\u00edvel e homenagem \u00e0 escritora Maria Firmina dos Reis. O evento [&hellip;]","og_url":"https:\/\/jornalfatosenoticias.com.br\/index.php\/2022\/09\/14\/flip-chega-a-20a-edicao-e-homenageia-escritora-maria-firmina-dos-reis\/","og_site_name":"Jornal Fatos e Not\u00edcias","article_published_time":"2022-09-14T13:51:15+00:00","article_modified_time":"2022-09-14T13:51:18+00:00","og_image":[{"width":1000,"height":598,"url":"https:\/\/jornalfatosenoticias.com.br\/wp-content\/uploads\/2022\/09\/flip_paraty.jpg","type":"image\/jpeg"}],"author":"Luzimara Fernandes","twitter_card":"summary_large_image","twitter_misc":{"Escrito por":"Luzimara Fernandes","Est. tempo de leitura":"5 minutos"},"schema":{"@context":"https:\/\/schema.org","@graph":[{"@type":"Article","@id":"https:\/\/jornalfatosenoticias.com.br\/index.php\/2022\/09\/14\/flip-chega-a-20a-edicao-e-homenageia-escritora-maria-firmina-dos-reis\/#article","isPartOf":{"@id":"https:\/\/jornalfatosenoticias.com.br\/index.php\/2022\/09\/14\/flip-chega-a-20a-edicao-e-homenageia-escritora-maria-firmina-dos-reis\/"},"author":{"name":"Luzimara Fernandes","@id":"https:\/\/jornalfatosenoticias.com.br\/#\/schema\/person\/d63837fa13ac8666eb9e74e0985d6f81"},"headline":"Flip chega \u00e0 20\u00aa edi\u00e7\u00e3o e homenageia escritora Maria Firmina dos Reis","datePublished":"2022-09-14T13:51:15+00:00","dateModified":"2022-09-14T13:51:18+00:00","mainEntityOfPage":{"@id":"https:\/\/jornalfatosenoticias.com.br\/index.php\/2022\/09\/14\/flip-chega-a-20a-edicao-e-homenageia-escritora-maria-firmina-dos-reis\/"},"wordCount":937,"commentCount":0,"publisher":{"@id":"https:\/\/jornalfatosenoticias.com.br\/#organization"},"image":{"@id":"https:\/\/jornalfatosenoticias.com.br\/index.php\/2022\/09\/14\/flip-chega-a-20a-edicao-e-homenageia-escritora-maria-firmina-dos-reis\/#primaryimage"},"thumbnailUrl":"https:\/\/jornalfatosenoticias.com.br\/wp-content\/uploads\/2022\/09\/flip_paraty.jpg","keywords":["Bicenten\u00e1rio da Independ\u00eancia","Centen\u00e1rio da Semana de Arte Moderna","cultura","escritora Maria Firmina dos Reis","Festa Liter\u00e1ria Internacional de Paraty","Flip 2022","fot\u00f3grafa Claudia Andujar","literatura"],"articleSection":["Cultura"],"inLanguage":"pt-BR","potentialAction":[{"@type":"CommentAction","name":"Comment","target":["https:\/\/jornalfatosenoticias.com.br\/index.php\/2022\/09\/14\/flip-chega-a-20a-edicao-e-homenageia-escritora-maria-firmina-dos-reis\/#respond"]}]},{"@type":"WebPage","@id":"https:\/\/jornalfatosenoticias.com.br\/index.php\/2022\/09\/14\/flip-chega-a-20a-edicao-e-homenageia-escritora-maria-firmina-dos-reis\/","url":"https:\/\/jornalfatosenoticias.com.br\/index.php\/2022\/09\/14\/flip-chega-a-20a-edicao-e-homenageia-escritora-maria-firmina-dos-reis\/","name":"Flip chega \u00e0 20\u00aa edi\u00e7\u00e3o e homenageia escritora Maria Firmina dos Reis - Jornal Fatos e Not\u00edcias","isPartOf":{"@id":"https:\/\/jornalfatosenoticias.com.br\/#website"},"primaryImageOfPage":{"@id":"https:\/\/jornalfatosenoticias.com.br\/index.php\/2022\/09\/14\/flip-chega-a-20a-edicao-e-homenageia-escritora-maria-firmina-dos-reis\/#primaryimage"},"image":{"@id":"https:\/\/jornalfatosenoticias.com.br\/index.php\/2022\/09\/14\/flip-chega-a-20a-edicao-e-homenageia-escritora-maria-firmina-dos-reis\/#primaryimage"},"thumbnailUrl":"https:\/\/jornalfatosenoticias.com.br\/wp-content\/uploads\/2022\/09\/flip_paraty.jpg","datePublished":"2022-09-14T13:51:15+00:00","dateModified":"2022-09-14T13:51:18+00:00","breadcrumb":{"@id":"https:\/\/jornalfatosenoticias.com.br\/index.php\/2022\/09\/14\/flip-chega-a-20a-edicao-e-homenageia-escritora-maria-firmina-dos-reis\/#breadcrumb"},"inLanguage":"pt-BR","potentialAction":[{"@type":"ReadAction","target":["https:\/\/jornalfatosenoticias.com.br\/index.php\/2022\/09\/14\/flip-chega-a-20a-edicao-e-homenageia-escritora-maria-firmina-dos-reis\/"]}]},{"@type":"ImageObject","inLanguage":"pt-BR","@id":"https:\/\/jornalfatosenoticias.com.br\/index.php\/2022\/09\/14\/flip-chega-a-20a-edicao-e-homenageia-escritora-maria-firmina-dos-reis\/#primaryimage","url":"https:\/\/jornalfatosenoticias.com.br\/wp-content\/uploads\/2022\/09\/flip_paraty.jpg","contentUrl":"https:\/\/jornalfatosenoticias.com.br\/wp-content\/uploads\/2022\/09\/flip_paraty.jpg","width":1000,"height":598,"caption":"Mesa Barco Com Asas, na Festa Liter\u00e1ria Internacional de Paraty (Flip)"},{"@type":"BreadcrumbList","@id":"https:\/\/jornalfatosenoticias.com.br\/index.php\/2022\/09\/14\/flip-chega-a-20a-edicao-e-homenageia-escritora-maria-firmina-dos-reis\/#breadcrumb","itemListElement":[{"@type":"ListItem","position":1,"name":"In\u00edcio","item":"https:\/\/jornalfatosenoticias.com.br\/"},{"@type":"ListItem","position":2,"name":"Flip chega \u00e0 20\u00aa edi\u00e7\u00e3o e homenageia escritora Maria Firmina dos Reis"}]},{"@type":"WebSite","@id":"https:\/\/jornalfatosenoticias.com.br\/#website","url":"https:\/\/jornalfatosenoticias.com.br\/","name":"Jornal Fatos e Not\u00edcias","description":"Not\u00edcias em geral","publisher":{"@id":"https:\/\/jornalfatosenoticias.com.br\/#organization"},"potentialAction":[{"@type":"SearchAction","target":{"@type":"EntryPoint","urlTemplate":"https:\/\/jornalfatosenoticias.com.br\/?s={search_term_string}"},"query-input":{"@type":"PropertyValueSpecification","valueRequired":true,"valueName":"search_term_string"}}],"inLanguage":"pt-BR"},{"@type":"Organization","@id":"https:\/\/jornalfatosenoticias.com.br\/#organization","name":"Jornal Fatos e Not\u00edcias","url":"https:\/\/jornalfatosenoticias.com.br\/","logo":{"@type":"ImageObject","inLanguage":"pt-BR","@id":"https:\/\/jornalfatosenoticias.com.br\/#\/schema\/logo\/image\/","url":"https:\/\/jornalfatosenoticias.com.br\/wp-content\/uploads\/2020\/02\/logo120.png","contentUrl":"https:\/\/jornalfatosenoticias.com.br\/wp-content\/uploads\/2020\/02\/logo120.png","width":1227,"height":120,"caption":"Jornal Fatos e Not\u00edcias"},"image":{"@id":"https:\/\/jornalfatosenoticias.com.br\/#\/schema\/logo\/image\/"}},{"@type":"Person","@id":"https:\/\/jornalfatosenoticias.com.br\/#\/schema\/person\/d63837fa13ac8666eb9e74e0985d6f81","name":"Luzimara Fernandes","image":{"@type":"ImageObject","inLanguage":"pt-BR","@id":"https:\/\/jornalfatosenoticias.com.br\/#\/schema\/person\/image\/","url":"https:\/\/jornalfatosenoticias.com.br\/wp-content\/uploads\/2025\/05\/EU_portal.jpg","contentUrl":"https:\/\/jornalfatosenoticias.com.br\/wp-content\/uploads\/2025\/05\/EU_portal.jpg","caption":"Luzimara Fernandes"},"description":"Jornalista MTB 2358-ES","sameAs":["https:\/\/jornalfatosenoticias.com.br"],"url":"https:\/\/jornalfatosenoticias.com.br\/index.php\/author\/luzimara\/"}]}},"cc_featured_image_caption":{"caption_text":"(Foto: Walter Craveiro\/Flip\/Direitos Reservados) ","source_text":"","source_url":""},"jetpack_featured_media_url":"https:\/\/jornalfatosenoticias.com.br\/wp-content\/uploads\/2022\/09\/flip_paraty.jpg","_links":{"self":[{"href":"https:\/\/jornalfatosenoticias.com.br\/index.php\/wp-json\/wp\/v2\/posts\/34168","targetHints":{"allow":["GET"]}}],"collection":[{"href":"https:\/\/jornalfatosenoticias.com.br\/index.php\/wp-json\/wp\/v2\/posts"}],"about":[{"href":"https:\/\/jornalfatosenoticias.com.br\/index.php\/wp-json\/wp\/v2\/types\/post"}],"author":[{"embeddable":true,"href":"https:\/\/jornalfatosenoticias.com.br\/index.php\/wp-json\/wp\/v2\/users\/2"}],"replies":[{"embeddable":true,"href":"https:\/\/jornalfatosenoticias.com.br\/index.php\/wp-json\/wp\/v2\/comments?post=34168"}],"version-history":[{"count":0,"href":"https:\/\/jornalfatosenoticias.com.br\/index.php\/wp-json\/wp\/v2\/posts\/34168\/revisions"}],"wp:featuredmedia":[{"embeddable":true,"href":"https:\/\/jornalfatosenoticias.com.br\/index.php\/wp-json\/wp\/v2\/media\/34170"}],"wp:attachment":[{"href":"https:\/\/jornalfatosenoticias.com.br\/index.php\/wp-json\/wp\/v2\/media?parent=34168"}],"wp:term":[{"taxonomy":"category","embeddable":true,"href":"https:\/\/jornalfatosenoticias.com.br\/index.php\/wp-json\/wp\/v2\/categories?post=34168"},{"taxonomy":"post_tag","embeddable":true,"href":"https:\/\/jornalfatosenoticias.com.br\/index.php\/wp-json\/wp\/v2\/tags?post=34168"}],"curies":[{"name":"wp","href":"https:\/\/api.w.org\/{rel}","templated":true}]}}