{"id":3418,"date":"2020-04-20T17:38:38","date_gmt":"2020-04-20T20:38:38","guid":{"rendered":"https:\/\/jornalfatosenoticias.com.br\/?p=3418"},"modified":"2020-04-20T17:38:43","modified_gmt":"2020-04-20T20:38:43","slug":"sem-floresta-o-agro-nao-e-nada-entenda-a-importancia-dos-colossais-rios-voadores","status":"publish","type":"post","link":"https:\/\/jornalfatosenoticias.com.br\/index.php\/2020\/04\/20\/sem-floresta-o-agro-nao-e-nada-entenda-a-importancia-dos-colossais-rios-voadores\/","title":{"rendered":"Sem floresta, o agro n\u00e3o \u00e9 nada. Entenda a import\u00e2ncia dos colossais \u201cRios Voadores\u201d"},"content":{"rendered":"\n<h6 class=\"wp-block-heading\">Os Rios Voadores passam sobre nossas cabe\u00e7as, atravessam estados e pa\u00edses e distribuem chuva e umidade<\/h6>\n\n\n\n<p>Imagine rios ainda maiores que o Rio Amazonas, com bilh\u00f5es de toneladas de \u00e1gua, cortando v\u00e1rios estados brasileiros e passando sobre nossas cabe\u00e7as. Sim. \u201cRios Voadores\u201d existem.<br>O termo descreve um fen\u00f4meno real, cujo impacto \u00e9 gigantesco em nossas vidas e determinante para o equil\u00edbrio do ecossistema e da biodiversidade. Eles s\u00e3o formados por imensos volumes de vapor de \u00e1gua levados pelos ventos, muitas vezes, acompanhados por nuvens. Apesar de n\u00e3o os enxergarmos, os Rios Voadores t\u00eam cerca de tr\u00eas quil\u00f4metros de altura e milhares de quil\u00f4metros de extens\u00e3o.<br>A import\u00e2ncia desses fluxos de \u00e1gua se popularizou no Brasil ap\u00f3s a \u201cExpedi\u00e7\u00e3o Rios Voadores\u201d, criada pelo aviador e ambientalista Gerard Moss. O projeto foi idealizado depois de longas conversas que tiveram in\u00edcio em 2006 entre Moss e o professor Ant\u00f4nio Donato Nobre. Tamb\u00e9m contou com a colabora\u00e7\u00e3o do professor Eneas Salati e de outros cientistas envolvidos no tema, como Jos\u00e9 Ant\u00f4nio Marengo, Pedro Dias e Reinaldo Victoria. Gerard Moss voou milhares de quil\u00f4metros seguindo as correntes de ar e pegando amostras de vapor de \u00e1gua para comprovar e registrar, na pr\u00e1tica, o que os pesquisadores j\u00e1 haviam descoberto sobre o fluxo e a forma\u00e7\u00e3o dos chamados Rios Voadores.<br>Essas correntes de ar e \u00e1gua, invis\u00edveis para n\u00f3s, passam sobre \u00e1reas de campos, florestas e cidades carregando umidade da Bacia Amaz\u00f4nica para as regi\u00f5es Centro-Oeste, Sudeste e Sul do Brasil. O processo de forma\u00e7\u00e3o dos Rios Voadores come\u00e7a originalmente no Oceano Atl\u00e2ntico. A floresta amaz\u00f4nica funciona como uma bomba d\u2019\u00e1gua. Ela puxa para dentro do continente a umidade evaporada no mar. J\u00e1 em terra, a umidade cai como chuva sobre a mata.<\/p>\n\n\n\n<figure class=\"wp-block-image size-large\"><img loading=\"lazy\" decoding=\"async\" width=\"1000\" height=\"754\" src=\"https:\/\/jornalfatosenoticias.com.br\/wp-content\/uploads\/2020\/04\/INPE-MAPA.jpg\" alt=\"\" class=\"wp-image-3419\" srcset=\"https:\/\/jornalfatosenoticias.com.br\/wp-content\/uploads\/2020\/04\/INPE-MAPA.jpg 1000w, https:\/\/jornalfatosenoticias.com.br\/wp-content\/uploads\/2020\/04\/INPE-MAPA-300x226.jpg 300w, https:\/\/jornalfatosenoticias.com.br\/wp-content\/uploads\/2020\/04\/INPE-MAPA-768x579.jpg 768w\" sizes=\"auto, (max-width: 1000px) 100vw, 1000px\" \/><figcaption><em>Mosaico de imagens de sat\u00e9lites evidencia, em rosa, o desmatamento mapeado na Amaz\u00f4nia Legal, que afeta todo o ciclo das chuvas (Foto: Inpe)<\/em><\/figcaption><\/figure>\n\n\n\n<p>Com a transpira\u00e7\u00e3o das \u00e1rvores e das plantas, a mata devolve a \u00e1gua da chuva para a atmosfera na forma de vapor. \u00c9 um ciclo constante, com o ar sempre recarregado com mais umidade. A grande massa de umidade \u00e9 transportada rumo ao oeste pelos ventos. Parte dela cai novamente como chuva durante o percurso, mas enormes quantidades de vapor de \u00e1gua seguem at\u00e9 se chocar com a Cordilheira dos Andes. Nesse encontro, a cadeia de montanhas recebe uma por\u00e7\u00e3o generosa dessa umidade, formando as cabeceiras dos rios amaz\u00f4nicos. Mas ainda h\u00e1 muito vapor de \u00e1gua sendo levado pelas correntes de vento. Ao se depararem com um pared\u00e3o de quatro mil metros de altura formado pelos Andes, os Rios Voadores fazem a curva e partem em dire\u00e7\u00e3o ao Sul, rumo a estados como Mato Grosso, Mato Grosso do Sul, Minas Gerais, S\u00e3o Paulo, Paran\u00e1 e Santa Catarina. Eles tamb\u00e9m regulam as chuvas em pa\u00edses vizinhos, como a Bol\u00edvia e o Paraguai. A chuva trazida pelos Rios Voadores irriga as lavouras, enche rios e represas e, por tudo isso, sustenta a economia brasileira.<br>\u201cOs Rios Voadores explicam o mist\u00e9rio para a regi\u00e3o que vai de Cuiab\u00e1 a Buenos Aires e S\u00e3o Paulo ser verde e \u00famida. Esse quadril\u00e1tero representa 70% do PIB da Am\u00e9rica do Sul, com hidrel\u00e9tricas, ind\u00fastrias, agricultura e grandes centros que dependem do equil\u00edbrio clim\u00e1tico e da provis\u00e3o de \u00e1gua para existir. Os rios a\u00e9reos de vapor que a Amaz\u00f4nia exporta para essas \u00e1reas contraria a tend\u00eancia normal dessa regi\u00e3o de ser des\u00e9rtica. Essa imensa usina de servi\u00e7os ambientais \u00e9 o maior parque tecnol\u00f3gico que a Terra j\u00e1 conheceu\u201d, explica Ant\u00f4nio Donato Nobre, cientista do Instituto Nacional de Pesquisas Espaciais (Inpe).<br>Estima-se que existam cerca de 600 bilh\u00f5es de \u00e1rvores na Amaz\u00f4nia. As \u00e1rvores grandes da floresta t\u00eam ra\u00edzes muito profundas, bombeiam \u00e1gua do len\u00e7ol fre\u00e1tico, a 50, 60 metros de profundidade, e as folhas fazem a evapora\u00e7\u00e3o. Estudos do Instituto Nacional de Pesquisas da Amaz\u00f4nia (Inpa) mostram que uma \u00fanica \u00e1rvore frondosa, com copa de 20 metros de di\u00e2metro, pode transpirar mais de mil litros de \u00e1gua por dia. Em toda a Amaz\u00f4nia, \u00e9 um volume que chega a 20 bilh\u00f5es de toneladas de \u00e1gua diariamente. Uma por\u00e7\u00e3o maior que a do Rio Amazonas, respons\u00e1vel por 17 bilh\u00f5es de toneladas de \u00e1gua.<\/p>\n\n\n\n<figure class=\"wp-block-image size-large\"><img loading=\"lazy\" decoding=\"async\" width=\"1000\" height=\"691\" src=\"https:\/\/jornalfatosenoticias.com.br\/wp-content\/uploads\/2020\/04\/rios-voadores2.jpg\" alt=\"\" class=\"wp-image-3420\" srcset=\"https:\/\/jornalfatosenoticias.com.br\/wp-content\/uploads\/2020\/04\/rios-voadores2.jpg 1000w, https:\/\/jornalfatosenoticias.com.br\/wp-content\/uploads\/2020\/04\/rios-voadores2-300x207.jpg 300w, https:\/\/jornalfatosenoticias.com.br\/wp-content\/uploads\/2020\/04\/rios-voadores2-768x531.jpg 768w\" sizes=\"auto, (max-width: 1000px) 100vw, 1000px\" \/><figcaption><em>As imensas correntes de vapor de \u00e1gua s\u00e3o respons\u00e1veis tamb\u00e9m pelo equil\u00edbrio, ou desequil\u00edbrio, das chuvas nas cidades (Foto: Tiago Latesta\/Projeto Brasil das \u00c1guas)<\/em><\/figcaption><\/figure>\n\n\n\n<h4 class=\"wp-block-heading\">O preju\u00edzo do desmatamento<\/h4>\n\n\n\n<p>A substitui\u00e7\u00e3o de florestas por agricultura e pasto, assim como as queimadas e a abertura de clareiras para minera\u00e7\u00e3o, provocam altera\u00e7\u00f5es dram\u00e1ticas ao clima da Am\u00e9rica do Sul. Ao avan\u00e7ar cada vez mais por dentro da floresta, o agroneg\u00f3cio tende a causar a redu\u00e7\u00e3o da chuva essencial para as planta\u00e7\u00f5es.<br>O impacto humano e predat\u00f3rio sobre a floresta j\u00e1 tem mudado o ciclo das chuvas em todo o Pa\u00eds, fato que prejudica o bom desempenho da economia brasileira e o clima global.<br>O Brasil tem uma situa\u00e7\u00e3o privilegiada no que diz respeito aos recursos h\u00eddricos. Por\u00e9m, o ciclo da \u00e1gua no Pa\u00eds depende da floresta amaz\u00f4nica e, devido ao desmatamento e \u00e0 diminui\u00e7\u00e3o das \u00e1reas verdes, o bioma pode ter chegado a um ponto irrevers\u00edvel de recupera\u00e7\u00e3o, com consequ\u00eancias muito graves. Sat\u00e9lites do Inpe provam que muitas \u00e1reas na Amaz\u00f4nia j\u00e1 n\u00e3o s\u00e3o mais florestas; viraram savanas.<br>\u201cA Amaz\u00f4nia produz seu pr\u00f3prio clima, favor\u00e1vel \u00e0 sua exist\u00eancia e equil\u00edbrio. Com o desmatamento, esse benef\u00edcio se perde. Estamos transformando uma usina de servi\u00e7o ambiental em CO2. A conclus\u00e3o mais l\u00f3gica \u00e9 que estamos matando a \u2018galinha dos ovos de ouro\u2019. O agravamento do clima, decorrente do desmatamento, \u00e9 algo irrefut\u00e1vel. Diversas regi\u00f5es da Terra est\u00e3o sofrendo impacto semelhante por conta da supress\u00e3o de \u00e1reas verdes. Perdeu floresta, se prepare para um clima in\u00f3spito, pois, tirou a \u00e1rvore, tirou aquele servi\u00e7o ecossist\u00eamico, que tamb\u00e9m \u00e9 muito importante para a sobreviv\u00eancia da popula\u00e7\u00e3o\u201d, adverte Ant\u00f4nio Donato Nobre.<\/p>\n\n\n\n<figure class=\"wp-block-image size-large\"><img loading=\"lazy\" decoding=\"async\" width=\"1000\" height=\"989\" src=\"https:\/\/jornalfatosenoticias.com.br\/wp-content\/uploads\/2020\/04\/rios-voadores_ilustracao.jpg\" alt=\"\" class=\"wp-image-3421\" srcset=\"https:\/\/jornalfatosenoticias.com.br\/wp-content\/uploads\/2020\/04\/rios-voadores_ilustracao.jpg 1000w, https:\/\/jornalfatosenoticias.com.br\/wp-content\/uploads\/2020\/04\/rios-voadores_ilustracao-300x297.jpg 300w, https:\/\/jornalfatosenoticias.com.br\/wp-content\/uploads\/2020\/04\/rios-voadores_ilustracao-768x760.jpg 768w\" sizes=\"auto, (max-width: 1000px) 100vw, 1000px\" \/><figcaption><em>Ilustra\u00e7\u00e3o: Tom Bojarczuk<\/em><\/figcaption><\/figure>\n\n\n\n<p>E, nesse cen\u00e1rio, n\u00e3o \u00e9 s\u00f3 a agricultura que acaba prejudicada. O desequil\u00edbrio causado pelo desmatamento na Amaz\u00f4nia interfere no clima das grandes cidades. O conceito dos Rios Voadores surgiu tamb\u00e9m das pesquisas do climatologista Jos\u00e9 Ant\u00f4nio Marengo, coordenador do Centro de Previs\u00e3o de Tempo e Estudos Clim\u00e1ticos (CPTEC), do Inpe, que trabalha com desastres naturais. Para ele, \u00e9 preciso observar o que ocorre com a situa\u00e7\u00e3o clim\u00e1tica, pois, no Brasil, as cat\u00e1strofes naturais est\u00e3o relacionadas com a \u00e1gua; tanto diante de chuvas intensas que causam deslizamentos de terra e inunda\u00e7\u00f5es quanto de secas intensas. \u201cIsso nos preocupa. Se houver chuvas mais intensas em \u00e1reas vulner\u00e1veis como S\u00e3o Paulo ou Rio de Janeiro, aumenta a possibilidade de, no futuro, ocorrerem ainda mais desastres naturais associados a fortes chuvas, como deslizamentos de terra e inunda\u00e7\u00f5es em \u00e1reas urbanas e rurais, por exemplo. No Brasil, esses fen\u00f4menos causam a perda de muitas vidas\u201d, afirmou Marengo, em entrevista para a BBC Mundo.<br>As florestas bombeiam umidade e s\u00e3o fundamentais para que os Rios Voadores sigam seus cursos e distribuam as chuvas de forma equilibrada ao longo do caminho. E os resultados das pesquisas mostram que esses rios s\u00e3o t\u00e3o vulner\u00e1veis \u00e0s a\u00e7\u00f5es humanas quanto os outros rios que conhecemos. Representam um sistema totalmente conectado e dependente da preserva\u00e7\u00e3o florestal.<\/p>\n\n\n\n<p><strong><em>Fonte:<a href=\"https:\/\/www.oeco.org.br\/reportagens\/sem-floresta-o-agro-nao-e-nada-entenda-a-importancia-dos-colossais-rios-voadores\/?utm_source=wysija&amp;utm_medium=email&amp;utm_campaign=Newsletter+Diaria\"> ((o))eco<\/a><\/em><\/strong><\/p>\n","protected":false},"excerpt":{"rendered":"<p>Os Rios Voadores passam sobre nossas cabe\u00e7as, atravessam estados e pa\u00edses e distribuem chuva e umidade Imagine rios ainda maiores que o Rio Amazonas, com bilh\u00f5es de toneladas de \u00e1gua, cortando v\u00e1rios estados brasileiros e passando sobre nossas cabe\u00e7as. Sim. \u201cRios Voadores\u201d existem.O termo descreve um fen\u00f4meno real, cujo impacto \u00e9 gigantesco em nossas vidas [&hellip;]<\/p>\n","protected":false},"author":2,"featured_media":3422,"comment_status":"open","ping_status":"open","sticky":false,"template":"","format":"standard","meta":{"footnotes":""},"categories":[8],"tags":[334,223,1631,1896,1269,217,1897,1898,1899],"class_list":["post-3418","post","type-post","status-publish","format-standard","has-post-thumbnail","hentry","category-meio-ambiente","tag-biodiversidade","tag-chuvas","tag-ecossistema","tag-floresta-amazonica","tag-impacto","tag-inpa","tag-inpe","tag-rio-amazonas","tag-rios-voadores"],"yoast_head":"<!-- This site is optimized with the Yoast SEO plugin v26.5 - https:\/\/yoast.com\/wordpress\/plugins\/seo\/ -->\n<title>Sem floresta, o agro n\u00e3o \u00e9 nada. Entenda a import\u00e2ncia dos colossais \u201cRios Voadores\u201d - Jornal Fatos e Not\u00edcias<\/title>\n<meta name=\"robots\" content=\"index, follow, max-snippet:-1, max-image-preview:large, max-video-preview:-1\" \/>\n<link rel=\"canonical\" href=\"https:\/\/jornalfatosenoticias.com.br\/index.php\/2020\/04\/20\/sem-floresta-o-agro-nao-e-nada-entenda-a-importancia-dos-colossais-rios-voadores\/\" \/>\n<meta property=\"og:locale\" content=\"pt_BR\" \/>\n<meta property=\"og:type\" content=\"article\" \/>\n<meta property=\"og:title\" content=\"Sem floresta, o agro n\u00e3o \u00e9 nada. Entenda a import\u00e2ncia dos colossais \u201cRios Voadores\u201d - Jornal Fatos e Not\u00edcias\" \/>\n<meta property=\"og:description\" content=\"Os Rios Voadores passam sobre nossas cabe\u00e7as, atravessam estados e pa\u00edses e distribuem chuva e umidade Imagine rios ainda maiores que o Rio Amazonas, com bilh\u00f5es de toneladas de \u00e1gua, cortando v\u00e1rios estados brasileiros e passando sobre nossas cabe\u00e7as. Sim. \u201cRios Voadores\u201d existem.O termo descreve um fen\u00f4meno real, cujo impacto \u00e9 gigantesco em nossas vidas [&hellip;]\" \/>\n<meta property=\"og:url\" content=\"https:\/\/jornalfatosenoticias.com.br\/index.php\/2020\/04\/20\/sem-floresta-o-agro-nao-e-nada-entenda-a-importancia-dos-colossais-rios-voadores\/\" \/>\n<meta property=\"og:site_name\" content=\"Jornal Fatos e Not\u00edcias\" \/>\n<meta property=\"article:published_time\" content=\"2020-04-20T20:38:38+00:00\" \/>\n<meta property=\"article:modified_time\" content=\"2020-04-20T20:38:43+00:00\" \/>\n<meta property=\"og:image\" content=\"https:\/\/jornalfatosenoticias.com.br\/wp-content\/uploads\/2020\/04\/rios-voadores.jpg\" \/>\n\t<meta property=\"og:image:width\" content=\"1000\" \/>\n\t<meta property=\"og:image:height\" content=\"666\" \/>\n\t<meta property=\"og:image:type\" content=\"image\/jpeg\" \/>\n<meta name=\"author\" content=\"Luzimara Fernandes\" \/>\n<meta name=\"twitter:card\" content=\"summary_large_image\" \/>\n<meta name=\"twitter:label1\" content=\"Escrito por\" \/>\n\t<meta name=\"twitter:data1\" content=\"Luzimara Fernandes\" \/>\n\t<meta name=\"twitter:label2\" content=\"Est. tempo de leitura\" \/>\n\t<meta name=\"twitter:data2\" content=\"7 minutos\" \/>\n<script type=\"application\/ld+json\" class=\"yoast-schema-graph\">{\"@context\":\"https:\/\/schema.org\",\"@graph\":[{\"@type\":\"Article\",\"@id\":\"https:\/\/jornalfatosenoticias.com.br\/index.php\/2020\/04\/20\/sem-floresta-o-agro-nao-e-nada-entenda-a-importancia-dos-colossais-rios-voadores\/#article\",\"isPartOf\":{\"@id\":\"https:\/\/jornalfatosenoticias.com.br\/index.php\/2020\/04\/20\/sem-floresta-o-agro-nao-e-nada-entenda-a-importancia-dos-colossais-rios-voadores\/\"},\"author\":{\"name\":\"Luzimara Fernandes\",\"@id\":\"https:\/\/jornalfatosenoticias.com.br\/#\/schema\/person\/d63837fa13ac8666eb9e74e0985d6f81\"},\"headline\":\"Sem floresta, o agro n\u00e3o \u00e9 nada. Entenda a import\u00e2ncia dos colossais \u201cRios Voadores\u201d\",\"datePublished\":\"2020-04-20T20:38:38+00:00\",\"dateModified\":\"2020-04-20T20:38:43+00:00\",\"mainEntityOfPage\":{\"@id\":\"https:\/\/jornalfatosenoticias.com.br\/index.php\/2020\/04\/20\/sem-floresta-o-agro-nao-e-nada-entenda-a-importancia-dos-colossais-rios-voadores\/\"},\"wordCount\":1336,\"commentCount\":0,\"publisher\":{\"@id\":\"https:\/\/jornalfatosenoticias.com.br\/#organization\"},\"image\":{\"@id\":\"https:\/\/jornalfatosenoticias.com.br\/index.php\/2020\/04\/20\/sem-floresta-o-agro-nao-e-nada-entenda-a-importancia-dos-colossais-rios-voadores\/#primaryimage\"},\"thumbnailUrl\":\"https:\/\/jornalfatosenoticias.com.br\/wp-content\/uploads\/2020\/04\/rios-voadores.jpg\",\"keywords\":[\"biodiversidade\",\"chuvas\",\"ecossistema\",\"floresta amaz\u00f4nica\",\"impacto\",\"Inpa\",\"Inpe\",\"Rio Amazonas\",\"Rios Voadores\"],\"articleSection\":[\"Meio ambiente\"],\"inLanguage\":\"pt-BR\",\"potentialAction\":[{\"@type\":\"CommentAction\",\"name\":\"Comment\",\"target\":[\"https:\/\/jornalfatosenoticias.com.br\/index.php\/2020\/04\/20\/sem-floresta-o-agro-nao-e-nada-entenda-a-importancia-dos-colossais-rios-voadores\/#respond\"]}]},{\"@type\":\"WebPage\",\"@id\":\"https:\/\/jornalfatosenoticias.com.br\/index.php\/2020\/04\/20\/sem-floresta-o-agro-nao-e-nada-entenda-a-importancia-dos-colossais-rios-voadores\/\",\"url\":\"https:\/\/jornalfatosenoticias.com.br\/index.php\/2020\/04\/20\/sem-floresta-o-agro-nao-e-nada-entenda-a-importancia-dos-colossais-rios-voadores\/\",\"name\":\"Sem floresta, o agro n\u00e3o \u00e9 nada. Entenda a import\u00e2ncia dos colossais \u201cRios Voadores\u201d - Jornal Fatos e Not\u00edcias\",\"isPartOf\":{\"@id\":\"https:\/\/jornalfatosenoticias.com.br\/#website\"},\"primaryImageOfPage\":{\"@id\":\"https:\/\/jornalfatosenoticias.com.br\/index.php\/2020\/04\/20\/sem-floresta-o-agro-nao-e-nada-entenda-a-importancia-dos-colossais-rios-voadores\/#primaryimage\"},\"image\":{\"@id\":\"https:\/\/jornalfatosenoticias.com.br\/index.php\/2020\/04\/20\/sem-floresta-o-agro-nao-e-nada-entenda-a-importancia-dos-colossais-rios-voadores\/#primaryimage\"},\"thumbnailUrl\":\"https:\/\/jornalfatosenoticias.com.br\/wp-content\/uploads\/2020\/04\/rios-voadores.jpg\",\"datePublished\":\"2020-04-20T20:38:38+00:00\",\"dateModified\":\"2020-04-20T20:38:43+00:00\",\"breadcrumb\":{\"@id\":\"https:\/\/jornalfatosenoticias.com.br\/index.php\/2020\/04\/20\/sem-floresta-o-agro-nao-e-nada-entenda-a-importancia-dos-colossais-rios-voadores\/#breadcrumb\"},\"inLanguage\":\"pt-BR\",\"potentialAction\":[{\"@type\":\"ReadAction\",\"target\":[\"https:\/\/jornalfatosenoticias.com.br\/index.php\/2020\/04\/20\/sem-floresta-o-agro-nao-e-nada-entenda-a-importancia-dos-colossais-rios-voadores\/\"]}]},{\"@type\":\"ImageObject\",\"inLanguage\":\"pt-BR\",\"@id\":\"https:\/\/jornalfatosenoticias.com.br\/index.php\/2020\/04\/20\/sem-floresta-o-agro-nao-e-nada-entenda-a-importancia-dos-colossais-rios-voadores\/#primaryimage\",\"url\":\"https:\/\/jornalfatosenoticias.com.br\/wp-content\/uploads\/2020\/04\/rios-voadores.jpg\",\"contentUrl\":\"https:\/\/jornalfatosenoticias.com.br\/wp-content\/uploads\/2020\/04\/rios-voadores.jpg\",\"width\":1000,\"height\":666},{\"@type\":\"BreadcrumbList\",\"@id\":\"https:\/\/jornalfatosenoticias.com.br\/index.php\/2020\/04\/20\/sem-floresta-o-agro-nao-e-nada-entenda-a-importancia-dos-colossais-rios-voadores\/#breadcrumb\",\"itemListElement\":[{\"@type\":\"ListItem\",\"position\":1,\"name\":\"In\u00edcio\",\"item\":\"https:\/\/jornalfatosenoticias.com.br\/\"},{\"@type\":\"ListItem\",\"position\":2,\"name\":\"Sem floresta, o agro n\u00e3o \u00e9 nada. Entenda a import\u00e2ncia dos colossais \u201cRios Voadores\u201d\"}]},{\"@type\":\"WebSite\",\"@id\":\"https:\/\/jornalfatosenoticias.com.br\/#website\",\"url\":\"https:\/\/jornalfatosenoticias.com.br\/\",\"name\":\"Jornal Fatos e Not\u00edcias\",\"description\":\"Not\u00edcias em geral\",\"publisher\":{\"@id\":\"https:\/\/jornalfatosenoticias.com.br\/#organization\"},\"potentialAction\":[{\"@type\":\"SearchAction\",\"target\":{\"@type\":\"EntryPoint\",\"urlTemplate\":\"https:\/\/jornalfatosenoticias.com.br\/?s={search_term_string}\"},\"query-input\":{\"@type\":\"PropertyValueSpecification\",\"valueRequired\":true,\"valueName\":\"search_term_string\"}}],\"inLanguage\":\"pt-BR\"},{\"@type\":\"Organization\",\"@id\":\"https:\/\/jornalfatosenoticias.com.br\/#organization\",\"name\":\"Jornal Fatos e Not\u00edcias\",\"url\":\"https:\/\/jornalfatosenoticias.com.br\/\",\"logo\":{\"@type\":\"ImageObject\",\"inLanguage\":\"pt-BR\",\"@id\":\"https:\/\/jornalfatosenoticias.com.br\/#\/schema\/logo\/image\/\",\"url\":\"https:\/\/jornalfatosenoticias.com.br\/wp-content\/uploads\/2020\/02\/logo120.png\",\"contentUrl\":\"https:\/\/jornalfatosenoticias.com.br\/wp-content\/uploads\/2020\/02\/logo120.png\",\"width\":1227,\"height\":120,\"caption\":\"Jornal Fatos e Not\u00edcias\"},\"image\":{\"@id\":\"https:\/\/jornalfatosenoticias.com.br\/#\/schema\/logo\/image\/\"}},{\"@type\":\"Person\",\"@id\":\"https:\/\/jornalfatosenoticias.com.br\/#\/schema\/person\/d63837fa13ac8666eb9e74e0985d6f81\",\"name\":\"Luzimara Fernandes\",\"image\":{\"@type\":\"ImageObject\",\"inLanguage\":\"pt-BR\",\"@id\":\"https:\/\/jornalfatosenoticias.com.br\/#\/schema\/person\/image\/\",\"url\":\"https:\/\/jornalfatosenoticias.com.br\/wp-content\/uploads\/2025\/05\/EU_portal.jpg\",\"contentUrl\":\"https:\/\/jornalfatosenoticias.com.br\/wp-content\/uploads\/2025\/05\/EU_portal.jpg\",\"caption\":\"Luzimara Fernandes\"},\"description\":\"Jornalista MTB 2358-ES\",\"sameAs\":[\"https:\/\/jornalfatosenoticias.com.br\"],\"url\":\"https:\/\/jornalfatosenoticias.com.br\/index.php\/author\/luzimara\/\"}]}<\/script>\n<!-- \/ Yoast SEO plugin. -->","yoast_head_json":{"title":"Sem floresta, o agro n\u00e3o \u00e9 nada. Entenda a import\u00e2ncia dos colossais \u201cRios Voadores\u201d - Jornal Fatos e Not\u00edcias","robots":{"index":"index","follow":"follow","max-snippet":"max-snippet:-1","max-image-preview":"max-image-preview:large","max-video-preview":"max-video-preview:-1"},"canonical":"https:\/\/jornalfatosenoticias.com.br\/index.php\/2020\/04\/20\/sem-floresta-o-agro-nao-e-nada-entenda-a-importancia-dos-colossais-rios-voadores\/","og_locale":"pt_BR","og_type":"article","og_title":"Sem floresta, o agro n\u00e3o \u00e9 nada. Entenda a import\u00e2ncia dos colossais \u201cRios Voadores\u201d - Jornal Fatos e Not\u00edcias","og_description":"Os Rios Voadores passam sobre nossas cabe\u00e7as, atravessam estados e pa\u00edses e distribuem chuva e umidade Imagine rios ainda maiores que o Rio Amazonas, com bilh\u00f5es de toneladas de \u00e1gua, cortando v\u00e1rios estados brasileiros e passando sobre nossas cabe\u00e7as. Sim. \u201cRios Voadores\u201d existem.O termo descreve um fen\u00f4meno real, cujo impacto \u00e9 gigantesco em nossas vidas [&hellip;]","og_url":"https:\/\/jornalfatosenoticias.com.br\/index.php\/2020\/04\/20\/sem-floresta-o-agro-nao-e-nada-entenda-a-importancia-dos-colossais-rios-voadores\/","og_site_name":"Jornal Fatos e Not\u00edcias","article_published_time":"2020-04-20T20:38:38+00:00","article_modified_time":"2020-04-20T20:38:43+00:00","og_image":[{"width":1000,"height":666,"url":"https:\/\/jornalfatosenoticias.com.br\/wp-content\/uploads\/2020\/04\/rios-voadores.jpg","type":"image\/jpeg"}],"author":"Luzimara Fernandes","twitter_card":"summary_large_image","twitter_misc":{"Escrito por":"Luzimara Fernandes","Est. tempo de leitura":"7 minutos"},"schema":{"@context":"https:\/\/schema.org","@graph":[{"@type":"Article","@id":"https:\/\/jornalfatosenoticias.com.br\/index.php\/2020\/04\/20\/sem-floresta-o-agro-nao-e-nada-entenda-a-importancia-dos-colossais-rios-voadores\/#article","isPartOf":{"@id":"https:\/\/jornalfatosenoticias.com.br\/index.php\/2020\/04\/20\/sem-floresta-o-agro-nao-e-nada-entenda-a-importancia-dos-colossais-rios-voadores\/"},"author":{"name":"Luzimara Fernandes","@id":"https:\/\/jornalfatosenoticias.com.br\/#\/schema\/person\/d63837fa13ac8666eb9e74e0985d6f81"},"headline":"Sem floresta, o agro n\u00e3o \u00e9 nada. Entenda a import\u00e2ncia dos colossais \u201cRios Voadores\u201d","datePublished":"2020-04-20T20:38:38+00:00","dateModified":"2020-04-20T20:38:43+00:00","mainEntityOfPage":{"@id":"https:\/\/jornalfatosenoticias.com.br\/index.php\/2020\/04\/20\/sem-floresta-o-agro-nao-e-nada-entenda-a-importancia-dos-colossais-rios-voadores\/"},"wordCount":1336,"commentCount":0,"publisher":{"@id":"https:\/\/jornalfatosenoticias.com.br\/#organization"},"image":{"@id":"https:\/\/jornalfatosenoticias.com.br\/index.php\/2020\/04\/20\/sem-floresta-o-agro-nao-e-nada-entenda-a-importancia-dos-colossais-rios-voadores\/#primaryimage"},"thumbnailUrl":"https:\/\/jornalfatosenoticias.com.br\/wp-content\/uploads\/2020\/04\/rios-voadores.jpg","keywords":["biodiversidade","chuvas","ecossistema","floresta amaz\u00f4nica","impacto","Inpa","Inpe","Rio Amazonas","Rios Voadores"],"articleSection":["Meio ambiente"],"inLanguage":"pt-BR","potentialAction":[{"@type":"CommentAction","name":"Comment","target":["https:\/\/jornalfatosenoticias.com.br\/index.php\/2020\/04\/20\/sem-floresta-o-agro-nao-e-nada-entenda-a-importancia-dos-colossais-rios-voadores\/#respond"]}]},{"@type":"WebPage","@id":"https:\/\/jornalfatosenoticias.com.br\/index.php\/2020\/04\/20\/sem-floresta-o-agro-nao-e-nada-entenda-a-importancia-dos-colossais-rios-voadores\/","url":"https:\/\/jornalfatosenoticias.com.br\/index.php\/2020\/04\/20\/sem-floresta-o-agro-nao-e-nada-entenda-a-importancia-dos-colossais-rios-voadores\/","name":"Sem floresta, o agro n\u00e3o \u00e9 nada. Entenda a import\u00e2ncia dos colossais \u201cRios Voadores\u201d - Jornal Fatos e Not\u00edcias","isPartOf":{"@id":"https:\/\/jornalfatosenoticias.com.br\/#website"},"primaryImageOfPage":{"@id":"https:\/\/jornalfatosenoticias.com.br\/index.php\/2020\/04\/20\/sem-floresta-o-agro-nao-e-nada-entenda-a-importancia-dos-colossais-rios-voadores\/#primaryimage"},"image":{"@id":"https:\/\/jornalfatosenoticias.com.br\/index.php\/2020\/04\/20\/sem-floresta-o-agro-nao-e-nada-entenda-a-importancia-dos-colossais-rios-voadores\/#primaryimage"},"thumbnailUrl":"https:\/\/jornalfatosenoticias.com.br\/wp-content\/uploads\/2020\/04\/rios-voadores.jpg","datePublished":"2020-04-20T20:38:38+00:00","dateModified":"2020-04-20T20:38:43+00:00","breadcrumb":{"@id":"https:\/\/jornalfatosenoticias.com.br\/index.php\/2020\/04\/20\/sem-floresta-o-agro-nao-e-nada-entenda-a-importancia-dos-colossais-rios-voadores\/#breadcrumb"},"inLanguage":"pt-BR","potentialAction":[{"@type":"ReadAction","target":["https:\/\/jornalfatosenoticias.com.br\/index.php\/2020\/04\/20\/sem-floresta-o-agro-nao-e-nada-entenda-a-importancia-dos-colossais-rios-voadores\/"]}]},{"@type":"ImageObject","inLanguage":"pt-BR","@id":"https:\/\/jornalfatosenoticias.com.br\/index.php\/2020\/04\/20\/sem-floresta-o-agro-nao-e-nada-entenda-a-importancia-dos-colossais-rios-voadores\/#primaryimage","url":"https:\/\/jornalfatosenoticias.com.br\/wp-content\/uploads\/2020\/04\/rios-voadores.jpg","contentUrl":"https:\/\/jornalfatosenoticias.com.br\/wp-content\/uploads\/2020\/04\/rios-voadores.jpg","width":1000,"height":666},{"@type":"BreadcrumbList","@id":"https:\/\/jornalfatosenoticias.com.br\/index.php\/2020\/04\/20\/sem-floresta-o-agro-nao-e-nada-entenda-a-importancia-dos-colossais-rios-voadores\/#breadcrumb","itemListElement":[{"@type":"ListItem","position":1,"name":"In\u00edcio","item":"https:\/\/jornalfatosenoticias.com.br\/"},{"@type":"ListItem","position":2,"name":"Sem floresta, o agro n\u00e3o \u00e9 nada. Entenda a import\u00e2ncia dos colossais \u201cRios Voadores\u201d"}]},{"@type":"WebSite","@id":"https:\/\/jornalfatosenoticias.com.br\/#website","url":"https:\/\/jornalfatosenoticias.com.br\/","name":"Jornal Fatos e Not\u00edcias","description":"Not\u00edcias em geral","publisher":{"@id":"https:\/\/jornalfatosenoticias.com.br\/#organization"},"potentialAction":[{"@type":"SearchAction","target":{"@type":"EntryPoint","urlTemplate":"https:\/\/jornalfatosenoticias.com.br\/?s={search_term_string}"},"query-input":{"@type":"PropertyValueSpecification","valueRequired":true,"valueName":"search_term_string"}}],"inLanguage":"pt-BR"},{"@type":"Organization","@id":"https:\/\/jornalfatosenoticias.com.br\/#organization","name":"Jornal Fatos e Not\u00edcias","url":"https:\/\/jornalfatosenoticias.com.br\/","logo":{"@type":"ImageObject","inLanguage":"pt-BR","@id":"https:\/\/jornalfatosenoticias.com.br\/#\/schema\/logo\/image\/","url":"https:\/\/jornalfatosenoticias.com.br\/wp-content\/uploads\/2020\/02\/logo120.png","contentUrl":"https:\/\/jornalfatosenoticias.com.br\/wp-content\/uploads\/2020\/02\/logo120.png","width":1227,"height":120,"caption":"Jornal Fatos e Not\u00edcias"},"image":{"@id":"https:\/\/jornalfatosenoticias.com.br\/#\/schema\/logo\/image\/"}},{"@type":"Person","@id":"https:\/\/jornalfatosenoticias.com.br\/#\/schema\/person\/d63837fa13ac8666eb9e74e0985d6f81","name":"Luzimara Fernandes","image":{"@type":"ImageObject","inLanguage":"pt-BR","@id":"https:\/\/jornalfatosenoticias.com.br\/#\/schema\/person\/image\/","url":"https:\/\/jornalfatosenoticias.com.br\/wp-content\/uploads\/2025\/05\/EU_portal.jpg","contentUrl":"https:\/\/jornalfatosenoticias.com.br\/wp-content\/uploads\/2025\/05\/EU_portal.jpg","caption":"Luzimara Fernandes"},"description":"Jornalista MTB 2358-ES","sameAs":["https:\/\/jornalfatosenoticias.com.br"],"url":"https:\/\/jornalfatosenoticias.com.br\/index.php\/author\/luzimara\/"}]}},"cc_featured_image_caption":{"caption_text":"Rios Voadores (Foto: Projeto Rios Voadores)","source_text":"","source_url":""},"jetpack_featured_media_url":"https:\/\/jornalfatosenoticias.com.br\/wp-content\/uploads\/2020\/04\/rios-voadores.jpg","_links":{"self":[{"href":"https:\/\/jornalfatosenoticias.com.br\/index.php\/wp-json\/wp\/v2\/posts\/3418","targetHints":{"allow":["GET"]}}],"collection":[{"href":"https:\/\/jornalfatosenoticias.com.br\/index.php\/wp-json\/wp\/v2\/posts"}],"about":[{"href":"https:\/\/jornalfatosenoticias.com.br\/index.php\/wp-json\/wp\/v2\/types\/post"}],"author":[{"embeddable":true,"href":"https:\/\/jornalfatosenoticias.com.br\/index.php\/wp-json\/wp\/v2\/users\/2"}],"replies":[{"embeddable":true,"href":"https:\/\/jornalfatosenoticias.com.br\/index.php\/wp-json\/wp\/v2\/comments?post=3418"}],"version-history":[{"count":0,"href":"https:\/\/jornalfatosenoticias.com.br\/index.php\/wp-json\/wp\/v2\/posts\/3418\/revisions"}],"wp:featuredmedia":[{"embeddable":true,"href":"https:\/\/jornalfatosenoticias.com.br\/index.php\/wp-json\/wp\/v2\/media\/3422"}],"wp:attachment":[{"href":"https:\/\/jornalfatosenoticias.com.br\/index.php\/wp-json\/wp\/v2\/media?parent=3418"}],"wp:term":[{"taxonomy":"category","embeddable":true,"href":"https:\/\/jornalfatosenoticias.com.br\/index.php\/wp-json\/wp\/v2\/categories?post=3418"},{"taxonomy":"post_tag","embeddable":true,"href":"https:\/\/jornalfatosenoticias.com.br\/index.php\/wp-json\/wp\/v2\/tags?post=3418"}],"curies":[{"name":"wp","href":"https:\/\/api.w.org\/{rel}","templated":true}]}}