{"id":34186,"date":"2022-09-14T12:02:14","date_gmt":"2022-09-14T15:02:14","guid":{"rendered":"https:\/\/jornalfatosenoticias.com.br\/?p=34186"},"modified":"2022-09-14T12:02:16","modified_gmt":"2022-09-14T15:02:16","slug":"plastico-usado-em-embalagens-e-transformado-em-diamantes","status":"publish","type":"post","link":"https:\/\/jornalfatosenoticias.com.br\/index.php\/2022\/09\/14\/plastico-usado-em-embalagens-e-transformado-em-diamantes\/","title":{"rendered":"Pl\u00e1stico usado em embalagens \u00e9 transformado em diamantes"},"content":{"rendered":"\n<p><span class=\"has-inline-color has-black-color\"><em>Cientistas conseguiram fabricar pequenos diamantes sint\u00e9ticos aquecendo e comprimindo o pl\u00e1stico PET<\/em><\/span><\/p>\n\n\n\n<div class=\"wp-block-image\"><figure class=\"aligncenter size-large\"><img decoding=\"async\" src=\"https:\/\/jornalfatosenoticias.com.br\/wp-content\/uploads\/2020\/02\/logo-embacia-1-1024x110.jpg\" alt=\"\" class=\"wp-image-33954\"\/><\/figure><\/div>\n\n\n\n<p>De um lado um material relativamente barato, usado em quantidades no mundo todo e que representa um risco para o planeta. De outro um material extremamente caro e valorizado, cuja <a href=\"https:\/\/ciclovivo.com.br\/planeta\/meio-ambiente\/garimpo-terras-indigenas-cresceu-495\/\" target=\"_blank\" rel=\"noreferrer noopener\">extra\u00e7\u00e3o tamb\u00e9m tem impactos ambientais muito graves<\/a>. E no meio uma tecnologia que pode transformar o pl\u00e1stico, o primeiro material, em diamante, o segundo material.<br>Pela primeira vez, cientistas conseguiram fabricar diamantes sint\u00e9ticos usando feixes de laser. Os diamantes produzidos tem tamanho reduzido e podem ser usados para fazer ferramentas de corte e polimento de alta qualidade, gra\u00e7as a sua dureza. O material tamb\u00e9m \u00e9 valorizado por sua condutividade t\u00e9rmica e isolamento el\u00e9trico.<\/p>\n\n\n\n<div class=\"wp-block-image\"><figure class=\"aligncenter size-large\"><img loading=\"lazy\" decoding=\"async\" width=\"1024\" height=\"99\" src=\"https:\/\/jornalfatosenoticias.com.br\/wp-content\/uploads\/2020\/02\/Logo-Mizu-segunda-2-1024x99.png\" alt=\"\" class=\"wp-image-2353\" srcset=\"https:\/\/jornalfatosenoticias.com.br\/wp-content\/uploads\/2020\/02\/Logo-Mizu-segunda-2-1024x99.png 1024w, https:\/\/jornalfatosenoticias.com.br\/wp-content\/uploads\/2020\/02\/Logo-Mizu-segunda-2-300x29.png 300w, https:\/\/jornalfatosenoticias.com.br\/wp-content\/uploads\/2020\/02\/Logo-Mizu-segunda-2-768x74.png 768w, https:\/\/jornalfatosenoticias.com.br\/wp-content\/uploads\/2020\/02\/Logo-Mizu-segunda-2.png 1240w\" sizes=\"auto, (max-width: 1024px) 100vw, 1024px\" \/><\/figure><\/div>\n\n\n\n<p>A not\u00edcia \u00e9 muito importante porque pode aumentar a demanda por <a href=\"https:\/\/ciclovivo.com.br\/inovacao\/negocios\/carlsberg-lanca-garrafa-feita-com-fibras-de-madeira-e-polimeros-naturais\/\" target=\"_blank\" rel=\"noreferrer noopener\">garrafas pl\u00e1sticas<\/a> e outros itens descart\u00e1veis para a produ\u00e7\u00e3o, retirando estes itens de circula\u00e7\u00e3o e evitando que terminem nos aterros sanit\u00e1rios ou, muito pior, nos oceanos.<\/p>\n\n\n\n<div class=\"wp-block-image\"><figure class=\"aligncenter size-large is-resized\"><img loading=\"lazy\" decoding=\"async\" src=\"https:\/\/jornalfatosenoticias.com.br\/wp-content\/uploads\/2022\/07\/Logo-Grupo-SEI.jpg\" alt=\"\" class=\"wp-image-31973\" width=\"365\" height=\"192\" srcset=\"https:\/\/jornalfatosenoticias.com.br\/wp-content\/uploads\/2022\/07\/Logo-Grupo-SEI.jpg 713w, https:\/\/jornalfatosenoticias.com.br\/wp-content\/uploads\/2022\/07\/Logo-Grupo-SEI-300x158.jpg 300w\" sizes=\"auto, (max-width: 365px) 100vw, 365px\" \/><\/figure><\/div>\n\n\n\n<p><strong><span class=\"has-inline-color has-vivid-purple-color\">Como o pl\u00e1stico pode virar diamante?<br><\/span><\/strong>Explicando de forma bastante simplificada, os diamantes s\u00e3o uma forma s\u00f3lida de carbono, dispostos em uma estrutura cristalina particular ao lado de hidrog\u00eanio e oxig\u00eanio. O pl\u00e1stico usado no experimento \u00e9 o PET, um pol\u00edmero termopl\u00e1stico muito usado em <a href=\"https:\/\/ciclovivo.com.br\/inovacao\/negocios\/embalagens-plasticas-aumentam-desperdicio-de-frutas-e-vegetais\/\" target=\"_blank\" rel=\"noreferrer noopener\">embalagens<\/a>\u00a0de bebidas e alimentos. Este pl\u00e1stico \u00e9 um hidrocarboneto, material feito de petr\u00f3leo e g\u00e1s natural \u2014 onde est\u00e3o presentes os elementos presentes no diamante.<\/p>\n\n\n\n<div class=\"wp-block-image\"><figure class=\"alignleft size-large is-resized\"><img loading=\"lazy\" decoding=\"async\" src=\"https:\/\/jornalfatosenoticias.com.br\/wp-content\/uploads\/2020\/02\/SEVENTUR-TURISMO.jpg\" alt=\"\" class=\"wp-image-32994\" width=\"280\" height=\"221\"\/><\/figure><\/div>\n\n\n\n<p>Durante o experimento, o <a href=\"https:\/\/ciclovivo.com.br\/planeta\/meio-ambiente\/consumo-de-plastico-em-delivery-de-comida-aumentou-46\/\" target=\"_blank\" rel=\"noreferrer noopener\">pl\u00e1stico<\/a> foi aquecido por um feixe de laser at\u00e9 6000\u00b0C e tamb\u00e9m comprimido sob um peso igual a milh\u00f5es de vezes a press\u00e3o atmosf\u00e9rica da Terra por alguns bilion\u00e9simos de segundo. O laser disparou dez flashes no filme pl\u00e1stico, ap\u00f3s o que os nanodiamantes se formaram e ca\u00edram em um tanque coletor cheio de \u00e1gua, de onde eles foram coletados.<br>O resultado foi que a experi\u00eancia reconfigurou as mol\u00e9culas do pl\u00e1stico em um nanodiamante, algo que j\u00e1 havia sido realizado anteriormente usando explosivos. <\/p>\n\n\n\n<div class=\"wp-block-image\"><figure class=\"aligncenter size-large\"><img decoding=\"async\" src=\"https:\/\/jornalfatosenoticias.com.br\/wp-content\/uploads\/2020\/02\/logo-Ana_portal.jpg\" alt=\"\" class=\"wp-image-34101\"\/><\/figure><\/div>\n\n\n\n<blockquote class=\"wp-block-quote is-layout-flow wp-block-quote-is-layout-flow\"><p><span class=\"has-inline-color has-luminous-vivid-orange-color\">\u201cCom a ajuda de flashes de laser, os diamantes poderiam ser fabricados de forma muito mais limpa no futuro\u201d, explica o coautor do estudo, professor Dominik Kraus, da Universidade de Rostock, na Alemanha. \u201cAt\u00e9 agora, us\u00e1vamos filmes de hidrocarbonetos para esses tipos de experimentos. E descobrimos que essa press\u00e3o extrema produzia diamantes min\u00fasculos\u201d, explicou Kraus.<\/span><\/p><\/blockquote>\n\n\n\n<div class=\"wp-block-image\"><figure class=\"aligncenter size-large\"><img loading=\"lazy\" decoding=\"async\" width=\"300\" height=\"250\" src=\"https:\/\/jornalfatosenoticias.com.br\/wp-content\/uploads\/2022\/08\/arte-Casarao.jpg\" alt=\"\" class=\"wp-image-33178\"\/><\/figure><\/div>\n\n\n\n<p><strong><span class=\"has-inline-color has-vivid-purple-color\">Chuva de diamantes<br><\/span><\/strong>Al\u00e9m de trazer uma nova possibilidade para a produ\u00e7\u00e3o de diamantes sint\u00e9ticos na Terra, o experimento ajuda os cientistas a entenderem porque os nanodiamantes podem se formar em grandes quantidades em outros <a href=\"https:\/\/ciclovivo.com.br\/inovacao\/inspiracao\/nova-teoria-sugere-que-planeta-terra-e-um-ser-inteligente\/\" target=\"_blank\" rel=\"noreferrer noopener\">planetas<\/a>, como Netuno e Urano.<\/p>\n\n\n\n<div class=\"wp-block-image\"><figure class=\"aligncenter size-large is-resized\"><img loading=\"lazy\" decoding=\"async\" src=\"https:\/\/jornalfatosenoticias.com.br\/wp-content\/uploads\/2020\/02\/Serra-Grande-1024x160.png\" alt=\"\" class=\"wp-image-7836\" width=\"535\" height=\"83\"\/><\/figure><\/div>\n\n\n\n<figure class=\"wp-block-image size-large\"><img loading=\"lazy\" decoding=\"async\" width=\"1000\" height=\"466\" src=\"https:\/\/jornalfatosenoticias.com.br\/wp-content\/uploads\/2022\/09\/chuva-de-diamente-netuno-foto-greg-stewart-slac-national-accelerator-laboratory.jpeg\" alt=\"\" class=\"wp-image-34187\" srcset=\"https:\/\/jornalfatosenoticias.com.br\/wp-content\/uploads\/2022\/09\/chuva-de-diamente-netuno-foto-greg-stewart-slac-national-accelerator-laboratory.jpeg 1000w, https:\/\/jornalfatosenoticias.com.br\/wp-content\/uploads\/2022\/09\/chuva-de-diamente-netuno-foto-greg-stewart-slac-national-accelerator-laboratory-300x140.jpeg 300w, https:\/\/jornalfatosenoticias.com.br\/wp-content\/uploads\/2022\/09\/chuva-de-diamente-netuno-foto-greg-stewart-slac-national-accelerator-laboratory-768x358.jpeg 768w\" sizes=\"auto, (max-width: 1000px) 100vw, 1000px\" \/><figcaption><em><span class=\"has-inline-color has-black-color\">Chuva de diamantes em Netuno (Foto: Greg Stewart\/SLAC National Accelerator Laboratory)<\/span><\/em><\/figcaption><\/figure>\n\n\n\n<div class=\"wp-block-image\"><figure class=\"aligncenter size-large\"><img decoding=\"async\" src=\"https:\/\/jornalfatosenoticias.com.br\/wp-content\/uploads\/2020\/02\/nova-logo-zucchi-1024x110.jpeg\" alt=\"\" class=\"wp-image-33846\"\/><\/figure><\/div>\n\n\n\n<p>Um estudo publicado na <a href=\"https:\/\/www.science.org\/doi\/10.1126\/sciadv.abo0617\" target=\"_blank\" rel=\"noreferrer noopener\">Science Advances\u00a0<\/a>confirmou que realmente chove diamantes dentro de gigantes de gelo na borda do sistema solar e, segundo o professor, o PET tem um bom equil\u00edbrio entre carbono, hidrog\u00eanio e oxig\u00eanio para simular a atividade em planetas de gelo, que cont\u00eam carbono, hidrog\u00eanio e grandes quantidades de oxig\u00eanio.<\/p>\n\n\n\n<div class=\"wp-block-image\"><figure class=\"aligncenter size-large\"><img loading=\"lazy\" decoding=\"async\" width=\"1024\" height=\"100\" src=\"https:\/\/jornalfatosenoticias.com.br\/wp-content\/uploads\/2020\/02\/banner_ferramentas-1024x100.jpg\" alt=\"\" class=\"wp-image-1258\" srcset=\"https:\/\/jornalfatosenoticias.com.br\/wp-content\/uploads\/2020\/02\/banner_ferramentas-1024x100.jpg 1024w, https:\/\/jornalfatosenoticias.com.br\/wp-content\/uploads\/2020\/02\/banner_ferramentas-300x29.jpg 300w, https:\/\/jornalfatosenoticias.com.br\/wp-content\/uploads\/2020\/02\/banner_ferramentas-768x75.jpg 768w, https:\/\/jornalfatosenoticias.com.br\/wp-content\/uploads\/2020\/02\/banner_ferramentas.jpg 1227w\" sizes=\"auto, (max-width: 1024px) 100vw, 1024px\" \/><\/figure><\/div>\n\n\n\n<p>As temperaturas no interior de Netuno e Urano atingem v\u00e1rios milhares de graus Celsius e a press\u00e3o \u00e9 milh\u00f5es de vezes maior do que a atmosfera da Terra. Acima, a atmosfera externa de gases \u00e9 um dos lugares mais frios do sistema solar.<\/p>\n\n\n\n<div class=\"wp-block-image\"><figure class=\"aligncenter size-large is-resized\"><img loading=\"lazy\" decoding=\"async\" src=\"https:\/\/jornalfatosenoticias.com.br\/wp-content\/uploads\/2022\/08\/logo-locau-veiculos-1024x573.png\" alt=\"\" class=\"wp-image-33078\" width=\"328\" height=\"183\"\/><\/figure><\/div>\n\n\n\n<blockquote class=\"wp-block-quote is-layout-flow wp-block-quote-is-layout-flow\"><p><span class=\"has-inline-color has-luminous-vivid-orange-color\">\u201cO efeito do oxig\u00eanio foi acelerar a separa\u00e7\u00e3o do carbono e do hidrog\u00eanio e, assim, estimular a forma\u00e7\u00e3o de nanodiamantes. Isso significava que os \u00e1tomos de carbono poderiam se combinar mais facilmente e formar diamantes\u201d, conta Kraus.<\/span><\/p><\/blockquote>\n\n\n\n<div class=\"wp-block-image\"><figure class=\"aligncenter size-large\"><img decoding=\"async\" src=\"https:\/\/jornalfatosenoticias.com.br\/wp-content\/uploads\/2020\/02\/logo_esteio.jpg\" alt=\"\" class=\"wp-image-1214\"\/><\/figure><\/div>\n\n\n\n<p>Se nos planetas distantes, a <a href=\"https:\/\/www.space.com\/diamond-rain-atmosphere-uranus-neptune\" target=\"_blank\" rel=\"noreferrer noopener\">chuva de diamantes<\/a>\u00a0\u00e9 uma realidade, na Terra a realidade \u00e9 que precisamos reduzir drasticamente a produ\u00e7\u00e3o e o uso de pl\u00e1sticos de uso \u00fanico. \u00c9 urgente tamb\u00e9m reaproveitar e\u00a0<a href=\"https:\/\/ciclovivo.com.br\/planeta\/desenvolvimento\/projeto-vai-reciclar-10-mil-toneladas-de-lixo-plastico-por-mes\/\" target=\"_blank\" rel=\"noreferrer noopener\">reciclar<\/a> a maior quantidade poss\u00edvel do material que j\u00e1 est\u00e1 no planeta \u2014 e transformar este pl\u00e1stico em diamante pode ser uma solu\u00e7\u00e3o.<\/p>\n\n\n\n<div class=\"wp-block-image\"><figure class=\"aligncenter size-large is-resized\"><img loading=\"lazy\" decoding=\"async\" src=\"https:\/\/jornalfatosenoticias.com.br\/wp-content\/uploads\/2020\/02\/nova-logo-Marquetti.jpg\" alt=\"\" class=\"wp-image-22331\" width=\"281\" height=\"189\" srcset=\"https:\/\/jornalfatosenoticias.com.br\/wp-content\/uploads\/2020\/02\/nova-logo-Marquetti.jpg 643w, https:\/\/jornalfatosenoticias.com.br\/wp-content\/uploads\/2020\/02\/nova-logo-Marquetti-300x202.jpg 300w\" sizes=\"auto, (max-width: 281px) 100vw, 281px\" \/><\/figure><\/div>\n\n\n\n<p><strong><em>Fonte: <a href=\"https:\/\/ciclovivo.com.br\/inovacao\/tecnologia\/plastico-usado-em-embalagens-e-transformado-em-diamantes\/\">CicloVivo<\/a><\/em><\/strong><\/p>\n","protected":false},"excerpt":{"rendered":"<p>Cientistas conseguiram fabricar pequenos diamantes sint\u00e9ticos aquecendo e comprimindo o pl\u00e1stico PET De um lado um material relativamente barato, usado em quantidades no mundo todo e que representa um risco para o planeta. De outro um material extremamente caro e valorizado, cuja extra\u00e7\u00e3o tamb\u00e9m tem impactos ambientais muito graves. E no meio uma tecnologia que [&hellip;]<\/p>\n","protected":false},"author":2,"featured_media":34188,"comment_status":"open","ping_status":"open","sticky":false,"template":"","format":"standard","meta":{"footnotes":""},"categories":[3],"tags":[12230,16051,577],"class_list":["post-34186","post","type-post","status-publish","format-standard","has-post-thumbnail","hentry","category-tecnologia","tag-diamante","tag-diamantes-sinteticos","tag-plastico"],"yoast_head":"<!-- This site is optimized with the Yoast SEO plugin v26.5 - https:\/\/yoast.com\/wordpress\/plugins\/seo\/ -->\n<title>Pl\u00e1stico usado em embalagens \u00e9 transformado em diamantes - Jornal Fatos e Not\u00edcias<\/title>\n<meta name=\"robots\" content=\"index, follow, max-snippet:-1, max-image-preview:large, max-video-preview:-1\" \/>\n<link rel=\"canonical\" href=\"https:\/\/jornalfatosenoticias.com.br\/index.php\/2022\/09\/14\/plastico-usado-em-embalagens-e-transformado-em-diamantes\/\" \/>\n<meta property=\"og:locale\" content=\"pt_BR\" \/>\n<meta property=\"og:type\" content=\"article\" \/>\n<meta property=\"og:title\" content=\"Pl\u00e1stico usado em embalagens \u00e9 transformado em diamantes - Jornal Fatos e Not\u00edcias\" \/>\n<meta property=\"og:description\" content=\"Cientistas conseguiram fabricar pequenos diamantes sint\u00e9ticos aquecendo e comprimindo o pl\u00e1stico PET De um lado um material relativamente barato, usado em quantidades no mundo todo e que representa um risco para o planeta. De outro um material extremamente caro e valorizado, cuja extra\u00e7\u00e3o tamb\u00e9m tem impactos ambientais muito graves. E no meio uma tecnologia que [&hellip;]\" \/>\n<meta property=\"og:url\" content=\"https:\/\/jornalfatosenoticias.com.br\/index.php\/2022\/09\/14\/plastico-usado-em-embalagens-e-transformado-em-diamantes\/\" \/>\n<meta property=\"og:site_name\" content=\"Jornal Fatos e Not\u00edcias\" \/>\n<meta property=\"article:published_time\" content=\"2022-09-14T15:02:14+00:00\" \/>\n<meta property=\"article:modified_time\" content=\"2022-09-14T15:02:16+00:00\" \/>\n<meta property=\"og:image\" content=\"https:\/\/jornalfatosenoticias.com.br\/wp-content\/uploads\/2022\/09\/plastico-diamante-unsplash.jpg\" \/>\n\t<meta property=\"og:image:width\" content=\"1000\" \/>\n\t<meta property=\"og:image:height\" content=\"566\" \/>\n\t<meta property=\"og:image:type\" content=\"image\/jpeg\" \/>\n<meta name=\"author\" content=\"Luzimara Fernandes\" \/>\n<meta name=\"twitter:card\" content=\"summary_large_image\" \/>\n<meta name=\"twitter:label1\" content=\"Escrito por\" \/>\n\t<meta name=\"twitter:data1\" content=\"Luzimara Fernandes\" \/>\n\t<meta name=\"twitter:label2\" content=\"Est. tempo de leitura\" \/>\n\t<meta name=\"twitter:data2\" content=\"3 minutos\" \/>\n<script type=\"application\/ld+json\" class=\"yoast-schema-graph\">{\"@context\":\"https:\/\/schema.org\",\"@graph\":[{\"@type\":\"Article\",\"@id\":\"https:\/\/jornalfatosenoticias.com.br\/index.php\/2022\/09\/14\/plastico-usado-em-embalagens-e-transformado-em-diamantes\/#article\",\"isPartOf\":{\"@id\":\"https:\/\/jornalfatosenoticias.com.br\/index.php\/2022\/09\/14\/plastico-usado-em-embalagens-e-transformado-em-diamantes\/\"},\"author\":{\"name\":\"Luzimara Fernandes\",\"@id\":\"https:\/\/jornalfatosenoticias.com.br\/#\/schema\/person\/d63837fa13ac8666eb9e74e0985d6f81\"},\"headline\":\"Pl\u00e1stico usado em embalagens \u00e9 transformado em diamantes\",\"datePublished\":\"2022-09-14T15:02:14+00:00\",\"dateModified\":\"2022-09-14T15:02:16+00:00\",\"mainEntityOfPage\":{\"@id\":\"https:\/\/jornalfatosenoticias.com.br\/index.php\/2022\/09\/14\/plastico-usado-em-embalagens-e-transformado-em-diamantes\/\"},\"wordCount\":672,\"commentCount\":0,\"publisher\":{\"@id\":\"https:\/\/jornalfatosenoticias.com.br\/#organization\"},\"image\":{\"@id\":\"https:\/\/jornalfatosenoticias.com.br\/index.php\/2022\/09\/14\/plastico-usado-em-embalagens-e-transformado-em-diamantes\/#primaryimage\"},\"thumbnailUrl\":\"https:\/\/jornalfatosenoticias.com.br\/wp-content\/uploads\/2022\/09\/plastico-diamante-unsplash.jpg\",\"keywords\":[\"diamante\",\"diamantes sint\u00e9ticos\",\"pl\u00e1stico\"],\"articleSection\":[\"Tecnologia &amp; Inova\u00e7\u00e3o\"],\"inLanguage\":\"pt-BR\",\"potentialAction\":[{\"@type\":\"CommentAction\",\"name\":\"Comment\",\"target\":[\"https:\/\/jornalfatosenoticias.com.br\/index.php\/2022\/09\/14\/plastico-usado-em-embalagens-e-transformado-em-diamantes\/#respond\"]}]},{\"@type\":\"WebPage\",\"@id\":\"https:\/\/jornalfatosenoticias.com.br\/index.php\/2022\/09\/14\/plastico-usado-em-embalagens-e-transformado-em-diamantes\/\",\"url\":\"https:\/\/jornalfatosenoticias.com.br\/index.php\/2022\/09\/14\/plastico-usado-em-embalagens-e-transformado-em-diamantes\/\",\"name\":\"Pl\u00e1stico usado em embalagens \u00e9 transformado em diamantes - Jornal Fatos e Not\u00edcias\",\"isPartOf\":{\"@id\":\"https:\/\/jornalfatosenoticias.com.br\/#website\"},\"primaryImageOfPage\":{\"@id\":\"https:\/\/jornalfatosenoticias.com.br\/index.php\/2022\/09\/14\/plastico-usado-em-embalagens-e-transformado-em-diamantes\/#primaryimage\"},\"image\":{\"@id\":\"https:\/\/jornalfatosenoticias.com.br\/index.php\/2022\/09\/14\/plastico-usado-em-embalagens-e-transformado-em-diamantes\/#primaryimage\"},\"thumbnailUrl\":\"https:\/\/jornalfatosenoticias.com.br\/wp-content\/uploads\/2022\/09\/plastico-diamante-unsplash.jpg\",\"datePublished\":\"2022-09-14T15:02:14+00:00\",\"dateModified\":\"2022-09-14T15:02:16+00:00\",\"breadcrumb\":{\"@id\":\"https:\/\/jornalfatosenoticias.com.br\/index.php\/2022\/09\/14\/plastico-usado-em-embalagens-e-transformado-em-diamantes\/#breadcrumb\"},\"inLanguage\":\"pt-BR\",\"potentialAction\":[{\"@type\":\"ReadAction\",\"target\":[\"https:\/\/jornalfatosenoticias.com.br\/index.php\/2022\/09\/14\/plastico-usado-em-embalagens-e-transformado-em-diamantes\/\"]}]},{\"@type\":\"ImageObject\",\"inLanguage\":\"pt-BR\",\"@id\":\"https:\/\/jornalfatosenoticias.com.br\/index.php\/2022\/09\/14\/plastico-usado-em-embalagens-e-transformado-em-diamantes\/#primaryimage\",\"url\":\"https:\/\/jornalfatosenoticias.com.br\/wp-content\/uploads\/2022\/09\/plastico-diamante-unsplash.jpg\",\"contentUrl\":\"https:\/\/jornalfatosenoticias.com.br\/wp-content\/uploads\/2022\/09\/plastico-diamante-unsplash.jpg\",\"width\":1000,\"height\":566},{\"@type\":\"BreadcrumbList\",\"@id\":\"https:\/\/jornalfatosenoticias.com.br\/index.php\/2022\/09\/14\/plastico-usado-em-embalagens-e-transformado-em-diamantes\/#breadcrumb\",\"itemListElement\":[{\"@type\":\"ListItem\",\"position\":1,\"name\":\"In\u00edcio\",\"item\":\"https:\/\/jornalfatosenoticias.com.br\/\"},{\"@type\":\"ListItem\",\"position\":2,\"name\":\"Pl\u00e1stico usado em embalagens \u00e9 transformado em diamantes\"}]},{\"@type\":\"WebSite\",\"@id\":\"https:\/\/jornalfatosenoticias.com.br\/#website\",\"url\":\"https:\/\/jornalfatosenoticias.com.br\/\",\"name\":\"Jornal Fatos e Not\u00edcias\",\"description\":\"Not\u00edcias em geral\",\"publisher\":{\"@id\":\"https:\/\/jornalfatosenoticias.com.br\/#organization\"},\"potentialAction\":[{\"@type\":\"SearchAction\",\"target\":{\"@type\":\"EntryPoint\",\"urlTemplate\":\"https:\/\/jornalfatosenoticias.com.br\/?s={search_term_string}\"},\"query-input\":{\"@type\":\"PropertyValueSpecification\",\"valueRequired\":true,\"valueName\":\"search_term_string\"}}],\"inLanguage\":\"pt-BR\"},{\"@type\":\"Organization\",\"@id\":\"https:\/\/jornalfatosenoticias.com.br\/#organization\",\"name\":\"Jornal Fatos e Not\u00edcias\",\"url\":\"https:\/\/jornalfatosenoticias.com.br\/\",\"logo\":{\"@type\":\"ImageObject\",\"inLanguage\":\"pt-BR\",\"@id\":\"https:\/\/jornalfatosenoticias.com.br\/#\/schema\/logo\/image\/\",\"url\":\"https:\/\/jornalfatosenoticias.com.br\/wp-content\/uploads\/2020\/02\/logo120.png\",\"contentUrl\":\"https:\/\/jornalfatosenoticias.com.br\/wp-content\/uploads\/2020\/02\/logo120.png\",\"width\":1227,\"height\":120,\"caption\":\"Jornal Fatos e Not\u00edcias\"},\"image\":{\"@id\":\"https:\/\/jornalfatosenoticias.com.br\/#\/schema\/logo\/image\/\"}},{\"@type\":\"Person\",\"@id\":\"https:\/\/jornalfatosenoticias.com.br\/#\/schema\/person\/d63837fa13ac8666eb9e74e0985d6f81\",\"name\":\"Luzimara Fernandes\",\"image\":{\"@type\":\"ImageObject\",\"inLanguage\":\"pt-BR\",\"@id\":\"https:\/\/jornalfatosenoticias.com.br\/#\/schema\/person\/image\/\",\"url\":\"https:\/\/jornalfatosenoticias.com.br\/wp-content\/uploads\/2025\/05\/EU_portal.jpg\",\"contentUrl\":\"https:\/\/jornalfatosenoticias.com.br\/wp-content\/uploads\/2025\/05\/EU_portal.jpg\",\"caption\":\"Luzimara Fernandes\"},\"description\":\"Jornalista MTB 2358-ES\",\"sameAs\":[\"https:\/\/jornalfatosenoticias.com.br\"],\"url\":\"https:\/\/jornalfatosenoticias.com.br\/index.php\/author\/luzimara\/\"}]}<\/script>\n<!-- \/ Yoast SEO plugin. -->","yoast_head_json":{"title":"Pl\u00e1stico usado em embalagens \u00e9 transformado em diamantes - Jornal Fatos e Not\u00edcias","robots":{"index":"index","follow":"follow","max-snippet":"max-snippet:-1","max-image-preview":"max-image-preview:large","max-video-preview":"max-video-preview:-1"},"canonical":"https:\/\/jornalfatosenoticias.com.br\/index.php\/2022\/09\/14\/plastico-usado-em-embalagens-e-transformado-em-diamantes\/","og_locale":"pt_BR","og_type":"article","og_title":"Pl\u00e1stico usado em embalagens \u00e9 transformado em diamantes - Jornal Fatos e Not\u00edcias","og_description":"Cientistas conseguiram fabricar pequenos diamantes sint\u00e9ticos aquecendo e comprimindo o pl\u00e1stico PET De um lado um material relativamente barato, usado em quantidades no mundo todo e que representa um risco para o planeta. De outro um material extremamente caro e valorizado, cuja extra\u00e7\u00e3o tamb\u00e9m tem impactos ambientais muito graves. E no meio uma tecnologia que [&hellip;]","og_url":"https:\/\/jornalfatosenoticias.com.br\/index.php\/2022\/09\/14\/plastico-usado-em-embalagens-e-transformado-em-diamantes\/","og_site_name":"Jornal Fatos e Not\u00edcias","article_published_time":"2022-09-14T15:02:14+00:00","article_modified_time":"2022-09-14T15:02:16+00:00","og_image":[{"width":1000,"height":566,"url":"https:\/\/jornalfatosenoticias.com.br\/wp-content\/uploads\/2022\/09\/plastico-diamante-unsplash.jpg","type":"image\/jpeg"}],"author":"Luzimara Fernandes","twitter_card":"summary_large_image","twitter_misc":{"Escrito por":"Luzimara Fernandes","Est. tempo de leitura":"3 minutos"},"schema":{"@context":"https:\/\/schema.org","@graph":[{"@type":"Article","@id":"https:\/\/jornalfatosenoticias.com.br\/index.php\/2022\/09\/14\/plastico-usado-em-embalagens-e-transformado-em-diamantes\/#article","isPartOf":{"@id":"https:\/\/jornalfatosenoticias.com.br\/index.php\/2022\/09\/14\/plastico-usado-em-embalagens-e-transformado-em-diamantes\/"},"author":{"name":"Luzimara Fernandes","@id":"https:\/\/jornalfatosenoticias.com.br\/#\/schema\/person\/d63837fa13ac8666eb9e74e0985d6f81"},"headline":"Pl\u00e1stico usado em embalagens \u00e9 transformado em diamantes","datePublished":"2022-09-14T15:02:14+00:00","dateModified":"2022-09-14T15:02:16+00:00","mainEntityOfPage":{"@id":"https:\/\/jornalfatosenoticias.com.br\/index.php\/2022\/09\/14\/plastico-usado-em-embalagens-e-transformado-em-diamantes\/"},"wordCount":672,"commentCount":0,"publisher":{"@id":"https:\/\/jornalfatosenoticias.com.br\/#organization"},"image":{"@id":"https:\/\/jornalfatosenoticias.com.br\/index.php\/2022\/09\/14\/plastico-usado-em-embalagens-e-transformado-em-diamantes\/#primaryimage"},"thumbnailUrl":"https:\/\/jornalfatosenoticias.com.br\/wp-content\/uploads\/2022\/09\/plastico-diamante-unsplash.jpg","keywords":["diamante","diamantes sint\u00e9ticos","pl\u00e1stico"],"articleSection":["Tecnologia &amp; Inova\u00e7\u00e3o"],"inLanguage":"pt-BR","potentialAction":[{"@type":"CommentAction","name":"Comment","target":["https:\/\/jornalfatosenoticias.com.br\/index.php\/2022\/09\/14\/plastico-usado-em-embalagens-e-transformado-em-diamantes\/#respond"]}]},{"@type":"WebPage","@id":"https:\/\/jornalfatosenoticias.com.br\/index.php\/2022\/09\/14\/plastico-usado-em-embalagens-e-transformado-em-diamantes\/","url":"https:\/\/jornalfatosenoticias.com.br\/index.php\/2022\/09\/14\/plastico-usado-em-embalagens-e-transformado-em-diamantes\/","name":"Pl\u00e1stico usado em embalagens \u00e9 transformado em diamantes - Jornal Fatos e Not\u00edcias","isPartOf":{"@id":"https:\/\/jornalfatosenoticias.com.br\/#website"},"primaryImageOfPage":{"@id":"https:\/\/jornalfatosenoticias.com.br\/index.php\/2022\/09\/14\/plastico-usado-em-embalagens-e-transformado-em-diamantes\/#primaryimage"},"image":{"@id":"https:\/\/jornalfatosenoticias.com.br\/index.php\/2022\/09\/14\/plastico-usado-em-embalagens-e-transformado-em-diamantes\/#primaryimage"},"thumbnailUrl":"https:\/\/jornalfatosenoticias.com.br\/wp-content\/uploads\/2022\/09\/plastico-diamante-unsplash.jpg","datePublished":"2022-09-14T15:02:14+00:00","dateModified":"2022-09-14T15:02:16+00:00","breadcrumb":{"@id":"https:\/\/jornalfatosenoticias.com.br\/index.php\/2022\/09\/14\/plastico-usado-em-embalagens-e-transformado-em-diamantes\/#breadcrumb"},"inLanguage":"pt-BR","potentialAction":[{"@type":"ReadAction","target":["https:\/\/jornalfatosenoticias.com.br\/index.php\/2022\/09\/14\/plastico-usado-em-embalagens-e-transformado-em-diamantes\/"]}]},{"@type":"ImageObject","inLanguage":"pt-BR","@id":"https:\/\/jornalfatosenoticias.com.br\/index.php\/2022\/09\/14\/plastico-usado-em-embalagens-e-transformado-em-diamantes\/#primaryimage","url":"https:\/\/jornalfatosenoticias.com.br\/wp-content\/uploads\/2022\/09\/plastico-diamante-unsplash.jpg","contentUrl":"https:\/\/jornalfatosenoticias.com.br\/wp-content\/uploads\/2022\/09\/plastico-diamante-unsplash.jpg","width":1000,"height":566},{"@type":"BreadcrumbList","@id":"https:\/\/jornalfatosenoticias.com.br\/index.php\/2022\/09\/14\/plastico-usado-em-embalagens-e-transformado-em-diamantes\/#breadcrumb","itemListElement":[{"@type":"ListItem","position":1,"name":"In\u00edcio","item":"https:\/\/jornalfatosenoticias.com.br\/"},{"@type":"ListItem","position":2,"name":"Pl\u00e1stico usado em embalagens \u00e9 transformado em diamantes"}]},{"@type":"WebSite","@id":"https:\/\/jornalfatosenoticias.com.br\/#website","url":"https:\/\/jornalfatosenoticias.com.br\/","name":"Jornal Fatos e Not\u00edcias","description":"Not\u00edcias em geral","publisher":{"@id":"https:\/\/jornalfatosenoticias.com.br\/#organization"},"potentialAction":[{"@type":"SearchAction","target":{"@type":"EntryPoint","urlTemplate":"https:\/\/jornalfatosenoticias.com.br\/?s={search_term_string}"},"query-input":{"@type":"PropertyValueSpecification","valueRequired":true,"valueName":"search_term_string"}}],"inLanguage":"pt-BR"},{"@type":"Organization","@id":"https:\/\/jornalfatosenoticias.com.br\/#organization","name":"Jornal Fatos e Not\u00edcias","url":"https:\/\/jornalfatosenoticias.com.br\/","logo":{"@type":"ImageObject","inLanguage":"pt-BR","@id":"https:\/\/jornalfatosenoticias.com.br\/#\/schema\/logo\/image\/","url":"https:\/\/jornalfatosenoticias.com.br\/wp-content\/uploads\/2020\/02\/logo120.png","contentUrl":"https:\/\/jornalfatosenoticias.com.br\/wp-content\/uploads\/2020\/02\/logo120.png","width":1227,"height":120,"caption":"Jornal Fatos e Not\u00edcias"},"image":{"@id":"https:\/\/jornalfatosenoticias.com.br\/#\/schema\/logo\/image\/"}},{"@type":"Person","@id":"https:\/\/jornalfatosenoticias.com.br\/#\/schema\/person\/d63837fa13ac8666eb9e74e0985d6f81","name":"Luzimara Fernandes","image":{"@type":"ImageObject","inLanguage":"pt-BR","@id":"https:\/\/jornalfatosenoticias.com.br\/#\/schema\/person\/image\/","url":"https:\/\/jornalfatosenoticias.com.br\/wp-content\/uploads\/2025\/05\/EU_portal.jpg","contentUrl":"https:\/\/jornalfatosenoticias.com.br\/wp-content\/uploads\/2025\/05\/EU_portal.jpg","caption":"Luzimara Fernandes"},"description":"Jornalista MTB 2358-ES","sameAs":["https:\/\/jornalfatosenoticias.com.br"],"url":"https:\/\/jornalfatosenoticias.com.br\/index.php\/author\/luzimara\/"}]}},"cc_featured_image_caption":{"caption_text":"(Foto: Unsplash) ","source_text":"","source_url":""},"jetpack_featured_media_url":"https:\/\/jornalfatosenoticias.com.br\/wp-content\/uploads\/2022\/09\/plastico-diamante-unsplash.jpg","_links":{"self":[{"href":"https:\/\/jornalfatosenoticias.com.br\/index.php\/wp-json\/wp\/v2\/posts\/34186","targetHints":{"allow":["GET"]}}],"collection":[{"href":"https:\/\/jornalfatosenoticias.com.br\/index.php\/wp-json\/wp\/v2\/posts"}],"about":[{"href":"https:\/\/jornalfatosenoticias.com.br\/index.php\/wp-json\/wp\/v2\/types\/post"}],"author":[{"embeddable":true,"href":"https:\/\/jornalfatosenoticias.com.br\/index.php\/wp-json\/wp\/v2\/users\/2"}],"replies":[{"embeddable":true,"href":"https:\/\/jornalfatosenoticias.com.br\/index.php\/wp-json\/wp\/v2\/comments?post=34186"}],"version-history":[{"count":0,"href":"https:\/\/jornalfatosenoticias.com.br\/index.php\/wp-json\/wp\/v2\/posts\/34186\/revisions"}],"wp:featuredmedia":[{"embeddable":true,"href":"https:\/\/jornalfatosenoticias.com.br\/index.php\/wp-json\/wp\/v2\/media\/34188"}],"wp:attachment":[{"href":"https:\/\/jornalfatosenoticias.com.br\/index.php\/wp-json\/wp\/v2\/media?parent=34186"}],"wp:term":[{"taxonomy":"category","embeddable":true,"href":"https:\/\/jornalfatosenoticias.com.br\/index.php\/wp-json\/wp\/v2\/categories?post=34186"},{"taxonomy":"post_tag","embeddable":true,"href":"https:\/\/jornalfatosenoticias.com.br\/index.php\/wp-json\/wp\/v2\/tags?post=34186"}],"curies":[{"name":"wp","href":"https:\/\/api.w.org\/{rel}","templated":true}]}}