{"id":34208,"date":"2022-09-15T14:36:27","date_gmt":"2022-09-15T17:36:27","guid":{"rendered":"https:\/\/jornalfatosenoticias.com.br\/?p=34208"},"modified":"2022-09-15T14:48:49","modified_gmt":"2022-09-15T17:48:49","slug":"a-reeleicao-da-direita-conservadora","status":"publish","type":"post","link":"https:\/\/jornalfatosenoticias.com.br\/index.php\/2022\/09\/15\/a-reeleicao-da-direita-conservadora\/","title":{"rendered":"A reelei\u00e7\u00e3o da Direita Conservadora"},"content":{"rendered":"\n<div class=\"wp-block-image\"><figure class=\"aligncenter size-large\"><img decoding=\"async\" src=\"https:\/\/jornalfatosenoticias.com.br\/wp-content\/uploads\/2020\/02\/nova-logo-zucchi-1024x110.jpeg\" alt=\"\" class=\"wp-image-33846\"\/><\/figure><\/div>\n\n\n\n<p>Pode parecer campanha ou coisa parecida, entenda como quiser, mas, quando vimos a popula\u00e7\u00e3o nas ruas, clamando com acenos por onde o candidato \u00e0 presid\u00eancia Jair Bolsonaro passa, podemos sentir al\u00e9m da alegria, da seguran\u00e7a e da confian\u00e7a, tamb\u00e9m uma certa apreens\u00e3o nessa mesma atmosfera, um mix de al\u00edvio e preocupa\u00e7\u00e3o ao mesmo tempo.<\/p>\n\n\n\n<div class=\"wp-block-image\"><figure class=\"aligncenter size-large\"><img decoding=\"async\" src=\"https:\/\/jornalfatosenoticias.com.br\/wp-content\/uploads\/2020\/02\/logo-embacia-1-1024x110.jpg\" alt=\"\" class=\"wp-image-33954\"\/><\/figure><\/div>\n\n\n\n<p>Al\u00edvio, por ter tido em 2018, a m\u00e3o de Deus, quando elegemos Bolsonaro, presidente que nos quatro anos de seu governo, juntamente com sua equipe t\u00e9cnica, muito importante dizer, vem fazendo bonito no Brasil com medidas nunca vistas antes como redu\u00e7\u00e3o de impostos e de combate \u00e0 corrup\u00e7\u00e3o e, no \u00e2mbito internacional, colocando o Brasil em posi\u00e7\u00e3o de respeito, o que n\u00e3o aconteceu em governos anteriores.<\/p>\n\n\n\n<div class=\"wp-block-image\"><figure class=\"aligncenter size-large\"><img loading=\"lazy\" decoding=\"async\" width=\"1024\" height=\"100\" src=\"https:\/\/jornalfatosenoticias.com.br\/wp-content\/uploads\/2022\/05\/NOVA-LOGO-CESCONETTO-1024x100.jpg\" alt=\"\" class=\"wp-image-30792\" srcset=\"https:\/\/jornalfatosenoticias.com.br\/wp-content\/uploads\/2022\/05\/NOVA-LOGO-CESCONETTO-1024x100.jpg 1024w, https:\/\/jornalfatosenoticias.com.br\/wp-content\/uploads\/2022\/05\/NOVA-LOGO-CESCONETTO-300x29.jpg 300w, https:\/\/jornalfatosenoticias.com.br\/wp-content\/uploads\/2022\/05\/NOVA-LOGO-CESCONETTO-768x75.jpg 768w, https:\/\/jornalfatosenoticias.com.br\/wp-content\/uploads\/2022\/05\/NOVA-LOGO-CESCONETTO.jpg 1280w\" sizes=\"auto, (max-width: 1024px) 100vw, 1024px\" \/><\/figure><\/div>\n\n\n\n<p>A preocupa\u00e7\u00e3o atual, acredito ser por uma poss\u00edvel e eventual fraude nas elei\u00e7\u00f5es, pensada, estrategicamente, para a volta da esquerda ao poder. Uma esquerda que esteve \u00e0 frente do Pa\u00eds por quatorze anos, com o Partido dos Trabalhadores prometendo, enganando, endividando e empobrecendo o Pa\u00eds com as roubalheiras e desvios do lar\u00e1pio-mor, Lula da Silva e seus comparsas, espalhados pelos diversos escal\u00f5es dos Entes Federativos.<\/p>\n\n\n\n<div class=\"wp-block-image\"><figure class=\"aligncenter size-large is-resized\"><img loading=\"lazy\" decoding=\"async\" src=\"https:\/\/jornalfatosenoticias.com.br\/wp-content\/uploads\/2020\/02\/nova-logo-Marquetti.jpg\" alt=\"\" class=\"wp-image-22331\" width=\"340\" height=\"228\" srcset=\"https:\/\/jornalfatosenoticias.com.br\/wp-content\/uploads\/2020\/02\/nova-logo-Marquetti.jpg 643w, https:\/\/jornalfatosenoticias.com.br\/wp-content\/uploads\/2020\/02\/nova-logo-Marquetti-300x202.jpg 300w\" sizes=\"auto, (max-width: 340px) 100vw, 340px\" \/><\/figure><\/div>\n\n\n\n<figure class=\"wp-block-image size-large\"><img loading=\"lazy\" decoding=\"async\" width=\"1000\" height=\"709\" src=\"https:\/\/jornalfatosenoticias.com.br\/wp-content\/uploads\/2022\/09\/7deSetembro-489.jpg\" alt=\"\" class=\"wp-image-34209\" srcset=\"https:\/\/jornalfatosenoticias.com.br\/wp-content\/uploads\/2022\/09\/7deSetembro-489.jpg 1000w, https:\/\/jornalfatosenoticias.com.br\/wp-content\/uploads\/2022\/09\/7deSetembro-489-300x213.jpg 300w, https:\/\/jornalfatosenoticias.com.br\/wp-content\/uploads\/2022\/09\/7deSetembro-489-768x545.jpg 768w\" sizes=\"auto, (max-width: 1000px) 100vw, 1000px\" \/><figcaption><em><span class=\"has-inline-color has-black-color\">Bolsonaro saiu mais fortalecido do 7 de Setembro, por isso a proibi\u00e7\u00e3o de uso de imagens do evento (Foto: Jovem Pan)<\/span><\/em><\/figcaption><\/figure>\n\n\n\n<div class=\"wp-block-image\"><figure class=\"aligncenter size-large is-resized\"><img loading=\"lazy\" decoding=\"async\" src=\"https:\/\/jornalfatosenoticias.com.br\/wp-content\/uploads\/2022\/08\/logo-locau-veiculos-1024x573.png\" alt=\"\" class=\"wp-image-33078\" width=\"330\" height=\"184\"\/><\/figure><\/div>\n\n\n\n<p>Quanto ao processo eleitoral, sabemos que o sistema de apura\u00e7\u00e3o s\u00f3 \u00e9 visto como confi\u00e1vel pelos ministros do Supremo Tribunal Superior (STF) e do seu puxadinho, o Tribunal Superior Eleitoral (TSE). O que n\u00e3o \u00e9 garantia de coisa boa, pois, al\u00e9m de obsoleto e desatualizado, esse sistema s\u00f3 \u00e9 usado aqui no Brasil, em Bangladesh e no But\u00e3o, e isso, com toda raz\u00e3o, gera-nos total desconfian\u00e7a.<\/p>\n\n\n\n<div class=\"wp-block-image\"><figure class=\"aligncenter size-large\"><img loading=\"lazy\" decoding=\"async\" width=\"1024\" height=\"99\" src=\"https:\/\/jornalfatosenoticias.com.br\/wp-content\/uploads\/2020\/02\/Logo-Mizu-segunda-2-1024x99.png\" alt=\"\" class=\"wp-image-2353\" srcset=\"https:\/\/jornalfatosenoticias.com.br\/wp-content\/uploads\/2020\/02\/Logo-Mizu-segunda-2-1024x99.png 1024w, https:\/\/jornalfatosenoticias.com.br\/wp-content\/uploads\/2020\/02\/Logo-Mizu-segunda-2-300x29.png 300w, https:\/\/jornalfatosenoticias.com.br\/wp-content\/uploads\/2020\/02\/Logo-Mizu-segunda-2-768x74.png 768w, https:\/\/jornalfatosenoticias.com.br\/wp-content\/uploads\/2020\/02\/Logo-Mizu-segunda-2.png 1240w\" sizes=\"auto, (max-width: 1024px) 100vw, 1024px\" \/><\/figure><\/div>\n\n\n\n<p>Talvez, se o processo de apura\u00e7\u00e3o fosse audit\u00e1vel, n\u00e3o estar\u00edamos vivendo esse not\u00f3rio desgaste pol\u00edtico provocado pelo Poder Judici\u00e1rio. Lembrando que o processo \u00e9 t\u00e3o obsoleto que, mesmo que o Projeto do Voto Audit\u00e1vel fosse aprovado, n\u00e3o seria poss\u00edvel, uma vez que a avalia\u00e7\u00e3o da Pol\u00edcia Federal \u2014 a pedido do pr\u00f3prio TSE \u2014 em seu parecer, alegou que o formato n\u00e3o possibilitaria auditar os votos com o software utilizado.<\/p>\n\n\n\n<div class=\"wp-block-image\"><figure class=\"aligncenter size-large is-resized\"><img loading=\"lazy\" decoding=\"async\" src=\"https:\/\/jornalfatosenoticias.com.br\/wp-content\/uploads\/2022\/07\/Logo-Grupo-SEI.jpg\" alt=\"\" class=\"wp-image-31973\" width=\"415\" height=\"218\" srcset=\"https:\/\/jornalfatosenoticias.com.br\/wp-content\/uploads\/2022\/07\/Logo-Grupo-SEI.jpg 713w, https:\/\/jornalfatosenoticias.com.br\/wp-content\/uploads\/2022\/07\/Logo-Grupo-SEI-300x158.jpg 300w\" sizes=\"auto, (max-width: 415px) 100vw, 415px\" \/><\/figure><\/div>\n\n\n\n<figure class=\"wp-block-image size-large\"><img loading=\"lazy\" decoding=\"async\" width=\"1000\" height=\"666\" src=\"https:\/\/jornalfatosenoticias.com.br\/wp-content\/uploads\/2022\/09\/Bolsonaro-C.jpg\" alt=\"\" class=\"wp-image-34210\" srcset=\"https:\/\/jornalfatosenoticias.com.br\/wp-content\/uploads\/2022\/09\/Bolsonaro-C.jpg 1000w, https:\/\/jornalfatosenoticias.com.br\/wp-content\/uploads\/2022\/09\/Bolsonaro-C-300x200.jpg 300w, https:\/\/jornalfatosenoticias.com.br\/wp-content\/uploads\/2022\/09\/Bolsonaro-C-768x511.jpg 768w\" sizes=\"auto, (max-width: 1000px) 100vw, 1000px\" \/><figcaption><em><span class=\"has-inline-color has-black-color\">O presidente, candidato \u00e0 reelei\u00e7\u00e3o, atrai multid\u00f5es por onde passa (Foto: Jovem Pan)<\/span><\/em><\/figcaption><\/figure>\n\n\n\n<div class=\"wp-block-image\"><figure class=\"aligncenter size-large is-resized\"><img loading=\"lazy\" decoding=\"async\" src=\"https:\/\/jornalfatosenoticias.com.br\/wp-content\/uploads\/2020\/02\/Serra-Grande-1024x160.png\" alt=\"\" class=\"wp-image-7836\" width=\"516\" height=\"80\"\/><\/figure><\/div>\n\n\n\n<p>Mas afinal, podemos ou n\u00e3o acreditar nas urnas, no sistema? Claro que n\u00e3o, e a pr\u00f3pria justi\u00e7a fomentou ainda mais o descr\u00e9dito do eleitor, quando optou pelo ativismo pol\u00edtico partid\u00e1rio em apoio \u00e0 esquerda, buscando \u2014 de toda maneira \u2014 a impugna\u00e7\u00e3o da chapa de Bolsonaro, o grande favorito, visando facilitar a recondu\u00e7\u00e3o do ex-presidi\u00e1rio ao Pal\u00e1cio do Planalto, o que n\u00e3o vai acontecer.<\/p>\n\n\n\n<div class=\"wp-block-image\"><figure class=\"aligncenter size-large\"><img loading=\"lazy\" decoding=\"async\" width=\"1024\" height=\"100\" src=\"https:\/\/jornalfatosenoticias.com.br\/wp-content\/uploads\/2020\/02\/banner_ferramentas-1024x100.jpg\" alt=\"\" class=\"wp-image-1258\" srcset=\"https:\/\/jornalfatosenoticias.com.br\/wp-content\/uploads\/2020\/02\/banner_ferramentas-1024x100.jpg 1024w, https:\/\/jornalfatosenoticias.com.br\/wp-content\/uploads\/2020\/02\/banner_ferramentas-300x29.jpg 300w, https:\/\/jornalfatosenoticias.com.br\/wp-content\/uploads\/2020\/02\/banner_ferramentas-768x75.jpg 768w, https:\/\/jornalfatosenoticias.com.br\/wp-content\/uploads\/2020\/02\/banner_ferramentas.jpg 1227w\" sizes=\"auto, (max-width: 1024px) 100vw, 1024px\" \/><\/figure><\/div>\n\n\n\n<p>A verdade nua e crua \u00e9 a seguinte: as ervas daninhas, tanto no Senado como na C\u00e2mara dos Deputados e at\u00e9 mesmo no Poder Judici\u00e1rio, exuberantemente, antes do atual governo, cresciam com os cuidados dos agricultores engravatados, da estirpe de Renan Calheiros, campe\u00e3o de processos no STF, fam\u00edlia Sarney, Randolfe Rodrigues, e tantos outros que infestaram o solo do Pa\u00eds com um sistema corrupto contaminante, mas que, agora, est\u00e3o sendo purgados por um produto chamado Bolsonaro, e isso vem incomodando parlamentares e magistrados.<\/p>\n\n\n\n<div class=\"wp-block-image\"><figure class=\"alignleft size-large is-resized\"><img loading=\"lazy\" decoding=\"async\" src=\"https:\/\/jornalfatosenoticias.com.br\/wp-content\/uploads\/2022\/02\/Precisao-Contabilidade-1024x724.jpg\" alt=\"\" class=\"wp-image-28088\" width=\"294\" height=\"207\"\/><\/figure><\/div>\n\n\n\n<p>Para finalizar, mais uma vez, bato na tecla da reelei\u00e7\u00e3o do presidente Jair Messias Bolsonaro, no primeir\u00edssimo turno. Se duvida, olhe atentamente para a pesquisa verdadeiramente confi\u00e1vel, o <em>\u201cDataPovo\u201d,<\/em> que tem mostrado dia ap\u00f3s dia a realidade pujante de um candidato que tem total liberdade de sair \u00e0s ruas e que nas pesquisas \u2018oficiais\u2019 perde em todos os comparativos e o candidato praticamente \u2018eleito\u2019 pelas fake pesquisas, que n\u00e3o consegue agregar meia d\u00fazia de apoiadores em seus eventos.<\/p>\n\n\n\n<div class=\"wp-block-image\"><figure class=\"aligncenter size-large\"><img loading=\"lazy\" decoding=\"async\" width=\"1024\" height=\"103\" src=\"https:\/\/jornalfatosenoticias.com.br\/wp-content\/uploads\/2022\/02\/Arte-Autoescola-Galatas_endereco_portal-1024x103.png\" alt=\"\" class=\"wp-image-27869\" srcset=\"https:\/\/jornalfatosenoticias.com.br\/wp-content\/uploads\/2022\/02\/Arte-Autoescola-Galatas_endereco_portal-1024x103.png 1024w, https:\/\/jornalfatosenoticias.com.br\/wp-content\/uploads\/2022\/02\/Arte-Autoescola-Galatas_endereco_portal-300x30.png 300w, https:\/\/jornalfatosenoticias.com.br\/wp-content\/uploads\/2022\/02\/Arte-Autoescola-Galatas_endereco_portal-768x77.png 768w, https:\/\/jornalfatosenoticias.com.br\/wp-content\/uploads\/2022\/02\/Arte-Autoescola-Galatas_endereco_portal.png 1223w\" sizes=\"auto, (max-width: 1024px) 100vw, 1024px\" \/><\/figure><\/div>\n\n\n\n<p>Os discursos mentirosos permeiam a grande m\u00eddia, que tem prestado o papel de agente desinformador, fugindo dos preceitos b\u00e1sicos que regem a profiss\u00e3o honrosa do jornalismo. Por isso, \u00e9 preciso enxergar al\u00e9m da casinha e pesar muito bem os pr\u00f3s e os contras dos discursos que querem implantar a mentira como verdade nas nossas mentes. At\u00e9 a pr\u00f3xima!<\/p>\n\n\n\n<div class=\"wp-block-image\"><figure class=\"aligncenter size-large\"><img decoding=\"async\" src=\"https:\/\/jornalfatosenoticias.com.br\/wp-content\/uploads\/2020\/02\/logo_esteio.jpg\" alt=\"\" class=\"wp-image-1214\"\/><\/figure><\/div>\n\n\n\n<p><\/p>\n","protected":false},"excerpt":{"rendered":"<p>Pode parecer campanha ou coisa parecida, entenda como quiser, mas, quando vimos a popula\u00e7\u00e3o nas ruas, clamando com acenos por onde o candidato \u00e0 presid\u00eancia Jair Bolsonaro passa, podemos sentir al\u00e9m da alegria, da seguran\u00e7a e da confian\u00e7a, tamb\u00e9m uma certa apreens\u00e3o nessa mesma atmosfera, um mix de al\u00edvio e preocupa\u00e7\u00e3o ao mesmo tempo. Al\u00edvio, [&hellip;]<\/p>\n","protected":false},"author":3,"featured_media":34211,"comment_status":"open","ping_status":"open","sticky":false,"template":"","format":"standard","meta":{"footnotes":""},"categories":[10],"tags":[10150,16065,13311,6026,1514],"class_list":["post-34208","post","type-post","status-publish","format-standard","has-post-thumbnail","hentry","category-politica","tag-eleicoes-2022","tag-fraude-eleitoral","tag-presidente-jair-bolsonaro","tag-reeleicao","tag-tse"],"yoast_head":"<!-- This site is optimized with the Yoast SEO plugin v26.5 - https:\/\/yoast.com\/wordpress\/plugins\/seo\/ -->\n<title>A reelei\u00e7\u00e3o da Direita Conservadora - Jornal Fatos e Not\u00edcias<\/title>\n<meta name=\"robots\" content=\"index, follow, max-snippet:-1, max-image-preview:large, max-video-preview:-1\" \/>\n<link rel=\"canonical\" href=\"https:\/\/jornalfatosenoticias.com.br\/index.php\/2022\/09\/15\/a-reeleicao-da-direita-conservadora\/\" \/>\n<meta property=\"og:locale\" content=\"pt_BR\" \/>\n<meta property=\"og:type\" content=\"article\" \/>\n<meta property=\"og:title\" content=\"A reelei\u00e7\u00e3o da Direita Conservadora - Jornal Fatos e Not\u00edcias\" \/>\n<meta property=\"og:description\" content=\"Pode parecer campanha ou coisa parecida, entenda como quiser, mas, quando vimos a popula\u00e7\u00e3o nas ruas, clamando com acenos por onde o candidato \u00e0 presid\u00eancia Jair Bolsonaro passa, podemos sentir al\u00e9m da alegria, da seguran\u00e7a e da confian\u00e7a, tamb\u00e9m uma certa apreens\u00e3o nessa mesma atmosfera, um mix de al\u00edvio e preocupa\u00e7\u00e3o ao mesmo tempo. Al\u00edvio, [&hellip;]\" \/>\n<meta property=\"og:url\" content=\"https:\/\/jornalfatosenoticias.com.br\/index.php\/2022\/09\/15\/a-reeleicao-da-direita-conservadora\/\" \/>\n<meta property=\"og:site_name\" content=\"Jornal Fatos e Not\u00edcias\" \/>\n<meta property=\"article:published_time\" content=\"2022-09-15T17:36:27+00:00\" \/>\n<meta property=\"article:modified_time\" content=\"2022-09-15T17:48:49+00:00\" \/>\n<meta property=\"og:image\" content=\"https:\/\/jornalfatosenoticias.com.br\/wp-content\/uploads\/2022\/09\/Bolsonaro-D.jpg\" \/>\n\t<meta property=\"og:image:width\" content=\"1000\" \/>\n\t<meta property=\"og:image:height\" content=\"593\" \/>\n\t<meta property=\"og:image:type\" content=\"image\/jpeg\" \/>\n<meta name=\"author\" content=\"Haroldo Filho\" \/>\n<meta name=\"twitter:card\" content=\"summary_large_image\" \/>\n<meta name=\"twitter:label1\" content=\"Escrito por\" \/>\n\t<meta name=\"twitter:data1\" content=\"Haroldo Filho\" \/>\n\t<meta name=\"twitter:label2\" content=\"Est. tempo de leitura\" \/>\n\t<meta name=\"twitter:data2\" content=\"3 minutos\" \/>\n<script type=\"application\/ld+json\" class=\"yoast-schema-graph\">{\"@context\":\"https:\/\/schema.org\",\"@graph\":[{\"@type\":\"Article\",\"@id\":\"https:\/\/jornalfatosenoticias.com.br\/index.php\/2022\/09\/15\/a-reeleicao-da-direita-conservadora\/#article\",\"isPartOf\":{\"@id\":\"https:\/\/jornalfatosenoticias.com.br\/index.php\/2022\/09\/15\/a-reeleicao-da-direita-conservadora\/\"},\"author\":{\"name\":\"Haroldo Filho\",\"@id\":\"https:\/\/jornalfatosenoticias.com.br\/#\/schema\/person\/05c46cc25b42a5c27e004fb0fa6b4965\"},\"headline\":\"A reelei\u00e7\u00e3o da Direita Conservadora\",\"datePublished\":\"2022-09-15T17:36:27+00:00\",\"dateModified\":\"2022-09-15T17:48:49+00:00\",\"mainEntityOfPage\":{\"@id\":\"https:\/\/jornalfatosenoticias.com.br\/index.php\/2022\/09\/15\/a-reeleicao-da-direita-conservadora\/\"},\"wordCount\":705,\"commentCount\":0,\"publisher\":{\"@id\":\"https:\/\/jornalfatosenoticias.com.br\/#organization\"},\"image\":{\"@id\":\"https:\/\/jornalfatosenoticias.com.br\/index.php\/2022\/09\/15\/a-reeleicao-da-direita-conservadora\/#primaryimage\"},\"thumbnailUrl\":\"https:\/\/jornalfatosenoticias.com.br\/wp-content\/uploads\/2022\/09\/Bolsonaro-D.jpg\",\"keywords\":[\"elei\u00e7\u00f5es 2022\",\"fraude eleitoral\",\"presidente Jair Bolsonaro\",\"reelei\u00e7\u00e3o\",\"TSE\"],\"articleSection\":[\"Pol\u00edtica\"],\"inLanguage\":\"pt-BR\",\"potentialAction\":[{\"@type\":\"CommentAction\",\"name\":\"Comment\",\"target\":[\"https:\/\/jornalfatosenoticias.com.br\/index.php\/2022\/09\/15\/a-reeleicao-da-direita-conservadora\/#respond\"]}]},{\"@type\":\"WebPage\",\"@id\":\"https:\/\/jornalfatosenoticias.com.br\/index.php\/2022\/09\/15\/a-reeleicao-da-direita-conservadora\/\",\"url\":\"https:\/\/jornalfatosenoticias.com.br\/index.php\/2022\/09\/15\/a-reeleicao-da-direita-conservadora\/\",\"name\":\"A reelei\u00e7\u00e3o da Direita Conservadora - Jornal Fatos e Not\u00edcias\",\"isPartOf\":{\"@id\":\"https:\/\/jornalfatosenoticias.com.br\/#website\"},\"primaryImageOfPage\":{\"@id\":\"https:\/\/jornalfatosenoticias.com.br\/index.php\/2022\/09\/15\/a-reeleicao-da-direita-conservadora\/#primaryimage\"},\"image\":{\"@id\":\"https:\/\/jornalfatosenoticias.com.br\/index.php\/2022\/09\/15\/a-reeleicao-da-direita-conservadora\/#primaryimage\"},\"thumbnailUrl\":\"https:\/\/jornalfatosenoticias.com.br\/wp-content\/uploads\/2022\/09\/Bolsonaro-D.jpg\",\"datePublished\":\"2022-09-15T17:36:27+00:00\",\"dateModified\":\"2022-09-15T17:48:49+00:00\",\"breadcrumb\":{\"@id\":\"https:\/\/jornalfatosenoticias.com.br\/index.php\/2022\/09\/15\/a-reeleicao-da-direita-conservadora\/#breadcrumb\"},\"inLanguage\":\"pt-BR\",\"potentialAction\":[{\"@type\":\"ReadAction\",\"target\":[\"https:\/\/jornalfatosenoticias.com.br\/index.php\/2022\/09\/15\/a-reeleicao-da-direita-conservadora\/\"]}]},{\"@type\":\"ImageObject\",\"inLanguage\":\"pt-BR\",\"@id\":\"https:\/\/jornalfatosenoticias.com.br\/index.php\/2022\/09\/15\/a-reeleicao-da-direita-conservadora\/#primaryimage\",\"url\":\"https:\/\/jornalfatosenoticias.com.br\/wp-content\/uploads\/2022\/09\/Bolsonaro-D.jpg\",\"contentUrl\":\"https:\/\/jornalfatosenoticias.com.br\/wp-content\/uploads\/2022\/09\/Bolsonaro-D.jpg\",\"width\":1000,\"height\":593},{\"@type\":\"BreadcrumbList\",\"@id\":\"https:\/\/jornalfatosenoticias.com.br\/index.php\/2022\/09\/15\/a-reeleicao-da-direita-conservadora\/#breadcrumb\",\"itemListElement\":[{\"@type\":\"ListItem\",\"position\":1,\"name\":\"In\u00edcio\",\"item\":\"https:\/\/jornalfatosenoticias.com.br\/\"},{\"@type\":\"ListItem\",\"position\":2,\"name\":\"A reelei\u00e7\u00e3o da Direita Conservadora\"}]},{\"@type\":\"WebSite\",\"@id\":\"https:\/\/jornalfatosenoticias.com.br\/#website\",\"url\":\"https:\/\/jornalfatosenoticias.com.br\/\",\"name\":\"Jornal Fatos e Not\u00edcias\",\"description\":\"Not\u00edcias em geral\",\"publisher\":{\"@id\":\"https:\/\/jornalfatosenoticias.com.br\/#organization\"},\"potentialAction\":[{\"@type\":\"SearchAction\",\"target\":{\"@type\":\"EntryPoint\",\"urlTemplate\":\"https:\/\/jornalfatosenoticias.com.br\/?s={search_term_string}\"},\"query-input\":{\"@type\":\"PropertyValueSpecification\",\"valueRequired\":true,\"valueName\":\"search_term_string\"}}],\"inLanguage\":\"pt-BR\"},{\"@type\":\"Organization\",\"@id\":\"https:\/\/jornalfatosenoticias.com.br\/#organization\",\"name\":\"Jornal Fatos e Not\u00edcias\",\"url\":\"https:\/\/jornalfatosenoticias.com.br\/\",\"logo\":{\"@type\":\"ImageObject\",\"inLanguage\":\"pt-BR\",\"@id\":\"https:\/\/jornalfatosenoticias.com.br\/#\/schema\/logo\/image\/\",\"url\":\"https:\/\/jornalfatosenoticias.com.br\/wp-content\/uploads\/2020\/02\/logo120.png\",\"contentUrl\":\"https:\/\/jornalfatosenoticias.com.br\/wp-content\/uploads\/2020\/02\/logo120.png\",\"width\":1227,\"height\":120,\"caption\":\"Jornal Fatos e Not\u00edcias\"},\"image\":{\"@id\":\"https:\/\/jornalfatosenoticias.com.br\/#\/schema\/logo\/image\/\"}},{\"@type\":\"Person\",\"@id\":\"https:\/\/jornalfatosenoticias.com.br\/#\/schema\/person\/05c46cc25b42a5c27e004fb0fa6b4965\",\"name\":\"Haroldo Filho\",\"image\":{\"@type\":\"ImageObject\",\"inLanguage\":\"pt-BR\",\"@id\":\"https:\/\/jornalfatosenoticias.com.br\/#\/schema\/person\/image\/\",\"url\":\"https:\/\/jornalfatosenoticias.com.br\/wp-content\/uploads\/2025\/08\/WhatsApp-Image-2025-08-18-at-15.30.28-150x150.jpeg\",\"contentUrl\":\"https:\/\/jornalfatosenoticias.com.br\/wp-content\/uploads\/2025\/08\/WhatsApp-Image-2025-08-18-at-15.30.28-150x150.jpeg\",\"caption\":\"Haroldo Filho\"},\"description\":\"Jornalista \u2013 DRT: 0003818\/ES Coordenador-geral da ONG Educar para Crescer\",\"url\":\"https:\/\/jornalfatosenoticias.com.br\/index.php\/author\/haroldo\/\"}]}<\/script>\n<!-- \/ Yoast SEO plugin. -->","yoast_head_json":{"title":"A reelei\u00e7\u00e3o da Direita Conservadora - Jornal Fatos e Not\u00edcias","robots":{"index":"index","follow":"follow","max-snippet":"max-snippet:-1","max-image-preview":"max-image-preview:large","max-video-preview":"max-video-preview:-1"},"canonical":"https:\/\/jornalfatosenoticias.com.br\/index.php\/2022\/09\/15\/a-reeleicao-da-direita-conservadora\/","og_locale":"pt_BR","og_type":"article","og_title":"A reelei\u00e7\u00e3o da Direita Conservadora - Jornal Fatos e Not\u00edcias","og_description":"Pode parecer campanha ou coisa parecida, entenda como quiser, mas, quando vimos a popula\u00e7\u00e3o nas ruas, clamando com acenos por onde o candidato \u00e0 presid\u00eancia Jair Bolsonaro passa, podemos sentir al\u00e9m da alegria, da seguran\u00e7a e da confian\u00e7a, tamb\u00e9m uma certa apreens\u00e3o nessa mesma atmosfera, um mix de al\u00edvio e preocupa\u00e7\u00e3o ao mesmo tempo. Al\u00edvio, [&hellip;]","og_url":"https:\/\/jornalfatosenoticias.com.br\/index.php\/2022\/09\/15\/a-reeleicao-da-direita-conservadora\/","og_site_name":"Jornal Fatos e Not\u00edcias","article_published_time":"2022-09-15T17:36:27+00:00","article_modified_time":"2022-09-15T17:48:49+00:00","og_image":[{"width":1000,"height":593,"url":"https:\/\/jornalfatosenoticias.com.br\/wp-content\/uploads\/2022\/09\/Bolsonaro-D.jpg","type":"image\/jpeg"}],"author":"Haroldo Filho","twitter_card":"summary_large_image","twitter_misc":{"Escrito por":"Haroldo Filho","Est. tempo de leitura":"3 minutos"},"schema":{"@context":"https:\/\/schema.org","@graph":[{"@type":"Article","@id":"https:\/\/jornalfatosenoticias.com.br\/index.php\/2022\/09\/15\/a-reeleicao-da-direita-conservadora\/#article","isPartOf":{"@id":"https:\/\/jornalfatosenoticias.com.br\/index.php\/2022\/09\/15\/a-reeleicao-da-direita-conservadora\/"},"author":{"name":"Haroldo Filho","@id":"https:\/\/jornalfatosenoticias.com.br\/#\/schema\/person\/05c46cc25b42a5c27e004fb0fa6b4965"},"headline":"A reelei\u00e7\u00e3o da Direita Conservadora","datePublished":"2022-09-15T17:36:27+00:00","dateModified":"2022-09-15T17:48:49+00:00","mainEntityOfPage":{"@id":"https:\/\/jornalfatosenoticias.com.br\/index.php\/2022\/09\/15\/a-reeleicao-da-direita-conservadora\/"},"wordCount":705,"commentCount":0,"publisher":{"@id":"https:\/\/jornalfatosenoticias.com.br\/#organization"},"image":{"@id":"https:\/\/jornalfatosenoticias.com.br\/index.php\/2022\/09\/15\/a-reeleicao-da-direita-conservadora\/#primaryimage"},"thumbnailUrl":"https:\/\/jornalfatosenoticias.com.br\/wp-content\/uploads\/2022\/09\/Bolsonaro-D.jpg","keywords":["elei\u00e7\u00f5es 2022","fraude eleitoral","presidente Jair Bolsonaro","reelei\u00e7\u00e3o","TSE"],"articleSection":["Pol\u00edtica"],"inLanguage":"pt-BR","potentialAction":[{"@type":"CommentAction","name":"Comment","target":["https:\/\/jornalfatosenoticias.com.br\/index.php\/2022\/09\/15\/a-reeleicao-da-direita-conservadora\/#respond"]}]},{"@type":"WebPage","@id":"https:\/\/jornalfatosenoticias.com.br\/index.php\/2022\/09\/15\/a-reeleicao-da-direita-conservadora\/","url":"https:\/\/jornalfatosenoticias.com.br\/index.php\/2022\/09\/15\/a-reeleicao-da-direita-conservadora\/","name":"A reelei\u00e7\u00e3o da Direita Conservadora - Jornal Fatos e Not\u00edcias","isPartOf":{"@id":"https:\/\/jornalfatosenoticias.com.br\/#website"},"primaryImageOfPage":{"@id":"https:\/\/jornalfatosenoticias.com.br\/index.php\/2022\/09\/15\/a-reeleicao-da-direita-conservadora\/#primaryimage"},"image":{"@id":"https:\/\/jornalfatosenoticias.com.br\/index.php\/2022\/09\/15\/a-reeleicao-da-direita-conservadora\/#primaryimage"},"thumbnailUrl":"https:\/\/jornalfatosenoticias.com.br\/wp-content\/uploads\/2022\/09\/Bolsonaro-D.jpg","datePublished":"2022-09-15T17:36:27+00:00","dateModified":"2022-09-15T17:48:49+00:00","breadcrumb":{"@id":"https:\/\/jornalfatosenoticias.com.br\/index.php\/2022\/09\/15\/a-reeleicao-da-direita-conservadora\/#breadcrumb"},"inLanguage":"pt-BR","potentialAction":[{"@type":"ReadAction","target":["https:\/\/jornalfatosenoticias.com.br\/index.php\/2022\/09\/15\/a-reeleicao-da-direita-conservadora\/"]}]},{"@type":"ImageObject","inLanguage":"pt-BR","@id":"https:\/\/jornalfatosenoticias.com.br\/index.php\/2022\/09\/15\/a-reeleicao-da-direita-conservadora\/#primaryimage","url":"https:\/\/jornalfatosenoticias.com.br\/wp-content\/uploads\/2022\/09\/Bolsonaro-D.jpg","contentUrl":"https:\/\/jornalfatosenoticias.com.br\/wp-content\/uploads\/2022\/09\/Bolsonaro-D.jpg","width":1000,"height":593},{"@type":"BreadcrumbList","@id":"https:\/\/jornalfatosenoticias.com.br\/index.php\/2022\/09\/15\/a-reeleicao-da-direita-conservadora\/#breadcrumb","itemListElement":[{"@type":"ListItem","position":1,"name":"In\u00edcio","item":"https:\/\/jornalfatosenoticias.com.br\/"},{"@type":"ListItem","position":2,"name":"A reelei\u00e7\u00e3o da Direita Conservadora"}]},{"@type":"WebSite","@id":"https:\/\/jornalfatosenoticias.com.br\/#website","url":"https:\/\/jornalfatosenoticias.com.br\/","name":"Jornal Fatos e Not\u00edcias","description":"Not\u00edcias em geral","publisher":{"@id":"https:\/\/jornalfatosenoticias.com.br\/#organization"},"potentialAction":[{"@type":"SearchAction","target":{"@type":"EntryPoint","urlTemplate":"https:\/\/jornalfatosenoticias.com.br\/?s={search_term_string}"},"query-input":{"@type":"PropertyValueSpecification","valueRequired":true,"valueName":"search_term_string"}}],"inLanguage":"pt-BR"},{"@type":"Organization","@id":"https:\/\/jornalfatosenoticias.com.br\/#organization","name":"Jornal Fatos e Not\u00edcias","url":"https:\/\/jornalfatosenoticias.com.br\/","logo":{"@type":"ImageObject","inLanguage":"pt-BR","@id":"https:\/\/jornalfatosenoticias.com.br\/#\/schema\/logo\/image\/","url":"https:\/\/jornalfatosenoticias.com.br\/wp-content\/uploads\/2020\/02\/logo120.png","contentUrl":"https:\/\/jornalfatosenoticias.com.br\/wp-content\/uploads\/2020\/02\/logo120.png","width":1227,"height":120,"caption":"Jornal Fatos e Not\u00edcias"},"image":{"@id":"https:\/\/jornalfatosenoticias.com.br\/#\/schema\/logo\/image\/"}},{"@type":"Person","@id":"https:\/\/jornalfatosenoticias.com.br\/#\/schema\/person\/05c46cc25b42a5c27e004fb0fa6b4965","name":"Haroldo Filho","image":{"@type":"ImageObject","inLanguage":"pt-BR","@id":"https:\/\/jornalfatosenoticias.com.br\/#\/schema\/person\/image\/","url":"https:\/\/jornalfatosenoticias.com.br\/wp-content\/uploads\/2025\/08\/WhatsApp-Image-2025-08-18-at-15.30.28-150x150.jpeg","contentUrl":"https:\/\/jornalfatosenoticias.com.br\/wp-content\/uploads\/2025\/08\/WhatsApp-Image-2025-08-18-at-15.30.28-150x150.jpeg","caption":"Haroldo Filho"},"description":"Jornalista \u2013 DRT: 0003818\/ES Coordenador-geral da ONG Educar para Crescer","url":"https:\/\/jornalfatosenoticias.com.br\/index.php\/author\/haroldo\/"}]}},"cc_featured_image_caption":{"caption_text":"7 de Setembro (Foto: Jovem Pan)","source_text":"","source_url":""},"jetpack_featured_media_url":"https:\/\/jornalfatosenoticias.com.br\/wp-content\/uploads\/2022\/09\/Bolsonaro-D.jpg","_links":{"self":[{"href":"https:\/\/jornalfatosenoticias.com.br\/index.php\/wp-json\/wp\/v2\/posts\/34208","targetHints":{"allow":["GET"]}}],"collection":[{"href":"https:\/\/jornalfatosenoticias.com.br\/index.php\/wp-json\/wp\/v2\/posts"}],"about":[{"href":"https:\/\/jornalfatosenoticias.com.br\/index.php\/wp-json\/wp\/v2\/types\/post"}],"author":[{"embeddable":true,"href":"https:\/\/jornalfatosenoticias.com.br\/index.php\/wp-json\/wp\/v2\/users\/3"}],"replies":[{"embeddable":true,"href":"https:\/\/jornalfatosenoticias.com.br\/index.php\/wp-json\/wp\/v2\/comments?post=34208"}],"version-history":[{"count":0,"href":"https:\/\/jornalfatosenoticias.com.br\/index.php\/wp-json\/wp\/v2\/posts\/34208\/revisions"}],"wp:featuredmedia":[{"embeddable":true,"href":"https:\/\/jornalfatosenoticias.com.br\/index.php\/wp-json\/wp\/v2\/media\/34211"}],"wp:attachment":[{"href":"https:\/\/jornalfatosenoticias.com.br\/index.php\/wp-json\/wp\/v2\/media?parent=34208"}],"wp:term":[{"taxonomy":"category","embeddable":true,"href":"https:\/\/jornalfatosenoticias.com.br\/index.php\/wp-json\/wp\/v2\/categories?post=34208"},{"taxonomy":"post_tag","embeddable":true,"href":"https:\/\/jornalfatosenoticias.com.br\/index.php\/wp-json\/wp\/v2\/tags?post=34208"}],"curies":[{"name":"wp","href":"https:\/\/api.w.org\/{rel}","templated":true}]}}