{"id":3424,"date":"2020-04-20T17:53:11","date_gmt":"2020-04-20T20:53:11","guid":{"rendered":"https:\/\/jornalfatosenoticias.com.br\/?p=3424"},"modified":"2020-04-20T17:55:37","modified_gmt":"2020-04-20T20:55:37","slug":"governo-fala-sobre-acoes-de-combate-ao-coronavirus","status":"publish","type":"post","link":"https:\/\/jornalfatosenoticias.com.br\/index.php\/2020\/04\/20\/governo-fala-sobre-acoes-de-combate-ao-coronavirus\/","title":{"rendered":"Ao vivo \u2014 Governo fala sobre a\u00e7\u00f5es de combate ao coronav\u00edrus"},"content":{"rendered":"\n<h6 class=\"wp-block-heading\"><em>Representantes do governo est\u00e3o reunidos no Pal\u00e1cio do Planalto<\/em><\/h6>\n\n\n\n<p>Representantes do governo participam de coletiva de imprensa para falar sobre o enfrentamento ao novo coronav\u00edrus no Brasil.<br>Dados do Minist\u00e9rio da Sa\u00fade, divulgados no \u00faltimo domingo (19), mostram que mais de 38 mil pessoas foram infectadas pela covid-19 no Pa\u00eds. Cerca de 38% dos pacientes foram curados. A doen\u00e7a provocou 2.462 mortes.<br>De acordo com a ferramenta de Monitoramento dos Gastos da Uni\u00e3o, a soma dos gastos do governo federal no combate \u00e0 covid-19, at\u00e9 o momento, \u00e9 de R$ 50,78 bilh\u00f5es. O montante equivale a 22,3% dos R$ 226,79 bilh\u00f5es de cr\u00e9ditos extraordin\u00e1rios aprovados para o enfrentamento ao novo coronav\u00edrus.<\/p>\n\n\n\n<p><a rel=\"noreferrer noopener\" href=\"https:\/\/agenciabrasil.ebc.com.br\/economia\/noticia\/2020-04\/caixa-e-sebrae-oferecem-credito-ao-pequeno-empresario\" target=\"_blank\"><strong>Caixa e Sebrae oferecem cr\u00e9dito ao pequeno empres\u00e1rio<\/strong><\/a><\/p>\n\n\n\n<p>A Caixa Econ\u00f4mica Federal (Caixa) anunciou, hoje (20), um conv\u00eanio com o Sebrae para oferecer cr\u00e9dito a micro e pequenas empresas e microempreendedores individuais (MEI). A medida ser\u00e1 operacionalizada por meio do Fundo de Aval para as Micro e Pequenas Empresas (Fampe), do Sebrae, e que oferece as garantias complementares. De acordo com o presidente da Caixa, Pedro Guimar\u00e3es, a expectativa do banco \u00e9 disponibilizar o montante de R$ 7,5 bilh\u00f5es em cr\u00e9dito, valor que representa cerca de 1% da carteira do banco.<br>Ser\u00e3o disponibilizados at\u00e9 R$ 12,5 mil para os MEI, com car\u00eancia de nove meses e taxas de juros de 1,59% ao m\u00eas, com prazo de dois anos para o pagamento. J\u00e1 as micro empresas poder\u00e3o requerer linhas de at\u00e9 R$ 75 mil. Nesse caso, a car\u00eancia \u00e9 de 12 meses, com prazo de amortiza\u00e7\u00e3o em at\u00e9 30 meses, a taxas de 1,39%. As empresas de pequeno porte poder\u00e3o acessar at\u00e9 R$ 125 mil em cr\u00e9dito, tamb\u00e9m com car\u00eancia de 12 meses e prazo de pagamento de at\u00e9 36 meses a juros de 1,19%.<\/p>\n\n\n\n<h4 class=\"wp-block-heading\">Acompanhe ao vivo<\/h4>\n\n\n\n<figure class=\"wp-block-embed-facebook wp-block-embed is-type-video is-provider-facebook\"><div class=\"wp-block-embed__wrapper\">\nhttps:\/\/www.facebook.com\/agenciabrasil.ebc\/videos\/220737079363413\/\n<\/div><\/figure>\n\n\n\n<p><a rel=\"noreferrer noopener\" href=\"https:\/\/agenciabrasil.ebc.com.br\/economia\/noticia\/2020-04\/caixa-ja-creditou-r-163-bi-para-pagamento-de-auxilio-emergencial\" target=\"_blank\"><strong>Caixa j\u00e1 creditou R$ 16,3 bi para pagamento de aux\u00edlio emergencial<\/strong><\/a><\/p>\n\n\n\n<p>Desde o in\u00edcio do pagamento do aux\u00edlio emergencial at\u00e9 hoje (20), foram creditados R$ 16,3 bilh\u00f5es para o pagamento do benef\u00edcio a 24 milh\u00f5es de brasileiros. Hoje (20), a Caixa Econ\u00f4mica Federal, respons\u00e1vel pelo pagamento, deposita o valor de R$ 600 para 4.230.900 pessoas na Poupan\u00e7a Social Digital Caixa.<br>At\u00e9 agora, 38 milh\u00f5es de cidad\u00e3os cadastraram-se para receber o benef\u00edcio. Na \u00faltima sexta-feira (17), o banco realizou o cr\u00e9dito para 3.438.238 pessoas com conta poupan\u00e7a na Caixa. J\u00e1 no s\u00e1bado (18), o cr\u00e9dito foi para 1.420.466 pessoas com contas em outros bancos.<\/p>\n\n\n\n<p><strong><em>Fonte: <a href=\"https:\/\/agenciabrasil.ebc.com.br\/politica\/noticia\/2020-04\/governo-fala-sobre-acoes-de-combate-ao-coronavirus-0\">Ag\u00eancia Brasil<\/a><\/em><\/strong><\/p>\n","protected":false},"excerpt":{"rendered":"<p>Representantes do governo est\u00e3o reunidos no Pal\u00e1cio do Planalto Representantes do governo participam de coletiva de imprensa para falar sobre o enfrentamento ao novo coronav\u00edrus no Brasil.Dados do Minist\u00e9rio da Sa\u00fade, divulgados no \u00faltimo domingo (19), mostram que mais de 38 mil pessoas foram infectadas pela covid-19 no Pa\u00eds. Cerca de 38% dos pacientes foram [&hellip;]<\/p>\n","protected":false},"author":2,"featured_media":3427,"comment_status":"open","ping_status":"open","sticky":false,"template":"","format":"standard","meta":{"footnotes":""},"categories":[9],"tags":[273,1901,1900,330,855],"class_list":["post-3424","post","type-post","status-publish","format-standard","has-post-thumbnail","hentry","category-economia","tag-covid-19","tag-emprestimo","tag-palacio-do-planalto","tag-pandemia","tag-sebrae"],"yoast_head":"<!-- This site is optimized with the Yoast SEO plugin v26.5 - https:\/\/yoast.com\/wordpress\/plugins\/seo\/ -->\n<title>Ao vivo \u2014 Governo fala sobre a\u00e7\u00f5es de combate ao coronav\u00edrus - Jornal Fatos e Not\u00edcias<\/title>\n<meta name=\"robots\" content=\"index, follow, max-snippet:-1, max-image-preview:large, max-video-preview:-1\" \/>\n<link rel=\"canonical\" href=\"https:\/\/jornalfatosenoticias.com.br\/index.php\/2020\/04\/20\/governo-fala-sobre-acoes-de-combate-ao-coronavirus\/\" \/>\n<meta property=\"og:locale\" content=\"pt_BR\" \/>\n<meta property=\"og:type\" content=\"article\" \/>\n<meta property=\"og:title\" content=\"Ao vivo \u2014 Governo fala sobre a\u00e7\u00f5es de combate ao coronav\u00edrus - Jornal Fatos e Not\u00edcias\" \/>\n<meta property=\"og:description\" content=\"Representantes do governo est\u00e3o reunidos no Pal\u00e1cio do Planalto Representantes do governo participam de coletiva de imprensa para falar sobre o enfrentamento ao novo coronav\u00edrus no Brasil.Dados do Minist\u00e9rio da Sa\u00fade, divulgados no \u00faltimo domingo (19), mostram que mais de 38 mil pessoas foram infectadas pela covid-19 no Pa\u00eds. Cerca de 38% dos pacientes foram [&hellip;]\" \/>\n<meta property=\"og:url\" content=\"https:\/\/jornalfatosenoticias.com.br\/index.php\/2020\/04\/20\/governo-fala-sobre-acoes-de-combate-ao-coronavirus\/\" \/>\n<meta property=\"og:site_name\" content=\"Jornal Fatos e Not\u00edcias\" \/>\n<meta property=\"article:published_time\" content=\"2020-04-20T20:53:11+00:00\" \/>\n<meta property=\"article:modified_time\" content=\"2020-04-20T20:55:37+00:00\" \/>\n<meta property=\"og:image\" content=\"https:\/\/jornalfatosenoticias.com.br\/wp-content\/uploads\/2020\/04\/palacio-do-planalto_cristiano-mascaro.jpg\" \/>\n\t<meta property=\"og:image:width\" content=\"1000\" \/>\n\t<meta property=\"og:image:height\" content=\"598\" \/>\n\t<meta property=\"og:image:type\" content=\"image\/jpeg\" \/>\n<meta name=\"author\" content=\"Luzimara Fernandes\" \/>\n<meta name=\"twitter:card\" content=\"summary_large_image\" \/>\n<meta name=\"twitter:label1\" content=\"Escrito por\" \/>\n\t<meta name=\"twitter:data1\" content=\"Luzimara Fernandes\" \/>\n\t<meta name=\"twitter:label2\" content=\"Est. tempo de leitura\" \/>\n\t<meta name=\"twitter:data2\" content=\"2 minutos\" \/>\n<script type=\"application\/ld+json\" class=\"yoast-schema-graph\">{\"@context\":\"https:\/\/schema.org\",\"@graph\":[{\"@type\":\"Article\",\"@id\":\"https:\/\/jornalfatosenoticias.com.br\/index.php\/2020\/04\/20\/governo-fala-sobre-acoes-de-combate-ao-coronavirus\/#article\",\"isPartOf\":{\"@id\":\"https:\/\/jornalfatosenoticias.com.br\/index.php\/2020\/04\/20\/governo-fala-sobre-acoes-de-combate-ao-coronavirus\/\"},\"author\":{\"name\":\"Luzimara Fernandes\",\"@id\":\"https:\/\/jornalfatosenoticias.com.br\/#\/schema\/person\/d63837fa13ac8666eb9e74e0985d6f81\"},\"headline\":\"Ao vivo \u2014 Governo fala sobre a\u00e7\u00f5es de combate ao coronav\u00edrus\",\"datePublished\":\"2020-04-20T20:53:11+00:00\",\"dateModified\":\"2020-04-20T20:55:37+00:00\",\"mainEntityOfPage\":{\"@id\":\"https:\/\/jornalfatosenoticias.com.br\/index.php\/2020\/04\/20\/governo-fala-sobre-acoes-de-combate-ao-coronavirus\/\"},\"wordCount\":435,\"commentCount\":0,\"publisher\":{\"@id\":\"https:\/\/jornalfatosenoticias.com.br\/#organization\"},\"image\":{\"@id\":\"https:\/\/jornalfatosenoticias.com.br\/index.php\/2020\/04\/20\/governo-fala-sobre-acoes-de-combate-ao-coronavirus\/#primaryimage\"},\"thumbnailUrl\":\"https:\/\/jornalfatosenoticias.com.br\/wp-content\/uploads\/2020\/04\/palacio-do-planalto_cristiano-mascaro.jpg\",\"keywords\":[\"covid-19\",\"empr\u00e9stimo\",\"Pal\u00e1cio do Planalto\",\"pandemia\",\"Sebrae\"],\"articleSection\":[\"Economia\"],\"inLanguage\":\"pt-BR\",\"potentialAction\":[{\"@type\":\"CommentAction\",\"name\":\"Comment\",\"target\":[\"https:\/\/jornalfatosenoticias.com.br\/index.php\/2020\/04\/20\/governo-fala-sobre-acoes-de-combate-ao-coronavirus\/#respond\"]}]},{\"@type\":\"WebPage\",\"@id\":\"https:\/\/jornalfatosenoticias.com.br\/index.php\/2020\/04\/20\/governo-fala-sobre-acoes-de-combate-ao-coronavirus\/\",\"url\":\"https:\/\/jornalfatosenoticias.com.br\/index.php\/2020\/04\/20\/governo-fala-sobre-acoes-de-combate-ao-coronavirus\/\",\"name\":\"Ao vivo \u2014 Governo fala sobre a\u00e7\u00f5es de combate ao coronav\u00edrus - Jornal Fatos e Not\u00edcias\",\"isPartOf\":{\"@id\":\"https:\/\/jornalfatosenoticias.com.br\/#website\"},\"primaryImageOfPage\":{\"@id\":\"https:\/\/jornalfatosenoticias.com.br\/index.php\/2020\/04\/20\/governo-fala-sobre-acoes-de-combate-ao-coronavirus\/#primaryimage\"},\"image\":{\"@id\":\"https:\/\/jornalfatosenoticias.com.br\/index.php\/2020\/04\/20\/governo-fala-sobre-acoes-de-combate-ao-coronavirus\/#primaryimage\"},\"thumbnailUrl\":\"https:\/\/jornalfatosenoticias.com.br\/wp-content\/uploads\/2020\/04\/palacio-do-planalto_cristiano-mascaro.jpg\",\"datePublished\":\"2020-04-20T20:53:11+00:00\",\"dateModified\":\"2020-04-20T20:55:37+00:00\",\"breadcrumb\":{\"@id\":\"https:\/\/jornalfatosenoticias.com.br\/index.php\/2020\/04\/20\/governo-fala-sobre-acoes-de-combate-ao-coronavirus\/#breadcrumb\"},\"inLanguage\":\"pt-BR\",\"potentialAction\":[{\"@type\":\"ReadAction\",\"target\":[\"https:\/\/jornalfatosenoticias.com.br\/index.php\/2020\/04\/20\/governo-fala-sobre-acoes-de-combate-ao-coronavirus\/\"]}]},{\"@type\":\"ImageObject\",\"inLanguage\":\"pt-BR\",\"@id\":\"https:\/\/jornalfatosenoticias.com.br\/index.php\/2020\/04\/20\/governo-fala-sobre-acoes-de-combate-ao-coronavirus\/#primaryimage\",\"url\":\"https:\/\/jornalfatosenoticias.com.br\/wp-content\/uploads\/2020\/04\/palacio-do-planalto_cristiano-mascaro.jpg\",\"contentUrl\":\"https:\/\/jornalfatosenoticias.com.br\/wp-content\/uploads\/2020\/04\/palacio-do-planalto_cristiano-mascaro.jpg\",\"width\":1000,\"height\":598},{\"@type\":\"BreadcrumbList\",\"@id\":\"https:\/\/jornalfatosenoticias.com.br\/index.php\/2020\/04\/20\/governo-fala-sobre-acoes-de-combate-ao-coronavirus\/#breadcrumb\",\"itemListElement\":[{\"@type\":\"ListItem\",\"position\":1,\"name\":\"In\u00edcio\",\"item\":\"https:\/\/jornalfatosenoticias.com.br\/\"},{\"@type\":\"ListItem\",\"position\":2,\"name\":\"Ao vivo \u2014 Governo fala sobre a\u00e7\u00f5es de combate ao coronav\u00edrus\"}]},{\"@type\":\"WebSite\",\"@id\":\"https:\/\/jornalfatosenoticias.com.br\/#website\",\"url\":\"https:\/\/jornalfatosenoticias.com.br\/\",\"name\":\"Jornal Fatos e Not\u00edcias\",\"description\":\"Not\u00edcias em geral\",\"publisher\":{\"@id\":\"https:\/\/jornalfatosenoticias.com.br\/#organization\"},\"potentialAction\":[{\"@type\":\"SearchAction\",\"target\":{\"@type\":\"EntryPoint\",\"urlTemplate\":\"https:\/\/jornalfatosenoticias.com.br\/?s={search_term_string}\"},\"query-input\":{\"@type\":\"PropertyValueSpecification\",\"valueRequired\":true,\"valueName\":\"search_term_string\"}}],\"inLanguage\":\"pt-BR\"},{\"@type\":\"Organization\",\"@id\":\"https:\/\/jornalfatosenoticias.com.br\/#organization\",\"name\":\"Jornal Fatos e Not\u00edcias\",\"url\":\"https:\/\/jornalfatosenoticias.com.br\/\",\"logo\":{\"@type\":\"ImageObject\",\"inLanguage\":\"pt-BR\",\"@id\":\"https:\/\/jornalfatosenoticias.com.br\/#\/schema\/logo\/image\/\",\"url\":\"https:\/\/jornalfatosenoticias.com.br\/wp-content\/uploads\/2020\/02\/logo120.png\",\"contentUrl\":\"https:\/\/jornalfatosenoticias.com.br\/wp-content\/uploads\/2020\/02\/logo120.png\",\"width\":1227,\"height\":120,\"caption\":\"Jornal Fatos e Not\u00edcias\"},\"image\":{\"@id\":\"https:\/\/jornalfatosenoticias.com.br\/#\/schema\/logo\/image\/\"}},{\"@type\":\"Person\",\"@id\":\"https:\/\/jornalfatosenoticias.com.br\/#\/schema\/person\/d63837fa13ac8666eb9e74e0985d6f81\",\"name\":\"Luzimara Fernandes\",\"image\":{\"@type\":\"ImageObject\",\"inLanguage\":\"pt-BR\",\"@id\":\"https:\/\/jornalfatosenoticias.com.br\/#\/schema\/person\/image\/\",\"url\":\"https:\/\/jornalfatosenoticias.com.br\/wp-content\/uploads\/2025\/05\/EU_portal.jpg\",\"contentUrl\":\"https:\/\/jornalfatosenoticias.com.br\/wp-content\/uploads\/2025\/05\/EU_portal.jpg\",\"caption\":\"Luzimara Fernandes\"},\"description\":\"Jornalista MTB 2358-ES\",\"sameAs\":[\"https:\/\/jornalfatosenoticias.com.br\"],\"url\":\"https:\/\/jornalfatosenoticias.com.br\/index.php\/author\/luzimara\/\"}]}<\/script>\n<!-- \/ Yoast SEO plugin. -->","yoast_head_json":{"title":"Ao vivo \u2014 Governo fala sobre a\u00e7\u00f5es de combate ao coronav\u00edrus - Jornal Fatos e Not\u00edcias","robots":{"index":"index","follow":"follow","max-snippet":"max-snippet:-1","max-image-preview":"max-image-preview:large","max-video-preview":"max-video-preview:-1"},"canonical":"https:\/\/jornalfatosenoticias.com.br\/index.php\/2020\/04\/20\/governo-fala-sobre-acoes-de-combate-ao-coronavirus\/","og_locale":"pt_BR","og_type":"article","og_title":"Ao vivo \u2014 Governo fala sobre a\u00e7\u00f5es de combate ao coronav\u00edrus - Jornal Fatos e Not\u00edcias","og_description":"Representantes do governo est\u00e3o reunidos no Pal\u00e1cio do Planalto Representantes do governo participam de coletiva de imprensa para falar sobre o enfrentamento ao novo coronav\u00edrus no Brasil.Dados do Minist\u00e9rio da Sa\u00fade, divulgados no \u00faltimo domingo (19), mostram que mais de 38 mil pessoas foram infectadas pela covid-19 no Pa\u00eds. Cerca de 38% dos pacientes foram [&hellip;]","og_url":"https:\/\/jornalfatosenoticias.com.br\/index.php\/2020\/04\/20\/governo-fala-sobre-acoes-de-combate-ao-coronavirus\/","og_site_name":"Jornal Fatos e Not\u00edcias","article_published_time":"2020-04-20T20:53:11+00:00","article_modified_time":"2020-04-20T20:55:37+00:00","og_image":[{"width":1000,"height":598,"url":"https:\/\/jornalfatosenoticias.com.br\/wp-content\/uploads\/2020\/04\/palacio-do-planalto_cristiano-mascaro.jpg","type":"image\/jpeg"}],"author":"Luzimara Fernandes","twitter_card":"summary_large_image","twitter_misc":{"Escrito por":"Luzimara Fernandes","Est. tempo de leitura":"2 minutos"},"schema":{"@context":"https:\/\/schema.org","@graph":[{"@type":"Article","@id":"https:\/\/jornalfatosenoticias.com.br\/index.php\/2020\/04\/20\/governo-fala-sobre-acoes-de-combate-ao-coronavirus\/#article","isPartOf":{"@id":"https:\/\/jornalfatosenoticias.com.br\/index.php\/2020\/04\/20\/governo-fala-sobre-acoes-de-combate-ao-coronavirus\/"},"author":{"name":"Luzimara Fernandes","@id":"https:\/\/jornalfatosenoticias.com.br\/#\/schema\/person\/d63837fa13ac8666eb9e74e0985d6f81"},"headline":"Ao vivo \u2014 Governo fala sobre a\u00e7\u00f5es de combate ao coronav\u00edrus","datePublished":"2020-04-20T20:53:11+00:00","dateModified":"2020-04-20T20:55:37+00:00","mainEntityOfPage":{"@id":"https:\/\/jornalfatosenoticias.com.br\/index.php\/2020\/04\/20\/governo-fala-sobre-acoes-de-combate-ao-coronavirus\/"},"wordCount":435,"commentCount":0,"publisher":{"@id":"https:\/\/jornalfatosenoticias.com.br\/#organization"},"image":{"@id":"https:\/\/jornalfatosenoticias.com.br\/index.php\/2020\/04\/20\/governo-fala-sobre-acoes-de-combate-ao-coronavirus\/#primaryimage"},"thumbnailUrl":"https:\/\/jornalfatosenoticias.com.br\/wp-content\/uploads\/2020\/04\/palacio-do-planalto_cristiano-mascaro.jpg","keywords":["covid-19","empr\u00e9stimo","Pal\u00e1cio do Planalto","pandemia","Sebrae"],"articleSection":["Economia"],"inLanguage":"pt-BR","potentialAction":[{"@type":"CommentAction","name":"Comment","target":["https:\/\/jornalfatosenoticias.com.br\/index.php\/2020\/04\/20\/governo-fala-sobre-acoes-de-combate-ao-coronavirus\/#respond"]}]},{"@type":"WebPage","@id":"https:\/\/jornalfatosenoticias.com.br\/index.php\/2020\/04\/20\/governo-fala-sobre-acoes-de-combate-ao-coronavirus\/","url":"https:\/\/jornalfatosenoticias.com.br\/index.php\/2020\/04\/20\/governo-fala-sobre-acoes-de-combate-ao-coronavirus\/","name":"Ao vivo \u2014 Governo fala sobre a\u00e7\u00f5es de combate ao coronav\u00edrus - Jornal Fatos e Not\u00edcias","isPartOf":{"@id":"https:\/\/jornalfatosenoticias.com.br\/#website"},"primaryImageOfPage":{"@id":"https:\/\/jornalfatosenoticias.com.br\/index.php\/2020\/04\/20\/governo-fala-sobre-acoes-de-combate-ao-coronavirus\/#primaryimage"},"image":{"@id":"https:\/\/jornalfatosenoticias.com.br\/index.php\/2020\/04\/20\/governo-fala-sobre-acoes-de-combate-ao-coronavirus\/#primaryimage"},"thumbnailUrl":"https:\/\/jornalfatosenoticias.com.br\/wp-content\/uploads\/2020\/04\/palacio-do-planalto_cristiano-mascaro.jpg","datePublished":"2020-04-20T20:53:11+00:00","dateModified":"2020-04-20T20:55:37+00:00","breadcrumb":{"@id":"https:\/\/jornalfatosenoticias.com.br\/index.php\/2020\/04\/20\/governo-fala-sobre-acoes-de-combate-ao-coronavirus\/#breadcrumb"},"inLanguage":"pt-BR","potentialAction":[{"@type":"ReadAction","target":["https:\/\/jornalfatosenoticias.com.br\/index.php\/2020\/04\/20\/governo-fala-sobre-acoes-de-combate-ao-coronavirus\/"]}]},{"@type":"ImageObject","inLanguage":"pt-BR","@id":"https:\/\/jornalfatosenoticias.com.br\/index.php\/2020\/04\/20\/governo-fala-sobre-acoes-de-combate-ao-coronavirus\/#primaryimage","url":"https:\/\/jornalfatosenoticias.com.br\/wp-content\/uploads\/2020\/04\/palacio-do-planalto_cristiano-mascaro.jpg","contentUrl":"https:\/\/jornalfatosenoticias.com.br\/wp-content\/uploads\/2020\/04\/palacio-do-planalto_cristiano-mascaro.jpg","width":1000,"height":598},{"@type":"BreadcrumbList","@id":"https:\/\/jornalfatosenoticias.com.br\/index.php\/2020\/04\/20\/governo-fala-sobre-acoes-de-combate-ao-coronavirus\/#breadcrumb","itemListElement":[{"@type":"ListItem","position":1,"name":"In\u00edcio","item":"https:\/\/jornalfatosenoticias.com.br\/"},{"@type":"ListItem","position":2,"name":"Ao vivo \u2014 Governo fala sobre a\u00e7\u00f5es de combate ao coronav\u00edrus"}]},{"@type":"WebSite","@id":"https:\/\/jornalfatosenoticias.com.br\/#website","url":"https:\/\/jornalfatosenoticias.com.br\/","name":"Jornal Fatos e Not\u00edcias","description":"Not\u00edcias em geral","publisher":{"@id":"https:\/\/jornalfatosenoticias.com.br\/#organization"},"potentialAction":[{"@type":"SearchAction","target":{"@type":"EntryPoint","urlTemplate":"https:\/\/jornalfatosenoticias.com.br\/?s={search_term_string}"},"query-input":{"@type":"PropertyValueSpecification","valueRequired":true,"valueName":"search_term_string"}}],"inLanguage":"pt-BR"},{"@type":"Organization","@id":"https:\/\/jornalfatosenoticias.com.br\/#organization","name":"Jornal Fatos e Not\u00edcias","url":"https:\/\/jornalfatosenoticias.com.br\/","logo":{"@type":"ImageObject","inLanguage":"pt-BR","@id":"https:\/\/jornalfatosenoticias.com.br\/#\/schema\/logo\/image\/","url":"https:\/\/jornalfatosenoticias.com.br\/wp-content\/uploads\/2020\/02\/logo120.png","contentUrl":"https:\/\/jornalfatosenoticias.com.br\/wp-content\/uploads\/2020\/02\/logo120.png","width":1227,"height":120,"caption":"Jornal Fatos e Not\u00edcias"},"image":{"@id":"https:\/\/jornalfatosenoticias.com.br\/#\/schema\/logo\/image\/"}},{"@type":"Person","@id":"https:\/\/jornalfatosenoticias.com.br\/#\/schema\/person\/d63837fa13ac8666eb9e74e0985d6f81","name":"Luzimara Fernandes","image":{"@type":"ImageObject","inLanguage":"pt-BR","@id":"https:\/\/jornalfatosenoticias.com.br\/#\/schema\/person\/image\/","url":"https:\/\/jornalfatosenoticias.com.br\/wp-content\/uploads\/2025\/05\/EU_portal.jpg","contentUrl":"https:\/\/jornalfatosenoticias.com.br\/wp-content\/uploads\/2025\/05\/EU_portal.jpg","caption":"Luzimara Fernandes"},"description":"Jornalista MTB 2358-ES","sameAs":["https:\/\/jornalfatosenoticias.com.br"],"url":"https:\/\/jornalfatosenoticias.com.br\/index.php\/author\/luzimara\/"}]}},"cc_featured_image_caption":{"caption_text":"(Foto: Cristiano Mascaro\/Portal Copa2014)\r\n\r\n","source_text":"","source_url":""},"jetpack_featured_media_url":"https:\/\/jornalfatosenoticias.com.br\/wp-content\/uploads\/2020\/04\/palacio-do-planalto_cristiano-mascaro.jpg","_links":{"self":[{"href":"https:\/\/jornalfatosenoticias.com.br\/index.php\/wp-json\/wp\/v2\/posts\/3424","targetHints":{"allow":["GET"]}}],"collection":[{"href":"https:\/\/jornalfatosenoticias.com.br\/index.php\/wp-json\/wp\/v2\/posts"}],"about":[{"href":"https:\/\/jornalfatosenoticias.com.br\/index.php\/wp-json\/wp\/v2\/types\/post"}],"author":[{"embeddable":true,"href":"https:\/\/jornalfatosenoticias.com.br\/index.php\/wp-json\/wp\/v2\/users\/2"}],"replies":[{"embeddable":true,"href":"https:\/\/jornalfatosenoticias.com.br\/index.php\/wp-json\/wp\/v2\/comments?post=3424"}],"version-history":[{"count":0,"href":"https:\/\/jornalfatosenoticias.com.br\/index.php\/wp-json\/wp\/v2\/posts\/3424\/revisions"}],"wp:featuredmedia":[{"embeddable":true,"href":"https:\/\/jornalfatosenoticias.com.br\/index.php\/wp-json\/wp\/v2\/media\/3427"}],"wp:attachment":[{"href":"https:\/\/jornalfatosenoticias.com.br\/index.php\/wp-json\/wp\/v2\/media?parent=3424"}],"wp:term":[{"taxonomy":"category","embeddable":true,"href":"https:\/\/jornalfatosenoticias.com.br\/index.php\/wp-json\/wp\/v2\/categories?post=3424"},{"taxonomy":"post_tag","embeddable":true,"href":"https:\/\/jornalfatosenoticias.com.br\/index.php\/wp-json\/wp\/v2\/tags?post=3424"}],"curies":[{"name":"wp","href":"https:\/\/api.w.org\/{rel}","templated":true}]}}