{"id":34254,"date":"2022-09-15T16:27:49","date_gmt":"2022-09-15T19:27:49","guid":{"rendered":"https:\/\/jornalfatosenoticias.com.br\/?p=34254"},"modified":"2022-09-15T16:27:51","modified_gmt":"2022-09-15T19:27:51","slug":"taxi-voador-e-evtols-sao-destaques-na-volta-do-salao-do-automovel-de-detroit","status":"publish","type":"post","link":"https:\/\/jornalfatosenoticias.com.br\/index.php\/2022\/09\/15\/taxi-voador-e-evtols-sao-destaques-na-volta-do-salao-do-automovel-de-detroit\/","title":{"rendered":"T\u00e1xi voador e eVTOLs s\u00e3o destaques na volta do Sal\u00e3o do Autom\u00f3vel de Detroit"},"content":{"rendered":"\n<div class=\"wp-block-image\"><figure class=\"aligncenter size-large\"><img loading=\"lazy\" decoding=\"async\" width=\"1024\" height=\"100\" src=\"https:\/\/jornalfatosenoticias.com.br\/wp-content\/uploads\/2020\/02\/banner_ferramentas-1024x100.jpg\" alt=\"\" class=\"wp-image-1258\" srcset=\"https:\/\/jornalfatosenoticias.com.br\/wp-content\/uploads\/2020\/02\/banner_ferramentas-1024x100.jpg 1024w, https:\/\/jornalfatosenoticias.com.br\/wp-content\/uploads\/2020\/02\/banner_ferramentas-300x29.jpg 300w, https:\/\/jornalfatosenoticias.com.br\/wp-content\/uploads\/2020\/02\/banner_ferramentas-768x75.jpg 768w, https:\/\/jornalfatosenoticias.com.br\/wp-content\/uploads\/2020\/02\/banner_ferramentas.jpg 1227w\" sizes=\"auto, (max-width: 1024px) 100vw, 1024px\" \/><\/figure><\/div>\n\n\n\n<p>Ap\u00f3s um hiato de tr\u00eas anos por conta da pandemia, o Sal\u00e3o do Autom\u00f3vel de Detroit, um dos maiores eventos do <a href=\"https:\/\/olhardigital.com.br\/2022\/09\/06\/carros-e-tecnologia\/mercado-nacional-supera-21-mil-carros-vendidos-no-inicio-de-setembro\/\" target=\"_blank\" rel=\"noreferrer noopener\">setor automotivo<\/a>, est\u00e1 de volta esta semana em novo formato. O foco do evento em 2022 mudar\u00e1 das revela\u00e7\u00f5es de carros para experi\u00eancias mais interativas, explicou Thad Szott, presidente da empresa que cuida do show, em entrevista ao <a href=\"https:\/\/www.wsj.com\/articles\/detroits-auto-show-returns-with-flying-taxi-demos-fewer-auto-makers-11663070401\" target=\"_blank\" rel=\"noreferrer noopener\"><em>The Wall Street Journal<\/em><\/a>.<br>Para este ano, s\u00e3o esperadas novidades na \u00e1rea de t\u00e1xi a\u00e9reo e eVTOLs (<a href=\"https:\/\/olhardigital.com.br\/tag\/evtol\/\" target=\"_blank\" rel=\"noreferrer noopener\">aeronave el\u00e9trica de decolagem e pouso vertical<\/a>), acrescentou o executivo. No lugar das 24 marcas presentes em 2019, este ano ser\u00e3o 15 \u2014 menos da metade das 35 vistas no show h\u00e1 uma d\u00e9cada.<\/p>\n\n\n\n<div class=\"wp-block-image\"><figure class=\"aligncenter size-large\"><img loading=\"lazy\" decoding=\"async\" width=\"1024\" height=\"100\" src=\"https:\/\/jornalfatosenoticias.com.br\/wp-content\/uploads\/2022\/05\/NOVA-LOGO-CESCONETTO-1024x100.jpg\" alt=\"\" class=\"wp-image-30792\" srcset=\"https:\/\/jornalfatosenoticias.com.br\/wp-content\/uploads\/2022\/05\/NOVA-LOGO-CESCONETTO-1024x100.jpg 1024w, https:\/\/jornalfatosenoticias.com.br\/wp-content\/uploads\/2022\/05\/NOVA-LOGO-CESCONETTO-300x29.jpg 300w, https:\/\/jornalfatosenoticias.com.br\/wp-content\/uploads\/2022\/05\/NOVA-LOGO-CESCONETTO-768x75.jpg 768w, https:\/\/jornalfatosenoticias.com.br\/wp-content\/uploads\/2022\/05\/NOVA-LOGO-CESCONETTO.jpg 1280w\" sizes=\"auto, (max-width: 1024px) 100vw, 1024px\" \/><\/figure><\/div>\n\n\n\n<p>Alguns executivos optaram por diminuir a participa\u00e7\u00e3o em feiras para economizar os gastos e focar em eventos virtuais. A interrup\u00e7\u00e3o na cadeia de suprimentos tamb\u00e9m foi citada como fator para n\u00e3o participar. \u00c9 o caso da Honda, que disse que a escassez de carros nas concession\u00e1rias foi decisivo para n\u00e3o estar na feira de Detroit em 2022.<\/p>\n\n\n\n<div class=\"wp-block-image\"><figure class=\"aligncenter size-large\"><img loading=\"lazy\" decoding=\"async\" width=\"300\" height=\"237\" src=\"https:\/\/jornalfatosenoticias.com.br\/wp-content\/uploads\/2020\/02\/SEVENTUR-TURISMO.jpg\" alt=\"\" class=\"wp-image-32994\"\/><\/figure><\/div>\n\n\n\n<blockquote class=\"wp-block-quote is-layout-flow wp-block-quote-is-layout-flow\"><p><span class=\"has-inline-color has-luminous-vivid-orange-color\">\u201cSabemos que os sal\u00f5es de autom\u00f3veis s\u00e3o uma tradi\u00e7\u00e3o de longa data da ind\u00fastria e continuamos comprometidos em trabalhar com nossos revendedores para envolver os clientes de maneiras novas e inovadoras\u201d, disse um porta-voz da empresa. \u201cOs dias do sal\u00e3o do autom\u00f3vel de Detroit com 60 revela\u00e7\u00f5es de ve\u00edculos acabaram\u201d, disse Thad. \u201cA forma como as empresas revelam seus produtos \u00e9 completamente diferente hoje\u201d.<\/span><\/p><\/blockquote>\n\n\n\n<div class=\"wp-block-image\"><figure class=\"aligncenter size-large\"><img loading=\"lazy\" decoding=\"async\" width=\"1024\" height=\"103\" src=\"https:\/\/jornalfatosenoticias.com.br\/wp-content\/uploads\/2022\/02\/Arte-Autoescola-Galatas_endereco_portal-1024x103.png\" alt=\"\" class=\"wp-image-27869\" srcset=\"https:\/\/jornalfatosenoticias.com.br\/wp-content\/uploads\/2022\/02\/Arte-Autoescola-Galatas_endereco_portal-1024x103.png 1024w, https:\/\/jornalfatosenoticias.com.br\/wp-content\/uploads\/2022\/02\/Arte-Autoescola-Galatas_endereco_portal-300x30.png 300w, https:\/\/jornalfatosenoticias.com.br\/wp-content\/uploads\/2022\/02\/Arte-Autoescola-Galatas_endereco_portal-768x77.png 768w, https:\/\/jornalfatosenoticias.com.br\/wp-content\/uploads\/2022\/02\/Arte-Autoescola-Galatas_endereco_portal.png 1223w\" sizes=\"auto, (max-width: 1024px) 100vw, 1024px\" \/><\/figure><\/div>\n\n\n\n<figure class=\"wp-block-image size-large\"><img loading=\"lazy\" decoding=\"async\" width=\"1000\" height=\"563\" src=\"https:\/\/jornalfatosenoticias.com.br\/wp-content\/uploads\/2022\/09\/SALAO-DO-AUTOMOVEL-DETROIT_Shutterstock_2.jpg\" alt=\"\" class=\"wp-image-34255\" srcset=\"https:\/\/jornalfatosenoticias.com.br\/wp-content\/uploads\/2022\/09\/SALAO-DO-AUTOMOVEL-DETROIT_Shutterstock_2.jpg 1000w, https:\/\/jornalfatosenoticias.com.br\/wp-content\/uploads\/2022\/09\/SALAO-DO-AUTOMOVEL-DETROIT_Shutterstock_2-300x169.jpg 300w, https:\/\/jornalfatosenoticias.com.br\/wp-content\/uploads\/2022\/09\/SALAO-DO-AUTOMOVEL-DETROIT_Shutterstock_2-768x432.jpg 768w\" sizes=\"auto, (max-width: 1000px) 100vw, 1000px\" \/><figcaption><em><span class=\"has-inline-color has-black-color\">(Foto: Shoaib_Mughal\/Shutterstock)<\/span><\/em><\/figcaption><\/figure>\n\n\n\n<div class=\"wp-block-image\"><figure class=\"aligncenter size-large is-resized\"><img loading=\"lazy\" decoding=\"async\" src=\"https:\/\/jornalfatosenoticias.com.br\/wp-content\/uploads\/2022\/08\/logo-locau-veiculos-1024x573.png\" alt=\"\" class=\"wp-image-33078\" width=\"316\" height=\"176\"\/><\/figure><\/div>\n\n\n\n<p>Vale ressaltar que as principais feiras de autom\u00f3veis da Europa tamb\u00e9m j\u00e1 estavam encolhendo mesmo antes da pandemia \u00e0 medida que as montadoras migravam para lan\u00e7amentos nas redes sociais.<br>A mudan\u00e7a s\u00f3 acelerou na pandemia, com muitos executivos descobrindo que ainda poderiam atingir um grande p\u00fablico revelando os seus ve\u00edculos virtualmente. Uma tend\u00eancia que os organizadores da feira \u201cest\u00e3o tentando se adaptar\u201d, ressaltou Thad.<\/p>\n\n\n\n<div class=\"wp-block-image\"><figure class=\"alignright size-large\"><img decoding=\"async\" src=\"https:\/\/jornalfatosenoticias.com.br\/wp-content\/uploads\/2020\/02\/logo-Ana_portal.jpg\" alt=\"\" class=\"wp-image-34101\"\/><\/figure><\/div>\n\n\n\n<p><strong>Outros destaques do Sal\u00e3o de Detroit este ano<br><\/strong>Entre os principais momentos do show, estavam dois lan\u00e7amentos da Stellantis: um da Chrysler na ter\u00e7a (13) e outro da Jeep no dia seguinte. A Ford tamb\u00e9m exibiu a nova gera\u00e7\u00e3o do seu esportivo Mustang na quarta (14). A GM tamb\u00e9m planeja ter exibi\u00e7\u00f5es completas para suas quatro marcas americanas na feira \u2014 Chevrolet, GMC, Buick e Cadillac \u2014 para apoiar o evento na sua cidade natal, disse um porta-voz da montadora.<br>O encontro anual, tradicionalmente em janeiro, ser\u00e1 realizado pela primeira vez em setembro. Em 2019, cerca de 774 mil pessoas compareceram, segundo os organizadores.<\/p>\n\n\n\n<div class=\"wp-block-image\"><figure class=\"aligncenter size-large is-resized\"><img loading=\"lazy\" decoding=\"async\" src=\"https:\/\/jornalfatosenoticias.com.br\/wp-content\/uploads\/2022\/07\/Logo-Grupo-SEI.jpg\" alt=\"\" class=\"wp-image-31973\" width=\"330\" height=\"173\" srcset=\"https:\/\/jornalfatosenoticias.com.br\/wp-content\/uploads\/2022\/07\/Logo-Grupo-SEI.jpg 713w, https:\/\/jornalfatosenoticias.com.br\/wp-content\/uploads\/2022\/07\/Logo-Grupo-SEI-300x158.jpg 300w\" sizes=\"auto, (max-width: 330px) 100vw, 330px\" \/><\/figure><\/div>\n\n\n\n<p><strong><em>Fonte: <a href=\"https:\/\/olhardigital.com.br\/2022\/09\/13\/carros-e-tecnologia\/taxi-voador-evtols-destaques-salao-automovel-detroit\/\">Olhar Digital<\/a><\/em><\/strong><\/p>\n","protected":false},"excerpt":{"rendered":"<p>Ap\u00f3s um hiato de tr\u00eas anos por conta da pandemia, o Sal\u00e3o do Autom\u00f3vel de Detroit, um dos maiores eventos do setor automotivo, est\u00e1 de volta esta semana em novo formato. O foco do evento em 2022 mudar\u00e1 das revela\u00e7\u00f5es de carros para experi\u00eancias mais interativas, explicou Thad Szott, presidente da empresa que cuida do [&hellip;]<\/p>\n","protected":false},"author":2,"featured_media":34256,"comment_status":"open","ping_status":"open","sticky":false,"template":"","format":"standard","meta":{"footnotes":""},"categories":[41],"tags":[13494,8724,16090,16091,3364,5808],"class_list":["post-34254","post","type-post","status-publish","format-standard","has-post-thumbnail","hentry","category-internacional","tag-detroit","tag-evtol","tag-salao","tag-salao-do-automovel-de-detroit","tag-taxi-aereo","tag-taxi-voador"],"yoast_head":"<!-- This site is optimized with the Yoast SEO plugin v26.5 - https:\/\/yoast.com\/wordpress\/plugins\/seo\/ -->\n<title>T\u00e1xi voador e eVTOLs s\u00e3o destaques na volta do Sal\u00e3o do Autom\u00f3vel de Detroit - Jornal Fatos e Not\u00edcias<\/title>\n<meta name=\"robots\" content=\"index, follow, max-snippet:-1, max-image-preview:large, max-video-preview:-1\" \/>\n<link rel=\"canonical\" href=\"https:\/\/jornalfatosenoticias.com.br\/index.php\/2022\/09\/15\/taxi-voador-e-evtols-sao-destaques-na-volta-do-salao-do-automovel-de-detroit\/\" \/>\n<meta property=\"og:locale\" content=\"pt_BR\" \/>\n<meta property=\"og:type\" content=\"article\" \/>\n<meta property=\"og:title\" content=\"T\u00e1xi voador e eVTOLs s\u00e3o destaques na volta do Sal\u00e3o do Autom\u00f3vel de Detroit - Jornal Fatos e Not\u00edcias\" \/>\n<meta property=\"og:description\" content=\"Ap\u00f3s um hiato de tr\u00eas anos por conta da pandemia, o Sal\u00e3o do Autom\u00f3vel de Detroit, um dos maiores eventos do setor automotivo, est\u00e1 de volta esta semana em novo formato. O foco do evento em 2022 mudar\u00e1 das revela\u00e7\u00f5es de carros para experi\u00eancias mais interativas, explicou Thad Szott, presidente da empresa que cuida do [&hellip;]\" \/>\n<meta property=\"og:url\" content=\"https:\/\/jornalfatosenoticias.com.br\/index.php\/2022\/09\/15\/taxi-voador-e-evtols-sao-destaques-na-volta-do-salao-do-automovel-de-detroit\/\" \/>\n<meta property=\"og:site_name\" content=\"Jornal Fatos e Not\u00edcias\" \/>\n<meta property=\"article:published_time\" content=\"2022-09-15T19:27:49+00:00\" \/>\n<meta property=\"article:modified_time\" content=\"2022-09-15T19:27:51+00:00\" \/>\n<meta property=\"og:image\" content=\"https:\/\/jornalfatosenoticias.com.br\/wp-content\/uploads\/2022\/09\/SALAO-DO-AUTOMOVEL-DETROIT_Shutterstock_1.jpg\" \/>\n\t<meta property=\"og:image:width\" content=\"1000\" \/>\n\t<meta property=\"og:image:height\" content=\"450\" \/>\n\t<meta property=\"og:image:type\" content=\"image\/jpeg\" \/>\n<meta name=\"author\" content=\"Luzimara Fernandes\" \/>\n<meta name=\"twitter:card\" content=\"summary_large_image\" \/>\n<meta name=\"twitter:label1\" content=\"Escrito por\" \/>\n\t<meta name=\"twitter:data1\" content=\"Luzimara Fernandes\" \/>\n\t<meta name=\"twitter:label2\" content=\"Est. tempo de leitura\" \/>\n\t<meta name=\"twitter:data2\" content=\"2 minutos\" \/>\n<script type=\"application\/ld+json\" class=\"yoast-schema-graph\">{\"@context\":\"https:\/\/schema.org\",\"@graph\":[{\"@type\":\"Article\",\"@id\":\"https:\/\/jornalfatosenoticias.com.br\/index.php\/2022\/09\/15\/taxi-voador-e-evtols-sao-destaques-na-volta-do-salao-do-automovel-de-detroit\/#article\",\"isPartOf\":{\"@id\":\"https:\/\/jornalfatosenoticias.com.br\/index.php\/2022\/09\/15\/taxi-voador-e-evtols-sao-destaques-na-volta-do-salao-do-automovel-de-detroit\/\"},\"author\":{\"name\":\"Luzimara Fernandes\",\"@id\":\"https:\/\/jornalfatosenoticias.com.br\/#\/schema\/person\/d63837fa13ac8666eb9e74e0985d6f81\"},\"headline\":\"T\u00e1xi voador e eVTOLs s\u00e3o destaques na volta do Sal\u00e3o do Autom\u00f3vel de Detroit\",\"datePublished\":\"2022-09-15T19:27:49+00:00\",\"dateModified\":\"2022-09-15T19:27:51+00:00\",\"mainEntityOfPage\":{\"@id\":\"https:\/\/jornalfatosenoticias.com.br\/index.php\/2022\/09\/15\/taxi-voador-e-evtols-sao-destaques-na-volta-do-salao-do-automovel-de-detroit\/\"},\"wordCount\":449,\"commentCount\":0,\"publisher\":{\"@id\":\"https:\/\/jornalfatosenoticias.com.br\/#organization\"},\"image\":{\"@id\":\"https:\/\/jornalfatosenoticias.com.br\/index.php\/2022\/09\/15\/taxi-voador-e-evtols-sao-destaques-na-volta-do-salao-do-automovel-de-detroit\/#primaryimage\"},\"thumbnailUrl\":\"https:\/\/jornalfatosenoticias.com.br\/wp-content\/uploads\/2022\/09\/SALAO-DO-AUTOMOVEL-DETROIT_Shutterstock_1.jpg\",\"keywords\":[\"Detroit\",\"eVTOL\",\"sal\u00e3o\",\"Sal\u00e3o do Autom\u00f3vel de Detroit\",\"t\u00e1xi a\u00e9reo\",\"t\u00e1xi voador\"],\"articleSection\":[\"Internacional\"],\"inLanguage\":\"pt-BR\",\"potentialAction\":[{\"@type\":\"CommentAction\",\"name\":\"Comment\",\"target\":[\"https:\/\/jornalfatosenoticias.com.br\/index.php\/2022\/09\/15\/taxi-voador-e-evtols-sao-destaques-na-volta-do-salao-do-automovel-de-detroit\/#respond\"]}]},{\"@type\":\"WebPage\",\"@id\":\"https:\/\/jornalfatosenoticias.com.br\/index.php\/2022\/09\/15\/taxi-voador-e-evtols-sao-destaques-na-volta-do-salao-do-automovel-de-detroit\/\",\"url\":\"https:\/\/jornalfatosenoticias.com.br\/index.php\/2022\/09\/15\/taxi-voador-e-evtols-sao-destaques-na-volta-do-salao-do-automovel-de-detroit\/\",\"name\":\"T\u00e1xi voador e eVTOLs s\u00e3o destaques na volta do Sal\u00e3o do Autom\u00f3vel de Detroit - Jornal Fatos e Not\u00edcias\",\"isPartOf\":{\"@id\":\"https:\/\/jornalfatosenoticias.com.br\/#website\"},\"primaryImageOfPage\":{\"@id\":\"https:\/\/jornalfatosenoticias.com.br\/index.php\/2022\/09\/15\/taxi-voador-e-evtols-sao-destaques-na-volta-do-salao-do-automovel-de-detroit\/#primaryimage\"},\"image\":{\"@id\":\"https:\/\/jornalfatosenoticias.com.br\/index.php\/2022\/09\/15\/taxi-voador-e-evtols-sao-destaques-na-volta-do-salao-do-automovel-de-detroit\/#primaryimage\"},\"thumbnailUrl\":\"https:\/\/jornalfatosenoticias.com.br\/wp-content\/uploads\/2022\/09\/SALAO-DO-AUTOMOVEL-DETROIT_Shutterstock_1.jpg\",\"datePublished\":\"2022-09-15T19:27:49+00:00\",\"dateModified\":\"2022-09-15T19:27:51+00:00\",\"breadcrumb\":{\"@id\":\"https:\/\/jornalfatosenoticias.com.br\/index.php\/2022\/09\/15\/taxi-voador-e-evtols-sao-destaques-na-volta-do-salao-do-automovel-de-detroit\/#breadcrumb\"},\"inLanguage\":\"pt-BR\",\"potentialAction\":[{\"@type\":\"ReadAction\",\"target\":[\"https:\/\/jornalfatosenoticias.com.br\/index.php\/2022\/09\/15\/taxi-voador-e-evtols-sao-destaques-na-volta-do-salao-do-automovel-de-detroit\/\"]}]},{\"@type\":\"ImageObject\",\"inLanguage\":\"pt-BR\",\"@id\":\"https:\/\/jornalfatosenoticias.com.br\/index.php\/2022\/09\/15\/taxi-voador-e-evtols-sao-destaques-na-volta-do-salao-do-automovel-de-detroit\/#primaryimage\",\"url\":\"https:\/\/jornalfatosenoticias.com.br\/wp-content\/uploads\/2022\/09\/SALAO-DO-AUTOMOVEL-DETROIT_Shutterstock_1.jpg\",\"contentUrl\":\"https:\/\/jornalfatosenoticias.com.br\/wp-content\/uploads\/2022\/09\/SALAO-DO-AUTOMOVEL-DETROIT_Shutterstock_1.jpg\",\"width\":1000,\"height\":450},{\"@type\":\"BreadcrumbList\",\"@id\":\"https:\/\/jornalfatosenoticias.com.br\/index.php\/2022\/09\/15\/taxi-voador-e-evtols-sao-destaques-na-volta-do-salao-do-automovel-de-detroit\/#breadcrumb\",\"itemListElement\":[{\"@type\":\"ListItem\",\"position\":1,\"name\":\"In\u00edcio\",\"item\":\"https:\/\/jornalfatosenoticias.com.br\/\"},{\"@type\":\"ListItem\",\"position\":2,\"name\":\"T\u00e1xi voador e eVTOLs s\u00e3o destaques na volta do Sal\u00e3o do Autom\u00f3vel de Detroit\"}]},{\"@type\":\"WebSite\",\"@id\":\"https:\/\/jornalfatosenoticias.com.br\/#website\",\"url\":\"https:\/\/jornalfatosenoticias.com.br\/\",\"name\":\"Jornal Fatos e Not\u00edcias\",\"description\":\"Not\u00edcias em geral\",\"publisher\":{\"@id\":\"https:\/\/jornalfatosenoticias.com.br\/#organization\"},\"potentialAction\":[{\"@type\":\"SearchAction\",\"target\":{\"@type\":\"EntryPoint\",\"urlTemplate\":\"https:\/\/jornalfatosenoticias.com.br\/?s={search_term_string}\"},\"query-input\":{\"@type\":\"PropertyValueSpecification\",\"valueRequired\":true,\"valueName\":\"search_term_string\"}}],\"inLanguage\":\"pt-BR\"},{\"@type\":\"Organization\",\"@id\":\"https:\/\/jornalfatosenoticias.com.br\/#organization\",\"name\":\"Jornal Fatos e Not\u00edcias\",\"url\":\"https:\/\/jornalfatosenoticias.com.br\/\",\"logo\":{\"@type\":\"ImageObject\",\"inLanguage\":\"pt-BR\",\"@id\":\"https:\/\/jornalfatosenoticias.com.br\/#\/schema\/logo\/image\/\",\"url\":\"https:\/\/jornalfatosenoticias.com.br\/wp-content\/uploads\/2020\/02\/logo120.png\",\"contentUrl\":\"https:\/\/jornalfatosenoticias.com.br\/wp-content\/uploads\/2020\/02\/logo120.png\",\"width\":1227,\"height\":120,\"caption\":\"Jornal Fatos e Not\u00edcias\"},\"image\":{\"@id\":\"https:\/\/jornalfatosenoticias.com.br\/#\/schema\/logo\/image\/\"}},{\"@type\":\"Person\",\"@id\":\"https:\/\/jornalfatosenoticias.com.br\/#\/schema\/person\/d63837fa13ac8666eb9e74e0985d6f81\",\"name\":\"Luzimara Fernandes\",\"image\":{\"@type\":\"ImageObject\",\"inLanguage\":\"pt-BR\",\"@id\":\"https:\/\/jornalfatosenoticias.com.br\/#\/schema\/person\/image\/\",\"url\":\"https:\/\/jornalfatosenoticias.com.br\/wp-content\/uploads\/2025\/05\/EU_portal.jpg\",\"contentUrl\":\"https:\/\/jornalfatosenoticias.com.br\/wp-content\/uploads\/2025\/05\/EU_portal.jpg\",\"caption\":\"Luzimara Fernandes\"},\"description\":\"Jornalista MTB 2358-ES\",\"sameAs\":[\"https:\/\/jornalfatosenoticias.com.br\"],\"url\":\"https:\/\/jornalfatosenoticias.com.br\/index.php\/author\/luzimara\/\"}]}<\/script>\n<!-- \/ Yoast SEO plugin. -->","yoast_head_json":{"title":"T\u00e1xi voador e eVTOLs s\u00e3o destaques na volta do Sal\u00e3o do Autom\u00f3vel de Detroit - Jornal Fatos e Not\u00edcias","robots":{"index":"index","follow":"follow","max-snippet":"max-snippet:-1","max-image-preview":"max-image-preview:large","max-video-preview":"max-video-preview:-1"},"canonical":"https:\/\/jornalfatosenoticias.com.br\/index.php\/2022\/09\/15\/taxi-voador-e-evtols-sao-destaques-na-volta-do-salao-do-automovel-de-detroit\/","og_locale":"pt_BR","og_type":"article","og_title":"T\u00e1xi voador e eVTOLs s\u00e3o destaques na volta do Sal\u00e3o do Autom\u00f3vel de Detroit - Jornal Fatos e Not\u00edcias","og_description":"Ap\u00f3s um hiato de tr\u00eas anos por conta da pandemia, o Sal\u00e3o do Autom\u00f3vel de Detroit, um dos maiores eventos do setor automotivo, est\u00e1 de volta esta semana em novo formato. O foco do evento em 2022 mudar\u00e1 das revela\u00e7\u00f5es de carros para experi\u00eancias mais interativas, explicou Thad Szott, presidente da empresa que cuida do [&hellip;]","og_url":"https:\/\/jornalfatosenoticias.com.br\/index.php\/2022\/09\/15\/taxi-voador-e-evtols-sao-destaques-na-volta-do-salao-do-automovel-de-detroit\/","og_site_name":"Jornal Fatos e Not\u00edcias","article_published_time":"2022-09-15T19:27:49+00:00","article_modified_time":"2022-09-15T19:27:51+00:00","og_image":[{"width":1000,"height":450,"url":"https:\/\/jornalfatosenoticias.com.br\/wp-content\/uploads\/2022\/09\/SALAO-DO-AUTOMOVEL-DETROIT_Shutterstock_1.jpg","type":"image\/jpeg"}],"author":"Luzimara Fernandes","twitter_card":"summary_large_image","twitter_misc":{"Escrito por":"Luzimara Fernandes","Est. tempo de leitura":"2 minutos"},"schema":{"@context":"https:\/\/schema.org","@graph":[{"@type":"Article","@id":"https:\/\/jornalfatosenoticias.com.br\/index.php\/2022\/09\/15\/taxi-voador-e-evtols-sao-destaques-na-volta-do-salao-do-automovel-de-detroit\/#article","isPartOf":{"@id":"https:\/\/jornalfatosenoticias.com.br\/index.php\/2022\/09\/15\/taxi-voador-e-evtols-sao-destaques-na-volta-do-salao-do-automovel-de-detroit\/"},"author":{"name":"Luzimara Fernandes","@id":"https:\/\/jornalfatosenoticias.com.br\/#\/schema\/person\/d63837fa13ac8666eb9e74e0985d6f81"},"headline":"T\u00e1xi voador e eVTOLs s\u00e3o destaques na volta do Sal\u00e3o do Autom\u00f3vel de Detroit","datePublished":"2022-09-15T19:27:49+00:00","dateModified":"2022-09-15T19:27:51+00:00","mainEntityOfPage":{"@id":"https:\/\/jornalfatosenoticias.com.br\/index.php\/2022\/09\/15\/taxi-voador-e-evtols-sao-destaques-na-volta-do-salao-do-automovel-de-detroit\/"},"wordCount":449,"commentCount":0,"publisher":{"@id":"https:\/\/jornalfatosenoticias.com.br\/#organization"},"image":{"@id":"https:\/\/jornalfatosenoticias.com.br\/index.php\/2022\/09\/15\/taxi-voador-e-evtols-sao-destaques-na-volta-do-salao-do-automovel-de-detroit\/#primaryimage"},"thumbnailUrl":"https:\/\/jornalfatosenoticias.com.br\/wp-content\/uploads\/2022\/09\/SALAO-DO-AUTOMOVEL-DETROIT_Shutterstock_1.jpg","keywords":["Detroit","eVTOL","sal\u00e3o","Sal\u00e3o do Autom\u00f3vel de Detroit","t\u00e1xi a\u00e9reo","t\u00e1xi voador"],"articleSection":["Internacional"],"inLanguage":"pt-BR","potentialAction":[{"@type":"CommentAction","name":"Comment","target":["https:\/\/jornalfatosenoticias.com.br\/index.php\/2022\/09\/15\/taxi-voador-e-evtols-sao-destaques-na-volta-do-salao-do-automovel-de-detroit\/#respond"]}]},{"@type":"WebPage","@id":"https:\/\/jornalfatosenoticias.com.br\/index.php\/2022\/09\/15\/taxi-voador-e-evtols-sao-destaques-na-volta-do-salao-do-automovel-de-detroit\/","url":"https:\/\/jornalfatosenoticias.com.br\/index.php\/2022\/09\/15\/taxi-voador-e-evtols-sao-destaques-na-volta-do-salao-do-automovel-de-detroit\/","name":"T\u00e1xi voador e eVTOLs s\u00e3o destaques na volta do Sal\u00e3o do Autom\u00f3vel de Detroit - Jornal Fatos e Not\u00edcias","isPartOf":{"@id":"https:\/\/jornalfatosenoticias.com.br\/#website"},"primaryImageOfPage":{"@id":"https:\/\/jornalfatosenoticias.com.br\/index.php\/2022\/09\/15\/taxi-voador-e-evtols-sao-destaques-na-volta-do-salao-do-automovel-de-detroit\/#primaryimage"},"image":{"@id":"https:\/\/jornalfatosenoticias.com.br\/index.php\/2022\/09\/15\/taxi-voador-e-evtols-sao-destaques-na-volta-do-salao-do-automovel-de-detroit\/#primaryimage"},"thumbnailUrl":"https:\/\/jornalfatosenoticias.com.br\/wp-content\/uploads\/2022\/09\/SALAO-DO-AUTOMOVEL-DETROIT_Shutterstock_1.jpg","datePublished":"2022-09-15T19:27:49+00:00","dateModified":"2022-09-15T19:27:51+00:00","breadcrumb":{"@id":"https:\/\/jornalfatosenoticias.com.br\/index.php\/2022\/09\/15\/taxi-voador-e-evtols-sao-destaques-na-volta-do-salao-do-automovel-de-detroit\/#breadcrumb"},"inLanguage":"pt-BR","potentialAction":[{"@type":"ReadAction","target":["https:\/\/jornalfatosenoticias.com.br\/index.php\/2022\/09\/15\/taxi-voador-e-evtols-sao-destaques-na-volta-do-salao-do-automovel-de-detroit\/"]}]},{"@type":"ImageObject","inLanguage":"pt-BR","@id":"https:\/\/jornalfatosenoticias.com.br\/index.php\/2022\/09\/15\/taxi-voador-e-evtols-sao-destaques-na-volta-do-salao-do-automovel-de-detroit\/#primaryimage","url":"https:\/\/jornalfatosenoticias.com.br\/wp-content\/uploads\/2022\/09\/SALAO-DO-AUTOMOVEL-DETROIT_Shutterstock_1.jpg","contentUrl":"https:\/\/jornalfatosenoticias.com.br\/wp-content\/uploads\/2022\/09\/SALAO-DO-AUTOMOVEL-DETROIT_Shutterstock_1.jpg","width":1000,"height":450},{"@type":"BreadcrumbList","@id":"https:\/\/jornalfatosenoticias.com.br\/index.php\/2022\/09\/15\/taxi-voador-e-evtols-sao-destaques-na-volta-do-salao-do-automovel-de-detroit\/#breadcrumb","itemListElement":[{"@type":"ListItem","position":1,"name":"In\u00edcio","item":"https:\/\/jornalfatosenoticias.com.br\/"},{"@type":"ListItem","position":2,"name":"T\u00e1xi voador e eVTOLs s\u00e3o destaques na volta do Sal\u00e3o do Autom\u00f3vel de Detroit"}]},{"@type":"WebSite","@id":"https:\/\/jornalfatosenoticias.com.br\/#website","url":"https:\/\/jornalfatosenoticias.com.br\/","name":"Jornal Fatos e Not\u00edcias","description":"Not\u00edcias em geral","publisher":{"@id":"https:\/\/jornalfatosenoticias.com.br\/#organization"},"potentialAction":[{"@type":"SearchAction","target":{"@type":"EntryPoint","urlTemplate":"https:\/\/jornalfatosenoticias.com.br\/?s={search_term_string}"},"query-input":{"@type":"PropertyValueSpecification","valueRequired":true,"valueName":"search_term_string"}}],"inLanguage":"pt-BR"},{"@type":"Organization","@id":"https:\/\/jornalfatosenoticias.com.br\/#organization","name":"Jornal Fatos e Not\u00edcias","url":"https:\/\/jornalfatosenoticias.com.br\/","logo":{"@type":"ImageObject","inLanguage":"pt-BR","@id":"https:\/\/jornalfatosenoticias.com.br\/#\/schema\/logo\/image\/","url":"https:\/\/jornalfatosenoticias.com.br\/wp-content\/uploads\/2020\/02\/logo120.png","contentUrl":"https:\/\/jornalfatosenoticias.com.br\/wp-content\/uploads\/2020\/02\/logo120.png","width":1227,"height":120,"caption":"Jornal Fatos e Not\u00edcias"},"image":{"@id":"https:\/\/jornalfatosenoticias.com.br\/#\/schema\/logo\/image\/"}},{"@type":"Person","@id":"https:\/\/jornalfatosenoticias.com.br\/#\/schema\/person\/d63837fa13ac8666eb9e74e0985d6f81","name":"Luzimara Fernandes","image":{"@type":"ImageObject","inLanguage":"pt-BR","@id":"https:\/\/jornalfatosenoticias.com.br\/#\/schema\/person\/image\/","url":"https:\/\/jornalfatosenoticias.com.br\/wp-content\/uploads\/2025\/05\/EU_portal.jpg","contentUrl":"https:\/\/jornalfatosenoticias.com.br\/wp-content\/uploads\/2025\/05\/EU_portal.jpg","caption":"Luzimara Fernandes"},"description":"Jornalista MTB 2358-ES","sameAs":["https:\/\/jornalfatosenoticias.com.br"],"url":"https:\/\/jornalfatosenoticias.com.br\/index.php\/author\/luzimara\/"}]}},"cc_featured_image_caption":{"caption_text":"(Foto: aerogondo2\/Shutterstock)","source_text":"","source_url":""},"jetpack_featured_media_url":"https:\/\/jornalfatosenoticias.com.br\/wp-content\/uploads\/2022\/09\/SALAO-DO-AUTOMOVEL-DETROIT_Shutterstock_1.jpg","_links":{"self":[{"href":"https:\/\/jornalfatosenoticias.com.br\/index.php\/wp-json\/wp\/v2\/posts\/34254","targetHints":{"allow":["GET"]}}],"collection":[{"href":"https:\/\/jornalfatosenoticias.com.br\/index.php\/wp-json\/wp\/v2\/posts"}],"about":[{"href":"https:\/\/jornalfatosenoticias.com.br\/index.php\/wp-json\/wp\/v2\/types\/post"}],"author":[{"embeddable":true,"href":"https:\/\/jornalfatosenoticias.com.br\/index.php\/wp-json\/wp\/v2\/users\/2"}],"replies":[{"embeddable":true,"href":"https:\/\/jornalfatosenoticias.com.br\/index.php\/wp-json\/wp\/v2\/comments?post=34254"}],"version-history":[{"count":0,"href":"https:\/\/jornalfatosenoticias.com.br\/index.php\/wp-json\/wp\/v2\/posts\/34254\/revisions"}],"wp:featuredmedia":[{"embeddable":true,"href":"https:\/\/jornalfatosenoticias.com.br\/index.php\/wp-json\/wp\/v2\/media\/34256"}],"wp:attachment":[{"href":"https:\/\/jornalfatosenoticias.com.br\/index.php\/wp-json\/wp\/v2\/media?parent=34254"}],"wp:term":[{"taxonomy":"category","embeddable":true,"href":"https:\/\/jornalfatosenoticias.com.br\/index.php\/wp-json\/wp\/v2\/categories?post=34254"},{"taxonomy":"post_tag","embeddable":true,"href":"https:\/\/jornalfatosenoticias.com.br\/index.php\/wp-json\/wp\/v2\/tags?post=34254"}],"curies":[{"name":"wp","href":"https:\/\/api.w.org\/{rel}","templated":true}]}}