{"id":34261,"date":"2022-09-16T11:07:04","date_gmt":"2022-09-16T14:07:04","guid":{"rendered":"https:\/\/jornalfatosenoticias.com.br\/?p=34261"},"modified":"2022-09-16T11:07:07","modified_gmt":"2022-09-16T14:07:07","slug":"igp-10-tem-deflacao-de-090-em-setembro","status":"publish","type":"post","link":"https:\/\/jornalfatosenoticias.com.br\/index.php\/2022\/09\/16\/igp-10-tem-deflacao-de-090-em-setembro\/","title":{"rendered":"IGP-10 tem defla\u00e7\u00e3o de 0,90% em setembro"},"content":{"rendered":"\n<p><span class=\"has-inline-color has-black-color\"><em>Queda foi mais acentuada do que no m\u00eas anterior<\/em><\/span><\/p>\n\n\n\n<div class=\"wp-block-image\"><figure class=\"aligncenter size-large is-resized\"><img loading=\"lazy\" decoding=\"async\" src=\"https:\/\/jornalfatosenoticias.com.br\/wp-content\/uploads\/2020\/02\/Serra-Grande-1024x160.png\" alt=\"\" class=\"wp-image-7836\" width=\"483\" height=\"75\"\/><\/figure><\/div>\n\n\n\n<p>O \u00cdndice Geral de Pre\u00e7os \u2014 10 (IGP-10) registrou defla\u00e7\u00e3o (queda de pre\u00e7os) de 0,90% em setembro deste ano. A queda foi mais acentuada do que a observada no m\u00eas anterior (-0,69%).<br>O dado foi divulgado hoje (16) pela Funda\u00e7\u00e3o Get\u00falio Vargas (FGV).<br>Com esse resultado, o \u00edndice acumula taxas de infla\u00e7\u00e3o de 7,45% no ano e de 8,24% em 12 meses. Em setembro do ano passado, o \u00edndice havia tido defla\u00e7\u00e3o de 0,37% no m\u00eas e infla\u00e7\u00e3o de 26,84% em 12 meses.<\/p>\n\n\n\n<div class=\"wp-block-image\"><figure class=\"alignleft size-large\"><img decoding=\"async\" src=\"https:\/\/jornalfatosenoticias.com.br\/wp-content\/uploads\/2020\/02\/logo_esteio.jpg\" alt=\"\" class=\"wp-image-1214\"\/><\/figure><\/div>\n\n\n\n<p>O \u00cdndice de Pre\u00e7os ao Produtor Amplo (IPA), que mede o atacado, teve queda de 1,18% em setembro, defla\u00e7\u00e3o superior \u00e0 registrada no m\u00eas anterior (-0,65%).<br>O \u00cdndice de Pre\u00e7os ao Consumidor (IPC), que mede o varejo, tamb\u00e9m continuou registrando defla\u00e7\u00e3o, mas com taxa maior, ao passar de -1,56% em agosto para -0,14% em setembro.<br>O \u00cdndice Nacional de Custo da Constru\u00e7\u00e3o (INCC) passou de uma infla\u00e7\u00e3o de 0,74% em agosto para defla\u00e7\u00e3o de 0,02% em setembro.<\/p>\n\n\n\n<div class=\"wp-block-image\"><figure class=\"aligncenter size-large\"><img decoding=\"async\" src=\"https:\/\/jornalfatosenoticias.com.br\/wp-content\/uploads\/2020\/02\/logo-Ana_portal.jpg\" alt=\"\" class=\"wp-image-34101\"\/><\/figure><\/div>\n\n\n\n<p><strong><em>Fonte: <a href=\"https:\/\/agenciabrasil.ebc.com.br\/economia\/noticia\/2022-09\/igp-10-tem-deflacao-de-090-em-setembro\">Ag\u00eancia Brasil<\/a><\/em><\/strong><\/p>\n","protected":false},"excerpt":{"rendered":"<p>Queda foi mais acentuada do que no m\u00eas anterior O \u00cdndice Geral de Pre\u00e7os \u2014 10 (IGP-10) registrou defla\u00e7\u00e3o (queda de pre\u00e7os) de 0,90% em setembro deste ano. A queda foi mais acentuada do que a observada no m\u00eas anterior (-0,69%).O dado foi divulgado hoje (16) pela Funda\u00e7\u00e3o Get\u00falio Vargas (FGV).Com esse resultado, o \u00edndice [&hellip;]<\/p>\n","protected":false},"author":2,"featured_media":34262,"comment_status":"open","ping_status":"open","sticky":false,"template":"","format":"standard","meta":{"footnotes":""},"categories":[9],"tags":[15744,1212,16092,16093],"class_list":["post-34261","post","type-post","status-publish","format-standard","has-post-thumbnail","hentry","category-economia","tag-deflacao","tag-fgv","tag-igp-10","tag-setembro"],"yoast_head":"<!-- This site is optimized with the Yoast SEO plugin v26.5 - https:\/\/yoast.com\/wordpress\/plugins\/seo\/ -->\n<title>IGP-10 tem defla\u00e7\u00e3o de 0,90% em setembro - Jornal Fatos e Not\u00edcias<\/title>\n<meta name=\"robots\" content=\"index, follow, max-snippet:-1, max-image-preview:large, max-video-preview:-1\" \/>\n<link rel=\"canonical\" href=\"https:\/\/jornalfatosenoticias.com.br\/index.php\/2022\/09\/16\/igp-10-tem-deflacao-de-090-em-setembro\/\" \/>\n<meta property=\"og:locale\" content=\"pt_BR\" \/>\n<meta property=\"og:type\" content=\"article\" \/>\n<meta property=\"og:title\" content=\"IGP-10 tem defla\u00e7\u00e3o de 0,90% em setembro - Jornal Fatos e Not\u00edcias\" \/>\n<meta property=\"og:description\" content=\"Queda foi mais acentuada do que no m\u00eas anterior O \u00cdndice Geral de Pre\u00e7os \u2014 10 (IGP-10) registrou defla\u00e7\u00e3o (queda de pre\u00e7os) de 0,90% em setembro deste ano. A queda foi mais acentuada do que a observada no m\u00eas anterior (-0,69%).O dado foi divulgado hoje (16) pela Funda\u00e7\u00e3o Get\u00falio Vargas (FGV).Com esse resultado, o \u00edndice [&hellip;]\" \/>\n<meta property=\"og:url\" content=\"https:\/\/jornalfatosenoticias.com.br\/index.php\/2022\/09\/16\/igp-10-tem-deflacao-de-090-em-setembro\/\" \/>\n<meta property=\"og:site_name\" content=\"Jornal Fatos e Not\u00edcias\" \/>\n<meta property=\"article:published_time\" content=\"2022-09-16T14:07:04+00:00\" \/>\n<meta property=\"article:modified_time\" content=\"2022-09-16T14:07:07+00:00\" \/>\n<meta property=\"og:image\" content=\"https:\/\/jornalfatosenoticias.com.br\/wp-content\/uploads\/2022\/09\/atacadao_deflacao.jpg\" \/>\n\t<meta property=\"og:image:width\" content=\"1000\" \/>\n\t<meta property=\"og:image:height\" content=\"598\" \/>\n\t<meta property=\"og:image:type\" content=\"image\/jpeg\" \/>\n<meta name=\"author\" content=\"Luzimara Fernandes\" \/>\n<meta name=\"twitter:card\" content=\"summary_large_image\" \/>\n<meta name=\"twitter:label1\" content=\"Escrito por\" \/>\n\t<meta name=\"twitter:data1\" content=\"Luzimara Fernandes\" \/>\n\t<meta name=\"twitter:label2\" content=\"Est. tempo de leitura\" \/>\n\t<meta name=\"twitter:data2\" content=\"1 minuto\" \/>\n<script type=\"application\/ld+json\" class=\"yoast-schema-graph\">{\"@context\":\"https:\/\/schema.org\",\"@graph\":[{\"@type\":\"Article\",\"@id\":\"https:\/\/jornalfatosenoticias.com.br\/index.php\/2022\/09\/16\/igp-10-tem-deflacao-de-090-em-setembro\/#article\",\"isPartOf\":{\"@id\":\"https:\/\/jornalfatosenoticias.com.br\/index.php\/2022\/09\/16\/igp-10-tem-deflacao-de-090-em-setembro\/\"},\"author\":{\"name\":\"Luzimara Fernandes\",\"@id\":\"https:\/\/jornalfatosenoticias.com.br\/#\/schema\/person\/d63837fa13ac8666eb9e74e0985d6f81\"},\"headline\":\"IGP-10 tem defla\u00e7\u00e3o de 0,90% em setembro\",\"datePublished\":\"2022-09-16T14:07:04+00:00\",\"dateModified\":\"2022-09-16T14:07:07+00:00\",\"mainEntityOfPage\":{\"@id\":\"https:\/\/jornalfatosenoticias.com.br\/index.php\/2022\/09\/16\/igp-10-tem-deflacao-de-090-em-setembro\/\"},\"wordCount\":186,\"commentCount\":0,\"publisher\":{\"@id\":\"https:\/\/jornalfatosenoticias.com.br\/#organization\"},\"image\":{\"@id\":\"https:\/\/jornalfatosenoticias.com.br\/index.php\/2022\/09\/16\/igp-10-tem-deflacao-de-090-em-setembro\/#primaryimage\"},\"thumbnailUrl\":\"https:\/\/jornalfatosenoticias.com.br\/wp-content\/uploads\/2022\/09\/atacadao_deflacao.jpg\",\"keywords\":[\"defla\u00e7\u00e3o\",\"FGV\",\"IGP-10\",\"setembro\"],\"articleSection\":[\"Economia\"],\"inLanguage\":\"pt-BR\",\"potentialAction\":[{\"@type\":\"CommentAction\",\"name\":\"Comment\",\"target\":[\"https:\/\/jornalfatosenoticias.com.br\/index.php\/2022\/09\/16\/igp-10-tem-deflacao-de-090-em-setembro\/#respond\"]}]},{\"@type\":\"WebPage\",\"@id\":\"https:\/\/jornalfatosenoticias.com.br\/index.php\/2022\/09\/16\/igp-10-tem-deflacao-de-090-em-setembro\/\",\"url\":\"https:\/\/jornalfatosenoticias.com.br\/index.php\/2022\/09\/16\/igp-10-tem-deflacao-de-090-em-setembro\/\",\"name\":\"IGP-10 tem defla\u00e7\u00e3o de 0,90% em setembro - Jornal Fatos e Not\u00edcias\",\"isPartOf\":{\"@id\":\"https:\/\/jornalfatosenoticias.com.br\/#website\"},\"primaryImageOfPage\":{\"@id\":\"https:\/\/jornalfatosenoticias.com.br\/index.php\/2022\/09\/16\/igp-10-tem-deflacao-de-090-em-setembro\/#primaryimage\"},\"image\":{\"@id\":\"https:\/\/jornalfatosenoticias.com.br\/index.php\/2022\/09\/16\/igp-10-tem-deflacao-de-090-em-setembro\/#primaryimage\"},\"thumbnailUrl\":\"https:\/\/jornalfatosenoticias.com.br\/wp-content\/uploads\/2022\/09\/atacadao_deflacao.jpg\",\"datePublished\":\"2022-09-16T14:07:04+00:00\",\"dateModified\":\"2022-09-16T14:07:07+00:00\",\"breadcrumb\":{\"@id\":\"https:\/\/jornalfatosenoticias.com.br\/index.php\/2022\/09\/16\/igp-10-tem-deflacao-de-090-em-setembro\/#breadcrumb\"},\"inLanguage\":\"pt-BR\",\"potentialAction\":[{\"@type\":\"ReadAction\",\"target\":[\"https:\/\/jornalfatosenoticias.com.br\/index.php\/2022\/09\/16\/igp-10-tem-deflacao-de-090-em-setembro\/\"]}]},{\"@type\":\"ImageObject\",\"inLanguage\":\"pt-BR\",\"@id\":\"https:\/\/jornalfatosenoticias.com.br\/index.php\/2022\/09\/16\/igp-10-tem-deflacao-de-090-em-setembro\/#primaryimage\",\"url\":\"https:\/\/jornalfatosenoticias.com.br\/wp-content\/uploads\/2022\/09\/atacadao_deflacao.jpg\",\"contentUrl\":\"https:\/\/jornalfatosenoticias.com.br\/wp-content\/uploads\/2022\/09\/atacadao_deflacao.jpg\",\"width\":1000,\"height\":598,\"caption\":\"mat\u00e9ria especial sobre clientes de super mercado que migra para atacad\u00e3o em busca de melhore pre\u00e7os.\"},{\"@type\":\"BreadcrumbList\",\"@id\":\"https:\/\/jornalfatosenoticias.com.br\/index.php\/2022\/09\/16\/igp-10-tem-deflacao-de-090-em-setembro\/#breadcrumb\",\"itemListElement\":[{\"@type\":\"ListItem\",\"position\":1,\"name\":\"In\u00edcio\",\"item\":\"https:\/\/jornalfatosenoticias.com.br\/\"},{\"@type\":\"ListItem\",\"position\":2,\"name\":\"IGP-10 tem defla\u00e7\u00e3o de 0,90% em setembro\"}]},{\"@type\":\"WebSite\",\"@id\":\"https:\/\/jornalfatosenoticias.com.br\/#website\",\"url\":\"https:\/\/jornalfatosenoticias.com.br\/\",\"name\":\"Jornal Fatos e Not\u00edcias\",\"description\":\"Not\u00edcias em geral\",\"publisher\":{\"@id\":\"https:\/\/jornalfatosenoticias.com.br\/#organization\"},\"potentialAction\":[{\"@type\":\"SearchAction\",\"target\":{\"@type\":\"EntryPoint\",\"urlTemplate\":\"https:\/\/jornalfatosenoticias.com.br\/?s={search_term_string}\"},\"query-input\":{\"@type\":\"PropertyValueSpecification\",\"valueRequired\":true,\"valueName\":\"search_term_string\"}}],\"inLanguage\":\"pt-BR\"},{\"@type\":\"Organization\",\"@id\":\"https:\/\/jornalfatosenoticias.com.br\/#organization\",\"name\":\"Jornal Fatos e Not\u00edcias\",\"url\":\"https:\/\/jornalfatosenoticias.com.br\/\",\"logo\":{\"@type\":\"ImageObject\",\"inLanguage\":\"pt-BR\",\"@id\":\"https:\/\/jornalfatosenoticias.com.br\/#\/schema\/logo\/image\/\",\"url\":\"https:\/\/jornalfatosenoticias.com.br\/wp-content\/uploads\/2020\/02\/logo120.png\",\"contentUrl\":\"https:\/\/jornalfatosenoticias.com.br\/wp-content\/uploads\/2020\/02\/logo120.png\",\"width\":1227,\"height\":120,\"caption\":\"Jornal Fatos e Not\u00edcias\"},\"image\":{\"@id\":\"https:\/\/jornalfatosenoticias.com.br\/#\/schema\/logo\/image\/\"}},{\"@type\":\"Person\",\"@id\":\"https:\/\/jornalfatosenoticias.com.br\/#\/schema\/person\/d63837fa13ac8666eb9e74e0985d6f81\",\"name\":\"Luzimara Fernandes\",\"image\":{\"@type\":\"ImageObject\",\"inLanguage\":\"pt-BR\",\"@id\":\"https:\/\/jornalfatosenoticias.com.br\/#\/schema\/person\/image\/\",\"url\":\"https:\/\/jornalfatosenoticias.com.br\/wp-content\/uploads\/2025\/05\/EU_portal.jpg\",\"contentUrl\":\"https:\/\/jornalfatosenoticias.com.br\/wp-content\/uploads\/2025\/05\/EU_portal.jpg\",\"caption\":\"Luzimara Fernandes\"},\"description\":\"Jornalista MTB 2358-ES\",\"sameAs\":[\"https:\/\/jornalfatosenoticias.com.br\"],\"url\":\"https:\/\/jornalfatosenoticias.com.br\/index.php\/author\/luzimara\/\"}]}<\/script>\n<!-- \/ Yoast SEO plugin. -->","yoast_head_json":{"title":"IGP-10 tem defla\u00e7\u00e3o de 0,90% em setembro - Jornal Fatos e Not\u00edcias","robots":{"index":"index","follow":"follow","max-snippet":"max-snippet:-1","max-image-preview":"max-image-preview:large","max-video-preview":"max-video-preview:-1"},"canonical":"https:\/\/jornalfatosenoticias.com.br\/index.php\/2022\/09\/16\/igp-10-tem-deflacao-de-090-em-setembro\/","og_locale":"pt_BR","og_type":"article","og_title":"IGP-10 tem defla\u00e7\u00e3o de 0,90% em setembro - Jornal Fatos e Not\u00edcias","og_description":"Queda foi mais acentuada do que no m\u00eas anterior O \u00cdndice Geral de Pre\u00e7os \u2014 10 (IGP-10) registrou defla\u00e7\u00e3o (queda de pre\u00e7os) de 0,90% em setembro deste ano. A queda foi mais acentuada do que a observada no m\u00eas anterior (-0,69%).O dado foi divulgado hoje (16) pela Funda\u00e7\u00e3o Get\u00falio Vargas (FGV).Com esse resultado, o \u00edndice [&hellip;]","og_url":"https:\/\/jornalfatosenoticias.com.br\/index.php\/2022\/09\/16\/igp-10-tem-deflacao-de-090-em-setembro\/","og_site_name":"Jornal Fatos e Not\u00edcias","article_published_time":"2022-09-16T14:07:04+00:00","article_modified_time":"2022-09-16T14:07:07+00:00","og_image":[{"width":1000,"height":598,"url":"https:\/\/jornalfatosenoticias.com.br\/wp-content\/uploads\/2022\/09\/atacadao_deflacao.jpg","type":"image\/jpeg"}],"author":"Luzimara Fernandes","twitter_card":"summary_large_image","twitter_misc":{"Escrito por":"Luzimara Fernandes","Est. tempo de leitura":"1 minuto"},"schema":{"@context":"https:\/\/schema.org","@graph":[{"@type":"Article","@id":"https:\/\/jornalfatosenoticias.com.br\/index.php\/2022\/09\/16\/igp-10-tem-deflacao-de-090-em-setembro\/#article","isPartOf":{"@id":"https:\/\/jornalfatosenoticias.com.br\/index.php\/2022\/09\/16\/igp-10-tem-deflacao-de-090-em-setembro\/"},"author":{"name":"Luzimara Fernandes","@id":"https:\/\/jornalfatosenoticias.com.br\/#\/schema\/person\/d63837fa13ac8666eb9e74e0985d6f81"},"headline":"IGP-10 tem defla\u00e7\u00e3o de 0,90% em setembro","datePublished":"2022-09-16T14:07:04+00:00","dateModified":"2022-09-16T14:07:07+00:00","mainEntityOfPage":{"@id":"https:\/\/jornalfatosenoticias.com.br\/index.php\/2022\/09\/16\/igp-10-tem-deflacao-de-090-em-setembro\/"},"wordCount":186,"commentCount":0,"publisher":{"@id":"https:\/\/jornalfatosenoticias.com.br\/#organization"},"image":{"@id":"https:\/\/jornalfatosenoticias.com.br\/index.php\/2022\/09\/16\/igp-10-tem-deflacao-de-090-em-setembro\/#primaryimage"},"thumbnailUrl":"https:\/\/jornalfatosenoticias.com.br\/wp-content\/uploads\/2022\/09\/atacadao_deflacao.jpg","keywords":["defla\u00e7\u00e3o","FGV","IGP-10","setembro"],"articleSection":["Economia"],"inLanguage":"pt-BR","potentialAction":[{"@type":"CommentAction","name":"Comment","target":["https:\/\/jornalfatosenoticias.com.br\/index.php\/2022\/09\/16\/igp-10-tem-deflacao-de-090-em-setembro\/#respond"]}]},{"@type":"WebPage","@id":"https:\/\/jornalfatosenoticias.com.br\/index.php\/2022\/09\/16\/igp-10-tem-deflacao-de-090-em-setembro\/","url":"https:\/\/jornalfatosenoticias.com.br\/index.php\/2022\/09\/16\/igp-10-tem-deflacao-de-090-em-setembro\/","name":"IGP-10 tem defla\u00e7\u00e3o de 0,90% em setembro - Jornal Fatos e Not\u00edcias","isPartOf":{"@id":"https:\/\/jornalfatosenoticias.com.br\/#website"},"primaryImageOfPage":{"@id":"https:\/\/jornalfatosenoticias.com.br\/index.php\/2022\/09\/16\/igp-10-tem-deflacao-de-090-em-setembro\/#primaryimage"},"image":{"@id":"https:\/\/jornalfatosenoticias.com.br\/index.php\/2022\/09\/16\/igp-10-tem-deflacao-de-090-em-setembro\/#primaryimage"},"thumbnailUrl":"https:\/\/jornalfatosenoticias.com.br\/wp-content\/uploads\/2022\/09\/atacadao_deflacao.jpg","datePublished":"2022-09-16T14:07:04+00:00","dateModified":"2022-09-16T14:07:07+00:00","breadcrumb":{"@id":"https:\/\/jornalfatosenoticias.com.br\/index.php\/2022\/09\/16\/igp-10-tem-deflacao-de-090-em-setembro\/#breadcrumb"},"inLanguage":"pt-BR","potentialAction":[{"@type":"ReadAction","target":["https:\/\/jornalfatosenoticias.com.br\/index.php\/2022\/09\/16\/igp-10-tem-deflacao-de-090-em-setembro\/"]}]},{"@type":"ImageObject","inLanguage":"pt-BR","@id":"https:\/\/jornalfatosenoticias.com.br\/index.php\/2022\/09\/16\/igp-10-tem-deflacao-de-090-em-setembro\/#primaryimage","url":"https:\/\/jornalfatosenoticias.com.br\/wp-content\/uploads\/2022\/09\/atacadao_deflacao.jpg","contentUrl":"https:\/\/jornalfatosenoticias.com.br\/wp-content\/uploads\/2022\/09\/atacadao_deflacao.jpg","width":1000,"height":598,"caption":"mat\u00e9ria especial sobre clientes de super mercado que migra para atacad\u00e3o em busca de melhore pre\u00e7os."},{"@type":"BreadcrumbList","@id":"https:\/\/jornalfatosenoticias.com.br\/index.php\/2022\/09\/16\/igp-10-tem-deflacao-de-090-em-setembro\/#breadcrumb","itemListElement":[{"@type":"ListItem","position":1,"name":"In\u00edcio","item":"https:\/\/jornalfatosenoticias.com.br\/"},{"@type":"ListItem","position":2,"name":"IGP-10 tem defla\u00e7\u00e3o de 0,90% em setembro"}]},{"@type":"WebSite","@id":"https:\/\/jornalfatosenoticias.com.br\/#website","url":"https:\/\/jornalfatosenoticias.com.br\/","name":"Jornal Fatos e Not\u00edcias","description":"Not\u00edcias em geral","publisher":{"@id":"https:\/\/jornalfatosenoticias.com.br\/#organization"},"potentialAction":[{"@type":"SearchAction","target":{"@type":"EntryPoint","urlTemplate":"https:\/\/jornalfatosenoticias.com.br\/?s={search_term_string}"},"query-input":{"@type":"PropertyValueSpecification","valueRequired":true,"valueName":"search_term_string"}}],"inLanguage":"pt-BR"},{"@type":"Organization","@id":"https:\/\/jornalfatosenoticias.com.br\/#organization","name":"Jornal Fatos e Not\u00edcias","url":"https:\/\/jornalfatosenoticias.com.br\/","logo":{"@type":"ImageObject","inLanguage":"pt-BR","@id":"https:\/\/jornalfatosenoticias.com.br\/#\/schema\/logo\/image\/","url":"https:\/\/jornalfatosenoticias.com.br\/wp-content\/uploads\/2020\/02\/logo120.png","contentUrl":"https:\/\/jornalfatosenoticias.com.br\/wp-content\/uploads\/2020\/02\/logo120.png","width":1227,"height":120,"caption":"Jornal Fatos e Not\u00edcias"},"image":{"@id":"https:\/\/jornalfatosenoticias.com.br\/#\/schema\/logo\/image\/"}},{"@type":"Person","@id":"https:\/\/jornalfatosenoticias.com.br\/#\/schema\/person\/d63837fa13ac8666eb9e74e0985d6f81","name":"Luzimara Fernandes","image":{"@type":"ImageObject","inLanguage":"pt-BR","@id":"https:\/\/jornalfatosenoticias.com.br\/#\/schema\/person\/image\/","url":"https:\/\/jornalfatosenoticias.com.br\/wp-content\/uploads\/2025\/05\/EU_portal.jpg","contentUrl":"https:\/\/jornalfatosenoticias.com.br\/wp-content\/uploads\/2025\/05\/EU_portal.jpg","caption":"Luzimara Fernandes"},"description":"Jornalista MTB 2358-ES","sameAs":["https:\/\/jornalfatosenoticias.com.br"],"url":"https:\/\/jornalfatosenoticias.com.br\/index.php\/author\/luzimara\/"}]}},"cc_featured_image_caption":{"caption_text":"(Foto: Ant\u00f4nio Cruz\/Ag\u00eancia Brasil)","source_text":"","source_url":""},"jetpack_featured_media_url":"https:\/\/jornalfatosenoticias.com.br\/wp-content\/uploads\/2022\/09\/atacadao_deflacao.jpg","_links":{"self":[{"href":"https:\/\/jornalfatosenoticias.com.br\/index.php\/wp-json\/wp\/v2\/posts\/34261","targetHints":{"allow":["GET"]}}],"collection":[{"href":"https:\/\/jornalfatosenoticias.com.br\/index.php\/wp-json\/wp\/v2\/posts"}],"about":[{"href":"https:\/\/jornalfatosenoticias.com.br\/index.php\/wp-json\/wp\/v2\/types\/post"}],"author":[{"embeddable":true,"href":"https:\/\/jornalfatosenoticias.com.br\/index.php\/wp-json\/wp\/v2\/users\/2"}],"replies":[{"embeddable":true,"href":"https:\/\/jornalfatosenoticias.com.br\/index.php\/wp-json\/wp\/v2\/comments?post=34261"}],"version-history":[{"count":0,"href":"https:\/\/jornalfatosenoticias.com.br\/index.php\/wp-json\/wp\/v2\/posts\/34261\/revisions"}],"wp:featuredmedia":[{"embeddable":true,"href":"https:\/\/jornalfatosenoticias.com.br\/index.php\/wp-json\/wp\/v2\/media\/34262"}],"wp:attachment":[{"href":"https:\/\/jornalfatosenoticias.com.br\/index.php\/wp-json\/wp\/v2\/media?parent=34261"}],"wp:term":[{"taxonomy":"category","embeddable":true,"href":"https:\/\/jornalfatosenoticias.com.br\/index.php\/wp-json\/wp\/v2\/categories?post=34261"},{"taxonomy":"post_tag","embeddable":true,"href":"https:\/\/jornalfatosenoticias.com.br\/index.php\/wp-json\/wp\/v2\/tags?post=34261"}],"curies":[{"name":"wp","href":"https:\/\/api.w.org\/{rel}","templated":true}]}}