{"id":34273,"date":"2022-09-16T11:38:37","date_gmt":"2022-09-16T14:38:37","guid":{"rendered":"https:\/\/jornalfatosenoticias.com.br\/?p=34273"},"modified":"2022-09-16T11:38:39","modified_gmt":"2022-09-16T14:38:39","slug":"beth-gomes-quebra-recorde-mundial-no-arremesso-de-peso-classe-f52","status":"publish","type":"post","link":"https:\/\/jornalfatosenoticias.com.br\/index.php\/2022\/09\/16\/beth-gomes-quebra-recorde-mundial-no-arremesso-de-peso-classe-f52\/","title":{"rendered":"Beth Gomes quebra recorde mundial no arremesso de peso classe F52"},"content":{"rendered":"\n<p><span class=\"has-inline-color has-black-color\"><em>Brasileira alcan\u00e7a marca de 8,69 m no Grand Prix de Marrakech<\/em><\/span><\/p>\n\n\n\n<div class=\"wp-block-image\"><figure class=\"aligncenter size-large\"><img loading=\"lazy\" decoding=\"async\" width=\"1024\" height=\"100\" src=\"https:\/\/jornalfatosenoticias.com.br\/wp-content\/uploads\/2020\/02\/banner_ferramentas-1024x100.jpg\" alt=\"\" class=\"wp-image-1258\" srcset=\"https:\/\/jornalfatosenoticias.com.br\/wp-content\/uploads\/2020\/02\/banner_ferramentas-1024x100.jpg 1024w, https:\/\/jornalfatosenoticias.com.br\/wp-content\/uploads\/2020\/02\/banner_ferramentas-300x29.jpg 300w, https:\/\/jornalfatosenoticias.com.br\/wp-content\/uploads\/2020\/02\/banner_ferramentas-768x75.jpg 768w, https:\/\/jornalfatosenoticias.com.br\/wp-content\/uploads\/2020\/02\/banner_ferramentas.jpg 1227w\" sizes=\"auto, (max-width: 1024px) 100vw, 1024px\" \/><\/figure><\/div>\n\n\n\n<p>A brasileira Beth Gomes quebrou o recorde mundial da prova de arremesso de peso da classe F52 (atletas que competem em cadeiras), nesta quinta-feira (15) no Grand Prix de atletismo paral\u00edmpico de Marrakech (Marrocos), ao alcan\u00e7ar a marca de 8,69 metros, que lhe garantiu a medalha de ouro.<\/p>\n\n\n\n<div class=\"wp-block-image\"><figure class=\"aligncenter size-large\"><img decoding=\"async\" src=\"https:\/\/jornalfatosenoticias.com.br\/wp-content\/uploads\/2020\/02\/nova-logo-zucchi-1024x110.jpeg\" alt=\"\" class=\"wp-image-33846\"\/><\/figure><\/div>\n\n\n\n<figure class=\"wp-block-embed-twitter wp-block-embed is-type-rich is-provider-twitter\"><div class=\"wp-block-embed__wrapper\">\n<blockquote class=\"twitter-tweet\" data-width=\"550\" data-dnt=\"true\"><p lang=\"pt\" dir=\"ltr\">Beth Gomes bate recorde mundial na estreia do Grand Prix de atletismo paral\u00edmpico em Marrakech: <a href=\"https:\/\/t.co\/29x47d7tCV\">https:\/\/t.co\/29x47d7tCV<\/a> <a href=\"https:\/\/t.co\/hfkUhzR4FT\">pic.twitter.com\/hfkUhzR4FT<\/a><\/p>&mdash; Comit\u00ea Paral\u00edmpico Brasileiro (@BraParalimpico) <a href=\"https:\/\/twitter.com\/BraParalimpico\/status\/1570566031332225027?ref_src=twsrc%5Etfw\">September 16, 2022<\/a><\/blockquote><script async src=\"https:\/\/platform.twitter.com\/widgets.js\" charset=\"utf-8\"><\/script>\n<\/div><\/figure>\n\n\n\n<div class=\"wp-block-image\"><figure class=\"alignleft size-large is-resized\"><img loading=\"lazy\" decoding=\"async\" src=\"https:\/\/jornalfatosenoticias.com.br\/wp-content\/uploads\/2022\/08\/logo-locau-veiculos-1024x573.png\" alt=\"\" class=\"wp-image-33078\" width=\"369\" height=\"206\"\/><\/figure><\/div>\n\n\n\n<p>Ao alcan\u00e7ar este feito, a paulista superou um recorde que era dela mesmo, de 8,45 m e alcan\u00e7ado no Campeonato Brasileiro da modalidade, disputado em S\u00e3o Paulo em maio deste ano.<br>A medalha de Beth foi uma das sete de ouro do Brasil no primeiro dia da competi\u00e7\u00e3o, a mais importante do atletismo paral\u00edmpico mundial nesta temporada. <\/p>\n\n\n\n<div class=\"wp-block-image\"><figure class=\"aligncenter size-large is-resized\"><img loading=\"lazy\" decoding=\"async\" src=\"https:\/\/jornalfatosenoticias.com.br\/wp-content\/uploads\/2022\/07\/Logo-Grupo-SEI.jpg\" alt=\"\" class=\"wp-image-31973\" width=\"419\" height=\"220\" srcset=\"https:\/\/jornalfatosenoticias.com.br\/wp-content\/uploads\/2022\/07\/Logo-Grupo-SEI.jpg 713w, https:\/\/jornalfatosenoticias.com.br\/wp-content\/uploads\/2022\/07\/Logo-Grupo-SEI-300x158.jpg 300w\" sizes=\"auto, (max-width: 419px) 100vw, 419px\" \/><\/figure><\/div>\n\n\n\n<p>As outras foram conquistadas pelo velocista Ricardo Gomes, na prova dos 100 m da classe T37 (para paralisados cerebrais), por Washington J\u00fanior, nos 100 m da classe T47 (atletas com defici\u00eancia nos membros superiores), por J\u00falio C\u00e9sar Agripino dos Santos, nos 1.500 m das classes T11, T12, T13 e T20, pela baiana Samira Brito, nos 100 m da classe T36 (paralisados cerebrais), por Thalita Simpl\u00edcio, nos 100 m da T11, e por Joeferson de Oliveira, nos 100 m da classe T12.<\/p>\n\n\n\n<div class=\"wp-block-image\"><figure class=\"aligncenter size-large\"><img loading=\"lazy\" decoding=\"async\" width=\"300\" height=\"237\" src=\"https:\/\/jornalfatosenoticias.com.br\/wp-content\/uploads\/2020\/02\/SEVENTUR-TURISMO.jpg\" alt=\"\" class=\"wp-image-32994\"\/><\/figure><\/div>\n\n\n\n<p><em><span class=\"has-inline-color has-black-color\">(<strong>Foto: <\/strong>Daniel Zappe\/Exemplus\/CPB\/Direitos Reservados)<\/span><\/em><\/p>\n\n\n\n<p><strong><em>Fonte: <a href=\"https:\/\/agenciabrasil.ebc.com.br\/esportes\/noticia\/2022-09\/beth-gomes-quebra-recorde-mundial-no-arremesso-de-peso-classe-f52\">Ag\u00eancia Brasil<\/a><\/em><\/strong><\/p>\n","protected":false},"excerpt":{"rendered":"<p>Brasileira alcan\u00e7a marca de 8,69 m no Grand Prix de Marrakech A brasileira Beth Gomes quebrou o recorde mundial da prova de arremesso de peso da classe F52 (atletas que competem em cadeiras), nesta quinta-feira (15) no Grand Prix de atletismo paral\u00edmpico de Marrakech (Marrocos), ao alcan\u00e7ar a marca de 8,69 metros, que lhe garantiu [&hellip;]<\/p>\n","protected":false},"author":2,"featured_media":34274,"comment_status":"open","ping_status":"open","sticky":false,"template":"","format":"standard","meta":{"footnotes":""},"categories":[12],"tags":[16098,43,632,16099,16100,16101],"class_list":["post-34273","post","type-post","status-publish","format-standard","has-post-thumbnail","hentry","category-esportes","tag-beth-gomes","tag-esportes","tag-futebol","tag-jogos-paralimpicos","tag-lancamento-de-peso","tag-paradesporto"],"yoast_head":"<!-- This site is optimized with the Yoast SEO plugin v26.5 - https:\/\/yoast.com\/wordpress\/plugins\/seo\/ -->\n<title>Beth Gomes quebra recorde mundial no arremesso de peso classe F52 - Jornal Fatos e Not\u00edcias<\/title>\n<meta name=\"robots\" content=\"index, follow, max-snippet:-1, max-image-preview:large, max-video-preview:-1\" \/>\n<link rel=\"canonical\" href=\"https:\/\/jornalfatosenoticias.com.br\/index.php\/2022\/09\/16\/beth-gomes-quebra-recorde-mundial-no-arremesso-de-peso-classe-f52\/\" \/>\n<meta property=\"og:locale\" content=\"pt_BR\" \/>\n<meta property=\"og:type\" content=\"article\" \/>\n<meta property=\"og:title\" content=\"Beth Gomes quebra recorde mundial no arremesso de peso classe F52 - Jornal Fatos e Not\u00edcias\" \/>\n<meta property=\"og:description\" content=\"Brasileira alcan\u00e7a marca de 8,69 m no Grand Prix de Marrakech A brasileira Beth Gomes quebrou o recorde mundial da prova de arremesso de peso da classe F52 (atletas que competem em cadeiras), nesta quinta-feira (15) no Grand Prix de atletismo paral\u00edmpico de Marrakech (Marrocos), ao alcan\u00e7ar a marca de 8,69 metros, que lhe garantiu [&hellip;]\" \/>\n<meta property=\"og:url\" content=\"https:\/\/jornalfatosenoticias.com.br\/index.php\/2022\/09\/16\/beth-gomes-quebra-recorde-mundial-no-arremesso-de-peso-classe-f52\/\" \/>\n<meta property=\"og:site_name\" content=\"Jornal Fatos e Not\u00edcias\" \/>\n<meta property=\"article:published_time\" content=\"2022-09-16T14:38:37+00:00\" \/>\n<meta property=\"article:modified_time\" content=\"2022-09-16T14:38:39+00:00\" \/>\n<meta property=\"og:image\" content=\"https:\/\/jornalfatosenoticias.com.br\/wp-content\/uploads\/2022\/09\/beth-gomes.jpg\" \/>\n\t<meta property=\"og:image:width\" content=\"1000\" \/>\n\t<meta property=\"og:image:height\" content=\"598\" \/>\n\t<meta property=\"og:image:type\" content=\"image\/jpeg\" \/>\n<meta name=\"author\" content=\"Luzimara Fernandes\" \/>\n<meta name=\"twitter:card\" content=\"summary_large_image\" \/>\n<meta name=\"twitter:label1\" content=\"Escrito por\" \/>\n\t<meta name=\"twitter:data1\" content=\"Luzimara Fernandes\" \/>\n\t<meta name=\"twitter:label2\" content=\"Est. tempo de leitura\" \/>\n\t<meta name=\"twitter:data2\" content=\"1 minuto\" \/>\n<script type=\"application\/ld+json\" class=\"yoast-schema-graph\">{\"@context\":\"https:\/\/schema.org\",\"@graph\":[{\"@type\":\"Article\",\"@id\":\"https:\/\/jornalfatosenoticias.com.br\/index.php\/2022\/09\/16\/beth-gomes-quebra-recorde-mundial-no-arremesso-de-peso-classe-f52\/#article\",\"isPartOf\":{\"@id\":\"https:\/\/jornalfatosenoticias.com.br\/index.php\/2022\/09\/16\/beth-gomes-quebra-recorde-mundial-no-arremesso-de-peso-classe-f52\/\"},\"author\":{\"name\":\"Luzimara Fernandes\",\"@id\":\"https:\/\/jornalfatosenoticias.com.br\/#\/schema\/person\/d63837fa13ac8666eb9e74e0985d6f81\"},\"headline\":\"Beth Gomes quebra recorde mundial no arremesso de peso classe F52\",\"datePublished\":\"2022-09-16T14:38:37+00:00\",\"dateModified\":\"2022-09-16T14:38:39+00:00\",\"mainEntityOfPage\":{\"@id\":\"https:\/\/jornalfatosenoticias.com.br\/index.php\/2022\/09\/16\/beth-gomes-quebra-recorde-mundial-no-arremesso-de-peso-classe-f52\/\"},\"wordCount\":264,\"commentCount\":0,\"publisher\":{\"@id\":\"https:\/\/jornalfatosenoticias.com.br\/#organization\"},\"image\":{\"@id\":\"https:\/\/jornalfatosenoticias.com.br\/index.php\/2022\/09\/16\/beth-gomes-quebra-recorde-mundial-no-arremesso-de-peso-classe-f52\/#primaryimage\"},\"thumbnailUrl\":\"https:\/\/jornalfatosenoticias.com.br\/wp-content\/uploads\/2022\/09\/beth-gomes.jpg\",\"keywords\":[\"Beth Gomes\",\"esportes\",\"futebol\",\"Jogos Paral\u00edmpicos\",\"lan\u00e7amento de peso\",\"Paradesporto\"],\"articleSection\":[\"Esportes\"],\"inLanguage\":\"pt-BR\",\"potentialAction\":[{\"@type\":\"CommentAction\",\"name\":\"Comment\",\"target\":[\"https:\/\/jornalfatosenoticias.com.br\/index.php\/2022\/09\/16\/beth-gomes-quebra-recorde-mundial-no-arremesso-de-peso-classe-f52\/#respond\"]}]},{\"@type\":\"WebPage\",\"@id\":\"https:\/\/jornalfatosenoticias.com.br\/index.php\/2022\/09\/16\/beth-gomes-quebra-recorde-mundial-no-arremesso-de-peso-classe-f52\/\",\"url\":\"https:\/\/jornalfatosenoticias.com.br\/index.php\/2022\/09\/16\/beth-gomes-quebra-recorde-mundial-no-arremesso-de-peso-classe-f52\/\",\"name\":\"Beth Gomes quebra recorde mundial no arremesso de peso classe F52 - Jornal Fatos e Not\u00edcias\",\"isPartOf\":{\"@id\":\"https:\/\/jornalfatosenoticias.com.br\/#website\"},\"primaryImageOfPage\":{\"@id\":\"https:\/\/jornalfatosenoticias.com.br\/index.php\/2022\/09\/16\/beth-gomes-quebra-recorde-mundial-no-arremesso-de-peso-classe-f52\/#primaryimage\"},\"image\":{\"@id\":\"https:\/\/jornalfatosenoticias.com.br\/index.php\/2022\/09\/16\/beth-gomes-quebra-recorde-mundial-no-arremesso-de-peso-classe-f52\/#primaryimage\"},\"thumbnailUrl\":\"https:\/\/jornalfatosenoticias.com.br\/wp-content\/uploads\/2022\/09\/beth-gomes.jpg\",\"datePublished\":\"2022-09-16T14:38:37+00:00\",\"dateModified\":\"2022-09-16T14:38:39+00:00\",\"breadcrumb\":{\"@id\":\"https:\/\/jornalfatosenoticias.com.br\/index.php\/2022\/09\/16\/beth-gomes-quebra-recorde-mundial-no-arremesso-de-peso-classe-f52\/#breadcrumb\"},\"inLanguage\":\"pt-BR\",\"potentialAction\":[{\"@type\":\"ReadAction\",\"target\":[\"https:\/\/jornalfatosenoticias.com.br\/index.php\/2022\/09\/16\/beth-gomes-quebra-recorde-mundial-no-arremesso-de-peso-classe-f52\/\"]}]},{\"@type\":\"ImageObject\",\"inLanguage\":\"pt-BR\",\"@id\":\"https:\/\/jornalfatosenoticias.com.br\/index.php\/2022\/09\/16\/beth-gomes-quebra-recorde-mundial-no-arremesso-de-peso-classe-f52\/#primaryimage\",\"url\":\"https:\/\/jornalfatosenoticias.com.br\/wp-content\/uploads\/2022\/09\/beth-gomes.jpg\",\"contentUrl\":\"https:\/\/jornalfatosenoticias.com.br\/wp-content\/uploads\/2022\/09\/beth-gomes.jpg\",\"width\":1000,\"height\":598,\"caption\":\"14\/11\/2019 - Campeonato Mundial de Atletismo em Dubai, Emirados \u00c1rabes - Lan\u00e7amento de Disco - F53 - Elizabeth Gomes.(Cr\u00e9dito: Daniel Zappe\/Exemplus\/CPB)\"},{\"@type\":\"BreadcrumbList\",\"@id\":\"https:\/\/jornalfatosenoticias.com.br\/index.php\/2022\/09\/16\/beth-gomes-quebra-recorde-mundial-no-arremesso-de-peso-classe-f52\/#breadcrumb\",\"itemListElement\":[{\"@type\":\"ListItem\",\"position\":1,\"name\":\"In\u00edcio\",\"item\":\"https:\/\/jornalfatosenoticias.com.br\/\"},{\"@type\":\"ListItem\",\"position\":2,\"name\":\"Beth Gomes quebra recorde mundial no arremesso de peso classe F52\"}]},{\"@type\":\"WebSite\",\"@id\":\"https:\/\/jornalfatosenoticias.com.br\/#website\",\"url\":\"https:\/\/jornalfatosenoticias.com.br\/\",\"name\":\"Jornal Fatos e Not\u00edcias\",\"description\":\"Not\u00edcias em geral\",\"publisher\":{\"@id\":\"https:\/\/jornalfatosenoticias.com.br\/#organization\"},\"potentialAction\":[{\"@type\":\"SearchAction\",\"target\":{\"@type\":\"EntryPoint\",\"urlTemplate\":\"https:\/\/jornalfatosenoticias.com.br\/?s={search_term_string}\"},\"query-input\":{\"@type\":\"PropertyValueSpecification\",\"valueRequired\":true,\"valueName\":\"search_term_string\"}}],\"inLanguage\":\"pt-BR\"},{\"@type\":\"Organization\",\"@id\":\"https:\/\/jornalfatosenoticias.com.br\/#organization\",\"name\":\"Jornal Fatos e Not\u00edcias\",\"url\":\"https:\/\/jornalfatosenoticias.com.br\/\",\"logo\":{\"@type\":\"ImageObject\",\"inLanguage\":\"pt-BR\",\"@id\":\"https:\/\/jornalfatosenoticias.com.br\/#\/schema\/logo\/image\/\",\"url\":\"https:\/\/jornalfatosenoticias.com.br\/wp-content\/uploads\/2020\/02\/logo120.png\",\"contentUrl\":\"https:\/\/jornalfatosenoticias.com.br\/wp-content\/uploads\/2020\/02\/logo120.png\",\"width\":1227,\"height\":120,\"caption\":\"Jornal Fatos e Not\u00edcias\"},\"image\":{\"@id\":\"https:\/\/jornalfatosenoticias.com.br\/#\/schema\/logo\/image\/\"}},{\"@type\":\"Person\",\"@id\":\"https:\/\/jornalfatosenoticias.com.br\/#\/schema\/person\/d63837fa13ac8666eb9e74e0985d6f81\",\"name\":\"Luzimara Fernandes\",\"image\":{\"@type\":\"ImageObject\",\"inLanguage\":\"pt-BR\",\"@id\":\"https:\/\/jornalfatosenoticias.com.br\/#\/schema\/person\/image\/\",\"url\":\"https:\/\/jornalfatosenoticias.com.br\/wp-content\/uploads\/2025\/05\/EU_portal.jpg\",\"contentUrl\":\"https:\/\/jornalfatosenoticias.com.br\/wp-content\/uploads\/2025\/05\/EU_portal.jpg\",\"caption\":\"Luzimara Fernandes\"},\"description\":\"Jornalista MTB 2358-ES\",\"sameAs\":[\"https:\/\/jornalfatosenoticias.com.br\"],\"url\":\"https:\/\/jornalfatosenoticias.com.br\/index.php\/author\/luzimara\/\"}]}<\/script>\n<!-- \/ Yoast SEO plugin. -->","yoast_head_json":{"title":"Beth Gomes quebra recorde mundial no arremesso de peso classe F52 - Jornal Fatos e Not\u00edcias","robots":{"index":"index","follow":"follow","max-snippet":"max-snippet:-1","max-image-preview":"max-image-preview:large","max-video-preview":"max-video-preview:-1"},"canonical":"https:\/\/jornalfatosenoticias.com.br\/index.php\/2022\/09\/16\/beth-gomes-quebra-recorde-mundial-no-arremesso-de-peso-classe-f52\/","og_locale":"pt_BR","og_type":"article","og_title":"Beth Gomes quebra recorde mundial no arremesso de peso classe F52 - Jornal Fatos e Not\u00edcias","og_description":"Brasileira alcan\u00e7a marca de 8,69 m no Grand Prix de Marrakech A brasileira Beth Gomes quebrou o recorde mundial da prova de arremesso de peso da classe F52 (atletas que competem em cadeiras), nesta quinta-feira (15) no Grand Prix de atletismo paral\u00edmpico de Marrakech (Marrocos), ao alcan\u00e7ar a marca de 8,69 metros, que lhe garantiu [&hellip;]","og_url":"https:\/\/jornalfatosenoticias.com.br\/index.php\/2022\/09\/16\/beth-gomes-quebra-recorde-mundial-no-arremesso-de-peso-classe-f52\/","og_site_name":"Jornal Fatos e Not\u00edcias","article_published_time":"2022-09-16T14:38:37+00:00","article_modified_time":"2022-09-16T14:38:39+00:00","og_image":[{"width":1000,"height":598,"url":"https:\/\/jornalfatosenoticias.com.br\/wp-content\/uploads\/2022\/09\/beth-gomes.jpg","type":"image\/jpeg"}],"author":"Luzimara Fernandes","twitter_card":"summary_large_image","twitter_misc":{"Escrito por":"Luzimara Fernandes","Est. tempo de leitura":"1 minuto"},"schema":{"@context":"https:\/\/schema.org","@graph":[{"@type":"Article","@id":"https:\/\/jornalfatosenoticias.com.br\/index.php\/2022\/09\/16\/beth-gomes-quebra-recorde-mundial-no-arremesso-de-peso-classe-f52\/#article","isPartOf":{"@id":"https:\/\/jornalfatosenoticias.com.br\/index.php\/2022\/09\/16\/beth-gomes-quebra-recorde-mundial-no-arremesso-de-peso-classe-f52\/"},"author":{"name":"Luzimara Fernandes","@id":"https:\/\/jornalfatosenoticias.com.br\/#\/schema\/person\/d63837fa13ac8666eb9e74e0985d6f81"},"headline":"Beth Gomes quebra recorde mundial no arremesso de peso classe F52","datePublished":"2022-09-16T14:38:37+00:00","dateModified":"2022-09-16T14:38:39+00:00","mainEntityOfPage":{"@id":"https:\/\/jornalfatosenoticias.com.br\/index.php\/2022\/09\/16\/beth-gomes-quebra-recorde-mundial-no-arremesso-de-peso-classe-f52\/"},"wordCount":264,"commentCount":0,"publisher":{"@id":"https:\/\/jornalfatosenoticias.com.br\/#organization"},"image":{"@id":"https:\/\/jornalfatosenoticias.com.br\/index.php\/2022\/09\/16\/beth-gomes-quebra-recorde-mundial-no-arremesso-de-peso-classe-f52\/#primaryimage"},"thumbnailUrl":"https:\/\/jornalfatosenoticias.com.br\/wp-content\/uploads\/2022\/09\/beth-gomes.jpg","keywords":["Beth Gomes","esportes","futebol","Jogos Paral\u00edmpicos","lan\u00e7amento de peso","Paradesporto"],"articleSection":["Esportes"],"inLanguage":"pt-BR","potentialAction":[{"@type":"CommentAction","name":"Comment","target":["https:\/\/jornalfatosenoticias.com.br\/index.php\/2022\/09\/16\/beth-gomes-quebra-recorde-mundial-no-arremesso-de-peso-classe-f52\/#respond"]}]},{"@type":"WebPage","@id":"https:\/\/jornalfatosenoticias.com.br\/index.php\/2022\/09\/16\/beth-gomes-quebra-recorde-mundial-no-arremesso-de-peso-classe-f52\/","url":"https:\/\/jornalfatosenoticias.com.br\/index.php\/2022\/09\/16\/beth-gomes-quebra-recorde-mundial-no-arremesso-de-peso-classe-f52\/","name":"Beth Gomes quebra recorde mundial no arremesso de peso classe F52 - Jornal Fatos e Not\u00edcias","isPartOf":{"@id":"https:\/\/jornalfatosenoticias.com.br\/#website"},"primaryImageOfPage":{"@id":"https:\/\/jornalfatosenoticias.com.br\/index.php\/2022\/09\/16\/beth-gomes-quebra-recorde-mundial-no-arremesso-de-peso-classe-f52\/#primaryimage"},"image":{"@id":"https:\/\/jornalfatosenoticias.com.br\/index.php\/2022\/09\/16\/beth-gomes-quebra-recorde-mundial-no-arremesso-de-peso-classe-f52\/#primaryimage"},"thumbnailUrl":"https:\/\/jornalfatosenoticias.com.br\/wp-content\/uploads\/2022\/09\/beth-gomes.jpg","datePublished":"2022-09-16T14:38:37+00:00","dateModified":"2022-09-16T14:38:39+00:00","breadcrumb":{"@id":"https:\/\/jornalfatosenoticias.com.br\/index.php\/2022\/09\/16\/beth-gomes-quebra-recorde-mundial-no-arremesso-de-peso-classe-f52\/#breadcrumb"},"inLanguage":"pt-BR","potentialAction":[{"@type":"ReadAction","target":["https:\/\/jornalfatosenoticias.com.br\/index.php\/2022\/09\/16\/beth-gomes-quebra-recorde-mundial-no-arremesso-de-peso-classe-f52\/"]}]},{"@type":"ImageObject","inLanguage":"pt-BR","@id":"https:\/\/jornalfatosenoticias.com.br\/index.php\/2022\/09\/16\/beth-gomes-quebra-recorde-mundial-no-arremesso-de-peso-classe-f52\/#primaryimage","url":"https:\/\/jornalfatosenoticias.com.br\/wp-content\/uploads\/2022\/09\/beth-gomes.jpg","contentUrl":"https:\/\/jornalfatosenoticias.com.br\/wp-content\/uploads\/2022\/09\/beth-gomes.jpg","width":1000,"height":598,"caption":"14\/11\/2019 - Campeonato Mundial de Atletismo em Dubai, Emirados \u00c1rabes - Lan\u00e7amento de Disco - F53 - Elizabeth Gomes.(Cr\u00e9dito: Daniel Zappe\/Exemplus\/CPB)"},{"@type":"BreadcrumbList","@id":"https:\/\/jornalfatosenoticias.com.br\/index.php\/2022\/09\/16\/beth-gomes-quebra-recorde-mundial-no-arremesso-de-peso-classe-f52\/#breadcrumb","itemListElement":[{"@type":"ListItem","position":1,"name":"In\u00edcio","item":"https:\/\/jornalfatosenoticias.com.br\/"},{"@type":"ListItem","position":2,"name":"Beth Gomes quebra recorde mundial no arremesso de peso classe F52"}]},{"@type":"WebSite","@id":"https:\/\/jornalfatosenoticias.com.br\/#website","url":"https:\/\/jornalfatosenoticias.com.br\/","name":"Jornal Fatos e Not\u00edcias","description":"Not\u00edcias em geral","publisher":{"@id":"https:\/\/jornalfatosenoticias.com.br\/#organization"},"potentialAction":[{"@type":"SearchAction","target":{"@type":"EntryPoint","urlTemplate":"https:\/\/jornalfatosenoticias.com.br\/?s={search_term_string}"},"query-input":{"@type":"PropertyValueSpecification","valueRequired":true,"valueName":"search_term_string"}}],"inLanguage":"pt-BR"},{"@type":"Organization","@id":"https:\/\/jornalfatosenoticias.com.br\/#organization","name":"Jornal Fatos e Not\u00edcias","url":"https:\/\/jornalfatosenoticias.com.br\/","logo":{"@type":"ImageObject","inLanguage":"pt-BR","@id":"https:\/\/jornalfatosenoticias.com.br\/#\/schema\/logo\/image\/","url":"https:\/\/jornalfatosenoticias.com.br\/wp-content\/uploads\/2020\/02\/logo120.png","contentUrl":"https:\/\/jornalfatosenoticias.com.br\/wp-content\/uploads\/2020\/02\/logo120.png","width":1227,"height":120,"caption":"Jornal Fatos e Not\u00edcias"},"image":{"@id":"https:\/\/jornalfatosenoticias.com.br\/#\/schema\/logo\/image\/"}},{"@type":"Person","@id":"https:\/\/jornalfatosenoticias.com.br\/#\/schema\/person\/d63837fa13ac8666eb9e74e0985d6f81","name":"Luzimara Fernandes","image":{"@type":"ImageObject","inLanguage":"pt-BR","@id":"https:\/\/jornalfatosenoticias.com.br\/#\/schema\/person\/image\/","url":"https:\/\/jornalfatosenoticias.com.br\/wp-content\/uploads\/2025\/05\/EU_portal.jpg","contentUrl":"https:\/\/jornalfatosenoticias.com.br\/wp-content\/uploads\/2025\/05\/EU_portal.jpg","caption":"Luzimara Fernandes"},"description":"Jornalista MTB 2358-ES","sameAs":["https:\/\/jornalfatosenoticias.com.br"],"url":"https:\/\/jornalfatosenoticias.com.br\/index.php\/author\/luzimara\/"}]}},"cc_featured_image_caption":{"caption_text":"","source_text":"","source_url":""},"jetpack_featured_media_url":"https:\/\/jornalfatosenoticias.com.br\/wp-content\/uploads\/2022\/09\/beth-gomes.jpg","_links":{"self":[{"href":"https:\/\/jornalfatosenoticias.com.br\/index.php\/wp-json\/wp\/v2\/posts\/34273","targetHints":{"allow":["GET"]}}],"collection":[{"href":"https:\/\/jornalfatosenoticias.com.br\/index.php\/wp-json\/wp\/v2\/posts"}],"about":[{"href":"https:\/\/jornalfatosenoticias.com.br\/index.php\/wp-json\/wp\/v2\/types\/post"}],"author":[{"embeddable":true,"href":"https:\/\/jornalfatosenoticias.com.br\/index.php\/wp-json\/wp\/v2\/users\/2"}],"replies":[{"embeddable":true,"href":"https:\/\/jornalfatosenoticias.com.br\/index.php\/wp-json\/wp\/v2\/comments?post=34273"}],"version-history":[{"count":0,"href":"https:\/\/jornalfatosenoticias.com.br\/index.php\/wp-json\/wp\/v2\/posts\/34273\/revisions"}],"wp:featuredmedia":[{"embeddable":true,"href":"https:\/\/jornalfatosenoticias.com.br\/index.php\/wp-json\/wp\/v2\/media\/34274"}],"wp:attachment":[{"href":"https:\/\/jornalfatosenoticias.com.br\/index.php\/wp-json\/wp\/v2\/media?parent=34273"}],"wp:term":[{"taxonomy":"category","embeddable":true,"href":"https:\/\/jornalfatosenoticias.com.br\/index.php\/wp-json\/wp\/v2\/categories?post=34273"},{"taxonomy":"post_tag","embeddable":true,"href":"https:\/\/jornalfatosenoticias.com.br\/index.php\/wp-json\/wp\/v2\/tags?post=34273"}],"curies":[{"name":"wp","href":"https:\/\/api.w.org\/{rel}","templated":true}]}}